{"id":2031,"date":"2018-02-27T00:36:23","date_gmt":"2018-02-26T23:36:23","guid":{"rendered":"http:\/\/www.proof.de\/?p=2031"},"modified":"2020-05-08T11:38:39","modified_gmt":"2020-05-08T09:38:39","slug":"din-spec-business-plan-open-colour-communication-published","status":"publish","type":"post","link":"https:\/\/blog.proofs.de\/cs\/din-spec-geschaeftsplan-offene-farbkommunikation-veroeffentlicht\/","title":{"rendered":"Zve\u0159ejn\u011bn\u00ed obchodn\u00edho pl\u00e1nu DIN SPEC \"Otev\u0159en\u00e1 barevn\u00e1 komunikace\""},"content":{"rendered":"<div class=\"kk-star-ratings kksr-auto kksr-align-right kksr-valign-top\" data-payload='{\"align\":\"right\",\"id\":\"2031\",\"slug\":\"default\",\"valign\":\"top\",\"ignore\":\"\",\"reference\":\"auto\",\"class\":\"\",\"count\":\"0\",\"legendonly\":\"\",\"readonly\":\"\",\"score\":\"0\",\"starsonly\":\"\",\"best\":\"5\",\"gap\":\"5\",\"greet\":\"Jetzt bewerten\",\"legend\":\"0\\\/5 - (0 votes)\",\"size\":\"24\",\"title\":\"DIN SPEC Gesch&auml;ftsplan \\u0026quot;Offene Farbkommunikation\\u0026quot; ver&ouml;ffentlicht\",\"width\":\"0\",\"_legend\":\"{score}\\\/{best} - ({count} {votes})\",\"font_factor\":\"1.25\"}'>\n            \n<div class=\"kksr-stars\">\n    \n<div class=\"kksr-stars-inactive\">\n            <div class=\"kksr-star\" data-star=\"1\" style=\"padding-right: 5px\">\n            \n\n<div class=\"kksr-icon\" style=\"width: 24px; height: 24px;\"><\/div>\n        <\/div>\n            <div class=\"kksr-star\" data-star=\"2\" style=\"padding-right: 5px\">\n            \n\n<div class=\"kksr-icon\" style=\"width: 24px; height: 24px;\"><\/div>\n        <\/div>\n            <div class=\"kksr-star\" data-star=\"3\" style=\"padding-right: 5px\">\n            \n\n<div class=\"kksr-icon\" style=\"width: 24px; height: 24px;\"><\/div>\n        <\/div>\n            <div class=\"kksr-star\" data-star=\"4\" style=\"padding-right: 5px\">\n            \n\n<div class=\"kksr-icon\" style=\"width: 24px; height: 24px;\"><\/div>\n        <\/div>\n            <div class=\"kksr-star\" data-star=\"5\" style=\"padding-right: 5px\">\n            \n\n<div class=\"kksr-icon\" style=\"width: 24px; height: 24px;\"><\/div>\n        <\/div>\n    <\/div>\n    \n<div class=\"kksr-stars-active\" style=\"width: 0px;\">\n            <div class=\"kksr-star\" style=\"padding-right: 5px\">\n            \n\n<div class=\"kksr-icon\" style=\"width: 24px; height: 24px;\"><\/div>\n        <\/div>\n            <div class=\"kksr-star\" style=\"padding-right: 5px\">\n            \n\n<div class=\"kksr-icon\" style=\"width: 24px; height: 24px;\"><\/div>\n        <\/div>\n            <div class=\"kksr-star\" style=\"padding-right: 5px\">\n            \n\n<div class=\"kksr-icon\" style=\"width: 24px; height: 24px;\"><\/div>\n        <\/div>\n            <div class=\"kksr-star\" style=\"padding-right: 5px\">\n            \n\n<div class=\"kksr-icon\" style=\"width: 24px; height: 24px;\"><\/div>\n        <\/div>\n            <div class=\"kksr-star\" style=\"padding-right: 5px\">\n            \n\n<div class=\"kksr-icon\" style=\"width: 24px; height: 24px;\"><\/div>\n        <\/div>\n    <\/div>\n<\/div>\n                \n\n<div class=\"kksr-legend\" style=\"font-size: 19.2px;\">\n            <span class=\"kksr-muted\">Hodnotit nyn\u00ed<\/span>\n    <\/div>\n    <\/div>\n<p>V sou\u010dasn\u00e9 dob\u011b je n\u00e1\u0161 podnikatelsk\u00fd pl\u00e1n freieFarbe e.V. DIN SPEC zve\u0159ejn\u011bn na webov\u00fdch str\u00e1nk\u00e1ch DIN k p\u0159ipom\u00ednkov\u00e1n\u00ed po dobu 4 t\u00fddn\u016f od 19.2.2018 do 19.3.2018.<\/p>\n<p><a href=\"https:\/\/www.din.de\/de\/forschung-und-innovation\/din-spec\/alle-geschaeftsplaene\"><img loading=\"lazy\" decoding=\"async\" class=\"alignright wp-image-2032 size-medium\" title=\"DIN SPEC 16699 Otev\u0159en\u00e1 barevn\u00e1 komunikace\" src=\"https:\/\/blog1.proofen.de\/wp-content\/uploads\/2018\/02\/Bildschirmfoto-2018-02-25-um-01.01.13-300x75.png\" alt=\"DIN SPEC 16699 Otev\u0159en\u00e1 barevn\u00e1 komunikace\" width=\"300\" height=\"75\" srcset=\"https:\/\/blog.proofs.de\/wp-content\/uploads\/2018\/02\/Bildschirmfoto-2018-02-25-um-01.01.13-300x75.png 300w, https:\/\/blog.proofs.de\/wp-content\/uploads\/2018\/02\/Bildschirmfoto-2018-02-25-um-01.01.13-768x193.png 768w, https:\/\/blog.proofs.de\/wp-content\/uploads\/2018\/02\/Bildschirmfoto-2018-02-25-um-01.01.13-500x126.png 500w, https:\/\/blog.proofs.de\/wp-content\/uploads\/2018\/02\/Bildschirmfoto-2018-02-25-um-01.01.13.png 946w\" sizes=\"auto, (max-width: 300px) 100vw, 300px\"><\/a>V tomto \u010dl\u00e1nku DIN SPEC p\u0159edstav\u00edme pracovn\u00ed n\u00e1stroje a postupy pro otev\u0159enou a jednozna\u010dnou komunikaci o barv\u00e1ch od n\u00e1vrhu a\u017e po hotov\u00fd v\u00fdrobek na z\u00e1klad\u011b <a href=\"https:\/\/blog.proofs.de\/cs\/lexikon\/cielab\/\" target=\"_self\" title=\"Barevn\u00fd model CIELAB byl definov\u00e1n v roce 1976 Mezin\u00e1rodn\u00ed komis\u00ed pro osv\u011btlov\u00e1n\u00ed a popisuje v\u0161echny vn\u00edmateln\u00e9 barvy. Jedn\u00e1 se o dal\u0161\u00ed v\u00fdvoj barevn\u00e9 stupnice Hunter-LAB z roku 1966 a o matematick\u00fd barevn\u00fd model, v n\u011bm\u017e jsou vz\u00e1jemn\u011b kompenzov\u00e1ny spektr\u00e1ln\u00ed vlastnosti objektu a vjemov\u00e9 vlastnosti na\u0161eho zrakov\u00e9ho syst\u00e9mu. CIELAB, zkr\u00e1cen\u011b LAB, se dodnes hojn\u011b pou\u017e\u00edv\u00e1...\" class=\"encyclopedia\">CIELAB<\/a> barevn\u00e9 hodnoty, fyzik\u00e1ln\u00ed vzory podle ISO12647-7 a spektr\u00e1ln\u00ed \u00fadaje ve form\u00e1tu <a href=\"https:\/\/blog.proofs.de\/cs\/lexikon\/cxf\/\" target=\"_self\" title='CxF je zkratka pro &quot;Color Exchange Format&quot;, otev\u0159en\u00fd form\u00e1t XML pro v\u00fdm\u011bnu barevn\u00fdch informac\u00ed.' class=\"encyclopedia\">CxF<\/a>3 Form\u00e1t podle ISO 17972 d<a href=\"https:\/\/blog.proofs.de\/cs\/lexikon\/efi\/\" target=\"_self\" title=\"Electronics For Imaging Inc., zkr\u00e1cen\u011b EFI, je americk\u00e1 spole\u010dnost a v\u00fdrobce jednoho z p\u0159edn\u00edch sv\u011btov\u00fdch n\u00e1tiskov\u00fdch syst\u00e9m\u016f: EFI Colorproof XF, od roku 2013: Fiery XF. EFI je dodavatelem \u0159e\u0161en\u00ed pro velk\u00e9 tiskov\u00e9 syst\u00e9my, RIPy a \u0159e\u0161en\u00ed pro spr\u00e1vu barev, jako je nap\u0159\u00edklad proofing.\" class=\"encyclopedia\">efi<\/a>nate.<\/p>\n<p>Norma DIN SPEC popisuje jak zp\u016fsob vytv\u00e1\u0159en\u00ed fyzik\u00e1ln\u00edch vzor\u016f, tak spektr\u00e1ln\u00edch dat CxF pro jakoukoli normu CIE.<a href=\"https:\/\/blog.proofs.de\/cs\/lexikon\/lab\/\" target=\"_self\" title=\"CIELAB nebo LAB je matematick\u00fd model barev, kter\u00fd se prosadil v\u0161ude tam, kde je vy\u017eadov\u00e1n p\u0159esn\u00fd v\u00fdpo\u010det barev. Po\u010d\u00edta\u010dov\u00e1 spr\u00e1va barev obvykle funguje prost\u0159ednictv\u00edm CIELAB.\" class=\"encyclopedia\">LAB<\/a>-hodnoty barev podle u\u017eivatele i z\u00e1kladn\u00ed hodnoty otev\u0159en\u00e9 reference<a href=\"https:\/\/blog.proofs.de\/cs\/lexikon\/farbsystem\/\" target=\"_self\" title=\"Barevn\u00fd syst\u00e9m (nebo barevn\u00fd model) je abstraktn\u00ed matematick\u00e1 metoda pro ur\u010den\u00ed a specifikaci barev a jejich vz\u00e1jemn\u00e9ho vztahu. \u010casto se ztoto\u017e\u0148uje s barevn\u00fdm prostorem, kter\u00fd je v\u0161ak konkr\u00e9tn\u00ed aplikac\u00ed barevn\u00e9ho syst\u00e9mu na metodu poskytuj\u00edc\u00ed barvy (tisk\u00e1rna, obrazovka atd.).\" class=\"encyclopedia\">syst\u00e9m barev<\/a>s, kter\u00fd je v r\u00e1mci licence Creative Commons k dispozici v\u0161em u\u017eivatel\u016fm bez licen\u010dn\u00edch poplatk\u016f. Pracovn\u00ed n\u00e1stroje popsan\u00e9 v norm\u011b DIN SPEC jsou vhodn\u00e9 zejm\u00e9na pro \u00falohy, p\u0159i nich\u017e jsou barvy v n\u00e1vrhu definov\u00e1ny nap\u0159\u00ed\u010d r\u016fzn\u00fdmi v\u00fdrobn\u00edmi procesy a sd\u011blov\u00e1ny v\u00fdrobn\u00edm podnik\u016fm prost\u0159ednictv\u00edm fyzick\u00fdch vzork\u016f a spektr\u00e1ln\u00edch dat, p\u0159i\u010dem\u017e postup popsan\u00fd v norm\u011b DIN SPEC m\u00e1 umo\u017enit vytv\u00e1\u0159en\u00ed matn\u00fdch, hedv\u00e1bn\u011b matn\u00fdch a leskl\u00fdch barevn\u00fdch vzork\u016f na uzav\u0159en\u00fdch nestrukturovan\u00fdch ploch\u00e1ch.<\/p>\n<p>DIN Building a DIN Square \u00a9 DINDIN SPEC je sv\u00fdm zp\u016fsobem mlad\u0161\u00ed bratr normy DIN. DIN p\u00ed\u0161e: \"DIN SPEC je vysoce \u00fa\u010dinn\u00fd marketingov\u00fd n\u00e1stroj, kter\u00fd d\u00edky uzn\u00e1van\u00e9 zna\u010dce DIN zaji\u0161\u0165uje velk\u00e9 p\u0159ijet\u00ed mezi z\u00e1kazn\u00edky a partnery. DIN db\u00e1 na to, aby DIN SPEC nekolidoval s existuj\u00edc\u00edmi normami, a vyd\u00e1v\u00e1 normy, a to i na mezin\u00e1rodn\u00ed \u00farovni. DIN SPEC m\u016f\u017ee b\u00fdt z\u00e1kladem pro normu DIN.\"<\/p>\n<p>Ve spole\u010dnosti freieFarbe e.V. bychom r\u00e1di vyu\u017eili normu DIN SPEC 16699 \"Otev\u0159en\u00e1 barevn\u00e1 komunikace\", abychom uk\u00e1zali, \u017ee s otev\u0159en\u00fdmi n\u00e1stroji a procesy, jako\u017e i licencemi Creative Commons, zejm\u00e9na standardem CIELAB, lze dos\u00e1hnout <a href=\"https:\/\/blog.proofs.de\/cs\/lexikon\/icc\/\" target=\"_self\" title=\"Mezin\u00e1rodn\u00ed konsorcium pro barvy (International Color Consortium, zkr\u00e1cen\u011b ICC) je mezin\u00e1rodn\u00ed v\u00fdbor odpov\u011bdn\u00fd za standardizaci barevn\u00fdch profil\u016f.&nbsp;\" class=\"encyclopedia\">ICC<\/a>-na adrese . <a href=\"https:\/\/blog.proofs.de\/cs\/lexikon\/farbmanagement\/\" target=\"_self\" title=\"C\u00edlem spr\u00e1vy barev je zajistit co nejpodobn\u011bj\u0161\u00ed reprodukci barev na r\u016fzn\u00fdch za\u0159\u00edzen\u00edch, jako jsou fotoapar\u00e1ty, skenery, monitory, laserov\u00e9, inkoustov\u00e9 a ofsetov\u00e9 tisk\u00e1rny a mnoho dal\u0161\u00edch.\" class=\"encyclopedia\">Spr\u00e1va barev<\/a> a normy ISO pro spektr\u00e1ln\u00ed data, je mo\u017en\u00e1 barevn\u00e1 komunikace na profesion\u00e1ln\u00ed \u00farovni.<\/p>\n<p><a href=\"http:\/\/www.freiefarbe.de\" target=\"_blank\" rel=\"noopener noreferrer\">V\u00edce informac\u00ed najdete tak\u00e9 na freieFarbe.de.<\/a><\/p>","protected":false},"excerpt":{"rendered":"<p>N\u00e1\u0161 podnikatelsk\u00fd pl\u00e1n freieFarbe e.V. DIN SPEC je v sou\u010dasn\u00e9 dob\u011b zve\u0159ejn\u011bn na webov\u00fdch str\u00e1nk\u00e1ch DIN po dobu 4 t\u00fddn\u016f od 19. \u00fanora 2018 do 19. b\u0159ezna 2018 k p\u0159ipom\u00ednk\u00e1m. V tomto pl\u00e1nu DIN SPEC budeme definovat n\u00e1stroje a postupy pro otev\u0159enou a jednozna\u010dnou komunikaci o barv\u00e1ch od n\u00e1vrhu a\u017e po hotov\u00fd v\u00fdrobek na z\u00e1klad\u011b barevn\u00fdch hodnot CIELAB, fyzick\u00fdch vzork\u016f podle ISO12647-7 a spektr\u00e1ln\u00edch dat ve form\u00e1tu CxF3 podle ISO 17972. DIN SPEC popisuje jak zp\u016fsob vytv\u00e1\u0159en\u00ed fyzick\u00fdch vzork\u016f a spektr\u00e1ln\u00edch dat CxF pro libovoln\u00e9 hodnoty barev CIELAB u\u017eivatelem, tak i z\u00e1kladn\u00ed hodnoty otev\u0159en\u00e9ho referen\u010dn\u00edho syst\u00e9mu barev, kter\u00fd mohou pou\u017e\u00edvat v\u0161ichni u\u017eivatel\u00e9 bez ... <\/p>\n<p class=\"read-more-container\"><a title=\"Zve\u0159ejn\u011bn\u00ed obchodn\u00edho pl\u00e1nu DIN SPEC &quot;Otev\u0159en\u00e1 barevn\u00e1 komunikace&quot;\" class=\"read-more button\" href=\"https:\/\/blog.proofs.de\/cs\/din-spec-geschaeftsplan-offene-farbkommunikation-veroeffentlicht\/#more-2031\" aria-label=\"\u010c\u00edst v\u00edce o DIN SPEC business pl\u00e1n \u201eOpen colour communication\u201c zve\u0159ejn\u011bn\">P\u0159e\u010dt\u011bte si v\u00edce<\/a><\/p>","protected":false},"author":2,"featured_media":2039,"comment_status":"open","ping_status":"open","sticky":false,"template":"","format":"standard","meta":{"om_disable_all_campaigns":false,"inline_featured_image":false,"_monsterinsights_skip_tracking":false,"footnotes":""},"categories":[1],"tags":[714,715,712,713,680],"class_list":["post-2031","post","type-post","status-publish","format-standard","has-post-thumbnail","hentry","category-allgemein","tag-714","tag-din","tag-din-spec","tag-din-spec-16699","tag-freiefarbe-e-v","generate-columns","tablet-grid-50","mobile-grid-100","grid-parent","grid-50","no-featured-image-padding","resize-featured-image"],"aioseo_notices":[],"aioseo_head":"\n\t\t<!-- All in One SEO 5.0.1.1 - aioseo.com -->\n\t<meta name=\"description\" content=\"Aktuell wurde unser freieFarbe e.V. DIN SPEC Gesch\u00e4ftsplan f\u00fcr 4 Wochen vom 19.02.2018 bis zum 19.03.2018 auf der DIN-Webseite zur Kommentierung ver\u00f6ffentlicht.\" \/>\n\t<meta name=\"robots\" content=\"max-image-preview:large\" \/>\n\t<meta name=\"author\" content=\"Matthias Betz\"\/>\n\t<meta name=\"google-site-verification\" content=\"TuXxyRwxcEg2-WfOaQ8vScWQh3-uBAnxXmY7g3GT90A\" \/>\n\t<meta name=\"keywords\" content=\"freiefarbe e.v.,din spec,din spec 16699,16699,din,16699,din,din spec,din spec 16699,freiefarbe e.v.\" \/>\n\t<link rel=\"canonical\" href=\"https:\/\/blog.proofs.de\/cs\/din-spec-geschaeftsplan-offene-farbkommunikation-veroeffentlicht\/\" \/>\n\t<meta name=\"generator\" content=\"All in One SEO (AIOSEO) 5.0.1.1\" \/>\n\n\t\t<meta name=\"seobility\" content=\"593a8578143db71543f014978c690d47\">\n\t\t<meta property=\"og:locale\" content=\"cs_CZ\" \/>\n\t\t<meta property=\"og:site_name\" content=\"Proof.de | Alles zu Proof, Farbmanagement, Grafik, Messtechnik &amp; Co.\" \/>\n\t\t<meta property=\"og:type\" content=\"article\" \/>\n\t\t<meta property=\"og:title\" content=\"DIN SPEC &quot;Offene Farbkommunikation&quot; erschienen | proof.de\" \/>\n\t\t<meta property=\"og:description\" content=\"Aktuell wurde unser freieFarbe e.V. DIN SPEC Gesch\u00e4ftsplan f\u00fcr 4 Wochen vom 19.02.2018 bis zum 19.03.2018 auf der DIN-Webseite zur Kommentierung ver\u00f6ffentlicht.\" \/>\n\t\t<meta property=\"og:url\" content=\"https:\/\/blog.proofs.de\/cs\/din-spec-geschaeftsplan-offene-farbkommunikation-veroeffentlicht\/\" \/>\n\t\t<meta property=\"og:image\" content=\"https:\/\/blog.proofs.de\/wp-content\/uploads\/2018\/02\/DIN_Geb\u00d1ude_DIN-Platz-e1541466353442.jpg\" \/>\n\t\t<meta property=\"og:image:secure_url\" content=\"https:\/\/blog.proofs.de\/wp-content\/uploads\/2018\/02\/DIN_Geb\u00d1ude_DIN-Platz-e1541466353442.jpg\" \/>\n\t\t<meta property=\"og:image:width\" content=\"1000\" \/>\n\t\t<meta property=\"og:image:height\" content=\"667\" \/>\n\t\t<meta property=\"article:published_time\" content=\"2018-02-26T23:36:23+00:00\" \/>\n\t\t<meta property=\"article:modified_time\" content=\"2020-05-08T09:38:39+00:00\" \/>\n\t\t<meta property=\"article:publisher\" content=\"https:\/\/www.facebook.com\/Proof.de\/\" \/>\n\t\t<meta name=\"twitter:card\" content=\"summary\" \/>\n\t\t<meta name=\"twitter:title\" content=\"DIN SPEC &quot;Offene Farbkommunikation&quot; erschienen | proof.de\" \/>\n\t\t<meta name=\"twitter:description\" content=\"Aktuell wurde unser freieFarbe e.V. DIN SPEC Gesch\u00e4ftsplan f\u00fcr 4 Wochen vom 19.02.2018 bis zum 19.03.2018 auf der DIN-Webseite zur Kommentierung ver\u00f6ffentlicht.\" \/>\n\t\t<meta name=\"twitter:image\" content=\"https:\/\/blog1.proofen.de\/wp-content\/uploads\/2020\/04\/proof_background.jpg\" \/>\n\t\t<script type=\"application\/ld+json\" class=\"aioseo-schema\">\n\t\t\t{\"@context\":\"https:\\\/\\\/schema.org\",\"@graph\":[{\"@type\":\"Article\",\"@id\":\"https:\\\/\\\/blog.proofs.de\\\/cs\\\/din-spec-geschaeftsplan-offene-farbkommunikation-veroeffentlicht\\\/#article\",\"name\":\"DIN SPEC \\\"Offene Farbkommunikation\\\" erschienen | proof.de\",\"headline\":\"DIN SPEC Gesch\\u00e4ftsplan &#8222;Offene Farbkommunikation&#8220; ver\\u00f6ffentlicht\",\"author\":{\"@id\":\"https:\\\/\\\/blog.proofs.de\\\/cs\\\/author\\\/mbetz\\\/#author\"},\"publisher\":{\"@id\":\"https:\\\/\\\/blog.proofs.de\\\/cs\\\/#organization\"},\"image\":{\"@type\":\"ImageObject\",\"url\":\"https:\\\/\\\/blog.proofs.de\\\/wp-content\\\/uploads\\\/2018\\\/02\\\/DIN_Geb\\u00d1ude_DIN-Platz-e1541466353442.jpg\",\"width\":1000,\"height\":667,\"caption\":\"Haus der Normung am DIN-Platz in Berlin\"},\"datePublished\":\"2018-02-27T00:36:23+01:00\",\"dateModified\":\"2020-05-08T11:38:39+02:00\",\"inLanguage\":\"cs-CZ\",\"mainEntityOfPage\":{\"@id\":\"https:\\\/\\\/blog.proofs.de\\\/cs\\\/din-spec-geschaeftsplan-offene-farbkommunikation-veroeffentlicht\\\/#webpage\"},\"isPartOf\":{\"@id\":\"https:\\\/\\\/blog.proofs.de\\\/cs\\\/din-spec-geschaeftsplan-offene-farbkommunikation-veroeffentlicht\\\/#webpage\"},\"articleSection\":\"Allgemein, 16699, DIN, DIN SPEC, DIN SPEC 16699, freieFarbe e.V.\"},{\"@type\":\"BreadcrumbList\",\"@id\":\"https:\\\/\\\/blog.proofs.de\\\/cs\\\/din-spec-geschaeftsplan-offene-farbkommunikation-veroeffentlicht\\\/#breadcrumblist\",\"itemListElement\":[{\"@type\":\"ListItem\",\"@id\":\"https:\\\/\\\/blog.proofs.de\\\/cs#listItem\",\"position\":1,\"name\":\"Home\",\"item\":\"https:\\\/\\\/blog.proofs.de\\\/cs\",\"nextItem\":{\"@type\":\"ListItem\",\"@id\":\"https:\\\/\\\/blog.proofs.de\\\/cs\\\/thema\\\/allgemein\\\/#listItem\",\"name\":\"Allgemein\"}},{\"@type\":\"ListItem\",\"@id\":\"https:\\\/\\\/blog.proofs.de\\\/cs\\\/thema\\\/allgemein\\\/#listItem\",\"position\":2,\"name\":\"Allgemein\",\"item\":\"https:\\\/\\\/blog.proofs.de\\\/cs\\\/thema\\\/allgemein\\\/\",\"nextItem\":{\"@type\":\"ListItem\",\"@id\":\"https:\\\/\\\/blog.proofs.de\\\/cs\\\/din-spec-geschaeftsplan-offene-farbkommunikation-veroeffentlicht\\\/#listItem\",\"name\":\"DIN SPEC Gesch\\u00e4ftsplan &#8222;Offene Farbkommunikation&#8220; ver\\u00f6ffentlicht\"},\"previousItem\":{\"@type\":\"ListItem\",\"@id\":\"https:\\\/\\\/blog.proofs.de\\\/cs#listItem\",\"name\":\"Home\"}},{\"@type\":\"ListItem\",\"@id\":\"https:\\\/\\\/blog.proofs.de\\\/cs\\\/din-spec-geschaeftsplan-offene-farbkommunikation-veroeffentlicht\\\/#listItem\",\"position\":3,\"name\":\"DIN SPEC Gesch\\u00e4ftsplan &#8222;Offene Farbkommunikation&#8220; ver\\u00f6ffentlicht\",\"previousItem\":{\"@type\":\"ListItem\",\"@id\":\"https:\\\/\\\/blog.proofs.de\\\/cs\\\/thema\\\/allgemein\\\/#listItem\",\"name\":\"Allgemein\"}}]},{\"@type\":\"Organization\",\"@id\":\"https:\\\/\\\/blog.proofs.de\\\/cs\\\/#organization\",\"name\":\"Proof GmbH\",\"description\":\"Farbverbindlicher Proof, Farbproof, Digitalproof und Online-Proof.\",\"url\":\"https:\\\/\\\/blog.proofs.de\\\/cs\\\/\",\"telephone\":\"+4970717952740\",\"logo\":{\"@type\":\"ImageObject\",\"url\":\"https:\\\/\\\/blog1.proofen.de\\\/wp-content\\\/uploads\\\/2019\\\/09\\\/logo_proof_rgb_mit_balken_250px.png\",\"@id\":\"https:\\\/\\\/blog.proofs.de\\\/cs\\\/din-spec-geschaeftsplan-offene-farbkommunikation-veroeffentlicht\\\/#organizationLogo\"},\"image\":{\"@id\":\"https:\\\/\\\/blog.proofs.de\\\/cs\\\/din-spec-geschaeftsplan-offene-farbkommunikation-veroeffentlicht\\\/#organizationLogo\"},\"sameAs\":[\"https:\\\/\\\/www.facebook.com\\\/Proof.de\\\/\",\"https:\\\/\\\/www.instagram.com\\\/proof.de\\\/\",\"https:\\\/\\\/www.tiktok.com\\\/@proof_de\",\"https:\\\/\\\/www.youtube.com\\\/channel\\\/UCk80fQVQ25wC9wu3SywB-Nw\",\"https:\\\/\\\/www.linkedin.com\\\/company\\\/proof-de\"]},{\"@type\":\"Person\",\"@id\":\"https:\\\/\\\/blog.proofs.de\\\/cs\\\/author\\\/mbetz\\\/#author\",\"url\":\"https:\\\/\\\/blog.proofs.de\\\/cs\\\/author\\\/mbetz\\\/\",\"name\":\"Matthias Betz\",\"image\":{\"@type\":\"ImageObject\",\"@id\":\"https:\\\/\\\/blog.proofs.de\\\/cs\\\/din-spec-geschaeftsplan-offene-farbkommunikation-veroeffentlicht\\\/#authorImage\",\"url\":\"https:\\\/\\\/blog.proofs.de\\\/wp-content\\\/uploads\\\/2020\\\/10\\\/matthias-betz-e1603934518350-150x150.png\",\"width\":96,\"height\":96,\"caption\":\"Matthias Betz\"}},{\"@type\":\"WebPage\",\"@id\":\"https:\\\/\\\/blog.proofs.de\\\/cs\\\/din-spec-geschaeftsplan-offene-farbkommunikation-veroeffentlicht\\\/#webpage\",\"url\":\"https:\\\/\\\/blog.proofs.de\\\/cs\\\/din-spec-geschaeftsplan-offene-farbkommunikation-veroeffentlicht\\\/\",\"name\":\"DIN SPEC \\\"Offene Farbkommunikation\\\" erschienen | proof.de\",\"description\":\"Aktuell wurde unser freieFarbe e.V. DIN SPEC Gesch\\u00e4ftsplan f\\u00fcr 4 Wochen vom 19.02.2018 bis zum 19.03.2018 auf der DIN-Webseite zur Kommentierung ver\\u00f6ffentlicht.\",\"inLanguage\":\"cs-CZ\",\"isPartOf\":{\"@id\":\"https:\\\/\\\/blog.proofs.de\\\/cs\\\/#website\"},\"breadcrumb\":{\"@id\":\"https:\\\/\\\/blog.proofs.de\\\/cs\\\/din-spec-geschaeftsplan-offene-farbkommunikation-veroeffentlicht\\\/#breadcrumblist\"},\"author\":{\"@id\":\"https:\\\/\\\/blog.proofs.de\\\/cs\\\/author\\\/mbetz\\\/#author\"},\"creator\":{\"@id\":\"https:\\\/\\\/blog.proofs.de\\\/cs\\\/author\\\/mbetz\\\/#author\"},\"image\":{\"@type\":\"ImageObject\",\"url\":\"https:\\\/\\\/blog.proofs.de\\\/wp-content\\\/uploads\\\/2018\\\/02\\\/DIN_Geb\\u00d1ude_DIN-Platz-e1541466353442.jpg\",\"@id\":\"https:\\\/\\\/blog.proofs.de\\\/cs\\\/din-spec-geschaeftsplan-offene-farbkommunikation-veroeffentlicht\\\/#mainImage\",\"width\":1000,\"height\":667,\"caption\":\"Haus der Normung am DIN-Platz in Berlin\"},\"primaryImageOfPage\":{\"@id\":\"https:\\\/\\\/blog.proofs.de\\\/cs\\\/din-spec-geschaeftsplan-offene-farbkommunikation-veroeffentlicht\\\/#mainImage\"},\"datePublished\":\"2018-02-27T00:36:23+01:00\",\"dateModified\":\"2020-05-08T11:38:39+02:00\"},{\"@type\":\"WebSite\",\"@id\":\"https:\\\/\\\/blog.proofs.de\\\/cs\\\/#website\",\"url\":\"https:\\\/\\\/blog.proofs.de\\\/cs\\\/\",\"name\":\"Proof.de\",\"description\":\"Farbverbindlicher Proof, Farbproof, Digitalproof und Online-Proof.\",\"inLanguage\":\"cs-CZ\",\"publisher\":{\"@id\":\"https:\\\/\\\/blog.proofs.de\\\/cs\\\/#organization\"}}]}\n\t\t<\/script>\n\t\t<!-- All in One SEO -->\n\n","aioseo_head_json":{"title":"DIN SPEC \"Otev\u0159en\u00e1 barevn\u00e1 komunikace\" | proof.de","description":"V sou\u010dasn\u00e9 dob\u011b je n\u00e1\u0161 podnikatelsk\u00fd pl\u00e1n freieFarbe e.V. DIN SPEC zve\u0159ejn\u011bn na webov\u00fdch str\u00e1nk\u00e1ch DIN k p\u0159ipom\u00ednkov\u00e1n\u00ed po dobu 4 t\u00fddn\u016f od 19.2.2018 do 19.3.2018.","canonical_url":"https:\/\/blog.proofs.de\/cs\/din-spec-geschaeftsplan-offene-farbkommunikation-veroeffentlicht\/","robots":"max-image-preview:large","keywords":"freiefarbe e.v.,din spec,din spec 16699,16699,din,16699,din,din spec,din spec 16699,freiefarbe e.v.","webmasterTools":{"google-site-verification":"TuXxyRwxcEg2-WfOaQ8vScWQh3-uBAnxXmY7g3GT90A","miscellaneous":"&lt;meta name=\"seobility\" content=\"593a8578143db71543f014978c690d47\"&gt;"},"schema":{"@context":"https:\/\/schema.org","@graph":[{"@type":"Article","@id":"https:\/\/blog.proofs.de\/cs\/din-spec-geschaeftsplan-offene-farbkommunikation-veroeffentlicht\/#article","name":"DIN SPEC \"Offene Farbkommunikation\" erschienen | proof.de","headline":"DIN SPEC Gesch\u00e4ftsplan &#8222;Offene Farbkommunikation&#8220; ver\u00f6ffentlicht","author":{"@id":"https:\/\/blog.proofs.de\/cs\/author\/mbetz\/#author"},"publisher":{"@id":"https:\/\/blog.proofs.de\/cs\/#organization"},"image":{"@type":"ImageObject","url":"https:\/\/blog.proofs.de\/wp-content\/uploads\/2018\/02\/DIN_Geb\u00d1ude_DIN-Platz-e1541466353442.jpg","width":1000,"height":667,"caption":"Haus der Normung am DIN-Platz in Berlin"},"datePublished":"2018-02-27T00:36:23+01:00","dateModified":"2020-05-08T11:38:39+02:00","inLanguage":"cs-CZ","mainEntityOfPage":{"@id":"https:\/\/blog.proofs.de\/cs\/din-spec-geschaeftsplan-offene-farbkommunikation-veroeffentlicht\/#webpage"},"isPartOf":{"@id":"https:\/\/blog.proofs.de\/cs\/din-spec-geschaeftsplan-offene-farbkommunikation-veroeffentlicht\/#webpage"},"articleSection":"Allgemein, 16699, DIN, DIN SPEC, DIN SPEC 16699, freieFarbe e.V."},{"@type":"BreadcrumbList","@id":"https:\/\/blog.proofs.de\/cs\/din-spec-geschaeftsplan-offene-farbkommunikation-veroeffentlicht\/#breadcrumblist","itemListElement":[{"@type":"ListItem","@id":"https:\/\/blog.proofs.de\/cs#listItem","position":1,"name":"Home","item":"https:\/\/blog.proofs.de\/cs","nextItem":{"@type":"ListItem","@id":"https:\/\/blog.proofs.de\/cs\/thema\/allgemein\/#listItem","name":"Allgemein"}},{"@type":"ListItem","@id":"https:\/\/blog.proofs.de\/cs\/thema\/allgemein\/#listItem","position":2,"name":"Allgemein","item":"https:\/\/blog.proofs.de\/cs\/thema\/allgemein\/","nextItem":{"@type":"ListItem","@id":"https:\/\/blog.proofs.de\/cs\/din-spec-geschaeftsplan-offene-farbkommunikation-veroeffentlicht\/#listItem","name":"DIN SPEC Gesch\u00e4ftsplan &#8222;Offene Farbkommunikation&#8220; ver\u00f6ffentlicht"},"previousItem":{"@type":"ListItem","@id":"https:\/\/blog.proofs.de\/cs#listItem","name":"Home"}},{"@type":"ListItem","@id":"https:\/\/blog.proofs.de\/cs\/din-spec-geschaeftsplan-offene-farbkommunikation-veroeffentlicht\/#listItem","position":3,"name":"DIN SPEC Gesch\u00e4ftsplan &#8222;Offene Farbkommunikation&#8220; ver\u00f6ffentlicht","previousItem":{"@type":"ListItem","@id":"https:\/\/blog.proofs.de\/cs\/thema\/allgemein\/#listItem","name":"Allgemein"}}]},{"@type":"Organization","@id":"https:\/\/blog.proofs.de\/cs\/#organization","name":"Proof GmbH","description":"Farbverbindlicher Proof, Farbproof, Digitalproof und Online-Proof.","url":"https:\/\/blog.proofs.de\/cs\/","telephone":"+4970717952740","logo":{"@type":"ImageObject","url":"https:\/\/blog1.proofen.de\/wp-content\/uploads\/2019\/09\/logo_proof_rgb_mit_balken_250px.png","@id":"https:\/\/blog.proofs.de\/cs\/din-spec-geschaeftsplan-offene-farbkommunikation-veroeffentlicht\/#organizationLogo"},"image":{"@id":"https:\/\/blog.proofs.de\/cs\/din-spec-geschaeftsplan-offene-farbkommunikation-veroeffentlicht\/#organizationLogo"},"sameAs":["https:\/\/www.facebook.com\/Proof.de\/","https:\/\/www.instagram.com\/proof.de\/","https:\/\/www.tiktok.com\/@proof_de","https:\/\/www.youtube.com\/channel\/UCk80fQVQ25wC9wu3SywB-Nw","https:\/\/www.linkedin.com\/company\/proof-de"]},{"@type":"Person","@id":"https:\/\/blog.proofs.de\/cs\/author\/mbetz\/#author","url":"https:\/\/blog.proofs.de\/cs\/author\/mbetz\/","name":"Matthias Betz","image":{"@type":"ImageObject","@id":"https:\/\/blog.proofs.de\/cs\/din-spec-geschaeftsplan-offene-farbkommunikation-veroeffentlicht\/#authorImage","url":"https:\/\/blog.proofs.de\/wp-content\/uploads\/2020\/10\/matthias-betz-e1603934518350-150x150.png","width":96,"height":96,"caption":"Matthias Betz"}},{"@type":"WebPage","@id":"https:\/\/blog.proofs.de\/cs\/din-spec-geschaeftsplan-offene-farbkommunikation-veroeffentlicht\/#webpage","url":"https:\/\/blog.proofs.de\/cs\/din-spec-geschaeftsplan-offene-farbkommunikation-veroeffentlicht\/","name":"DIN SPEC \"Offene Farbkommunikation\" erschienen | proof.de","description":"Aktuell wurde unser freieFarbe e.V. DIN SPEC Gesch\u00e4ftsplan f\u00fcr 4 Wochen vom 19.02.2018 bis zum 19.03.2018 auf der DIN-Webseite zur Kommentierung ver\u00f6ffentlicht.","inLanguage":"cs-CZ","isPartOf":{"@id":"https:\/\/blog.proofs.de\/cs\/#website"},"breadcrumb":{"@id":"https:\/\/blog.proofs.de\/cs\/din-spec-geschaeftsplan-offene-farbkommunikation-veroeffentlicht\/#breadcrumblist"},"author":{"@id":"https:\/\/blog.proofs.de\/cs\/author\/mbetz\/#author"},"creator":{"@id":"https:\/\/blog.proofs.de\/cs\/author\/mbetz\/#author"},"image":{"@type":"ImageObject","url":"https:\/\/blog.proofs.de\/wp-content\/uploads\/2018\/02\/DIN_Geb\u00d1ude_DIN-Platz-e1541466353442.jpg","@id":"https:\/\/blog.proofs.de\/cs\/din-spec-geschaeftsplan-offene-farbkommunikation-veroeffentlicht\/#mainImage","width":1000,"height":667,"caption":"Haus der Normung am DIN-Platz in Berlin"},"primaryImageOfPage":{"@id":"https:\/\/blog.proofs.de\/cs\/din-spec-geschaeftsplan-offene-farbkommunikation-veroeffentlicht\/#mainImage"},"datePublished":"2018-02-27T00:36:23+01:00","dateModified":"2020-05-08T11:38:39+02:00"},{"@type":"WebSite","@id":"https:\/\/blog.proofs.de\/cs\/#website","url":"https:\/\/blog.proofs.de\/cs\/","name":"Proof.de","description":"Farbverbindlicher Proof, Farbproof, Digitalproof und Online-Proof.","inLanguage":"cs-CZ","publisher":{"@id":"https:\/\/blog.proofs.de\/cs\/#organization"}}]},"og:locale":"cs_CZ","og:site_name":"Proof.de | Alles zu Proof, Farbmanagement, Grafik, Messtechnik &amp; Co.","og:type":"article","og:title":"DIN SPEC &quot;Offene Farbkommunikation&quot; erschienen | proof.de","og:description":"Aktuell wurde unser freieFarbe e.V. DIN SPEC Gesch\u00e4ftsplan f\u00fcr 4 Wochen vom 19.02.2018 bis zum 19.03.2018 auf der DIN-Webseite zur Kommentierung ver\u00f6ffentlicht.","og:url":"https:\/\/blog.proofs.de\/cs\/din-spec-geschaeftsplan-offene-farbkommunikation-veroeffentlicht\/","og:image":"https:\/\/blog.proofs.de\/wp-content\/uploads\/2018\/02\/DIN_Geb\u00d1ude_DIN-Platz-e1541466353442.jpg","og:image:secure_url":"https:\/\/blog.proofs.de\/wp-content\/uploads\/2018\/02\/DIN_Geb\u00d1ude_DIN-Platz-e1541466353442.jpg","og:image:width":1000,"og:image:height":667,"article:published_time":"2018-02-26T23:36:23+00:00","article:modified_time":"2020-05-08T09:38:39+00:00","article:publisher":"https:\/\/www.facebook.com\/Proof.de\/","twitter:card":"summary","twitter:title":"DIN SPEC &quot;Offene Farbkommunikation&quot; erschienen | proof.de","twitter:description":"Aktuell wurde unser freieFarbe e.V. DIN SPEC Gesch\u00e4ftsplan f\u00fcr 4 Wochen vom 19.02.2018 bis zum 19.03.2018 auf der DIN-Webseite zur Kommentierung ver\u00f6ffentlicht.","twitter:image":"https:\/\/blog1.proofen.de\/wp-content\/uploads\/2020\/04\/proof_background.jpg"},"aioseo_meta_data":{"post_id":"2031","title":"Vy\u0161la norma DIN SPEC \"Otev\u0159en\u00e1 komunikace o barv\u00e1ch\" | proof.de","description":"V sou\u010dasn\u00e9 dob\u011b byl n\u00e1\u0161 obchodn\u00ed pl\u00e1n \u201efreieFarbe e.V. DIN SPEC\u201c na obdob\u00ed 4 t\u00fddn\u016f od 19. 2. 2018 do 19. 3. 2018 zve\u0159ejn\u011bn na webov\u00fdch str\u00e1nk\u00e1ch DIN k p\u0159ipom\u00ednk\u00e1m.","keywords":[{"label":"freieFarbe e.V.,DIN SPEC,DIN SPEC 16699,16699,DIN","value":"freieFarbe e.V.,DIN SPEC,DIN SPEC 16699,16699,DIN"}],"keyphrases":null,"primary_term":null,"canonical_url":null,"og_title":null,"og_description":null,"og_object_type":"default","og_image_type":"default","og_image_url":null,"og_image_width":null,"og_image_height":null,"og_image_custom_url":null,"og_image_custom_fields":null,"og_video":null,"og_custom_url":null,"og_article_section":null,"og_article_tags":null,"twitter_use_og":false,"twitter_card":"default","twitter_image_type":"default","twitter_image_url":null,"twitter_image_custom_url":null,"twitter_image_custom_fields":null,"twitter_title":null,"twitter_description":null,"schema":{"blockGraphs":[],"customGraphs":[],"default":{"data":{"Article":[],"Course":[],"Dataset":[],"FAQPage":[],"Movie":[],"Person":[],"Product":[],"ProductReview":[],"Car":[],"Recipe":[],"Service":[],"SoftwareApplication":[],"WebPage":[]},"graphName":"","isEnabled":true},"graphs":[],"defaultGraph":"","defaultPostTypeGraph":""},"schema_type":null,"schema_type_options":null,"pillar_content":false,"robots_default":true,"robots_noindex":false,"robots_noarchive":false,"robots_nosnippet":false,"robots_nofollow":false,"robots_noimageindex":false,"robots_noodp":false,"robots_notranslate":false,"robots_max_snippet":null,"robots_max_videopreview":null,"robots_max_imagepreview":"large","priority":null,"frequency":null,"local_seo":null,"breadcrumb_settings":null,"limit_modified_date":false,"ai":null,"created":"2020-12-21 00:35:00","updated":"2025-06-04 14:22:05","seo_analyzer_scan_date":null,"focus_keyword":null,"additional_keywords":null,"truseo_locale":null},"_links":{"self":[{"href":"https:\/\/blog.proofs.de\/cs\/wp-json\/wp\/v2\/posts\/2031","targetHints":{"allow":["GET"]}}],"collection":[{"href":"https:\/\/blog.proofs.de\/cs\/wp-json\/wp\/v2\/posts"}],"about":[{"href":"https:\/\/blog.proofs.de\/cs\/wp-json\/wp\/v2\/types\/post"}],"author":[{"embeddable":true,"href":"https:\/\/blog.proofs.de\/cs\/wp-json\/wp\/v2\/users\/2"}],"replies":[{"embeddable":true,"href":"https:\/\/blog.proofs.de\/cs\/wp-json\/wp\/v2\/comments?post=2031"}],"version-history":[{"count":9,"href":"https:\/\/blog.proofs.de\/cs\/wp-json\/wp\/v2\/posts\/2031\/revisions"}],"predecessor-version":[{"id":6018,"href":"https:\/\/blog.proofs.de\/cs\/wp-json\/wp\/v2\/posts\/2031\/revisions\/6018"}],"wp:featuredmedia":[{"embeddable":true,"href":"https:\/\/blog.proofs.de\/cs\/wp-json\/wp\/v2\/media\/2039"}],"wp:attachment":[{"href":"https:\/\/blog.proofs.de\/cs\/wp-json\/wp\/v2\/media?parent=2031"}],"wp:term":[{"taxonomy":"category","embeddable":true,"href":"https:\/\/blog.proofs.de\/cs\/wp-json\/wp\/v2\/categories?post=2031"},{"taxonomy":"post_tag","embeddable":true,"href":"https:\/\/blog.proofs.de\/cs\/wp-json\/wp\/v2\/tags?post=2031"}],"curies":[{"name":"wp","href":"https:\/\/api.w.org\/{rel}","templated":true}]}}