{"id":2095,"date":"2018-07-04T02:11:15","date_gmt":"2018-07-04T00:11:15","guid":{"rendered":"http:\/\/www.proof.de\/?p=2095"},"modified":"2020-05-08T02:12:06","modified_gmt":"2020-05-08T00:12:06","slug":"din-spec-16699-open-colour-communication-shortly-beathit-becomes-funny","status":"publish","type":"post","link":"https:\/\/blog.proofs.de\/cs\/din-spec-16699-offene-farbkommunikation-kurz-vor-der-verabschiedung\/","title":{"rendered":"DIN SPEC 16699 \"Otev\u0159en\u00e1 barevn\u00e1 komunikace\", kter\u00e1 m\u00e1 b\u00fdt p\u0159ijata"},"content":{"rendered":"<div class=\"kk-star-ratings kksr-auto kksr-align-right kksr-valign-top\" data-payload='{\"align\":\"right\",\"id\":\"2095\",\"slug\":\"default\",\"valign\":\"top\",\"ignore\":\"\",\"reference\":\"auto\",\"class\":\"\",\"count\":\"0\",\"legendonly\":\"\",\"readonly\":\"\",\"score\":\"0\",\"starsonly\":\"\",\"best\":\"5\",\"gap\":\"5\",\"greet\":\"Jetzt bewerten\",\"legend\":\"0\\\/5 - (0 votes)\",\"size\":\"24\",\"title\":\"DIN SPEC 16699 \\u0026quot;Offene Farbkommunikation\\u0026quot; kurz vor der Verabschiedung\",\"width\":\"0\",\"_legend\":\"{score}\\\/{best} - ({count} {votes})\",\"font_factor\":\"1.25\"}'>\n            \n<div class=\"kksr-stars\">\n    \n<div class=\"kksr-stars-inactive\">\n            <div class=\"kksr-star\" data-star=\"1\" style=\"padding-right: 5px\">\n            \n\n<div class=\"kksr-icon\" style=\"width: 24px; height: 24px;\"><\/div>\n        <\/div>\n            <div class=\"kksr-star\" data-star=\"2\" style=\"padding-right: 5px\">\n            \n\n<div class=\"kksr-icon\" style=\"width: 24px; height: 24px;\"><\/div>\n        <\/div>\n            <div class=\"kksr-star\" data-star=\"3\" style=\"padding-right: 5px\">\n            \n\n<div class=\"kksr-icon\" style=\"width: 24px; height: 24px;\"><\/div>\n        <\/div>\n            <div class=\"kksr-star\" data-star=\"4\" style=\"padding-right: 5px\">\n            \n\n<div class=\"kksr-icon\" style=\"width: 24px; height: 24px;\"><\/div>\n        <\/div>\n            <div class=\"kksr-star\" data-star=\"5\" style=\"padding-right: 5px\">\n            \n\n<div class=\"kksr-icon\" style=\"width: 24px; height: 24px;\"><\/div>\n        <\/div>\n    <\/div>\n    \n<div class=\"kksr-stars-active\" style=\"width: 0px;\">\n            <div class=\"kksr-star\" style=\"padding-right: 5px\">\n            \n\n<div class=\"kksr-icon\" style=\"width: 24px; height: 24px;\"><\/div>\n        <\/div>\n            <div class=\"kksr-star\" style=\"padding-right: 5px\">\n            \n\n<div class=\"kksr-icon\" style=\"width: 24px; height: 24px;\"><\/div>\n        <\/div>\n            <div class=\"kksr-star\" style=\"padding-right: 5px\">\n            \n\n<div class=\"kksr-icon\" style=\"width: 24px; height: 24px;\"><\/div>\n        <\/div>\n            <div class=\"kksr-star\" style=\"padding-right: 5px\">\n            \n\n<div class=\"kksr-icon\" style=\"width: 24px; height: 24px;\"><\/div>\n        <\/div>\n            <div class=\"kksr-star\" style=\"padding-right: 5px\">\n            \n\n<div class=\"kksr-icon\" style=\"width: 24px; height: 24px;\"><\/div>\n        <\/div>\n    <\/div>\n<\/div>\n                \n\n<div class=\"kksr-legend\" style=\"font-size: 19.2px;\">\n            <span class=\"kksr-muted\">Hodnotit nyn\u00ed<\/span>\n    <\/div>\n    <\/div>\n<p><a href=\"https:\/\/blog1.proofen.de\/wp-content\/uploads\/2018\/06\/DIN_SPEC_16699_Offene_Farbkommunikation_Abschlussmeeting_Berlin.jpg\"><img loading=\"lazy\" decoding=\"async\" class=\"aligncenter size-full wp-image-2099\" src=\"https:\/\/blog1.proofen.de\/wp-content\/uploads\/2018\/06\/DIN_SPEC_16699_Offene_Farbkommunikation_Abschlussmeeting_Berlin.jpg\" alt=\"DIN SPEC 16699 Otev\u0159en\u00e1 barevn\u00e1 komunikace Z\u00e1v\u011bre\u010dn\u00e9 zased\u00e1n\u00ed v Berl\u00edn\u011b Matthias Betz, Eric A. Soder, Jan-Peter Homann, Holger Everding\" width=\"1140\" height=\"550\" srcset=\"https:\/\/blog.proofs.de\/wp-content\/uploads\/2018\/06\/DIN_SPEC_16699_Offene_Farbkommunikation_Abschlussmeeting_Berlin.jpg 1140w, https:\/\/blog.proofs.de\/wp-content\/uploads\/2018\/06\/DIN_SPEC_16699_Offene_Farbkommunikation_Abschlussmeeting_Berlin-300x145.jpg 300w, https:\/\/blog.proofs.de\/wp-content\/uploads\/2018\/06\/DIN_SPEC_16699_Offene_Farbkommunikation_Abschlussmeeting_Berlin-768x371.jpg 768w, https:\/\/blog.proofs.de\/wp-content\/uploads\/2018\/06\/DIN_SPEC_16699_Offene_Farbkommunikation_Abschlussmeeting_Berlin-1024x494.jpg 1024w, https:\/\/blog.proofs.de\/wp-content\/uploads\/2018\/06\/DIN_SPEC_16699_Offene_Farbkommunikation_Abschlussmeeting_Berlin-500x241.jpg 500w\" sizes=\"auto, (max-width: 1140px) 100vw, 1140px\"><\/a>Minul\u00e9 pond\u011bl\u00ed u\u010dinili auto\u0159i Jan-Peter Homann, Holger Everding, Eric A. Soder a Matthias Betz na z\u00e1v\u011bre\u010dn\u00e9m setk\u00e1n\u00ed v N\u011bmeck\u00e9m institutu pro normalizaci - DIN v Berl\u00edn\u011b dal\u0161\u00ed miln\u00edk na cest\u011b k otev\u0159en\u00e9 barevn\u00e9 komunikaci: Posledn\u00ed otev\u0159en\u00e9 body normy DIN SPEC 16699 \"Offene Farbkommunikation - Open Colour Communi<a href=\"https:\/\/blog.proofs.de\/cs\/lexikon\/cat\/\" target=\"_self\" title=\"CAT znamen\u00e1 Cromatic Adaption Transform. Chromatick\u00e1 adaptace znamen\u00e1, \u017ee lidsk\u00e9 oko prov\u00e1d\u00ed automatick\u00e9 vyv\u00e1\u017een\u00ed b\u00edl\u00e9. Barva je tak vn\u00edm\u00e1na zcela nez\u00e1visle na teplot\u011b barev.\" class=\"encyclopedia\">cat<\/a>ion\" byly projedn\u00e1ny a schv\u00e1leny. Nyn\u00ed ji\u017e chyb\u00ed pouze anglick\u00e1 verze od Matthiase Betze a Erica A. Sodera a kone\u010dn\u00e1 implementace a schv\u00e1len\u00ed ze strany DIN. O\u010dek\u00e1v\u00e1 se, \u017ee norma DIN SPEC bude k dispozici ke sta\u017een\u00ed v srpnu. Bude k dispozici bezplatn\u011b jako PAS - Publicly Availy<a href=\"https:\/\/blog.proofs.de\/cs\/lexikon\/lab\/\" target=\"_self\" title=\"CIELAB nebo LAB je matematick\u00fd model barev, kter\u00fd se prosadil v\u0161ude tam, kde je vy\u017eadov\u00e1n p\u0159esn\u00fd v\u00fdpo\u010det barev. Po\u010d\u00edta\u010dov\u00e1 spr\u00e1va barev obvykle funguje prost\u0159ednictv\u00edm CIELAB.\" class=\"encyclopedia\">laborato\u0159<\/a>le Sp<a href=\"https:\/\/blog.proofs.de\/cs\/lexikon\/eci\/\" target=\"_self\" title=\"ECI - Evropsk\u00e1 iniciativa pro barvy je skupina odborn\u00edk\u016f zab\u00fdvaj\u00edc\u00ed se zpracov\u00e1n\u00edm barevn\u00fdch dat v publika\u010dn\u00edch syst\u00e9mech.\" class=\"encyclopedia\">eci<\/a>fikace vydan\u00e9 DIN v n\u011bm\u010din\u011b a angli\u010dtin\u011b.<\/p>\n<p>V DIN-SPEC popisujeme rozumn\u00fd postup pro p\u0159esnou komunikaci o barv\u00e1ch a vytv\u00e1\u0159en\u00ed barevn\u00fdch vzork\u016f na z\u00e1klad\u011b otev\u0159en\u00fdch a voln\u011b dostupn\u00fdch standard\u016f, jako jsou nap\u0159. <a href=\"https:\/\/blog.proofs.de\/cs\/lexikon\/cielab\/\" target=\"_self\" title=\"Barevn\u00fd model CIELAB byl definov\u00e1n v roce 1976 Mezin\u00e1rodn\u00ed komis\u00ed pro osv\u011btlov\u00e1n\u00ed a popisuje v\u0161echny vn\u00edmateln\u00e9 barvy. Jedn\u00e1 se o dal\u0161\u00ed v\u00fdvoj barevn\u00e9 stupnice Hunter-LAB z roku 1966 a o matematick\u00fd barevn\u00fd model, v n\u011bm\u017e jsou vz\u00e1jemn\u011b kompenzov\u00e1ny spektr\u00e1ln\u00ed vlastnosti objektu a vjemov\u00e9 vlastnosti na\u0161eho zrakov\u00e9ho syst\u00e9mu. CIELAB, zkr\u00e1cen\u011b LAB, se dodnes hojn\u011b pou\u017e\u00edv\u00e1...\" class=\"encyclopedia\">CIELAB<\/a>, <a href=\"https:\/\/blog.proofs.de\/cs\/lexikon\/hlc\/\" target=\"_self\" title=\"HLC je dob\u0159e srozumitelnou reprezentac\u00ed barevn\u00e9ho prostoru CIELAB. Svisl\u00e1 osa L je zde toto\u017en\u00e1. Horizont\u00e1ln\u00ed poloha barevn\u00e9ho m\u00edsta je ur\u010dena \u00fahlem H v\u016f\u010di kladn\u00e9 ose a (proti sm\u011bru hodinov\u00fdch ru\u010di\u010dek a ve stupn\u00edch) a polom\u011brem C, vzd\u00e1lenost\u00ed od osy L.\" class=\"encyclopedia\">HLC<\/a>, <a href=\"https:\/\/blog.proofs.de\/cs\/lexikon\/icc\/\" target=\"_self\" title=\"Mezin\u00e1rodn\u00ed konsorcium pro barvy (International Color Consortium, zkr\u00e1cen\u011b ICC) je mezin\u00e1rodn\u00ed v\u00fdbor odpov\u011bdn\u00fd za standardizaci barevn\u00fdch profil\u016f.&nbsp;\" class=\"encyclopedia\">ICC<\/a>- a <a href=\"https:\/\/blog.proofs.de\/cs\/lexikon\/cxf\/\" target=\"_self\" title='CxF je zkratka pro &quot;Color Exchange Format&quot;, otev\u0159en\u00fd form\u00e1t XML pro v\u00fdm\u011bnu barevn\u00fdch informac\u00ed.' class=\"encyclopedia\">CXF<\/a>-form\u00e1ty soubor\u016f. Pracujeme s matematick\u00fdmi <a href=\"https:\/\/blog.proofs.de\/cs\/lexikon\/farbmodell\/\" target=\"_self\" title=\"Barevn\u00fd model (nebo barevn\u00fd syst\u00e9m) je abstraktn\u00ed matematick\u00e1 metoda pro ur\u010den\u00ed a specifikaci barev a jejich vz\u00e1jemn\u00e9ho vztahu. \u010casto se ztoto\u017e\u0148uje s barevn\u00fdm prostorem, kter\u00fd je v\u0161ak konkr\u00e9tn\u00ed aplikac\u00ed barevn\u00e9ho modelu na metodu poskytuj\u00edc\u00ed barvy (tisk\u00e1rna, obrazovka atd.).\" class=\"encyclopedia\">Barevn\u00fd model<\/a>C\u00edlem je poskytnout v\u00fdrobc\u016fm barev a poskytovatel\u016fm slu\u017eeb vysoce p\u0159esn\u00e9 vzorky barev a p\u0159esn\u00e1 spektr\u00e1ln\u00ed data, kter\u00e1 jsou sledovateln\u00e1 a pou\u017eiteln\u00e1 v praxi jako z\u00e1klad pro formulaci barev. Nam\u00edsto vz\u00e1jemn\u011b nekompatibiln\u00edch komer\u010dn\u00edch standard\u016f ukazujeme otev\u0159enou, transparentn\u00ed a otev\u0159enou cestu pro vysoce p\u0159esnou komunikaci o barv\u00e1ch.<\/p>\n<p>Krom\u011b DIN SPEC pracujeme na nov\u00fdch projektech a n\u00e1padech a na r\u016fzn\u00fdch nov\u00fdch verz\u00edch na\u0161eho barevn\u00e9ho atlasu freieFarbe CIELAB HLC.<\/p>","protected":false},"excerpt":{"rendered":"<p>Minul\u00e9 pond\u011bl\u00ed u\u010dinili auto\u0159i Jan-Peter Homann, Holger Everding, Eric A. Soder a Matthias Betz na z\u00e1v\u011bre\u010dn\u00e9m setk\u00e1n\u00ed v N\u011bmeck\u00e9m institutu pro normalizaci - DIN v Berl\u00edn\u011b dal\u0161\u00ed miln\u00edk na cest\u011b k otev\u0159en\u00e9 barevn\u00e9 komunikaci: Byly projedn\u00e1ny a schv\u00e1leny posledn\u00ed otev\u0159en\u00e9 body normy DIN SPEC 16699 \"Otev\u0159en\u00e1 barevn\u00e1 komunikace\". Nyn\u00ed ji\u017e chyb\u00ed jen anglick\u00e1 verze od Matthiase Betze a Erica A. Sodera a kone\u010dn\u00e1 implementace a schv\u00e1len\u00ed ze strany DIN. O\u010dek\u00e1v\u00e1 se, \u017ee norma DIN SPEC bude k dispozici ke sta\u017een\u00ed v srpnu. M\u016f\u017eete ... <\/p>\n<p class=\"read-more-container\"><a title=\"DIN SPEC 16699 &quot;Otev\u0159en\u00e1 barevn\u00e1 komunikace&quot;, kter\u00e1 m\u00e1 b\u00fdt p\u0159ijata\" class=\"read-more button\" href=\"https:\/\/blog.proofs.de\/cs\/din-spec-16699-offene-farbkommunikation-kurz-vor-der-verabschiedung\/#more-2095\" aria-label=\"\u010c\u00edst v\u00edce o DIN SPEC 16699 \u201eOtev\u0159en\u00e1 barevn\u00e1 komunikace\u201c kr\u00e1tce p\u0159ed p\u0159ijet\u00edm\">P\u0159e\u010dt\u011bte si v\u00edce<\/a><\/p>","protected":false},"author":2,"featured_media":2194,"comment_status":"open","ping_status":"open","sticky":false,"template":"","format":"standard","meta":{"om_disable_all_campaigns":false,"inline_featured_image":false,"_monsterinsights_skip_tracking":false,"footnotes":""},"categories":[1,120],"tags":[714,751,715,712,746,679,680,747,748,749,750],"class_list":["post-2095","post","type-post","status-publish","format-standard","has-post-thumbnail","hentry","category-allgemein","category-kategorie-proof-gmbh","tag-714","tag-deutsches-institut-fuer-normung","tag-din","tag-din-spec","tag-din-spec-166909","tag-freiefarbe","tag-freiefarbe-e-v","tag-offene-farbkommunikation","tag-open-colour-communication","tag-pas","tag-publicly-available-specification","generate-columns","tablet-grid-50","mobile-grid-100","grid-parent","grid-50","no-featured-image-padding","resize-featured-image"],"aioseo_notices":[],"aioseo_head":"\n\t\t<!-- All in One SEO 5.0.1.1 - aioseo.com -->\n\t<meta name=\"description\" content=\"Am Montag habenJan-Peter Homann, Holger Everding, Eric A. Soder und Matthias Betz beim DIN in Berlin einen Meilenstein f\u00fcr freie Farbkommunikation genommen\" \/>\n\t<meta name=\"robots\" content=\"max-image-preview:large\" \/>\n\t<meta name=\"author\" content=\"Matthias Betz\"\/>\n\t<meta name=\"google-site-verification\" content=\"TuXxyRwxcEg2-WfOaQ8vScWQh3-uBAnxXmY7g3GT90A\" \/>\n\t<meta name=\"keywords\" content=\"16699,deutsches institut f\u00fcr normung,din,din spec,din spec 166909,freiefarbe,freiefarbe e.v.,offene farbkommunikation,open colour communication,pas,publicly available specification\" \/>\n\t<link rel=\"canonical\" href=\"https:\/\/blog.proofs.de\/cs\/din-spec-16699-offene-farbkommunikation-kurz-vor-der-verabschiedung\/\" \/>\n\t<meta name=\"generator\" content=\"All in One SEO (AIOSEO) 5.0.1.1\" \/>\n\n\t\t<meta name=\"seobility\" content=\"593a8578143db71543f014978c690d47\">\n\t\t<meta property=\"og:locale\" content=\"cs_CZ\" \/>\n\t\t<meta property=\"og:site_name\" content=\"Proof.de | Alles zu Proof, Farbmanagement, Grafik, Messtechnik &amp; Co.\" \/>\n\t\t<meta property=\"og:type\" content=\"article\" \/>\n\t\t<meta property=\"og:title\" content=\"DIN SPEC &quot;Offene Farbkommunikation&quot; vor Verabschiedung | proof.de\" \/>\n\t\t<meta property=\"og:description\" content=\"Am Montag habenJan-Peter Homann, Holger Everding, Eric A. Soder und Matthias Betz beim DIN in Berlin einen Meilenstein f\u00fcr freie Farbkommunikation genommen\" \/>\n\t\t<meta property=\"og:url\" content=\"https:\/\/blog.proofs.de\/cs\/din-spec-16699-offene-farbkommunikation-kurz-vor-der-verabschiedung\/\" \/>\n\t\t<meta property=\"og:image\" content=\"https:\/\/blog.proofs.de\/wp-content\/uploads\/2018\/11\/DIN_SPEC_16699_Offene_Farbkommunikation.png\" \/>\n\t\t<meta property=\"og:image:secure_url\" content=\"https:\/\/blog.proofs.de\/wp-content\/uploads\/2018\/11\/DIN_SPEC_16699_Offene_Farbkommunikation.png\" \/>\n\t\t<meta property=\"og:image:width\" content=\"2326\" \/>\n\t\t<meta property=\"og:image:height\" content=\"1540\" \/>\n\t\t<meta property=\"article:published_time\" content=\"2018-07-04T00:11:15+00:00\" \/>\n\t\t<meta property=\"article:modified_time\" content=\"2020-05-08T00:12:06+00:00\" \/>\n\t\t<meta property=\"article:publisher\" content=\"https:\/\/www.facebook.com\/Proof.de\/\" \/>\n\t\t<meta name=\"twitter:card\" content=\"summary\" \/>\n\t\t<meta name=\"twitter:title\" content=\"DIN SPEC &quot;Offene Farbkommunikation&quot; vor Verabschiedung | proof.de\" \/>\n\t\t<meta name=\"twitter:description\" content=\"Am Montag habenJan-Peter Homann, Holger Everding, Eric A. Soder und Matthias Betz beim DIN in Berlin einen Meilenstein f\u00fcr freie Farbkommunikation genommen\" \/>\n\t\t<meta name=\"twitter:image\" content=\"https:\/\/blog1.proofen.de\/wp-content\/uploads\/2020\/04\/proof_background.jpg\" \/>\n\t\t<script type=\"application\/ld+json\" class=\"aioseo-schema\">\n\t\t\t{\"@context\":\"https:\\\/\\\/schema.org\",\"@graph\":[{\"@type\":\"Article\",\"@id\":\"https:\\\/\\\/blog.proofs.de\\\/cs\\\/din-spec-16699-offene-farbkommunikation-kurz-vor-der-verabschiedung\\\/#article\",\"name\":\"DIN SPEC \\\"Offene Farbkommunikation\\\" vor Verabschiedung | proof.de\",\"headline\":\"DIN SPEC 16699 &#8222;Offene Farbkommunikation&#8220; kurz vor der Verabschiedung\",\"author\":{\"@id\":\"https:\\\/\\\/blog.proofs.de\\\/cs\\\/author\\\/mbetz\\\/#author\"},\"publisher\":{\"@id\":\"https:\\\/\\\/blog.proofs.de\\\/cs\\\/#organization\"},\"image\":{\"@type\":\"ImageObject\",\"url\":\"https:\\\/\\\/blog.proofs.de\\\/wp-content\\\/uploads\\\/2018\\\/11\\\/DIN_SPEC_16699_Offene_Farbkommunikation.png\",\"width\":2326,\"height\":1540,\"caption\":\"Vorschau Titel DIN SPEC 16699 Offene Farbkommunikation \\\/ Open Colour Communication\"},\"datePublished\":\"2018-07-04T02:11:15+02:00\",\"dateModified\":\"2020-05-08T02:12:06+02:00\",\"inLanguage\":\"cs-CZ\",\"mainEntityOfPage\":{\"@id\":\"https:\\\/\\\/blog.proofs.de\\\/cs\\\/din-spec-16699-offene-farbkommunikation-kurz-vor-der-verabschiedung\\\/#webpage\"},\"isPartOf\":{\"@id\":\"https:\\\/\\\/blog.proofs.de\\\/cs\\\/din-spec-16699-offene-farbkommunikation-kurz-vor-der-verabschiedung\\\/#webpage\"},\"articleSection\":\"Allgemein, Proof GmbH, 16699, Deutsches Institut f\\u00fcr Normung, DIN, DIN SPEC, DIN SPEC 166909, freieFarbe, freieFarbe e.V., Offene Farbkommunikation, Open Colour Communication, PAS, Publicly Available Specification\"},{\"@type\":\"BreadcrumbList\",\"@id\":\"https:\\\/\\\/blog.proofs.de\\\/cs\\\/din-spec-16699-offene-farbkommunikation-kurz-vor-der-verabschiedung\\\/#breadcrumblist\",\"itemListElement\":[{\"@type\":\"ListItem\",\"@id\":\"https:\\\/\\\/blog.proofs.de\\\/cs#listItem\",\"position\":1,\"name\":\"Home\",\"item\":\"https:\\\/\\\/blog.proofs.de\\\/cs\",\"nextItem\":{\"@type\":\"ListItem\",\"@id\":\"https:\\\/\\\/blog.proofs.de\\\/cs\\\/thema\\\/proof-wissen\\\/#listItem\",\"name\":\"Proof Wissen\"}},{\"@type\":\"ListItem\",\"@id\":\"https:\\\/\\\/blog.proofs.de\\\/cs\\\/thema\\\/proof-wissen\\\/#listItem\",\"position\":2,\"name\":\"Proof Wissen\",\"item\":\"https:\\\/\\\/blog.proofs.de\\\/cs\\\/thema\\\/proof-wissen\\\/\",\"nextItem\":{\"@type\":\"ListItem\",\"@id\":\"https:\\\/\\\/blog.proofs.de\\\/cs\\\/thema\\\/proof-wissen\\\/kategorie-proof-gmbh\\\/#listItem\",\"name\":\"Proof GmbH\"},\"previousItem\":{\"@type\":\"ListItem\",\"@id\":\"https:\\\/\\\/blog.proofs.de\\\/cs#listItem\",\"name\":\"Home\"}},{\"@type\":\"ListItem\",\"@id\":\"https:\\\/\\\/blog.proofs.de\\\/cs\\\/thema\\\/proof-wissen\\\/kategorie-proof-gmbh\\\/#listItem\",\"position\":3,\"name\":\"Proof GmbH\",\"item\":\"https:\\\/\\\/blog.proofs.de\\\/cs\\\/thema\\\/proof-wissen\\\/kategorie-proof-gmbh\\\/\",\"nextItem\":{\"@type\":\"ListItem\",\"@id\":\"https:\\\/\\\/blog.proofs.de\\\/cs\\\/din-spec-16699-offene-farbkommunikation-kurz-vor-der-verabschiedung\\\/#listItem\",\"name\":\"DIN SPEC 16699 &#8222;Offene Farbkommunikation&#8220; kurz vor der Verabschiedung\"},\"previousItem\":{\"@type\":\"ListItem\",\"@id\":\"https:\\\/\\\/blog.proofs.de\\\/cs\\\/thema\\\/proof-wissen\\\/#listItem\",\"name\":\"Proof Wissen\"}},{\"@type\":\"ListItem\",\"@id\":\"https:\\\/\\\/blog.proofs.de\\\/cs\\\/din-spec-16699-offene-farbkommunikation-kurz-vor-der-verabschiedung\\\/#listItem\",\"position\":4,\"name\":\"DIN SPEC 16699 &#8222;Offene Farbkommunikation&#8220; kurz vor der Verabschiedung\",\"previousItem\":{\"@type\":\"ListItem\",\"@id\":\"https:\\\/\\\/blog.proofs.de\\\/cs\\\/thema\\\/proof-wissen\\\/kategorie-proof-gmbh\\\/#listItem\",\"name\":\"Proof GmbH\"}}]},{\"@type\":\"Organization\",\"@id\":\"https:\\\/\\\/blog.proofs.de\\\/cs\\\/#organization\",\"name\":\"Proof GmbH\",\"description\":\"Farbverbindlicher Proof, Farbproof, Digitalproof und Online-Proof.\",\"url\":\"https:\\\/\\\/blog.proofs.de\\\/cs\\\/\",\"telephone\":\"+4970717952740\",\"logo\":{\"@type\":\"ImageObject\",\"url\":\"https:\\\/\\\/blog1.proofen.de\\\/wp-content\\\/uploads\\\/2019\\\/09\\\/logo_proof_rgb_mit_balken_250px.png\",\"@id\":\"https:\\\/\\\/blog.proofs.de\\\/cs\\\/din-spec-16699-offene-farbkommunikation-kurz-vor-der-verabschiedung\\\/#organizationLogo\"},\"image\":{\"@id\":\"https:\\\/\\\/blog.proofs.de\\\/cs\\\/din-spec-16699-offene-farbkommunikation-kurz-vor-der-verabschiedung\\\/#organizationLogo\"},\"sameAs\":[\"https:\\\/\\\/www.facebook.com\\\/Proof.de\\\/\",\"https:\\\/\\\/www.instagram.com\\\/proof.de\\\/\",\"https:\\\/\\\/www.tiktok.com\\\/@proof_de\",\"https:\\\/\\\/www.youtube.com\\\/channel\\\/UCk80fQVQ25wC9wu3SywB-Nw\",\"https:\\\/\\\/www.linkedin.com\\\/company\\\/proof-de\"]},{\"@type\":\"Person\",\"@id\":\"https:\\\/\\\/blog.proofs.de\\\/cs\\\/author\\\/mbetz\\\/#author\",\"url\":\"https:\\\/\\\/blog.proofs.de\\\/cs\\\/author\\\/mbetz\\\/\",\"name\":\"Matthias Betz\",\"image\":{\"@type\":\"ImageObject\",\"@id\":\"https:\\\/\\\/blog.proofs.de\\\/cs\\\/din-spec-16699-offene-farbkommunikation-kurz-vor-der-verabschiedung\\\/#authorImage\",\"url\":\"https:\\\/\\\/blog.proofs.de\\\/wp-content\\\/uploads\\\/2020\\\/10\\\/matthias-betz-e1603934518350-150x150.png\",\"width\":96,\"height\":96,\"caption\":\"Matthias Betz\"}},{\"@type\":\"WebPage\",\"@id\":\"https:\\\/\\\/blog.proofs.de\\\/cs\\\/din-spec-16699-offene-farbkommunikation-kurz-vor-der-verabschiedung\\\/#webpage\",\"url\":\"https:\\\/\\\/blog.proofs.de\\\/cs\\\/din-spec-16699-offene-farbkommunikation-kurz-vor-der-verabschiedung\\\/\",\"name\":\"DIN SPEC \\\"Offene Farbkommunikation\\\" vor Verabschiedung | proof.de\",\"description\":\"Am Montag habenJan-Peter Homann, Holger Everding, Eric A. Soder und Matthias Betz beim DIN in Berlin einen Meilenstein f\\u00fcr freie Farbkommunikation genommen\",\"inLanguage\":\"cs-CZ\",\"isPartOf\":{\"@id\":\"https:\\\/\\\/blog.proofs.de\\\/cs\\\/#website\"},\"breadcrumb\":{\"@id\":\"https:\\\/\\\/blog.proofs.de\\\/cs\\\/din-spec-16699-offene-farbkommunikation-kurz-vor-der-verabschiedung\\\/#breadcrumblist\"},\"author\":{\"@id\":\"https:\\\/\\\/blog.proofs.de\\\/cs\\\/author\\\/mbetz\\\/#author\"},\"creator\":{\"@id\":\"https:\\\/\\\/blog.proofs.de\\\/cs\\\/author\\\/mbetz\\\/#author\"},\"image\":{\"@type\":\"ImageObject\",\"url\":\"https:\\\/\\\/blog.proofs.de\\\/wp-content\\\/uploads\\\/2018\\\/11\\\/DIN_SPEC_16699_Offene_Farbkommunikation.png\",\"@id\":\"https:\\\/\\\/blog.proofs.de\\\/cs\\\/din-spec-16699-offene-farbkommunikation-kurz-vor-der-verabschiedung\\\/#mainImage\",\"width\":2326,\"height\":1540,\"caption\":\"Vorschau Titel DIN SPEC 16699 Offene Farbkommunikation \\\/ Open Colour Communication\"},\"primaryImageOfPage\":{\"@id\":\"https:\\\/\\\/blog.proofs.de\\\/cs\\\/din-spec-16699-offene-farbkommunikation-kurz-vor-der-verabschiedung\\\/#mainImage\"},\"datePublished\":\"2018-07-04T02:11:15+02:00\",\"dateModified\":\"2020-05-08T02:12:06+02:00\"},{\"@type\":\"WebSite\",\"@id\":\"https:\\\/\\\/blog.proofs.de\\\/cs\\\/#website\",\"url\":\"https:\\\/\\\/blog.proofs.de\\\/cs\\\/\",\"name\":\"Proof.de\",\"description\":\"Farbverbindlicher Proof, Farbproof, Digitalproof und Online-Proof.\",\"inLanguage\":\"cs-CZ\",\"publisher\":{\"@id\":\"https:\\\/\\\/blog.proofs.de\\\/cs\\\/#organization\"}}]}\n\t\t<\/script>\n\t\t<!-- All in One SEO -->\n\n","aioseo_head_json":{"title":"DIN SPEC \"Otev\u0159en\u00e1 barevn\u00e1 komunikace\" p\u0159ed p\u0159ijet\u00edm | proof.de","description":"Jan-Peter Homann, Holger Everding, Eric A. Soder a Matthias Betz se v pond\u011bl\u00ed v berl\u00ednsk\u00e9 pobo\u010dce DIN zaslou\u017eili o volnou barevnou komunikaci.","canonical_url":"https:\/\/blog.proofs.de\/cs\/din-spec-16699-offene-farbkommunikation-kurz-vor-der-verabschiedung\/","robots":"max-image-preview:large","keywords":"16699,deutsches institut f\u00fcr normung,din,din spec,din spec 166909,freiefarbe,freiefarbe e.v.,offene farbkommunikation,open colour communication,pas,publicly available specification","webmasterTools":{"google-site-verification":"TuXxyRwxcEg2-WfOaQ8vScWQh3-uBAnxXmY7g3GT90A","miscellaneous":"&lt;meta name=\"seobility\" content=\"593a8578143db71543f014978c690d47\"&gt;"},"schema":{"@context":"https:\/\/schema.org","@graph":[{"@type":"Article","@id":"https:\/\/blog.proofs.de\/cs\/din-spec-16699-offene-farbkommunikation-kurz-vor-der-verabschiedung\/#article","name":"DIN SPEC \"Offene Farbkommunikation\" vor Verabschiedung | proof.de","headline":"DIN SPEC 16699 &#8222;Offene Farbkommunikation&#8220; kurz vor der Verabschiedung","author":{"@id":"https:\/\/blog.proofs.de\/cs\/author\/mbetz\/#author"},"publisher":{"@id":"https:\/\/blog.proofs.de\/cs\/#organization"},"image":{"@type":"ImageObject","url":"https:\/\/blog.proofs.de\/wp-content\/uploads\/2018\/11\/DIN_SPEC_16699_Offene_Farbkommunikation.png","width":2326,"height":1540,"caption":"Vorschau Titel DIN SPEC 16699 Offene Farbkommunikation \/ Open Colour Communication"},"datePublished":"2018-07-04T02:11:15+02:00","dateModified":"2020-05-08T02:12:06+02:00","inLanguage":"cs-CZ","mainEntityOfPage":{"@id":"https:\/\/blog.proofs.de\/cs\/din-spec-16699-offene-farbkommunikation-kurz-vor-der-verabschiedung\/#webpage"},"isPartOf":{"@id":"https:\/\/blog.proofs.de\/cs\/din-spec-16699-offene-farbkommunikation-kurz-vor-der-verabschiedung\/#webpage"},"articleSection":"Allgemein, Proof GmbH, 16699, Deutsches Institut f\u00fcr Normung, DIN, DIN SPEC, DIN SPEC 166909, freieFarbe, freieFarbe e.V., Offene Farbkommunikation, Open Colour Communication, PAS, Publicly Available Specification"},{"@type":"BreadcrumbList","@id":"https:\/\/blog.proofs.de\/cs\/din-spec-16699-offene-farbkommunikation-kurz-vor-der-verabschiedung\/#breadcrumblist","itemListElement":[{"@type":"ListItem","@id":"https:\/\/blog.proofs.de\/cs#listItem","position":1,"name":"Home","item":"https:\/\/blog.proofs.de\/cs","nextItem":{"@type":"ListItem","@id":"https:\/\/blog.proofs.de\/cs\/thema\/proof-wissen\/#listItem","name":"Proof Wissen"}},{"@type":"ListItem","@id":"https:\/\/blog.proofs.de\/cs\/thema\/proof-wissen\/#listItem","position":2,"name":"Proof Wissen","item":"https:\/\/blog.proofs.de\/cs\/thema\/proof-wissen\/","nextItem":{"@type":"ListItem","@id":"https:\/\/blog.proofs.de\/cs\/thema\/proof-wissen\/kategorie-proof-gmbh\/#listItem","name":"Proof GmbH"},"previousItem":{"@type":"ListItem","@id":"https:\/\/blog.proofs.de\/cs#listItem","name":"Home"}},{"@type":"ListItem","@id":"https:\/\/blog.proofs.de\/cs\/thema\/proof-wissen\/kategorie-proof-gmbh\/#listItem","position":3,"name":"Proof GmbH","item":"https:\/\/blog.proofs.de\/cs\/thema\/proof-wissen\/kategorie-proof-gmbh\/","nextItem":{"@type":"ListItem","@id":"https:\/\/blog.proofs.de\/cs\/din-spec-16699-offene-farbkommunikation-kurz-vor-der-verabschiedung\/#listItem","name":"DIN SPEC 16699 &#8222;Offene Farbkommunikation&#8220; kurz vor der Verabschiedung"},"previousItem":{"@type":"ListItem","@id":"https:\/\/blog.proofs.de\/cs\/thema\/proof-wissen\/#listItem","name":"Proof Wissen"}},{"@type":"ListItem","@id":"https:\/\/blog.proofs.de\/cs\/din-spec-16699-offene-farbkommunikation-kurz-vor-der-verabschiedung\/#listItem","position":4,"name":"DIN SPEC 16699 &#8222;Offene Farbkommunikation&#8220; kurz vor der Verabschiedung","previousItem":{"@type":"ListItem","@id":"https:\/\/blog.proofs.de\/cs\/thema\/proof-wissen\/kategorie-proof-gmbh\/#listItem","name":"Proof GmbH"}}]},{"@type":"Organization","@id":"https:\/\/blog.proofs.de\/cs\/#organization","name":"Proof GmbH","description":"Farbverbindlicher Proof, Farbproof, Digitalproof und Online-Proof.","url":"https:\/\/blog.proofs.de\/cs\/","telephone":"+4970717952740","logo":{"@type":"ImageObject","url":"https:\/\/blog1.proofen.de\/wp-content\/uploads\/2019\/09\/logo_proof_rgb_mit_balken_250px.png","@id":"https:\/\/blog.proofs.de\/cs\/din-spec-16699-offene-farbkommunikation-kurz-vor-der-verabschiedung\/#organizationLogo"},"image":{"@id":"https:\/\/blog.proofs.de\/cs\/din-spec-16699-offene-farbkommunikation-kurz-vor-der-verabschiedung\/#organizationLogo"},"sameAs":["https:\/\/www.facebook.com\/Proof.de\/","https:\/\/www.instagram.com\/proof.de\/","https:\/\/www.tiktok.com\/@proof_de","https:\/\/www.youtube.com\/channel\/UCk80fQVQ25wC9wu3SywB-Nw","https:\/\/www.linkedin.com\/company\/proof-de"]},{"@type":"Person","@id":"https:\/\/blog.proofs.de\/cs\/author\/mbetz\/#author","url":"https:\/\/blog.proofs.de\/cs\/author\/mbetz\/","name":"Matthias Betz","image":{"@type":"ImageObject","@id":"https:\/\/blog.proofs.de\/cs\/din-spec-16699-offene-farbkommunikation-kurz-vor-der-verabschiedung\/#authorImage","url":"https:\/\/blog.proofs.de\/wp-content\/uploads\/2020\/10\/matthias-betz-e1603934518350-150x150.png","width":96,"height":96,"caption":"Matthias Betz"}},{"@type":"WebPage","@id":"https:\/\/blog.proofs.de\/cs\/din-spec-16699-offene-farbkommunikation-kurz-vor-der-verabschiedung\/#webpage","url":"https:\/\/blog.proofs.de\/cs\/din-spec-16699-offene-farbkommunikation-kurz-vor-der-verabschiedung\/","name":"DIN SPEC \"Offene Farbkommunikation\" vor Verabschiedung | proof.de","description":"Am Montag habenJan-Peter Homann, Holger Everding, Eric A. Soder und Matthias Betz beim DIN in Berlin einen Meilenstein f\u00fcr freie Farbkommunikation genommen","inLanguage":"cs-CZ","isPartOf":{"@id":"https:\/\/blog.proofs.de\/cs\/#website"},"breadcrumb":{"@id":"https:\/\/blog.proofs.de\/cs\/din-spec-16699-offene-farbkommunikation-kurz-vor-der-verabschiedung\/#breadcrumblist"},"author":{"@id":"https:\/\/blog.proofs.de\/cs\/author\/mbetz\/#author"},"creator":{"@id":"https:\/\/blog.proofs.de\/cs\/author\/mbetz\/#author"},"image":{"@type":"ImageObject","url":"https:\/\/blog.proofs.de\/wp-content\/uploads\/2018\/11\/DIN_SPEC_16699_Offene_Farbkommunikation.png","@id":"https:\/\/blog.proofs.de\/cs\/din-spec-16699-offene-farbkommunikation-kurz-vor-der-verabschiedung\/#mainImage","width":2326,"height":1540,"caption":"Vorschau Titel DIN SPEC 16699 Offene Farbkommunikation \/ Open Colour Communication"},"primaryImageOfPage":{"@id":"https:\/\/blog.proofs.de\/cs\/din-spec-16699-offene-farbkommunikation-kurz-vor-der-verabschiedung\/#mainImage"},"datePublished":"2018-07-04T02:11:15+02:00","dateModified":"2020-05-08T02:12:06+02:00"},{"@type":"WebSite","@id":"https:\/\/blog.proofs.de\/cs\/#website","url":"https:\/\/blog.proofs.de\/cs\/","name":"Proof.de","description":"Farbverbindlicher Proof, Farbproof, Digitalproof und Online-Proof.","inLanguage":"cs-CZ","publisher":{"@id":"https:\/\/blog.proofs.de\/cs\/#organization"}}]},"og:locale":"cs_CZ","og:site_name":"Proof.de | Alles zu Proof, Farbmanagement, Grafik, Messtechnik &amp; Co.","og:type":"article","og:title":"DIN SPEC &quot;Offene Farbkommunikation&quot; vor Verabschiedung | proof.de","og:description":"Am Montag habenJan-Peter Homann, Holger Everding, Eric A. Soder und Matthias Betz beim DIN in Berlin einen Meilenstein f\u00fcr freie Farbkommunikation genommen","og:url":"https:\/\/blog.proofs.de\/cs\/din-spec-16699-offene-farbkommunikation-kurz-vor-der-verabschiedung\/","og:image":"https:\/\/blog.proofs.de\/wp-content\/uploads\/2018\/11\/DIN_SPEC_16699_Offene_Farbkommunikation.png","og:image:secure_url":"https:\/\/blog.proofs.de\/wp-content\/uploads\/2018\/11\/DIN_SPEC_16699_Offene_Farbkommunikation.png","og:image:width":2326,"og:image:height":1540,"article:published_time":"2018-07-04T00:11:15+00:00","article:modified_time":"2020-05-08T00:12:06+00:00","article:publisher":"https:\/\/www.facebook.com\/Proof.de\/","twitter:card":"summary","twitter:title":"DIN SPEC &quot;Offene Farbkommunikation&quot; vor Verabschiedung | proof.de","twitter:description":"Am Montag habenJan-Peter Homann, Holger Everding, Eric A. Soder und Matthias Betz beim DIN in Berlin einen Meilenstein f\u00fcr freie Farbkommunikation genommen","twitter:image":"https:\/\/blog1.proofen.de\/wp-content\/uploads\/2020\/04\/proof_background.jpg"},"aioseo_meta_data":{"post_id":"2095","title":"Norma DIN SPEC \"Otev\u0159en\u00e1 komunikace o barv\u00e1ch\" p\u0159ed schv\u00e1len\u00edm | proof.de","description":"Jan-Peter Homann, Holger Everding, Eric A. Soder a Matthias Betz se v pond\u011bl\u00ed v berl\u00ednsk\u00e9 pobo\u010dce DIN zaslou\u017eili o volnou barevnou komunikaci.","keywords":null,"keyphrases":null,"primary_term":null,"canonical_url":null,"og_title":null,"og_description":null,"og_object_type":"default","og_image_type":"default","og_image_url":null,"og_image_width":null,"og_image_height":null,"og_image_custom_url":null,"og_image_custom_fields":null,"og_video":null,"og_custom_url":null,"og_article_section":null,"og_article_tags":null,"twitter_use_og":false,"twitter_card":"default","twitter_image_type":"default","twitter_image_url":null,"twitter_image_custom_url":null,"twitter_image_custom_fields":null,"twitter_title":null,"twitter_description":null,"schema":{"blockGraphs":[],"customGraphs":[],"default":{"data":{"Article":[],"Course":[],"Dataset":[],"FAQPage":[],"Movie":[],"Person":[],"Product":[],"ProductReview":[],"Car":[],"Recipe":[],"Service":[],"SoftwareApplication":[],"WebPage":[]},"graphName":"","isEnabled":true},"graphs":[],"defaultGraph":"","defaultPostTypeGraph":""},"schema_type":null,"schema_type_options":null,"pillar_content":false,"robots_default":true,"robots_noindex":false,"robots_noarchive":false,"robots_nosnippet":false,"robots_nofollow":false,"robots_noimageindex":false,"robots_noodp":false,"robots_notranslate":false,"robots_max_snippet":null,"robots_max_videopreview":null,"robots_max_imagepreview":"large","priority":null,"frequency":null,"local_seo":null,"breadcrumb_settings":null,"limit_modified_date":false,"ai":null,"created":"2020-12-21 00:35:00","updated":"2025-06-04 14:22:05","seo_analyzer_scan_date":null,"focus_keyword":null,"additional_keywords":null,"truseo_locale":null},"_links":{"self":[{"href":"https:\/\/blog.proofs.de\/cs\/wp-json\/wp\/v2\/posts\/2095","targetHints":{"allow":["GET"]}}],"collection":[{"href":"https:\/\/blog.proofs.de\/cs\/wp-json\/wp\/v2\/posts"}],"about":[{"href":"https:\/\/blog.proofs.de\/cs\/wp-json\/wp\/v2\/types\/post"}],"author":[{"embeddable":true,"href":"https:\/\/blog.proofs.de\/cs\/wp-json\/wp\/v2\/users\/2"}],"replies":[{"embeddable":true,"href":"https:\/\/blog.proofs.de\/cs\/wp-json\/wp\/v2\/comments?post=2095"}],"version-history":[{"count":5,"href":"https:\/\/blog.proofs.de\/cs\/wp-json\/wp\/v2\/posts\/2095\/revisions"}],"predecessor-version":[{"id":3316,"href":"https:\/\/blog.proofs.de\/cs\/wp-json\/wp\/v2\/posts\/2095\/revisions\/3316"}],"wp:featuredmedia":[{"embeddable":true,"href":"https:\/\/blog.proofs.de\/cs\/wp-json\/wp\/v2\/media\/2194"}],"wp:attachment":[{"href":"https:\/\/blog.proofs.de\/cs\/wp-json\/wp\/v2\/media?parent=2095"}],"wp:term":[{"taxonomy":"category","embeddable":true,"href":"https:\/\/blog.proofs.de\/cs\/wp-json\/wp\/v2\/categories?post=2095"},{"taxonomy":"post_tag","embeddable":true,"href":"https:\/\/blog.proofs.de\/cs\/wp-json\/wp\/v2\/tags?post=2095"}],"curies":[{"name":"wp","href":"https:\/\/api.w.org\/{rel}","templated":true}]}}