{"id":2114,"date":"2018-07-24T16:09:27","date_gmt":"2018-07-24T14:09:27","guid":{"rendered":"http:\/\/www.proof.de\/?p=2114"},"modified":"2024-05-06T01:22:27","modified_gmt":"2024-05-05T23:22:27","slug":"individualni-icc-profily-pro-pouzivani-dukazu","status":"publish","type":"post","link":"https:\/\/blog.proofs.de\/cs\/individuelle-icc-profile-fuer-den-proof-verwenden\/","title":{"rendered":"Pou\u017eit\u00ed jednotliv\u00fdch profil\u016f ICC pro d\u016fkaz"},"content":{"rendered":"<div class=\"kk-star-ratings kksr-auto kksr-align-right kksr-valign-top\" data-payload='{\"align\":\"right\",\"id\":\"2114\",\"slug\":\"default\",\"valign\":\"top\",\"ignore\":\"\",\"reference\":\"auto\",\"class\":\"\",\"count\":\"0\",\"legendonly\":\"\",\"readonly\":\"\",\"score\":\"0\",\"starsonly\":\"\",\"best\":\"5\",\"gap\":\"5\",\"greet\":\"Jetzt bewerten\",\"legend\":\"0\\\/5 - (0 votes)\",\"size\":\"24\",\"title\":\"Individuelle ICC Profile f&uuml;r den Proof verwenden\",\"width\":\"0\",\"_legend\":\"{score}\\\/{best} - ({count} {votes})\",\"font_factor\":\"1.25\"}'>\n            \n<div class=\"kksr-stars\">\n    \n<div class=\"kksr-stars-inactive\">\n            <div class=\"kksr-star\" data-star=\"1\" style=\"padding-right: 5px\">\n            \n\n<div class=\"kksr-icon\" style=\"width: 24px; height: 24px;\"><\/div>\n        <\/div>\n            <div class=\"kksr-star\" data-star=\"2\" style=\"padding-right: 5px\">\n            \n\n<div class=\"kksr-icon\" style=\"width: 24px; height: 24px;\"><\/div>\n        <\/div>\n            <div class=\"kksr-star\" data-star=\"3\" style=\"padding-right: 5px\">\n            \n\n<div class=\"kksr-icon\" style=\"width: 24px; height: 24px;\"><\/div>\n        <\/div>\n            <div class=\"kksr-star\" data-star=\"4\" style=\"padding-right: 5px\">\n            \n\n<div class=\"kksr-icon\" style=\"width: 24px; height: 24px;\"><\/div>\n        <\/div>\n            <div class=\"kksr-star\" data-star=\"5\" style=\"padding-right: 5px\">\n            \n\n<div class=\"kksr-icon\" style=\"width: 24px; height: 24px;\"><\/div>\n        <\/div>\n    <\/div>\n    \n<div class=\"kksr-stars-active\" style=\"width: 0px;\">\n            <div class=\"kksr-star\" style=\"padding-right: 5px\">\n            \n\n<div class=\"kksr-icon\" style=\"width: 24px; height: 24px;\"><\/div>\n        <\/div>\n            <div class=\"kksr-star\" style=\"padding-right: 5px\">\n            \n\n<div class=\"kksr-icon\" style=\"width: 24px; height: 24px;\"><\/div>\n        <\/div>\n            <div class=\"kksr-star\" style=\"padding-right: 5px\">\n            \n\n<div class=\"kksr-icon\" style=\"width: 24px; height: 24px;\"><\/div>\n        <\/div>\n            <div class=\"kksr-star\" style=\"padding-right: 5px\">\n            \n\n<div class=\"kksr-icon\" style=\"width: 24px; height: 24px;\"><\/div>\n        <\/div>\n            <div class=\"kksr-star\" style=\"padding-right: 5px\">\n            \n\n<div class=\"kksr-icon\" style=\"width: 24px; height: 24px;\"><\/div>\n        <\/div>\n    <\/div>\n<\/div>\n                \n\n<div class=\"kksr-legend\" style=\"font-size: 19.2px;\">\n            <span class=\"kksr-muted\">Hodnotit nyn\u00ed<\/span>\n    <\/div>\n    <\/div>\n<p>Dnes n\u00e1m zavolal nov\u00fd z\u00e1kazn\u00edk: On <a href=\"https:\/\/blog.proofs.de\/cs\/lexikon\/proof\/\" target=\"_self\" title=\"Kontroln\u00ed n\u00e1tisk (spr\u00e1vn\u011b: smluvn\u00ed n\u00e1tisk) je certifikovan\u00e9 kontroln\u00ed za\u0159\u00edzen\u00ed podle normy ISO 12647-7 pro grafick\u00fd pr\u016fmysl. Kontroln\u00ed n\u00e1tisk simuluje barevnost ofsetov\u00e9ho nebo hlubotiskov\u00e9ho tisku barevn\u011b a pr\u00e1vn\u011b z\u00e1vazn\u00fdm zp\u016fsobem v r\u00e1mci \u00fazk\u00fdch toleranc\u00ed normy ISO.\" class=\"encyclopedia\">d\u016fkaz<\/a>t pro \u010d\u00ednsk\u00e9 dodavatele a dosud vytvo\u0159il <a href=\"https:\/\/blog.proofs.de\/cs\/lexikon\/proofs\/\" target=\"_self\" title=\"V polygrafick\u00e9m odv\u011btv\u00ed se zku\u0161ebn\u00edmi v\u00fdtisky (nebo zku\u0161ebn\u00edmi v\u00fdtisky) rozum\u00ed barevn\u011b v\u00e1zan\u00e1 a pr\u00e1vn\u011b z\u00e1vazn\u00e1 simulace v\u00fdsledku tisku pro kontroln\u00ed \u00fa\u010dely. Norma odpov\u011bdn\u00e1 za n\u00e1tisky je ISO 12647-7:2016, tj. aktu\u00e1ln\u00ed revize z roku 2016.\" class=\"encyclopedia\">D\u016fkazy<\/a> v Japan Color 2001 Coated (JapanColor2001Coated.<a href=\"https:\/\/blog.proofs.de\/cs\/lexikon\/icc\/\" target=\"_self\" title=\"Mezin\u00e1rodn\u00ed konsorcium pro barvy (International Color Consortium, zkr\u00e1cen\u011b ICC) je mezin\u00e1rodn\u00ed v\u00fdbor odpov\u011bdn\u00fd za standardizaci barevn\u00fdch profil\u016f.&nbsp;\" class=\"encyclopedia\">icc<\/a>). Dosud jsme m\u011bli profil v na\u0161em <a href=\"https:\/\/blog.proofs.de\/cs\/lexikon\/rip\/\" target=\"_self\" title='RIP je procesor rastrov\u00e9ho obrazu. Zpracov\u00e1v\u00e1 data ve form\u00e1tu PDF nebo Postscript a odes\u00edl\u00e1 je do p\u0159ipojen\u00fdch obrazov\u00fdch tisk\u00e1ren nebo n\u00e1tiskov\u00fdch tisk\u00e1ren.' class=\"encyclopedia\">RIP<\/a> ale b\u011bhem kr\u00e1tk\u00e9 doby jsme byli schopni na\u010d\u00edst profil do na\u0161eho RIPu, vytvo\u0159it pracovn\u00ed postupy a zajistit, aby bylo mo\u017en\u00e9 profil objednat v obchod\u011b.<\/p>\n<h2>R\u00e1di zapracujeme va\u0161e individu\u00e1ln\u00ed profily ICC a vytvo\u0159\u00edme pro n\u011b n\u00e1tisky.<\/h2>\n<p>My <a href=\"https:\/\/blog.proofs.de\/cs\/lexikon\/proofen\/\" target=\"_self\" title='&quot;D\u016fkaz&quot; znamen\u00e1 proveden\u00ed d\u016fkazu nebo zad\u00e1n\u00ed d\u016fkazu. Typickou formulac\u00ed slova &quot;proofing&quot; je &quot;mus\u00edm je\u0161t\u011b nechat prov\u00e9st korekturu bro\u017eury&quot;. Proveden\u00ed korektury tedy znamen\u00e1 nechat si zhotovit barevnou a pr\u00e1vn\u011b z\u00e1vaznou korekturu podle platn\u00e9 normy ISO 12647-7.' class=\"encyclopedia\">proofen<\/a> v\u00edce ne\u017e 50 mezin\u00e1rodn\u00edch zku\u0161ebn\u00edch norem, ale i mezi nimi se v\u017edy najde jedna nebo dv\u011b normy, kter\u00e9 zat\u00edm nenab\u00edz\u00edme. V\u00fdrobci barev nebo pap\u00edru \u010dasto nab\u00edzej\u00ed tak\u00e9 profily ICC, jako je tomu v p\u0159\u00edpad\u011b <a href=\"https:\/\/blog.proofs.de\/cs\/lexikon\/aniva\/\" target=\"_self\" title=\"Aniva je vysoce pigmentovan\u00e1 tiskov\u00e1 barva od spole\u010dnosti Epple, kter\u00e1 v re\u017eimu CMYK dosahuje v\u00fdrazn\u011b vy\u0161\u0161\u00ed barevnosti ne\u017e klasick\u00e9 tiskov\u00e9 barvy.\" class=\"encyclopedia\">Aniva<\/a> nebo Heaven42 a <a href=\"https:\/\/blog.proofs.de\/cs\/lexikon\/munken\/\" target=\"_self\" title=\"Pap\u00edry Munken jsou vysoce kvalitn\u00ed nenat\u00edran\u00e9 pap\u00edry z arktick\u00e9ho pap\u00edru, kter\u00e9 jsou k dispozici ve speci\u00e1ln\u00edch barv\u00e1ch. Spole\u010dnost Arctic pro n\u011b tak\u00e9 vytvo\u0159ila profily ICC, kter\u00e9 zohled\u0148uj\u00ed speci\u00e1ln\u00ed vlastnosti pap\u00edr\u016f. Pro n\u011bkter\u00e9 z t\u011bchto pap\u00edr\u016f jsou k dispozici n\u00e1hledov\u00e9 profily.\" class=\"encyclopedia\">Munken<\/a>, <a href=\"https:\/\/blog.proofs.de\/cs\/lexikon\/amber\/\" target=\"_self\" title=\"Amber je z\u00e1\u0159iv\u011b b\u00edl\u00fd nenat\u00edran\u00fd pap\u00edr od spole\u010dnosti Arctic Papier.\" class=\"encyclopedia\">Amber<\/a> a pap\u00edr Arctic \u0159ady Arctic Paper. Nebo jste si zkalibrovali dom\u00e1c\u00ed standard pro parametry tisku, kter\u00fd chcete pou\u017e\u00edvat pro zku\u0161ebn\u00ed n\u00e1tisky? Pak se obra\u0165te na n\u00e1s. R\u00e1di v\u00e1s podpo\u0159\u00edme.<\/p>\n<h2>Mo\u017enost p\u0159izp\u016fsoben\u00fdch profil\u016f 7C a N-kan\u00e1lov\u00fdch profil\u016f<\/h2>\n<p>Od roku 2024 nab\u00edz\u00edme tak\u00e9 n\u00e1tisk s p\u0159izp\u016fsoben\u00fdmi profily 7C pro tisk s roz\u0161\u00ed\u0159enou funk\u010dnost\u00ed. <a href=\"https:\/\/blog.proofs.de\/cs\/lexikon\/farbraum\/\" target=\"_self\" title=\"Barevn\u00fd prostor je zalo\u017een na barevn\u00e9m modelu a je jeho konkr\u00e9tn\u00ed aplikac\u00ed na metodu barven\u00ed (tisk\u00e1rna, obrazovka atd.). Obsahuje tedy v\u0161echny barvy, kter\u00e9 lze touto metodou skute\u010dn\u011b reprezentovat, a odpov\u00eddaj\u00edc\u00ed materi\u00e1ly.\" class=\"encyclopedia\">Barevn\u00fd prostor<\/a> na adrese <a href=\"https:\/\/blog.proofs.de\/cs\/lexikon\/cmyk\/\" target=\"_self\" title='CMYK je zkratka pro \u010dty\u0159i tiskov\u00e9 barvy azurovou, purpurovou, \u017elutou (yellow) a &quot;kl\u00ed\u010d&quot; (black nebo black portion).' class=\"encyclopedia\">CMYK<\/a>Lze tak\u00e9 vyrobit individu\u00e1ln\u00ed profily OGV, 5 a 6 barev.<\/p>","protected":false},"excerpt":{"rendered":"<p>Dnes n\u00e1m zavolal nov\u00fd z\u00e1kazn\u00edk: Vytv\u00e1\u0159\u00ed n\u00e1tisky v Japan Color 2001 Coated (JapanColor2001Coated.icc). P\u0159edt\u00edm jsme profil v na\u0161em RIPu nenastavili, ale byli jsme schopni profil do na\u0161eho RIPu na\u010d\u00edst, vytvo\u0159it pracovn\u00ed postupy a b\u011bhem kr\u00e1tk\u00e9 doby profil zp\u0159\u00edstupnit pro objedn\u00e1v\u00e1n\u00ed v obchod\u011b. R\u00e1di integrujeme va\u0161e individu\u00e1ln\u00ed profily ICC a vytvo\u0159\u00edme pro v\u00e1s n\u00e1tisky. Prov\u00e1d\u00edme n\u00e1tisky v\u00edce ne\u017e 50 mezin\u00e1rodn\u00edch n\u00e1hledov\u00fdch standard\u016f, ale v\u017edy se najde jeden nebo dva standardy, kter\u00e9 zat\u00edm nenab\u00edz\u00edme. ... <\/p>\n<p class=\"read-more-container\"><a title=\"Pou\u017eit\u00ed jednotliv\u00fdch profil\u016f ICC pro d\u016fkaz\" class=\"read-more button\" href=\"https:\/\/blog.proofs.de\/cs\/individuelle-icc-profile-fuer-den-proof-verwenden\/#more-2114\" aria-label=\"\u010c\u00edst v\u00edce o Pou\u017eit\u00ed p\u0159izp\u016fsoben\u00fdch profil\u016f ICC pro n\u00e1hled\">P\u0159e\u010dt\u011bte si v\u00edce<\/a><\/p>","protected":false},"author":2,"featured_media":178,"comment_status":"open","ping_status":"open","sticky":false,"template":"","format":"standard","meta":{"om_disable_all_campaigns":false,"inline_featured_image":false,"_monsterinsights_skip_tracking":false,"footnotes":""},"categories":[1,435],"tags":[764,760,761,767,766,498,758,757,759,336,765,763,762,239],"class_list":["post-2114","post","type-post","status-publish","format-standard","has-post-thumbnail","hentry","category-allgemein","category-farbraeume-und-farbprofile","tag-amber","tag-aniva","tag-arctic","tag-eigenes-icc-profil","tag-eigenes-profil","tag-heaven42","tag-icc","tag-icc-profil","tag-individuelle-icc-profile","tag-japan-color-2011-coated","tag-japancolor2001coated","tag-lynx","tag-munken","tag-proof-profil","generate-columns","tablet-grid-50","mobile-grid-100","grid-parent","grid-50","no-featured-image-padding","resize-featured-image"],"aioseo_notices":[],"aioseo_head":"\n\t\t<!-- All in One SEO 5.0.1.1 - aioseo.com -->\n\t<meta name=\"description\" content=\"Gerne binden wir Ihre individuellen ICC Proof Profile ein und erstellen Ihnen daf\u00fcr Proofs. Sprechen Sie mit uns. Wir unterst\u00fctzen Sie gerne.\" \/>\n\t<meta name=\"robots\" content=\"max-image-preview:large\" \/>\n\t<meta name=\"author\" content=\"Matthias Betz\"\/>\n\t<meta name=\"google-site-verification\" content=\"TuXxyRwxcEg2-WfOaQ8vScWQh3-uBAnxXmY7g3GT90A\" \/>\n\t<meta name=\"keywords\" content=\"amber,aniva,arctic,eigenes icc profil,eigenes profil,heaven42,icc,icc profil,individuelle icc profile,japan color 2011 coated,japancolor2001coated,lynx,munken,proof profil\" \/>\n\t<link rel=\"canonical\" href=\"https:\/\/blog.proofs.de\/cs\/individuelle-icc-profile-fuer-den-proof-verwenden\/\" \/>\n\t<meta name=\"generator\" content=\"All in One SEO (AIOSEO) 5.0.1.1\" \/>\n\n\t\t<meta name=\"seobility\" content=\"593a8578143db71543f014978c690d47\">\n\t\t<meta property=\"og:locale\" content=\"cs_CZ\" \/>\n\t\t<meta property=\"og:site_name\" content=\"Proof.de | Alles zu Proof, Farbmanagement, Grafik, Messtechnik &amp; Co.\" \/>\n\t\t<meta property=\"og:type\" content=\"article\" \/>\n\t\t<meta property=\"og:title\" content=\"Individuelle ICC Profile f\u00fcr den Proof verwenden | proof.de\" \/>\n\t\t<meta property=\"og:description\" content=\"Gerne binden wir Ihre individuellen ICC Proof Profile ein und erstellen Ihnen daf\u00fcr Proofs. Sprechen Sie mit uns. Wir unterst\u00fctzen Sie gerne.\" \/>\n\t\t<meta property=\"og:url\" content=\"https:\/\/blog.proofs.de\/cs\/individuelle-icc-profile-fuer-den-proof-verwenden\/\" \/>\n\t\t<meta property=\"og:image\" content=\"https:\/\/blog.proofs.de\/wp-content\/uploads\/2012\/03\/Bildschirmfoto-2012-03-20-um-00.29.41.jpg\" \/>\n\t\t<meta property=\"og:image:secure_url\" content=\"https:\/\/blog.proofs.de\/wp-content\/uploads\/2012\/03\/Bildschirmfoto-2012-03-20-um-00.29.41.jpg\" \/>\n\t\t<meta property=\"og:image:width\" content=\"604\" \/>\n\t\t<meta property=\"og:image:height\" content=\"580\" \/>\n\t\t<meta property=\"article:published_time\" content=\"2018-07-24T14:09:27+00:00\" \/>\n\t\t<meta property=\"article:modified_time\" content=\"2024-05-05T23:22:27+00:00\" \/>\n\t\t<meta property=\"article:publisher\" content=\"https:\/\/www.facebook.com\/Proof.de\/\" \/>\n\t\t<meta name=\"twitter:card\" content=\"summary\" \/>\n\t\t<meta name=\"twitter:title\" content=\"Individuelle ICC Profile f\u00fcr den Proof verwenden | proof.de\" \/>\n\t\t<meta name=\"twitter:description\" content=\"Gerne binden wir Ihre individuellen ICC Proof Profile ein und erstellen Ihnen daf\u00fcr Proofs. Sprechen Sie mit uns. Wir unterst\u00fctzen Sie gerne.\" \/>\n\t\t<meta name=\"twitter:image\" content=\"https:\/\/blog1.proofen.de\/wp-content\/uploads\/2020\/04\/proof_background.jpg\" \/>\n\t\t<script type=\"application\/ld+json\" class=\"aioseo-schema\">\n\t\t\t{\"@context\":\"https:\\\/\\\/schema.org\",\"@graph\":[{\"@type\":\"Article\",\"@id\":\"https:\\\/\\\/blog.proofs.de\\\/cs\\\/individuelle-icc-profile-fuer-den-proof-verwenden\\\/#article\",\"name\":\"Individuelle ICC Profile f\\u00fcr den Proof verwenden | proof.de\",\"headline\":\"Individuelle ICC Profile f\\u00fcr den Proof verwenden\",\"author\":{\"@id\":\"https:\\\/\\\/blog.proofs.de\\\/cs\\\/author\\\/mbetz\\\/#author\"},\"publisher\":{\"@id\":\"https:\\\/\\\/blog.proofs.de\\\/cs\\\/#organization\"},\"image\":{\"@type\":\"ImageObject\",\"url\":\"https:\\\/\\\/blog.proofs.de\\\/wp-content\\\/uploads\\\/2012\\\/03\\\/Bildschirmfoto-2012-03-20-um-00.29.41.jpg\",\"width\":604,\"height\":580,\"caption\":\"Vergleich eciRGB_V2 (wei\\u00df) und ISOCoatedV2\"},\"datePublished\":\"2018-07-24T16:09:27+02:00\",\"dateModified\":\"2024-05-06T01:22:27+02:00\",\"inLanguage\":\"cs-CZ\",\"mainEntityOfPage\":{\"@id\":\"https:\\\/\\\/blog.proofs.de\\\/cs\\\/individuelle-icc-profile-fuer-den-proof-verwenden\\\/#webpage\"},\"isPartOf\":{\"@id\":\"https:\\\/\\\/blog.proofs.de\\\/cs\\\/individuelle-icc-profile-fuer-den-proof-verwenden\\\/#webpage\"},\"articleSection\":\"Allgemein, Farbr\\u00e4ume und Farbprofile, Amber, Aniva, Arctic, eigenes ICC Profil, eigenes Profil, Heaven42, ICC, ICC Profil, Individuelle ICC Profile, Japan Color 2011 Coated, JapanColor2001Coated, Lynx, Munken, Proof Profil\"},{\"@type\":\"BreadcrumbList\",\"@id\":\"https:\\\/\\\/blog.proofs.de\\\/cs\\\/individuelle-icc-profile-fuer-den-proof-verwenden\\\/#breadcrumblist\",\"itemListElement\":[{\"@type\":\"ListItem\",\"@id\":\"https:\\\/\\\/blog.proofs.de\\\/cs#listItem\",\"position\":1,\"name\":\"Home\",\"item\":\"https:\\\/\\\/blog.proofs.de\\\/cs\",\"nextItem\":{\"@type\":\"ListItem\",\"@id\":\"https:\\\/\\\/blog.proofs.de\\\/cs\\\/thema\\\/proof-wissen\\\/#listItem\",\"name\":\"Proof Wissen\"}},{\"@type\":\"ListItem\",\"@id\":\"https:\\\/\\\/blog.proofs.de\\\/cs\\\/thema\\\/proof-wissen\\\/#listItem\",\"position\":2,\"name\":\"Proof Wissen\",\"item\":\"https:\\\/\\\/blog.proofs.de\\\/cs\\\/thema\\\/proof-wissen\\\/\",\"nextItem\":{\"@type\":\"ListItem\",\"@id\":\"https:\\\/\\\/blog.proofs.de\\\/cs\\\/thema\\\/proof-wissen\\\/farbraeume-und-farbprofile\\\/#listItem\",\"name\":\"Farbr\\u00e4ume und Farbprofile\"},\"previousItem\":{\"@type\":\"ListItem\",\"@id\":\"https:\\\/\\\/blog.proofs.de\\\/cs#listItem\",\"name\":\"Home\"}},{\"@type\":\"ListItem\",\"@id\":\"https:\\\/\\\/blog.proofs.de\\\/cs\\\/thema\\\/proof-wissen\\\/farbraeume-und-farbprofile\\\/#listItem\",\"position\":3,\"name\":\"Farbr\\u00e4ume und Farbprofile\",\"item\":\"https:\\\/\\\/blog.proofs.de\\\/cs\\\/thema\\\/proof-wissen\\\/farbraeume-und-farbprofile\\\/\",\"nextItem\":{\"@type\":\"ListItem\",\"@id\":\"https:\\\/\\\/blog.proofs.de\\\/cs\\\/individuelle-icc-profile-fuer-den-proof-verwenden\\\/#listItem\",\"name\":\"Individuelle ICC Profile f\\u00fcr den Proof verwenden\"},\"previousItem\":{\"@type\":\"ListItem\",\"@id\":\"https:\\\/\\\/blog.proofs.de\\\/cs\\\/thema\\\/proof-wissen\\\/#listItem\",\"name\":\"Proof Wissen\"}},{\"@type\":\"ListItem\",\"@id\":\"https:\\\/\\\/blog.proofs.de\\\/cs\\\/individuelle-icc-profile-fuer-den-proof-verwenden\\\/#listItem\",\"position\":4,\"name\":\"Individuelle ICC Profile f\\u00fcr den Proof verwenden\",\"previousItem\":{\"@type\":\"ListItem\",\"@id\":\"https:\\\/\\\/blog.proofs.de\\\/cs\\\/thema\\\/proof-wissen\\\/farbraeume-und-farbprofile\\\/#listItem\",\"name\":\"Farbr\\u00e4ume und Farbprofile\"}}]},{\"@type\":\"Organization\",\"@id\":\"https:\\\/\\\/blog.proofs.de\\\/cs\\\/#organization\",\"name\":\"Proof GmbH\",\"description\":\"Farbverbindlicher Proof, Farbproof, Digitalproof und Online-Proof.\",\"url\":\"https:\\\/\\\/blog.proofs.de\\\/cs\\\/\",\"telephone\":\"+4970717952740\",\"logo\":{\"@type\":\"ImageObject\",\"url\":\"https:\\\/\\\/blog1.proofen.de\\\/wp-content\\\/uploads\\\/2019\\\/09\\\/logo_proof_rgb_mit_balken_250px.png\",\"@id\":\"https:\\\/\\\/blog.proofs.de\\\/cs\\\/individuelle-icc-profile-fuer-den-proof-verwenden\\\/#organizationLogo\"},\"image\":{\"@id\":\"https:\\\/\\\/blog.proofs.de\\\/cs\\\/individuelle-icc-profile-fuer-den-proof-verwenden\\\/#organizationLogo\"},\"sameAs\":[\"https:\\\/\\\/www.facebook.com\\\/Proof.de\\\/\",\"https:\\\/\\\/www.instagram.com\\\/proof.de\\\/\",\"https:\\\/\\\/www.tiktok.com\\\/@proof_de\",\"https:\\\/\\\/www.youtube.com\\\/channel\\\/UCk80fQVQ25wC9wu3SywB-Nw\",\"https:\\\/\\\/www.linkedin.com\\\/company\\\/proof-de\"]},{\"@type\":\"Person\",\"@id\":\"https:\\\/\\\/blog.proofs.de\\\/cs\\\/author\\\/mbetz\\\/#author\",\"url\":\"https:\\\/\\\/blog.proofs.de\\\/cs\\\/author\\\/mbetz\\\/\",\"name\":\"Matthias Betz\",\"image\":{\"@type\":\"ImageObject\",\"@id\":\"https:\\\/\\\/blog.proofs.de\\\/cs\\\/individuelle-icc-profile-fuer-den-proof-verwenden\\\/#authorImage\",\"url\":\"https:\\\/\\\/blog.proofs.de\\\/wp-content\\\/uploads\\\/2020\\\/10\\\/matthias-betz-e1603934518350-150x150.png\",\"width\":96,\"height\":96,\"caption\":\"Matthias Betz\"}},{\"@type\":\"WebPage\",\"@id\":\"https:\\\/\\\/blog.proofs.de\\\/cs\\\/individuelle-icc-profile-fuer-den-proof-verwenden\\\/#webpage\",\"url\":\"https:\\\/\\\/blog.proofs.de\\\/cs\\\/individuelle-icc-profile-fuer-den-proof-verwenden\\\/\",\"name\":\"Individuelle ICC Profile f\\u00fcr den Proof verwenden | proof.de\",\"description\":\"Gerne binden wir Ihre individuellen ICC Proof Profile ein und erstellen Ihnen daf\\u00fcr Proofs. Sprechen Sie mit uns. Wir unterst\\u00fctzen Sie gerne.\",\"inLanguage\":\"cs-CZ\",\"isPartOf\":{\"@id\":\"https:\\\/\\\/blog.proofs.de\\\/cs\\\/#website\"},\"breadcrumb\":{\"@id\":\"https:\\\/\\\/blog.proofs.de\\\/cs\\\/individuelle-icc-profile-fuer-den-proof-verwenden\\\/#breadcrumblist\"},\"author\":{\"@id\":\"https:\\\/\\\/blog.proofs.de\\\/cs\\\/author\\\/mbetz\\\/#author\"},\"creator\":{\"@id\":\"https:\\\/\\\/blog.proofs.de\\\/cs\\\/author\\\/mbetz\\\/#author\"},\"image\":{\"@type\":\"ImageObject\",\"url\":\"https:\\\/\\\/blog.proofs.de\\\/wp-content\\\/uploads\\\/2012\\\/03\\\/Bildschirmfoto-2012-03-20-um-00.29.41.jpg\",\"@id\":\"https:\\\/\\\/blog.proofs.de\\\/cs\\\/individuelle-icc-profile-fuer-den-proof-verwenden\\\/#mainImage\",\"width\":604,\"height\":580,\"caption\":\"Vergleich eciRGB_V2 (wei\\u00df) und ISOCoatedV2\"},\"primaryImageOfPage\":{\"@id\":\"https:\\\/\\\/blog.proofs.de\\\/cs\\\/individuelle-icc-profile-fuer-den-proof-verwenden\\\/#mainImage\"},\"datePublished\":\"2018-07-24T16:09:27+02:00\",\"dateModified\":\"2024-05-06T01:22:27+02:00\"},{\"@type\":\"WebSite\",\"@id\":\"https:\\\/\\\/blog.proofs.de\\\/cs\\\/#website\",\"url\":\"https:\\\/\\\/blog.proofs.de\\\/cs\\\/\",\"name\":\"Proof.de\",\"description\":\"Farbverbindlicher Proof, Farbproof, Digitalproof und Online-Proof.\",\"inLanguage\":\"cs-CZ\",\"publisher\":{\"@id\":\"https:\\\/\\\/blog.proofs.de\\\/cs\\\/#organization\"}}]}\n\t\t<\/script>\n\t\t<!-- All in One SEO -->\n\n","aioseo_head_json":{"title":"Pou\u017eit\u00ed jednotliv\u00fdch profil\u016f ICC pro d\u016fkaz | proof.de","description":"R\u00e1di do n\u011bj zapracujeme va\u0161e individu\u00e1ln\u00ed profily ICC a vytvo\u0159\u00edme pro v\u00e1s n\u00e1hledov\u00e9 kopie. Obra\u0165te se na n\u00e1s. R\u00e1di v\u00e1s podpo\u0159\u00edme.","canonical_url":"https:\/\/blog.proofs.de\/cs\/individuelle-icc-profile-fuer-den-proof-verwenden\/","robots":"max-image-preview:large","keywords":"amber,aniva,arctic,eigenes icc profil,eigenes profil,heaven42,icc,icc profil,individuelle icc profile,japan color 2011 coated,japancolor2001coated,lynx,munken,proof profil","webmasterTools":{"google-site-verification":"TuXxyRwxcEg2-WfOaQ8vScWQh3-uBAnxXmY7g3GT90A","miscellaneous":"&lt;meta name=\"seobility\" content=\"593a8578143db71543f014978c690d47\"&gt;"},"schema":{"@context":"https:\/\/schema.org","@graph":[{"@type":"Article","@id":"https:\/\/blog.proofs.de\/cs\/individuelle-icc-profile-fuer-den-proof-verwenden\/#article","name":"Individuelle ICC Profile f\u00fcr den Proof verwenden | proof.de","headline":"Individuelle ICC Profile f\u00fcr den Proof verwenden","author":{"@id":"https:\/\/blog.proofs.de\/cs\/author\/mbetz\/#author"},"publisher":{"@id":"https:\/\/blog.proofs.de\/cs\/#organization"},"image":{"@type":"ImageObject","url":"https:\/\/blog.proofs.de\/wp-content\/uploads\/2012\/03\/Bildschirmfoto-2012-03-20-um-00.29.41.jpg","width":604,"height":580,"caption":"Vergleich eciRGB_V2 (wei\u00df) und ISOCoatedV2"},"datePublished":"2018-07-24T16:09:27+02:00","dateModified":"2024-05-06T01:22:27+02:00","inLanguage":"cs-CZ","mainEntityOfPage":{"@id":"https:\/\/blog.proofs.de\/cs\/individuelle-icc-profile-fuer-den-proof-verwenden\/#webpage"},"isPartOf":{"@id":"https:\/\/blog.proofs.de\/cs\/individuelle-icc-profile-fuer-den-proof-verwenden\/#webpage"},"articleSection":"Allgemein, Farbr\u00e4ume und Farbprofile, Amber, Aniva, Arctic, eigenes ICC Profil, eigenes Profil, Heaven42, ICC, ICC Profil, Individuelle ICC Profile, Japan Color 2011 Coated, JapanColor2001Coated, Lynx, Munken, Proof Profil"},{"@type":"BreadcrumbList","@id":"https:\/\/blog.proofs.de\/cs\/individuelle-icc-profile-fuer-den-proof-verwenden\/#breadcrumblist","itemListElement":[{"@type":"ListItem","@id":"https:\/\/blog.proofs.de\/cs#listItem","position":1,"name":"Home","item":"https:\/\/blog.proofs.de\/cs","nextItem":{"@type":"ListItem","@id":"https:\/\/blog.proofs.de\/cs\/thema\/proof-wissen\/#listItem","name":"Proof Wissen"}},{"@type":"ListItem","@id":"https:\/\/blog.proofs.de\/cs\/thema\/proof-wissen\/#listItem","position":2,"name":"Proof Wissen","item":"https:\/\/blog.proofs.de\/cs\/thema\/proof-wissen\/","nextItem":{"@type":"ListItem","@id":"https:\/\/blog.proofs.de\/cs\/thema\/proof-wissen\/farbraeume-und-farbprofile\/#listItem","name":"Farbr\u00e4ume und Farbprofile"},"previousItem":{"@type":"ListItem","@id":"https:\/\/blog.proofs.de\/cs#listItem","name":"Home"}},{"@type":"ListItem","@id":"https:\/\/blog.proofs.de\/cs\/thema\/proof-wissen\/farbraeume-und-farbprofile\/#listItem","position":3,"name":"Farbr\u00e4ume und Farbprofile","item":"https:\/\/blog.proofs.de\/cs\/thema\/proof-wissen\/farbraeume-und-farbprofile\/","nextItem":{"@type":"ListItem","@id":"https:\/\/blog.proofs.de\/cs\/individuelle-icc-profile-fuer-den-proof-verwenden\/#listItem","name":"Individuelle ICC Profile f\u00fcr den Proof verwenden"},"previousItem":{"@type":"ListItem","@id":"https:\/\/blog.proofs.de\/cs\/thema\/proof-wissen\/#listItem","name":"Proof Wissen"}},{"@type":"ListItem","@id":"https:\/\/blog.proofs.de\/cs\/individuelle-icc-profile-fuer-den-proof-verwenden\/#listItem","position":4,"name":"Individuelle ICC Profile f\u00fcr den Proof verwenden","previousItem":{"@type":"ListItem","@id":"https:\/\/blog.proofs.de\/cs\/thema\/proof-wissen\/farbraeume-und-farbprofile\/#listItem","name":"Farbr\u00e4ume und Farbprofile"}}]},{"@type":"Organization","@id":"https:\/\/blog.proofs.de\/cs\/#organization","name":"Proof GmbH","description":"Farbverbindlicher Proof, Farbproof, Digitalproof und Online-Proof.","url":"https:\/\/blog.proofs.de\/cs\/","telephone":"+4970717952740","logo":{"@type":"ImageObject","url":"https:\/\/blog1.proofen.de\/wp-content\/uploads\/2019\/09\/logo_proof_rgb_mit_balken_250px.png","@id":"https:\/\/blog.proofs.de\/cs\/individuelle-icc-profile-fuer-den-proof-verwenden\/#organizationLogo"},"image":{"@id":"https:\/\/blog.proofs.de\/cs\/individuelle-icc-profile-fuer-den-proof-verwenden\/#organizationLogo"},"sameAs":["https:\/\/www.facebook.com\/Proof.de\/","https:\/\/www.instagram.com\/proof.de\/","https:\/\/www.tiktok.com\/@proof_de","https:\/\/www.youtube.com\/channel\/UCk80fQVQ25wC9wu3SywB-Nw","https:\/\/www.linkedin.com\/company\/proof-de"]},{"@type":"Person","@id":"https:\/\/blog.proofs.de\/cs\/author\/mbetz\/#author","url":"https:\/\/blog.proofs.de\/cs\/author\/mbetz\/","name":"Matthias Betz","image":{"@type":"ImageObject","@id":"https:\/\/blog.proofs.de\/cs\/individuelle-icc-profile-fuer-den-proof-verwenden\/#authorImage","url":"https:\/\/blog.proofs.de\/wp-content\/uploads\/2020\/10\/matthias-betz-e1603934518350-150x150.png","width":96,"height":96,"caption":"Matthias Betz"}},{"@type":"WebPage","@id":"https:\/\/blog.proofs.de\/cs\/individuelle-icc-profile-fuer-den-proof-verwenden\/#webpage","url":"https:\/\/blog.proofs.de\/cs\/individuelle-icc-profile-fuer-den-proof-verwenden\/","name":"Individuelle ICC Profile f\u00fcr den Proof verwenden | proof.de","description":"Gerne binden wir Ihre individuellen ICC Proof Profile ein und erstellen Ihnen daf\u00fcr Proofs. Sprechen Sie mit uns. Wir unterst\u00fctzen Sie gerne.","inLanguage":"cs-CZ","isPartOf":{"@id":"https:\/\/blog.proofs.de\/cs\/#website"},"breadcrumb":{"@id":"https:\/\/blog.proofs.de\/cs\/individuelle-icc-profile-fuer-den-proof-verwenden\/#breadcrumblist"},"author":{"@id":"https:\/\/blog.proofs.de\/cs\/author\/mbetz\/#author"},"creator":{"@id":"https:\/\/blog.proofs.de\/cs\/author\/mbetz\/#author"},"image":{"@type":"ImageObject","url":"https:\/\/blog.proofs.de\/wp-content\/uploads\/2012\/03\/Bildschirmfoto-2012-03-20-um-00.29.41.jpg","@id":"https:\/\/blog.proofs.de\/cs\/individuelle-icc-profile-fuer-den-proof-verwenden\/#mainImage","width":604,"height":580,"caption":"Vergleich eciRGB_V2 (wei\u00df) und ISOCoatedV2"},"primaryImageOfPage":{"@id":"https:\/\/blog.proofs.de\/cs\/individuelle-icc-profile-fuer-den-proof-verwenden\/#mainImage"},"datePublished":"2018-07-24T16:09:27+02:00","dateModified":"2024-05-06T01:22:27+02:00"},{"@type":"WebSite","@id":"https:\/\/blog.proofs.de\/cs\/#website","url":"https:\/\/blog.proofs.de\/cs\/","name":"Proof.de","description":"Farbverbindlicher Proof, Farbproof, Digitalproof und Online-Proof.","inLanguage":"cs-CZ","publisher":{"@id":"https:\/\/blog.proofs.de\/cs\/#organization"}}]},"og:locale":"cs_CZ","og:site_name":"Proof.de | Alles zu Proof, Farbmanagement, Grafik, Messtechnik &amp; Co.","og:type":"article","og:title":"Individuelle ICC Profile f\u00fcr den Proof verwenden | proof.de","og:description":"Gerne binden wir Ihre individuellen ICC Proof Profile ein und erstellen Ihnen daf\u00fcr Proofs. Sprechen Sie mit uns. Wir unterst\u00fctzen Sie gerne.","og:url":"https:\/\/blog.proofs.de\/cs\/individuelle-icc-profile-fuer-den-proof-verwenden\/","og:image":"https:\/\/blog.proofs.de\/wp-content\/uploads\/2012\/03\/Bildschirmfoto-2012-03-20-um-00.29.41.jpg","og:image:secure_url":"https:\/\/blog.proofs.de\/wp-content\/uploads\/2012\/03\/Bildschirmfoto-2012-03-20-um-00.29.41.jpg","og:image:width":604,"og:image:height":580,"article:published_time":"2018-07-24T14:09:27+00:00","article:modified_time":"2024-05-05T23:22:27+00:00","article:publisher":"https:\/\/www.facebook.com\/Proof.de\/","twitter:card":"summary","twitter:title":"Individuelle ICC Profile f\u00fcr den Proof verwenden | proof.de","twitter:description":"Gerne binden wir Ihre individuellen ICC Proof Profile ein und erstellen Ihnen daf\u00fcr Proofs. Sprechen Sie mit uns. Wir unterst\u00fctzen Sie gerne.","twitter:image":"https:\/\/blog1.proofen.de\/wp-content\/uploads\/2020\/04\/proof_background.jpg"},"aioseo_meta_data":{"post_id":"2114","title":"Pou\u017eit\u00ed individu\u00e1ln\u00edch profil\u016f ICC pro n\u00e1tisk | proof.de","description":"R\u00e1di do n\u011bj zapracujeme va\u0161e individu\u00e1ln\u00ed profily ICC a vytvo\u0159\u00edme pro v\u00e1s n\u00e1hledov\u00e9 kopie. Obra\u0165te se na n\u00e1s. R\u00e1di v\u00e1s podpo\u0159\u00edme.","keywords":null,"keyphrases":{"focus":{"keyphrase":"","score":0,"analysis":{"keyphraseInTitle":{"score":0,"maxScore":9,"error":1}}},"additional":[]},"primary_term":null,"canonical_url":null,"og_title":null,"og_description":null,"og_object_type":"default","og_image_type":"default","og_image_url":null,"og_image_width":null,"og_image_height":null,"og_image_custom_url":null,"og_image_custom_fields":null,"og_video":"","og_custom_url":null,"og_article_section":null,"og_article_tags":null,"twitter_use_og":false,"twitter_card":"default","twitter_image_type":"default","twitter_image_url":null,"twitter_image_custom_url":null,"twitter_image_custom_fields":null,"twitter_title":null,"twitter_description":null,"schema":{"blockGraphs":[],"customGraphs":[],"default":{"data":{"Article":[],"Course":[],"Dataset":[],"FAQPage":[],"Movie":[],"Person":[],"Product":[],"ProductReview":[],"Car":[],"Recipe":[],"Service":[],"SoftwareApplication":[],"WebPage":[]},"graphName":"Article","isEnabled":true},"graphs":[],"defaultGraph":"","defaultPostTypeGraph":""},"schema_type":null,"schema_type_options":null,"pillar_content":false,"robots_default":true,"robots_noindex":false,"robots_noarchive":false,"robots_nosnippet":false,"robots_nofollow":false,"robots_noimageindex":false,"robots_noodp":false,"robots_notranslate":false,"robots_max_snippet":"-1","robots_max_videopreview":"-1","robots_max_imagepreview":"large","priority":null,"frequency":"default","local_seo":null,"breadcrumb_settings":null,"limit_modified_date":false,"ai":null,"created":"2020-12-21 00:35:00","updated":"2025-06-04 14:22:05","seo_analyzer_scan_date":null,"focus_keyword":null,"additional_keywords":null,"truseo_locale":null},"_links":{"self":[{"href":"https:\/\/blog.proofs.de\/cs\/wp-json\/wp\/v2\/posts\/2114","targetHints":{"allow":["GET"]}}],"collection":[{"href":"https:\/\/blog.proofs.de\/cs\/wp-json\/wp\/v2\/posts"}],"about":[{"href":"https:\/\/blog.proofs.de\/cs\/wp-json\/wp\/v2\/types\/post"}],"author":[{"embeddable":true,"href":"https:\/\/blog.proofs.de\/cs\/wp-json\/wp\/v2\/users\/2"}],"replies":[{"embeddable":true,"href":"https:\/\/blog.proofs.de\/cs\/wp-json\/wp\/v2\/comments?post=2114"}],"version-history":[{"count":3,"href":"https:\/\/blog.proofs.de\/cs\/wp-json\/wp\/v2\/posts\/2114\/revisions"}],"predecessor-version":[{"id":5738,"href":"https:\/\/blog.proofs.de\/cs\/wp-json\/wp\/v2\/posts\/2114\/revisions\/5738"}],"wp:featuredmedia":[{"embeddable":true,"href":"https:\/\/blog.proofs.de\/cs\/wp-json\/wp\/v2\/media\/178"}],"wp:attachment":[{"href":"https:\/\/blog.proofs.de\/cs\/wp-json\/wp\/v2\/media?parent=2114"}],"wp:term":[{"taxonomy":"category","embeddable":true,"href":"https:\/\/blog.proofs.de\/cs\/wp-json\/wp\/v2\/categories?post=2114"},{"taxonomy":"post_tag","embeddable":true,"href":"https:\/\/blog.proofs.de\/cs\/wp-json\/wp\/v2\/tags?post=2114"}],"curies":[{"name":"wp","href":"https:\/\/api.w.org\/{rel}","templated":true}]}}