{"id":2156,"date":"2018-10-06T01:33:42","date_gmt":"2018-10-05T23:33:42","guid":{"rendered":"http:\/\/www.proof.de\/?p=2156"},"modified":"2020-05-08T02:16:41","modified_gmt":"2020-05-08T00:16:41","slug":"free-colour-e-v-review-members-meeting-and-preview","status":"publish","type":"post","link":"https:\/\/blog.proofs.de\/cs\/freiefarbe-e-v-rueckblick-mitgliederversammlung-und-vorschau\/","title":{"rendered":"freieFarbe e.V. - P\u0159ehled valn\u00e9 hromady a n\u00e1hled na ni"},"content":{"rendered":"<div class=\"kk-star-ratings kksr-auto kksr-align-right kksr-valign-top\" data-payload='{\"align\":\"right\",\"id\":\"2156\",\"slug\":\"default\",\"valign\":\"top\",\"ignore\":\"\",\"reference\":\"auto\",\"class\":\"\",\"count\":\"0\",\"legendonly\":\"\",\"readonly\":\"\",\"score\":\"0\",\"starsonly\":\"\",\"best\":\"5\",\"gap\":\"5\",\"greet\":\"Jetzt bewerten\",\"legend\":\"0\\\/5 - (0 votes)\",\"size\":\"24\",\"title\":\"freieFarbe e.V. - R&uuml;ckblick Mitgliederversammlung und Vorschau\",\"width\":\"0\",\"_legend\":\"{score}\\\/{best} - ({count} {votes})\",\"font_factor\":\"1.25\"}'>\n            \n<div class=\"kksr-stars\">\n    \n<div class=\"kksr-stars-inactive\">\n            <div class=\"kksr-star\" data-star=\"1\" style=\"padding-right: 5px\">\n            \n\n<div class=\"kksr-icon\" style=\"width: 24px; height: 24px;\"><\/div>\n        <\/div>\n            <div class=\"kksr-star\" data-star=\"2\" style=\"padding-right: 5px\">\n            \n\n<div class=\"kksr-icon\" style=\"width: 24px; height: 24px;\"><\/div>\n        <\/div>\n            <div class=\"kksr-star\" data-star=\"3\" style=\"padding-right: 5px\">\n            \n\n<div class=\"kksr-icon\" style=\"width: 24px; height: 24px;\"><\/div>\n        <\/div>\n            <div class=\"kksr-star\" data-star=\"4\" style=\"padding-right: 5px\">\n            \n\n<div class=\"kksr-icon\" style=\"width: 24px; height: 24px;\"><\/div>\n        <\/div>\n            <div class=\"kksr-star\" data-star=\"5\" style=\"padding-right: 5px\">\n            \n\n<div class=\"kksr-icon\" style=\"width: 24px; height: 24px;\"><\/div>\n        <\/div>\n    <\/div>\n    \n<div class=\"kksr-stars-active\" style=\"width: 0px;\">\n            <div class=\"kksr-star\" style=\"padding-right: 5px\">\n            \n\n<div class=\"kksr-icon\" style=\"width: 24px; height: 24px;\"><\/div>\n        <\/div>\n            <div class=\"kksr-star\" style=\"padding-right: 5px\">\n            \n\n<div class=\"kksr-icon\" style=\"width: 24px; height: 24px;\"><\/div>\n        <\/div>\n            <div class=\"kksr-star\" style=\"padding-right: 5px\">\n            \n\n<div class=\"kksr-icon\" style=\"width: 24px; height: 24px;\"><\/div>\n        <\/div>\n            <div class=\"kksr-star\" style=\"padding-right: 5px\">\n            \n\n<div class=\"kksr-icon\" style=\"width: 24px; height: 24px;\"><\/div>\n        <\/div>\n            <div class=\"kksr-star\" style=\"padding-right: 5px\">\n            \n\n<div class=\"kksr-icon\" style=\"width: 24px; height: 24px;\"><\/div>\n        <\/div>\n    <\/div>\n<\/div>\n                \n\n<div class=\"kksr-legend\" style=\"font-size: 19.2px;\">\n            <span class=\"kksr-muted\">Hodnotit nyn\u00ed<\/span>\n    <\/div>\n    <\/div>\n<p>Posledn\u00ed z\u00e1\u0159ijov\u00fd v\u00edkend se v T\u00fcbingenu konala valn\u00e1 hromada sdru\u017een\u00ed freieFarbe e.V.. Od p\u00e1tku do ned\u011ble se pracovalo, diskutovalo, koncipovalo, a jak je vid\u011bt na obr\u00e1zku, v nejlep\u0161\u00edm po\u010das\u00ed na <a href=\"https:\/\/blog.proofs.de\/cs\/lexikon\/nec\/\" target=\"_self\" title=\"Spole\u010dnost NEC je v sou\u010dasnosti pova\u017eov\u00e1na za jednoho z nejkompetentn\u011bj\u0161\u00edch v\u00fdrobc\u016f pr\u016fkazov\u00fdch monitor\u016f. Zejm\u00e9na \u0159ada NEC Spectraview nab\u00edz\u00ed sofistikovanou technologii monitor\u016f a chytr\u00e1 softwarov\u00e1 \u0159e\u0161en\u00ed pro vysoce kvalitn\u00ed zpracov\u00e1n\u00ed barev.\" class=\"encyclopedia\">Nec<\/a>kar \"\u0161\u0165ouchal\" do a s nov\u00fdmi produkty a n\u00e1pady.<\/p>\n<figure id=\"attachment_2157\" aria-describedby=\"caption-attachment-2157\" style=\"width: 1130px\" class=\"wp-caption alignleft\"><a href=\"https:\/\/blog1.proofen.de\/wp-content\/uploads\/2018\/10\/stocherkahn-1140x550.jpg\"><img loading=\"lazy\" decoding=\"async\" class=\"wp-image-2157 size-full\" src=\"https:\/\/blog1.proofen.de\/wp-content\/uploads\/2018\/10\/stocherkahn-1140x550.jpg\" alt=\"\" width=\"1140\" height=\"550\" srcset=\"https:\/\/blog.proofs.de\/wp-content\/uploads\/2018\/10\/stocherkahn-1140x550.jpg 1140w, https:\/\/blog.proofs.de\/wp-content\/uploads\/2018\/10\/stocherkahn-1140x550-300x145.jpg 300w, https:\/\/blog.proofs.de\/wp-content\/uploads\/2018\/10\/stocherkahn-1140x550-768x371.jpg 768w, https:\/\/blog.proofs.de\/wp-content\/uploads\/2018\/10\/stocherkahn-1140x550-1024x494.jpg 1024w, https:\/\/blog.proofs.de\/wp-content\/uploads\/2018\/10\/stocherkahn-1140x550-500x241.jpg 500w\" sizes=\"auto, (max-width: 1140px) 100vw, 1140px\"><\/a><figcaption id=\"caption-attachment-2157\" class=\"wp-caption-text\">Valn\u00e1 hromada freieFarbe e.V. 2018: Spole\u010dn\u00e9 putov\u00e1n\u00ed po \u0159ece Neckar po valn\u00e9 hromad\u011b na z\u00e1mku <a href=\"https:\/\/blog.proofs.de\/cs\/lexikon\/proof\/\" target=\"_self\" title=\"Kontroln\u00ed n\u00e1tisk (spr\u00e1vn\u011b: smluvn\u00ed n\u00e1tisk) je certifikovan\u00e9 kontroln\u00ed za\u0159\u00edzen\u00ed podle normy ISO 12647-7 pro grafick\u00fd pr\u016fmysl. Kontroln\u00ed n\u00e1tisk simuluje barevnost ofsetov\u00e9ho nebo hlubotiskov\u00e9ho tisku barevn\u011b a pr\u00e1vn\u011b z\u00e1vazn\u00fdm zp\u016fsobem v r\u00e1mci \u00fazk\u00fdch toleranc\u00ed normy ISO.\" class=\"encyclopedia\">D\u016fkaz<\/a> GmbH v T\u00fcbingenu. Foto: Peter J\u00e4ger<\/figcaption><\/figure>\n<p>Po setk\u00e1n\u00ed s <a href=\"https:\/\/blog.proofs.de\/cs\/lexikon\/farbmanagement\/\" target=\"_self\" title=\"C\u00edlem spr\u00e1vy barev je zajistit co nejpodobn\u011bj\u0161\u00ed reprodukci barev na r\u016fzn\u00fdch za\u0159\u00edzen\u00edch, jako jsou fotoapar\u00e1ty, skenery, monitory, laserov\u00e9, inkoustov\u00e9 a ofsetov\u00e9 tisk\u00e1rny a mnoho dal\u0161\u00edch.\" class=\"encyclopedia\">Spr\u00e1va barev<\/a>Specialist\u00e9 z <a href=\"https:\/\/blog.proofs.de\/cs\/lexikon\/gmg\/\" target=\"_self\" title=\"GMG Color je spole\u010dnost se s\u00eddlem v n\u011bmeck\u00e9m Tuebingenu, kter\u00e1 se proslavila v\u00fdvojem softwaru pro spr\u00e1vu barev. Ji\u017e v\u00edce ne\u017e 25 let vyv\u00edj\u00ed spole\u010dnost GMG Color \u0159adu produkt\u016f pro komer\u010dn\u00ed u\u017eivatele, od ovlada\u010d\u016f tisk\u00e1ren a\u017e po komplexn\u00ed n\u00e1hledov\u00fd software.\" class=\"encyclopedia\">GMG<\/a> v p\u00e1tek, kte\u0159\u00ed podporuj\u00ed sdru\u017een\u00ed pomoc\u00ed softwaru a d\u016fkazn\u00edch m\u00e9di\u00ed, se konala odpoledne v nov\u00e9m <a href=\"https:\/\/blog.proofs.de\/cs\/lexikon\/cielab\/\" target=\"_self\" title=\"Barevn\u00fd model CIELAB byl definov\u00e1n v roce 1976 Mezin\u00e1rodn\u00ed komis\u00ed pro osv\u011btlov\u00e1n\u00ed a popisuje v\u0161echny vn\u00edmateln\u00e9 barvy. Jedn\u00e1 se o dal\u0161\u00ed v\u00fdvoj barevn\u00e9 stupnice Hunter-LAB z roku 1966 a o matematick\u00fd barevn\u00fd model, v n\u011bm\u017e jsou vz\u00e1jemn\u011b kompenzov\u00e1ny spektr\u00e1ln\u00ed vlastnosti objektu a vjemov\u00e9 vlastnosti na\u0161eho zrakov\u00e9ho syst\u00e9mu. CIELAB, zkr\u00e1cen\u011b LAB, se dodnes hojn\u011b pou\u017e\u00edv\u00e1...\" class=\"encyclopedia\">CIELAB<\/a> &nbsp;<a href=\"https:\/\/blog.proofs.de\/cs\/lexikon\/hlc\/\" target=\"_self\" title=\"HLC je dob\u0159e srozumitelnou reprezentac\u00ed barevn\u00e9ho prostoru CIELAB. Svisl\u00e1 osa L je zde toto\u017en\u00e1. Horizont\u00e1ln\u00ed poloha barevn\u00e9ho m\u00edsta je ur\u010dena \u00fahlem H v\u016f\u010di kladn\u00e9 ose a (proti sm\u011bru hodinov\u00fdch ru\u010di\u010dek a ve stupn\u00edch) a polom\u011brem C, vzd\u00e1lenost\u00ed od osy L.\" class=\"encyclopedia\">HLC<\/a> barevn\u00fd atlas a zakon\u010den\u00ed dne s tarte flamb\u00e9e a v\u00ednem v dom\u011b Matthiase Betze.<\/p>\n<p>V sobotu n\u00e1sledovala valn\u00e1 hromada v Proof GmbH na Lorettoplatzu, kde se zhodnotil uplynul\u00fd rok a hovo\u0159ilo se o roce nadch\u00e1zej\u00edc\u00edm. S CIE<a href=\"https:\/\/blog.proofs.de\/cs\/lexikon\/lab\/\" target=\"_self\" title=\"CIELAB nebo LAB je matematick\u00fd model barev, kter\u00fd se prosadil v\u0161ude tam, kde je vy\u017eadov\u00e1n p\u0159esn\u00fd v\u00fdpo\u010det barev. Po\u010d\u00edta\u010dov\u00e1 spr\u00e1va barev obvykle funguje prost\u0159ednictv\u00edm CIELAB.\" class=\"encyclopedia\">LAB<\/a> HLC Colour Atlas a DIN SPEC 16699 Otev\u0159en\u00e1 barevn\u00e1 komunikace, bylo dosa\u017eeno mnoha \u00fasp\u011bch\u016f, ale je t\u0159eba vyhodnotit, zv\u00e1\u017eit, financovat a pracovat na mnoha n\u00e1padech.<\/p>\n<p>P\u0159\u00edtomni byli: Soder z pixsource v Usteru a Matteo Baschera z galledia v Curychu.<a href=\"https:\/\/blog.proofs.de\/cs\/lexikon\/led\/\" target=\"_self\" title='LED je &quot;dioda vyza\u0159uj\u00edc\u00ed sv\u011btlo&quot; a v grafick\u00e9m pr\u016fmyslu ozna\u010duje nov\u00e9 sv\u011btlo &quot;LED&quot;, kter\u00e9 nahradilo star\u0161\u00ed sv\u011bteln\u00e9 zdroje, jako jsou neonov\u00e9 trubice a wolframov\u00e9 lampy. Neonov\u00e9 trubice jsou zn\u00e1m\u00e9 p\u0159edev\u0161\u00edm z \u0159ady standardn\u00edch sv\u011bteln\u00fdch zdroj\u016f D50 nebo D65, zat\u00edmco wolframov\u00e9 sv\u011bteln\u00e9 zdroje se pou\u017e\u00edvaly p\u0159edev\u0161\u00edm v za\u0159\u00edzen\u00edch pro m\u011b\u0159en\u00ed barev, jako jsou spektrofotometry a kolorimetry.....' class=\"encyclopedia\">vedl<\/a>ia z Curychu.&nbsp;<!--more--><\/p>\n<p>P\u0159edstavenstvo sdru\u017een\u00ed bylo znovu zvoleno: Holger Everding jako p\u0159edseda, Peter J\u00e4ger jako druh\u00fd p\u0159edseda a Jan-Peter Homann jako pokladn\u00edk byli potvrzeni ve sv\u00fdch funkc\u00edch.<\/p>\n<p>V pozdn\u00edm odpoledni se s man\u017eeli a d\u011btmi plavili po Neckaru v tradi\u010dn\u00edm \u0161\u0165ouchac\u00edm \u010dlunu evangelick\u00e9ho kl\u00e1\u0161tera a ve\u010der zakon\u010dili \u0161v\u00e1bskou kuchyn\u00ed, v\u00ednem, koktejly, zmrzlinou a no\u010dn\u00ed prohl\u00eddkou star\u00e9ho m\u011bsta T\u00fcbingen.<\/p>\n<figure id=\"attachment_2158\" aria-describedby=\"caption-attachment-2158\" style=\"width: 215px\" class=\"wp-caption alignright\"><a href=\"https:\/\/blog1.proofen.de\/wp-content\/uploads\/2018\/10\/freieFarbe_Mitgliederversammlung_Tuebingen_2018-e1539040905961.jpeg\"><img loading=\"lazy\" decoding=\"async\" class=\"size-medium wp-image-2158\" src=\"https:\/\/blog1.proofen.de\/wp-content\/uploads\/2018\/10\/freieFarbe_Mitgliederversammlung_Tuebingen_2018-e1539040905961-225x300.jpeg\" alt=\"\" width=\"225\" height=\"300\" srcset=\"https:\/\/blog.proofs.de\/wp-content\/uploads\/2018\/10\/freieFarbe_Mitgliederversammlung_Tuebingen_2018-e1539040905961-225x300.jpeg 225w, https:\/\/blog.proofs.de\/wp-content\/uploads\/2018\/10\/freieFarbe_Mitgliederversammlung_Tuebingen_2018-e1539040905961-768x1024.jpeg 768w, https:\/\/blog.proofs.de\/wp-content\/uploads\/2018\/10\/freieFarbe_Mitgliederversammlung_Tuebingen_2018-e1539040905961.jpeg 1512w\" sizes=\"auto, (max-width: 225px) 100vw, 225px\"><\/a><figcaption id=\"caption-attachment-2158\" class=\"wp-caption-text\">N\u00e1v\u0161t\u011bva v\u00fdstavy Hyperrealismus \"t\u00e9m\u011b\u0159 \u017eiv\u00fd\" v Kunsthalle T\u00fcbingen. Foto: Peter J\u00e4ger<\/figcaption><\/figure>\n<p>V ned\u011bli se v\u0161ichni se\u0161li na spole\u010dn\u00e9 sn\u00eddani v kav\u00e1rn\u011b Kunsthalle T\u00fcbingen, po n\u00ed\u017e n\u00e1sledovala n\u00e1v\u0161t\u011bva v\u00fdstavy hyperrealismu \"t\u00e9m\u011b\u0159 za\u017eiva\". Po poledn\u00ed d\u00fd\u0148ov\u00e9 pol\u00e9vce na terase v Haus Betz n\u00e1sledovala zp\u00e1te\u010dn\u00ed cesta autem a letadlem.<\/p>\n<p><a href=\"http:\/\/www.freiefarbe.de\/wp-content\/uploads\/2017\/03\/mg-formular.zip\">Ka\u017ed\u00fd, kdo by cht\u011bl podpo\u0159it freieFarbe e.V. a st\u00e1t se jej\u00edm \u010dlenem, je srde\u010dn\u011b zv\u00e1n.<\/a> Sdru\u017een\u00ed t\u011b\u017e\u00ed nejen z p\u0159\u00edm\u00e9 \u00fa\u010dasti mimo\u0159\u00e1dn\u011b aktivn\u00edho veden\u00ed sdru\u017een\u00ed, ale tak\u00e9 z \u010dlensk\u00fdch p\u0159\u00edsp\u011bvk\u016f, n\u00e1pad\u016f a podn\u011bt\u016f \u0161irok\u00e9 z\u00e1kladny p\u0159\u00edznivc\u016f.<\/p>\n<p>P\u0159\u00ed\u0161t\u00ed term\u00edn: Na v\u00fdro\u010dn\u00ed konferenci \"Deutsche farbwissenschaftliche Gesellschaft e.V.\" v laborato\u0159\u00edch Hohenstein v B\u00f6nnigheimu dne 10. \u0159\u00edjna 2018 bude p\u0159edstaven n\u00e1\u0161 nov\u00fd barevn\u00fd atlas CIELAB HLC XL a DIN SPEC 16699.<\/p>\n<p>&nbsp;<\/p>","protected":false},"excerpt":{"rendered":"<p>Posledn\u00ed z\u00e1\u0159ijov\u00fd v\u00edkend se v T\u00fcbingenu konala \u010dlensk\u00e1 sch\u016fze sdru\u017een\u00ed FreieFarbe e.V.. Od p\u00e1tku do ned\u011ble se pracovalo, diskutovalo, vytv\u00e1\u0159ely se koncepce a, jak vid\u00edte na obr\u00e1zku, \u201e\u0161\u0165ouchalo\u201c se v nov\u00fdch v\u00fdrobc\u00edch a n\u00e1padech na Neckaru a s nimi za toho nejlep\u0161\u00edho po\u010das\u00ed. Po p\u00e1te\u010dn\u00edm setk\u00e1n\u00ed se specialisty na spr\u00e1vu barev z GMG, kte\u0159\u00ed asociaci podporuj\u00ed softwarem a n\u00e1hledov\u00fdmi m\u00e9dii, pokra\u010dovala odpoledne pr\u00e1ce na nov\u00e9m atlasu barev CIELAB HLC a den byl zakon\u010den tarte flamb\u00e9e a v\u00ednem v dom\u011b Matthiase Betze. V sobotu pak n\u00e1sledovala ... <\/p>\n<p class=\"read-more-container\"><a title=\"freieFarbe e.V. - P\u0159ehled valn\u00e9 hromady a n\u00e1hled na ni\" class=\"read-more button\" href=\"https:\/\/blog.proofs.de\/cs\/freiefarbe-e-v-rueckblick-mitgliederversammlung-und-vorschau\/#more-2156\" aria-label=\"\u010c\u00edst v\u00edce o freieFarbe e.V. - Review of the valn\u00e1 hromada a n\u00e1hled\">P\u0159e\u010dt\u011bte si v\u00edce<\/a><\/p>","protected":false},"author":2,"featured_media":2158,"comment_status":"open","ping_status":"open","sticky":false,"template":"","format":"standard","meta":{"om_disable_all_campaigns":false,"inline_featured_image":false,"_monsterinsights_skip_tracking":false,"footnotes":""},"categories":[1,120],"tags":[679,680,732,803,539,1037],"class_list":["post-2156","post","type-post","status-publish","format-standard","has-post-thumbnail","hentry","category-allgemein","category-kategorie-proof-gmbh","tag-freiefarbe","tag-freiefarbe-e-v","tag-matthias-betz","tag-mitgliederversammlung","tag-proof-gmbh","tag-tuebingen","generate-columns","tablet-grid-50","mobile-grid-100","grid-parent","grid-50","no-featured-image-padding","resize-featured-image"],"aioseo_notices":[],"aioseo_head":"\n\t\t<!-- All in One SEO 5.0.1.1 - aioseo.com -->\n\t<meta name=\"description\" content=\"Von Freitag bis Sonntag wurde gearbeitet, diskutiert, konzipiert und bei bestem Wetter auf dem Neckar in und mit neuen Produkten und Ideen &quot;gestochert&quot;.\" \/>\n\t<meta name=\"robots\" content=\"max-image-preview:large\" \/>\n\t<meta name=\"author\" content=\"Matthias Betz\"\/>\n\t<meta name=\"google-site-verification\" content=\"TuXxyRwxcEg2-WfOaQ8vScWQh3-uBAnxXmY7g3GT90A\" \/>\n\t<meta name=\"keywords\" content=\"freiefarbe,freiefarbe e.v.,mitgliederversammlung,proof gmbh,matthias betz,t\u00fcbingen,freiefarbe,freiefarbe e.v.,matthias betz,mitgliederversammlung,proof gmbh,t\u00fcbingen\" \/>\n\t<link rel=\"canonical\" href=\"https:\/\/blog.proofs.de\/cs\/freiefarbe-e-v-rueckblick-mitgliederversammlung-und-vorschau\/\" \/>\n\t<meta name=\"generator\" content=\"All in One SEO (AIOSEO) 5.0.1.1\" \/>\n\n\t\t<meta name=\"seobility\" content=\"593a8578143db71543f014978c690d47\">\n\t\t<meta property=\"og:locale\" content=\"cs_CZ\" \/>\n\t\t<meta property=\"og:site_name\" content=\"Proof.de | Alles zu Proof, Farbmanagement, Grafik, Messtechnik &amp; Co.\" \/>\n\t\t<meta property=\"og:type\" content=\"article\" \/>\n\t\t<meta property=\"og:title\" content=\"freieFarbe e.V. R\u00fcckblick Mitgliederversammlung | proof.de\" \/>\n\t\t<meta property=\"og:description\" content=\"Von Freitag bis Sonntag wurde gearbeitet, diskutiert, konzipiert und bei bestem Wetter auf dem Neckar in und mit neuen Produkten und Ideen &quot;gestochert&quot;.\" \/>\n\t\t<meta property=\"og:url\" content=\"https:\/\/blog.proofs.de\/cs\/freiefarbe-e-v-rueckblick-mitgliederversammlung-und-vorschau\/\" \/>\n\t\t<meta property=\"og:image\" content=\"https:\/\/blog.proofs.de\/wp-content\/uploads\/2018\/10\/freieFarbe_Mitgliederversammlung_Tuebingen_2018-e1539040905961.jpeg\" \/>\n\t\t<meta property=\"og:image:secure_url\" content=\"https:\/\/blog.proofs.de\/wp-content\/uploads\/2018\/10\/freieFarbe_Mitgliederversammlung_Tuebingen_2018-e1539040905961.jpeg\" \/>\n\t\t<meta property=\"og:image:width\" content=\"1512\" \/>\n\t\t<meta property=\"og:image:height\" content=\"2016\" \/>\n\t\t<meta property=\"article:published_time\" content=\"2018-10-05T23:33:42+00:00\" \/>\n\t\t<meta property=\"article:modified_time\" content=\"2020-05-08T00:16:41+00:00\" \/>\n\t\t<meta property=\"article:publisher\" content=\"https:\/\/www.facebook.com\/Proof.de\/\" \/>\n\t\t<meta name=\"twitter:card\" content=\"summary\" \/>\n\t\t<meta name=\"twitter:title\" content=\"freieFarbe e.V. R\u00fcckblick Mitgliederversammlung | proof.de\" \/>\n\t\t<meta name=\"twitter:description\" content=\"Von Freitag bis Sonntag wurde gearbeitet, diskutiert, konzipiert und bei bestem Wetter auf dem Neckar in und mit neuen Produkten und Ideen &quot;gestochert&quot;.\" \/>\n\t\t<meta name=\"twitter:image\" content=\"https:\/\/blog1.proofen.de\/wp-content\/uploads\/2020\/04\/proof_background.jpg\" \/>\n\t\t<script type=\"application\/ld+json\" class=\"aioseo-schema\">\n\t\t\t{\"@context\":\"https:\\\/\\\/schema.org\",\"@graph\":[{\"@type\":\"Article\",\"@id\":\"https:\\\/\\\/blog.proofs.de\\\/cs\\\/freiefarbe-e-v-rueckblick-mitgliederversammlung-und-vorschau\\\/#article\",\"name\":\"freieFarbe e.V. R\\u00fcckblick Mitgliederversammlung | proof.de\",\"headline\":\"freieFarbe e.V. &#8211; R\\u00fcckblick Mitgliederversammlung und Vorschau\",\"author\":{\"@id\":\"https:\\\/\\\/blog.proofs.de\\\/cs\\\/author\\\/mbetz\\\/#author\"},\"publisher\":{\"@id\":\"https:\\\/\\\/blog.proofs.de\\\/cs\\\/#organization\"},\"image\":{\"@type\":\"ImageObject\",\"url\":\"https:\\\/\\\/blog.proofs.de\\\/wp-content\\\/uploads\\\/2018\\\/10\\\/freieFarbe_Mitgliederversammlung_Tuebingen_2018-e1539040905961.jpeg\",\"width\":1512,\"height\":2016,\"caption\":\"Besuch der Hyperrealismus Ausstellung \\\"almost alive\\\" in der Kunsthalle T\\u00fcbingen\"},\"datePublished\":\"2018-10-06T01:33:42+02:00\",\"dateModified\":\"2020-05-08T02:16:41+02:00\",\"inLanguage\":\"cs-CZ\",\"mainEntityOfPage\":{\"@id\":\"https:\\\/\\\/blog.proofs.de\\\/cs\\\/freiefarbe-e-v-rueckblick-mitgliederversammlung-und-vorschau\\\/#webpage\"},\"isPartOf\":{\"@id\":\"https:\\\/\\\/blog.proofs.de\\\/cs\\\/freiefarbe-e-v-rueckblick-mitgliederversammlung-und-vorschau\\\/#webpage\"},\"articleSection\":\"Allgemein, Proof GmbH, freieFarbe, freieFarbe e.V., Matthias Betz, Mitgliederversammlung, Proof GmbH, T\\u00fcbingen\"},{\"@type\":\"BreadcrumbList\",\"@id\":\"https:\\\/\\\/blog.proofs.de\\\/cs\\\/freiefarbe-e-v-rueckblick-mitgliederversammlung-und-vorschau\\\/#breadcrumblist\",\"itemListElement\":[{\"@type\":\"ListItem\",\"@id\":\"https:\\\/\\\/blog.proofs.de\\\/cs#listItem\",\"position\":1,\"name\":\"Home\",\"item\":\"https:\\\/\\\/blog.proofs.de\\\/cs\",\"nextItem\":{\"@type\":\"ListItem\",\"@id\":\"https:\\\/\\\/blog.proofs.de\\\/cs\\\/thema\\\/proof-wissen\\\/#listItem\",\"name\":\"Proof Wissen\"}},{\"@type\":\"ListItem\",\"@id\":\"https:\\\/\\\/blog.proofs.de\\\/cs\\\/thema\\\/proof-wissen\\\/#listItem\",\"position\":2,\"name\":\"Proof Wissen\",\"item\":\"https:\\\/\\\/blog.proofs.de\\\/cs\\\/thema\\\/proof-wissen\\\/\",\"nextItem\":{\"@type\":\"ListItem\",\"@id\":\"https:\\\/\\\/blog.proofs.de\\\/cs\\\/thema\\\/proof-wissen\\\/kategorie-proof-gmbh\\\/#listItem\",\"name\":\"Proof GmbH\"},\"previousItem\":{\"@type\":\"ListItem\",\"@id\":\"https:\\\/\\\/blog.proofs.de\\\/cs#listItem\",\"name\":\"Home\"}},{\"@type\":\"ListItem\",\"@id\":\"https:\\\/\\\/blog.proofs.de\\\/cs\\\/thema\\\/proof-wissen\\\/kategorie-proof-gmbh\\\/#listItem\",\"position\":3,\"name\":\"Proof GmbH\",\"item\":\"https:\\\/\\\/blog.proofs.de\\\/cs\\\/thema\\\/proof-wissen\\\/kategorie-proof-gmbh\\\/\",\"nextItem\":{\"@type\":\"ListItem\",\"@id\":\"https:\\\/\\\/blog.proofs.de\\\/cs\\\/freiefarbe-e-v-rueckblick-mitgliederversammlung-und-vorschau\\\/#listItem\",\"name\":\"freieFarbe e.V. &#8211; R\\u00fcckblick Mitgliederversammlung und Vorschau\"},\"previousItem\":{\"@type\":\"ListItem\",\"@id\":\"https:\\\/\\\/blog.proofs.de\\\/cs\\\/thema\\\/proof-wissen\\\/#listItem\",\"name\":\"Proof Wissen\"}},{\"@type\":\"ListItem\",\"@id\":\"https:\\\/\\\/blog.proofs.de\\\/cs\\\/freiefarbe-e-v-rueckblick-mitgliederversammlung-und-vorschau\\\/#listItem\",\"position\":4,\"name\":\"freieFarbe e.V. &#8211; R\\u00fcckblick Mitgliederversammlung und Vorschau\",\"previousItem\":{\"@type\":\"ListItem\",\"@id\":\"https:\\\/\\\/blog.proofs.de\\\/cs\\\/thema\\\/proof-wissen\\\/kategorie-proof-gmbh\\\/#listItem\",\"name\":\"Proof GmbH\"}}]},{\"@type\":\"Organization\",\"@id\":\"https:\\\/\\\/blog.proofs.de\\\/cs\\\/#organization\",\"name\":\"Proof GmbH\",\"description\":\"Farbverbindlicher Proof, Farbproof, Digitalproof und Online-Proof.\",\"url\":\"https:\\\/\\\/blog.proofs.de\\\/cs\\\/\",\"telephone\":\"+4970717952740\",\"logo\":{\"@type\":\"ImageObject\",\"url\":\"https:\\\/\\\/blog1.proofen.de\\\/wp-content\\\/uploads\\\/2019\\\/09\\\/logo_proof_rgb_mit_balken_250px.png\",\"@id\":\"https:\\\/\\\/blog.proofs.de\\\/cs\\\/freiefarbe-e-v-rueckblick-mitgliederversammlung-und-vorschau\\\/#organizationLogo\"},\"image\":{\"@id\":\"https:\\\/\\\/blog.proofs.de\\\/cs\\\/freiefarbe-e-v-rueckblick-mitgliederversammlung-und-vorschau\\\/#organizationLogo\"},\"sameAs\":[\"https:\\\/\\\/www.facebook.com\\\/Proof.de\\\/\",\"https:\\\/\\\/www.instagram.com\\\/proof.de\\\/\",\"https:\\\/\\\/www.tiktok.com\\\/@proof_de\",\"https:\\\/\\\/www.youtube.com\\\/channel\\\/UCk80fQVQ25wC9wu3SywB-Nw\",\"https:\\\/\\\/www.linkedin.com\\\/company\\\/proof-de\"]},{\"@type\":\"Person\",\"@id\":\"https:\\\/\\\/blog.proofs.de\\\/cs\\\/author\\\/mbetz\\\/#author\",\"url\":\"https:\\\/\\\/blog.proofs.de\\\/cs\\\/author\\\/mbetz\\\/\",\"name\":\"Matthias Betz\",\"image\":{\"@type\":\"ImageObject\",\"@id\":\"https:\\\/\\\/blog.proofs.de\\\/cs\\\/freiefarbe-e-v-rueckblick-mitgliederversammlung-und-vorschau\\\/#authorImage\",\"url\":\"https:\\\/\\\/blog.proofs.de\\\/wp-content\\\/uploads\\\/2020\\\/10\\\/matthias-betz-e1603934518350-150x150.png\",\"width\":96,\"height\":96,\"caption\":\"Matthias Betz\"}},{\"@type\":\"WebPage\",\"@id\":\"https:\\\/\\\/blog.proofs.de\\\/cs\\\/freiefarbe-e-v-rueckblick-mitgliederversammlung-und-vorschau\\\/#webpage\",\"url\":\"https:\\\/\\\/blog.proofs.de\\\/cs\\\/freiefarbe-e-v-rueckblick-mitgliederversammlung-und-vorschau\\\/\",\"name\":\"freieFarbe e.V. R\\u00fcckblick Mitgliederversammlung | proof.de\",\"description\":\"Von Freitag bis Sonntag wurde gearbeitet, diskutiert, konzipiert und bei bestem Wetter auf dem Neckar in und mit neuen Produkten und Ideen \\\"gestochert\\\".\",\"inLanguage\":\"cs-CZ\",\"isPartOf\":{\"@id\":\"https:\\\/\\\/blog.proofs.de\\\/cs\\\/#website\"},\"breadcrumb\":{\"@id\":\"https:\\\/\\\/blog.proofs.de\\\/cs\\\/freiefarbe-e-v-rueckblick-mitgliederversammlung-und-vorschau\\\/#breadcrumblist\"},\"author\":{\"@id\":\"https:\\\/\\\/blog.proofs.de\\\/cs\\\/author\\\/mbetz\\\/#author\"},\"creator\":{\"@id\":\"https:\\\/\\\/blog.proofs.de\\\/cs\\\/author\\\/mbetz\\\/#author\"},\"image\":{\"@type\":\"ImageObject\",\"url\":\"https:\\\/\\\/blog.proofs.de\\\/wp-content\\\/uploads\\\/2018\\\/10\\\/freieFarbe_Mitgliederversammlung_Tuebingen_2018-e1539040905961.jpeg\",\"@id\":\"https:\\\/\\\/blog.proofs.de\\\/cs\\\/freiefarbe-e-v-rueckblick-mitgliederversammlung-und-vorschau\\\/#mainImage\",\"width\":1512,\"height\":2016,\"caption\":\"Besuch der Hyperrealismus Ausstellung \\\"almost alive\\\" in der Kunsthalle T\\u00fcbingen\"},\"primaryImageOfPage\":{\"@id\":\"https:\\\/\\\/blog.proofs.de\\\/cs\\\/freiefarbe-e-v-rueckblick-mitgliederversammlung-und-vorschau\\\/#mainImage\"},\"datePublished\":\"2018-10-06T01:33:42+02:00\",\"dateModified\":\"2020-05-08T02:16:41+02:00\"},{\"@type\":\"WebSite\",\"@id\":\"https:\\\/\\\/blog.proofs.de\\\/cs\\\/#website\",\"url\":\"https:\\\/\\\/blog.proofs.de\\\/cs\\\/\",\"name\":\"Proof.de\",\"description\":\"Farbverbindlicher Proof, Farbproof, Digitalproof und Online-Proof.\",\"inLanguage\":\"cs-CZ\",\"publisher\":{\"@id\":\"https:\\\/\\\/blog.proofs.de\\\/cs\\\/#organization\"}}]}\n\t\t<\/script>\n\t\t<!-- All in One SEO -->\n\n","aioseo_head_json":{"title":"freieFarbe e.V. Review General Meeting | proof.de","description":"Od p\u00e1tku do ned\u011ble se pracovalo, diskutovalo, vym\u00fd\u0161lely se koncepty a v nejlep\u0161\u00edm po\u010das\u00ed se na \u0159ece Neckar \"po\u0161\u0165uchovaly\" nov\u00e9 v\u00fdrobky a n\u00e1pady.","canonical_url":"https:\/\/blog.proofs.de\/cs\/freiefarbe-e-v-rueckblick-mitgliederversammlung-und-vorschau\/","robots":"max-image-preview:large","keywords":"freiefarbe,freiefarbe e.v.,mitgliederversammlung,proof gmbh,matthias betz,t\u00fcbingen,freiefarbe,freiefarbe e.v.,matthias betz,mitgliederversammlung,proof gmbh,t\u00fcbingen","webmasterTools":{"google-site-verification":"TuXxyRwxcEg2-WfOaQ8vScWQh3-uBAnxXmY7g3GT90A","miscellaneous":"&lt;meta name=\"seobility\" content=\"593a8578143db71543f014978c690d47\"&gt;"},"schema":{"@context":"https:\/\/schema.org","@graph":[{"@type":"Article","@id":"https:\/\/blog.proofs.de\/cs\/freiefarbe-e-v-rueckblick-mitgliederversammlung-und-vorschau\/#article","name":"freieFarbe e.V. R\u00fcckblick Mitgliederversammlung | proof.de","headline":"freieFarbe e.V. &#8211; R\u00fcckblick Mitgliederversammlung und Vorschau","author":{"@id":"https:\/\/blog.proofs.de\/cs\/author\/mbetz\/#author"},"publisher":{"@id":"https:\/\/blog.proofs.de\/cs\/#organization"},"image":{"@type":"ImageObject","url":"https:\/\/blog.proofs.de\/wp-content\/uploads\/2018\/10\/freieFarbe_Mitgliederversammlung_Tuebingen_2018-e1539040905961.jpeg","width":1512,"height":2016,"caption":"Besuch der Hyperrealismus Ausstellung \"almost alive\" in der Kunsthalle T\u00fcbingen"},"datePublished":"2018-10-06T01:33:42+02:00","dateModified":"2020-05-08T02:16:41+02:00","inLanguage":"cs-CZ","mainEntityOfPage":{"@id":"https:\/\/blog.proofs.de\/cs\/freiefarbe-e-v-rueckblick-mitgliederversammlung-und-vorschau\/#webpage"},"isPartOf":{"@id":"https:\/\/blog.proofs.de\/cs\/freiefarbe-e-v-rueckblick-mitgliederversammlung-und-vorschau\/#webpage"},"articleSection":"Allgemein, Proof GmbH, freieFarbe, freieFarbe e.V., Matthias Betz, Mitgliederversammlung, Proof GmbH, T\u00fcbingen"},{"@type":"BreadcrumbList","@id":"https:\/\/blog.proofs.de\/cs\/freiefarbe-e-v-rueckblick-mitgliederversammlung-und-vorschau\/#breadcrumblist","itemListElement":[{"@type":"ListItem","@id":"https:\/\/blog.proofs.de\/cs#listItem","position":1,"name":"Home","item":"https:\/\/blog.proofs.de\/cs","nextItem":{"@type":"ListItem","@id":"https:\/\/blog.proofs.de\/cs\/thema\/proof-wissen\/#listItem","name":"Proof Wissen"}},{"@type":"ListItem","@id":"https:\/\/blog.proofs.de\/cs\/thema\/proof-wissen\/#listItem","position":2,"name":"Proof Wissen","item":"https:\/\/blog.proofs.de\/cs\/thema\/proof-wissen\/","nextItem":{"@type":"ListItem","@id":"https:\/\/blog.proofs.de\/cs\/thema\/proof-wissen\/kategorie-proof-gmbh\/#listItem","name":"Proof GmbH"},"previousItem":{"@type":"ListItem","@id":"https:\/\/blog.proofs.de\/cs#listItem","name":"Home"}},{"@type":"ListItem","@id":"https:\/\/blog.proofs.de\/cs\/thema\/proof-wissen\/kategorie-proof-gmbh\/#listItem","position":3,"name":"Proof GmbH","item":"https:\/\/blog.proofs.de\/cs\/thema\/proof-wissen\/kategorie-proof-gmbh\/","nextItem":{"@type":"ListItem","@id":"https:\/\/blog.proofs.de\/cs\/freiefarbe-e-v-rueckblick-mitgliederversammlung-und-vorschau\/#listItem","name":"freieFarbe e.V. &#8211; R\u00fcckblick Mitgliederversammlung und Vorschau"},"previousItem":{"@type":"ListItem","@id":"https:\/\/blog.proofs.de\/cs\/thema\/proof-wissen\/#listItem","name":"Proof Wissen"}},{"@type":"ListItem","@id":"https:\/\/blog.proofs.de\/cs\/freiefarbe-e-v-rueckblick-mitgliederversammlung-und-vorschau\/#listItem","position":4,"name":"freieFarbe e.V. &#8211; R\u00fcckblick Mitgliederversammlung und Vorschau","previousItem":{"@type":"ListItem","@id":"https:\/\/blog.proofs.de\/cs\/thema\/proof-wissen\/kategorie-proof-gmbh\/#listItem","name":"Proof GmbH"}}]},{"@type":"Organization","@id":"https:\/\/blog.proofs.de\/cs\/#organization","name":"Proof GmbH","description":"Farbverbindlicher Proof, Farbproof, Digitalproof und Online-Proof.","url":"https:\/\/blog.proofs.de\/cs\/","telephone":"+4970717952740","logo":{"@type":"ImageObject","url":"https:\/\/blog1.proofen.de\/wp-content\/uploads\/2019\/09\/logo_proof_rgb_mit_balken_250px.png","@id":"https:\/\/blog.proofs.de\/cs\/freiefarbe-e-v-rueckblick-mitgliederversammlung-und-vorschau\/#organizationLogo"},"image":{"@id":"https:\/\/blog.proofs.de\/cs\/freiefarbe-e-v-rueckblick-mitgliederversammlung-und-vorschau\/#organizationLogo"},"sameAs":["https:\/\/www.facebook.com\/Proof.de\/","https:\/\/www.instagram.com\/proof.de\/","https:\/\/www.tiktok.com\/@proof_de","https:\/\/www.youtube.com\/channel\/UCk80fQVQ25wC9wu3SywB-Nw","https:\/\/www.linkedin.com\/company\/proof-de"]},{"@type":"Person","@id":"https:\/\/blog.proofs.de\/cs\/author\/mbetz\/#author","url":"https:\/\/blog.proofs.de\/cs\/author\/mbetz\/","name":"Matthias Betz","image":{"@type":"ImageObject","@id":"https:\/\/blog.proofs.de\/cs\/freiefarbe-e-v-rueckblick-mitgliederversammlung-und-vorschau\/#authorImage","url":"https:\/\/blog.proofs.de\/wp-content\/uploads\/2020\/10\/matthias-betz-e1603934518350-150x150.png","width":96,"height":96,"caption":"Matthias Betz"}},{"@type":"WebPage","@id":"https:\/\/blog.proofs.de\/cs\/freiefarbe-e-v-rueckblick-mitgliederversammlung-und-vorschau\/#webpage","url":"https:\/\/blog.proofs.de\/cs\/freiefarbe-e-v-rueckblick-mitgliederversammlung-und-vorschau\/","name":"freieFarbe e.V. R\u00fcckblick Mitgliederversammlung | proof.de","description":"Von Freitag bis Sonntag wurde gearbeitet, diskutiert, konzipiert und bei bestem Wetter auf dem Neckar in und mit neuen Produkten und Ideen \"gestochert\".","inLanguage":"cs-CZ","isPartOf":{"@id":"https:\/\/blog.proofs.de\/cs\/#website"},"breadcrumb":{"@id":"https:\/\/blog.proofs.de\/cs\/freiefarbe-e-v-rueckblick-mitgliederversammlung-und-vorschau\/#breadcrumblist"},"author":{"@id":"https:\/\/blog.proofs.de\/cs\/author\/mbetz\/#author"},"creator":{"@id":"https:\/\/blog.proofs.de\/cs\/author\/mbetz\/#author"},"image":{"@type":"ImageObject","url":"https:\/\/blog.proofs.de\/wp-content\/uploads\/2018\/10\/freieFarbe_Mitgliederversammlung_Tuebingen_2018-e1539040905961.jpeg","@id":"https:\/\/blog.proofs.de\/cs\/freiefarbe-e-v-rueckblick-mitgliederversammlung-und-vorschau\/#mainImage","width":1512,"height":2016,"caption":"Besuch der Hyperrealismus Ausstellung \"almost alive\" in der Kunsthalle T\u00fcbingen"},"primaryImageOfPage":{"@id":"https:\/\/blog.proofs.de\/cs\/freiefarbe-e-v-rueckblick-mitgliederversammlung-und-vorschau\/#mainImage"},"datePublished":"2018-10-06T01:33:42+02:00","dateModified":"2020-05-08T02:16:41+02:00"},{"@type":"WebSite","@id":"https:\/\/blog.proofs.de\/cs\/#website","url":"https:\/\/blog.proofs.de\/cs\/","name":"Proof.de","description":"Farbverbindlicher Proof, Farbproof, Digitalproof und Online-Proof.","inLanguage":"cs-CZ","publisher":{"@id":"https:\/\/blog.proofs.de\/cs\/#organization"}}]},"og:locale":"cs_CZ","og:site_name":"Proof.de | Alles zu Proof, Farbmanagement, Grafik, Messtechnik &amp; Co.","og:type":"article","og:title":"freieFarbe e.V. R\u00fcckblick Mitgliederversammlung | proof.de","og:description":"Von Freitag bis Sonntag wurde gearbeitet, diskutiert, konzipiert und bei bestem Wetter auf dem Neckar in und mit neuen Produkten und Ideen &quot;gestochert&quot;.","og:url":"https:\/\/blog.proofs.de\/cs\/freiefarbe-e-v-rueckblick-mitgliederversammlung-und-vorschau\/","og:image":"https:\/\/blog.proofs.de\/wp-content\/uploads\/2018\/10\/freieFarbe_Mitgliederversammlung_Tuebingen_2018-e1539040905961.jpeg","og:image:secure_url":"https:\/\/blog.proofs.de\/wp-content\/uploads\/2018\/10\/freieFarbe_Mitgliederversammlung_Tuebingen_2018-e1539040905961.jpeg","og:image:width":1512,"og:image:height":2016,"article:published_time":"2018-10-05T23:33:42+00:00","article:modified_time":"2020-05-08T00:16:41+00:00","article:publisher":"https:\/\/www.facebook.com\/Proof.de\/","twitter:card":"summary","twitter:title":"freieFarbe e.V. R\u00fcckblick Mitgliederversammlung | proof.de","twitter:description":"Von Freitag bis Sonntag wurde gearbeitet, diskutiert, konzipiert und bei bestem Wetter auf dem Neckar in und mit neuen Produkten und Ideen &quot;gestochert&quot;.","twitter:image":"https:\/\/blog1.proofen.de\/wp-content\/uploads\/2020\/04\/proof_background.jpg"},"aioseo_meta_data":{"post_id":"2156","title":"freieFarbe e.V. Zp\u011btn\u00fd pohled na valnou hromadu | proof.de","description":"Od p\u00e1tku do ned\u011ble jsme pracovali, diskutovali, vym\u00fd\u0161leli a za n\u00e1dhern\u00e9ho po\u010das\u00ed na Neckaru \"experimentovali\" s nov\u00fdmi produkty a n\u00e1pady.","keywords":[{"label":"freieFarbe,freieFarbe e.V.,Mitgliederversammlung,Proof GmbH,Matthias Betz,T\u00fcbingen","value":"freieFarbe,freieFarbe e.V.,Mitgliederversammlung,Proof GmbH,Matthias Betz,T\u00fcbingen"}],"keyphrases":null,"primary_term":null,"canonical_url":null,"og_title":null,"og_description":null,"og_object_type":"default","og_image_type":"default","og_image_url":null,"og_image_width":null,"og_image_height":null,"og_image_custom_url":null,"og_image_custom_fields":null,"og_video":null,"og_custom_url":null,"og_article_section":null,"og_article_tags":null,"twitter_use_og":false,"twitter_card":"default","twitter_image_type":"default","twitter_image_url":null,"twitter_image_custom_url":null,"twitter_image_custom_fields":null,"twitter_title":null,"twitter_description":null,"schema":{"blockGraphs":[],"customGraphs":[],"default":{"data":{"Article":[],"Course":[],"Dataset":[],"FAQPage":[],"Movie":[],"Person":[],"Product":[],"ProductReview":[],"Car":[],"Recipe":[],"Service":[],"SoftwareApplication":[],"WebPage":[]},"graphName":"","isEnabled":true},"graphs":[],"defaultGraph":"","defaultPostTypeGraph":""},"schema_type":null,"schema_type_options":null,"pillar_content":false,"robots_default":true,"robots_noindex":false,"robots_noarchive":false,"robots_nosnippet":false,"robots_nofollow":false,"robots_noimageindex":false,"robots_noodp":false,"robots_notranslate":false,"robots_max_snippet":null,"robots_max_videopreview":null,"robots_max_imagepreview":"large","priority":null,"frequency":null,"local_seo":null,"breadcrumb_settings":null,"limit_modified_date":false,"ai":null,"created":"2020-12-21 00:33:58","updated":"2025-06-04 14:23:05","seo_analyzer_scan_date":null,"focus_keyword":null,"additional_keywords":null,"truseo_locale":null},"_links":{"self":[{"href":"https:\/\/blog.proofs.de\/cs\/wp-json\/wp\/v2\/posts\/2156","targetHints":{"allow":["GET"]}}],"collection":[{"href":"https:\/\/blog.proofs.de\/cs\/wp-json\/wp\/v2\/posts"}],"about":[{"href":"https:\/\/blog.proofs.de\/cs\/wp-json\/wp\/v2\/types\/post"}],"author":[{"embeddable":true,"href":"https:\/\/blog.proofs.de\/cs\/wp-json\/wp\/v2\/users\/2"}],"replies":[{"embeddable":true,"href":"https:\/\/blog.proofs.de\/cs\/wp-json\/wp\/v2\/comments?post=2156"}],"version-history":[{"count":6,"href":"https:\/\/blog.proofs.de\/cs\/wp-json\/wp\/v2\/posts\/2156\/revisions"}],"predecessor-version":[{"id":3325,"href":"https:\/\/blog.proofs.de\/cs\/wp-json\/wp\/v2\/posts\/2156\/revisions\/3325"}],"wp:featuredmedia":[{"embeddable":true,"href":"https:\/\/blog.proofs.de\/cs\/wp-json\/wp\/v2\/media\/2158"}],"wp:attachment":[{"href":"https:\/\/blog.proofs.de\/cs\/wp-json\/wp\/v2\/media?parent=2156"}],"wp:term":[{"taxonomy":"category","embeddable":true,"href":"https:\/\/blog.proofs.de\/cs\/wp-json\/wp\/v2\/categories?post=2156"},{"taxonomy":"post_tag","embeddable":true,"href":"https:\/\/blog.proofs.de\/cs\/wp-json\/wp\/v2\/tags?post=2156"}],"curies":[{"name":"wp","href":"https:\/\/api.w.org\/{rel}","templated":true}]}}