{"id":6127,"date":"2025-08-01T12:15:43","date_gmt":"2025-08-01T10:15:43","guid":{"rendered":"https:\/\/www.proof.de\/?p=6127"},"modified":"2025-08-04T17:36:35","modified_gmt":"2025-08-04T15:36:35","slug":"x-rite-i1profiler-jiz-nepodporuje-i1pro2-a-i1display","status":"publish","type":"post","link":"https:\/\/blog.proofs.de\/cs\/x-rite-i1profiler-unterstuetzt-i1pro2-und-i1display-nicht-mehr\/","title":{"rendered":"X-Rite i1Profiler ji\u017e nepodporuje i1Pro2 a i1iO 2"},"content":{"rendered":"<div class=\"kk-star-ratings kksr-auto kksr-align-right kksr-valign-top\" data-payload='{\"align\":\"right\",\"id\":\"6127\",\"slug\":\"default\",\"valign\":\"top\",\"ignore\":\"\",\"reference\":\"auto\",\"class\":\"\",\"count\":\"2\",\"legendonly\":\"\",\"readonly\":\"\",\"score\":\"5\",\"starsonly\":\"\",\"best\":\"5\",\"gap\":\"5\",\"greet\":\"Jetzt bewerten\",\"legend\":\"5\\\/5 - (2 votes)\",\"size\":\"24\",\"title\":\"X-Rite i1Profiler unterst&uuml;tzt i1Pro2 und und i1iO 2 nicht mehr\",\"width\":\"142.5\",\"_legend\":\"{score}\\\/{best} - ({count} {votes})\",\"font_factor\":\"1.25\"}'>\n            \n<div class=\"kksr-stars\">\n    \n<div class=\"kksr-stars-inactive\">\n            <div class=\"kksr-star\" data-star=\"1\" style=\"padding-right: 5px\">\n            \n\n<div class=\"kksr-icon\" style=\"width: 24px; height: 24px;\"><\/div>\n        <\/div>\n            <div class=\"kksr-star\" data-star=\"2\" style=\"padding-right: 5px\">\n            \n\n<div class=\"kksr-icon\" style=\"width: 24px; height: 24px;\"><\/div>\n        <\/div>\n            <div class=\"kksr-star\" data-star=\"3\" style=\"padding-right: 5px\">\n            \n\n<div class=\"kksr-icon\" style=\"width: 24px; height: 24px;\"><\/div>\n        <\/div>\n            <div class=\"kksr-star\" data-star=\"4\" style=\"padding-right: 5px\">\n            \n\n<div class=\"kksr-icon\" style=\"width: 24px; height: 24px;\"><\/div>\n        <\/div>\n            <div class=\"kksr-star\" data-star=\"5\" style=\"padding-right: 5px\">\n            \n\n<div class=\"kksr-icon\" style=\"width: 24px; height: 24px;\"><\/div>\n        <\/div>\n    <\/div>\n    \n<div class=\"kksr-stars-active\" style=\"width: 142.5px;\">\n            <div class=\"kksr-star\" style=\"padding-right: 5px\">\n            \n\n<div class=\"kksr-icon\" style=\"width: 24px; height: 24px;\"><\/div>\n        <\/div>\n            <div class=\"kksr-star\" style=\"padding-right: 5px\">\n            \n\n<div class=\"kksr-icon\" style=\"width: 24px; height: 24px;\"><\/div>\n        <\/div>\n            <div class=\"kksr-star\" style=\"padding-right: 5px\">\n            \n\n<div class=\"kksr-icon\" style=\"width: 24px; height: 24px;\"><\/div>\n        <\/div>\n            <div class=\"kksr-star\" style=\"padding-right: 5px\">\n            \n\n<div class=\"kksr-icon\" style=\"width: 24px; height: 24px;\"><\/div>\n        <\/div>\n            <div class=\"kksr-star\" style=\"padding-right: 5px\">\n            \n\n<div class=\"kksr-icon\" style=\"width: 24px; height: 24px;\"><\/div>\n        <\/div>\n    <\/div>\n<\/div>\n                \n\n<div class=\"kksr-legend\" style=\"font-size: 19.2px;\">\n            5\/5 - (2 hlasy)    <\/div>\n    <\/div>\n\n<p class=\"wp-block-paragraph\">Ka\u017ed\u00fd, kdo v posledn\u00edch t\u00fddnech p\u0159einstaloval nebo aktualizoval aplikaci i1 Profiler, se setkal se znepokojivou zpr\u00e1vou: Spole\u010dnost X-Rite p\u0159\u00edmo v \u00favodn\u00edm okn\u011b ozn\u00e1mila, \u017ee ji\u017e nebude podporovat sv\u00e1 nesm\u00edrn\u011b popul\u00e1rn\u00ed za\u0159\u00edzen\u00ed i1Display a i1Pro2. <\/p>\n\n\n<div class=\"wp-block-image\">\n<figure class=\"alignright size-large is-resized\"><a href=\"http:\/\/blog.proofs.de\/wp-content\/uploads\/2025\/08\/X-Rite_Meldung_i1_Profiler_wegen_i1Pro2_und_i1iO2.png\"><img loading=\"lazy\" decoding=\"async\" width=\"1024\" height=\"697\" src=\"http:\/\/blog.proofs.de\/wp-content\/uploads\/2025\/08\/X-Rite_Meldung_i1_Profiler_wegen_i1Pro2_und_i1iO2-1024x697.png\" alt=\"Zpr\u00e1va spole\u010dnosti X-Rite v aplikaci i1 Profiler o konci i1Pro 2 a i1iO 2\" class=\"wp-image-6140\" style=\"width:483px;height:auto\" srcset=\"https:\/\/blog.proofs.de\/wp-content\/uploads\/2025\/08\/X-Rite_Meldung_i1_Profiler_wegen_i1Pro2_und_i1iO2-1024x697.png 1024w, https:\/\/blog.proofs.de\/wp-content\/uploads\/2025\/08\/X-Rite_Meldung_i1_Profiler_wegen_i1Pro2_und_i1iO2-300x204.png 300w, https:\/\/blog.proofs.de\/wp-content\/uploads\/2025\/08\/X-Rite_Meldung_i1_Profiler_wegen_i1Pro2_und_i1iO2-768x523.png 768w, https:\/\/blog.proofs.de\/wp-content\/uploads\/2025\/08\/X-Rite_Meldung_i1_Profiler_wegen_i1Pro2_und_i1iO2-18x12.png 18w, https:\/\/blog.proofs.de\/wp-content\/uploads\/2025\/08\/X-Rite_Meldung_i1_Profiler_wegen_i1Pro2_und_i1iO2.png 1128w\" sizes=\"auto, (max-width: 1024px) 100vw, 1024px\"><\/a><\/figure>\n<\/div>\n\n\n<blockquote class=\"wp-block-quote is-layout-flow wp-block-quote-is-layout-flow\">\n<p class=\"wp-block-paragraph\">\"<strong>D\u016fle\u017eit\u00e1 pozn\u00e1mka<\/strong><\/p>\n\n\n\n<p class=\"wp-block-paragraph\">Platnost \u0159ady za\u0159\u00edzen\u00ed i1Pro 2 skon\u010dila 1. ledna 2025. i1Pro 2 a i1iO 2 nebudou od 1. ledna 2026 nad\u00e1le podporov\u00e1ny aplikac\u00ed i1Profiler. Pro upgrade na i1Pro 3 se obra\u0165te na prodejce spole\u010dnosti X-Rite. <\/p>\n\n\n\n<p class=\"wp-block-paragraph\">i1Profiler ji\u017e nepodporuje za\u0159\u00edzen\u00ed X-Rite i1Display Pro a i1Display Pro Plus. Ty jsou v\u0161ak podporov\u00e1ny softwarem od spole\u010dnosti Calibrite, partnera spole\u010dnosti X-Rite. Nav\u0161tivte pros\u00edm <a href=\"https:\/\/www.xrite.com\/contact-us\/contact-us-form\" title=\"\">Upgrady syst\u00e9mu X-Rite i1Display<\/a>zjistit v\u00edce informac\u00ed.\"&nbsp;<\/p>\n<\/blockquote>\n\n\n\n<p class=\"wp-block-paragraph\">P\u0159edev\u0161\u00edm u\u017eivatel\u00e9 tisku a <a href=\"https:\/\/blog.proofs.de\/cs\/lexikon\/farbmanagement\/\" target=\"_self\" title=\"C\u00edlem spr\u00e1vy barev je zajistit co nejpodobn\u011bj\u0161\u00ed reprodukci barev na r\u016fzn\u00fdch za\u0159\u00edzen\u00edch, jako jsou fotoapar\u00e1ty, skenery, monitory, laserov\u00e9, inkoustov\u00e9 a ofsetov\u00e9 tisk\u00e1rny a mnoho dal\u0161\u00edch.\" class=\"encyclopedia\">Spr\u00e1va barev<\/a> nesm\u00edrn\u011b popul\u00e1rn\u00ed za\u0159\u00edzen\u00ed i1Pro 2 a stoly i1iO 2 budou t\u00edmto ozn\u00e1men\u00edm siln\u011b zasa\u017eeny: Investice ve v\u00fd\u0161i 6 000 EUR se rychle ocitne na elektronick\u00e9 hrom\u00e1dce \u0161rotu. Co v\u0161ak m\u016f\u017eete d\u011blat, pokud takovou kombinaci vlastn\u00edte nebo m\u00e1te ve firm\u011b mnoho m\u011b\u0159ic\u00edch p\u0159\u00edstroj\u016f i1Pro 2?<\/p>\n\n\n\n<figure class=\"wp-block-gallery has-nested-images columns-default is-cropped wp-block-gallery-2 is-layout-flex wp-block-gallery-is-layout-flex\">\n<figure class=\"wp-block-image size-large\"><a href=\"http:\/\/blog.proofs.de\/wp-content\/uploads\/2025\/07\/Proof_de_X-Rite_i1Pro_2_produktbild_web.jpg\"><img loading=\"lazy\" decoding=\"async\" width=\"1024\" height=\"683\" data-id=\"6136\" src=\"http:\/\/blog.proofs.de\/wp-content\/uploads\/2025\/07\/Proof_de_X-Rite_i1Pro_2_produktbild_web-1024x683.jpg\" alt=\"Proof.de: Obr\u00e1zek produktu X-Rite i1iPro 2\" class=\"wp-image-6136\" srcset=\"https:\/\/blog.proofs.de\/wp-content\/uploads\/2025\/07\/Proof_de_X-Rite_i1Pro_2_produktbild_web-1024x683.jpg 1024w, https:\/\/blog.proofs.de\/wp-content\/uploads\/2025\/07\/Proof_de_X-Rite_i1Pro_2_produktbild_web-300x200.jpg 300w, https:\/\/blog.proofs.de\/wp-content\/uploads\/2025\/07\/Proof_de_X-Rite_i1Pro_2_produktbild_web-768x512.jpg 768w, https:\/\/blog.proofs.de\/wp-content\/uploads\/2025\/07\/Proof_de_X-Rite_i1Pro_2_produktbild_web-1536x1024.jpg 1536w, https:\/\/blog.proofs.de\/wp-content\/uploads\/2025\/07\/Proof_de_X-Rite_i1Pro_2_produktbild_web-18x12.jpg 18w, https:\/\/blog.proofs.de\/wp-content\/uploads\/2025\/07\/Proof_de_X-Rite_i1Pro_2_produktbild_web.jpg 1800w\" sizes=\"auto, (max-width: 1024px) 100vw, 1024px\"><\/a><figcaption class=\"wp-element-caption\"><a href=\"https:\/\/blog.proofs.de\/cs\/lexikon\/proof\/\" target=\"_self\" title=\"Kontroln\u00ed n\u00e1tisk (spr\u00e1vn\u011b: smluvn\u00ed n\u00e1tisk) je certifikovan\u00e9 kontroln\u00ed za\u0159\u00edzen\u00ed podle normy ISO 12647-7 pro grafick\u00fd pr\u016fmysl. Kontroln\u00ed n\u00e1tisk simuluje barevnost ofsetov\u00e9ho nebo hlubotiskov\u00e9ho tisku barevn\u011b a pr\u00e1vn\u011b z\u00e1vazn\u00fdm zp\u016fsobem v r\u00e1mci \u00fazk\u00fdch toleranc\u00ed normy ISO.\" class=\"encyclopedia\">D\u016fkaz<\/a>.de: Obr\u00e1zek produktu X-Rite i1iPro 2<\/figcaption><\/figure>\n\n\n\n<figure class=\"wp-block-image size-large\"><a href=\"http:\/\/blog.proofs.de\/wp-content\/uploads\/2025\/07\/Proof_de_X-Rite_i1iO_2_produktbild_web.jpg\"><img loading=\"lazy\" decoding=\"async\" width=\"1024\" height=\"683\" data-id=\"6135\" src=\"http:\/\/blog.proofs.de\/wp-content\/uploads\/2025\/07\/Proof_de_X-Rite_i1iO_2_produktbild_web-1024x683.jpg\" alt=\"Proof.de: Obr\u00e1zek produktu X-Rite i1iO 2\" class=\"wp-image-6135\" srcset=\"https:\/\/blog.proofs.de\/wp-content\/uploads\/2025\/07\/Proof_de_X-Rite_i1iO_2_produktbild_web-1024x683.jpg 1024w, https:\/\/blog.proofs.de\/wp-content\/uploads\/2025\/07\/Proof_de_X-Rite_i1iO_2_produktbild_web-300x200.jpg 300w, https:\/\/blog.proofs.de\/wp-content\/uploads\/2025\/07\/Proof_de_X-Rite_i1iO_2_produktbild_web-768x512.jpg 768w, https:\/\/blog.proofs.de\/wp-content\/uploads\/2025\/07\/Proof_de_X-Rite_i1iO_2_produktbild_web-1536x1024.jpg 1536w, https:\/\/blog.proofs.de\/wp-content\/uploads\/2025\/07\/Proof_de_X-Rite_i1iO_2_produktbild_web-18x12.jpg 18w, https:\/\/blog.proofs.de\/wp-content\/uploads\/2025\/07\/Proof_de_X-Rite_i1iO_2_produktbild_web.jpg 1800w\" sizes=\"auto, (max-width: 1024px) 100vw, 1024px\"><\/a><figcaption class=\"wp-element-caption\">Proof.de: Obr\u00e1zek produktu X-Rite i1iO 2<\/figcaption><\/figure>\n<\/figure>\n\n\n\n<h2 class=\"wp-block-heading\">Co d\u011blat? Mo\u017enost 1: Pokra\u010dujte v provozu po\u010d\u00edta\u010de se \"star\u00fdm\" softwarem i1 Profiler.<\/h2>\n\n\n\n<p class=\"wp-block-paragraph\">P\u0159ipravte si po\u010d\u00edta\u010d, na kter\u00e9m m\u016f\u017eete udr\u017eovat posledn\u00ed software, kter\u00fd tato za\u0159\u00edzen\u00ed je\u0161t\u011b podporuje. Proto\u017ee, jak n\u00e1m sd\u011blil t\u00fdm podpory spole\u010dnosti X-Rite: <\/p>\n\n\n\n<blockquote class=\"wp-block-quote is-layout-flow wp-block-quote-is-layout-flow\">\n<p class=\"wp-block-paragraph\">\"... dokud bude verze, kter\u00e1 m\u00e1 v sob\u011b je\u0161t\u011b i1Pro 2, fungovat na sou\u010dasn\u00fdch opera\u010dn\u00edch syst\u00e9mech Mac \/ Windows (tj. i po lednu 2026), m\u016f\u017eete ji nad\u00e1le pou\u017e\u00edvat. <a href=\"https:\/\/blog.proofs.de\/cs\/lexikon\/nutzen\/\" target=\"_self\" title=\"Po\u010det panel\u016f ud\u00e1v\u00e1, kolik str\u00e1nek lze um\u00edstit (a tedy vytisknout) na jeden tiskov\u00fd arch.\" class=\"encyclopedia\">pou\u017e\u00edt<\/a>.\" <\/p>\n<\/blockquote>\n\n\n\n<p class=\"wp-block-paragraph\">P\u0159ipravte se tedy na to, \u017ee star\u0161\u00ed Mac Mini s nejnov\u011bj\u0161\u00edm softwarem i1 Profiler, kter\u00fd i nad\u00e1le podporuje i1Pro 2, bude zaparkovan\u00fd n\u011bkde v rohu kancel\u00e1\u0159e, abyste mohli i nad\u00e1le obsluhovat st\u016fl iO a i1. Existuje jin\u00e1 alternativa? Zde v\u00e1m m\u016f\u017ee poradit i podpora spole\u010dnosti X-Rite:<\/p>\n\n\n\n<h2 class=\"wp-block-heading\">Mo\u017enost 2: Koupit nov\u00fd i1Pro 3 a p\u0159en\u00e9st licenci i1 Profiler do nov\u00e9ho za\u0159\u00edzen\u00ed.<\/h2>\n\n\n\n<p class=\"wp-block-paragraph\">Spole\u010dnost X-Rite p\u00ed\u0161e: <\/p>\n\n\n\n<blockquote class=\"wp-block-quote is-layout-flow wp-block-quote-is-layout-flow\">\n<p class=\"wp-block-paragraph\">\"V sou\u010dasn\u00e9 verzi i1Profileru (a na podzim 2025 se o\u010dek\u00e1v\u00e1 dal\u0161\u00ed verze, kter\u00e1 bude zahrnovat i i1Pro 2) m\u016f\u017eete p\u0159en\u00e9st licence z i1Pro 2 do i1Pro 3 pomoc\u00ed funkce \"P\u0159enos licenc\u00ed\" (volba v hlavn\u00edm okn\u011b i1Profileru).<\/p>\n<\/blockquote>\n\n\n\n<p class=\"wp-block-paragraph\">Tuto informaci lze nal\u00e9zt tak\u00e9 p\u0159\u00edmo v softwaru:<\/p>\n\n\n\n<figure class=\"wp-block-image size-large\"><a href=\"http:\/\/blog.proofs.de\/wp-content\/uploads\/2025\/07\/x-rite_i1Pro_2_Lizenzuebertragung_auf_i1Pro_3-scaled.jpg\"><img loading=\"lazy\" decoding=\"async\" width=\"1024\" height=\"639\" src=\"http:\/\/blog.proofs.de\/wp-content\/uploads\/2025\/07\/x-rite_i1Pro_2_Lizenzuebertragung_auf_i1Pro_3-1024x639.jpg\" alt=\"Dialog pro p\u0159enos licenc\u00ed v aplikaci X-Rite i1 Profiler z i1Pro 2 do i1Pro 3 nebo i1Pro 3 PLUS\" class=\"wp-image-6129\" srcset=\"https:\/\/blog.proofs.de\/wp-content\/uploads\/2025\/07\/x-rite_i1Pro_2_Lizenzuebertragung_auf_i1Pro_3-1024x639.jpg 1024w, https:\/\/blog.proofs.de\/wp-content\/uploads\/2025\/07\/x-rite_i1Pro_2_Lizenzuebertragung_auf_i1Pro_3-300x187.jpg 300w, https:\/\/blog.proofs.de\/wp-content\/uploads\/2025\/07\/x-rite_i1Pro_2_Lizenzuebertragung_auf_i1Pro_3-768x480.jpg 768w, https:\/\/blog.proofs.de\/wp-content\/uploads\/2025\/07\/x-rite_i1Pro_2_Lizenzuebertragung_auf_i1Pro_3-1536x959.jpg 1536w, https:\/\/blog.proofs.de\/wp-content\/uploads\/2025\/07\/x-rite_i1Pro_2_Lizenzuebertragung_auf_i1Pro_3-2048x1279.jpg 2048w, https:\/\/blog.proofs.de\/wp-content\/uploads\/2025\/07\/x-rite_i1Pro_2_Lizenzuebertragung_auf_i1Pro_3-18x12.jpg 18w\" sizes=\"auto, (max-width: 1024px) 100vw, 1024px\"><\/a><figcaption class=\"wp-element-caption\">Dialog pro p\u0159enos licenc\u00ed v aplikaci X-Rite i1 Profiler z i1Pro 2 do i1Pro 3 nebo i1Pro 3 PLUS<\/figcaption><\/figure>\n\n\n\n<p class=\"wp-block-paragraph\">Tento po\u017eadavek samoz\u0159ejm\u011b spl\u0148uje i Proof GmbH: v sou\u010dasn\u00e9 dob\u011b pou\u017e\u00edv\u00e1me dva stoly X-Rite i1Pro 2 a jeden st\u016fl i1iO 2. Tabulku iO jsme zakoupili proto, abychom mohli vyu\u017e\u00edvat bezplatnou barevnou <a href=\"https:\/\/blog.proofs.de\/cs\/lexikon\/cielab\/\" target=\"_self\" title=\"Barevn\u00fd model CIELAB byl definov\u00e1n v roce 1976 Mezin\u00e1rodn\u00ed komis\u00ed pro osv\u011btlov\u00e1n\u00ed a popisuje v\u0161echny vn\u00edmateln\u00e9 barvy. Jedn\u00e1 se o dal\u0161\u00ed v\u00fdvoj barevn\u00e9 stupnice Hunter-LAB z roku 1966 a o matematick\u00fd barevn\u00fd model, v n\u011bm\u017e jsou vz\u00e1jemn\u011b kompenzov\u00e1ny spektr\u00e1ln\u00ed vlastnosti objektu a vjemov\u00e9 vlastnosti na\u0161eho zrakov\u00e9ho syst\u00e9mu. CIELAB, zkr\u00e1cen\u011b LAB, se dodnes hojn\u011b pou\u017e\u00edv\u00e1...\" class=\"encyclopedia\">CIELAB<\/a> <a href=\"https:\/\/blog.proofs.de\/cs\/lexikon\/hlc\/\" target=\"_self\" title=\"HLC je dob\u0159e srozumitelnou reprezentac\u00ed barevn\u00e9ho prostoru CIELAB. Svisl\u00e1 osa L je zde toto\u017en\u00e1. Horizont\u00e1ln\u00ed poloha barevn\u00e9ho m\u00edsta je ur\u010dena \u00fahlem H v\u016f\u010di kladn\u00e9 ose a (proti sm\u011bru hodinov\u00fdch ru\u010di\u010dek a ve stupn\u00edch) a polom\u011brem C, vzd\u00e1lenost\u00ed od osy L.\" class=\"encyclopedia\">HLC<\/a> Barevn\u00fd atlas, co\u017e by tehdy sotva bylo mo\u017en\u00e9 jinak. Koupili jsme si iO 2, co\u017e bylo pom\u011brn\u011b drah\u00e9: dnes 3D tisk\u00e1rny na Ebay nab\u00edzej\u00ed tak\u00e9 tisk dr\u017e\u00e1k\u016f pro i1Pro 2 pro st\u016fl iO 1 za pouh\u00fdch 90 eur, proto\u017ee ten pak lze pou\u017e\u00edt s i1Pro 2. Spole\u010dnost X-Rite ji\u017e dostala sv\u016fj vlastn\u00ed trh pod tlak. A spole\u010dnost X-Rite d\u0159\u00edve nab\u00edzela upgrade stolu i1 pro i1Pro 2, kter\u00fd st\u00e1l p\u0159\u00edmo od spole\u010dnosti X-Rite p\u0159ibli\u017en\u011b 350 EUR, tak\u017ee to byla docela f\u00e9rov\u00e1 cena.<\/p>\n\n\n\n<h2 class=\"wp-block-heading\">Spole\u010dnost X-Rite nab\u00edz\u00ed r\u016fzn\u00e9 propaga\u010dn\u00ed akce, aby tuto skute\u010dnost kompenzovala. <\/h2>\n\n\n\n<p class=\"wp-block-paragraph\">Aby spole\u010dnost X-Rite sv\u00e9 z\u00e1kazn\u00edky p\u0159\u00edli\u0161 nevyd\u011bsila, nab\u00edz\u00ed v sou\u010dasn\u00e9 dob\u011b 9 v\u00fdm\u011bnn\u00fdch akc\u00ed, v r\u00e1mci kter\u00fdch lze vym\u011bnit star\u00e9 m\u011b\u0159ic\u00ed p\u0159\u00edstroje, hardware a software za nov\u00e9 verze a u\u0161et\u0159it tak a\u017e 35% z po\u0159izovac\u00ed ceny nov\u00e9ho \u0159e\u0161en\u00ed. Ka\u017ed\u00fd, kdo chce, m\u016f\u017ee p\u0159i n\u00e1kupu nov\u00e9ho p\u0159\u00edstroje i1Pro 3 i eXact 2 u\u0161et\u0159it n\u011bjak\u00e9 pen\u00edze, pokud sv\u016fj star\u00fd p\u0159\u00edstroj na opl\u00e1tku odevzd\u00e1 nebo zni\u010d\u00ed. To jist\u011b pot\u011b\u0161\u00ed a uklidn\u00ed jednoho \u010di dva z\u00e1kazn\u00edky.<\/p>\n\n\n\n<p class=\"wp-block-paragraph\"><a href=\"https:\/\/www.xrite.com\/de\/promotions\">https:\/\/www.xrite.com\/de\/promotions<\/a><\/p>\n\n\n\n<p class=\"wp-block-paragraph\">Spole\u010dnost X-Rite v\u0161ak nen\u00ed jedin\u00e1, kter\u00e1 se v sou\u010dasn\u00e9 dob\u011b zbavuje z\u00e1kazn\u00edk\u016f: KonicaMinolta tak\u00e9 ukon\u010dila v\u00fdrobu v\u0161ech sv\u00fdch m\u011b\u0159ic\u00edch p\u0159\u00edstroj\u016f MYIRO a softwaru, co\u017e zanech\u00e1v\u00e1 velkou mezeru. Vlastn\u00edme nap\u0159\u00edklad tak\u00e9 p\u0159\u00edstroj MYIRO-9, kter\u00fd ji\u017e KonicaMinolta neprod\u00e1v\u00e1 a jeho\u017e dny jsou z hlediska podpory se\u010dteny. <\/p>\n\n\n\n<h2 class=\"wp-block-heading\">Datacolor uv\u00e1d\u00ed na trh nov\u00e1 m\u011b\u0159ic\u00ed za\u0159\u00edzen\u00ed se sf\u00e9rickou hlavou<\/h2>\n\n\n<div class=\"wp-block-image\">\n<figure class=\"alignright size-full\"><a href=\"https:\/\/www.datacolor.com\/wp-content\/uploads\/2025\/03\/PSeries-specsheet-DE.pdf\"><img loading=\"lazy\" decoding=\"async\" width=\"337\" height=\"800\" src=\"http:\/\/blog.proofs.de\/wp-content\/uploads\/2025\/08\/Datacolor_Spectro_P300.jpg\" alt=\"Datacolor Spectro P300\" class=\"wp-image-6143\" srcset=\"https:\/\/blog.proofs.de\/wp-content\/uploads\/2025\/08\/Datacolor_Spectro_P300.jpg 337w, https:\/\/blog.proofs.de\/wp-content\/uploads\/2025\/08\/Datacolor_Spectro_P300-126x300.jpg 126w, https:\/\/blog.proofs.de\/wp-content\/uploads\/2025\/08\/Datacolor_Spectro_P300-5x12.jpg 5w\" sizes=\"auto, (max-width: 337px) 100vw, 337px\"><\/a><\/figure>\n<\/div>\n\n\n<p class=\"wp-block-paragraph\">Ji\u017e n\u011bjakou dobu se v kulo\u00e1rech \u0161u\u0161k\u00e1, \u017ee Datacolor se sna\u017e\u00ed zaujmout pozici a p\u0159ipravuje nov\u00e9 produkty s nov\u00fdmi softwarov\u00fdmi \u0159e\u0161en\u00edmi. Po koupi basilejsk\u00e9 firmy Matchmycolor se softwarovou \u0159adou Colibri koupila spole\u010dnost Techkon Germany a USA a z\u00edskala tak kvalitn\u00ed \u0159e\u0161en\u00ed se SpectroDens, p\u0159i\u010dem\u017e i zde byly hl\u00e1\u0161eny probl\u00e9my v s\u00e9riov\u00e9 v\u00fdrob\u011b, tak\u017ee n\u011bkolik t\u00fddn\u016f nebylo mo\u017en\u00e9 dodat \u017e\u00e1dn\u00e9 za\u0159\u00edzen\u00ed. <\/p>\n\n\n\n<p class=\"wp-block-paragraph\">Datacolor v posledn\u00edch m\u011bs\u00edc\u00edch pos\u00edlil tak\u00e9 sv\u00e9 v\u00fdvojov\u00e9 aktivity a zam\u011b\u0159uje se na nov\u00e1 softwarov\u00e1 \u0159e\u0161en\u00ed na trhu. <\/p>\n\n\n\n<p class=\"wp-block-paragraph\">Spole\u010dnost Datacolor v sou\u010dasn\u00e9 dob\u011b nab\u00edz\u00ed tak\u00e9 nov\u00fd p\u0159enosn\u00fd p\u0159\u00edstroj. <a href=\"https:\/\/blog.proofs.de\/cs\/lexikon\/spektralphotometer\/\" target=\"_self\" title=\"Spektrofotometry jsou vysoce kvalitn\u00ed p\u0159\u00edstroje pro m\u011b\u0159en\u00ed barev, kter\u00e9 dok\u00e1\u017e\u00ed zm\u011b\u0159it a p\u0159esn\u011b popsat jakoukoli barvu. M\u011b\u0159ic\u00ed p\u0159\u00edstroj toho dosahuje t\u00edm, \u017ee osv\u011btluje m\u011b\u0159ic\u00ed plochu cel\u00fdm spektrem viditeln\u00e9ho sv\u011btla. Hodnoty odrazivosti ur\u010dit\u00fdch vlnov\u00fdch d\u00e9lek dohromady d\u00e1vaj\u00ed nam\u011b\u0159enou hodnotu, kter\u00e1 je \u010dasto vyvedena v programu Lab (re\u017eim m\u011b\u0159en\u00ed voln\u011b voliteln\u00fd od M0 do M2). Spektr\u00e1ln\u00ed nam\u011b\u0159en\u00e9 hodnoty lze v\u0161ak tak\u00e9 p\u0159\u00edmo ulo\u017eit. Vysoce kvalitn\u00ed zku\u0161ebn\u00ed tisk\u00e1rny maj\u00ed vlastn\u00ed spektrofotometry pro p\u0159\u00edm\u00e9 ov\u011b\u0159en\u00ed tisku.\" class=\"encyclopedia\">Spektrofotometr<\/a> - pravd\u011bpodobn\u011b v geometrii kulov\u00e9 hlavy, tak\u017ee nic pro tlakov\u00fd rozsah - \u0159ady Spectro-P:<\/p>\n\n\n\n<p class=\"wp-block-paragraph\"><a href=\"https:\/\/www.datacolor.com\/de\/news-press\/press-release\/datacolor-announces-launch-of-next-generation-of-precision-portable-spectrophotometers-spectro-p-series\">https:\/\/www.datacolor.com\/de\/news-press\/press-release\/datacolor-announces-launch-of-next-generation-of-precision-portable-spectrophotometers-spectro-p-series<\/a><\/p>\n\n\n\n<p class=\"wp-block-paragraph\"><a href=\"https:\/\/www.datacolor.com\/de\/business-solutions\/product\/spectrop300\">https:\/\/www.datacolor.com\/de\/business-solutions\/product\/spectrop300<\/a><\/p>\n\n\n\n<p class=\"wp-block-paragraph\"><a href=\"https:\/\/www.datacolor.com\/de\/business-solutions\/product\/spectrop200\">https:\/\/www.datacolor.com\/de\/business-solutions\/product\/spectrop200<\/a><\/p>\n\n\n\n<p class=\"wp-block-paragraph\">O cen\u00e1ch zat\u00edm nen\u00ed nic zn\u00e1mo, i kdy\u017e ve dvou nab\u00eddkov\u00fdch PDF pro Ab\u00fa Zab\u00ed, kter\u00e9 lze naj\u00edt na internetu, je uvedena cena 13 500 USD za model Datacolor Spectro P300, kter\u00fd byl v \u010dervnu 2025 nab\u00edzen z N\u011bmecka do Ab\u00fa Zab\u00ed. To by bylo podobn\u00e9 cenov\u00e9 rozp\u011bt\u00ed jako u modelu CM26d od spole\u010dnosti KonicaMinolta, jej\u00ed\u017e \u0159ada \"Sensing\" s. <a href=\"https:\/\/blog.proofs.de\/cs\/lexikon\/kugelkopfmessgeraet\/\" target=\"_self\" title=\"Spektrofotometry se sf\u00e9rickou hlavou, jako je KonicaMinolta CM-26d, jsou t\u0159\u00eddou p\u0159\u00edstroj\u016f pro m\u011b\u0159en\u00ed barev, kter\u00e9 mohou m\u011b\u0159it se sf\u00e9rickou geometri\u00ed hlavy d:8\u00b0 v re\u017eimu m\u011b\u0159en\u00ed SCI - &quot;Specular Component Included&quot; a SCE - &quot;Specular Component Excluded&quot;.\" class=\"encyclopedia\">M\u011b\u0159i\u010d s kulovou hlavou<\/a>je v\u00fdslovn\u011b zachov\u00e1n. <\/p>\n\n\n\n<p class=\"wp-block-paragraph\"><a href=\"https:\/\/de.scribd.com\/document\/885818385\/Quotation-for-Sobha-Furniture-Industries-LLC-Spectro-P300-QC-Software-DC-Tools-Basic-V1\">https:\/\/de.scribd.com\/document\/885818385\/Quotation-for-Sobha-Furniture-Industries-LLC-Spectro-P300-QC-Software-DC-Tools-Basic-V1<\/a><\/p>\n\n\n\n<p class=\"wp-block-paragraph\"><a href=\"https:\/\/de.scribd.com\/document\/885818040\/Datacolor-P300-offer-for-Sobha-furniture\">https:\/\/de.scribd.com\/document\/885818040\/Datacolor-P300-offer-for-Sobha-furniture<\/a><\/p>","protected":false},"excerpt":{"rendered":"<p>Ka\u017ed\u00fd, kdo v posledn\u00edch t\u00fddnech p\u0159einstaloval nebo aktualizoval aplikaci i1 Profiler, se setkal se znepokojivou zpr\u00e1vou: Spole\u010dnost X-Rite p\u0159\u00edmo v \u00favodn\u00edm okn\u011b ozn\u00e1mila, \u017ee ji\u017e nebude podporovat sv\u00e1 nesm\u00edrn\u011b popul\u00e1rn\u00ed za\u0159\u00edzen\u00ed i1Display a i1Pro2. \"D\u016fle\u017eit\u00e9 upozorn\u011bn\u00ed Platnost \u0159ady za\u0159\u00edzen\u00ed i1Pro 2 skon\u010dila 1. ledna 2025. i1Pro 2 a i1iO 2 ji\u017e nebudou od 1. ledna 2026 v aplikaci i1Profiler podporov\u00e1ny. Pro upgrade na i1Pro 3 se pros\u00edm obra\u0165te na prodejce X-Rite. i1Profiler nepodporuje za\u0159\u00edzen\u00ed X-Rite i1Display Pro a i1Display Pro Plus ... <\/p>\n<p class=\"read-more-container\"><a title=\"X-Rite i1Profiler ji\u017e nepodporuje i1Pro2 a i1iO 2\" class=\"read-more button\" href=\"https:\/\/blog.proofs.de\/cs\/x-rite-i1profiler-unterstuetzt-i1pro2-und-i1display-nicht-mehr\/#more-6127\" aria-label=\"\u010c\u00edst v\u00edce o X-Rite i1Profiler ji\u017e nepodporuje i1Pro2 a i1iO 2\">P\u0159e\u010dt\u011bte si v\u00edce<\/a><\/p>","protected":false},"author":2,"featured_media":6140,"comment_status":"open","ping_status":"open","sticky":false,"template":"","format":"standard","meta":{"om_disable_all_campaigns":false,"inline_featured_image":false,"_monsterinsights_skip_tracking":false,"footnotes":""},"categories":[1,437],"tags":[1428,1432,1423,1424,1425,1422,1426,806,1427,1229,1336,1335,1433,1334,1431,1430,1429,479],"class_list":["post-6127","post","type-post","status-publish","format-standard","has-post-thumbnail","hentry","category-allgemein","category-proof-software-und-technik","tag-datacolor","tag-datacolor-spectro-p","tag-i1io","tag-i1io-2","tag-i1io2","tag-i1pro-2","tag-i1pro-3","tag-i1pro2","tag-i1pro3","tag-konicaminolta","tag-konicaminolta-sensing","tag-myiro","tag-myiro-tools","tag-myiro-9","tag-spectro-p","tag-spectro-p200","tag-spectro-p300","tag-x-rite","generate-columns","tablet-grid-50","mobile-grid-100","grid-parent","grid-50","no-featured-image-padding","resize-featured-image"],"aioseo_notices":[],"aioseo_head":"\n\t\t<!-- All in One SEO 5.0.1.1 - aioseo.com -->\n\t<meta name=\"description\" content=\"X-Rite schockt seine Kunden: &quot;i1Pro 2 und i1iO 2 werden ab 2026 nicht mehr von i1Profiler unterst\u00fctzt.&quot; Was sollten X-Rite Anwender tun? Wer f\u00fcllt die L\u00fccke?\" \/>\n\t<meta name=\"robots\" content=\"max-image-preview:large\" \/>\n\t<meta name=\"author\" content=\"Matthias Betz\"\/>\n\t<meta name=\"google-site-verification\" content=\"TuXxyRwxcEg2-WfOaQ8vScWQh3-uBAnxXmY7g3GT90A\" \/>\n\t<meta name=\"keywords\" content=\"datacolor,datacolor spectro p,i1io,i1io 2,i1io2,i1pro 2,i1pro 3,i1pro2,i1pro3,konicaminolta,konicaminolta sensing,myiro,myiro tools,myiro-9,spectro p,spectro p200,spectro p300,x-rite\" \/>\n\t<link rel=\"canonical\" href=\"https:\/\/blog.proofs.de\/cs\/x-rite-i1profiler-unterstuetzt-i1pro2-und-i1display-nicht-mehr\/\" \/>\n\t<meta name=\"generator\" content=\"All in One SEO (AIOSEO) 5.0.1.1\" \/>\n\n\t\t<meta name=\"seobility\" content=\"593a8578143db71543f014978c690d47\">\n\t\t<meta property=\"og:locale\" content=\"cs_CZ\" \/>\n\t\t<meta property=\"og:site_name\" content=\"Proof.de | Alles zu Proof, Farbmanagement, Grafik, Messtechnik &amp; Co.\" \/>\n\t\t<meta property=\"og:type\" content=\"article\" \/>\n\t\t<meta property=\"og:title\" content=\"X-Rite unterst\u00fctzt 1Pro2 \/ i1iO Ger\u00e4te nicht mehr | proof.de\" \/>\n\t\t<meta property=\"og:description\" content=\"X-Rite schockt seine Kunden: &quot;i1Pro 2 und i1iO 2 werden ab 2026 nicht mehr von i1Profiler unterst\u00fctzt.&quot; Was sollten X-Rite Anwender tun? Wer f\u00fcllt die L\u00fccke?\" \/>\n\t\t<meta property=\"og:url\" content=\"https:\/\/blog.proofs.de\/cs\/x-rite-i1profiler-unterstuetzt-i1pro2-und-i1display-nicht-mehr\/\" \/>\n\t\t<meta property=\"og:image\" content=\"https:\/\/blog.proofs.de\/wp-content\/uploads\/2025\/08\/X-Rite_Meldung_i1_Profiler_wegen_i1Pro2_und_i1iO2.png\" \/>\n\t\t<meta property=\"og:image:secure_url\" content=\"https:\/\/blog.proofs.de\/wp-content\/uploads\/2025\/08\/X-Rite_Meldung_i1_Profiler_wegen_i1Pro2_und_i1iO2.png\" \/>\n\t\t<meta property=\"og:image:width\" content=\"1128\" \/>\n\t\t<meta property=\"og:image:height\" content=\"768\" \/>\n\t\t<meta property=\"article:published_time\" content=\"2025-08-01T10:15:43+00:00\" \/>\n\t\t<meta property=\"article:modified_time\" content=\"2025-08-04T15:36:35+00:00\" \/>\n\t\t<meta property=\"article:publisher\" content=\"https:\/\/www.facebook.com\/Proof.de\/\" \/>\n\t\t<meta name=\"twitter:card\" content=\"summary\" \/>\n\t\t<meta name=\"twitter:title\" content=\"X-Rite unterst\u00fctzt 1Pro2 \/ i1iO Ger\u00e4te nicht mehr | proof.de\" \/>\n\t\t<meta name=\"twitter:description\" content=\"X-Rite schockt seine Kunden: &quot;i1Pro 2 und i1iO 2 werden ab 2026 nicht mehr von i1Profiler unterst\u00fctzt.&quot; Was sollten X-Rite Anwender tun? Wer f\u00fcllt die L\u00fccke?\" \/>\n\t\t<meta name=\"twitter:image\" content=\"https:\/\/blog.proofs.de\/wp-content\/uploads\/2025\/08\/X-Rite_Meldung_i1_Profiler_wegen_i1Pro2_und_i1iO2.png\" \/>\n\t\t<script type=\"application\/ld+json\" class=\"aioseo-schema\">\n\t\t\t{\"@context\":\"https:\\\/\\\/schema.org\",\"@graph\":[{\"@type\":\"Article\",\"@id\":\"https:\\\/\\\/blog.proofs.de\\\/cs\\\/x-rite-i1profiler-unterstuetzt-i1pro2-und-i1display-nicht-mehr\\\/#article\",\"name\":\"X-Rite unterst\\u00fctzt 1Pro2 \\\/ i1iO Ger\\u00e4te nicht mehr | proof.de\",\"headline\":\"X-Rite i1Profiler unterst\\u00fctzt i1Pro2 und und i1iO 2 nicht mehr\",\"author\":{\"@id\":\"https:\\\/\\\/blog.proofs.de\\\/cs\\\/author\\\/mbetz\\\/#author\"},\"publisher\":{\"@id\":\"https:\\\/\\\/blog.proofs.de\\\/cs\\\/#organization\"},\"image\":{\"@type\":\"ImageObject\",\"url\":\"https:\\\/\\\/blog.proofs.de\\\/wp-content\\\/uploads\\\/2025\\\/08\\\/X-Rite_Meldung_i1_Profiler_wegen_i1Pro2_und_i1iO2.png\",\"width\":1128,\"height\":768,\"caption\":\"X-Rite Meldung in i1 Profiler zum Ende von i1Pro 2 und i1iO 2\"},\"datePublished\":\"2025-08-01T12:15:43+02:00\",\"dateModified\":\"2025-08-04T17:36:35+02:00\",\"inLanguage\":\"cs-CZ\",\"commentCount\":3,\"mainEntityOfPage\":{\"@id\":\"https:\\\/\\\/blog.proofs.de\\\/cs\\\/x-rite-i1profiler-unterstuetzt-i1pro2-und-i1display-nicht-mehr\\\/#webpage\"},\"isPartOf\":{\"@id\":\"https:\\\/\\\/blog.proofs.de\\\/cs\\\/x-rite-i1profiler-unterstuetzt-i1pro2-und-i1display-nicht-mehr\\\/#webpage\"},\"articleSection\":\"Allgemein, Proof Software &amp; Technik, Datacolor, Datacolor Spectro P, i1iO, i1iO 2, i1iO2, i1Pro 2, i1Pro 3, I1Pro2, i1Pro3, KonicaMinolta, KonicaMinolta Sensing, MYIRO, MYIRO Tools, MYIRO-9, Spectro P, Spectro P200, Spectro P300, X-Rite\"},{\"@type\":\"BreadcrumbList\",\"@id\":\"https:\\\/\\\/blog.proofs.de\\\/cs\\\/x-rite-i1profiler-unterstuetzt-i1pro2-und-i1display-nicht-mehr\\\/#breadcrumblist\",\"itemListElement\":[{\"@type\":\"ListItem\",\"@id\":\"https:\\\/\\\/blog.proofs.de\\\/cs#listItem\",\"position\":1,\"name\":\"Home\",\"item\":\"https:\\\/\\\/blog.proofs.de\\\/cs\",\"nextItem\":{\"@type\":\"ListItem\",\"@id\":\"https:\\\/\\\/blog.proofs.de\\\/cs\\\/thema\\\/proof-wissen\\\/#listItem\",\"name\":\"Proof Wissen\"}},{\"@type\":\"ListItem\",\"@id\":\"https:\\\/\\\/blog.proofs.de\\\/cs\\\/thema\\\/proof-wissen\\\/#listItem\",\"position\":2,\"name\":\"Proof Wissen\",\"item\":\"https:\\\/\\\/blog.proofs.de\\\/cs\\\/thema\\\/proof-wissen\\\/\",\"nextItem\":{\"@type\":\"ListItem\",\"@id\":\"https:\\\/\\\/blog.proofs.de\\\/cs\\\/thema\\\/proof-wissen\\\/proof-software-und-technik\\\/#listItem\",\"name\":\"Proof Software &amp; Technik\"},\"previousItem\":{\"@type\":\"ListItem\",\"@id\":\"https:\\\/\\\/blog.proofs.de\\\/cs#listItem\",\"name\":\"Home\"}},{\"@type\":\"ListItem\",\"@id\":\"https:\\\/\\\/blog.proofs.de\\\/cs\\\/thema\\\/proof-wissen\\\/proof-software-und-technik\\\/#listItem\",\"position\":3,\"name\":\"Proof Software &amp; Technik\",\"item\":\"https:\\\/\\\/blog.proofs.de\\\/cs\\\/thema\\\/proof-wissen\\\/proof-software-und-technik\\\/\",\"nextItem\":{\"@type\":\"ListItem\",\"@id\":\"https:\\\/\\\/blog.proofs.de\\\/cs\\\/x-rite-i1profiler-unterstuetzt-i1pro2-und-i1display-nicht-mehr\\\/#listItem\",\"name\":\"X-Rite i1Profiler unterst\\u00fctzt i1Pro2 und und i1iO 2 nicht mehr\"},\"previousItem\":{\"@type\":\"ListItem\",\"@id\":\"https:\\\/\\\/blog.proofs.de\\\/cs\\\/thema\\\/proof-wissen\\\/#listItem\",\"name\":\"Proof Wissen\"}},{\"@type\":\"ListItem\",\"@id\":\"https:\\\/\\\/blog.proofs.de\\\/cs\\\/x-rite-i1profiler-unterstuetzt-i1pro2-und-i1display-nicht-mehr\\\/#listItem\",\"position\":4,\"name\":\"X-Rite i1Profiler unterst\\u00fctzt i1Pro2 und und i1iO 2 nicht mehr\",\"previousItem\":{\"@type\":\"ListItem\",\"@id\":\"https:\\\/\\\/blog.proofs.de\\\/cs\\\/thema\\\/proof-wissen\\\/proof-software-und-technik\\\/#listItem\",\"name\":\"Proof Software &amp; Technik\"}}]},{\"@type\":\"Organization\",\"@id\":\"https:\\\/\\\/blog.proofs.de\\\/cs\\\/#organization\",\"name\":\"Proof GmbH\",\"description\":\"Farbverbindlicher Proof, Farbproof, Digitalproof und Online-Proof.\",\"url\":\"https:\\\/\\\/blog.proofs.de\\\/cs\\\/\",\"telephone\":\"+4970717952740\",\"logo\":{\"@type\":\"ImageObject\",\"url\":\"https:\\\/\\\/blog1.proofen.de\\\/wp-content\\\/uploads\\\/2019\\\/09\\\/logo_proof_rgb_mit_balken_250px.png\",\"@id\":\"https:\\\/\\\/blog.proofs.de\\\/cs\\\/x-rite-i1profiler-unterstuetzt-i1pro2-und-i1display-nicht-mehr\\\/#organizationLogo\"},\"image\":{\"@id\":\"https:\\\/\\\/blog.proofs.de\\\/cs\\\/x-rite-i1profiler-unterstuetzt-i1pro2-und-i1display-nicht-mehr\\\/#organizationLogo\"},\"sameAs\":[\"https:\\\/\\\/www.facebook.com\\\/Proof.de\\\/\",\"https:\\\/\\\/www.instagram.com\\\/proof.de\\\/\",\"https:\\\/\\\/www.tiktok.com\\\/@proof_de\",\"https:\\\/\\\/www.youtube.com\\\/channel\\\/UCk80fQVQ25wC9wu3SywB-Nw\",\"https:\\\/\\\/www.linkedin.com\\\/company\\\/proof-de\"]},{\"@type\":\"Person\",\"@id\":\"https:\\\/\\\/blog.proofs.de\\\/cs\\\/author\\\/mbetz\\\/#author\",\"url\":\"https:\\\/\\\/blog.proofs.de\\\/cs\\\/author\\\/mbetz\\\/\",\"name\":\"Matthias Betz\",\"image\":{\"@type\":\"ImageObject\",\"@id\":\"https:\\\/\\\/blog.proofs.de\\\/cs\\\/x-rite-i1profiler-unterstuetzt-i1pro2-und-i1display-nicht-mehr\\\/#authorImage\",\"url\":\"https:\\\/\\\/blog.proofs.de\\\/wp-content\\\/uploads\\\/2020\\\/10\\\/matthias-betz-e1603934518350-150x150.png\",\"width\":96,\"height\":96,\"caption\":\"Matthias Betz\"}},{\"@type\":\"WebPage\",\"@id\":\"https:\\\/\\\/blog.proofs.de\\\/cs\\\/x-rite-i1profiler-unterstuetzt-i1pro2-und-i1display-nicht-mehr\\\/#webpage\",\"url\":\"https:\\\/\\\/blog.proofs.de\\\/cs\\\/x-rite-i1profiler-unterstuetzt-i1pro2-und-i1display-nicht-mehr\\\/\",\"name\":\"X-Rite unterst\\u00fctzt 1Pro2 \\\/ i1iO Ger\\u00e4te nicht mehr | proof.de\",\"description\":\"X-Rite schockt seine Kunden: \\\"i1Pro 2 und i1iO 2 werden ab 2026 nicht mehr von i1Profiler unterst\\u00fctzt.\\\" Was sollten X-Rite Anwender tun? Wer f\\u00fcllt die L\\u00fccke?\",\"inLanguage\":\"cs-CZ\",\"isPartOf\":{\"@id\":\"https:\\\/\\\/blog.proofs.de\\\/cs\\\/#website\"},\"breadcrumb\":{\"@id\":\"https:\\\/\\\/blog.proofs.de\\\/cs\\\/x-rite-i1profiler-unterstuetzt-i1pro2-und-i1display-nicht-mehr\\\/#breadcrumblist\"},\"author\":{\"@id\":\"https:\\\/\\\/blog.proofs.de\\\/cs\\\/author\\\/mbetz\\\/#author\"},\"creator\":{\"@id\":\"https:\\\/\\\/blog.proofs.de\\\/cs\\\/author\\\/mbetz\\\/#author\"},\"image\":{\"@type\":\"ImageObject\",\"url\":\"https:\\\/\\\/blog.proofs.de\\\/wp-content\\\/uploads\\\/2025\\\/08\\\/X-Rite_Meldung_i1_Profiler_wegen_i1Pro2_und_i1iO2.png\",\"@id\":\"https:\\\/\\\/blog.proofs.de\\\/cs\\\/x-rite-i1profiler-unterstuetzt-i1pro2-und-i1display-nicht-mehr\\\/#mainImage\",\"width\":1128,\"height\":768,\"caption\":\"X-Rite Meldung in i1 Profiler zum Ende von i1Pro 2 und i1iO 2\"},\"primaryImageOfPage\":{\"@id\":\"https:\\\/\\\/blog.proofs.de\\\/cs\\\/x-rite-i1profiler-unterstuetzt-i1pro2-und-i1display-nicht-mehr\\\/#mainImage\"},\"datePublished\":\"2025-08-01T12:15:43+02:00\",\"dateModified\":\"2025-08-04T17:36:35+02:00\"},{\"@type\":\"WebSite\",\"@id\":\"https:\\\/\\\/blog.proofs.de\\\/cs\\\/#website\",\"url\":\"https:\\\/\\\/blog.proofs.de\\\/cs\\\/\",\"name\":\"Proof.de\",\"description\":\"Farbverbindlicher Proof, Farbproof, Digitalproof und Online-Proof.\",\"inLanguage\":\"cs-CZ\",\"publisher\":{\"@id\":\"https:\\\/\\\/blog.proofs.de\\\/cs\\\/#organization\"}}]}\n\t\t<\/script>\n\t\t<!-- All in One SEO -->\n\n","aioseo_head_json":{"title":"Spole\u010dnost X-Rite ji\u017e nepodporuje za\u0159\u00edzen\u00ed 1Pro2 \/ i1iO | proof.de","description":"Spole\u010dnost X-Rite \u0161okuje sv\u00e9 z\u00e1kazn\u00edky: \"i1Pro 2 a i1iO 2 nebudou od roku 2026 nad\u00e1le podporov\u00e1ny i1Profilerem.\" Co maj\u00ed u\u017eivatel\u00e9 X-Rite d\u011blat? Kdo zapln\u00ed vzniklou mezeru?","canonical_url":"https:\/\/blog.proofs.de\/cs\/x-rite-i1profiler-unterstuetzt-i1pro2-und-i1display-nicht-mehr\/","robots":"max-image-preview:large","keywords":"datacolor,datacolor spectro p,i1io,i1io 2,i1io2,i1pro 2,i1pro 3,i1pro2,i1pro3,konicaminolta,konicaminolta sensing,myiro,myiro tools,myiro-9,spectro p,spectro p200,spectro p300,x-rite","webmasterTools":{"google-site-verification":"TuXxyRwxcEg2-WfOaQ8vScWQh3-uBAnxXmY7g3GT90A","miscellaneous":"&lt;meta name=\"seobility\" content=\"593a8578143db71543f014978c690d47\"&gt;"},"schema":{"@context":"https:\/\/schema.org","@graph":[{"@type":"Article","@id":"https:\/\/blog.proofs.de\/cs\/x-rite-i1profiler-unterstuetzt-i1pro2-und-i1display-nicht-mehr\/#article","name":"X-Rite unterst\u00fctzt 1Pro2 \/ i1iO Ger\u00e4te nicht mehr | proof.de","headline":"X-Rite i1Profiler unterst\u00fctzt i1Pro2 und und i1iO 2 nicht mehr","author":{"@id":"https:\/\/blog.proofs.de\/cs\/author\/mbetz\/#author"},"publisher":{"@id":"https:\/\/blog.proofs.de\/cs\/#organization"},"image":{"@type":"ImageObject","url":"https:\/\/blog.proofs.de\/wp-content\/uploads\/2025\/08\/X-Rite_Meldung_i1_Profiler_wegen_i1Pro2_und_i1iO2.png","width":1128,"height":768,"caption":"X-Rite Meldung in i1 Profiler zum Ende von i1Pro 2 und i1iO 2"},"datePublished":"2025-08-01T12:15:43+02:00","dateModified":"2025-08-04T17:36:35+02:00","inLanguage":"cs-CZ","commentCount":3,"mainEntityOfPage":{"@id":"https:\/\/blog.proofs.de\/cs\/x-rite-i1profiler-unterstuetzt-i1pro2-und-i1display-nicht-mehr\/#webpage"},"isPartOf":{"@id":"https:\/\/blog.proofs.de\/cs\/x-rite-i1profiler-unterstuetzt-i1pro2-und-i1display-nicht-mehr\/#webpage"},"articleSection":"Allgemein, Proof Software &amp; Technik, Datacolor, Datacolor Spectro P, i1iO, i1iO 2, i1iO2, i1Pro 2, i1Pro 3, I1Pro2, i1Pro3, KonicaMinolta, KonicaMinolta Sensing, MYIRO, MYIRO Tools, MYIRO-9, Spectro P, Spectro P200, Spectro P300, X-Rite"},{"@type":"BreadcrumbList","@id":"https:\/\/blog.proofs.de\/cs\/x-rite-i1profiler-unterstuetzt-i1pro2-und-i1display-nicht-mehr\/#breadcrumblist","itemListElement":[{"@type":"ListItem","@id":"https:\/\/blog.proofs.de\/cs#listItem","position":1,"name":"Home","item":"https:\/\/blog.proofs.de\/cs","nextItem":{"@type":"ListItem","@id":"https:\/\/blog.proofs.de\/cs\/thema\/proof-wissen\/#listItem","name":"Proof Wissen"}},{"@type":"ListItem","@id":"https:\/\/blog.proofs.de\/cs\/thema\/proof-wissen\/#listItem","position":2,"name":"Proof Wissen","item":"https:\/\/blog.proofs.de\/cs\/thema\/proof-wissen\/","nextItem":{"@type":"ListItem","@id":"https:\/\/blog.proofs.de\/cs\/thema\/proof-wissen\/proof-software-und-technik\/#listItem","name":"Proof Software &amp; Technik"},"previousItem":{"@type":"ListItem","@id":"https:\/\/blog.proofs.de\/cs#listItem","name":"Home"}},{"@type":"ListItem","@id":"https:\/\/blog.proofs.de\/cs\/thema\/proof-wissen\/proof-software-und-technik\/#listItem","position":3,"name":"Proof Software &amp; Technik","item":"https:\/\/blog.proofs.de\/cs\/thema\/proof-wissen\/proof-software-und-technik\/","nextItem":{"@type":"ListItem","@id":"https:\/\/blog.proofs.de\/cs\/x-rite-i1profiler-unterstuetzt-i1pro2-und-i1display-nicht-mehr\/#listItem","name":"X-Rite i1Profiler unterst\u00fctzt i1Pro2 und und i1iO 2 nicht mehr"},"previousItem":{"@type":"ListItem","@id":"https:\/\/blog.proofs.de\/cs\/thema\/proof-wissen\/#listItem","name":"Proof Wissen"}},{"@type":"ListItem","@id":"https:\/\/blog.proofs.de\/cs\/x-rite-i1profiler-unterstuetzt-i1pro2-und-i1display-nicht-mehr\/#listItem","position":4,"name":"X-Rite i1Profiler unterst\u00fctzt i1Pro2 und und i1iO 2 nicht mehr","previousItem":{"@type":"ListItem","@id":"https:\/\/blog.proofs.de\/cs\/thema\/proof-wissen\/proof-software-und-technik\/#listItem","name":"Proof Software &amp; Technik"}}]},{"@type":"Organization","@id":"https:\/\/blog.proofs.de\/cs\/#organization","name":"Proof GmbH","description":"Farbverbindlicher Proof, Farbproof, Digitalproof und Online-Proof.","url":"https:\/\/blog.proofs.de\/cs\/","telephone":"+4970717952740","logo":{"@type":"ImageObject","url":"https:\/\/blog1.proofen.de\/wp-content\/uploads\/2019\/09\/logo_proof_rgb_mit_balken_250px.png","@id":"https:\/\/blog.proofs.de\/cs\/x-rite-i1profiler-unterstuetzt-i1pro2-und-i1display-nicht-mehr\/#organizationLogo"},"image":{"@id":"https:\/\/blog.proofs.de\/cs\/x-rite-i1profiler-unterstuetzt-i1pro2-und-i1display-nicht-mehr\/#organizationLogo"},"sameAs":["https:\/\/www.facebook.com\/Proof.de\/","https:\/\/www.instagram.com\/proof.de\/","https:\/\/www.tiktok.com\/@proof_de","https:\/\/www.youtube.com\/channel\/UCk80fQVQ25wC9wu3SywB-Nw","https:\/\/www.linkedin.com\/company\/proof-de"]},{"@type":"Person","@id":"https:\/\/blog.proofs.de\/cs\/author\/mbetz\/#author","url":"https:\/\/blog.proofs.de\/cs\/author\/mbetz\/","name":"Matthias Betz","image":{"@type":"ImageObject","@id":"https:\/\/blog.proofs.de\/cs\/x-rite-i1profiler-unterstuetzt-i1pro2-und-i1display-nicht-mehr\/#authorImage","url":"https:\/\/blog.proofs.de\/wp-content\/uploads\/2020\/10\/matthias-betz-e1603934518350-150x150.png","width":96,"height":96,"caption":"Matthias Betz"}},{"@type":"WebPage","@id":"https:\/\/blog.proofs.de\/cs\/x-rite-i1profiler-unterstuetzt-i1pro2-und-i1display-nicht-mehr\/#webpage","url":"https:\/\/blog.proofs.de\/cs\/x-rite-i1profiler-unterstuetzt-i1pro2-und-i1display-nicht-mehr\/","name":"X-Rite unterst\u00fctzt 1Pro2 \/ i1iO Ger\u00e4te nicht mehr | proof.de","description":"X-Rite schockt seine Kunden: \"i1Pro 2 und i1iO 2 werden ab 2026 nicht mehr von i1Profiler unterst\u00fctzt.\" Was sollten X-Rite Anwender tun? Wer f\u00fcllt die L\u00fccke?","inLanguage":"cs-CZ","isPartOf":{"@id":"https:\/\/blog.proofs.de\/cs\/#website"},"breadcrumb":{"@id":"https:\/\/blog.proofs.de\/cs\/x-rite-i1profiler-unterstuetzt-i1pro2-und-i1display-nicht-mehr\/#breadcrumblist"},"author":{"@id":"https:\/\/blog.proofs.de\/cs\/author\/mbetz\/#author"},"creator":{"@id":"https:\/\/blog.proofs.de\/cs\/author\/mbetz\/#author"},"image":{"@type":"ImageObject","url":"https:\/\/blog.proofs.de\/wp-content\/uploads\/2025\/08\/X-Rite_Meldung_i1_Profiler_wegen_i1Pro2_und_i1iO2.png","@id":"https:\/\/blog.proofs.de\/cs\/x-rite-i1profiler-unterstuetzt-i1pro2-und-i1display-nicht-mehr\/#mainImage","width":1128,"height":768,"caption":"X-Rite Meldung in i1 Profiler zum Ende von i1Pro 2 und i1iO 2"},"primaryImageOfPage":{"@id":"https:\/\/blog.proofs.de\/cs\/x-rite-i1profiler-unterstuetzt-i1pro2-und-i1display-nicht-mehr\/#mainImage"},"datePublished":"2025-08-01T12:15:43+02:00","dateModified":"2025-08-04T17:36:35+02:00"},{"@type":"WebSite","@id":"https:\/\/blog.proofs.de\/cs\/#website","url":"https:\/\/blog.proofs.de\/cs\/","name":"Proof.de","description":"Farbverbindlicher Proof, Farbproof, Digitalproof und Online-Proof.","inLanguage":"cs-CZ","publisher":{"@id":"https:\/\/blog.proofs.de\/cs\/#organization"}}]},"og:locale":"cs_CZ","og:site_name":"Proof.de | Alles zu Proof, Farbmanagement, Grafik, Messtechnik &amp; Co.","og:type":"article","og:title":"X-Rite unterst\u00fctzt 1Pro2 \/ i1iO Ger\u00e4te nicht mehr | proof.de","og:description":"X-Rite schockt seine Kunden: &quot;i1Pro 2 und i1iO 2 werden ab 2026 nicht mehr von i1Profiler unterst\u00fctzt.&quot; Was sollten X-Rite Anwender tun? Wer f\u00fcllt die L\u00fccke?","og:url":"https:\/\/blog.proofs.de\/cs\/x-rite-i1profiler-unterstuetzt-i1pro2-und-i1display-nicht-mehr\/","og:image":"https:\/\/blog.proofs.de\/wp-content\/uploads\/2025\/08\/X-Rite_Meldung_i1_Profiler_wegen_i1Pro2_und_i1iO2.png","og:image:secure_url":"https:\/\/blog.proofs.de\/wp-content\/uploads\/2025\/08\/X-Rite_Meldung_i1_Profiler_wegen_i1Pro2_und_i1iO2.png","og:image:width":1128,"og:image:height":768,"article:published_time":"2025-08-01T10:15:43+00:00","article:modified_time":"2025-08-04T15:36:35+00:00","article:publisher":"https:\/\/www.facebook.com\/Proof.de\/","twitter:card":"summary","twitter:title":"X-Rite unterst\u00fctzt 1Pro2 \/ i1iO Ger\u00e4te nicht mehr | proof.de","twitter:description":"X-Rite schockt seine Kunden: &quot;i1Pro 2 und i1iO 2 werden ab 2026 nicht mehr von i1Profiler unterst\u00fctzt.&quot; Was sollten X-Rite Anwender tun? Wer f\u00fcllt die L\u00fccke?","twitter:image":"https:\/\/blog.proofs.de\/wp-content\/uploads\/2025\/08\/X-Rite_Meldung_i1_Profiler_wegen_i1Pro2_und_i1iO2.png"},"aioseo_meta_data":{"post_id":"6127","title":"Spole\u010dnost X-Rite ji\u017e nepodporuje za\u0159\u00edzen\u00ed 1Pro2 \/ i1iO | proof.de","description":"Spole\u010dnost X-Rite \u0161okuje sv\u00e9 z\u00e1kazn\u00edky: \"i1Pro 2 a i1iO 2 nebudou od roku 2026 nad\u00e1le podporov\u00e1ny i1Profilerem.\" Co maj\u00ed u\u017eivatel\u00e9 X-Rite d\u011blat? Kdo zapln\u00ed vzniklou mezeru?","keywords":null,"keyphrases":{"focus":{"keyphrase":"","score":0,"analysis":{"keyphraseInTitle":{"score":0,"maxScore":9,"error":1}}},"additional":[]},"primary_term":null,"canonical_url":null,"og_title":null,"og_description":null,"og_object_type":"default","og_image_type":"default","og_image_url":null,"og_image_width":null,"og_image_height":null,"og_image_custom_url":null,"og_image_custom_fields":null,"og_video":"","og_custom_url":null,"og_article_section":null,"og_article_tags":null,"twitter_use_og":true,"twitter_card":"default","twitter_image_type":"default","twitter_image_url":null,"twitter_image_custom_url":null,"twitter_image_custom_fields":null,"twitter_title":null,"twitter_description":null,"schema":{"blockGraphs":[],"customGraphs":[],"default":{"data":{"Article":[],"Course":[],"Dataset":[],"FAQPage":[],"Movie":[],"Person":[],"Product":[],"ProductReview":[],"Car":[],"Recipe":[],"Service":[],"SoftwareApplication":[],"WebPage":[]},"graphName":"Article","isEnabled":true},"graphs":[]},"schema_type":"default","schema_type_options":null,"pillar_content":false,"robots_default":true,"robots_noindex":false,"robots_noarchive":false,"robots_nosnippet":false,"robots_nofollow":false,"robots_noimageindex":false,"robots_noodp":false,"robots_notranslate":false,"robots_max_snippet":"-1","robots_max_videopreview":"-1","robots_max_imagepreview":"large","priority":null,"frequency":"default","local_seo":null,"breadcrumb_settings":null,"limit_modified_date":false,"ai":{"faqs":[],"keyPoints":[],"titles":[],"descriptions":[],"socialPosts":{"email":[],"linkedin":[],"twitter":[],"facebook":[],"instagram":[]}},"created":"2025-07-30 22:39:15","updated":"2025-08-04 15:45:24","seo_analyzer_scan_date":null,"focus_keyword":null,"additional_keywords":null,"truseo_locale":null},"_links":{"self":[{"href":"https:\/\/blog.proofs.de\/cs\/wp-json\/wp\/v2\/posts\/6127","targetHints":{"allow":["GET"]}}],"collection":[{"href":"https:\/\/blog.proofs.de\/cs\/wp-json\/wp\/v2\/posts"}],"about":[{"href":"https:\/\/blog.proofs.de\/cs\/wp-json\/wp\/v2\/types\/post"}],"author":[{"embeddable":true,"href":"https:\/\/blog.proofs.de\/cs\/wp-json\/wp\/v2\/users\/2"}],"replies":[{"embeddable":true,"href":"https:\/\/blog.proofs.de\/cs\/wp-json\/wp\/v2\/comments?post=6127"}],"version-history":[{"count":9,"href":"https:\/\/blog.proofs.de\/cs\/wp-json\/wp\/v2\/posts\/6127\/revisions"}],"predecessor-version":[{"id":6157,"href":"https:\/\/blog.proofs.de\/cs\/wp-json\/wp\/v2\/posts\/6127\/revisions\/6157"}],"wp:featuredmedia":[{"embeddable":true,"href":"https:\/\/blog.proofs.de\/cs\/wp-json\/wp\/v2\/media\/6140"}],"wp:attachment":[{"href":"https:\/\/blog.proofs.de\/cs\/wp-json\/wp\/v2\/media?parent=6127"}],"wp:term":[{"taxonomy":"category","embeddable":true,"href":"https:\/\/blog.proofs.de\/cs\/wp-json\/wp\/v2\/categories?post=6127"},{"taxonomy":"post_tag","embeddable":true,"href":"https:\/\/blog.proofs.de\/cs\/wp-json\/wp\/v2\/tags?post=6127"}],"curies":[{"name":"wp","href":"https:\/\/api.w.org\/{rel}","templated":true}]}}