{"id":1300,"date":"2015-03-19T16:27:33","date_gmt":"2015-03-19T15:27:33","guid":{"rendered":"http:\/\/www.proof.de\/?p=1300"},"modified":"2020-05-08T13:28:31","modified_gmt":"2020-05-08T11:28:31","slug":"uddannelse-som-designer-af-digitale-og-trykte-medier","status":"publish","type":"post","link":"https:\/\/blog.proofs.de\/da\/ausbildung-zumr-mediengestalterin-digital-und-print\/","title":{"rendered":"Uddannelse som designer af digitale og trykte medier"},"content":{"rendered":"<div class=\"kk-star-ratings kksr-auto kksr-align-right kksr-valign-top\" data-payload='{\"align\":\"right\",\"id\":\"1300\",\"slug\":\"default\",\"valign\":\"top\",\"ignore\":\"\",\"reference\":\"auto\",\"class\":\"\",\"count\":\"0\",\"legendonly\":\"\",\"readonly\":\"\",\"score\":\"0\",\"starsonly\":\"\",\"best\":\"5\",\"gap\":\"5\",\"greet\":\"Jetzt bewerten\",\"legend\":\"0\\\/5 - (0 votes)\",\"size\":\"24\",\"title\":\"Ausbildung zum\\\/r Mediengestalter\\\/in Digital und Print\",\"width\":\"0\",\"_legend\":\"{score}\\\/{best} - ({count} {votes})\",\"font_factor\":\"1.25\"}'>\n            \n<div class=\"kksr-stars\">\n    \n<div class=\"kksr-stars-inactive\">\n            <div class=\"kksr-star\" data-star=\"1\" style=\"padding-right: 5px\">\n            \n\n<div class=\"kksr-icon\" style=\"width: 24px; height: 24px;\"><\/div>\n        <\/div>\n            <div class=\"kksr-star\" data-star=\"2\" style=\"padding-right: 5px\">\n            \n\n<div class=\"kksr-icon\" style=\"width: 24px; height: 24px;\"><\/div>\n        <\/div>\n            <div class=\"kksr-star\" data-star=\"3\" style=\"padding-right: 5px\">\n            \n\n<div class=\"kksr-icon\" style=\"width: 24px; height: 24px;\"><\/div>\n        <\/div>\n            <div class=\"kksr-star\" data-star=\"4\" style=\"padding-right: 5px\">\n            \n\n<div class=\"kksr-icon\" style=\"width: 24px; height: 24px;\"><\/div>\n        <\/div>\n            <div class=\"kksr-star\" data-star=\"5\" style=\"padding-right: 5px\">\n            \n\n<div class=\"kksr-icon\" style=\"width: 24px; height: 24px;\"><\/div>\n        <\/div>\n    <\/div>\n    \n<div class=\"kksr-stars-active\" style=\"width: 0px;\">\n            <div class=\"kksr-star\" style=\"padding-right: 5px\">\n            \n\n<div class=\"kksr-icon\" style=\"width: 24px; height: 24px;\"><\/div>\n        <\/div>\n            <div class=\"kksr-star\" style=\"padding-right: 5px\">\n            \n\n<div class=\"kksr-icon\" style=\"width: 24px; height: 24px;\"><\/div>\n        <\/div>\n            <div class=\"kksr-star\" style=\"padding-right: 5px\">\n            \n\n<div class=\"kksr-icon\" style=\"width: 24px; height: 24px;\"><\/div>\n        <\/div>\n            <div class=\"kksr-star\" style=\"padding-right: 5px\">\n            \n\n<div class=\"kksr-icon\" style=\"width: 24px; height: 24px;\"><\/div>\n        <\/div>\n            <div class=\"kksr-star\" style=\"padding-right: 5px\">\n            \n\n<div class=\"kksr-icon\" style=\"width: 24px; height: 24px;\"><\/div>\n        <\/div>\n    <\/div>\n<\/div>\n                \n\n<div class=\"kksr-legend\" style=\"font-size: 19.2px;\">\n            <span class=\"kksr-muted\">Bed\u00f8m nu<\/span>\n    <\/div>\n    <\/div>\n<p>Til den 01.09.2015 tilbyder vi en l\u00e6replads som designer af digitale og trykte medier med speciale i printdesign og -teknologi.<\/p>\n<p><strong>Det er det, der venter dig hos os:<\/strong><\/p>\n<ul>\n<li>3-\u00e5rig dobbeltuddannelse<br>\n(skolebaseret del p\u00e5 Kerschensteiner-skolen i Reutlingen)<\/li>\n<li>Oprettelse af farver og juridisk bindende <a href=\"https:\/\/blog.proofs.de\/da\/lexikon\/farbproofs\/\" target=\"_self\" title=\"Farvepr\u00f8ver (korrekt: kontraktpr\u00f8ver) er et ISO-certificeret pr\u00f8vetrykningsv\u00e6rkt\u00f8j til den grafiske industri. Farvepr\u00f8ver simulerer farverne fra offset- eller dybtryk p\u00e5 en farve- og juridisk bindende m\u00e5de inden for de sn\u00e6vre tolerancer i ISO 12647-7. I dag beregnes de n\u00e6sten udelukkende via et RIP og produceres derefter med inkjetprintere p\u00e5 s\u00e6rligt pr\u00f8vepapir.\" class=\"encyclopedia\">Farvepr\u00f8ver<\/a><\/li>\n<li>Produktion af billedretouchering og scanninger<\/li>\n<li>Oprettelse af digitale fotografier<\/li>\n<li>St\u00f8tte og udvidelse af vores websted<\/li>\n<li>R\u00e5dgivningstjeneste for kunder<\/li>\n<\/ul>\n<p><strong>Det er det, vi forventer af dig:<\/strong><\/p>\n<ul>\n<li>Grundl\u00e6ggende erfaring med\/kendskab til Adobe Creative Suite (Photoshop, InDesign, Illustrator, Dreamweaver)<\/li>\n<li>Interesse for WordPress, TYPO3, HTML\/CSS<\/li>\n<li>Flydende tysk og gode engelskkundskaber i skrift og tale<\/li>\n<li>Mindst mellemskoleeksamen, studentereksamen eller adgangsgivende eksamen til en teknisk skole er en fordel<\/li>\n<\/ul>\n<p>Send venligst en fyldestg\u00f8rende ans\u00f8gning (f\u00f8lgebrev, CV, eksamensbeviser og referencer) til info(AT)<a href=\"https:\/\/blog.proofs.de\/da\/lexikon\/proof\/\" target=\"_self\" title=\"Et proof (korrekt: kontraktproof) er en ISO 12647-7-certificeret proofinganordning til den grafiske industri. Et korrekturtryk simulerer farven ved offset- eller dybtryk p\u00e5 en farve- og juridisk bindende m\u00e5de inden for de sn\u00e6vre tolerancer i ISO-standarden.\" class=\"encyclopedia\">bevis<\/a>.de eller pr. post til:<\/p>\n<p>Proof GmbH<br>\nAttn: Matthias Betz<br>\nG\u00f6lzstra\u00dfe 17<br>\n72072 T\u00fcbingen<\/p>","protected":false},"excerpt":{"rendered":"<p>Pr. 01.09.2015 tilbyder vi en uddannelse som digital- og printmediedesigner med speciale i print med fokus p\u00e5 design og teknologi. Hvad du kan forvente af os: 3-\u00e5rig dobbeltuddannelse (skolebaseret del p\u00e5 Kerschensteiner-skolen i Reutlingen) Udarbejdelse af farve- og juridisk bindende farvepr\u00f8ver Produktion af billedretouchering og scanninger Udarbejdelse af digitale fotografier Support og udvidelse af vores hjemmeside Kunder\u00e5dgivning Hvad vi forventer af dig: Grundl\u00e6ggende erfaring\/kendskab til Adobe Creative Suite (Photoshop, InDesign, Illustrator, Dreamweaver) Interesse for WordPress, TYPO3, HTML\/CSS Flydende tysk og gode skriftlige og mundtlige engelskkundskaber Mindst mellemliggende uddannelsesniveau, Abitur eller Fachhochschulreife ... <\/p>\n<p class=\"read-more-container\"><a title=\"Uddannelse som designer af digitale og trykte medier\" class=\"read-more button\" href=\"https:\/\/blog.proofs.de\/da\/ausbildung-zumr-mediengestalterin-digital-und-print\/#more-1300\" aria-label=\"L\u00e6s mere om L\u00e6replads som designer af digitale og trykte medier\">L\u00e6s mere her<\/a><\/p>","protected":false},"author":2,"featured_media":2494,"comment_status":"open","ping_status":"open","sticky":false,"template":"","format":"standard","meta":{"om_disable_all_campaigns":false,"inline_featured_image":false,"_monsterinsights_skip_tracking":false,"footnotes":""},"categories":[1,120],"tags":[483,340],"class_list":["post-1300","post","type-post","status-publish","format-standard","has-post-thumbnail","hentry","category-allgemein","category-kategorie-proof-gmbh","tag-ausbildung","tag-mediengestalter","generate-columns","tablet-grid-50","mobile-grid-100","grid-parent","grid-50","no-featured-image-padding","resize-featured-image"],"aioseo_notices":[],"aioseo_head":"\n\t\t<!-- All in One SEO 5.0.1.1 - aioseo.com -->\n\t<meta name=\"description\" content=\"Zum neuen Ausbildungsjahr im September bieten wir eine Ausbildung zum\/r Mediengestalterin Digital und Print, Schwerpunkt Print, Gestaltung und Technik. \" \/>\n\t<meta name=\"robots\" content=\"max-image-preview:large\" \/>\n\t<meta name=\"author\" content=\"Matthias Betz\"\/>\n\t<meta name=\"google-site-verification\" content=\"TuXxyRwxcEg2-WfOaQ8vScWQh3-uBAnxXmY7g3GT90A\" \/>\n\t<meta name=\"keywords\" content=\"ausbildung,mediengestalter,mediengestalterin,digital,print,ihk\" \/>\n\t<link rel=\"canonical\" href=\"https:\/\/blog.proofs.de\/da\/ausbildung-zumr-mediengestalterin-digital-und-print\/\" \/>\n\t<meta name=\"generator\" content=\"All in One SEO (AIOSEO) 5.0.1.1\" \/>\n\n\t\t<meta name=\"seobility\" content=\"593a8578143db71543f014978c690d47\">\n\t\t<meta property=\"og:locale\" content=\"da_DK\" \/>\n\t\t<meta property=\"og:site_name\" content=\"Proof.de | Alles zu Proof, Farbmanagement, Grafik, Messtechnik &amp; Co.\" \/>\n\t\t<meta property=\"og:type\" content=\"article\" \/>\n\t\t<meta property=\"og:title\" content=\"Ausbildung Mediengestalter\/in Digital und Print | proof.de\" \/>\n\t\t<meta property=\"og:description\" content=\"Zum neuen Ausbildungsjahr im September bieten wir eine Ausbildung zum\/r Mediengestalterin Digital und Print, Schwerpunkt Print, Gestaltung und Technik. \" \/>\n\t\t<meta property=\"og:url\" content=\"https:\/\/blog.proofs.de\/da\/ausbildung-zumr-mediengestalterin-digital-und-print\/\" \/>\n\t\t<meta property=\"og:image\" content=\"https:\/\/blog.proofs.de\/wp-content\/uploads\/2019\/09\/logo_proof_rgb_mit_balken_250px.png\" \/>\n\t\t<meta property=\"og:image:secure_url\" content=\"https:\/\/blog.proofs.de\/wp-content\/uploads\/2019\/09\/logo_proof_rgb_mit_balken_250px.png\" \/>\n\t\t<meta property=\"og:image:width\" content=\"250\" \/>\n\t\t<meta property=\"og:image:height\" content=\"65\" \/>\n\t\t<meta property=\"article:published_time\" content=\"2015-03-19T15:27:33+00:00\" \/>\n\t\t<meta property=\"article:modified_time\" content=\"2020-05-08T11:28:31+00:00\" \/>\n\t\t<meta property=\"article:publisher\" content=\"https:\/\/www.facebook.com\/Proof.de\/\" \/>\n\t\t<meta name=\"twitter:card\" content=\"summary\" \/>\n\t\t<meta name=\"twitter:title\" content=\"Ausbildung Mediengestalter\/in Digital und Print | proof.de\" \/>\n\t\t<meta name=\"twitter:description\" content=\"Zum neuen Ausbildungsjahr im September bieten wir eine Ausbildung zum\/r Mediengestalterin Digital und Print, Schwerpunkt Print, Gestaltung und Technik. \" \/>\n\t\t<meta name=\"twitter:image\" content=\"https:\/\/blog1.proofen.de\/wp-content\/uploads\/2020\/04\/proof_background.jpg\" \/>\n\t\t<script type=\"application\/ld+json\" class=\"aioseo-schema\">\n\t\t\t{\"@context\":\"https:\\\/\\\/schema.org\",\"@graph\":[{\"@type\":\"Article\",\"@id\":\"https:\\\/\\\/blog.proofs.de\\\/da\\\/ausbildung-zumr-mediengestalterin-digital-und-print\\\/#article\",\"name\":\"Ausbildung Mediengestalter\\\/in Digital und Print | proof.de\",\"headline\":\"Ausbildung zum\\\/r Mediengestalter\\\/in Digital und Print\",\"author\":{\"@id\":\"https:\\\/\\\/blog.proofs.de\\\/da\\\/author\\\/mbetz\\\/#author\"},\"publisher\":{\"@id\":\"https:\\\/\\\/blog.proofs.de\\\/da\\\/#organization\"},\"image\":{\"@type\":\"ImageObject\",\"url\":\"https:\\\/\\\/blog.proofs.de\\\/wp-content\\\/uploads\\\/2019\\\/09\\\/logo_proof_rgb_mit_balken_250px.png\",\"width\":250,\"height\":65,\"caption\":\"Logo Proof GmbH T\\u00fcbingen\"},\"datePublished\":\"2015-03-19T16:27:33+01:00\",\"dateModified\":\"2020-05-08T13:28:31+02:00\",\"inLanguage\":\"da-DK\",\"mainEntityOfPage\":{\"@id\":\"https:\\\/\\\/blog.proofs.de\\\/da\\\/ausbildung-zumr-mediengestalterin-digital-und-print\\\/#webpage\"},\"isPartOf\":{\"@id\":\"https:\\\/\\\/blog.proofs.de\\\/da\\\/ausbildung-zumr-mediengestalterin-digital-und-print\\\/#webpage\"},\"articleSection\":\"Allgemein, Proof GmbH, Ausbildung, Mediengestalter\"},{\"@type\":\"BreadcrumbList\",\"@id\":\"https:\\\/\\\/blog.proofs.de\\\/da\\\/ausbildung-zumr-mediengestalterin-digital-und-print\\\/#breadcrumblist\",\"itemListElement\":[{\"@type\":\"ListItem\",\"@id\":\"https:\\\/\\\/blog.proofs.de\\\/da#listItem\",\"position\":1,\"name\":\"Home\",\"item\":\"https:\\\/\\\/blog.proofs.de\\\/da\",\"nextItem\":{\"@type\":\"ListItem\",\"@id\":\"https:\\\/\\\/blog.proofs.de\\\/da\\\/thema\\\/proof-wissen\\\/#listItem\",\"name\":\"Proof Wissen\"}},{\"@type\":\"ListItem\",\"@id\":\"https:\\\/\\\/blog.proofs.de\\\/da\\\/thema\\\/proof-wissen\\\/#listItem\",\"position\":2,\"name\":\"Proof Wissen\",\"item\":\"https:\\\/\\\/blog.proofs.de\\\/da\\\/thema\\\/proof-wissen\\\/\",\"nextItem\":{\"@type\":\"ListItem\",\"@id\":\"https:\\\/\\\/blog.proofs.de\\\/da\\\/thema\\\/proof-wissen\\\/kategorie-proof-gmbh\\\/#listItem\",\"name\":\"Proof GmbH\"},\"previousItem\":{\"@type\":\"ListItem\",\"@id\":\"https:\\\/\\\/blog.proofs.de\\\/da#listItem\",\"name\":\"Home\"}},{\"@type\":\"ListItem\",\"@id\":\"https:\\\/\\\/blog.proofs.de\\\/da\\\/thema\\\/proof-wissen\\\/kategorie-proof-gmbh\\\/#listItem\",\"position\":3,\"name\":\"Proof GmbH\",\"item\":\"https:\\\/\\\/blog.proofs.de\\\/da\\\/thema\\\/proof-wissen\\\/kategorie-proof-gmbh\\\/\",\"nextItem\":{\"@type\":\"ListItem\",\"@id\":\"https:\\\/\\\/blog.proofs.de\\\/da\\\/ausbildung-zumr-mediengestalterin-digital-und-print\\\/#listItem\",\"name\":\"Ausbildung zum\\\/r Mediengestalter\\\/in Digital und Print\"},\"previousItem\":{\"@type\":\"ListItem\",\"@id\":\"https:\\\/\\\/blog.proofs.de\\\/da\\\/thema\\\/proof-wissen\\\/#listItem\",\"name\":\"Proof Wissen\"}},{\"@type\":\"ListItem\",\"@id\":\"https:\\\/\\\/blog.proofs.de\\\/da\\\/ausbildung-zumr-mediengestalterin-digital-und-print\\\/#listItem\",\"position\":4,\"name\":\"Ausbildung zum\\\/r Mediengestalter\\\/in Digital und Print\",\"previousItem\":{\"@type\":\"ListItem\",\"@id\":\"https:\\\/\\\/blog.proofs.de\\\/da\\\/thema\\\/proof-wissen\\\/kategorie-proof-gmbh\\\/#listItem\",\"name\":\"Proof GmbH\"}}]},{\"@type\":\"Organization\",\"@id\":\"https:\\\/\\\/blog.proofs.de\\\/da\\\/#organization\",\"name\":\"Proof GmbH\",\"description\":\"Farbverbindlicher Proof, Farbproof, Digitalproof und Online-Proof.\",\"url\":\"https:\\\/\\\/blog.proofs.de\\\/da\\\/\",\"telephone\":\"+4970717952740\",\"logo\":{\"@type\":\"ImageObject\",\"url\":\"https:\\\/\\\/blog1.proofen.de\\\/wp-content\\\/uploads\\\/2019\\\/09\\\/logo_proof_rgb_mit_balken_250px.png\",\"@id\":\"https:\\\/\\\/blog.proofs.de\\\/da\\\/ausbildung-zumr-mediengestalterin-digital-und-print\\\/#organizationLogo\"},\"image\":{\"@id\":\"https:\\\/\\\/blog.proofs.de\\\/da\\\/ausbildung-zumr-mediengestalterin-digital-und-print\\\/#organizationLogo\"},\"sameAs\":[\"https:\\\/\\\/www.facebook.com\\\/Proof.de\\\/\",\"https:\\\/\\\/www.instagram.com\\\/proof.de\\\/\",\"https:\\\/\\\/www.tiktok.com\\\/@proof_de\",\"https:\\\/\\\/www.youtube.com\\\/channel\\\/UCk80fQVQ25wC9wu3SywB-Nw\",\"https:\\\/\\\/www.linkedin.com\\\/company\\\/proof-de\"]},{\"@type\":\"Person\",\"@id\":\"https:\\\/\\\/blog.proofs.de\\\/da\\\/author\\\/mbetz\\\/#author\",\"url\":\"https:\\\/\\\/blog.proofs.de\\\/da\\\/author\\\/mbetz\\\/\",\"name\":\"Matthias Betz\",\"image\":{\"@type\":\"ImageObject\",\"@id\":\"https:\\\/\\\/blog.proofs.de\\\/da\\\/ausbildung-zumr-mediengestalterin-digital-und-print\\\/#authorImage\",\"url\":\"https:\\\/\\\/blog.proofs.de\\\/wp-content\\\/uploads\\\/2020\\\/10\\\/matthias-betz-e1603934518350-150x150.png\",\"width\":96,\"height\":96,\"caption\":\"Matthias Betz\"}},{\"@type\":\"WebPage\",\"@id\":\"https:\\\/\\\/blog.proofs.de\\\/da\\\/ausbildung-zumr-mediengestalterin-digital-und-print\\\/#webpage\",\"url\":\"https:\\\/\\\/blog.proofs.de\\\/da\\\/ausbildung-zumr-mediengestalterin-digital-und-print\\\/\",\"name\":\"Ausbildung Mediengestalter\\\/in Digital und Print | proof.de\",\"description\":\"Zum neuen Ausbildungsjahr im September bieten wir eine Ausbildung zum\\\/r Mediengestalterin Digital und Print, Schwerpunkt Print, Gestaltung und Technik.\",\"inLanguage\":\"da-DK\",\"isPartOf\":{\"@id\":\"https:\\\/\\\/blog.proofs.de\\\/da\\\/#website\"},\"breadcrumb\":{\"@id\":\"https:\\\/\\\/blog.proofs.de\\\/da\\\/ausbildung-zumr-mediengestalterin-digital-und-print\\\/#breadcrumblist\"},\"author\":{\"@id\":\"https:\\\/\\\/blog.proofs.de\\\/da\\\/author\\\/mbetz\\\/#author\"},\"creator\":{\"@id\":\"https:\\\/\\\/blog.proofs.de\\\/da\\\/author\\\/mbetz\\\/#author\"},\"image\":{\"@type\":\"ImageObject\",\"url\":\"https:\\\/\\\/blog.proofs.de\\\/wp-content\\\/uploads\\\/2019\\\/09\\\/logo_proof_rgb_mit_balken_250px.png\",\"@id\":\"https:\\\/\\\/blog.proofs.de\\\/da\\\/ausbildung-zumr-mediengestalterin-digital-und-print\\\/#mainImage\",\"width\":250,\"height\":65,\"caption\":\"Logo Proof GmbH T\\u00fcbingen\"},\"primaryImageOfPage\":{\"@id\":\"https:\\\/\\\/blog.proofs.de\\\/da\\\/ausbildung-zumr-mediengestalterin-digital-und-print\\\/#mainImage\"},\"datePublished\":\"2015-03-19T16:27:33+01:00\",\"dateModified\":\"2020-05-08T13:28:31+02:00\"},{\"@type\":\"WebSite\",\"@id\":\"https:\\\/\\\/blog.proofs.de\\\/da\\\/#website\",\"url\":\"https:\\\/\\\/blog.proofs.de\\\/da\\\/\",\"name\":\"Proof.de\",\"description\":\"Farbverbindlicher Proof, Farbproof, Digitalproof und Online-Proof.\",\"inLanguage\":\"da-DK\",\"publisher\":{\"@id\":\"https:\\\/\\\/blog.proofs.de\\\/da\\\/#organization\"}}]}\n\t\t<\/script>\n\t\t<!-- All in One SEO -->\n\n","aioseo_head_json":{"title":"L\u00e6rlingeuddannelse som designer af digitale og trykte medier | proof.de","description":"Til det nye uddannelses\u00e5r i september tilbyder vi en uddannelse som designer af digitale og trykte medier med speciale i tryk, design og teknologi.","canonical_url":"https:\/\/blog.proofs.de\/da\/ausbildung-zumr-mediengestalterin-digital-und-print\/","robots":"max-image-preview:large","keywords":"ausbildung,mediengestalter,mediengestalterin,digital,print,ihk","webmasterTools":{"google-site-verification":"TuXxyRwxcEg2-WfOaQ8vScWQh3-uBAnxXmY7g3GT90A","miscellaneous":"&lt;meta name=\"seobility\" content=\"593a8578143db71543f014978c690d47\"&gt;"},"schema":{"@context":"https:\/\/schema.org","@graph":[{"@type":"Article","@id":"https:\/\/blog.proofs.de\/da\/ausbildung-zumr-mediengestalterin-digital-und-print\/#article","name":"Ausbildung Mediengestalter\/in Digital und Print | proof.de","headline":"Ausbildung zum\/r Mediengestalter\/in Digital und Print","author":{"@id":"https:\/\/blog.proofs.de\/da\/author\/mbetz\/#author"},"publisher":{"@id":"https:\/\/blog.proofs.de\/da\/#organization"},"image":{"@type":"ImageObject","url":"https:\/\/blog.proofs.de\/wp-content\/uploads\/2019\/09\/logo_proof_rgb_mit_balken_250px.png","width":250,"height":65,"caption":"Logo Proof GmbH T\u00fcbingen"},"datePublished":"2015-03-19T16:27:33+01:00","dateModified":"2020-05-08T13:28:31+02:00","inLanguage":"da-DK","mainEntityOfPage":{"@id":"https:\/\/blog.proofs.de\/da\/ausbildung-zumr-mediengestalterin-digital-und-print\/#webpage"},"isPartOf":{"@id":"https:\/\/blog.proofs.de\/da\/ausbildung-zumr-mediengestalterin-digital-und-print\/#webpage"},"articleSection":"Allgemein, Proof GmbH, Ausbildung, Mediengestalter"},{"@type":"BreadcrumbList","@id":"https:\/\/blog.proofs.de\/da\/ausbildung-zumr-mediengestalterin-digital-und-print\/#breadcrumblist","itemListElement":[{"@type":"ListItem","@id":"https:\/\/blog.proofs.de\/da#listItem","position":1,"name":"Home","item":"https:\/\/blog.proofs.de\/da","nextItem":{"@type":"ListItem","@id":"https:\/\/blog.proofs.de\/da\/thema\/proof-wissen\/#listItem","name":"Proof Wissen"}},{"@type":"ListItem","@id":"https:\/\/blog.proofs.de\/da\/thema\/proof-wissen\/#listItem","position":2,"name":"Proof Wissen","item":"https:\/\/blog.proofs.de\/da\/thema\/proof-wissen\/","nextItem":{"@type":"ListItem","@id":"https:\/\/blog.proofs.de\/da\/thema\/proof-wissen\/kategorie-proof-gmbh\/#listItem","name":"Proof GmbH"},"previousItem":{"@type":"ListItem","@id":"https:\/\/blog.proofs.de\/da#listItem","name":"Home"}},{"@type":"ListItem","@id":"https:\/\/blog.proofs.de\/da\/thema\/proof-wissen\/kategorie-proof-gmbh\/#listItem","position":3,"name":"Proof GmbH","item":"https:\/\/blog.proofs.de\/da\/thema\/proof-wissen\/kategorie-proof-gmbh\/","nextItem":{"@type":"ListItem","@id":"https:\/\/blog.proofs.de\/da\/ausbildung-zumr-mediengestalterin-digital-und-print\/#listItem","name":"Ausbildung zum\/r Mediengestalter\/in Digital und Print"},"previousItem":{"@type":"ListItem","@id":"https:\/\/blog.proofs.de\/da\/thema\/proof-wissen\/#listItem","name":"Proof Wissen"}},{"@type":"ListItem","@id":"https:\/\/blog.proofs.de\/da\/ausbildung-zumr-mediengestalterin-digital-und-print\/#listItem","position":4,"name":"Ausbildung zum\/r Mediengestalter\/in Digital und Print","previousItem":{"@type":"ListItem","@id":"https:\/\/blog.proofs.de\/da\/thema\/proof-wissen\/kategorie-proof-gmbh\/#listItem","name":"Proof GmbH"}}]},{"@type":"Organization","@id":"https:\/\/blog.proofs.de\/da\/#organization","name":"Proof GmbH","description":"Farbverbindlicher Proof, Farbproof, Digitalproof und Online-Proof.","url":"https:\/\/blog.proofs.de\/da\/","telephone":"+4970717952740","logo":{"@type":"ImageObject","url":"https:\/\/blog1.proofen.de\/wp-content\/uploads\/2019\/09\/logo_proof_rgb_mit_balken_250px.png","@id":"https:\/\/blog.proofs.de\/da\/ausbildung-zumr-mediengestalterin-digital-und-print\/#organizationLogo"},"image":{"@id":"https:\/\/blog.proofs.de\/da\/ausbildung-zumr-mediengestalterin-digital-und-print\/#organizationLogo"},"sameAs":["https:\/\/www.facebook.com\/Proof.de\/","https:\/\/www.instagram.com\/proof.de\/","https:\/\/www.tiktok.com\/@proof_de","https:\/\/www.youtube.com\/channel\/UCk80fQVQ25wC9wu3SywB-Nw","https:\/\/www.linkedin.com\/company\/proof-de"]},{"@type":"Person","@id":"https:\/\/blog.proofs.de\/da\/author\/mbetz\/#author","url":"https:\/\/blog.proofs.de\/da\/author\/mbetz\/","name":"Matthias Betz","image":{"@type":"ImageObject","@id":"https:\/\/blog.proofs.de\/da\/ausbildung-zumr-mediengestalterin-digital-und-print\/#authorImage","url":"https:\/\/blog.proofs.de\/wp-content\/uploads\/2020\/10\/matthias-betz-e1603934518350-150x150.png","width":96,"height":96,"caption":"Matthias Betz"}},{"@type":"WebPage","@id":"https:\/\/blog.proofs.de\/da\/ausbildung-zumr-mediengestalterin-digital-und-print\/#webpage","url":"https:\/\/blog.proofs.de\/da\/ausbildung-zumr-mediengestalterin-digital-und-print\/","name":"Ausbildung Mediengestalter\/in Digital und Print | proof.de","description":"Zum neuen Ausbildungsjahr im September bieten wir eine Ausbildung zum\/r Mediengestalterin Digital und Print, Schwerpunkt Print, Gestaltung und Technik.","inLanguage":"da-DK","isPartOf":{"@id":"https:\/\/blog.proofs.de\/da\/#website"},"breadcrumb":{"@id":"https:\/\/blog.proofs.de\/da\/ausbildung-zumr-mediengestalterin-digital-und-print\/#breadcrumblist"},"author":{"@id":"https:\/\/blog.proofs.de\/da\/author\/mbetz\/#author"},"creator":{"@id":"https:\/\/blog.proofs.de\/da\/author\/mbetz\/#author"},"image":{"@type":"ImageObject","url":"https:\/\/blog.proofs.de\/wp-content\/uploads\/2019\/09\/logo_proof_rgb_mit_balken_250px.png","@id":"https:\/\/blog.proofs.de\/da\/ausbildung-zumr-mediengestalterin-digital-und-print\/#mainImage","width":250,"height":65,"caption":"Logo Proof GmbH T\u00fcbingen"},"primaryImageOfPage":{"@id":"https:\/\/blog.proofs.de\/da\/ausbildung-zumr-mediengestalterin-digital-und-print\/#mainImage"},"datePublished":"2015-03-19T16:27:33+01:00","dateModified":"2020-05-08T13:28:31+02:00"},{"@type":"WebSite","@id":"https:\/\/blog.proofs.de\/da\/#website","url":"https:\/\/blog.proofs.de\/da\/","name":"Proof.de","description":"Farbverbindlicher Proof, Farbproof, Digitalproof und Online-Proof.","inLanguage":"da-DK","publisher":{"@id":"https:\/\/blog.proofs.de\/da\/#organization"}}]},"og:locale":"da_DK","og:site_name":"Proof.de | Alles zu Proof, Farbmanagement, Grafik, Messtechnik &amp; Co.","og:type":"article","og:title":"Ausbildung Mediengestalter\/in Digital und Print | proof.de","og:description":"Zum neuen Ausbildungsjahr im September bieten wir eine Ausbildung zum\/r Mediengestalterin Digital und Print, Schwerpunkt Print, Gestaltung und Technik. ","og:url":"https:\/\/blog.proofs.de\/da\/ausbildung-zumr-mediengestalterin-digital-und-print\/","og:image":"https:\/\/blog.proofs.de\/wp-content\/uploads\/2019\/09\/logo_proof_rgb_mit_balken_250px.png","og:image:secure_url":"https:\/\/blog.proofs.de\/wp-content\/uploads\/2019\/09\/logo_proof_rgb_mit_balken_250px.png","og:image:width":250,"og:image:height":65,"article:published_time":"2015-03-19T15:27:33+00:00","article:modified_time":"2020-05-08T11:28:31+00:00","article:publisher":"https:\/\/www.facebook.com\/Proof.de\/","twitter:card":"summary","twitter:title":"Ausbildung Mediengestalter\/in Digital und Print | proof.de","twitter:description":"Zum neuen Ausbildungsjahr im September bieten wir eine Ausbildung zum\/r Mediengestalterin Digital und Print, Schwerpunkt Print, Gestaltung und Technik. ","twitter:image":"https:\/\/blog1.proofen.de\/wp-content\/uploads\/2020\/04\/proof_background.jpg"},"aioseo_meta_data":{"post_id":"1300","title":"Uddannelse til mediedesigner (digital og trykt) | proof.de","description":"Til det nye uddannelses\u00e5r i september tilbyder vi en uddannelse som designer af digitale og trykte medier med speciale i tryk, design og teknologi.","keywords":[{"label":"Ausbildung","value":"Ausbildung"},{"label":"Mediengestalter","value":"Mediengestalter"},{"label":"Mediengestalterin","value":"Mediengestalterin"},{"label":"Digital","value":"Digital"},{"label":"Print","value":"Print"},{"label":"IHK","value":"IHK"}],"keyphrases":null,"primary_term":null,"canonical_url":null,"og_title":null,"og_description":null,"og_object_type":"default","og_image_type":"default","og_image_url":null,"og_image_width":null,"og_image_height":null,"og_image_custom_url":null,"og_image_custom_fields":null,"og_video":null,"og_custom_url":null,"og_article_section":null,"og_article_tags":null,"twitter_use_og":false,"twitter_card":"default","twitter_image_type":"default","twitter_image_url":null,"twitter_image_custom_url":null,"twitter_image_custom_fields":null,"twitter_title":null,"twitter_description":null,"schema":{"blockGraphs":[],"customGraphs":[],"default":{"data":{"Article":[],"Course":[],"Dataset":[],"FAQPage":[],"Movie":[],"Person":[],"Product":[],"ProductReview":[],"Car":[],"Recipe":[],"Service":[],"SoftwareApplication":[],"WebPage":[]},"graphName":"","isEnabled":true},"graphs":[],"defaultGraph":"","defaultPostTypeGraph":""},"schema_type":null,"schema_type_options":null,"pillar_content":false,"robots_default":true,"robots_noindex":false,"robots_noarchive":false,"robots_nosnippet":false,"robots_nofollow":false,"robots_noimageindex":false,"robots_noodp":false,"robots_notranslate":false,"robots_max_snippet":null,"robots_max_videopreview":null,"robots_max_imagepreview":"large","priority":null,"frequency":null,"local_seo":null,"breadcrumb_settings":null,"limit_modified_date":false,"ai":null,"created":"2020-12-21 00:36:00","updated":"2025-06-04 14:18:03","seo_analyzer_scan_date":null,"focus_keyword":null,"additional_keywords":null,"truseo_locale":null},"_links":{"self":[{"href":"https:\/\/blog.proofs.de\/da\/wp-json\/wp\/v2\/posts\/1300","targetHints":{"allow":["GET"]}}],"collection":[{"href":"https:\/\/blog.proofs.de\/da\/wp-json\/wp\/v2\/posts"}],"about":[{"href":"https:\/\/blog.proofs.de\/da\/wp-json\/wp\/v2\/types\/post"}],"author":[{"embeddable":true,"href":"https:\/\/blog.proofs.de\/da\/wp-json\/wp\/v2\/users\/2"}],"replies":[{"embeddable":true,"href":"https:\/\/blog.proofs.de\/da\/wp-json\/wp\/v2\/comments?post=1300"}],"version-history":[{"count":9,"href":"https:\/\/blog.proofs.de\/da\/wp-json\/wp\/v2\/posts\/1300\/revisions"}],"predecessor-version":[{"id":3360,"href":"https:\/\/blog.proofs.de\/da\/wp-json\/wp\/v2\/posts\/1300\/revisions\/3360"}],"wp:featuredmedia":[{"embeddable":true,"href":"https:\/\/blog.proofs.de\/da\/wp-json\/wp\/v2\/media\/2494"}],"wp:attachment":[{"href":"https:\/\/blog.proofs.de\/da\/wp-json\/wp\/v2\/media?parent=1300"}],"wp:term":[{"taxonomy":"category","embeddable":true,"href":"https:\/\/blog.proofs.de\/da\/wp-json\/wp\/v2\/categories?post=1300"},{"taxonomy":"post_tag","embeddable":true,"href":"https:\/\/blog.proofs.de\/da\/wp-json\/wp\/v2\/tags?post=1300"}],"curies":[{"name":"wp","href":"https:\/\/api.w.org\/{rel}","templated":true}]}}