{"id":177,"date":"2012-03-20T00:38:47","date_gmt":"2012-03-19T23:38:47","guid":{"rendered":"http:\/\/www.proof.de\/?p=177"},"modified":"2020-05-08T12:42:11","modified_gmt":"2020-05-08T10:42:11","slug":"hvilket-rgb-arbejdsfarverum-er-velegnet-til-farvekonsistent-arbejde","status":"publish","type":"post","link":"https:\/\/blog.proofs.de\/da\/welcher-rgb-arbeitsfarbraum-ist-fur-farbverbindliches-arbeiten-geeignet\/","title":{"rendered":"Hvilket RGB-arbejdsfarverum er velegnet til farvekonsistent arbejde?"},"content":{"rendered":"<div class=\"kk-star-ratings kksr-auto kksr-align-right kksr-valign-top\" data-payload='{\"align\":\"right\",\"id\":\"177\",\"slug\":\"default\",\"valign\":\"top\",\"ignore\":\"\",\"reference\":\"auto\",\"class\":\"\",\"count\":\"0\",\"legendonly\":\"\",\"readonly\":\"\",\"score\":\"0\",\"starsonly\":\"\",\"best\":\"5\",\"gap\":\"5\",\"greet\":\"Jetzt bewerten\",\"legend\":\"0\\\/5 - (0 votes)\",\"size\":\"24\",\"title\":\"Welcher RGB Arbeitsfarbraum ist f&uuml;r farbverbindliches Arbeiten geeignet?\",\"width\":\"0\",\"_legend\":\"{score}\\\/{best} - ({count} {votes})\",\"font_factor\":\"1.25\"}'>\n            \n<div class=\"kksr-stars\">\n    \n<div class=\"kksr-stars-inactive\">\n            <div class=\"kksr-star\" data-star=\"1\" style=\"padding-right: 5px\">\n            \n\n<div class=\"kksr-icon\" style=\"width: 24px; height: 24px;\"><\/div>\n        <\/div>\n            <div class=\"kksr-star\" data-star=\"2\" style=\"padding-right: 5px\">\n            \n\n<div class=\"kksr-icon\" style=\"width: 24px; height: 24px;\"><\/div>\n        <\/div>\n            <div class=\"kksr-star\" data-star=\"3\" style=\"padding-right: 5px\">\n            \n\n<div class=\"kksr-icon\" style=\"width: 24px; height: 24px;\"><\/div>\n        <\/div>\n            <div class=\"kksr-star\" data-star=\"4\" style=\"padding-right: 5px\">\n            \n\n<div class=\"kksr-icon\" style=\"width: 24px; height: 24px;\"><\/div>\n        <\/div>\n            <div class=\"kksr-star\" data-star=\"5\" style=\"padding-right: 5px\">\n            \n\n<div class=\"kksr-icon\" style=\"width: 24px; height: 24px;\"><\/div>\n        <\/div>\n    <\/div>\n    \n<div class=\"kksr-stars-active\" style=\"width: 0px;\">\n            <div class=\"kksr-star\" style=\"padding-right: 5px\">\n            \n\n<div class=\"kksr-icon\" style=\"width: 24px; height: 24px;\"><\/div>\n        <\/div>\n            <div class=\"kksr-star\" style=\"padding-right: 5px\">\n            \n\n<div class=\"kksr-icon\" style=\"width: 24px; height: 24px;\"><\/div>\n        <\/div>\n            <div class=\"kksr-star\" style=\"padding-right: 5px\">\n            \n\n<div class=\"kksr-icon\" style=\"width: 24px; height: 24px;\"><\/div>\n        <\/div>\n            <div class=\"kksr-star\" style=\"padding-right: 5px\">\n            \n\n<div class=\"kksr-icon\" style=\"width: 24px; height: 24px;\"><\/div>\n        <\/div>\n            <div class=\"kksr-star\" style=\"padding-right: 5px\">\n            \n\n<div class=\"kksr-icon\" style=\"width: 24px; height: 24px;\"><\/div>\n        <\/div>\n    <\/div>\n<\/div>\n                \n\n<div class=\"kksr-legend\" style=\"font-size: 19.2px;\">\n            <span class=\"kksr-muted\">Bed\u00f8m nu<\/span>\n    <\/div>\n    <\/div>\n<p>I de tidlige dage med farverum brugte Apple og f.eks. Photoshop op til version 5.5 som standard sk\u00e6rmen.<a href=\"https:\/\/blog.proofs.de\/da\/lexikon\/farbraum\/\" target=\"_self\" title=\"Farverummet er baseret p\u00e5 en farvemodel og er dens konkrete anvendelse p\u00e5 en farvel\u00e6gningsmetode (printer, sk\u00e6rm osv.). Det indeholder derfor alle farver, der rent faktisk kan repr\u00e6senteres med denne metode, og de tilsvarende materialer.\" class=\"encyclopedia\">farverum<\/a> som arbejdsfarverum. Men det blev hurtigt klart, at i et bureau med 10 Mac-computere arbejdes der i 10 forskellige farverum. S\u00e5 der var behov for et neutralt koncept.<\/p>\n<p><a href=\"https:\/\/blog.proofs.de\/da\/lexikon\/rgb\/\" target=\"_self\" title=\"RGB st\u00e5r for farverne r\u00f8d, gr\u00f8n og bl\u00e5. Menneskets farvesyn er baseret p\u00e5 disse farver.\" class=\"encyclopedia\">RGB<\/a> Farverum findes i massevis. Inden for trykte medier findes der i \u00f8jeblikket stadig prim\u00e6rt tre forskellige varianter: <a href=\"https:\/\/blog.proofs.de\/da\/lexikon\/srgb\/\" target=\"_self\" title=\"sRGB er det mest udbredte RGB-farverum. sRGB er standardfarverummet i alle billige digitale kameraer og scannere. N\u00e6sten alle 8-bit RGB-filer uden et profilm\u00e6rke svarer til sRGB.\" class=\"encyclopedia\">sRGB<\/a>, AdobeRGB(1998) og <a href=\"https:\/\/blog.proofs.de\/da\/lexikon\/eci\/\" target=\"_self\" title=\"ECI - European Color Initiative - er en gruppe af eksperter, der besk\u00e6ftiger sig med behandling af farvedata i udgivelsessystemer.\" class=\"encyclopedia\">eci<\/a>RGB_V2.<\/p>\n<p>sRGB-farverummet anvendes i vid udstr\u00e6kning i digitale kameraer og er f\u00f8rende i forbrugeromr\u00e5det. Problemet i forbindelse med udskrivning: sRGB er et relativt lille farverum og d\u00e6kker ikke de moderne printeres farvemuligheder. <a href=\"https:\/\/blog.proofs.de\/da\/lexikon\/offsetdruck\/\" target=\"_self\" title=\"Offsettryk er en indirekte trykproces. Indirekte betyder, at trykformen og substratet ikke kommer i direkte kontakt med hinanden, men at der anvendes et medium som overf\u00f8ringsmiddel. Det er den mest udbredte trykproces. Der findes: - offsetpresser med arkf\u00f8de og - offsetpresser med rulle.\" class=\"encyclopedia\">Offsettryk<\/a>systemer og digitale printere. Da offsetprofiler som f.eks. ISOCoated_v2 har et meget st\u00f8rre farverum, giver det ikke meget mening at retouchere i sRGB.<\/p>\n<p>Optimalt set fra vores synspunkt er eciRGB_V2, en videreudvikling af eciRGB. Dette farverum blev skabt specielt til brug i trykkerier og har flere fordele:<\/p>\n<ul>\n<li>Den d\u00e6kker farverne i alle aktuelle farverum for trykning (offset, <a href=\"https:\/\/blog.proofs.de\/da\/lexikon\/tiefdruck\/\" target=\"_self\" title=\"R\u00f8dtryk er en af de \u00e6ldste trykprocesser, der stadig anvendes i dag. Ved dybtryk indgraveres det trykte billede i trykcylinderen (eller trykpladen). Den dyppes derefter i bl\u00e6kket, og det overskydende bl\u00e6k skrabes af, s\u00e5 kun bl\u00e6kket i fordybningerne (cellerne) er tilbage. Endelig overf\u00f8res dette bl\u00e6k til det trykte substrat med et h\u00f8jt kontakttryk og gennem papirets sugeevne.\" class=\"encyclopedia\">Gravure trykning<\/a>, web offset, avis), men den er ikke meget st\u00f8rre og afsl\u00f8rer derfor ikke nogen opl\u00f8sning.<\/li>\n<li>Lige store nuancer af r\u00f8d, gr\u00f8n og bl\u00e5 giver neutrale gr\u00e5toner<\/li>\n<li>Der er nogenlunde samme afstand mellem 0\/0\/0\/0 og 50\/50\/50\/50 som mellem 50\/50\/50\/50 og 100\/100\/100\/100. Den sorte stigning opfattes som tilsvarende.<\/li>\n<li>Den hvide farve er 5000 <a href=\"https:\/\/blog.proofs.de\/da\/lexikon\/kelvin\/\" target=\"_self\" title=\"Kelvin er en absolut temperaturenhed, der anvendes inden for videnskaben. Dagslys er defineret som 6500 Kelvin, og til trykning g\u00e6lder en farvetemperatur p\u00e5 5000 Kelvin i Europa med D50-standardlyset.\" class=\"encyclopedia\">Kelvin<\/a> og <a href=\"https:\/\/blog.proofs.de\/da\/lexikon\/gamma\/\" target=\"_self\" title=\"Gamma er en forkortelse for gammakorrektion, en ikke-standardiseret metode til m\u00e5ling af kontrast for scannere, sk\u00e6rme og fotografiske materialer.\" class=\"encyclopedia\">Gamma<\/a> p\u00e5 1.8<\/li>\n<\/ul>\n<p><a href=\"http:\/\/www.eci.org\/de\/downloads\">Farverummet eciRGB_v2 kan downloades gratis fra siderne for European Color Initiative (ECI).<\/a><\/p>\n<p>Farverummet AdobeRGB 1998, som Adobe har anvendt i vid udstr\u00e6kning siden Photoshop 5.5 og i dag i alle dele af Adobe-produktserien, er ogs\u00e5 velegnet til trykning, men det fungerer med en gammav\u00e6rdi p\u00e5 2,2 og er begr\u00e6nset til en hvidhedsgrad p\u00e5 <a href=\"https:\/\/blog.proofs.de\/da\/lexikon\/d50\/\" target=\"_self\" title=\"D50 er standardlyset i trykkeribranchen. Pr\u00f8ver kan kun farvematches under D50-standardlys,\" class=\"encyclopedia\">D50<\/a> til <a href=\"https:\/\/blog.proofs.de\/da\/lexikon\/d65\/\" target=\"_self\" title=\"D65 er standardlys med en farvetemperatur p\u00e5 6.500 Kelvin. Det svarer til standardindstillingen p\u00e5 de fleste sk\u00e6rme og bruges prim\u00e6rt til farvematching af internetsider osv., dvs. til medier, der prim\u00e6rt ses p\u00e5 sk\u00e6rmen.\" class=\"encyclopedia\">D65<\/a> designet. Alle almindelige farverum til trykning kan ogs\u00e5 reproduceres godt i AdobeRGB 1998. <a href=\"http:\/\/www.adobe.com\/digitalimag\/pdfs\/AdobeRGB1998.pdf\">Adobe-dokumentation om dette farverum kan findes her.<\/a><\/p>\n<div id=\"gallery-1\" class=\"gallery galleryid-177 gallery-columns-3 gallery-size-thumbnail\"><figure class=\"gallery-item\">\n\t\t\t<div class=\"gallery-icon landscape\">\n\t\t\t\t<a href=\"https:\/\/blog.proofs.de\/wp-content\/uploads\/2012\/03\/Bildschirmfoto-2012-03-20-um-00.28.50.jpg\"><img loading=\"lazy\" decoding=\"async\" width=\"150\" height=\"150\" src=\"https:\/\/blog.proofs.de\/wp-content\/uploads\/2012\/03\/Bildschirmfoto-2012-03-20-um-00.28.50-150x150-1.jpg\" class=\"attachment-thumbnail size-thumbnail\" alt=\"Sammenligning af eciRGB_V2 (hvid) og AdobeRGB 1998\" aria-describedby=\"gallery-1-180\"><\/a>\n\t\t\t<\/div>\n\t\t\t\t<figcaption class=\"wp-caption-text gallery-caption\" id=\"gallery-1-180\">\n\t\t\t\tSammenligning eciRGB_V2 (hvid) og AdobeRGB 1998\n\t\t\t\t<\/figcaption><\/figure><figure class=\"gallery-item\">\n\t\t\t<div class=\"gallery-icon landscape\">\n\t\t\t\t<a href=\"https:\/\/blog.proofs.de\/wp-content\/uploads\/2012\/03\/Bildschirmfoto-2012-03-20-um-00.29.04.jpg\"><img loading=\"lazy\" decoding=\"async\" width=\"150\" height=\"150\" src=\"https:\/\/blog.proofs.de\/wp-content\/uploads\/2012\/03\/Bildschirmfoto-2012-03-20-um-00.29.04-150x150-1.jpg\" class=\"attachment-thumbnail size-thumbnail\" alt=\"Sammenligning af eciRGB_V2 (hvid) og sRGB\" aria-describedby=\"gallery-1-179\"><\/a>\n\t\t\t<\/div>\n\t\t\t\t<figcaption class=\"wp-caption-text gallery-caption\" id=\"gallery-1-179\">\n\t\t\t\tSammenligning eciRGB_V2 (hvid) og sRGB\n\t\t\t\t<\/figcaption><\/figure><figure class=\"gallery-item\">\n\t\t\t<div class=\"gallery-icon landscape\">\n\t\t\t\t<a href=\"https:\/\/blog.proofs.de\/wp-content\/uploads\/2012\/03\/Bildschirmfoto-2012-03-20-um-00.29.41.jpg\"><img loading=\"lazy\" decoding=\"async\" width=\"150\" height=\"150\" src=\"https:\/\/blog.proofs.de\/wp-content\/uploads\/2012\/03\/Bildschirmfoto-2012-03-20-um-00.29.41-150x150-1.jpg\" class=\"attachment-thumbnail size-thumbnail\" alt=\"Sammenligning af eciRGB_V2 (hvid) og ISOCoatedV2\" aria-describedby=\"gallery-1-178\"><\/a>\n\t\t\t<\/div>\n\t\t\t\t<figcaption class=\"wp-caption-text gallery-caption\" id=\"gallery-1-178\">\n\t\t\t\tSammenligning eciRGB_V2 (hvid) og <a href=\"https:\/\/blog.proofs.de\/da\/lexikon\/isocoatedv2\/\" target=\"_self\" title=\"ISOCoatedV2 er den mest udbredte profil i den europ\u00e6iske trykkeriindustri. Den st\u00e5r for den mest almindelige trykproces: Offsettryk p\u00e5 mat eller blankt billedtrykpapir.\" class=\"encyclopedia\">ISOCoatedV2<\/a>\n\t\t\t\t<\/figcaption><\/figure>\n\t\t<\/div>","protected":false},"excerpt":{"rendered":"<p>I de tidlige dage med farverum indstillede Apple og for eksempel Photoshop op til version 5.5 sk\u00e6rmens farverum som standardfarverum. Det blev dog hurtigt klart, at et bureau med 10 Macs ville arbejde i 10 forskellige farverum. S\u00e5 der var brug for et neutralt koncept. RGB-farverum er der mange af. Inden for trykte medier er der i \u00f8jeblikket tre forskellige prim\u00e6re varianter: sRGB, AdobeRGB(1998) og eciRGB_V2. Farverummet sRGB er meget udbredt i digitalkameraer og er f\u00f8rende i forbrugersegmentet. Problem ved udskrivning: ... <\/p>\n<p class=\"read-more-container\"><a title=\"Hvilket RGB-arbejdsfarverum er velegnet til farvekonsistent arbejde?\" class=\"read-more button\" href=\"https:\/\/blog.proofs.de\/da\/welcher-rgb-arbeitsfarbraum-ist-fur-farbverbindliches-arbeiten-geeignet\/#more-177\" aria-label=\"L\u00e6s mere om Hvilket RGB-arbejdsfarverum egner sig til farvebindingsarbejde?\">L\u00e6s mere her<\/a><\/p>","protected":false},"author":2,"featured_media":180,"comment_status":"open","ping_status":"open","sticky":false,"template":"","format":"standard","meta":{"om_disable_all_campaigns":false,"inline_featured_image":false,"_monsterinsights_skip_tracking":false,"footnotes":""},"categories":[1,435,18,443,441,25,7],"tags":[259,256,257,258,541,549],"class_list":["post-177","post","type-post","status-publish","format-standard","has-post-thumbnail","hentry","category-allgemein","category-farbraeume-und-farbprofile","category-haufige-fragen","category-haeufige-fragen-zu-proofs","category-layout-tipps-und-tricks","category-licht-und-normlicht","category-proof-wissen","tag-adobergb-1998","tag-arbeitsfarbraum","tag-arbeitsfarbraeume","tag-ecirgb_v2","tag-rgb","tag-srgb","generate-columns","tablet-grid-50","mobile-grid-100","grid-parent","grid-50","no-featured-image-padding","resize-featured-image"],"aioseo_notices":[],"aioseo_head":"\n\t\t<!-- All in One SEO 5.0.1.1 - aioseo.com -->\n\t<meta name=\"description\" content=\"eciRGB_V2, sRGB und AdobeRGB 1998: Unterschiede, Eignungen und Vorteile. F\u00fcr Proofs und farbverbindliches Arbeiten sollte eciRGB_V2 verwendet werden.\" \/>\n\t<meta name=\"robots\" content=\"max-image-preview:large\" \/>\n\t<meta name=\"author\" content=\"Matthias Betz\"\/>\n\t<meta name=\"google-site-verification\" content=\"TuXxyRwxcEg2-WfOaQ8vScWQh3-uBAnxXmY7g3GT90A\" \/>\n\t<meta name=\"keywords\" content=\"rgb,arbeitsfarbraum,arbeitsfarbr\u00e4ume,ecirgb_v2,adobergb 1998,srgb\" \/>\n\t<link rel=\"canonical\" href=\"https:\/\/blog.proofs.de\/da\/welcher-rgb-arbeitsfarbraum-ist-fur-farbverbindliches-arbeiten-geeignet\/\" \/>\n\t<meta name=\"generator\" content=\"All in One SEO (AIOSEO) 5.0.1.1\" \/>\n\n\t\t<meta name=\"seobility\" content=\"593a8578143db71543f014978c690d47\">\n\t\t<meta property=\"og:locale\" content=\"da_DK\" \/>\n\t\t<meta property=\"og:site_name\" content=\"Proof.de | Alles zu Proof, Farbmanagement, Grafik, Messtechnik &amp; Co.\" \/>\n\t\t<meta property=\"og:type\" content=\"article\" \/>\n\t\t<meta property=\"og:title\" content=\"RGB Farbr\u00e4ume: Das Beste f\u00fcr Farbretuschen | proof.de\" \/>\n\t\t<meta property=\"og:description\" content=\"eciRGB_V2, sRGB und AdobeRGB 1998: Unterschiede, Eignungen und Vorteile. F\u00fcr Proofs und farbverbindliches Arbeiten sollte eciRGB_V2 verwendet werden.\" \/>\n\t\t<meta property=\"og:url\" content=\"https:\/\/blog.proofs.de\/da\/welcher-rgb-arbeitsfarbraum-ist-fur-farbverbindliches-arbeiten-geeignet\/\" \/>\n\t\t<meta property=\"og:image\" content=\"https:\/\/blog.proofs.de\/wp-content\/uploads\/2012\/03\/Bildschirmfoto-2012-03-20-um-00.28.50.jpg\" \/>\n\t\t<meta property=\"og:image:secure_url\" content=\"https:\/\/blog.proofs.de\/wp-content\/uploads\/2012\/03\/Bildschirmfoto-2012-03-20-um-00.28.50.jpg\" \/>\n\t\t<meta property=\"og:image:width\" content=\"616\" \/>\n\t\t<meta property=\"og:image:height\" content=\"538\" \/>\n\t\t<meta property=\"article:published_time\" content=\"2012-03-19T23:38:47+00:00\" \/>\n\t\t<meta property=\"article:modified_time\" content=\"2020-05-08T10:42:11+00:00\" \/>\n\t\t<meta property=\"article:publisher\" content=\"https:\/\/www.facebook.com\/Proof.de\/\" \/>\n\t\t<meta name=\"twitter:card\" content=\"summary\" \/>\n\t\t<meta name=\"twitter:title\" content=\"RGB Farbr\u00e4ume: Das Beste f\u00fcr Farbretuschen | proof.de\" \/>\n\t\t<meta name=\"twitter:description\" content=\"eciRGB_V2, sRGB und AdobeRGB 1998: Unterschiede, Eignungen und Vorteile. F\u00fcr Proofs und farbverbindliches Arbeiten sollte eciRGB_V2 verwendet werden.\" \/>\n\t\t<meta name=\"twitter:image\" content=\"https:\/\/blog1.proofen.de\/wp-content\/uploads\/2020\/04\/proof_background.jpg\" \/>\n\t\t<script type=\"application\/ld+json\" class=\"aioseo-schema\">\n\t\t\t{\"@context\":\"https:\\\/\\\/schema.org\",\"@graph\":[{\"@type\":\"Article\",\"@id\":\"https:\\\/\\\/blog.proofs.de\\\/da\\\/welcher-rgb-arbeitsfarbraum-ist-fur-farbverbindliches-arbeiten-geeignet\\\/#article\",\"name\":\"RGB Farbr\\u00e4ume: Das Beste f\\u00fcr Farbretuschen | proof.de\",\"headline\":\"Welcher RGB Arbeitsfarbraum ist f\\u00fcr farbverbindliches Arbeiten geeignet?\",\"author\":{\"@id\":\"https:\\\/\\\/blog.proofs.de\\\/da\\\/author\\\/mbetz\\\/#author\"},\"publisher\":{\"@id\":\"https:\\\/\\\/blog.proofs.de\\\/da\\\/#organization\"},\"image\":{\"@type\":\"ImageObject\",\"url\":\"https:\\\/\\\/blog.proofs.de\\\/wp-content\\\/uploads\\\/2012\\\/03\\\/Bildschirmfoto-2012-03-20-um-00.28.50.jpg\",\"width\":616,\"height\":538,\"caption\":\"Vergleich eciRGB_V2 (wei\\u00df) und AdobeRGB 1998\"},\"datePublished\":\"2012-03-20T00:38:47+01:00\",\"dateModified\":\"2020-05-08T12:42:11+02:00\",\"inLanguage\":\"da-DK\",\"commentCount\":3,\"mainEntityOfPage\":{\"@id\":\"https:\\\/\\\/blog.proofs.de\\\/da\\\/welcher-rgb-arbeitsfarbraum-ist-fur-farbverbindliches-arbeiten-geeignet\\\/#webpage\"},\"isPartOf\":{\"@id\":\"https:\\\/\\\/blog.proofs.de\\\/da\\\/welcher-rgb-arbeitsfarbraum-ist-fur-farbverbindliches-arbeiten-geeignet\\\/#webpage\"},\"articleSection\":\"Allgemein, Farbr\\u00e4ume und Farbprofile, H\\u00e4ufige Fragen, H\\u00e4ufige Fragen zu Proofs, Layout Tipps, Licht und Normlicht, Proof Wissen, AdobeRGB 1998, Arbeitsfarbraum, Arbeitsfarbr\\u00e4ume, eciRGB_v2, RGB, sRGB\"},{\"@type\":\"BreadcrumbList\",\"@id\":\"https:\\\/\\\/blog.proofs.de\\\/da\\\/welcher-rgb-arbeitsfarbraum-ist-fur-farbverbindliches-arbeiten-geeignet\\\/#breadcrumblist\",\"itemListElement\":[{\"@type\":\"ListItem\",\"@id\":\"https:\\\/\\\/blog.proofs.de\\\/da#listItem\",\"position\":1,\"name\":\"Home\",\"item\":\"https:\\\/\\\/blog.proofs.de\\\/da\",\"nextItem\":{\"@type\":\"ListItem\",\"@id\":\"https:\\\/\\\/blog.proofs.de\\\/da\\\/thema\\\/proof-wissen\\\/#listItem\",\"name\":\"Proof Wissen\"}},{\"@type\":\"ListItem\",\"@id\":\"https:\\\/\\\/blog.proofs.de\\\/da\\\/thema\\\/proof-wissen\\\/#listItem\",\"position\":2,\"name\":\"Proof Wissen\",\"item\":\"https:\\\/\\\/blog.proofs.de\\\/da\\\/thema\\\/proof-wissen\\\/\",\"nextItem\":{\"@type\":\"ListItem\",\"@id\":\"https:\\\/\\\/blog.proofs.de\\\/da\\\/thema\\\/proof-wissen\\\/licht-und-normlicht\\\/#listItem\",\"name\":\"Licht und Normlicht\"},\"previousItem\":{\"@type\":\"ListItem\",\"@id\":\"https:\\\/\\\/blog.proofs.de\\\/da#listItem\",\"name\":\"Home\"}},{\"@type\":\"ListItem\",\"@id\":\"https:\\\/\\\/blog.proofs.de\\\/da\\\/thema\\\/proof-wissen\\\/licht-und-normlicht\\\/#listItem\",\"position\":3,\"name\":\"Licht und Normlicht\",\"item\":\"https:\\\/\\\/blog.proofs.de\\\/da\\\/thema\\\/proof-wissen\\\/licht-und-normlicht\\\/\",\"nextItem\":{\"@type\":\"ListItem\",\"@id\":\"https:\\\/\\\/blog.proofs.de\\\/da\\\/welcher-rgb-arbeitsfarbraum-ist-fur-farbverbindliches-arbeiten-geeignet\\\/#listItem\",\"name\":\"Welcher RGB Arbeitsfarbraum ist f\\u00fcr farbverbindliches Arbeiten geeignet?\"},\"previousItem\":{\"@type\":\"ListItem\",\"@id\":\"https:\\\/\\\/blog.proofs.de\\\/da\\\/thema\\\/proof-wissen\\\/#listItem\",\"name\":\"Proof Wissen\"}},{\"@type\":\"ListItem\",\"@id\":\"https:\\\/\\\/blog.proofs.de\\\/da\\\/welcher-rgb-arbeitsfarbraum-ist-fur-farbverbindliches-arbeiten-geeignet\\\/#listItem\",\"position\":4,\"name\":\"Welcher RGB Arbeitsfarbraum ist f\\u00fcr farbverbindliches Arbeiten geeignet?\",\"previousItem\":{\"@type\":\"ListItem\",\"@id\":\"https:\\\/\\\/blog.proofs.de\\\/da\\\/thema\\\/proof-wissen\\\/licht-und-normlicht\\\/#listItem\",\"name\":\"Licht und Normlicht\"}}]},{\"@type\":\"Organization\",\"@id\":\"https:\\\/\\\/blog.proofs.de\\\/da\\\/#organization\",\"name\":\"Proof GmbH\",\"description\":\"Farbverbindlicher Proof, Farbproof, Digitalproof und Online-Proof.\",\"url\":\"https:\\\/\\\/blog.proofs.de\\\/da\\\/\",\"telephone\":\"+4970717952740\",\"logo\":{\"@type\":\"ImageObject\",\"url\":\"https:\\\/\\\/blog1.proofen.de\\\/wp-content\\\/uploads\\\/2019\\\/09\\\/logo_proof_rgb_mit_balken_250px.png\",\"@id\":\"https:\\\/\\\/blog.proofs.de\\\/da\\\/welcher-rgb-arbeitsfarbraum-ist-fur-farbverbindliches-arbeiten-geeignet\\\/#organizationLogo\"},\"image\":{\"@id\":\"https:\\\/\\\/blog.proofs.de\\\/da\\\/welcher-rgb-arbeitsfarbraum-ist-fur-farbverbindliches-arbeiten-geeignet\\\/#organizationLogo\"},\"sameAs\":[\"https:\\\/\\\/www.facebook.com\\\/Proof.de\\\/\",\"https:\\\/\\\/www.instagram.com\\\/proof.de\\\/\",\"https:\\\/\\\/www.tiktok.com\\\/@proof_de\",\"https:\\\/\\\/www.youtube.com\\\/channel\\\/UCk80fQVQ25wC9wu3SywB-Nw\",\"https:\\\/\\\/www.linkedin.com\\\/company\\\/proof-de\"]},{\"@type\":\"Person\",\"@id\":\"https:\\\/\\\/blog.proofs.de\\\/da\\\/author\\\/mbetz\\\/#author\",\"url\":\"https:\\\/\\\/blog.proofs.de\\\/da\\\/author\\\/mbetz\\\/\",\"name\":\"Matthias Betz\",\"image\":{\"@type\":\"ImageObject\",\"@id\":\"https:\\\/\\\/blog.proofs.de\\\/da\\\/welcher-rgb-arbeitsfarbraum-ist-fur-farbverbindliches-arbeiten-geeignet\\\/#authorImage\",\"url\":\"https:\\\/\\\/blog.proofs.de\\\/wp-content\\\/uploads\\\/2020\\\/10\\\/matthias-betz-e1603934518350-150x150.png\",\"width\":96,\"height\":96,\"caption\":\"Matthias Betz\"}},{\"@type\":\"WebPage\",\"@id\":\"https:\\\/\\\/blog.proofs.de\\\/da\\\/welcher-rgb-arbeitsfarbraum-ist-fur-farbverbindliches-arbeiten-geeignet\\\/#webpage\",\"url\":\"https:\\\/\\\/blog.proofs.de\\\/da\\\/welcher-rgb-arbeitsfarbraum-ist-fur-farbverbindliches-arbeiten-geeignet\\\/\",\"name\":\"RGB Farbr\\u00e4ume: Das Beste f\\u00fcr Farbretuschen | proof.de\",\"description\":\"eciRGB_V2, sRGB und AdobeRGB 1998: Unterschiede, Eignungen und Vorteile. F\\u00fcr Proofs und farbverbindliches Arbeiten sollte eciRGB_V2 verwendet werden.\",\"inLanguage\":\"da-DK\",\"isPartOf\":{\"@id\":\"https:\\\/\\\/blog.proofs.de\\\/da\\\/#website\"},\"breadcrumb\":{\"@id\":\"https:\\\/\\\/blog.proofs.de\\\/da\\\/welcher-rgb-arbeitsfarbraum-ist-fur-farbverbindliches-arbeiten-geeignet\\\/#breadcrumblist\"},\"author\":{\"@id\":\"https:\\\/\\\/blog.proofs.de\\\/da\\\/author\\\/mbetz\\\/#author\"},\"creator\":{\"@id\":\"https:\\\/\\\/blog.proofs.de\\\/da\\\/author\\\/mbetz\\\/#author\"},\"image\":{\"@type\":\"ImageObject\",\"url\":\"https:\\\/\\\/blog.proofs.de\\\/wp-content\\\/uploads\\\/2012\\\/03\\\/Bildschirmfoto-2012-03-20-um-00.28.50.jpg\",\"@id\":\"https:\\\/\\\/blog.proofs.de\\\/da\\\/welcher-rgb-arbeitsfarbraum-ist-fur-farbverbindliches-arbeiten-geeignet\\\/#mainImage\",\"width\":616,\"height\":538,\"caption\":\"Vergleich eciRGB_V2 (wei\\u00df) und AdobeRGB 1998\"},\"primaryImageOfPage\":{\"@id\":\"https:\\\/\\\/blog.proofs.de\\\/da\\\/welcher-rgb-arbeitsfarbraum-ist-fur-farbverbindliches-arbeiten-geeignet\\\/#mainImage\"},\"datePublished\":\"2012-03-20T00:38:47+01:00\",\"dateModified\":\"2020-05-08T12:42:11+02:00\"},{\"@type\":\"WebSite\",\"@id\":\"https:\\\/\\\/blog.proofs.de\\\/da\\\/#website\",\"url\":\"https:\\\/\\\/blog.proofs.de\\\/da\\\/\",\"name\":\"Proof.de\",\"description\":\"Farbverbindlicher Proof, Farbproof, Digitalproof und Online-Proof.\",\"inLanguage\":\"da-DK\",\"publisher\":{\"@id\":\"https:\\\/\\\/blog.proofs.de\\\/da\\\/#organization\"}}]}\n\t\t<\/script>\n\t\t<!-- All in One SEO -->\n\n","aioseo_head_json":{"title":"RGB-farverum: De bedste til farveretouchering | proof.de","description":"eciRGB_V2, sRGB og AdobeRGB 1998: forskelle, egnethed og fordele. Til korrektur og farveindbinding b\u00f8r man bruge eciRGB_V2.","canonical_url":"https:\/\/blog.proofs.de\/da\/welcher-rgb-arbeitsfarbraum-ist-fur-farbverbindliches-arbeiten-geeignet\/","robots":"max-image-preview:large","keywords":"rgb,arbeitsfarbraum,arbeitsfarbr\u00e4ume,ecirgb_v2,adobergb 1998,srgb","webmasterTools":{"google-site-verification":"TuXxyRwxcEg2-WfOaQ8vScWQh3-uBAnxXmY7g3GT90A","miscellaneous":"&lt;meta name=\"seobility\" content=\"593a8578143db71543f014978c690d47\"&gt;"},"schema":{"@context":"https:\/\/schema.org","@graph":[{"@type":"Article","@id":"https:\/\/blog.proofs.de\/da\/welcher-rgb-arbeitsfarbraum-ist-fur-farbverbindliches-arbeiten-geeignet\/#article","name":"RGB Farbr\u00e4ume: Das Beste f\u00fcr Farbretuschen | proof.de","headline":"Welcher RGB Arbeitsfarbraum ist f\u00fcr farbverbindliches Arbeiten geeignet?","author":{"@id":"https:\/\/blog.proofs.de\/da\/author\/mbetz\/#author"},"publisher":{"@id":"https:\/\/blog.proofs.de\/da\/#organization"},"image":{"@type":"ImageObject","url":"https:\/\/blog.proofs.de\/wp-content\/uploads\/2012\/03\/Bildschirmfoto-2012-03-20-um-00.28.50.jpg","width":616,"height":538,"caption":"Vergleich eciRGB_V2 (wei\u00df) und AdobeRGB 1998"},"datePublished":"2012-03-20T00:38:47+01:00","dateModified":"2020-05-08T12:42:11+02:00","inLanguage":"da-DK","commentCount":3,"mainEntityOfPage":{"@id":"https:\/\/blog.proofs.de\/da\/welcher-rgb-arbeitsfarbraum-ist-fur-farbverbindliches-arbeiten-geeignet\/#webpage"},"isPartOf":{"@id":"https:\/\/blog.proofs.de\/da\/welcher-rgb-arbeitsfarbraum-ist-fur-farbverbindliches-arbeiten-geeignet\/#webpage"},"articleSection":"Allgemein, Farbr\u00e4ume und Farbprofile, H\u00e4ufige Fragen, H\u00e4ufige Fragen zu Proofs, Layout Tipps, Licht und Normlicht, Proof Wissen, AdobeRGB 1998, Arbeitsfarbraum, Arbeitsfarbr\u00e4ume, eciRGB_v2, RGB, sRGB"},{"@type":"BreadcrumbList","@id":"https:\/\/blog.proofs.de\/da\/welcher-rgb-arbeitsfarbraum-ist-fur-farbverbindliches-arbeiten-geeignet\/#breadcrumblist","itemListElement":[{"@type":"ListItem","@id":"https:\/\/blog.proofs.de\/da#listItem","position":1,"name":"Home","item":"https:\/\/blog.proofs.de\/da","nextItem":{"@type":"ListItem","@id":"https:\/\/blog.proofs.de\/da\/thema\/proof-wissen\/#listItem","name":"Proof Wissen"}},{"@type":"ListItem","@id":"https:\/\/blog.proofs.de\/da\/thema\/proof-wissen\/#listItem","position":2,"name":"Proof Wissen","item":"https:\/\/blog.proofs.de\/da\/thema\/proof-wissen\/","nextItem":{"@type":"ListItem","@id":"https:\/\/blog.proofs.de\/da\/thema\/proof-wissen\/licht-und-normlicht\/#listItem","name":"Licht und Normlicht"},"previousItem":{"@type":"ListItem","@id":"https:\/\/blog.proofs.de\/da#listItem","name":"Home"}},{"@type":"ListItem","@id":"https:\/\/blog.proofs.de\/da\/thema\/proof-wissen\/licht-und-normlicht\/#listItem","position":3,"name":"Licht und Normlicht","item":"https:\/\/blog.proofs.de\/da\/thema\/proof-wissen\/licht-und-normlicht\/","nextItem":{"@type":"ListItem","@id":"https:\/\/blog.proofs.de\/da\/welcher-rgb-arbeitsfarbraum-ist-fur-farbverbindliches-arbeiten-geeignet\/#listItem","name":"Welcher RGB Arbeitsfarbraum ist f\u00fcr farbverbindliches Arbeiten geeignet?"},"previousItem":{"@type":"ListItem","@id":"https:\/\/blog.proofs.de\/da\/thema\/proof-wissen\/#listItem","name":"Proof Wissen"}},{"@type":"ListItem","@id":"https:\/\/blog.proofs.de\/da\/welcher-rgb-arbeitsfarbraum-ist-fur-farbverbindliches-arbeiten-geeignet\/#listItem","position":4,"name":"Welcher RGB Arbeitsfarbraum ist f\u00fcr farbverbindliches Arbeiten geeignet?","previousItem":{"@type":"ListItem","@id":"https:\/\/blog.proofs.de\/da\/thema\/proof-wissen\/licht-und-normlicht\/#listItem","name":"Licht und Normlicht"}}]},{"@type":"Organization","@id":"https:\/\/blog.proofs.de\/da\/#organization","name":"Proof GmbH","description":"Farbverbindlicher Proof, Farbproof, Digitalproof und Online-Proof.","url":"https:\/\/blog.proofs.de\/da\/","telephone":"+4970717952740","logo":{"@type":"ImageObject","url":"https:\/\/blog1.proofen.de\/wp-content\/uploads\/2019\/09\/logo_proof_rgb_mit_balken_250px.png","@id":"https:\/\/blog.proofs.de\/da\/welcher-rgb-arbeitsfarbraum-ist-fur-farbverbindliches-arbeiten-geeignet\/#organizationLogo"},"image":{"@id":"https:\/\/blog.proofs.de\/da\/welcher-rgb-arbeitsfarbraum-ist-fur-farbverbindliches-arbeiten-geeignet\/#organizationLogo"},"sameAs":["https:\/\/www.facebook.com\/Proof.de\/","https:\/\/www.instagram.com\/proof.de\/","https:\/\/www.tiktok.com\/@proof_de","https:\/\/www.youtube.com\/channel\/UCk80fQVQ25wC9wu3SywB-Nw","https:\/\/www.linkedin.com\/company\/proof-de"]},{"@type":"Person","@id":"https:\/\/blog.proofs.de\/da\/author\/mbetz\/#author","url":"https:\/\/blog.proofs.de\/da\/author\/mbetz\/","name":"Matthias Betz","image":{"@type":"ImageObject","@id":"https:\/\/blog.proofs.de\/da\/welcher-rgb-arbeitsfarbraum-ist-fur-farbverbindliches-arbeiten-geeignet\/#authorImage","url":"https:\/\/blog.proofs.de\/wp-content\/uploads\/2020\/10\/matthias-betz-e1603934518350-150x150.png","width":96,"height":96,"caption":"Matthias Betz"}},{"@type":"WebPage","@id":"https:\/\/blog.proofs.de\/da\/welcher-rgb-arbeitsfarbraum-ist-fur-farbverbindliches-arbeiten-geeignet\/#webpage","url":"https:\/\/blog.proofs.de\/da\/welcher-rgb-arbeitsfarbraum-ist-fur-farbverbindliches-arbeiten-geeignet\/","name":"RGB Farbr\u00e4ume: Das Beste f\u00fcr Farbretuschen | proof.de","description":"eciRGB_V2, sRGB und AdobeRGB 1998: Unterschiede, Eignungen und Vorteile. F\u00fcr Proofs und farbverbindliches Arbeiten sollte eciRGB_V2 verwendet werden.","inLanguage":"da-DK","isPartOf":{"@id":"https:\/\/blog.proofs.de\/da\/#website"},"breadcrumb":{"@id":"https:\/\/blog.proofs.de\/da\/welcher-rgb-arbeitsfarbraum-ist-fur-farbverbindliches-arbeiten-geeignet\/#breadcrumblist"},"author":{"@id":"https:\/\/blog.proofs.de\/da\/author\/mbetz\/#author"},"creator":{"@id":"https:\/\/blog.proofs.de\/da\/author\/mbetz\/#author"},"image":{"@type":"ImageObject","url":"https:\/\/blog.proofs.de\/wp-content\/uploads\/2012\/03\/Bildschirmfoto-2012-03-20-um-00.28.50.jpg","@id":"https:\/\/blog.proofs.de\/da\/welcher-rgb-arbeitsfarbraum-ist-fur-farbverbindliches-arbeiten-geeignet\/#mainImage","width":616,"height":538,"caption":"Vergleich eciRGB_V2 (wei\u00df) und AdobeRGB 1998"},"primaryImageOfPage":{"@id":"https:\/\/blog.proofs.de\/da\/welcher-rgb-arbeitsfarbraum-ist-fur-farbverbindliches-arbeiten-geeignet\/#mainImage"},"datePublished":"2012-03-20T00:38:47+01:00","dateModified":"2020-05-08T12:42:11+02:00"},{"@type":"WebSite","@id":"https:\/\/blog.proofs.de\/da\/#website","url":"https:\/\/blog.proofs.de\/da\/","name":"Proof.de","description":"Farbverbindlicher Proof, Farbproof, Digitalproof und Online-Proof.","inLanguage":"da-DK","publisher":{"@id":"https:\/\/blog.proofs.de\/da\/#organization"}}]},"og:locale":"da_DK","og:site_name":"Proof.de | Alles zu Proof, Farbmanagement, Grafik, Messtechnik &amp; Co.","og:type":"article","og:title":"RGB Farbr\u00e4ume: Das Beste f\u00fcr Farbretuschen | proof.de","og:description":"eciRGB_V2, sRGB und AdobeRGB 1998: Unterschiede, Eignungen und Vorteile. F\u00fcr Proofs und farbverbindliches Arbeiten sollte eciRGB_V2 verwendet werden.","og:url":"https:\/\/blog.proofs.de\/da\/welcher-rgb-arbeitsfarbraum-ist-fur-farbverbindliches-arbeiten-geeignet\/","og:image":"https:\/\/blog.proofs.de\/wp-content\/uploads\/2012\/03\/Bildschirmfoto-2012-03-20-um-00.28.50.jpg","og:image:secure_url":"https:\/\/blog.proofs.de\/wp-content\/uploads\/2012\/03\/Bildschirmfoto-2012-03-20-um-00.28.50.jpg","og:image:width":616,"og:image:height":538,"article:published_time":"2012-03-19T23:38:47+00:00","article:modified_time":"2020-05-08T10:42:11+00:00","article:publisher":"https:\/\/www.facebook.com\/Proof.de\/","twitter:card":"summary","twitter:title":"RGB Farbr\u00e4ume: Das Beste f\u00fcr Farbretuschen | proof.de","twitter:description":"eciRGB_V2, sRGB und AdobeRGB 1998: Unterschiede, Eignungen und Vorteile. F\u00fcr Proofs und farbverbindliches Arbeiten sollte eciRGB_V2 verwendet werden.","twitter:image":"https:\/\/blog1.proofen.de\/wp-content\/uploads\/2020\/04\/proof_background.jpg"},"aioseo_meta_data":{"post_id":"177","title":"RGB Farbr\u00e4ume: Das Beste f\u00fcr Farbretuschen |\u00a0proof.de","description":"eciRGB_V2, sRGB og AdobeRGB 1998: forskelle, egnethed og fordele. Til korrektur og farveindbinding b\u00f8r man bruge eciRGB_V2.","keywords":[{"label":"RGB","value":"RGB"},{"label":"Arbeitsfarbraum","value":"Arbeitsfarbraum"},{"label":"Arbeitsfarbr\u00e4ume","value":"Arbeitsfarbr\u00e4ume"},{"label":"eciRGB_v2","value":"eciRGB_v2"},{"label":"AdobeRGB 1998","value":"AdobeRGB 1998"},{"label":"sRGB","value":"sRGB"}],"keyphrases":null,"primary_term":null,"canonical_url":null,"og_title":null,"og_description":null,"og_object_type":"default","og_image_type":"default","og_image_url":null,"og_image_width":null,"og_image_height":null,"og_image_custom_url":null,"og_image_custom_fields":null,"og_video":null,"og_custom_url":null,"og_article_section":null,"og_article_tags":null,"twitter_use_og":false,"twitter_card":"default","twitter_image_type":"default","twitter_image_url":null,"twitter_image_custom_url":null,"twitter_image_custom_fields":null,"twitter_title":null,"twitter_description":null,"schema":{"blockGraphs":[],"customGraphs":[],"default":{"data":{"Article":[],"Course":[],"Dataset":[],"FAQPage":[],"Movie":[],"Person":[],"Product":[],"ProductReview":[],"Car":[],"Recipe":[],"Service":[],"SoftwareApplication":[],"WebPage":[]},"graphName":"","isEnabled":true},"graphs":[],"defaultGraph":"","defaultPostTypeGraph":""},"schema_type":null,"schema_type_options":null,"pillar_content":false,"robots_default":true,"robots_noindex":false,"robots_noarchive":false,"robots_nosnippet":false,"robots_nofollow":false,"robots_noimageindex":false,"robots_noodp":false,"robots_notranslate":false,"robots_max_snippet":null,"robots_max_videopreview":null,"robots_max_imagepreview":"large","priority":null,"frequency":null,"local_seo":null,"breadcrumb_settings":null,"limit_modified_date":false,"ai":null,"created":"2020-12-21 00:36:00","updated":"2025-06-04 14:11:56","seo_analyzer_scan_date":null,"focus_keyword":null,"additional_keywords":null,"truseo_locale":null},"_links":{"self":[{"href":"https:\/\/blog.proofs.de\/da\/wp-json\/wp\/v2\/posts\/177","targetHints":{"allow":["GET"]}}],"collection":[{"href":"https:\/\/blog.proofs.de\/da\/wp-json\/wp\/v2\/posts"}],"about":[{"href":"https:\/\/blog.proofs.de\/da\/wp-json\/wp\/v2\/types\/post"}],"author":[{"embeddable":true,"href":"https:\/\/blog.proofs.de\/da\/wp-json\/wp\/v2\/users\/2"}],"replies":[{"embeddable":true,"href":"https:\/\/blog.proofs.de\/da\/wp-json\/wp\/v2\/comments?post=177"}],"version-history":[{"count":10,"href":"https:\/\/blog.proofs.de\/da\/wp-json\/wp\/v2\/posts\/177\/revisions"}],"predecessor-version":[{"id":3714,"href":"https:\/\/blog.proofs.de\/da\/wp-json\/wp\/v2\/posts\/177\/revisions\/3714"}],"wp:featuredmedia":[{"embeddable":true,"href":"https:\/\/blog.proofs.de\/da\/wp-json\/wp\/v2\/media\/180"}],"wp:attachment":[{"href":"https:\/\/blog.proofs.de\/da\/wp-json\/wp\/v2\/media?parent=177"}],"wp:term":[{"taxonomy":"category","embeddable":true,"href":"https:\/\/blog.proofs.de\/da\/wp-json\/wp\/v2\/categories?post=177"},{"taxonomy":"post_tag","embeddable":true,"href":"https:\/\/blog.proofs.de\/da\/wp-json\/wp\/v2\/tags?post=177"}],"curies":[{"name":"wp","href":"https:\/\/api.w.org\/{rel}","templated":true}]}}