{"id":1948,"date":"2017-09-26T00:30:07","date_gmt":"2017-09-25T22:30:07","guid":{"rendered":"http:\/\/www.proof.de\/?p=1948"},"modified":"2025-04-08T15:22:51","modified_gmt":"2025-04-08T13:22:51","slug":"fogra-colormanagement-symposium-om-28-2-og-1-3-i-muenich","status":"publish","type":"post","link":"https:\/\/blog.proofs.de\/da\/fogra-colormanagement-symposium-am-28-2-und-1-3-in-muenchen\/","title":{"rendered":"Fogra Colormanagement Symposium den 28.2. og 1.3. i M\u00fcnchen"},"content":{"rendered":"<div class=\"kk-star-ratings kksr-auto kksr-align-right kksr-valign-top\" data-payload='{\"align\":\"right\",\"id\":\"1948\",\"slug\":\"default\",\"valign\":\"top\",\"ignore\":\"\",\"reference\":\"auto\",\"class\":\"\",\"count\":\"0\",\"legendonly\":\"\",\"readonly\":\"\",\"score\":\"0\",\"starsonly\":\"\",\"best\":\"5\",\"gap\":\"5\",\"greet\":\"Jetzt bewerten\",\"legend\":\"0\\\/5 - (0 votes)\",\"size\":\"24\",\"title\":\"Fogra Colormanagement Symposium am 28.2. und 1.3. in M&uuml;nchen\",\"width\":\"0\",\"_legend\":\"{score}\\\/{best} - ({count} {votes})\",\"font_factor\":\"1.25\"}'>\n            \n<div class=\"kksr-stars\">\n    \n<div class=\"kksr-stars-inactive\">\n            <div class=\"kksr-star\" data-star=\"1\" style=\"padding-right: 5px\">\n            \n\n<div class=\"kksr-icon\" style=\"width: 24px; height: 24px;\"><\/div>\n        <\/div>\n            <div class=\"kksr-star\" data-star=\"2\" style=\"padding-right: 5px\">\n            \n\n<div class=\"kksr-icon\" style=\"width: 24px; height: 24px;\"><\/div>\n        <\/div>\n            <div class=\"kksr-star\" data-star=\"3\" style=\"padding-right: 5px\">\n            \n\n<div class=\"kksr-icon\" style=\"width: 24px; height: 24px;\"><\/div>\n        <\/div>\n            <div class=\"kksr-star\" data-star=\"4\" style=\"padding-right: 5px\">\n            \n\n<div class=\"kksr-icon\" style=\"width: 24px; height: 24px;\"><\/div>\n        <\/div>\n            <div class=\"kksr-star\" data-star=\"5\" style=\"padding-right: 5px\">\n            \n\n<div class=\"kksr-icon\" style=\"width: 24px; height: 24px;\"><\/div>\n        <\/div>\n    <\/div>\n    \n<div class=\"kksr-stars-active\" style=\"width: 0px;\">\n            <div class=\"kksr-star\" style=\"padding-right: 5px\">\n            \n\n<div class=\"kksr-icon\" style=\"width: 24px; height: 24px;\"><\/div>\n        <\/div>\n            <div class=\"kksr-star\" style=\"padding-right: 5px\">\n            \n\n<div class=\"kksr-icon\" style=\"width: 24px; height: 24px;\"><\/div>\n        <\/div>\n            <div class=\"kksr-star\" style=\"padding-right: 5px\">\n            \n\n<div class=\"kksr-icon\" style=\"width: 24px; height: 24px;\"><\/div>\n        <\/div>\n            <div class=\"kksr-star\" style=\"padding-right: 5px\">\n            \n\n<div class=\"kksr-icon\" style=\"width: 24px; height: 24px;\"><\/div>\n        <\/div>\n            <div class=\"kksr-star\" style=\"padding-right: 5px\">\n            \n\n<div class=\"kksr-icon\" style=\"width: 24px; height: 24px;\"><\/div>\n        <\/div>\n    <\/div>\n<\/div>\n                \n\n<div class=\"kksr-legend\" style=\"font-size: 19.2px;\">\n            <span class=\"kksr-muted\">Bed\u00f8m nu<\/span>\n    <\/div>\n    <\/div>\n<p>I slutningen af februar 2018, efter to \u00e5r, blev der afholdt en todages <a href=\"https:\/\/blog.proofs.de\/da\/lexikon\/farbmanagement\/\" target=\"_self\" title=\"Form\u00e5let med farvestyring er at sikre, at farverne gengives s\u00e5 ens som muligt p\u00e5 tv\u00e6rs af de forskellige enheder som f.eks. kameraer, scannere, sk\u00e6rme, laser-, inkjet- og offsetprintere og mange flere.\" class=\"encyclopedia\">Farvestyring<\/a> Symposium om den <a href=\"https:\/\/blog.proofs.de\/da\/lexikon\/fogra\/\" target=\"_self\" title=\"Fogra Forschungsgesellschaft Druck e.V., med hjemsted i M\u00fcnchen.\" class=\"encyclopedia\">Fogra<\/a> i M\u00fcnchen.<\/p>\n<p><a href=\"https:\/\/www.fogra.org\/fogra-veranstaltungen\/colour-management-de\/\"><img loading=\"lazy\" decoding=\"async\" class=\"alignright wp-image-1949\" src=\"https:\/\/blog1.proofen.de\/wp-content\/uploads\/2017\/09\/Bildschirmfoto-2017-09-26-um-00.25.40-300x226.png\" alt=\"Fogra Symposium om farvestyring 2018\" width=\"250\" height=\"188\"><\/a>Fokus vil v\u00e6re p\u00e5 emner som farvekommunikation i skala og flerfarvetryk (\"<a href=\"https:\/\/blog.proofs.de\/da\/lexikon\/cmyk\/\" target=\"_self\" title='CMYK st\u00e5r for de fire trykfarver cyan, magenta, gul (gul) og &quot;key&quot; (sort eller sort del).' class=\"encyclopedia\">CMYK<\/a>++\") med Jan-Peter Homann fra homann colourmanagement,&nbsp;<a href=\"https:\/\/blog.proofs.de\/da\/lexikon\/cxf\/\" target=\"_self\" title='CxF st\u00e5r for &quot;Color Exchange Format&quot;, et \u00e5bent XML-format til udveksling af farveoplysninger.' class=\"encyclopedia\">CxF<\/a>\/X-4,&nbsp;<a href=\"https:\/\/blog.proofs.de\/da\/lexikon\/proof\/\" target=\"_self\" title=\"Et proof (korrekt: kontraktproof) er en ISO 12647-7-certificeret proofinganordning til den grafiske industri. Et korrekturtryk simulerer farven ved offset- eller dybtryk p\u00e5 en farve- og juridisk bindende m\u00e5de inden for de sn\u00e6vre tolerancer i ISO-standarden.\" class=\"encyclopedia\">Bevis<\/a>med et foredrag af Dr. J\u00fcrgen Seitz fra <a href=\"https:\/\/blog.proofs.de\/da\/lexikon\/gmg\/\" target=\"_self\" title=\"GMG Color er en virksomhed med base i T\u00fcbingen i Tyskland, som har gjort sig et navn med udviklingen af software til farvestyring. I mere end 25 \u00e5r har GMG Color udviklet adskillige produkter til kommercielle brugere, lige fra printerdrivere til kompleks proofing-software.\" class=\"encyclopedia\">GMG<\/a>, h\u00f8jhastighedsinkjetprint, farvestyringsl\u00f8sninger fra marken og meget mere.<\/p>\n<p>Charmerende i \u00e5r: Symposiet falder sammen med konferencen om \"25 \u00e5r med <a href=\"https:\/\/blog.proofs.de\/da\/lexikon\/icc\/\" target=\"_self\" title=\"International Color Consortium, ICC, er en international komit\u00e9, der er ansvarlig for standardisering af farveprofiler.&nbsp;\" class=\"encyclopedia\">ICC<\/a>\" sammen, vil ICC ogs\u00e5 afholde en Sp<a href=\"https:\/\/blog.proofs.de\/da\/lexikon\/eci\/\" target=\"_self\" title=\"ECI - European Color Initiative - er en gruppe af eksperter, der besk\u00e6ftiger sig med behandling af farvedata i udgivelsessystemer.\" class=\"encyclopedia\">eci<\/a>al Event organisere.<\/p>","protected":false},"excerpt":{"rendered":"<p>I slutningen af februar 2018, efter to \u00e5r, afholdes der igen et to-dages Fogra Colour Management Symposium i M\u00fcnchen. Fokus vil v\u00e6re p\u00e5 emner som farvekommunikation i skala og flerfarvetryk (\"CMYK++\") med Jan-Peter Homann fra homann colourmanagement, CxF\/X-4, proofing med et foredrag af Dr. J\u00fcrgen Seitz fra GMG, h\u00f8jhastighedsinkjetprint, farvestyringsl\u00f8sninger fra praksis og meget mere. Charmerende i \u00e5r: Symposiet falder sammen med konferencen om \"25 \u00e5r ICC\", og ICC vil ogs\u00e5 organisere en s\u00e6rlig begivenhed. Indtil ...<\/p>","protected":false},"author":2,"featured_media":1949,"comment_status":"open","ping_status":"open","sticky":false,"template":"","format":"standard","meta":{"om_disable_all_campaigns":false,"inline_featured_image":false,"_monsterinsights_skip_tracking":false,"footnotes":""},"categories":[1,440,437,442],"tags":[690,692,522,561,693,691],"class_list":["post-1948","post","type-post","status-publish","format-standard","has-post-thumbnail","hentry","category-allgemein","category-pdfx-4-und-andere-pdfx-standards","category-proof-software-und-technik","category-prozessstandard-offsetdruck-proof-wissen","tag-farbmanagement","tag-farbmanagement-symposium","tag-fogra","tag-gmg","tag-multicolor","tag-symposium","generate-columns","tablet-grid-50","mobile-grid-100","grid-parent","grid-50","no-featured-image-padding","resize-featured-image"],"aioseo_notices":[],"aioseo_head":"\n\t\t<!-- All in One SEO 5.0.1.1 - aioseo.com -->\n\t<meta name=\"description\" content=\"Ende Februar 2018 findet wieder ein Farbmanagement-Symposium der Fogra in M\u00fcnchen statt. Branchen wie, Farbenherstellung, Software, Messtechnik sind vertreten.\" \/>\n\t<meta name=\"robots\" content=\"max-image-preview:large\" \/>\n\t<meta name=\"author\" content=\"Matthias Betz\"\/>\n\t<meta name=\"google-site-verification\" content=\"TuXxyRwxcEg2-WfOaQ8vScWQh3-uBAnxXmY7g3GT90A\" \/>\n\t<meta name=\"keywords\" content=\"fogra,farbmanagement,symposium,farbmanagement symposium,gmg,multicolor,farbmanagement,farbmanagement symposium,fogra,gmg,multicolor,symposium\" \/>\n\t<link rel=\"canonical\" href=\"https:\/\/blog.proofs.de\/da\/fogra-colormanagement-symposium-am-28-2-und-1-3-in-muenchen\/\" \/>\n\t<meta name=\"generator\" content=\"All in One SEO (AIOSEO) 5.0.1.1\" \/>\n\n\t\t<meta name=\"seobility\" content=\"593a8578143db71543f014978c690d47\">\n\t\t<meta property=\"og:locale\" content=\"da_DK\" \/>\n\t\t<meta property=\"og:site_name\" content=\"Proof.de | Alles zu Proof, Farbmanagement, Grafik, Messtechnik &amp; Co.\" \/>\n\t\t<meta property=\"og:type\" content=\"article\" \/>\n\t\t<meta property=\"og:title\" content=\"Fogra Colormanagement Symposium 2018 in M\u00fcnchen | proof.de\" \/>\n\t\t<meta property=\"og:description\" content=\"Ende Februar 2018 findet wieder ein Farbmanagement-Symposium der Fogra in M\u00fcnchen statt. Branchen wie, Farbenherstellung, Software, Messtechnik sind vertreten.\" \/>\n\t\t<meta property=\"og:url\" content=\"https:\/\/blog.proofs.de\/da\/fogra-colormanagement-symposium-am-28-2-und-1-3-in-muenchen\/\" \/>\n\t\t<meta property=\"og:image\" content=\"https:\/\/blog.proofs.de\/wp-content\/uploads\/2017\/09\/Bildschirmfoto-2017-09-26-um-00.25.40.jpg\" \/>\n\t\t<meta property=\"og:image:secure_url\" content=\"https:\/\/blog.proofs.de\/wp-content\/uploads\/2017\/09\/Bildschirmfoto-2017-09-26-um-00.25.40.jpg\" \/>\n\t\t<meta property=\"og:image:width\" content=\"1016\" \/>\n\t\t<meta property=\"og:image:height\" content=\"764\" \/>\n\t\t<meta property=\"article:published_time\" content=\"2017-09-25T22:30:07+00:00\" \/>\n\t\t<meta property=\"article:modified_time\" content=\"2025-04-08T13:22:51+00:00\" \/>\n\t\t<meta property=\"article:publisher\" content=\"https:\/\/www.facebook.com\/Proof.de\/\" \/>\n\t\t<meta name=\"twitter:card\" content=\"summary\" \/>\n\t\t<meta name=\"twitter:title\" content=\"Fogra Colormanagement Symposium 2018 in M\u00fcnchen | proof.de\" \/>\n\t\t<meta name=\"twitter:description\" content=\"Ende Februar 2018 findet wieder ein Farbmanagement-Symposium der Fogra in M\u00fcnchen statt. Branchen wie, Farbenherstellung, Software, Messtechnik sind vertreten.\" \/>\n\t\t<meta name=\"twitter:image\" content=\"https:\/\/blog1.proofen.de\/wp-content\/uploads\/2020\/04\/proof_background.jpg\" \/>\n\t\t<script type=\"application\/ld+json\" class=\"aioseo-schema\">\n\t\t\t{\"@context\":\"https:\\\/\\\/schema.org\",\"@graph\":[{\"@type\":\"Article\",\"@id\":\"https:\\\/\\\/blog.proofs.de\\\/da\\\/fogra-colormanagement-symposium-am-28-2-und-1-3-in-muenchen\\\/#article\",\"name\":\"Fogra Colormanagement Symposium 2018 in M\\u00fcnchen | proof.de\",\"headline\":\"Fogra Colormanagement Symposium am 28.2. und 1.3. in M\\u00fcnchen\",\"author\":{\"@id\":\"https:\\\/\\\/blog.proofs.de\\\/da\\\/author\\\/mbetz\\\/#author\"},\"publisher\":{\"@id\":\"https:\\\/\\\/blog.proofs.de\\\/da\\\/#organization\"},\"image\":{\"@type\":\"ImageObject\",\"url\":\"https:\\\/\\\/blog.proofs.de\\\/wp-content\\\/uploads\\\/2017\\\/09\\\/Bildschirmfoto-2017-09-26-um-00.25.40.jpg\",\"width\":1016,\"height\":764,\"caption\":\"Fogra Colormanagement Symposium 2018\"},\"datePublished\":\"2017-09-26T00:30:07+02:00\",\"dateModified\":\"2025-04-08T15:22:51+02:00\",\"inLanguage\":\"da-DK\",\"mainEntityOfPage\":{\"@id\":\"https:\\\/\\\/blog.proofs.de\\\/da\\\/fogra-colormanagement-symposium-am-28-2-und-1-3-in-muenchen\\\/#webpage\"},\"isPartOf\":{\"@id\":\"https:\\\/\\\/blog.proofs.de\\\/da\\\/fogra-colormanagement-symposium-am-28-2-und-1-3-in-muenchen\\\/#webpage\"},\"articleSection\":\"Allgemein, PDF\\\/X-4 und andere PDF\\\/X Standards, Proof Software &amp; Technik, Prozessstandard Offsetdruck, Farbmanagement, Farbmanagement Symposium, Fogra, GMG, Multicolor, Symposium\"},{\"@type\":\"BreadcrumbList\",\"@id\":\"https:\\\/\\\/blog.proofs.de\\\/da\\\/fogra-colormanagement-symposium-am-28-2-und-1-3-in-muenchen\\\/#breadcrumblist\",\"itemListElement\":[{\"@type\":\"ListItem\",\"@id\":\"https:\\\/\\\/blog.proofs.de\\\/da#listItem\",\"position\":1,\"name\":\"Home\",\"item\":\"https:\\\/\\\/blog.proofs.de\\\/da\",\"nextItem\":{\"@type\":\"ListItem\",\"@id\":\"https:\\\/\\\/blog.proofs.de\\\/da\\\/thema\\\/proof-wissen\\\/#listItem\",\"name\":\"Proof Wissen\"}},{\"@type\":\"ListItem\",\"@id\":\"https:\\\/\\\/blog.proofs.de\\\/da\\\/thema\\\/proof-wissen\\\/#listItem\",\"position\":2,\"name\":\"Proof Wissen\",\"item\":\"https:\\\/\\\/blog.proofs.de\\\/da\\\/thema\\\/proof-wissen\\\/\",\"nextItem\":{\"@type\":\"ListItem\",\"@id\":\"https:\\\/\\\/blog.proofs.de\\\/da\\\/thema\\\/proof-wissen\\\/proof-software-und-technik\\\/#listItem\",\"name\":\"Proof Software &amp; Technik\"},\"previousItem\":{\"@type\":\"ListItem\",\"@id\":\"https:\\\/\\\/blog.proofs.de\\\/da#listItem\",\"name\":\"Home\"}},{\"@type\":\"ListItem\",\"@id\":\"https:\\\/\\\/blog.proofs.de\\\/da\\\/thema\\\/proof-wissen\\\/proof-software-und-technik\\\/#listItem\",\"position\":3,\"name\":\"Proof Software &amp; Technik\",\"item\":\"https:\\\/\\\/blog.proofs.de\\\/da\\\/thema\\\/proof-wissen\\\/proof-software-und-technik\\\/\",\"nextItem\":{\"@type\":\"ListItem\",\"@id\":\"https:\\\/\\\/blog.proofs.de\\\/da\\\/fogra-colormanagement-symposium-am-28-2-und-1-3-in-muenchen\\\/#listItem\",\"name\":\"Fogra Colormanagement Symposium am 28.2. und 1.3. in M\\u00fcnchen\"},\"previousItem\":{\"@type\":\"ListItem\",\"@id\":\"https:\\\/\\\/blog.proofs.de\\\/da\\\/thema\\\/proof-wissen\\\/#listItem\",\"name\":\"Proof Wissen\"}},{\"@type\":\"ListItem\",\"@id\":\"https:\\\/\\\/blog.proofs.de\\\/da\\\/fogra-colormanagement-symposium-am-28-2-und-1-3-in-muenchen\\\/#listItem\",\"position\":4,\"name\":\"Fogra Colormanagement Symposium am 28.2. und 1.3. in M\\u00fcnchen\",\"previousItem\":{\"@type\":\"ListItem\",\"@id\":\"https:\\\/\\\/blog.proofs.de\\\/da\\\/thema\\\/proof-wissen\\\/proof-software-und-technik\\\/#listItem\",\"name\":\"Proof Software &amp; Technik\"}}]},{\"@type\":\"Organization\",\"@id\":\"https:\\\/\\\/blog.proofs.de\\\/da\\\/#organization\",\"name\":\"Proof GmbH\",\"description\":\"Farbverbindlicher Proof, Farbproof, Digitalproof und Online-Proof.\",\"url\":\"https:\\\/\\\/blog.proofs.de\\\/da\\\/\",\"telephone\":\"+4970717952740\",\"logo\":{\"@type\":\"ImageObject\",\"url\":\"https:\\\/\\\/blog1.proofen.de\\\/wp-content\\\/uploads\\\/2019\\\/09\\\/logo_proof_rgb_mit_balken_250px.png\",\"@id\":\"https:\\\/\\\/blog.proofs.de\\\/da\\\/fogra-colormanagement-symposium-am-28-2-und-1-3-in-muenchen\\\/#organizationLogo\"},\"image\":{\"@id\":\"https:\\\/\\\/blog.proofs.de\\\/da\\\/fogra-colormanagement-symposium-am-28-2-und-1-3-in-muenchen\\\/#organizationLogo\"},\"sameAs\":[\"https:\\\/\\\/www.facebook.com\\\/Proof.de\\\/\",\"https:\\\/\\\/www.instagram.com\\\/proof.de\\\/\",\"https:\\\/\\\/www.tiktok.com\\\/@proof_de\",\"https:\\\/\\\/www.youtube.com\\\/channel\\\/UCk80fQVQ25wC9wu3SywB-Nw\",\"https:\\\/\\\/www.linkedin.com\\\/company\\\/proof-de\"]},{\"@type\":\"Person\",\"@id\":\"https:\\\/\\\/blog.proofs.de\\\/da\\\/author\\\/mbetz\\\/#author\",\"url\":\"https:\\\/\\\/blog.proofs.de\\\/da\\\/author\\\/mbetz\\\/\",\"name\":\"Matthias Betz\",\"image\":{\"@type\":\"ImageObject\",\"@id\":\"https:\\\/\\\/blog.proofs.de\\\/da\\\/fogra-colormanagement-symposium-am-28-2-und-1-3-in-muenchen\\\/#authorImage\",\"url\":\"https:\\\/\\\/blog.proofs.de\\\/wp-content\\\/uploads\\\/2020\\\/10\\\/matthias-betz-e1603934518350-150x150.png\",\"width\":96,\"height\":96,\"caption\":\"Matthias Betz\"}},{\"@type\":\"WebPage\",\"@id\":\"https:\\\/\\\/blog.proofs.de\\\/da\\\/fogra-colormanagement-symposium-am-28-2-und-1-3-in-muenchen\\\/#webpage\",\"url\":\"https:\\\/\\\/blog.proofs.de\\\/da\\\/fogra-colormanagement-symposium-am-28-2-und-1-3-in-muenchen\\\/\",\"name\":\"Fogra Colormanagement Symposium 2018 in M\\u00fcnchen | proof.de\",\"description\":\"Ende Februar 2018 findet wieder ein Farbmanagement-Symposium der Fogra in M\\u00fcnchen statt. Branchen wie, Farbenherstellung, Software, Messtechnik sind vertreten.\",\"inLanguage\":\"da-DK\",\"isPartOf\":{\"@id\":\"https:\\\/\\\/blog.proofs.de\\\/da\\\/#website\"},\"breadcrumb\":{\"@id\":\"https:\\\/\\\/blog.proofs.de\\\/da\\\/fogra-colormanagement-symposium-am-28-2-und-1-3-in-muenchen\\\/#breadcrumblist\"},\"author\":{\"@id\":\"https:\\\/\\\/blog.proofs.de\\\/da\\\/author\\\/mbetz\\\/#author\"},\"creator\":{\"@id\":\"https:\\\/\\\/blog.proofs.de\\\/da\\\/author\\\/mbetz\\\/#author\"},\"image\":{\"@type\":\"ImageObject\",\"url\":\"https:\\\/\\\/blog.proofs.de\\\/wp-content\\\/uploads\\\/2017\\\/09\\\/Bildschirmfoto-2017-09-26-um-00.25.40.jpg\",\"@id\":\"https:\\\/\\\/blog.proofs.de\\\/da\\\/fogra-colormanagement-symposium-am-28-2-und-1-3-in-muenchen\\\/#mainImage\",\"width\":1016,\"height\":764,\"caption\":\"Fogra Colormanagement Symposium 2018\"},\"primaryImageOfPage\":{\"@id\":\"https:\\\/\\\/blog.proofs.de\\\/da\\\/fogra-colormanagement-symposium-am-28-2-und-1-3-in-muenchen\\\/#mainImage\"},\"datePublished\":\"2017-09-26T00:30:07+02:00\",\"dateModified\":\"2025-04-08T15:22:51+02:00\"},{\"@type\":\"WebSite\",\"@id\":\"https:\\\/\\\/blog.proofs.de\\\/da\\\/#website\",\"url\":\"https:\\\/\\\/blog.proofs.de\\\/da\\\/\",\"name\":\"Proof.de\",\"description\":\"Farbverbindlicher Proof, Farbproof, Digitalproof und Online-Proof.\",\"inLanguage\":\"da-DK\",\"publisher\":{\"@id\":\"https:\\\/\\\/blog.proofs.de\\\/da\\\/#organization\"}}]}\n\t\t<\/script>\n\t\t<!-- All in One SEO -->\n\n","aioseo_head_json":{"title":"Fogra Colour Management Symposium 2018 i M\u00fcnchen | proof.de","description":"I slutningen af februar 2018 afholder Fogra igen et symposium om farvestyring i M\u00fcnchen. Brancher som farveproduktion, software og m\u00e5leteknologi vil v\u00e6re repr\u00e6senteret.","canonical_url":"https:\/\/blog.proofs.de\/da\/fogra-colormanagement-symposium-am-28-2-und-1-3-in-muenchen\/","robots":"max-image-preview:large","keywords":"fogra,farbmanagement,symposium,farbmanagement symposium,gmg,multicolor,farbmanagement,farbmanagement symposium,fogra,gmg,multicolor,symposium","webmasterTools":{"google-site-verification":"TuXxyRwxcEg2-WfOaQ8vScWQh3-uBAnxXmY7g3GT90A","miscellaneous":"&lt;meta name=\"seobility\" content=\"593a8578143db71543f014978c690d47\"&gt;"},"schema":{"@context":"https:\/\/schema.org","@graph":[{"@type":"Article","@id":"https:\/\/blog.proofs.de\/da\/fogra-colormanagement-symposium-am-28-2-und-1-3-in-muenchen\/#article","name":"Fogra Colormanagement Symposium 2018 in M\u00fcnchen | proof.de","headline":"Fogra Colormanagement Symposium am 28.2. und 1.3. in M\u00fcnchen","author":{"@id":"https:\/\/blog.proofs.de\/da\/author\/mbetz\/#author"},"publisher":{"@id":"https:\/\/blog.proofs.de\/da\/#organization"},"image":{"@type":"ImageObject","url":"https:\/\/blog.proofs.de\/wp-content\/uploads\/2017\/09\/Bildschirmfoto-2017-09-26-um-00.25.40.jpg","width":1016,"height":764,"caption":"Fogra Colormanagement Symposium 2018"},"datePublished":"2017-09-26T00:30:07+02:00","dateModified":"2025-04-08T15:22:51+02:00","inLanguage":"da-DK","mainEntityOfPage":{"@id":"https:\/\/blog.proofs.de\/da\/fogra-colormanagement-symposium-am-28-2-und-1-3-in-muenchen\/#webpage"},"isPartOf":{"@id":"https:\/\/blog.proofs.de\/da\/fogra-colormanagement-symposium-am-28-2-und-1-3-in-muenchen\/#webpage"},"articleSection":"Allgemein, PDF\/X-4 und andere PDF\/X Standards, Proof Software &amp; Technik, Prozessstandard Offsetdruck, Farbmanagement, Farbmanagement Symposium, Fogra, GMG, Multicolor, Symposium"},{"@type":"BreadcrumbList","@id":"https:\/\/blog.proofs.de\/da\/fogra-colormanagement-symposium-am-28-2-und-1-3-in-muenchen\/#breadcrumblist","itemListElement":[{"@type":"ListItem","@id":"https:\/\/blog.proofs.de\/da#listItem","position":1,"name":"Home","item":"https:\/\/blog.proofs.de\/da","nextItem":{"@type":"ListItem","@id":"https:\/\/blog.proofs.de\/da\/thema\/proof-wissen\/#listItem","name":"Proof Wissen"}},{"@type":"ListItem","@id":"https:\/\/blog.proofs.de\/da\/thema\/proof-wissen\/#listItem","position":2,"name":"Proof Wissen","item":"https:\/\/blog.proofs.de\/da\/thema\/proof-wissen\/","nextItem":{"@type":"ListItem","@id":"https:\/\/blog.proofs.de\/da\/thema\/proof-wissen\/proof-software-und-technik\/#listItem","name":"Proof Software &amp; Technik"},"previousItem":{"@type":"ListItem","@id":"https:\/\/blog.proofs.de\/da#listItem","name":"Home"}},{"@type":"ListItem","@id":"https:\/\/blog.proofs.de\/da\/thema\/proof-wissen\/proof-software-und-technik\/#listItem","position":3,"name":"Proof Software &amp; Technik","item":"https:\/\/blog.proofs.de\/da\/thema\/proof-wissen\/proof-software-und-technik\/","nextItem":{"@type":"ListItem","@id":"https:\/\/blog.proofs.de\/da\/fogra-colormanagement-symposium-am-28-2-und-1-3-in-muenchen\/#listItem","name":"Fogra Colormanagement Symposium am 28.2. und 1.3. in M\u00fcnchen"},"previousItem":{"@type":"ListItem","@id":"https:\/\/blog.proofs.de\/da\/thema\/proof-wissen\/#listItem","name":"Proof Wissen"}},{"@type":"ListItem","@id":"https:\/\/blog.proofs.de\/da\/fogra-colormanagement-symposium-am-28-2-und-1-3-in-muenchen\/#listItem","position":4,"name":"Fogra Colormanagement Symposium am 28.2. und 1.3. in M\u00fcnchen","previousItem":{"@type":"ListItem","@id":"https:\/\/blog.proofs.de\/da\/thema\/proof-wissen\/proof-software-und-technik\/#listItem","name":"Proof Software &amp; Technik"}}]},{"@type":"Organization","@id":"https:\/\/blog.proofs.de\/da\/#organization","name":"Proof GmbH","description":"Farbverbindlicher Proof, Farbproof, Digitalproof und Online-Proof.","url":"https:\/\/blog.proofs.de\/da\/","telephone":"+4970717952740","logo":{"@type":"ImageObject","url":"https:\/\/blog1.proofen.de\/wp-content\/uploads\/2019\/09\/logo_proof_rgb_mit_balken_250px.png","@id":"https:\/\/blog.proofs.de\/da\/fogra-colormanagement-symposium-am-28-2-und-1-3-in-muenchen\/#organizationLogo"},"image":{"@id":"https:\/\/blog.proofs.de\/da\/fogra-colormanagement-symposium-am-28-2-und-1-3-in-muenchen\/#organizationLogo"},"sameAs":["https:\/\/www.facebook.com\/Proof.de\/","https:\/\/www.instagram.com\/proof.de\/","https:\/\/www.tiktok.com\/@proof_de","https:\/\/www.youtube.com\/channel\/UCk80fQVQ25wC9wu3SywB-Nw","https:\/\/www.linkedin.com\/company\/proof-de"]},{"@type":"Person","@id":"https:\/\/blog.proofs.de\/da\/author\/mbetz\/#author","url":"https:\/\/blog.proofs.de\/da\/author\/mbetz\/","name":"Matthias Betz","image":{"@type":"ImageObject","@id":"https:\/\/blog.proofs.de\/da\/fogra-colormanagement-symposium-am-28-2-und-1-3-in-muenchen\/#authorImage","url":"https:\/\/blog.proofs.de\/wp-content\/uploads\/2020\/10\/matthias-betz-e1603934518350-150x150.png","width":96,"height":96,"caption":"Matthias Betz"}},{"@type":"WebPage","@id":"https:\/\/blog.proofs.de\/da\/fogra-colormanagement-symposium-am-28-2-und-1-3-in-muenchen\/#webpage","url":"https:\/\/blog.proofs.de\/da\/fogra-colormanagement-symposium-am-28-2-und-1-3-in-muenchen\/","name":"Fogra Colormanagement Symposium 2018 in M\u00fcnchen | proof.de","description":"Ende Februar 2018 findet wieder ein Farbmanagement-Symposium der Fogra in M\u00fcnchen statt. Branchen wie, Farbenherstellung, Software, Messtechnik sind vertreten.","inLanguage":"da-DK","isPartOf":{"@id":"https:\/\/blog.proofs.de\/da\/#website"},"breadcrumb":{"@id":"https:\/\/blog.proofs.de\/da\/fogra-colormanagement-symposium-am-28-2-und-1-3-in-muenchen\/#breadcrumblist"},"author":{"@id":"https:\/\/blog.proofs.de\/da\/author\/mbetz\/#author"},"creator":{"@id":"https:\/\/blog.proofs.de\/da\/author\/mbetz\/#author"},"image":{"@type":"ImageObject","url":"https:\/\/blog.proofs.de\/wp-content\/uploads\/2017\/09\/Bildschirmfoto-2017-09-26-um-00.25.40.jpg","@id":"https:\/\/blog.proofs.de\/da\/fogra-colormanagement-symposium-am-28-2-und-1-3-in-muenchen\/#mainImage","width":1016,"height":764,"caption":"Fogra Colormanagement Symposium 2018"},"primaryImageOfPage":{"@id":"https:\/\/blog.proofs.de\/da\/fogra-colormanagement-symposium-am-28-2-und-1-3-in-muenchen\/#mainImage"},"datePublished":"2017-09-26T00:30:07+02:00","dateModified":"2025-04-08T15:22:51+02:00"},{"@type":"WebSite","@id":"https:\/\/blog.proofs.de\/da\/#website","url":"https:\/\/blog.proofs.de\/da\/","name":"Proof.de","description":"Farbverbindlicher Proof, Farbproof, Digitalproof und Online-Proof.","inLanguage":"da-DK","publisher":{"@id":"https:\/\/blog.proofs.de\/da\/#organization"}}]},"og:locale":"da_DK","og:site_name":"Proof.de | Alles zu Proof, Farbmanagement, Grafik, Messtechnik &amp; Co.","og:type":"article","og:title":"Fogra Colormanagement Symposium 2018 in M\u00fcnchen | proof.de","og:description":"Ende Februar 2018 findet wieder ein Farbmanagement-Symposium der Fogra in M\u00fcnchen statt. Branchen wie, Farbenherstellung, Software, Messtechnik sind vertreten.","og:url":"https:\/\/blog.proofs.de\/da\/fogra-colormanagement-symposium-am-28-2-und-1-3-in-muenchen\/","og:image":"https:\/\/blog.proofs.de\/wp-content\/uploads\/2017\/09\/Bildschirmfoto-2017-09-26-um-00.25.40.jpg","og:image:secure_url":"https:\/\/blog.proofs.de\/wp-content\/uploads\/2017\/09\/Bildschirmfoto-2017-09-26-um-00.25.40.jpg","og:image:width":1016,"og:image:height":764,"article:published_time":"2017-09-25T22:30:07+00:00","article:modified_time":"2025-04-08T13:22:51+00:00","article:publisher":"https:\/\/www.facebook.com\/Proof.de\/","twitter:card":"summary","twitter:title":"Fogra Colormanagement Symposium 2018 in M\u00fcnchen | proof.de","twitter:description":"Ende Februar 2018 findet wieder ein Farbmanagement-Symposium der Fogra in M\u00fcnchen statt. Branchen wie, Farbenherstellung, Software, Messtechnik sind vertreten.","twitter:image":"https:\/\/blog1.proofen.de\/wp-content\/uploads\/2020\/04\/proof_background.jpg"},"aioseo_meta_data":{"post_id":"1948","title":"Fogra Colormanagement Symposium 2018 in M\u00fcnchen |\u00a0proof.de","description":"I slutningen af februar 2018 afholder Fogra igen et symposium om farvestyring i M\u00fcnchen. Brancher som farveproduktion, software og m\u00e5leteknologi vil v\u00e6re repr\u00e6senteret.","keywords":[{"label":"Fogra,Farbmanagement,Symposium,Farbmanagement Symposium,GMG,Multicolor","value":"Fogra,Farbmanagement,Symposium,Farbmanagement Symposium,GMG,Multicolor"}],"keyphrases":{"focus":{"keyphrase":"","score":0,"analysis":{"keyphraseInTitle":{"score":0,"maxScore":9,"error":1}}},"additional":[]},"primary_term":null,"canonical_url":null,"og_title":null,"og_description":null,"og_object_type":"default","og_image_type":"default","og_image_url":null,"og_image_width":null,"og_image_height":null,"og_image_custom_url":null,"og_image_custom_fields":null,"og_video":"","og_custom_url":null,"og_article_section":null,"og_article_tags":null,"twitter_use_og":false,"twitter_card":"default","twitter_image_type":"default","twitter_image_url":null,"twitter_image_custom_url":null,"twitter_image_custom_fields":null,"twitter_title":null,"twitter_description":null,"schema":{"blockGraphs":[],"customGraphs":[],"default":{"data":{"Article":[],"Course":[],"Dataset":[],"FAQPage":[],"Movie":[],"Person":[],"Product":[],"ProductReview":[],"Car":[],"Recipe":[],"Service":[],"SoftwareApplication":[],"WebPage":[]},"graphName":"Article","isEnabled":true},"graphs":[],"defaultGraph":"","defaultPostTypeGraph":""},"schema_type":null,"schema_type_options":null,"pillar_content":false,"robots_default":true,"robots_noindex":false,"robots_noarchive":false,"robots_nosnippet":false,"robots_nofollow":false,"robots_noimageindex":false,"robots_noodp":false,"robots_notranslate":false,"robots_max_snippet":"-1","robots_max_videopreview":"-1","robots_max_imagepreview":"large","priority":null,"frequency":"default","local_seo":null,"breadcrumb_settings":null,"limit_modified_date":false,"ai":null,"created":"2020-12-21 00:35:00","updated":"2025-06-04 14:21:06","seo_analyzer_scan_date":null,"focus_keyword":null,"additional_keywords":null,"truseo_locale":null},"_links":{"self":[{"href":"https:\/\/blog.proofs.de\/da\/wp-json\/wp\/v2\/posts\/1948","targetHints":{"allow":["GET"]}}],"collection":[{"href":"https:\/\/blog.proofs.de\/da\/wp-json\/wp\/v2\/posts"}],"about":[{"href":"https:\/\/blog.proofs.de\/da\/wp-json\/wp\/v2\/types\/post"}],"author":[{"embeddable":true,"href":"https:\/\/blog.proofs.de\/da\/wp-json\/wp\/v2\/users\/2"}],"replies":[{"embeddable":true,"href":"https:\/\/blog.proofs.de\/da\/wp-json\/wp\/v2\/comments?post=1948"}],"version-history":[{"count":7,"href":"https:\/\/blog.proofs.de\/da\/wp-json\/wp\/v2\/posts\/1948\/revisions"}],"predecessor-version":[{"id":6017,"href":"https:\/\/blog.proofs.de\/da\/wp-json\/wp\/v2\/posts\/1948\/revisions\/6017"}],"wp:featuredmedia":[{"embeddable":true,"href":"https:\/\/blog.proofs.de\/da\/wp-json\/wp\/v2\/media\/1949"}],"wp:attachment":[{"href":"https:\/\/blog.proofs.de\/da\/wp-json\/wp\/v2\/media?parent=1948"}],"wp:term":[{"taxonomy":"category","embeddable":true,"href":"https:\/\/blog.proofs.de\/da\/wp-json\/wp\/v2\/categories?post=1948"},{"taxonomy":"post_tag","embeddable":true,"href":"https:\/\/blog.proofs.de\/da\/wp-json\/wp\/v2\/tags?post=1948"}],"curies":[{"name":"wp","href":"https:\/\/api.w.org\/{rel}","templated":true}]}}