{"id":2095,"date":"2018-07-04T02:11:15","date_gmt":"2018-07-04T00:11:15","guid":{"rendered":"http:\/\/www.proof.de\/?p=2095"},"modified":"2020-05-08T02:12:06","modified_gmt":"2020-05-08T00:12:06","slug":"din-spec-16699-aben-farve-kommunikation-kort-for-det-bliver-sjovt","status":"publish","type":"post","link":"https:\/\/blog.proofs.de\/da\/din-spec-16699-offene-farbkommunikation-kurz-vor-der-verabschiedung\/","title":{"rendered":"DIN SPEC 16699 \"\u00c5ben farvekommunikation\" er ved at blive vedtaget"},"content":{"rendered":"<div class=\"kk-star-ratings kksr-auto kksr-align-right kksr-valign-top\" data-payload='{\"align\":\"right\",\"id\":\"2095\",\"slug\":\"default\",\"valign\":\"top\",\"ignore\":\"\",\"reference\":\"auto\",\"class\":\"\",\"count\":\"0\",\"legendonly\":\"\",\"readonly\":\"\",\"score\":\"0\",\"starsonly\":\"\",\"best\":\"5\",\"gap\":\"5\",\"greet\":\"Jetzt bewerten\",\"legend\":\"0\\\/5 - (0 votes)\",\"size\":\"24\",\"title\":\"DIN SPEC 16699 \\u0026quot;Offene Farbkommunikation\\u0026quot; kurz vor der Verabschiedung\",\"width\":\"0\",\"_legend\":\"{score}\\\/{best} - ({count} {votes})\",\"font_factor\":\"1.25\"}'>\n            \n<div class=\"kksr-stars\">\n    \n<div class=\"kksr-stars-inactive\">\n            <div class=\"kksr-star\" data-star=\"1\" style=\"padding-right: 5px\">\n            \n\n<div class=\"kksr-icon\" style=\"width: 24px; height: 24px;\"><\/div>\n        <\/div>\n            <div class=\"kksr-star\" data-star=\"2\" style=\"padding-right: 5px\">\n            \n\n<div class=\"kksr-icon\" style=\"width: 24px; height: 24px;\"><\/div>\n        <\/div>\n            <div class=\"kksr-star\" data-star=\"3\" style=\"padding-right: 5px\">\n            \n\n<div class=\"kksr-icon\" style=\"width: 24px; height: 24px;\"><\/div>\n        <\/div>\n            <div class=\"kksr-star\" data-star=\"4\" style=\"padding-right: 5px\">\n            \n\n<div class=\"kksr-icon\" style=\"width: 24px; height: 24px;\"><\/div>\n        <\/div>\n            <div class=\"kksr-star\" data-star=\"5\" style=\"padding-right: 5px\">\n            \n\n<div class=\"kksr-icon\" style=\"width: 24px; height: 24px;\"><\/div>\n        <\/div>\n    <\/div>\n    \n<div class=\"kksr-stars-active\" style=\"width: 0px;\">\n            <div class=\"kksr-star\" style=\"padding-right: 5px\">\n            \n\n<div class=\"kksr-icon\" style=\"width: 24px; height: 24px;\"><\/div>\n        <\/div>\n            <div class=\"kksr-star\" style=\"padding-right: 5px\">\n            \n\n<div class=\"kksr-icon\" style=\"width: 24px; height: 24px;\"><\/div>\n        <\/div>\n            <div class=\"kksr-star\" style=\"padding-right: 5px\">\n            \n\n<div class=\"kksr-icon\" style=\"width: 24px; height: 24px;\"><\/div>\n        <\/div>\n            <div class=\"kksr-star\" style=\"padding-right: 5px\">\n            \n\n<div class=\"kksr-icon\" style=\"width: 24px; height: 24px;\"><\/div>\n        <\/div>\n            <div class=\"kksr-star\" style=\"padding-right: 5px\">\n            \n\n<div class=\"kksr-icon\" style=\"width: 24px; height: 24px;\"><\/div>\n        <\/div>\n    <\/div>\n<\/div>\n                \n\n<div class=\"kksr-legend\" style=\"font-size: 19.2px;\">\n            <span class=\"kksr-muted\">Bed\u00f8m nu<\/span>\n    <\/div>\n    <\/div>\n<p><a href=\"https:\/\/blog1.proofen.de\/wp-content\/uploads\/2018\/06\/DIN_SPEC_16699_Offene_Farbkommunikation_Abschlussmeeting_Berlin.jpg\"><img loading=\"lazy\" decoding=\"async\" class=\"aligncenter size-full wp-image-2099\" src=\"https:\/\/blog1.proofen.de\/wp-content\/uploads\/2018\/06\/DIN_SPEC_16699_Offene_Farbkommunikation_Abschlussmeeting_Berlin.jpg\" alt=\"DIN SPEC 16699 \u00c5ben farvekommunikation Afsluttende m\u00f8de Berlin Matthias Betz, Eric A. Soder, Jan-Peter Homann, Holger Everding\" width=\"1140\" height=\"550\" srcset=\"https:\/\/blog.proofs.de\/wp-content\/uploads\/2018\/06\/DIN_SPEC_16699_Offene_Farbkommunikation_Abschlussmeeting_Berlin.jpg 1140w, https:\/\/blog.proofs.de\/wp-content\/uploads\/2018\/06\/DIN_SPEC_16699_Offene_Farbkommunikation_Abschlussmeeting_Berlin-300x145.jpg 300w, https:\/\/blog.proofs.de\/wp-content\/uploads\/2018\/06\/DIN_SPEC_16699_Offene_Farbkommunikation_Abschlussmeeting_Berlin-768x371.jpg 768w, https:\/\/blog.proofs.de\/wp-content\/uploads\/2018\/06\/DIN_SPEC_16699_Offene_Farbkommunikation_Abschlussmeeting_Berlin-1024x494.jpg 1024w, https:\/\/blog.proofs.de\/wp-content\/uploads\/2018\/06\/DIN_SPEC_16699_Offene_Farbkommunikation_Abschlussmeeting_Berlin-500x241.jpg 500w\" sizes=\"auto, (max-width: 1140px) 100vw, 1140px\"><\/a>Sidste mandag tog forfatterne Jan-Peter Homann, Holger Everding, Eric A. Soder og Matthias Betz endnu en milep\u00e6l i retning af \u00e5ben farvekommunikation p\u00e5 et afsluttende m\u00f8de i det tyske institut for standardisering - DIN - i Berlin: De sidste \u00e5bne punkter i DIN SPEC 16699 \"Offene Farbkommunikation - Open Colour Communi<a href=\"https:\/\/blog.proofs.de\/da\/lexikon\/cat\/\" target=\"_self\" title=\"CAT st\u00e5r for Cromatic Adaption Transform. Kromatisk tilpasning betyder, at det menneskelige \u00f8je foretager en automatisk hvidbalance. Farven opfattes s\u00e5ledes helt uafh\u00e6ngigt af farvetemperaturen.\" class=\"encyclopedia\">cat<\/a>ion\" blev dr\u00f8ftet og godkendt. Nu mangler kun den engelske version af Matthias Betz og Eric A. Soder og den endelige gennemf\u00f8relse og godkendelse af DIN. DIN SPEC forventes at v\u00e6re tilg\u00e6ngelig til download i august. Den vil v\u00e6re gratis tilg\u00e6ngelig som PAS - Publicly Avai<a href=\"https:\/\/blog.proofs.de\/da\/lexikon\/lab\/\" target=\"_self\" title=\"CIELAB eller LAB er en matematisk farvemodel, der er blevet etableret overalt, hvor der kr\u00e6ves en n\u00f8jagtig farveberegning. Computerfarvestyring fungerer normalt via CIELAB.\" class=\"encyclopedia\">laboratorium<\/a>le Sp<a href=\"https:\/\/blog.proofs.de\/da\/lexikon\/eci\/\" target=\"_self\" title=\"ECI - European Color Initiative - er en gruppe af eksperter, der besk\u00e6ftiger sig med behandling af farvedata i udgivelsessystemer.\" class=\"encyclopedia\">eci<\/a>udgivet af DIN p\u00e5 tysk og engelsk.<\/p>\n<p>I DIN-SPEC beskriver vi en fornuftig procedure for pr\u00e6cis farvekommunikation og udarbejdelse af farvepr\u00f8ver baseret p\u00e5 \u00e5bne og frit tilg\u00e6ngelige standarder som f.eks. <a href=\"https:\/\/blog.proofs.de\/da\/lexikon\/cielab\/\" target=\"_self\" title=\"CIELAB-farvemodellen blev defineret i 1976 af Commission Internationale de l&#039;Eclairage og beskriver alle opfattelige farver. Det er en videreudvikling af Hunter-LAB-farveskalaen fra 1966 og en matematisk farvemodel, hvor et objekts spektrale egenskaber og vores visuelle systems perceptuelle egenskaber opvejes mod hinanden. CIELAB, eller kort sagt LAB, bruges stadig i vid udstr\u00e6kning i dag...\" class=\"encyclopedia\">CIELAB<\/a>, <a href=\"https:\/\/blog.proofs.de\/da\/lexikon\/hlc\/\" target=\"_self\" title=\"HLC er en velforst\u00e5elig repr\u00e6sentation af CIELAB-farverummet. Den lodrette L-akse er identisk her. Den horisontale position af en farveposition bestemmes af vinklen H i forhold til den positive a-akse (mod uret og i grader) og radius C, dvs. afstanden til L-aksen.\" class=\"encyclopedia\">HLC<\/a>, <a href=\"https:\/\/blog.proofs.de\/da\/lexikon\/icc\/\" target=\"_self\" title=\"International Color Consortium, ICC, er en international komit\u00e9, der er ansvarlig for standardisering af farveprofiler.&nbsp;\" class=\"encyclopedia\">ICC<\/a>- og <a href=\"https:\/\/blog.proofs.de\/da\/lexikon\/cxf\/\" target=\"_self\" title='CxF st\u00e5r for &quot;Color Exchange Format&quot;, et \u00e5bent XML-format til udveksling af farveoplysninger.' class=\"encyclopedia\">CXF<\/a>-filformater. Vi arbejder med matematiske <a href=\"https:\/\/blog.proofs.de\/da\/lexikon\/farbmodell\/\" target=\"_self\" title=\"En farvemodel (eller farvesystem) er en abstrakt matematisk metode til at bestemme og specificere farver og deres indbyrdes forhold. Den sidestilles ofte med farverummet, som imidlertid er den konkrete anvendelse af en farvemodel p\u00e5 en farveproducerende metode (printer, sk\u00e6rm osv.).\" class=\"encyclopedia\">Farvemodel<\/a>M\u00e5let er at give malingproducenter og tjenesteudbydere farvepr\u00f8ver med h\u00f8j pr\u00e6cision og n\u00f8jagtige spektraldata, der kan spores og bruges i praksis som grundlag for farveformulering. I stedet for indbyrdes uforenelige kommercielle standarder viser vi en \u00e5ben, gennemsigtig og open source-metode for h\u00f8jpr\u00e6cisionsfarvekommunikation.<\/p>\n<p>Ud over DIN SPEC arbejder vi p\u00e5 h\u00f8jtryk p\u00e5 nye projekter og id\u00e9er og p\u00e5 forskellige nye versioner af vores frieFarbe CIELAB HLC-farveatlas.<\/p>","protected":false},"excerpt":{"rendered":"<p>Sidste mandag tog forfatterne Jan-Peter Homann, Holger Everding, Eric A. Soder og Matthias Betz endnu en milep\u00e6l mod \u00e5ben farvekommunikation p\u00e5 et afsluttende m\u00f8de hos det tyske institut for standardisering - DIN i Berlin: De sidste \u00e5bne punkter i DIN SPEC 16699 \"Open Colour Communication\" blev diskuteret og godkendt. Nu mangler kun den engelske version af Matthias Betz og Eric A. Soder og den endelige implementering og godkendelse af DIN. DIN SPEC forventes at v\u00e6re tilg\u00e6ngelig til download i august. Du ... <\/p>\n<p class=\"read-more-container\"><a title=\"DIN SPEC 16699 &quot;\u00c5ben farvekommunikation&quot; p\u00e5 vej til at blive vedtaget\" class=\"read-more button\" href=\"https:\/\/blog.proofs.de\/da\/din-spec-16699-offene-farbkommunikation-kurz-vor-der-verabschiedung\/#more-2095\" aria-label=\"L\u00e6s mere om DIN SPEC 16699 \u201e\u00c5ben farvekommunikation\u201c, der er ved at blive vedtaget\">L\u00e6s mere her<\/a><\/p>","protected":false},"author":2,"featured_media":2194,"comment_status":"open","ping_status":"open","sticky":false,"template":"","format":"standard","meta":{"om_disable_all_campaigns":false,"inline_featured_image":false,"_monsterinsights_skip_tracking":false,"footnotes":""},"categories":[1,120],"tags":[714,751,715,712,746,679,680,747,748,749,750],"class_list":["post-2095","post","type-post","status-publish","format-standard","has-post-thumbnail","hentry","category-allgemein","category-kategorie-proof-gmbh","tag-714","tag-deutsches-institut-fuer-normung","tag-din","tag-din-spec","tag-din-spec-166909","tag-freiefarbe","tag-freiefarbe-e-v","tag-offene-farbkommunikation","tag-open-colour-communication","tag-pas","tag-publicly-available-specification","generate-columns","tablet-grid-50","mobile-grid-100","grid-parent","grid-50","no-featured-image-padding","resize-featured-image"],"aioseo_notices":[],"aioseo_head":"\n\t\t<!-- All in One SEO 5.0.1.1 - aioseo.com -->\n\t<meta name=\"description\" content=\"Am Montag habenJan-Peter Homann, Holger Everding, Eric A. Soder und Matthias Betz beim DIN in Berlin einen Meilenstein f\u00fcr freie Farbkommunikation genommen\" \/>\n\t<meta name=\"robots\" content=\"max-image-preview:large\" \/>\n\t<meta name=\"author\" content=\"Matthias Betz\"\/>\n\t<meta name=\"google-site-verification\" content=\"TuXxyRwxcEg2-WfOaQ8vScWQh3-uBAnxXmY7g3GT90A\" \/>\n\t<meta name=\"keywords\" content=\"16699,deutsches institut f\u00fcr normung,din,din spec,din spec 166909,freiefarbe,freiefarbe e.v.,offene farbkommunikation,open colour communication,pas,publicly available specification\" \/>\n\t<link rel=\"canonical\" href=\"https:\/\/blog.proofs.de\/da\/din-spec-16699-offene-farbkommunikation-kurz-vor-der-verabschiedung\/\" \/>\n\t<meta name=\"generator\" content=\"All in One SEO (AIOSEO) 5.0.1.1\" \/>\n\n\t\t<meta name=\"seobility\" content=\"593a8578143db71543f014978c690d47\">\n\t\t<meta property=\"og:locale\" content=\"da_DK\" \/>\n\t\t<meta property=\"og:site_name\" content=\"Proof.de | Alles zu Proof, Farbmanagement, Grafik, Messtechnik &amp; Co.\" \/>\n\t\t<meta property=\"og:type\" content=\"article\" \/>\n\t\t<meta property=\"og:title\" content=\"DIN SPEC &quot;Offene Farbkommunikation&quot; vor Verabschiedung | proof.de\" \/>\n\t\t<meta property=\"og:description\" content=\"Am Montag habenJan-Peter Homann, Holger Everding, Eric A. Soder und Matthias Betz beim DIN in Berlin einen Meilenstein f\u00fcr freie Farbkommunikation genommen\" \/>\n\t\t<meta property=\"og:url\" content=\"https:\/\/blog.proofs.de\/da\/din-spec-16699-offene-farbkommunikation-kurz-vor-der-verabschiedung\/\" \/>\n\t\t<meta property=\"og:image\" content=\"https:\/\/blog.proofs.de\/wp-content\/uploads\/2018\/11\/DIN_SPEC_16699_Offene_Farbkommunikation.png\" \/>\n\t\t<meta property=\"og:image:secure_url\" content=\"https:\/\/blog.proofs.de\/wp-content\/uploads\/2018\/11\/DIN_SPEC_16699_Offene_Farbkommunikation.png\" \/>\n\t\t<meta property=\"og:image:width\" content=\"2326\" \/>\n\t\t<meta property=\"og:image:height\" content=\"1540\" \/>\n\t\t<meta property=\"article:published_time\" content=\"2018-07-04T00:11:15+00:00\" \/>\n\t\t<meta property=\"article:modified_time\" content=\"2020-05-08T00:12:06+00:00\" \/>\n\t\t<meta property=\"article:publisher\" content=\"https:\/\/www.facebook.com\/Proof.de\/\" \/>\n\t\t<meta name=\"twitter:card\" content=\"summary\" \/>\n\t\t<meta name=\"twitter:title\" content=\"DIN SPEC &quot;Offene Farbkommunikation&quot; vor Verabschiedung | proof.de\" \/>\n\t\t<meta name=\"twitter:description\" content=\"Am Montag habenJan-Peter Homann, Holger Everding, Eric A. Soder und Matthias Betz beim DIN in Berlin einen Meilenstein f\u00fcr freie Farbkommunikation genommen\" \/>\n\t\t<meta name=\"twitter:image\" content=\"https:\/\/blog1.proofen.de\/wp-content\/uploads\/2020\/04\/proof_background.jpg\" \/>\n\t\t<script type=\"application\/ld+json\" class=\"aioseo-schema\">\n\t\t\t{\"@context\":\"https:\\\/\\\/schema.org\",\"@graph\":[{\"@type\":\"Article\",\"@id\":\"https:\\\/\\\/blog.proofs.de\\\/da\\\/din-spec-16699-offene-farbkommunikation-kurz-vor-der-verabschiedung\\\/#article\",\"name\":\"DIN SPEC \\\"Offene Farbkommunikation\\\" vor Verabschiedung | proof.de\",\"headline\":\"DIN SPEC 16699 &#8222;Offene Farbkommunikation&#8220; kurz vor der Verabschiedung\",\"author\":{\"@id\":\"https:\\\/\\\/blog.proofs.de\\\/da\\\/author\\\/mbetz\\\/#author\"},\"publisher\":{\"@id\":\"https:\\\/\\\/blog.proofs.de\\\/da\\\/#organization\"},\"image\":{\"@type\":\"ImageObject\",\"url\":\"https:\\\/\\\/blog.proofs.de\\\/wp-content\\\/uploads\\\/2018\\\/11\\\/DIN_SPEC_16699_Offene_Farbkommunikation.png\",\"width\":2326,\"height\":1540,\"caption\":\"Vorschau Titel DIN SPEC 16699 Offene Farbkommunikation \\\/ Open Colour Communication\"},\"datePublished\":\"2018-07-04T02:11:15+02:00\",\"dateModified\":\"2020-05-08T02:12:06+02:00\",\"inLanguage\":\"da-DK\",\"mainEntityOfPage\":{\"@id\":\"https:\\\/\\\/blog.proofs.de\\\/da\\\/din-spec-16699-offene-farbkommunikation-kurz-vor-der-verabschiedung\\\/#webpage\"},\"isPartOf\":{\"@id\":\"https:\\\/\\\/blog.proofs.de\\\/da\\\/din-spec-16699-offene-farbkommunikation-kurz-vor-der-verabschiedung\\\/#webpage\"},\"articleSection\":\"Allgemein, Proof GmbH, 16699, Deutsches Institut f\\u00fcr Normung, DIN, DIN SPEC, DIN SPEC 166909, freieFarbe, freieFarbe e.V., Offene Farbkommunikation, Open Colour Communication, PAS, Publicly Available Specification\"},{\"@type\":\"BreadcrumbList\",\"@id\":\"https:\\\/\\\/blog.proofs.de\\\/da\\\/din-spec-16699-offene-farbkommunikation-kurz-vor-der-verabschiedung\\\/#breadcrumblist\",\"itemListElement\":[{\"@type\":\"ListItem\",\"@id\":\"https:\\\/\\\/blog.proofs.de\\\/da#listItem\",\"position\":1,\"name\":\"Home\",\"item\":\"https:\\\/\\\/blog.proofs.de\\\/da\",\"nextItem\":{\"@type\":\"ListItem\",\"@id\":\"https:\\\/\\\/blog.proofs.de\\\/da\\\/thema\\\/proof-wissen\\\/#listItem\",\"name\":\"Proof Wissen\"}},{\"@type\":\"ListItem\",\"@id\":\"https:\\\/\\\/blog.proofs.de\\\/da\\\/thema\\\/proof-wissen\\\/#listItem\",\"position\":2,\"name\":\"Proof Wissen\",\"item\":\"https:\\\/\\\/blog.proofs.de\\\/da\\\/thema\\\/proof-wissen\\\/\",\"nextItem\":{\"@type\":\"ListItem\",\"@id\":\"https:\\\/\\\/blog.proofs.de\\\/da\\\/thema\\\/proof-wissen\\\/kategorie-proof-gmbh\\\/#listItem\",\"name\":\"Proof GmbH\"},\"previousItem\":{\"@type\":\"ListItem\",\"@id\":\"https:\\\/\\\/blog.proofs.de\\\/da#listItem\",\"name\":\"Home\"}},{\"@type\":\"ListItem\",\"@id\":\"https:\\\/\\\/blog.proofs.de\\\/da\\\/thema\\\/proof-wissen\\\/kategorie-proof-gmbh\\\/#listItem\",\"position\":3,\"name\":\"Proof GmbH\",\"item\":\"https:\\\/\\\/blog.proofs.de\\\/da\\\/thema\\\/proof-wissen\\\/kategorie-proof-gmbh\\\/\",\"nextItem\":{\"@type\":\"ListItem\",\"@id\":\"https:\\\/\\\/blog.proofs.de\\\/da\\\/din-spec-16699-offene-farbkommunikation-kurz-vor-der-verabschiedung\\\/#listItem\",\"name\":\"DIN SPEC 16699 &#8222;Offene Farbkommunikation&#8220; kurz vor der Verabschiedung\"},\"previousItem\":{\"@type\":\"ListItem\",\"@id\":\"https:\\\/\\\/blog.proofs.de\\\/da\\\/thema\\\/proof-wissen\\\/#listItem\",\"name\":\"Proof Wissen\"}},{\"@type\":\"ListItem\",\"@id\":\"https:\\\/\\\/blog.proofs.de\\\/da\\\/din-spec-16699-offene-farbkommunikation-kurz-vor-der-verabschiedung\\\/#listItem\",\"position\":4,\"name\":\"DIN SPEC 16699 &#8222;Offene Farbkommunikation&#8220; kurz vor der Verabschiedung\",\"previousItem\":{\"@type\":\"ListItem\",\"@id\":\"https:\\\/\\\/blog.proofs.de\\\/da\\\/thema\\\/proof-wissen\\\/kategorie-proof-gmbh\\\/#listItem\",\"name\":\"Proof GmbH\"}}]},{\"@type\":\"Organization\",\"@id\":\"https:\\\/\\\/blog.proofs.de\\\/da\\\/#organization\",\"name\":\"Proof GmbH\",\"description\":\"Farbverbindlicher Proof, Farbproof, Digitalproof und Online-Proof.\",\"url\":\"https:\\\/\\\/blog.proofs.de\\\/da\\\/\",\"telephone\":\"+4970717952740\",\"logo\":{\"@type\":\"ImageObject\",\"url\":\"https:\\\/\\\/blog1.proofen.de\\\/wp-content\\\/uploads\\\/2019\\\/09\\\/logo_proof_rgb_mit_balken_250px.png\",\"@id\":\"https:\\\/\\\/blog.proofs.de\\\/da\\\/din-spec-16699-offene-farbkommunikation-kurz-vor-der-verabschiedung\\\/#organizationLogo\"},\"image\":{\"@id\":\"https:\\\/\\\/blog.proofs.de\\\/da\\\/din-spec-16699-offene-farbkommunikation-kurz-vor-der-verabschiedung\\\/#organizationLogo\"},\"sameAs\":[\"https:\\\/\\\/www.facebook.com\\\/Proof.de\\\/\",\"https:\\\/\\\/www.instagram.com\\\/proof.de\\\/\",\"https:\\\/\\\/www.tiktok.com\\\/@proof_de\",\"https:\\\/\\\/www.youtube.com\\\/channel\\\/UCk80fQVQ25wC9wu3SywB-Nw\",\"https:\\\/\\\/www.linkedin.com\\\/company\\\/proof-de\"]},{\"@type\":\"Person\",\"@id\":\"https:\\\/\\\/blog.proofs.de\\\/da\\\/author\\\/mbetz\\\/#author\",\"url\":\"https:\\\/\\\/blog.proofs.de\\\/da\\\/author\\\/mbetz\\\/\",\"name\":\"Matthias Betz\",\"image\":{\"@type\":\"ImageObject\",\"@id\":\"https:\\\/\\\/blog.proofs.de\\\/da\\\/din-spec-16699-offene-farbkommunikation-kurz-vor-der-verabschiedung\\\/#authorImage\",\"url\":\"https:\\\/\\\/blog.proofs.de\\\/wp-content\\\/uploads\\\/2020\\\/10\\\/matthias-betz-e1603934518350-150x150.png\",\"width\":96,\"height\":96,\"caption\":\"Matthias Betz\"}},{\"@type\":\"WebPage\",\"@id\":\"https:\\\/\\\/blog.proofs.de\\\/da\\\/din-spec-16699-offene-farbkommunikation-kurz-vor-der-verabschiedung\\\/#webpage\",\"url\":\"https:\\\/\\\/blog.proofs.de\\\/da\\\/din-spec-16699-offene-farbkommunikation-kurz-vor-der-verabschiedung\\\/\",\"name\":\"DIN SPEC \\\"Offene Farbkommunikation\\\" vor Verabschiedung | proof.de\",\"description\":\"Am Montag habenJan-Peter Homann, Holger Everding, Eric A. Soder und Matthias Betz beim DIN in Berlin einen Meilenstein f\\u00fcr freie Farbkommunikation genommen\",\"inLanguage\":\"da-DK\",\"isPartOf\":{\"@id\":\"https:\\\/\\\/blog.proofs.de\\\/da\\\/#website\"},\"breadcrumb\":{\"@id\":\"https:\\\/\\\/blog.proofs.de\\\/da\\\/din-spec-16699-offene-farbkommunikation-kurz-vor-der-verabschiedung\\\/#breadcrumblist\"},\"author\":{\"@id\":\"https:\\\/\\\/blog.proofs.de\\\/da\\\/author\\\/mbetz\\\/#author\"},\"creator\":{\"@id\":\"https:\\\/\\\/blog.proofs.de\\\/da\\\/author\\\/mbetz\\\/#author\"},\"image\":{\"@type\":\"ImageObject\",\"url\":\"https:\\\/\\\/blog.proofs.de\\\/wp-content\\\/uploads\\\/2018\\\/11\\\/DIN_SPEC_16699_Offene_Farbkommunikation.png\",\"@id\":\"https:\\\/\\\/blog.proofs.de\\\/da\\\/din-spec-16699-offene-farbkommunikation-kurz-vor-der-verabschiedung\\\/#mainImage\",\"width\":2326,\"height\":1540,\"caption\":\"Vorschau Titel DIN SPEC 16699 Offene Farbkommunikation \\\/ Open Colour Communication\"},\"primaryImageOfPage\":{\"@id\":\"https:\\\/\\\/blog.proofs.de\\\/da\\\/din-spec-16699-offene-farbkommunikation-kurz-vor-der-verabschiedung\\\/#mainImage\"},\"datePublished\":\"2018-07-04T02:11:15+02:00\",\"dateModified\":\"2020-05-08T02:12:06+02:00\"},{\"@type\":\"WebSite\",\"@id\":\"https:\\\/\\\/blog.proofs.de\\\/da\\\/#website\",\"url\":\"https:\\\/\\\/blog.proofs.de\\\/da\\\/\",\"name\":\"Proof.de\",\"description\":\"Farbverbindlicher Proof, Farbproof, Digitalproof und Online-Proof.\",\"inLanguage\":\"da-DK\",\"publisher\":{\"@id\":\"https:\\\/\\\/blog.proofs.de\\\/da\\\/#organization\"}}]}\n\t\t<\/script>\n\t\t<!-- All in One SEO -->\n\n","aioseo_head_json":{"title":"DIN SPEC \"\u00c5ben farvekommunikation\" f\u00f8r vedtagelse | proof.de","description":"Mandag tog Jan-Peter Homann, Holger Everding, Eric A. Soder og Matthias Betz en milep\u00e6l for fri farvekommunikation hos DIN i Berlin.","canonical_url":"https:\/\/blog.proofs.de\/da\/din-spec-16699-offene-farbkommunikation-kurz-vor-der-verabschiedung\/","robots":"max-image-preview:large","keywords":"16699,deutsches institut f\u00fcr normung,din,din spec,din spec 166909,freiefarbe,freiefarbe e.v.,offene farbkommunikation,open colour communication,pas,publicly available specification","webmasterTools":{"google-site-verification":"TuXxyRwxcEg2-WfOaQ8vScWQh3-uBAnxXmY7g3GT90A","miscellaneous":"&lt;meta name=\"seobility\" content=\"593a8578143db71543f014978c690d47\"&gt;"},"schema":{"@context":"https:\/\/schema.org","@graph":[{"@type":"Article","@id":"https:\/\/blog.proofs.de\/da\/din-spec-16699-offene-farbkommunikation-kurz-vor-der-verabschiedung\/#article","name":"DIN SPEC \"Offene Farbkommunikation\" vor Verabschiedung | proof.de","headline":"DIN SPEC 16699 &#8222;Offene Farbkommunikation&#8220; kurz vor der Verabschiedung","author":{"@id":"https:\/\/blog.proofs.de\/da\/author\/mbetz\/#author"},"publisher":{"@id":"https:\/\/blog.proofs.de\/da\/#organization"},"image":{"@type":"ImageObject","url":"https:\/\/blog.proofs.de\/wp-content\/uploads\/2018\/11\/DIN_SPEC_16699_Offene_Farbkommunikation.png","width":2326,"height":1540,"caption":"Vorschau Titel DIN SPEC 16699 Offene Farbkommunikation \/ Open Colour Communication"},"datePublished":"2018-07-04T02:11:15+02:00","dateModified":"2020-05-08T02:12:06+02:00","inLanguage":"da-DK","mainEntityOfPage":{"@id":"https:\/\/blog.proofs.de\/da\/din-spec-16699-offene-farbkommunikation-kurz-vor-der-verabschiedung\/#webpage"},"isPartOf":{"@id":"https:\/\/blog.proofs.de\/da\/din-spec-16699-offene-farbkommunikation-kurz-vor-der-verabschiedung\/#webpage"},"articleSection":"Allgemein, Proof GmbH, 16699, Deutsches Institut f\u00fcr Normung, DIN, DIN SPEC, DIN SPEC 166909, freieFarbe, freieFarbe e.V., Offene Farbkommunikation, Open Colour Communication, PAS, Publicly Available Specification"},{"@type":"BreadcrumbList","@id":"https:\/\/blog.proofs.de\/da\/din-spec-16699-offene-farbkommunikation-kurz-vor-der-verabschiedung\/#breadcrumblist","itemListElement":[{"@type":"ListItem","@id":"https:\/\/blog.proofs.de\/da#listItem","position":1,"name":"Home","item":"https:\/\/blog.proofs.de\/da","nextItem":{"@type":"ListItem","@id":"https:\/\/blog.proofs.de\/da\/thema\/proof-wissen\/#listItem","name":"Proof Wissen"}},{"@type":"ListItem","@id":"https:\/\/blog.proofs.de\/da\/thema\/proof-wissen\/#listItem","position":2,"name":"Proof Wissen","item":"https:\/\/blog.proofs.de\/da\/thema\/proof-wissen\/","nextItem":{"@type":"ListItem","@id":"https:\/\/blog.proofs.de\/da\/thema\/proof-wissen\/kategorie-proof-gmbh\/#listItem","name":"Proof GmbH"},"previousItem":{"@type":"ListItem","@id":"https:\/\/blog.proofs.de\/da#listItem","name":"Home"}},{"@type":"ListItem","@id":"https:\/\/blog.proofs.de\/da\/thema\/proof-wissen\/kategorie-proof-gmbh\/#listItem","position":3,"name":"Proof GmbH","item":"https:\/\/blog.proofs.de\/da\/thema\/proof-wissen\/kategorie-proof-gmbh\/","nextItem":{"@type":"ListItem","@id":"https:\/\/blog.proofs.de\/da\/din-spec-16699-offene-farbkommunikation-kurz-vor-der-verabschiedung\/#listItem","name":"DIN SPEC 16699 &#8222;Offene Farbkommunikation&#8220; kurz vor der Verabschiedung"},"previousItem":{"@type":"ListItem","@id":"https:\/\/blog.proofs.de\/da\/thema\/proof-wissen\/#listItem","name":"Proof Wissen"}},{"@type":"ListItem","@id":"https:\/\/blog.proofs.de\/da\/din-spec-16699-offene-farbkommunikation-kurz-vor-der-verabschiedung\/#listItem","position":4,"name":"DIN SPEC 16699 &#8222;Offene Farbkommunikation&#8220; kurz vor der Verabschiedung","previousItem":{"@type":"ListItem","@id":"https:\/\/blog.proofs.de\/da\/thema\/proof-wissen\/kategorie-proof-gmbh\/#listItem","name":"Proof GmbH"}}]},{"@type":"Organization","@id":"https:\/\/blog.proofs.de\/da\/#organization","name":"Proof GmbH","description":"Farbverbindlicher Proof, Farbproof, Digitalproof und Online-Proof.","url":"https:\/\/blog.proofs.de\/da\/","telephone":"+4970717952740","logo":{"@type":"ImageObject","url":"https:\/\/blog1.proofen.de\/wp-content\/uploads\/2019\/09\/logo_proof_rgb_mit_balken_250px.png","@id":"https:\/\/blog.proofs.de\/da\/din-spec-16699-offene-farbkommunikation-kurz-vor-der-verabschiedung\/#organizationLogo"},"image":{"@id":"https:\/\/blog.proofs.de\/da\/din-spec-16699-offene-farbkommunikation-kurz-vor-der-verabschiedung\/#organizationLogo"},"sameAs":["https:\/\/www.facebook.com\/Proof.de\/","https:\/\/www.instagram.com\/proof.de\/","https:\/\/www.tiktok.com\/@proof_de","https:\/\/www.youtube.com\/channel\/UCk80fQVQ25wC9wu3SywB-Nw","https:\/\/www.linkedin.com\/company\/proof-de"]},{"@type":"Person","@id":"https:\/\/blog.proofs.de\/da\/author\/mbetz\/#author","url":"https:\/\/blog.proofs.de\/da\/author\/mbetz\/","name":"Matthias Betz","image":{"@type":"ImageObject","@id":"https:\/\/blog.proofs.de\/da\/din-spec-16699-offene-farbkommunikation-kurz-vor-der-verabschiedung\/#authorImage","url":"https:\/\/blog.proofs.de\/wp-content\/uploads\/2020\/10\/matthias-betz-e1603934518350-150x150.png","width":96,"height":96,"caption":"Matthias Betz"}},{"@type":"WebPage","@id":"https:\/\/blog.proofs.de\/da\/din-spec-16699-offene-farbkommunikation-kurz-vor-der-verabschiedung\/#webpage","url":"https:\/\/blog.proofs.de\/da\/din-spec-16699-offene-farbkommunikation-kurz-vor-der-verabschiedung\/","name":"DIN SPEC \"Offene Farbkommunikation\" vor Verabschiedung | proof.de","description":"Am Montag habenJan-Peter Homann, Holger Everding, Eric A. Soder und Matthias Betz beim DIN in Berlin einen Meilenstein f\u00fcr freie Farbkommunikation genommen","inLanguage":"da-DK","isPartOf":{"@id":"https:\/\/blog.proofs.de\/da\/#website"},"breadcrumb":{"@id":"https:\/\/blog.proofs.de\/da\/din-spec-16699-offene-farbkommunikation-kurz-vor-der-verabschiedung\/#breadcrumblist"},"author":{"@id":"https:\/\/blog.proofs.de\/da\/author\/mbetz\/#author"},"creator":{"@id":"https:\/\/blog.proofs.de\/da\/author\/mbetz\/#author"},"image":{"@type":"ImageObject","url":"https:\/\/blog.proofs.de\/wp-content\/uploads\/2018\/11\/DIN_SPEC_16699_Offene_Farbkommunikation.png","@id":"https:\/\/blog.proofs.de\/da\/din-spec-16699-offene-farbkommunikation-kurz-vor-der-verabschiedung\/#mainImage","width":2326,"height":1540,"caption":"Vorschau Titel DIN SPEC 16699 Offene Farbkommunikation \/ Open Colour Communication"},"primaryImageOfPage":{"@id":"https:\/\/blog.proofs.de\/da\/din-spec-16699-offene-farbkommunikation-kurz-vor-der-verabschiedung\/#mainImage"},"datePublished":"2018-07-04T02:11:15+02:00","dateModified":"2020-05-08T02:12:06+02:00"},{"@type":"WebSite","@id":"https:\/\/blog.proofs.de\/da\/#website","url":"https:\/\/blog.proofs.de\/da\/","name":"Proof.de","description":"Farbverbindlicher Proof, Farbproof, Digitalproof und Online-Proof.","inLanguage":"da-DK","publisher":{"@id":"https:\/\/blog.proofs.de\/da\/#organization"}}]},"og:locale":"da_DK","og:site_name":"Proof.de | Alles zu Proof, Farbmanagement, Grafik, Messtechnik &amp; Co.","og:type":"article","og:title":"DIN SPEC &quot;Offene Farbkommunikation&quot; vor Verabschiedung | proof.de","og:description":"Am Montag habenJan-Peter Homann, Holger Everding, Eric A. Soder und Matthias Betz beim DIN in Berlin einen Meilenstein f\u00fcr freie Farbkommunikation genommen","og:url":"https:\/\/blog.proofs.de\/da\/din-spec-16699-offene-farbkommunikation-kurz-vor-der-verabschiedung\/","og:image":"https:\/\/blog.proofs.de\/wp-content\/uploads\/2018\/11\/DIN_SPEC_16699_Offene_Farbkommunikation.png","og:image:secure_url":"https:\/\/blog.proofs.de\/wp-content\/uploads\/2018\/11\/DIN_SPEC_16699_Offene_Farbkommunikation.png","og:image:width":2326,"og:image:height":1540,"article:published_time":"2018-07-04T00:11:15+00:00","article:modified_time":"2020-05-08T00:12:06+00:00","article:publisher":"https:\/\/www.facebook.com\/Proof.de\/","twitter:card":"summary","twitter:title":"DIN SPEC &quot;Offene Farbkommunikation&quot; vor Verabschiedung | proof.de","twitter:description":"Am Montag habenJan-Peter Homann, Holger Everding, Eric A. Soder und Matthias Betz beim DIN in Berlin einen Meilenstein f\u00fcr freie Farbkommunikation genommen","twitter:image":"https:\/\/blog1.proofen.de\/wp-content\/uploads\/2020\/04\/proof_background.jpg"},"aioseo_meta_data":{"post_id":"2095","title":"DIN SPEC &quot;Offene Farbkommunikation&quot; vor Verabschiedung |\u00a0proof.de","description":"Mandag tog Jan-Peter Homann, Holger Everding, Eric A. Soder og Matthias Betz en milep\u00e6l for fri farvekommunikation hos DIN i Berlin.","keywords":null,"keyphrases":null,"primary_term":null,"canonical_url":null,"og_title":null,"og_description":null,"og_object_type":"default","og_image_type":"default","og_image_url":null,"og_image_width":null,"og_image_height":null,"og_image_custom_url":null,"og_image_custom_fields":null,"og_video":null,"og_custom_url":null,"og_article_section":null,"og_article_tags":null,"twitter_use_og":false,"twitter_card":"default","twitter_image_type":"default","twitter_image_url":null,"twitter_image_custom_url":null,"twitter_image_custom_fields":null,"twitter_title":null,"twitter_description":null,"schema":{"blockGraphs":[],"customGraphs":[],"default":{"data":{"Article":[],"Course":[],"Dataset":[],"FAQPage":[],"Movie":[],"Person":[],"Product":[],"ProductReview":[],"Car":[],"Recipe":[],"Service":[],"SoftwareApplication":[],"WebPage":[]},"graphName":"","isEnabled":true},"graphs":[],"defaultGraph":"","defaultPostTypeGraph":""},"schema_type":null,"schema_type_options":null,"pillar_content":false,"robots_default":true,"robots_noindex":false,"robots_noarchive":false,"robots_nosnippet":false,"robots_nofollow":false,"robots_noimageindex":false,"robots_noodp":false,"robots_notranslate":false,"robots_max_snippet":null,"robots_max_videopreview":null,"robots_max_imagepreview":"large","priority":null,"frequency":null,"local_seo":null,"breadcrumb_settings":null,"limit_modified_date":false,"ai":null,"created":"2020-12-21 00:35:00","updated":"2025-06-04 14:22:05","seo_analyzer_scan_date":null,"focus_keyword":null,"additional_keywords":null,"truseo_locale":null},"_links":{"self":[{"href":"https:\/\/blog.proofs.de\/da\/wp-json\/wp\/v2\/posts\/2095","targetHints":{"allow":["GET"]}}],"collection":[{"href":"https:\/\/blog.proofs.de\/da\/wp-json\/wp\/v2\/posts"}],"about":[{"href":"https:\/\/blog.proofs.de\/da\/wp-json\/wp\/v2\/types\/post"}],"author":[{"embeddable":true,"href":"https:\/\/blog.proofs.de\/da\/wp-json\/wp\/v2\/users\/2"}],"replies":[{"embeddable":true,"href":"https:\/\/blog.proofs.de\/da\/wp-json\/wp\/v2\/comments?post=2095"}],"version-history":[{"count":5,"href":"https:\/\/blog.proofs.de\/da\/wp-json\/wp\/v2\/posts\/2095\/revisions"}],"predecessor-version":[{"id":3316,"href":"https:\/\/blog.proofs.de\/da\/wp-json\/wp\/v2\/posts\/2095\/revisions\/3316"}],"wp:featuredmedia":[{"embeddable":true,"href":"https:\/\/blog.proofs.de\/da\/wp-json\/wp\/v2\/media\/2194"}],"wp:attachment":[{"href":"https:\/\/blog.proofs.de\/da\/wp-json\/wp\/v2\/media?parent=2095"}],"wp:term":[{"taxonomy":"category","embeddable":true,"href":"https:\/\/blog.proofs.de\/da\/wp-json\/wp\/v2\/categories?post=2095"},{"taxonomy":"post_tag","embeddable":true,"href":"https:\/\/blog.proofs.de\/da\/wp-json\/wp\/v2\/tags?post=2095"}],"curies":[{"name":"wp","href":"https:\/\/api.w.org\/{rel}","templated":true}]}}