{"id":2156,"date":"2018-10-06T01:33:42","date_gmt":"2018-10-05T23:33:42","guid":{"rendered":"http:\/\/www.proof.de\/?p=2156"},"modified":"2020-05-08T02:16:41","modified_gmt":"2020-05-08T00:16:41","slug":"free-colour-e-v-review-medlems-mode-og-review-2","status":"publish","type":"post","link":"https:\/\/blog.proofs.de\/da\/freiefarbe-e-v-rueckblick-mitgliederversammlung-und-vorschau\/","title":{"rendered":"freieFarbe e.V. - Referat af generalforsamlingen og forsmag"},"content":{"rendered":"<div class=\"kk-star-ratings kksr-auto kksr-align-right kksr-valign-top\" data-payload='{\"align\":\"right\",\"id\":\"2156\",\"slug\":\"default\",\"valign\":\"top\",\"ignore\":\"\",\"reference\":\"auto\",\"class\":\"\",\"count\":\"0\",\"legendonly\":\"\",\"readonly\":\"\",\"score\":\"0\",\"starsonly\":\"\",\"best\":\"5\",\"gap\":\"5\",\"greet\":\"Jetzt bewerten\",\"legend\":\"0\\\/5 - (0 votes)\",\"size\":\"24\",\"title\":\"freieFarbe e.V. - R&uuml;ckblick Mitgliederversammlung und Vorschau\",\"width\":\"0\",\"_legend\":\"{score}\\\/{best} - ({count} {votes})\",\"font_factor\":\"1.25\"}'>\n            \n<div class=\"kksr-stars\">\n    \n<div class=\"kksr-stars-inactive\">\n            <div class=\"kksr-star\" data-star=\"1\" style=\"padding-right: 5px\">\n            \n\n<div class=\"kksr-icon\" style=\"width: 24px; height: 24px;\"><\/div>\n        <\/div>\n            <div class=\"kksr-star\" data-star=\"2\" style=\"padding-right: 5px\">\n            \n\n<div class=\"kksr-icon\" style=\"width: 24px; height: 24px;\"><\/div>\n        <\/div>\n            <div class=\"kksr-star\" data-star=\"3\" style=\"padding-right: 5px\">\n            \n\n<div class=\"kksr-icon\" style=\"width: 24px; height: 24px;\"><\/div>\n        <\/div>\n            <div class=\"kksr-star\" data-star=\"4\" style=\"padding-right: 5px\">\n            \n\n<div class=\"kksr-icon\" style=\"width: 24px; height: 24px;\"><\/div>\n        <\/div>\n            <div class=\"kksr-star\" data-star=\"5\" style=\"padding-right: 5px\">\n            \n\n<div class=\"kksr-icon\" style=\"width: 24px; height: 24px;\"><\/div>\n        <\/div>\n    <\/div>\n    \n<div class=\"kksr-stars-active\" style=\"width: 0px;\">\n            <div class=\"kksr-star\" style=\"padding-right: 5px\">\n            \n\n<div class=\"kksr-icon\" style=\"width: 24px; height: 24px;\"><\/div>\n        <\/div>\n            <div class=\"kksr-star\" style=\"padding-right: 5px\">\n            \n\n<div class=\"kksr-icon\" style=\"width: 24px; height: 24px;\"><\/div>\n        <\/div>\n            <div class=\"kksr-star\" style=\"padding-right: 5px\">\n            \n\n<div class=\"kksr-icon\" style=\"width: 24px; height: 24px;\"><\/div>\n        <\/div>\n            <div class=\"kksr-star\" style=\"padding-right: 5px\">\n            \n\n<div class=\"kksr-icon\" style=\"width: 24px; height: 24px;\"><\/div>\n        <\/div>\n            <div class=\"kksr-star\" style=\"padding-right: 5px\">\n            \n\n<div class=\"kksr-icon\" style=\"width: 24px; height: 24px;\"><\/div>\n        <\/div>\n    <\/div>\n<\/div>\n                \n\n<div class=\"kksr-legend\" style=\"font-size: 19.2px;\">\n            <span class=\"kksr-muted\">Bed\u00f8m nu<\/span>\n    <\/div>\n    <\/div>\n<p>I den sidste weekend i september fandt generalforsamlingen i foreningen freieFarbe e.V. sted i T\u00fcbingen. Fra fredag til s\u00f8ndag blev der arbejdet, diskuteret, t\u00e6nkt og, som det kan ses p\u00e5 billedet, i det bedste vejr p\u00e5 den <a href=\"https:\/\/blog.proofs.de\/da\/lexikon\/nec\/\" target=\"_self\" title=\"Virksomheden NEC betragtes i \u00f8jeblikket som en af de mest kompetente producenter af bevismonitorer. Is\u00e6r NEC Spectraview-serien tilbyder sofistikeret sk\u00e6rmteknologi og smarte softwarel\u00f8sninger til farvebehandling af h\u00f8j kvalitet.\" class=\"encyclopedia\">Nec<\/a>kar \"puttet\" i og med nye produkter og id\u00e9er.<\/p>\n<figure id=\"attachment_2157\" aria-describedby=\"caption-attachment-2157\" style=\"width: 1130px\" class=\"wp-caption alignleft\"><a href=\"https:\/\/blog1.proofen.de\/wp-content\/uploads\/2018\/10\/stocherkahn-1140x550.jpg\"><img loading=\"lazy\" decoding=\"async\" class=\"wp-image-2157 size-full\" src=\"https:\/\/blog1.proofen.de\/wp-content\/uploads\/2018\/10\/stocherkahn-1140x550.jpg\" alt=\"\" width=\"1140\" height=\"550\" srcset=\"https:\/\/blog.proofs.de\/wp-content\/uploads\/2018\/10\/stocherkahn-1140x550.jpg 1140w, https:\/\/blog.proofs.de\/wp-content\/uploads\/2018\/10\/stocherkahn-1140x550-300x145.jpg 300w, https:\/\/blog.proofs.de\/wp-content\/uploads\/2018\/10\/stocherkahn-1140x550-768x371.jpg 768w, https:\/\/blog.proofs.de\/wp-content\/uploads\/2018\/10\/stocherkahn-1140x550-1024x494.jpg 1024w, https:\/\/blog.proofs.de\/wp-content\/uploads\/2018\/10\/stocherkahn-1140x550-500x241.jpg 500w\" sizes=\"auto, (max-width: 1140px) 100vw, 1140px\"><\/a><figcaption id=\"caption-attachment-2157\" class=\"wp-caption-text\">freieFarbe e.V. Generalforsamling 2018: Sammen p\u00e5 Neckar efter generalforsamlingen p\u00e5 <a href=\"https:\/\/blog.proofs.de\/da\/lexikon\/proof\/\" target=\"_self\" title=\"Et proof (korrekt: kontraktproof) er en ISO 12647-7-certificeret proofinganordning til den grafiske industri. Et korrekturtryk simulerer farven ved offset- eller dybtryk p\u00e5 en farve- og juridisk bindende m\u00e5de inden for de sn\u00e6vre tolerancer i ISO-standarden.\" class=\"encyclopedia\">Bevis<\/a> GmbH i T\u00fcbingen. Foto: Peter J\u00e4ger<\/figcaption><\/figure>\n<p>Efter et m\u00f8de med den <a href=\"https:\/\/blog.proofs.de\/da\/lexikon\/farbmanagement\/\" target=\"_self\" title=\"Form\u00e5let med farvestyring er at sikre, at farverne gengives s\u00e5 ens som muligt p\u00e5 tv\u00e6rs af de forskellige enheder som f.eks. kameraer, scannere, sk\u00e6rme, laser-, inkjet- og offsetprintere og mange flere.\" class=\"encyclopedia\">Farvestyring<\/a>Specialister fra <a href=\"https:\/\/blog.proofs.de\/da\/lexikon\/gmg\/\" target=\"_self\" title=\"GMG Color er en virksomhed med base i T\u00fcbingen i Tyskland, som har gjort sig et navn med udviklingen af software til farvestyring. I mere end 25 \u00e5r har GMG Color udviklet adskillige produkter til kommercielle brugere, lige fra printerdrivere til kompleks proofing-software.\" class=\"encyclopedia\">GMG<\/a> fredag, som st\u00f8tter foreningen med software og bevismedier, blev afholdt om eftermiddagen i det nye <a href=\"https:\/\/blog.proofs.de\/da\/lexikon\/cielab\/\" target=\"_self\" title=\"CIELAB-farvemodellen blev defineret i 1976 af Commission Internationale de l&#039;Eclairage og beskriver alle opfattelige farver. Det er en videreudvikling af Hunter-LAB-farveskalaen fra 1966 og en matematisk farvemodel, hvor et objekts spektrale egenskaber og vores visuelle systems perceptuelle egenskaber opvejes mod hinanden. CIELAB, eller kort sagt LAB, bruges stadig i vid udstr\u00e6kning i dag...\" class=\"encyclopedia\">CIELAB<\/a> &nbsp;<a href=\"https:\/\/blog.proofs.de\/da\/lexikon\/hlc\/\" target=\"_self\" title=\"HLC er en velforst\u00e5elig repr\u00e6sentation af CIELAB-farverummet. Den lodrette L-akse er identisk her. Den horisontale position af en farveposition bestemmes af vinklen H i forhold til den positive a-akse (mod uret og i grader) og radius C, dvs. afstanden til L-aksen.\" class=\"encyclopedia\">HLC<\/a> farveatlas for at afslutte dagen med tarte flamb\u00e9e og vin hos Matthias Betz.<\/p>\n<p>Generalforsamlingen fulgte l\u00f8rdag hos Proof GmbH p\u00e5 Lorettoplatz, hvor der blev gjort status over det forgangne \u00e5r og dr\u00f8ftet det kommende \u00e5r. Med CIE<a href=\"https:\/\/blog.proofs.de\/da\/lexikon\/lab\/\" target=\"_self\" title=\"CIELAB eller LAB er en matematisk farvemodel, der er blevet etableret overalt, hvor der kr\u00e6ves en n\u00f8jagtig farveberegning. Computerfarvestyring fungerer normalt via CIELAB.\" class=\"encyclopedia\">LAB<\/a> HLC Colour Atlas og DIN SPEC 16699 Open Colour Communication er der opn\u00e5et meget, men mange id\u00e9er skal evalueres, v\u00e6gtes, finansieres og arbejdes videre med.<\/p>\n<p>Til stede var: Fra Tyskland deltog Matthias Betz fra Proof GmbH som \u00e5rets v\u00e6rt, Jan-Peter Homann fra Homann Colormanagement i Berlin, Holger Everding fra DTP Studio i Oldenburg og fra Schweiz Peter J\u00e4ger fra pre2media i Hombrechtikon, Eric A. Soder fra pixsource i Uster og Matteo Baschera fra galledia i Z\u00fcrich.<a href=\"https:\/\/blog.proofs.de\/da\/lexikon\/led\/\" target=\"_self\" title='En LED er en &quot;light-emitting diode&quot; og st\u00e5r i den grafiske branche for det nye &quot;LED&quot;-lys, som har erstattet \u00e6ldre lyskilder som neonr\u00f8r og wolframlamper. Neonr\u00f8r er hovedsageligt kendt fra D50- eller D65-standardlysomr\u00e5det, mens wolframlyskilder hovedsageligt blev brugt i farvem\u00e5lingsenheder som spektrofotometre og farvem\u00e5lere....' class=\"encyclopedia\">led<\/a>ia fra Z\u00fcrich.&nbsp;<!--more--><\/p>\n<p>Foreningens bestyrelse blev genvalgt: Holger Everding som formand, Peter J\u00e4ger som n\u00e6stformand og Jan-Peter Homann som kasserer blev bekr\u00e6ftet i deres hverv.<\/p>\n<p>Sidst p\u00e5 eftermiddagen blev Neckar sejlet med \u00e6gtef\u00e6ller og b\u00f8rn i det protestantiske klosters traditionelle pram, inden aftenen sluttede med schwabisk k\u00f8kken, vin, cocktails, is og en rundtur i T\u00fcbingens gamle bydel om natten.<\/p>\n<figure id=\"attachment_2158\" aria-describedby=\"caption-attachment-2158\" style=\"width: 215px\" class=\"wp-caption alignright\"><a href=\"https:\/\/blog1.proofen.de\/wp-content\/uploads\/2018\/10\/freieFarbe_Mitgliederversammlung_Tuebingen_2018-e1539040905961.jpeg\"><img loading=\"lazy\" decoding=\"async\" class=\"size-medium wp-image-2158\" src=\"https:\/\/blog1.proofen.de\/wp-content\/uploads\/2018\/10\/freieFarbe_Mitgliederversammlung_Tuebingen_2018-e1539040905961-225x300.jpeg\" alt=\"\" width=\"225\" height=\"300\" srcset=\"https:\/\/blog.proofs.de\/wp-content\/uploads\/2018\/10\/freieFarbe_Mitgliederversammlung_Tuebingen_2018-e1539040905961-225x300.jpeg 225w, https:\/\/blog.proofs.de\/wp-content\/uploads\/2018\/10\/freieFarbe_Mitgliederversammlung_Tuebingen_2018-e1539040905961-768x1024.jpeg 768w, https:\/\/blog.proofs.de\/wp-content\/uploads\/2018\/10\/freieFarbe_Mitgliederversammlung_Tuebingen_2018-e1539040905961.jpeg 1512w\" sizes=\"auto, (max-width: 225px) 100vw, 225px\"><\/a><figcaption id=\"caption-attachment-2158\" class=\"wp-caption-text\">Bes\u00f8g p\u00e5 hyperrealisme-udstillingen \"almost alive\" p\u00e5 Kunsthalle T\u00fcbingen. Foto: Peter J\u00e4ger<\/figcaption><\/figure>\n<p>S\u00f8ndag samledes alle til en f\u00e6lles morgenmad i Kunsthalle T\u00fcbingens caf\u00e9, efterfulgt af et bes\u00f8g p\u00e5 hyperrealismeudstillingen \"almost alive\". Efter en gr\u00e6skarsuppe midt p\u00e5 dagen p\u00e5 Haus Betz' terrasse gik turen tilbage i bil og fly.<\/p>\n<p><a href=\"http:\/\/www.freiefarbe.de\/wp-content\/uploads\/2017\/03\/mg-formular.zip\">Alle, der har lyst til at st\u00f8tte FreieFarbe e.V. og blive medlem, er hjerteligt velkomne.<\/a> Foreningen nyder ikke kun godt af det direkte engagement fra den ekstremt aktive foreningsledelse, men ogs\u00e5 af medlemskontingenter, ideer og forslag fra en bred base af st\u00f8tter.<\/p>\n<p>N\u00e6ste dato: Pr\u00e6sentationen af vores nye CIELAB HLC Colour Atlas XL og DIN SPEC 16699 p\u00e5 den \u00e5rlige konference for \"Deutsche farbwissenschaftliche Gesellschaft e.V.\" p\u00e5 Hohenstein Laboratories i B\u00f6nnigheim den 10. oktober 2018.<\/p>\n<p>&nbsp;<\/p>","protected":false},"excerpt":{"rendered":"<p>Den sidste weekend i september fandt medlemsm\u00f8det i foreningen freieFarbe e.V. sted i T\u00fcbingen. Fra fredag til s\u00f8ndag blev der arbejdet, diskuteret, konceptualiseret og, som man kan se p\u00e5 billedet, \u201erodet rundt\u201c i og med nye produkter og ideer ved Neckar i det bedste vejr. Efter et m\u00f8de med farvestyringsspecialisterne fra GMG om fredagen, som st\u00f8tter foreningen med software og pr\u00f8vetryk, fortsatte arbejdet med det nye CIELAB HLC-farveatlas om eftermiddagen, inden dagen sluttede med tarte flamb\u00e9e og vin hjemme hos Matthias Betz. Dette blev fulgt op l\u00f8rdag ... <\/p>\n<p class=\"read-more-container\"><a title=\"freieFarbe e.V. - Gennemgang af generalforsamlingen og preview\" class=\"read-more button\" href=\"https:\/\/blog.proofs.de\/da\/freiefarbe-e-v-rueckblick-mitgliederversammlung-und-vorschau\/#more-2156\" aria-label=\"L\u00e6s mere om freieFarbe e.V. - Review generalforsamling og preview\">L\u00e6s mere her<\/a><\/p>","protected":false},"author":2,"featured_media":2158,"comment_status":"open","ping_status":"open","sticky":false,"template":"","format":"standard","meta":{"om_disable_all_campaigns":false,"inline_featured_image":false,"_monsterinsights_skip_tracking":false,"footnotes":""},"categories":[1,120],"tags":[679,680,732,803,539,1037],"class_list":["post-2156","post","type-post","status-publish","format-standard","has-post-thumbnail","hentry","category-allgemein","category-kategorie-proof-gmbh","tag-freiefarbe","tag-freiefarbe-e-v","tag-matthias-betz","tag-mitgliederversammlung","tag-proof-gmbh","tag-tuebingen","generate-columns","tablet-grid-50","mobile-grid-100","grid-parent","grid-50","no-featured-image-padding","resize-featured-image"],"aioseo_notices":[],"aioseo_head":"\n\t\t<!-- All in One SEO 5.0.1.1 - aioseo.com -->\n\t<meta name=\"description\" content=\"Von Freitag bis Sonntag wurde gearbeitet, diskutiert, konzipiert und bei bestem Wetter auf dem Neckar in und mit neuen Produkten und Ideen &quot;gestochert&quot;.\" \/>\n\t<meta name=\"robots\" content=\"max-image-preview:large\" \/>\n\t<meta name=\"author\" content=\"Matthias Betz\"\/>\n\t<meta name=\"google-site-verification\" content=\"TuXxyRwxcEg2-WfOaQ8vScWQh3-uBAnxXmY7g3GT90A\" \/>\n\t<meta name=\"keywords\" content=\"freiefarbe,freiefarbe e.v.,mitgliederversammlung,proof gmbh,matthias betz,t\u00fcbingen,freiefarbe,freiefarbe e.v.,matthias betz,mitgliederversammlung,proof gmbh,t\u00fcbingen\" \/>\n\t<link rel=\"canonical\" href=\"https:\/\/blog.proofs.de\/da\/freiefarbe-e-v-rueckblick-mitgliederversammlung-und-vorschau\/\" \/>\n\t<meta name=\"generator\" content=\"All in One SEO (AIOSEO) 5.0.1.1\" \/>\n\n\t\t<meta name=\"seobility\" content=\"593a8578143db71543f014978c690d47\">\n\t\t<meta property=\"og:locale\" content=\"da_DK\" \/>\n\t\t<meta property=\"og:site_name\" content=\"Proof.de | Alles zu Proof, Farbmanagement, Grafik, Messtechnik &amp; Co.\" \/>\n\t\t<meta property=\"og:type\" content=\"article\" \/>\n\t\t<meta property=\"og:title\" content=\"freieFarbe e.V. R\u00fcckblick Mitgliederversammlung | proof.de\" \/>\n\t\t<meta property=\"og:description\" content=\"Von Freitag bis Sonntag wurde gearbeitet, diskutiert, konzipiert und bei bestem Wetter auf dem Neckar in und mit neuen Produkten und Ideen &quot;gestochert&quot;.\" \/>\n\t\t<meta property=\"og:url\" content=\"https:\/\/blog.proofs.de\/da\/freiefarbe-e-v-rueckblick-mitgliederversammlung-und-vorschau\/\" \/>\n\t\t<meta property=\"og:image\" content=\"https:\/\/blog.proofs.de\/wp-content\/uploads\/2018\/10\/freieFarbe_Mitgliederversammlung_Tuebingen_2018-e1539040905961.jpeg\" \/>\n\t\t<meta property=\"og:image:secure_url\" content=\"https:\/\/blog.proofs.de\/wp-content\/uploads\/2018\/10\/freieFarbe_Mitgliederversammlung_Tuebingen_2018-e1539040905961.jpeg\" \/>\n\t\t<meta property=\"og:image:width\" content=\"1512\" \/>\n\t\t<meta property=\"og:image:height\" content=\"2016\" \/>\n\t\t<meta property=\"article:published_time\" content=\"2018-10-05T23:33:42+00:00\" \/>\n\t\t<meta property=\"article:modified_time\" content=\"2020-05-08T00:16:41+00:00\" \/>\n\t\t<meta property=\"article:publisher\" content=\"https:\/\/www.facebook.com\/Proof.de\/\" \/>\n\t\t<meta name=\"twitter:card\" content=\"summary\" \/>\n\t\t<meta name=\"twitter:title\" content=\"freieFarbe e.V. R\u00fcckblick Mitgliederversammlung | proof.de\" \/>\n\t\t<meta name=\"twitter:description\" content=\"Von Freitag bis Sonntag wurde gearbeitet, diskutiert, konzipiert und bei bestem Wetter auf dem Neckar in und mit neuen Produkten und Ideen &quot;gestochert&quot;.\" \/>\n\t\t<meta name=\"twitter:image\" content=\"https:\/\/blog1.proofen.de\/wp-content\/uploads\/2020\/04\/proof_background.jpg\" \/>\n\t\t<script type=\"application\/ld+json\" class=\"aioseo-schema\">\n\t\t\t{\"@context\":\"https:\\\/\\\/schema.org\",\"@graph\":[{\"@type\":\"Article\",\"@id\":\"https:\\\/\\\/blog.proofs.de\\\/da\\\/freiefarbe-e-v-rueckblick-mitgliederversammlung-und-vorschau\\\/#article\",\"name\":\"freieFarbe e.V. R\\u00fcckblick Mitgliederversammlung | proof.de\",\"headline\":\"freieFarbe e.V. &#8211; R\\u00fcckblick Mitgliederversammlung und Vorschau\",\"author\":{\"@id\":\"https:\\\/\\\/blog.proofs.de\\\/da\\\/author\\\/mbetz\\\/#author\"},\"publisher\":{\"@id\":\"https:\\\/\\\/blog.proofs.de\\\/da\\\/#organization\"},\"image\":{\"@type\":\"ImageObject\",\"url\":\"https:\\\/\\\/blog.proofs.de\\\/wp-content\\\/uploads\\\/2018\\\/10\\\/freieFarbe_Mitgliederversammlung_Tuebingen_2018-e1539040905961.jpeg\",\"width\":1512,\"height\":2016,\"caption\":\"Besuch der Hyperrealismus Ausstellung \\\"almost alive\\\" in der Kunsthalle T\\u00fcbingen\"},\"datePublished\":\"2018-10-06T01:33:42+02:00\",\"dateModified\":\"2020-05-08T02:16:41+02:00\",\"inLanguage\":\"da-DK\",\"mainEntityOfPage\":{\"@id\":\"https:\\\/\\\/blog.proofs.de\\\/da\\\/freiefarbe-e-v-rueckblick-mitgliederversammlung-und-vorschau\\\/#webpage\"},\"isPartOf\":{\"@id\":\"https:\\\/\\\/blog.proofs.de\\\/da\\\/freiefarbe-e-v-rueckblick-mitgliederversammlung-und-vorschau\\\/#webpage\"},\"articleSection\":\"Allgemein, Proof GmbH, freieFarbe, freieFarbe e.V., Matthias Betz, Mitgliederversammlung, Proof GmbH, T\\u00fcbingen\"},{\"@type\":\"BreadcrumbList\",\"@id\":\"https:\\\/\\\/blog.proofs.de\\\/da\\\/freiefarbe-e-v-rueckblick-mitgliederversammlung-und-vorschau\\\/#breadcrumblist\",\"itemListElement\":[{\"@type\":\"ListItem\",\"@id\":\"https:\\\/\\\/blog.proofs.de\\\/da#listItem\",\"position\":1,\"name\":\"Home\",\"item\":\"https:\\\/\\\/blog.proofs.de\\\/da\",\"nextItem\":{\"@type\":\"ListItem\",\"@id\":\"https:\\\/\\\/blog.proofs.de\\\/da\\\/thema\\\/proof-wissen\\\/#listItem\",\"name\":\"Proof Wissen\"}},{\"@type\":\"ListItem\",\"@id\":\"https:\\\/\\\/blog.proofs.de\\\/da\\\/thema\\\/proof-wissen\\\/#listItem\",\"position\":2,\"name\":\"Proof Wissen\",\"item\":\"https:\\\/\\\/blog.proofs.de\\\/da\\\/thema\\\/proof-wissen\\\/\",\"nextItem\":{\"@type\":\"ListItem\",\"@id\":\"https:\\\/\\\/blog.proofs.de\\\/da\\\/thema\\\/proof-wissen\\\/kategorie-proof-gmbh\\\/#listItem\",\"name\":\"Proof GmbH\"},\"previousItem\":{\"@type\":\"ListItem\",\"@id\":\"https:\\\/\\\/blog.proofs.de\\\/da#listItem\",\"name\":\"Home\"}},{\"@type\":\"ListItem\",\"@id\":\"https:\\\/\\\/blog.proofs.de\\\/da\\\/thema\\\/proof-wissen\\\/kategorie-proof-gmbh\\\/#listItem\",\"position\":3,\"name\":\"Proof GmbH\",\"item\":\"https:\\\/\\\/blog.proofs.de\\\/da\\\/thema\\\/proof-wissen\\\/kategorie-proof-gmbh\\\/\",\"nextItem\":{\"@type\":\"ListItem\",\"@id\":\"https:\\\/\\\/blog.proofs.de\\\/da\\\/freiefarbe-e-v-rueckblick-mitgliederversammlung-und-vorschau\\\/#listItem\",\"name\":\"freieFarbe e.V. &#8211; R\\u00fcckblick Mitgliederversammlung und Vorschau\"},\"previousItem\":{\"@type\":\"ListItem\",\"@id\":\"https:\\\/\\\/blog.proofs.de\\\/da\\\/thema\\\/proof-wissen\\\/#listItem\",\"name\":\"Proof Wissen\"}},{\"@type\":\"ListItem\",\"@id\":\"https:\\\/\\\/blog.proofs.de\\\/da\\\/freiefarbe-e-v-rueckblick-mitgliederversammlung-und-vorschau\\\/#listItem\",\"position\":4,\"name\":\"freieFarbe e.V. &#8211; R\\u00fcckblick Mitgliederversammlung und Vorschau\",\"previousItem\":{\"@type\":\"ListItem\",\"@id\":\"https:\\\/\\\/blog.proofs.de\\\/da\\\/thema\\\/proof-wissen\\\/kategorie-proof-gmbh\\\/#listItem\",\"name\":\"Proof GmbH\"}}]},{\"@type\":\"Organization\",\"@id\":\"https:\\\/\\\/blog.proofs.de\\\/da\\\/#organization\",\"name\":\"Proof GmbH\",\"description\":\"Farbverbindlicher Proof, Farbproof, Digitalproof und Online-Proof.\",\"url\":\"https:\\\/\\\/blog.proofs.de\\\/da\\\/\",\"telephone\":\"+4970717952740\",\"logo\":{\"@type\":\"ImageObject\",\"url\":\"https:\\\/\\\/blog1.proofen.de\\\/wp-content\\\/uploads\\\/2019\\\/09\\\/logo_proof_rgb_mit_balken_250px.png\",\"@id\":\"https:\\\/\\\/blog.proofs.de\\\/da\\\/freiefarbe-e-v-rueckblick-mitgliederversammlung-und-vorschau\\\/#organizationLogo\"},\"image\":{\"@id\":\"https:\\\/\\\/blog.proofs.de\\\/da\\\/freiefarbe-e-v-rueckblick-mitgliederversammlung-und-vorschau\\\/#organizationLogo\"},\"sameAs\":[\"https:\\\/\\\/www.facebook.com\\\/Proof.de\\\/\",\"https:\\\/\\\/www.instagram.com\\\/proof.de\\\/\",\"https:\\\/\\\/www.tiktok.com\\\/@proof_de\",\"https:\\\/\\\/www.youtube.com\\\/channel\\\/UCk80fQVQ25wC9wu3SywB-Nw\",\"https:\\\/\\\/www.linkedin.com\\\/company\\\/proof-de\"]},{\"@type\":\"Person\",\"@id\":\"https:\\\/\\\/blog.proofs.de\\\/da\\\/author\\\/mbetz\\\/#author\",\"url\":\"https:\\\/\\\/blog.proofs.de\\\/da\\\/author\\\/mbetz\\\/\",\"name\":\"Matthias Betz\",\"image\":{\"@type\":\"ImageObject\",\"@id\":\"https:\\\/\\\/blog.proofs.de\\\/da\\\/freiefarbe-e-v-rueckblick-mitgliederversammlung-und-vorschau\\\/#authorImage\",\"url\":\"https:\\\/\\\/blog.proofs.de\\\/wp-content\\\/uploads\\\/2020\\\/10\\\/matthias-betz-e1603934518350-150x150.png\",\"width\":96,\"height\":96,\"caption\":\"Matthias Betz\"}},{\"@type\":\"WebPage\",\"@id\":\"https:\\\/\\\/blog.proofs.de\\\/da\\\/freiefarbe-e-v-rueckblick-mitgliederversammlung-und-vorschau\\\/#webpage\",\"url\":\"https:\\\/\\\/blog.proofs.de\\\/da\\\/freiefarbe-e-v-rueckblick-mitgliederversammlung-und-vorschau\\\/\",\"name\":\"freieFarbe e.V. R\\u00fcckblick Mitgliederversammlung | proof.de\",\"description\":\"Von Freitag bis Sonntag wurde gearbeitet, diskutiert, konzipiert und bei bestem Wetter auf dem Neckar in und mit neuen Produkten und Ideen \\\"gestochert\\\".\",\"inLanguage\":\"da-DK\",\"isPartOf\":{\"@id\":\"https:\\\/\\\/blog.proofs.de\\\/da\\\/#website\"},\"breadcrumb\":{\"@id\":\"https:\\\/\\\/blog.proofs.de\\\/da\\\/freiefarbe-e-v-rueckblick-mitgliederversammlung-und-vorschau\\\/#breadcrumblist\"},\"author\":{\"@id\":\"https:\\\/\\\/blog.proofs.de\\\/da\\\/author\\\/mbetz\\\/#author\"},\"creator\":{\"@id\":\"https:\\\/\\\/blog.proofs.de\\\/da\\\/author\\\/mbetz\\\/#author\"},\"image\":{\"@type\":\"ImageObject\",\"url\":\"https:\\\/\\\/blog.proofs.de\\\/wp-content\\\/uploads\\\/2018\\\/10\\\/freieFarbe_Mitgliederversammlung_Tuebingen_2018-e1539040905961.jpeg\",\"@id\":\"https:\\\/\\\/blog.proofs.de\\\/da\\\/freiefarbe-e-v-rueckblick-mitgliederversammlung-und-vorschau\\\/#mainImage\",\"width\":1512,\"height\":2016,\"caption\":\"Besuch der Hyperrealismus Ausstellung \\\"almost alive\\\" in der Kunsthalle T\\u00fcbingen\"},\"primaryImageOfPage\":{\"@id\":\"https:\\\/\\\/blog.proofs.de\\\/da\\\/freiefarbe-e-v-rueckblick-mitgliederversammlung-und-vorschau\\\/#mainImage\"},\"datePublished\":\"2018-10-06T01:33:42+02:00\",\"dateModified\":\"2020-05-08T02:16:41+02:00\"},{\"@type\":\"WebSite\",\"@id\":\"https:\\\/\\\/blog.proofs.de\\\/da\\\/#website\",\"url\":\"https:\\\/\\\/blog.proofs.de\\\/da\\\/\",\"name\":\"Proof.de\",\"description\":\"Farbverbindlicher Proof, Farbproof, Digitalproof und Online-Proof.\",\"inLanguage\":\"da-DK\",\"publisher\":{\"@id\":\"https:\\\/\\\/blog.proofs.de\\\/da\\\/#organization\"}}]}\n\t\t<\/script>\n\t\t<!-- All in One SEO -->\n\n","aioseo_head_json":{"title":"freieFarbe e.V. Gennemgang af generalforsamling | proof.de","description":"Fra fredag til s\u00f8ndag blev der arbejdet, diskuteret, udt\u00e6nkt koncepter, og i det bedste vejr blev nye produkter og ideer \"stukket\" ud p\u00e5 Neckar.","canonical_url":"https:\/\/blog.proofs.de\/da\/freiefarbe-e-v-rueckblick-mitgliederversammlung-und-vorschau\/","robots":"max-image-preview:large","keywords":"freiefarbe,freiefarbe e.v.,mitgliederversammlung,proof gmbh,matthias betz,t\u00fcbingen,freiefarbe,freiefarbe e.v.,matthias betz,mitgliederversammlung,proof gmbh,t\u00fcbingen","webmasterTools":{"google-site-verification":"TuXxyRwxcEg2-WfOaQ8vScWQh3-uBAnxXmY7g3GT90A","miscellaneous":"&lt;meta name=\"seobility\" content=\"593a8578143db71543f014978c690d47\"&gt;"},"schema":{"@context":"https:\/\/schema.org","@graph":[{"@type":"Article","@id":"https:\/\/blog.proofs.de\/da\/freiefarbe-e-v-rueckblick-mitgliederversammlung-und-vorschau\/#article","name":"freieFarbe e.V. R\u00fcckblick Mitgliederversammlung | proof.de","headline":"freieFarbe e.V. &#8211; R\u00fcckblick Mitgliederversammlung und Vorschau","author":{"@id":"https:\/\/blog.proofs.de\/da\/author\/mbetz\/#author"},"publisher":{"@id":"https:\/\/blog.proofs.de\/da\/#organization"},"image":{"@type":"ImageObject","url":"https:\/\/blog.proofs.de\/wp-content\/uploads\/2018\/10\/freieFarbe_Mitgliederversammlung_Tuebingen_2018-e1539040905961.jpeg","width":1512,"height":2016,"caption":"Besuch der Hyperrealismus Ausstellung \"almost alive\" in der Kunsthalle T\u00fcbingen"},"datePublished":"2018-10-06T01:33:42+02:00","dateModified":"2020-05-08T02:16:41+02:00","inLanguage":"da-DK","mainEntityOfPage":{"@id":"https:\/\/blog.proofs.de\/da\/freiefarbe-e-v-rueckblick-mitgliederversammlung-und-vorschau\/#webpage"},"isPartOf":{"@id":"https:\/\/blog.proofs.de\/da\/freiefarbe-e-v-rueckblick-mitgliederversammlung-und-vorschau\/#webpage"},"articleSection":"Allgemein, Proof GmbH, freieFarbe, freieFarbe e.V., Matthias Betz, Mitgliederversammlung, Proof GmbH, T\u00fcbingen"},{"@type":"BreadcrumbList","@id":"https:\/\/blog.proofs.de\/da\/freiefarbe-e-v-rueckblick-mitgliederversammlung-und-vorschau\/#breadcrumblist","itemListElement":[{"@type":"ListItem","@id":"https:\/\/blog.proofs.de\/da#listItem","position":1,"name":"Home","item":"https:\/\/blog.proofs.de\/da","nextItem":{"@type":"ListItem","@id":"https:\/\/blog.proofs.de\/da\/thema\/proof-wissen\/#listItem","name":"Proof Wissen"}},{"@type":"ListItem","@id":"https:\/\/blog.proofs.de\/da\/thema\/proof-wissen\/#listItem","position":2,"name":"Proof Wissen","item":"https:\/\/blog.proofs.de\/da\/thema\/proof-wissen\/","nextItem":{"@type":"ListItem","@id":"https:\/\/blog.proofs.de\/da\/thema\/proof-wissen\/kategorie-proof-gmbh\/#listItem","name":"Proof GmbH"},"previousItem":{"@type":"ListItem","@id":"https:\/\/blog.proofs.de\/da#listItem","name":"Home"}},{"@type":"ListItem","@id":"https:\/\/blog.proofs.de\/da\/thema\/proof-wissen\/kategorie-proof-gmbh\/#listItem","position":3,"name":"Proof GmbH","item":"https:\/\/blog.proofs.de\/da\/thema\/proof-wissen\/kategorie-proof-gmbh\/","nextItem":{"@type":"ListItem","@id":"https:\/\/blog.proofs.de\/da\/freiefarbe-e-v-rueckblick-mitgliederversammlung-und-vorschau\/#listItem","name":"freieFarbe e.V. &#8211; R\u00fcckblick Mitgliederversammlung und Vorschau"},"previousItem":{"@type":"ListItem","@id":"https:\/\/blog.proofs.de\/da\/thema\/proof-wissen\/#listItem","name":"Proof Wissen"}},{"@type":"ListItem","@id":"https:\/\/blog.proofs.de\/da\/freiefarbe-e-v-rueckblick-mitgliederversammlung-und-vorschau\/#listItem","position":4,"name":"freieFarbe e.V. &#8211; R\u00fcckblick Mitgliederversammlung und Vorschau","previousItem":{"@type":"ListItem","@id":"https:\/\/blog.proofs.de\/da\/thema\/proof-wissen\/kategorie-proof-gmbh\/#listItem","name":"Proof GmbH"}}]},{"@type":"Organization","@id":"https:\/\/blog.proofs.de\/da\/#organization","name":"Proof GmbH","description":"Farbverbindlicher Proof, Farbproof, Digitalproof und Online-Proof.","url":"https:\/\/blog.proofs.de\/da\/","telephone":"+4970717952740","logo":{"@type":"ImageObject","url":"https:\/\/blog1.proofen.de\/wp-content\/uploads\/2019\/09\/logo_proof_rgb_mit_balken_250px.png","@id":"https:\/\/blog.proofs.de\/da\/freiefarbe-e-v-rueckblick-mitgliederversammlung-und-vorschau\/#organizationLogo"},"image":{"@id":"https:\/\/blog.proofs.de\/da\/freiefarbe-e-v-rueckblick-mitgliederversammlung-und-vorschau\/#organizationLogo"},"sameAs":["https:\/\/www.facebook.com\/Proof.de\/","https:\/\/www.instagram.com\/proof.de\/","https:\/\/www.tiktok.com\/@proof_de","https:\/\/www.youtube.com\/channel\/UCk80fQVQ25wC9wu3SywB-Nw","https:\/\/www.linkedin.com\/company\/proof-de"]},{"@type":"Person","@id":"https:\/\/blog.proofs.de\/da\/author\/mbetz\/#author","url":"https:\/\/blog.proofs.de\/da\/author\/mbetz\/","name":"Matthias Betz","image":{"@type":"ImageObject","@id":"https:\/\/blog.proofs.de\/da\/freiefarbe-e-v-rueckblick-mitgliederversammlung-und-vorschau\/#authorImage","url":"https:\/\/blog.proofs.de\/wp-content\/uploads\/2020\/10\/matthias-betz-e1603934518350-150x150.png","width":96,"height":96,"caption":"Matthias Betz"}},{"@type":"WebPage","@id":"https:\/\/blog.proofs.de\/da\/freiefarbe-e-v-rueckblick-mitgliederversammlung-und-vorschau\/#webpage","url":"https:\/\/blog.proofs.de\/da\/freiefarbe-e-v-rueckblick-mitgliederversammlung-und-vorschau\/","name":"freieFarbe e.V. R\u00fcckblick Mitgliederversammlung | proof.de","description":"Von Freitag bis Sonntag wurde gearbeitet, diskutiert, konzipiert und bei bestem Wetter auf dem Neckar in und mit neuen Produkten und Ideen \"gestochert\".","inLanguage":"da-DK","isPartOf":{"@id":"https:\/\/blog.proofs.de\/da\/#website"},"breadcrumb":{"@id":"https:\/\/blog.proofs.de\/da\/freiefarbe-e-v-rueckblick-mitgliederversammlung-und-vorschau\/#breadcrumblist"},"author":{"@id":"https:\/\/blog.proofs.de\/da\/author\/mbetz\/#author"},"creator":{"@id":"https:\/\/blog.proofs.de\/da\/author\/mbetz\/#author"},"image":{"@type":"ImageObject","url":"https:\/\/blog.proofs.de\/wp-content\/uploads\/2018\/10\/freieFarbe_Mitgliederversammlung_Tuebingen_2018-e1539040905961.jpeg","@id":"https:\/\/blog.proofs.de\/da\/freiefarbe-e-v-rueckblick-mitgliederversammlung-und-vorschau\/#mainImage","width":1512,"height":2016,"caption":"Besuch der Hyperrealismus Ausstellung \"almost alive\" in der Kunsthalle T\u00fcbingen"},"primaryImageOfPage":{"@id":"https:\/\/blog.proofs.de\/da\/freiefarbe-e-v-rueckblick-mitgliederversammlung-und-vorschau\/#mainImage"},"datePublished":"2018-10-06T01:33:42+02:00","dateModified":"2020-05-08T02:16:41+02:00"},{"@type":"WebSite","@id":"https:\/\/blog.proofs.de\/da\/#website","url":"https:\/\/blog.proofs.de\/da\/","name":"Proof.de","description":"Farbverbindlicher Proof, Farbproof, Digitalproof und Online-Proof.","inLanguage":"da-DK","publisher":{"@id":"https:\/\/blog.proofs.de\/da\/#organization"}}]},"og:locale":"da_DK","og:site_name":"Proof.de | Alles zu Proof, Farbmanagement, Grafik, Messtechnik &amp; Co.","og:type":"article","og:title":"freieFarbe e.V. R\u00fcckblick Mitgliederversammlung | proof.de","og:description":"Von Freitag bis Sonntag wurde gearbeitet, diskutiert, konzipiert und bei bestem Wetter auf dem Neckar in und mit neuen Produkten und Ideen &quot;gestochert&quot;.","og:url":"https:\/\/blog.proofs.de\/da\/freiefarbe-e-v-rueckblick-mitgliederversammlung-und-vorschau\/","og:image":"https:\/\/blog.proofs.de\/wp-content\/uploads\/2018\/10\/freieFarbe_Mitgliederversammlung_Tuebingen_2018-e1539040905961.jpeg","og:image:secure_url":"https:\/\/blog.proofs.de\/wp-content\/uploads\/2018\/10\/freieFarbe_Mitgliederversammlung_Tuebingen_2018-e1539040905961.jpeg","og:image:width":1512,"og:image:height":2016,"article:published_time":"2018-10-05T23:33:42+00:00","article:modified_time":"2020-05-08T00:16:41+00:00","article:publisher":"https:\/\/www.facebook.com\/Proof.de\/","twitter:card":"summary","twitter:title":"freieFarbe e.V. R\u00fcckblick Mitgliederversammlung | proof.de","twitter:description":"Von Freitag bis Sonntag wurde gearbeitet, diskutiert, konzipiert und bei bestem Wetter auf dem Neckar in und mit neuen Produkten und Ideen &quot;gestochert&quot;.","twitter:image":"https:\/\/blog1.proofen.de\/wp-content\/uploads\/2020\/04\/proof_background.jpg"},"aioseo_meta_data":{"post_id":"2156","title":"freieFarbe e.V. R\u00fcckblick Mitgliederversammlung |\u00a0proof.de","description":"Von Freitag bis Sonntag wurde gearbeitet, diskutiert, konzipiert und bei bestem Wetter auf dem Neckar in und mit neuen Produkten und Ideen &quot;gestochert&quot;.","keywords":[{"label":"freieFarbe,freieFarbe e.V.,Mitgliederversammlung,Proof GmbH,Matthias Betz,T\u00fcbingen","value":"freieFarbe,freieFarbe e.V.,Mitgliederversammlung,Proof GmbH,Matthias Betz,T\u00fcbingen"}],"keyphrases":null,"primary_term":null,"canonical_url":null,"og_title":null,"og_description":null,"og_object_type":"default","og_image_type":"default","og_image_url":null,"og_image_width":null,"og_image_height":null,"og_image_custom_url":null,"og_image_custom_fields":null,"og_video":null,"og_custom_url":null,"og_article_section":null,"og_article_tags":null,"twitter_use_og":false,"twitter_card":"default","twitter_image_type":"default","twitter_image_url":null,"twitter_image_custom_url":null,"twitter_image_custom_fields":null,"twitter_title":null,"twitter_description":null,"schema":{"blockGraphs":[],"customGraphs":[],"default":{"data":{"Article":[],"Course":[],"Dataset":[],"FAQPage":[],"Movie":[],"Person":[],"Product":[],"ProductReview":[],"Car":[],"Recipe":[],"Service":[],"SoftwareApplication":[],"WebPage":[]},"graphName":"","isEnabled":true},"graphs":[],"defaultGraph":"","defaultPostTypeGraph":""},"schema_type":null,"schema_type_options":null,"pillar_content":false,"robots_default":true,"robots_noindex":false,"robots_noarchive":false,"robots_nosnippet":false,"robots_nofollow":false,"robots_noimageindex":false,"robots_noodp":false,"robots_notranslate":false,"robots_max_snippet":null,"robots_max_videopreview":null,"robots_max_imagepreview":"large","priority":null,"frequency":null,"local_seo":null,"breadcrumb_settings":null,"limit_modified_date":false,"ai":null,"created":"2020-12-21 00:33:58","updated":"2025-06-04 14:23:05","seo_analyzer_scan_date":null,"focus_keyword":null,"additional_keywords":null,"truseo_locale":null},"_links":{"self":[{"href":"https:\/\/blog.proofs.de\/da\/wp-json\/wp\/v2\/posts\/2156","targetHints":{"allow":["GET"]}}],"collection":[{"href":"https:\/\/blog.proofs.de\/da\/wp-json\/wp\/v2\/posts"}],"about":[{"href":"https:\/\/blog.proofs.de\/da\/wp-json\/wp\/v2\/types\/post"}],"author":[{"embeddable":true,"href":"https:\/\/blog.proofs.de\/da\/wp-json\/wp\/v2\/users\/2"}],"replies":[{"embeddable":true,"href":"https:\/\/blog.proofs.de\/da\/wp-json\/wp\/v2\/comments?post=2156"}],"version-history":[{"count":6,"href":"https:\/\/blog.proofs.de\/da\/wp-json\/wp\/v2\/posts\/2156\/revisions"}],"predecessor-version":[{"id":3325,"href":"https:\/\/blog.proofs.de\/da\/wp-json\/wp\/v2\/posts\/2156\/revisions\/3325"}],"wp:featuredmedia":[{"embeddable":true,"href":"https:\/\/blog.proofs.de\/da\/wp-json\/wp\/v2\/media\/2158"}],"wp:attachment":[{"href":"https:\/\/blog.proofs.de\/da\/wp-json\/wp\/v2\/media?parent=2156"}],"wp:term":[{"taxonomy":"category","embeddable":true,"href":"https:\/\/blog.proofs.de\/da\/wp-json\/wp\/v2\/categories?post=2156"},{"taxonomy":"post_tag","embeddable":true,"href":"https:\/\/blog.proofs.de\/da\/wp-json\/wp\/v2\/tags?post=2156"}],"curies":[{"name":"wp","href":"https:\/\/api.w.org\/{rel}","templated":true}]}}