{"id":354,"date":"2012-12-08T02:55:53","date_gmt":"2012-12-08T01:55:53","guid":{"rendered":"http:\/\/www.proof.de\/?p=354"},"modified":"2025-04-08T16:19:36","modified_gmt":"2025-04-08T14:19:36","slug":"beviset-er-meget-morkere-end-billedet-pa-min-skaerm-hvorfor","status":"publish","type":"post","link":"https:\/\/blog.proofs.de\/da\/der-proof-ist-viel-dunkler-als-das-bild-auf-meinem-monitor-warum\/","title":{"rendered":"Pr\u00f8vetrykket er meget m\u00f8rkere end billedet p\u00e5 min sk\u00e6rm. Hvorfor?"},"content":{"rendered":"<div class=\"kk-star-ratings kksr-auto kksr-align-right kksr-valign-top\" data-payload='{\"align\":\"right\",\"id\":\"354\",\"slug\":\"default\",\"valign\":\"top\",\"ignore\":\"\",\"reference\":\"auto\",\"class\":\"\",\"count\":\"0\",\"legendonly\":\"\",\"readonly\":\"\",\"score\":\"0\",\"starsonly\":\"\",\"best\":\"5\",\"gap\":\"5\",\"greet\":\"Jetzt bewerten\",\"legend\":\"0\\\/5 - (0 votes)\",\"size\":\"24\",\"title\":\"Der Proof ist viel dunkler als das Bild auf meinem Monitor. Warum?\",\"width\":\"0\",\"_legend\":\"{score}\\\/{best} - ({count} {votes})\",\"font_factor\":\"1.25\"}'>\n            \n<div class=\"kksr-stars\">\n    \n<div class=\"kksr-stars-inactive\">\n            <div class=\"kksr-star\" data-star=\"1\" style=\"padding-right: 5px\">\n            \n\n<div class=\"kksr-icon\" style=\"width: 24px; height: 24px;\"><\/div>\n        <\/div>\n            <div class=\"kksr-star\" data-star=\"2\" style=\"padding-right: 5px\">\n            \n\n<div class=\"kksr-icon\" style=\"width: 24px; height: 24px;\"><\/div>\n        <\/div>\n            <div class=\"kksr-star\" data-star=\"3\" style=\"padding-right: 5px\">\n            \n\n<div class=\"kksr-icon\" style=\"width: 24px; height: 24px;\"><\/div>\n        <\/div>\n            <div class=\"kksr-star\" data-star=\"4\" style=\"padding-right: 5px\">\n            \n\n<div class=\"kksr-icon\" style=\"width: 24px; height: 24px;\"><\/div>\n        <\/div>\n            <div class=\"kksr-star\" data-star=\"5\" style=\"padding-right: 5px\">\n            \n\n<div class=\"kksr-icon\" style=\"width: 24px; height: 24px;\"><\/div>\n        <\/div>\n    <\/div>\n    \n<div class=\"kksr-stars-active\" style=\"width: 0px;\">\n            <div class=\"kksr-star\" style=\"padding-right: 5px\">\n            \n\n<div class=\"kksr-icon\" style=\"width: 24px; height: 24px;\"><\/div>\n        <\/div>\n            <div class=\"kksr-star\" style=\"padding-right: 5px\">\n            \n\n<div class=\"kksr-icon\" style=\"width: 24px; height: 24px;\"><\/div>\n        <\/div>\n            <div class=\"kksr-star\" style=\"padding-right: 5px\">\n            \n\n<div class=\"kksr-icon\" style=\"width: 24px; height: 24px;\"><\/div>\n        <\/div>\n            <div class=\"kksr-star\" style=\"padding-right: 5px\">\n            \n\n<div class=\"kksr-icon\" style=\"width: 24px; height: 24px;\"><\/div>\n        <\/div>\n            <div class=\"kksr-star\" style=\"padding-right: 5px\">\n            \n\n<div class=\"kksr-icon\" style=\"width: 24px; height: 24px;\"><\/div>\n        <\/div>\n    <\/div>\n<\/div>\n                \n\n<div class=\"kksr-legend\" style=\"font-size: 19.2px;\">\n            <span class=\"kksr-muted\">Bed\u00f8m nu<\/span>\n    <\/div>\n    <\/div>\n<p>Kunderne bliver ofte foruroliget, n\u00e5r de ser en <a href=\"https:\/\/blog.proofs.de\/da\/lexikon\/proof\/\" target=\"_self\" title=\"Et proof (korrekt: kontraktproof) er en ISO 12647-7-certificeret proofinganordning til den grafiske industri. Et korrekturtryk simulerer farven ved offset- eller dybtryk p\u00e5 en farve- og juridisk bindende m\u00e5de inden for de sn\u00e6vre tolerancer i ISO-standarden.\" class=\"encyclopedia\">Bevis<\/a> i dine h\u00e6nder. \"Billedet er meget m\u00f8rkere, end det ser ud p\u00e5 min sk\u00e6rm. Hvorfor er det s\u00e5dan? Og hvad skal jeg g\u00f8re nu?\"<\/p>\n<p>Der er mange mulige \u00e5rsager til en afvigelse mellem beviset og f.eks. sk\u00e6rmbilledet:<\/p>\n<ul>\n<li><strong>Sk\u00e6rmen er ikke kalibreret<\/strong><br>\nKun kalibrerede sk\u00e6rme kan ogs\u00e5 vise farver n\u00f8jagtigt. Hvis jeg k\u00f8ber en billig sk\u00e6rm og tilslutter den til min computer, kan jeg d<a href=\"https:\/\/blog.proofs.de\/da\/lexikon\/efi\/\" target=\"_self\" title=\"Electronics For Imaging Inc. er en amerikansk virksomhed og producent af et af verdens f\u00f8rende proofing-systemer: EFI Colorproof XF, siden 2013: Fiery XF. EFI er en leverand\u00f8r af l\u00f8sninger til store tryksystemer, RIP&#039;er og farveh\u00e5ndteringsl\u00f8sninger som f.eks. proofing.\" class=\"encyclopedia\">efi<\/a>ikke se nogen reel farve. Som tommelfingerregel g\u00e6lder det, at kun en hardware-kalibreret sk\u00e6rm har en chance for at f\u00e5 korrekte farver.<\/li>\n<li><strong>Sk\u00e6rmen er kalibreret, men farverne ser stadig anderledes ud<\/strong><br>\nEn sk\u00e6rm under 1.000 euro kan normalt ikke regne med god farvegengivelse for standard<a href=\"https:\/\/blog.proofs.de\/da\/lexikon\/farbraum\/\" target=\"_self\" title=\"Farverummet er baseret p\u00e5 en farvemodel og er dens konkrete anvendelse p\u00e5 en farvel\u00e6gningsmetode (printer, sk\u00e6rm osv.). Det indeholder derfor alle farver, der rent faktisk kan repr\u00e6senteres med denne metode, og de tilsvarende materialer.\" class=\"encyclopedia\">farverum<\/a> ISOCoated V2 skal kalibreres, fordi den har en for lav <a href=\"https:\/\/blog.proofs.de\/da\/lexikon\/farbumfang\/\" target=\"_self\" title=\"Farveskalaen (ogs\u00e5: gamut) omfatter alle de farver i et farverum, som kan genkendes (kamera, scanner) eller gengives (printer, sk\u00e6rm) af en enhed. Det er illustreret i form af en farvekrop.\" class=\"encyclopedia\">Farvesortiment<\/a> har. Kun \u00e6gte proof-monitorer er ogs\u00e5 designet til at vise farver, der kan bruges til proofing, og er egnede til dette form\u00e5l. Monitorer er normalt rigtig gode til grafisk brug, hvis de underst\u00f8tter farvespacet Adobe-<a href=\"https:\/\/blog.proofs.de\/da\/lexikon\/rgb\/\" target=\"_self\" title=\"RGB st\u00e5r for farverne r\u00f8d, gr\u00f8n og bl\u00e5. Menneskets farvesyn er baseret p\u00e5 disse farver.\" class=\"encyclopedia\">RGB<\/a> til at d\u00e6kke n\u00e6sten 100%, mindre velegnede er monitorer, der i det mindste d\u00e6kker de mindre <a href=\"https:\/\/blog.proofs.de\/da\/lexikon\/srgb\/\" target=\"_self\" title=\"sRGB er det mest udbredte RGB-farverum. sRGB er standardfarverummet i alle billige digitale kameraer og scannere. N\u00e6sten alle 8-bit RGB-filer uden et profilm\u00e6rke svarer til sRGB.\" class=\"encyclopedia\">sRGB<\/a> farverum stadig kan vises. Men nogle steder er sRGB-farverummet mindre end <a href=\"https:\/\/blog.proofs.de\/da\/lexikon\/isocoatedv2\/\" target=\"_self\" title=\"ISOCoatedV2 er den mest udbredte profil i den europ\u00e6iske trykkeriindustri. Den st\u00e5r for den mest almindelige trykproces: Offsettryk p\u00e5 mat eller blankt billedtrykpapir.\" class=\"encyclopedia\">ISOCoatedV2<\/a>Der er alts\u00e5 nogle mindre farveomr\u00e5der, som kan vises p\u00e5 en pr\u00f8ve, men ikke p\u00e5 sk\u00e6rmen.<\/li>\n<li><strong>Sk\u00e6rmen er kalibreret p\u00e5 fabrikken, men indstillet til <a href=\"https:\/\/blog.proofs.de\/da\/lexikon\/d65\/\" target=\"_self\" title=\"D65 er standardlys med en farvetemperatur p\u00e5 6.500 Kelvin. Det svarer til standardindstillingen p\u00e5 de fleste sk\u00e6rme og bruges prim\u00e6rt til farvematching af internetsider osv., dvs. til medier, der prim\u00e6rt ses p\u00e5 sk\u00e6rmen.\" class=\"encyclopedia\">D65<\/a><br>\n<\/strong>Mange sk\u00e6rme er indstillet til sRGB som deres farverum og er derfor kalibreret til D65 dagslys, da sk\u00e6rmen er indstillet til sRGB-farverummet og vises p\u00e5 internettet. For at kunne matche med et proof skal sk\u00e6rmen imidlertid kalibreres til <a href=\"https:\/\/blog.proofs.de\/da\/lexikon\/d50\/\" target=\"_self\" title=\"D50 er standardlyset i trykkeribranchen. Pr\u00f8ver kan kun farvematches under D50-standardlys,\" class=\"encyclopedia\">D50<\/a> <a href=\"https:\/\/blog.proofs.de\/da\/lexikon\/normlicht\/\" target=\"_self\" title=\"Ved standardlys forst\u00e5s definerede lysforhold, under hvilke beskuerne kan observere og vurdere aftryk eller genstande ensartet. Den vigtigste standardbelysning er D50 for grafikere (farvetemperatur: 5 000 Kelvin).\" class=\"encyclopedia\">Standardlys<\/a> kalibreret. Dette kan ogs\u00e5 f\u00f8re til afvigelser mellem pr\u00f8vetrykket og sk\u00e6rmbilledet.<\/li>\n<li><strong>Beviset kan ikke ses under D50 standardlys<\/strong><\/li>\n<li>Is\u00e6r om vinteren er lysforholdene ofte d\u00e5rlige. Og gl\u00f8delamper, energisparep\u00e6rer og konventionelle neonr\u00f8r giver kun en meget d\u00e5rlig farvegengivelse. Uden en D50-lyskilde kan en pr\u00f8ve ikke altid vurderes korrekt. Vi er ofte selv forundret over disse farve\u00e6ndringer: Vi sk\u00e6rer vores <a href=\"https:\/\/blog.proofs.de\/da\/lexikon\/proofs\/\" target=\"_self\" title=\"I trykkeribranchen henviser pr\u00f8vetryk (eller proofprints) til den farve- og juridisk bindende simulering af et trykresultat til kontrolform\u00e5l. Den standard, der er ansvarlig for korrekturtryk, er ISO 12647-7:2016, dvs. den aktuelle revision fra 2016.\" class=\"encyclopedia\">Beviser<\/a> i et rum med D50-loftsbelysning i henhold til den aktuelle <a href=\"https:\/\/blog.proofs.de\/da\/lexikon\/iso-36642009\/\" target=\"_self\" title=\"ISO 3664:2009 er en ISO-standard, der specificerer lysforhold til visuel vurdering af farver og tryksager i prepress og andre omr\u00e5der. For at sikre, at farveopfattelsen finder sted under standardiserede forhold, definerer standarden mange aspekter af belysning og beskriver f\u00f8lgende aspekter: Belysningsforhold: Standarden opstiller specifikke krav til belysning. Dette omfatter...\" class=\"encyclopedia\">ISO 3664:2009<\/a> standard, men p\u00e5 sk\u00e6remaskinerne har vi stadig skrivebordslamper med fuld<a href=\"https:\/\/blog.proofs.de\/da\/lexikon\/spektrum\/\" target=\"_self\" title='I kolorimetri refererer udtrykket &quot;spektrum&quot; til alle farver i omr\u00e5det for synligt lys. Spektret af synligt lys sp\u00e6nder fra ca. 380 nanometer (nm) til 750 nm. Det omfatter de forskellige nuancer, vi kan opfatte, n\u00e5r lyset brydes gennem et prisme eller reflekteres fra et optisk medium som f.eks. en sk\u00e6rm....' class=\"encyclopedia\">spektrum<\/a>-<a href=\"https:\/\/blog.proofs.de\/da\/lexikon\/led\/\" target=\"_self\" title='En LED er en &quot;light-emitting diode&quot; og st\u00e5r i den grafiske branche for det nye &quot;LED&quot;-lys, som har erstattet \u00e6ldre lyskilder som neonr\u00f8r og wolframlamper. Neonr\u00f8r er hovedsageligt kendt fra D50- eller D65-standardlysomr\u00e5det, mens wolframlyskilder hovedsageligt blev brugt i farvem\u00e5lingsenheder som spektrofotometre og farvem\u00e5lere....' class=\"encyclopedia\">LED<\/a>-p\u00e6rer, da der ikke findes standardp\u00e6rer til dette, men vi har brug for en meget veloplyst arbejdsflade p\u00e5 cutteren. Men hvis vi vil kontrollere pr\u00f8vetrykket visuelt, er vi altid n\u00f8dt til at g\u00e5 tilbage til vores <a href=\"https:\/\/blog.proofs.de\/da\/lexikon\/just\/\" target=\"_self\" title=\"Just Normlicht GmbH er den mest kendte producent af standardbelysningsl\u00f8sninger inden for trykkerisektoren.\" class=\"encyclopedia\">Bare<\/a> Normlicht D50 proofingstation, som er udstyret med lyse standardlysr\u00f8r og sk\u00e6rmer for dagslys og andre lyskilder. Vi er ofte selv forbl\u00f8ffet over, hvor forskellig farvegengivelsen er mellem redigeringsstationen og standardlysbordet.<\/li>\n<li><strong>Farveindstillingerne i softwaren er forkerte<\/strong><br>\nOfte installeres billedredigeringssoftware som Photoshop blot og bruges uden nogen justeringer. I processen bliver den valgte <a href=\"https:\/\/blog.proofs.de\/da\/lexikon\/farbprofil\/\" target=\"_self\" title=\"De karakteristiske egenskaber ved en farvebehandlingsanordning lagres i en farveprofil.  S\u00e5danne enheder kan v\u00e6re scannere, printere og sk\u00e6rme.  Ved hj\u00e6lp af farveprofilerne er det muligt at se, hvilket farveomr\u00e5de en enhed kan vise.&nbsp;\" class=\"encyclopedia\">Farveprofil<\/a>e svarer ofte ikke til de profiler, der anvendes til korrekturl\u00e6sning. Apple-Shift-K til Macintosh eller Control-Shift-K til Windows viser dig dine profilindstillinger i Photoshop, som du b\u00f8r kontrollere oftere for dine programmer og justere dem. Is\u00e6r til korrekturl\u00e6sning p\u00e5 <a href=\"https:\/\/blog.proofs.de\/da\/lexikon\/naturpapier\/\" target=\"_self\" title=\"Henviser til alle papirer, der ikke er blevet overfladebehandlet med en coating. Ubestr\u00f8get papir kaldes ogs\u00e5 ubestr\u00f8get papir.\" class=\"encyclopedia\">Naturligt papir<\/a>Med en billedudskrivningsprofil som farveindstilling vil din software vise dig et meget anderledes resultat, da naturpapir ikke har s\u00e5 m\u00e6ttede og m\u00f8rke farvetoner som dem p\u00e5 <a href=\"https:\/\/blog.proofs.de\/da\/lexikon\/bilderdruckpapier\/\" target=\"_self\" title=\"Billedtrykpapir (eller: kunsttrykpapir) er en type papir, der er belagt p\u00e5 begge sider, og som er meget almindeligt. Det f\u00e5s i forskellige grammaturer, enten mat, satin- eller glansbestr\u00f8get, og er velegnet til alle trykprocesser.\" class=\"encyclopedia\">Papir til billedudskrivning<\/a> kan opn\u00e5s.<\/li>\n<\/ul>\n<p>Generelt set kan der ikke gives nogen patentretlig kompensation for korrekt freml\u00e6ggelse af beviser for den tilsynsf\u00f8rende. Men hvis et bevis med <a href=\"https:\/\/blog.proofs.de\/da\/lexikon\/ugra\/\" target=\"_self\" title=\"UGRA er et ekspertisecenter for medie- og trykteknologi.\" class=\"encyclopedia\">UGRA<\/a>\/<a href=\"https:\/\/blog.proofs.de\/da\/lexikon\/fogra\/\" target=\"_self\" title=\"Fogra Forschungsgesellschaft Druck e.V., med hjemsted i M\u00fcnchen.\" class=\"encyclopedia\">Fogra<\/a> <a href=\"https:\/\/blog.proofs.de\/da\/lexikon\/medienkeil\/\" target=\"_self\" title=\"En mediekile er et standardiseret testm\u00f8nster, der bruges i trykkeribranchen og til farvestyring. Mediekilen best\u00e5r af en r\u00e6kke farvefelter med kendte farvev\u00e6rdier og farveintensiteter. Det bruges til at kontrollere farven\u00f8jagtigheden og farvegengivelsen af udskrifter, is\u00e6r n\u00e5r man kalibrerer farvestyringssystemer. Mediekilen indeholder en r\u00e6kke farvefelter med forskellige farver, herunder...\" class=\"encyclopedia\">Medie kile<\/a> <a href=\"https:\/\/blog.proofs.de\/da\/lexikon\/cmyk\/\" target=\"_self\" title='CMYK st\u00e5r for de fire trykfarver cyan, magenta, gul (gul) og &quot;key&quot; (sort eller sort del).' class=\"encyclopedia\">CMYK<\/a> V3.0 og en testprotokol, er der stor sandsynlighed for, at den vil gengive farverne i filen meget n\u00f8jagtigt. Hvis dit sk\u00e6rmbillede ikke stemmer overens med pr\u00f8ven, skyldes fejlen normalt en af ovenst\u00e5ende \u00e5rsager. Listen over \u00e5rsager ovenfor kan hj\u00e6lpe dig med at finde fejlen. Vi vil ogs\u00e5 gerne anbefale den <a title=\"Cleverprinting Manual PDF\/X og farvestyring\" href=\"https:\/\/web.archive.org\/web\/20250907113830\/https:\/\/www.cleverprinting.de\/pdfx-und-colormanagement-2016\/\">Cleverprinting Manual PDF\/X og farvestyring<\/a>som du kan downloade p\u00e5 <a href=\"https:\/\/cleverprinting.de\" target=\"_blank\" rel=\"noopener\">Cleverprinting<\/a> gratis som PDF-version i lav opl\u00f8sning. Den viser tydeligt i mange eksempler det grundl\u00e6ggende for korrekt <a href=\"https:\/\/blog.proofs.de\/da\/lexikon\/farbmanagement\/\" target=\"_self\" title=\"Form\u00e5let med farvestyring er at sikre, at farverne gengives s\u00e5 ens som muligt p\u00e5 tv\u00e6rs af de forskellige enheder som f.eks. kameraer, scannere, sk\u00e6rme, laser-, inkjet- og offsetprintere og mange flere.\" class=\"encyclopedia\">Farvestyring<\/a>.<\/p>","protected":false},"excerpt":{"rendered":"<p>Kunderne er ofte usikre, n\u00e5r de st\u00e5r med en korrektur i h\u00e5nden. \"Proofet af billedet er meget m\u00f8rkere, end billedet ser ud p\u00e5 min sk\u00e6rm. Hvorfor er det s\u00e5dan? Og hvad g\u00f8r jeg nu?\" Der er mange mulige \u00e5rsager til uoverensstemmelse mellem korrektur og sk\u00e6rmvisning, for eksempel: Sk\u00e6rmen er ikke kalibreret Kun kalibrerede sk\u00e6rme kan ogs\u00e5 vise farver n\u00f8jagtigt. Hvis jeg k\u00f8ber en billig sk\u00e6rm og tilslutter den til min computer, vil jeg helt sikkert ikke kunne se \u00e6gte farver. Som tommelfingerregel kan man sige, at kun en hardwarekalibreret sk\u00e6rm har en chance ... <\/p>\n<p class=\"read-more-container\"><a title=\"Pr\u00f8vetrykket er meget m\u00f8rkere end billedet p\u00e5 min sk\u00e6rm. Hvorfor?\" class=\"read-more button\" href=\"https:\/\/blog.proofs.de\/da\/der-proof-ist-viel-dunkler-als-das-bild-auf-meinem-monitor-warum\/#more-354\" aria-label=\"L\u00e6s mere om Beviset er meget m\u00f8rkere end billedet p\u00e5 min sk\u00e6rm. Hvorfor er det s\u00e5dan?\">L\u00e6s mere her<\/a><\/p>","protected":false},"author":2,"featured_media":0,"comment_status":"open","ping_status":"open","sticky":false,"template":"","format":"standard","meta":{"om_disable_all_campaigns":false,"inline_featured_image":false,"_monsterinsights_skip_tracking":false,"footnotes":""},"categories":[1,435,18,443,441,25,7],"tags":[828,634,533,1218,65,32,21,67,64,655,562,1219,532,47,519,549],"class_list":["post-354","post","type-post","status-publish","format-standard","hentry","category-allgemein","category-farbraeume-und-farbprofile","category-haufige-fragen","category-haeufige-fragen-zu-proofs","category-layout-tipps-und-tricks","category-licht-und-normlicht","category-proof-wissen","tag-adobergb","tag-cleverprinting","tag-d50","tag-d65","tag-darstellung","tag-farbraum","tag-farbverbindlich","tag-farbverbindlichkeit","tag-fehler","tag-gamut","tag-isocoatedv2","tag-kalibration","tag-monitor","tag-normlicht-2","tag-proof","tag-srgb","generate-columns","tablet-grid-50","mobile-grid-100","grid-parent","grid-50","no-featured-image-padding"],"aioseo_notices":[],"aioseo_head":"\n\t\t<!-- All in One SEO 5.0.1.1 - aioseo.com -->\n\t<meta name=\"description\" content=\"Was tun, wenn die Farben auf Monitor und Proof nicht zueinander passen? Dieser Artikel hilft bei der Suche nach Fehlern und Gr\u00fcnden f\u00fcr Farbabweichungen.\" \/>\n\t<meta name=\"robots\" content=\"max-image-preview:large\" \/>\n\t<meta name=\"author\" content=\"Matthias Betz\"\/>\n\t<meta name=\"google-site-verification\" content=\"TuXxyRwxcEg2-WfOaQ8vScWQh3-uBAnxXmY7g3GT90A\" \/>\n\t<meta name=\"keywords\" content=\"proof,monitor,fehler,darstellung,d50,normlicht,farbverbindlich,farbverbindlichkeit,adobergb,cleverprinting,d65,farbraum,gamut,isocoatedv2,kalibration,srgb\" \/>\n\t<link rel=\"canonical\" href=\"https:\/\/blog.proofs.de\/da\/der-proof-ist-viel-dunkler-als-das-bild-auf-meinem-monitor-warum\/\" \/>\n\t<meta name=\"generator\" content=\"All in One SEO (AIOSEO) 5.0.1.1\" \/>\n\n\t\t<meta name=\"seobility\" content=\"593a8578143db71543f014978c690d47\">\n\t\t<meta property=\"og:locale\" content=\"da_DK\" \/>\n\t\t<meta property=\"og:site_name\" content=\"Proof.de | Alles zu Proof, Farbmanagement, Grafik, Messtechnik &amp; Co.\" \/>\n\t\t<meta property=\"og:type\" content=\"article\" \/>\n\t\t<meta property=\"og:title\" content=\"Mein Monitor zeigt andere Farben wie der Proof | proof.de\" \/>\n\t\t<meta property=\"og:description\" content=\"Was tun, wenn die Farben auf Monitor und Proof nicht zueinander passen? Dieser Artikel hilft bei der Suche nach Fehlern und Gr\u00fcnden f\u00fcr Farbabweichungen.\" \/>\n\t\t<meta property=\"og:url\" content=\"https:\/\/blog.proofs.de\/da\/der-proof-ist-viel-dunkler-als-das-bild-auf-meinem-monitor-warum\/\" \/>\n\t\t<meta property=\"og:image\" content=\"https:\/\/blog1.proofen.de\/wp-content\/uploads\/2020\/04\/proof_background.jpg\" \/>\n\t\t<meta property=\"og:image:secure_url\" content=\"https:\/\/blog1.proofen.de\/wp-content\/uploads\/2020\/04\/proof_background.jpg\" \/>\n\t\t<meta property=\"article:published_time\" content=\"2012-12-08T01:55:53+00:00\" \/>\n\t\t<meta property=\"article:modified_time\" content=\"2025-04-08T14:19:36+00:00\" \/>\n\t\t<meta property=\"article:publisher\" content=\"https:\/\/www.facebook.com\/Proof.de\/\" \/>\n\t\t<meta name=\"twitter:card\" content=\"summary\" \/>\n\t\t<meta name=\"twitter:title\" content=\"Mein Monitor zeigt andere Farben wie der Proof | proof.de\" \/>\n\t\t<meta name=\"twitter:description\" content=\"Was tun, wenn die Farben auf Monitor und Proof nicht zueinander passen? Dieser Artikel hilft bei der Suche nach Fehlern und Gr\u00fcnden f\u00fcr Farbabweichungen.\" \/>\n\t\t<meta name=\"twitter:image\" content=\"https:\/\/blog1.proofen.de\/wp-content\/uploads\/2020\/04\/proof_background.jpg\" \/>\n\t\t<script type=\"application\/ld+json\" class=\"aioseo-schema\">\n\t\t\t{\"@context\":\"https:\\\/\\\/schema.org\",\"@graph\":[{\"@type\":\"Article\",\"@id\":\"https:\\\/\\\/blog.proofs.de\\\/da\\\/der-proof-ist-viel-dunkler-als-das-bild-auf-meinem-monitor-warum\\\/#article\",\"name\":\"Mein Monitor zeigt andere Farben wie der Proof | proof.de\",\"headline\":\"Der Proof ist viel dunkler als das Bild auf meinem Monitor. Warum?\",\"author\":{\"@id\":\"https:\\\/\\\/blog.proofs.de\\\/da\\\/author\\\/mbetz\\\/#author\"},\"publisher\":{\"@id\":\"https:\\\/\\\/blog.proofs.de\\\/da\\\/#organization\"},\"image\":{\"@type\":\"ImageObject\",\"url\":\"https:\\\/\\\/blog1.proofen.de\\\/wp-content\\\/uploads\\\/2019\\\/09\\\/logo_proof_rgb_mit_balken_250px.png\",\"@id\":\"https:\\\/\\\/blog.proofs.de\\\/da\\\/#articleImage\"},\"datePublished\":\"2012-12-08T02:55:53+01:00\",\"dateModified\":\"2025-04-08T16:19:36+02:00\",\"inLanguage\":\"da-DK\",\"mainEntityOfPage\":{\"@id\":\"https:\\\/\\\/blog.proofs.de\\\/da\\\/der-proof-ist-viel-dunkler-als-das-bild-auf-meinem-monitor-warum\\\/#webpage\"},\"isPartOf\":{\"@id\":\"https:\\\/\\\/blog.proofs.de\\\/da\\\/der-proof-ist-viel-dunkler-als-das-bild-auf-meinem-monitor-warum\\\/#webpage\"},\"articleSection\":\"Allgemein, Farbr\\u00e4ume und Farbprofile, H\\u00e4ufige Fragen, H\\u00e4ufige Fragen zu Proofs, Layout Tipps, Licht und Normlicht, Proof Wissen, AdobeRGB, cleverprinting, D50, D65, Darstellung, Farbraum, farbverbindlich, Farbverbindlichkeit, Fehler, GAMUT, ISOCoatedV2, Kalibration, Monitor, Normlicht, Proof, sRGB\"},{\"@type\":\"BreadcrumbList\",\"@id\":\"https:\\\/\\\/blog.proofs.de\\\/da\\\/der-proof-ist-viel-dunkler-als-das-bild-auf-meinem-monitor-warum\\\/#breadcrumblist\",\"itemListElement\":[{\"@type\":\"ListItem\",\"@id\":\"https:\\\/\\\/blog.proofs.de\\\/da#listItem\",\"position\":1,\"name\":\"Home\",\"item\":\"https:\\\/\\\/blog.proofs.de\\\/da\",\"nextItem\":{\"@type\":\"ListItem\",\"@id\":\"https:\\\/\\\/blog.proofs.de\\\/da\\\/thema\\\/proof-wissen\\\/#listItem\",\"name\":\"Proof Wissen\"}},{\"@type\":\"ListItem\",\"@id\":\"https:\\\/\\\/blog.proofs.de\\\/da\\\/thema\\\/proof-wissen\\\/#listItem\",\"position\":2,\"name\":\"Proof Wissen\",\"item\":\"https:\\\/\\\/blog.proofs.de\\\/da\\\/thema\\\/proof-wissen\\\/\",\"nextItem\":{\"@type\":\"ListItem\",\"@id\":\"https:\\\/\\\/blog.proofs.de\\\/da\\\/thema\\\/proof-wissen\\\/licht-und-normlicht\\\/#listItem\",\"name\":\"Licht und Normlicht\"},\"previousItem\":{\"@type\":\"ListItem\",\"@id\":\"https:\\\/\\\/blog.proofs.de\\\/da#listItem\",\"name\":\"Home\"}},{\"@type\":\"ListItem\",\"@id\":\"https:\\\/\\\/blog.proofs.de\\\/da\\\/thema\\\/proof-wissen\\\/licht-und-normlicht\\\/#listItem\",\"position\":3,\"name\":\"Licht und Normlicht\",\"item\":\"https:\\\/\\\/blog.proofs.de\\\/da\\\/thema\\\/proof-wissen\\\/licht-und-normlicht\\\/\",\"nextItem\":{\"@type\":\"ListItem\",\"@id\":\"https:\\\/\\\/blog.proofs.de\\\/da\\\/der-proof-ist-viel-dunkler-als-das-bild-auf-meinem-monitor-warum\\\/#listItem\",\"name\":\"Der Proof ist viel dunkler als das Bild auf meinem Monitor. Warum?\"},\"previousItem\":{\"@type\":\"ListItem\",\"@id\":\"https:\\\/\\\/blog.proofs.de\\\/da\\\/thema\\\/proof-wissen\\\/#listItem\",\"name\":\"Proof Wissen\"}},{\"@type\":\"ListItem\",\"@id\":\"https:\\\/\\\/blog.proofs.de\\\/da\\\/der-proof-ist-viel-dunkler-als-das-bild-auf-meinem-monitor-warum\\\/#listItem\",\"position\":4,\"name\":\"Der Proof ist viel dunkler als das Bild auf meinem Monitor. Warum?\",\"previousItem\":{\"@type\":\"ListItem\",\"@id\":\"https:\\\/\\\/blog.proofs.de\\\/da\\\/thema\\\/proof-wissen\\\/licht-und-normlicht\\\/#listItem\",\"name\":\"Licht und Normlicht\"}}]},{\"@type\":\"Organization\",\"@id\":\"https:\\\/\\\/blog.proofs.de\\\/da\\\/#organization\",\"name\":\"Proof GmbH\",\"description\":\"Farbverbindlicher Proof, Farbproof, Digitalproof und Online-Proof.\",\"url\":\"https:\\\/\\\/blog.proofs.de\\\/da\\\/\",\"telephone\":\"+4970717952740\",\"logo\":{\"@type\":\"ImageObject\",\"url\":\"https:\\\/\\\/blog1.proofen.de\\\/wp-content\\\/uploads\\\/2019\\\/09\\\/logo_proof_rgb_mit_balken_250px.png\",\"@id\":\"https:\\\/\\\/blog.proofs.de\\\/da\\\/der-proof-ist-viel-dunkler-als-das-bild-auf-meinem-monitor-warum\\\/#organizationLogo\"},\"image\":{\"@id\":\"https:\\\/\\\/blog.proofs.de\\\/da\\\/der-proof-ist-viel-dunkler-als-das-bild-auf-meinem-monitor-warum\\\/#organizationLogo\"},\"sameAs\":[\"https:\\\/\\\/www.facebook.com\\\/Proof.de\\\/\",\"https:\\\/\\\/www.instagram.com\\\/proof.de\\\/\",\"https:\\\/\\\/www.tiktok.com\\\/@proof_de\",\"https:\\\/\\\/www.youtube.com\\\/channel\\\/UCk80fQVQ25wC9wu3SywB-Nw\",\"https:\\\/\\\/www.linkedin.com\\\/company\\\/proof-de\"]},{\"@type\":\"Person\",\"@id\":\"https:\\\/\\\/blog.proofs.de\\\/da\\\/author\\\/mbetz\\\/#author\",\"url\":\"https:\\\/\\\/blog.proofs.de\\\/da\\\/author\\\/mbetz\\\/\",\"name\":\"Matthias Betz\",\"image\":{\"@type\":\"ImageObject\",\"@id\":\"https:\\\/\\\/blog.proofs.de\\\/da\\\/der-proof-ist-viel-dunkler-als-das-bild-auf-meinem-monitor-warum\\\/#authorImage\",\"url\":\"https:\\\/\\\/blog.proofs.de\\\/wp-content\\\/uploads\\\/2020\\\/10\\\/matthias-betz-e1603934518350-150x150.png\",\"width\":96,\"height\":96,\"caption\":\"Matthias Betz\"}},{\"@type\":\"WebPage\",\"@id\":\"https:\\\/\\\/blog.proofs.de\\\/da\\\/der-proof-ist-viel-dunkler-als-das-bild-auf-meinem-monitor-warum\\\/#webpage\",\"url\":\"https:\\\/\\\/blog.proofs.de\\\/da\\\/der-proof-ist-viel-dunkler-als-das-bild-auf-meinem-monitor-warum\\\/\",\"name\":\"Mein Monitor zeigt andere Farben wie der Proof | proof.de\",\"description\":\"Was tun, wenn die Farben auf Monitor und Proof nicht zueinander passen? Dieser Artikel hilft bei der Suche nach Fehlern und Gr\\u00fcnden f\\u00fcr Farbabweichungen.\",\"inLanguage\":\"da-DK\",\"isPartOf\":{\"@id\":\"https:\\\/\\\/blog.proofs.de\\\/da\\\/#website\"},\"breadcrumb\":{\"@id\":\"https:\\\/\\\/blog.proofs.de\\\/da\\\/der-proof-ist-viel-dunkler-als-das-bild-auf-meinem-monitor-warum\\\/#breadcrumblist\"},\"author\":{\"@id\":\"https:\\\/\\\/blog.proofs.de\\\/da\\\/author\\\/mbetz\\\/#author\"},\"creator\":{\"@id\":\"https:\\\/\\\/blog.proofs.de\\\/da\\\/author\\\/mbetz\\\/#author\"},\"datePublished\":\"2012-12-08T02:55:53+01:00\",\"dateModified\":\"2025-04-08T16:19:36+02:00\"},{\"@type\":\"WebSite\",\"@id\":\"https:\\\/\\\/blog.proofs.de\\\/da\\\/#website\",\"url\":\"https:\\\/\\\/blog.proofs.de\\\/da\\\/\",\"name\":\"Proof.de\",\"description\":\"Farbverbindlicher Proof, Farbproof, Digitalproof und Online-Proof.\",\"inLanguage\":\"da-DK\",\"publisher\":{\"@id\":\"https:\\\/\\\/blog.proofs.de\\\/da\\\/#organization\"}}]}\n\t\t<\/script>\n\t\t<!-- All in One SEO -->\n\n","aioseo_head_json":{"title":"Min sk\u00e6rm viser andre farver end beviset | proof.de","description":"Hvad g\u00f8r man, n\u00e5r farverne p\u00e5 sk\u00e6rmen og pr\u00f8vetrykket ikke stemmer overens? Denne artikel hj\u00e6lper med at finde fejl og \u00e5rsager til farveafvigelser.","canonical_url":"https:\/\/blog.proofs.de\/da\/der-proof-ist-viel-dunkler-als-das-bild-auf-meinem-monitor-warum\/","robots":"max-image-preview:large","keywords":"proof,monitor,fehler,darstellung,d50,normlicht,farbverbindlich,farbverbindlichkeit,adobergb,cleverprinting,d65,farbraum,gamut,isocoatedv2,kalibration,srgb","webmasterTools":{"google-site-verification":"TuXxyRwxcEg2-WfOaQ8vScWQh3-uBAnxXmY7g3GT90A","miscellaneous":"&lt;meta name=\"seobility\" content=\"593a8578143db71543f014978c690d47\"&gt;"},"schema":{"@context":"https:\/\/schema.org","@graph":[{"@type":"Article","@id":"https:\/\/blog.proofs.de\/da\/der-proof-ist-viel-dunkler-als-das-bild-auf-meinem-monitor-warum\/#article","name":"Mein Monitor zeigt andere Farben wie der Proof | proof.de","headline":"Der Proof ist viel dunkler als das Bild auf meinem Monitor. Warum?","author":{"@id":"https:\/\/blog.proofs.de\/da\/author\/mbetz\/#author"},"publisher":{"@id":"https:\/\/blog.proofs.de\/da\/#organization"},"image":{"@type":"ImageObject","url":"https:\/\/blog1.proofen.de\/wp-content\/uploads\/2019\/09\/logo_proof_rgb_mit_balken_250px.png","@id":"https:\/\/blog.proofs.de\/da\/#articleImage"},"datePublished":"2012-12-08T02:55:53+01:00","dateModified":"2025-04-08T16:19:36+02:00","inLanguage":"da-DK","mainEntityOfPage":{"@id":"https:\/\/blog.proofs.de\/da\/der-proof-ist-viel-dunkler-als-das-bild-auf-meinem-monitor-warum\/#webpage"},"isPartOf":{"@id":"https:\/\/blog.proofs.de\/da\/der-proof-ist-viel-dunkler-als-das-bild-auf-meinem-monitor-warum\/#webpage"},"articleSection":"Allgemein, Farbr\u00e4ume und Farbprofile, H\u00e4ufige Fragen, H\u00e4ufige Fragen zu Proofs, Layout Tipps, Licht und Normlicht, Proof Wissen, AdobeRGB, cleverprinting, D50, D65, Darstellung, Farbraum, farbverbindlich, Farbverbindlichkeit, Fehler, GAMUT, ISOCoatedV2, Kalibration, Monitor, Normlicht, Proof, sRGB"},{"@type":"BreadcrumbList","@id":"https:\/\/blog.proofs.de\/da\/der-proof-ist-viel-dunkler-als-das-bild-auf-meinem-monitor-warum\/#breadcrumblist","itemListElement":[{"@type":"ListItem","@id":"https:\/\/blog.proofs.de\/da#listItem","position":1,"name":"Home","item":"https:\/\/blog.proofs.de\/da","nextItem":{"@type":"ListItem","@id":"https:\/\/blog.proofs.de\/da\/thema\/proof-wissen\/#listItem","name":"Proof Wissen"}},{"@type":"ListItem","@id":"https:\/\/blog.proofs.de\/da\/thema\/proof-wissen\/#listItem","position":2,"name":"Proof Wissen","item":"https:\/\/blog.proofs.de\/da\/thema\/proof-wissen\/","nextItem":{"@type":"ListItem","@id":"https:\/\/blog.proofs.de\/da\/thema\/proof-wissen\/licht-und-normlicht\/#listItem","name":"Licht und Normlicht"},"previousItem":{"@type":"ListItem","@id":"https:\/\/blog.proofs.de\/da#listItem","name":"Home"}},{"@type":"ListItem","@id":"https:\/\/blog.proofs.de\/da\/thema\/proof-wissen\/licht-und-normlicht\/#listItem","position":3,"name":"Licht und Normlicht","item":"https:\/\/blog.proofs.de\/da\/thema\/proof-wissen\/licht-und-normlicht\/","nextItem":{"@type":"ListItem","@id":"https:\/\/blog.proofs.de\/da\/der-proof-ist-viel-dunkler-als-das-bild-auf-meinem-monitor-warum\/#listItem","name":"Der Proof ist viel dunkler als das Bild auf meinem Monitor. Warum?"},"previousItem":{"@type":"ListItem","@id":"https:\/\/blog.proofs.de\/da\/thema\/proof-wissen\/#listItem","name":"Proof Wissen"}},{"@type":"ListItem","@id":"https:\/\/blog.proofs.de\/da\/der-proof-ist-viel-dunkler-als-das-bild-auf-meinem-monitor-warum\/#listItem","position":4,"name":"Der Proof ist viel dunkler als das Bild auf meinem Monitor. Warum?","previousItem":{"@type":"ListItem","@id":"https:\/\/blog.proofs.de\/da\/thema\/proof-wissen\/licht-und-normlicht\/#listItem","name":"Licht und Normlicht"}}]},{"@type":"Organization","@id":"https:\/\/blog.proofs.de\/da\/#organization","name":"Proof GmbH","description":"Farbverbindlicher Proof, Farbproof, Digitalproof und Online-Proof.","url":"https:\/\/blog.proofs.de\/da\/","telephone":"+4970717952740","logo":{"@type":"ImageObject","url":"https:\/\/blog1.proofen.de\/wp-content\/uploads\/2019\/09\/logo_proof_rgb_mit_balken_250px.png","@id":"https:\/\/blog.proofs.de\/da\/der-proof-ist-viel-dunkler-als-das-bild-auf-meinem-monitor-warum\/#organizationLogo"},"image":{"@id":"https:\/\/blog.proofs.de\/da\/der-proof-ist-viel-dunkler-als-das-bild-auf-meinem-monitor-warum\/#organizationLogo"},"sameAs":["https:\/\/www.facebook.com\/Proof.de\/","https:\/\/www.instagram.com\/proof.de\/","https:\/\/www.tiktok.com\/@proof_de","https:\/\/www.youtube.com\/channel\/UCk80fQVQ25wC9wu3SywB-Nw","https:\/\/www.linkedin.com\/company\/proof-de"]},{"@type":"Person","@id":"https:\/\/blog.proofs.de\/da\/author\/mbetz\/#author","url":"https:\/\/blog.proofs.de\/da\/author\/mbetz\/","name":"Matthias Betz","image":{"@type":"ImageObject","@id":"https:\/\/blog.proofs.de\/da\/der-proof-ist-viel-dunkler-als-das-bild-auf-meinem-monitor-warum\/#authorImage","url":"https:\/\/blog.proofs.de\/wp-content\/uploads\/2020\/10\/matthias-betz-e1603934518350-150x150.png","width":96,"height":96,"caption":"Matthias Betz"}},{"@type":"WebPage","@id":"https:\/\/blog.proofs.de\/da\/der-proof-ist-viel-dunkler-als-das-bild-auf-meinem-monitor-warum\/#webpage","url":"https:\/\/blog.proofs.de\/da\/der-proof-ist-viel-dunkler-als-das-bild-auf-meinem-monitor-warum\/","name":"Mein Monitor zeigt andere Farben wie der Proof | proof.de","description":"Was tun, wenn die Farben auf Monitor und Proof nicht zueinander passen? Dieser Artikel hilft bei der Suche nach Fehlern und Gr\u00fcnden f\u00fcr Farbabweichungen.","inLanguage":"da-DK","isPartOf":{"@id":"https:\/\/blog.proofs.de\/da\/#website"},"breadcrumb":{"@id":"https:\/\/blog.proofs.de\/da\/der-proof-ist-viel-dunkler-als-das-bild-auf-meinem-monitor-warum\/#breadcrumblist"},"author":{"@id":"https:\/\/blog.proofs.de\/da\/author\/mbetz\/#author"},"creator":{"@id":"https:\/\/blog.proofs.de\/da\/author\/mbetz\/#author"},"datePublished":"2012-12-08T02:55:53+01:00","dateModified":"2025-04-08T16:19:36+02:00"},{"@type":"WebSite","@id":"https:\/\/blog.proofs.de\/da\/#website","url":"https:\/\/blog.proofs.de\/da\/","name":"Proof.de","description":"Farbverbindlicher Proof, Farbproof, Digitalproof und Online-Proof.","inLanguage":"da-DK","publisher":{"@id":"https:\/\/blog.proofs.de\/da\/#organization"}}]},"og:locale":"da_DK","og:site_name":"Proof.de | Alles zu Proof, Farbmanagement, Grafik, Messtechnik &amp; Co.","og:type":"article","og:title":"Mein Monitor zeigt andere Farben wie der Proof | proof.de","og:description":"Was tun, wenn die Farben auf Monitor und Proof nicht zueinander passen? Dieser Artikel hilft bei der Suche nach Fehlern und Gr\u00fcnden f\u00fcr Farbabweichungen.","og:url":"https:\/\/blog.proofs.de\/da\/der-proof-ist-viel-dunkler-als-das-bild-auf-meinem-monitor-warum\/","og:image":"https:\/\/blog1.proofen.de\/wp-content\/uploads\/2020\/04\/proof_background.jpg","og:image:secure_url":"https:\/\/blog1.proofen.de\/wp-content\/uploads\/2020\/04\/proof_background.jpg","article:published_time":"2012-12-08T01:55:53+00:00","article:modified_time":"2025-04-08T14:19:36+00:00","article:publisher":"https:\/\/www.facebook.com\/Proof.de\/","twitter:card":"summary","twitter:title":"Mein Monitor zeigt andere Farben wie der Proof | proof.de","twitter:description":"Was tun, wenn die Farben auf Monitor und Proof nicht zueinander passen? Dieser Artikel hilft bei der Suche nach Fehlern und Gr\u00fcnden f\u00fcr Farbabweichungen.","twitter:image":"https:\/\/blog1.proofen.de\/wp-content\/uploads\/2020\/04\/proof_background.jpg"},"aioseo_meta_data":{"post_id":"354","title":"Mein Monitor zeigt andere Farben wie der Proof |&nbsp;proof.de&nbsp;&nbsp;","description":"Hvad g\u00f8r man, n\u00e5r farverne p\u00e5 sk\u00e6rmen og pr\u00f8vetrykket ikke stemmer overens? Denne artikel hj\u00e6lper med at finde fejl og \u00e5rsager til farveafvigelser.","keywords":[{"label":"Proof","value":"Proof"},{"label":"Monitor","value":"Monitor"},{"label":"Fehler","value":"Fehler"},{"label":"Darstellung","value":"Darstellung"},{"label":"D50","value":"D50"},{"label":"Normlicht","value":"Normlicht"},{"label":"Farbverbindlich","value":"Farbverbindlich"},{"label":"Farbverbindlichkeit","value":"Farbverbindlichkeit"}],"keyphrases":{"focus":{"keyphrase":"","score":0,"analysis":{"keyphraseInTitle":{"score":0,"maxScore":9,"error":1}}},"additional":[]},"primary_term":null,"canonical_url":null,"og_title":null,"og_description":null,"og_object_type":"default","og_image_type":"default","og_image_url":null,"og_image_width":null,"og_image_height":null,"og_image_custom_url":null,"og_image_custom_fields":null,"og_video":"","og_custom_url":null,"og_article_section":null,"og_article_tags":null,"twitter_use_og":false,"twitter_card":"default","twitter_image_type":"default","twitter_image_url":null,"twitter_image_custom_url":null,"twitter_image_custom_fields":null,"twitter_title":null,"twitter_description":null,"schema":{"blockGraphs":[],"customGraphs":[],"default":{"data":{"Article":[],"Course":[],"Dataset":[],"FAQPage":[],"Movie":[],"Person":[],"Product":[],"ProductReview":[],"Car":[],"Recipe":[],"Service":[],"SoftwareApplication":[],"WebPage":[]},"graphName":"Article","isEnabled":true},"graphs":[],"defaultGraph":"Article","defaultPostTypeGraph":""},"schema_type":"default","schema_type_options":"{\"article\":{\"articleType\":\"BlogPosting\"},\"course\":{\"name\":\"\",\"description\":\"\",\"provider\":\"\"},\"faq\":{\"pages\":[]},\"product\":{\"reviews\":[]},\"recipe\":{\"ingredients\":[],\"instructions\":[],\"keywords\":[]},\"software\":{\"reviews\":[],\"operatingSystems\":[]},\"webPage\":{\"webPageType\":\"WebPage\"}}","pillar_content":false,"robots_default":true,"robots_noindex":false,"robots_noarchive":false,"robots_nosnippet":false,"robots_nofollow":false,"robots_noimageindex":false,"robots_noodp":false,"robots_notranslate":false,"robots_max_snippet":"-1","robots_max_videopreview":"-1","robots_max_imagepreview":"large","priority":null,"frequency":"default","local_seo":null,"breadcrumb_settings":null,"limit_modified_date":false,"ai":null,"created":"2020-12-21 00:36:00","updated":"2025-06-04 14:12:57","seo_analyzer_scan_date":null,"focus_keyword":null,"additional_keywords":null,"truseo_locale":null},"_links":{"self":[{"href":"https:\/\/blog.proofs.de\/da\/wp-json\/wp\/v2\/posts\/354","targetHints":{"allow":["GET"]}}],"collection":[{"href":"https:\/\/blog.proofs.de\/da\/wp-json\/wp\/v2\/posts"}],"about":[{"href":"https:\/\/blog.proofs.de\/da\/wp-json\/wp\/v2\/types\/post"}],"author":[{"embeddable":true,"href":"https:\/\/blog.proofs.de\/da\/wp-json\/wp\/v2\/users\/2"}],"replies":[{"embeddable":true,"href":"https:\/\/blog.proofs.de\/da\/wp-json\/wp\/v2\/comments?post=354"}],"version-history":[{"count":9,"href":"https:\/\/blog.proofs.de\/da\/wp-json\/wp\/v2\/posts\/354\/revisions"}],"predecessor-version":[{"id":6313,"href":"https:\/\/blog.proofs.de\/da\/wp-json\/wp\/v2\/posts\/354\/revisions\/6313"}],"wp:attachment":[{"href":"https:\/\/blog.proofs.de\/da\/wp-json\/wp\/v2\/media?parent=354"}],"wp:term":[{"taxonomy":"category","embeddable":true,"href":"https:\/\/blog.proofs.de\/da\/wp-json\/wp\/v2\/categories?post=354"},{"taxonomy":"post_tag","embeddable":true,"href":"https:\/\/blog.proofs.de\/da\/wp-json\/wp\/v2\/tags?post=354"}],"curies":[{"name":"wp","href":"https:\/\/api.w.org\/{rel}","templated":true}]}}