{"id":5604,"date":"2024-02-19T01:13:56","date_gmt":"2024-02-19T00:13:56","guid":{"rendered":"https:\/\/www.proof.de\/?p=5604"},"modified":"2024-02-19T01:13:59","modified_gmt":"2024-02-19T00:13:59","slug":"fogra-colourmanagement-symposium-2024-i-muenchen-begynder","status":"publish","type":"post","link":"https:\/\/blog.proofs.de\/da\/das-fogra-colormanagement-symposium-2024-in-muenchen-startet\/","title":{"rendered":"Fogra Colour Management Symposium 2024 starter i M\u00fcnchen"},"content":{"rendered":"<div class=\"kk-star-ratings kksr-auto kksr-align-right kksr-valign-top\" data-payload='{\"align\":\"right\",\"id\":\"5604\",\"slug\":\"default\",\"valign\":\"top\",\"ignore\":\"\",\"reference\":\"auto\",\"class\":\"\",\"count\":\"0\",\"legendonly\":\"\",\"readonly\":\"\",\"score\":\"0\",\"starsonly\":\"\",\"best\":\"5\",\"gap\":\"5\",\"greet\":\"Jetzt bewerten\",\"legend\":\"0\\\/5 - (0 votes)\",\"size\":\"24\",\"title\":\"Das Fogra Colormanagement Symposium 2024 in M&uuml;nchen startet\",\"width\":\"0\",\"_legend\":\"{score}\\\/{best} - ({count} {votes})\",\"font_factor\":\"1.25\"}'>\n            \n<div class=\"kksr-stars\">\n    \n<div class=\"kksr-stars-inactive\">\n            <div class=\"kksr-star\" data-star=\"1\" style=\"padding-right: 5px\">\n            \n\n<div class=\"kksr-icon\" style=\"width: 24px; height: 24px;\"><\/div>\n        <\/div>\n            <div class=\"kksr-star\" data-star=\"2\" style=\"padding-right: 5px\">\n            \n\n<div class=\"kksr-icon\" style=\"width: 24px; height: 24px;\"><\/div>\n        <\/div>\n            <div class=\"kksr-star\" data-star=\"3\" style=\"padding-right: 5px\">\n            \n\n<div class=\"kksr-icon\" style=\"width: 24px; height: 24px;\"><\/div>\n        <\/div>\n            <div class=\"kksr-star\" data-star=\"4\" style=\"padding-right: 5px\">\n            \n\n<div class=\"kksr-icon\" style=\"width: 24px; height: 24px;\"><\/div>\n        <\/div>\n            <div class=\"kksr-star\" data-star=\"5\" style=\"padding-right: 5px\">\n            \n\n<div class=\"kksr-icon\" style=\"width: 24px; height: 24px;\"><\/div>\n        <\/div>\n    <\/div>\n    \n<div class=\"kksr-stars-active\" style=\"width: 0px;\">\n            <div class=\"kksr-star\" style=\"padding-right: 5px\">\n            \n\n<div class=\"kksr-icon\" style=\"width: 24px; height: 24px;\"><\/div>\n        <\/div>\n            <div class=\"kksr-star\" style=\"padding-right: 5px\">\n            \n\n<div class=\"kksr-icon\" style=\"width: 24px; height: 24px;\"><\/div>\n        <\/div>\n            <div class=\"kksr-star\" style=\"padding-right: 5px\">\n            \n\n<div class=\"kksr-icon\" style=\"width: 24px; height: 24px;\"><\/div>\n        <\/div>\n            <div class=\"kksr-star\" style=\"padding-right: 5px\">\n            \n\n<div class=\"kksr-icon\" style=\"width: 24px; height: 24px;\"><\/div>\n        <\/div>\n            <div class=\"kksr-star\" style=\"padding-right: 5px\">\n            \n\n<div class=\"kksr-icon\" style=\"width: 24px; height: 24px;\"><\/div>\n        <\/div>\n    <\/div>\n<\/div>\n                \n\n<div class=\"kksr-legend\" style=\"font-size: 19.2px;\">\n            <span class=\"kksr-muted\">Bed\u00f8m nu<\/span>\n    <\/div>\n    <\/div>\n<div class=\"wp-block-image\">\n<figure class=\"alignright size-medium\"><a href=\"https:\/\/blog1.proofen.de\/wp-content\/uploads\/2024\/02\/Fogra_Colormanagement_Symposium_2024.png\"><img loading=\"lazy\" decoding=\"async\" width=\"263\" height=\"300\" src=\"https:\/\/blog1.proofen.de\/wp-content\/uploads\/2024\/02\/Fogra_Colormanagement_Symposium_2024-263x300.png\" alt=\"Logo for Fogra Colour Management Symposium 2024 M\u00fcnchen\" class=\"wp-image-5605\" srcset=\"https:\/\/blog.proofs.de\/wp-content\/uploads\/2024\/02\/Fogra_Colormanagement_Symposium_2024-263x300.png 263w, https:\/\/blog.proofs.de\/wp-content\/uploads\/2024\/02\/Fogra_Colormanagement_Symposium_2024-899x1024.png 899w, https:\/\/blog.proofs.de\/wp-content\/uploads\/2024\/02\/Fogra_Colormanagement_Symposium_2024-768x875.png 768w, https:\/\/blog.proofs.de\/wp-content\/uploads\/2024\/02\/Fogra_Colormanagement_Symposium_2024-1348x1536.png 1348w, https:\/\/blog.proofs.de\/wp-content\/uploads\/2024\/02\/Fogra_Colormanagement_Symposium_2024-11x12.png 11w, https:\/\/blog.proofs.de\/wp-content\/uploads\/2024\/02\/Fogra_Colormanagement_Symposium_2024.png 1678w\" sizes=\"auto, (max-width: 263px) 100vw, 263px\"><\/a><\/figure>\n<\/div>\n\n\n<p class=\"wp-block-paragraph\">Fra onsdag den 21.2.2024 finder den to dage lange begivenhed sted igen. <a href=\"https:\/\/fogra.org\/fileadmin\/files\/4_veranstaltungen\/symposien\/Fogra_CMS_Programm_2024_DE.pdf\" target=\"_blank\" rel=\"noopener\" title=\"\">Fogra Symposium om farvestyring<\/a> i M\u00fcnchen. P\u00e5 den ene side <a href=\"https:\/\/blog.proofs.de\/da\/lexikon\/farbmanagement\/\" target=\"_self\" title=\"Form\u00e5let med farvestyring er at sikre, at farverne gengives s\u00e5 ens som muligt p\u00e5 tv\u00e6rs af de forskellige enheder som f.eks. kameraer, scannere, sk\u00e6rme, laser-, inkjet- og offsetprintere og mange flere.\" class=\"encyclopedia\">Farvestyring<\/a>Eksperter fra produktionsindustrien og SMV'er vil rapportere om deres aktuelle status for implementering og realisering af farvestyring, i \u00e5r inklusive Proctor &amp; Gamble, L'Or\u00e9al og K\u00e4rcher, samt den aktuelle udvikling inden for omr\u00e5der som ECG, <a href=\"https:\/\/blog.proofs.de\/da\/lexikon\/softproof\/\" target=\"_self\" title='I mods\u00e6tning til det klassiske &quot;hard proof&quot; p\u00e5 papir er et soft proof et proof, der vises p\u00e5 en sk\u00e6rm p\u00e5 en farvepr\u00e6cis m\u00e5de.' class=\"encyclopedia\">Softproof<\/a> og papirudgave <a href=\"https:\/\/blog.proofs.de\/da\/lexikon\/proof\/\" target=\"_self\" title=\"Et proof (korrekt: kontraktproof) er en ISO 12647-7-certificeret proofinganordning til den grafiske industri. Et korrekturtryk simulerer farven ved offset- eller dybtryk p\u00e5 en farve- og juridisk bindende m\u00e5de inden for de sn\u00e6vre tolerancer i ISO-standarden.\" class=\"encyclopedia\">Bevis<\/a> pr\u00e6senteres og diskuteres. <\/p>\n\n\n\n<p class=\"wp-block-paragraph\">Emnet Decoration Proofing har f\u00e5et sit eget fokus og viser, hvordan sofistikerede dekorative overflader kan indfanges, vises korrekt i softproof og derefter trykkes korrekt.<\/p>\n\n\n\n<p class=\"wp-block-paragraph translation-block\">For os som <a href=\"https:\/\/blog1.proofen.de\/es\/lexico-2\/fogra\/\" target=\"_self\" class=\"encyclopedia tooltipstered\">Fogra<\/a>-medlem er det selvf\u00f8lgelig interessant at se, hvordan aktuelle udviklinger som syvfarvetryk og syv<a href=\"https:\/\/blog1.proofen.de\/es\/lexico-2\/a-prueba-de-colores\/\" target=\"_self\" class=\"encyclopedia tooltipstered\">farvetryk<\/a> udvikler sig ved hvert CMS2024. Vi var den f\u00f8rste virksomhed, der blev certificeret til ECG-proofing for <a href=\"https:\/\/blog1.proofen.de\/es\/lexico-2\/cmyk\/\" target=\"_self\" class=\"encyclopedia tooltipstered\">CMYK<\/a>OGV i henhold til Fogra55 for over et \u00e5r siden, men f\u00f8rst nu kommer de f\u00f8rste jobs, og vi ser, hvilke krav vores kunder stiller til os med hensyn til CMYKOGV-proofing, og hvordan vi kan im\u00f8dekomme disse udfordringer med den nuv\u00e6rende <a href=\"https:\/\/blog1.proofen.de\/es\/lexico-2\/ardiente\/\" target=\"_self\" class=\"encyclopedia tooltipstered\">Fiery<\/a> og <a href=\"https:\/\/blog1.proofen.de\/es\/lexico-2\/gmg\/\" target=\"_self\" class=\"encyclopedia tooltipstered\">GMG<\/a> proofing-software. Det er selvf\u00f8lgelig altid sp\u00e6ndende at se, hvordan emballageindustrien og store tryktjenesteudbydere i \u00f8jeblikket h\u00e5ndterer s\u00e5danne sp\u00f8rgsm\u00e5l. Jeg arbejder i \u00f8jeblikket meget med nye teknologier og software som <a href=\"https:\/\/softproof.com\" target=\"_blank\" rel=\"noopener\" title=\"\">Softproof-softwaren Spectraproof<\/a>, og jeg er meget glad for at m\u00f8de lederen af producenten <a href=\"https:\/\/blog1.proofen.de\/es\/lexico-2\/lacunasolutions\/\" target=\"_self\" class=\"encyclopedia tooltipstered\">Lacunasolutions<\/a> Alexander Demmler igen p\u00e5 Fogra Symposium i M\u00fcnchen. Det er altid hyggeligere p\u00e5 stedet end online, og at sk\u00e5le sammen til \"Bavarian Evening\" er simpelthen hyggeligere end at sk\u00e5le virtuelt med en kaffekop i Zoom eller Signal. I \u00f8vrigt er aftenens hovedtaler Hanno Hoffstadt fra GMG, som vil tale om fluorescens i vores liv ... lad os se, om han kan flytte mine daglige kontorfarver lidt i retning af <a href=\"https:\/\/blog1.proofen.de\/es\/lexico-2\/oba\/\" target=\"_self\" class=\"encyclopedia tooltipstered\">OBA<\/a>-bl\u00e5.<\/p>\n\n\n\n<p class=\"wp-block-paragraph\">Jeg ser bestemt frem til CMS2024 i M\u00fcnchen, hvor jeg pakker mine tasker, fylder min laptop og leder efter en ny notesblok til mine nye indsigter p\u00e5 den ene side og mine nye test-id\u00e9er p\u00e5 den anden.<\/p>","protected":false},"excerpt":{"rendered":"<p>Fra onsdag den 21.2.2024 finder Fogra's todages symposium om farvestyring igen sted i M\u00fcnchen. P\u00e5 den ene side vil farvestyringseksperter fra produktionsindustrien og SMV'er rapportere om deres status for implementering og realisering af farvestyring, herunder Proctor &amp; Gamble, L'Or\u00e9al og K\u00e4rcher i \u00e5r, men den aktuelle udvikling inden for omr\u00e5der som ECG, soft proof og hardcopy proof vil ogs\u00e5 blive pr\u00e6senteret og diskuteret. Emnet Decoration Proofing har f\u00e5et sit eget fokus og viser, hvordan sofistikerede dekorative overflader kan indfanges, vises korrekt i softproof og derefter trykkes korrekt. For os som Fogra-medlem ... <\/p>\n<p class=\"read-more-container\"><a title=\"Fogra Colour Management Symposium 2024 starter i M\u00fcnchen\" class=\"read-more button\" href=\"https:\/\/blog.proofs.de\/da\/das-fogra-colormanagement-symposium-2024-in-muenchen-startet\/#more-5604\" aria-label=\"L\u00e6s mere om Fogra Colormanagement Symposium 2024 starter i M\u00fcnchen\">L\u00e6s mere her<\/a><\/p>","protected":false},"author":2,"featured_media":5605,"comment_status":"open","ping_status":"open","sticky":false,"template":"","format":"standard","meta":{"om_disable_all_campaigns":false,"inline_featured_image":false,"_monsterinsights_skip_tracking":false,"footnotes":""},"categories":[1],"tags":[1374,1371,1376,522,1210,561,1373,1375,568,543,1372],"class_list":["post-5604","post","type-post","status-publish","format-standard","has-post-thumbnail","hentry","category-allgemein","tag-alexander-demmler","tag-cms2024","tag-fluoreszenz","tag-fogra","tag-fogra-mitglied","tag-gmg","tag-hanno-hoffstadt","tag-lacunasolutions","tag-oba","tag-softproof","tag-spectraproof","generate-columns","tablet-grid-50","mobile-grid-100","grid-parent","grid-50","no-featured-image-padding","resize-featured-image"],"aioseo_notices":[],"aioseo_head":"\n\t\t<!-- All in One SEO 5.0.1.1 - aioseo.com -->\n\t<meta name=\"description\" content=\"Ab Mittwoch, dem 21.2.2024 findet wieder das zweit\u00e4tige Farbmanagement-Symposium der Fogra in M\u00fcnchen statt.\" \/>\n\t<meta name=\"robots\" content=\"max-image-preview:large\" \/>\n\t<meta name=\"author\" content=\"Matthias Betz\"\/>\n\t<meta name=\"google-site-verification\" content=\"TuXxyRwxcEg2-WfOaQ8vScWQh3-uBAnxXmY7g3GT90A\" \/>\n\t<meta name=\"keywords\" content=\"alexander demmler,cms2024,fluoreszenz,fogra,fogra mitglied,gmg,hanno hoffstadt,lacunasolutions,oba,softproof,spectraproof\" \/>\n\t<link rel=\"canonical\" href=\"https:\/\/blog.proofs.de\/da\/das-fogra-colormanagement-symposium-2024-in-muenchen-startet\/\" \/>\n\t<meta name=\"generator\" content=\"All in One SEO (AIOSEO) 5.0.1.1\" \/>\n\n\t\t<meta name=\"seobility\" content=\"593a8578143db71543f014978c690d47\">\n\t\t<meta property=\"og:locale\" content=\"da_DK\" \/>\n\t\t<meta property=\"og:site_name\" content=\"Proof.de | Alles zu Proof, Farbmanagement, Grafik, Messtechnik &amp; Co.\" \/>\n\t\t<meta property=\"og:type\" content=\"article\" \/>\n\t\t<meta property=\"og:title\" content=\"Das Colormanagement Symposium 2024 startet | proof.de\" \/>\n\t\t<meta property=\"og:description\" content=\"Ab Mittwoch, dem 21.2.2024 findet wieder das zweit\u00e4tige Farbmanagement-Symposium der Fogra in M\u00fcnchen statt.\" \/>\n\t\t<meta property=\"og:url\" content=\"https:\/\/blog.proofs.de\/da\/das-fogra-colormanagement-symposium-2024-in-muenchen-startet\/\" \/>\n\t\t<meta property=\"og:image\" content=\"https:\/\/blog.proofs.de\/wp-content\/uploads\/2024\/02\/Fogra_Colormanagement_Symposium_2024.png\" \/>\n\t\t<meta property=\"og:image:secure_url\" content=\"https:\/\/blog.proofs.de\/wp-content\/uploads\/2024\/02\/Fogra_Colormanagement_Symposium_2024.png\" \/>\n\t\t<meta property=\"og:image:width\" content=\"1678\" \/>\n\t\t<meta property=\"og:image:height\" content=\"1912\" \/>\n\t\t<meta property=\"article:published_time\" content=\"2024-02-19T00:13:56+00:00\" \/>\n\t\t<meta property=\"article:modified_time\" content=\"2024-02-19T00:13:59+00:00\" \/>\n\t\t<meta property=\"article:publisher\" content=\"https:\/\/www.facebook.com\/Proof.de\/\" \/>\n\t\t<meta name=\"twitter:card\" content=\"summary\" \/>\n\t\t<meta name=\"twitter:title\" content=\"Das Colormanagement Symposium 2024 startet | proof.de\" \/>\n\t\t<meta name=\"twitter:description\" content=\"Ab Mittwoch, dem 21.2.2024 findet wieder das zweit\u00e4tige Farbmanagement-Symposium der Fogra in M\u00fcnchen statt.\" \/>\n\t\t<meta name=\"twitter:image\" content=\"https:\/\/blog.proofs.de\/wp-content\/uploads\/2024\/02\/Fogra_Colormanagement_Symposium_2024.png\" \/>\n\t\t<script type=\"application\/ld+json\" class=\"aioseo-schema\">\n\t\t\t{\"@context\":\"https:\\\/\\\/schema.org\",\"@graph\":[{\"@type\":\"Article\",\"@id\":\"https:\\\/\\\/blog.proofs.de\\\/da\\\/das-fogra-colormanagement-symposium-2024-in-muenchen-startet\\\/#article\",\"name\":\"Das Colormanagement Symposium 2024 startet | proof.de\",\"headline\":\"Das Fogra Colormanagement Symposium 2024 in M\\u00fcnchen startet\",\"author\":{\"@id\":\"https:\\\/\\\/blog.proofs.de\\\/da\\\/author\\\/mbetz\\\/#author\"},\"publisher\":{\"@id\":\"https:\\\/\\\/blog.proofs.de\\\/da\\\/#organization\"},\"image\":{\"@type\":\"ImageObject\",\"url\":\"https:\\\/\\\/blog.proofs.de\\\/wp-content\\\/uploads\\\/2024\\\/02\\\/Fogra_Colormanagement_Symposium_2024.png\",\"width\":1678,\"height\":1912,\"caption\":\"Logo des Fogra Colour Management Symposium 2024 M\\u00fcnchen\"},\"datePublished\":\"2024-02-19T01:13:56+01:00\",\"dateModified\":\"2024-02-19T01:13:59+01:00\",\"inLanguage\":\"da-DK\",\"mainEntityOfPage\":{\"@id\":\"https:\\\/\\\/blog.proofs.de\\\/da\\\/das-fogra-colormanagement-symposium-2024-in-muenchen-startet\\\/#webpage\"},\"isPartOf\":{\"@id\":\"https:\\\/\\\/blog.proofs.de\\\/da\\\/das-fogra-colormanagement-symposium-2024-in-muenchen-startet\\\/#webpage\"},\"articleSection\":\"Allgemein, Alexander Demmler, CMS2024, Fluoreszenz, Fogra, Fogra Mitglied, GMG, Hanno Hoffstadt, Lacunasolutions, OBA, Softproof, Spectraproof\"},{\"@type\":\"BreadcrumbList\",\"@id\":\"https:\\\/\\\/blog.proofs.de\\\/da\\\/das-fogra-colormanagement-symposium-2024-in-muenchen-startet\\\/#breadcrumblist\",\"itemListElement\":[{\"@type\":\"ListItem\",\"@id\":\"https:\\\/\\\/blog.proofs.de\\\/da#listItem\",\"position\":1,\"name\":\"Home\",\"item\":\"https:\\\/\\\/blog.proofs.de\\\/da\",\"nextItem\":{\"@type\":\"ListItem\",\"@id\":\"https:\\\/\\\/blog.proofs.de\\\/da\\\/thema\\\/allgemein\\\/#listItem\",\"name\":\"Allgemein\"}},{\"@type\":\"ListItem\",\"@id\":\"https:\\\/\\\/blog.proofs.de\\\/da\\\/thema\\\/allgemein\\\/#listItem\",\"position\":2,\"name\":\"Allgemein\",\"item\":\"https:\\\/\\\/blog.proofs.de\\\/da\\\/thema\\\/allgemein\\\/\",\"nextItem\":{\"@type\":\"ListItem\",\"@id\":\"https:\\\/\\\/blog.proofs.de\\\/da\\\/das-fogra-colormanagement-symposium-2024-in-muenchen-startet\\\/#listItem\",\"name\":\"Das Fogra Colormanagement Symposium 2024 in M\\u00fcnchen startet\"},\"previousItem\":{\"@type\":\"ListItem\",\"@id\":\"https:\\\/\\\/blog.proofs.de\\\/da#listItem\",\"name\":\"Home\"}},{\"@type\":\"ListItem\",\"@id\":\"https:\\\/\\\/blog.proofs.de\\\/da\\\/das-fogra-colormanagement-symposium-2024-in-muenchen-startet\\\/#listItem\",\"position\":3,\"name\":\"Das Fogra Colormanagement Symposium 2024 in M\\u00fcnchen startet\",\"previousItem\":{\"@type\":\"ListItem\",\"@id\":\"https:\\\/\\\/blog.proofs.de\\\/da\\\/thema\\\/allgemein\\\/#listItem\",\"name\":\"Allgemein\"}}]},{\"@type\":\"Organization\",\"@id\":\"https:\\\/\\\/blog.proofs.de\\\/da\\\/#organization\",\"name\":\"Proof GmbH\",\"description\":\"Farbverbindlicher Proof, Farbproof, Digitalproof und Online-Proof.\",\"url\":\"https:\\\/\\\/blog.proofs.de\\\/da\\\/\",\"telephone\":\"+4970717952740\",\"logo\":{\"@type\":\"ImageObject\",\"url\":\"https:\\\/\\\/blog1.proofen.de\\\/wp-content\\\/uploads\\\/2019\\\/09\\\/logo_proof_rgb_mit_balken_250px.png\",\"@id\":\"https:\\\/\\\/blog.proofs.de\\\/da\\\/das-fogra-colormanagement-symposium-2024-in-muenchen-startet\\\/#organizationLogo\"},\"image\":{\"@id\":\"https:\\\/\\\/blog.proofs.de\\\/da\\\/das-fogra-colormanagement-symposium-2024-in-muenchen-startet\\\/#organizationLogo\"},\"sameAs\":[\"https:\\\/\\\/www.facebook.com\\\/Proof.de\\\/\",\"https:\\\/\\\/www.instagram.com\\\/proof.de\\\/\",\"https:\\\/\\\/www.tiktok.com\\\/@proof_de\",\"https:\\\/\\\/www.youtube.com\\\/channel\\\/UCk80fQVQ25wC9wu3SywB-Nw\",\"https:\\\/\\\/www.linkedin.com\\\/company\\\/proof-de\"]},{\"@type\":\"Person\",\"@id\":\"https:\\\/\\\/blog.proofs.de\\\/da\\\/author\\\/mbetz\\\/#author\",\"url\":\"https:\\\/\\\/blog.proofs.de\\\/da\\\/author\\\/mbetz\\\/\",\"name\":\"Matthias Betz\",\"image\":{\"@type\":\"ImageObject\",\"@id\":\"https:\\\/\\\/blog.proofs.de\\\/da\\\/das-fogra-colormanagement-symposium-2024-in-muenchen-startet\\\/#authorImage\",\"url\":\"https:\\\/\\\/blog.proofs.de\\\/wp-content\\\/uploads\\\/2020\\\/10\\\/matthias-betz-e1603934518350-150x150.png\",\"width\":96,\"height\":96,\"caption\":\"Matthias Betz\"}},{\"@type\":\"WebPage\",\"@id\":\"https:\\\/\\\/blog.proofs.de\\\/da\\\/das-fogra-colormanagement-symposium-2024-in-muenchen-startet\\\/#webpage\",\"url\":\"https:\\\/\\\/blog.proofs.de\\\/da\\\/das-fogra-colormanagement-symposium-2024-in-muenchen-startet\\\/\",\"name\":\"Das Colormanagement Symposium 2024 startet | proof.de\",\"description\":\"Ab Mittwoch, dem 21.2.2024 findet wieder das zweit\\u00e4tige Farbmanagement-Symposium der Fogra in M\\u00fcnchen statt.\",\"inLanguage\":\"da-DK\",\"isPartOf\":{\"@id\":\"https:\\\/\\\/blog.proofs.de\\\/da\\\/#website\"},\"breadcrumb\":{\"@id\":\"https:\\\/\\\/blog.proofs.de\\\/da\\\/das-fogra-colormanagement-symposium-2024-in-muenchen-startet\\\/#breadcrumblist\"},\"author\":{\"@id\":\"https:\\\/\\\/blog.proofs.de\\\/da\\\/author\\\/mbetz\\\/#author\"},\"creator\":{\"@id\":\"https:\\\/\\\/blog.proofs.de\\\/da\\\/author\\\/mbetz\\\/#author\"},\"image\":{\"@type\":\"ImageObject\",\"url\":\"https:\\\/\\\/blog.proofs.de\\\/wp-content\\\/uploads\\\/2024\\\/02\\\/Fogra_Colormanagement_Symposium_2024.png\",\"@id\":\"https:\\\/\\\/blog.proofs.de\\\/da\\\/das-fogra-colormanagement-symposium-2024-in-muenchen-startet\\\/#mainImage\",\"width\":1678,\"height\":1912,\"caption\":\"Logo des Fogra Colour Management Symposium 2024 M\\u00fcnchen\"},\"primaryImageOfPage\":{\"@id\":\"https:\\\/\\\/blog.proofs.de\\\/da\\\/das-fogra-colormanagement-symposium-2024-in-muenchen-startet\\\/#mainImage\"},\"datePublished\":\"2024-02-19T01:13:56+01:00\",\"dateModified\":\"2024-02-19T01:13:59+01:00\"},{\"@type\":\"WebSite\",\"@id\":\"https:\\\/\\\/blog.proofs.de\\\/da\\\/#website\",\"url\":\"https:\\\/\\\/blog.proofs.de\\\/da\\\/\",\"name\":\"Proof.de\",\"description\":\"Farbverbindlicher Proof, Farbproof, Digitalproof und Online-Proof.\",\"inLanguage\":\"da-DK\",\"publisher\":{\"@id\":\"https:\\\/\\\/blog.proofs.de\\\/da\\\/#organization\"}}]}\n\t\t<\/script>\n\t\t<!-- All in One SEO -->\n\n","aioseo_head_json":{"title":"Colour Management Symposium 2024 starter | proof.de","description":"Fogra's todages symposium om farvestyring finder igen sted i M\u00fcnchen fra onsdag den 21.2.2024.","canonical_url":"https:\/\/blog.proofs.de\/da\/das-fogra-colormanagement-symposium-2024-in-muenchen-startet\/","robots":"max-image-preview:large","keywords":"alexander demmler,cms2024,fluoreszenz,fogra,fogra mitglied,gmg,hanno hoffstadt,lacunasolutions,oba,softproof,spectraproof","webmasterTools":{"google-site-verification":"TuXxyRwxcEg2-WfOaQ8vScWQh3-uBAnxXmY7g3GT90A","miscellaneous":"&lt;meta name=\"seobility\" content=\"593a8578143db71543f014978c690d47\"&gt;"},"schema":{"@context":"https:\/\/schema.org","@graph":[{"@type":"Article","@id":"https:\/\/blog.proofs.de\/da\/das-fogra-colormanagement-symposium-2024-in-muenchen-startet\/#article","name":"Das Colormanagement Symposium 2024 startet | proof.de","headline":"Das Fogra Colormanagement Symposium 2024 in M\u00fcnchen startet","author":{"@id":"https:\/\/blog.proofs.de\/da\/author\/mbetz\/#author"},"publisher":{"@id":"https:\/\/blog.proofs.de\/da\/#organization"},"image":{"@type":"ImageObject","url":"https:\/\/blog.proofs.de\/wp-content\/uploads\/2024\/02\/Fogra_Colormanagement_Symposium_2024.png","width":1678,"height":1912,"caption":"Logo des Fogra Colour Management Symposium 2024 M\u00fcnchen"},"datePublished":"2024-02-19T01:13:56+01:00","dateModified":"2024-02-19T01:13:59+01:00","inLanguage":"da-DK","mainEntityOfPage":{"@id":"https:\/\/blog.proofs.de\/da\/das-fogra-colormanagement-symposium-2024-in-muenchen-startet\/#webpage"},"isPartOf":{"@id":"https:\/\/blog.proofs.de\/da\/das-fogra-colormanagement-symposium-2024-in-muenchen-startet\/#webpage"},"articleSection":"Allgemein, Alexander Demmler, CMS2024, Fluoreszenz, Fogra, Fogra Mitglied, GMG, Hanno Hoffstadt, Lacunasolutions, OBA, Softproof, Spectraproof"},{"@type":"BreadcrumbList","@id":"https:\/\/blog.proofs.de\/da\/das-fogra-colormanagement-symposium-2024-in-muenchen-startet\/#breadcrumblist","itemListElement":[{"@type":"ListItem","@id":"https:\/\/blog.proofs.de\/da#listItem","position":1,"name":"Home","item":"https:\/\/blog.proofs.de\/da","nextItem":{"@type":"ListItem","@id":"https:\/\/blog.proofs.de\/da\/thema\/allgemein\/#listItem","name":"Allgemein"}},{"@type":"ListItem","@id":"https:\/\/blog.proofs.de\/da\/thema\/allgemein\/#listItem","position":2,"name":"Allgemein","item":"https:\/\/blog.proofs.de\/da\/thema\/allgemein\/","nextItem":{"@type":"ListItem","@id":"https:\/\/blog.proofs.de\/da\/das-fogra-colormanagement-symposium-2024-in-muenchen-startet\/#listItem","name":"Das Fogra Colormanagement Symposium 2024 in M\u00fcnchen startet"},"previousItem":{"@type":"ListItem","@id":"https:\/\/blog.proofs.de\/da#listItem","name":"Home"}},{"@type":"ListItem","@id":"https:\/\/blog.proofs.de\/da\/das-fogra-colormanagement-symposium-2024-in-muenchen-startet\/#listItem","position":3,"name":"Das Fogra Colormanagement Symposium 2024 in M\u00fcnchen startet","previousItem":{"@type":"ListItem","@id":"https:\/\/blog.proofs.de\/da\/thema\/allgemein\/#listItem","name":"Allgemein"}}]},{"@type":"Organization","@id":"https:\/\/blog.proofs.de\/da\/#organization","name":"Proof GmbH","description":"Farbverbindlicher Proof, Farbproof, Digitalproof und Online-Proof.","url":"https:\/\/blog.proofs.de\/da\/","telephone":"+4970717952740","logo":{"@type":"ImageObject","url":"https:\/\/blog1.proofen.de\/wp-content\/uploads\/2019\/09\/logo_proof_rgb_mit_balken_250px.png","@id":"https:\/\/blog.proofs.de\/da\/das-fogra-colormanagement-symposium-2024-in-muenchen-startet\/#organizationLogo"},"image":{"@id":"https:\/\/blog.proofs.de\/da\/das-fogra-colormanagement-symposium-2024-in-muenchen-startet\/#organizationLogo"},"sameAs":["https:\/\/www.facebook.com\/Proof.de\/","https:\/\/www.instagram.com\/proof.de\/","https:\/\/www.tiktok.com\/@proof_de","https:\/\/www.youtube.com\/channel\/UCk80fQVQ25wC9wu3SywB-Nw","https:\/\/www.linkedin.com\/company\/proof-de"]},{"@type":"Person","@id":"https:\/\/blog.proofs.de\/da\/author\/mbetz\/#author","url":"https:\/\/blog.proofs.de\/da\/author\/mbetz\/","name":"Matthias Betz","image":{"@type":"ImageObject","@id":"https:\/\/blog.proofs.de\/da\/das-fogra-colormanagement-symposium-2024-in-muenchen-startet\/#authorImage","url":"https:\/\/blog.proofs.de\/wp-content\/uploads\/2020\/10\/matthias-betz-e1603934518350-150x150.png","width":96,"height":96,"caption":"Matthias Betz"}},{"@type":"WebPage","@id":"https:\/\/blog.proofs.de\/da\/das-fogra-colormanagement-symposium-2024-in-muenchen-startet\/#webpage","url":"https:\/\/blog.proofs.de\/da\/das-fogra-colormanagement-symposium-2024-in-muenchen-startet\/","name":"Das Colormanagement Symposium 2024 startet | proof.de","description":"Ab Mittwoch, dem 21.2.2024 findet wieder das zweit\u00e4tige Farbmanagement-Symposium der Fogra in M\u00fcnchen statt.","inLanguage":"da-DK","isPartOf":{"@id":"https:\/\/blog.proofs.de\/da\/#website"},"breadcrumb":{"@id":"https:\/\/blog.proofs.de\/da\/das-fogra-colormanagement-symposium-2024-in-muenchen-startet\/#breadcrumblist"},"author":{"@id":"https:\/\/blog.proofs.de\/da\/author\/mbetz\/#author"},"creator":{"@id":"https:\/\/blog.proofs.de\/da\/author\/mbetz\/#author"},"image":{"@type":"ImageObject","url":"https:\/\/blog.proofs.de\/wp-content\/uploads\/2024\/02\/Fogra_Colormanagement_Symposium_2024.png","@id":"https:\/\/blog.proofs.de\/da\/das-fogra-colormanagement-symposium-2024-in-muenchen-startet\/#mainImage","width":1678,"height":1912,"caption":"Logo des Fogra Colour Management Symposium 2024 M\u00fcnchen"},"primaryImageOfPage":{"@id":"https:\/\/blog.proofs.de\/da\/das-fogra-colormanagement-symposium-2024-in-muenchen-startet\/#mainImage"},"datePublished":"2024-02-19T01:13:56+01:00","dateModified":"2024-02-19T01:13:59+01:00"},{"@type":"WebSite","@id":"https:\/\/blog.proofs.de\/da\/#website","url":"https:\/\/blog.proofs.de\/da\/","name":"Proof.de","description":"Farbverbindlicher Proof, Farbproof, Digitalproof und Online-Proof.","inLanguage":"da-DK","publisher":{"@id":"https:\/\/blog.proofs.de\/da\/#organization"}}]},"og:locale":"da_DK","og:site_name":"Proof.de | Alles zu Proof, Farbmanagement, Grafik, Messtechnik &amp; Co.","og:type":"article","og:title":"Das Colormanagement Symposium 2024 startet | proof.de","og:description":"Ab Mittwoch, dem 21.2.2024 findet wieder das zweit\u00e4tige Farbmanagement-Symposium der Fogra in M\u00fcnchen statt.","og:url":"https:\/\/blog.proofs.de\/da\/das-fogra-colormanagement-symposium-2024-in-muenchen-startet\/","og:image":"https:\/\/blog.proofs.de\/wp-content\/uploads\/2024\/02\/Fogra_Colormanagement_Symposium_2024.png","og:image:secure_url":"https:\/\/blog.proofs.de\/wp-content\/uploads\/2024\/02\/Fogra_Colormanagement_Symposium_2024.png","og:image:width":1678,"og:image:height":1912,"article:published_time":"2024-02-19T00:13:56+00:00","article:modified_time":"2024-02-19T00:13:59+00:00","article:publisher":"https:\/\/www.facebook.com\/Proof.de\/","twitter:card":"summary","twitter:title":"Das Colormanagement Symposium 2024 startet | proof.de","twitter:description":"Ab Mittwoch, dem 21.2.2024 findet wieder das zweit\u00e4tige Farbmanagement-Symposium der Fogra in M\u00fcnchen statt.","twitter:image":"https:\/\/blog.proofs.de\/wp-content\/uploads\/2024\/02\/Fogra_Colormanagement_Symposium_2024.png"},"aioseo_meta_data":{"post_id":"5604","title":"Colour Management Symposium 2024 starter | proof.de","description":"Fogra's todages symposium om farvestyring finder igen sted i M\u00fcnchen fra onsdag den 21.2.2024.","keywords":[],"keyphrases":{"focus":{"keyphrase":"","score":0,"analysis":{"keyphraseInTitle":{"score":0,"maxScore":9,"error":1}}},"additional":[]},"primary_term":null,"canonical_url":null,"og_title":null,"og_description":null,"og_object_type":"default","og_image_type":"default","og_image_url":null,"og_image_width":null,"og_image_height":null,"og_image_custom_url":null,"og_image_custom_fields":null,"og_video":"","og_custom_url":null,"og_article_section":null,"og_article_tags":[],"twitter_use_og":true,"twitter_card":"default","twitter_image_type":"default","twitter_image_url":null,"twitter_image_custom_url":null,"twitter_image_custom_fields":null,"twitter_title":null,"twitter_description":null,"schema":{"blockGraphs":[],"customGraphs":[],"default":{"data":{"Article":[],"Course":[],"Dataset":[],"FAQPage":[],"Movie":[],"Person":[],"Product":[],"ProductReview":[],"Car":[],"Recipe":[],"Service":[],"SoftwareApplication":[],"WebPage":[]},"graphName":"Article","isEnabled":true},"graphs":[]},"schema_type":"default","schema_type_options":null,"pillar_content":false,"robots_default":true,"robots_noindex":false,"robots_noarchive":false,"robots_nosnippet":false,"robots_nofollow":false,"robots_noimageindex":false,"robots_noodp":false,"robots_notranslate":false,"robots_max_snippet":"-1","robots_max_videopreview":"-1","robots_max_imagepreview":"large","priority":null,"frequency":"default","local_seo":null,"breadcrumb_settings":null,"limit_modified_date":false,"ai":null,"created":"2024-02-18 23:38:52","updated":"2025-06-04 14:29:05","seo_analyzer_scan_date":null,"focus_keyword":null,"additional_keywords":null,"truseo_locale":null},"_links":{"self":[{"href":"https:\/\/blog.proofs.de\/da\/wp-json\/wp\/v2\/posts\/5604","targetHints":{"allow":["GET"]}}],"collection":[{"href":"https:\/\/blog.proofs.de\/da\/wp-json\/wp\/v2\/posts"}],"about":[{"href":"https:\/\/blog.proofs.de\/da\/wp-json\/wp\/v2\/types\/post"}],"author":[{"embeddable":true,"href":"https:\/\/blog.proofs.de\/da\/wp-json\/wp\/v2\/users\/2"}],"replies":[{"embeddable":true,"href":"https:\/\/blog.proofs.de\/da\/wp-json\/wp\/v2\/comments?post=5604"}],"version-history":[{"count":1,"href":"https:\/\/blog.proofs.de\/da\/wp-json\/wp\/v2\/posts\/5604\/revisions"}],"predecessor-version":[{"id":5606,"href":"https:\/\/blog.proofs.de\/da\/wp-json\/wp\/v2\/posts\/5604\/revisions\/5606"}],"wp:featuredmedia":[{"embeddable":true,"href":"https:\/\/blog.proofs.de\/da\/wp-json\/wp\/v2\/media\/5605"}],"wp:attachment":[{"href":"https:\/\/blog.proofs.de\/da\/wp-json\/wp\/v2\/media?parent=5604"}],"wp:term":[{"taxonomy":"category","embeddable":true,"href":"https:\/\/blog.proofs.de\/da\/wp-json\/wp\/v2\/categories?post=5604"},{"taxonomy":"post_tag","embeddable":true,"href":"https:\/\/blog.proofs.de\/da\/wp-json\/wp\/v2\/tags?post=5604"}],"curies":[{"name":"wp","href":"https:\/\/api.w.org\/{rel}","templated":true}]}}