{"id":997,"date":"2014-07-01T15:37:40","date_gmt":"2014-07-01T13:37:40","guid":{"rendered":"http:\/\/www.proof.de\/?p=997"},"modified":"2020-04-16T01:20:38","modified_gmt":"2020-04-15T23:20:38","slug":"kontrakt-mediedesigner-farve-bindende-bevis-er-obligatorisk","status":"publish","type":"post","link":"https:\/\/blog.proofs.de\/da\/abschlusspruefung-mediengestalter-farbverbindliche-proofs-sind-pflicht\/","title":{"rendered":"Afsluttende eksamen for medieformgivere: farvepr\u00f8ver er obligatoriske"},"content":{"rendered":"<div class=\"kk-star-ratings kksr-auto kksr-align-right kksr-valign-top\" data-payload='{\"align\":\"right\",\"id\":\"997\",\"slug\":\"default\",\"valign\":\"top\",\"ignore\":\"\",\"reference\":\"auto\",\"class\":\"\",\"count\":\"0\",\"legendonly\":\"\",\"readonly\":\"\",\"score\":\"0\",\"starsonly\":\"\",\"best\":\"5\",\"gap\":\"5\",\"greet\":\"Jetzt bewerten\",\"legend\":\"0\\\/5 - (0 votes)\",\"size\":\"24\",\"title\":\"Abschlusspr&uuml;fung Mediengestalter: Farbverbindliche Proofs sind Pflicht\",\"width\":\"0\",\"_legend\":\"{score}\\\/{best} - ({count} {votes})\",\"font_factor\":\"1.25\"}'>\n            \n<div class=\"kksr-stars\">\n    \n<div class=\"kksr-stars-inactive\">\n            <div class=\"kksr-star\" data-star=\"1\" style=\"padding-right: 5px\">\n            \n\n<div class=\"kksr-icon\" style=\"width: 24px; height: 24px;\"><\/div>\n        <\/div>\n            <div class=\"kksr-star\" data-star=\"2\" style=\"padding-right: 5px\">\n            \n\n<div class=\"kksr-icon\" style=\"width: 24px; height: 24px;\"><\/div>\n        <\/div>\n            <div class=\"kksr-star\" data-star=\"3\" style=\"padding-right: 5px\">\n            \n\n<div class=\"kksr-icon\" style=\"width: 24px; height: 24px;\"><\/div>\n        <\/div>\n            <div class=\"kksr-star\" data-star=\"4\" style=\"padding-right: 5px\">\n            \n\n<div class=\"kksr-icon\" style=\"width: 24px; height: 24px;\"><\/div>\n        <\/div>\n            <div class=\"kksr-star\" data-star=\"5\" style=\"padding-right: 5px\">\n            \n\n<div class=\"kksr-icon\" style=\"width: 24px; height: 24px;\"><\/div>\n        <\/div>\n    <\/div>\n    \n<div class=\"kksr-stars-active\" style=\"width: 0px;\">\n            <div class=\"kksr-star\" style=\"padding-right: 5px\">\n            \n\n<div class=\"kksr-icon\" style=\"width: 24px; height: 24px;\"><\/div>\n        <\/div>\n            <div class=\"kksr-star\" style=\"padding-right: 5px\">\n            \n\n<div class=\"kksr-icon\" style=\"width: 24px; height: 24px;\"><\/div>\n        <\/div>\n            <div class=\"kksr-star\" style=\"padding-right: 5px\">\n            \n\n<div class=\"kksr-icon\" style=\"width: 24px; height: 24px;\"><\/div>\n        <\/div>\n            <div class=\"kksr-star\" style=\"padding-right: 5px\">\n            \n\n<div class=\"kksr-icon\" style=\"width: 24px; height: 24px;\"><\/div>\n        <\/div>\n            <div class=\"kksr-star\" style=\"padding-right: 5px\">\n            \n\n<div class=\"kksr-icon\" style=\"width: 24px; height: 24px;\"><\/div>\n        <\/div>\n    <\/div>\n<\/div>\n                \n\n<div class=\"kksr-legend\" style=\"font-size: 19.2px;\">\n            <span class=\"kksr-muted\">Bed\u00f8m nu<\/span>\n    <\/div>\n    <\/div>\n<p>Siden 2010 har <em>Afsluttende eksamen Media Designer digital og print, speciale design og teknologi, print<\/em> i kommissoriet for den <a href=\"https:\/\/blog.proofs.de\/da\/lexikon\/zfa\/\" target=\"_self\" title='ZFA er &quot;Zentral Fachausschuss Berufsbildung Druck und Medien&quot;. I udvalgene udarbejder ZFA eksamensopgaverne for designere inden for digitale og trykte medier samt for mange andre medierelaterede erhverv.' class=\"encyclopedia\">ZFA<\/a> (Det centrale tekniske udvalg for erhvervsuddannelse, tryksager og medier) a <a href=\"https:\/\/blog.proofs.de\/da\/lexikon\/proof\/\" target=\"_self\" title=\"Et proof (korrekt: kontraktproof) er en ISO 12647-7-certificeret proofinganordning til den grafiske industri. Et korrekturtryk simulerer farven ved offset- eller dybtryk p\u00e5 en farve- og juridisk bindende m\u00e5de inden for de sn\u00e6vre tolerancer i ISO-standarden.\" class=\"encyclopedia\">Bevis<\/a> er p\u00e5kr\u00e6vet. Som et ensartet kontrolmiddel kan en <a href=\"https:\/\/blog.proofs.de\/da\/lexikon\/ugra\/\" target=\"_self\" title=\"UGRA er et ekspertisecenter for medie- og trykteknologi.\" class=\"encyclopedia\">UGRA<\/a>\/<a href=\"https:\/\/blog.proofs.de\/da\/lexikon\/fogra\/\" target=\"_self\" title=\"Fogra Forschungsgesellschaft Druck e.V., med hjemsted i M\u00fcnchen.\" class=\"encyclopedia\">Fogra<\/a> <a href=\"https:\/\/blog.proofs.de\/da\/lexikon\/medienkeil\/\" target=\"_self\" title=\"En mediekile er et standardiseret testm\u00f8nster, der bruges i trykkeribranchen og til farvestyring. Mediekilen best\u00e5r af en r\u00e6kke farvefelter med kendte farvev\u00e6rdier og farveintensiteter. Det bruges til at kontrollere farven\u00f8jagtigheden og farvegengivelsen af udskrifter, is\u00e6r n\u00e5r man kalibrerer farvestyringssystemer. Mediekilen indeholder en r\u00e6kke farvefelter med forskellige farver, herunder...\" class=\"encyclopedia\">Medie kile<\/a> 2.0 er vedlagt eksamens-cd'en og kan placeres ved siden af eksamensopgaven i beviset.<\/p>\n<p>Indtil nu har ZFA <a href=\"https:\/\/blog.proofs.de\/da\/lexikon\/led\/\" target=\"_self\" title='En LED er en &quot;light-emitting diode&quot; og st\u00e5r i den grafiske branche for det nye &quot;LED&quot;-lys, som har erstattet \u00e6ldre lyskilder som neonr\u00f8r og wolframlamper. Neonr\u00f8r er hovedsageligt kendt fra D50- eller D65-standardlysomr\u00e5det, mens wolframlyskilder hovedsageligt blev brugt i farvem\u00e5lingsenheder som spektrofotometre og farvem\u00e5lere....' class=\"encyclopedia\">led<\/a>Kun en korrektur eller en farvekorrekt udskrift var p\u00e5kr\u00e6vet. Specifikt skrev hun, at kandidaten skal \"sikre, at outputenheden er korrekt kalibreret til den specifikke enhed, f\u00f8r han udskriver sin eksamensopgave. Dette kan for eksempel g\u00f8res ved at m\u00e5le ved hj\u00e6lp af <a href=\"https:\/\/blog.proofs.de\/da\/lexikon\/densitometer\/\" target=\"_self\" title=\"Densitometre m\u00e5ler farvet\u00e6theden og den optiske t\u00e6thed. Densitometre til indfaldslys m\u00e5ler prints eller fotografiske prints, mens densitometre til gennemlys m\u00e5ler film til trykplader eller Si-print, diasfilm og negativfilm.\" class=\"encyclopedia\">Densitometer<\/a>s og den efterf\u00f8lgende profiljustering vil finde sted.\"<\/p>\n<p>I praksis var dette dog n\u00e6ppe muligt for en eksaminand. Derfor har ZFA nu standardiseret kravet og foreskriver nu farvebinding. <a href=\"https:\/\/blog.proofs.de\/da\/lexikon\/proofs\/\" target=\"_self\" title=\"I trykkeribranchen henviser pr\u00f8vetryk (eller proofprints) til den farve- og juridisk bindende simulering af et trykresultat til kontrolform\u00e5l. Den standard, der er ansvarlig for korrekturtryk, er ISO 12647-7:2016, dvs. den aktuelle revision fra 2016.\" class=\"encyclopedia\">Beviser<\/a> med mediekiler: \"<strong>Ved den praktiske afsluttende pr\u00f8ve, farvebinding <a href=\"https:\/\/blog.proofs.de\/da\/lexikon\/digitalproofs\/\" target=\"_self\" title=\"Digitale korrekturpr\u00f8ver (korrekt: kontraktpr\u00f8ver) er et ISO-certificeret korrekturv\u00e6rkt\u00f8j til den grafiske industri. Digitale korrekturpr\u00f8ver simulerer farverne fra offset- eller dybtryk p\u00e5 en farve- og juridisk bindende m\u00e5de inden for de sn\u00e6vre tolerancer i ISO 12647-7. I dag beregnes de n\u00e6sten udelukkende via et RIP og produceres derefter med inkjetprintere p\u00e5 s\u00e6rligt korrekturpapir.\" class=\"encyclopedia\">Digitale korrekturlister<\/a> afleveres til bed\u00f8mmelse af eksamensopgaverne<\/strong>. Hvis der ikke er en Ugra\/Fogra-mediekile til r\u00e5dighed i dit pr\u00f8vetrykssystem, kan den fra cd-rom'en b<a href=\"https:\/\/blog.proofs.de\/da\/lexikon\/efi\/\" target=\"_self\" title=\"Electronics For Imaging Inc. er en amerikansk virksomhed og producent af et af verdens f\u00f8rende proofing-systemer: EFI Colorproof XF, siden 2013: Fiery XF. EFI er en leverand\u00f8r af l\u00f8sninger til store tryksystemer, RIP&#039;er og farveh\u00e5ndteringsl\u00f8sninger som f.eks. proofing.\" class=\"encyclopedia\">efi<\/a>Ugra\/Fogra_Medienkeil V2.0 (MEDIENKEIL_ZFA.PDF)\".<\/p>\n<p><strong>Udgifterne til disse beviser skal afholdes af uddannelsesvirksomheden.<\/strong>da beviserne er en del af den afsluttende eksamen. Ved den afsluttende eksamen for medieformgivere 2014 skal kandidaterne have fremstillet mindst 2 A3+-pr\u00f8ver og 3 A4-pr\u00f8ver; Proof.de koster 62 euro netto for pr\u00f8vetrykkene med forsendelse. Da fristerne nogle gange er s\u00e5 korte, at pr\u00f8vetrykkene skal sendes med ekspresforsendelse, kan der v\u00e6re ekstra omkostninger p\u00e5 15 euro for ekspresforsendelse inden kl. 12.00 eller 35 euro for ekspresforsendelse inden kl. 9.00. Omkostningerne for uddannelsesvirksomheden er derfor ikke lave.<\/p>","protected":false},"excerpt":{"rendered":"<p>Siden 2010 har ZFA (Zentraler Fachausschuss Berufsbildung Druck und Medien) kr\u00e6vet et bevis til den afsluttende eksamen for digitale og trykte mediedesignere med speciale i design og teknologi, print. Som et standardiseret kontrolmiddel er en UGRA\/Fogra Media Wedge 2.0 inkluderet p\u00e5 eksamens-cd'en og kan placeres ved siden af eksamensopgaven i korrekturet. Tidligere havde ZFA kun kr\u00e6vet et korrektur eller et farvekorrekt print. Specifikt skrev de, at kandidaten skal \"sikre den korrekte enhedsspecifikke kalibrering af outputenheden, f\u00f8r de udsender deres eksamensopgave. Dette kan f.eks. g\u00f8res ved at m\u00e5le ved hj\u00e6lp af ... <\/p>\n<p class=\"read-more-container\"><a title=\"Afsluttende eksamen for medieformgivere: farvepr\u00f8ver er obligatoriske\" class=\"read-more button\" href=\"https:\/\/blog.proofs.de\/da\/abschlusspruefung-mediengestalter-farbverbindliche-proofs-sind-pflicht\/#more-997\" aria-label=\"L\u00e6s mere om Afsluttende eksamen for mediedesignere: farvepr\u00f8ver er obligatoriske\">L\u00e6s mere her<\/a><\/p>","protected":false},"author":2,"featured_media":0,"comment_status":"open","ping_status":"open","sticky":false,"template":"","format":"standard","meta":{"om_disable_all_campaigns":false,"inline_featured_image":false,"_monsterinsights_skip_tracking":false,"footnotes":""},"categories":[341,1,443],"tags":[339,560,520,340,19,519,342],"class_list":["post-997","post","type-post","status-publish","format-standard","hentry","category-abschlusspruefung-mediengestalter","category-allgemein","category-haeufige-fragen-zu-proofs","tag-abschlusspruefung","tag-die-abschlusspruefung-mediengestalter","tag-digitalproof","tag-mediengestalter","tag-medienkeil","tag-proof","tag-zfa","generate-columns","tablet-grid-50","mobile-grid-100","grid-parent","grid-50","no-featured-image-padding"],"aioseo_notices":[],"aioseo_head":"\n\t\t<!-- All in One SEO 5.0.1.1 - aioseo.com -->\n\t<meta name=\"description\" content=\"Die ZFA hat ihre Anforderungen f\u00fcr die Abschlusspr\u00fcfung Mediengestalter konkretisiert: Farbverbindliche Digitalproofs sind jetzt f\u00fcr die Pr\u00fcflinge Pflicht.\" \/>\n\t<meta name=\"robots\" content=\"max-image-preview:large\" \/>\n\t<meta name=\"author\" content=\"Matthias Betz\"\/>\n\t<meta name=\"google-site-verification\" content=\"TuXxyRwxcEg2-WfOaQ8vScWQh3-uBAnxXmY7g3GT90A\" \/>\n\t<meta name=\"keywords\" content=\"abschlusspr\u00fcfung,mediengestalter,abschlusspr\u00fcfung mediengestalter,proof,digitalproof,zfa,medienkeil,die abschlusspr\u00fcfung mediengestalter\" \/>\n\t<link rel=\"canonical\" href=\"https:\/\/blog.proofs.de\/da\/abschlusspruefung-mediengestalter-farbverbindliche-proofs-sind-pflicht\/\" \/>\n\t<meta name=\"generator\" content=\"All in One SEO (AIOSEO) 5.0.1.1\" \/>\n\n\t\t<meta name=\"seobility\" content=\"593a8578143db71543f014978c690d47\">\n\t\t<meta property=\"og:locale\" content=\"da_DK\" \/>\n\t\t<meta property=\"og:site_name\" content=\"Proof.de | Alles zu Proof, Farbmanagement, Grafik, Messtechnik &amp; Co.\" \/>\n\t\t<meta property=\"og:type\" content=\"article\" \/>\n\t\t<meta property=\"og:title\" content=\"Abschlusspr\u00fcfung Mediengestalter: Proofs Pflicht | proof.de\" \/>\n\t\t<meta property=\"og:description\" content=\"Die ZFA hat ihre Anforderungen f\u00fcr die Abschlusspr\u00fcfung Mediengestalter konkretisiert: Farbverbindliche Digitalproofs sind jetzt f\u00fcr die Pr\u00fcflinge Pflicht.\" \/>\n\t\t<meta property=\"og:url\" content=\"https:\/\/blog.proofs.de\/da\/abschlusspruefung-mediengestalter-farbverbindliche-proofs-sind-pflicht\/\" \/>\n\t\t<meta property=\"og:image\" content=\"https:\/\/blog1.proofen.de\/wp-content\/uploads\/2020\/04\/proof_background.jpg\" \/>\n\t\t<meta property=\"og:image:secure_url\" content=\"https:\/\/blog1.proofen.de\/wp-content\/uploads\/2020\/04\/proof_background.jpg\" \/>\n\t\t<meta property=\"article:published_time\" content=\"2014-07-01T13:37:40+00:00\" \/>\n\t\t<meta property=\"article:modified_time\" content=\"2020-04-15T23:20:38+00:00\" \/>\n\t\t<meta property=\"article:publisher\" content=\"https:\/\/www.facebook.com\/Proof.de\/\" \/>\n\t\t<meta name=\"twitter:card\" content=\"summary\" \/>\n\t\t<meta name=\"twitter:title\" content=\"Abschlusspr\u00fcfung Mediengestalter: Proofs Pflicht | proof.de\" \/>\n\t\t<meta name=\"twitter:description\" content=\"Die ZFA hat ihre Anforderungen f\u00fcr die Abschlusspr\u00fcfung Mediengestalter konkretisiert: Farbverbindliche Digitalproofs sind jetzt f\u00fcr die Pr\u00fcflinge Pflicht.\" \/>\n\t\t<meta name=\"twitter:image\" content=\"https:\/\/blog1.proofen.de\/wp-content\/uploads\/2020\/04\/proof_background.jpg\" \/>\n\t\t<script type=\"application\/ld+json\" class=\"aioseo-schema\">\n\t\t\t{\"@context\":\"https:\\\/\\\/schema.org\",\"@graph\":[{\"@type\":\"Article\",\"@id\":\"https:\\\/\\\/blog.proofs.de\\\/da\\\/abschlusspruefung-mediengestalter-farbverbindliche-proofs-sind-pflicht\\\/#article\",\"name\":\"Abschlusspr\\u00fcfung Mediengestalter: Proofs Pflicht | proof.de\",\"headline\":\"Abschlusspr\\u00fcfung Mediengestalter: Farbverbindliche Proofs sind Pflicht\",\"author\":{\"@id\":\"https:\\\/\\\/blog.proofs.de\\\/da\\\/author\\\/mbetz\\\/#author\"},\"publisher\":{\"@id\":\"https:\\\/\\\/blog.proofs.de\\\/da\\\/#organization\"},\"image\":{\"@type\":\"ImageObject\",\"url\":\"https:\\\/\\\/blog1.proofen.de\\\/wp-content\\\/uploads\\\/2019\\\/09\\\/logo_proof_rgb_mit_balken_250px.png\",\"@id\":\"https:\\\/\\\/blog.proofs.de\\\/da\\\/#articleImage\"},\"datePublished\":\"2014-07-01T15:37:40+02:00\",\"dateModified\":\"2020-04-16T01:20:38+02:00\",\"inLanguage\":\"da-DK\",\"mainEntityOfPage\":{\"@id\":\"https:\\\/\\\/blog.proofs.de\\\/da\\\/abschlusspruefung-mediengestalter-farbverbindliche-proofs-sind-pflicht\\\/#webpage\"},\"isPartOf\":{\"@id\":\"https:\\\/\\\/blog.proofs.de\\\/da\\\/abschlusspruefung-mediengestalter-farbverbindliche-proofs-sind-pflicht\\\/#webpage\"},\"articleSection\":\"Abschlusspr\\u00fcfung Mediengestalter, Allgemein, H\\u00e4ufige Fragen zu Proofs, Abschlusspr\\u00fcfung, Die Abschlusspr\\u00fcfung Mediengestalter, Digitalproof, Mediengestalter, Medienkeil, Proof, ZFA\"},{\"@type\":\"BreadcrumbList\",\"@id\":\"https:\\\/\\\/blog.proofs.de\\\/da\\\/abschlusspruefung-mediengestalter-farbverbindliche-proofs-sind-pflicht\\\/#breadcrumblist\",\"itemListElement\":[{\"@type\":\"ListItem\",\"@id\":\"https:\\\/\\\/blog.proofs.de\\\/da#listItem\",\"position\":1,\"name\":\"Home\",\"item\":\"https:\\\/\\\/blog.proofs.de\\\/da\",\"nextItem\":{\"@type\":\"ListItem\",\"@id\":\"https:\\\/\\\/blog.proofs.de\\\/da\\\/thema\\\/proof-wissen\\\/#listItem\",\"name\":\"Proof Wissen\"}},{\"@type\":\"ListItem\",\"@id\":\"https:\\\/\\\/blog.proofs.de\\\/da\\\/thema\\\/proof-wissen\\\/#listItem\",\"position\":2,\"name\":\"Proof Wissen\",\"item\":\"https:\\\/\\\/blog.proofs.de\\\/da\\\/thema\\\/proof-wissen\\\/\",\"nextItem\":{\"@type\":\"ListItem\",\"@id\":\"https:\\\/\\\/blog.proofs.de\\\/da\\\/thema\\\/proof-wissen\\\/abschlusspruefung-mediengestalter\\\/#listItem\",\"name\":\"Abschlusspr\\u00fcfung Mediengestalter\"},\"previousItem\":{\"@type\":\"ListItem\",\"@id\":\"https:\\\/\\\/blog.proofs.de\\\/da#listItem\",\"name\":\"Home\"}},{\"@type\":\"ListItem\",\"@id\":\"https:\\\/\\\/blog.proofs.de\\\/da\\\/thema\\\/proof-wissen\\\/abschlusspruefung-mediengestalter\\\/#listItem\",\"position\":3,\"name\":\"Abschlusspr\\u00fcfung Mediengestalter\",\"item\":\"https:\\\/\\\/blog.proofs.de\\\/da\\\/thema\\\/proof-wissen\\\/abschlusspruefung-mediengestalter\\\/\",\"nextItem\":{\"@type\":\"ListItem\",\"@id\":\"https:\\\/\\\/blog.proofs.de\\\/da\\\/abschlusspruefung-mediengestalter-farbverbindliche-proofs-sind-pflicht\\\/#listItem\",\"name\":\"Abschlusspr\\u00fcfung Mediengestalter: Farbverbindliche Proofs sind Pflicht\"},\"previousItem\":{\"@type\":\"ListItem\",\"@id\":\"https:\\\/\\\/blog.proofs.de\\\/da\\\/thema\\\/proof-wissen\\\/#listItem\",\"name\":\"Proof Wissen\"}},{\"@type\":\"ListItem\",\"@id\":\"https:\\\/\\\/blog.proofs.de\\\/da\\\/abschlusspruefung-mediengestalter-farbverbindliche-proofs-sind-pflicht\\\/#listItem\",\"position\":4,\"name\":\"Abschlusspr\\u00fcfung Mediengestalter: Farbverbindliche Proofs sind Pflicht\",\"previousItem\":{\"@type\":\"ListItem\",\"@id\":\"https:\\\/\\\/blog.proofs.de\\\/da\\\/thema\\\/proof-wissen\\\/abschlusspruefung-mediengestalter\\\/#listItem\",\"name\":\"Abschlusspr\\u00fcfung Mediengestalter\"}}]},{\"@type\":\"Organization\",\"@id\":\"https:\\\/\\\/blog.proofs.de\\\/da\\\/#organization\",\"name\":\"Proof GmbH\",\"description\":\"Farbverbindlicher Proof, Farbproof, Digitalproof und Online-Proof.\",\"url\":\"https:\\\/\\\/blog.proofs.de\\\/da\\\/\",\"telephone\":\"+4970717952740\",\"logo\":{\"@type\":\"ImageObject\",\"url\":\"https:\\\/\\\/blog1.proofen.de\\\/wp-content\\\/uploads\\\/2019\\\/09\\\/logo_proof_rgb_mit_balken_250px.png\",\"@id\":\"https:\\\/\\\/blog.proofs.de\\\/da\\\/abschlusspruefung-mediengestalter-farbverbindliche-proofs-sind-pflicht\\\/#organizationLogo\"},\"image\":{\"@id\":\"https:\\\/\\\/blog.proofs.de\\\/da\\\/abschlusspruefung-mediengestalter-farbverbindliche-proofs-sind-pflicht\\\/#organizationLogo\"},\"sameAs\":[\"https:\\\/\\\/www.facebook.com\\\/Proof.de\\\/\",\"https:\\\/\\\/www.instagram.com\\\/proof.de\\\/\",\"https:\\\/\\\/www.tiktok.com\\\/@proof_de\",\"https:\\\/\\\/www.youtube.com\\\/channel\\\/UCk80fQVQ25wC9wu3SywB-Nw\",\"https:\\\/\\\/www.linkedin.com\\\/company\\\/proof-de\"]},{\"@type\":\"Person\",\"@id\":\"https:\\\/\\\/blog.proofs.de\\\/da\\\/author\\\/mbetz\\\/#author\",\"url\":\"https:\\\/\\\/blog.proofs.de\\\/da\\\/author\\\/mbetz\\\/\",\"name\":\"Matthias Betz\",\"image\":{\"@type\":\"ImageObject\",\"@id\":\"https:\\\/\\\/blog.proofs.de\\\/da\\\/abschlusspruefung-mediengestalter-farbverbindliche-proofs-sind-pflicht\\\/#authorImage\",\"url\":\"https:\\\/\\\/blog.proofs.de\\\/wp-content\\\/uploads\\\/2020\\\/10\\\/matthias-betz-e1603934518350-150x150.png\",\"width\":96,\"height\":96,\"caption\":\"Matthias Betz\"}},{\"@type\":\"WebPage\",\"@id\":\"https:\\\/\\\/blog.proofs.de\\\/da\\\/abschlusspruefung-mediengestalter-farbverbindliche-proofs-sind-pflicht\\\/#webpage\",\"url\":\"https:\\\/\\\/blog.proofs.de\\\/da\\\/abschlusspruefung-mediengestalter-farbverbindliche-proofs-sind-pflicht\\\/\",\"name\":\"Abschlusspr\\u00fcfung Mediengestalter: Proofs Pflicht | proof.de\",\"description\":\"Die ZFA hat ihre Anforderungen f\\u00fcr die Abschlusspr\\u00fcfung Mediengestalter konkretisiert: Farbverbindliche Digitalproofs sind jetzt f\\u00fcr die Pr\\u00fcflinge Pflicht.\",\"inLanguage\":\"da-DK\",\"isPartOf\":{\"@id\":\"https:\\\/\\\/blog.proofs.de\\\/da\\\/#website\"},\"breadcrumb\":{\"@id\":\"https:\\\/\\\/blog.proofs.de\\\/da\\\/abschlusspruefung-mediengestalter-farbverbindliche-proofs-sind-pflicht\\\/#breadcrumblist\"},\"author\":{\"@id\":\"https:\\\/\\\/blog.proofs.de\\\/da\\\/author\\\/mbetz\\\/#author\"},\"creator\":{\"@id\":\"https:\\\/\\\/blog.proofs.de\\\/da\\\/author\\\/mbetz\\\/#author\"},\"datePublished\":\"2014-07-01T15:37:40+02:00\",\"dateModified\":\"2020-04-16T01:20:38+02:00\"},{\"@type\":\"WebSite\",\"@id\":\"https:\\\/\\\/blog.proofs.de\\\/da\\\/#website\",\"url\":\"https:\\\/\\\/blog.proofs.de\\\/da\\\/\",\"name\":\"Proof.de\",\"description\":\"Farbverbindlicher Proof, Farbproof, Digitalproof und Online-Proof.\",\"inLanguage\":\"da-DK\",\"publisher\":{\"@id\":\"https:\\\/\\\/blog.proofs.de\\\/da\\\/#organization\"}}]}\n\t\t<\/script>\n\t\t<!-- All in One SEO -->\n\n","aioseo_head_json":{"title":"Afsluttende eksamen mediedesigner: Korrektur obligatorisk | proof.de","description":"ZFA har pr\u00e6ciseret sine krav til den afsluttende eksamen for mediedesignere: Farvekompatible digitale korrekturer er nu obligatoriske for eksaminanderne.","canonical_url":"https:\/\/blog.proofs.de\/da\/abschlusspruefung-mediengestalter-farbverbindliche-proofs-sind-pflicht\/","robots":"max-image-preview:large","keywords":"abschlusspr\u00fcfung,mediengestalter,abschlusspr\u00fcfung mediengestalter,proof,digitalproof,zfa,medienkeil,die abschlusspr\u00fcfung mediengestalter","webmasterTools":{"google-site-verification":"TuXxyRwxcEg2-WfOaQ8vScWQh3-uBAnxXmY7g3GT90A","miscellaneous":"&lt;meta name=\"seobility\" content=\"593a8578143db71543f014978c690d47\"&gt;"},"schema":{"@context":"https:\/\/schema.org","@graph":[{"@type":"Article","@id":"https:\/\/blog.proofs.de\/da\/abschlusspruefung-mediengestalter-farbverbindliche-proofs-sind-pflicht\/#article","name":"Abschlusspr\u00fcfung Mediengestalter: Proofs Pflicht | proof.de","headline":"Abschlusspr\u00fcfung Mediengestalter: Farbverbindliche Proofs sind Pflicht","author":{"@id":"https:\/\/blog.proofs.de\/da\/author\/mbetz\/#author"},"publisher":{"@id":"https:\/\/blog.proofs.de\/da\/#organization"},"image":{"@type":"ImageObject","url":"https:\/\/blog1.proofen.de\/wp-content\/uploads\/2019\/09\/logo_proof_rgb_mit_balken_250px.png","@id":"https:\/\/blog.proofs.de\/da\/#articleImage"},"datePublished":"2014-07-01T15:37:40+02:00","dateModified":"2020-04-16T01:20:38+02:00","inLanguage":"da-DK","mainEntityOfPage":{"@id":"https:\/\/blog.proofs.de\/da\/abschlusspruefung-mediengestalter-farbverbindliche-proofs-sind-pflicht\/#webpage"},"isPartOf":{"@id":"https:\/\/blog.proofs.de\/da\/abschlusspruefung-mediengestalter-farbverbindliche-proofs-sind-pflicht\/#webpage"},"articleSection":"Abschlusspr\u00fcfung Mediengestalter, Allgemein, H\u00e4ufige Fragen zu Proofs, Abschlusspr\u00fcfung, Die Abschlusspr\u00fcfung Mediengestalter, Digitalproof, Mediengestalter, Medienkeil, Proof, ZFA"},{"@type":"BreadcrumbList","@id":"https:\/\/blog.proofs.de\/da\/abschlusspruefung-mediengestalter-farbverbindliche-proofs-sind-pflicht\/#breadcrumblist","itemListElement":[{"@type":"ListItem","@id":"https:\/\/blog.proofs.de\/da#listItem","position":1,"name":"Home","item":"https:\/\/blog.proofs.de\/da","nextItem":{"@type":"ListItem","@id":"https:\/\/blog.proofs.de\/da\/thema\/proof-wissen\/#listItem","name":"Proof Wissen"}},{"@type":"ListItem","@id":"https:\/\/blog.proofs.de\/da\/thema\/proof-wissen\/#listItem","position":2,"name":"Proof Wissen","item":"https:\/\/blog.proofs.de\/da\/thema\/proof-wissen\/","nextItem":{"@type":"ListItem","@id":"https:\/\/blog.proofs.de\/da\/thema\/proof-wissen\/abschlusspruefung-mediengestalter\/#listItem","name":"Abschlusspr\u00fcfung Mediengestalter"},"previousItem":{"@type":"ListItem","@id":"https:\/\/blog.proofs.de\/da#listItem","name":"Home"}},{"@type":"ListItem","@id":"https:\/\/blog.proofs.de\/da\/thema\/proof-wissen\/abschlusspruefung-mediengestalter\/#listItem","position":3,"name":"Abschlusspr\u00fcfung Mediengestalter","item":"https:\/\/blog.proofs.de\/da\/thema\/proof-wissen\/abschlusspruefung-mediengestalter\/","nextItem":{"@type":"ListItem","@id":"https:\/\/blog.proofs.de\/da\/abschlusspruefung-mediengestalter-farbverbindliche-proofs-sind-pflicht\/#listItem","name":"Abschlusspr\u00fcfung Mediengestalter: Farbverbindliche Proofs sind Pflicht"},"previousItem":{"@type":"ListItem","@id":"https:\/\/blog.proofs.de\/da\/thema\/proof-wissen\/#listItem","name":"Proof Wissen"}},{"@type":"ListItem","@id":"https:\/\/blog.proofs.de\/da\/abschlusspruefung-mediengestalter-farbverbindliche-proofs-sind-pflicht\/#listItem","position":4,"name":"Abschlusspr\u00fcfung Mediengestalter: Farbverbindliche Proofs sind Pflicht","previousItem":{"@type":"ListItem","@id":"https:\/\/blog.proofs.de\/da\/thema\/proof-wissen\/abschlusspruefung-mediengestalter\/#listItem","name":"Abschlusspr\u00fcfung Mediengestalter"}}]},{"@type":"Organization","@id":"https:\/\/blog.proofs.de\/da\/#organization","name":"Proof GmbH","description":"Farbverbindlicher Proof, Farbproof, Digitalproof und Online-Proof.","url":"https:\/\/blog.proofs.de\/da\/","telephone":"+4970717952740","logo":{"@type":"ImageObject","url":"https:\/\/blog1.proofen.de\/wp-content\/uploads\/2019\/09\/logo_proof_rgb_mit_balken_250px.png","@id":"https:\/\/blog.proofs.de\/da\/abschlusspruefung-mediengestalter-farbverbindliche-proofs-sind-pflicht\/#organizationLogo"},"image":{"@id":"https:\/\/blog.proofs.de\/da\/abschlusspruefung-mediengestalter-farbverbindliche-proofs-sind-pflicht\/#organizationLogo"},"sameAs":["https:\/\/www.facebook.com\/Proof.de\/","https:\/\/www.instagram.com\/proof.de\/","https:\/\/www.tiktok.com\/@proof_de","https:\/\/www.youtube.com\/channel\/UCk80fQVQ25wC9wu3SywB-Nw","https:\/\/www.linkedin.com\/company\/proof-de"]},{"@type":"Person","@id":"https:\/\/blog.proofs.de\/da\/author\/mbetz\/#author","url":"https:\/\/blog.proofs.de\/da\/author\/mbetz\/","name":"Matthias Betz","image":{"@type":"ImageObject","@id":"https:\/\/blog.proofs.de\/da\/abschlusspruefung-mediengestalter-farbverbindliche-proofs-sind-pflicht\/#authorImage","url":"https:\/\/blog.proofs.de\/wp-content\/uploads\/2020\/10\/matthias-betz-e1603934518350-150x150.png","width":96,"height":96,"caption":"Matthias Betz"}},{"@type":"WebPage","@id":"https:\/\/blog.proofs.de\/da\/abschlusspruefung-mediengestalter-farbverbindliche-proofs-sind-pflicht\/#webpage","url":"https:\/\/blog.proofs.de\/da\/abschlusspruefung-mediengestalter-farbverbindliche-proofs-sind-pflicht\/","name":"Abschlusspr\u00fcfung Mediengestalter: Proofs Pflicht | proof.de","description":"Die ZFA hat ihre Anforderungen f\u00fcr die Abschlusspr\u00fcfung Mediengestalter konkretisiert: Farbverbindliche Digitalproofs sind jetzt f\u00fcr die Pr\u00fcflinge Pflicht.","inLanguage":"da-DK","isPartOf":{"@id":"https:\/\/blog.proofs.de\/da\/#website"},"breadcrumb":{"@id":"https:\/\/blog.proofs.de\/da\/abschlusspruefung-mediengestalter-farbverbindliche-proofs-sind-pflicht\/#breadcrumblist"},"author":{"@id":"https:\/\/blog.proofs.de\/da\/author\/mbetz\/#author"},"creator":{"@id":"https:\/\/blog.proofs.de\/da\/author\/mbetz\/#author"},"datePublished":"2014-07-01T15:37:40+02:00","dateModified":"2020-04-16T01:20:38+02:00"},{"@type":"WebSite","@id":"https:\/\/blog.proofs.de\/da\/#website","url":"https:\/\/blog.proofs.de\/da\/","name":"Proof.de","description":"Farbverbindlicher Proof, Farbproof, Digitalproof und Online-Proof.","inLanguage":"da-DK","publisher":{"@id":"https:\/\/blog.proofs.de\/da\/#organization"}}]},"og:locale":"da_DK","og:site_name":"Proof.de | Alles zu Proof, Farbmanagement, Grafik, Messtechnik &amp; Co.","og:type":"article","og:title":"Abschlusspr\u00fcfung Mediengestalter: Proofs Pflicht | proof.de","og:description":"Die ZFA hat ihre Anforderungen f\u00fcr die Abschlusspr\u00fcfung Mediengestalter konkretisiert: Farbverbindliche Digitalproofs sind jetzt f\u00fcr die Pr\u00fcflinge Pflicht.","og:url":"https:\/\/blog.proofs.de\/da\/abschlusspruefung-mediengestalter-farbverbindliche-proofs-sind-pflicht\/","og:image":"https:\/\/blog1.proofen.de\/wp-content\/uploads\/2020\/04\/proof_background.jpg","og:image:secure_url":"https:\/\/blog1.proofen.de\/wp-content\/uploads\/2020\/04\/proof_background.jpg","article:published_time":"2014-07-01T13:37:40+00:00","article:modified_time":"2020-04-15T23:20:38+00:00","article:publisher":"https:\/\/www.facebook.com\/Proof.de\/","twitter:card":"summary","twitter:title":"Abschlusspr\u00fcfung Mediengestalter: Proofs Pflicht | proof.de","twitter:description":"Die ZFA hat ihre Anforderungen f\u00fcr die Abschlusspr\u00fcfung Mediengestalter konkretisiert: Farbverbindliche Digitalproofs sind jetzt f\u00fcr die Pr\u00fcflinge Pflicht.","twitter:image":"https:\/\/blog1.proofen.de\/wp-content\/uploads\/2020\/04\/proof_background.jpg"},"aioseo_meta_data":{"post_id":"997","title":"Afsluttende eksamen for mediedesignere: Korrekturudskrifter er obligatoriske | proof.de","description":"ZFA har pr\u00e6ciseret sine krav til den afsluttende eksamen for mediedesignere: Farvekompatible digitale korrekturer er nu obligatoriske for eksaminanderne.","keywords":[{"label":"Abschlusspr\u00fcfung","value":"Abschlusspr\u00fcfung"},{"label":"Mediengestalter","value":"Mediengestalter"},{"label":"Abschlusspr\u00fcfung Mediengestalter","value":"Abschlusspr\u00fcfung Mediengestalter"},{"label":"Proof","value":"Proof"},{"label":"Digitalproof","value":"Digitalproof"},{"label":"ZFA","value":"ZFA"},{"label":"Medienkeil","value":"Medienkeil"}],"keyphrases":null,"primary_term":null,"canonical_url":null,"og_title":null,"og_description":null,"og_object_type":"default","og_image_type":"default","og_image_url":null,"og_image_width":null,"og_image_height":null,"og_image_custom_url":null,"og_image_custom_fields":null,"og_video":null,"og_custom_url":null,"og_article_section":null,"og_article_tags":null,"twitter_use_og":false,"twitter_card":"default","twitter_image_type":"default","twitter_image_url":null,"twitter_image_custom_url":null,"twitter_image_custom_fields":null,"twitter_title":null,"twitter_description":null,"schema":{"blockGraphs":[],"customGraphs":[],"default":{"data":{"Article":[],"Course":[],"Dataset":[],"FAQPage":[],"Movie":[],"Person":[],"Product":[],"ProductReview":[],"Car":[],"Recipe":[],"Service":[],"SoftwareApplication":[],"WebPage":[]},"graphName":"","isEnabled":true},"graphs":[],"defaultGraph":"","defaultPostTypeGraph":""},"schema_type":null,"schema_type_options":null,"pillar_content":false,"robots_default":true,"robots_noindex":false,"robots_noarchive":false,"robots_nosnippet":false,"robots_nofollow":false,"robots_noimageindex":false,"robots_noodp":false,"robots_notranslate":false,"robots_max_snippet":null,"robots_max_videopreview":null,"robots_max_imagepreview":"large","priority":null,"frequency":null,"local_seo":null,"breadcrumb_settings":null,"limit_modified_date":false,"ai":null,"created":"2020-12-21 00:36:00","updated":"2025-06-04 14:16:01","seo_analyzer_scan_date":null,"focus_keyword":null,"additional_keywords":null,"truseo_locale":null},"_links":{"self":[{"href":"https:\/\/blog.proofs.de\/da\/wp-json\/wp\/v2\/posts\/997","targetHints":{"allow":["GET"]}}],"collection":[{"href":"https:\/\/blog.proofs.de\/da\/wp-json\/wp\/v2\/posts"}],"about":[{"href":"https:\/\/blog.proofs.de\/da\/wp-json\/wp\/v2\/types\/post"}],"author":[{"embeddable":true,"href":"https:\/\/blog.proofs.de\/da\/wp-json\/wp\/v2\/users\/2"}],"replies":[{"embeddable":true,"href":"https:\/\/blog.proofs.de\/da\/wp-json\/wp\/v2\/comments?post=997"}],"version-history":[{"count":5,"href":"https:\/\/blog.proofs.de\/da\/wp-json\/wp\/v2\/posts\/997\/revisions"}],"predecessor-version":[{"id":3398,"href":"https:\/\/blog.proofs.de\/da\/wp-json\/wp\/v2\/posts\/997\/revisions\/3398"}],"wp:attachment":[{"href":"https:\/\/blog.proofs.de\/da\/wp-json\/wp\/v2\/media?parent=997"}],"wp:term":[{"taxonomy":"category","embeddable":true,"href":"https:\/\/blog.proofs.de\/da\/wp-json\/wp\/v2\/categories?post=997"},{"taxonomy":"post_tag","embeddable":true,"href":"https:\/\/blog.proofs.de\/da\/wp-json\/wp\/v2\/tags?post=997"}],"curies":[{"name":"wp","href":"https:\/\/api.w.org\/{rel}","templated":true}]}}