{"id":2031,"date":"2018-02-27T00:36:23","date_gmt":"2018-02-26T23:36:23","guid":{"rendered":"http:\/\/www.proof.de\/?p=2031"},"modified":"2020-05-08T11:38:39","modified_gmt":"2020-05-08T09:38:39","slug":"din-spec-business-plan-open-colour-communication-published","status":"publish","type":"post","link":"https:\/\/blog.proofs.de\/es\/din-spec-geschaeftsplan-offene-farbkommunikation-veroeffentlicht\/","title":{"rendered":"Se publica el plan de negocio DIN SPEC \"Comunicaci\u00f3n en color abierta"},"content":{"rendered":"<div class=\"kk-star-ratings kksr-auto kksr-align-right kksr-valign-top\" data-payload='{\"align\":\"right\",\"id\":\"2031\",\"slug\":\"default\",\"valign\":\"top\",\"ignore\":\"\",\"reference\":\"auto\",\"class\":\"\",\"count\":\"0\",\"legendonly\":\"\",\"readonly\":\"\",\"score\":\"0\",\"starsonly\":\"\",\"best\":\"5\",\"gap\":\"5\",\"greet\":\"Jetzt bewerten\",\"legend\":\"0\\\/5 - (0 votos)\",\"size\":\"24\",\"title\":\"DIN SPEC Gesch&auml;ftsplan \\u0026quot;Offene Farbkommunikation\\u0026quot; ver&ouml;ffentlicht\",\"width\":\"0\",\"_legend\":\"{score}\\\/{best} - ({count} {votes})\",\"font_factor\":\"1.25\"}'>\n            \n<div class=\"kksr-stars\">\n    \n<div class=\"kksr-stars-inactive\">\n            <div class=\"kksr-star\" data-star=\"1\" style=\"padding-right: 5px\">\n            \n\n<div class=\"kksr-icon\" style=\"width: 24px; height: 24px;\"><\/div>\n        <\/div>\n            <div class=\"kksr-star\" data-star=\"2\" style=\"padding-right: 5px\">\n            \n\n<div class=\"kksr-icon\" style=\"width: 24px; height: 24px;\"><\/div>\n        <\/div>\n            <div class=\"kksr-star\" data-star=\"3\" style=\"padding-right: 5px\">\n            \n\n<div class=\"kksr-icon\" style=\"width: 24px; height: 24px;\"><\/div>\n        <\/div>\n            <div class=\"kksr-star\" data-star=\"4\" style=\"padding-right: 5px\">\n            \n\n<div class=\"kksr-icon\" style=\"width: 24px; height: 24px;\"><\/div>\n        <\/div>\n            <div class=\"kksr-star\" data-star=\"5\" style=\"padding-right: 5px\">\n            \n\n<div class=\"kksr-icon\" style=\"width: 24px; height: 24px;\"><\/div>\n        <\/div>\n    <\/div>\n    \n<div class=\"kksr-stars-active\" style=\"width: 0px;\">\n            <div class=\"kksr-star\" style=\"padding-right: 5px\">\n            \n\n<div class=\"kksr-icon\" style=\"width: 24px; height: 24px;\"><\/div>\n        <\/div>\n            <div class=\"kksr-star\" style=\"padding-right: 5px\">\n            \n\n<div class=\"kksr-icon\" style=\"width: 24px; height: 24px;\"><\/div>\n        <\/div>\n            <div class=\"kksr-star\" style=\"padding-right: 5px\">\n            \n\n<div class=\"kksr-icon\" style=\"width: 24px; height: 24px;\"><\/div>\n        <\/div>\n            <div class=\"kksr-star\" style=\"padding-right: 5px\">\n            \n\n<div class=\"kksr-icon\" style=\"width: 24px; height: 24px;\"><\/div>\n        <\/div>\n            <div class=\"kksr-star\" style=\"padding-right: 5px\">\n            \n\n<div class=\"kksr-icon\" style=\"width: 24px; height: 24px;\"><\/div>\n        <\/div>\n    <\/div>\n<\/div>\n                \n\n<div class=\"kksr-legend\" style=\"font-size: 19.2px;\">\n            <span class=\"kksr-muted\">Valore ahora<\/span>\n    <\/div>\n    <\/div>\n<p>Actualmente, nuestro plan de negocio freieFarbe e.V. DIN SPEC ha sido publicado en la p\u00e1gina web de la DIN para comentarios durante 4 semanas, del 19.02.2018 al 19.03.2018.<\/p>\n<p><a href=\"https:\/\/www.din.de\/de\/forschung-und-innovation\/din-spec\/alle-geschaeftsplaene\"><img loading=\"lazy\" decoding=\"async\" class=\"alignright wp-image-2032 size-medium\" title=\"DIN SPEC 16699 Comunicaci\u00f3n en color abierta\" src=\"https:\/\/blog1.proofen.de\/wp-content\/uploads\/2018\/02\/Bildschirmfoto-2018-02-25-um-01.01.13-300x75.png\" alt=\"DIN SPEC 16699 Comunicaci\u00f3n en color abierta\" width=\"300\" height=\"75\" srcset=\"https:\/\/blog.proofs.de\/wp-content\/uploads\/2018\/02\/Bildschirmfoto-2018-02-25-um-01.01.13-300x75.png 300w, https:\/\/blog.proofs.de\/wp-content\/uploads\/2018\/02\/Bildschirmfoto-2018-02-25-um-01.01.13-768x193.png 768w, https:\/\/blog.proofs.de\/wp-content\/uploads\/2018\/02\/Bildschirmfoto-2018-02-25-um-01.01.13-500x126.png 500w, https:\/\/blog.proofs.de\/wp-content\/uploads\/2018\/02\/Bildschirmfoto-2018-02-25-um-01.01.13.png 946w\" sizes=\"auto, (max-width: 300px) 100vw, 300px\"><\/a>En este DIN SPEC presentaremos herramientas de trabajo y procedimientos para una comunicaci\u00f3n del color abierta y sin ambig\u00fcedades desde el dise\u00f1o hasta el producto acabado basada en <a href=\"https:\/\/blog.proofs.de\/es\/lexikon\/cielab\/\" target=\"_self\" title=\"El modelo de color CIELAB fue definido en 1976 por la Commission Internationale de l&#039;Eclairage y describe todos los colores perceptibles. Es un desarrollo posterior de la escala de colores Hunter-LAB de 1966 y un modelo matem\u00e1tico del color en el que las propiedades espectrales de un objeto y las propiedades perceptivas de nuestro sistema visual se compensan entre s\u00ed. CIELAB, o LAB para abreviar, se sigue utilizando ampliamente en la actualidad...\" class=\"encyclopedia\">CIELAB<\/a> valores de color, patrones f\u00edsicos seg\u00fan la norma ISO12647-7 y datos espectrales en el <a href=\"https:\/\/blog.proofs.de\/es\/lexikon\/cxf\/\" target=\"_self\" title='CxF son las siglas de &quot;Color Exchange Format&quot;, un formato XML abierto para el intercambio de informaci\u00f3n sobre el color.' class=\"encyclopedia\">CxF<\/a>3 Formato seg\u00fan ISO 17972 d<a href=\"https:\/\/blog.proofs.de\/es\/lexikon\/efi\/\" target=\"_self\" title=\"Electronics For Imaging Inc., EFI para abreviar, es una empresa estadounidense y fabricante de uno de los principales sistemas de pruebas del mundo: EFI Colorproof XF, desde 2013: Fiery XF. EFI es un proveedor de soluciones para grandes sistemas de impresi\u00f3n, RIP y soluciones de gesti\u00f3n del color como las pruebas.\" class=\"encyclopedia\">efi<\/a>nate.<\/p>\n<p>El DIN SPEC describe tanto la forma de crear los patrones f\u00edsicos como los datos espectrales CxF para cualquier CIE<a href=\"https:\/\/blog.proofs.de\/es\/lexikon\/lab\/\" target=\"_self\" title=\"CIELAB o LAB es un modelo matem\u00e1tico de color que se ha establecido all\u00ed donde se requiere un c\u00e1lculo exacto del color. La gesti\u00f3n del color por ordenador suele funcionar mediante CIELAB.\" class=\"encyclopedia\">LAB<\/a>-valores de color por parte del usuario, as\u00ed como los valores b\u00e1sicos de una referencia abierta<a href=\"https:\/\/blog.proofs.de\/es\/lexikon\/farbsystem\/\" target=\"_self\" title=\"Un sistema de color (o modelo de color) es un m\u00e9todo matem\u00e1tico abstracto para determinar y especificar los colores, as\u00ed como su relaci\u00f3n entre s\u00ed. A menudo se equipara con el espacio de color, que, sin embargo, es la aplicaci\u00f3n concreta de un sistema de color a un m\u00e9todo proveedor de color (impresora, pantalla, etc.).\" class=\"encyclopedia\">sistema de colores<\/a>s, que est\u00e1 a disposici\u00f3n de todos los usuarios sin costes de licencia en el marco de una licencia Creative Commons. Las herramientas de trabajo descritas en el DIN SPEC son especialmente adecuadas para tareas en las que los colores del dise\u00f1o se definen a trav\u00e9s de diferentes procesos de producci\u00f3n y se comunican a las empresas productoras mediante muestras f\u00edsicas y datos espectrales, el procedimiento descrito en el DIN SPEC est\u00e1 pensado para permitir la creaci\u00f3n de muestras de color mate, mate seda y brillante sobre superficies cerradas no estructuradas.<\/p>\n<p>DIN Building y DIN Square \u00a9 DINEl DIN SPEC es, en cierto modo, el hermano peque\u00f1o de la norma DIN. DIN escribe: \"El DIN SPEC es una herramienta de marketing muy eficaz que, gracias a la reconocida marca DIN, garantiza una gran aceptaci\u00f3n entre clientes y socios. DIN se asegura de que la DIN SPEC no colisione con las normas existentes y publica las normas, tambi\u00e9n a nivel internacional. Un DIN SPEC puede ser la base de una norma DIN\".<\/p>\n<p>En freieFarbe e.V. nos gustar\u00eda utilizar la norma DIN SPEC 16699 \"Comunicaci\u00f3n abierta del color\" para demostrar que con herramientas y procesos abiertos, as\u00ed como con licencias Creative Commons, especialmente la norma CIELAB el <a href=\"https:\/\/blog.proofs.de\/es\/lexikon\/icc\/\" target=\"_self\" title=\"El Consorcio Internacional del Color, abreviado ICC, es un comit\u00e9 internacional responsable de la normalizaci\u00f3n de los perfiles de color.&nbsp;\" class=\"encyclopedia\">ICC<\/a>-basado <a href=\"https:\/\/blog.proofs.de\/es\/lexikon\/farbmanagement\/\" target=\"_self\" title=\"El objetivo de la gesti\u00f3n del color es garantizar que los colores se reproduzcan de la forma m\u00e1s similar posible en los distintos dispositivos, como c\u00e1maras, esc\u00e1neres, monitores, impresoras l\u00e1ser, de inyecci\u00f3n de tinta, offset y muchos m\u00e1s.\" class=\"encyclopedia\">Gesti\u00f3n del color<\/a> y las normas ISO para datos espectrales, la comunicaci\u00f3n del color es posible a nivel profesional.<\/p>\n<p><a href=\"http:\/\/www.freiefarbe.de\" target=\"_blank\" rel=\"noopener noreferrer\">Tambi\u00e9n puede encontrar m\u00e1s informaci\u00f3n en freieFarbe.de<\/a><\/p>","protected":false},"excerpt":{"rendered":"<p>Nuestro plan de negocio DIN SPEC de freieFarbe e.V. se ha publicado actualmente en la p\u00e1gina web de DIN durante 4 semanas, del 19 de febrero de 2018 al 19 de marzo de 2018, para recibir comentarios. En este DIN SPEC, definiremos herramientas y procedimientos para una comunicaci\u00f3n del color abierta y sin ambig\u00fcedades desde el dise\u00f1o hasta el producto acabado basada en valores de color CIELAB, muestras f\u00edsicas seg\u00fan ISO12647-7 y datos espectrales en formato CxF3 seg\u00fan ISO 17972. La norma DIN SPEC describe tanto la forma de crear muestras f\u00edsicas y datos espectrales CxF para cualquier valor de color CIELAB por parte del usuario, como los valores b\u00e1sicos de un sistema de color de referencia abierto que ... <\/p>\n<p class=\"read-more-container\"><a title=\"Se publica el plan de negocio DIN SPEC &quot;Comunicaci\u00f3n en color abierta\" class=\"read-more button\" href=\"https:\/\/blog.proofs.de\/es\/din-spec-geschaeftsplan-offene-farbkommunikation-veroeffentlicht\/#more-2031\" aria-label=\"Leer m\u00e1s sobre DIN SPEC Publicaci\u00f3n del plan de negocio \u201eComunicaci\u00f3n abierta sobre el color\u201c\">Leer m\u00e1s<\/a><\/p>","protected":false},"author":2,"featured_media":2039,"comment_status":"open","ping_status":"open","sticky":false,"template":"","format":"standard","meta":{"om_disable_all_campaigns":false,"inline_featured_image":false,"_monsterinsights_skip_tracking":false,"footnotes":""},"categories":[1],"tags":[714,715,712,713,680],"class_list":["post-2031","post","type-post","status-publish","format-standard","has-post-thumbnail","hentry","category-allgemein","tag-714","tag-din","tag-din-spec","tag-din-spec-16699","tag-freiefarbe-e-v","generate-columns","tablet-grid-50","mobile-grid-100","grid-parent","grid-50","no-featured-image-padding","resize-featured-image"],"aioseo_notices":[],"aioseo_head":"\n\t\t<!-- All in One SEO 5.0.1.1 - aioseo.com -->\n\t<meta name=\"description\" content=\"Aktuell wurde unser freieFarbe e.V. DIN SPEC Gesch\u00e4ftsplan f\u00fcr 4 Wochen vom 19.02.2018 bis zum 19.03.2018 auf der DIN-Webseite zur Kommentierung ver\u00f6ffentlicht.\" \/>\n\t<meta name=\"robots\" content=\"max-image-preview:large\" \/>\n\t<meta name=\"author\" content=\"Matthias Betz\"\/>\n\t<meta name=\"google-site-verification\" content=\"TuXxyRwxcEg2-WfOaQ8vScWQh3-uBAnxXmY7g3GT90A\" \/>\n\t<meta name=\"keywords\" content=\"freiefarbe e.v.,din spec,din spec 16699,16699,din,16699,din,din spec,din spec 16699,freiefarbe e.v.\" \/>\n\t<link rel=\"canonical\" href=\"https:\/\/blog.proofs.de\/es\/din-spec-geschaeftsplan-offene-farbkommunikation-veroeffentlicht\/\" \/>\n\t<meta name=\"generator\" content=\"All in One SEO (AIOSEO) 5.0.1.1\" \/>\n\n\t\t<meta name=\"seobility\" content=\"593a8578143db71543f014978c690d47\">\n\t\t<meta property=\"og:locale\" content=\"es_ES\" \/>\n\t\t<meta property=\"og:site_name\" content=\"Proof.de | Alles zu Proof, Farbmanagement, Grafik, Messtechnik &amp; Co.\" \/>\n\t\t<meta property=\"og:type\" content=\"article\" \/>\n\t\t<meta property=\"og:title\" content=\"DIN SPEC &quot;Offene Farbkommunikation&quot; erschienen | proof.de\" \/>\n\t\t<meta property=\"og:description\" content=\"Aktuell wurde unser freieFarbe e.V. DIN SPEC Gesch\u00e4ftsplan f\u00fcr 4 Wochen vom 19.02.2018 bis zum 19.03.2018 auf der DIN-Webseite zur Kommentierung ver\u00f6ffentlicht.\" \/>\n\t\t<meta property=\"og:url\" content=\"https:\/\/blog.proofs.de\/es\/din-spec-geschaeftsplan-offene-farbkommunikation-veroeffentlicht\/\" \/>\n\t\t<meta property=\"og:image\" content=\"https:\/\/blog.proofs.de\/wp-content\/uploads\/2018\/02\/DIN_Geb\u00d1ude_DIN-Platz-e1541466353442.jpg\" \/>\n\t\t<meta property=\"og:image:secure_url\" content=\"https:\/\/blog.proofs.de\/wp-content\/uploads\/2018\/02\/DIN_Geb\u00d1ude_DIN-Platz-e1541466353442.jpg\" \/>\n\t\t<meta property=\"og:image:width\" content=\"1000\" \/>\n\t\t<meta property=\"og:image:height\" content=\"667\" \/>\n\t\t<meta property=\"article:published_time\" content=\"2018-02-26T23:36:23+00:00\" \/>\n\t\t<meta property=\"article:modified_time\" content=\"2020-05-08T09:38:39+00:00\" \/>\n\t\t<meta property=\"article:publisher\" content=\"https:\/\/www.facebook.com\/Proof.de\/\" \/>\n\t\t<meta name=\"twitter:card\" content=\"summary\" \/>\n\t\t<meta name=\"twitter:title\" content=\"DIN SPEC &quot;Offene Farbkommunikation&quot; erschienen | proof.de\" \/>\n\t\t<meta name=\"twitter:description\" content=\"Aktuell wurde unser freieFarbe e.V. DIN SPEC Gesch\u00e4ftsplan f\u00fcr 4 Wochen vom 19.02.2018 bis zum 19.03.2018 auf der DIN-Webseite zur Kommentierung ver\u00f6ffentlicht.\" \/>\n\t\t<meta name=\"twitter:image\" content=\"https:\/\/blog1.proofen.de\/wp-content\/uploads\/2020\/04\/proof_background.jpg\" \/>\n\t\t<script type=\"application\/ld+json\" class=\"aioseo-schema\">\n\t\t\t{\"@context\":\"https:\\\/\\\/schema.org\",\"@graph\":[{\"@type\":\"Article\",\"@id\":\"https:\\\/\\\/blog.proofs.de\\\/es\\\/din-spec-geschaeftsplan-offene-farbkommunikation-veroeffentlicht\\\/#article\",\"name\":\"DIN SPEC \\\"Offene Farbkommunikation\\\" erschienen | proof.de\",\"headline\":\"DIN SPEC Gesch\\u00e4ftsplan &#8222;Offene Farbkommunikation&#8220; ver\\u00f6ffentlicht\",\"author\":{\"@id\":\"https:\\\/\\\/blog.proofs.de\\\/es\\\/author\\\/mbetz\\\/#author\"},\"publisher\":{\"@id\":\"https:\\\/\\\/blog.proofs.de\\\/es\\\/#organization\"},\"image\":{\"@type\":\"ImageObject\",\"url\":\"https:\\\/\\\/blog.proofs.de\\\/wp-content\\\/uploads\\\/2018\\\/02\\\/DIN_Geb\\u00d1ude_DIN-Platz-e1541466353442.jpg\",\"width\":1000,\"height\":667,\"caption\":\"Haus der Normung am DIN-Platz in Berlin\"},\"datePublished\":\"2018-02-27T00:36:23+01:00\",\"dateModified\":\"2020-05-08T11:38:39+02:00\",\"inLanguage\":\"es-ES\",\"mainEntityOfPage\":{\"@id\":\"https:\\\/\\\/blog.proofs.de\\\/es\\\/din-spec-geschaeftsplan-offene-farbkommunikation-veroeffentlicht\\\/#webpage\"},\"isPartOf\":{\"@id\":\"https:\\\/\\\/blog.proofs.de\\\/es\\\/din-spec-geschaeftsplan-offene-farbkommunikation-veroeffentlicht\\\/#webpage\"},\"articleSection\":\"Allgemein, 16699, DIN, DIN SPEC, DIN SPEC 16699, freieFarbe e.V.\"},{\"@type\":\"BreadcrumbList\",\"@id\":\"https:\\\/\\\/blog.proofs.de\\\/es\\\/din-spec-geschaeftsplan-offene-farbkommunikation-veroeffentlicht\\\/#breadcrumblist\",\"itemListElement\":[{\"@type\":\"ListItem\",\"@id\":\"https:\\\/\\\/blog.proofs.de\\\/es#listItem\",\"position\":1,\"name\":\"Home\",\"item\":\"https:\\\/\\\/blog.proofs.de\\\/es\",\"nextItem\":{\"@type\":\"ListItem\",\"@id\":\"https:\\\/\\\/blog.proofs.de\\\/es\\\/thema\\\/allgemein\\\/#listItem\",\"name\":\"Allgemein\"}},{\"@type\":\"ListItem\",\"@id\":\"https:\\\/\\\/blog.proofs.de\\\/es\\\/thema\\\/allgemein\\\/#listItem\",\"position\":2,\"name\":\"Allgemein\",\"item\":\"https:\\\/\\\/blog.proofs.de\\\/es\\\/thema\\\/allgemein\\\/\",\"nextItem\":{\"@type\":\"ListItem\",\"@id\":\"https:\\\/\\\/blog.proofs.de\\\/es\\\/din-spec-geschaeftsplan-offene-farbkommunikation-veroeffentlicht\\\/#listItem\",\"name\":\"DIN SPEC Gesch\\u00e4ftsplan &#8222;Offene Farbkommunikation&#8220; ver\\u00f6ffentlicht\"},\"previousItem\":{\"@type\":\"ListItem\",\"@id\":\"https:\\\/\\\/blog.proofs.de\\\/es#listItem\",\"name\":\"Home\"}},{\"@type\":\"ListItem\",\"@id\":\"https:\\\/\\\/blog.proofs.de\\\/es\\\/din-spec-geschaeftsplan-offene-farbkommunikation-veroeffentlicht\\\/#listItem\",\"position\":3,\"name\":\"DIN SPEC Gesch\\u00e4ftsplan &#8222;Offene Farbkommunikation&#8220; ver\\u00f6ffentlicht\",\"previousItem\":{\"@type\":\"ListItem\",\"@id\":\"https:\\\/\\\/blog.proofs.de\\\/es\\\/thema\\\/allgemein\\\/#listItem\",\"name\":\"Allgemein\"}}]},{\"@type\":\"Organization\",\"@id\":\"https:\\\/\\\/blog.proofs.de\\\/es\\\/#organization\",\"name\":\"Proof GmbH\",\"description\":\"Farbverbindlicher Proof, Farbproof, Digitalproof und Online-Proof.\",\"url\":\"https:\\\/\\\/blog.proofs.de\\\/es\\\/\",\"telephone\":\"+4970717952740\",\"logo\":{\"@type\":\"ImageObject\",\"url\":\"https:\\\/\\\/blog1.proofen.de\\\/wp-content\\\/uploads\\\/2019\\\/09\\\/logo_proof_rgb_mit_balken_250px.png\",\"@id\":\"https:\\\/\\\/blog.proofs.de\\\/es\\\/din-spec-geschaeftsplan-offene-farbkommunikation-veroeffentlicht\\\/#organizationLogo\"},\"image\":{\"@id\":\"https:\\\/\\\/blog.proofs.de\\\/es\\\/din-spec-geschaeftsplan-offene-farbkommunikation-veroeffentlicht\\\/#organizationLogo\"},\"sameAs\":[\"https:\\\/\\\/www.facebook.com\\\/Proof.de\\\/\",\"https:\\\/\\\/www.instagram.com\\\/proof.de\\\/\",\"https:\\\/\\\/www.tiktok.com\\\/@proof_de\",\"https:\\\/\\\/www.youtube.com\\\/channel\\\/UCk80fQVQ25wC9wu3SywB-Nw\",\"https:\\\/\\\/www.linkedin.com\\\/company\\\/proof-de\"]},{\"@type\":\"Person\",\"@id\":\"https:\\\/\\\/blog.proofs.de\\\/es\\\/author\\\/mbetz\\\/#author\",\"url\":\"https:\\\/\\\/blog.proofs.de\\\/es\\\/author\\\/mbetz\\\/\",\"name\":\"Matthias Betz\",\"image\":{\"@type\":\"ImageObject\",\"@id\":\"https:\\\/\\\/blog.proofs.de\\\/es\\\/din-spec-geschaeftsplan-offene-farbkommunikation-veroeffentlicht\\\/#authorImage\",\"url\":\"https:\\\/\\\/blog.proofs.de\\\/wp-content\\\/uploads\\\/2020\\\/10\\\/matthias-betz-e1603934518350-150x150.png\",\"width\":96,\"height\":96,\"caption\":\"Matthias Betz\"}},{\"@type\":\"WebPage\",\"@id\":\"https:\\\/\\\/blog.proofs.de\\\/es\\\/din-spec-geschaeftsplan-offene-farbkommunikation-veroeffentlicht\\\/#webpage\",\"url\":\"https:\\\/\\\/blog.proofs.de\\\/es\\\/din-spec-geschaeftsplan-offene-farbkommunikation-veroeffentlicht\\\/\",\"name\":\"DIN SPEC \\\"Offene Farbkommunikation\\\" erschienen | proof.de\",\"description\":\"Aktuell wurde unser freieFarbe e.V. DIN SPEC Gesch\\u00e4ftsplan f\\u00fcr 4 Wochen vom 19.02.2018 bis zum 19.03.2018 auf der DIN-Webseite zur Kommentierung ver\\u00f6ffentlicht.\",\"inLanguage\":\"es-ES\",\"isPartOf\":{\"@id\":\"https:\\\/\\\/blog.proofs.de\\\/es\\\/#website\"},\"breadcrumb\":{\"@id\":\"https:\\\/\\\/blog.proofs.de\\\/es\\\/din-spec-geschaeftsplan-offene-farbkommunikation-veroeffentlicht\\\/#breadcrumblist\"},\"author\":{\"@id\":\"https:\\\/\\\/blog.proofs.de\\\/es\\\/author\\\/mbetz\\\/#author\"},\"creator\":{\"@id\":\"https:\\\/\\\/blog.proofs.de\\\/es\\\/author\\\/mbetz\\\/#author\"},\"image\":{\"@type\":\"ImageObject\",\"url\":\"https:\\\/\\\/blog.proofs.de\\\/wp-content\\\/uploads\\\/2018\\\/02\\\/DIN_Geb\\u00d1ude_DIN-Platz-e1541466353442.jpg\",\"@id\":\"https:\\\/\\\/blog.proofs.de\\\/es\\\/din-spec-geschaeftsplan-offene-farbkommunikation-veroeffentlicht\\\/#mainImage\",\"width\":1000,\"height\":667,\"caption\":\"Haus der Normung am DIN-Platz in Berlin\"},\"primaryImageOfPage\":{\"@id\":\"https:\\\/\\\/blog.proofs.de\\\/es\\\/din-spec-geschaeftsplan-offene-farbkommunikation-veroeffentlicht\\\/#mainImage\"},\"datePublished\":\"2018-02-27T00:36:23+01:00\",\"dateModified\":\"2020-05-08T11:38:39+02:00\"},{\"@type\":\"WebSite\",\"@id\":\"https:\\\/\\\/blog.proofs.de\\\/es\\\/#website\",\"url\":\"https:\\\/\\\/blog.proofs.de\\\/es\\\/\",\"name\":\"Proof.de\",\"description\":\"Farbverbindlicher Proof, Farbproof, Digitalproof und Online-Proof.\",\"inLanguage\":\"es-ES\",\"publisher\":{\"@id\":\"https:\\\/\\\/blog.proofs.de\\\/es\\\/#organization\"}}]}\n\t\t<\/script>\n\t\t<!-- All in One SEO -->\n\n","aioseo_head_json":{"title":"DIN SPEC \"Comunicaci\u00f3n en color abierta\" publicada | proof.de","description":"Actualmente, nuestro plan de negocio freieFarbe e.V. DIN SPEC ha sido publicado en la p\u00e1gina web del DIN para comentarios durante 4 semanas, del 19.02.2018 al 19.03.2018.","canonical_url":"https:\/\/blog.proofs.de\/es\/din-spec-geschaeftsplan-offene-farbkommunikation-veroeffentlicht\/","robots":"max-image-preview:large","keywords":"freiefarbe e.v.,din spec,din spec 16699,16699,din,16699,din,din spec,din spec 16699,freiefarbe e.v.","webmasterTools":{"google-site-verification":"TuXxyRwxcEg2-WfOaQ8vScWQh3-uBAnxXmY7g3GT90A","miscellaneous":"&lt;meta name=\"seobility\" content=\"593a8578143db71543f014978c690d47\"&gt;"},"schema":{"@context":"https:\/\/schema.org","@graph":[{"@type":"Article","@id":"https:\/\/blog.proofs.de\/es\/din-spec-geschaeftsplan-offene-farbkommunikation-veroeffentlicht\/#article","name":"DIN SPEC \"Offene Farbkommunikation\" erschienen | proof.de","headline":"DIN SPEC Gesch\u00e4ftsplan &#8222;Offene Farbkommunikation&#8220; ver\u00f6ffentlicht","author":{"@id":"https:\/\/blog.proofs.de\/es\/author\/mbetz\/#author"},"publisher":{"@id":"https:\/\/blog.proofs.de\/es\/#organization"},"image":{"@type":"ImageObject","url":"https:\/\/blog.proofs.de\/wp-content\/uploads\/2018\/02\/DIN_Geb\u00d1ude_DIN-Platz-e1541466353442.jpg","width":1000,"height":667,"caption":"Haus der Normung am DIN-Platz in Berlin"},"datePublished":"2018-02-27T00:36:23+01:00","dateModified":"2020-05-08T11:38:39+02:00","inLanguage":"es-ES","mainEntityOfPage":{"@id":"https:\/\/blog.proofs.de\/es\/din-spec-geschaeftsplan-offene-farbkommunikation-veroeffentlicht\/#webpage"},"isPartOf":{"@id":"https:\/\/blog.proofs.de\/es\/din-spec-geschaeftsplan-offene-farbkommunikation-veroeffentlicht\/#webpage"},"articleSection":"Allgemein, 16699, DIN, DIN SPEC, DIN SPEC 16699, freieFarbe e.V."},{"@type":"BreadcrumbList","@id":"https:\/\/blog.proofs.de\/es\/din-spec-geschaeftsplan-offene-farbkommunikation-veroeffentlicht\/#breadcrumblist","itemListElement":[{"@type":"ListItem","@id":"https:\/\/blog.proofs.de\/es#listItem","position":1,"name":"Home","item":"https:\/\/blog.proofs.de\/es","nextItem":{"@type":"ListItem","@id":"https:\/\/blog.proofs.de\/es\/thema\/allgemein\/#listItem","name":"Allgemein"}},{"@type":"ListItem","@id":"https:\/\/blog.proofs.de\/es\/thema\/allgemein\/#listItem","position":2,"name":"Allgemein","item":"https:\/\/blog.proofs.de\/es\/thema\/allgemein\/","nextItem":{"@type":"ListItem","@id":"https:\/\/blog.proofs.de\/es\/din-spec-geschaeftsplan-offene-farbkommunikation-veroeffentlicht\/#listItem","name":"DIN SPEC Gesch\u00e4ftsplan &#8222;Offene Farbkommunikation&#8220; ver\u00f6ffentlicht"},"previousItem":{"@type":"ListItem","@id":"https:\/\/blog.proofs.de\/es#listItem","name":"Home"}},{"@type":"ListItem","@id":"https:\/\/blog.proofs.de\/es\/din-spec-geschaeftsplan-offene-farbkommunikation-veroeffentlicht\/#listItem","position":3,"name":"DIN SPEC Gesch\u00e4ftsplan &#8222;Offene Farbkommunikation&#8220; ver\u00f6ffentlicht","previousItem":{"@type":"ListItem","@id":"https:\/\/blog.proofs.de\/es\/thema\/allgemein\/#listItem","name":"Allgemein"}}]},{"@type":"Organization","@id":"https:\/\/blog.proofs.de\/es\/#organization","name":"Proof GmbH","description":"Farbverbindlicher Proof, Farbproof, Digitalproof und Online-Proof.","url":"https:\/\/blog.proofs.de\/es\/","telephone":"+4970717952740","logo":{"@type":"ImageObject","url":"https:\/\/blog1.proofen.de\/wp-content\/uploads\/2019\/09\/logo_proof_rgb_mit_balken_250px.png","@id":"https:\/\/blog.proofs.de\/es\/din-spec-geschaeftsplan-offene-farbkommunikation-veroeffentlicht\/#organizationLogo"},"image":{"@id":"https:\/\/blog.proofs.de\/es\/din-spec-geschaeftsplan-offene-farbkommunikation-veroeffentlicht\/#organizationLogo"},"sameAs":["https:\/\/www.facebook.com\/Proof.de\/","https:\/\/www.instagram.com\/proof.de\/","https:\/\/www.tiktok.com\/@proof_de","https:\/\/www.youtube.com\/channel\/UCk80fQVQ25wC9wu3SywB-Nw","https:\/\/www.linkedin.com\/company\/proof-de"]},{"@type":"Person","@id":"https:\/\/blog.proofs.de\/es\/author\/mbetz\/#author","url":"https:\/\/blog.proofs.de\/es\/author\/mbetz\/","name":"Matthias Betz","image":{"@type":"ImageObject","@id":"https:\/\/blog.proofs.de\/es\/din-spec-geschaeftsplan-offene-farbkommunikation-veroeffentlicht\/#authorImage","url":"https:\/\/blog.proofs.de\/wp-content\/uploads\/2020\/10\/matthias-betz-e1603934518350-150x150.png","width":96,"height":96,"caption":"Matthias Betz"}},{"@type":"WebPage","@id":"https:\/\/blog.proofs.de\/es\/din-spec-geschaeftsplan-offene-farbkommunikation-veroeffentlicht\/#webpage","url":"https:\/\/blog.proofs.de\/es\/din-spec-geschaeftsplan-offene-farbkommunikation-veroeffentlicht\/","name":"DIN SPEC \"Offene Farbkommunikation\" erschienen | proof.de","description":"Aktuell wurde unser freieFarbe e.V. DIN SPEC Gesch\u00e4ftsplan f\u00fcr 4 Wochen vom 19.02.2018 bis zum 19.03.2018 auf der DIN-Webseite zur Kommentierung ver\u00f6ffentlicht.","inLanguage":"es-ES","isPartOf":{"@id":"https:\/\/blog.proofs.de\/es\/#website"},"breadcrumb":{"@id":"https:\/\/blog.proofs.de\/es\/din-spec-geschaeftsplan-offene-farbkommunikation-veroeffentlicht\/#breadcrumblist"},"author":{"@id":"https:\/\/blog.proofs.de\/es\/author\/mbetz\/#author"},"creator":{"@id":"https:\/\/blog.proofs.de\/es\/author\/mbetz\/#author"},"image":{"@type":"ImageObject","url":"https:\/\/blog.proofs.de\/wp-content\/uploads\/2018\/02\/DIN_Geb\u00d1ude_DIN-Platz-e1541466353442.jpg","@id":"https:\/\/blog.proofs.de\/es\/din-spec-geschaeftsplan-offene-farbkommunikation-veroeffentlicht\/#mainImage","width":1000,"height":667,"caption":"Haus der Normung am DIN-Platz in Berlin"},"primaryImageOfPage":{"@id":"https:\/\/blog.proofs.de\/es\/din-spec-geschaeftsplan-offene-farbkommunikation-veroeffentlicht\/#mainImage"},"datePublished":"2018-02-27T00:36:23+01:00","dateModified":"2020-05-08T11:38:39+02:00"},{"@type":"WebSite","@id":"https:\/\/blog.proofs.de\/es\/#website","url":"https:\/\/blog.proofs.de\/es\/","name":"Proof.de","description":"Farbverbindlicher Proof, Farbproof, Digitalproof und Online-Proof.","inLanguage":"es-ES","publisher":{"@id":"https:\/\/blog.proofs.de\/es\/#organization"}}]},"og:locale":"es_ES","og:site_name":"Proof.de | Alles zu Proof, Farbmanagement, Grafik, Messtechnik &amp; Co.","og:type":"article","og:title":"DIN SPEC &quot;Offene Farbkommunikation&quot; erschienen | proof.de","og:description":"Aktuell wurde unser freieFarbe e.V. DIN SPEC Gesch\u00e4ftsplan f\u00fcr 4 Wochen vom 19.02.2018 bis zum 19.03.2018 auf der DIN-Webseite zur Kommentierung ver\u00f6ffentlicht.","og:url":"https:\/\/blog.proofs.de\/es\/din-spec-geschaeftsplan-offene-farbkommunikation-veroeffentlicht\/","og:image":"https:\/\/blog.proofs.de\/wp-content\/uploads\/2018\/02\/DIN_Geb\u00d1ude_DIN-Platz-e1541466353442.jpg","og:image:secure_url":"https:\/\/blog.proofs.de\/wp-content\/uploads\/2018\/02\/DIN_Geb\u00d1ude_DIN-Platz-e1541466353442.jpg","og:image:width":1000,"og:image:height":667,"article:published_time":"2018-02-26T23:36:23+00:00","article:modified_time":"2020-05-08T09:38:39+00:00","article:publisher":"https:\/\/www.facebook.com\/Proof.de\/","twitter:card":"summary","twitter:title":"DIN SPEC &quot;Offene Farbkommunikation&quot; erschienen | proof.de","twitter:description":"Aktuell wurde unser freieFarbe e.V. DIN SPEC Gesch\u00e4ftsplan f\u00fcr 4 Wochen vom 19.02.2018 bis zum 19.03.2018 auf der DIN-Webseite zur Kommentierung ver\u00f6ffentlicht.","twitter:image":"https:\/\/blog1.proofen.de\/wp-content\/uploads\/2020\/04\/proof_background.jpg"},"aioseo_meta_data":{"post_id":"2031","title":"DIN SPEC &quot;Offene Farbkommunikation&quot; erschienen |\u00a0proof.de","description":"Aktuell wurde unser freieFarbe e.V. DIN SPEC Gesch\u00e4ftsplan f\u00fcr\u00a04 Wochen vom 19.02.2018 bis zum 19.03.2018 auf der DIN-Webseite zur Kommentierung ver\u00f6ffentlicht.","keywords":[{"label":"freieFarbe e.V.,DIN SPEC,DIN SPEC 16699,16699,DIN","value":"freieFarbe e.V.,DIN SPEC,DIN SPEC 16699,16699,DIN"}],"keyphrases":null,"primary_term":null,"canonical_url":null,"og_title":null,"og_description":null,"og_object_type":"default","og_image_type":"default","og_image_url":null,"og_image_width":null,"og_image_height":null,"og_image_custom_url":null,"og_image_custom_fields":null,"og_video":null,"og_custom_url":null,"og_article_section":null,"og_article_tags":null,"twitter_use_og":false,"twitter_card":"default","twitter_image_type":"default","twitter_image_url":null,"twitter_image_custom_url":null,"twitter_image_custom_fields":null,"twitter_title":null,"twitter_description":null,"schema":{"blockGraphs":[],"customGraphs":[],"default":{"data":{"Article":[],"Course":[],"Dataset":[],"FAQPage":[],"Movie":[],"Person":[],"Product":[],"ProductReview":[],"Car":[],"Recipe":[],"Service":[],"SoftwareApplication":[],"WebPage":[]},"graphName":"","isEnabled":true},"graphs":[],"defaultGraph":"","defaultPostTypeGraph":""},"schema_type":null,"schema_type_options":null,"pillar_content":false,"robots_default":true,"robots_noindex":false,"robots_noarchive":false,"robots_nosnippet":false,"robots_nofollow":false,"robots_noimageindex":false,"robots_noodp":false,"robots_notranslate":false,"robots_max_snippet":null,"robots_max_videopreview":null,"robots_max_imagepreview":"large","priority":null,"frequency":null,"local_seo":null,"breadcrumb_settings":null,"limit_modified_date":false,"ai":null,"created":"2020-12-21 00:35:00","updated":"2025-06-04 14:22:05","seo_analyzer_scan_date":null,"focus_keyword":null,"additional_keywords":null,"truseo_locale":null},"_links":{"self":[{"href":"https:\/\/blog.proofs.de\/es\/wp-json\/wp\/v2\/posts\/2031","targetHints":{"allow":["GET"]}}],"collection":[{"href":"https:\/\/blog.proofs.de\/es\/wp-json\/wp\/v2\/posts"}],"about":[{"href":"https:\/\/blog.proofs.de\/es\/wp-json\/wp\/v2\/types\/post"}],"author":[{"embeddable":true,"href":"https:\/\/blog.proofs.de\/es\/wp-json\/wp\/v2\/users\/2"}],"replies":[{"embeddable":true,"href":"https:\/\/blog.proofs.de\/es\/wp-json\/wp\/v2\/comments?post=2031"}],"version-history":[{"count":9,"href":"https:\/\/blog.proofs.de\/es\/wp-json\/wp\/v2\/posts\/2031\/revisions"}],"predecessor-version":[{"id":6018,"href":"https:\/\/blog.proofs.de\/es\/wp-json\/wp\/v2\/posts\/2031\/revisions\/6018"}],"wp:featuredmedia":[{"embeddable":true,"href":"https:\/\/blog.proofs.de\/es\/wp-json\/wp\/v2\/media\/2039"}],"wp:attachment":[{"href":"https:\/\/blog.proofs.de\/es\/wp-json\/wp\/v2\/media?parent=2031"}],"wp:term":[{"taxonomy":"category","embeddable":true,"href":"https:\/\/blog.proofs.de\/es\/wp-json\/wp\/v2\/categories?post=2031"},{"taxonomy":"post_tag","embeddable":true,"href":"https:\/\/blog.proofs.de\/es\/wp-json\/wp\/v2\/tags?post=2031"}],"curies":[{"name":"wp","href":"https:\/\/api.w.org\/{rel}","templated":true}]}}