{"id":2343,"date":"2019-03-29T16:51:43","date_gmt":"2019-03-29T15:51:43","guid":{"rendered":"http:\/\/www.proof.de\/?p=2343"},"modified":"2021-11-30T14:39:55","modified_gmt":"2021-11-30T13:39:55","slug":"ecicmyk-perfil-para-la-prueba-disponible","status":"publish","type":"post","link":"https:\/\/blog.proofs.de\/es\/ecicmyk-profil-fuer-den-proof-verfuegbar\/","title":{"rendered":"Perfil eciCMYK disponible para la prueba"},"content":{"rendered":"<div class=\"kk-star-ratings kksr-auto kksr-align-right kksr-valign-top\" data-payload='{\"align\":\"right\",\"id\":\"2343\",\"slug\":\"default\",\"valign\":\"top\",\"ignore\":\"\",\"reference\":\"auto\",\"class\":\"\",\"count\":\"0\",\"legendonly\":\"\",\"readonly\":\"\",\"score\":\"0\",\"starsonly\":\"\",\"best\":\"5\",\"gap\":\"5\",\"greet\":\"Jetzt bewerten\",\"legend\":\"0\\\/5 - (0 votos)\",\"size\":\"24\",\"title\":\"eciCMYK Profil f&uuml;r den Proof verf&uuml;gbar\",\"width\":\"0\",\"_legend\":\"{score}\\\/{best} - ({count} {votes})\",\"font_factor\":\"1.25\"}'>\n            \n<div class=\"kksr-stars\">\n    \n<div class=\"kksr-stars-inactive\">\n            <div class=\"kksr-star\" data-star=\"1\" style=\"padding-right: 5px\">\n            \n\n<div class=\"kksr-icon\" style=\"width: 24px; height: 24px;\"><\/div>\n        <\/div>\n            <div class=\"kksr-star\" data-star=\"2\" style=\"padding-right: 5px\">\n            \n\n<div class=\"kksr-icon\" style=\"width: 24px; height: 24px;\"><\/div>\n        <\/div>\n            <div class=\"kksr-star\" data-star=\"3\" style=\"padding-right: 5px\">\n            \n\n<div class=\"kksr-icon\" style=\"width: 24px; height: 24px;\"><\/div>\n        <\/div>\n            <div class=\"kksr-star\" data-star=\"4\" style=\"padding-right: 5px\">\n            \n\n<div class=\"kksr-icon\" style=\"width: 24px; height: 24px;\"><\/div>\n        <\/div>\n            <div class=\"kksr-star\" data-star=\"5\" style=\"padding-right: 5px\">\n            \n\n<div class=\"kksr-icon\" style=\"width: 24px; height: 24px;\"><\/div>\n        <\/div>\n    <\/div>\n    \n<div class=\"kksr-stars-active\" style=\"width: 0px;\">\n            <div class=\"kksr-star\" style=\"padding-right: 5px\">\n            \n\n<div class=\"kksr-icon\" style=\"width: 24px; height: 24px;\"><\/div>\n        <\/div>\n            <div class=\"kksr-star\" style=\"padding-right: 5px\">\n            \n\n<div class=\"kksr-icon\" style=\"width: 24px; height: 24px;\"><\/div>\n        <\/div>\n            <div class=\"kksr-star\" style=\"padding-right: 5px\">\n            \n\n<div class=\"kksr-icon\" style=\"width: 24px; height: 24px;\"><\/div>\n        <\/div>\n            <div class=\"kksr-star\" style=\"padding-right: 5px\">\n            \n\n<div class=\"kksr-icon\" style=\"width: 24px; height: 24px;\"><\/div>\n        <\/div>\n            <div class=\"kksr-star\" style=\"padding-right: 5px\">\n            \n\n<div class=\"kksr-icon\" style=\"width: 24px; height: 24px;\"><\/div>\n        <\/div>\n    <\/div>\n<\/div>\n                \n\n<div class=\"kksr-legend\" style=\"font-size: 19.2px;\">\n            <span class=\"kksr-muted\">Valore ahora<\/span>\n    <\/div>\n    <\/div>\n\r\n<p class=\"wp-block-paragraph\">Hoy tenemos el intercambio<a href=\"https:\/\/blog.proofs.de\/es\/lexikon\/farbraum\/\" target=\"_self\" title=\"El espacio de color se basa en un modelo de color y es su aplicaci\u00f3n concreta a un m\u00e9todo de coloraci\u00f3n (impresora, pantalla, etc.). Por tanto, contiene todos los colores que pueden representarse realmente con este m\u00e9todo y los materiales correspondientes.\" class=\"encyclopedia\">\u200e espacio de color<\/a> <a href=\"https:\/\/blog.proofs.de\/es\/lexikon\/eci\/\" target=\"_self\" title=\"La Iniciativa Europea del Color (ICE) es un grupo de expertos que se ocupa del tratamiento de los datos de color en los sistemas de publicaci\u00f3n.\" class=\"encyclopedia\">eci<\/a><a href=\"https:\/\/blog.proofs.de\/es\/lexikon\/cmyk\/\" target=\"_self\" title='CMYK son las siglas de los cuatro colores de impresi\u00f3n: cian, magenta, amarillo (yellow) y &quot;key&quot; (negro o parte negra).' class=\"encyclopedia\">CMYK<\/a>, <a href=\"https:\/\/blog.proofs.de\/es\/lexikon\/fogra\/\" target=\"_self\" title=\"Fogra Forschungsgesellschaft Druck e.V., con sede en M\u00fanich.\" class=\"encyclopedia\">Fogra<\/a>53 para el <a href=\"https:\/\/blog.proofs.de\/es\/lexikon\/proof\/\" target=\"_self\" title=\"Una prueba (correctamente: prueba de contrato) es un dispositivo de pruebas certificado por la norma ISO 12647-7 para la industria de las artes gr\u00e1ficas. Una prueba simula el colorido de la impresi\u00f3n offset o del huecograbado de una forma jur\u00eddicamente vinculante dentro de las estrechas tolerancias de la norma ISO.\" class=\"encyclopedia\">\u200ePrueba<\/a> e integrado en la tienda en l\u00ednea de proof.de para realizar pedidos.<\/p>\r\n\r\n\r\n\r\n<p class=\"wp-block-paragraph\">eciCMYK es el espacio de color para la producci\u00f3n de impresi\u00f3n CMYK y complementa a los dem\u00e1s espacios de color Fogra, pero a diferencia de \u00e9stos no representa un proceso de impresi\u00f3n espec\u00edfico, sino que es casi un \"CMYK neutro\". Debido a la gran <a href=\"https:\/\/blog.proofs.de\/es\/lexikon\/gamut\/\" target=\"_self\" title=\"La gama (tambi\u00e9n: rango de color) comprende el conjunto de todos los colores de un espacio de color que pueden ser reconocidos (c\u00e1mara, esc\u00e1ner) o reproducidos (impresora, monitor) por un dispositivo. Se ilustra en forma de cuerpo de color.\" class=\"encyclopedia\">Gama<\/a> de eciCMYK puede utilizarse para mostrar todos los procesos de impresi\u00f3n cl\u00e1sicos, puede instalarse f\u00e1cilmente en modernos <a href=\"https:\/\/blog.proofs.de\/es\/lexikon\/proofs\/\" target=\"_self\" title=\"En el sector de la impresi\u00f3n, las pruebas (o impresiones de prueba) se refieren a la simulaci\u00f3n encuadernada en color y legalmente vinculante de un resultado de impresi\u00f3n con fines de control. La norma responsable de las pruebas es la ISO 12647-7:2016, es decir, la revisi\u00f3n actual de 2016.\" class=\"encyclopedia\">Pruebas<\/a>ystemas <a href=\"https:\/\/blog.proofs.de\/es\/lexikon\/proofen\/\" target=\"_self\" title='&quot;Proofing&quot; significa hacer una prueba o mandar hacer una prueba. &quot;Todav\u00eda tengo que hacer una prueba del folleto&quot; es la formulaci\u00f3n t\u00edpica de la palabra &quot;proofing&quot;. Por lo tanto, hacer una prueba significa tener una prueba en color y legalmente vinculante elaborada de acuerdo con la norma ISO 12647-7 vigente.' class=\"encyclopedia\">probar<\/a> y corresponde en sus caracter\u00edsticas a los t\u00edpicos espacios de color de impresi\u00f3n CMYK.<\/p>\r\n\r\n\r\n\r\n<p class=\"wp-block-paragraph\">Las pruebas en eciCMYK \/ Fogra 53 pueden obtenerse ahora f\u00e1cilmente de nosotros en el <a href=\"https:\/\/shop.proof.de\" target=\"_blank\" rel=\"noreferrer noopener\" aria-label=\"Tienda de pruebas (se abre en una nueva pesta\u00f1a)\">Tienda Proof<\/a> puede seleccionar el perfil directamente al hacer el pedido.<\/p>\r\n\r\n\r\n\r\n<p class=\"wp-block-paragraph\"><a href=\"http:\/\/www.eci.org\/de\/colourstandards\/workingcolorspaces\" target=\"_blank\" rel=\"noreferrer noopener\" aria-label=\"Tambi\u00e9n puede encontrar m\u00e1s informaci\u00f3n sobre Fogra 53 en las p\u00e1ginas de la Iniciativa Europea del Color ICE (se abre en una nueva pesta\u00f1a)\">Tambi\u00e9n puede encontrar m\u00e1s informaci\u00f3n sobre Fogra 53 en las p\u00e1ginas de la Iniciativa Europea del Color ECI. <\/a>Andreas Kraushaar, de Fogra, tambi\u00e9n ha definido el espacio de color en el <a href=\"https:\/\/fogra.org\/downloads\/veroeffentlichungen\/fogra-aktuell\" target=\"_blank\" rel=\"noopener\">Fogra News N\u00famero 201<\/a> presentado.<\/p>\r\n\r\n\r\n\r\n<p class=\"wp-block-paragraph\">&nbsp;<\/p>\r\n\r\n\r\n\r\n<p class=\"wp-block-paragraph\">&nbsp;<\/p>","protected":false},"excerpt":{"rendered":"<p>Hoy hemos lanzado el espacio de color de intercambio eciCMYK, Fogra53 para pruebas y lo hemos integrado en la tienda en l\u00ednea proof.de para realizar pedidos. eciCMYK es el espacio de color para la producci\u00f3n de impresi\u00f3n CMYK y complementa a los dem\u00e1s espacios de color Fogra, pero a diferencia de \u00e9stos no representa un proceso de impresi\u00f3n espec\u00edfico, sino que es pr\u00e1cticamente \"CMYK neutro\". Gracias a la amplia gama de eciCMYK, pueden representarse todos los procesos de impresi\u00f3n cl\u00e1sicos, puede probarse f\u00e1cilmente en los sistemas de pruebas modernos y sus caracter\u00edsticas se corresponden con los espacios de color CMYK t\u00edpicos de la impresi\u00f3n. Las pruebas en eciCMYK \/ Fogra 53 pueden encargarse ahora f\u00e1cilmente en ... <\/p>\n<p class=\"read-more-container\"><a title=\"Perfil eciCMYK disponible para la prueba\" class=\"read-more button\" href=\"https:\/\/blog.proofs.de\/es\/ecicmyk-profil-fuer-den-proof-verfuegbar\/#more-2343\" aria-label=\"Leer m\u00e1s sobre El perfil eciCMYK disponible para la prueba\">Leer m\u00e1s<\/a><\/p>","protected":false},"author":2,"featured_media":0,"comment_status":"open","ping_status":"open","sticky":false,"template":"","format":"standard","meta":{"om_disable_all_campaigns":false,"inline_featured_image":false,"_monsterinsights_skip_tracking":false,"footnotes":""},"categories":[1,435,120],"tags":[256,860,529,861,522,859],"class_list":["post-2343","post","type-post","status-publish","format-standard","hentry","category-allgemein","category-farbraeume-und-farbprofile","category-kategorie-proof-gmbh","tag-arbeitsfarbraum","tag-austauschfarbraum","tag-cmyk","tag-ecicmyk","tag-fogra","tag-fogra53","generate-columns","tablet-grid-50","mobile-grid-100","grid-parent","grid-50","no-featured-image-padding"],"aioseo_notices":[],"aioseo_head":"\n\t\t<!-- All in One SEO 5.0.1.1 - aioseo.com -->\n\t<meta name=\"description\" content=\"Wir haben heute den Austauschfarbraum eciCMYK, Fogra53 f\u00fcr den Proof freigeschaltet und in Online-Shop von proof.de zur Bestellung integriert.\" \/>\n\t<meta name=\"robots\" content=\"max-image-preview:large\" \/>\n\t<meta name=\"author\" content=\"Matthias Betz\"\/>\n\t<meta name=\"google-site-verification\" content=\"TuXxyRwxcEg2-WfOaQ8vScWQh3-uBAnxXmY7g3GT90A\" \/>\n\t<meta name=\"keywords\" content=\"ecicmyk,fogra53,cmyk,austauschfarbraum,arbeitsfarbraum,fogra,eci,arbeitsfarbraum,austauschfarbraum,cmyk,ecicmyk,fogra,fogra53\" \/>\n\t<link rel=\"canonical\" href=\"https:\/\/blog.proofs.de\/es\/ecicmyk-profil-fuer-den-proof-verfuegbar\/\" \/>\n\t<meta name=\"generator\" content=\"All in One SEO (AIOSEO) 5.0.1.1\" \/>\n\n\t\t<meta name=\"seobility\" content=\"593a8578143db71543f014978c690d47\">\n\t\t<meta property=\"og:locale\" content=\"es_ES\" \/>\n\t\t<meta property=\"og:site_name\" content=\"Proof.de | Alles zu Proof, Farbmanagement, Grafik, Messtechnik &amp; Co.\" \/>\n\t\t<meta property=\"og:type\" content=\"article\" \/>\n\t\t<meta property=\"og:title\" content=\"eciCMYK Profil f\u00fcr den Proof verf\u00fcgbar | proof.de\" \/>\n\t\t<meta property=\"og:description\" content=\"Wir haben heute den Austauschfarbraum eciCMYK, Fogra53 f\u00fcr den Proof freigeschaltet und in Online-Shop von proof.de zur Bestellung integriert.\" \/>\n\t\t<meta property=\"og:url\" content=\"https:\/\/blog.proofs.de\/es\/ecicmyk-profil-fuer-den-proof-verfuegbar\/\" \/>\n\t\t<meta property=\"og:image\" content=\"https:\/\/blog1.proofen.de\/wp-content\/uploads\/2020\/04\/proof_background.jpg\" \/>\n\t\t<meta property=\"og:image:secure_url\" content=\"https:\/\/blog1.proofen.de\/wp-content\/uploads\/2020\/04\/proof_background.jpg\" \/>\n\t\t<meta property=\"article:published_time\" content=\"2019-03-29T15:51:43+00:00\" \/>\n\t\t<meta property=\"article:modified_time\" content=\"2021-11-30T13:39:55+00:00\" \/>\n\t\t<meta property=\"article:publisher\" content=\"https:\/\/www.facebook.com\/Proof.de\/\" \/>\n\t\t<meta name=\"twitter:card\" content=\"summary\" \/>\n\t\t<meta name=\"twitter:title\" content=\"eciCMYK Profil f\u00fcr den Proof verf\u00fcgbar | proof.de\" \/>\n\t\t<meta name=\"twitter:description\" content=\"Wir haben heute den Austauschfarbraum eciCMYK, Fogra53 f\u00fcr den Proof freigeschaltet und in Online-Shop von proof.de zur Bestellung integriert.\" \/>\n\t\t<meta name=\"twitter:image\" content=\"https:\/\/blog1.proofen.de\/wp-content\/uploads\/2020\/04\/proof_background.jpg\" \/>\n\t\t<script type=\"application\/ld+json\" class=\"aioseo-schema\">\n\t\t\t{\"@context\":\"https:\\\/\\\/schema.org\",\"@graph\":[{\"@type\":\"Article\",\"@id\":\"https:\\\/\\\/blog.proofs.de\\\/es\\\/ecicmyk-profil-fuer-den-proof-verfuegbar\\\/#article\",\"name\":\"eciCMYK Profil f\\u00fcr den Proof verf\\u00fcgbar | proof.de\",\"headline\":\"eciCMYK Profil f\\u00fcr den Proof verf\\u00fcgbar\",\"author\":{\"@id\":\"https:\\\/\\\/blog.proofs.de\\\/es\\\/author\\\/mbetz\\\/#author\"},\"publisher\":{\"@id\":\"https:\\\/\\\/blog.proofs.de\\\/es\\\/#organization\"},\"image\":{\"@type\":\"ImageObject\",\"url\":\"https:\\\/\\\/blog1.proofen.de\\\/wp-content\\\/uploads\\\/2019\\\/09\\\/logo_proof_rgb_mit_balken_250px.png\",\"@id\":\"https:\\\/\\\/blog.proofs.de\\\/es\\\/#articleImage\"},\"datePublished\":\"2019-03-29T16:51:43+01:00\",\"dateModified\":\"2021-11-30T14:39:55+01:00\",\"inLanguage\":\"es-ES\",\"mainEntityOfPage\":{\"@id\":\"https:\\\/\\\/blog.proofs.de\\\/es\\\/ecicmyk-profil-fuer-den-proof-verfuegbar\\\/#webpage\"},\"isPartOf\":{\"@id\":\"https:\\\/\\\/blog.proofs.de\\\/es\\\/ecicmyk-profil-fuer-den-proof-verfuegbar\\\/#webpage\"},\"articleSection\":\"Allgemein, Farbr\\u00e4ume und Farbprofile, Proof GmbH, Arbeitsfarbraum, Austauschfarbraum, CMYK, eciCMYK, Fogra, Fogra53\"},{\"@type\":\"BreadcrumbList\",\"@id\":\"https:\\\/\\\/blog.proofs.de\\\/es\\\/ecicmyk-profil-fuer-den-proof-verfuegbar\\\/#breadcrumblist\",\"itemListElement\":[{\"@type\":\"ListItem\",\"@id\":\"https:\\\/\\\/blog.proofs.de\\\/es#listItem\",\"position\":1,\"name\":\"Home\",\"item\":\"https:\\\/\\\/blog.proofs.de\\\/es\",\"nextItem\":{\"@type\":\"ListItem\",\"@id\":\"https:\\\/\\\/blog.proofs.de\\\/es\\\/thema\\\/proof-wissen\\\/#listItem\",\"name\":\"Proof Wissen\"}},{\"@type\":\"ListItem\",\"@id\":\"https:\\\/\\\/blog.proofs.de\\\/es\\\/thema\\\/proof-wissen\\\/#listItem\",\"position\":2,\"name\":\"Proof Wissen\",\"item\":\"https:\\\/\\\/blog.proofs.de\\\/es\\\/thema\\\/proof-wissen\\\/\",\"nextItem\":{\"@type\":\"ListItem\",\"@id\":\"https:\\\/\\\/blog.proofs.de\\\/es\\\/thema\\\/proof-wissen\\\/kategorie-proof-gmbh\\\/#listItem\",\"name\":\"Proof GmbH\"},\"previousItem\":{\"@type\":\"ListItem\",\"@id\":\"https:\\\/\\\/blog.proofs.de\\\/es#listItem\",\"name\":\"Home\"}},{\"@type\":\"ListItem\",\"@id\":\"https:\\\/\\\/blog.proofs.de\\\/es\\\/thema\\\/proof-wissen\\\/kategorie-proof-gmbh\\\/#listItem\",\"position\":3,\"name\":\"Proof GmbH\",\"item\":\"https:\\\/\\\/blog.proofs.de\\\/es\\\/thema\\\/proof-wissen\\\/kategorie-proof-gmbh\\\/\",\"nextItem\":{\"@type\":\"ListItem\",\"@id\":\"https:\\\/\\\/blog.proofs.de\\\/es\\\/ecicmyk-profil-fuer-den-proof-verfuegbar\\\/#listItem\",\"name\":\"eciCMYK Profil f\\u00fcr den Proof verf\\u00fcgbar\"},\"previousItem\":{\"@type\":\"ListItem\",\"@id\":\"https:\\\/\\\/blog.proofs.de\\\/es\\\/thema\\\/proof-wissen\\\/#listItem\",\"name\":\"Proof Wissen\"}},{\"@type\":\"ListItem\",\"@id\":\"https:\\\/\\\/blog.proofs.de\\\/es\\\/ecicmyk-profil-fuer-den-proof-verfuegbar\\\/#listItem\",\"position\":4,\"name\":\"eciCMYK Profil f\\u00fcr den Proof verf\\u00fcgbar\",\"previousItem\":{\"@type\":\"ListItem\",\"@id\":\"https:\\\/\\\/blog.proofs.de\\\/es\\\/thema\\\/proof-wissen\\\/kategorie-proof-gmbh\\\/#listItem\",\"name\":\"Proof GmbH\"}}]},{\"@type\":\"Organization\",\"@id\":\"https:\\\/\\\/blog.proofs.de\\\/es\\\/#organization\",\"name\":\"Proof GmbH\",\"description\":\"Farbverbindlicher Proof, Farbproof, Digitalproof und Online-Proof.\",\"url\":\"https:\\\/\\\/blog.proofs.de\\\/es\\\/\",\"telephone\":\"+4970717952740\",\"logo\":{\"@type\":\"ImageObject\",\"url\":\"https:\\\/\\\/blog1.proofen.de\\\/wp-content\\\/uploads\\\/2019\\\/09\\\/logo_proof_rgb_mit_balken_250px.png\",\"@id\":\"https:\\\/\\\/blog.proofs.de\\\/es\\\/ecicmyk-profil-fuer-den-proof-verfuegbar\\\/#organizationLogo\"},\"image\":{\"@id\":\"https:\\\/\\\/blog.proofs.de\\\/es\\\/ecicmyk-profil-fuer-den-proof-verfuegbar\\\/#organizationLogo\"},\"sameAs\":[\"https:\\\/\\\/www.facebook.com\\\/Proof.de\\\/\",\"https:\\\/\\\/www.instagram.com\\\/proof.de\\\/\",\"https:\\\/\\\/www.tiktok.com\\\/@proof_de\",\"https:\\\/\\\/www.youtube.com\\\/channel\\\/UCk80fQVQ25wC9wu3SywB-Nw\",\"https:\\\/\\\/www.linkedin.com\\\/company\\\/proof-de\"]},{\"@type\":\"Person\",\"@id\":\"https:\\\/\\\/blog.proofs.de\\\/es\\\/author\\\/mbetz\\\/#author\",\"url\":\"https:\\\/\\\/blog.proofs.de\\\/es\\\/author\\\/mbetz\\\/\",\"name\":\"Matthias Betz\",\"image\":{\"@type\":\"ImageObject\",\"@id\":\"https:\\\/\\\/blog.proofs.de\\\/es\\\/ecicmyk-profil-fuer-den-proof-verfuegbar\\\/#authorImage\",\"url\":\"https:\\\/\\\/blog.proofs.de\\\/wp-content\\\/uploads\\\/2020\\\/10\\\/matthias-betz-e1603934518350-150x150.png\",\"width\":96,\"height\":96,\"caption\":\"Matthias Betz\"}},{\"@type\":\"WebPage\",\"@id\":\"https:\\\/\\\/blog.proofs.de\\\/es\\\/ecicmyk-profil-fuer-den-proof-verfuegbar\\\/#webpage\",\"url\":\"https:\\\/\\\/blog.proofs.de\\\/es\\\/ecicmyk-profil-fuer-den-proof-verfuegbar\\\/\",\"name\":\"eciCMYK Profil f\\u00fcr den Proof verf\\u00fcgbar | proof.de\",\"description\":\"Wir haben heute den Austauschfarbraum eciCMYK, Fogra53 f\\u00fcr den Proof freigeschaltet und in Online-Shop von proof.de zur Bestellung integriert.\",\"inLanguage\":\"es-ES\",\"isPartOf\":{\"@id\":\"https:\\\/\\\/blog.proofs.de\\\/es\\\/#website\"},\"breadcrumb\":{\"@id\":\"https:\\\/\\\/blog.proofs.de\\\/es\\\/ecicmyk-profil-fuer-den-proof-verfuegbar\\\/#breadcrumblist\"},\"author\":{\"@id\":\"https:\\\/\\\/blog.proofs.de\\\/es\\\/author\\\/mbetz\\\/#author\"},\"creator\":{\"@id\":\"https:\\\/\\\/blog.proofs.de\\\/es\\\/author\\\/mbetz\\\/#author\"},\"datePublished\":\"2019-03-29T16:51:43+01:00\",\"dateModified\":\"2021-11-30T14:39:55+01:00\"},{\"@type\":\"WebSite\",\"@id\":\"https:\\\/\\\/blog.proofs.de\\\/es\\\/#website\",\"url\":\"https:\\\/\\\/blog.proofs.de\\\/es\\\/\",\"name\":\"Proof.de\",\"description\":\"Farbverbindlicher Proof, Farbproof, Digitalproof und Online-Proof.\",\"inLanguage\":\"es-ES\",\"publisher\":{\"@id\":\"https:\\\/\\\/blog.proofs.de\\\/es\\\/#organization\"}}]}\n\t\t<\/script>\n\t\t<!-- All in One SEO -->\n\n","aioseo_head_json":{"title":"Perfil eciCMYK disponible para la prueba | proof.de","description":"Hoy hemos lanzado el espacio de color de intercambio eciCMYK, Fogra53 para la prueba y lo hemos integrado en la tienda en l\u00ednea de proof.de para realizar pedidos.","canonical_url":"https:\/\/blog.proofs.de\/es\/ecicmyk-profil-fuer-den-proof-verfuegbar\/","robots":"max-image-preview:large","keywords":"ecicmyk,fogra53,cmyk,austauschfarbraum,arbeitsfarbraum,fogra,eci,arbeitsfarbraum,austauschfarbraum,cmyk,ecicmyk,fogra,fogra53","webmasterTools":{"google-site-verification":"TuXxyRwxcEg2-WfOaQ8vScWQh3-uBAnxXmY7g3GT90A","miscellaneous":"&lt;meta name=\"seobility\" content=\"593a8578143db71543f014978c690d47\"&gt;"},"schema":{"@context":"https:\/\/schema.org","@graph":[{"@type":"Article","@id":"https:\/\/blog.proofs.de\/es\/ecicmyk-profil-fuer-den-proof-verfuegbar\/#article","name":"eciCMYK Profil f\u00fcr den Proof verf\u00fcgbar | proof.de","headline":"eciCMYK Profil f\u00fcr den Proof verf\u00fcgbar","author":{"@id":"https:\/\/blog.proofs.de\/es\/author\/mbetz\/#author"},"publisher":{"@id":"https:\/\/blog.proofs.de\/es\/#organization"},"image":{"@type":"ImageObject","url":"https:\/\/blog1.proofen.de\/wp-content\/uploads\/2019\/09\/logo_proof_rgb_mit_balken_250px.png","@id":"https:\/\/blog.proofs.de\/es\/#articleImage"},"datePublished":"2019-03-29T16:51:43+01:00","dateModified":"2021-11-30T14:39:55+01:00","inLanguage":"es-ES","mainEntityOfPage":{"@id":"https:\/\/blog.proofs.de\/es\/ecicmyk-profil-fuer-den-proof-verfuegbar\/#webpage"},"isPartOf":{"@id":"https:\/\/blog.proofs.de\/es\/ecicmyk-profil-fuer-den-proof-verfuegbar\/#webpage"},"articleSection":"Allgemein, Farbr\u00e4ume und Farbprofile, Proof GmbH, Arbeitsfarbraum, Austauschfarbraum, CMYK, eciCMYK, Fogra, Fogra53"},{"@type":"BreadcrumbList","@id":"https:\/\/blog.proofs.de\/es\/ecicmyk-profil-fuer-den-proof-verfuegbar\/#breadcrumblist","itemListElement":[{"@type":"ListItem","@id":"https:\/\/blog.proofs.de\/es#listItem","position":1,"name":"Home","item":"https:\/\/blog.proofs.de\/es","nextItem":{"@type":"ListItem","@id":"https:\/\/blog.proofs.de\/es\/thema\/proof-wissen\/#listItem","name":"Proof Wissen"}},{"@type":"ListItem","@id":"https:\/\/blog.proofs.de\/es\/thema\/proof-wissen\/#listItem","position":2,"name":"Proof Wissen","item":"https:\/\/blog.proofs.de\/es\/thema\/proof-wissen\/","nextItem":{"@type":"ListItem","@id":"https:\/\/blog.proofs.de\/es\/thema\/proof-wissen\/kategorie-proof-gmbh\/#listItem","name":"Proof GmbH"},"previousItem":{"@type":"ListItem","@id":"https:\/\/blog.proofs.de\/es#listItem","name":"Home"}},{"@type":"ListItem","@id":"https:\/\/blog.proofs.de\/es\/thema\/proof-wissen\/kategorie-proof-gmbh\/#listItem","position":3,"name":"Proof GmbH","item":"https:\/\/blog.proofs.de\/es\/thema\/proof-wissen\/kategorie-proof-gmbh\/","nextItem":{"@type":"ListItem","@id":"https:\/\/blog.proofs.de\/es\/ecicmyk-profil-fuer-den-proof-verfuegbar\/#listItem","name":"eciCMYK Profil f\u00fcr den Proof verf\u00fcgbar"},"previousItem":{"@type":"ListItem","@id":"https:\/\/blog.proofs.de\/es\/thema\/proof-wissen\/#listItem","name":"Proof Wissen"}},{"@type":"ListItem","@id":"https:\/\/blog.proofs.de\/es\/ecicmyk-profil-fuer-den-proof-verfuegbar\/#listItem","position":4,"name":"eciCMYK Profil f\u00fcr den Proof verf\u00fcgbar","previousItem":{"@type":"ListItem","@id":"https:\/\/blog.proofs.de\/es\/thema\/proof-wissen\/kategorie-proof-gmbh\/#listItem","name":"Proof GmbH"}}]},{"@type":"Organization","@id":"https:\/\/blog.proofs.de\/es\/#organization","name":"Proof GmbH","description":"Farbverbindlicher Proof, Farbproof, Digitalproof und Online-Proof.","url":"https:\/\/blog.proofs.de\/es\/","telephone":"+4970717952740","logo":{"@type":"ImageObject","url":"https:\/\/blog1.proofen.de\/wp-content\/uploads\/2019\/09\/logo_proof_rgb_mit_balken_250px.png","@id":"https:\/\/blog.proofs.de\/es\/ecicmyk-profil-fuer-den-proof-verfuegbar\/#organizationLogo"},"image":{"@id":"https:\/\/blog.proofs.de\/es\/ecicmyk-profil-fuer-den-proof-verfuegbar\/#organizationLogo"},"sameAs":["https:\/\/www.facebook.com\/Proof.de\/","https:\/\/www.instagram.com\/proof.de\/","https:\/\/www.tiktok.com\/@proof_de","https:\/\/www.youtube.com\/channel\/UCk80fQVQ25wC9wu3SywB-Nw","https:\/\/www.linkedin.com\/company\/proof-de"]},{"@type":"Person","@id":"https:\/\/blog.proofs.de\/es\/author\/mbetz\/#author","url":"https:\/\/blog.proofs.de\/es\/author\/mbetz\/","name":"Matthias Betz","image":{"@type":"ImageObject","@id":"https:\/\/blog.proofs.de\/es\/ecicmyk-profil-fuer-den-proof-verfuegbar\/#authorImage","url":"https:\/\/blog.proofs.de\/wp-content\/uploads\/2020\/10\/matthias-betz-e1603934518350-150x150.png","width":96,"height":96,"caption":"Matthias Betz"}},{"@type":"WebPage","@id":"https:\/\/blog.proofs.de\/es\/ecicmyk-profil-fuer-den-proof-verfuegbar\/#webpage","url":"https:\/\/blog.proofs.de\/es\/ecicmyk-profil-fuer-den-proof-verfuegbar\/","name":"eciCMYK Profil f\u00fcr den Proof verf\u00fcgbar | proof.de","description":"Wir haben heute den Austauschfarbraum eciCMYK, Fogra53 f\u00fcr den Proof freigeschaltet und in Online-Shop von proof.de zur Bestellung integriert.","inLanguage":"es-ES","isPartOf":{"@id":"https:\/\/blog.proofs.de\/es\/#website"},"breadcrumb":{"@id":"https:\/\/blog.proofs.de\/es\/ecicmyk-profil-fuer-den-proof-verfuegbar\/#breadcrumblist"},"author":{"@id":"https:\/\/blog.proofs.de\/es\/author\/mbetz\/#author"},"creator":{"@id":"https:\/\/blog.proofs.de\/es\/author\/mbetz\/#author"},"datePublished":"2019-03-29T16:51:43+01:00","dateModified":"2021-11-30T14:39:55+01:00"},{"@type":"WebSite","@id":"https:\/\/blog.proofs.de\/es\/#website","url":"https:\/\/blog.proofs.de\/es\/","name":"Proof.de","description":"Farbverbindlicher Proof, Farbproof, Digitalproof und Online-Proof.","inLanguage":"es-ES","publisher":{"@id":"https:\/\/blog.proofs.de\/es\/#organization"}}]},"og:locale":"es_ES","og:site_name":"Proof.de | Alles zu Proof, Farbmanagement, Grafik, Messtechnik &amp; Co.","og:type":"article","og:title":"eciCMYK Profil f\u00fcr den Proof verf\u00fcgbar | proof.de","og:description":"Wir haben heute den Austauschfarbraum eciCMYK, Fogra53 f\u00fcr den Proof freigeschaltet und in Online-Shop von proof.de zur Bestellung integriert.","og:url":"https:\/\/blog.proofs.de\/es\/ecicmyk-profil-fuer-den-proof-verfuegbar\/","og:image":"https:\/\/blog1.proofen.de\/wp-content\/uploads\/2020\/04\/proof_background.jpg","og:image:secure_url":"https:\/\/blog1.proofen.de\/wp-content\/uploads\/2020\/04\/proof_background.jpg","article:published_time":"2019-03-29T15:51:43+00:00","article:modified_time":"2021-11-30T13:39:55+00:00","article:publisher":"https:\/\/www.facebook.com\/Proof.de\/","twitter:card":"summary","twitter:title":"eciCMYK Profil f\u00fcr den Proof verf\u00fcgbar | proof.de","twitter:description":"Wir haben heute den Austauschfarbraum eciCMYK, Fogra53 f\u00fcr den Proof freigeschaltet und in Online-Shop von proof.de zur Bestellung integriert.","twitter:image":"https:\/\/blog1.proofen.de\/wp-content\/uploads\/2020\/04\/proof_background.jpg"},"aioseo_meta_data":{"post_id":"2343","title":"eciCMYK Profil f\u00fcr den Proof verf\u00fcgbar |\u00a0proof.de","description":"Hoy hemos lanzado el espacio de color de intercambio eciCMYK, Fogra53 para la prueba y lo hemos integrado en la tienda en l\u00ednea de proof.de para realizar pedidos.","keywords":[{"label":"eciCMYK,Fogra53,CMYK,Austauschfarbraum,Arbeitsfarbraum,Fogra,ECI","value":"eciCMYK,Fogra53,CMYK,Austauschfarbraum,Arbeitsfarbraum,Fogra,ECI"}],"keyphrases":{"focus":[],"additional":[]},"primary_term":null,"canonical_url":null,"og_title":null,"og_description":null,"og_object_type":"default","og_image_type":"default","og_image_url":null,"og_image_width":null,"og_image_height":null,"og_image_custom_url":null,"og_image_custom_fields":null,"og_video":"","og_custom_url":null,"og_article_section":null,"og_article_tags":[],"twitter_use_og":false,"twitter_card":"default","twitter_image_type":"default","twitter_image_url":null,"twitter_image_custom_url":null,"twitter_image_custom_fields":null,"twitter_title":null,"twitter_description":null,"schema":{"blockGraphs":[],"customGraphs":[],"default":{"data":{"Article":[],"Course":[],"Dataset":[],"FAQPage":[],"Movie":[],"Person":[],"Product":[],"ProductReview":[],"Car":[],"Recipe":[],"Service":[],"SoftwareApplication":[],"WebPage":[]},"graphName":"","isEnabled":true},"graphs":[],"defaultGraph":"Article","defaultPostTypeGraph":""},"schema_type":"default","schema_type_options":"{\"article\":{\"articleType\":\"BlogPosting\"},\"course\":{\"name\":\"\",\"description\":\"\",\"provider\":\"\"},\"faq\":{\"pages\":[]},\"product\":{\"reviews\":[]},\"recipe\":{\"ingredients\":[],\"instructions\":[],\"keywords\":[]},\"software\":{\"reviews\":[],\"operatingSystems\":[]},\"webPage\":{\"webPageType\":\"WebPage\"}}","pillar_content":false,"robots_default":true,"robots_noindex":false,"robots_noarchive":false,"robots_nosnippet":false,"robots_nofollow":false,"robots_noimageindex":false,"robots_noodp":false,"robots_notranslate":false,"robots_max_snippet":"-1","robots_max_videopreview":"-1","robots_max_imagepreview":"large","priority":null,"frequency":"default","local_seo":null,"breadcrumb_settings":null,"limit_modified_date":true,"ai":null,"created":"2020-12-21 00:33:58","updated":"2025-06-04 14:24:05","seo_analyzer_scan_date":null,"focus_keyword":null,"additional_keywords":null,"truseo_locale":null},"_links":{"self":[{"href":"https:\/\/blog.proofs.de\/es\/wp-json\/wp\/v2\/posts\/2343","targetHints":{"allow":["GET"]}}],"collection":[{"href":"https:\/\/blog.proofs.de\/es\/wp-json\/wp\/v2\/posts"}],"about":[{"href":"https:\/\/blog.proofs.de\/es\/wp-json\/wp\/v2\/types\/post"}],"author":[{"embeddable":true,"href":"https:\/\/blog.proofs.de\/es\/wp-json\/wp\/v2\/users\/2"}],"replies":[{"embeddable":true,"href":"https:\/\/blog.proofs.de\/es\/wp-json\/wp\/v2\/comments?post=2343"}],"version-history":[{"count":3,"href":"https:\/\/blog.proofs.de\/es\/wp-json\/wp\/v2\/posts\/2343\/revisions"}],"predecessor-version":[{"id":4593,"href":"https:\/\/blog.proofs.de\/es\/wp-json\/wp\/v2\/posts\/2343\/revisions\/4593"}],"wp:attachment":[{"href":"https:\/\/blog.proofs.de\/es\/wp-json\/wp\/v2\/media?parent=2343"}],"wp:term":[{"taxonomy":"category","embeddable":true,"href":"https:\/\/blog.proofs.de\/es\/wp-json\/wp\/v2\/categories?post=2343"},{"taxonomy":"post_tag","embeddable":true,"href":"https:\/\/blog.proofs.de\/es\/wp-json\/wp\/v2\/tags?post=2343"}],"curies":[{"name":"wp","href":"https:\/\/api.w.org\/{rel}","templated":true}]}}