{"id":5604,"date":"2024-02-19T01:13:56","date_gmt":"2024-02-19T00:13:56","guid":{"rendered":"https:\/\/www.proof.de\/?p=5604"},"modified":"2024-02-19T01:13:59","modified_gmt":"2024-02-19T00:13:59","slug":"comienza-el-simposio-de-gestion-del-color-2024-de-la-fogra-en-munich","status":"publish","type":"post","link":"https:\/\/blog.proofs.de\/es\/das-fogra-colormanagement-symposium-2024-in-muenchen-startet\/","title":{"rendered":"El Simposio de Gesti\u00f3n del Color 2024 de la Fogra comienza en M\u00fanich"},"content":{"rendered":"<div class=\"kk-star-ratings kksr-auto kksr-align-right kksr-valign-top\" data-payload='{\"align\":\"right\",\"id\":\"5604\",\"slug\":\"default\",\"valign\":\"top\",\"ignore\":\"\",\"reference\":\"auto\",\"class\":\"\",\"count\":\"0\",\"legendonly\":\"\",\"readonly\":\"\",\"score\":\"0\",\"starsonly\":\"\",\"best\":\"5\",\"gap\":\"5\",\"greet\":\"Jetzt bewerten\",\"legend\":\"0\\\/5 - (0 votos)\",\"size\":\"24\",\"title\":\"Das Fogra Colormanagement Symposium 2024 in M&uuml;nchen startet\",\"width\":\"0\",\"_legend\":\"{score}\\\/{best} - ({count} {votes})\",\"font_factor\":\"1.25\"}'>\n            \n<div class=\"kksr-stars\">\n    \n<div class=\"kksr-stars-inactive\">\n            <div class=\"kksr-star\" data-star=\"1\" style=\"padding-right: 5px\">\n            \n\n<div class=\"kksr-icon\" style=\"width: 24px; height: 24px;\"><\/div>\n        <\/div>\n            <div class=\"kksr-star\" data-star=\"2\" style=\"padding-right: 5px\">\n            \n\n<div class=\"kksr-icon\" style=\"width: 24px; height: 24px;\"><\/div>\n        <\/div>\n            <div class=\"kksr-star\" data-star=\"3\" style=\"padding-right: 5px\">\n            \n\n<div class=\"kksr-icon\" style=\"width: 24px; height: 24px;\"><\/div>\n        <\/div>\n            <div class=\"kksr-star\" data-star=\"4\" style=\"padding-right: 5px\">\n            \n\n<div class=\"kksr-icon\" style=\"width: 24px; height: 24px;\"><\/div>\n        <\/div>\n            <div class=\"kksr-star\" data-star=\"5\" style=\"padding-right: 5px\">\n            \n\n<div class=\"kksr-icon\" style=\"width: 24px; height: 24px;\"><\/div>\n        <\/div>\n    <\/div>\n    \n<div class=\"kksr-stars-active\" style=\"width: 0px;\">\n            <div class=\"kksr-star\" style=\"padding-right: 5px\">\n            \n\n<div class=\"kksr-icon\" style=\"width: 24px; height: 24px;\"><\/div>\n        <\/div>\n            <div class=\"kksr-star\" style=\"padding-right: 5px\">\n            \n\n<div class=\"kksr-icon\" style=\"width: 24px; height: 24px;\"><\/div>\n        <\/div>\n            <div class=\"kksr-star\" style=\"padding-right: 5px\">\n            \n\n<div class=\"kksr-icon\" style=\"width: 24px; height: 24px;\"><\/div>\n        <\/div>\n            <div class=\"kksr-star\" style=\"padding-right: 5px\">\n            \n\n<div class=\"kksr-icon\" style=\"width: 24px; height: 24px;\"><\/div>\n        <\/div>\n            <div class=\"kksr-star\" style=\"padding-right: 5px\">\n            \n\n<div class=\"kksr-icon\" style=\"width: 24px; height: 24px;\"><\/div>\n        <\/div>\n    <\/div>\n<\/div>\n                \n\n<div class=\"kksr-legend\" style=\"font-size: 19.2px;\">\n            <span class=\"kksr-muted\">Valore ahora<\/span>\n    <\/div>\n    <\/div>\n<div class=\"wp-block-image\">\n<figure class=\"alignright size-medium\"><a href=\"https:\/\/blog1.proofen.de\/wp-content\/uploads\/2024\/02\/Fogra_Colormanagement_Symposium_2024.png\"><img loading=\"lazy\" decoding=\"async\" width=\"263\" height=\"300\" src=\"https:\/\/blog1.proofen.de\/wp-content\/uploads\/2024\/02\/Fogra_Colormanagement_Symposium_2024-263x300.png\" alt=\"Logotipo del Simposio de Gesti\u00f3n del Color 2024 de la Fogra en M\u00fanich\" class=\"wp-image-5605\" srcset=\"https:\/\/blog.proofs.de\/wp-content\/uploads\/2024\/02\/Fogra_Colormanagement_Symposium_2024-263x300.png 263w, https:\/\/blog.proofs.de\/wp-content\/uploads\/2024\/02\/Fogra_Colormanagement_Symposium_2024-899x1024.png 899w, https:\/\/blog.proofs.de\/wp-content\/uploads\/2024\/02\/Fogra_Colormanagement_Symposium_2024-768x875.png 768w, https:\/\/blog.proofs.de\/wp-content\/uploads\/2024\/02\/Fogra_Colormanagement_Symposium_2024-1348x1536.png 1348w, https:\/\/blog.proofs.de\/wp-content\/uploads\/2024\/02\/Fogra_Colormanagement_Symposium_2024-11x12.png 11w, https:\/\/blog.proofs.de\/wp-content\/uploads\/2024\/02\/Fogra_Colormanagement_Symposium_2024.png 1678w\" sizes=\"auto, (max-width: 263px) 100vw, 263px\"><\/a><\/figure>\n<\/div>\n\n\n<p class=\"wp-block-paragraph\">A partir del mi\u00e9rcoles 21.2.2024, el evento de dos d\u00edas tendr\u00e1 lugar de nuevo. <a href=\"https:\/\/fogra.org\/fileadmin\/files\/4_veranstaltungen\/symposien\/Fogra_CMS_Programm_2024_DE.pdf\" target=\"_blank\" rel=\"noopener\" title=\"\">Simposio sobre gesti\u00f3n del color de la Fogra<\/a> en M\u00fanich. Por un lado <a href=\"https:\/\/blog.proofs.de\/es\/lexikon\/farbmanagement\/\" target=\"_self\" title=\"El objetivo de la gesti\u00f3n del color es garantizar que los colores se reproduzcan de la forma m\u00e1s similar posible en los distintos dispositivos, como c\u00e1maras, esc\u00e1neres, monitores, impresoras l\u00e1ser, de inyecci\u00f3n de tinta, offset y muchos m\u00e1s.\" class=\"encyclopedia\">Gesti\u00f3n del color<\/a>Expertos de la industria de producci\u00f3n y de las PYME informar\u00e1n sobre su estado actual de implantaci\u00f3n y realizaci\u00f3n de la gesti\u00f3n del color, entre los que este a\u00f1o se encuentran Proctor &amp; Gamble, L'Or\u00e9al y K\u00e4rcher, as\u00ed como sobre los avances actuales en \u00e1reas como la ECG, <a href=\"https:\/\/blog.proofs.de\/es\/lexikon\/softproof\/\" target=\"_self\" title='A diferencia de la cl\u00e1sica &quot;prueba dura&quot; sobre papel, una prueba blanda es una prueba que se visualiza en un monitor con precisi\u00f3n crom\u00e1tica.' class=\"encyclopedia\">Softproof<\/a> y en papel <a href=\"https:\/\/blog.proofs.de\/es\/lexikon\/proof\/\" target=\"_self\" title=\"Una prueba (correctamente: prueba de contrato) es un dispositivo de pruebas certificado por la norma ISO 12647-7 para la industria de las artes gr\u00e1ficas. Una prueba simula el colorido de la impresi\u00f3n offset o del huecograbado de una forma jur\u00eddicamente vinculante dentro de las estrechas tolerancias de la norma ISO.\" class=\"encyclopedia\">\u200ePrueba<\/a> se presentan y discuten. <\/p>\n\n\n\n<p class=\"wp-block-paragraph\">Se ha dado un enfoque propio al tema de las pruebas decorativas, mostrando c\u00f3mo se pueden capturar sofisticadas superficies decorativas, mostrarlas correctamente en la prueba en pantalla y luego imprimirlas correctamente.<\/p>\n\n\n\n<p class=\"wp-block-paragraph translation-block\">Como miembro de la <a href=\"https:\/\/blog1.proofen.de\/es\/lexico-2\/fogra\/\" target=\"_self\" class=\"encyclopedia tooltipstered\">Fogra<\/a>, en cada CMS2024 nos interesa ver c\u00f3mo evolucionan los desarrollos actuales, como la impresi\u00f3n en siete colores y las <a href=\"https:\/\/blog1.proofen.de\/es\/lexico-2\/a-prueba-de-colores\/\" target=\"_self\" class=\"encyclopedia tooltipstered\">pruebas<\/a> en siete colores. Fuimos la primera empresa en obtener la certificaci\u00f3n ECG para pruebas <a href=\"https:\/\/blog1.proofen.de\/es\/lexico-2\/cmyk\/\" target=\"_self\" class=\"encyclopedia tooltipstered\">CMYK<\/a>OGV de acuerdo con Fogra55 hace m\u00e1s de un a\u00f1o, pero s\u00f3lo ahora est\u00e1n llegando los primeros trabajos y podemos ver qu\u00e9 requisitos nos imponen nuestros clientes en t\u00e9rminos de pruebas CMYKOGV y c\u00f3mo podemos resolver estos retos con el actual software de pruebas <a href=\"https:\/\/blog1.proofen.de\/es\/lexico-2\/ardiente\/\" target=\"_self\" class=\"encyclopedia tooltipstered\">Fiery<\/a> y <a href=\"https:\/\/blog1.proofen.de\/es\/lexico-2\/gmg\/\" target=\"_self\" class=\"encyclopedia tooltipstered\">GMG<\/a>. Por supuesto, siempre es apasionante ver c\u00f3mo la industria del embalaje y los grandes proveedores de servicios de impresi\u00f3n abordan actualmente estas cuestiones. Actualmente estoy trabajando mucho con nuevas tecnolog\u00edas y software como el  <a href=\"https:\/\/softproof.com\" target=\"_blank\" rel=\"noopener\" title=\"\">software de pruebas en pantalla Spectraproof<\/a> y estoy muy contento de poder reunirme de nuevo con el gerente del fabricante <a href=\"https:\/\/blog1.proofen.de\/es\/lexico-2\/lacunasolutions\/\" target=\"_self\" class=\"encyclopedia tooltipstered\">Lacunasolutions<\/a>, Alexander Demmler, en el Simposio de la Fogra en Munich. Siempre es m\u00e1s agradable estar in situ que en l\u00ednea, y brindar juntos en la \"velada b\u00e1vara\" es sencillamente m\u00e1s agradable que hacerlo virtualmente con una taza de caf\u00e9 en Zoom o Signal. Por cierto, el ponente principal de esta noche es Hanno Hoffstadt, de GMG, que hablar\u00e1 sobre la fluorescencia en nuestras vidas... a ver si consigue cambiar un poco los colores de mi oficina cotidiana hacia el azul <a href=\"https:\/\/blog1.proofen.de\/es\/lexico-2\/oba\/\" target=\"_self\" class=\"encyclopedia tooltipstered\">OBA<\/a>.<\/p>\n\n\n\n<p class=\"wp-block-paragraph\">Estoy deseando que llegue la CMS2024 en M\u00fanich, hacer las maletas, cargar el port\u00e1til y buscar un nuevo bloc de notas para mis nuevas ideas, por un lado, y mis nuevas ideas de ensayo, por otro.<\/p>","protected":false},"excerpt":{"rendered":"<p>A partir del mi\u00e9rcoles 21.2.2024 tendr\u00e1 lugar de nuevo en M\u00fanich el simposio de gesti\u00f3n del color de Fogra, de dos d\u00edas de duraci\u00f3n. Por un lado, expertos en gesti\u00f3n del color de la industria de producci\u00f3n y de las PYMES informar\u00e1n sobre su estado de implantaci\u00f3n y realizaci\u00f3n de la gesti\u00f3n del color, entre ellos Proctor &amp; Gamble, L'Or\u00e9al y K\u00e4rcher este a\u00f1o, pero tambi\u00e9n se presentar\u00e1n y debatir\u00e1n los desarrollos actuales en \u00e1reas como ECG, pruebas en pantalla y pruebas en papel. Se ha dado un enfoque propio al tema del Decoration Proofing, mostrando c\u00f3mo se pueden capturar sofisticadas superficies decorativas, mostrarlas correctamente en el soft proof y despu\u00e9s imprimirlas correctamente. Para nosotros, como miembros de la Fogra ... <\/p>\n<p class=\"read-more-container\"><a title=\"El Simposio de Gesti\u00f3n del Color 2024 de la Fogra comienza en M\u00fanich\" class=\"read-more button\" href=\"https:\/\/blog.proofs.de\/es\/das-fogra-colormanagement-symposium-2024-in-muenchen-startet\/#more-5604\" aria-label=\"Leer m\u00e1s sobre Comienza el Simposio Fogra de Gesti\u00f3n del Color 2024 en M\u00fanich\">Leer m\u00e1s<\/a><\/p>","protected":false},"author":2,"featured_media":5605,"comment_status":"open","ping_status":"open","sticky":false,"template":"","format":"standard","meta":{"om_disable_all_campaigns":false,"inline_featured_image":false,"_monsterinsights_skip_tracking":false,"footnotes":""},"categories":[1],"tags":[1374,1371,1376,522,1210,561,1373,1375,568,543,1372],"class_list":["post-5604","post","type-post","status-publish","format-standard","has-post-thumbnail","hentry","category-allgemein","tag-alexander-demmler","tag-cms2024","tag-fluoreszenz","tag-fogra","tag-fogra-mitglied","tag-gmg","tag-hanno-hoffstadt","tag-lacunasolutions","tag-oba","tag-softproof","tag-spectraproof","generate-columns","tablet-grid-50","mobile-grid-100","grid-parent","grid-50","no-featured-image-padding","resize-featured-image"],"aioseo_notices":[],"aioseo_head":"\n\t\t<!-- All in One SEO 5.0.1.1 - aioseo.com -->\n\t<meta name=\"description\" content=\"Ab Mittwoch, dem 21.2.2024 findet wieder das zweit\u00e4tige Farbmanagement-Symposium der Fogra in M\u00fcnchen statt.\" \/>\n\t<meta name=\"robots\" content=\"max-image-preview:large\" \/>\n\t<meta name=\"author\" content=\"Matthias Betz\"\/>\n\t<meta name=\"google-site-verification\" content=\"TuXxyRwxcEg2-WfOaQ8vScWQh3-uBAnxXmY7g3GT90A\" \/>\n\t<meta name=\"keywords\" content=\"alexander demmler,cms2024,fluoreszenz,fogra,fogra mitglied,gmg,hanno hoffstadt,lacunasolutions,oba,softproof,spectraproof\" \/>\n\t<link rel=\"canonical\" href=\"https:\/\/blog.proofs.de\/es\/das-fogra-colormanagement-symposium-2024-in-muenchen-startet\/\" \/>\n\t<meta name=\"generator\" content=\"All in One SEO (AIOSEO) 5.0.1.1\" \/>\n\n\t\t<meta name=\"seobility\" content=\"593a8578143db71543f014978c690d47\">\n\t\t<meta property=\"og:locale\" content=\"es_ES\" \/>\n\t\t<meta property=\"og:site_name\" content=\"Proof.de | Alles zu Proof, Farbmanagement, Grafik, Messtechnik &amp; Co.\" \/>\n\t\t<meta property=\"og:type\" content=\"article\" \/>\n\t\t<meta property=\"og:title\" content=\"Das Colormanagement Symposium 2024 startet | proof.de\" \/>\n\t\t<meta property=\"og:description\" content=\"Ab Mittwoch, dem 21.2.2024 findet wieder das zweit\u00e4tige Farbmanagement-Symposium der Fogra in M\u00fcnchen statt.\" \/>\n\t\t<meta property=\"og:url\" content=\"https:\/\/blog.proofs.de\/es\/das-fogra-colormanagement-symposium-2024-in-muenchen-startet\/\" \/>\n\t\t<meta property=\"og:image\" content=\"https:\/\/blog.proofs.de\/wp-content\/uploads\/2024\/02\/Fogra_Colormanagement_Symposium_2024.png\" \/>\n\t\t<meta property=\"og:image:secure_url\" content=\"https:\/\/blog.proofs.de\/wp-content\/uploads\/2024\/02\/Fogra_Colormanagement_Symposium_2024.png\" \/>\n\t\t<meta property=\"og:image:width\" content=\"1678\" \/>\n\t\t<meta property=\"og:image:height\" content=\"1912\" \/>\n\t\t<meta property=\"article:published_time\" content=\"2024-02-19T00:13:56+00:00\" \/>\n\t\t<meta property=\"article:modified_time\" content=\"2024-02-19T00:13:59+00:00\" \/>\n\t\t<meta property=\"article:publisher\" content=\"https:\/\/www.facebook.com\/Proof.de\/\" \/>\n\t\t<meta name=\"twitter:card\" content=\"summary\" \/>\n\t\t<meta name=\"twitter:title\" content=\"Das Colormanagement Symposium 2024 startet | proof.de\" \/>\n\t\t<meta name=\"twitter:description\" content=\"Ab Mittwoch, dem 21.2.2024 findet wieder das zweit\u00e4tige Farbmanagement-Symposium der Fogra in M\u00fcnchen statt.\" \/>\n\t\t<meta name=\"twitter:image\" content=\"https:\/\/blog.proofs.de\/wp-content\/uploads\/2024\/02\/Fogra_Colormanagement_Symposium_2024.png\" \/>\n\t\t<script type=\"application\/ld+json\" class=\"aioseo-schema\">\n\t\t\t{\"@context\":\"https:\\\/\\\/schema.org\",\"@graph\":[{\"@type\":\"Article\",\"@id\":\"https:\\\/\\\/blog.proofs.de\\\/es\\\/das-fogra-colormanagement-symposium-2024-in-muenchen-startet\\\/#article\",\"name\":\"Das Colormanagement Symposium 2024 startet | proof.de\",\"headline\":\"Das Fogra Colormanagement Symposium 2024 in M\\u00fcnchen startet\",\"author\":{\"@id\":\"https:\\\/\\\/blog.proofs.de\\\/es\\\/author\\\/mbetz\\\/#author\"},\"publisher\":{\"@id\":\"https:\\\/\\\/blog.proofs.de\\\/es\\\/#organization\"},\"image\":{\"@type\":\"ImageObject\",\"url\":\"https:\\\/\\\/blog.proofs.de\\\/wp-content\\\/uploads\\\/2024\\\/02\\\/Fogra_Colormanagement_Symposium_2024.png\",\"width\":1678,\"height\":1912,\"caption\":\"Logo des Fogra Colour Management Symposium 2024 M\\u00fcnchen\"},\"datePublished\":\"2024-02-19T01:13:56+01:00\",\"dateModified\":\"2024-02-19T01:13:59+01:00\",\"inLanguage\":\"es-ES\",\"mainEntityOfPage\":{\"@id\":\"https:\\\/\\\/blog.proofs.de\\\/es\\\/das-fogra-colormanagement-symposium-2024-in-muenchen-startet\\\/#webpage\"},\"isPartOf\":{\"@id\":\"https:\\\/\\\/blog.proofs.de\\\/es\\\/das-fogra-colormanagement-symposium-2024-in-muenchen-startet\\\/#webpage\"},\"articleSection\":\"Allgemein, Alexander Demmler, CMS2024, Fluoreszenz, Fogra, Fogra Mitglied, GMG, Hanno Hoffstadt, Lacunasolutions, OBA, Softproof, Spectraproof\"},{\"@type\":\"BreadcrumbList\",\"@id\":\"https:\\\/\\\/blog.proofs.de\\\/es\\\/das-fogra-colormanagement-symposium-2024-in-muenchen-startet\\\/#breadcrumblist\",\"itemListElement\":[{\"@type\":\"ListItem\",\"@id\":\"https:\\\/\\\/blog.proofs.de\\\/es#listItem\",\"position\":1,\"name\":\"Home\",\"item\":\"https:\\\/\\\/blog.proofs.de\\\/es\",\"nextItem\":{\"@type\":\"ListItem\",\"@id\":\"https:\\\/\\\/blog.proofs.de\\\/es\\\/thema\\\/allgemein\\\/#listItem\",\"name\":\"Allgemein\"}},{\"@type\":\"ListItem\",\"@id\":\"https:\\\/\\\/blog.proofs.de\\\/es\\\/thema\\\/allgemein\\\/#listItem\",\"position\":2,\"name\":\"Allgemein\",\"item\":\"https:\\\/\\\/blog.proofs.de\\\/es\\\/thema\\\/allgemein\\\/\",\"nextItem\":{\"@type\":\"ListItem\",\"@id\":\"https:\\\/\\\/blog.proofs.de\\\/es\\\/das-fogra-colormanagement-symposium-2024-in-muenchen-startet\\\/#listItem\",\"name\":\"Das Fogra Colormanagement Symposium 2024 in M\\u00fcnchen startet\"},\"previousItem\":{\"@type\":\"ListItem\",\"@id\":\"https:\\\/\\\/blog.proofs.de\\\/es#listItem\",\"name\":\"Home\"}},{\"@type\":\"ListItem\",\"@id\":\"https:\\\/\\\/blog.proofs.de\\\/es\\\/das-fogra-colormanagement-symposium-2024-in-muenchen-startet\\\/#listItem\",\"position\":3,\"name\":\"Das Fogra Colormanagement Symposium 2024 in M\\u00fcnchen startet\",\"previousItem\":{\"@type\":\"ListItem\",\"@id\":\"https:\\\/\\\/blog.proofs.de\\\/es\\\/thema\\\/allgemein\\\/#listItem\",\"name\":\"Allgemein\"}}]},{\"@type\":\"Organization\",\"@id\":\"https:\\\/\\\/blog.proofs.de\\\/es\\\/#organization\",\"name\":\"Proof GmbH\",\"description\":\"Farbverbindlicher Proof, Farbproof, Digitalproof und Online-Proof.\",\"url\":\"https:\\\/\\\/blog.proofs.de\\\/es\\\/\",\"telephone\":\"+4970717952740\",\"logo\":{\"@type\":\"ImageObject\",\"url\":\"https:\\\/\\\/blog1.proofen.de\\\/wp-content\\\/uploads\\\/2019\\\/09\\\/logo_proof_rgb_mit_balken_250px.png\",\"@id\":\"https:\\\/\\\/blog.proofs.de\\\/es\\\/das-fogra-colormanagement-symposium-2024-in-muenchen-startet\\\/#organizationLogo\"},\"image\":{\"@id\":\"https:\\\/\\\/blog.proofs.de\\\/es\\\/das-fogra-colormanagement-symposium-2024-in-muenchen-startet\\\/#organizationLogo\"},\"sameAs\":[\"https:\\\/\\\/www.facebook.com\\\/Proof.de\\\/\",\"https:\\\/\\\/www.instagram.com\\\/proof.de\\\/\",\"https:\\\/\\\/www.tiktok.com\\\/@proof_de\",\"https:\\\/\\\/www.youtube.com\\\/channel\\\/UCk80fQVQ25wC9wu3SywB-Nw\",\"https:\\\/\\\/www.linkedin.com\\\/company\\\/proof-de\"]},{\"@type\":\"Person\",\"@id\":\"https:\\\/\\\/blog.proofs.de\\\/es\\\/author\\\/mbetz\\\/#author\",\"url\":\"https:\\\/\\\/blog.proofs.de\\\/es\\\/author\\\/mbetz\\\/\",\"name\":\"Matthias Betz\",\"image\":{\"@type\":\"ImageObject\",\"@id\":\"https:\\\/\\\/blog.proofs.de\\\/es\\\/das-fogra-colormanagement-symposium-2024-in-muenchen-startet\\\/#authorImage\",\"url\":\"https:\\\/\\\/blog.proofs.de\\\/wp-content\\\/uploads\\\/2020\\\/10\\\/matthias-betz-e1603934518350-150x150.png\",\"width\":96,\"height\":96,\"caption\":\"Matthias Betz\"}},{\"@type\":\"WebPage\",\"@id\":\"https:\\\/\\\/blog.proofs.de\\\/es\\\/das-fogra-colormanagement-symposium-2024-in-muenchen-startet\\\/#webpage\",\"url\":\"https:\\\/\\\/blog.proofs.de\\\/es\\\/das-fogra-colormanagement-symposium-2024-in-muenchen-startet\\\/\",\"name\":\"Das Colormanagement Symposium 2024 startet | proof.de\",\"description\":\"Ab Mittwoch, dem 21.2.2024 findet wieder das zweit\\u00e4tige Farbmanagement-Symposium der Fogra in M\\u00fcnchen statt.\",\"inLanguage\":\"es-ES\",\"isPartOf\":{\"@id\":\"https:\\\/\\\/blog.proofs.de\\\/es\\\/#website\"},\"breadcrumb\":{\"@id\":\"https:\\\/\\\/blog.proofs.de\\\/es\\\/das-fogra-colormanagement-symposium-2024-in-muenchen-startet\\\/#breadcrumblist\"},\"author\":{\"@id\":\"https:\\\/\\\/blog.proofs.de\\\/es\\\/author\\\/mbetz\\\/#author\"},\"creator\":{\"@id\":\"https:\\\/\\\/blog.proofs.de\\\/es\\\/author\\\/mbetz\\\/#author\"},\"image\":{\"@type\":\"ImageObject\",\"url\":\"https:\\\/\\\/blog.proofs.de\\\/wp-content\\\/uploads\\\/2024\\\/02\\\/Fogra_Colormanagement_Symposium_2024.png\",\"@id\":\"https:\\\/\\\/blog.proofs.de\\\/es\\\/das-fogra-colormanagement-symposium-2024-in-muenchen-startet\\\/#mainImage\",\"width\":1678,\"height\":1912,\"caption\":\"Logo des Fogra Colour Management Symposium 2024 M\\u00fcnchen\"},\"primaryImageOfPage\":{\"@id\":\"https:\\\/\\\/blog.proofs.de\\\/es\\\/das-fogra-colormanagement-symposium-2024-in-muenchen-startet\\\/#mainImage\"},\"datePublished\":\"2024-02-19T01:13:56+01:00\",\"dateModified\":\"2024-02-19T01:13:59+01:00\"},{\"@type\":\"WebSite\",\"@id\":\"https:\\\/\\\/blog.proofs.de\\\/es\\\/#website\",\"url\":\"https:\\\/\\\/blog.proofs.de\\\/es\\\/\",\"name\":\"Proof.de\",\"description\":\"Farbverbindlicher Proof, Farbproof, Digitalproof und Online-Proof.\",\"inLanguage\":\"es-ES\",\"publisher\":{\"@id\":\"https:\\\/\\\/blog.proofs.de\\\/es\\\/#organization\"}}]}\n\t\t<\/script>\n\t\t<!-- All in One SEO -->\n\n","aioseo_head_json":{"title":"Comienza el Simposio sobre Gesti\u00f3n del Color 2024 | proof.de","description":"El simposio de gesti\u00f3n del color de la Fogra, de dos d\u00edas de duraci\u00f3n, tendr\u00e1 lugar de nuevo en M\u00fanich a partir del mi\u00e9rcoles 21.2.2024.","canonical_url":"https:\/\/blog.proofs.de\/es\/das-fogra-colormanagement-symposium-2024-in-muenchen-startet\/","robots":"max-image-preview:large","keywords":"alexander demmler,cms2024,fluoreszenz,fogra,fogra mitglied,gmg,hanno hoffstadt,lacunasolutions,oba,softproof,spectraproof","webmasterTools":{"google-site-verification":"TuXxyRwxcEg2-WfOaQ8vScWQh3-uBAnxXmY7g3GT90A","miscellaneous":"&lt;meta name=\"seobility\" content=\"593a8578143db71543f014978c690d47\"&gt;"},"schema":{"@context":"https:\/\/schema.org","@graph":[{"@type":"Article","@id":"https:\/\/blog.proofs.de\/es\/das-fogra-colormanagement-symposium-2024-in-muenchen-startet\/#article","name":"Das Colormanagement Symposium 2024 startet | proof.de","headline":"Das Fogra Colormanagement Symposium 2024 in M\u00fcnchen startet","author":{"@id":"https:\/\/blog.proofs.de\/es\/author\/mbetz\/#author"},"publisher":{"@id":"https:\/\/blog.proofs.de\/es\/#organization"},"image":{"@type":"ImageObject","url":"https:\/\/blog.proofs.de\/wp-content\/uploads\/2024\/02\/Fogra_Colormanagement_Symposium_2024.png","width":1678,"height":1912,"caption":"Logo des Fogra Colour Management Symposium 2024 M\u00fcnchen"},"datePublished":"2024-02-19T01:13:56+01:00","dateModified":"2024-02-19T01:13:59+01:00","inLanguage":"es-ES","mainEntityOfPage":{"@id":"https:\/\/blog.proofs.de\/es\/das-fogra-colormanagement-symposium-2024-in-muenchen-startet\/#webpage"},"isPartOf":{"@id":"https:\/\/blog.proofs.de\/es\/das-fogra-colormanagement-symposium-2024-in-muenchen-startet\/#webpage"},"articleSection":"Allgemein, Alexander Demmler, CMS2024, Fluoreszenz, Fogra, Fogra Mitglied, GMG, Hanno Hoffstadt, Lacunasolutions, OBA, Softproof, Spectraproof"},{"@type":"BreadcrumbList","@id":"https:\/\/blog.proofs.de\/es\/das-fogra-colormanagement-symposium-2024-in-muenchen-startet\/#breadcrumblist","itemListElement":[{"@type":"ListItem","@id":"https:\/\/blog.proofs.de\/es#listItem","position":1,"name":"Home","item":"https:\/\/blog.proofs.de\/es","nextItem":{"@type":"ListItem","@id":"https:\/\/blog.proofs.de\/es\/thema\/allgemein\/#listItem","name":"Allgemein"}},{"@type":"ListItem","@id":"https:\/\/blog.proofs.de\/es\/thema\/allgemein\/#listItem","position":2,"name":"Allgemein","item":"https:\/\/blog.proofs.de\/es\/thema\/allgemein\/","nextItem":{"@type":"ListItem","@id":"https:\/\/blog.proofs.de\/es\/das-fogra-colormanagement-symposium-2024-in-muenchen-startet\/#listItem","name":"Das Fogra Colormanagement Symposium 2024 in M\u00fcnchen startet"},"previousItem":{"@type":"ListItem","@id":"https:\/\/blog.proofs.de\/es#listItem","name":"Home"}},{"@type":"ListItem","@id":"https:\/\/blog.proofs.de\/es\/das-fogra-colormanagement-symposium-2024-in-muenchen-startet\/#listItem","position":3,"name":"Das Fogra Colormanagement Symposium 2024 in M\u00fcnchen startet","previousItem":{"@type":"ListItem","@id":"https:\/\/blog.proofs.de\/es\/thema\/allgemein\/#listItem","name":"Allgemein"}}]},{"@type":"Organization","@id":"https:\/\/blog.proofs.de\/es\/#organization","name":"Proof GmbH","description":"Farbverbindlicher Proof, Farbproof, Digitalproof und Online-Proof.","url":"https:\/\/blog.proofs.de\/es\/","telephone":"+4970717952740","logo":{"@type":"ImageObject","url":"https:\/\/blog1.proofen.de\/wp-content\/uploads\/2019\/09\/logo_proof_rgb_mit_balken_250px.png","@id":"https:\/\/blog.proofs.de\/es\/das-fogra-colormanagement-symposium-2024-in-muenchen-startet\/#organizationLogo"},"image":{"@id":"https:\/\/blog.proofs.de\/es\/das-fogra-colormanagement-symposium-2024-in-muenchen-startet\/#organizationLogo"},"sameAs":["https:\/\/www.facebook.com\/Proof.de\/","https:\/\/www.instagram.com\/proof.de\/","https:\/\/www.tiktok.com\/@proof_de","https:\/\/www.youtube.com\/channel\/UCk80fQVQ25wC9wu3SywB-Nw","https:\/\/www.linkedin.com\/company\/proof-de"]},{"@type":"Person","@id":"https:\/\/blog.proofs.de\/es\/author\/mbetz\/#author","url":"https:\/\/blog.proofs.de\/es\/author\/mbetz\/","name":"Matthias Betz","image":{"@type":"ImageObject","@id":"https:\/\/blog.proofs.de\/es\/das-fogra-colormanagement-symposium-2024-in-muenchen-startet\/#authorImage","url":"https:\/\/blog.proofs.de\/wp-content\/uploads\/2020\/10\/matthias-betz-e1603934518350-150x150.png","width":96,"height":96,"caption":"Matthias Betz"}},{"@type":"WebPage","@id":"https:\/\/blog.proofs.de\/es\/das-fogra-colormanagement-symposium-2024-in-muenchen-startet\/#webpage","url":"https:\/\/blog.proofs.de\/es\/das-fogra-colormanagement-symposium-2024-in-muenchen-startet\/","name":"Das Colormanagement Symposium 2024 startet | proof.de","description":"Ab Mittwoch, dem 21.2.2024 findet wieder das zweit\u00e4tige Farbmanagement-Symposium der Fogra in M\u00fcnchen statt.","inLanguage":"es-ES","isPartOf":{"@id":"https:\/\/blog.proofs.de\/es\/#website"},"breadcrumb":{"@id":"https:\/\/blog.proofs.de\/es\/das-fogra-colormanagement-symposium-2024-in-muenchen-startet\/#breadcrumblist"},"author":{"@id":"https:\/\/blog.proofs.de\/es\/author\/mbetz\/#author"},"creator":{"@id":"https:\/\/blog.proofs.de\/es\/author\/mbetz\/#author"},"image":{"@type":"ImageObject","url":"https:\/\/blog.proofs.de\/wp-content\/uploads\/2024\/02\/Fogra_Colormanagement_Symposium_2024.png","@id":"https:\/\/blog.proofs.de\/es\/das-fogra-colormanagement-symposium-2024-in-muenchen-startet\/#mainImage","width":1678,"height":1912,"caption":"Logo des Fogra Colour Management Symposium 2024 M\u00fcnchen"},"primaryImageOfPage":{"@id":"https:\/\/blog.proofs.de\/es\/das-fogra-colormanagement-symposium-2024-in-muenchen-startet\/#mainImage"},"datePublished":"2024-02-19T01:13:56+01:00","dateModified":"2024-02-19T01:13:59+01:00"},{"@type":"WebSite","@id":"https:\/\/blog.proofs.de\/es\/#website","url":"https:\/\/blog.proofs.de\/es\/","name":"Proof.de","description":"Farbverbindlicher Proof, Farbproof, Digitalproof und Online-Proof.","inLanguage":"es-ES","publisher":{"@id":"https:\/\/blog.proofs.de\/es\/#organization"}}]},"og:locale":"es_ES","og:site_name":"Proof.de | Alles zu Proof, Farbmanagement, Grafik, Messtechnik &amp; Co.","og:type":"article","og:title":"Das Colormanagement Symposium 2024 startet | proof.de","og:description":"Ab Mittwoch, dem 21.2.2024 findet wieder das zweit\u00e4tige Farbmanagement-Symposium der Fogra in M\u00fcnchen statt.","og:url":"https:\/\/blog.proofs.de\/es\/das-fogra-colormanagement-symposium-2024-in-muenchen-startet\/","og:image":"https:\/\/blog.proofs.de\/wp-content\/uploads\/2024\/02\/Fogra_Colormanagement_Symposium_2024.png","og:image:secure_url":"https:\/\/blog.proofs.de\/wp-content\/uploads\/2024\/02\/Fogra_Colormanagement_Symposium_2024.png","og:image:width":1678,"og:image:height":1912,"article:published_time":"2024-02-19T00:13:56+00:00","article:modified_time":"2024-02-19T00:13:59+00:00","article:publisher":"https:\/\/www.facebook.com\/Proof.de\/","twitter:card":"summary","twitter:title":"Das Colormanagement Symposium 2024 startet | proof.de","twitter:description":"Ab Mittwoch, dem 21.2.2024 findet wieder das zweit\u00e4tige Farbmanagement-Symposium der Fogra in M\u00fcnchen statt.","twitter:image":"https:\/\/blog.proofs.de\/wp-content\/uploads\/2024\/02\/Fogra_Colormanagement_Symposium_2024.png"},"aioseo_meta_data":{"post_id":"5604","title":"Comienza el Simposio sobre Gesti\u00f3n del Color 2024 | proof.de","description":"El simposio de gesti\u00f3n del color de la Fogra, de dos d\u00edas de duraci\u00f3n, tendr\u00e1 lugar de nuevo en M\u00fanich a partir del mi\u00e9rcoles 21.2.2024.","keywords":[],"keyphrases":{"focus":{"keyphrase":"","score":0,"analysis":{"keyphraseInTitle":{"score":0,"maxScore":9,"error":1}}},"additional":[]},"primary_term":null,"canonical_url":null,"og_title":null,"og_description":null,"og_object_type":"default","og_image_type":"default","og_image_url":null,"og_image_width":null,"og_image_height":null,"og_image_custom_url":null,"og_image_custom_fields":null,"og_video":"","og_custom_url":null,"og_article_section":null,"og_article_tags":[],"twitter_use_og":true,"twitter_card":"default","twitter_image_type":"default","twitter_image_url":null,"twitter_image_custom_url":null,"twitter_image_custom_fields":null,"twitter_title":null,"twitter_description":null,"schema":{"blockGraphs":[],"customGraphs":[],"default":{"data":{"Article":[],"Course":[],"Dataset":[],"FAQPage":[],"Movie":[],"Person":[],"Product":[],"ProductReview":[],"Car":[],"Recipe":[],"Service":[],"SoftwareApplication":[],"WebPage":[]},"graphName":"Article","isEnabled":true},"graphs":[]},"schema_type":"default","schema_type_options":null,"pillar_content":false,"robots_default":true,"robots_noindex":false,"robots_noarchive":false,"robots_nosnippet":false,"robots_nofollow":false,"robots_noimageindex":false,"robots_noodp":false,"robots_notranslate":false,"robots_max_snippet":"-1","robots_max_videopreview":"-1","robots_max_imagepreview":"large","priority":null,"frequency":"default","local_seo":null,"breadcrumb_settings":null,"limit_modified_date":false,"ai":null,"created":"2024-02-18 23:38:52","updated":"2025-06-04 14:29:05","seo_analyzer_scan_date":null,"focus_keyword":null,"additional_keywords":null,"truseo_locale":null},"_links":{"self":[{"href":"https:\/\/blog.proofs.de\/es\/wp-json\/wp\/v2\/posts\/5604","targetHints":{"allow":["GET"]}}],"collection":[{"href":"https:\/\/blog.proofs.de\/es\/wp-json\/wp\/v2\/posts"}],"about":[{"href":"https:\/\/blog.proofs.de\/es\/wp-json\/wp\/v2\/types\/post"}],"author":[{"embeddable":true,"href":"https:\/\/blog.proofs.de\/es\/wp-json\/wp\/v2\/users\/2"}],"replies":[{"embeddable":true,"href":"https:\/\/blog.proofs.de\/es\/wp-json\/wp\/v2\/comments?post=5604"}],"version-history":[{"count":1,"href":"https:\/\/blog.proofs.de\/es\/wp-json\/wp\/v2\/posts\/5604\/revisions"}],"predecessor-version":[{"id":5606,"href":"https:\/\/blog.proofs.de\/es\/wp-json\/wp\/v2\/posts\/5604\/revisions\/5606"}],"wp:featuredmedia":[{"embeddable":true,"href":"https:\/\/blog.proofs.de\/es\/wp-json\/wp\/v2\/media\/5605"}],"wp:attachment":[{"href":"https:\/\/blog.proofs.de\/es\/wp-json\/wp\/v2\/media?parent=5604"}],"wp:term":[{"taxonomy":"category","embeddable":true,"href":"https:\/\/blog.proofs.de\/es\/wp-json\/wp\/v2\/categories?post=5604"},{"taxonomy":"post_tag","embeddable":true,"href":"https:\/\/blog.proofs.de\/es\/wp-json\/wp\/v2\/tags?post=5604"}],"curies":[{"name":"wp","href":"https:\/\/api.w.org\/{rel}","templated":true}]}}