{"id":69,"date":"2012-01-25T10:21:52","date_gmt":"2012-01-25T09:21:52","guid":{"rendered":"http:\/\/www.proof.de\/?p=69"},"modified":"2020-05-08T11:50:00","modified_gmt":"2020-05-08T09:50:00","slug":"como-son-las-encuadernaciones-a-prueba-de-colores","status":"publish","type":"post","link":"https:\/\/blog.proofs.de\/es\/wie-farbverbindlich-sind-proofs\/","title":{"rendered":"\u00bfCu\u00e1l es la precisi\u00f3n crom\u00e1tica de las pruebas?"},"content":{"rendered":"<div class=\"kk-star-ratings kksr-auto kksr-align-right kksr-valign-top\" data-payload='{\"align\":\"right\",\"id\":\"69\",\"slug\":\"default\",\"valign\":\"top\",\"ignore\":\"\",\"reference\":\"auto\",\"class\":\"\",\"count\":\"0\",\"legendonly\":\"\",\"readonly\":\"\",\"score\":\"0\",\"starsonly\":\"\",\"best\":\"5\",\"gap\":\"5\",\"greet\":\"Jetzt bewerten\",\"legend\":\"0\\\/5 - (0 votos)\",\"size\":\"24\",\"title\":\"Wie farbverbindlich sind Proofs?\",\"width\":\"0\",\"_legend\":\"{score}\\\/{best} - ({count} {votes})\",\"font_factor\":\"1.25\"}'>\n            \n<div class=\"kksr-stars\">\n    \n<div class=\"kksr-stars-inactive\">\n            <div class=\"kksr-star\" data-star=\"1\" style=\"padding-right: 5px\">\n            \n\n<div class=\"kksr-icon\" style=\"width: 24px; height: 24px;\"><\/div>\n        <\/div>\n            <div class=\"kksr-star\" data-star=\"2\" style=\"padding-right: 5px\">\n            \n\n<div class=\"kksr-icon\" style=\"width: 24px; height: 24px;\"><\/div>\n        <\/div>\n            <div class=\"kksr-star\" data-star=\"3\" style=\"padding-right: 5px\">\n            \n\n<div class=\"kksr-icon\" style=\"width: 24px; height: 24px;\"><\/div>\n        <\/div>\n            <div class=\"kksr-star\" data-star=\"4\" style=\"padding-right: 5px\">\n            \n\n<div class=\"kksr-icon\" style=\"width: 24px; height: 24px;\"><\/div>\n        <\/div>\n            <div class=\"kksr-star\" data-star=\"5\" style=\"padding-right: 5px\">\n            \n\n<div class=\"kksr-icon\" style=\"width: 24px; height: 24px;\"><\/div>\n        <\/div>\n    <\/div>\n    \n<div class=\"kksr-stars-active\" style=\"width: 0px;\">\n            <div class=\"kksr-star\" style=\"padding-right: 5px\">\n            \n\n<div class=\"kksr-icon\" style=\"width: 24px; height: 24px;\"><\/div>\n        <\/div>\n            <div class=\"kksr-star\" style=\"padding-right: 5px\">\n            \n\n<div class=\"kksr-icon\" style=\"width: 24px; height: 24px;\"><\/div>\n        <\/div>\n            <div class=\"kksr-star\" style=\"padding-right: 5px\">\n            \n\n<div class=\"kksr-icon\" style=\"width: 24px; height: 24px;\"><\/div>\n        <\/div>\n            <div class=\"kksr-star\" style=\"padding-right: 5px\">\n            \n\n<div class=\"kksr-icon\" style=\"width: 24px; height: 24px;\"><\/div>\n        <\/div>\n            <div class=\"kksr-star\" style=\"padding-right: 5px\">\n            \n\n<div class=\"kksr-icon\" style=\"width: 24px; height: 24px;\"><\/div>\n        <\/div>\n    <\/div>\n<\/div>\n                \n\n<div class=\"kksr-legend\" style=\"font-size: 19.2px;\">\n            <span class=\"kksr-muted\">Valore ahora<\/span>\n    <\/div>\n    <\/div>\n<p><strong>Una <a href=\"https:\/\/blog.proofs.de\/es\/lexikon\/proof\/\" target=\"_self\" title=\"Una prueba (correctamente: prueba de contrato) es un dispositivo de pruebas certificado por la norma ISO 12647-7 para la industria de las artes gr\u00e1ficas. Una prueba simula el colorido de la impresi\u00f3n offset o del huecograbado de una forma jur\u00eddicamente vinculante dentro de las estrechas tolerancias de la norma ISO.\" class=\"encyclopedia\">\u200ePrueba<\/a> se elabora conforme a la norma ISO 12647-7 actualmente en vigor y se <a href=\"https:\/\/blog.proofs.de\/es\/lexikon\/ugra\/\" target=\"_self\" title=\"UGRA es el centro por excelencia de la tecnolog\u00eda de los medios de comunicaci\u00f3n y la impresi\u00f3n.\" class=\"encyclopedia\">UGRA<\/a>-<a href=\"https:\/\/blog.proofs.de\/es\/lexikon\/fogra\/\" target=\"_self\" title=\"Fogra Forschungsgesellschaft Druck e.V., con sede en M\u00fanich.\" class=\"encyclopedia\">Fogra<\/a> <a href=\"https:\/\/blog.proofs.de\/es\/lexikon\/medienkeil\/\" target=\"_self\" title=\"Una cu\u00f1a de medios es un patr\u00f3n de prueba normalizado que se utiliza en la industria de la impresi\u00f3n y en la gesti\u00f3n del color. La cu\u00f1a de medios consiste en una serie de parches de color con valores de color e intensidades de color conocidos. Se utiliza para comprobar la precisi\u00f3n del color y la reproducci\u00f3n crom\u00e1tica de las impresiones, especialmente al calibrar los sistemas de gesti\u00f3n del color. La cu\u00f1a de medios contiene una serie de parches de color con diferentes...\" class=\"encyclopedia\">Cu\u00f1a medi\u00e1tica<\/a> y un informe de prueba. Esto tambi\u00e9n lo confirma anualmente la Fogra:<\/strong><\/p>\n<p><strong>\u00bfC\u00f3mo funciona esta revisi\u00f3n?<\/strong><\/p>\n<p>Necesita una prueba con cu\u00f1a medi\u00e1tica UGRA\/Fogra <a href=\"https:\/\/blog.proofs.de\/es\/lexikon\/cmyk\/\" target=\"_self\" title='CMYK son las siglas de los cuatro colores de impresi\u00f3n: cian, magenta, amarillo (yellow) y &quot;key&quot; (negro o parte negra).' class=\"encyclopedia\">CMYK<\/a> V3.0, hay dos formas de que la pista de auditor\u00eda entre en sus datos.<\/p>\n<ol>\n<li>En los dispositivos de pruebas que tienen un dispositivo de medici\u00f3n integrado, la cu\u00f1a de medios con 3\u00d724 parches de color normalizados se imprime directamente bajo los datos de la prueba. Esta cu\u00f1a de material se traslada directamente en el dispositivo de pruebas a una especie de \"secador de pelo\" en el dispositivo de medici\u00f3n y se seca all\u00ed. Tras unos minutos de secado, la cu\u00f1a de medios se desplaza y se mide directamente en el dispositivo de pruebas. Esto lleva unos minutos. Los valores medidos as\u00ed determinados se env\u00edan al <a href=\"https:\/\/blog.proofs.de\/es\/lexikon\/proofs\/\" target=\"_self\" title=\"En el sector de la impresi\u00f3n, las pruebas (o impresiones de prueba) se refieren a la simulaci\u00f3n encuadernada en color y legalmente vinculante de un resultado de impresi\u00f3n con fines de control. La norma responsable de las pruebas es la ISO 12647-7:2016, es decir, la revisi\u00f3n actual de 2016.\" class=\"encyclopedia\">Pruebas<\/a>erver y se eval\u00faan all\u00ed. Si los valores de color son correctos y se encuentran dentro de las tolerancias de la estricta norma ISO, se imprime entonces un informe de la medici\u00f3n directamente debajo de la cu\u00f1a de medios, mostr\u00e1ndole la precisi\u00f3n del color de acuerdo con el ProcessStandard <a href=\"https:\/\/blog.proofs.de\/es\/lexikon\/offsetdruck\/\" target=\"_self\" title=\"La impresi\u00f3n offset es un proceso de impresi\u00f3n indirecta. Indirecto significa que la forma de impresi\u00f3n y el sustrato no entran en contacto directo, sino que se utiliza un soporte intermedio como medio de transferencia. Es el proceso de impresi\u00f3n m\u00e1s extendido. Existen: - prensas offset de pliegos y - prensas offset de bobina.\" class=\"encyclopedia\">Impresi\u00f3n offset<\/a> garantizado.<\/li>\n<li>Para los dispositivos de comprobaci\u00f3n sin dispositivo de medici\u00f3n integrado, el <a href=\"https:\/\/blog.proofs.de\/es\/lexikon\/led\/\" target=\"_self\" title='Un LED es un &quot;diodo emisor de luz&quot; y en la industria gr\u00e1fica representa la nueva luz &quot;LED&quot;, que ha sustituido a fuentes de luz m\u00e1s antiguas como los tubos de ne\u00f3n y las l\u00e1mparas de tungsteno. Los tubos de ne\u00f3n se conocen sobre todo por la gama de luz est\u00e1ndar D50 o D65, mientras que las fuentes de luz de tungsteno se utilizaban principalmente en dispositivos de medici\u00f3n del color como espectrofot\u00f3metros y color\u00edmetros.....' class=\"encyclopedia\">led<\/a>Bajo los datos de la prueba s\u00f3lo se imprime la cu\u00f1a de material normalizada. Posteriormente se realiza una comprobaci\u00f3n fuera de la impresora de pruebas. A continuaci\u00f3n se mide la cu\u00f1a de material con un dispositivo de medici\u00f3n externo y se comprueban los valores objetivo y de tolerancia mediante <a href=\"https:\/\/blog.proofs.de\/es\/lexikon\/lab\/\" target=\"_self\" title=\"CIELAB o LAB es un modelo matem\u00e1tico de color que se ha establecido all\u00ed donde se requiere un c\u00e1lculo exacto del color. La gesti\u00f3n del color por ordenador suele funcionar mediante CIELAB.\" class=\"encyclopedia\">Lab<\/a>eld impresora. A continuaci\u00f3n, esta etiqueta se pega directamente debajo de la cu\u00f1a de material.<\/li>\n<\/ol>\n<p><strong>\u00bfCu\u00e1l es la ventaja de la creaci\u00f3n y comprobaci\u00f3n automatizadas de la cu\u00f1a de medios directamente en el dispositivo de pruebas?<br>\n<\/strong><\/p>\n<ul>\n<li>La medici\u00f3n se realiza de forma autom\u00e1tica directamente despu\u00e9s de la impresi\u00f3n de la prueba, por lo que quedan excluidos los errores de medici\u00f3n debidos a errores de manejo manual. Dado que el protocolo de prueba no se \"pega\" despu\u00e9s, como sigue ocurriendo a menudo, se descarta la manipulaci\u00f3n.<\/li>\n<\/ul>\n<p>Para m\u00e1s informaci\u00f3n sobre el protocolo de ensayo, la cu\u00f1a medi\u00e1tica y el trabajo y la responsabilidad de UGRA\/Fogra, consulte <a href=\"http:\/\/www.ugra.ch\/\" target=\"_blank\" rel=\"noopener noreferrer\">www.ugra.ch<\/a> y <a href=\"http:\/\/www.fogra.org\/\" target=\"_blank\" rel=\"noopener noreferrer\">www.fogra.org<\/a>.<\/p>","protected":false},"excerpt":{"rendered":"<p>La prueba se crea de acuerdo con la norma ISO 12647-7 actualmente vigente y es vinculante en color y jur\u00eddicamente con una cu\u00f1a de soporte UGRA-Fogra y un informe de la prueba. \u00bfC\u00f3mo funciona esta verificaci\u00f3n? Si necesita una prueba con la cu\u00f1a de medios UGRA\/Fogra CMYK V3.0, existen dos formas de a\u00f1adir el informe de prueba a sus datos. En el caso de los dispositivos de comprobaci\u00f3n con dispositivo de medici\u00f3n integrado, la cu\u00f1a de medios con 3\u00d724 parches de color normalizados se imprime directamente bajo los datos de la prueba. Esta cu\u00f1a de medios se traslada directamente en el dispositivo de pruebas a una especie de \"secador de pelo\" en el dispositivo de medici\u00f3n y se seca all\u00ed. Tras unos minutos de secado, la cu\u00f1a de material se desplaza y se ... <\/p>\n<p class=\"read-more-container\"><a title=\"\u00bfCu\u00e1l es la precisi\u00f3n crom\u00e1tica de las pruebas?\" class=\"read-more button\" href=\"https:\/\/blog.proofs.de\/es\/wie-farbverbindlich-sind-proofs\/#more-69\" aria-label=\"Leer m\u00e1s sobre \u00bfQu\u00e9 grado de fidelidad crom\u00e1tica tienen las pruebas?\">Leer m\u00e1s<\/a><\/p>","protected":false},"author":2,"featured_media":881,"comment_status":"open","ping_status":"open","sticky":false,"template":"","format":"standard","meta":{"om_disable_all_campaigns":false,"inline_featured_image":false,"_monsterinsights_skip_tracking":false,"footnotes":""},"categories":[18,443,120,438,437,7,442],"tags":[520,521,21,67,522,19,519,525],"class_list":["post-69","post","type-post","status-publish","format-standard","has-post-thumbnail","hentry","category-haufige-fragen","category-haeufige-fragen-zu-proofs","category-kategorie-proof-gmbh","category-proof-papiere","category-proof-software-und-technik","category-proof-wissen","category-prozessstandard-offsetdruck-proof-wissen","tag-digitalproof","tag-farbproof","tag-farbverbindlich","tag-farbverbindlichkeit","tag-fogra","tag-medienkeil","tag-proof","tag-ugra","generate-columns","tablet-grid-50","mobile-grid-100","grid-parent","grid-50","no-featured-image-padding","resize-featured-image"],"aioseo_notices":[],"aioseo_head":"\n\t\t<!-- All in One SEO 5.0.1.1 - aioseo.com -->\n\t<meta name=\"description\" content=\"In dem Artikel wird erkl\u00e4rt, wie ein Proof farbverbindlich und rechtsverbindlich wird: Mit Medienkeil und Pr\u00fcfprotokoll nach ISO 12647-7 kein Thema!\" \/>\n\t<meta name=\"robots\" content=\"max-image-preview:large\" \/>\n\t<meta name=\"author\" content=\"Matthias Betz\"\/>\n\t<meta name=\"google-site-verification\" content=\"TuXxyRwxcEg2-WfOaQ8vScWQh3-uBAnxXmY7g3GT90A\" \/>\n\t<meta name=\"keywords\" content=\"proof,farbverbindlich,rechtsverbindlich,pr\u00fcfprotokoll,iso12647-7,digitalproof,farbproof,farbverbindlich,farbverbindlichkeit,fogra,medienkeil,proof,ugra\" \/>\n\t<link rel=\"canonical\" href=\"https:\/\/blog.proofs.de\/es\/wie-farbverbindlich-sind-proofs\/\" \/>\n\t<meta name=\"generator\" content=\"All in One SEO (AIOSEO) 5.0.1.1\" \/>\n\n\t\t<meta name=\"seobility\" content=\"593a8578143db71543f014978c690d47\">\n\t\t<meta property=\"og:locale\" content=\"es_ES\" \/>\n\t\t<meta property=\"og:site_name\" content=\"Proof.de | Alles zu Proof, Farbmanagement, Grafik, Messtechnik &amp; Co.\" \/>\n\t\t<meta property=\"og:type\" content=\"article\" \/>\n\t\t<meta property=\"og:title\" content=\"Wie farbverbindlich sind Proofs? | proof.de\" \/>\n\t\t<meta property=\"og:description\" content=\"In dem Artikel wird erkl\u00e4rt, wie ein Proof farbverbindlich und rechtsverbindlich wird: Mit Medienkeil und Pr\u00fcfprotokoll nach ISO 12647-7 kein Thema!\" \/>\n\t\t<meta property=\"og:url\" content=\"https:\/\/blog.proofs.de\/es\/wie-farbverbindlich-sind-proofs\/\" \/>\n\t\t<meta property=\"og:image\" content=\"https:\/\/blog.proofs.de\/wp-content\/uploads\/2014\/02\/medienkeil_mit_pruefprotokoll.jpg\" \/>\n\t\t<meta property=\"og:image:secure_url\" content=\"https:\/\/blog.proofs.de\/wp-content\/uploads\/2014\/02\/medienkeil_mit_pruefprotokoll.jpg\" \/>\n\t\t<meta property=\"og:image:width\" content=\"540\" \/>\n\t\t<meta property=\"og:image:height\" content=\"315\" \/>\n\t\t<meta property=\"article:published_time\" content=\"2012-01-25T09:21:52+00:00\" \/>\n\t\t<meta property=\"article:modified_time\" content=\"2020-05-08T09:50:00+00:00\" \/>\n\t\t<meta property=\"article:publisher\" content=\"https:\/\/www.facebook.com\/Proof.de\/\" \/>\n\t\t<meta name=\"twitter:card\" content=\"summary\" \/>\n\t\t<meta name=\"twitter:title\" content=\"Wie farbverbindlich sind Proofs? | proof.de\" \/>\n\t\t<meta name=\"twitter:description\" content=\"In dem Artikel wird erkl\u00e4rt, wie ein Proof farbverbindlich und rechtsverbindlich wird: Mit Medienkeil und Pr\u00fcfprotokoll nach ISO 12647-7 kein Thema!\" \/>\n\t\t<meta name=\"twitter:image\" content=\"https:\/\/blog1.proofen.de\/wp-content\/uploads\/2020\/04\/proof_background.jpg\" \/>\n\t\t<script type=\"application\/ld+json\" class=\"aioseo-schema\">\n\t\t\t{\"@context\":\"https:\\\/\\\/schema.org\",\"@graph\":[{\"@type\":\"Article\",\"@id\":\"https:\\\/\\\/blog.proofs.de\\\/es\\\/wie-farbverbindlich-sind-proofs\\\/#article\",\"name\":\"Wie farbverbindlich sind Proofs? | proof.de\",\"headline\":\"Wie farbverbindlich sind Proofs?\",\"author\":{\"@id\":\"https:\\\/\\\/blog.proofs.de\\\/es\\\/author\\\/mbetz\\\/#author\"},\"publisher\":{\"@id\":\"https:\\\/\\\/blog.proofs.de\\\/es\\\/#organization\"},\"image\":{\"@type\":\"ImageObject\",\"url\":\"https:\\\/\\\/blog.proofs.de\\\/wp-content\\\/uploads\\\/2014\\\/02\\\/medienkeil_mit_pruefprotokoll.jpg\",\"width\":540,\"height\":315,\"caption\":\"Ugra\\\/Fogra-Medienkeil V3.0 mit Pr\\u00fcfprotokoll\"},\"datePublished\":\"2012-01-25T10:21:52+01:00\",\"dateModified\":\"2020-05-08T11:50:00+02:00\",\"inLanguage\":\"es-ES\",\"mainEntityOfPage\":{\"@id\":\"https:\\\/\\\/blog.proofs.de\\\/es\\\/wie-farbverbindlich-sind-proofs\\\/#webpage\"},\"isPartOf\":{\"@id\":\"https:\\\/\\\/blog.proofs.de\\\/es\\\/wie-farbverbindlich-sind-proofs\\\/#webpage\"},\"articleSection\":\"H\\u00e4ufige Fragen, H\\u00e4ufige Fragen zu Proofs, Proof GmbH, Proof Papiere, Proof Software &amp; Technik, Proof Wissen, Prozessstandard Offsetdruck, Digitalproof, Farbproof, farbverbindlich, Farbverbindlichkeit, Fogra, Medienkeil, Proof, UGRA\"},{\"@type\":\"BreadcrumbList\",\"@id\":\"https:\\\/\\\/blog.proofs.de\\\/es\\\/wie-farbverbindlich-sind-proofs\\\/#breadcrumblist\",\"itemListElement\":[{\"@type\":\"ListItem\",\"@id\":\"https:\\\/\\\/blog.proofs.de\\\/es#listItem\",\"position\":1,\"name\":\"Home\",\"item\":\"https:\\\/\\\/blog.proofs.de\\\/es\",\"nextItem\":{\"@type\":\"ListItem\",\"@id\":\"https:\\\/\\\/blog.proofs.de\\\/es\\\/thema\\\/proof-wissen\\\/#listItem\",\"name\":\"Proof Wissen\"}},{\"@type\":\"ListItem\",\"@id\":\"https:\\\/\\\/blog.proofs.de\\\/es\\\/thema\\\/proof-wissen\\\/#listItem\",\"position\":2,\"name\":\"Proof Wissen\",\"item\":\"https:\\\/\\\/blog.proofs.de\\\/es\\\/thema\\\/proof-wissen\\\/\",\"nextItem\":{\"@type\":\"ListItem\",\"@id\":\"https:\\\/\\\/blog.proofs.de\\\/es\\\/thema\\\/proof-wissen\\\/kategorie-proof-gmbh\\\/#listItem\",\"name\":\"Proof GmbH\"},\"previousItem\":{\"@type\":\"ListItem\",\"@id\":\"https:\\\/\\\/blog.proofs.de\\\/es#listItem\",\"name\":\"Home\"}},{\"@type\":\"ListItem\",\"@id\":\"https:\\\/\\\/blog.proofs.de\\\/es\\\/thema\\\/proof-wissen\\\/kategorie-proof-gmbh\\\/#listItem\",\"position\":3,\"name\":\"Proof GmbH\",\"item\":\"https:\\\/\\\/blog.proofs.de\\\/es\\\/thema\\\/proof-wissen\\\/kategorie-proof-gmbh\\\/\",\"nextItem\":{\"@type\":\"ListItem\",\"@id\":\"https:\\\/\\\/blog.proofs.de\\\/es\\\/wie-farbverbindlich-sind-proofs\\\/#listItem\",\"name\":\"Wie farbverbindlich sind Proofs?\"},\"previousItem\":{\"@type\":\"ListItem\",\"@id\":\"https:\\\/\\\/blog.proofs.de\\\/es\\\/thema\\\/proof-wissen\\\/#listItem\",\"name\":\"Proof Wissen\"}},{\"@type\":\"ListItem\",\"@id\":\"https:\\\/\\\/blog.proofs.de\\\/es\\\/wie-farbverbindlich-sind-proofs\\\/#listItem\",\"position\":4,\"name\":\"Wie farbverbindlich sind Proofs?\",\"previousItem\":{\"@type\":\"ListItem\",\"@id\":\"https:\\\/\\\/blog.proofs.de\\\/es\\\/thema\\\/proof-wissen\\\/kategorie-proof-gmbh\\\/#listItem\",\"name\":\"Proof GmbH\"}}]},{\"@type\":\"Organization\",\"@id\":\"https:\\\/\\\/blog.proofs.de\\\/es\\\/#organization\",\"name\":\"Proof GmbH\",\"description\":\"Farbverbindlicher Proof, Farbproof, Digitalproof und Online-Proof.\",\"url\":\"https:\\\/\\\/blog.proofs.de\\\/es\\\/\",\"telephone\":\"+4970717952740\",\"logo\":{\"@type\":\"ImageObject\",\"url\":\"https:\\\/\\\/blog1.proofen.de\\\/wp-content\\\/uploads\\\/2019\\\/09\\\/logo_proof_rgb_mit_balken_250px.png\",\"@id\":\"https:\\\/\\\/blog.proofs.de\\\/es\\\/wie-farbverbindlich-sind-proofs\\\/#organizationLogo\"},\"image\":{\"@id\":\"https:\\\/\\\/blog.proofs.de\\\/es\\\/wie-farbverbindlich-sind-proofs\\\/#organizationLogo\"},\"sameAs\":[\"https:\\\/\\\/www.facebook.com\\\/Proof.de\\\/\",\"https:\\\/\\\/www.instagram.com\\\/proof.de\\\/\",\"https:\\\/\\\/www.tiktok.com\\\/@proof_de\",\"https:\\\/\\\/www.youtube.com\\\/channel\\\/UCk80fQVQ25wC9wu3SywB-Nw\",\"https:\\\/\\\/www.linkedin.com\\\/company\\\/proof-de\"]},{\"@type\":\"Person\",\"@id\":\"https:\\\/\\\/blog.proofs.de\\\/es\\\/author\\\/mbetz\\\/#author\",\"url\":\"https:\\\/\\\/blog.proofs.de\\\/es\\\/author\\\/mbetz\\\/\",\"name\":\"Matthias Betz\",\"image\":{\"@type\":\"ImageObject\",\"@id\":\"https:\\\/\\\/blog.proofs.de\\\/es\\\/wie-farbverbindlich-sind-proofs\\\/#authorImage\",\"url\":\"https:\\\/\\\/blog.proofs.de\\\/wp-content\\\/uploads\\\/2020\\\/10\\\/matthias-betz-e1603934518350-150x150.png\",\"width\":96,\"height\":96,\"caption\":\"Matthias Betz\"}},{\"@type\":\"WebPage\",\"@id\":\"https:\\\/\\\/blog.proofs.de\\\/es\\\/wie-farbverbindlich-sind-proofs\\\/#webpage\",\"url\":\"https:\\\/\\\/blog.proofs.de\\\/es\\\/wie-farbverbindlich-sind-proofs\\\/\",\"name\":\"Wie farbverbindlich sind Proofs? | proof.de\",\"description\":\"In dem Artikel wird erkl\\u00e4rt, wie ein Proof farbverbindlich und rechtsverbindlich wird: Mit Medienkeil und Pr\\u00fcfprotokoll nach ISO 12647-7 kein Thema!\",\"inLanguage\":\"es-ES\",\"isPartOf\":{\"@id\":\"https:\\\/\\\/blog.proofs.de\\\/es\\\/#website\"},\"breadcrumb\":{\"@id\":\"https:\\\/\\\/blog.proofs.de\\\/es\\\/wie-farbverbindlich-sind-proofs\\\/#breadcrumblist\"},\"author\":{\"@id\":\"https:\\\/\\\/blog.proofs.de\\\/es\\\/author\\\/mbetz\\\/#author\"},\"creator\":{\"@id\":\"https:\\\/\\\/blog.proofs.de\\\/es\\\/author\\\/mbetz\\\/#author\"},\"image\":{\"@type\":\"ImageObject\",\"url\":\"https:\\\/\\\/blog.proofs.de\\\/wp-content\\\/uploads\\\/2014\\\/02\\\/medienkeil_mit_pruefprotokoll.jpg\",\"@id\":\"https:\\\/\\\/blog.proofs.de\\\/es\\\/wie-farbverbindlich-sind-proofs\\\/#mainImage\",\"width\":540,\"height\":315,\"caption\":\"Ugra\\\/Fogra-Medienkeil V3.0 mit Pr\\u00fcfprotokoll\"},\"primaryImageOfPage\":{\"@id\":\"https:\\\/\\\/blog.proofs.de\\\/es\\\/wie-farbverbindlich-sind-proofs\\\/#mainImage\"},\"datePublished\":\"2012-01-25T10:21:52+01:00\",\"dateModified\":\"2020-05-08T11:50:00+02:00\"},{\"@type\":\"WebSite\",\"@id\":\"https:\\\/\\\/blog.proofs.de\\\/es\\\/#website\",\"url\":\"https:\\\/\\\/blog.proofs.de\\\/es\\\/\",\"name\":\"Proof.de\",\"description\":\"Farbverbindlicher Proof, Farbproof, Digitalproof und Online-Proof.\",\"inLanguage\":\"es-ES\",\"publisher\":{\"@id\":\"https:\\\/\\\/blog.proofs.de\\\/es\\\/#organization\"}}]}\n\t\t<\/script>\n\t\t<!-- All in One SEO -->\n\n","aioseo_head_json":{"title":"\u00bfCu\u00e1l es la precisi\u00f3n crom\u00e1tica de las pruebas? | proof.de","description":"El art\u00edculo explica c\u00f3mo hacer una prueba de color exacta y legalmente vinculante: Con la cu\u00f1a de medios y el protocolo de pruebas seg\u00fan la norma ISO 12647-7 \u00a1no hay problema!","canonical_url":"https:\/\/blog.proofs.de\/es\/wie-farbverbindlich-sind-proofs\/","robots":"max-image-preview:large","keywords":"proof,farbverbindlich,rechtsverbindlich,pr\u00fcfprotokoll,iso12647-7,digitalproof,farbproof,farbverbindlich,farbverbindlichkeit,fogra,medienkeil,proof,ugra","webmasterTools":{"google-site-verification":"TuXxyRwxcEg2-WfOaQ8vScWQh3-uBAnxXmY7g3GT90A","miscellaneous":"&lt;meta name=\"seobility\" content=\"593a8578143db71543f014978c690d47\"&gt;"},"schema":{"@context":"https:\/\/schema.org","@graph":[{"@type":"Article","@id":"https:\/\/blog.proofs.de\/es\/wie-farbverbindlich-sind-proofs\/#article","name":"Wie farbverbindlich sind Proofs? | proof.de","headline":"Wie farbverbindlich sind Proofs?","author":{"@id":"https:\/\/blog.proofs.de\/es\/author\/mbetz\/#author"},"publisher":{"@id":"https:\/\/blog.proofs.de\/es\/#organization"},"image":{"@type":"ImageObject","url":"https:\/\/blog.proofs.de\/wp-content\/uploads\/2014\/02\/medienkeil_mit_pruefprotokoll.jpg","width":540,"height":315,"caption":"Ugra\/Fogra-Medienkeil V3.0 mit Pr\u00fcfprotokoll"},"datePublished":"2012-01-25T10:21:52+01:00","dateModified":"2020-05-08T11:50:00+02:00","inLanguage":"es-ES","mainEntityOfPage":{"@id":"https:\/\/blog.proofs.de\/es\/wie-farbverbindlich-sind-proofs\/#webpage"},"isPartOf":{"@id":"https:\/\/blog.proofs.de\/es\/wie-farbverbindlich-sind-proofs\/#webpage"},"articleSection":"H\u00e4ufige Fragen, H\u00e4ufige Fragen zu Proofs, Proof GmbH, Proof Papiere, Proof Software &amp; Technik, Proof Wissen, Prozessstandard Offsetdruck, Digitalproof, Farbproof, farbverbindlich, Farbverbindlichkeit, Fogra, Medienkeil, Proof, UGRA"},{"@type":"BreadcrumbList","@id":"https:\/\/blog.proofs.de\/es\/wie-farbverbindlich-sind-proofs\/#breadcrumblist","itemListElement":[{"@type":"ListItem","@id":"https:\/\/blog.proofs.de\/es#listItem","position":1,"name":"Home","item":"https:\/\/blog.proofs.de\/es","nextItem":{"@type":"ListItem","@id":"https:\/\/blog.proofs.de\/es\/thema\/proof-wissen\/#listItem","name":"Proof Wissen"}},{"@type":"ListItem","@id":"https:\/\/blog.proofs.de\/es\/thema\/proof-wissen\/#listItem","position":2,"name":"Proof Wissen","item":"https:\/\/blog.proofs.de\/es\/thema\/proof-wissen\/","nextItem":{"@type":"ListItem","@id":"https:\/\/blog.proofs.de\/es\/thema\/proof-wissen\/kategorie-proof-gmbh\/#listItem","name":"Proof GmbH"},"previousItem":{"@type":"ListItem","@id":"https:\/\/blog.proofs.de\/es#listItem","name":"Home"}},{"@type":"ListItem","@id":"https:\/\/blog.proofs.de\/es\/thema\/proof-wissen\/kategorie-proof-gmbh\/#listItem","position":3,"name":"Proof GmbH","item":"https:\/\/blog.proofs.de\/es\/thema\/proof-wissen\/kategorie-proof-gmbh\/","nextItem":{"@type":"ListItem","@id":"https:\/\/blog.proofs.de\/es\/wie-farbverbindlich-sind-proofs\/#listItem","name":"Wie farbverbindlich sind Proofs?"},"previousItem":{"@type":"ListItem","@id":"https:\/\/blog.proofs.de\/es\/thema\/proof-wissen\/#listItem","name":"Proof Wissen"}},{"@type":"ListItem","@id":"https:\/\/blog.proofs.de\/es\/wie-farbverbindlich-sind-proofs\/#listItem","position":4,"name":"Wie farbverbindlich sind Proofs?","previousItem":{"@type":"ListItem","@id":"https:\/\/blog.proofs.de\/es\/thema\/proof-wissen\/kategorie-proof-gmbh\/#listItem","name":"Proof GmbH"}}]},{"@type":"Organization","@id":"https:\/\/blog.proofs.de\/es\/#organization","name":"Proof GmbH","description":"Farbverbindlicher Proof, Farbproof, Digitalproof und Online-Proof.","url":"https:\/\/blog.proofs.de\/es\/","telephone":"+4970717952740","logo":{"@type":"ImageObject","url":"https:\/\/blog1.proofen.de\/wp-content\/uploads\/2019\/09\/logo_proof_rgb_mit_balken_250px.png","@id":"https:\/\/blog.proofs.de\/es\/wie-farbverbindlich-sind-proofs\/#organizationLogo"},"image":{"@id":"https:\/\/blog.proofs.de\/es\/wie-farbverbindlich-sind-proofs\/#organizationLogo"},"sameAs":["https:\/\/www.facebook.com\/Proof.de\/","https:\/\/www.instagram.com\/proof.de\/","https:\/\/www.tiktok.com\/@proof_de","https:\/\/www.youtube.com\/channel\/UCk80fQVQ25wC9wu3SywB-Nw","https:\/\/www.linkedin.com\/company\/proof-de"]},{"@type":"Person","@id":"https:\/\/blog.proofs.de\/es\/author\/mbetz\/#author","url":"https:\/\/blog.proofs.de\/es\/author\/mbetz\/","name":"Matthias Betz","image":{"@type":"ImageObject","@id":"https:\/\/blog.proofs.de\/es\/wie-farbverbindlich-sind-proofs\/#authorImage","url":"https:\/\/blog.proofs.de\/wp-content\/uploads\/2020\/10\/matthias-betz-e1603934518350-150x150.png","width":96,"height":96,"caption":"Matthias Betz"}},{"@type":"WebPage","@id":"https:\/\/blog.proofs.de\/es\/wie-farbverbindlich-sind-proofs\/#webpage","url":"https:\/\/blog.proofs.de\/es\/wie-farbverbindlich-sind-proofs\/","name":"Wie farbverbindlich sind Proofs? | proof.de","description":"In dem Artikel wird erkl\u00e4rt, wie ein Proof farbverbindlich und rechtsverbindlich wird: Mit Medienkeil und Pr\u00fcfprotokoll nach ISO 12647-7 kein Thema!","inLanguage":"es-ES","isPartOf":{"@id":"https:\/\/blog.proofs.de\/es\/#website"},"breadcrumb":{"@id":"https:\/\/blog.proofs.de\/es\/wie-farbverbindlich-sind-proofs\/#breadcrumblist"},"author":{"@id":"https:\/\/blog.proofs.de\/es\/author\/mbetz\/#author"},"creator":{"@id":"https:\/\/blog.proofs.de\/es\/author\/mbetz\/#author"},"image":{"@type":"ImageObject","url":"https:\/\/blog.proofs.de\/wp-content\/uploads\/2014\/02\/medienkeil_mit_pruefprotokoll.jpg","@id":"https:\/\/blog.proofs.de\/es\/wie-farbverbindlich-sind-proofs\/#mainImage","width":540,"height":315,"caption":"Ugra\/Fogra-Medienkeil V3.0 mit Pr\u00fcfprotokoll"},"primaryImageOfPage":{"@id":"https:\/\/blog.proofs.de\/es\/wie-farbverbindlich-sind-proofs\/#mainImage"},"datePublished":"2012-01-25T10:21:52+01:00","dateModified":"2020-05-08T11:50:00+02:00"},{"@type":"WebSite","@id":"https:\/\/blog.proofs.de\/es\/#website","url":"https:\/\/blog.proofs.de\/es\/","name":"Proof.de","description":"Farbverbindlicher Proof, Farbproof, Digitalproof und Online-Proof.","inLanguage":"es-ES","publisher":{"@id":"https:\/\/blog.proofs.de\/es\/#organization"}}]},"og:locale":"es_ES","og:site_name":"Proof.de | Alles zu Proof, Farbmanagement, Grafik, Messtechnik &amp; Co.","og:type":"article","og:title":"Wie farbverbindlich sind Proofs? | proof.de","og:description":"In dem Artikel wird erkl\u00e4rt, wie ein Proof farbverbindlich und rechtsverbindlich wird: Mit Medienkeil und Pr\u00fcfprotokoll nach ISO 12647-7 kein Thema!","og:url":"https:\/\/blog.proofs.de\/es\/wie-farbverbindlich-sind-proofs\/","og:image":"https:\/\/blog.proofs.de\/wp-content\/uploads\/2014\/02\/medienkeil_mit_pruefprotokoll.jpg","og:image:secure_url":"https:\/\/blog.proofs.de\/wp-content\/uploads\/2014\/02\/medienkeil_mit_pruefprotokoll.jpg","og:image:width":540,"og:image:height":315,"article:published_time":"2012-01-25T09:21:52+00:00","article:modified_time":"2020-05-08T09:50:00+00:00","article:publisher":"https:\/\/www.facebook.com\/Proof.de\/","twitter:card":"summary","twitter:title":"Wie farbverbindlich sind Proofs? | proof.de","twitter:description":"In dem Artikel wird erkl\u00e4rt, wie ein Proof farbverbindlich und rechtsverbindlich wird: Mit Medienkeil und Pr\u00fcfprotokoll nach ISO 12647-7 kein Thema!","twitter:image":"https:\/\/blog1.proofen.de\/wp-content\/uploads\/2020\/04\/proof_background.jpg"},"aioseo_meta_data":{"post_id":"69","title":"Wie farbverbindlich sind Proofs? |\u00a0proof.de","description":"El art\u00edculo explica c\u00f3mo hacer una prueba de color exacta y legalmente vinculante: Con la cu\u00f1a de medios y el protocolo de pruebas seg\u00fan la norma ISO 12647-7 \u00a1no hay problema!","keywords":[{"label":"Proof,Farbverbindlich,rechtsverbindlich,Pr\u00fcfprotokoll,ISO12647-7","value":"Proof,Farbverbindlich,rechtsverbindlich,Pr\u00fcfprotokoll,ISO12647-7"}],"keyphrases":null,"primary_term":null,"canonical_url":null,"og_title":null,"og_description":null,"og_object_type":"default","og_image_type":"default","og_image_url":null,"og_image_width":null,"og_image_height":null,"og_image_custom_url":null,"og_image_custom_fields":null,"og_video":null,"og_custom_url":null,"og_article_section":null,"og_article_tags":null,"twitter_use_og":false,"twitter_card":"default","twitter_image_type":"default","twitter_image_url":null,"twitter_image_custom_url":null,"twitter_image_custom_fields":null,"twitter_title":null,"twitter_description":null,"schema":{"blockGraphs":[],"customGraphs":[],"default":{"data":{"Article":[],"Course":[],"Dataset":[],"FAQPage":[],"Movie":[],"Person":[],"Product":[],"ProductReview":[],"Car":[],"Recipe":[],"Service":[],"SoftwareApplication":[],"WebPage":[]},"graphName":"","isEnabled":true},"graphs":[]},"schema_type":null,"schema_type_options":null,"pillar_content":false,"robots_default":true,"robots_noindex":false,"robots_noarchive":false,"robots_nosnippet":false,"robots_nofollow":false,"robots_noimageindex":false,"robots_noodp":false,"robots_notranslate":false,"robots_max_snippet":null,"robots_max_videopreview":null,"robots_max_imagepreview":"large","priority":null,"frequency":null,"local_seo":null,"breadcrumb_settings":null,"limit_modified_date":false,"ai":null,"created":"2020-12-21 00:35:00","updated":"2025-06-04 14:10:54","seo_analyzer_scan_date":null,"focus_keyword":null,"additional_keywords":null,"truseo_locale":null},"_links":{"self":[{"href":"https:\/\/blog.proofs.de\/es\/wp-json\/wp\/v2\/posts\/69","targetHints":{"allow":["GET"]}}],"collection":[{"href":"https:\/\/blog.proofs.de\/es\/wp-json\/wp\/v2\/posts"}],"about":[{"href":"https:\/\/blog.proofs.de\/es\/wp-json\/wp\/v2\/types\/post"}],"author":[{"embeddable":true,"href":"https:\/\/blog.proofs.de\/es\/wp-json\/wp\/v2\/users\/2"}],"replies":[{"embeddable":true,"href":"https:\/\/blog.proofs.de\/es\/wp-json\/wp\/v2\/comments?post=69"}],"version-history":[{"count":11,"href":"https:\/\/blog.proofs.de\/es\/wp-json\/wp\/v2\/posts\/69\/revisions"}],"predecessor-version":[{"id":3417,"href":"https:\/\/blog.proofs.de\/es\/wp-json\/wp\/v2\/posts\/69\/revisions\/3417"}],"wp:featuredmedia":[{"embeddable":true,"href":"https:\/\/blog.proofs.de\/es\/wp-json\/wp\/v2\/media\/881"}],"wp:attachment":[{"href":"https:\/\/blog.proofs.de\/es\/wp-json\/wp\/v2\/media?parent=69"}],"wp:term":[{"taxonomy":"category","embeddable":true,"href":"https:\/\/blog.proofs.de\/es\/wp-json\/wp\/v2\/categories?post=69"},{"taxonomy":"post_tag","embeddable":true,"href":"https:\/\/blog.proofs.de\/es\/wp-json\/wp\/v2\/tags?post=69"}],"curies":[{"name":"wp","href":"https:\/\/api.w.org\/{rel}","templated":true}]}}