{"id":1002,"date":"2014-07-21T10:59:20","date_gmt":"2014-07-21T08:59:20","guid":{"rendered":"http:\/\/www.proof.de\/?p=1002"},"modified":"2020-04-16T01:21:21","modified_gmt":"2020-04-15T23:21:21","slug":"uus-proof-profiil-pakendite-suegavtrueki-pac-space-jaoks","status":"publish","type":"post","link":"https:\/\/blog.proofs.de\/et\/neues-proof-profil-fuer-den-verpackungstiefdruck-pac-space\/","title":{"rendered":"PaC.Space Proofid poes: Uus proof-profiil pakendite s\u00fcgavtr\u00fckkimiseks"},"content":{"rendered":"<div class=\"kk-star-ratings kksr-auto kksr-align-right kksr-valign-top\" data-payload='{\"align\":\"right\",\"id\":\"1002\",\"slug\":\"default\",\"valign\":\"top\",\"ignore\":\"\",\"reference\":\"auto\",\"class\":\"\",\"count\":\"0\",\"legendonly\":\"\",\"readonly\":\"\",\"score\":\"0\",\"starsonly\":\"\",\"best\":\"5\",\"gap\":\"5\",\"greet\":\"Jetzt bewerten\",\"legend\":\"0\\\/5 - (0 votes)\",\"size\":\"24\",\"title\":\"PaC.Space Proofs im Shop: Neues Proof Profil f&uuml;r den Verpackungstiefdruck\",\"width\":\"0\",\"_legend\":\"{score}\\\/{best} - ({count} {votes})\",\"font_factor\":\"1.25\"}'>\n            \n<div class=\"kksr-stars\">\n    \n<div class=\"kksr-stars-inactive\">\n            <div class=\"kksr-star\" data-star=\"1\" style=\"padding-right: 5px\">\n            \n\n<div class=\"kksr-icon\" style=\"width: 24px; height: 24px;\"><\/div>\n        <\/div>\n            <div class=\"kksr-star\" data-star=\"2\" style=\"padding-right: 5px\">\n            \n\n<div class=\"kksr-icon\" style=\"width: 24px; height: 24px;\"><\/div>\n        <\/div>\n            <div class=\"kksr-star\" data-star=\"3\" style=\"padding-right: 5px\">\n            \n\n<div class=\"kksr-icon\" style=\"width: 24px; height: 24px;\"><\/div>\n        <\/div>\n            <div class=\"kksr-star\" data-star=\"4\" style=\"padding-right: 5px\">\n            \n\n<div class=\"kksr-icon\" style=\"width: 24px; height: 24px;\"><\/div>\n        <\/div>\n            <div class=\"kksr-star\" data-star=\"5\" style=\"padding-right: 5px\">\n            \n\n<div class=\"kksr-icon\" style=\"width: 24px; height: 24px;\"><\/div>\n        <\/div>\n    <\/div>\n    \n<div class=\"kksr-stars-active\" style=\"width: 0px;\">\n            <div class=\"kksr-star\" style=\"padding-right: 5px\">\n            \n\n<div class=\"kksr-icon\" style=\"width: 24px; height: 24px;\"><\/div>\n        <\/div>\n            <div class=\"kksr-star\" style=\"padding-right: 5px\">\n            \n\n<div class=\"kksr-icon\" style=\"width: 24px; height: 24px;\"><\/div>\n        <\/div>\n            <div class=\"kksr-star\" style=\"padding-right: 5px\">\n            \n\n<div class=\"kksr-icon\" style=\"width: 24px; height: 24px;\"><\/div>\n        <\/div>\n            <div class=\"kksr-star\" style=\"padding-right: 5px\">\n            \n\n<div class=\"kksr-icon\" style=\"width: 24px; height: 24px;\"><\/div>\n        <\/div>\n            <div class=\"kksr-star\" style=\"padding-right: 5px\">\n            \n\n<div class=\"kksr-icon\" style=\"width: 24px; height: 24px;\"><\/div>\n        <\/div>\n    <\/div>\n<\/div>\n                \n\n<div class=\"kksr-legend\" style=\"font-size: 19.2px;\">\n            <span class=\"kksr-muted\">Hinda n\u00fc\u00fcd<\/span>\n    <\/div>\n    <\/div>\n<p>PaC.Space'iga on esmakordselt olemas \u00fchtne v\u00e4rvistandard ja <a href=\"https:\/\/blog.proofs.de\/et\/lexikon\/proofs\/\" target=\"_self\" title=\"Tr\u00fckisektoris t\u00e4histab proof (v\u00f5i proovitr\u00fckk) tr\u00fckitulemuse v\u00e4rvipidamise ja \u00f5iguslikult siduvat simulatsiooni kontrolli eesm\u00e4rgil. Proovide eest vastutav standard on ISO 12647-7:2016, st praegune, 2016. aasta redaktsioon.\" class=\"encyclopedia\">T\u00f5endid<\/a>pakendi standard<a href=\"https:\/\/blog.proofs.de\/et\/lexikon\/tiefdruck\/\" target=\"_self\" title=\"S\u00fcgavtr\u00fckk on \u00fcks vanimaid tr\u00fckiprotseduure, mida kasutatakse t\u00e4nap\u00e4evalgi. S\u00fcgavtr\u00fckkimise puhul graveeritakse tr\u00fckitud kujutis tr\u00fckisilindrisse (v\u00f5i tr\u00fckiplaati). Seej\u00e4rel kastetakse see tindiga ja liigne tint kraabitakse maha, nii et alles j\u00e4\u00e4b ainult tint s\u00fcvenditesse (k\u00e4rgedesse). L\u00f5puks kantakse see tr\u00fckiv\u00e4rv suure kontaktr\u00f5hu ja paberi imavuse abil tr\u00fckimaterjalile.\" class=\"encyclopedia\">madal surve<\/a> kaetud substraatidel ja kiledel. <a href=\"https:\/\/blog.proofs.de\/et\/lexikon\/proof\/\" target=\"_self\" title=\"Proof (korrektselt: lepinguline proof) on ISO 12647-7 sertifitseeritud proof-seade graafilise kunsti t\u00f6\u00f6stusele. Proof simuleerib offset- v\u00f5i s\u00fcgavtr\u00fckkimise v\u00e4rvilisust v\u00e4rviliselt ja \u00f5iguslikult siduvalt ISO-standardi kitsaste lubatud h\u00e4lvete piires.\" class=\"encyclopedia\">Proof<\/a>s aastal <a href=\"https:\/\/blog.proofs.de\/et\/lexikon\/farbraum\/\" target=\"_self\" title=\"V\u00e4rviruum p\u00f5hineb v\u00e4rvimudelil ja on selle konkreetne rakendus v\u00e4rvimismeetodile (printer, ekraan jne). Seega sisaldab see k\u00f5iki v\u00e4rve, mida saab selle meetodi ja vastavate materjalide abil tegelikult esitada.\" class=\"encyclopedia\">V\u00e4rviruum<\/a> PaC.Space saab n\u00fc\u00fcd mugavalt tellida shop.proof.de.<\/p>\n<p>Siiani ei ole pakenditr\u00fcki puhul v\u00e4rvistandardeid olnud, sest see on palju keerulisem kui n\u00e4iteks ajakirjade s\u00fcgavtr\u00fckk ja pakenditr\u00fckis on v\u00f5imalik saavutada palju suuremaid v\u00e4rviruume. Siiani on v\u00e4rviruumid sageli olnud <a href=\"https:\/\/blog.proofs.de\/et\/lexikon\/isocoatedv2\/\" target=\"_self\" title=\"ISOCoatedV2 on Euroopas tr\u00fckit\u00f6\u00f6stuses k\u00f5ige laialdasemalt kasutatav profiil. See t\u00e4histab k\u00f5ige levinumat tr\u00fckiprotsessi: Offsettr\u00fckk matt- v\u00f5i l\u00e4ikiva pildiga tr\u00fckipaberile.\" class=\"encyclopedia\">ISOCoatedV2<\/a> mis sisaldab siiski tunduvalt v\u00e4hem v\u00e4rve kui PaC.Space. V\u00f5i kasutati pakendiprinterite sisemisi standardeid, kuid need tuli enne tr\u00fckkimist alati uuesti \u00fcle vaadata.<\/p>\n<p>PaC.Space'i abil on n\u00fc\u00fcd olemas paljude pakendite s\u00fcgavtr\u00fckiste jaoks sobiv v\u00e4rviruum, mille abil saab kujundusprotsessi v\u00e4ga varases etapis luua proofi, mis on v\u00e4ga l\u00e4hedane hilisemale tootmistulemusele. Andmeid saab ja tuleb t\u00f6\u00f6delda otse PaC.Space'is, mis aitab v\u00e4hendada kulusid ja aega.<\/p>\n<p><span style=\"color: #3d3e40;\">\u00dchtse v\u00e4rviruumi idee on Europ<a href=\"https:\/\/blog.proofs.de\/et\/lexikon\/ean\/\" target=\"_self\" title=\"EAN = Euroopa artikli number. EAN asendati 2009. aastal GTINiga = \u00fclemaailmne kaubanduslik identifitseerimisnumber.\" class=\"encyclopedia\">ean<\/a> <a href=\"https:\/\/blog.proofs.de\/et\/lexikon\/rotogravure\/\" target=\"_self\" title='Protsessistandard rotatsioons\u00fcgavtr\u00fckk (PSR) on Fogra, ECI ja Saksamaa tr\u00fcki- ja meediat\u00f6\u00f6stuse liidu poolt pakutav s\u00fcgavtr\u00fckistandard. ProcessStandard Rotogravure on eranditult s\u00fcgavtr\u00fcki jaoks v\u00e4lja t\u00f6\u00f6tatud standard.' class=\"encyclopedia\">S\u00fcgavtr\u00fckk<\/a> Association (ERA) juhtimisel <a href=\"https:\/\/blog.proofs.de\/et\/lexikon\/gmg\/\" target=\"_self\" title=\"GMG Color on Saksamaal T\u00fcbingenis asuv ettev\u00f5te, mis on teinud endale nime v\u00e4rvihaldustarkvara arendamisega. \u00dcle 25 aasta on GMG Color arendanud arvukalt tooteid kommertskasutajatele, alates printerite draiveritest kuni keerulise proofing-tarkvarani.\" class=\"encyclopedia\">GMG<\/a> ja Euroopa suurim balloonimaja Janoschka. Proof.de-s luuakse PaC.Space'i t\u00f5endid vastavalt j\u00e4rgmistele tingimustele:<\/span><!--more--><\/p>\n<p><strong>PaC.Space<\/strong><br style=\"color: #373737;\"><em>PaC.Space on esimene \u00fchtne v\u00e4rvistandard pakendite s\u00fcgavtr\u00fcki jaoks, mis v\u00f5imaldab liidestada tarnitud tr\u00fckieelsed andmed protsessi- v\u00f5i tr\u00fckispetsiifiliste kohandustega.<\/em><br style=\"color: #373737;\"><span style=\"color: #373737;\">Profiil: PaC.Space_<a href=\"https:\/\/blog.proofs.de\/et\/lexikon\/cmyk\/\" target=\"_self\" title='CMYK t\u00e4histab nelja tr\u00fckiv\u00e4rvi: ts\u00fcaan, magenta, kollane (kollane) ja &quot;key&quot; (must v\u00f5i must osa).' class=\"encyclopedia\">CMYK<\/a>_gravuur_V1a.<a href=\"https:\/\/blog.proofs.de\/et\/lexikon\/icc\/\" target=\"_self\" title=\"Rahvusvaheline v\u00e4rvikonsortsium, l\u00fchendatult ICC, on rahvusvaheline komitee, mis vastutab v\u00e4rviprofiilide standardimise eest.&nbsp;\" class=\"encyclopedia\">icc<\/a><\/span><br style=\"color: #373737;\"><span style=\"color: #373737;\">Paber: kaetud p\u00f5himikud ja kiled pakendite s\u00fcgavtr\u00fckis<br>\nKatseprofiil: <a href=\"https:\/\/blog.proofs.de\/et\/lexikon\/fogra\/\" target=\"_self\" title=\"Fogra Forschungsgesellschaft Druck e.V., asukohaga M\u00fcnchenis.\" class=\"encyclopedia\">FOGRA<\/a>_PaCSpace_MKCheck11.<a href=\"https:\/\/blog.proofs.de\/et\/lexikon\/it8-kontrollchart\/\" target=\"_self\" title=\"IT8-tabel on m\u00e4\u00e4ratletud m\u00f5\u00f5tmisv\u00e4lja tabel, mida kasutatakse ICC-profiilide loomiseks. See tabel on deklareeritud standardis ISO 12642.&nbsp;\" class=\"encyclopedia\">it8<\/a><\/span><\/p>\n<p>&nbsp;<\/p>\n<p>&nbsp;<\/p>","protected":false},"excerpt":{"rendered":"<p>PaC.Space pakub esimest korda \u00fchtset v\u00e4rvistandardit ja proovistandardit pakendite s\u00fcgavtr\u00fckiks kaetud alusmaterjalidel ja kiledel. PaC.Space v\u00e4rviruumis prooviv\u00e4ljaandeid saab n\u00fc\u00fcd mugavalt tellida shop.proof.de-st. Pakendite s\u00fcgavtr\u00fckis ei olnud seni v\u00e4rvistandardeid, kuna see on oluliselt keerulisem kui n\u00e4iteks ajakirjade s\u00fcgavtr\u00fckk ja pakendite tr\u00fckkimisel on v\u00f5imalik saavutada oluliselt suuremaid v\u00e4rviruume. Seet\u00f5ttu on seni sageli t\u00f6\u00f6tatud v\u00e4rviruumis ISOCoatedV2, mis h\u00f5lmab aga oluliselt v\u00e4hem v\u00e4rve kui PaC.Space. V\u00f5i on kasutatud pakenditr\u00fckkijate sisestandardeid, mis aga enne tr\u00fckiprotsessi ikkagi veel kord l\u00f5plikule tr\u00fckile ... <\/p>\n<p class=\"read-more-container\"><a title=\"PaC.Space Proofid poes: Uus proof-profiil pakendite s\u00fcgavtr\u00fckkimiseks\" class=\"read-more button\" href=\"https:\/\/blog.proofs.de\/et\/neues-proof-profil-fuer-den-verpackungstiefdruck-pac-space\/#more-1002\" aria-label=\"Lisateave PaC.Space Proofs kohta poes: uus prooviprofiil pakendite s\u00fcgavtr\u00fckiks\">Loe edasi<\/a><\/p>","protected":false},"author":2,"featured_media":0,"comment_status":"open","ping_status":"open","sticky":false,"template":"","format":"standard","meta":{"om_disable_all_campaigns":false,"inline_featured_image":false,"_monsterinsights_skip_tracking":false,"footnotes":""},"categories":[1,435,120],"tags":[32,344,347,345,346],"class_list":["post-1002","post","type-post","status-publish","format-standard","hentry","category-allgemein","category-farbraeume-und-farbprofile","category-kategorie-proof-gmbh","tag-farbraum","tag-pac-space","tag-proofprofil","tag-tiefdruck","tag-verpackungstiefdruck","generate-columns","tablet-grid-50","mobile-grid-100","grid-parent","grid-50","no-featured-image-padding"],"aioseo_notices":[],"aioseo_head":"\n\t\t<!-- All in One SEO 5.0.1.1 - aioseo.com -->\n\t<meta name=\"description\" content=\"Mit PaC.Space gibt es jetzt einen Farbstandard f\u00fcr Proofs f\u00fcr den Verpackungstiefdruck auf gestrichenen Substraten und Folien.\" \/>\n\t<meta name=\"robots\" content=\"max-image-preview:large\" \/>\n\t<meta name=\"author\" content=\"Matthias Betz\"\/>\n\t<meta name=\"google-site-verification\" content=\"TuXxyRwxcEg2-WfOaQ8vScWQh3-uBAnxXmY7g3GT90A\" \/>\n\t<meta name=\"keywords\" content=\"pac.space,tiefdruck,verpackungstiefdruck,farbraum,proofprofil\" \/>\n\t<link rel=\"canonical\" href=\"https:\/\/blog.proofs.de\/et\/neues-proof-profil-fuer-den-verpackungstiefdruck-pac-space\/\" \/>\n\t<meta name=\"generator\" content=\"All in One SEO (AIOSEO) 5.0.1.1\" \/>\n\n\t\t<meta name=\"seobility\" content=\"593a8578143db71543f014978c690d47\">\n\t\t<meta property=\"og:locale\" content=\"et_EE\" \/>\n\t\t<meta property=\"og:site_name\" content=\"Proof.de | Alles zu Proof, Farbmanagement, Grafik, Messtechnik &amp; Co.\" \/>\n\t\t<meta property=\"og:type\" content=\"article\" \/>\n\t\t<meta property=\"og:title\" content=\"PaC.Space Proofs im Shop: Neues Proof Profil | proof.de\" \/>\n\t\t<meta property=\"og:description\" content=\"Mit PaC.Space gibt es jetzt einen Farbstandard f\u00fcr Proofs f\u00fcr den Verpackungstiefdruck auf gestrichenen Substraten und Folien.\" \/>\n\t\t<meta property=\"og:url\" content=\"https:\/\/blog.proofs.de\/et\/neues-proof-profil-fuer-den-verpackungstiefdruck-pac-space\/\" \/>\n\t\t<meta property=\"og:image\" content=\"https:\/\/blog1.proofen.de\/wp-content\/uploads\/2020\/04\/proof_background.jpg\" \/>\n\t\t<meta property=\"og:image:secure_url\" content=\"https:\/\/blog1.proofen.de\/wp-content\/uploads\/2020\/04\/proof_background.jpg\" \/>\n\t\t<meta property=\"article:published_time\" content=\"2014-07-21T08:59:20+00:00\" \/>\n\t\t<meta property=\"article:modified_time\" content=\"2020-04-15T23:21:21+00:00\" \/>\n\t\t<meta property=\"article:publisher\" content=\"https:\/\/www.facebook.com\/Proof.de\/\" \/>\n\t\t<meta name=\"twitter:card\" content=\"summary\" \/>\n\t\t<meta name=\"twitter:title\" content=\"PaC.Space Proofs im Shop: Neues Proof Profil | proof.de\" \/>\n\t\t<meta name=\"twitter:description\" content=\"Mit PaC.Space gibt es jetzt einen Farbstandard f\u00fcr Proofs f\u00fcr den Verpackungstiefdruck auf gestrichenen Substraten und Folien.\" \/>\n\t\t<meta name=\"twitter:image\" content=\"https:\/\/blog1.proofen.de\/wp-content\/uploads\/2020\/04\/proof_background.jpg\" \/>\n\t\t<script type=\"application\/ld+json\" class=\"aioseo-schema\">\n\t\t\t{\"@context\":\"https:\\\/\\\/schema.org\",\"@graph\":[{\"@type\":\"Article\",\"@id\":\"https:\\\/\\\/blog.proofs.de\\\/et\\\/neues-proof-profil-fuer-den-verpackungstiefdruck-pac-space\\\/#article\",\"name\":\"PaC.Space Proofs im Shop: Neues Proof Profil | proof.de\",\"headline\":\"PaC.Space Proofs im Shop: Neues Proof Profil f\\u00fcr den Verpackungstiefdruck\",\"author\":{\"@id\":\"https:\\\/\\\/blog.proofs.de\\\/et\\\/author\\\/mbetz\\\/#author\"},\"publisher\":{\"@id\":\"https:\\\/\\\/blog.proofs.de\\\/et\\\/#organization\"},\"image\":{\"@type\":\"ImageObject\",\"url\":\"https:\\\/\\\/blog1.proofen.de\\\/wp-content\\\/uploads\\\/2019\\\/09\\\/logo_proof_rgb_mit_balken_250px.png\",\"@id\":\"https:\\\/\\\/blog.proofs.de\\\/et\\\/#articleImage\"},\"datePublished\":\"2014-07-21T10:59:20+02:00\",\"dateModified\":\"2020-04-16T01:21:21+02:00\",\"inLanguage\":\"et\",\"mainEntityOfPage\":{\"@id\":\"https:\\\/\\\/blog.proofs.de\\\/et\\\/neues-proof-profil-fuer-den-verpackungstiefdruck-pac-space\\\/#webpage\"},\"isPartOf\":{\"@id\":\"https:\\\/\\\/blog.proofs.de\\\/et\\\/neues-proof-profil-fuer-den-verpackungstiefdruck-pac-space\\\/#webpage\"},\"articleSection\":\"Allgemein, Farbr\\u00e4ume und Farbprofile, Proof GmbH, Farbraum, PaC.Space, Proofprofil, Tiefdruck, Verpackungstiefdruck\"},{\"@type\":\"BreadcrumbList\",\"@id\":\"https:\\\/\\\/blog.proofs.de\\\/et\\\/neues-proof-profil-fuer-den-verpackungstiefdruck-pac-space\\\/#breadcrumblist\",\"itemListElement\":[{\"@type\":\"ListItem\",\"@id\":\"https:\\\/\\\/blog.proofs.de\\\/et#listItem\",\"position\":1,\"name\":\"Home\",\"item\":\"https:\\\/\\\/blog.proofs.de\\\/et\",\"nextItem\":{\"@type\":\"ListItem\",\"@id\":\"https:\\\/\\\/blog.proofs.de\\\/et\\\/thema\\\/proof-wissen\\\/#listItem\",\"name\":\"Proof Wissen\"}},{\"@type\":\"ListItem\",\"@id\":\"https:\\\/\\\/blog.proofs.de\\\/et\\\/thema\\\/proof-wissen\\\/#listItem\",\"position\":2,\"name\":\"Proof Wissen\",\"item\":\"https:\\\/\\\/blog.proofs.de\\\/et\\\/thema\\\/proof-wissen\\\/\",\"nextItem\":{\"@type\":\"ListItem\",\"@id\":\"https:\\\/\\\/blog.proofs.de\\\/et\\\/thema\\\/proof-wissen\\\/kategorie-proof-gmbh\\\/#listItem\",\"name\":\"Proof GmbH\"},\"previousItem\":{\"@type\":\"ListItem\",\"@id\":\"https:\\\/\\\/blog.proofs.de\\\/et#listItem\",\"name\":\"Home\"}},{\"@type\":\"ListItem\",\"@id\":\"https:\\\/\\\/blog.proofs.de\\\/et\\\/thema\\\/proof-wissen\\\/kategorie-proof-gmbh\\\/#listItem\",\"position\":3,\"name\":\"Proof GmbH\",\"item\":\"https:\\\/\\\/blog.proofs.de\\\/et\\\/thema\\\/proof-wissen\\\/kategorie-proof-gmbh\\\/\",\"nextItem\":{\"@type\":\"ListItem\",\"@id\":\"https:\\\/\\\/blog.proofs.de\\\/et\\\/neues-proof-profil-fuer-den-verpackungstiefdruck-pac-space\\\/#listItem\",\"name\":\"PaC.Space Proofs im Shop: Neues Proof Profil f\\u00fcr den Verpackungstiefdruck\"},\"previousItem\":{\"@type\":\"ListItem\",\"@id\":\"https:\\\/\\\/blog.proofs.de\\\/et\\\/thema\\\/proof-wissen\\\/#listItem\",\"name\":\"Proof Wissen\"}},{\"@type\":\"ListItem\",\"@id\":\"https:\\\/\\\/blog.proofs.de\\\/et\\\/neues-proof-profil-fuer-den-verpackungstiefdruck-pac-space\\\/#listItem\",\"position\":4,\"name\":\"PaC.Space Proofs im Shop: Neues Proof Profil f\\u00fcr den Verpackungstiefdruck\",\"previousItem\":{\"@type\":\"ListItem\",\"@id\":\"https:\\\/\\\/blog.proofs.de\\\/et\\\/thema\\\/proof-wissen\\\/kategorie-proof-gmbh\\\/#listItem\",\"name\":\"Proof GmbH\"}}]},{\"@type\":\"Organization\",\"@id\":\"https:\\\/\\\/blog.proofs.de\\\/et\\\/#organization\",\"name\":\"Proof GmbH\",\"description\":\"Farbverbindlicher Proof, Farbproof, Digitalproof und Online-Proof.\",\"url\":\"https:\\\/\\\/blog.proofs.de\\\/et\\\/\",\"telephone\":\"+4970717952740\",\"logo\":{\"@type\":\"ImageObject\",\"url\":\"https:\\\/\\\/blog1.proofen.de\\\/wp-content\\\/uploads\\\/2019\\\/09\\\/logo_proof_rgb_mit_balken_250px.png\",\"@id\":\"https:\\\/\\\/blog.proofs.de\\\/et\\\/neues-proof-profil-fuer-den-verpackungstiefdruck-pac-space\\\/#organizationLogo\"},\"image\":{\"@id\":\"https:\\\/\\\/blog.proofs.de\\\/et\\\/neues-proof-profil-fuer-den-verpackungstiefdruck-pac-space\\\/#organizationLogo\"},\"sameAs\":[\"https:\\\/\\\/www.facebook.com\\\/Proof.de\\\/\",\"https:\\\/\\\/www.instagram.com\\\/proof.de\\\/\",\"https:\\\/\\\/www.tiktok.com\\\/@proof_de\",\"https:\\\/\\\/www.youtube.com\\\/channel\\\/UCk80fQVQ25wC9wu3SywB-Nw\",\"https:\\\/\\\/www.linkedin.com\\\/company\\\/proof-de\"]},{\"@type\":\"Person\",\"@id\":\"https:\\\/\\\/blog.proofs.de\\\/et\\\/author\\\/mbetz\\\/#author\",\"url\":\"https:\\\/\\\/blog.proofs.de\\\/et\\\/author\\\/mbetz\\\/\",\"name\":\"Matthias Betz\",\"image\":{\"@type\":\"ImageObject\",\"@id\":\"https:\\\/\\\/blog.proofs.de\\\/et\\\/neues-proof-profil-fuer-den-verpackungstiefdruck-pac-space\\\/#authorImage\",\"url\":\"https:\\\/\\\/blog.proofs.de\\\/wp-content\\\/uploads\\\/2020\\\/10\\\/matthias-betz-e1603934518350-150x150.png\",\"width\":96,\"height\":96,\"caption\":\"Matthias Betz\"}},{\"@type\":\"WebPage\",\"@id\":\"https:\\\/\\\/blog.proofs.de\\\/et\\\/neues-proof-profil-fuer-den-verpackungstiefdruck-pac-space\\\/#webpage\",\"url\":\"https:\\\/\\\/blog.proofs.de\\\/et\\\/neues-proof-profil-fuer-den-verpackungstiefdruck-pac-space\\\/\",\"name\":\"PaC.Space Proofs im Shop: Neues Proof Profil | proof.de\",\"description\":\"Mit PaC.Space gibt es jetzt einen Farbstandard f\\u00fcr Proofs f\\u00fcr den Verpackungstiefdruck auf gestrichenen Substraten und Folien.\",\"inLanguage\":\"et\",\"isPartOf\":{\"@id\":\"https:\\\/\\\/blog.proofs.de\\\/et\\\/#website\"},\"breadcrumb\":{\"@id\":\"https:\\\/\\\/blog.proofs.de\\\/et\\\/neues-proof-profil-fuer-den-verpackungstiefdruck-pac-space\\\/#breadcrumblist\"},\"author\":{\"@id\":\"https:\\\/\\\/blog.proofs.de\\\/et\\\/author\\\/mbetz\\\/#author\"},\"creator\":{\"@id\":\"https:\\\/\\\/blog.proofs.de\\\/et\\\/author\\\/mbetz\\\/#author\"},\"datePublished\":\"2014-07-21T10:59:20+02:00\",\"dateModified\":\"2020-04-16T01:21:21+02:00\"},{\"@type\":\"WebSite\",\"@id\":\"https:\\\/\\\/blog.proofs.de\\\/et\\\/#website\",\"url\":\"https:\\\/\\\/blog.proofs.de\\\/et\\\/\",\"name\":\"Proof.de\",\"description\":\"Farbverbindlicher Proof, Farbproof, Digitalproof und Online-Proof.\",\"inLanguage\":\"et\",\"publisher\":{\"@id\":\"https:\\\/\\\/blog.proofs.de\\\/et\\\/#organization\"}}]}\n\t\t<\/script>\n\t\t<!-- All in One SEO -->\n\n","aioseo_head_json":{"title":"PaC.Space Proofid poes: Uus profiil | proof.de","description":"PaC.Space'i abil on n\u00fc\u00fcd olemas v\u00e4rvistandard pakendite s\u00fcgavtr\u00fckkimiseks kaetud aluspindadele ja kiledele.","canonical_url":"https:\/\/blog.proofs.de\/et\/neues-proof-profil-fuer-den-verpackungstiefdruck-pac-space\/","robots":"max-image-preview:large","keywords":"pac.space,tiefdruck,verpackungstiefdruck,farbraum,proofprofil","webmasterTools":{"google-site-verification":"TuXxyRwxcEg2-WfOaQ8vScWQh3-uBAnxXmY7g3GT90A","miscellaneous":"&lt;meta name=\"seobility\" content=\"593a8578143db71543f014978c690d47\"&gt;"},"schema":{"@context":"https:\/\/schema.org","@graph":[{"@type":"Article","@id":"https:\/\/blog.proofs.de\/et\/neues-proof-profil-fuer-den-verpackungstiefdruck-pac-space\/#article","name":"PaC.Space Proofs im Shop: Neues Proof Profil | proof.de","headline":"PaC.Space Proofs im Shop: Neues Proof Profil f\u00fcr den Verpackungstiefdruck","author":{"@id":"https:\/\/blog.proofs.de\/et\/author\/mbetz\/#author"},"publisher":{"@id":"https:\/\/blog.proofs.de\/et\/#organization"},"image":{"@type":"ImageObject","url":"https:\/\/blog1.proofen.de\/wp-content\/uploads\/2019\/09\/logo_proof_rgb_mit_balken_250px.png","@id":"https:\/\/blog.proofs.de\/et\/#articleImage"},"datePublished":"2014-07-21T10:59:20+02:00","dateModified":"2020-04-16T01:21:21+02:00","inLanguage":"et","mainEntityOfPage":{"@id":"https:\/\/blog.proofs.de\/et\/neues-proof-profil-fuer-den-verpackungstiefdruck-pac-space\/#webpage"},"isPartOf":{"@id":"https:\/\/blog.proofs.de\/et\/neues-proof-profil-fuer-den-verpackungstiefdruck-pac-space\/#webpage"},"articleSection":"Allgemein, Farbr\u00e4ume und Farbprofile, Proof GmbH, Farbraum, PaC.Space, Proofprofil, Tiefdruck, Verpackungstiefdruck"},{"@type":"BreadcrumbList","@id":"https:\/\/blog.proofs.de\/et\/neues-proof-profil-fuer-den-verpackungstiefdruck-pac-space\/#breadcrumblist","itemListElement":[{"@type":"ListItem","@id":"https:\/\/blog.proofs.de\/et#listItem","position":1,"name":"Home","item":"https:\/\/blog.proofs.de\/et","nextItem":{"@type":"ListItem","@id":"https:\/\/blog.proofs.de\/et\/thema\/proof-wissen\/#listItem","name":"Proof Wissen"}},{"@type":"ListItem","@id":"https:\/\/blog.proofs.de\/et\/thema\/proof-wissen\/#listItem","position":2,"name":"Proof Wissen","item":"https:\/\/blog.proofs.de\/et\/thema\/proof-wissen\/","nextItem":{"@type":"ListItem","@id":"https:\/\/blog.proofs.de\/et\/thema\/proof-wissen\/kategorie-proof-gmbh\/#listItem","name":"Proof GmbH"},"previousItem":{"@type":"ListItem","@id":"https:\/\/blog.proofs.de\/et#listItem","name":"Home"}},{"@type":"ListItem","@id":"https:\/\/blog.proofs.de\/et\/thema\/proof-wissen\/kategorie-proof-gmbh\/#listItem","position":3,"name":"Proof GmbH","item":"https:\/\/blog.proofs.de\/et\/thema\/proof-wissen\/kategorie-proof-gmbh\/","nextItem":{"@type":"ListItem","@id":"https:\/\/blog.proofs.de\/et\/neues-proof-profil-fuer-den-verpackungstiefdruck-pac-space\/#listItem","name":"PaC.Space Proofs im Shop: Neues Proof Profil f\u00fcr den Verpackungstiefdruck"},"previousItem":{"@type":"ListItem","@id":"https:\/\/blog.proofs.de\/et\/thema\/proof-wissen\/#listItem","name":"Proof Wissen"}},{"@type":"ListItem","@id":"https:\/\/blog.proofs.de\/et\/neues-proof-profil-fuer-den-verpackungstiefdruck-pac-space\/#listItem","position":4,"name":"PaC.Space Proofs im Shop: Neues Proof Profil f\u00fcr den Verpackungstiefdruck","previousItem":{"@type":"ListItem","@id":"https:\/\/blog.proofs.de\/et\/thema\/proof-wissen\/kategorie-proof-gmbh\/#listItem","name":"Proof GmbH"}}]},{"@type":"Organization","@id":"https:\/\/blog.proofs.de\/et\/#organization","name":"Proof GmbH","description":"Farbverbindlicher Proof, Farbproof, Digitalproof und Online-Proof.","url":"https:\/\/blog.proofs.de\/et\/","telephone":"+4970717952740","logo":{"@type":"ImageObject","url":"https:\/\/blog1.proofen.de\/wp-content\/uploads\/2019\/09\/logo_proof_rgb_mit_balken_250px.png","@id":"https:\/\/blog.proofs.de\/et\/neues-proof-profil-fuer-den-verpackungstiefdruck-pac-space\/#organizationLogo"},"image":{"@id":"https:\/\/blog.proofs.de\/et\/neues-proof-profil-fuer-den-verpackungstiefdruck-pac-space\/#organizationLogo"},"sameAs":["https:\/\/www.facebook.com\/Proof.de\/","https:\/\/www.instagram.com\/proof.de\/","https:\/\/www.tiktok.com\/@proof_de","https:\/\/www.youtube.com\/channel\/UCk80fQVQ25wC9wu3SywB-Nw","https:\/\/www.linkedin.com\/company\/proof-de"]},{"@type":"Person","@id":"https:\/\/blog.proofs.de\/et\/author\/mbetz\/#author","url":"https:\/\/blog.proofs.de\/et\/author\/mbetz\/","name":"Matthias Betz","image":{"@type":"ImageObject","@id":"https:\/\/blog.proofs.de\/et\/neues-proof-profil-fuer-den-verpackungstiefdruck-pac-space\/#authorImage","url":"https:\/\/blog.proofs.de\/wp-content\/uploads\/2020\/10\/matthias-betz-e1603934518350-150x150.png","width":96,"height":96,"caption":"Matthias Betz"}},{"@type":"WebPage","@id":"https:\/\/blog.proofs.de\/et\/neues-proof-profil-fuer-den-verpackungstiefdruck-pac-space\/#webpage","url":"https:\/\/blog.proofs.de\/et\/neues-proof-profil-fuer-den-verpackungstiefdruck-pac-space\/","name":"PaC.Space Proofs im Shop: Neues Proof Profil | proof.de","description":"Mit PaC.Space gibt es jetzt einen Farbstandard f\u00fcr Proofs f\u00fcr den Verpackungstiefdruck auf gestrichenen Substraten und Folien.","inLanguage":"et","isPartOf":{"@id":"https:\/\/blog.proofs.de\/et\/#website"},"breadcrumb":{"@id":"https:\/\/blog.proofs.de\/et\/neues-proof-profil-fuer-den-verpackungstiefdruck-pac-space\/#breadcrumblist"},"author":{"@id":"https:\/\/blog.proofs.de\/et\/author\/mbetz\/#author"},"creator":{"@id":"https:\/\/blog.proofs.de\/et\/author\/mbetz\/#author"},"datePublished":"2014-07-21T10:59:20+02:00","dateModified":"2020-04-16T01:21:21+02:00"},{"@type":"WebSite","@id":"https:\/\/blog.proofs.de\/et\/#website","url":"https:\/\/blog.proofs.de\/et\/","name":"Proof.de","description":"Farbverbindlicher Proof, Farbproof, Digitalproof und Online-Proof.","inLanguage":"et","publisher":{"@id":"https:\/\/blog.proofs.de\/et\/#organization"}}]},"og:locale":"et_EE","og:site_name":"Proof.de | Alles zu Proof, Farbmanagement, Grafik, Messtechnik &amp; Co.","og:type":"article","og:title":"PaC.Space Proofs im Shop: Neues Proof Profil | proof.de","og:description":"Mit PaC.Space gibt es jetzt einen Farbstandard f\u00fcr Proofs f\u00fcr den Verpackungstiefdruck auf gestrichenen Substraten und Folien.","og:url":"https:\/\/blog.proofs.de\/et\/neues-proof-profil-fuer-den-verpackungstiefdruck-pac-space\/","og:image":"https:\/\/blog1.proofen.de\/wp-content\/uploads\/2020\/04\/proof_background.jpg","og:image:secure_url":"https:\/\/blog1.proofen.de\/wp-content\/uploads\/2020\/04\/proof_background.jpg","article:published_time":"2014-07-21T08:59:20+00:00","article:modified_time":"2020-04-15T23:21:21+00:00","article:publisher":"https:\/\/www.facebook.com\/Proof.de\/","twitter:card":"summary","twitter:title":"PaC.Space Proofs im Shop: Neues Proof Profil | proof.de","twitter:description":"Mit PaC.Space gibt es jetzt einen Farbstandard f\u00fcr Proofs f\u00fcr den Verpackungstiefdruck auf gestrichenen Substraten und Folien.","twitter:image":"https:\/\/blog1.proofen.de\/wp-content\/uploads\/2020\/04\/proof_background.jpg"},"aioseo_meta_data":{"post_id":"1002","title":"PaC.Space Proofs im Shop: Neues Proof Profil  |\u00a0proof.de","description":"PaC.Space'i abil on n\u00fc\u00fcd olemas v\u00e4rvistandard pakendite s\u00fcgavtr\u00fckkimiseks kaetud aluspindadele ja kiledele.","keywords":[{"label":"PaC.Space","value":"PaC.Space"},{"label":"Tiefdruck","value":"Tiefdruck"},{"label":"Verpackungstiefdruck","value":"Verpackungstiefdruck"},{"label":"Farbraum","value":"Farbraum"},{"label":"Proofprofil","value":"Proofprofil"}],"keyphrases":null,"primary_term":null,"canonical_url":null,"og_title":null,"og_description":null,"og_object_type":"default","og_image_type":"default","og_image_url":null,"og_image_width":null,"og_image_height":null,"og_image_custom_url":null,"og_image_custom_fields":null,"og_video":null,"og_custom_url":null,"og_article_section":null,"og_article_tags":null,"twitter_use_og":false,"twitter_card":"default","twitter_image_type":"default","twitter_image_url":null,"twitter_image_custom_url":null,"twitter_image_custom_fields":null,"twitter_title":null,"twitter_description":null,"schema":{"blockGraphs":[],"customGraphs":[],"default":{"data":{"Article":[],"Course":[],"Dataset":[],"FAQPage":[],"Movie":[],"Person":[],"Product":[],"ProductReview":[],"Car":[],"Recipe":[],"Service":[],"SoftwareApplication":[],"WebPage":[]},"graphName":"","isEnabled":true},"graphs":[],"defaultGraph":"","defaultPostTypeGraph":""},"schema_type":null,"schema_type_options":null,"pillar_content":false,"robots_default":true,"robots_noindex":false,"robots_noarchive":false,"robots_nosnippet":false,"robots_nofollow":false,"robots_noimageindex":false,"robots_noodp":false,"robots_notranslate":false,"robots_max_snippet":null,"robots_max_videopreview":null,"robots_max_imagepreview":"large","priority":null,"frequency":null,"local_seo":null,"breadcrumb_settings":null,"limit_modified_date":false,"ai":null,"created":"2020-12-21 00:36:00","updated":"2025-06-04 14:16:01","seo_analyzer_scan_date":null,"focus_keyword":null,"additional_keywords":null,"truseo_locale":null},"_links":{"self":[{"href":"https:\/\/blog.proofs.de\/et\/wp-json\/wp\/v2\/posts\/1002","targetHints":{"allow":["GET"]}}],"collection":[{"href":"https:\/\/blog.proofs.de\/et\/wp-json\/wp\/v2\/posts"}],"about":[{"href":"https:\/\/blog.proofs.de\/et\/wp-json\/wp\/v2\/types\/post"}],"author":[{"embeddable":true,"href":"https:\/\/blog.proofs.de\/et\/wp-json\/wp\/v2\/users\/2"}],"replies":[{"embeddable":true,"href":"https:\/\/blog.proofs.de\/et\/wp-json\/wp\/v2\/comments?post=1002"}],"version-history":[{"count":6,"href":"https:\/\/blog.proofs.de\/et\/wp-json\/wp\/v2\/posts\/1002\/revisions"}],"predecessor-version":[{"id":3400,"href":"https:\/\/blog.proofs.de\/et\/wp-json\/wp\/v2\/posts\/1002\/revisions\/3400"}],"wp:attachment":[{"href":"https:\/\/blog.proofs.de\/et\/wp-json\/wp\/v2\/media?parent=1002"}],"wp:term":[{"taxonomy":"category","embeddable":true,"href":"https:\/\/blog.proofs.de\/et\/wp-json\/wp\/v2\/categories?post=1002"},{"taxonomy":"post_tag","embeddable":true,"href":"https:\/\/blog.proofs.de\/et\/wp-json\/wp\/v2\/tags?post=1002"}],"curies":[{"name":"wp","href":"https:\/\/api.w.org\/{rel}","templated":true}]}}