{"id":2188,"date":"2018-11-14T00:33:33","date_gmt":"2018-11-13T23:33:33","guid":{"rendered":"http:\/\/www.proof.de\/?p=2188"},"modified":"2023-07-20T09:23:28","modified_gmt":"2023-07-20T07:23:28","slug":"din-spec-16699-avatud-vaervilised-kommunikatsiooniroeoepad","status":"publish","type":"post","link":"https:\/\/blog.proofs.de\/et\/din-spec-16699-offene-farbkommunikation-erschienen\/","title":{"rendered":"DIN SPEC 16699 \"Avatud v\u00e4rvikommunikatsioon\" avaldatud"},"content":{"rendered":"<div class=\"kk-star-ratings kksr-auto kksr-align-right kksr-valign-top\" data-payload='{\"align\":\"right\",\"id\":\"2188\",\"slug\":\"default\",\"valign\":\"top\",\"ignore\":\"\",\"reference\":\"auto\",\"class\":\"\",\"count\":\"0\",\"legendonly\":\"\",\"readonly\":\"\",\"score\":\"0\",\"starsonly\":\"\",\"best\":\"5\",\"gap\":\"5\",\"greet\":\"Jetzt bewerten\",\"legend\":\"0\\\/5 - (0 votes)\",\"size\":\"24\",\"title\":\"DIN SPEC 16699 \\u0026quot;Offene Farbkommunikation\\u0026quot; erschienen\",\"width\":\"0\",\"_legend\":\"{score}\\\/{best} - ({count} {votes})\",\"font_factor\":\"1.25\"}'>\n            \n<div class=\"kksr-stars\">\n    \n<div class=\"kksr-stars-inactive\">\n            <div class=\"kksr-star\" data-star=\"1\" style=\"padding-right: 5px\">\n            \n\n<div class=\"kksr-icon\" style=\"width: 24px; height: 24px;\"><\/div>\n        <\/div>\n            <div class=\"kksr-star\" data-star=\"2\" style=\"padding-right: 5px\">\n            \n\n<div class=\"kksr-icon\" style=\"width: 24px; height: 24px;\"><\/div>\n        <\/div>\n            <div class=\"kksr-star\" data-star=\"3\" style=\"padding-right: 5px\">\n            \n\n<div class=\"kksr-icon\" style=\"width: 24px; height: 24px;\"><\/div>\n        <\/div>\n            <div class=\"kksr-star\" data-star=\"4\" style=\"padding-right: 5px\">\n            \n\n<div class=\"kksr-icon\" style=\"width: 24px; height: 24px;\"><\/div>\n        <\/div>\n            <div class=\"kksr-star\" data-star=\"5\" style=\"padding-right: 5px\">\n            \n\n<div class=\"kksr-icon\" style=\"width: 24px; height: 24px;\"><\/div>\n        <\/div>\n    <\/div>\n    \n<div class=\"kksr-stars-active\" style=\"width: 0px;\">\n            <div class=\"kksr-star\" style=\"padding-right: 5px\">\n            \n\n<div class=\"kksr-icon\" style=\"width: 24px; height: 24px;\"><\/div>\n        <\/div>\n            <div class=\"kksr-star\" style=\"padding-right: 5px\">\n            \n\n<div class=\"kksr-icon\" style=\"width: 24px; height: 24px;\"><\/div>\n        <\/div>\n            <div class=\"kksr-star\" style=\"padding-right: 5px\">\n            \n\n<div class=\"kksr-icon\" style=\"width: 24px; height: 24px;\"><\/div>\n        <\/div>\n            <div class=\"kksr-star\" style=\"padding-right: 5px\">\n            \n\n<div class=\"kksr-icon\" style=\"width: 24px; height: 24px;\"><\/div>\n        <\/div>\n            <div class=\"kksr-star\" style=\"padding-right: 5px\">\n            \n\n<div class=\"kksr-icon\" style=\"width: 24px; height: 24px;\"><\/div>\n        <\/div>\n    <\/div>\n<\/div>\n                \n\n<div class=\"kksr-legend\" style=\"font-size: 19.2px;\">\n            <span class=\"kksr-muted\">Hinda n\u00fc\u00fcd<\/span>\n    <\/div>\n    <\/div>\n\n<p class=\"wp-block-paragraph\">M\u00f5ned p\u00e4evad tagasi avaldati meie DIN SPEC 16699 \"Avatud v\u00e4rvikommunikatsioon\", mis on n\u00fc\u00fcd tasuta allalaaditav Beuthi kirjastusest DIN.<\/p>\n\n\n<div class=\"wp-block-image\">\n<figure class=\"alignleft\"><a href=\"https:\/\/www.beuth.de\/de\/technische-regel\/din-spec-16699\/302097043\"><img loading=\"lazy\" decoding=\"async\" width=\"1024\" height=\"416\" src=\"https:\/\/blog1.proofen.de\/wp-content\/uploads\/2018\/11\/DIN_SPEC_16699_Offene_Farbkommunikation_Beuth-1024x416.png\" alt=\"\" class=\"wp-image-2196\" srcset=\"https:\/\/blog.proofs.de\/wp-content\/uploads\/2018\/11\/DIN_SPEC_16699_Offene_Farbkommunikation_Beuth-1024x416.png 1024w, https:\/\/blog.proofs.de\/wp-content\/uploads\/2018\/11\/DIN_SPEC_16699_Offene_Farbkommunikation_Beuth-300x122.png 300w, https:\/\/blog.proofs.de\/wp-content\/uploads\/2018\/11\/DIN_SPEC_16699_Offene_Farbkommunikation_Beuth-768x312.png 768w, https:\/\/blog.proofs.de\/wp-content\/uploads\/2018\/11\/DIN_SPEC_16699_Offene_Farbkommunikation_Beuth-500x203.png 500w\" sizes=\"auto, (max-width: 1024px) 100vw, 1024px\"><\/a><\/figure>\n<\/div>\n\n<div class=\"wp-block-image\">\n<figure class=\"alignleft is-resized\"><a href=\"https:\/\/blog1.proofen.de\/wp-content\/uploads\/2018\/11\/DIN_SPEC_16699_Offene_Farbkommunikation.png\"><img loading=\"lazy\" decoding=\"async\" src=\"https:\/\/blog1.proofen.de\/wp-content\/uploads\/2018\/11\/DIN_SPEC_16699_Offene_Farbkommunikation-1024x678.png\" alt=\"\" class=\"wp-image-2194\" width=\"512\" height=\"339\" srcset=\"https:\/\/blog.proofs.de\/wp-content\/uploads\/2018\/11\/DIN_SPEC_16699_Offene_Farbkommunikation-1024x678.png 1024w, https:\/\/blog.proofs.de\/wp-content\/uploads\/2018\/11\/DIN_SPEC_16699_Offene_Farbkommunikation-300x199.png 300w, https:\/\/blog.proofs.de\/wp-content\/uploads\/2018\/11\/DIN_SPEC_16699_Offene_Farbkommunikation-768x508.png 768w, https:\/\/blog.proofs.de\/wp-content\/uploads\/2018\/11\/DIN_SPEC_16699_Offene_Farbkommunikation-453x300.png 453w\" sizes=\"auto, (max-width: 512px) 100vw, 512px\"><\/a><\/figure>\n<\/div>\n\n\n<p class=\"wp-block-paragraph\">Matthias Betz, kes on p\u00e4rit <a href=\"https:\/\/blog.proofs.de\/et\/lexikon\/proof\/\" target=\"_self\" title=\"Proof (korrektselt: lepinguline proof) on ISO 12647-7 sertifitseeritud proof-seade graafilise kunsti t\u00f6\u00f6stusele. Proof simuleerib offset- v\u00f5i s\u00fcgavtr\u00fckkimise v\u00e4rvilisust v\u00e4rviliselt ja \u00f5iguslikult siduvalt ISO-standardi kitsaste lubatud h\u00e4lvete piires.\" class=\"encyclopedia\">Proof<\/a> GmbH, Holger Everding DTP Studio Oldenburgist, Jan-Peter Homann Homann Colormanagementist Berliinis ja Eric. A Soder Pixsource'ist \u0160veitsist, kes k\u00f5ik on \u00fchingu freieFarbe e.V. liikmed, on v\u00e4lja t\u00f6\u00f6tanud viisi, kuidas luua v\u00e4ga t\u00e4pseid v\u00e4rvin\u00e4idiseid kakskeelses DIN-spetsifikatsioonis.<\/p>\n\n\n\n<p class=\"wp-block-paragraph\"> mis p\u00f5hineb avatud l\u00e4htekoodiga, litsentsivabadel standarditel ja n\u00e4itab v\u00f5imalusi, kuidas <a href=\"https:\/\/blog.proofs.de\/et\/lexikon\/crossmedial\/\" target=\"_self\" title='tuleb inglise keelest &quot;cross-media&quot; ja t\u00e4hendab sama palju kui &quot;cross-media&quot;. See viitab sisule, mida saab esitada erinevates kommunikatsioonikanalites ja meediumides (tr\u00fckis, veebis, mobiilis jne).' class=\"encyclopedia\">cross-media<\/a>e v\u00e4rvikommunikatsioon.<\/p>\n\n\n<div class=\"wp-block-image\">\n<figure class=\"alignleft\"><a href=\"https:\/\/blog1.proofen.de\/wp-content\/uploads\/2018\/06\/DIN_SPEC_16699_Offene_Farbkommunikation_Abschlussmeeting_Berlin.jpg\"><img loading=\"lazy\" decoding=\"async\" width=\"1024\" height=\"494\" src=\"https:\/\/blog1.proofen.de\/wp-content\/uploads\/2018\/06\/DIN_SPEC_16699_Offene_Farbkommunikation_Abschlussmeeting_Berlin-1024x494.jpg\" alt=\"DIN SPEC 16699 Avatud v\u00e4rvikommunikatsioon L\u00f5ppkohtumine Berliinis Matthias Betz, Eric A. Soder, Jan-Peter Homann, Holger Everding\" class=\"wp-image-2099\" srcset=\"https:\/\/blog.proofs.de\/wp-content\/uploads\/2018\/06\/DIN_SPEC_16699_Offene_Farbkommunikation_Abschlussmeeting_Berlin-1024x494.jpg 1024w, https:\/\/blog.proofs.de\/wp-content\/uploads\/2018\/06\/DIN_SPEC_16699_Offene_Farbkommunikation_Abschlussmeeting_Berlin-300x145.jpg 300w, https:\/\/blog.proofs.de\/wp-content\/uploads\/2018\/06\/DIN_SPEC_16699_Offene_Farbkommunikation_Abschlussmeeting_Berlin-768x371.jpg 768w, https:\/\/blog.proofs.de\/wp-content\/uploads\/2018\/06\/DIN_SPEC_16699_Offene_Farbkommunikation_Abschlussmeeting_Berlin-500x241.jpg 500w, https:\/\/blog.proofs.de\/wp-content\/uploads\/2018\/06\/DIN_SPEC_16699_Offene_Farbkommunikation_Abschlussmeeting_Berlin.jpg 1140w\" sizes=\"auto, (max-width: 1024px) 100vw, 1024px\"><\/a><\/figure>\n<\/div>\n\n\n<p class=\"wp-block-paragraph\">44-lehek\u00fcljeline PDF on kakskeelne saksa ja inglise keeles ning seda saab tellida otse Beuth Verlagist, kes levitab DIN standardeid Saksamaal, ja p\u00e4rast l\u00fchikest registreerimist tasuta alla laadida.<\/p>\n\n\n\n<p class=\"wp-block-paragraph\"><a href=\"https:\/\/www.beuth.de\/de\/technische-regel\/din-spec-16699\/302097043\" target=\"_blank\" rel=\"noopener noreferrer\">DIN SPEC 16699 Offene Farbkommunikation \/ Avatud v\u00e4rvikommunikatsioon<\/a><\/p>\n\n\n<div class=\"wp-block-image\">\n<figure class=\"alignleft\"><a href=\"https:\/\/blog1.proofen.de\/wp-content\/uploads\/2018\/11\/DIN_SPEC_16699_Open_Colour_Communication-1.png\"><img loading=\"lazy\" decoding=\"async\" width=\"1024\" height=\"819\" src=\"https:\/\/blog1.proofen.de\/wp-content\/uploads\/2018\/11\/DIN_SPEC_16699_Open_Colour_Communication-1-1024x819.png\" alt=\"\" class=\"wp-image-2193\" srcset=\"https:\/\/blog.proofs.de\/wp-content\/uploads\/2018\/11\/DIN_SPEC_16699_Open_Colour_Communication-1-1024x819.png 1024w, https:\/\/blog.proofs.de\/wp-content\/uploads\/2018\/11\/DIN_SPEC_16699_Open_Colour_Communication-1-300x240.png 300w, https:\/\/blog.proofs.de\/wp-content\/uploads\/2018\/11\/DIN_SPEC_16699_Open_Colour_Communication-1-768x614.png 768w, https:\/\/blog.proofs.de\/wp-content\/uploads\/2018\/11\/DIN_SPEC_16699_Open_Colour_Communication-1-375x300.png 375w, https:\/\/blog.proofs.de\/wp-content\/uploads\/2018\/11\/DIN_SPEC_16699_Open_Colour_Communication-1.png 2029w\" sizes=\"auto, (max-width: 1024px) 100vw, 1024px\"><\/a><\/figure>\n<\/div>","protected":false},"excerpt":{"rendered":"<p>M\u00f5ned p\u00e4evad tagasi avaldati meie DIN SPEC 16699 \"Avatud v\u00e4rvikommunikatsioon\", mis on n\u00fc\u00fcd saadaval tasuta allalaadimiseks DINi aadressil Beuth-Verlag. Matthias Betz Proof GmbH-st, Holger Everding DTP Studio Oldenburgist, Jan-Peter Homann Homann Colormanagementist Berliinist ja Eric. A Soder Pixsource'ist \u0160veitsist, kes k\u00f5ik kuuluvad \u00fchingusse freieFarbe e.V., on visandanud viisi, kuidas luua k\u00f5rgt\u00e4htsaid v\u00e4rvin\u00e4idiseid, mis p\u00f5hinevad avatud l\u00e4htekoodiga, litsentsivabadel standarditel kakskeelses DINi spetsifikatsioonis, ja n\u00e4idanud v\u00f5imalusi meediumide\u00fcleseks v\u00e4rvikommunikatsiooniks. 44-lehek\u00fcljeline PDF on kakskeelne saksakeelne ... <\/p>\n<p class=\"read-more-container\"><a title=\"DIN SPEC 16699 &quot;Avatud v\u00e4rvikommunikatsioon&quot; avaldatud\" class=\"read-more button\" href=\"https:\/\/blog.proofs.de\/et\/din-spec-16699-offene-farbkommunikation-erschienen\/#more-2188\" aria-label=\"Lisateave DIN SPEC 16699 \u201eAvatud v\u00e4rvikommunikatsioon\u201c kohta avaldatud\">Loe edasi<\/a><\/p>","protected":false},"author":2,"featured_media":2099,"comment_status":"open","ping_status":"open","sticky":false,"template":"","format":"standard","meta":{"om_disable_all_campaigns":false,"inline_featured_image":false,"_monsterinsights_skip_tracking":false,"footnotes":""},"categories":[1],"tags":[714,715,712,713,814,815,747,748,750],"class_list":["post-2188","post","type-post","status-publish","format-standard","has-post-thumbnail","hentry","category-allgemein","tag-714","tag-din","tag-din-spec","tag-din-spec-16699","tag-din-spec-16699-offene-farbkommunikation","tag-din-spec-pas","tag-offene-farbkommunikation","tag-open-colour-communication","tag-publicly-available-specification","generate-columns","tablet-grid-50","mobile-grid-100","grid-parent","grid-50","no-featured-image-padding","resize-featured-image"],"aioseo_notices":[],"aioseo_head":"\n\t\t<!-- All in One SEO 5.0.1.1 - aioseo.com -->\n\t<meta name=\"description\" content=\"Vor wenigen Tagen ist die DIN SPEC 16699 &quot;Offene Farbkommunikation&quot; erschienen und steht nun im Beuth-Verlag bei der DIN zum kostenlosen Download bereit.\" \/>\n\t<meta name=\"robots\" content=\"max-image-preview:large\" \/>\n\t<meta name=\"author\" content=\"Matthias Betz\"\/>\n\t<meta name=\"google-site-verification\" content=\"TuXxyRwxcEg2-WfOaQ8vScWQh3-uBAnxXmY7g3GT90A\" \/>\n\t<meta name=\"keywords\" content=\"din,din spec,din spec 16699,16699,din spec pas,din spec (pas),publicly available specification,din spec 16699 offene farbkommunikation,offene farbkommunikation,open colour communication,16699,din,din spec,din spec 16699,din spec 16699 offene farbkommunikation,din spec pas,offene farbkommunikation,open colour communication,publicly available specification\" \/>\n\t<link rel=\"canonical\" href=\"https:\/\/blog.proofs.de\/et\/din-spec-16699-offene-farbkommunikation-erschienen\/\" \/>\n\t<meta name=\"generator\" content=\"All in One SEO (AIOSEO) 5.0.1.1\" \/>\n\n\t\t<meta name=\"seobility\" content=\"593a8578143db71543f014978c690d47\">\n\t\t<meta property=\"og:locale\" content=\"et_EE\" \/>\n\t\t<meta property=\"og:site_name\" content=\"Proof.de | Alles zu Proof, Farbmanagement, Grafik, Messtechnik &amp; Co.\" \/>\n\t\t<meta property=\"og:type\" content=\"article\" \/>\n\t\t<meta property=\"og:title\" content=\"Neu: DIN SPEC 16699 &quot;Offene Farbkommunikation&quot; | proof.de\" \/>\n\t\t<meta property=\"og:description\" content=\"Vor wenigen Tagen ist die DIN SPEC 16699 &quot;Offene Farbkommunikation&quot; erschienen und steht nun im Beuth-Verlag bei der DIN zum kostenlosen Download bereit.\" \/>\n\t\t<meta property=\"og:url\" content=\"https:\/\/blog.proofs.de\/et\/din-spec-16699-offene-farbkommunikation-erschienen\/\" \/>\n\t\t<meta property=\"og:image\" content=\"https:\/\/blog.proofs.de\/wp-content\/uploads\/2018\/06\/DIN_SPEC_16699_Offene_Farbkommunikation_Abschlussmeeting_Berlin.jpg\" \/>\n\t\t<meta property=\"og:image:secure_url\" content=\"https:\/\/blog.proofs.de\/wp-content\/uploads\/2018\/06\/DIN_SPEC_16699_Offene_Farbkommunikation_Abschlussmeeting_Berlin.jpg\" \/>\n\t\t<meta property=\"og:image:width\" content=\"1140\" \/>\n\t\t<meta property=\"og:image:height\" content=\"550\" \/>\n\t\t<meta property=\"article:published_time\" content=\"2018-11-13T23:33:33+00:00\" \/>\n\t\t<meta property=\"article:modified_time\" content=\"2023-07-20T07:23:28+00:00\" \/>\n\t\t<meta property=\"article:publisher\" content=\"https:\/\/www.facebook.com\/Proof.de\/\" \/>\n\t\t<meta name=\"twitter:card\" content=\"summary\" \/>\n\t\t<meta name=\"twitter:title\" content=\"Neu: DIN SPEC 16699 &quot;Offene Farbkommunikation&quot; | proof.de\" \/>\n\t\t<meta name=\"twitter:description\" content=\"Vor wenigen Tagen ist die DIN SPEC 16699 &quot;Offene Farbkommunikation&quot; erschienen und steht nun im Beuth-Verlag bei der DIN zum kostenlosen Download bereit.\" \/>\n\t\t<meta name=\"twitter:image\" content=\"https:\/\/blog1.proofen.de\/wp-content\/uploads\/2020\/04\/proof_background.jpg\" \/>\n\t\t<script type=\"application\/ld+json\" class=\"aioseo-schema\">\n\t\t\t{\"@context\":\"https:\\\/\\\/schema.org\",\"@graph\":[{\"@type\":\"Article\",\"@id\":\"https:\\\/\\\/blog.proofs.de\\\/et\\\/din-spec-16699-offene-farbkommunikation-erschienen\\\/#article\",\"name\":\"Neu: DIN SPEC 16699 \\\"Offene Farbkommunikation\\\" | proof.de\",\"headline\":\"DIN SPEC 16699 &#8222;Offene Farbkommunikation&#8220; erschienen\",\"author\":{\"@id\":\"https:\\\/\\\/blog.proofs.de\\\/et\\\/author\\\/mbetz\\\/#author\"},\"publisher\":{\"@id\":\"https:\\\/\\\/blog.proofs.de\\\/et\\\/#organization\"},\"image\":{\"@type\":\"ImageObject\",\"url\":\"https:\\\/\\\/blog.proofs.de\\\/wp-content\\\/uploads\\\/2018\\\/06\\\/DIN_SPEC_16699_Offene_Farbkommunikation_Abschlussmeeting_Berlin.jpg\",\"width\":1140,\"height\":550,\"caption\":\"DIN SPEC 16699 Offene Farbkommunikation Abschlussmeeting Berlin Matthias Betz, Eric A. Soder, Jan-Peter Homann, Holger Everding\"},\"datePublished\":\"2018-11-14T00:33:33+01:00\",\"dateModified\":\"2023-07-20T09:23:28+02:00\",\"inLanguage\":\"et\",\"mainEntityOfPage\":{\"@id\":\"https:\\\/\\\/blog.proofs.de\\\/et\\\/din-spec-16699-offene-farbkommunikation-erschienen\\\/#webpage\"},\"isPartOf\":{\"@id\":\"https:\\\/\\\/blog.proofs.de\\\/et\\\/din-spec-16699-offene-farbkommunikation-erschienen\\\/#webpage\"},\"articleSection\":\"Allgemein, 16699, DIN, DIN SPEC, DIN SPEC 16699, DIN SPEC 16699 Offene Farbkommunikation, DIN SPEC PAS, Offene Farbkommunikation, Open Colour Communication, Publicly Available Specification\"},{\"@type\":\"BreadcrumbList\",\"@id\":\"https:\\\/\\\/blog.proofs.de\\\/et\\\/din-spec-16699-offene-farbkommunikation-erschienen\\\/#breadcrumblist\",\"itemListElement\":[{\"@type\":\"ListItem\",\"@id\":\"https:\\\/\\\/blog.proofs.de\\\/et#listItem\",\"position\":1,\"name\":\"Home\",\"item\":\"https:\\\/\\\/blog.proofs.de\\\/et\",\"nextItem\":{\"@type\":\"ListItem\",\"@id\":\"https:\\\/\\\/blog.proofs.de\\\/et\\\/thema\\\/allgemein\\\/#listItem\",\"name\":\"Allgemein\"}},{\"@type\":\"ListItem\",\"@id\":\"https:\\\/\\\/blog.proofs.de\\\/et\\\/thema\\\/allgemein\\\/#listItem\",\"position\":2,\"name\":\"Allgemein\",\"item\":\"https:\\\/\\\/blog.proofs.de\\\/et\\\/thema\\\/allgemein\\\/\",\"nextItem\":{\"@type\":\"ListItem\",\"@id\":\"https:\\\/\\\/blog.proofs.de\\\/et\\\/din-spec-16699-offene-farbkommunikation-erschienen\\\/#listItem\",\"name\":\"DIN SPEC 16699 &#8222;Offene Farbkommunikation&#8220; erschienen\"},\"previousItem\":{\"@type\":\"ListItem\",\"@id\":\"https:\\\/\\\/blog.proofs.de\\\/et#listItem\",\"name\":\"Home\"}},{\"@type\":\"ListItem\",\"@id\":\"https:\\\/\\\/blog.proofs.de\\\/et\\\/din-spec-16699-offene-farbkommunikation-erschienen\\\/#listItem\",\"position\":3,\"name\":\"DIN SPEC 16699 &#8222;Offene Farbkommunikation&#8220; erschienen\",\"previousItem\":{\"@type\":\"ListItem\",\"@id\":\"https:\\\/\\\/blog.proofs.de\\\/et\\\/thema\\\/allgemein\\\/#listItem\",\"name\":\"Allgemein\"}}]},{\"@type\":\"Organization\",\"@id\":\"https:\\\/\\\/blog.proofs.de\\\/et\\\/#organization\",\"name\":\"Proof GmbH\",\"description\":\"Farbverbindlicher Proof, Farbproof, Digitalproof und Online-Proof.\",\"url\":\"https:\\\/\\\/blog.proofs.de\\\/et\\\/\",\"telephone\":\"+4970717952740\",\"logo\":{\"@type\":\"ImageObject\",\"url\":\"https:\\\/\\\/blog1.proofen.de\\\/wp-content\\\/uploads\\\/2019\\\/09\\\/logo_proof_rgb_mit_balken_250px.png\",\"@id\":\"https:\\\/\\\/blog.proofs.de\\\/et\\\/din-spec-16699-offene-farbkommunikation-erschienen\\\/#organizationLogo\"},\"image\":{\"@id\":\"https:\\\/\\\/blog.proofs.de\\\/et\\\/din-spec-16699-offene-farbkommunikation-erschienen\\\/#organizationLogo\"},\"sameAs\":[\"https:\\\/\\\/www.facebook.com\\\/Proof.de\\\/\",\"https:\\\/\\\/www.instagram.com\\\/proof.de\\\/\",\"https:\\\/\\\/www.tiktok.com\\\/@proof_de\",\"https:\\\/\\\/www.youtube.com\\\/channel\\\/UCk80fQVQ25wC9wu3SywB-Nw\",\"https:\\\/\\\/www.linkedin.com\\\/company\\\/proof-de\"]},{\"@type\":\"Person\",\"@id\":\"https:\\\/\\\/blog.proofs.de\\\/et\\\/author\\\/mbetz\\\/#author\",\"url\":\"https:\\\/\\\/blog.proofs.de\\\/et\\\/author\\\/mbetz\\\/\",\"name\":\"Matthias Betz\",\"image\":{\"@type\":\"ImageObject\",\"@id\":\"https:\\\/\\\/blog.proofs.de\\\/et\\\/din-spec-16699-offene-farbkommunikation-erschienen\\\/#authorImage\",\"url\":\"https:\\\/\\\/blog.proofs.de\\\/wp-content\\\/uploads\\\/2020\\\/10\\\/matthias-betz-e1603934518350-150x150.png\",\"width\":96,\"height\":96,\"caption\":\"Matthias Betz\"}},{\"@type\":\"WebPage\",\"@id\":\"https:\\\/\\\/blog.proofs.de\\\/et\\\/din-spec-16699-offene-farbkommunikation-erschienen\\\/#webpage\",\"url\":\"https:\\\/\\\/blog.proofs.de\\\/et\\\/din-spec-16699-offene-farbkommunikation-erschienen\\\/\",\"name\":\"Neu: DIN SPEC 16699 \\\"Offene Farbkommunikation\\\" | proof.de\",\"description\":\"Vor wenigen Tagen ist die DIN SPEC 16699 \\\"Offene Farbkommunikation\\\" erschienen und steht nun im Beuth-Verlag bei der DIN zum kostenlosen Download bereit.\",\"inLanguage\":\"et\",\"isPartOf\":{\"@id\":\"https:\\\/\\\/blog.proofs.de\\\/et\\\/#website\"},\"breadcrumb\":{\"@id\":\"https:\\\/\\\/blog.proofs.de\\\/et\\\/din-spec-16699-offene-farbkommunikation-erschienen\\\/#breadcrumblist\"},\"author\":{\"@id\":\"https:\\\/\\\/blog.proofs.de\\\/et\\\/author\\\/mbetz\\\/#author\"},\"creator\":{\"@id\":\"https:\\\/\\\/blog.proofs.de\\\/et\\\/author\\\/mbetz\\\/#author\"},\"image\":{\"@type\":\"ImageObject\",\"url\":\"https:\\\/\\\/blog.proofs.de\\\/wp-content\\\/uploads\\\/2018\\\/06\\\/DIN_SPEC_16699_Offene_Farbkommunikation_Abschlussmeeting_Berlin.jpg\",\"@id\":\"https:\\\/\\\/blog.proofs.de\\\/et\\\/din-spec-16699-offene-farbkommunikation-erschienen\\\/#mainImage\",\"width\":1140,\"height\":550,\"caption\":\"DIN SPEC 16699 Offene Farbkommunikation Abschlussmeeting Berlin Matthias Betz, Eric A. Soder, Jan-Peter Homann, Holger Everding\"},\"primaryImageOfPage\":{\"@id\":\"https:\\\/\\\/blog.proofs.de\\\/et\\\/din-spec-16699-offene-farbkommunikation-erschienen\\\/#mainImage\"},\"datePublished\":\"2018-11-14T00:33:33+01:00\",\"dateModified\":\"2023-07-20T09:23:28+02:00\"},{\"@type\":\"WebSite\",\"@id\":\"https:\\\/\\\/blog.proofs.de\\\/et\\\/#website\",\"url\":\"https:\\\/\\\/blog.proofs.de\\\/et\\\/\",\"name\":\"Proof.de\",\"description\":\"Farbverbindlicher Proof, Farbproof, Digitalproof und Online-Proof.\",\"inLanguage\":\"et\",\"publisher\":{\"@id\":\"https:\\\/\\\/blog.proofs.de\\\/et\\\/#organization\"}}]}\n\t\t<\/script>\n\t\t<!-- All in One SEO -->\n\n","aioseo_head_json":{"title":"Uus: DIN SPEC 16699 \"Avatud v\u00e4rvikommunikatsioon\" | proof.de","description":"M\u00f5ned p\u00e4evad tagasi avaldati DIN SPEC 16699 \"Avatud v\u00e4rvikommunikatsioon\", mis on n\u00fc\u00fcd tasuta allalaaditav DINi kirjastusest Beuth.","canonical_url":"https:\/\/blog.proofs.de\/et\/din-spec-16699-offene-farbkommunikation-erschienen\/","robots":"max-image-preview:large","keywords":"din,din spec,din spec 16699,16699,din spec pas,din spec (pas),publicly available specification,din spec 16699 offene farbkommunikation,offene farbkommunikation,open colour communication,16699,din,din spec,din spec 16699,din spec 16699 offene farbkommunikation,din spec pas,offene farbkommunikation,open colour communication,publicly available specification","webmasterTools":{"google-site-verification":"TuXxyRwxcEg2-WfOaQ8vScWQh3-uBAnxXmY7g3GT90A","miscellaneous":"&lt;meta name=\"seobility\" content=\"593a8578143db71543f014978c690d47\"&gt;"},"schema":{"@context":"https:\/\/schema.org","@graph":[{"@type":"Article","@id":"https:\/\/blog.proofs.de\/et\/din-spec-16699-offene-farbkommunikation-erschienen\/#article","name":"Neu: DIN SPEC 16699 \"Offene Farbkommunikation\" | proof.de","headline":"DIN SPEC 16699 &#8222;Offene Farbkommunikation&#8220; erschienen","author":{"@id":"https:\/\/blog.proofs.de\/et\/author\/mbetz\/#author"},"publisher":{"@id":"https:\/\/blog.proofs.de\/et\/#organization"},"image":{"@type":"ImageObject","url":"https:\/\/blog.proofs.de\/wp-content\/uploads\/2018\/06\/DIN_SPEC_16699_Offene_Farbkommunikation_Abschlussmeeting_Berlin.jpg","width":1140,"height":550,"caption":"DIN SPEC 16699 Offene Farbkommunikation Abschlussmeeting Berlin Matthias Betz, Eric A. Soder, Jan-Peter Homann, Holger Everding"},"datePublished":"2018-11-14T00:33:33+01:00","dateModified":"2023-07-20T09:23:28+02:00","inLanguage":"et","mainEntityOfPage":{"@id":"https:\/\/blog.proofs.de\/et\/din-spec-16699-offene-farbkommunikation-erschienen\/#webpage"},"isPartOf":{"@id":"https:\/\/blog.proofs.de\/et\/din-spec-16699-offene-farbkommunikation-erschienen\/#webpage"},"articleSection":"Allgemein, 16699, DIN, DIN SPEC, DIN SPEC 16699, DIN SPEC 16699 Offene Farbkommunikation, DIN SPEC PAS, Offene Farbkommunikation, Open Colour Communication, Publicly Available Specification"},{"@type":"BreadcrumbList","@id":"https:\/\/blog.proofs.de\/et\/din-spec-16699-offene-farbkommunikation-erschienen\/#breadcrumblist","itemListElement":[{"@type":"ListItem","@id":"https:\/\/blog.proofs.de\/et#listItem","position":1,"name":"Home","item":"https:\/\/blog.proofs.de\/et","nextItem":{"@type":"ListItem","@id":"https:\/\/blog.proofs.de\/et\/thema\/allgemein\/#listItem","name":"Allgemein"}},{"@type":"ListItem","@id":"https:\/\/blog.proofs.de\/et\/thema\/allgemein\/#listItem","position":2,"name":"Allgemein","item":"https:\/\/blog.proofs.de\/et\/thema\/allgemein\/","nextItem":{"@type":"ListItem","@id":"https:\/\/blog.proofs.de\/et\/din-spec-16699-offene-farbkommunikation-erschienen\/#listItem","name":"DIN SPEC 16699 &#8222;Offene Farbkommunikation&#8220; erschienen"},"previousItem":{"@type":"ListItem","@id":"https:\/\/blog.proofs.de\/et#listItem","name":"Home"}},{"@type":"ListItem","@id":"https:\/\/blog.proofs.de\/et\/din-spec-16699-offene-farbkommunikation-erschienen\/#listItem","position":3,"name":"DIN SPEC 16699 &#8222;Offene Farbkommunikation&#8220; erschienen","previousItem":{"@type":"ListItem","@id":"https:\/\/blog.proofs.de\/et\/thema\/allgemein\/#listItem","name":"Allgemein"}}]},{"@type":"Organization","@id":"https:\/\/blog.proofs.de\/et\/#organization","name":"Proof GmbH","description":"Farbverbindlicher Proof, Farbproof, Digitalproof und Online-Proof.","url":"https:\/\/blog.proofs.de\/et\/","telephone":"+4970717952740","logo":{"@type":"ImageObject","url":"https:\/\/blog1.proofen.de\/wp-content\/uploads\/2019\/09\/logo_proof_rgb_mit_balken_250px.png","@id":"https:\/\/blog.proofs.de\/et\/din-spec-16699-offene-farbkommunikation-erschienen\/#organizationLogo"},"image":{"@id":"https:\/\/blog.proofs.de\/et\/din-spec-16699-offene-farbkommunikation-erschienen\/#organizationLogo"},"sameAs":["https:\/\/www.facebook.com\/Proof.de\/","https:\/\/www.instagram.com\/proof.de\/","https:\/\/www.tiktok.com\/@proof_de","https:\/\/www.youtube.com\/channel\/UCk80fQVQ25wC9wu3SywB-Nw","https:\/\/www.linkedin.com\/company\/proof-de"]},{"@type":"Person","@id":"https:\/\/blog.proofs.de\/et\/author\/mbetz\/#author","url":"https:\/\/blog.proofs.de\/et\/author\/mbetz\/","name":"Matthias Betz","image":{"@type":"ImageObject","@id":"https:\/\/blog.proofs.de\/et\/din-spec-16699-offene-farbkommunikation-erschienen\/#authorImage","url":"https:\/\/blog.proofs.de\/wp-content\/uploads\/2020\/10\/matthias-betz-e1603934518350-150x150.png","width":96,"height":96,"caption":"Matthias Betz"}},{"@type":"WebPage","@id":"https:\/\/blog.proofs.de\/et\/din-spec-16699-offene-farbkommunikation-erschienen\/#webpage","url":"https:\/\/blog.proofs.de\/et\/din-spec-16699-offene-farbkommunikation-erschienen\/","name":"Neu: DIN SPEC 16699 \"Offene Farbkommunikation\" | proof.de","description":"Vor wenigen Tagen ist die DIN SPEC 16699 \"Offene Farbkommunikation\" erschienen und steht nun im Beuth-Verlag bei der DIN zum kostenlosen Download bereit.","inLanguage":"et","isPartOf":{"@id":"https:\/\/blog.proofs.de\/et\/#website"},"breadcrumb":{"@id":"https:\/\/blog.proofs.de\/et\/din-spec-16699-offene-farbkommunikation-erschienen\/#breadcrumblist"},"author":{"@id":"https:\/\/blog.proofs.de\/et\/author\/mbetz\/#author"},"creator":{"@id":"https:\/\/blog.proofs.de\/et\/author\/mbetz\/#author"},"image":{"@type":"ImageObject","url":"https:\/\/blog.proofs.de\/wp-content\/uploads\/2018\/06\/DIN_SPEC_16699_Offene_Farbkommunikation_Abschlussmeeting_Berlin.jpg","@id":"https:\/\/blog.proofs.de\/et\/din-spec-16699-offene-farbkommunikation-erschienen\/#mainImage","width":1140,"height":550,"caption":"DIN SPEC 16699 Offene Farbkommunikation Abschlussmeeting Berlin Matthias Betz, Eric A. Soder, Jan-Peter Homann, Holger Everding"},"primaryImageOfPage":{"@id":"https:\/\/blog.proofs.de\/et\/din-spec-16699-offene-farbkommunikation-erschienen\/#mainImage"},"datePublished":"2018-11-14T00:33:33+01:00","dateModified":"2023-07-20T09:23:28+02:00"},{"@type":"WebSite","@id":"https:\/\/blog.proofs.de\/et\/#website","url":"https:\/\/blog.proofs.de\/et\/","name":"Proof.de","description":"Farbverbindlicher Proof, Farbproof, Digitalproof und Online-Proof.","inLanguage":"et","publisher":{"@id":"https:\/\/blog.proofs.de\/et\/#organization"}}]},"og:locale":"et_EE","og:site_name":"Proof.de | Alles zu Proof, Farbmanagement, Grafik, Messtechnik &amp; Co.","og:type":"article","og:title":"Neu: DIN SPEC 16699 &quot;Offene Farbkommunikation&quot; | proof.de","og:description":"Vor wenigen Tagen ist die DIN SPEC 16699 &quot;Offene Farbkommunikation&quot; erschienen und steht nun im Beuth-Verlag bei der DIN zum kostenlosen Download bereit.","og:url":"https:\/\/blog.proofs.de\/et\/din-spec-16699-offene-farbkommunikation-erschienen\/","og:image":"https:\/\/blog.proofs.de\/wp-content\/uploads\/2018\/06\/DIN_SPEC_16699_Offene_Farbkommunikation_Abschlussmeeting_Berlin.jpg","og:image:secure_url":"https:\/\/blog.proofs.de\/wp-content\/uploads\/2018\/06\/DIN_SPEC_16699_Offene_Farbkommunikation_Abschlussmeeting_Berlin.jpg","og:image:width":1140,"og:image:height":550,"article:published_time":"2018-11-13T23:33:33+00:00","article:modified_time":"2023-07-20T07:23:28+00:00","article:publisher":"https:\/\/www.facebook.com\/Proof.de\/","twitter:card":"summary","twitter:title":"Neu: DIN SPEC 16699 &quot;Offene Farbkommunikation&quot; | proof.de","twitter:description":"Vor wenigen Tagen ist die DIN SPEC 16699 &quot;Offene Farbkommunikation&quot; erschienen und steht nun im Beuth-Verlag bei der DIN zum kostenlosen Download bereit.","twitter:image":"https:\/\/blog1.proofen.de\/wp-content\/uploads\/2020\/04\/proof_background.jpg"},"aioseo_meta_data":{"post_id":"2188","title":"Neu: DIN SPEC 16699 &quot;Offene Farbkommunikation&quot; |\u00a0proof.de","description":"Vor wenigen Tagen ist die DIN SPEC 16699 &quot;Offene Farbkommunikation&quot; erschienen und steht nun im Beuth-Verlag bei der DIN zum kostenlosen Download bereit.","keywords":[{"label":"DIN,DIN SPEC,DIN SPEC 16699,16699,DIN SPEC PAS,DIN SPEC (PAS),Publicly Available Specification,DIN SPEC 16699 Offene Farbkommunikation,Offene Farbkommunikation,Open Colour Communication","value":"DIN,DIN SPEC,DIN SPEC 16699,16699,DIN SPEC PAS,DIN SPEC (PAS),Publicly Available Specification,DIN SPEC 16699 Offene Farbkommunikation,Offene Farbkommunikation,Open Colour Communication"}],"keyphrases":{"focus":{"keyphrase":"","score":0,"analysis":{"keyphraseInTitle":{"score":0,"maxScore":9,"error":1}}},"additional":[]},"primary_term":null,"canonical_url":null,"og_title":null,"og_description":null,"og_object_type":"default","og_image_type":"default","og_image_url":null,"og_image_width":null,"og_image_height":null,"og_image_custom_url":null,"og_image_custom_fields":null,"og_video":"","og_custom_url":null,"og_article_section":null,"og_article_tags":[],"twitter_use_og":false,"twitter_card":"default","twitter_image_type":"default","twitter_image_url":null,"twitter_image_custom_url":null,"twitter_image_custom_fields":null,"twitter_title":null,"twitter_description":null,"schema":{"blockGraphs":[],"customGraphs":[],"default":{"data":{"Article":[],"Course":[],"Dataset":[],"FAQPage":[],"Movie":[],"Person":[],"Product":[],"ProductReview":[],"Car":[],"Recipe":[],"Service":[],"SoftwareApplication":[],"WebPage":[]},"graphName":"Article","isEnabled":true},"graphs":[],"defaultGraph":"Article","defaultPostTypeGraph":""},"schema_type":"default","schema_type_options":"{\"article\":{\"articleType\":\"BlogPosting\"},\"course\":{\"name\":\"\",\"description\":\"\",\"provider\":\"\"},\"faq\":{\"pages\":[]},\"product\":{\"reviews\":[]},\"recipe\":{\"ingredients\":[],\"instructions\":[],\"keywords\":[]},\"software\":{\"reviews\":[],\"operatingSystems\":[]},\"webPage\":{\"webPageType\":\"WebPage\"}}","pillar_content":false,"robots_default":true,"robots_noindex":false,"robots_noarchive":false,"robots_nosnippet":false,"robots_nofollow":false,"robots_noimageindex":false,"robots_noodp":false,"robots_notranslate":false,"robots_max_snippet":"-1","robots_max_videopreview":"-1","robots_max_imagepreview":"large","priority":null,"frequency":"default","local_seo":null,"breadcrumb_settings":null,"limit_modified_date":false,"ai":null,"created":"2020-12-21 00:33:58","updated":"2025-06-04 14:23:05","seo_analyzer_scan_date":null,"focus_keyword":null,"additional_keywords":null,"truseo_locale":null},"_links":{"self":[{"href":"https:\/\/blog.proofs.de\/et\/wp-json\/wp\/v2\/posts\/2188","targetHints":{"allow":["GET"]}}],"collection":[{"href":"https:\/\/blog.proofs.de\/et\/wp-json\/wp\/v2\/posts"}],"about":[{"href":"https:\/\/blog.proofs.de\/et\/wp-json\/wp\/v2\/types\/post"}],"author":[{"embeddable":true,"href":"https:\/\/blog.proofs.de\/et\/wp-json\/wp\/v2\/users\/2"}],"replies":[{"embeddable":true,"href":"https:\/\/blog.proofs.de\/et\/wp-json\/wp\/v2\/comments?post=2188"}],"version-history":[{"count":9,"href":"https:\/\/blog.proofs.de\/et\/wp-json\/wp\/v2\/posts\/2188\/revisions"}],"predecessor-version":[{"id":5453,"href":"https:\/\/blog.proofs.de\/et\/wp-json\/wp\/v2\/posts\/2188\/revisions\/5453"}],"wp:featuredmedia":[{"embeddable":true,"href":"https:\/\/blog.proofs.de\/et\/wp-json\/wp\/v2\/media\/2099"}],"wp:attachment":[{"href":"https:\/\/blog.proofs.de\/et\/wp-json\/wp\/v2\/media?parent=2188"}],"wp:term":[{"taxonomy":"category","embeddable":true,"href":"https:\/\/blog.proofs.de\/et\/wp-json\/wp\/v2\/categories?post=2188"},{"taxonomy":"post_tag","embeddable":true,"href":"https:\/\/blog.proofs.de\/et\/wp-json\/wp\/v2\/tags?post=2188"}],"curies":[{"name":"wp","href":"https:\/\/api.w.org\/{rel}","templated":true}]}}