{"id":397,"date":"2013-03-19T01:03:23","date_gmt":"2013-03-19T00:03:23","guid":{"rendered":"http:\/\/www.proof.de\/?p=397"},"modified":"2020-04-20T14:17:40","modified_gmt":"2020-04-20T12:17:40","slug":"kuidas-taepselt-voib-mitte-moota","status":"publish","type":"post","link":"https:\/\/blog.proofs.de\/et\/wie-genau-kann-druckfarbe-denn-gemessen-werden\/","title":{"rendered":"Kui t\u00e4pselt saab tinti m\u00f5\u00f5ta?"},"content":{"rendered":"<div class=\"kk-star-ratings kksr-auto kksr-align-right kksr-valign-top\" data-payload='{\"align\":\"right\",\"id\":\"397\",\"slug\":\"default\",\"valign\":\"top\",\"ignore\":\"\",\"reference\":\"auto\",\"class\":\"\",\"count\":\"0\",\"legendonly\":\"\",\"readonly\":\"\",\"score\":\"0\",\"starsonly\":\"\",\"best\":\"5\",\"gap\":\"5\",\"greet\":\"Jetzt bewerten\",\"legend\":\"0\\\/5 - (0 votes)\",\"size\":\"24\",\"title\":\"Wie genau kann Druckfarbe denn gemessen werden?\",\"width\":\"0\",\"_legend\":\"{score}\\\/{best} - ({count} {votes})\",\"font_factor\":\"1.25\"}'>\n            \n<div class=\"kksr-stars\">\n    \n<div class=\"kksr-stars-inactive\">\n            <div class=\"kksr-star\" data-star=\"1\" style=\"padding-right: 5px\">\n            \n\n<div class=\"kksr-icon\" style=\"width: 24px; height: 24px;\"><\/div>\n        <\/div>\n            <div class=\"kksr-star\" data-star=\"2\" style=\"padding-right: 5px\">\n            \n\n<div class=\"kksr-icon\" style=\"width: 24px; height: 24px;\"><\/div>\n        <\/div>\n            <div class=\"kksr-star\" data-star=\"3\" style=\"padding-right: 5px\">\n            \n\n<div class=\"kksr-icon\" style=\"width: 24px; height: 24px;\"><\/div>\n        <\/div>\n            <div class=\"kksr-star\" data-star=\"4\" style=\"padding-right: 5px\">\n            \n\n<div class=\"kksr-icon\" style=\"width: 24px; height: 24px;\"><\/div>\n        <\/div>\n            <div class=\"kksr-star\" data-star=\"5\" style=\"padding-right: 5px\">\n            \n\n<div class=\"kksr-icon\" style=\"width: 24px; height: 24px;\"><\/div>\n        <\/div>\n    <\/div>\n    \n<div class=\"kksr-stars-active\" style=\"width: 0px;\">\n            <div class=\"kksr-star\" style=\"padding-right: 5px\">\n            \n\n<div class=\"kksr-icon\" style=\"width: 24px; height: 24px;\"><\/div>\n        <\/div>\n            <div class=\"kksr-star\" style=\"padding-right: 5px\">\n            \n\n<div class=\"kksr-icon\" style=\"width: 24px; height: 24px;\"><\/div>\n        <\/div>\n            <div class=\"kksr-star\" style=\"padding-right: 5px\">\n            \n\n<div class=\"kksr-icon\" style=\"width: 24px; height: 24px;\"><\/div>\n        <\/div>\n            <div class=\"kksr-star\" style=\"padding-right: 5px\">\n            \n\n<div class=\"kksr-icon\" style=\"width: 24px; height: 24px;\"><\/div>\n        <\/div>\n            <div class=\"kksr-star\" style=\"padding-right: 5px\">\n            \n\n<div class=\"kksr-icon\" style=\"width: 24px; height: 24px;\"><\/div>\n        <\/div>\n    <\/div>\n<\/div>\n                \n\n<div class=\"kksr-legend\" style=\"font-size: 19.2px;\">\n            <span class=\"kksr-muted\">Hinda n\u00fc\u00fcd<\/span>\n    <\/div>\n    <\/div>\n<p><strong>Juba m\u00f5ned aastad on tr\u00fckiv\u00e4rvide v\u00e4rvim\u00f5\u00f5tmise v\u00f5imalused muutunud lihtsamaks ja odavamaks. Seet\u00f5ttu arvatakse sageli, et tr\u00fckiv\u00e4rvide m\u00f5\u00f5tmine on lihtne, odav ja eelk\u00f5ige v\u00e4ga t\u00e4pne. Ja seda isegi erinevate kaubam\u00e4rkide ja m\u00f5\u00f5teseadmete p\u00f5lvkondade puhul. Kas see vastab t\u00f5ele?<\/strong><\/p>\n<p>Kui vaadata m\u00f5ningaid uuringuid, siis ei pruugi see nii olla. N\u00e4iteks IFRA n\u00f5uab, et BCRA keraamiliste plaatide m\u00f5\u00f5tmisel peaksid v\u00e4rvierinevused erinevate m\u00f5\u00f5teseadmete vahel olema piiratud alla <a href=\"https:\/\/blog.proofs.de\/et\/lexikon\/delta-e\/\" target=\"_self\" title='Delta-E on kahe v\u00e4rvi vahelise v\u00e4rvilise kauguse m\u00f5\u00f5t\u00fchik. Mida suurem number, seda suurem on v\u00e4rvide vaheline &quot;kaugus&quot;. M\u00f5te on selles, et Delta-E v\u00e4rvierinevus - olenemata sellest, millises suunas - tundub inimsilmale \u00fchesugune. Seega, kui \u00fcks v\u00e4rv on 5 delta-E v\u00f5rra heledam kui teine, tundub see inimese jaoks sama &quot;kaugus&quot; kui v\u00e4rv, mis on 5 delta-E v\u00f5rra punasem v\u00f5i sinisem.' class=\"encyclopedia\">Delta-E<\/a> 0,3 peaks olema. Tegelikkuses n\u00e4gid asjad siiski teisiti v\u00e4lja. Nussbaum'i uuringus oli 9-st m\u00f5\u00f5tmisest 8 puhul Delta-E suurem kui 2,0; Wyble &amp; Rich'i uuringus olid k\u00f5rvalekalded Delta-E 0,76 ja 1,68 vahel. Kuid miks on k\u00f5rvalekalded nii suured?<\/p>\n<p>\u00dchest k\u00fcljest erinevad m\u00f5\u00f5tevahendid selle poolest, kuidas nad valgustavad m\u00f5\u00f5detavaid pindu. See on oluline kahes m\u00f5ttes: \u00fchelt poolt v\u00f5ivad m\u00f5\u00f5tmised s\u00f5ltuvalt materjalist v\u00e4ga erineda, kui n\u00e4iteks valgus kiirgab m\u00f5\u00f5tepinnale ainult \u00fchest valgusallikast ja seda m\u00f5\u00f5detakse. Kui n\u00e4iteks m\u00f5\u00f5teseadmel on ainult \u00fcks lamp, mis paistab 45-kraadise nurga all m\u00f5\u00f5tepinnale ja selle peegeldust m\u00f5\u00f5detakse, siis v\u00f5ib m\u00f5\u00f5tmine erineda kuni Delta-E 3,0 v\u00f5rra, kui m\u00f5\u00f5tevahendit ainult \u00fcmber oma telje p\u00f6\u00f6rata. Kui vasakuk\u00e4eline ja paremak\u00e4eline inimene m\u00f5\u00f5davad samu plaate sama m\u00f5\u00f5teseadmega, siis v\u00f5ib m\u00f5\u00f5tmine olla t\u00e4iesti erinev lihtsalt seet\u00f5ttu, et m\u00f5\u00f5teseadet hoitakse erinevalt ja plaatide valgustuse nurk on erinev.<\/p>\n<p>Lahendus sellele: Mitu valgusallikat jaotatakse m\u00f5\u00f5teseadmes v\u00f5i parimal juhul kiiratakse valgustus otse 45-kraadise nurga all ringis, et v\u00e4hendada selliseid m\u00f5jusid.<!--more--><\/p>\n<p><strong>Valgustusained<\/strong><\/p>\n<p>Kuid ka valgustuse viis m\u00e4ngib rolli. Varem kasutati valgustamiseks valdavalt volframlampe, mis on k\u00fcll hea <a href=\"https:\/\/blog.proofs.de\/et\/lexikon\/spektrum\/\" target=\"_self\" title='Kolorimeetrias t\u00e4histab m\u00f5iste &quot;spekter&quot; n\u00e4htava valguse v\u00e4rvide kogumit. N\u00e4htava valguse spekter ulatub umbes 380 nanomeetri (nm) kuni 750 nm. See h\u00f5lmab erinevaid v\u00e4rvitoone, mida me v\u00f5ime tajuda, kui valgus murdub l\u00e4bi prisma v\u00f5i peegeldub optiliselt, n\u00e4iteks ekraanilt.....' class=\"encyclopedia\">Spekter<\/a> Nende spektriosa muutus aga lambi eluea jooksul m\u00e4rkimisv\u00e4\u00e4rselt, eriti UV-kiirguse piirkonnas, ja see v\u00f5ib seet\u00f5ttu viia eba\u00f5igete m\u00f5\u00f5tmistulemusteni. Samuti on probleemiks see, et tr\u00fckipressist tulnud v\u00e4rske tr\u00fckis, mille v\u00e4rvid on veel niisked, on oluliselt k\u00f5rgema <a href=\"https:\/\/blog.proofs.de\/et\/lexikon\/glanz\/\" target=\"_self\" title=\"L\u00e4ige kirjeldab pinna omadust peegeldada valgust suunatult. Kui valgus langeb paberile 75-kraadise nurga all, ei peegelda v\u00e4ga matt katteta paber valgust suunatult, vaid v\u00e4ga hajutatult, samas kui k\u00f5rgl\u00e4ikega paber peegeldab vastupidise 75-kraadise nurga all palju rohkem valgust suunatult kui hajutatult. See...\" class=\"encyclopedia\">Glamour<\/a>- ja peegeldustegur, st sama tr\u00fckis, kui see n\u00e4dal hiljem kliendile k\u00e4tte toimetatakse. Need l\u00e4ikeerinevused on seni polariseerivate filtrite abil v\u00f5imalikult suures ulatuses k\u00f5rvaldatud.<\/p>\n<p>Kuna uus <a href=\"https:\/\/blog.proofs.de\/et\/lexikon\/d50\/\" target=\"_self\" title=\"D50 on tr\u00fckit\u00f6\u00f6stuse standardvalgus. Proofide saab v\u00e4rvikorrigeerida ainult D50 standardvalguses,\" class=\"encyclopedia\">D50<\/a> Valgustusstandard ISO 13655:2009 valgustust D50 neontorudega, kuid need ei sobi tegelikult k\u00e4ep\u00e4raseks m\u00f5\u00f5teseadmeteks. Seet\u00f5ttu on erinevad valgustustingimused d<a href=\"https:\/\/blog.proofs.de\/et\/lexikon\/efi\/\" target=\"_self\" title=\"Electronics For Imaging Inc., l\u00fchendatult EFI, on Ameerika ettev\u00f5te ja maailma \u00fche juhtiva proofing-s\u00fcsteemi tootja: EFI Colorproof XF, alates 2013. aastast Fiery XF. EFI on suurte tr\u00fckis\u00fcsteemide, RIPide ja v\u00e4rvihalduslahenduste, n\u00e4iteks proofimise lahenduste pakkuja.\" class=\"encyclopedia\">efi<\/a>niseeritud: M0, M1, M2 ja M3.<\/p>\n<p>M0 on traditsiooniline volframvalgustus nagu n\u00e4iteks I1 Pro v\u00f5i DTP 41 v\u00f5i DTP 70 ilma UV-filtrita ja ilma polarisatsioonifiltrita.<\/p>\n<p>M2 kirjeldab sama, kuid UV-Cut filtriga, nagu seda kasutatakse n\u00e4iteks I1 Pro UV-Cut'is. UV-filtri eelised: harmoonilised tulemused isegi optilise paberiga paberite puhul. <a href=\"https:\/\/blog.proofs.de\/et\/lexikon\/aufheller\/\" target=\"_self\" title=\"Helendajad (ka optilised helendajad v\u00f5i OBAd - optilised helendajad) on keemilised \u00fchendid, mida kasutatakse tr\u00fckit\u00f6\u00f6stuses paberi heleduse ja valgelisuse parandamiseks. Nad neelavad UV-valgust ja kiirgavad seda n\u00e4htava sinise valgusena, andes paberile &quot;heledama&quot; ja &quot;v\u00e4rskema&quot; valge tooni. See efekt suurendab...\" class=\"encyclopedia\">Brightener<\/a>. Puudus: T\u00fc\u00fcpilised tootmispaberid sisaldavad t\u00e4nap\u00e4eval m\u00f5nikord palju <a href=\"https:\/\/blog.proofs.de\/et\/lexikon\/optische-aufheller\/\" target=\"_self\" title=\"Optilised helendajad on lisandid, mida paberitootjad kasutavad paberi valgemaks ja heledamaks muutmiseks.\" class=\"encyclopedia\">optilised helendajad<\/a>mis muudavad paberi valgemaks, absorbeerides UV-valgust ja peegeldades seda sinise valgusena. Seega v\u00f5ivad paberid n\u00e4ida UV-kiirguse all t\u00e4iesti identsed, kuid p\u00e4evavalguses v\u00f5i D50-valguses v\u00e4ga erinevad. Praktikas ei vaadelda tr\u00fckitud tooteid peaaegu kunagi UV-kiirguse all.<\/p>\n<p>M3-meetritel on nii UV-filter kui ka polarisatsioonifilter.<\/p>\n<p>M1: M1-re\u017eiim saavutatakse D50 valgusallika kasutamisel vastavalt spetsifikatsioonile D50. <a href=\"https:\/\/blog.proofs.de\/et\/lexikon\/iso-36642009\/\" target=\"_self\" title=\"ISO 3664:2009 on ISO standard, mis m\u00e4\u00e4rab kindlaks valgustustingimused v\u00e4rvide ja tr\u00fckiste visuaalseks hindamiseks tr\u00fckieelses tr\u00fckit\u00f6\u00f6stuses ja muudes valdkondades. Et tagada, et v\u00e4rvide tajumine toimuks standardiseeritud tingimustes, m\u00e4\u00e4ratletakse standardis paljud valgustuse aspektid ja kirjeldatakse j\u00e4rgmisi aspekte: Valgustustingimused: Standardis on s\u00e4testatud konkreetsed n\u00f5uded valgustusele. Lisaks sellele...\" class=\"encyclopedia\">ISO 3664:2009<\/a> kasutatakse. Kuna m\u00f5\u00f5teseadmed, mida kasutatakse <a href=\"https:\/\/blog.proofs.de\/et\/lexikon\/led\/\" target=\"_self\" title='LED on &quot;valgusdiood&quot; ja t\u00e4histab graafikat\u00f6\u00f6stuses uut &quot;LED&quot;-valgustit, mis on asendanud vanemaid valgusallikaid, nagu neoon- ja volframlambid. Neoonlambid on tuntud peamiselt D50 v\u00f5i D65 standardvalguste hulgast, samas kui volframvalgusallikaid kasutati peamiselt v\u00e4rvim\u00f5\u00f5teseadmetes, n\u00e4iteks spektrofotomeetrites ja kolorimeetrites.....' class=\"encyclopedia\">LED<\/a>s ei suuda veel D50 spektrit p\u00f5hjalikult reprodutseerida ja neontorud on lihtsalt liiga suured, kasutavad m\u00f5ned m\u00f5\u00f5teseadmete tootjad enda abistamiseks trikki: \u00fchest k\u00fcljest kiirgavad nad D50 valgust ilma UV-komponentideta, et saavutada v\u00f5imalikult harmooniline m\u00f5\u00f5tmine. Teisest k\u00fcljest kiirgavad nad ainult UV-valgust, et m\u00f5\u00f5ta optiliste helendajate m\u00f5ju. Kuna \u00fckski LED ei ole praegu v\u00f5imeline kiirgama puhast UV-valgust, kuid paberit valgustab ikkagi \u00fcmbritsev valgus, mis v\u00f5ltsiks tulemust, kasutavad m\u00f5ned trikki: nad m\u00f5\u00f5davad UV-l\u00f5iku ja kehva UV-varianti suure kiirusega peaaegu v\u00e4relusena ja arvutavad tulemuse, mis vastaks valgustusele D50-valgusega.<\/p>\n<p><strong>Kokkuv\u00f5te:<\/strong> Erinevate m\u00f5\u00f5tevahenditega tehtavad m\u00f5\u00f5tmised on praegu veel v\u00e4ga ebausaldusv\u00e4\u00e4rsed ja ei vasta n\u00f5utavatele v\u00e4ikestele tolerantsidele, sest raskusi tekitavad l\u00e4ige, UV-komponendid ning valgusvahendite spektraalsed puudused ja degeneratsioon. Siiski on olemas paljut\u00f5otavad l\u00e4henemisviisid, mis v\u00f5imaldavad neid raskusi kompenseerida v\u00f5i isegi k\u00f5rvaldada tulevaste m\u00f5\u00f5tevahendite p\u00f5lvkondade puhul.<\/p>\n<p>&nbsp;<\/p>","protected":false},"excerpt":{"rendered":"<p>Juba m\u00f5ned aastad on tr\u00fckiv\u00e4rvide v\u00e4rvikeskse m\u00f5\u00f5tmise v\u00f5imalused muutunud \u00fcha lihtsamaks ja odavamaks. Seet\u00f5ttu arvatakse sageli, et tr\u00fckiv\u00e4rvide m\u00f5\u00f5tmine on lihtne, odav ja eelk\u00f5ige v\u00e4ga t\u00e4pne. Ja see kehtib erinevate kaubam\u00e4rkide ja m\u00f5\u00f5teseadmete p\u00f5lvkondade kohta. Kas see on t\u00f5si? Kui vaadata m\u00f5nda uuringut, siis ei pruugi see nii olla. N\u00e4iteks v\u00e4idab IFRA, et BCRA keraamiliste plaatide m\u00f5\u00f5tmisel peaksid v\u00e4rvierinevused erinevate m\u00f5\u00f5teseadmete vahel olema v\u00e4iksemad kui Delta-E 0,3. Tegelikkuses ... <\/p>\n<p class=\"read-more-container\"><a title=\"Kui t\u00e4pselt saab tinti m\u00f5\u00f5ta?\" class=\"read-more button\" href=\"https:\/\/blog.proofs.de\/et\/wie-genau-kann-druckfarbe-denn-gemessen-werden\/#more-397\" aria-label=\"Lisateave teemal Kuidas t\u00e4pselt saab tr\u00fckiv\u00e4rvi m\u00f5\u00f5ta?\">Loe edasi<\/a><\/p>","protected":false},"author":2,"featured_media":0,"comment_status":"open","ping_status":"open","sticky":false,"template":"","format":"standard","meta":{"om_disable_all_campaigns":false,"inline_featured_image":false,"_monsterinsights_skip_tracking":false,"footnotes":""},"categories":[1,443,25,437,7],"tags":[77,533,78,80,536],"class_list":["post-397","post","type-post","status-publish","format-standard","hentry","category-allgemein","category-haeufige-fragen-zu-proofs","category-licht-und-normlicht","category-proof-software-und-technik","category-proof-wissen","tag-colorimetrik","tag-d50","tag-farbcolorimeter","tag-farbmessgerate","tag-iso-36642009","generate-columns","tablet-grid-50","mobile-grid-100","grid-parent","grid-50","no-featured-image-padding"],"aioseo_notices":[],"aioseo_head":"\n\t\t<!-- All in One SEO 5.0.1.1 - aioseo.com -->\n\t<meta name=\"description\" content=\"Auch heute ist es schwierig, Farbe zuverl\u00e4ssig colorimetrisch zu messen. Der Artikel behandelt die H\u00fcrden auch in der Umsetzung von ISO 3664:2009 und L\u00f6sungen.\" \/>\n\t<meta name=\"robots\" content=\"max-image-preview:large\" \/>\n\t<meta name=\"author\" content=\"Matthias Betz\"\/>\n\t<meta name=\"google-site-verification\" content=\"TuXxyRwxcEg2-WfOaQ8vScWQh3-uBAnxXmY7g3GT90A\" \/>\n\t<meta name=\"keywords\" content=\"iso 3664:2009,d50,normlicht,farbcolorimeter,proof,colorimetrik,farbmessger\u00e4te\" \/>\n\t<link rel=\"canonical\" href=\"https:\/\/blog.proofs.de\/et\/wie-genau-kann-druckfarbe-denn-gemessen-werden\/\" \/>\n\t<meta name=\"generator\" content=\"All in One SEO (AIOSEO) 5.0.1.1\" \/>\n\n\t\t<meta name=\"seobility\" content=\"593a8578143db71543f014978c690d47\">\n\t\t<meta property=\"og:locale\" content=\"et_EE\" \/>\n\t\t<meta property=\"og:site_name\" content=\"Proof.de | Alles zu Proof, Farbmanagement, Grafik, Messtechnik &amp; Co.\" \/>\n\t\t<meta property=\"og:type\" content=\"article\" \/>\n\t\t<meta property=\"og:title\" content=\"Wird Farbe colorimetrisch sauber gemessen werden | proof.de\" \/>\n\t\t<meta property=\"og:description\" content=\"Auch heute ist es schwierig, Farbe zuverl\u00e4ssig colorimetrisch zu messen. Der Artikel behandelt die H\u00fcrden auch in der Umsetzung von ISO 3664:2009 und L\u00f6sungen.\" \/>\n\t\t<meta property=\"og:url\" content=\"https:\/\/blog.proofs.de\/et\/wie-genau-kann-druckfarbe-denn-gemessen-werden\/\" \/>\n\t\t<meta property=\"og:image\" content=\"https:\/\/blog1.proofen.de\/wp-content\/uploads\/2020\/04\/proof_background.jpg\" \/>\n\t\t<meta property=\"og:image:secure_url\" content=\"https:\/\/blog1.proofen.de\/wp-content\/uploads\/2020\/04\/proof_background.jpg\" \/>\n\t\t<meta property=\"article:published_time\" content=\"2013-03-19T00:03:23+00:00\" \/>\n\t\t<meta property=\"article:modified_time\" content=\"2020-04-20T12:17:40+00:00\" \/>\n\t\t<meta property=\"article:publisher\" content=\"https:\/\/www.facebook.com\/Proof.de\/\" \/>\n\t\t<meta name=\"twitter:card\" content=\"summary\" \/>\n\t\t<meta name=\"twitter:title\" content=\"Wird Farbe colorimetrisch sauber gemessen werden | proof.de\" \/>\n\t\t<meta name=\"twitter:description\" content=\"Auch heute ist es schwierig, Farbe zuverl\u00e4ssig colorimetrisch zu messen. Der Artikel behandelt die H\u00fcrden auch in der Umsetzung von ISO 3664:2009 und L\u00f6sungen.\" \/>\n\t\t<meta name=\"twitter:image\" content=\"https:\/\/blog1.proofen.de\/wp-content\/uploads\/2020\/04\/proof_background.jpg\" \/>\n\t\t<script type=\"application\/ld+json\" class=\"aioseo-schema\">\n\t\t\t{\"@context\":\"https:\\\/\\\/schema.org\",\"@graph\":[{\"@type\":\"Article\",\"@id\":\"https:\\\/\\\/blog.proofs.de\\\/et\\\/wie-genau-kann-druckfarbe-denn-gemessen-werden\\\/#article\",\"name\":\"Wird Farbe colorimetrisch sauber gemessen werden | proof.de\",\"headline\":\"Wie genau kann Druckfarbe denn gemessen werden?\",\"author\":{\"@id\":\"https:\\\/\\\/blog.proofs.de\\\/et\\\/author\\\/mbetz\\\/#author\"},\"publisher\":{\"@id\":\"https:\\\/\\\/blog.proofs.de\\\/et\\\/#organization\"},\"image\":{\"@type\":\"ImageObject\",\"url\":\"https:\\\/\\\/blog1.proofen.de\\\/wp-content\\\/uploads\\\/2019\\\/09\\\/logo_proof_rgb_mit_balken_250px.png\",\"@id\":\"https:\\\/\\\/blog.proofs.de\\\/et\\\/#articleImage\"},\"datePublished\":\"2013-03-19T01:03:23+01:00\",\"dateModified\":\"2020-04-20T14:17:40+02:00\",\"inLanguage\":\"et\",\"commentCount\":1,\"mainEntityOfPage\":{\"@id\":\"https:\\\/\\\/blog.proofs.de\\\/et\\\/wie-genau-kann-druckfarbe-denn-gemessen-werden\\\/#webpage\"},\"isPartOf\":{\"@id\":\"https:\\\/\\\/blog.proofs.de\\\/et\\\/wie-genau-kann-druckfarbe-denn-gemessen-werden\\\/#webpage\"},\"articleSection\":\"Allgemein, H\\u00e4ufige Fragen zu Proofs, Licht und Normlicht, Proof Software &amp; Technik, Proof Wissen, Colorimetrik, D50, Farbcolorimeter, Farbmessger\\u00e4te, ISO 3664:2009\"},{\"@type\":\"BreadcrumbList\",\"@id\":\"https:\\\/\\\/blog.proofs.de\\\/et\\\/wie-genau-kann-druckfarbe-denn-gemessen-werden\\\/#breadcrumblist\",\"itemListElement\":[{\"@type\":\"ListItem\",\"@id\":\"https:\\\/\\\/blog.proofs.de\\\/et#listItem\",\"position\":1,\"name\":\"Home\",\"item\":\"https:\\\/\\\/blog.proofs.de\\\/et\",\"nextItem\":{\"@type\":\"ListItem\",\"@id\":\"https:\\\/\\\/blog.proofs.de\\\/et\\\/thema\\\/proof-wissen\\\/#listItem\",\"name\":\"Proof Wissen\"}},{\"@type\":\"ListItem\",\"@id\":\"https:\\\/\\\/blog.proofs.de\\\/et\\\/thema\\\/proof-wissen\\\/#listItem\",\"position\":2,\"name\":\"Proof Wissen\",\"item\":\"https:\\\/\\\/blog.proofs.de\\\/et\\\/thema\\\/proof-wissen\\\/\",\"nextItem\":{\"@type\":\"ListItem\",\"@id\":\"https:\\\/\\\/blog.proofs.de\\\/et\\\/thema\\\/proof-wissen\\\/licht-und-normlicht\\\/#listItem\",\"name\":\"Licht und Normlicht\"},\"previousItem\":{\"@type\":\"ListItem\",\"@id\":\"https:\\\/\\\/blog.proofs.de\\\/et#listItem\",\"name\":\"Home\"}},{\"@type\":\"ListItem\",\"@id\":\"https:\\\/\\\/blog.proofs.de\\\/et\\\/thema\\\/proof-wissen\\\/licht-und-normlicht\\\/#listItem\",\"position\":3,\"name\":\"Licht und Normlicht\",\"item\":\"https:\\\/\\\/blog.proofs.de\\\/et\\\/thema\\\/proof-wissen\\\/licht-und-normlicht\\\/\",\"nextItem\":{\"@type\":\"ListItem\",\"@id\":\"https:\\\/\\\/blog.proofs.de\\\/et\\\/wie-genau-kann-druckfarbe-denn-gemessen-werden\\\/#listItem\",\"name\":\"Wie genau kann Druckfarbe denn gemessen werden?\"},\"previousItem\":{\"@type\":\"ListItem\",\"@id\":\"https:\\\/\\\/blog.proofs.de\\\/et\\\/thema\\\/proof-wissen\\\/#listItem\",\"name\":\"Proof Wissen\"}},{\"@type\":\"ListItem\",\"@id\":\"https:\\\/\\\/blog.proofs.de\\\/et\\\/wie-genau-kann-druckfarbe-denn-gemessen-werden\\\/#listItem\",\"position\":4,\"name\":\"Wie genau kann Druckfarbe denn gemessen werden?\",\"previousItem\":{\"@type\":\"ListItem\",\"@id\":\"https:\\\/\\\/blog.proofs.de\\\/et\\\/thema\\\/proof-wissen\\\/licht-und-normlicht\\\/#listItem\",\"name\":\"Licht und Normlicht\"}}]},{\"@type\":\"Organization\",\"@id\":\"https:\\\/\\\/blog.proofs.de\\\/et\\\/#organization\",\"name\":\"Proof GmbH\",\"description\":\"Farbverbindlicher Proof, Farbproof, Digitalproof und Online-Proof.\",\"url\":\"https:\\\/\\\/blog.proofs.de\\\/et\\\/\",\"telephone\":\"+4970717952740\",\"logo\":{\"@type\":\"ImageObject\",\"url\":\"https:\\\/\\\/blog1.proofen.de\\\/wp-content\\\/uploads\\\/2019\\\/09\\\/logo_proof_rgb_mit_balken_250px.png\",\"@id\":\"https:\\\/\\\/blog.proofs.de\\\/et\\\/wie-genau-kann-druckfarbe-denn-gemessen-werden\\\/#organizationLogo\"},\"image\":{\"@id\":\"https:\\\/\\\/blog.proofs.de\\\/et\\\/wie-genau-kann-druckfarbe-denn-gemessen-werden\\\/#organizationLogo\"},\"sameAs\":[\"https:\\\/\\\/www.facebook.com\\\/Proof.de\\\/\",\"https:\\\/\\\/www.instagram.com\\\/proof.de\\\/\",\"https:\\\/\\\/www.tiktok.com\\\/@proof_de\",\"https:\\\/\\\/www.youtube.com\\\/channel\\\/UCk80fQVQ25wC9wu3SywB-Nw\",\"https:\\\/\\\/www.linkedin.com\\\/company\\\/proof-de\"]},{\"@type\":\"Person\",\"@id\":\"https:\\\/\\\/blog.proofs.de\\\/et\\\/author\\\/mbetz\\\/#author\",\"url\":\"https:\\\/\\\/blog.proofs.de\\\/et\\\/author\\\/mbetz\\\/\",\"name\":\"Matthias Betz\",\"image\":{\"@type\":\"ImageObject\",\"@id\":\"https:\\\/\\\/blog.proofs.de\\\/et\\\/wie-genau-kann-druckfarbe-denn-gemessen-werden\\\/#authorImage\",\"url\":\"https:\\\/\\\/blog.proofs.de\\\/wp-content\\\/uploads\\\/2020\\\/10\\\/matthias-betz-e1603934518350-150x150.png\",\"width\":96,\"height\":96,\"caption\":\"Matthias Betz\"}},{\"@type\":\"WebPage\",\"@id\":\"https:\\\/\\\/blog.proofs.de\\\/et\\\/wie-genau-kann-druckfarbe-denn-gemessen-werden\\\/#webpage\",\"url\":\"https:\\\/\\\/blog.proofs.de\\\/et\\\/wie-genau-kann-druckfarbe-denn-gemessen-werden\\\/\",\"name\":\"Wird Farbe colorimetrisch sauber gemessen werden | proof.de\",\"description\":\"Auch heute ist es schwierig, Farbe zuverl\\u00e4ssig colorimetrisch zu messen. Der Artikel behandelt die H\\u00fcrden auch in der Umsetzung von ISO 3664:2009 und L\\u00f6sungen.\",\"inLanguage\":\"et\",\"isPartOf\":{\"@id\":\"https:\\\/\\\/blog.proofs.de\\\/et\\\/#website\"},\"breadcrumb\":{\"@id\":\"https:\\\/\\\/blog.proofs.de\\\/et\\\/wie-genau-kann-druckfarbe-denn-gemessen-werden\\\/#breadcrumblist\"},\"author\":{\"@id\":\"https:\\\/\\\/blog.proofs.de\\\/et\\\/author\\\/mbetz\\\/#author\"},\"creator\":{\"@id\":\"https:\\\/\\\/blog.proofs.de\\\/et\\\/author\\\/mbetz\\\/#author\"},\"datePublished\":\"2013-03-19T01:03:23+01:00\",\"dateModified\":\"2020-04-20T14:17:40+02:00\"},{\"@type\":\"WebSite\",\"@id\":\"https:\\\/\\\/blog.proofs.de\\\/et\\\/#website\",\"url\":\"https:\\\/\\\/blog.proofs.de\\\/et\\\/\",\"name\":\"Proof.de\",\"description\":\"Farbverbindlicher Proof, Farbproof, Digitalproof und Online-Proof.\",\"inLanguage\":\"et\",\"publisher\":{\"@id\":\"https:\\\/\\\/blog.proofs.de\\\/et\\\/#organization\"}}]}\n\t\t<\/script>\n\t\t<!-- All in One SEO -->\n\n","aioseo_head_json":{"title":"V\u00e4rvi m\u00f5\u00f5detakse kolorimeetriliselt puhtana | proof.de","description":"Isegi t\u00e4nap\u00e4eval on raske usaldusv\u00e4\u00e4rselt m\u00f5\u00f5ta v\u00e4rvi kolorimeetriliselt. Artiklis k\u00e4sitletakse takistusi ka ISO 3664:2009 rakendamisel ja lahendusi.","canonical_url":"https:\/\/blog.proofs.de\/et\/wie-genau-kann-druckfarbe-denn-gemessen-werden\/","robots":"max-image-preview:large","keywords":"iso 3664:2009,d50,normlicht,farbcolorimeter,proof,colorimetrik,farbmessger\u00e4te","webmasterTools":{"google-site-verification":"TuXxyRwxcEg2-WfOaQ8vScWQh3-uBAnxXmY7g3GT90A","miscellaneous":"&lt;meta name=\"seobility\" content=\"593a8578143db71543f014978c690d47\"&gt;"},"schema":{"@context":"https:\/\/schema.org","@graph":[{"@type":"Article","@id":"https:\/\/blog.proofs.de\/et\/wie-genau-kann-druckfarbe-denn-gemessen-werden\/#article","name":"Wird Farbe colorimetrisch sauber gemessen werden | proof.de","headline":"Wie genau kann Druckfarbe denn gemessen werden?","author":{"@id":"https:\/\/blog.proofs.de\/et\/author\/mbetz\/#author"},"publisher":{"@id":"https:\/\/blog.proofs.de\/et\/#organization"},"image":{"@type":"ImageObject","url":"https:\/\/blog1.proofen.de\/wp-content\/uploads\/2019\/09\/logo_proof_rgb_mit_balken_250px.png","@id":"https:\/\/blog.proofs.de\/et\/#articleImage"},"datePublished":"2013-03-19T01:03:23+01:00","dateModified":"2020-04-20T14:17:40+02:00","inLanguage":"et","commentCount":1,"mainEntityOfPage":{"@id":"https:\/\/blog.proofs.de\/et\/wie-genau-kann-druckfarbe-denn-gemessen-werden\/#webpage"},"isPartOf":{"@id":"https:\/\/blog.proofs.de\/et\/wie-genau-kann-druckfarbe-denn-gemessen-werden\/#webpage"},"articleSection":"Allgemein, H\u00e4ufige Fragen zu Proofs, Licht und Normlicht, Proof Software &amp; Technik, Proof Wissen, Colorimetrik, D50, Farbcolorimeter, Farbmessger\u00e4te, ISO 3664:2009"},{"@type":"BreadcrumbList","@id":"https:\/\/blog.proofs.de\/et\/wie-genau-kann-druckfarbe-denn-gemessen-werden\/#breadcrumblist","itemListElement":[{"@type":"ListItem","@id":"https:\/\/blog.proofs.de\/et#listItem","position":1,"name":"Home","item":"https:\/\/blog.proofs.de\/et","nextItem":{"@type":"ListItem","@id":"https:\/\/blog.proofs.de\/et\/thema\/proof-wissen\/#listItem","name":"Proof Wissen"}},{"@type":"ListItem","@id":"https:\/\/blog.proofs.de\/et\/thema\/proof-wissen\/#listItem","position":2,"name":"Proof Wissen","item":"https:\/\/blog.proofs.de\/et\/thema\/proof-wissen\/","nextItem":{"@type":"ListItem","@id":"https:\/\/blog.proofs.de\/et\/thema\/proof-wissen\/licht-und-normlicht\/#listItem","name":"Licht und Normlicht"},"previousItem":{"@type":"ListItem","@id":"https:\/\/blog.proofs.de\/et#listItem","name":"Home"}},{"@type":"ListItem","@id":"https:\/\/blog.proofs.de\/et\/thema\/proof-wissen\/licht-und-normlicht\/#listItem","position":3,"name":"Licht und Normlicht","item":"https:\/\/blog.proofs.de\/et\/thema\/proof-wissen\/licht-und-normlicht\/","nextItem":{"@type":"ListItem","@id":"https:\/\/blog.proofs.de\/et\/wie-genau-kann-druckfarbe-denn-gemessen-werden\/#listItem","name":"Wie genau kann Druckfarbe denn gemessen werden?"},"previousItem":{"@type":"ListItem","@id":"https:\/\/blog.proofs.de\/et\/thema\/proof-wissen\/#listItem","name":"Proof Wissen"}},{"@type":"ListItem","@id":"https:\/\/blog.proofs.de\/et\/wie-genau-kann-druckfarbe-denn-gemessen-werden\/#listItem","position":4,"name":"Wie genau kann Druckfarbe denn gemessen werden?","previousItem":{"@type":"ListItem","@id":"https:\/\/blog.proofs.de\/et\/thema\/proof-wissen\/licht-und-normlicht\/#listItem","name":"Licht und Normlicht"}}]},{"@type":"Organization","@id":"https:\/\/blog.proofs.de\/et\/#organization","name":"Proof GmbH","description":"Farbverbindlicher Proof, Farbproof, Digitalproof und Online-Proof.","url":"https:\/\/blog.proofs.de\/et\/","telephone":"+4970717952740","logo":{"@type":"ImageObject","url":"https:\/\/blog1.proofen.de\/wp-content\/uploads\/2019\/09\/logo_proof_rgb_mit_balken_250px.png","@id":"https:\/\/blog.proofs.de\/et\/wie-genau-kann-druckfarbe-denn-gemessen-werden\/#organizationLogo"},"image":{"@id":"https:\/\/blog.proofs.de\/et\/wie-genau-kann-druckfarbe-denn-gemessen-werden\/#organizationLogo"},"sameAs":["https:\/\/www.facebook.com\/Proof.de\/","https:\/\/www.instagram.com\/proof.de\/","https:\/\/www.tiktok.com\/@proof_de","https:\/\/www.youtube.com\/channel\/UCk80fQVQ25wC9wu3SywB-Nw","https:\/\/www.linkedin.com\/company\/proof-de"]},{"@type":"Person","@id":"https:\/\/blog.proofs.de\/et\/author\/mbetz\/#author","url":"https:\/\/blog.proofs.de\/et\/author\/mbetz\/","name":"Matthias Betz","image":{"@type":"ImageObject","@id":"https:\/\/blog.proofs.de\/et\/wie-genau-kann-druckfarbe-denn-gemessen-werden\/#authorImage","url":"https:\/\/blog.proofs.de\/wp-content\/uploads\/2020\/10\/matthias-betz-e1603934518350-150x150.png","width":96,"height":96,"caption":"Matthias Betz"}},{"@type":"WebPage","@id":"https:\/\/blog.proofs.de\/et\/wie-genau-kann-druckfarbe-denn-gemessen-werden\/#webpage","url":"https:\/\/blog.proofs.de\/et\/wie-genau-kann-druckfarbe-denn-gemessen-werden\/","name":"Wird Farbe colorimetrisch sauber gemessen werden | proof.de","description":"Auch heute ist es schwierig, Farbe zuverl\u00e4ssig colorimetrisch zu messen. Der Artikel behandelt die H\u00fcrden auch in der Umsetzung von ISO 3664:2009 und L\u00f6sungen.","inLanguage":"et","isPartOf":{"@id":"https:\/\/blog.proofs.de\/et\/#website"},"breadcrumb":{"@id":"https:\/\/blog.proofs.de\/et\/wie-genau-kann-druckfarbe-denn-gemessen-werden\/#breadcrumblist"},"author":{"@id":"https:\/\/blog.proofs.de\/et\/author\/mbetz\/#author"},"creator":{"@id":"https:\/\/blog.proofs.de\/et\/author\/mbetz\/#author"},"datePublished":"2013-03-19T01:03:23+01:00","dateModified":"2020-04-20T14:17:40+02:00"},{"@type":"WebSite","@id":"https:\/\/blog.proofs.de\/et\/#website","url":"https:\/\/blog.proofs.de\/et\/","name":"Proof.de","description":"Farbverbindlicher Proof, Farbproof, Digitalproof und Online-Proof.","inLanguage":"et","publisher":{"@id":"https:\/\/blog.proofs.de\/et\/#organization"}}]},"og:locale":"et_EE","og:site_name":"Proof.de | Alles zu Proof, Farbmanagement, Grafik, Messtechnik &amp; Co.","og:type":"article","og:title":"Wird Farbe colorimetrisch sauber gemessen werden | proof.de","og:description":"Auch heute ist es schwierig, Farbe zuverl\u00e4ssig colorimetrisch zu messen. Der Artikel behandelt die H\u00fcrden auch in der Umsetzung von ISO 3664:2009 und L\u00f6sungen.","og:url":"https:\/\/blog.proofs.de\/et\/wie-genau-kann-druckfarbe-denn-gemessen-werden\/","og:image":"https:\/\/blog1.proofen.de\/wp-content\/uploads\/2020\/04\/proof_background.jpg","og:image:secure_url":"https:\/\/blog1.proofen.de\/wp-content\/uploads\/2020\/04\/proof_background.jpg","article:published_time":"2013-03-19T00:03:23+00:00","article:modified_time":"2020-04-20T12:17:40+00:00","article:publisher":"https:\/\/www.facebook.com\/Proof.de\/","twitter:card":"summary","twitter:title":"Wird Farbe colorimetrisch sauber gemessen werden | proof.de","twitter:description":"Auch heute ist es schwierig, Farbe zuverl\u00e4ssig colorimetrisch zu messen. Der Artikel behandelt die H\u00fcrden auch in der Umsetzung von ISO 3664:2009 und L\u00f6sungen.","twitter:image":"https:\/\/blog1.proofen.de\/wp-content\/uploads\/2020\/04\/proof_background.jpg"},"aioseo_meta_data":{"post_id":"397","title":"Wird Farbe colorimetrisch sauber gemessen werden |\u00a0proof.de","description":"Isegi t\u00e4nap\u00e4eval on raske usaldusv\u00e4\u00e4rselt m\u00f5\u00f5ta v\u00e4rvi kolorimeetriliselt. Artiklis k\u00e4sitletakse takistusi ka ISO 3664:2009 rakendamisel ja lahendusi.","keywords":[{"label":"ISO 3664:2009","value":"ISO 3664:2009"},{"label":"D50","value":"D50"},{"label":"Normlicht","value":"Normlicht"},{"label":"Farbcolorimeter","value":"Farbcolorimeter"},{"label":"Proof","value":"Proof"}],"keyphrases":null,"primary_term":null,"canonical_url":null,"og_title":null,"og_description":null,"og_object_type":"default","og_image_type":"default","og_image_url":null,"og_image_width":null,"og_image_height":null,"og_image_custom_url":null,"og_image_custom_fields":null,"og_video":null,"og_custom_url":null,"og_article_section":null,"og_article_tags":null,"twitter_use_og":false,"twitter_card":"default","twitter_image_type":"default","twitter_image_url":null,"twitter_image_custom_url":null,"twitter_image_custom_fields":null,"twitter_title":null,"twitter_description":null,"schema":{"blockGraphs":[],"customGraphs":[],"default":{"data":{"Article":[],"Course":[],"Dataset":[],"FAQPage":[],"Movie":[],"Person":[],"Product":[],"ProductReview":[],"Car":[],"Recipe":[],"Service":[],"SoftwareApplication":[],"WebPage":[]},"graphName":"","isEnabled":true},"graphs":[],"defaultGraph":"","defaultPostTypeGraph":""},"schema_type":null,"schema_type_options":null,"pillar_content":false,"robots_default":true,"robots_noindex":false,"robots_noarchive":false,"robots_nosnippet":false,"robots_nofollow":false,"robots_noimageindex":false,"robots_noodp":false,"robots_notranslate":false,"robots_max_snippet":null,"robots_max_videopreview":null,"robots_max_imagepreview":"large","priority":null,"frequency":null,"local_seo":null,"breadcrumb_settings":null,"limit_modified_date":false,"ai":null,"created":"2020-12-21 00:36:00","updated":"2025-06-04 14:12:57","seo_analyzer_scan_date":null,"focus_keyword":null,"additional_keywords":null,"truseo_locale":null},"_links":{"self":[{"href":"https:\/\/blog.proofs.de\/et\/wp-json\/wp\/v2\/posts\/397","targetHints":{"allow":["GET"]}}],"collection":[{"href":"https:\/\/blog.proofs.de\/et\/wp-json\/wp\/v2\/posts"}],"about":[{"href":"https:\/\/blog.proofs.de\/et\/wp-json\/wp\/v2\/types\/post"}],"author":[{"embeddable":true,"href":"https:\/\/blog.proofs.de\/et\/wp-json\/wp\/v2\/users\/2"}],"replies":[{"embeddable":true,"href":"https:\/\/blog.proofs.de\/et\/wp-json\/wp\/v2\/comments?post=397"}],"version-history":[{"count":10,"href":"https:\/\/blog.proofs.de\/et\/wp-json\/wp\/v2\/posts\/397\/revisions"}],"predecessor-version":[{"id":3738,"href":"https:\/\/blog.proofs.de\/et\/wp-json\/wp\/v2\/posts\/397\/revisions\/3738"}],"wp:attachment":[{"href":"https:\/\/blog.proofs.de\/et\/wp-json\/wp\/v2\/media?parent=397"}],"wp:term":[{"taxonomy":"category","embeddable":true,"href":"https:\/\/blog.proofs.de\/et\/wp-json\/wp\/v2\/categories?post=397"},{"taxonomy":"post_tag","embeddable":true,"href":"https:\/\/blog.proofs.de\/et\/wp-json\/wp\/v2\/tags?post=397"}],"curies":[{"name":"wp","href":"https:\/\/api.w.org\/{rel}","templated":true}]}}