{"id":177,"date":"2012-03-20T00:38:47","date_gmt":"2012-03-19T23:38:47","guid":{"rendered":"http:\/\/www.proof.de\/?p=177"},"modified":"2020-05-08T12:42:11","modified_gmt":"2020-05-08T10:42:11","slug":"mikae-rgb-tyoevaeriavaruus-sopii-vaerikonsistenttiin-tyoehoen","status":"publish","type":"post","link":"https:\/\/blog.proofs.de\/fi\/welcher-rgb-arbeitsfarbraum-ist-fur-farbverbindliches-arbeiten-geeignet\/","title":{"rendered":"Mik\u00e4 RGB-ty\u00f6v\u00e4riavaruus sopii v\u00e4rikonsistenttiin ty\u00f6h\u00f6n?"},"content":{"rendered":"<div class=\"kk-star-ratings kksr-auto kksr-align-right kksr-valign-top\" data-payload='{\"align\":\"right\",\"id\":\"177\",\"slug\":\"default\",\"valign\":\"top\",\"ignore\":\"\",\"reference\":\"auto\",\"class\":\"\",\"count\":\"0\",\"legendonly\":\"\",\"readonly\":\"\",\"score\":\"0\",\"starsonly\":\"\",\"best\":\"5\",\"gap\":\"5\",\"greet\":\"Jetzt bewerten\",\"legend\":\"0\\\/5 - (0 votes)\",\"size\":\"24\",\"title\":\"Welcher RGB Arbeitsfarbraum ist f&uuml;r farbverbindliches Arbeiten geeignet?\",\"width\":\"0\",\"_legend\":\"{score}\\\/{best} - ({count} {votes})\",\"font_factor\":\"1.25\"}'>\n            \n<div class=\"kksr-stars\">\n    \n<div class=\"kksr-stars-inactive\">\n            <div class=\"kksr-star\" data-star=\"1\" style=\"padding-right: 5px\">\n            \n\n<div class=\"kksr-icon\" style=\"width: 24px; height: 24px;\"><\/div>\n        <\/div>\n            <div class=\"kksr-star\" data-star=\"2\" style=\"padding-right: 5px\">\n            \n\n<div class=\"kksr-icon\" style=\"width: 24px; height: 24px;\"><\/div>\n        <\/div>\n            <div class=\"kksr-star\" data-star=\"3\" style=\"padding-right: 5px\">\n            \n\n<div class=\"kksr-icon\" style=\"width: 24px; height: 24px;\"><\/div>\n        <\/div>\n            <div class=\"kksr-star\" data-star=\"4\" style=\"padding-right: 5px\">\n            \n\n<div class=\"kksr-icon\" style=\"width: 24px; height: 24px;\"><\/div>\n        <\/div>\n            <div class=\"kksr-star\" data-star=\"5\" style=\"padding-right: 5px\">\n            \n\n<div class=\"kksr-icon\" style=\"width: 24px; height: 24px;\"><\/div>\n        <\/div>\n    <\/div>\n    \n<div class=\"kksr-stars-active\" style=\"width: 0px;\">\n            <div class=\"kksr-star\" style=\"padding-right: 5px\">\n            \n\n<div class=\"kksr-icon\" style=\"width: 24px; height: 24px;\"><\/div>\n        <\/div>\n            <div class=\"kksr-star\" style=\"padding-right: 5px\">\n            \n\n<div class=\"kksr-icon\" style=\"width: 24px; height: 24px;\"><\/div>\n        <\/div>\n            <div class=\"kksr-star\" style=\"padding-right: 5px\">\n            \n\n<div class=\"kksr-icon\" style=\"width: 24px; height: 24px;\"><\/div>\n        <\/div>\n            <div class=\"kksr-star\" style=\"padding-right: 5px\">\n            \n\n<div class=\"kksr-icon\" style=\"width: 24px; height: 24px;\"><\/div>\n        <\/div>\n            <div class=\"kksr-star\" style=\"padding-right: 5px\">\n            \n\n<div class=\"kksr-icon\" style=\"width: 24px; height: 24px;\"><\/div>\n        <\/div>\n    <\/div>\n<\/div>\n                \n\n<div class=\"kksr-legend\" style=\"font-size: 19.2px;\">\n            <span class=\"kksr-muted\">Arvioi nyt<\/span>\n    <\/div>\n    <\/div>\n<p>V\u00e4riavaruuksien alkuaikoina Apple ja esimerkiksi Photoshop k\u00e4yttiv\u00e4t versioon 5.5 asti oletusarvoisesti monitoria.<a href=\"https:\/\/blog.proofs.de\/fi\/lexikon\/farbraum\/\" target=\"_self\" title=\"V\u00e4riavaruus perustuu v\u00e4rimalliin ja on sen konkreettinen sovellus v\u00e4rj\u00e4ysmenetelm\u00e4\u00e4n (tulostin, n\u00e4ytt\u00f6 jne.). Se sis\u00e4lt\u00e4\u00e4 siis kaikki v\u00e4rit, jotka voidaan todellisuudessa esitt\u00e4\u00e4 kyseisell\u00e4 menetelm\u00e4ll\u00e4, sek\u00e4 vastaavat materiaalit.\" class=\"encyclopedia\">v\u00e4riavaruus<\/a> ty\u00f6skentelyv\u00e4riavaruudeksi. Nopeasti k\u00e4vi kuitenkin selv\u00e4ksi, ett\u00e4 toimistossa, jossa on 10 Mac-tietokonetta, ty\u00f6t\u00e4 tehd\u00e4\u00e4n 10 eri v\u00e4riavaruudessa. Tarvittiin siis neutraali konsepti.<\/p>\n<p><a href=\"https:\/\/blog.proofs.de\/fi\/lexikon\/rgb\/\" target=\"_self\" title=\"RGB tarkoittaa v\u00e4rej\u00e4 punainen, vihre\u00e4 ja sininen. Ihmisen v\u00e4rin\u00e4k\u00f6 perustuu n\u00e4ihin v\u00e4reihin.\" class=\"encyclopedia\">RGB<\/a> V\u00e4ritiloja on tusinan verran. Painetun median alalla on t\u00e4ll\u00e4 hetkell\u00e4 viel\u00e4 p\u00e4\u00e4asiassa kolme eri vaihtoehtoa: <a href=\"https:\/\/blog.proofs.de\/fi\/lexikon\/srgb\/\" target=\"_self\" title=\"sRGB on yleisimmin k\u00e4ytetty RGB-v\u00e4riavaruus. sRGB on kaikkien edullisten digitaalikameroiden ja skannerien vakiov\u00e4riavaruus. L\u00e4hes kaikki 8-bittiset RGB-tiedostot, joissa ei ole profiilimerkint\u00e4\u00e4, vastaavat sRGB:t\u00e4.\" class=\"encyclopedia\">sRGB<\/a>, AdobeRGB(1998) ja <a href=\"https:\/\/blog.proofs.de\/fi\/lexikon\/eci\/\" target=\"_self\" title=\"ECI (European Color Initiative) on asiantuntijaryhm\u00e4, joka k\u00e4sittelee v\u00e4ritietojen k\u00e4sittely\u00e4 julkaisuj\u00e4rjestelmiss\u00e4.\" class=\"encyclopedia\">eci<\/a>RGB_V2.<\/p>\n<p>sRGB-v\u00e4riavaruutta k\u00e4ytet\u00e4\u00e4n laajalti digitaalikameroissa, ja se on alan johtava v\u00e4riavaruus kuluttajasegmentill\u00e4. Ongelma tulostuksen kannalta: sRGB on suhteellisen pieni v\u00e4riavaruus, eik\u00e4 se kata nykyaikaisten tulostimien v\u00e4rimahdollisuuksia. <a href=\"https:\/\/blog.proofs.de\/fi\/lexikon\/offsetdruck\/\" target=\"_self\" title=\"Offsetpainatus on ep\u00e4suora painomenetelm\u00e4. Ep\u00e4suora tarkoittaa sit\u00e4, ett\u00e4 painov\u00e4line ja painomateriaali eiv\u00e4t ole suorassa kosketuksessa toisiinsa, vaan v\u00e4liss\u00e4 k\u00e4ytet\u00e4\u00e4n v\u00e4linett\u00e4 siirtov\u00e4lineen\u00e4. Se on yleisin painomenetelm\u00e4. Erilaisia ovat: - arkkioffsetpainokoneet ja - rullaoffsetpainokoneet.\" class=\"encyclopedia\">Offset-painatus<\/a>j\u00e4rjestelm\u00e4t ja digitaaliset tulostimet. Koska offset-profiileissa, kuten ISOCoated_v2, on paljon laajempi v\u00e4riavaruus, ei ole j\u00e4rkev\u00e4\u00e4 retusoida sRGB:ll\u00e4.<\/p>\n<p>Meid\u00e4n n\u00e4k\u00f6kulmastamme optimaalinen on eciRGB_V2, joka on eciRGB:n jatkokehitys. T\u00e4m\u00e4 v\u00e4riavaruus on luotu erityisesti tulostusk\u00e4ytt\u00f6\u00e4 varten, ja sill\u00e4 on useita vahvuuksia:<\/p>\n<ul>\n<li>Se kattaa kaikkien nykyisten painov\u00e4riavaruuksien v\u00e4rit (offset, <a href=\"https:\/\/blog.proofs.de\/fi\/lexikon\/tiefdruck\/\" target=\"_self\" title=\"Syv\u00e4paino on yksi vanhimmista painomenetelmist\u00e4, jota k\u00e4ytet\u00e4\u00e4n edelleen. Syv\u00e4painossa painettu kuva kaiverretaan painosylinteriin (tai painolaattaan). Sen j\u00e4lkeen se kastetaan painov\u00e4riin ja ylim\u00e4\u00e4r\u00e4inen painov\u00e4ri raaputetaan pois niin, ett\u00e4 j\u00e4ljelle j\u00e4\u00e4 vain painov\u00e4ri painaumiin (kennoihin). Lopuksi t\u00e4m\u00e4 muste siirret\u00e4\u00e4n painatusalustalle korkealla kosketuspainolla ja paperin imukyvyn avulla.\" class=\"encyclopedia\">Syv\u00e4paino<\/a>, web offset, sanomalehti), mutta se ei ole paljon isompi eik\u00e4 n\u00e4in ollen anna pois mit\u00e4\u00e4n resoluutiota.<\/li>\n<li>Punaisen, vihre\u00e4n ja sinisen s\u00e4vyjen tasas\u00e4vyt tuottavat neutraaleja harmaan s\u00e4vyj\u00e4.<\/li>\n<li>Et\u00e4isyys 0\/0\/0 ja 50\/50\/50 v\u00e4lill\u00e4 on suurin piirtein sama kuin 50\/50\/50 ja 100\/100\/100 v\u00e4lill\u00e4. Mustan lis\u00e4ys on samankaltainen.<\/li>\n<li>Valkoisuus on 5000 <a href=\"https:\/\/blog.proofs.de\/fi\/lexikon\/kelvin\/\" target=\"_self\" title=\"Kelvin on tieteess\u00e4 k\u00e4ytetty absoluuttinen l\u00e4mp\u00f6tilan yksikk\u00f6. P\u00e4iv\u00e4nvalo m\u00e4\u00e4ritell\u00e4\u00e4n 6500 kelviniksi, mutta painotuotannossa k\u00e4ytet\u00e4\u00e4n Euroopassa 5000 kelvinin v\u00e4ril\u00e4mp\u00f6tilaa D50-standardivalolla.\" class=\"encyclopedia\">Kelvin<\/a> ja <a href=\"https:\/\/blog.proofs.de\/fi\/lexikon\/gamma\/\" target=\"_self\" title=\"Gamma on lyhenne sanoista gammakorjaus, joka on standardoimaton menetelm\u00e4 kontrastin mittaamiseksi skannereita, n\u00e4ytt\u00f6j\u00e4 ja valokuvamateriaaleja varten.\" class=\"encyclopedia\">Gamma<\/a> 1.8:lla<\/li>\n<\/ul>\n<p><a href=\"http:\/\/www.eci.org\/de\/downloads\">eciRGB_v2-v\u00e4riavaruuden voi ladata ilmaiseksi European Color Initiative (ECI) -sivuilta.<\/a><\/p>\n<p>AdobeRGB 1998 -v\u00e4riavaruus, jota Adobe on k\u00e4ytt\u00e4nyt laajalti Photoshop 5.5:st\u00e4 l\u00e4htien ja nyky\u00e4\u00e4n Adoben koko tuotevalikoimassa, soveltuu my\u00f6s hyvin tulostukseen, mutta se toimii 2,2:n gamma-arvolla ja on rajoitettu seuraaviin valkoisuusasteisiin <a href=\"https:\/\/blog.proofs.de\/fi\/lexikon\/d50\/\" target=\"_self\" title=\"D50 on painoteollisuuden vakiovalo. Proofit voidaan sovittaa v\u00e4ris\u00e4vyyn vain D50-standardivalossa,\" class=\"encyclopedia\">D50<\/a> osoitteeseen <a href=\"https:\/\/blog.proofs.de\/fi\/lexikon\/d65\/\" target=\"_self\" title=\"D65 on vakiovalo, jonka v\u00e4ril\u00e4mp\u00f6tila on 6500 kelvini\u00e4. Se vastaa useimpien monitorien vakioasetusta, ja sit\u00e4 k\u00e4ytet\u00e4\u00e4n p\u00e4\u00e4asiassa Internet-sivujen jne. v\u00e4risovitukseen, eli mediassa, jota katsotaan ensisijaisesti monitorilla.\" class=\"encyclopedia\">D65<\/a> suunniteltu. Kaikki yleiset painov\u00e4riavaruudet voidaan my\u00f6s toistaa hyvin AdobeRGB 1998 -v\u00e4riavaruudessa. <a href=\"http:\/\/www.adobe.com\/digitalimag\/pdfs\/AdobeRGB1998.pdf\">Adoben dokumentaatio t\u00e4st\u00e4 v\u00e4riavaruudesta l\u00f6ytyy t\u00e4\u00e4lt\u00e4.<\/a><\/p>\n<div id=\"gallery-1\" class=\"gallery galleryid-177 gallery-columns-3 gallery-size-thumbnail\"><figure class=\"gallery-item\">\n\t\t\t<div class=\"gallery-icon landscape\">\n\t\t\t\t<a href=\"https:\/\/blog.proofs.de\/wp-content\/uploads\/2012\/03\/Bildschirmfoto-2012-03-20-um-00.28.50.jpg\"><img loading=\"lazy\" decoding=\"async\" width=\"150\" height=\"150\" src=\"https:\/\/blog.proofs.de\/wp-content\/uploads\/2012\/03\/Bildschirmfoto-2012-03-20-um-00.28.50-150x150-1.jpg\" class=\"attachment-thumbnail size-thumbnail\" alt=\"Vertailu eciRGB_V2 (valkoinen) ja AdobeRGB 1998 v\u00e4lill\u00e4\" aria-describedby=\"gallery-1-180\"><\/a>\n\t\t\t<\/div>\n\t\t\t\t<figcaption class=\"wp-caption-text gallery-caption\" id=\"gallery-1-180\">\n\t\t\t\tVertailu eciRGB_V2 (valkoinen) ja AdobeRGB 1998 v\u00e4lill\u00e4\n\t\t\t\t<\/figcaption><\/figure><figure class=\"gallery-item\">\n\t\t\t<div class=\"gallery-icon landscape\">\n\t\t\t\t<a href=\"https:\/\/blog.proofs.de\/wp-content\/uploads\/2012\/03\/Bildschirmfoto-2012-03-20-um-00.29.04.jpg\"><img loading=\"lazy\" decoding=\"async\" width=\"150\" height=\"150\" src=\"https:\/\/blog.proofs.de\/wp-content\/uploads\/2012\/03\/Bildschirmfoto-2012-03-20-um-00.29.04-150x150-1.jpg\" class=\"attachment-thumbnail size-thumbnail\" alt=\"Vertailu eciRGB_V2 (valkoinen) ja sRGB:n v\u00e4lill\u00e4\" aria-describedby=\"gallery-1-179\"><\/a>\n\t\t\t<\/div>\n\t\t\t\t<figcaption class=\"wp-caption-text gallery-caption\" id=\"gallery-1-179\">\n\t\t\t\tVertailu eciRGB_V2 (valkoinen) ja sRGB:n v\u00e4lill\u00e4\n\t\t\t\t<\/figcaption><\/figure><figure class=\"gallery-item\">\n\t\t\t<div class=\"gallery-icon landscape\">\n\t\t\t\t<a href=\"https:\/\/blog.proofs.de\/wp-content\/uploads\/2012\/03\/Bildschirmfoto-2012-03-20-um-00.29.41.jpg\"><img loading=\"lazy\" decoding=\"async\" width=\"150\" height=\"150\" src=\"https:\/\/blog.proofs.de\/wp-content\/uploads\/2012\/03\/Bildschirmfoto-2012-03-20-um-00.29.41-150x150-1.jpg\" class=\"attachment-thumbnail size-thumbnail\" alt=\"Vertailu eciRGB_V2 (valkoinen) ja ISOCoatedV2 v\u00e4lill\u00e4\" aria-describedby=\"gallery-1-178\"><\/a>\n\t\t\t<\/div>\n\t\t\t\t<figcaption class=\"wp-caption-text gallery-caption\" id=\"gallery-1-178\">\n\t\t\t\tVertailu eciRGB_V2 (valkoinen) ja <a href=\"https:\/\/blog.proofs.de\/fi\/lexikon\/isocoatedv2\/\" target=\"_self\" title=\"ISOCoatedV2 on Euroopan laajimmin k\u00e4ytetty profiili painoteollisuudessa. Se edustaa yleisint\u00e4 painomenetelm\u00e4\u00e4: Offset-painatus mattapintaiselle tai kiilt\u00e4v\u00e4lle kuvapainopaperille.\" class=\"encyclopedia\">ISOCoatedV2<\/a>\n\t\t\t\t<\/figcaption><\/figure>\n\t\t<\/div>","protected":false},"excerpt":{"rendered":"<p>V\u00e4riavaruuksien alkuaikoina Apple ja esimerkiksi Photoshop asettivat versioon 5.5 asti monitorin v\u00e4riavaruuden oletusv\u00e4riavaruudeksi. Pian k\u00e4vi kuitenkin selv\u00e4ksi, ett\u00e4 toimisto, jolla oli 10 Mac-tietokonetta, ty\u00f6skenteli 10 eri v\u00e4riavaruudessa. Tarvittiin siis neutraali konsepti. RGB-v\u00e4riavaruuksia on kymmeni\u00e4. Painotuotteiden alalla on t\u00e4ll\u00e4 hetkell\u00e4 kolme erilaista ensisijaista vaihtoehtoa: sRGB, AdobeRGB(1998) ja eciRGB_V2. sRGB-v\u00e4riavaruutta k\u00e4ytet\u00e4\u00e4n laajalti digitaalikameroissa, ja se on alan johtava v\u00e4riavaruus kuluttajasegmentill\u00e4. Tulostuksen ongelma: ... <\/p>\n<p class=\"read-more-container\"><a title=\"Mik\u00e4 RGB-ty\u00f6v\u00e4riavaruus sopii v\u00e4rikonsistenttiin ty\u00f6h\u00f6n?\" class=\"read-more button\" href=\"https:\/\/blog.proofs.de\/fi\/welcher-rgb-arbeitsfarbraum-ist-fur-farbverbindliches-arbeiten-geeignet\/#more-177\" aria-label=\"Lue lis\u00e4\u00e4 aiheesta Mik\u00e4 RGB-ty\u00f6v\u00e4riavaruus sopii v\u00e4ritarkkaan ty\u00f6skentelyyn?\">Lue lis\u00e4\u00e4<\/a><\/p>","protected":false},"author":2,"featured_media":180,"comment_status":"open","ping_status":"open","sticky":false,"template":"","format":"standard","meta":{"om_disable_all_campaigns":false,"inline_featured_image":false,"_monsterinsights_skip_tracking":false,"footnotes":""},"categories":[1,435,18,443,441,25,7],"tags":[259,256,257,258,541,549],"class_list":["post-177","post","type-post","status-publish","format-standard","has-post-thumbnail","hentry","category-allgemein","category-farbraeume-und-farbprofile","category-haufige-fragen","category-haeufige-fragen-zu-proofs","category-layout-tipps-und-tricks","category-licht-und-normlicht","category-proof-wissen","tag-adobergb-1998","tag-arbeitsfarbraum","tag-arbeitsfarbraeume","tag-ecirgb_v2","tag-rgb","tag-srgb","generate-columns","tablet-grid-50","mobile-grid-100","grid-parent","grid-50","no-featured-image-padding","resize-featured-image"],"aioseo_notices":[],"aioseo_head":"\n\t\t<!-- All in One SEO 5.0.1.1 - aioseo.com -->\n\t<meta name=\"description\" content=\"eciRGB_V2, sRGB und AdobeRGB 1998: Unterschiede, Eignungen und Vorteile. F\u00fcr Proofs und farbverbindliches Arbeiten sollte eciRGB_V2 verwendet werden.\" \/>\n\t<meta name=\"robots\" content=\"max-image-preview:large\" \/>\n\t<meta name=\"author\" content=\"Matthias Betz\"\/>\n\t<meta name=\"google-site-verification\" content=\"TuXxyRwxcEg2-WfOaQ8vScWQh3-uBAnxXmY7g3GT90A\" \/>\n\t<meta name=\"keywords\" content=\"rgb,arbeitsfarbraum,arbeitsfarbr\u00e4ume,ecirgb_v2,adobergb 1998,srgb\" \/>\n\t<link rel=\"canonical\" href=\"https:\/\/blog.proofs.de\/fi\/welcher-rgb-arbeitsfarbraum-ist-fur-farbverbindliches-arbeiten-geeignet\/\" \/>\n\t<meta name=\"generator\" content=\"All in One SEO (AIOSEO) 5.0.1.1\" \/>\n\n\t\t<meta name=\"seobility\" content=\"593a8578143db71543f014978c690d47\">\n\t\t<meta property=\"og:locale\" content=\"fi_FI\" \/>\n\t\t<meta property=\"og:site_name\" content=\"Proof.de | Alles zu Proof, Farbmanagement, Grafik, Messtechnik &amp; Co.\" \/>\n\t\t<meta property=\"og:type\" content=\"article\" \/>\n\t\t<meta property=\"og:title\" content=\"RGB Farbr\u00e4ume: Das Beste f\u00fcr Farbretuschen | proof.de\" \/>\n\t\t<meta property=\"og:description\" content=\"eciRGB_V2, sRGB und AdobeRGB 1998: Unterschiede, Eignungen und Vorteile. F\u00fcr Proofs und farbverbindliches Arbeiten sollte eciRGB_V2 verwendet werden.\" \/>\n\t\t<meta property=\"og:url\" content=\"https:\/\/blog.proofs.de\/fi\/welcher-rgb-arbeitsfarbraum-ist-fur-farbverbindliches-arbeiten-geeignet\/\" \/>\n\t\t<meta property=\"og:image\" content=\"https:\/\/blog.proofs.de\/wp-content\/uploads\/2012\/03\/Bildschirmfoto-2012-03-20-um-00.28.50.jpg\" \/>\n\t\t<meta property=\"og:image:secure_url\" content=\"https:\/\/blog.proofs.de\/wp-content\/uploads\/2012\/03\/Bildschirmfoto-2012-03-20-um-00.28.50.jpg\" \/>\n\t\t<meta property=\"og:image:width\" content=\"616\" \/>\n\t\t<meta property=\"og:image:height\" content=\"538\" \/>\n\t\t<meta property=\"article:published_time\" content=\"2012-03-19T23:38:47+00:00\" \/>\n\t\t<meta property=\"article:modified_time\" content=\"2020-05-08T10:42:11+00:00\" \/>\n\t\t<meta property=\"article:publisher\" content=\"https:\/\/www.facebook.com\/Proof.de\/\" \/>\n\t\t<meta name=\"twitter:card\" content=\"summary\" \/>\n\t\t<meta name=\"twitter:title\" content=\"RGB Farbr\u00e4ume: Das Beste f\u00fcr Farbretuschen | proof.de\" \/>\n\t\t<meta name=\"twitter:description\" content=\"eciRGB_V2, sRGB und AdobeRGB 1998: Unterschiede, Eignungen und Vorteile. F\u00fcr Proofs und farbverbindliches Arbeiten sollte eciRGB_V2 verwendet werden.\" \/>\n\t\t<meta name=\"twitter:image\" content=\"https:\/\/blog1.proofen.de\/wp-content\/uploads\/2020\/04\/proof_background.jpg\" \/>\n\t\t<script type=\"application\/ld+json\" class=\"aioseo-schema\">\n\t\t\t{\"@context\":\"https:\\\/\\\/schema.org\",\"@graph\":[{\"@type\":\"Article\",\"@id\":\"https:\\\/\\\/blog.proofs.de\\\/fi\\\/welcher-rgb-arbeitsfarbraum-ist-fur-farbverbindliches-arbeiten-geeignet\\\/#article\",\"name\":\"RGB Farbr\\u00e4ume: Das Beste f\\u00fcr Farbretuschen | proof.de\",\"headline\":\"Welcher RGB Arbeitsfarbraum ist f\\u00fcr farbverbindliches Arbeiten geeignet?\",\"author\":{\"@id\":\"https:\\\/\\\/blog.proofs.de\\\/fi\\\/author\\\/mbetz\\\/#author\"},\"publisher\":{\"@id\":\"https:\\\/\\\/blog.proofs.de\\\/fi\\\/#organization\"},\"image\":{\"@type\":\"ImageObject\",\"url\":\"https:\\\/\\\/blog.proofs.de\\\/wp-content\\\/uploads\\\/2012\\\/03\\\/Bildschirmfoto-2012-03-20-um-00.28.50.jpg\",\"width\":616,\"height\":538,\"caption\":\"Vergleich eciRGB_V2 (wei\\u00df) und AdobeRGB 1998\"},\"datePublished\":\"2012-03-20T00:38:47+01:00\",\"dateModified\":\"2020-05-08T12:42:11+02:00\",\"inLanguage\":\"fi\",\"commentCount\":3,\"mainEntityOfPage\":{\"@id\":\"https:\\\/\\\/blog.proofs.de\\\/fi\\\/welcher-rgb-arbeitsfarbraum-ist-fur-farbverbindliches-arbeiten-geeignet\\\/#webpage\"},\"isPartOf\":{\"@id\":\"https:\\\/\\\/blog.proofs.de\\\/fi\\\/welcher-rgb-arbeitsfarbraum-ist-fur-farbverbindliches-arbeiten-geeignet\\\/#webpage\"},\"articleSection\":\"Allgemein, Farbr\\u00e4ume und Farbprofile, H\\u00e4ufige Fragen, H\\u00e4ufige Fragen zu Proofs, Layout Tipps, Licht und Normlicht, Proof Wissen, AdobeRGB 1998, Arbeitsfarbraum, Arbeitsfarbr\\u00e4ume, eciRGB_v2, RGB, sRGB\"},{\"@type\":\"BreadcrumbList\",\"@id\":\"https:\\\/\\\/blog.proofs.de\\\/fi\\\/welcher-rgb-arbeitsfarbraum-ist-fur-farbverbindliches-arbeiten-geeignet\\\/#breadcrumblist\",\"itemListElement\":[{\"@type\":\"ListItem\",\"@id\":\"https:\\\/\\\/blog.proofs.de\\\/fi#listItem\",\"position\":1,\"name\":\"Home\",\"item\":\"https:\\\/\\\/blog.proofs.de\\\/fi\",\"nextItem\":{\"@type\":\"ListItem\",\"@id\":\"https:\\\/\\\/blog.proofs.de\\\/fi\\\/thema\\\/proof-wissen\\\/#listItem\",\"name\":\"Proof Wissen\"}},{\"@type\":\"ListItem\",\"@id\":\"https:\\\/\\\/blog.proofs.de\\\/fi\\\/thema\\\/proof-wissen\\\/#listItem\",\"position\":2,\"name\":\"Proof Wissen\",\"item\":\"https:\\\/\\\/blog.proofs.de\\\/fi\\\/thema\\\/proof-wissen\\\/\",\"nextItem\":{\"@type\":\"ListItem\",\"@id\":\"https:\\\/\\\/blog.proofs.de\\\/fi\\\/thema\\\/proof-wissen\\\/licht-und-normlicht\\\/#listItem\",\"name\":\"Licht und Normlicht\"},\"previousItem\":{\"@type\":\"ListItem\",\"@id\":\"https:\\\/\\\/blog.proofs.de\\\/fi#listItem\",\"name\":\"Home\"}},{\"@type\":\"ListItem\",\"@id\":\"https:\\\/\\\/blog.proofs.de\\\/fi\\\/thema\\\/proof-wissen\\\/licht-und-normlicht\\\/#listItem\",\"position\":3,\"name\":\"Licht und Normlicht\",\"item\":\"https:\\\/\\\/blog.proofs.de\\\/fi\\\/thema\\\/proof-wissen\\\/licht-und-normlicht\\\/\",\"nextItem\":{\"@type\":\"ListItem\",\"@id\":\"https:\\\/\\\/blog.proofs.de\\\/fi\\\/welcher-rgb-arbeitsfarbraum-ist-fur-farbverbindliches-arbeiten-geeignet\\\/#listItem\",\"name\":\"Welcher RGB Arbeitsfarbraum ist f\\u00fcr farbverbindliches Arbeiten geeignet?\"},\"previousItem\":{\"@type\":\"ListItem\",\"@id\":\"https:\\\/\\\/blog.proofs.de\\\/fi\\\/thema\\\/proof-wissen\\\/#listItem\",\"name\":\"Proof Wissen\"}},{\"@type\":\"ListItem\",\"@id\":\"https:\\\/\\\/blog.proofs.de\\\/fi\\\/welcher-rgb-arbeitsfarbraum-ist-fur-farbverbindliches-arbeiten-geeignet\\\/#listItem\",\"position\":4,\"name\":\"Welcher RGB Arbeitsfarbraum ist f\\u00fcr farbverbindliches Arbeiten geeignet?\",\"previousItem\":{\"@type\":\"ListItem\",\"@id\":\"https:\\\/\\\/blog.proofs.de\\\/fi\\\/thema\\\/proof-wissen\\\/licht-und-normlicht\\\/#listItem\",\"name\":\"Licht und Normlicht\"}}]},{\"@type\":\"Organization\",\"@id\":\"https:\\\/\\\/blog.proofs.de\\\/fi\\\/#organization\",\"name\":\"Proof GmbH\",\"description\":\"Farbverbindlicher Proof, Farbproof, Digitalproof und Online-Proof.\",\"url\":\"https:\\\/\\\/blog.proofs.de\\\/fi\\\/\",\"telephone\":\"+4970717952740\",\"logo\":{\"@type\":\"ImageObject\",\"url\":\"https:\\\/\\\/blog1.proofen.de\\\/wp-content\\\/uploads\\\/2019\\\/09\\\/logo_proof_rgb_mit_balken_250px.png\",\"@id\":\"https:\\\/\\\/blog.proofs.de\\\/fi\\\/welcher-rgb-arbeitsfarbraum-ist-fur-farbverbindliches-arbeiten-geeignet\\\/#organizationLogo\"},\"image\":{\"@id\":\"https:\\\/\\\/blog.proofs.de\\\/fi\\\/welcher-rgb-arbeitsfarbraum-ist-fur-farbverbindliches-arbeiten-geeignet\\\/#organizationLogo\"},\"sameAs\":[\"https:\\\/\\\/www.facebook.com\\\/Proof.de\\\/\",\"https:\\\/\\\/www.instagram.com\\\/proof.de\\\/\",\"https:\\\/\\\/www.tiktok.com\\\/@proof_de\",\"https:\\\/\\\/www.youtube.com\\\/channel\\\/UCk80fQVQ25wC9wu3SywB-Nw\",\"https:\\\/\\\/www.linkedin.com\\\/company\\\/proof-de\"]},{\"@type\":\"Person\",\"@id\":\"https:\\\/\\\/blog.proofs.de\\\/fi\\\/author\\\/mbetz\\\/#author\",\"url\":\"https:\\\/\\\/blog.proofs.de\\\/fi\\\/author\\\/mbetz\\\/\",\"name\":\"Matthias Betz\",\"image\":{\"@type\":\"ImageObject\",\"@id\":\"https:\\\/\\\/blog.proofs.de\\\/fi\\\/welcher-rgb-arbeitsfarbraum-ist-fur-farbverbindliches-arbeiten-geeignet\\\/#authorImage\",\"url\":\"https:\\\/\\\/blog.proofs.de\\\/wp-content\\\/uploads\\\/2020\\\/10\\\/matthias-betz-e1603934518350-150x150.png\",\"width\":96,\"height\":96,\"caption\":\"Matthias Betz\"}},{\"@type\":\"WebPage\",\"@id\":\"https:\\\/\\\/blog.proofs.de\\\/fi\\\/welcher-rgb-arbeitsfarbraum-ist-fur-farbverbindliches-arbeiten-geeignet\\\/#webpage\",\"url\":\"https:\\\/\\\/blog.proofs.de\\\/fi\\\/welcher-rgb-arbeitsfarbraum-ist-fur-farbverbindliches-arbeiten-geeignet\\\/\",\"name\":\"RGB Farbr\\u00e4ume: Das Beste f\\u00fcr Farbretuschen | proof.de\",\"description\":\"eciRGB_V2, sRGB und AdobeRGB 1998: Unterschiede, Eignungen und Vorteile. F\\u00fcr Proofs und farbverbindliches Arbeiten sollte eciRGB_V2 verwendet werden.\",\"inLanguage\":\"fi\",\"isPartOf\":{\"@id\":\"https:\\\/\\\/blog.proofs.de\\\/fi\\\/#website\"},\"breadcrumb\":{\"@id\":\"https:\\\/\\\/blog.proofs.de\\\/fi\\\/welcher-rgb-arbeitsfarbraum-ist-fur-farbverbindliches-arbeiten-geeignet\\\/#breadcrumblist\"},\"author\":{\"@id\":\"https:\\\/\\\/blog.proofs.de\\\/fi\\\/author\\\/mbetz\\\/#author\"},\"creator\":{\"@id\":\"https:\\\/\\\/blog.proofs.de\\\/fi\\\/author\\\/mbetz\\\/#author\"},\"image\":{\"@type\":\"ImageObject\",\"url\":\"https:\\\/\\\/blog.proofs.de\\\/wp-content\\\/uploads\\\/2012\\\/03\\\/Bildschirmfoto-2012-03-20-um-00.28.50.jpg\",\"@id\":\"https:\\\/\\\/blog.proofs.de\\\/fi\\\/welcher-rgb-arbeitsfarbraum-ist-fur-farbverbindliches-arbeiten-geeignet\\\/#mainImage\",\"width\":616,\"height\":538,\"caption\":\"Vergleich eciRGB_V2 (wei\\u00df) und AdobeRGB 1998\"},\"primaryImageOfPage\":{\"@id\":\"https:\\\/\\\/blog.proofs.de\\\/fi\\\/welcher-rgb-arbeitsfarbraum-ist-fur-farbverbindliches-arbeiten-geeignet\\\/#mainImage\"},\"datePublished\":\"2012-03-20T00:38:47+01:00\",\"dateModified\":\"2020-05-08T12:42:11+02:00\"},{\"@type\":\"WebSite\",\"@id\":\"https:\\\/\\\/blog.proofs.de\\\/fi\\\/#website\",\"url\":\"https:\\\/\\\/blog.proofs.de\\\/fi\\\/\",\"name\":\"Proof.de\",\"description\":\"Farbverbindlicher Proof, Farbproof, Digitalproof und Online-Proof.\",\"inLanguage\":\"fi\",\"publisher\":{\"@id\":\"https:\\\/\\\/blog.proofs.de\\\/fi\\\/#organization\"}}]}\n\t\t<\/script>\n\t\t<!-- All in One SEO -->\n\n","aioseo_head_json":{"title":"RGB-v\u00e4riavaruudet: parhaat v\u00e4riretusoinnissa | proof.de","description":"eciRGB_V2, sRGB ja AdobeRGB 1998: erot, soveltuvuus ja edut. Proofien ja v\u00e4risidontaty\u00f6n yhteydess\u00e4 on k\u00e4ytett\u00e4v\u00e4 eciRGB_V2:ta.","canonical_url":"https:\/\/blog.proofs.de\/fi\/welcher-rgb-arbeitsfarbraum-ist-fur-farbverbindliches-arbeiten-geeignet\/","robots":"max-image-preview:large","keywords":"rgb,arbeitsfarbraum,arbeitsfarbr\u00e4ume,ecirgb_v2,adobergb 1998,srgb","webmasterTools":{"google-site-verification":"TuXxyRwxcEg2-WfOaQ8vScWQh3-uBAnxXmY7g3GT90A","miscellaneous":"&lt;meta name=\"seobility\" content=\"593a8578143db71543f014978c690d47\"&gt;"},"schema":{"@context":"https:\/\/schema.org","@graph":[{"@type":"Article","@id":"https:\/\/blog.proofs.de\/fi\/welcher-rgb-arbeitsfarbraum-ist-fur-farbverbindliches-arbeiten-geeignet\/#article","name":"RGB Farbr\u00e4ume: Das Beste f\u00fcr Farbretuschen | proof.de","headline":"Welcher RGB Arbeitsfarbraum ist f\u00fcr farbverbindliches Arbeiten geeignet?","author":{"@id":"https:\/\/blog.proofs.de\/fi\/author\/mbetz\/#author"},"publisher":{"@id":"https:\/\/blog.proofs.de\/fi\/#organization"},"image":{"@type":"ImageObject","url":"https:\/\/blog.proofs.de\/wp-content\/uploads\/2012\/03\/Bildschirmfoto-2012-03-20-um-00.28.50.jpg","width":616,"height":538,"caption":"Vergleich eciRGB_V2 (wei\u00df) und AdobeRGB 1998"},"datePublished":"2012-03-20T00:38:47+01:00","dateModified":"2020-05-08T12:42:11+02:00","inLanguage":"fi","commentCount":3,"mainEntityOfPage":{"@id":"https:\/\/blog.proofs.de\/fi\/welcher-rgb-arbeitsfarbraum-ist-fur-farbverbindliches-arbeiten-geeignet\/#webpage"},"isPartOf":{"@id":"https:\/\/blog.proofs.de\/fi\/welcher-rgb-arbeitsfarbraum-ist-fur-farbverbindliches-arbeiten-geeignet\/#webpage"},"articleSection":"Allgemein, Farbr\u00e4ume und Farbprofile, H\u00e4ufige Fragen, H\u00e4ufige Fragen zu Proofs, Layout Tipps, Licht und Normlicht, Proof Wissen, AdobeRGB 1998, Arbeitsfarbraum, Arbeitsfarbr\u00e4ume, eciRGB_v2, RGB, sRGB"},{"@type":"BreadcrumbList","@id":"https:\/\/blog.proofs.de\/fi\/welcher-rgb-arbeitsfarbraum-ist-fur-farbverbindliches-arbeiten-geeignet\/#breadcrumblist","itemListElement":[{"@type":"ListItem","@id":"https:\/\/blog.proofs.de\/fi#listItem","position":1,"name":"Home","item":"https:\/\/blog.proofs.de\/fi","nextItem":{"@type":"ListItem","@id":"https:\/\/blog.proofs.de\/fi\/thema\/proof-wissen\/#listItem","name":"Proof Wissen"}},{"@type":"ListItem","@id":"https:\/\/blog.proofs.de\/fi\/thema\/proof-wissen\/#listItem","position":2,"name":"Proof Wissen","item":"https:\/\/blog.proofs.de\/fi\/thema\/proof-wissen\/","nextItem":{"@type":"ListItem","@id":"https:\/\/blog.proofs.de\/fi\/thema\/proof-wissen\/licht-und-normlicht\/#listItem","name":"Licht und Normlicht"},"previousItem":{"@type":"ListItem","@id":"https:\/\/blog.proofs.de\/fi#listItem","name":"Home"}},{"@type":"ListItem","@id":"https:\/\/blog.proofs.de\/fi\/thema\/proof-wissen\/licht-und-normlicht\/#listItem","position":3,"name":"Licht und Normlicht","item":"https:\/\/blog.proofs.de\/fi\/thema\/proof-wissen\/licht-und-normlicht\/","nextItem":{"@type":"ListItem","@id":"https:\/\/blog.proofs.de\/fi\/welcher-rgb-arbeitsfarbraum-ist-fur-farbverbindliches-arbeiten-geeignet\/#listItem","name":"Welcher RGB Arbeitsfarbraum ist f\u00fcr farbverbindliches Arbeiten geeignet?"},"previousItem":{"@type":"ListItem","@id":"https:\/\/blog.proofs.de\/fi\/thema\/proof-wissen\/#listItem","name":"Proof Wissen"}},{"@type":"ListItem","@id":"https:\/\/blog.proofs.de\/fi\/welcher-rgb-arbeitsfarbraum-ist-fur-farbverbindliches-arbeiten-geeignet\/#listItem","position":4,"name":"Welcher RGB Arbeitsfarbraum ist f\u00fcr farbverbindliches Arbeiten geeignet?","previousItem":{"@type":"ListItem","@id":"https:\/\/blog.proofs.de\/fi\/thema\/proof-wissen\/licht-und-normlicht\/#listItem","name":"Licht und Normlicht"}}]},{"@type":"Organization","@id":"https:\/\/blog.proofs.de\/fi\/#organization","name":"Proof GmbH","description":"Farbverbindlicher Proof, Farbproof, Digitalproof und Online-Proof.","url":"https:\/\/blog.proofs.de\/fi\/","telephone":"+4970717952740","logo":{"@type":"ImageObject","url":"https:\/\/blog1.proofen.de\/wp-content\/uploads\/2019\/09\/logo_proof_rgb_mit_balken_250px.png","@id":"https:\/\/blog.proofs.de\/fi\/welcher-rgb-arbeitsfarbraum-ist-fur-farbverbindliches-arbeiten-geeignet\/#organizationLogo"},"image":{"@id":"https:\/\/blog.proofs.de\/fi\/welcher-rgb-arbeitsfarbraum-ist-fur-farbverbindliches-arbeiten-geeignet\/#organizationLogo"},"sameAs":["https:\/\/www.facebook.com\/Proof.de\/","https:\/\/www.instagram.com\/proof.de\/","https:\/\/www.tiktok.com\/@proof_de","https:\/\/www.youtube.com\/channel\/UCk80fQVQ25wC9wu3SywB-Nw","https:\/\/www.linkedin.com\/company\/proof-de"]},{"@type":"Person","@id":"https:\/\/blog.proofs.de\/fi\/author\/mbetz\/#author","url":"https:\/\/blog.proofs.de\/fi\/author\/mbetz\/","name":"Matthias Betz","image":{"@type":"ImageObject","@id":"https:\/\/blog.proofs.de\/fi\/welcher-rgb-arbeitsfarbraum-ist-fur-farbverbindliches-arbeiten-geeignet\/#authorImage","url":"https:\/\/blog.proofs.de\/wp-content\/uploads\/2020\/10\/matthias-betz-e1603934518350-150x150.png","width":96,"height":96,"caption":"Matthias Betz"}},{"@type":"WebPage","@id":"https:\/\/blog.proofs.de\/fi\/welcher-rgb-arbeitsfarbraum-ist-fur-farbverbindliches-arbeiten-geeignet\/#webpage","url":"https:\/\/blog.proofs.de\/fi\/welcher-rgb-arbeitsfarbraum-ist-fur-farbverbindliches-arbeiten-geeignet\/","name":"RGB Farbr\u00e4ume: Das Beste f\u00fcr Farbretuschen | proof.de","description":"eciRGB_V2, sRGB und AdobeRGB 1998: Unterschiede, Eignungen und Vorteile. F\u00fcr Proofs und farbverbindliches Arbeiten sollte eciRGB_V2 verwendet werden.","inLanguage":"fi","isPartOf":{"@id":"https:\/\/blog.proofs.de\/fi\/#website"},"breadcrumb":{"@id":"https:\/\/blog.proofs.de\/fi\/welcher-rgb-arbeitsfarbraum-ist-fur-farbverbindliches-arbeiten-geeignet\/#breadcrumblist"},"author":{"@id":"https:\/\/blog.proofs.de\/fi\/author\/mbetz\/#author"},"creator":{"@id":"https:\/\/blog.proofs.de\/fi\/author\/mbetz\/#author"},"image":{"@type":"ImageObject","url":"https:\/\/blog.proofs.de\/wp-content\/uploads\/2012\/03\/Bildschirmfoto-2012-03-20-um-00.28.50.jpg","@id":"https:\/\/blog.proofs.de\/fi\/welcher-rgb-arbeitsfarbraum-ist-fur-farbverbindliches-arbeiten-geeignet\/#mainImage","width":616,"height":538,"caption":"Vergleich eciRGB_V2 (wei\u00df) und AdobeRGB 1998"},"primaryImageOfPage":{"@id":"https:\/\/blog.proofs.de\/fi\/welcher-rgb-arbeitsfarbraum-ist-fur-farbverbindliches-arbeiten-geeignet\/#mainImage"},"datePublished":"2012-03-20T00:38:47+01:00","dateModified":"2020-05-08T12:42:11+02:00"},{"@type":"WebSite","@id":"https:\/\/blog.proofs.de\/fi\/#website","url":"https:\/\/blog.proofs.de\/fi\/","name":"Proof.de","description":"Farbverbindlicher Proof, Farbproof, Digitalproof und Online-Proof.","inLanguage":"fi","publisher":{"@id":"https:\/\/blog.proofs.de\/fi\/#organization"}}]},"og:locale":"fi_FI","og:site_name":"Proof.de | Alles zu Proof, Farbmanagement, Grafik, Messtechnik &amp; Co.","og:type":"article","og:title":"RGB Farbr\u00e4ume: Das Beste f\u00fcr Farbretuschen | proof.de","og:description":"eciRGB_V2, sRGB und AdobeRGB 1998: Unterschiede, Eignungen und Vorteile. F\u00fcr Proofs und farbverbindliches Arbeiten sollte eciRGB_V2 verwendet werden.","og:url":"https:\/\/blog.proofs.de\/fi\/welcher-rgb-arbeitsfarbraum-ist-fur-farbverbindliches-arbeiten-geeignet\/","og:image":"https:\/\/blog.proofs.de\/wp-content\/uploads\/2012\/03\/Bildschirmfoto-2012-03-20-um-00.28.50.jpg","og:image:secure_url":"https:\/\/blog.proofs.de\/wp-content\/uploads\/2012\/03\/Bildschirmfoto-2012-03-20-um-00.28.50.jpg","og:image:width":616,"og:image:height":538,"article:published_time":"2012-03-19T23:38:47+00:00","article:modified_time":"2020-05-08T10:42:11+00:00","article:publisher":"https:\/\/www.facebook.com\/Proof.de\/","twitter:card":"summary","twitter:title":"RGB Farbr\u00e4ume: Das Beste f\u00fcr Farbretuschen | proof.de","twitter:description":"eciRGB_V2, sRGB und AdobeRGB 1998: Unterschiede, Eignungen und Vorteile. F\u00fcr Proofs und farbverbindliches Arbeiten sollte eciRGB_V2 verwendet werden.","twitter:image":"https:\/\/blog1.proofen.de\/wp-content\/uploads\/2020\/04\/proof_background.jpg"},"aioseo_meta_data":{"post_id":"177","title":"RGB-v\u00e4riavaruudet: Paras vaihtoehto v\u00e4rinkorjauksiin | proof.de","description":"eciRGB_V2, sRGB ja AdobeRGB 1998: erot, soveltuvuus ja edut. Proofien ja v\u00e4risidontaty\u00f6n yhteydess\u00e4 on k\u00e4ytett\u00e4v\u00e4 eciRGB_V2:ta.","keywords":[{"label":"RGB","value":"RGB"},{"label":"Arbeitsfarbraum","value":"Arbeitsfarbraum"},{"label":"Arbeitsfarbr\u00e4ume","value":"Arbeitsfarbr\u00e4ume"},{"label":"eciRGB_v2","value":"eciRGB_v2"},{"label":"AdobeRGB 1998","value":"AdobeRGB 1998"},{"label":"sRGB","value":"sRGB"}],"keyphrases":null,"primary_term":null,"canonical_url":null,"og_title":null,"og_description":null,"og_object_type":"default","og_image_type":"default","og_image_url":null,"og_image_width":null,"og_image_height":null,"og_image_custom_url":null,"og_image_custom_fields":null,"og_video":null,"og_custom_url":null,"og_article_section":null,"og_article_tags":null,"twitter_use_og":false,"twitter_card":"default","twitter_image_type":"default","twitter_image_url":null,"twitter_image_custom_url":null,"twitter_image_custom_fields":null,"twitter_title":null,"twitter_description":null,"schema":{"blockGraphs":[],"customGraphs":[],"default":{"data":{"Article":[],"Course":[],"Dataset":[],"FAQPage":[],"Movie":[],"Person":[],"Product":[],"ProductReview":[],"Car":[],"Recipe":[],"Service":[],"SoftwareApplication":[],"WebPage":[]},"graphName":"","isEnabled":true},"graphs":[],"defaultGraph":"","defaultPostTypeGraph":""},"schema_type":null,"schema_type_options":null,"pillar_content":false,"robots_default":true,"robots_noindex":false,"robots_noarchive":false,"robots_nosnippet":false,"robots_nofollow":false,"robots_noimageindex":false,"robots_noodp":false,"robots_notranslate":false,"robots_max_snippet":null,"robots_max_videopreview":null,"robots_max_imagepreview":"large","priority":null,"frequency":null,"local_seo":null,"breadcrumb_settings":null,"limit_modified_date":false,"ai":null,"created":"2020-12-21 00:36:00","updated":"2025-06-04 14:11:56","seo_analyzer_scan_date":null,"focus_keyword":null,"additional_keywords":null,"truseo_locale":null},"_links":{"self":[{"href":"https:\/\/blog.proofs.de\/fi\/wp-json\/wp\/v2\/posts\/177","targetHints":{"allow":["GET"]}}],"collection":[{"href":"https:\/\/blog.proofs.de\/fi\/wp-json\/wp\/v2\/posts"}],"about":[{"href":"https:\/\/blog.proofs.de\/fi\/wp-json\/wp\/v2\/types\/post"}],"author":[{"embeddable":true,"href":"https:\/\/blog.proofs.de\/fi\/wp-json\/wp\/v2\/users\/2"}],"replies":[{"embeddable":true,"href":"https:\/\/blog.proofs.de\/fi\/wp-json\/wp\/v2\/comments?post=177"}],"version-history":[{"count":10,"href":"https:\/\/blog.proofs.de\/fi\/wp-json\/wp\/v2\/posts\/177\/revisions"}],"predecessor-version":[{"id":3714,"href":"https:\/\/blog.proofs.de\/fi\/wp-json\/wp\/v2\/posts\/177\/revisions\/3714"}],"wp:featuredmedia":[{"embeddable":true,"href":"https:\/\/blog.proofs.de\/fi\/wp-json\/wp\/v2\/media\/180"}],"wp:attachment":[{"href":"https:\/\/blog.proofs.de\/fi\/wp-json\/wp\/v2\/media?parent=177"}],"wp:term":[{"taxonomy":"category","embeddable":true,"href":"https:\/\/blog.proofs.de\/fi\/wp-json\/wp\/v2\/categories?post=177"},{"taxonomy":"post_tag","embeddable":true,"href":"https:\/\/blog.proofs.de\/fi\/wp-json\/wp\/v2\/tags?post=177"}],"curies":[{"name":"wp","href":"https:\/\/api.w.org\/{rel}","templated":true}]}}