{"id":2496,"date":"2019-10-11T01:48:02","date_gmt":"2019-10-10T23:48:02","guid":{"rendered":"https:\/\/www.proof.de\/?p=2496"},"modified":"2023-07-20T09:26:34","modified_gmt":"2023-07-20T07:26:34","slug":"schoen-oli-jaesenten-kokous-2019-vapaan-vaerin-e-v-sveitsissae","status":"publish","type":"post","link":"https:\/\/blog.proofs.de\/fi\/schoen-wars-die-mitgliederversammlung-2019-von-freiefarbe-e-v-in-der-schweiz\/","title":{"rendered":"Se oli mukavaa: freieFarbe e.V.:n vuoden 2019 yleiskokous Sveitsiss\u00e4"},"content":{"rendered":"<div class=\"kk-star-ratings kksr-auto kksr-align-right kksr-valign-top\" data-payload='{\"align\":\"right\",\"id\":\"2496\",\"slug\":\"default\",\"valign\":\"top\",\"ignore\":\"\",\"reference\":\"auto\",\"class\":\"\",\"count\":\"0\",\"legendonly\":\"\",\"readonly\":\"\",\"score\":\"0\",\"starsonly\":\"\",\"best\":\"5\",\"gap\":\"5\",\"greet\":\"Jetzt bewerten\",\"legend\":\"0\\\/5 - (0 votes)\",\"size\":\"24\",\"title\":\"Sch&ouml;n war\\u0026#039;s: Die Mitgliederversammlung 2019 von freieFarbe e.V. in der Schweiz\",\"width\":\"0\",\"_legend\":\"{score}\\\/{best} - ({count} {votes})\",\"font_factor\":\"1.25\"}'>\n            \n<div class=\"kksr-stars\">\n    \n<div class=\"kksr-stars-inactive\">\n            <div class=\"kksr-star\" data-star=\"1\" style=\"padding-right: 5px\">\n            \n\n<div class=\"kksr-icon\" style=\"width: 24px; height: 24px;\"><\/div>\n        <\/div>\n            <div class=\"kksr-star\" data-star=\"2\" style=\"padding-right: 5px\">\n            \n\n<div class=\"kksr-icon\" style=\"width: 24px; height: 24px;\"><\/div>\n        <\/div>\n            <div class=\"kksr-star\" data-star=\"3\" style=\"padding-right: 5px\">\n            \n\n<div class=\"kksr-icon\" style=\"width: 24px; height: 24px;\"><\/div>\n        <\/div>\n            <div class=\"kksr-star\" data-star=\"4\" style=\"padding-right: 5px\">\n            \n\n<div class=\"kksr-icon\" style=\"width: 24px; height: 24px;\"><\/div>\n        <\/div>\n            <div class=\"kksr-star\" data-star=\"5\" style=\"padding-right: 5px\">\n            \n\n<div class=\"kksr-icon\" style=\"width: 24px; height: 24px;\"><\/div>\n        <\/div>\n    <\/div>\n    \n<div class=\"kksr-stars-active\" style=\"width: 0px;\">\n            <div class=\"kksr-star\" style=\"padding-right: 5px\">\n            \n\n<div class=\"kksr-icon\" style=\"width: 24px; height: 24px;\"><\/div>\n        <\/div>\n            <div class=\"kksr-star\" style=\"padding-right: 5px\">\n            \n\n<div class=\"kksr-icon\" style=\"width: 24px; height: 24px;\"><\/div>\n        <\/div>\n            <div class=\"kksr-star\" style=\"padding-right: 5px\">\n            \n\n<div class=\"kksr-icon\" style=\"width: 24px; height: 24px;\"><\/div>\n        <\/div>\n            <div class=\"kksr-star\" style=\"padding-right: 5px\">\n            \n\n<div class=\"kksr-icon\" style=\"width: 24px; height: 24px;\"><\/div>\n        <\/div>\n            <div class=\"kksr-star\" style=\"padding-right: 5px\">\n            \n\n<div class=\"kksr-icon\" style=\"width: 24px; height: 24px;\"><\/div>\n        <\/div>\n    <\/div>\n<\/div>\n                \n\n<div class=\"kksr-legend\" style=\"font-size: 19.2px;\">\n            <span class=\"kksr-muted\">Arvioi nyt<\/span>\n    <\/div>\n    <\/div>\n\n<p class=\"wp-block-paragraph\">Kun freieFarbe e.V. -yhdistys oli viime vuonna kokoontunut T\u00fcbingeniss\u00e4 vuosikokoukseen, t\u00e4n\u00e4 vuonna tapasimme Appenzeller Landissa sijaitsevassa maalaismaisemassa, jonka Peter J\u00e4ger pre2mediasta ja Eric A. Soder pixsource.comista olivat valinneet erinomaisesti, aivan kuten aurinkoisen s\u00e4\u00e4nkin, joka seurasi meit\u00e4 perjantaista sunnuntaihin.<\/p>\n\n\n<div class=\"wp-block-image\">\n<figure class=\"alignright is-resized\"><a href=\"https:\/\/blog1.proofen.de\/wp-content\/uploads\/2019\/10\/gv02.jpg\" target=\"_blank\" rel=\"noreferrer noopener\"><img loading=\"lazy\" decoding=\"async\" src=\"https:\/\/blog1.proofen.de\/wp-content\/uploads\/2019\/10\/gv02-1024x768.jpg\" alt=\"freieFarbe e.V. General Meeting 2019: Majoituksemme Sveitsin vuoristossa\" class=\"wp-image-2503\" width=\"512\" height=\"384\" srcset=\"https:\/\/blog.proofs.de\/wp-content\/uploads\/2019\/10\/gv02-1024x768.jpg 1024w, https:\/\/blog.proofs.de\/wp-content\/uploads\/2019\/10\/gv02-300x225.jpg 300w, https:\/\/blog.proofs.de\/wp-content\/uploads\/2019\/10\/gv02-768x576.jpg 768w, https:\/\/blog.proofs.de\/wp-content\/uploads\/2019\/10\/gv02-400x300.jpg 400w\" sizes=\"auto, (max-width: 512px) 100vw, 512px\"><\/a><figcaption class=\"wp-element-caption\">freieFarbe e.V. General Meeting 2019: Majoituksemme Sveitsin vuoristossa<\/figcaption><\/figure>\n<\/div>\n\n\n<p class=\"wp-block-paragraph\">Yhdistyksen puheenjohtaja Holger Everding DTP Studio Oldenburgista ja Jan-Peter Homann Homann Colormanagementista Berliinist\u00e4 matkustivat T\u00fcbingeniin jo torstaina, ja ensimm\u00e4isen pitk\u00e4n keskusteluillan ja kokouksen j\u00e4lkeen T\u00fcbingenin <a href=\"https:\/\/blog.proofs.de\/fi\/lexikon\/proof\/\" target=\"_self\" title=\"Proof (oikein: sopimusproof) on ISO 12647-7 -sertifioitu graafisen alan proof-laite. Proof simuloi offset- tai syv\u00e4painon v\u00e4rillisyytt\u00e4 v\u00e4ris\u00e4vyjen ja oikeudellisesti sitovalla tavalla ISO-standardin kapeiden toleranssien rajoissa.\" class=\"encyclopedia\">Todiste<\/a>.de-toimistosta, me kolme jatkoimme matkaamme Sveitsiin perjantaiaamuna puolenp\u00e4iv\u00e4n aikoihin. Peter J\u00e4gerin ja Eric A. S\u00f6derin kanssa nautitun yhteisen illallisen j\u00e4lkeen (olimme tuoneet T\u00fcbingenist\u00e4 edellisen\u00e4 iltana yhdess\u00e4 valmistettua sveitsil\u00e4ist\u00e4 perunasalaattia ja k\u00e4sintehtyj\u00e4 Maultaschen-taikinoita) alkoi ilta t\u00e4ynn\u00e4 suunnittelua ja strategiaty\u00f6paja seuraavan yhdistysvuoden teht\u00e4vi\u00e4 ja tavoitteita varten. Ei ole ep\u00e4ilyst\u00e4k\u00e4\u00e4n siit\u00e4, ett\u00e4 t\u00e4m\u00e4kin ilta oli t\u00e4ynn\u00e4 keskusteluja, kehityst\u00e4, naurua ja paljon hauskaa my\u00f6h\u00e4\u00e4n y\u00f6h\u00f6n asti Flensburger Pilsin, sveitsil\u00e4isen Be<a href=\"https:\/\/blog.proofs.de\/fi\/lexikon\/rgb\/\" target=\"_self\" title=\"RGB tarkoittaa v\u00e4rej\u00e4 punainen, vihre\u00e4 ja sininen. Ihmisen v\u00e4rin\u00e4k\u00f6 perustuu n\u00e4ihin v\u00e4reihin.\" class=\"encyclopedia\">rgb<\/a>ier ja viini luovasti muotoiltu houkuttelevissa punaisissa ja vaaleankeltaisissa s\u00e4vyiss\u00e4.<\/p>\n\n\n\n<figure class=\"wp-block-image\"><a href=\"https:\/\/blog1.proofen.de\/wp-content\/uploads\/2019\/10\/gv07.jpg\" target=\"_blank\" rel=\"noreferrer noopener\"><img loading=\"lazy\" decoding=\"async\" width=\"1024\" height=\"768\" src=\"https:\/\/blog1.proofen.de\/wp-content\/uploads\/2019\/10\/gv07-1024x768.jpg\" alt=\"Ote perjantai-iltana pidetyn FreieFarbe-luovan ty\u00f6pajan tuloksista painotuksineen (siniset tarrat) ja vastuualueineen (nimilyhenteet).\" class=\"wp-image-2501\" srcset=\"https:\/\/blog.proofs.de\/wp-content\/uploads\/2019\/10\/gv07-1024x768.jpg 1024w, https:\/\/blog.proofs.de\/wp-content\/uploads\/2019\/10\/gv07-300x225.jpg 300w, https:\/\/blog.proofs.de\/wp-content\/uploads\/2019\/10\/gv07-768x576.jpg 768w, https:\/\/blog.proofs.de\/wp-content\/uploads\/2019\/10\/gv07-400x300.jpg 400w\" sizes=\"auto, (max-width: 1024px) 100vw, 1024px\"><\/a><figcaption class=\"wp-element-caption\">Ote perjantai-iltana pidetyn FreieFarbe-luovan ty\u00f6pajan tuloksista painotuksineen (siniset tarrat) ja vastuualueineen (nimilyhenteet).<\/figcaption><\/figure>\n\n\n\n<p class=\"wp-block-paragraph\">Aamiaisen j\u00e4lkeen jatkoimme lauantaina swissQprintille, jossa kerhon j\u00e4sen Guy Fl\u00fceli kertoi meille yksityiskohtaisesti suurikokoisen digitaalisen painatuksen uusimmasta tekniikasta, vierailimme tuotannossa ja teimme painotestej\u00e4 Karibulla ja muilla SwissQPrintin painokoneilla.<\/p>\n\n\n\n<figure class=\"wp-block-image\"><a href=\"https:\/\/blog1.proofen.de\/wp-content\/uploads\/2019\/10\/jhv2019-1140x550.jpg\" target=\"_blank\" rel=\"noreferrer noopener\"><img loading=\"lazy\" decoding=\"async\" width=\"1024\" height=\"494\" src=\"https:\/\/blog1.proofen.de\/wp-content\/uploads\/2019\/10\/jhv2019-1140x550-1024x494.jpg\" alt=\"Vuotuinen yhti\u00f6kokous freieFarbe e.V. 2019 Sveitsiss\u00e4\" class=\"wp-image-2500\" srcset=\"https:\/\/blog.proofs.de\/wp-content\/uploads\/2019\/10\/jhv2019-1140x550-1024x494.jpg 1024w, https:\/\/blog.proofs.de\/wp-content\/uploads\/2019\/10\/jhv2019-1140x550-300x145.jpg 300w, https:\/\/blog.proofs.de\/wp-content\/uploads\/2019\/10\/jhv2019-1140x550-768x371.jpg 768w, https:\/\/blog.proofs.de\/wp-content\/uploads\/2019\/10\/jhv2019-1140x550-500x241.jpg 500w, https:\/\/blog.proofs.de\/wp-content\/uploads\/2019\/10\/jhv2019-1140x550.jpg 1140w\" sizes=\"auto, (max-width: 1024px) 100vw, 1024px\"><\/a><figcaption class=\"wp-element-caption\">Vasemmalta oikealle: Matteo Baschera, Jan-Peter Homann, Matthias Betz, Holger Everding, Eric A. Soder, Martin Spaar, Peter J\u00e4ger, Michael Jakobi. Poissa: Kai-Uwe Behrmann, Jan Seguda, Guy Fl\u00fceli (kuva).<br><\/figcaption><\/figure>\n\n\n\n<figure class=\"wp-block-gallery has-nested-images columns-default is-cropped wp-block-gallery-2 is-layout-flex wp-block-gallery-is-layout-flex\">\n<figure class=\"wp-block-image\"><a href=\"https:\/\/blog1.proofen.de\/wp-content\/uploads\/2019\/10\/gv06.jpg\"><img loading=\"lazy\" decoding=\"async\" width=\"1024\" height=\"768\" data-id=\"2502\" src=\"https:\/\/blog1.proofen.de\/wp-content\/uploads\/2019\/10\/gv06-1024x768.jpg\" alt=\"Yleiskokous freieFarbe e.V. 2019 osoitteessa swissQprint\" class=\"wp-image-2502\" srcset=\"https:\/\/blog.proofs.de\/wp-content\/uploads\/2019\/10\/gv06-1024x768.jpg 1024w, https:\/\/blog.proofs.de\/wp-content\/uploads\/2019\/10\/gv06-300x225.jpg 300w, https:\/\/blog.proofs.de\/wp-content\/uploads\/2019\/10\/gv06-768x576.jpg 768w, https:\/\/blog.proofs.de\/wp-content\/uploads\/2019\/10\/gv06-400x300.jpg 400w\" sizes=\"auto, (max-width: 1024px) 100vw, 1024px\"><\/a><figcaption class=\"wp-element-caption\">Holger Everding, Guy Fl\u00fceli, Jan-Peter Homann.<\/figcaption><\/figure>\n\n\n\n<figure class=\"wp-block-image\"><a href=\"https:\/\/blog1.proofen.de\/wp-content\/uploads\/2019\/10\/gv04.jpg\"><img loading=\"lazy\" decoding=\"async\" width=\"1024\" height=\"768\" data-id=\"2504\" src=\"https:\/\/blog1.proofen.de\/wp-content\/uploads\/2019\/10\/gv04-1024x768.jpg\" alt=\"swissQprintin n\u00e4yttelytila\" class=\"wp-image-2504\" srcset=\"https:\/\/blog.proofs.de\/wp-content\/uploads\/2019\/10\/gv04-1024x768.jpg 1024w, https:\/\/blog.proofs.de\/wp-content\/uploads\/2019\/10\/gv04-300x225.jpg 300w, https:\/\/blog.proofs.de\/wp-content\/uploads\/2019\/10\/gv04-768x576.jpg 768w, https:\/\/blog.proofs.de\/wp-content\/uploads\/2019\/10\/gv04-400x300.jpg 400w\" sizes=\"auto, (max-width: 1024px) 100vw, 1024px\"><\/a><figcaption class=\"wp-element-caption\">Showroom swissQprint<\/figcaption><\/figure>\n\n\n\n<figure class=\"wp-block-image\"><a href=\"https:\/\/blog1.proofen.de\/wp-content\/uploads\/2019\/10\/gv08.jpg\"><img loading=\"lazy\" decoding=\"async\" width=\"1024\" height=\"768\" data-id=\"2505\" src=\"https:\/\/blog1.proofen.de\/wp-content\/uploads\/2019\/10\/gv08-1024x768.jpg\" alt=\"freieFarbe e.V. osoitteessa swissQprint\" class=\"wp-image-2505\" srcset=\"https:\/\/blog.proofs.de\/wp-content\/uploads\/2019\/10\/gv08-1024x768.jpg 1024w, https:\/\/blog.proofs.de\/wp-content\/uploads\/2019\/10\/gv08-300x225.jpg 300w, https:\/\/blog.proofs.de\/wp-content\/uploads\/2019\/10\/gv08-768x576.jpg 768w, https:\/\/blog.proofs.de\/wp-content\/uploads\/2019\/10\/gv08-400x300.jpg 400w\" sizes=\"auto, (max-width: 1024px) 100vw, 1024px\"><\/a><figcaption class=\"wp-element-caption\">Michael Jakobi, Matteo Baschera, Martin Spaar, Matthias Betz, Guy Fl\u00fceli, Jan-Peter Homann.<\/figcaption><\/figure>\n<\/figure>\n\n\n\n<p class=\"wp-block-paragraph\">Lauantaina mukana oli my\u00f6s muita yhdistyksen j\u00e4seni\u00e4: Michael Jakobi MatchMyColorista, Martin Spaar Schweizer Publisherista, Matteo Baschera Gal<a href=\"https:\/\/blog.proofs.de\/fi\/lexikon\/led\/\" target=\"_self\" title='LED tarkoittaa &quot;valoa s\u00e4teilev\u00e4\u00e4 diodia&quot;, ja grafiikkateollisuudessa se tarkoittaa uutta &quot;LED&quot;-valoa, joka on korvannut vanhemmat valonl\u00e4hteet, kuten neonputket ja volframilamput. Neonputket tunnetaan p\u00e4\u00e4asiassa D50- tai D65-standardivaloalueelta, kun taas volframivalonl\u00e4hteit\u00e4 k\u00e4ytettiin p\u00e4\u00e4asiassa v\u00e4rinmittauslaitteissa, kuten spektrofotometreiss\u00e4 ja kolorimetreiss\u00e4.....' class=\"encyclopedia\">led<\/a>ia, Jan Seguda ColorGATEsta ja ohjelmistokehitt\u00e4j\u00e4 Kai-Uwe Behrmann Chemnitzist\u00e4. Yhteisen lounaan j\u00e4lkeen j\u00e4senten kokous alkoi SwissQPrintin kokoushuoneessa, jota saimme yst\u00e4v\u00e4llisesti k\u00e4ytt\u00e4\u00e4. <a href=\"https:\/\/blog.proofs.de\/fi\/lexikon\/nutzen\/\" target=\"_self\" title=\"Paneelien lukum\u00e4\u00e4r\u00e4 osoittaa, kuinka monta sivua voidaan sijoittaa (ja siten tulostaa) yhdelle tulostettavalle arkille.\" class=\"encyclopedia\">k\u00e4yt\u00e4<\/a> voisi.<\/p>\n\n\n\n<p class=\"wp-block-paragraph\">Sen j\u00e4lkeen, kun on tarkasteltu kiireist\u00e4 vuotta 2018\/19, jossa on kehitetty <a href=\"https:\/\/blog.proofs.de\/fi\/lexikon\/cielab\/\" target=\"_self\" title=\"CIELAB-v\u00e4rimalli m\u00e4\u00e4riteltiin vuonna 1976 Commission Internationale de l&#039;Eclairage -j\u00e4rjest\u00f6n toimesta, ja se kuvaa kaikkia havaittavia v\u00e4rej\u00e4. Se on jatkokehitys Hunter-LAB-v\u00e4riasteikosta vuodelta 1966 ja matemaattinen v\u00e4rimalli, jossa kohteen spektriominaisuudet ja n\u00e4k\u00f6j\u00e4rjestelm\u00e4mme havainto-ominaisuudet on suhteutettu toisiinsa. CIELAB, tai lyhyesti LAB, on edelleen laajalti k\u00e4yt\u00f6ss\u00e4....\" class=\"encyclopedia\">CIELAB<\/a> <a href=\"https:\/\/blog.proofs.de\/fi\/lexikon\/hlc\/\" target=\"_self\" title=\"HLC on hyvin ymm\u00e4rrett\u00e4v\u00e4 CIELAB-v\u00e4riavaruuden esitys. Pystysuora L-akseli on t\u00e4ss\u00e4 sama. V\u00e4ripaikan vaakasuora sijainti m\u00e4\u00e4r\u00e4ytyy positiiviseen a-akseliin n\u00e4hden kulman H (vastap\u00e4iv\u00e4\u00e4n ja asteina) ja s\u00e4teen C eli et\u00e4isyyden L-akseliin mukaan.\" class=\"encyclopedia\">HLC<\/a> Farbatlas XL, DIN SPEC 16699 Open Colour Communication, lukuisat luennot ja messuvierailut. Erityist\u00e4 huomiota kiinnitettiin tulevana vuonna mahdollisesti toteutettaviin ty\u00f6teht\u00e4viin, joissa vastuualueet voitiin jo jakaa yksitt\u00e4isille henkil\u00f6ille tai ty\u00f6ryhmille.<\/p>\n\n\n\n<p class=\"wp-block-paragraph\">T\u00e4ss\u00e4 vaiheessa haluan j\u00e4lleen kerran l\u00e4mpim\u00e4sti suositella, ett\u00e4 a <a href=\"https:\/\/www.freiefarbe.de\/mitglied-werden\/\" target=\"_blank\" rel=\"noreferrer noopener\" aria-label=\"J\u00e4senyys ja yhteisty\u00f6 freieFarbe e.V. -yhdistyksess\u00e4 (avautuu uudessa v\u00e4lilehdess\u00e4)\">J\u00e4senyys ja yhteisty\u00f6 freieFarbe e.V. -yhdistyksess\u00e4.<\/a> mainostaa: Jokainen, joka voi kokea, miten eri alojen ja tieteenalojen kollegat voivat t\u00e4ydent\u00e4\u00e4 ja innostaa toisiaan vapaav\u00e4rien parissa, miten ideat syttyv\u00e4t ja k\u00e4sitteet muotoutuvat yhteisess\u00e4 vuoropuhelussa, tiet\u00e4\u00e4, ett\u00e4 vapaav\u00e4rien impulssit, ideat ja kontaktit eiv\u00e4t merkitse vain vapaaehtoisty\u00f6t\u00e4 hyv\u00e4n asian ja hyv\u00e4n idean hyv\u00e4ksi, vaan my\u00f6s tietoa, n\u00e4k\u00f6alojen laajentamista, yhteisty\u00f6t\u00e4 ja rikastumista. Osallistu, tue, osallistu, hy\u00f6dynn\u00e4 jaettua tietotaitoa ja ideoita. Yhdistys on iloinen kaikesta tuesta.<\/p>\n\n\n\n<p class=\"wp-block-paragraph\">Yhdistyksen kokouksen j\u00e4lkeen l\u00e4hdimme Martin Spaarin ja Kai-Uwe Behrmannin kanssa Reinin laaksosta takaisin vuorille, jossa nautimme lyhyen iltaretken j\u00e4lkeen Eric S\u00f6derin ja Peter J\u00e4gerin valmistaman erinomaisen porcini-risoton salaatin kera. Peter oli itse ker\u00e4nnyt ja kuivannut herkkusienet v\u00e4h\u00e4n aiemmin vuorilla, unohtumaton makuel\u00e4mys!<\/p>\n\n\n<div class=\"wp-block-image\">\n<figure class=\"alignright is-resized\"><a href=\"https:\/\/blog1.proofen.de\/wp-content\/uploads\/2019\/10\/gv03.jpg\" target=\"_blank\" rel=\"noreferrer noopener\"><img loading=\"lazy\" decoding=\"async\" src=\"https:\/\/blog1.proofen.de\/wp-content\/uploads\/2019\/10\/gv03-1024x768.jpg\" alt=\"Vilkasta keskustelua lauantai-iltana vuoristomajassa freieFarbe e.V:n vuosikokouksessa.\" class=\"wp-image-2506\" width=\"512\" height=\"384\" srcset=\"https:\/\/blog.proofs.de\/wp-content\/uploads\/2019\/10\/gv03-1024x768.jpg 1024w, https:\/\/blog.proofs.de\/wp-content\/uploads\/2019\/10\/gv03-300x225.jpg 300w, https:\/\/blog.proofs.de\/wp-content\/uploads\/2019\/10\/gv03-768x576.jpg 768w, https:\/\/blog.proofs.de\/wp-content\/uploads\/2019\/10\/gv03-400x300.jpg 400w\" sizes=\"auto, (max-width: 512px) 100vw, 512px\"><\/a><figcaption class=\"wp-element-caption\">Vilkasta keskustelua lauantai-iltana vuoristomajassa freieFarbe e.V:n vuosikokouksessa.<\/figcaption><\/figure>\n<\/div>\n\n\n<p class=\"wp-block-paragraph\">Kun toinen ilta t\u00e4ynn\u00e4 ideoita v\u00e4lill\u00e4 Flens, viini\u00e4, Opensource, <a href=\"https:\/\/blog.proofs.de\/fi\/lexikon\/kugelkopfmessgeraet\/\" target=\"_self\" title=\"Pallop\u00e4\u00e4n spektrofotometrit, kuten KonicaMinolta CM-26d, ovat v\u00e4rinmittauslaitteiden luokka, joka voi mitata d:8\u00b0 pallop\u00e4\u00e4geometrialla mittaustiloissa SCI - &quot;Specular Component Included&quot; (peilikomponentti mukana) sek\u00e4 SCE - &quot;Specular Component Excluded&quot; (peilikomponentti pois lukien).\" class=\"encyclopedia\">Palloisen p\u00e4\u00e4n mittari<\/a>en, v\u00e4ri\u00e4\u00e4nest\u00e4j\u00e4t, <a href=\"https:\/\/blog.proofs.de\/fi\/lexikon\/cxf\/\" target=\"_self\" title='CxF on lyhenne sanoista &quot;Color Exchange Format&quot;, joka on avoin XML-muoto v\u00e4ritietojen vaihtoon.' class=\"encyclopedia\">CxF<\/a> ja paljon muuta, menimme nukkumaan. Seuraavana aamuna runsaan aamiaisen ja talon siivoamisen j\u00e4lkeen l\u00e4hdimme lyhyelle vuoristoretkelle. Sill\u00e4 v\u00e4lin kun Matthias Betz kuvasi gigapikselin panoraamakuvan vuoren satulan toisella puolella, josta avautui n\u00e4kym\u00e4 S\u00e4ntikseen, muut ryhm\u00e4l\u00e4iset tekiv\u00e4t viel\u00e4 muutaman metrin korkeuseron toisella puolella, ennen kuin kokoonnuimme j\u00e4lleen yhteen spontaania lyhytt\u00e4 videokuvausta varten. \"I am with freieFarbe...\" oli teema, jonka olimme asettaneet itsellemme. My\u00f6nnett\u00e4k\u00f6\u00f6n: \u00c4\u00e4nenlaatu voisi olla parempi, videon laatu my\u00f6s, mutta lausunnot eiv\u00e4t olleet: osuimme t\u00e4ss\u00e4 hyvin naulan kantaan: freieFarbe on t\u00e4rke\u00e4, mit\u00e4 erilaisimmista syist\u00e4. Kaiken ty\u00f6n lis\u00e4ksi freieFarbe on my\u00f6s melko yksinkertainen: \"Yksinkertaisesti siisti\", sanoo Kai-Uwe Behrmann.<\/p>\n\n\n\n<p class=\"wp-block-paragraph\">Puolenp\u00e4iv\u00e4n aikoihin aloitimme sitten paluumatkamme vuorelta: 3x l\u00e4heiseen Sveitsiin, 1x Z\u00fcrichist\u00e4 lentokoneella Berliiniin ja autolla T\u00fcbingeniin ... josta Holger Everding ja Kai-Uwe Behrmann jatkoivat junalla ja autolla Oldenburgiin ja Chemnitziin ...<\/p>","protected":false},"excerpt":{"rendered":"<p>Kun freieFarbe e.V. -yhdistys kokoontui viime vuonna T\u00fcbingeniss\u00e4 vuosikokoukseensa, t\u00e4n\u00e4 vuonna kokoonnuimme Appenzeller Landissa sijaitsevaan maalaismaisemaan, jonka Peter J\u00e4ger pre2mediasta ja Eric A. Soder pixsource.comista olivat valinneet t\u00e4ydellisesti, kuten my\u00f6s aurinkoisen s\u00e4\u00e4n, joka seurasi meit\u00e4 perjantaista sunnuntaihin. Yhdistyksen puheenjohtaja Holger Everding DTP Studio Oldenburgista ja Jan-Peter Homann berliinil\u00e4isest\u00e4 Homann Colormanagementista matkustivat T\u00fcbingeniin torstaina, ja ensimm\u00e4isen pitk\u00e4n ja keskusteluja t\u00e4ynn\u00e4 olleen y\u00f6n j\u00e4lkeen jatkoimme ... <\/p>\n<p class=\"read-more-container\"><a title=\"Se oli mukavaa: freieFarbe e.V.:n vuoden 2019 yleiskokous Sveitsiss\u00e4\" class=\"read-more button\" href=\"https:\/\/blog.proofs.de\/fi\/schoen-wars-die-mitgliederversammlung-2019-von-freiefarbe-e-v-in-der-schweiz\/#more-2496\" aria-label=\"Lue lis\u00e4\u00e4 aiheesta Se oli hienoa: freieFarbe e.V.:n vuoden 2019 yhti\u00f6kokous Sveitsiss\u00e4\">Lue lis\u00e4\u00e4<\/a><\/p>","protected":false},"author":2,"featured_media":2500,"comment_status":"open","ping_status":"open","sticky":false,"template":"","format":"standard","meta":{"om_disable_all_campaigns":false,"inline_featured_image":false,"_monsterinsights_skip_tracking":false,"footnotes":""},"categories":[1,435,120],"tags":[901,679,905,908,903,906,910,907,732,909,803,904,539,902],"class_list":["post-2496","post","type-post","status-publish","format-standard","has-post-thumbnail","hentry","category-allgemein","category-farbraeume-und-farbprofile","category-kategorie-proof-gmbh","tag-freie-farbe","tag-freiefarbe","tag-holger-everding","tag-jan-seguda","tag-jan-peter-homann","tag-kai-uwe-behrmann","tag-martin-spaar","tag-matteo-baschera","tag-matthias-betz","tag-michael-jakobi","tag-mitgliederversammlung","tag-peter-jaeger","tag-proof-gmbh","tag-schweiz","generate-columns","tablet-grid-50","mobile-grid-100","grid-parent","grid-50","no-featured-image-padding","resize-featured-image"],"aioseo_notices":[],"aioseo_head":"\n\t\t<!-- All in One SEO 5.0.1.1 - aioseo.com -->\n\t<meta name=\"description\" content=\"Nachdem sich freieFarbe im letzten Jahr in T\u00fcbingen bei bei proof.de zur Mitgliederversammlung getroffen hatte, waren wir 2019 in St. Gallen zusammen\" \/>\n\t<meta name=\"robots\" content=\"max-image-preview:large\" \/>\n\t<meta name=\"author\" content=\"Matthias Betz\"\/>\n\t<meta name=\"google-site-verification\" content=\"TuXxyRwxcEg2-WfOaQ8vScWQh3-uBAnxXmY7g3GT90A\" \/>\n\t<meta name=\"keywords\" content=\"freie farbe,freiefarbe,proof gmbh,mitgliederversammlung,schweiz,peter j\u00e4ger,jan-peter homann,holger everding,matthias betz,kai-uwe behrmann,matteo baschera,martin spaar,jan seguda,michael jakobi,guy fl\u00fceli,freie farbe,freiefarbe,holger everding,jan seguda,jan-peter homann,kai-uwe behrmann,martin spaar,matteo baschera,matthias betz,michael jakobi,mitgliederversammlung,peter j\u00e4ger,proof gmbh,schweiz\" \/>\n\t<link rel=\"canonical\" href=\"https:\/\/blog.proofs.de\/fi\/schoen-wars-die-mitgliederversammlung-2019-von-freiefarbe-e-v-in-der-schweiz\/\" \/>\n\t<meta name=\"generator\" content=\"All in One SEO (AIOSEO) 5.0.1.1\" \/>\n\n\t\t<meta name=\"seobility\" content=\"593a8578143db71543f014978c690d47\">\n\t\t<meta property=\"og:locale\" content=\"fi_FI\" \/>\n\t\t<meta property=\"og:site_name\" content=\"Proof.de | Alles zu Proof, Farbmanagement, Grafik, Messtechnik &amp; Co.\" \/>\n\t\t<meta property=\"og:type\" content=\"article\" \/>\n\t\t<meta property=\"og:title\" content=\"Mitgliederversammlung 2019 freieFarbe e.V. | proof.de\" \/>\n\t\t<meta property=\"og:description\" content=\"Nachdem sich freieFarbe im letzten Jahr in T\u00fcbingen bei bei proof.de zur Mitgliederversammlung getroffen hatte, waren wir 2019 in St. Gallen zusammen\" \/>\n\t\t<meta property=\"og:url\" content=\"https:\/\/blog.proofs.de\/fi\/schoen-wars-die-mitgliederversammlung-2019-von-freiefarbe-e-v-in-der-schweiz\/\" \/>\n\t\t<meta property=\"og:image\" content=\"https:\/\/blog.proofs.de\/wp-content\/uploads\/2019\/10\/jhv2019-1140x550.jpg\" \/>\n\t\t<meta property=\"og:image:secure_url\" content=\"https:\/\/blog.proofs.de\/wp-content\/uploads\/2019\/10\/jhv2019-1140x550.jpg\" \/>\n\t\t<meta property=\"og:image:width\" content=\"1140\" \/>\n\t\t<meta property=\"og:image:height\" content=\"550\" \/>\n\t\t<meta property=\"article:published_time\" content=\"2019-10-10T23:48:02+00:00\" \/>\n\t\t<meta property=\"article:modified_time\" content=\"2023-07-20T07:26:34+00:00\" \/>\n\t\t<meta property=\"article:publisher\" content=\"https:\/\/www.facebook.com\/Proof.de\/\" \/>\n\t\t<meta name=\"twitter:card\" content=\"summary\" \/>\n\t\t<meta name=\"twitter:title\" content=\"Mitgliederversammlung 2019 freieFarbe e.V. | proof.de\" \/>\n\t\t<meta name=\"twitter:description\" content=\"Nachdem sich freieFarbe im letzten Jahr in T\u00fcbingen bei bei proof.de zur Mitgliederversammlung getroffen hatte, waren wir 2019 in St. Gallen zusammen\" \/>\n\t\t<meta name=\"twitter:image\" content=\"https:\/\/blog1.proofen.de\/wp-content\/uploads\/2020\/04\/proof_background.jpg\" \/>\n\t\t<script type=\"application\/ld+json\" class=\"aioseo-schema\">\n\t\t\t{\"@context\":\"https:\\\/\\\/schema.org\",\"@graph\":[{\"@type\":\"Article\",\"@id\":\"https:\\\/\\\/blog.proofs.de\\\/fi\\\/schoen-wars-die-mitgliederversammlung-2019-von-freiefarbe-e-v-in-der-schweiz\\\/#article\",\"name\":\"Mitgliederversammlung 2019 freieFarbe e.V. | proof.de\",\"headline\":\"Sch\\u00f6n war&#8217;s: Die Mitgliederversammlung 2019 von freieFarbe e.V. in der Schweiz\",\"author\":{\"@id\":\"https:\\\/\\\/blog.proofs.de\\\/fi\\\/author\\\/mbetz\\\/#author\"},\"publisher\":{\"@id\":\"https:\\\/\\\/blog.proofs.de\\\/fi\\\/#organization\"},\"image\":{\"@type\":\"ImageObject\",\"url\":\"https:\\\/\\\/blog.proofs.de\\\/wp-content\\\/uploads\\\/2019\\\/10\\\/jhv2019-1140x550.jpg\",\"width\":1140,\"height\":550,\"caption\":\"von links nach rechts: Matteo Baschera, Jan-Peter Homann, Matthias Betz, Holger Everding, Eric A. Soder, Martin Spaar, Peter J\\u00e4ger, Michael Jakobi. Es fehlen: Kai-Uwe Behrmann, Jan Seguda, Guy Fl\\u00fceli (Foto)\"},\"datePublished\":\"2019-10-11T01:48:02+02:00\",\"dateModified\":\"2023-07-20T09:26:34+02:00\",\"inLanguage\":\"fi\",\"mainEntityOfPage\":{\"@id\":\"https:\\\/\\\/blog.proofs.de\\\/fi\\\/schoen-wars-die-mitgliederversammlung-2019-von-freiefarbe-e-v-in-der-schweiz\\\/#webpage\"},\"isPartOf\":{\"@id\":\"https:\\\/\\\/blog.proofs.de\\\/fi\\\/schoen-wars-die-mitgliederversammlung-2019-von-freiefarbe-e-v-in-der-schweiz\\\/#webpage\"},\"articleSection\":\"Allgemein, Farbr\\u00e4ume und Farbprofile, Proof GmbH, freie Farbe, freieFarbe, Holger Everding, Jan Seguda, Jan-Peter Homann, Kai-Uwe Behrmann, Martin Spaar, Matteo Baschera, Matthias Betz, Michael Jakobi, Mitgliederversammlung, Peter J\\u00e4ger, Proof GmbH, Schweiz\"},{\"@type\":\"BreadcrumbList\",\"@id\":\"https:\\\/\\\/blog.proofs.de\\\/fi\\\/schoen-wars-die-mitgliederversammlung-2019-von-freiefarbe-e-v-in-der-schweiz\\\/#breadcrumblist\",\"itemListElement\":[{\"@type\":\"ListItem\",\"@id\":\"https:\\\/\\\/blog.proofs.de\\\/fi#listItem\",\"position\":1,\"name\":\"Home\",\"item\":\"https:\\\/\\\/blog.proofs.de\\\/fi\",\"nextItem\":{\"@type\":\"ListItem\",\"@id\":\"https:\\\/\\\/blog.proofs.de\\\/fi\\\/thema\\\/proof-wissen\\\/#listItem\",\"name\":\"Proof Wissen\"}},{\"@type\":\"ListItem\",\"@id\":\"https:\\\/\\\/blog.proofs.de\\\/fi\\\/thema\\\/proof-wissen\\\/#listItem\",\"position\":2,\"name\":\"Proof Wissen\",\"item\":\"https:\\\/\\\/blog.proofs.de\\\/fi\\\/thema\\\/proof-wissen\\\/\",\"nextItem\":{\"@type\":\"ListItem\",\"@id\":\"https:\\\/\\\/blog.proofs.de\\\/fi\\\/thema\\\/proof-wissen\\\/kategorie-proof-gmbh\\\/#listItem\",\"name\":\"Proof GmbH\"},\"previousItem\":{\"@type\":\"ListItem\",\"@id\":\"https:\\\/\\\/blog.proofs.de\\\/fi#listItem\",\"name\":\"Home\"}},{\"@type\":\"ListItem\",\"@id\":\"https:\\\/\\\/blog.proofs.de\\\/fi\\\/thema\\\/proof-wissen\\\/kategorie-proof-gmbh\\\/#listItem\",\"position\":3,\"name\":\"Proof GmbH\",\"item\":\"https:\\\/\\\/blog.proofs.de\\\/fi\\\/thema\\\/proof-wissen\\\/kategorie-proof-gmbh\\\/\",\"nextItem\":{\"@type\":\"ListItem\",\"@id\":\"https:\\\/\\\/blog.proofs.de\\\/fi\\\/schoen-wars-die-mitgliederversammlung-2019-von-freiefarbe-e-v-in-der-schweiz\\\/#listItem\",\"name\":\"Sch\\u00f6n war&#8217;s: Die Mitgliederversammlung 2019 von freieFarbe e.V. in der Schweiz\"},\"previousItem\":{\"@type\":\"ListItem\",\"@id\":\"https:\\\/\\\/blog.proofs.de\\\/fi\\\/thema\\\/proof-wissen\\\/#listItem\",\"name\":\"Proof Wissen\"}},{\"@type\":\"ListItem\",\"@id\":\"https:\\\/\\\/blog.proofs.de\\\/fi\\\/schoen-wars-die-mitgliederversammlung-2019-von-freiefarbe-e-v-in-der-schweiz\\\/#listItem\",\"position\":4,\"name\":\"Sch\\u00f6n war&#8217;s: Die Mitgliederversammlung 2019 von freieFarbe e.V. in der Schweiz\",\"previousItem\":{\"@type\":\"ListItem\",\"@id\":\"https:\\\/\\\/blog.proofs.de\\\/fi\\\/thema\\\/proof-wissen\\\/kategorie-proof-gmbh\\\/#listItem\",\"name\":\"Proof GmbH\"}}]},{\"@type\":\"Organization\",\"@id\":\"https:\\\/\\\/blog.proofs.de\\\/fi\\\/#organization\",\"name\":\"Proof GmbH\",\"description\":\"Farbverbindlicher Proof, Farbproof, Digitalproof und Online-Proof.\",\"url\":\"https:\\\/\\\/blog.proofs.de\\\/fi\\\/\",\"telephone\":\"+4970717952740\",\"logo\":{\"@type\":\"ImageObject\",\"url\":\"https:\\\/\\\/blog1.proofen.de\\\/wp-content\\\/uploads\\\/2019\\\/09\\\/logo_proof_rgb_mit_balken_250px.png\",\"@id\":\"https:\\\/\\\/blog.proofs.de\\\/fi\\\/schoen-wars-die-mitgliederversammlung-2019-von-freiefarbe-e-v-in-der-schweiz\\\/#organizationLogo\"},\"image\":{\"@id\":\"https:\\\/\\\/blog.proofs.de\\\/fi\\\/schoen-wars-die-mitgliederversammlung-2019-von-freiefarbe-e-v-in-der-schweiz\\\/#organizationLogo\"},\"sameAs\":[\"https:\\\/\\\/www.facebook.com\\\/Proof.de\\\/\",\"https:\\\/\\\/www.instagram.com\\\/proof.de\\\/\",\"https:\\\/\\\/www.tiktok.com\\\/@proof_de\",\"https:\\\/\\\/www.youtube.com\\\/channel\\\/UCk80fQVQ25wC9wu3SywB-Nw\",\"https:\\\/\\\/www.linkedin.com\\\/company\\\/proof-de\"]},{\"@type\":\"Person\",\"@id\":\"https:\\\/\\\/blog.proofs.de\\\/fi\\\/author\\\/mbetz\\\/#author\",\"url\":\"https:\\\/\\\/blog.proofs.de\\\/fi\\\/author\\\/mbetz\\\/\",\"name\":\"Matthias Betz\",\"image\":{\"@type\":\"ImageObject\",\"@id\":\"https:\\\/\\\/blog.proofs.de\\\/fi\\\/schoen-wars-die-mitgliederversammlung-2019-von-freiefarbe-e-v-in-der-schweiz\\\/#authorImage\",\"url\":\"https:\\\/\\\/blog.proofs.de\\\/wp-content\\\/uploads\\\/2020\\\/10\\\/matthias-betz-e1603934518350-150x150.png\",\"width\":96,\"height\":96,\"caption\":\"Matthias Betz\"}},{\"@type\":\"WebPage\",\"@id\":\"https:\\\/\\\/blog.proofs.de\\\/fi\\\/schoen-wars-die-mitgliederversammlung-2019-von-freiefarbe-e-v-in-der-schweiz\\\/#webpage\",\"url\":\"https:\\\/\\\/blog.proofs.de\\\/fi\\\/schoen-wars-die-mitgliederversammlung-2019-von-freiefarbe-e-v-in-der-schweiz\\\/\",\"name\":\"Mitgliederversammlung 2019 freieFarbe e.V. | proof.de\",\"description\":\"Nachdem sich freieFarbe im letzten Jahr in T\\u00fcbingen bei bei proof.de zur Mitgliederversammlung getroffen hatte, waren wir 2019 in St. Gallen zusammen\",\"inLanguage\":\"fi\",\"isPartOf\":{\"@id\":\"https:\\\/\\\/blog.proofs.de\\\/fi\\\/#website\"},\"breadcrumb\":{\"@id\":\"https:\\\/\\\/blog.proofs.de\\\/fi\\\/schoen-wars-die-mitgliederversammlung-2019-von-freiefarbe-e-v-in-der-schweiz\\\/#breadcrumblist\"},\"author\":{\"@id\":\"https:\\\/\\\/blog.proofs.de\\\/fi\\\/author\\\/mbetz\\\/#author\"},\"creator\":{\"@id\":\"https:\\\/\\\/blog.proofs.de\\\/fi\\\/author\\\/mbetz\\\/#author\"},\"image\":{\"@type\":\"ImageObject\",\"url\":\"https:\\\/\\\/blog.proofs.de\\\/wp-content\\\/uploads\\\/2019\\\/10\\\/jhv2019-1140x550.jpg\",\"@id\":\"https:\\\/\\\/blog.proofs.de\\\/fi\\\/schoen-wars-die-mitgliederversammlung-2019-von-freiefarbe-e-v-in-der-schweiz\\\/#mainImage\",\"width\":1140,\"height\":550,\"caption\":\"von links nach rechts: Matteo Baschera, Jan-Peter Homann, Matthias Betz, Holger Everding, Eric A. Soder, Martin Spaar, Peter J\\u00e4ger, Michael Jakobi. Es fehlen: Kai-Uwe Behrmann, Jan Seguda, Guy Fl\\u00fceli (Foto)\"},\"primaryImageOfPage\":{\"@id\":\"https:\\\/\\\/blog.proofs.de\\\/fi\\\/schoen-wars-die-mitgliederversammlung-2019-von-freiefarbe-e-v-in-der-schweiz\\\/#mainImage\"},\"datePublished\":\"2019-10-11T01:48:02+02:00\",\"dateModified\":\"2023-07-20T09:26:34+02:00\"},{\"@type\":\"WebSite\",\"@id\":\"https:\\\/\\\/blog.proofs.de\\\/fi\\\/#website\",\"url\":\"https:\\\/\\\/blog.proofs.de\\\/fi\\\/\",\"name\":\"Proof.de\",\"description\":\"Farbverbindlicher Proof, Farbproof, Digitalproof und Online-Proof.\",\"inLanguage\":\"fi\",\"publisher\":{\"@id\":\"https:\\\/\\\/blog.proofs.de\\\/fi\\\/#organization\"}}]}\n\t\t<\/script>\n\t\t<!-- All in One SEO -->\n\n","aioseo_head_json":{"title":"Yhti\u00f6kokous 2019 freieFarbe e.V. | proof.de","description":"Kun freieFarbe tapasi viime vuonna T\u00fcbingeniss\u00e4 proof.de:n yleiskokouksessa, olimme yhdess\u00e4 St. Gallenissa vuonna 2019.","canonical_url":"https:\/\/blog.proofs.de\/fi\/schoen-wars-die-mitgliederversammlung-2019-von-freiefarbe-e-v-in-der-schweiz\/","robots":"max-image-preview:large","keywords":"freie farbe,freiefarbe,proof gmbh,mitgliederversammlung,schweiz,peter j\u00e4ger,jan-peter homann,holger everding,matthias betz,kai-uwe behrmann,matteo baschera,martin spaar,jan seguda,michael jakobi,guy fl\u00fceli,freie farbe,freiefarbe,holger everding,jan seguda,jan-peter homann,kai-uwe behrmann,martin spaar,matteo baschera,matthias betz,michael jakobi,mitgliederversammlung,peter j\u00e4ger,proof gmbh,schweiz","webmasterTools":{"google-site-verification":"TuXxyRwxcEg2-WfOaQ8vScWQh3-uBAnxXmY7g3GT90A","miscellaneous":"&lt;meta name=\"seobility\" content=\"593a8578143db71543f014978c690d47\"&gt;"},"schema":{"@context":"https:\/\/schema.org","@graph":[{"@type":"Article","@id":"https:\/\/blog.proofs.de\/fi\/schoen-wars-die-mitgliederversammlung-2019-von-freiefarbe-e-v-in-der-schweiz\/#article","name":"Mitgliederversammlung 2019 freieFarbe e.V. | proof.de","headline":"Sch\u00f6n war&#8217;s: Die Mitgliederversammlung 2019 von freieFarbe e.V. in der Schweiz","author":{"@id":"https:\/\/blog.proofs.de\/fi\/author\/mbetz\/#author"},"publisher":{"@id":"https:\/\/blog.proofs.de\/fi\/#organization"},"image":{"@type":"ImageObject","url":"https:\/\/blog.proofs.de\/wp-content\/uploads\/2019\/10\/jhv2019-1140x550.jpg","width":1140,"height":550,"caption":"von links nach rechts: Matteo Baschera, Jan-Peter Homann, Matthias Betz, Holger Everding, Eric A. Soder, Martin Spaar, Peter J\u00e4ger, Michael Jakobi. Es fehlen: Kai-Uwe Behrmann, Jan Seguda, Guy Fl\u00fceli (Foto)"},"datePublished":"2019-10-11T01:48:02+02:00","dateModified":"2023-07-20T09:26:34+02:00","inLanguage":"fi","mainEntityOfPage":{"@id":"https:\/\/blog.proofs.de\/fi\/schoen-wars-die-mitgliederversammlung-2019-von-freiefarbe-e-v-in-der-schweiz\/#webpage"},"isPartOf":{"@id":"https:\/\/blog.proofs.de\/fi\/schoen-wars-die-mitgliederversammlung-2019-von-freiefarbe-e-v-in-der-schweiz\/#webpage"},"articleSection":"Allgemein, Farbr\u00e4ume und Farbprofile, Proof GmbH, freie Farbe, freieFarbe, Holger Everding, Jan Seguda, Jan-Peter Homann, Kai-Uwe Behrmann, Martin Spaar, Matteo Baschera, Matthias Betz, Michael Jakobi, Mitgliederversammlung, Peter J\u00e4ger, Proof GmbH, Schweiz"},{"@type":"BreadcrumbList","@id":"https:\/\/blog.proofs.de\/fi\/schoen-wars-die-mitgliederversammlung-2019-von-freiefarbe-e-v-in-der-schweiz\/#breadcrumblist","itemListElement":[{"@type":"ListItem","@id":"https:\/\/blog.proofs.de\/fi#listItem","position":1,"name":"Home","item":"https:\/\/blog.proofs.de\/fi","nextItem":{"@type":"ListItem","@id":"https:\/\/blog.proofs.de\/fi\/thema\/proof-wissen\/#listItem","name":"Proof Wissen"}},{"@type":"ListItem","@id":"https:\/\/blog.proofs.de\/fi\/thema\/proof-wissen\/#listItem","position":2,"name":"Proof Wissen","item":"https:\/\/blog.proofs.de\/fi\/thema\/proof-wissen\/","nextItem":{"@type":"ListItem","@id":"https:\/\/blog.proofs.de\/fi\/thema\/proof-wissen\/kategorie-proof-gmbh\/#listItem","name":"Proof GmbH"},"previousItem":{"@type":"ListItem","@id":"https:\/\/blog.proofs.de\/fi#listItem","name":"Home"}},{"@type":"ListItem","@id":"https:\/\/blog.proofs.de\/fi\/thema\/proof-wissen\/kategorie-proof-gmbh\/#listItem","position":3,"name":"Proof GmbH","item":"https:\/\/blog.proofs.de\/fi\/thema\/proof-wissen\/kategorie-proof-gmbh\/","nextItem":{"@type":"ListItem","@id":"https:\/\/blog.proofs.de\/fi\/schoen-wars-die-mitgliederversammlung-2019-von-freiefarbe-e-v-in-der-schweiz\/#listItem","name":"Sch\u00f6n war&#8217;s: Die Mitgliederversammlung 2019 von freieFarbe e.V. in der Schweiz"},"previousItem":{"@type":"ListItem","@id":"https:\/\/blog.proofs.de\/fi\/thema\/proof-wissen\/#listItem","name":"Proof Wissen"}},{"@type":"ListItem","@id":"https:\/\/blog.proofs.de\/fi\/schoen-wars-die-mitgliederversammlung-2019-von-freiefarbe-e-v-in-der-schweiz\/#listItem","position":4,"name":"Sch\u00f6n war&#8217;s: Die Mitgliederversammlung 2019 von freieFarbe e.V. in der Schweiz","previousItem":{"@type":"ListItem","@id":"https:\/\/blog.proofs.de\/fi\/thema\/proof-wissen\/kategorie-proof-gmbh\/#listItem","name":"Proof GmbH"}}]},{"@type":"Organization","@id":"https:\/\/blog.proofs.de\/fi\/#organization","name":"Proof GmbH","description":"Farbverbindlicher Proof, Farbproof, Digitalproof und Online-Proof.","url":"https:\/\/blog.proofs.de\/fi\/","telephone":"+4970717952740","logo":{"@type":"ImageObject","url":"https:\/\/blog1.proofen.de\/wp-content\/uploads\/2019\/09\/logo_proof_rgb_mit_balken_250px.png","@id":"https:\/\/blog.proofs.de\/fi\/schoen-wars-die-mitgliederversammlung-2019-von-freiefarbe-e-v-in-der-schweiz\/#organizationLogo"},"image":{"@id":"https:\/\/blog.proofs.de\/fi\/schoen-wars-die-mitgliederversammlung-2019-von-freiefarbe-e-v-in-der-schweiz\/#organizationLogo"},"sameAs":["https:\/\/www.facebook.com\/Proof.de\/","https:\/\/www.instagram.com\/proof.de\/","https:\/\/www.tiktok.com\/@proof_de","https:\/\/www.youtube.com\/channel\/UCk80fQVQ25wC9wu3SywB-Nw","https:\/\/www.linkedin.com\/company\/proof-de"]},{"@type":"Person","@id":"https:\/\/blog.proofs.de\/fi\/author\/mbetz\/#author","url":"https:\/\/blog.proofs.de\/fi\/author\/mbetz\/","name":"Matthias Betz","image":{"@type":"ImageObject","@id":"https:\/\/blog.proofs.de\/fi\/schoen-wars-die-mitgliederversammlung-2019-von-freiefarbe-e-v-in-der-schweiz\/#authorImage","url":"https:\/\/blog.proofs.de\/wp-content\/uploads\/2020\/10\/matthias-betz-e1603934518350-150x150.png","width":96,"height":96,"caption":"Matthias Betz"}},{"@type":"WebPage","@id":"https:\/\/blog.proofs.de\/fi\/schoen-wars-die-mitgliederversammlung-2019-von-freiefarbe-e-v-in-der-schweiz\/#webpage","url":"https:\/\/blog.proofs.de\/fi\/schoen-wars-die-mitgliederversammlung-2019-von-freiefarbe-e-v-in-der-schweiz\/","name":"Mitgliederversammlung 2019 freieFarbe e.V. | proof.de","description":"Nachdem sich freieFarbe im letzten Jahr in T\u00fcbingen bei bei proof.de zur Mitgliederversammlung getroffen hatte, waren wir 2019 in St. Gallen zusammen","inLanguage":"fi","isPartOf":{"@id":"https:\/\/blog.proofs.de\/fi\/#website"},"breadcrumb":{"@id":"https:\/\/blog.proofs.de\/fi\/schoen-wars-die-mitgliederversammlung-2019-von-freiefarbe-e-v-in-der-schweiz\/#breadcrumblist"},"author":{"@id":"https:\/\/blog.proofs.de\/fi\/author\/mbetz\/#author"},"creator":{"@id":"https:\/\/blog.proofs.de\/fi\/author\/mbetz\/#author"},"image":{"@type":"ImageObject","url":"https:\/\/blog.proofs.de\/wp-content\/uploads\/2019\/10\/jhv2019-1140x550.jpg","@id":"https:\/\/blog.proofs.de\/fi\/schoen-wars-die-mitgliederversammlung-2019-von-freiefarbe-e-v-in-der-schweiz\/#mainImage","width":1140,"height":550,"caption":"von links nach rechts: Matteo Baschera, Jan-Peter Homann, Matthias Betz, Holger Everding, Eric A. Soder, Martin Spaar, Peter J\u00e4ger, Michael Jakobi. Es fehlen: Kai-Uwe Behrmann, Jan Seguda, Guy Fl\u00fceli (Foto)"},"primaryImageOfPage":{"@id":"https:\/\/blog.proofs.de\/fi\/schoen-wars-die-mitgliederversammlung-2019-von-freiefarbe-e-v-in-der-schweiz\/#mainImage"},"datePublished":"2019-10-11T01:48:02+02:00","dateModified":"2023-07-20T09:26:34+02:00"},{"@type":"WebSite","@id":"https:\/\/blog.proofs.de\/fi\/#website","url":"https:\/\/blog.proofs.de\/fi\/","name":"Proof.de","description":"Farbverbindlicher Proof, Farbproof, Digitalproof und Online-Proof.","inLanguage":"fi","publisher":{"@id":"https:\/\/blog.proofs.de\/fi\/#organization"}}]},"og:locale":"fi_FI","og:site_name":"Proof.de | Alles zu Proof, Farbmanagement, Grafik, Messtechnik &amp; Co.","og:type":"article","og:title":"Mitgliederversammlung 2019 freieFarbe e.V. | proof.de","og:description":"Nachdem sich freieFarbe im letzten Jahr in T\u00fcbingen bei bei proof.de zur Mitgliederversammlung getroffen hatte, waren wir 2019 in St. Gallen zusammen","og:url":"https:\/\/blog.proofs.de\/fi\/schoen-wars-die-mitgliederversammlung-2019-von-freiefarbe-e-v-in-der-schweiz\/","og:image":"https:\/\/blog.proofs.de\/wp-content\/uploads\/2019\/10\/jhv2019-1140x550.jpg","og:image:secure_url":"https:\/\/blog.proofs.de\/wp-content\/uploads\/2019\/10\/jhv2019-1140x550.jpg","og:image:width":1140,"og:image:height":550,"article:published_time":"2019-10-10T23:48:02+00:00","article:modified_time":"2023-07-20T07:26:34+00:00","article:publisher":"https:\/\/www.facebook.com\/Proof.de\/","twitter:card":"summary","twitter:title":"Mitgliederversammlung 2019 freieFarbe e.V. | proof.de","twitter:description":"Nachdem sich freieFarbe im letzten Jahr in T\u00fcbingen bei bei proof.de zur Mitgliederversammlung getroffen hatte, waren wir 2019 in St. Gallen zusammen","twitter:image":"https:\/\/blog1.proofen.de\/wp-content\/uploads\/2020\/04\/proof_background.jpg"},"aioseo_meta_data":{"post_id":"2496","title":"freieFarbe e.V.:n vuoden 2019 j\u00e4senkokous | proof.de","description":"Kun freieFarbe tapasi viime vuonna T\u00fcbingeniss\u00e4 proof.de:n yleiskokouksessa, olimme yhdess\u00e4 St. Gallenissa vuonna 2019.","keywords":[{"label":"freie Farbe,freieFarbe,Proof GmbH,Mitgliederversammlung,Schweiz,Peter J\u00e4ger,Jan-Peter Homann,Holger Everding,Matthias Betz,Kai-Uwe Behrmann,Matteo Baschera,Martin Spaar,Jan Seguda,Michael Jakobi,Guy Fl\u00fceli","value":"freie Farbe,freieFarbe,Proof GmbH,Mitgliederversammlung,Schweiz,Peter J\u00e4ger,Jan-Peter Homann,Holger Everding,Matthias Betz,Kai-Uwe Behrmann,Matteo Baschera,Martin Spaar,Jan Seguda,Michael Jakobi,Guy Fl\u00fceli"}],"keyphrases":{"focus":{"keyphrase":"freieFarbe","score":100,"analysis":{"keyphraseInTitle":{"score":9,"maxScore":9,"error":0},"keyphraseInDescription":{"score":9,"maxScore":9,"error":0},"keyphraseLength":{"score":9,"maxScore":9,"error":0,"length":1},"keyphraseInURL":{"score":5,"maxScore":5,"error":0},"keyphraseInIntroduction":{"score":9,"maxScore":9,"error":0},"keyphraseInSubHeadings":[],"keyphraseInImageAlt":{"score":9,"maxScore":9,"error":0}}},"additional":[]},"primary_term":null,"canonical_url":null,"og_title":null,"og_description":null,"og_object_type":"default","og_image_type":"default","og_image_url":null,"og_image_width":null,"og_image_height":null,"og_image_custom_url":null,"og_image_custom_fields":null,"og_video":"","og_custom_url":null,"og_article_section":null,"og_article_tags":[],"twitter_use_og":false,"twitter_card":"default","twitter_image_type":"default","twitter_image_url":null,"twitter_image_custom_url":null,"twitter_image_custom_fields":null,"twitter_title":null,"twitter_description":null,"schema":{"blockGraphs":[],"customGraphs":[],"default":{"data":{"Article":[],"Course":[],"Dataset":[],"FAQPage":[],"Movie":[],"Person":[],"Product":[],"ProductReview":[],"Car":[],"Recipe":[],"Service":[],"SoftwareApplication":[],"WebPage":[]},"graphName":"Article","isEnabled":true},"graphs":[],"defaultGraph":"","defaultPostTypeGraph":""},"schema_type":null,"schema_type_options":null,"pillar_content":false,"robots_default":true,"robots_noindex":false,"robots_noarchive":false,"robots_nosnippet":false,"robots_nofollow":false,"robots_noimageindex":false,"robots_noodp":false,"robots_notranslate":false,"robots_max_snippet":"-1","robots_max_videopreview":"-1","robots_max_imagepreview":"large","priority":null,"frequency":"default","local_seo":null,"breadcrumb_settings":null,"limit_modified_date":false,"ai":null,"created":"2020-12-21 00:33:58","updated":"2025-06-04 14:25:05","seo_analyzer_scan_date":null,"focus_keyword":"freieFarbe","additional_keywords":null,"truseo_locale":null},"_links":{"self":[{"href":"https:\/\/blog.proofs.de\/fi\/wp-json\/wp\/v2\/posts\/2496","targetHints":{"allow":["GET"]}}],"collection":[{"href":"https:\/\/blog.proofs.de\/fi\/wp-json\/wp\/v2\/posts"}],"about":[{"href":"https:\/\/blog.proofs.de\/fi\/wp-json\/wp\/v2\/types\/post"}],"author":[{"embeddable":true,"href":"https:\/\/blog.proofs.de\/fi\/wp-json\/wp\/v2\/users\/2"}],"replies":[{"embeddable":true,"href":"https:\/\/blog.proofs.de\/fi\/wp-json\/wp\/v2\/comments?post=2496"}],"version-history":[{"count":11,"href":"https:\/\/blog.proofs.de\/fi\/wp-json\/wp\/v2\/posts\/2496\/revisions"}],"predecessor-version":[{"id":5458,"href":"https:\/\/blog.proofs.de\/fi\/wp-json\/wp\/v2\/posts\/2496\/revisions\/5458"}],"wp:featuredmedia":[{"embeddable":true,"href":"https:\/\/blog.proofs.de\/fi\/wp-json\/wp\/v2\/media\/2500"}],"wp:attachment":[{"href":"https:\/\/blog.proofs.de\/fi\/wp-json\/wp\/v2\/media?parent=2496"}],"wp:term":[{"taxonomy":"category","embeddable":true,"href":"https:\/\/blog.proofs.de\/fi\/wp-json\/wp\/v2\/categories?post=2496"},{"taxonomy":"post_tag","embeddable":true,"href":"https:\/\/blog.proofs.de\/fi\/wp-json\/wp\/v2\/tags?post=2496"}],"curies":[{"name":"wp","href":"https:\/\/api.w.org\/{rel}","templated":true}]}}