{"id":4991,"date":"2022-08-05T01:56:05","date_gmt":"2022-08-04T23:56:05","guid":{"rendered":"https:\/\/www.proof.de\/?p=4991"},"modified":"2022-08-05T01:59:08","modified_gmt":"2022-08-04T23:59:08","slug":"digital-first-often-means-colour-problems-second","status":"publish","type":"post","link":"https:\/\/blog.proofs.de\/fi\/digital-first-heisst-oft-farbprobleme-second\/","title":{"rendered":"\"Digitaalinen ensin\" tarkoittaa usein \"v\u00e4riongelmat vasta sitten!\""},"content":{"rendered":"<div class=\"kk-star-ratings kksr-auto kksr-align-right kksr-valign-top\" data-payload='{\"align\":\"right\",\"id\":\"4991\",\"slug\":\"default\",\"valign\":\"top\",\"ignore\":\"\",\"reference\":\"auto\",\"class\":\"\",\"count\":\"4\",\"legendonly\":\"\",\"readonly\":\"\",\"score\":\"4\",\"starsonly\":\"\",\"best\":\"5\",\"gap\":\"5\",\"greet\":\"Jetzt bewerten\",\"legend\":\"4\\\/5 - (4 votes)\",\"size\":\"24\",\"title\":\"\\u0026quot;Digital First\\u0026quot; hei&szlig;t oft: \\u0026quot;Farbprobleme Second!\\u0026quot;\",\"width\":\"113.5\",\"_legend\":\"{score}\\\/{best} - ({count} {votes})\",\"font_factor\":\"1.25\"}'>\n            \n<div class=\"kksr-stars\">\n    \n<div class=\"kksr-stars-inactive\">\n            <div class=\"kksr-star\" data-star=\"1\" style=\"padding-right: 5px\">\n            \n\n<div class=\"kksr-icon\" style=\"width: 24px; height: 24px;\"><\/div>\n        <\/div>\n            <div class=\"kksr-star\" data-star=\"2\" style=\"padding-right: 5px\">\n            \n\n<div class=\"kksr-icon\" style=\"width: 24px; height: 24px;\"><\/div>\n        <\/div>\n            <div class=\"kksr-star\" data-star=\"3\" style=\"padding-right: 5px\">\n            \n\n<div class=\"kksr-icon\" style=\"width: 24px; height: 24px;\"><\/div>\n        <\/div>\n            <div class=\"kksr-star\" data-star=\"4\" style=\"padding-right: 5px\">\n            \n\n<div class=\"kksr-icon\" style=\"width: 24px; height: 24px;\"><\/div>\n        <\/div>\n            <div class=\"kksr-star\" data-star=\"5\" style=\"padding-right: 5px\">\n            \n\n<div class=\"kksr-icon\" style=\"width: 24px; height: 24px;\"><\/div>\n        <\/div>\n    <\/div>\n    \n<div class=\"kksr-stars-active\" style=\"width: 113.5px;\">\n            <div class=\"kksr-star\" style=\"padding-right: 5px\">\n            \n\n<div class=\"kksr-icon\" style=\"width: 24px; height: 24px;\"><\/div>\n        <\/div>\n            <div class=\"kksr-star\" style=\"padding-right: 5px\">\n            \n\n<div class=\"kksr-icon\" style=\"width: 24px; height: 24px;\"><\/div>\n        <\/div>\n            <div class=\"kksr-star\" style=\"padding-right: 5px\">\n            \n\n<div class=\"kksr-icon\" style=\"width: 24px; height: 24px;\"><\/div>\n        <\/div>\n            <div class=\"kksr-star\" style=\"padding-right: 5px\">\n            \n\n<div class=\"kksr-icon\" style=\"width: 24px; height: 24px;\"><\/div>\n        <\/div>\n            <div class=\"kksr-star\" style=\"padding-right: 5px\">\n            \n\n<div class=\"kksr-icon\" style=\"width: 24px; height: 24px;\"><\/div>\n        <\/div>\n    <\/div>\n<\/div>\n                \n\n<div class=\"kksr-legend\" style=\"font-size: 19.2px;\">\n            4\/5 - (4 \u00e4\u00e4nt\u00e4)    <\/div>\n    <\/div>\n\n<p class=\"wp-block-paragraph translation-block\">Olemme saaneet viime aikoina yh\u00e4 useammin <a href=\"https:\/\/blog1.proofen.de\/es\/lexico-2\/gestion-del-color\/\" target=\"_self\" class=\"encyclopedia tooltipstered\">v\u00e4rinhallinta<\/a> -konsultointitiedusteluja, joissa \"digital first\" -suunnittelun rajat ovat tulleet vastaan: Nimitt\u00e4in aina, kun ensimm\u00e4inen messuesittely, ensimm\u00e4inen vuosikertomus tai ensimm\u00e4inen luettelo klassisessa verkkopainossa on m\u00e4\u00e4r\u00e4 julkaista muutaman kuukauden tai vuoden kuluttua. Juuri t\u00e4ll\u00e4 hetkell\u00e4 kaikki asianosaiset huomaavat, etteiv\u00e4t he edes tied\u00e4, milt\u00e4 heid\u00e4n \"digital first\" -v\u00e4ristrategiansa pit\u00e4isi n\u00e4ytt\u00e4\u00e4 painettuna. Mutta katsotaanpa ongelmaa alusta alkaen:<\/p>\n\n\n\n<h2 class=\"wp-block-heading\">Digital First = Digitaalinen verkkomedia on etusijalla. Mutta ent\u00e4 kun paine tulee?<\/h2>\n\n\n\n<p class=\"wp-block-paragraph translation-block\">Jopa suurten globaalien yritysten ja pienten yritysten suunnitteluun tai uudelleensuunnitteluun p\u00e4tee usein seuraava: Kehit\u00e4mme kaiken ensin digitaaliseen k\u00e4ytt\u00f6\u00f6n. Siksi toimistot luovat <a href=\"https:\/\/blog1.proofen.de\/es\/lexico-2\/diseno-corporativo\/\" target=\"_self\" class=\"encyclopedia tooltipstered\">yrityssuunnittelua<\/a> uusia <a href=\"https:\/\/blog1.proofen.de\/es\/lexico-2\/rgb\/\" target=\"_self\" class=\"encyclopedia tooltipstered\">RGB<\/a> -v\u00e4rimaailmoja varten, joissa on usein ter\u00e4vi\u00e4, tyydyttyneit\u00e4 ruudun v\u00e4rej\u00e4 ja voimakkaita pastellis\u00e4vyj\u00e4. Ja jos v\u00e4rej\u00e4 k\u00e4ytet\u00e4\u00e4n eri tuotteisiin tai viestint\u00e4linjoihin, luodaan, esitell\u00e4\u00e4n ja hyv\u00e4ksyt\u00e4\u00e4n kokonainen yritysv\u00e4rimaailma, jossa on monia RGB-v\u00e4rej\u00e4 yritysmuotoilussa, k\u00e4ynnistet\u00e4\u00e4n verkkopresentaatiosalkku ja esitell\u00e4\u00e4n yritys digitaalisesti uudessa yritysmuotoilun valossa.<\/p>\n\n\n\n<p class=\"wp-block-paragraph\">Koko homma toimii aluksi hyvin, ja kaikki katsovat sit\u00e4 n\u00e4yt\u00f6lt\u00e4\u00e4n ja ovat tyytyv\u00e4isi\u00e4. Mutta sitten, vuoden kuluttua, tulevat ensimm\u00e4iset messut ja ensimm\u00e4inen painettu vuosikertomus. Hyv\u00e4 on, ajattele virasto ja asiakas, otamme \"digital-first\"-v\u00e4rit ja painamme ne offset-tulosteena vuosikertomukseen ja digitaalisena tulosteena messujen sein\u00e4lle ja julisteisiin. Mutta viimeist\u00e4\u00e4n silloin, kun ensimm\u00e4inen suunnitteluluonnos tulee lasertulostimesta ja tulostin on tulostanut luettelon ensimm\u00e4iset sivut, on v\u00e4rikrapula-aamiaisen aika. <\/p>\n\n\n\n<ul class=\"wp-block-list\"><li><strong>\"Voi paska, tuo n\u00e4ytt\u00e4\u00e4 aivan erilaiselta kuin mit\u00e4 n\u00e4en verkossa n\u00e4yt\u00f6ll\u00e4ni.\" \"Voi paska, tuo n\u00e4ytt\u00e4\u00e4 aivan erilaiselta kuin mit\u00e4 n\u00e4en verkossa n\u00e4yt\u00f6ll\u00e4ni.\"<\/strong><\/li><li><strong>\"Sininen on nyt jotenkin liian violetti, eik\u00f6 olekin? Vai onko violetti nyt sininen?<\/strong><\/li><li><strong>\"Eik\u00f6 se n\u00e4ytt\u00e4nytkin erilaiselta ja paremmalta esityksess\u00e4 suurella televisioruudulla?\"<\/strong><\/li><li class=\"translation-block\"><strong>\"Raikas ultramariini on <a href=\"https:\/\/blog1.proofen.de\/es\/lexico-2\/papel-natural\/\" target=\"_self\" class=\"encyclopedia tooltipstered\">luonnollinen paperi<\/a>...\"<\/strong> melko pesty ja kalpea...\"<\/strong>.<\/li><li class=\"translation-block\"><strong>\"Idea: Painamme <a href=\"https:\/\/blog1.proofen.de\/es\/lexico-2\/pantone\/\" target=\"_self\" class=\"encyclopedia tooltipstered\">PANTONE<\/a>-v\u00e4reill\u00e4, niin siit\u00e4 tulee v\u00e4rikk\u00e4\u00e4mpi. Mutta mitk\u00e4 niist\u00e4? <\/strong><\/li><li><strong>\"Heinerin kohdalla PANTONE-viuhka sopi hyvin ruudulle, mutta Ingridin kohdalla ei ollenkaan.\"<\/strong><\/li><li class=\"translation-block\">\"<strong>Ja miten, kolme PANTONE-v\u00e4ri\u00e4 ja <a href=\"https:\/\/blog1.proofen.de\/es\/lexico-2\/cmyk\/\" target=\"_self\" class=\"encyclopedia tooltipstered\">CMYK<\/a> painettuna <\/strong><strong>kustannuksia<\/strong> <strong>paljon enemm\u00e4n?\"<\/strong>.<\/li><\/ul>\n\n\n\n<p class=\"wp-block-paragraph translation-block\">Viimeist\u00e4\u00e4n t\u00e4ss\u00e4 vaiheessa kaikki osapuolet ymm\u00e4rt\u00e4v\u00e4t, ett\u00e4 asiat alkavat olla vaikeita ja ett\u00e4 heill\u00e4 on paljon ty\u00f6t\u00e4 edess\u00e4\u00e4n. Otetaanpa konkreettinen esimerkki menneisyydest\u00e4: Yli 10 <a href=\"https:\/\/blog1.proofen.de\/es\/lexico-2\/srgb\/\" target=\"_self\" class=\"encyclopedia tooltipstered\">sRGB<\/a>-v\u00e4ris\u00e4vylle on l\u00f6ydett\u00e4v\u00e4 nopeasti vastineet <a href=\"https:\/\/blog1.proofen.de\/es\/lexico-2\/color-especial\/\" target=\"_self\" class=\"encyclopedia tooltipstered\">erikoisv\u00e4rille<\/a>n ja CMYK-v\u00e4rille kuvatulostukseen ja p\u00e4\u00e4llyst\u00e4m\u00e4tt\u00f6m\u00e4lle paperille. T\u00e4ss\u00e4 yhteydess\u00e4 her\u00e4\u00e4 t\u00e4rkeit\u00e4 kysymyksi\u00e4:<\/p>\n\n\n\n<ul class=\"wp-block-list\"><li>Kuka p\u00e4\u00e4tti v\u00e4risuunnittelusta mink\u00e4 n\u00e4kemyksen perusteella vuosi sitten?<\/li><li>N\u00e4kiv\u00e4tk\u00f6 he v\u00e4rit n\u00e4yt\u00f6ll\u00e4? Beamerissa? iPadissa? Suurkuvatelevisiossa? Oliko laitteet kalibroitu? <\/li><li>Pit\u00e4isik\u00f6 sinun tulostaa PANTONE- tai CMYK-tulostimilla vai molemmilla? Coated? Uncoated?<\/li><li>\"Kirjapaino oli niin yst\u00e4v\u00e4llinen, ett\u00e4 valitsi PANTONE-v\u00e4rin kaikille s\u00e4vyillemme.\"<\/li><li>PANTONE-v\u00e4ri? Coated ja Uncoated? Mist\u00e4 ne alkoivat? Ja miten he m\u00e4\u00e4ritteliv\u00e4t parhaiten vastaavan PANTONE-v\u00e4rin? Silm\u00e4m\u00e4\u00e4r\u00e4isesti? Mittaamalla? Laskemalla?<\/li><\/ul>\n\n\n\n<h3 class=\"wp-block-heading\">Proof.de tekee \"digital first\" -v\u00e4rimaailmoista tulostettavia.<\/h3>\n\n\n<div class=\"wp-block-image\">\n<figure class=\"alignright size-full\"><a href=\"https:\/\/blog1.proofen.de\/wp-content\/uploads\/2022\/07\/proof_de_PANTONE_CMYK.jpg\"><img loading=\"lazy\" decoding=\"async\" width=\"550\" height=\"550\" src=\"https:\/\/blog1.proofen.de\/wp-content\/uploads\/2022\/07\/proof_de_PANTONE_CMYK.jpg\" alt=\"\" class=\"wp-image-4997\" srcset=\"https:\/\/blog.proofs.de\/wp-content\/uploads\/2022\/07\/proof_de_PANTONE_CMYK.jpg 550w, https:\/\/blog.proofs.de\/wp-content\/uploads\/2022\/07\/proof_de_PANTONE_CMYK-300x300.jpg 300w, https:\/\/blog.proofs.de\/wp-content\/uploads\/2022\/07\/proof_de_PANTONE_CMYK-150x150.jpg 150w, https:\/\/blog.proofs.de\/wp-content\/uploads\/2022\/07\/proof_de_PANTONE_CMYK-80x80.jpg 80w, https:\/\/blog.proofs.de\/wp-content\/uploads\/2022\/07\/proof_de_PANTONE_CMYK-60x60.jpg 60w\" sizes=\"auto, (max-width: 550px) 100vw, 550px\"><\/a><\/figure>\n<\/div>\n\n\n<p class=\"wp-block-paragraph translation-block\">Olemme jo pystyneet tukemaan monia asiakkaita p\u00e4\u00e4t\u00f6ksentekoprosessissa ja \"Digital First\" sRGB-verkkov\u00e4rimaailmojen muuntamisessa tulostettaviksi v\u00e4reiksi. T\u00e4m\u00e4 ei tarkoita, ett\u00e4 olemme pystyneet l\u00f6yt\u00e4m\u00e4\u00e4n optimaaliset muunnokset CMYK- tai PANTONE-spottiv\u00e4reiksi kaikille verkkov\u00e4reille. Se tarkoittaa kuitenkin sit\u00e4, ett\u00e4 pystyimme m\u00e4\u00e4rittelem\u00e4\u00e4n kaikille v\u00e4reille hyv\u00e4t muunnosarvot ja ett\u00e4 pystyimme selitt\u00e4m\u00e4\u00e4n, miksi voimakkaat poikkeamat johtuivat ja mink\u00e4 kriteerien perusteella p\u00e4\u00e4timme huonoista muunnoksista parhaat. Kuinka kaukana alkuper\u00e4inen v\u00e4ri \"Out of <a href=\"https:\/\/blog1.proofen.de\/es\/lexico-2\/gama\/\" target=\"_self\" class=\"encyclopedia tooltipstered\">Gamut<\/a>\" oli? Kannattaako pyrki\u00e4 mahdollisimman suureen v\u00e4rikkyyteen vai parhaaseen mahdolliseen kirkkausekvivalenttiin, joka on sitten ehk\u00e4 v\u00e4hemm\u00e4n v\u00e4rik\u00e4s? Voimmeko k\u00e4ytt\u00e4\u00e4 samaa PANTONE-pistev\u00e4ri\u00e4 kuvatulostuksessa ja p\u00e4\u00e4llyst\u00e4m\u00e4tt\u00f6m\u00e4ll\u00e4 paperilla, vai k\u00e4yt\u00e4mmek\u00f6 eri v\u00e4rej\u00e4 Coated:lle ja Uncoated:lle?<\/p>\n\n\n\n<h3 class=\"wp-block-heading\">Emme luota t\u00e4llaisissa v\u00e4rikonsultointiteht\u00e4viss\u00e4 h\u00f6lynp\u00f6lyyn, vaan mittaamme, m\u00e4\u00e4rittelemme ja laskemme v\u00e4riet\u00e4isyydet. <\/h3>\n\n\n\n<p class=\"wp-block-paragraph translation-block\">V\u00e4reist\u00e4 on usein helpompi puhua, jos puhutaan mieluummin mitoista kuin tunteista. V\u00e4rimatriisia voidaan usein k\u00e4ytt\u00e4\u00e4 osoittamaan, milt\u00e4 enemm\u00e4n tai v\u00e4hemm\u00e4n syaania ja magentaa n\u00e4ytt\u00e4isi v\u00e4risekoituksessa. Kun vertailukohtana on n\u00e4yte tai viuhka, v\u00e4rej\u00e4 voidaan helpommin n\u00e4ytteist\u00e4\u00e4, ja on helpompi ymm\u00e4rt\u00e4\u00e4, miss\u00e4 CMYK-muunnoksen ja <a href=\"https:\/\/blog1.proofen.de\/es\/lexico-2\/espacio-cromatico\/\" target=\"_self\" class=\"encyclopedia tooltipstered\">v\u00e4riavaruuden<\/a> rajoitteet ovat.<\/p>\n\n\n<div class=\"wp-block-image\">\n<figure class=\"alignleft size-large\"><a href=\"https:\/\/blog1.proofen.de\/wp-content\/uploads\/2022\/07\/PANTONE_zu_CMYK_Optimierung_Farbmatrix_Magenta_Cyan_Proof_de.jpg\"><img loading=\"lazy\" decoding=\"async\" width=\"1004\" height=\"1024\" src=\"https:\/\/blog1.proofen.de\/wp-content\/uploads\/2022\/07\/PANTONE_zu_CMYK_Optimierung_Farbmatrix_Magenta_Cyan_Proof_de-1004x1024.jpg\" alt=\"Proof.de:n PANTONE-CMYK-optimointi: v\u00e4rimatriisi olemassa olevien tulosteiden ja v\u00e4rimallien, kuten PANTONE-viuhkojen tai maalattujen referenssien, yhteensovittamiseen.\" class=\"wp-image-4994\" title=\"PANTONE = CMYK -optimointi tuotteelle Proof.de\" srcset=\"https:\/\/blog.proofs.de\/wp-content\/uploads\/2022\/07\/PANTONE_zu_CMYK_Optimierung_Farbmatrix_Magenta_Cyan_Proof_de-1004x1024.jpg 1004w, https:\/\/blog.proofs.de\/wp-content\/uploads\/2022\/07\/PANTONE_zu_CMYK_Optimierung_Farbmatrix_Magenta_Cyan_Proof_de-294x300.jpg 294w, https:\/\/blog.proofs.de\/wp-content\/uploads\/2022\/07\/PANTONE_zu_CMYK_Optimierung_Farbmatrix_Magenta_Cyan_Proof_de-768x783.jpg 768w, https:\/\/blog.proofs.de\/wp-content\/uploads\/2022\/07\/PANTONE_zu_CMYK_Optimierung_Farbmatrix_Magenta_Cyan_Proof_de-1506x1536.jpg 1506w, https:\/\/blog.proofs.de\/wp-content\/uploads\/2022\/07\/PANTONE_zu_CMYK_Optimierung_Farbmatrix_Magenta_Cyan_Proof_de-60x60.jpg 60w, https:\/\/blog.proofs.de\/wp-content\/uploads\/2022\/07\/PANTONE_zu_CMYK_Optimierung_Farbmatrix_Magenta_Cyan_Proof_de.jpg 1882w\" sizes=\"auto, (max-width: 1004px) 100vw, 1004px\"><\/a><\/figure>\n<\/div>\n\n\n<p class=\"wp-block-paragraph translation-block\">Loppujen lopuksi p\u00e4\u00e4t\u00e4mme yhdess\u00e4 asiakkaan kanssa, mik\u00e4 on paras v\u00e4ritoteutus h\u00e4nen sovellukseensa: jos ulkoasu kirjoitetaan v\u00e4rikk\u00e4\u00e4lle sRGB-v\u00e4rikent\u00e4lle valkoisella kirjasimella, on luultavasti hy\u00f6dyllisemp\u00e4\u00e4 k\u00e4ytt\u00e4\u00e4 tyydyttyneemp\u00e4\u00e4 ja hieman tummempaa v\u00e4riarvoa, joka lis\u00e4\u00e4 valkoisen kirjasimen kontrastia ja luettavuutta v\u00e4rillist\u00e4 taustaa vasten. Jos taas kirjoitetaan mustalla pinnalla, on usein hy\u00f6dyllist\u00e4 pit\u00e4\u00e4 kirkkaus l\u00e4hell\u00e4 sRGB- tai PANTONE-alkuper\u00e4ist\u00e4 ja luopua \"enemm\u00e4n\" v\u00e4rikkyydest\u00e4. D<a href=\"https:\/\/blog1.proofen.de\/es\/lexico-2\/efi\/\" target=\"_self\" class=\"encyclopedia tooltipstered\">efi<\/a>k\u00e4yt\u00e4mmek\u00f6 eri PANTONE-v\u00e4rej\u00e4 Coated:lle ja Uncoated:lle vai k\u00e4yt\u00e4mmek\u00f6 vain yht\u00e4 v\u00e4ri\u00e4 yhdenmukaisuuden ja helppok\u00e4ytt\u00f6isyyden vuoksi? Ja k\u00e4yt\u00e4mmek\u00f6 samoista syist\u00e4 samoja CMYK-arvoja kuvatulostukseen ja p\u00e4\u00e4llyst\u00e4m\u00e4tt\u00f6m\u00e4lle paperille vai eri syist\u00e4?<\/p>\n\n\n\n<h3 class=\"wp-block-heading\">Tarvitsetko sRGB:n CMYK-muunnoksen? Ota meihin yhteytt\u00e4.<\/h3>\n\n\n\n<p class=\"wp-block-paragraph\">Jos sinulla on tarve muuntaa RGB-v\u00e4rit \"Digital First\" -yhteisty\u00f6kumppaneiden malleista CMYK-v\u00e4reiksi, ota meihin yhteytt\u00e4 milloin tahansa. Neuvomme ja autamme sinua avoimesti ja asiantuntevasti parhaan mahdollisen ratkaisun l\u00f6yt\u00e4miseksi sinulle ja kanssasi.<\/p>","protected":false},"excerpt":{"rendered":"<p>Viime aikoina olemme saaneet yh\u00e4 enemm\u00e4n v\u00e4rinhallintakonsultointipyynt\u00f6j\u00e4, joissa \"digital first\" -mallit ovat tulleet tiens\u00e4 p\u00e4\u00e4h\u00e4n: Nimitt\u00e4in aina, kun ensimm\u00e4inen messuesittely, ensimm\u00e4inen vuosikertomus tai ensimm\u00e4inen klassisen verkkopainatuksen katalogi on m\u00e4\u00e4r\u00e4 julkaista muutaman kuukauden tai vuoden kuluttua. Juuri t\u00e4ll\u00e4 hetkell\u00e4 kaikki asianosaiset huomaavat, etteiv\u00e4t he edes tied\u00e4, milt\u00e4 heid\u00e4n \"digital first\" -v\u00e4ristrategiansa pit\u00e4isi n\u00e4ytt\u00e4\u00e4 painettuna. Mutta tarkastellaan ongelmaa alusta alkaen: digital first = digitaalisen verkkomedian ensimm\u00e4inen prioriteetti. Mutta ent\u00e4 jos printti tulee? Jopa suurista globaaleista yrityksist\u00e4 pieniin ... <\/p>\n<p class=\"read-more-container\"><a title=\"&quot;Digitaalinen ensin&quot; tarkoittaa usein &quot;v\u00e4riongelmat vasta sitten!&quot;\" class=\"read-more button\" href=\"https:\/\/blog.proofs.de\/fi\/digital-first-heisst-oft-farbprobleme-second\/#more-4991\" aria-label=\"Lue lis\u00e4\u00e4 aiheesta \u201eDigital First\u201c tarkoittaa usein: \u201eV\u00e4riongelmat toissijaisia!\u201c\">Lue lis\u00e4\u00e4<\/a><\/p>","protected":false},"author":2,"featured_media":4994,"comment_status":"open","ping_status":"open","sticky":false,"template":"","format":"standard","meta":{"om_disable_all_campaigns":false,"inline_featured_image":false,"_monsterinsights_skip_tracking":false,"footnotes":""},"categories":[1,436],"tags":[1200,1328,690,1330,1332,526,541,549,1331],"class_list":["post-4991","post","type-post","status-publish","format-standard","has-post-thumbnail","hentry","category-allgemein","category-pantone-und-hks","tag-corporate-design","tag-digital-first","tag-farbmanagement","tag-farbmanagement-beratung","tag-farbmanagement-consulting","tag-pantone","tag-rgb","tag-srgb","tag-srgb-farben","generate-columns","tablet-grid-50","mobile-grid-100","grid-parent","grid-50","no-featured-image-padding","resize-featured-image"],"aioseo_notices":[],"aioseo_head":"\n\t\t<!-- All in One SEO 5.0.1.1 - aioseo.com -->\n\t<meta name=\"description\" content=\"Immer \u00f6fter erreichen uns in letzter Zeit Farbmanagement-Anfragen, bei denen &quot;Digital First&quot;-Designs an ihre Grenzen geraten. Hier k\u00f6nnen wir gezielt helfen.\" \/>\n\t<meta name=\"robots\" content=\"max-image-preview:large\" \/>\n\t<meta name=\"author\" content=\"Matthias Betz\"\/>\n\t<meta name=\"google-site-verification\" content=\"TuXxyRwxcEg2-WfOaQ8vScWQh3-uBAnxXmY7g3GT90A\" \/>\n\t<meta name=\"keywords\" content=\"corporate design,digital first,farbmanagement,farbmanagement beratung,farbmanagement consulting,pantone,rgb,srgb,srgb farben\" \/>\n\t<link rel=\"canonical\" href=\"https:\/\/blog.proofs.de\/fi\/digital-first-heisst-oft-farbprobleme-second\/\" \/>\n\t<meta name=\"generator\" content=\"All in One SEO (AIOSEO) 5.0.1.1\" \/>\n\n\t\t<meta name=\"seobility\" content=\"593a8578143db71543f014978c690d47\">\n\t\t<meta property=\"og:locale\" content=\"fi_FI\" \/>\n\t\t<meta property=\"og:site_name\" content=\"Proof.de | Alles zu Proof, Farbmanagement, Grafik, Messtechnik &amp; Co.\" \/>\n\t\t<meta property=\"og:type\" content=\"article\" \/>\n\t\t<meta property=\"og:title\" content=\"\u201eDigital First\u201c hei\u00dft oft: \u201eFarbprobleme Second!\u201c | proof.de\" \/>\n\t\t<meta property=\"og:description\" content=\"Immer \u00f6fter erreichen uns in letzter Zeit Farbmanagement-Anfragen, bei denen &quot;Digital First&quot;-Designs an ihre Grenzen geraten. Hier k\u00f6nnen wir gezielt helfen.\" \/>\n\t\t<meta property=\"og:url\" content=\"https:\/\/blog.proofs.de\/fi\/digital-first-heisst-oft-farbprobleme-second\/\" \/>\n\t\t<meta property=\"og:image\" content=\"https:\/\/blog.proofs.de\/wp-content\/uploads\/2022\/07\/PANTONE_zu_CMYK_Optimierung_Farbmatrix_Magenta_Cyan_Proof_de.jpg\" \/>\n\t\t<meta property=\"og:image:secure_url\" content=\"https:\/\/blog.proofs.de\/wp-content\/uploads\/2022\/07\/PANTONE_zu_CMYK_Optimierung_Farbmatrix_Magenta_Cyan_Proof_de.jpg\" \/>\n\t\t<meta property=\"og:image:width\" content=\"1882\" \/>\n\t\t<meta property=\"og:image:height\" content=\"1919\" \/>\n\t\t<meta property=\"article:published_time\" content=\"2022-08-04T23:56:05+00:00\" \/>\n\t\t<meta property=\"article:modified_time\" content=\"2022-08-04T23:59:08+00:00\" \/>\n\t\t<meta property=\"article:publisher\" content=\"https:\/\/www.facebook.com\/Proof.de\/\" \/>\n\t\t<meta name=\"twitter:card\" content=\"summary\" \/>\n\t\t<meta name=\"twitter:title\" content=\"\u201eDigital First\u201c hei\u00dft oft: \u201eFarbprobleme Second!\u201c | proof.de\" \/>\n\t\t<meta name=\"twitter:description\" content=\"Immer \u00f6fter erreichen uns in letzter Zeit Farbmanagement-Anfragen, bei denen &quot;Digital First&quot;-Designs an ihre Grenzen geraten. Hier k\u00f6nnen wir gezielt helfen.\" \/>\n\t\t<meta name=\"twitter:image\" content=\"https:\/\/blog.proofs.de\/wp-content\/uploads\/2022\/07\/PANTONE_zu_CMYK_Optimierung_Farbmatrix_Magenta_Cyan_Proof_de.jpg\" \/>\n\t\t<script type=\"application\/ld+json\" class=\"aioseo-schema\">\n\t\t\t{\"@context\":\"https:\\\/\\\/schema.org\",\"@graph\":[{\"@type\":\"Article\",\"@id\":\"https:\\\/\\\/blog.proofs.de\\\/fi\\\/digital-first-heisst-oft-farbprobleme-second\\\/#article\",\"name\":\"\\u201eDigital First\\u201c hei\\u00dft oft: \\u201eFarbprobleme Second!\\u201c | proof.de\",\"headline\":\"&#8222;Digital First&#8220; hei\\u00dft oft: &#8222;Farbprobleme Second!&#8220;\",\"author\":{\"@id\":\"https:\\\/\\\/blog.proofs.de\\\/fi\\\/author\\\/mbetz\\\/#author\"},\"publisher\":{\"@id\":\"https:\\\/\\\/blog.proofs.de\\\/fi\\\/#organization\"},\"image\":{\"@type\":\"ImageObject\",\"url\":\"https:\\\/\\\/blog.proofs.de\\\/wp-content\\\/uploads\\\/2022\\\/07\\\/PANTONE_zu_CMYK_Optimierung_Farbmatrix_Magenta_Cyan_Proof_de.jpg\",\"width\":1882,\"height\":1919,\"caption\":\"PANTONE oder sRGB zu CMYK Optimierung\"},\"datePublished\":\"2022-08-05T01:56:05+02:00\",\"dateModified\":\"2022-08-05T01:59:08+02:00\",\"inLanguage\":\"fi\",\"commentCount\":2,\"mainEntityOfPage\":{\"@id\":\"https:\\\/\\\/blog.proofs.de\\\/fi\\\/digital-first-heisst-oft-farbprobleme-second\\\/#webpage\"},\"isPartOf\":{\"@id\":\"https:\\\/\\\/blog.proofs.de\\\/fi\\\/digital-first-heisst-oft-farbprobleme-second\\\/#webpage\"},\"articleSection\":\"Allgemein, Pantone und HKS, Corporate Design, Digital First, Farbmanagement, Farbmanagement Beratung, Farbmanagement Consulting, Pantone, RGB, sRGB, sRGB Farben\"},{\"@type\":\"BreadcrumbList\",\"@id\":\"https:\\\/\\\/blog.proofs.de\\\/fi\\\/digital-first-heisst-oft-farbprobleme-second\\\/#breadcrumblist\",\"itemListElement\":[{\"@type\":\"ListItem\",\"@id\":\"https:\\\/\\\/blog.proofs.de\\\/fi#listItem\",\"position\":1,\"name\":\"Home\",\"item\":\"https:\\\/\\\/blog.proofs.de\\\/fi\",\"nextItem\":{\"@type\":\"ListItem\",\"@id\":\"https:\\\/\\\/blog.proofs.de\\\/fi\\\/thema\\\/proof-wissen\\\/#listItem\",\"name\":\"Proof Wissen\"}},{\"@type\":\"ListItem\",\"@id\":\"https:\\\/\\\/blog.proofs.de\\\/fi\\\/thema\\\/proof-wissen\\\/#listItem\",\"position\":2,\"name\":\"Proof Wissen\",\"item\":\"https:\\\/\\\/blog.proofs.de\\\/fi\\\/thema\\\/proof-wissen\\\/\",\"nextItem\":{\"@type\":\"ListItem\",\"@id\":\"https:\\\/\\\/blog.proofs.de\\\/fi\\\/thema\\\/proof-wissen\\\/pantone-und-hks\\\/#listItem\",\"name\":\"Pantone und HKS\"},\"previousItem\":{\"@type\":\"ListItem\",\"@id\":\"https:\\\/\\\/blog.proofs.de\\\/fi#listItem\",\"name\":\"Home\"}},{\"@type\":\"ListItem\",\"@id\":\"https:\\\/\\\/blog.proofs.de\\\/fi\\\/thema\\\/proof-wissen\\\/pantone-und-hks\\\/#listItem\",\"position\":3,\"name\":\"Pantone und HKS\",\"item\":\"https:\\\/\\\/blog.proofs.de\\\/fi\\\/thema\\\/proof-wissen\\\/pantone-und-hks\\\/\",\"nextItem\":{\"@type\":\"ListItem\",\"@id\":\"https:\\\/\\\/blog.proofs.de\\\/fi\\\/digital-first-heisst-oft-farbprobleme-second\\\/#listItem\",\"name\":\"&#8222;Digital First&#8220; hei\\u00dft oft: &#8222;Farbprobleme Second!&#8220;\"},\"previousItem\":{\"@type\":\"ListItem\",\"@id\":\"https:\\\/\\\/blog.proofs.de\\\/fi\\\/thema\\\/proof-wissen\\\/#listItem\",\"name\":\"Proof Wissen\"}},{\"@type\":\"ListItem\",\"@id\":\"https:\\\/\\\/blog.proofs.de\\\/fi\\\/digital-first-heisst-oft-farbprobleme-second\\\/#listItem\",\"position\":4,\"name\":\"&#8222;Digital First&#8220; hei\\u00dft oft: &#8222;Farbprobleme Second!&#8220;\",\"previousItem\":{\"@type\":\"ListItem\",\"@id\":\"https:\\\/\\\/blog.proofs.de\\\/fi\\\/thema\\\/proof-wissen\\\/pantone-und-hks\\\/#listItem\",\"name\":\"Pantone und HKS\"}}]},{\"@type\":\"Organization\",\"@id\":\"https:\\\/\\\/blog.proofs.de\\\/fi\\\/#organization\",\"name\":\"Proof GmbH\",\"description\":\"Farbverbindlicher Proof, Farbproof, Digitalproof und Online-Proof.\",\"url\":\"https:\\\/\\\/blog.proofs.de\\\/fi\\\/\",\"telephone\":\"+4970717952740\",\"logo\":{\"@type\":\"ImageObject\",\"url\":\"https:\\\/\\\/blog1.proofen.de\\\/wp-content\\\/uploads\\\/2019\\\/09\\\/logo_proof_rgb_mit_balken_250px.png\",\"@id\":\"https:\\\/\\\/blog.proofs.de\\\/fi\\\/digital-first-heisst-oft-farbprobleme-second\\\/#organizationLogo\"},\"image\":{\"@id\":\"https:\\\/\\\/blog.proofs.de\\\/fi\\\/digital-first-heisst-oft-farbprobleme-second\\\/#organizationLogo\"},\"sameAs\":[\"https:\\\/\\\/www.facebook.com\\\/Proof.de\\\/\",\"https:\\\/\\\/www.instagram.com\\\/proof.de\\\/\",\"https:\\\/\\\/www.tiktok.com\\\/@proof_de\",\"https:\\\/\\\/www.youtube.com\\\/channel\\\/UCk80fQVQ25wC9wu3SywB-Nw\",\"https:\\\/\\\/www.linkedin.com\\\/company\\\/proof-de\"]},{\"@type\":\"Person\",\"@id\":\"https:\\\/\\\/blog.proofs.de\\\/fi\\\/author\\\/mbetz\\\/#author\",\"url\":\"https:\\\/\\\/blog.proofs.de\\\/fi\\\/author\\\/mbetz\\\/\",\"name\":\"Matthias Betz\",\"image\":{\"@type\":\"ImageObject\",\"@id\":\"https:\\\/\\\/blog.proofs.de\\\/fi\\\/digital-first-heisst-oft-farbprobleme-second\\\/#authorImage\",\"url\":\"https:\\\/\\\/blog.proofs.de\\\/wp-content\\\/uploads\\\/2020\\\/10\\\/matthias-betz-e1603934518350-150x150.png\",\"width\":96,\"height\":96,\"caption\":\"Matthias Betz\"}},{\"@type\":\"WebPage\",\"@id\":\"https:\\\/\\\/blog.proofs.de\\\/fi\\\/digital-first-heisst-oft-farbprobleme-second\\\/#webpage\",\"url\":\"https:\\\/\\\/blog.proofs.de\\\/fi\\\/digital-first-heisst-oft-farbprobleme-second\\\/\",\"name\":\"\\u201eDigital First\\u201c hei\\u00dft oft: \\u201eFarbprobleme Second!\\u201c | proof.de\",\"description\":\"Immer \\u00f6fter erreichen uns in letzter Zeit Farbmanagement-Anfragen, bei denen \\\"Digital First\\\"-Designs an ihre Grenzen geraten. Hier k\\u00f6nnen wir gezielt helfen.\",\"inLanguage\":\"fi\",\"isPartOf\":{\"@id\":\"https:\\\/\\\/blog.proofs.de\\\/fi\\\/#website\"},\"breadcrumb\":{\"@id\":\"https:\\\/\\\/blog.proofs.de\\\/fi\\\/digital-first-heisst-oft-farbprobleme-second\\\/#breadcrumblist\"},\"author\":{\"@id\":\"https:\\\/\\\/blog.proofs.de\\\/fi\\\/author\\\/mbetz\\\/#author\"},\"creator\":{\"@id\":\"https:\\\/\\\/blog.proofs.de\\\/fi\\\/author\\\/mbetz\\\/#author\"},\"image\":{\"@type\":\"ImageObject\",\"url\":\"https:\\\/\\\/blog.proofs.de\\\/wp-content\\\/uploads\\\/2022\\\/07\\\/PANTONE_zu_CMYK_Optimierung_Farbmatrix_Magenta_Cyan_Proof_de.jpg\",\"@id\":\"https:\\\/\\\/blog.proofs.de\\\/fi\\\/digital-first-heisst-oft-farbprobleme-second\\\/#mainImage\",\"width\":1882,\"height\":1919,\"caption\":\"PANTONE oder sRGB zu CMYK Optimierung\"},\"primaryImageOfPage\":{\"@id\":\"https:\\\/\\\/blog.proofs.de\\\/fi\\\/digital-first-heisst-oft-farbprobleme-second\\\/#mainImage\"},\"datePublished\":\"2022-08-05T01:56:05+02:00\",\"dateModified\":\"2022-08-05T01:59:08+02:00\"},{\"@type\":\"WebSite\",\"@id\":\"https:\\\/\\\/blog.proofs.de\\\/fi\\\/#website\",\"url\":\"https:\\\/\\\/blog.proofs.de\\\/fi\\\/\",\"name\":\"Proof.de\",\"description\":\"Farbverbindlicher Proof, Farbproof, Digitalproof und Online-Proof.\",\"inLanguage\":\"fi\",\"publisher\":{\"@id\":\"https:\\\/\\\/blog.proofs.de\\\/fi\\\/#organization\"}}]}\n\t\t<\/script>\n\t\t<!-- All in One SEO -->\n\n","aioseo_head_json":{"title":"\"Digitaalinen ensin\" tarkoittaa usein \"v\u00e4riongelmat vasta sitten!\" | proof.de","description":"Viime aikoina olemme saaneet yh\u00e4 enemm\u00e4n v\u00e4rinhallintatiedusteluja, joissa \"digital first\" -mallit ovat tulleet tiens\u00e4 p\u00e4\u00e4h\u00e4n. T\u00e4ss\u00e4 voimme tarjota kohdennettua apua.","canonical_url":"https:\/\/blog.proofs.de\/fi\/digital-first-heisst-oft-farbprobleme-second\/","robots":"max-image-preview:large","keywords":"corporate design,digital first,farbmanagement,farbmanagement beratung,farbmanagement consulting,pantone,rgb,srgb,srgb farben","webmasterTools":{"google-site-verification":"TuXxyRwxcEg2-WfOaQ8vScWQh3-uBAnxXmY7g3GT90A","miscellaneous":"&lt;meta name=\"seobility\" content=\"593a8578143db71543f014978c690d47\"&gt;"},"schema":{"@context":"https:\/\/schema.org","@graph":[{"@type":"Article","@id":"https:\/\/blog.proofs.de\/fi\/digital-first-heisst-oft-farbprobleme-second\/#article","name":"\u201eDigital First\u201c hei\u00dft oft: \u201eFarbprobleme Second!\u201c | proof.de","headline":"&#8222;Digital First&#8220; hei\u00dft oft: &#8222;Farbprobleme Second!&#8220;","author":{"@id":"https:\/\/blog.proofs.de\/fi\/author\/mbetz\/#author"},"publisher":{"@id":"https:\/\/blog.proofs.de\/fi\/#organization"},"image":{"@type":"ImageObject","url":"https:\/\/blog.proofs.de\/wp-content\/uploads\/2022\/07\/PANTONE_zu_CMYK_Optimierung_Farbmatrix_Magenta_Cyan_Proof_de.jpg","width":1882,"height":1919,"caption":"PANTONE oder sRGB zu CMYK Optimierung"},"datePublished":"2022-08-05T01:56:05+02:00","dateModified":"2022-08-05T01:59:08+02:00","inLanguage":"fi","commentCount":2,"mainEntityOfPage":{"@id":"https:\/\/blog.proofs.de\/fi\/digital-first-heisst-oft-farbprobleme-second\/#webpage"},"isPartOf":{"@id":"https:\/\/blog.proofs.de\/fi\/digital-first-heisst-oft-farbprobleme-second\/#webpage"},"articleSection":"Allgemein, Pantone und HKS, Corporate Design, Digital First, Farbmanagement, Farbmanagement Beratung, Farbmanagement Consulting, Pantone, RGB, sRGB, sRGB Farben"},{"@type":"BreadcrumbList","@id":"https:\/\/blog.proofs.de\/fi\/digital-first-heisst-oft-farbprobleme-second\/#breadcrumblist","itemListElement":[{"@type":"ListItem","@id":"https:\/\/blog.proofs.de\/fi#listItem","position":1,"name":"Home","item":"https:\/\/blog.proofs.de\/fi","nextItem":{"@type":"ListItem","@id":"https:\/\/blog.proofs.de\/fi\/thema\/proof-wissen\/#listItem","name":"Proof Wissen"}},{"@type":"ListItem","@id":"https:\/\/blog.proofs.de\/fi\/thema\/proof-wissen\/#listItem","position":2,"name":"Proof Wissen","item":"https:\/\/blog.proofs.de\/fi\/thema\/proof-wissen\/","nextItem":{"@type":"ListItem","@id":"https:\/\/blog.proofs.de\/fi\/thema\/proof-wissen\/pantone-und-hks\/#listItem","name":"Pantone und HKS"},"previousItem":{"@type":"ListItem","@id":"https:\/\/blog.proofs.de\/fi#listItem","name":"Home"}},{"@type":"ListItem","@id":"https:\/\/blog.proofs.de\/fi\/thema\/proof-wissen\/pantone-und-hks\/#listItem","position":3,"name":"Pantone und HKS","item":"https:\/\/blog.proofs.de\/fi\/thema\/proof-wissen\/pantone-und-hks\/","nextItem":{"@type":"ListItem","@id":"https:\/\/blog.proofs.de\/fi\/digital-first-heisst-oft-farbprobleme-second\/#listItem","name":"&#8222;Digital First&#8220; hei\u00dft oft: &#8222;Farbprobleme Second!&#8220;"},"previousItem":{"@type":"ListItem","@id":"https:\/\/blog.proofs.de\/fi\/thema\/proof-wissen\/#listItem","name":"Proof Wissen"}},{"@type":"ListItem","@id":"https:\/\/blog.proofs.de\/fi\/digital-first-heisst-oft-farbprobleme-second\/#listItem","position":4,"name":"&#8222;Digital First&#8220; hei\u00dft oft: &#8222;Farbprobleme Second!&#8220;","previousItem":{"@type":"ListItem","@id":"https:\/\/blog.proofs.de\/fi\/thema\/proof-wissen\/pantone-und-hks\/#listItem","name":"Pantone und HKS"}}]},{"@type":"Organization","@id":"https:\/\/blog.proofs.de\/fi\/#organization","name":"Proof GmbH","description":"Farbverbindlicher Proof, Farbproof, Digitalproof und Online-Proof.","url":"https:\/\/blog.proofs.de\/fi\/","telephone":"+4970717952740","logo":{"@type":"ImageObject","url":"https:\/\/blog1.proofen.de\/wp-content\/uploads\/2019\/09\/logo_proof_rgb_mit_balken_250px.png","@id":"https:\/\/blog.proofs.de\/fi\/digital-first-heisst-oft-farbprobleme-second\/#organizationLogo"},"image":{"@id":"https:\/\/blog.proofs.de\/fi\/digital-first-heisst-oft-farbprobleme-second\/#organizationLogo"},"sameAs":["https:\/\/www.facebook.com\/Proof.de\/","https:\/\/www.instagram.com\/proof.de\/","https:\/\/www.tiktok.com\/@proof_de","https:\/\/www.youtube.com\/channel\/UCk80fQVQ25wC9wu3SywB-Nw","https:\/\/www.linkedin.com\/company\/proof-de"]},{"@type":"Person","@id":"https:\/\/blog.proofs.de\/fi\/author\/mbetz\/#author","url":"https:\/\/blog.proofs.de\/fi\/author\/mbetz\/","name":"Matthias Betz","image":{"@type":"ImageObject","@id":"https:\/\/blog.proofs.de\/fi\/digital-first-heisst-oft-farbprobleme-second\/#authorImage","url":"https:\/\/blog.proofs.de\/wp-content\/uploads\/2020\/10\/matthias-betz-e1603934518350-150x150.png","width":96,"height":96,"caption":"Matthias Betz"}},{"@type":"WebPage","@id":"https:\/\/blog.proofs.de\/fi\/digital-first-heisst-oft-farbprobleme-second\/#webpage","url":"https:\/\/blog.proofs.de\/fi\/digital-first-heisst-oft-farbprobleme-second\/","name":"\u201eDigital First\u201c hei\u00dft oft: \u201eFarbprobleme Second!\u201c | proof.de","description":"Immer \u00f6fter erreichen uns in letzter Zeit Farbmanagement-Anfragen, bei denen \"Digital First\"-Designs an ihre Grenzen geraten. Hier k\u00f6nnen wir gezielt helfen.","inLanguage":"fi","isPartOf":{"@id":"https:\/\/blog.proofs.de\/fi\/#website"},"breadcrumb":{"@id":"https:\/\/blog.proofs.de\/fi\/digital-first-heisst-oft-farbprobleme-second\/#breadcrumblist"},"author":{"@id":"https:\/\/blog.proofs.de\/fi\/author\/mbetz\/#author"},"creator":{"@id":"https:\/\/blog.proofs.de\/fi\/author\/mbetz\/#author"},"image":{"@type":"ImageObject","url":"https:\/\/blog.proofs.de\/wp-content\/uploads\/2022\/07\/PANTONE_zu_CMYK_Optimierung_Farbmatrix_Magenta_Cyan_Proof_de.jpg","@id":"https:\/\/blog.proofs.de\/fi\/digital-first-heisst-oft-farbprobleme-second\/#mainImage","width":1882,"height":1919,"caption":"PANTONE oder sRGB zu CMYK Optimierung"},"primaryImageOfPage":{"@id":"https:\/\/blog.proofs.de\/fi\/digital-first-heisst-oft-farbprobleme-second\/#mainImage"},"datePublished":"2022-08-05T01:56:05+02:00","dateModified":"2022-08-05T01:59:08+02:00"},{"@type":"WebSite","@id":"https:\/\/blog.proofs.de\/fi\/#website","url":"https:\/\/blog.proofs.de\/fi\/","name":"Proof.de","description":"Farbverbindlicher Proof, Farbproof, Digitalproof und Online-Proof.","inLanguage":"fi","publisher":{"@id":"https:\/\/blog.proofs.de\/fi\/#organization"}}]},"og:locale":"fi_FI","og:site_name":"Proof.de | Alles zu Proof, Farbmanagement, Grafik, Messtechnik &amp; Co.","og:type":"article","og:title":"\u201eDigital First\u201c hei\u00dft oft: \u201eFarbprobleme Second!\u201c | proof.de","og:description":"Immer \u00f6fter erreichen uns in letzter Zeit Farbmanagement-Anfragen, bei denen &quot;Digital First&quot;-Designs an ihre Grenzen geraten. Hier k\u00f6nnen wir gezielt helfen.","og:url":"https:\/\/blog.proofs.de\/fi\/digital-first-heisst-oft-farbprobleme-second\/","og:image":"https:\/\/blog.proofs.de\/wp-content\/uploads\/2022\/07\/PANTONE_zu_CMYK_Optimierung_Farbmatrix_Magenta_Cyan_Proof_de.jpg","og:image:secure_url":"https:\/\/blog.proofs.de\/wp-content\/uploads\/2022\/07\/PANTONE_zu_CMYK_Optimierung_Farbmatrix_Magenta_Cyan_Proof_de.jpg","og:image:width":1882,"og:image:height":1919,"article:published_time":"2022-08-04T23:56:05+00:00","article:modified_time":"2022-08-04T23:59:08+00:00","article:publisher":"https:\/\/www.facebook.com\/Proof.de\/","twitter:card":"summary","twitter:title":"\u201eDigital First\u201c hei\u00dft oft: \u201eFarbprobleme Second!\u201c | proof.de","twitter:description":"Immer \u00f6fter erreichen uns in letzter Zeit Farbmanagement-Anfragen, bei denen &quot;Digital First&quot;-Designs an ihre Grenzen geraten. Hier k\u00f6nnen wir gezielt helfen.","twitter:image":"https:\/\/blog.proofs.de\/wp-content\/uploads\/2022\/07\/PANTONE_zu_CMYK_Optimierung_Farbmatrix_Magenta_Cyan_Proof_de.jpg"},"aioseo_meta_data":{"post_id":"4991","title":null,"description":"Viime aikoina olemme saaneet yh\u00e4 enemm\u00e4n v\u00e4rinhallintatiedusteluja, joissa \"digital first\" -mallit ovat tulleet tiens\u00e4 p\u00e4\u00e4h\u00e4n. T\u00e4ss\u00e4 voimme tarjota kohdennettua apua.","keywords":[],"keyphrases":{"focus":{"keyphrase":"Digital First","score":90,"analysis":{"keyphraseInTitle":{"title":"Focus keyphrase in SEO title","description":"Focus keyphrase found in SEO title.","score":9,"maxScore":9,"error":0},"keyphraseInDescription":{"title":"Focus keyphrase in meta description","description":"Focus keyphrase found in meta description.","score":9,"maxScore":9,"error":0},"keyphraseLength":{"title":"Focus keyphrase length","description":"Good job!","score":9,"maxScore":9,"error":0,"length":2},"keyphraseInURL":{"title":"Focus keyphrase in URL","description":"Focus keyphrase used in the URL.","score":5,"maxScore":5,"error":0},"keyphraseInIntroduction":{"title":"Focus keyphrase in introduction","description":"Your Focus keyphrase appears in the first paragraph. Well done!","score":9,"maxScore":9,"error":0},"keyphraseInSubHeadings":{"title":"Focus keyphrase in Subheadings","description":"Your H2 and H3 subheadings reflects the topic of your copy. Good job!","score":9,"maxScore":9,"error":0},"keyphraseInImageAlt":{"title":"Focus keyphrase in image alt attributes","description":"Focus keyphrase not found in image alt attribute(s). Add an image with your Focus keyphrase as alt text.","score":3,"maxScore":9,"error":1}}},"additional":[]},"primary_term":null,"canonical_url":null,"og_title":null,"og_description":null,"og_object_type":"default","og_image_type":"default","og_image_url":null,"og_image_width":null,"og_image_height":null,"og_image_custom_url":null,"og_image_custom_fields":null,"og_video":"","og_custom_url":null,"og_article_section":null,"og_article_tags":[],"twitter_use_og":true,"twitter_card":"default","twitter_image_type":"default","twitter_image_url":null,"twitter_image_custom_url":null,"twitter_image_custom_fields":null,"twitter_title":null,"twitter_description":null,"schema":{"blockGraphs":[],"customGraphs":[],"default":{"data":{"Article":[],"Course":[],"Dataset":[],"FAQPage":[],"Movie":[],"Person":[],"Product":[],"ProductReview":[],"Car":[],"Recipe":[],"Service":[],"SoftwareApplication":[],"WebPage":[]},"graphName":"","isEnabled":true},"graphs":[],"defaultGraph":"Article","defaultPostTypeGraph":""},"schema_type":"default","schema_type_options":"{\"article\":{\"articleType\":\"BlogPosting\"},\"course\":{\"name\":\"\",\"description\":\"\",\"provider\":\"\"},\"faq\":{\"pages\":[]},\"product\":{\"reviews\":[]},\"recipe\":{\"ingredients\":[],\"instructions\":[],\"keywords\":[]},\"software\":{\"reviews\":[],\"operatingSystems\":[]},\"webPage\":{\"webPageType\":\"WebPage\"},\"blockGraphs\":[]}","pillar_content":false,"robots_default":true,"robots_noindex":false,"robots_noarchive":false,"robots_nosnippet":false,"robots_nofollow":false,"robots_noimageindex":false,"robots_noodp":false,"robots_notranslate":false,"robots_max_snippet":"-1","robots_max_videopreview":"-1","robots_max_imagepreview":"large","priority":null,"frequency":"default","local_seo":null,"breadcrumb_settings":null,"limit_modified_date":false,"ai":null,"created":"2022-07-13 21:28:33","updated":"2025-06-04 14:28:05","seo_analyzer_scan_date":null,"focus_keyword":"Digital First","additional_keywords":null,"truseo_locale":null},"_links":{"self":[{"href":"https:\/\/blog.proofs.de\/fi\/wp-json\/wp\/v2\/posts\/4991","targetHints":{"allow":["GET"]}}],"collection":[{"href":"https:\/\/blog.proofs.de\/fi\/wp-json\/wp\/v2\/posts"}],"about":[{"href":"https:\/\/blog.proofs.de\/fi\/wp-json\/wp\/v2\/types\/post"}],"author":[{"embeddable":true,"href":"https:\/\/blog.proofs.de\/fi\/wp-json\/wp\/v2\/users\/2"}],"replies":[{"embeddable":true,"href":"https:\/\/blog.proofs.de\/fi\/wp-json\/wp\/v2\/comments?post=4991"}],"version-history":[{"count":7,"href":"https:\/\/blog.proofs.de\/fi\/wp-json\/wp\/v2\/posts\/4991\/revisions"}],"predecessor-version":[{"id":5004,"href":"https:\/\/blog.proofs.de\/fi\/wp-json\/wp\/v2\/posts\/4991\/revisions\/5004"}],"wp:featuredmedia":[{"embeddable":true,"href":"https:\/\/blog.proofs.de\/fi\/wp-json\/wp\/v2\/media\/4994"}],"wp:attachment":[{"href":"https:\/\/blog.proofs.de\/fi\/wp-json\/wp\/v2\/media?parent=4991"}],"wp:term":[{"taxonomy":"category","embeddable":true,"href":"https:\/\/blog.proofs.de\/fi\/wp-json\/wp\/v2\/categories?post=4991"},{"taxonomy":"post_tag","embeddable":true,"href":"https:\/\/blog.proofs.de\/fi\/wp-json\/wp\/v2\/tags?post=4991"}],"curies":[{"name":"wp","href":"https:\/\/api.w.org\/{rel}","templated":true}]}}