{"id":69,"date":"2012-01-25T10:21:52","date_gmt":"2012-01-25T09:21:52","guid":{"rendered":"http:\/\/www.proof.de\/?p=69"},"modified":"2020-05-08T11:50:00","modified_gmt":"2020-05-08T09:50:00","slug":"kuinka-vaerikonsistentteja-todisteet-ovat","status":"publish","type":"post","link":"https:\/\/blog.proofs.de\/fi\/wie-farbverbindlich-sind-proofs\/","title":{"rendered":"Kuinka v\u00e4ritarkkoja vedokset ovat?"},"content":{"rendered":"<div class=\"kk-star-ratings kksr-auto kksr-align-right kksr-valign-top\" data-payload='{\"align\":\"right\",\"id\":\"69\",\"slug\":\"default\",\"valign\":\"top\",\"ignore\":\"\",\"reference\":\"auto\",\"class\":\"\",\"count\":\"0\",\"legendonly\":\"\",\"readonly\":\"\",\"score\":\"0\",\"starsonly\":\"\",\"best\":\"5\",\"gap\":\"5\",\"greet\":\"Jetzt bewerten\",\"legend\":\"0\\\/5 - (0 votes)\",\"size\":\"24\",\"title\":\"Wie farbverbindlich sind Proofs?\",\"width\":\"0\",\"_legend\":\"{score}\\\/{best} - ({count} {votes})\",\"font_factor\":\"1.25\"}'>\n            \n<div class=\"kksr-stars\">\n    \n<div class=\"kksr-stars-inactive\">\n            <div class=\"kksr-star\" data-star=\"1\" style=\"padding-right: 5px\">\n            \n\n<div class=\"kksr-icon\" style=\"width: 24px; height: 24px;\"><\/div>\n        <\/div>\n            <div class=\"kksr-star\" data-star=\"2\" style=\"padding-right: 5px\">\n            \n\n<div class=\"kksr-icon\" style=\"width: 24px; height: 24px;\"><\/div>\n        <\/div>\n            <div class=\"kksr-star\" data-star=\"3\" style=\"padding-right: 5px\">\n            \n\n<div class=\"kksr-icon\" style=\"width: 24px; height: 24px;\"><\/div>\n        <\/div>\n            <div class=\"kksr-star\" data-star=\"4\" style=\"padding-right: 5px\">\n            \n\n<div class=\"kksr-icon\" style=\"width: 24px; height: 24px;\"><\/div>\n        <\/div>\n            <div class=\"kksr-star\" data-star=\"5\" style=\"padding-right: 5px\">\n            \n\n<div class=\"kksr-icon\" style=\"width: 24px; height: 24px;\"><\/div>\n        <\/div>\n    <\/div>\n    \n<div class=\"kksr-stars-active\" style=\"width: 0px;\">\n            <div class=\"kksr-star\" style=\"padding-right: 5px\">\n            \n\n<div class=\"kksr-icon\" style=\"width: 24px; height: 24px;\"><\/div>\n        <\/div>\n            <div class=\"kksr-star\" style=\"padding-right: 5px\">\n            \n\n<div class=\"kksr-icon\" style=\"width: 24px; height: 24px;\"><\/div>\n        <\/div>\n            <div class=\"kksr-star\" style=\"padding-right: 5px\">\n            \n\n<div class=\"kksr-icon\" style=\"width: 24px; height: 24px;\"><\/div>\n        <\/div>\n            <div class=\"kksr-star\" style=\"padding-right: 5px\">\n            \n\n<div class=\"kksr-icon\" style=\"width: 24px; height: 24px;\"><\/div>\n        <\/div>\n            <div class=\"kksr-star\" style=\"padding-right: 5px\">\n            \n\n<div class=\"kksr-icon\" style=\"width: 24px; height: 24px;\"><\/div>\n        <\/div>\n    <\/div>\n<\/div>\n                \n\n<div class=\"kksr-legend\" style=\"font-size: 19.2px;\">\n            <span class=\"kksr-muted\">Arvioi nyt<\/span>\n    <\/div>\n    <\/div>\n<p><strong>A <a href=\"https:\/\/blog.proofs.de\/fi\/lexikon\/proof\/\" target=\"_self\" title=\"Proof (oikein: sopimusproof) on ISO 12647-7 -sertifioitu graafisen alan proof-laite. Proof simuloi offset- tai syv\u00e4painon v\u00e4rillisyytt\u00e4 v\u00e4ris\u00e4vyjen ja oikeudellisesti sitovalla tavalla ISO-standardin kapeiden toleranssien rajoissa.\" class=\"encyclopedia\">Todiste<\/a> on laadittu t\u00e4ll\u00e4 hetkell\u00e4 voimassa olevan ISO-standardin 12647-7 mukaisesti, ja se on <a href=\"https:\/\/blog.proofs.de\/fi\/lexikon\/ugra\/\" target=\"_self\" title=\"UGRA on media- ja painotekniikan osaamiskeskus.\" class=\"encyclopedia\">UGRA<\/a>-<a href=\"https:\/\/blog.proofs.de\/fi\/lexikon\/fogra\/\" target=\"_self\" title=\"Fogra Forschungsgesellschaft Druck e.V., kotipaikka M\u00fcnchen.\" class=\"encyclopedia\">Fogra<\/a> <a href=\"https:\/\/blog.proofs.de\/fi\/lexikon\/medienkeil\/\" target=\"_self\" title=\"Mediakiila on standardoitu testikuvio, jota k\u00e4ytet\u00e4\u00e4n painoteollisuudessa ja v\u00e4rinhallinnassa. Mediakiila koostuu sarjasta v\u00e4rilaikkuja, joiden v\u00e4riarvot ja -intensiteetit tunnetaan. Sit\u00e4 k\u00e4ytet\u00e4\u00e4n tulosteiden v\u00e4ritarkkuuden ja v\u00e4rintoiston tarkistamiseen, erityisesti v\u00e4rinhallintaj\u00e4rjestelmi\u00e4 kalibroitaessa. Mediakiila sis\u00e4lt\u00e4\u00e4 sarjan v\u00e4rilaikkuja, joissa on eri v\u00e4rej\u00e4, mukaan lukien...\" class=\"encyclopedia\">Media kiila<\/a> ja testiraportti v\u00e4rikoodattu ja oikeudellisesti sitova.<\/strong><\/p>\n<p><strong>Miten t\u00e4m\u00e4 tarkistus toimii?<\/strong><\/p>\n<p>Tarvitsetko todistuksen UGRA\/Fogra-mediakiilan kanssa? <a href=\"https:\/\/blog.proofs.de\/fi\/lexikon\/cmyk\/\" target=\"_self\" title='CMYK tarkoittaa nelj\u00e4\u00e4 painov\u00e4ri\u00e4: syaania, magentaa, keltaista (keltainen) ja &quot;avainta&quot; (musta tai musta osa).' class=\"encyclopedia\">CMYK<\/a> V3.0:ssa on kaksi tapaa, joilla kirjausketju tulee tietojesi alle.<\/p>\n<ol>\n<li>Proofauslaitteissa, joissa on integroitu mittauslaite, 3\u00d724 standardoitua v\u00e4rilaattaa sis\u00e4lt\u00e4v\u00e4 mediakiila tulostetaan suoraan proof-tietojen alle. T\u00e4m\u00e4 mediakiila siirret\u00e4\u00e4n suoraan vedoslaitteessa er\u00e4\u00e4nlaiseen \"hiustenkuivaajaan\" mittalaitteessa ja kuivataan siell\u00e4. Muutaman minuutin kuivumisen j\u00e4lkeen mediakiila siirret\u00e4\u00e4n eteenp\u00e4in ja mitataan suoraan vedostinlaitteessa. T\u00e4m\u00e4 kest\u00e4\u00e4 muutaman minuutin. N\u00e4in m\u00e4\u00e4ritetyt mitatut arvot l\u00e4hetet\u00e4\u00e4n laitteeseen <a href=\"https:\/\/blog.proofs.de\/fi\/lexikon\/proofs\/\" target=\"_self\" title=\"Painoalalla vedoksilla (tai vedosj\u00e4ljenn\u00f6ksill\u00e4) tarkoitetaan painotuloksen v\u00e4risitovaa ja oikeudellisesti sitovaa simulaatiota valvontatarkoituksiin. Proofista vastaava standardi on ISO 12647-7:2016, eli nykyinen vuoden 2016 tarkistus.\" class=\"encyclopedia\">Todisteet<\/a>erver ja arvioidaan siell\u00e4. Jos v\u00e4riarvot ovat oikeita ja tiukan ISO-standardin toleranssien sis\u00e4ll\u00e4, mittaustuloste tulostetaan suoraan mediakiilan alle, jolloin n\u00e4et v\u00e4ritarkkuuden ProcessStandardin mukaisesti. <a href=\"https:\/\/blog.proofs.de\/fi\/lexikon\/offsetdruck\/\" target=\"_self\" title=\"Offsetpainatus on ep\u00e4suora painomenetelm\u00e4. Ep\u00e4suora tarkoittaa sit\u00e4, ett\u00e4 painov\u00e4line ja painomateriaali eiv\u00e4t ole suorassa kosketuksessa toisiinsa, vaan v\u00e4liss\u00e4 k\u00e4ytet\u00e4\u00e4n v\u00e4linett\u00e4 siirtov\u00e4lineen\u00e4. Se on yleisin painomenetelm\u00e4. Erilaisia ovat: - arkkioffsetpainokoneet ja - rullaoffsetpainokoneet.\" class=\"encyclopedia\">Offset-painatus<\/a> taattu.<\/li>\n<li>Kun kyseess\u00e4 ovat todentamislaitteet, joissa ei ole integroitua mittauslaitetta, on k\u00e4ytett\u00e4v\u00e4 <a href=\"https:\/\/blog.proofs.de\/fi\/lexikon\/led\/\" target=\"_self\" title='LED tarkoittaa &quot;valoa s\u00e4teilev\u00e4\u00e4 diodia&quot;, ja grafiikkateollisuudessa se tarkoittaa uutta &quot;LED&quot;-valoa, joka on korvannut vanhemmat valonl\u00e4hteet, kuten neonputket ja volframilamput. Neonputket tunnetaan p\u00e4\u00e4asiassa D50- tai D65-standardivaloalueelta, kun taas volframivalonl\u00e4hteit\u00e4 k\u00e4ytettiin p\u00e4\u00e4asiassa v\u00e4rinmittauslaitteissa, kuten spektrofotometreiss\u00e4 ja kolorimetreiss\u00e4.....' class=\"encyclopedia\">led<\/a>Vain vakiomuotoinen mediakiila tulostetaan vedostietojen alle. Tarkastus suoritetaan j\u00e4lkik\u00e4teen ja proof-tulostimen ulkopuolella. T\u00e4m\u00e4n j\u00e4lkeen mediakiila mitataan ulkoisella mittalaitteella, ja tavoite- ja toleranssiarvot tarkistetaan seuraavasti <a href=\"https:\/\/blog.proofs.de\/fi\/lexikon\/lab\/\" target=\"_self\" title=\"CIELAB tai LAB on matemaattinen v\u00e4rimalli, joka on vakiintunut kaikkialle, miss\u00e4 tarvitaan tarkkaa v\u00e4rilaskentaa. Tietokoneen v\u00e4rinhallinta toimii yleens\u00e4 CIELAB-mallin avulla.\" class=\"encyclopedia\">Laboratorio<\/a>eld-tulostin. T\u00e4m\u00e4 tarra kiinnitet\u00e4\u00e4n sitten suoraan tulostusmateriaalin kiilan alle.<\/li>\n<\/ol>\n<p><strong>Mit\u00e4 hy\u00f6ty\u00e4 on siit\u00e4, ett\u00e4 mediakiila luodaan ja tarkistetaan automaattisesti suoraan vedoslaitteessa?<br>\n<\/strong><\/p>\n<ul>\n<li>Mittaus suoritetaan automaattisesti suoraan vedostulostuksen j\u00e4lkeen, manuaalisista k\u00e4ytt\u00f6virheist\u00e4 johtuvia mittausvirheit\u00e4 ei oteta huomioon. Koska testip\u00f6yt\u00e4kirjaa ei \"jumiuteta\" j\u00e4lkik\u00e4teen, kuten viel\u00e4 usein tapahtuu, manipulointi on poissuljettu.<\/li>\n<\/ul>\n<p>Lis\u00e4tietoja testiprotokollasta, mediakiilasta sek\u00e4 UGRA\/Fogran ty\u00f6st\u00e4 ja vastuusta on saatavilla osoitteessa <a href=\"http:\/\/www.ugra.ch\/\" target=\"_blank\" rel=\"noopener noreferrer\">www.ugra.ch<\/a> ja <a href=\"http:\/\/www.fogra.org\/\" target=\"_blank\" rel=\"noopener noreferrer\">www.fogra.org<\/a>.<\/p>","protected":false},"excerpt":{"rendered":"<p>Proof luodaan voimassa olevan ISO-standardin 12647-7 mukaisesti, ja se on v\u00e4risitova ja oikeudellisesti sitova UGRA-Fogra-mediakiilan ja testiraportin kanssa. Miten t\u00e4m\u00e4 todentaminen toimii? Jos tarvitset vedoksen UGRA\/Fogra-mediakiila CMYK V3.0:lla, testiraportti voidaan lis\u00e4t\u00e4 aineistoon kahdella tavalla. Integroidulla mittauslaitteella varustetuissa proof-laitteissa mediakiila, jossa on 3\u00d724 standardoitua v\u00e4rilaikkaa, tulostetaan suoraan proof-datan alle. T\u00e4m\u00e4 mediakiila siirret\u00e4\u00e4n suoraan proofauslaitteessa er\u00e4\u00e4nlaiseen \"hiustenkuivaajaan\" mittalaitteessa ja kuivataan siell\u00e4. Muutaman minuutin kuivumisen j\u00e4lkeen mediakiila siirtyy eteenp\u00e4in ja ... <\/p>\n<p class=\"read-more-container\"><a title=\"Kuinka v\u00e4ritarkkoja vedokset ovat?\" class=\"read-more button\" href=\"https:\/\/blog.proofs.de\/fi\/wie-farbverbindlich-sind-proofs\/#more-69\" aria-label=\"Lue lis\u00e4\u00e4 aiheesta Kuinka v\u00e4ritarkkoja vedokset ovat?\">Lue lis\u00e4\u00e4<\/a><\/p>","protected":false},"author":2,"featured_media":881,"comment_status":"open","ping_status":"open","sticky":false,"template":"","format":"standard","meta":{"om_disable_all_campaigns":false,"inline_featured_image":false,"_monsterinsights_skip_tracking":false,"footnotes":""},"categories":[18,443,120,438,437,7,442],"tags":[520,521,21,67,522,19,519,525],"class_list":["post-69","post","type-post","status-publish","format-standard","has-post-thumbnail","hentry","category-haufige-fragen","category-haeufige-fragen-zu-proofs","category-kategorie-proof-gmbh","category-proof-papiere","category-proof-software-und-technik","category-proof-wissen","category-prozessstandard-offsetdruck-proof-wissen","tag-digitalproof","tag-farbproof","tag-farbverbindlich","tag-farbverbindlichkeit","tag-fogra","tag-medienkeil","tag-proof","tag-ugra","generate-columns","tablet-grid-50","mobile-grid-100","grid-parent","grid-50","no-featured-image-padding","resize-featured-image"],"aioseo_notices":[],"aioseo_head":"\n\t\t<!-- All in One SEO 5.0.1.1 - aioseo.com -->\n\t<meta name=\"description\" content=\"In dem Artikel wird erkl\u00e4rt, wie ein Proof farbverbindlich und rechtsverbindlich wird: Mit Medienkeil und Pr\u00fcfprotokoll nach ISO 12647-7 kein Thema!\" \/>\n\t<meta name=\"robots\" content=\"max-image-preview:large\" \/>\n\t<meta name=\"author\" content=\"Matthias Betz\"\/>\n\t<meta name=\"google-site-verification\" content=\"TuXxyRwxcEg2-WfOaQ8vScWQh3-uBAnxXmY7g3GT90A\" \/>\n\t<meta name=\"keywords\" content=\"proof,farbverbindlich,rechtsverbindlich,pr\u00fcfprotokoll,iso12647-7,digitalproof,farbproof,farbverbindlich,farbverbindlichkeit,fogra,medienkeil,proof,ugra\" \/>\n\t<link rel=\"canonical\" href=\"https:\/\/blog.proofs.de\/fi\/wie-farbverbindlich-sind-proofs\/\" \/>\n\t<meta name=\"generator\" content=\"All in One SEO (AIOSEO) 5.0.1.1\" \/>\n\n\t\t<meta name=\"seobility\" content=\"593a8578143db71543f014978c690d47\">\n\t\t<meta property=\"og:locale\" content=\"fi_FI\" \/>\n\t\t<meta property=\"og:site_name\" content=\"Proof.de | Alles zu Proof, Farbmanagement, Grafik, Messtechnik &amp; Co.\" \/>\n\t\t<meta property=\"og:type\" content=\"article\" \/>\n\t\t<meta property=\"og:title\" content=\"Wie farbverbindlich sind Proofs? | proof.de\" \/>\n\t\t<meta property=\"og:description\" content=\"In dem Artikel wird erkl\u00e4rt, wie ein Proof farbverbindlich und rechtsverbindlich wird: Mit Medienkeil und Pr\u00fcfprotokoll nach ISO 12647-7 kein Thema!\" \/>\n\t\t<meta property=\"og:url\" content=\"https:\/\/blog.proofs.de\/fi\/wie-farbverbindlich-sind-proofs\/\" \/>\n\t\t<meta property=\"og:image\" content=\"https:\/\/blog.proofs.de\/wp-content\/uploads\/2014\/02\/medienkeil_mit_pruefprotokoll.jpg\" \/>\n\t\t<meta property=\"og:image:secure_url\" content=\"https:\/\/blog.proofs.de\/wp-content\/uploads\/2014\/02\/medienkeil_mit_pruefprotokoll.jpg\" \/>\n\t\t<meta property=\"og:image:width\" content=\"540\" \/>\n\t\t<meta property=\"og:image:height\" content=\"315\" \/>\n\t\t<meta property=\"article:published_time\" content=\"2012-01-25T09:21:52+00:00\" \/>\n\t\t<meta property=\"article:modified_time\" content=\"2020-05-08T09:50:00+00:00\" \/>\n\t\t<meta property=\"article:publisher\" content=\"https:\/\/www.facebook.com\/Proof.de\/\" \/>\n\t\t<meta name=\"twitter:card\" content=\"summary\" \/>\n\t\t<meta name=\"twitter:title\" content=\"Wie farbverbindlich sind Proofs? | proof.de\" \/>\n\t\t<meta name=\"twitter:description\" content=\"In dem Artikel wird erkl\u00e4rt, wie ein Proof farbverbindlich und rechtsverbindlich wird: Mit Medienkeil und Pr\u00fcfprotokoll nach ISO 12647-7 kein Thema!\" \/>\n\t\t<meta name=\"twitter:image\" content=\"https:\/\/blog1.proofen.de\/wp-content\/uploads\/2020\/04\/proof_background.jpg\" \/>\n\t\t<script type=\"application\/ld+json\" class=\"aioseo-schema\">\n\t\t\t{\"@context\":\"https:\\\/\\\/schema.org\",\"@graph\":[{\"@type\":\"Article\",\"@id\":\"https:\\\/\\\/blog.proofs.de\\\/fi\\\/wie-farbverbindlich-sind-proofs\\\/#article\",\"name\":\"Wie farbverbindlich sind Proofs? | proof.de\",\"headline\":\"Wie farbverbindlich sind Proofs?\",\"author\":{\"@id\":\"https:\\\/\\\/blog.proofs.de\\\/fi\\\/author\\\/mbetz\\\/#author\"},\"publisher\":{\"@id\":\"https:\\\/\\\/blog.proofs.de\\\/fi\\\/#organization\"},\"image\":{\"@type\":\"ImageObject\",\"url\":\"https:\\\/\\\/blog.proofs.de\\\/wp-content\\\/uploads\\\/2014\\\/02\\\/medienkeil_mit_pruefprotokoll.jpg\",\"width\":540,\"height\":315,\"caption\":\"Ugra\\\/Fogra-Medienkeil V3.0 mit Pr\\u00fcfprotokoll\"},\"datePublished\":\"2012-01-25T10:21:52+01:00\",\"dateModified\":\"2020-05-08T11:50:00+02:00\",\"inLanguage\":\"fi\",\"mainEntityOfPage\":{\"@id\":\"https:\\\/\\\/blog.proofs.de\\\/fi\\\/wie-farbverbindlich-sind-proofs\\\/#webpage\"},\"isPartOf\":{\"@id\":\"https:\\\/\\\/blog.proofs.de\\\/fi\\\/wie-farbverbindlich-sind-proofs\\\/#webpage\"},\"articleSection\":\"H\\u00e4ufige Fragen, H\\u00e4ufige Fragen zu Proofs, Proof GmbH, Proof Papiere, Proof Software &amp; Technik, Proof Wissen, Prozessstandard Offsetdruck, Digitalproof, Farbproof, farbverbindlich, Farbverbindlichkeit, Fogra, Medienkeil, Proof, UGRA\"},{\"@type\":\"BreadcrumbList\",\"@id\":\"https:\\\/\\\/blog.proofs.de\\\/fi\\\/wie-farbverbindlich-sind-proofs\\\/#breadcrumblist\",\"itemListElement\":[{\"@type\":\"ListItem\",\"@id\":\"https:\\\/\\\/blog.proofs.de\\\/fi#listItem\",\"position\":1,\"name\":\"Home\",\"item\":\"https:\\\/\\\/blog.proofs.de\\\/fi\",\"nextItem\":{\"@type\":\"ListItem\",\"@id\":\"https:\\\/\\\/blog.proofs.de\\\/fi\\\/thema\\\/proof-wissen\\\/#listItem\",\"name\":\"Proof Wissen\"}},{\"@type\":\"ListItem\",\"@id\":\"https:\\\/\\\/blog.proofs.de\\\/fi\\\/thema\\\/proof-wissen\\\/#listItem\",\"position\":2,\"name\":\"Proof Wissen\",\"item\":\"https:\\\/\\\/blog.proofs.de\\\/fi\\\/thema\\\/proof-wissen\\\/\",\"nextItem\":{\"@type\":\"ListItem\",\"@id\":\"https:\\\/\\\/blog.proofs.de\\\/fi\\\/thema\\\/proof-wissen\\\/kategorie-proof-gmbh\\\/#listItem\",\"name\":\"Proof GmbH\"},\"previousItem\":{\"@type\":\"ListItem\",\"@id\":\"https:\\\/\\\/blog.proofs.de\\\/fi#listItem\",\"name\":\"Home\"}},{\"@type\":\"ListItem\",\"@id\":\"https:\\\/\\\/blog.proofs.de\\\/fi\\\/thema\\\/proof-wissen\\\/kategorie-proof-gmbh\\\/#listItem\",\"position\":3,\"name\":\"Proof GmbH\",\"item\":\"https:\\\/\\\/blog.proofs.de\\\/fi\\\/thema\\\/proof-wissen\\\/kategorie-proof-gmbh\\\/\",\"nextItem\":{\"@type\":\"ListItem\",\"@id\":\"https:\\\/\\\/blog.proofs.de\\\/fi\\\/wie-farbverbindlich-sind-proofs\\\/#listItem\",\"name\":\"Wie farbverbindlich sind Proofs?\"},\"previousItem\":{\"@type\":\"ListItem\",\"@id\":\"https:\\\/\\\/blog.proofs.de\\\/fi\\\/thema\\\/proof-wissen\\\/#listItem\",\"name\":\"Proof Wissen\"}},{\"@type\":\"ListItem\",\"@id\":\"https:\\\/\\\/blog.proofs.de\\\/fi\\\/wie-farbverbindlich-sind-proofs\\\/#listItem\",\"position\":4,\"name\":\"Wie farbverbindlich sind Proofs?\",\"previousItem\":{\"@type\":\"ListItem\",\"@id\":\"https:\\\/\\\/blog.proofs.de\\\/fi\\\/thema\\\/proof-wissen\\\/kategorie-proof-gmbh\\\/#listItem\",\"name\":\"Proof GmbH\"}}]},{\"@type\":\"Organization\",\"@id\":\"https:\\\/\\\/blog.proofs.de\\\/fi\\\/#organization\",\"name\":\"Proof GmbH\",\"description\":\"Farbverbindlicher Proof, Farbproof, Digitalproof und Online-Proof.\",\"url\":\"https:\\\/\\\/blog.proofs.de\\\/fi\\\/\",\"telephone\":\"+4970717952740\",\"logo\":{\"@type\":\"ImageObject\",\"url\":\"https:\\\/\\\/blog1.proofen.de\\\/wp-content\\\/uploads\\\/2019\\\/09\\\/logo_proof_rgb_mit_balken_250px.png\",\"@id\":\"https:\\\/\\\/blog.proofs.de\\\/fi\\\/wie-farbverbindlich-sind-proofs\\\/#organizationLogo\"},\"image\":{\"@id\":\"https:\\\/\\\/blog.proofs.de\\\/fi\\\/wie-farbverbindlich-sind-proofs\\\/#organizationLogo\"},\"sameAs\":[\"https:\\\/\\\/www.facebook.com\\\/Proof.de\\\/\",\"https:\\\/\\\/www.instagram.com\\\/proof.de\\\/\",\"https:\\\/\\\/www.tiktok.com\\\/@proof_de\",\"https:\\\/\\\/www.youtube.com\\\/channel\\\/UCk80fQVQ25wC9wu3SywB-Nw\",\"https:\\\/\\\/www.linkedin.com\\\/company\\\/proof-de\"]},{\"@type\":\"Person\",\"@id\":\"https:\\\/\\\/blog.proofs.de\\\/fi\\\/author\\\/mbetz\\\/#author\",\"url\":\"https:\\\/\\\/blog.proofs.de\\\/fi\\\/author\\\/mbetz\\\/\",\"name\":\"Matthias Betz\",\"image\":{\"@type\":\"ImageObject\",\"@id\":\"https:\\\/\\\/blog.proofs.de\\\/fi\\\/wie-farbverbindlich-sind-proofs\\\/#authorImage\",\"url\":\"https:\\\/\\\/blog.proofs.de\\\/wp-content\\\/uploads\\\/2020\\\/10\\\/matthias-betz-e1603934518350-150x150.png\",\"width\":96,\"height\":96,\"caption\":\"Matthias Betz\"}},{\"@type\":\"WebPage\",\"@id\":\"https:\\\/\\\/blog.proofs.de\\\/fi\\\/wie-farbverbindlich-sind-proofs\\\/#webpage\",\"url\":\"https:\\\/\\\/blog.proofs.de\\\/fi\\\/wie-farbverbindlich-sind-proofs\\\/\",\"name\":\"Wie farbverbindlich sind Proofs? | proof.de\",\"description\":\"In dem Artikel wird erkl\\u00e4rt, wie ein Proof farbverbindlich und rechtsverbindlich wird: Mit Medienkeil und Pr\\u00fcfprotokoll nach ISO 12647-7 kein Thema!\",\"inLanguage\":\"fi\",\"isPartOf\":{\"@id\":\"https:\\\/\\\/blog.proofs.de\\\/fi\\\/#website\"},\"breadcrumb\":{\"@id\":\"https:\\\/\\\/blog.proofs.de\\\/fi\\\/wie-farbverbindlich-sind-proofs\\\/#breadcrumblist\"},\"author\":{\"@id\":\"https:\\\/\\\/blog.proofs.de\\\/fi\\\/author\\\/mbetz\\\/#author\"},\"creator\":{\"@id\":\"https:\\\/\\\/blog.proofs.de\\\/fi\\\/author\\\/mbetz\\\/#author\"},\"image\":{\"@type\":\"ImageObject\",\"url\":\"https:\\\/\\\/blog.proofs.de\\\/wp-content\\\/uploads\\\/2014\\\/02\\\/medienkeil_mit_pruefprotokoll.jpg\",\"@id\":\"https:\\\/\\\/blog.proofs.de\\\/fi\\\/wie-farbverbindlich-sind-proofs\\\/#mainImage\",\"width\":540,\"height\":315,\"caption\":\"Ugra\\\/Fogra-Medienkeil V3.0 mit Pr\\u00fcfprotokoll\"},\"primaryImageOfPage\":{\"@id\":\"https:\\\/\\\/blog.proofs.de\\\/fi\\\/wie-farbverbindlich-sind-proofs\\\/#mainImage\"},\"datePublished\":\"2012-01-25T10:21:52+01:00\",\"dateModified\":\"2020-05-08T11:50:00+02:00\"},{\"@type\":\"WebSite\",\"@id\":\"https:\\\/\\\/blog.proofs.de\\\/fi\\\/#website\",\"url\":\"https:\\\/\\\/blog.proofs.de\\\/fi\\\/\",\"name\":\"Proof.de\",\"description\":\"Farbverbindlicher Proof, Farbproof, Digitalproof und Online-Proof.\",\"inLanguage\":\"fi\",\"publisher\":{\"@id\":\"https:\\\/\\\/blog.proofs.de\\\/fi\\\/#organization\"}}]}\n\t\t<\/script>\n\t\t<!-- All in One SEO -->\n\n","aioseo_head_json":{"title":"Kuinka v\u00e4ritarkkoja vedokset ovat? | proof.de","description":"Artikkelissa kerrotaan, miten vedoksesta tehd\u00e4\u00e4n v\u00e4ritarkka ja oikeudellisesti sitova: Medialle kiilaamalla ja ISO 12647-7 -standardin mukaisella vedosprotokollalla ei ole ongelmia!","canonical_url":"https:\/\/blog.proofs.de\/fi\/wie-farbverbindlich-sind-proofs\/","robots":"max-image-preview:large","keywords":"proof,farbverbindlich,rechtsverbindlich,pr\u00fcfprotokoll,iso12647-7,digitalproof,farbproof,farbverbindlich,farbverbindlichkeit,fogra,medienkeil,proof,ugra","webmasterTools":{"google-site-verification":"TuXxyRwxcEg2-WfOaQ8vScWQh3-uBAnxXmY7g3GT90A","miscellaneous":"&lt;meta name=\"seobility\" content=\"593a8578143db71543f014978c690d47\"&gt;"},"schema":{"@context":"https:\/\/schema.org","@graph":[{"@type":"Article","@id":"https:\/\/blog.proofs.de\/fi\/wie-farbverbindlich-sind-proofs\/#article","name":"Wie farbverbindlich sind Proofs? | proof.de","headline":"Wie farbverbindlich sind Proofs?","author":{"@id":"https:\/\/blog.proofs.de\/fi\/author\/mbetz\/#author"},"publisher":{"@id":"https:\/\/blog.proofs.de\/fi\/#organization"},"image":{"@type":"ImageObject","url":"https:\/\/blog.proofs.de\/wp-content\/uploads\/2014\/02\/medienkeil_mit_pruefprotokoll.jpg","width":540,"height":315,"caption":"Ugra\/Fogra-Medienkeil V3.0 mit Pr\u00fcfprotokoll"},"datePublished":"2012-01-25T10:21:52+01:00","dateModified":"2020-05-08T11:50:00+02:00","inLanguage":"fi","mainEntityOfPage":{"@id":"https:\/\/blog.proofs.de\/fi\/wie-farbverbindlich-sind-proofs\/#webpage"},"isPartOf":{"@id":"https:\/\/blog.proofs.de\/fi\/wie-farbverbindlich-sind-proofs\/#webpage"},"articleSection":"H\u00e4ufige Fragen, H\u00e4ufige Fragen zu Proofs, Proof GmbH, Proof Papiere, Proof Software &amp; Technik, Proof Wissen, Prozessstandard Offsetdruck, Digitalproof, Farbproof, farbverbindlich, Farbverbindlichkeit, Fogra, Medienkeil, Proof, UGRA"},{"@type":"BreadcrumbList","@id":"https:\/\/blog.proofs.de\/fi\/wie-farbverbindlich-sind-proofs\/#breadcrumblist","itemListElement":[{"@type":"ListItem","@id":"https:\/\/blog.proofs.de\/fi#listItem","position":1,"name":"Home","item":"https:\/\/blog.proofs.de\/fi","nextItem":{"@type":"ListItem","@id":"https:\/\/blog.proofs.de\/fi\/thema\/proof-wissen\/#listItem","name":"Proof Wissen"}},{"@type":"ListItem","@id":"https:\/\/blog.proofs.de\/fi\/thema\/proof-wissen\/#listItem","position":2,"name":"Proof Wissen","item":"https:\/\/blog.proofs.de\/fi\/thema\/proof-wissen\/","nextItem":{"@type":"ListItem","@id":"https:\/\/blog.proofs.de\/fi\/thema\/proof-wissen\/kategorie-proof-gmbh\/#listItem","name":"Proof GmbH"},"previousItem":{"@type":"ListItem","@id":"https:\/\/blog.proofs.de\/fi#listItem","name":"Home"}},{"@type":"ListItem","@id":"https:\/\/blog.proofs.de\/fi\/thema\/proof-wissen\/kategorie-proof-gmbh\/#listItem","position":3,"name":"Proof GmbH","item":"https:\/\/blog.proofs.de\/fi\/thema\/proof-wissen\/kategorie-proof-gmbh\/","nextItem":{"@type":"ListItem","@id":"https:\/\/blog.proofs.de\/fi\/wie-farbverbindlich-sind-proofs\/#listItem","name":"Wie farbverbindlich sind Proofs?"},"previousItem":{"@type":"ListItem","@id":"https:\/\/blog.proofs.de\/fi\/thema\/proof-wissen\/#listItem","name":"Proof Wissen"}},{"@type":"ListItem","@id":"https:\/\/blog.proofs.de\/fi\/wie-farbverbindlich-sind-proofs\/#listItem","position":4,"name":"Wie farbverbindlich sind Proofs?","previousItem":{"@type":"ListItem","@id":"https:\/\/blog.proofs.de\/fi\/thema\/proof-wissen\/kategorie-proof-gmbh\/#listItem","name":"Proof GmbH"}}]},{"@type":"Organization","@id":"https:\/\/blog.proofs.de\/fi\/#organization","name":"Proof GmbH","description":"Farbverbindlicher Proof, Farbproof, Digitalproof und Online-Proof.","url":"https:\/\/blog.proofs.de\/fi\/","telephone":"+4970717952740","logo":{"@type":"ImageObject","url":"https:\/\/blog1.proofen.de\/wp-content\/uploads\/2019\/09\/logo_proof_rgb_mit_balken_250px.png","@id":"https:\/\/blog.proofs.de\/fi\/wie-farbverbindlich-sind-proofs\/#organizationLogo"},"image":{"@id":"https:\/\/blog.proofs.de\/fi\/wie-farbverbindlich-sind-proofs\/#organizationLogo"},"sameAs":["https:\/\/www.facebook.com\/Proof.de\/","https:\/\/www.instagram.com\/proof.de\/","https:\/\/www.tiktok.com\/@proof_de","https:\/\/www.youtube.com\/channel\/UCk80fQVQ25wC9wu3SywB-Nw","https:\/\/www.linkedin.com\/company\/proof-de"]},{"@type":"Person","@id":"https:\/\/blog.proofs.de\/fi\/author\/mbetz\/#author","url":"https:\/\/blog.proofs.de\/fi\/author\/mbetz\/","name":"Matthias Betz","image":{"@type":"ImageObject","@id":"https:\/\/blog.proofs.de\/fi\/wie-farbverbindlich-sind-proofs\/#authorImage","url":"https:\/\/blog.proofs.de\/wp-content\/uploads\/2020\/10\/matthias-betz-e1603934518350-150x150.png","width":96,"height":96,"caption":"Matthias Betz"}},{"@type":"WebPage","@id":"https:\/\/blog.proofs.de\/fi\/wie-farbverbindlich-sind-proofs\/#webpage","url":"https:\/\/blog.proofs.de\/fi\/wie-farbverbindlich-sind-proofs\/","name":"Wie farbverbindlich sind Proofs? | proof.de","description":"In dem Artikel wird erkl\u00e4rt, wie ein Proof farbverbindlich und rechtsverbindlich wird: Mit Medienkeil und Pr\u00fcfprotokoll nach ISO 12647-7 kein Thema!","inLanguage":"fi","isPartOf":{"@id":"https:\/\/blog.proofs.de\/fi\/#website"},"breadcrumb":{"@id":"https:\/\/blog.proofs.de\/fi\/wie-farbverbindlich-sind-proofs\/#breadcrumblist"},"author":{"@id":"https:\/\/blog.proofs.de\/fi\/author\/mbetz\/#author"},"creator":{"@id":"https:\/\/blog.proofs.de\/fi\/author\/mbetz\/#author"},"image":{"@type":"ImageObject","url":"https:\/\/blog.proofs.de\/wp-content\/uploads\/2014\/02\/medienkeil_mit_pruefprotokoll.jpg","@id":"https:\/\/blog.proofs.de\/fi\/wie-farbverbindlich-sind-proofs\/#mainImage","width":540,"height":315,"caption":"Ugra\/Fogra-Medienkeil V3.0 mit Pr\u00fcfprotokoll"},"primaryImageOfPage":{"@id":"https:\/\/blog.proofs.de\/fi\/wie-farbverbindlich-sind-proofs\/#mainImage"},"datePublished":"2012-01-25T10:21:52+01:00","dateModified":"2020-05-08T11:50:00+02:00"},{"@type":"WebSite","@id":"https:\/\/blog.proofs.de\/fi\/#website","url":"https:\/\/blog.proofs.de\/fi\/","name":"Proof.de","description":"Farbverbindlicher Proof, Farbproof, Digitalproof und Online-Proof.","inLanguage":"fi","publisher":{"@id":"https:\/\/blog.proofs.de\/fi\/#organization"}}]},"og:locale":"fi_FI","og:site_name":"Proof.de | Alles zu Proof, Farbmanagement, Grafik, Messtechnik &amp; Co.","og:type":"article","og:title":"Wie farbverbindlich sind Proofs? | proof.de","og:description":"In dem Artikel wird erkl\u00e4rt, wie ein Proof farbverbindlich und rechtsverbindlich wird: Mit Medienkeil und Pr\u00fcfprotokoll nach ISO 12647-7 kein Thema!","og:url":"https:\/\/blog.proofs.de\/fi\/wie-farbverbindlich-sind-proofs\/","og:image":"https:\/\/blog.proofs.de\/wp-content\/uploads\/2014\/02\/medienkeil_mit_pruefprotokoll.jpg","og:image:secure_url":"https:\/\/blog.proofs.de\/wp-content\/uploads\/2014\/02\/medienkeil_mit_pruefprotokoll.jpg","og:image:width":540,"og:image:height":315,"article:published_time":"2012-01-25T09:21:52+00:00","article:modified_time":"2020-05-08T09:50:00+00:00","article:publisher":"https:\/\/www.facebook.com\/Proof.de\/","twitter:card":"summary","twitter:title":"Wie farbverbindlich sind Proofs? | proof.de","twitter:description":"In dem Artikel wird erkl\u00e4rt, wie ein Proof farbverbindlich und rechtsverbindlich wird: Mit Medienkeil und Pr\u00fcfprotokoll nach ISO 12647-7 kein Thema!","twitter:image":"https:\/\/blog1.proofen.de\/wp-content\/uploads\/2020\/04\/proof_background.jpg"},"aioseo_meta_data":{"post_id":"69","title":"Kuinka tarkkoja v\u00e4rit ovat vedoksissa? | proof.de","description":"Artikkelissa kerrotaan, miten vedoksesta tehd\u00e4\u00e4n v\u00e4ritarkka ja oikeudellisesti sitova: Medialle kiilaamalla ja ISO 12647-7 -standardin mukaisella vedosprotokollalla ei ole ongelmia!","keywords":[{"label":"Proof,Farbverbindlich,rechtsverbindlich,Pr\u00fcfprotokoll,ISO12647-7","value":"Proof,Farbverbindlich,rechtsverbindlich,Pr\u00fcfprotokoll,ISO12647-7"}],"keyphrases":null,"primary_term":null,"canonical_url":null,"og_title":null,"og_description":null,"og_object_type":"default","og_image_type":"default","og_image_url":null,"og_image_width":null,"og_image_height":null,"og_image_custom_url":null,"og_image_custom_fields":null,"og_video":null,"og_custom_url":null,"og_article_section":null,"og_article_tags":null,"twitter_use_og":false,"twitter_card":"default","twitter_image_type":"default","twitter_image_url":null,"twitter_image_custom_url":null,"twitter_image_custom_fields":null,"twitter_title":null,"twitter_description":null,"schema":{"blockGraphs":[],"customGraphs":[],"default":{"data":{"Article":[],"Course":[],"Dataset":[],"FAQPage":[],"Movie":[],"Person":[],"Product":[],"ProductReview":[],"Car":[],"Recipe":[],"Service":[],"SoftwareApplication":[],"WebPage":[]},"graphName":"","isEnabled":true},"graphs":[]},"schema_type":null,"schema_type_options":null,"pillar_content":false,"robots_default":true,"robots_noindex":false,"robots_noarchive":false,"robots_nosnippet":false,"robots_nofollow":false,"robots_noimageindex":false,"robots_noodp":false,"robots_notranslate":false,"robots_max_snippet":null,"robots_max_videopreview":null,"robots_max_imagepreview":"large","priority":null,"frequency":null,"local_seo":null,"breadcrumb_settings":null,"limit_modified_date":false,"ai":null,"created":"2020-12-21 00:35:00","updated":"2025-06-04 14:10:54","seo_analyzer_scan_date":null,"focus_keyword":null,"additional_keywords":null,"truseo_locale":null},"_links":{"self":[{"href":"https:\/\/blog.proofs.de\/fi\/wp-json\/wp\/v2\/posts\/69","targetHints":{"allow":["GET"]}}],"collection":[{"href":"https:\/\/blog.proofs.de\/fi\/wp-json\/wp\/v2\/posts"}],"about":[{"href":"https:\/\/blog.proofs.de\/fi\/wp-json\/wp\/v2\/types\/post"}],"author":[{"embeddable":true,"href":"https:\/\/blog.proofs.de\/fi\/wp-json\/wp\/v2\/users\/2"}],"replies":[{"embeddable":true,"href":"https:\/\/blog.proofs.de\/fi\/wp-json\/wp\/v2\/comments?post=69"}],"version-history":[{"count":11,"href":"https:\/\/blog.proofs.de\/fi\/wp-json\/wp\/v2\/posts\/69\/revisions"}],"predecessor-version":[{"id":3417,"href":"https:\/\/blog.proofs.de\/fi\/wp-json\/wp\/v2\/posts\/69\/revisions\/3417"}],"wp:featuredmedia":[{"embeddable":true,"href":"https:\/\/blog.proofs.de\/fi\/wp-json\/wp\/v2\/media\/881"}],"wp:attachment":[{"href":"https:\/\/blog.proofs.de\/fi\/wp-json\/wp\/v2\/media?parent=69"}],"wp:term":[{"taxonomy":"category","embeddable":true,"href":"https:\/\/blog.proofs.de\/fi\/wp-json\/wp\/v2\/categories?post=69"},{"taxonomy":"post_tag","embeddable":true,"href":"https:\/\/blog.proofs.de\/fi\/wp-json\/wp\/v2\/tags?post=69"}],"curies":[{"name":"wp","href":"https:\/\/api.w.org\/{rel}","templated":true}]}}