{"id":1002,"date":"2014-07-21T10:59:20","date_gmt":"2014-07-21T08:59:20","guid":{"rendered":"http:\/\/www.proof.de\/?p=1002"},"modified":"2020-04-16T01:21:21","modified_gmt":"2020-04-15T23:21:21","slug":"nouveau-profil-depreuve-pour-lheliogravure-demballages-pac-space","status":"publish","type":"post","link":"https:\/\/blog.proofs.de\/fr\/neues-proof-profil-fuer-den-verpackungstiefdruck-pac-space\/","title":{"rendered":"\u00c9preuves PaC.Space dans la boutique : Nouveau profil d'\u00e9preuves pour l'h\u00e9liogravure d'emballages"},"content":{"rendered":"<div class=\"kk-star-ratings kksr-auto kksr-align-right kksr-valign-top\" data-payload='{\"align\":\"right\",\"id\":\"1002\",\"slug\":\"default\",\"valign\":\"top\",\"ignore\":\"\",\"reference\":\"auto\",\"class\":\"\",\"count\":\"0\",\"legendonly\":\"\",\"readonly\":\"\",\"score\":\"0\",\"starsonly\":\"\",\"best\":\"5\",\"gap\":\"5\",\"greet\":\"Jetzt bewerten\",\"legend\":\"0\\\/5 - (0 vote)\",\"size\":\"24\",\"title\":\"PaC.Space Proofs im Shop: Neues Proof Profil f&uuml;r den Verpackungstiefdruck\",\"width\":\"0\",\"_legend\":\"{score}\\\/{best} - ({count} {votes})\",\"font_factor\":\"1.25\"}'>\n            \n<div class=\"kksr-stars\">\n    \n<div class=\"kksr-stars-inactive\">\n            <div class=\"kksr-star\" data-star=\"1\" style=\"padding-right: 5px\">\n            \n\n<div class=\"kksr-icon\" style=\"width: 24px; height: 24px;\"><\/div>\n        <\/div>\n            <div class=\"kksr-star\" data-star=\"2\" style=\"padding-right: 5px\">\n            \n\n<div class=\"kksr-icon\" style=\"width: 24px; height: 24px;\"><\/div>\n        <\/div>\n            <div class=\"kksr-star\" data-star=\"3\" style=\"padding-right: 5px\">\n            \n\n<div class=\"kksr-icon\" style=\"width: 24px; height: 24px;\"><\/div>\n        <\/div>\n            <div class=\"kksr-star\" data-star=\"4\" style=\"padding-right: 5px\">\n            \n\n<div class=\"kksr-icon\" style=\"width: 24px; height: 24px;\"><\/div>\n        <\/div>\n            <div class=\"kksr-star\" data-star=\"5\" style=\"padding-right: 5px\">\n            \n\n<div class=\"kksr-icon\" style=\"width: 24px; height: 24px;\"><\/div>\n        <\/div>\n    <\/div>\n    \n<div class=\"kksr-stars-active\" style=\"width: 0px;\">\n            <div class=\"kksr-star\" style=\"padding-right: 5px\">\n            \n\n<div class=\"kksr-icon\" style=\"width: 24px; height: 24px;\"><\/div>\n        <\/div>\n            <div class=\"kksr-star\" style=\"padding-right: 5px\">\n            \n\n<div class=\"kksr-icon\" style=\"width: 24px; height: 24px;\"><\/div>\n        <\/div>\n            <div class=\"kksr-star\" style=\"padding-right: 5px\">\n            \n\n<div class=\"kksr-icon\" style=\"width: 24px; height: 24px;\"><\/div>\n        <\/div>\n            <div class=\"kksr-star\" style=\"padding-right: 5px\">\n            \n\n<div class=\"kksr-icon\" style=\"width: 24px; height: 24px;\"><\/div>\n        <\/div>\n            <div class=\"kksr-star\" style=\"padding-right: 5px\">\n            \n\n<div class=\"kksr-icon\" style=\"width: 24px; height: 24px;\"><\/div>\n        <\/div>\n    <\/div>\n<\/div>\n                \n\n<div class=\"kksr-legend\" style=\"font-size: 19.2px;\">\n            <span class=\"kksr-muted\">\u00c9valuer maintenant<\/span>\n    <\/div>\n    <\/div>\n<p>Avec PaC.Space, il existe pour la premi\u00e8re fois une norme de couleur uniforme et <a href=\"https:\/\/blog.proofs.de\/fr\/lexikon\/proofs\/\" target=\"_self\" title=\"Dans le domaine de l&#039;impression, les \u00e9preuves d\u00e9signent la simulation d&#039;un r\u00e9sultat d&#039;impression en couleurs et juridiquement contraignante \u00e0 des fins de contr\u00f4le. La norme responsable des \u00e9preuves est la norme ISO 12647-7:2016, donc dans sa r\u00e9vision actuelle de 2016.\" class=\"encyclopedia\">\u00c9preuves<\/a>de l'emballage et du conditionnement<a href=\"https:\/\/blog.proofs.de\/fr\/lexikon\/tiefdruck\/\" target=\"_self\" title=\"L&#039;h\u00e9liogravure est l&#039;un des plus anciens proc\u00e9d\u00e9s d&#039;impression, toujours utilis\u00e9 aujourd&#039;hui. Dans l&#039;h\u00e9liogravure, l&#039;image \u00e0 imprimer est grav\u00e9e dans le cylindre d&#039;impression (ou plaque d&#039;impression). Il est ensuite plong\u00e9 dans l&#039;encre et l&#039;exc\u00e9dent d&#039;encre est racl\u00e9 pour ne laisser que l&#039;encre dans les creux (alv\u00e9oles). Enfin, cette encre est transf\u00e9r\u00e9e sur le support d&#039;impression en exer\u00e7ant une forte pression et en utilisant le pouvoir absorbant du papier.\" class=\"encyclopedia\">basse pression<\/a> sur des substrats couch\u00e9s et des films. <a href=\"https:\/\/blog.proofs.de\/fr\/lexikon\/proof\/\" target=\"_self\" title=\"Une \u00e9preuve (correctement appel\u00e9e \u00e9preuve contractuelle ou en anglais Contract Proof) est un moyen de contr\u00f4le certifi\u00e9 selon la norme ISO 12647-7 pour l&#039;industrie graphique. Une \u00e9preuve simule la colorim\u00e9trie de l&#039;impression offset ou de l&#039;h\u00e9liogravure en respectant les couleurs et les tol\u00e9rances \u00e9troites de la norme ISO.\" class=\"encyclopedia\">Proof<\/a>s dans le <a href=\"https:\/\/blog.proofs.de\/fr\/lexikon\/farbraum\/\" target=\"_self\" title=\"L&#039;espace colorim\u00e9trique est bas\u00e9 sur un mod\u00e8le de couleurs et est son application concr\u00e8te \u00e0 une m\u00e9thode de reproduction des couleurs (imprimante, \u00e9cran, etc.). Il contient donc toutes les couleurs qui peuvent \u00eatre effectivement repr\u00e9sent\u00e9es avec cette m\u00e9thode et les mat\u00e9riaux correspondants.\" class=\"encyclopedia\">Espace colorim\u00e9trique<\/a> PaC.Space peuvent d\u00e9sormais \u00eatre command\u00e9s facilement sur shop.proof.de.<\/p>\n<p>Jusqu'\u00e0 pr\u00e9sent, il n'existait pas de normes de couleur pour l'h\u00e9liogravure d'emballages, car elle est beaucoup plus complexe que l'h\u00e9liogravure de magazines, par exemple, et l'impression d'emballages permet d'obtenir des espaces colorim\u00e9triques beaucoup plus importants. Ainsi, jusqu'\u00e0 pr\u00e9sent, on utilisait souvent l'espace colorim\u00e9trique <a href=\"https:\/\/blog.proofs.de\/fr\/lexikon\/isocoatedv2\/\" target=\"_self\" title=\"ISOCoatedV2 est le profil le plus utilis\u00e9 dans l&#039;industrie de l&#039;impression en Europe. Il repr\u00e9sente le proc\u00e9d\u00e9 d&#039;impression le plus courant : Impression offset sur papier couch\u00e9 mat ou brillant.\" class=\"encyclopedia\">ISOCoatedV2<\/a> mais qui comprend beaucoup moins de couleurs que PaC.Space. Ou bien les standards maison des imprimeurs d'emballages \u00e9taient utilis\u00e9s, mais ils devaient toujours \u00eatre retravaill\u00e9s avant le processus d'impression pour l'impression finale.<\/p>\n<p>Avec PaC.Space, il existe d\u00e9sormais un espace colorim\u00e9trique adapt\u00e9 \u00e0 de nombreuses impressions h\u00e9lio d'emballages, qui permet de cr\u00e9er tr\u00e8s t\u00f4t dans le processus de conception une \u00e9preuve tr\u00e8s proche du r\u00e9sultat de production ult\u00e9rieur. Le traitement des donn\u00e9es peut et doit se faire directement dans PaC.Space, ce qui contribue \u00e0 r\u00e9duire les co\u00fbts et les d\u00e9lais.<\/p>\n<p><span style=\"color: #3d3e40;\">L'id\u00e9e d'un espace colorim\u00e9trique unique est le r\u00e9sultat d'un projet du groupe de travail Pro Tiefdruck de l'Union europ\u00e9enne.<a href=\"https:\/\/blog.proofs.de\/fr\/lexikon\/ean\/\" target=\"_self\" title=\"EAN = num\u00e9ro d&#039;article europ\u00e9en. L&#039;EAN a \u00e9t\u00e9 remplac\u00e9 en 2009 par le GTIN = Global Trade Identification Number.\" class=\"encyclopedia\">ean<\/a> <a href=\"https:\/\/blog.proofs.de\/fr\/lexikon\/rotogravure\/\" target=\"_self\" title='ProcessStandard Rotogravure (PSR) est une norme d&#039;h\u00e9liogravure mise \u00e0 disposition par la Fogra, l&#039;ECI et le Bundesverband Druck und Medien. Le ProcessStandard Rotogravure est une norme d\u00e9velopp\u00e9e exclusivement pour l&#039;h\u00e9liogravure.' class=\"encyclopedia\">Rotogravure<\/a> Association (ERA) sous la direction de <a href=\"https:\/\/blog.proofs.de\/fr\/lexikon\/gmg\/\" target=\"_self\" title=\"GMG Color est une soci\u00e9t\u00e9 bas\u00e9e \u00e0 T\u00fcbingen, en Allemagne, qui s&#039;est fait un nom dans le d\u00e9veloppement de logiciels de gestion des couleurs. Depuis plus de 25 ans, GMG Color d\u00e9veloppe de nombreux produits pour les utilisateurs commerciaux, du pilote d&#039;imprimante au logiciel d&#039;\u00e9preuvage complexe.\" class=\"encyclopedia\">GMG<\/a> et de la plus grande maison de cylindres d'Europe, Janoschka. Pour Proof.de, les \u00e9preuves PaC.Space sont cr\u00e9\u00e9es selon les conditions suivantes :<\/span><!--more--><\/p>\n<p><strong>PaC.Space<\/strong><br style=\"color: #373737;\"><em>PaC.Space est le premier standard de couleur unifi\u00e9 pour l'h\u00e9liogravure d'emballages, qui permet une interface entre les donn\u00e9es pr\u00e9presse fournies et les adaptations sp\u00e9cifiques au processus ou \u00e0 l'impression.<\/em><br style=\"color: #373737;\"><span style=\"color: #373737;\">Profil : PaC.Space_<a href=\"https:\/\/blog.proofs.de\/fr\/lexikon\/cmyk\/\" target=\"_self\" title='CMYK d\u00e9signe les quatre couleurs d&#039;impression cyan, magenta, jaune et &quot;key&quot; (noir ou partie noire).' class=\"encyclopedia\">CMYK<\/a>_gravure_V1a.<a href=\"https:\/\/blog.proofs.de\/fr\/lexikon\/icc\/\" target=\"_self\" title=\"L&#039;International Color Consortium, ou ICC, est un comit\u00e9 international responsable de la standardisation des profils de couleur.&nbsp;\" class=\"encyclopedia\">icc<\/a><\/span><br style=\"color: #373737;\"><span style=\"color: #373737;\">Papier : substrats couch\u00e9s et films pour l'h\u00e9liogravure d'emballages<br>\nProfil de contr\u00f4le : <a href=\"https:\/\/blog.proofs.de\/fr\/lexikon\/fogra\/\" target=\"_self\" title=\"Fogra Forschungsgesellschaft Druck e.V., dont le si\u00e8ge est \u00e0 Munich.\" class=\"encyclopedia\">FOGRA<\/a>PaCSpace_MKCheck11.<a href=\"https:\/\/blog.proofs.de\/fr\/lexikon\/it8-kontrollchart\/\" target=\"_self\" title=\"La charte IT8 est une table de champs de mesure d\u00e9finie qui est utilis\u00e9e pour cr\u00e9er des profils ICC. Cette table est d\u00e9clar\u00e9e dans la norme ISO 12642.&nbsp;\" class=\"encyclopedia\">it8<\/a><\/span><\/p>\n<p>&nbsp;<\/p>\n<p>&nbsp;<\/p>","protected":false},"excerpt":{"rendered":"<p>Avec PaC.Space, il existe pour la premi\u00e8re fois un standard de couleur et un standard d'\u00e9preuve uniformes pour l'impression h\u00e9lio d'emballages sur des substrats et des films couch\u00e9s. Les \u00e9preuves dans l'espace colorim\u00e9trique PaC.Space peuvent d\u00e9sormais \u00eatre command\u00e9es facilement sur shop.proof.de. Jusqu'\u00e0 pr\u00e9sent, il n'existait pas de standard de couleur pour l'h\u00e9liogravure d'emballages, car elle est beaucoup plus complexe que l'h\u00e9liogravure de magazines, par exemple, et l'impression d'emballages permet d'obtenir des espaces colorim\u00e9triques beaucoup plus grands. Ainsi, jusqu'\u00e0 pr\u00e9sent, on travaillait souvent dans l'espace colorim\u00e9trique ISOCoatedV2, qui comprend toutefois beaucoup moins de couleurs que PaC.Space. Ou bien on utilisait les standards maison des imprimeurs d'emballages, mais avant le processus d'impression, ils \u00e9taient toujours ... <\/p>\n<p class=\"read-more-container\"><a title=\"\u00c9preuves PaC.Space dans la boutique : Nouveau profil d&#039;\u00e9preuves pour l&#039;h\u00e9liogravure d&#039;emballages\" class=\"read-more button\" href=\"https:\/\/blog.proofs.de\/fr\/neues-proof-profil-fuer-den-verpackungstiefdruck-pac-space\/#more-1002\" aria-label=\"En savoir plus sur PaC.Space Proofs dans la boutique : Nouveau profil d&#039;\u00e9preuves pour l&#039;h\u00e9liogravure d&#039;emballages\">Lire la suite<\/a><\/p>","protected":false},"author":2,"featured_media":0,"comment_status":"open","ping_status":"open","sticky":false,"template":"","format":"standard","meta":{"om_disable_all_campaigns":false,"inline_featured_image":false,"_monsterinsights_skip_tracking":false,"footnotes":""},"categories":[1,435,120],"tags":[32,344,347,345,346],"class_list":["post-1002","post","type-post","status-publish","format-standard","hentry","category-allgemein","category-farbraeume-und-farbprofile","category-kategorie-proof-gmbh","tag-farbraum","tag-pac-space","tag-proofprofil","tag-tiefdruck","tag-verpackungstiefdruck","generate-columns","tablet-grid-50","mobile-grid-100","grid-parent","grid-50","no-featured-image-padding"],"aioseo_notices":[],"aioseo_head":"\n\t\t<!-- All in One SEO 5.0.1.1 - aioseo.com -->\n\t<meta name=\"description\" content=\"Mit PaC.Space gibt es jetzt einen Farbstandard f\u00fcr Proofs f\u00fcr den Verpackungstiefdruck auf gestrichenen Substraten und Folien.\" \/>\n\t<meta name=\"robots\" content=\"max-image-preview:large\" \/>\n\t<meta name=\"author\" content=\"Matthias Betz\"\/>\n\t<meta name=\"google-site-verification\" content=\"TuXxyRwxcEg2-WfOaQ8vScWQh3-uBAnxXmY7g3GT90A\" \/>\n\t<meta name=\"keywords\" content=\"pac.space,tiefdruck,verpackungstiefdruck,farbraum,proofprofil\" \/>\n\t<link rel=\"canonical\" href=\"https:\/\/blog.proofs.de\/fr\/neues-proof-profil-fuer-den-verpackungstiefdruck-pac-space\/\" \/>\n\t<meta name=\"generator\" content=\"All in One SEO (AIOSEO) 5.0.1.1\" \/>\n\n\t\t<meta name=\"seobility\" content=\"593a8578143db71543f014978c690d47\">\n\t\t<meta property=\"og:locale\" content=\"fr_FR\" \/>\n\t\t<meta property=\"og:site_name\" content=\"Proof.de | Alles zu Proof, Farbmanagement, Grafik, Messtechnik &amp; Co.\" \/>\n\t\t<meta property=\"og:type\" content=\"article\" \/>\n\t\t<meta property=\"og:title\" content=\"PaC.Space Proofs im Shop: Neues Proof Profil | proof.de\" \/>\n\t\t<meta property=\"og:description\" content=\"Mit PaC.Space gibt es jetzt einen Farbstandard f\u00fcr Proofs f\u00fcr den Verpackungstiefdruck auf gestrichenen Substraten und Folien.\" \/>\n\t\t<meta property=\"og:url\" content=\"https:\/\/blog.proofs.de\/fr\/neues-proof-profil-fuer-den-verpackungstiefdruck-pac-space\/\" \/>\n\t\t<meta property=\"og:image\" content=\"https:\/\/blog1.proofen.de\/wp-content\/uploads\/2020\/04\/proof_background.jpg\" \/>\n\t\t<meta property=\"og:image:secure_url\" content=\"https:\/\/blog1.proofen.de\/wp-content\/uploads\/2020\/04\/proof_background.jpg\" \/>\n\t\t<meta property=\"article:published_time\" content=\"2014-07-21T08:59:20+00:00\" \/>\n\t\t<meta property=\"article:modified_time\" content=\"2020-04-15T23:21:21+00:00\" \/>\n\t\t<meta property=\"article:publisher\" content=\"https:\/\/www.facebook.com\/Proof.de\/\" \/>\n\t\t<meta name=\"twitter:card\" content=\"summary\" \/>\n\t\t<meta name=\"twitter:title\" content=\"PaC.Space Proofs im Shop: Neues Proof Profil | proof.de\" \/>\n\t\t<meta name=\"twitter:description\" content=\"Mit PaC.Space gibt es jetzt einen Farbstandard f\u00fcr Proofs f\u00fcr den Verpackungstiefdruck auf gestrichenen Substraten und Folien.\" \/>\n\t\t<meta name=\"twitter:image\" content=\"https:\/\/blog1.proofen.de\/wp-content\/uploads\/2020\/04\/proof_background.jpg\" \/>\n\t\t<script type=\"application\/ld+json\" class=\"aioseo-schema\">\n\t\t\t{\"@context\":\"https:\\\/\\\/schema.org\",\"@graph\":[{\"@type\":\"Article\",\"@id\":\"https:\\\/\\\/blog.proofs.de\\\/fr\\\/neues-proof-profil-fuer-den-verpackungstiefdruck-pac-space\\\/#article\",\"name\":\"PaC.Space Proofs im Shop: Neues Proof Profil | proof.de\",\"headline\":\"PaC.Space Proofs im Shop: Neues Proof Profil f\\u00fcr den Verpackungstiefdruck\",\"author\":{\"@id\":\"https:\\\/\\\/blog.proofs.de\\\/fr\\\/author\\\/mbetz\\\/#author\"},\"publisher\":{\"@id\":\"https:\\\/\\\/blog.proofs.de\\\/fr\\\/#organization\"},\"image\":{\"@type\":\"ImageObject\",\"url\":\"https:\\\/\\\/blog1.proofen.de\\\/wp-content\\\/uploads\\\/2019\\\/09\\\/logo_proof_rgb_mit_balken_250px.png\",\"@id\":\"https:\\\/\\\/blog.proofs.de\\\/fr\\\/#articleImage\"},\"datePublished\":\"2014-07-21T10:59:20+02:00\",\"dateModified\":\"2020-04-16T01:21:21+02:00\",\"inLanguage\":\"fr-FR\",\"mainEntityOfPage\":{\"@id\":\"https:\\\/\\\/blog.proofs.de\\\/fr\\\/neues-proof-profil-fuer-den-verpackungstiefdruck-pac-space\\\/#webpage\"},\"isPartOf\":{\"@id\":\"https:\\\/\\\/blog.proofs.de\\\/fr\\\/neues-proof-profil-fuer-den-verpackungstiefdruck-pac-space\\\/#webpage\"},\"articleSection\":\"Allgemein, Farbr\\u00e4ume und Farbprofile, Proof GmbH, Farbraum, PaC.Space, Proofprofil, Tiefdruck, Verpackungstiefdruck\"},{\"@type\":\"BreadcrumbList\",\"@id\":\"https:\\\/\\\/blog.proofs.de\\\/fr\\\/neues-proof-profil-fuer-den-verpackungstiefdruck-pac-space\\\/#breadcrumblist\",\"itemListElement\":[{\"@type\":\"ListItem\",\"@id\":\"https:\\\/\\\/blog.proofs.de\\\/fr#listItem\",\"position\":1,\"name\":\"Home\",\"item\":\"https:\\\/\\\/blog.proofs.de\\\/fr\",\"nextItem\":{\"@type\":\"ListItem\",\"@id\":\"https:\\\/\\\/blog.proofs.de\\\/fr\\\/thema\\\/proof-wissen\\\/#listItem\",\"name\":\"Proof Wissen\"}},{\"@type\":\"ListItem\",\"@id\":\"https:\\\/\\\/blog.proofs.de\\\/fr\\\/thema\\\/proof-wissen\\\/#listItem\",\"position\":2,\"name\":\"Proof Wissen\",\"item\":\"https:\\\/\\\/blog.proofs.de\\\/fr\\\/thema\\\/proof-wissen\\\/\",\"nextItem\":{\"@type\":\"ListItem\",\"@id\":\"https:\\\/\\\/blog.proofs.de\\\/fr\\\/thema\\\/proof-wissen\\\/kategorie-proof-gmbh\\\/#listItem\",\"name\":\"Proof GmbH\"},\"previousItem\":{\"@type\":\"ListItem\",\"@id\":\"https:\\\/\\\/blog.proofs.de\\\/fr#listItem\",\"name\":\"Home\"}},{\"@type\":\"ListItem\",\"@id\":\"https:\\\/\\\/blog.proofs.de\\\/fr\\\/thema\\\/proof-wissen\\\/kategorie-proof-gmbh\\\/#listItem\",\"position\":3,\"name\":\"Proof GmbH\",\"item\":\"https:\\\/\\\/blog.proofs.de\\\/fr\\\/thema\\\/proof-wissen\\\/kategorie-proof-gmbh\\\/\",\"nextItem\":{\"@type\":\"ListItem\",\"@id\":\"https:\\\/\\\/blog.proofs.de\\\/fr\\\/neues-proof-profil-fuer-den-verpackungstiefdruck-pac-space\\\/#listItem\",\"name\":\"PaC.Space Proofs im Shop: Neues Proof Profil f\\u00fcr den Verpackungstiefdruck\"},\"previousItem\":{\"@type\":\"ListItem\",\"@id\":\"https:\\\/\\\/blog.proofs.de\\\/fr\\\/thema\\\/proof-wissen\\\/#listItem\",\"name\":\"Proof Wissen\"}},{\"@type\":\"ListItem\",\"@id\":\"https:\\\/\\\/blog.proofs.de\\\/fr\\\/neues-proof-profil-fuer-den-verpackungstiefdruck-pac-space\\\/#listItem\",\"position\":4,\"name\":\"PaC.Space Proofs im Shop: Neues Proof Profil f\\u00fcr den Verpackungstiefdruck\",\"previousItem\":{\"@type\":\"ListItem\",\"@id\":\"https:\\\/\\\/blog.proofs.de\\\/fr\\\/thema\\\/proof-wissen\\\/kategorie-proof-gmbh\\\/#listItem\",\"name\":\"Proof GmbH\"}}]},{\"@type\":\"Organization\",\"@id\":\"https:\\\/\\\/blog.proofs.de\\\/fr\\\/#organization\",\"name\":\"Proof GmbH\",\"description\":\"Farbverbindlicher Proof, Farbproof, Digitalproof und Online-Proof.\",\"url\":\"https:\\\/\\\/blog.proofs.de\\\/fr\\\/\",\"telephone\":\"+4970717952740\",\"logo\":{\"@type\":\"ImageObject\",\"url\":\"https:\\\/\\\/blog1.proofen.de\\\/wp-content\\\/uploads\\\/2019\\\/09\\\/logo_proof_rgb_mit_balken_250px.png\",\"@id\":\"https:\\\/\\\/blog.proofs.de\\\/fr\\\/neues-proof-profil-fuer-den-verpackungstiefdruck-pac-space\\\/#organizationLogo\"},\"image\":{\"@id\":\"https:\\\/\\\/blog.proofs.de\\\/fr\\\/neues-proof-profil-fuer-den-verpackungstiefdruck-pac-space\\\/#organizationLogo\"},\"sameAs\":[\"https:\\\/\\\/www.facebook.com\\\/Proof.de\\\/\",\"https:\\\/\\\/www.instagram.com\\\/proof.de\\\/\",\"https:\\\/\\\/www.tiktok.com\\\/@proof_de\",\"https:\\\/\\\/www.youtube.com\\\/channel\\\/UCk80fQVQ25wC9wu3SywB-Nw\",\"https:\\\/\\\/www.linkedin.com\\\/company\\\/proof-de\"]},{\"@type\":\"Person\",\"@id\":\"https:\\\/\\\/blog.proofs.de\\\/fr\\\/author\\\/mbetz\\\/#author\",\"url\":\"https:\\\/\\\/blog.proofs.de\\\/fr\\\/author\\\/mbetz\\\/\",\"name\":\"Matthias Betz\",\"image\":{\"@type\":\"ImageObject\",\"@id\":\"https:\\\/\\\/blog.proofs.de\\\/fr\\\/neues-proof-profil-fuer-den-verpackungstiefdruck-pac-space\\\/#authorImage\",\"url\":\"https:\\\/\\\/blog.proofs.de\\\/wp-content\\\/uploads\\\/2020\\\/10\\\/matthias-betz-e1603934518350-150x150.png\",\"width\":96,\"height\":96,\"caption\":\"Matthias Betz\"}},{\"@type\":\"WebPage\",\"@id\":\"https:\\\/\\\/blog.proofs.de\\\/fr\\\/neues-proof-profil-fuer-den-verpackungstiefdruck-pac-space\\\/#webpage\",\"url\":\"https:\\\/\\\/blog.proofs.de\\\/fr\\\/neues-proof-profil-fuer-den-verpackungstiefdruck-pac-space\\\/\",\"name\":\"PaC.Space Proofs im Shop: Neues Proof Profil | proof.de\",\"description\":\"Mit PaC.Space gibt es jetzt einen Farbstandard f\\u00fcr Proofs f\\u00fcr den Verpackungstiefdruck auf gestrichenen Substraten und Folien.\",\"inLanguage\":\"fr-FR\",\"isPartOf\":{\"@id\":\"https:\\\/\\\/blog.proofs.de\\\/fr\\\/#website\"},\"breadcrumb\":{\"@id\":\"https:\\\/\\\/blog.proofs.de\\\/fr\\\/neues-proof-profil-fuer-den-verpackungstiefdruck-pac-space\\\/#breadcrumblist\"},\"author\":{\"@id\":\"https:\\\/\\\/blog.proofs.de\\\/fr\\\/author\\\/mbetz\\\/#author\"},\"creator\":{\"@id\":\"https:\\\/\\\/blog.proofs.de\\\/fr\\\/author\\\/mbetz\\\/#author\"},\"datePublished\":\"2014-07-21T10:59:20+02:00\",\"dateModified\":\"2020-04-16T01:21:21+02:00\"},{\"@type\":\"WebSite\",\"@id\":\"https:\\\/\\\/blog.proofs.de\\\/fr\\\/#website\",\"url\":\"https:\\\/\\\/blog.proofs.de\\\/fr\\\/\",\"name\":\"Proof.de\",\"description\":\"Farbverbindlicher Proof, Farbproof, Digitalproof und Online-Proof.\",\"inLanguage\":\"fr-FR\",\"publisher\":{\"@id\":\"https:\\\/\\\/blog.proofs.de\\\/fr\\\/#organization\"}}]}\n\t\t<\/script>\n\t\t<!-- All in One SEO -->\n\n","aioseo_head_json":{"title":"\u00c9preuves PaC.Space dans la boutique : Nouveau profil d'\u00e9preuve | proof.de","description":"Avec PaC.Space, il existe d\u00e9sormais un standard de couleur pour les \u00e9preuves destin\u00e9es \u00e0 l'h\u00e9liogravure d'emballages sur des substrats et des films couch\u00e9s.","canonical_url":"https:\/\/blog.proofs.de\/fr\/neues-proof-profil-fuer-den-verpackungstiefdruck-pac-space\/","robots":"max-image-preview:large","keywords":"pac.space,tiefdruck,verpackungstiefdruck,farbraum,proofprofil","webmasterTools":{"google-site-verification":"TuXxyRwxcEg2-WfOaQ8vScWQh3-uBAnxXmY7g3GT90A","miscellaneous":"&lt;meta name=\"seobility\" content=\"593a8578143db71543f014978c690d47\"&gt;"},"schema":{"@context":"https:\/\/schema.org","@graph":[{"@type":"Article","@id":"https:\/\/blog.proofs.de\/fr\/neues-proof-profil-fuer-den-verpackungstiefdruck-pac-space\/#article","name":"PaC.Space Proofs im Shop: Neues Proof Profil | proof.de","headline":"PaC.Space Proofs im Shop: Neues Proof Profil f\u00fcr den Verpackungstiefdruck","author":{"@id":"https:\/\/blog.proofs.de\/fr\/author\/mbetz\/#author"},"publisher":{"@id":"https:\/\/blog.proofs.de\/fr\/#organization"},"image":{"@type":"ImageObject","url":"https:\/\/blog1.proofen.de\/wp-content\/uploads\/2019\/09\/logo_proof_rgb_mit_balken_250px.png","@id":"https:\/\/blog.proofs.de\/fr\/#articleImage"},"datePublished":"2014-07-21T10:59:20+02:00","dateModified":"2020-04-16T01:21:21+02:00","inLanguage":"fr-FR","mainEntityOfPage":{"@id":"https:\/\/blog.proofs.de\/fr\/neues-proof-profil-fuer-den-verpackungstiefdruck-pac-space\/#webpage"},"isPartOf":{"@id":"https:\/\/blog.proofs.de\/fr\/neues-proof-profil-fuer-den-verpackungstiefdruck-pac-space\/#webpage"},"articleSection":"Allgemein, Farbr\u00e4ume und Farbprofile, Proof GmbH, Farbraum, PaC.Space, Proofprofil, Tiefdruck, Verpackungstiefdruck"},{"@type":"BreadcrumbList","@id":"https:\/\/blog.proofs.de\/fr\/neues-proof-profil-fuer-den-verpackungstiefdruck-pac-space\/#breadcrumblist","itemListElement":[{"@type":"ListItem","@id":"https:\/\/blog.proofs.de\/fr#listItem","position":1,"name":"Home","item":"https:\/\/blog.proofs.de\/fr","nextItem":{"@type":"ListItem","@id":"https:\/\/blog.proofs.de\/fr\/thema\/proof-wissen\/#listItem","name":"Proof Wissen"}},{"@type":"ListItem","@id":"https:\/\/blog.proofs.de\/fr\/thema\/proof-wissen\/#listItem","position":2,"name":"Proof Wissen","item":"https:\/\/blog.proofs.de\/fr\/thema\/proof-wissen\/","nextItem":{"@type":"ListItem","@id":"https:\/\/blog.proofs.de\/fr\/thema\/proof-wissen\/kategorie-proof-gmbh\/#listItem","name":"Proof GmbH"},"previousItem":{"@type":"ListItem","@id":"https:\/\/blog.proofs.de\/fr#listItem","name":"Home"}},{"@type":"ListItem","@id":"https:\/\/blog.proofs.de\/fr\/thema\/proof-wissen\/kategorie-proof-gmbh\/#listItem","position":3,"name":"Proof GmbH","item":"https:\/\/blog.proofs.de\/fr\/thema\/proof-wissen\/kategorie-proof-gmbh\/","nextItem":{"@type":"ListItem","@id":"https:\/\/blog.proofs.de\/fr\/neues-proof-profil-fuer-den-verpackungstiefdruck-pac-space\/#listItem","name":"PaC.Space Proofs im Shop: Neues Proof Profil f\u00fcr den Verpackungstiefdruck"},"previousItem":{"@type":"ListItem","@id":"https:\/\/blog.proofs.de\/fr\/thema\/proof-wissen\/#listItem","name":"Proof Wissen"}},{"@type":"ListItem","@id":"https:\/\/blog.proofs.de\/fr\/neues-proof-profil-fuer-den-verpackungstiefdruck-pac-space\/#listItem","position":4,"name":"PaC.Space Proofs im Shop: Neues Proof Profil f\u00fcr den Verpackungstiefdruck","previousItem":{"@type":"ListItem","@id":"https:\/\/blog.proofs.de\/fr\/thema\/proof-wissen\/kategorie-proof-gmbh\/#listItem","name":"Proof GmbH"}}]},{"@type":"Organization","@id":"https:\/\/blog.proofs.de\/fr\/#organization","name":"Proof GmbH","description":"Farbverbindlicher Proof, Farbproof, Digitalproof und Online-Proof.","url":"https:\/\/blog.proofs.de\/fr\/","telephone":"+4970717952740","logo":{"@type":"ImageObject","url":"https:\/\/blog1.proofen.de\/wp-content\/uploads\/2019\/09\/logo_proof_rgb_mit_balken_250px.png","@id":"https:\/\/blog.proofs.de\/fr\/neues-proof-profil-fuer-den-verpackungstiefdruck-pac-space\/#organizationLogo"},"image":{"@id":"https:\/\/blog.proofs.de\/fr\/neues-proof-profil-fuer-den-verpackungstiefdruck-pac-space\/#organizationLogo"},"sameAs":["https:\/\/www.facebook.com\/Proof.de\/","https:\/\/www.instagram.com\/proof.de\/","https:\/\/www.tiktok.com\/@proof_de","https:\/\/www.youtube.com\/channel\/UCk80fQVQ25wC9wu3SywB-Nw","https:\/\/www.linkedin.com\/company\/proof-de"]},{"@type":"Person","@id":"https:\/\/blog.proofs.de\/fr\/author\/mbetz\/#author","url":"https:\/\/blog.proofs.de\/fr\/author\/mbetz\/","name":"Matthias Betz","image":{"@type":"ImageObject","@id":"https:\/\/blog.proofs.de\/fr\/neues-proof-profil-fuer-den-verpackungstiefdruck-pac-space\/#authorImage","url":"https:\/\/blog.proofs.de\/wp-content\/uploads\/2020\/10\/matthias-betz-e1603934518350-150x150.png","width":96,"height":96,"caption":"Matthias Betz"}},{"@type":"WebPage","@id":"https:\/\/blog.proofs.de\/fr\/neues-proof-profil-fuer-den-verpackungstiefdruck-pac-space\/#webpage","url":"https:\/\/blog.proofs.de\/fr\/neues-proof-profil-fuer-den-verpackungstiefdruck-pac-space\/","name":"PaC.Space Proofs im Shop: Neues Proof Profil | proof.de","description":"Mit PaC.Space gibt es jetzt einen Farbstandard f\u00fcr Proofs f\u00fcr den Verpackungstiefdruck auf gestrichenen Substraten und Folien.","inLanguage":"fr-FR","isPartOf":{"@id":"https:\/\/blog.proofs.de\/fr\/#website"},"breadcrumb":{"@id":"https:\/\/blog.proofs.de\/fr\/neues-proof-profil-fuer-den-verpackungstiefdruck-pac-space\/#breadcrumblist"},"author":{"@id":"https:\/\/blog.proofs.de\/fr\/author\/mbetz\/#author"},"creator":{"@id":"https:\/\/blog.proofs.de\/fr\/author\/mbetz\/#author"},"datePublished":"2014-07-21T10:59:20+02:00","dateModified":"2020-04-16T01:21:21+02:00"},{"@type":"WebSite","@id":"https:\/\/blog.proofs.de\/fr\/#website","url":"https:\/\/blog.proofs.de\/fr\/","name":"Proof.de","description":"Farbverbindlicher Proof, Farbproof, Digitalproof und Online-Proof.","inLanguage":"fr-FR","publisher":{"@id":"https:\/\/blog.proofs.de\/fr\/#organization"}}]},"og:locale":"fr_FR","og:site_name":"Proof.de | Alles zu Proof, Farbmanagement, Grafik, Messtechnik &amp; Co.","og:type":"article","og:title":"PaC.Space Proofs im Shop: Neues Proof Profil | proof.de","og:description":"Mit PaC.Space gibt es jetzt einen Farbstandard f\u00fcr Proofs f\u00fcr den Verpackungstiefdruck auf gestrichenen Substraten und Folien.","og:url":"https:\/\/blog.proofs.de\/fr\/neues-proof-profil-fuer-den-verpackungstiefdruck-pac-space\/","og:image":"https:\/\/blog1.proofen.de\/wp-content\/uploads\/2020\/04\/proof_background.jpg","og:image:secure_url":"https:\/\/blog1.proofen.de\/wp-content\/uploads\/2020\/04\/proof_background.jpg","article:published_time":"2014-07-21T08:59:20+00:00","article:modified_time":"2020-04-15T23:21:21+00:00","article:publisher":"https:\/\/www.facebook.com\/Proof.de\/","twitter:card":"summary","twitter:title":"PaC.Space Proofs im Shop: Neues Proof Profil | proof.de","twitter:description":"Mit PaC.Space gibt es jetzt einen Farbstandard f\u00fcr Proofs f\u00fcr den Verpackungstiefdruck auf gestrichenen Substraten und Folien.","twitter:image":"https:\/\/blog1.proofen.de\/wp-content\/uploads\/2020\/04\/proof_background.jpg"},"aioseo_meta_data":{"post_id":"1002","title":"PaC.Space Proofs im Shop: Neues Proof Profil  |\u00a0proof.de","description":"Avec PaC.Space, il existe d\u00e9sormais un standard de couleur pour les \u00e9preuves destin\u00e9es \u00e0 l'h\u00e9liogravure d'emballages sur des substrats et des films couch\u00e9s.","keywords":[{"label":"PaC.Space","value":"PaC.Space"},{"label":"Tiefdruck","value":"Tiefdruck"},{"label":"Verpackungstiefdruck","value":"Verpackungstiefdruck"},{"label":"Farbraum","value":"Farbraum"},{"label":"Proofprofil","value":"Proofprofil"}],"keyphrases":null,"primary_term":null,"canonical_url":null,"og_title":null,"og_description":null,"og_object_type":"default","og_image_type":"default","og_image_url":null,"og_image_width":null,"og_image_height":null,"og_image_custom_url":null,"og_image_custom_fields":null,"og_video":null,"og_custom_url":null,"og_article_section":null,"og_article_tags":null,"twitter_use_og":false,"twitter_card":"default","twitter_image_type":"default","twitter_image_url":null,"twitter_image_custom_url":null,"twitter_image_custom_fields":null,"twitter_title":null,"twitter_description":null,"schema":{"blockGraphs":[],"customGraphs":[],"default":{"data":{"Article":[],"Course":[],"Dataset":[],"FAQPage":[],"Movie":[],"Person":[],"Product":[],"ProductReview":[],"Car":[],"Recipe":[],"Service":[],"SoftwareApplication":[],"WebPage":[]},"graphName":"","isEnabled":true},"graphs":[],"defaultGraph":"","defaultPostTypeGraph":""},"schema_type":null,"schema_type_options":null,"pillar_content":false,"robots_default":true,"robots_noindex":false,"robots_noarchive":false,"robots_nosnippet":false,"robots_nofollow":false,"robots_noimageindex":false,"robots_noodp":false,"robots_notranslate":false,"robots_max_snippet":null,"robots_max_videopreview":null,"robots_max_imagepreview":"large","priority":null,"frequency":null,"local_seo":null,"breadcrumb_settings":null,"limit_modified_date":false,"ai":null,"created":"2020-12-21 00:36:00","updated":"2025-06-04 14:16:01","seo_analyzer_scan_date":null,"focus_keyword":null,"additional_keywords":null,"truseo_locale":null},"_links":{"self":[{"href":"https:\/\/blog.proofs.de\/fr\/wp-json\/wp\/v2\/posts\/1002","targetHints":{"allow":["GET"]}}],"collection":[{"href":"https:\/\/blog.proofs.de\/fr\/wp-json\/wp\/v2\/posts"}],"about":[{"href":"https:\/\/blog.proofs.de\/fr\/wp-json\/wp\/v2\/types\/post"}],"author":[{"embeddable":true,"href":"https:\/\/blog.proofs.de\/fr\/wp-json\/wp\/v2\/users\/2"}],"replies":[{"embeddable":true,"href":"https:\/\/blog.proofs.de\/fr\/wp-json\/wp\/v2\/comments?post=1002"}],"version-history":[{"count":6,"href":"https:\/\/blog.proofs.de\/fr\/wp-json\/wp\/v2\/posts\/1002\/revisions"}],"predecessor-version":[{"id":3400,"href":"https:\/\/blog.proofs.de\/fr\/wp-json\/wp\/v2\/posts\/1002\/revisions\/3400"}],"wp:attachment":[{"href":"https:\/\/blog.proofs.de\/fr\/wp-json\/wp\/v2\/media?parent=1002"}],"wp:term":[{"taxonomy":"category","embeddable":true,"href":"https:\/\/blog.proofs.de\/fr\/wp-json\/wp\/v2\/categories?post=1002"},{"taxonomy":"post_tag","embeddable":true,"href":"https:\/\/blog.proofs.de\/fr\/wp-json\/wp\/v2\/tags?post=1002"}],"curies":[{"name":"wp","href":"https:\/\/api.w.org\/{rel}","templated":true}]}}