{"id":2220,"date":"2018-11-12T01:15:25","date_gmt":"2018-11-12T00:15:25","guid":{"rendered":"http:\/\/www.proof.de\/?p=2220"},"modified":"2023-07-20T09:24:31","modified_gmt":"2023-07-20T07:24:31","slug":"adobe-farbwaerhler-2019-nachkommastellen-in-indesign-et-illustrator-moeglich","status":"publish","type":"post","link":"https:\/\/blog.proofs.de\/fr\/adobe-farbwaehler-2019-nachkommastellen-in-indesign-und-illustrator-moeglich\/","title":{"rendered":"S\u00e9lecteur de couleurs Adobe 2019 : possibilit\u00e9 de d\u00e9cimales dans InDesign et Illustrator"},"content":{"rendered":"<div class=\"kk-star-ratings kksr-auto kksr-align-right kksr-valign-top\" data-payload='{\"align\":\"right\",\"id\":\"2220\",\"slug\":\"default\",\"valign\":\"top\",\"ignore\":\"\",\"reference\":\"auto\",\"class\":\"\",\"count\":\"1\",\"legendonly\":\"\",\"readonly\":\"\",\"score\":\"3\",\"starsonly\":\"\",\"best\":\"5\",\"gap\":\"5\",\"greet\":\"Jetzt bewerten\",\"legend\":\"3\\\/5 - (1 vote)\",\"size\":\"24\",\"title\":\"Adobe Farbw&auml;hler 2019: Nachkommastellen in InDesign und Illustrator m&ouml;glich\",\"width\":\"84.5\",\"_legend\":\"{score}\\\/{best} - ({count} {votes})\",\"font_factor\":\"1.25\"}'>\n            \n<div class=\"kksr-stars\">\n    \n<div class=\"kksr-stars-inactive\">\n            <div class=\"kksr-star\" data-star=\"1\" style=\"padding-right: 5px\">\n            \n\n<div class=\"kksr-icon\" style=\"width: 24px; height: 24px;\"><\/div>\n        <\/div>\n            <div class=\"kksr-star\" data-star=\"2\" style=\"padding-right: 5px\">\n            \n\n<div class=\"kksr-icon\" style=\"width: 24px; height: 24px;\"><\/div>\n        <\/div>\n            <div class=\"kksr-star\" data-star=\"3\" style=\"padding-right: 5px\">\n            \n\n<div class=\"kksr-icon\" style=\"width: 24px; height: 24px;\"><\/div>\n        <\/div>\n            <div class=\"kksr-star\" data-star=\"4\" style=\"padding-right: 5px\">\n            \n\n<div class=\"kksr-icon\" style=\"width: 24px; height: 24px;\"><\/div>\n        <\/div>\n            <div class=\"kksr-star\" data-star=\"5\" style=\"padding-right: 5px\">\n            \n\n<div class=\"kksr-icon\" style=\"width: 24px; height: 24px;\"><\/div>\n        <\/div>\n    <\/div>\n    \n<div class=\"kksr-stars-active\" style=\"width: 84.5px;\">\n            <div class=\"kksr-star\" style=\"padding-right: 5px\">\n            \n\n<div class=\"kksr-icon\" style=\"width: 24px; height: 24px;\"><\/div>\n        <\/div>\n            <div class=\"kksr-star\" style=\"padding-right: 5px\">\n            \n\n<div class=\"kksr-icon\" style=\"width: 24px; height: 24px;\"><\/div>\n        <\/div>\n            <div class=\"kksr-star\" style=\"padding-right: 5px\">\n            \n\n<div class=\"kksr-icon\" style=\"width: 24px; height: 24px;\"><\/div>\n        <\/div>\n            <div class=\"kksr-star\" style=\"padding-right: 5px\">\n            \n\n<div class=\"kksr-icon\" style=\"width: 24px; height: 24px;\"><\/div>\n        <\/div>\n            <div class=\"kksr-star\" style=\"padding-right: 5px\">\n            \n\n<div class=\"kksr-icon\" style=\"width: 24px; height: 24px;\"><\/div>\n        <\/div>\n    <\/div>\n<\/div>\n                \n\n<div class=\"kksr-legend\" style=\"font-size: 19.2px;\">\n            3\/5 - (1 vote)    <\/div>\n    <\/div>\n\n<p class=\"wp-block-paragraph\">Adobe a mis \u00e0 jour son s\u00e9lecteur de couleurs dans la version 2019. En particulier, dans Adobe InDesign 2019, des couleurs sont maintenant disponibles pour les <a href=\"https:\/\/blog.proofs.de\/fr\/lexikon\/lab\/\" target=\"_self\" title=\"CIELAB ou LAB est un mod\u00e8le math\u00e9matique de couleurs qui s&#039;est impos\u00e9 partout o\u00f9 il est question de calculer les couleurs avec pr\u00e9cision. La gestion informatique des couleurs fonctionne g\u00e9n\u00e9ralement via CIELAB.\" class=\"encyclopedia\">LAB<\/a> et <a href=\"https:\/\/blog.proofs.de\/fr\/lexikon\/cmyk\/\" target=\"_self\" title='CMYK d\u00e9signe les quatre couleurs d&#039;impression cyan, magenta, jaune et &quot;key&quot; (noir ou partie noire).' class=\"encyclopedia\">CMYK<\/a> Il est possible d'entrer des chiffres apr\u00e8s la virgule lors de la saisie des couleurs, ce qui repr\u00e9sente une fonctionnalit\u00e9 souhait\u00e9e depuis longtemps, en particulier dans le domaine des couleurs haut de gamme. Jusqu'\u00e0 pr\u00e9sent, Adobe InDesign permettait d'entrer des valeurs de couleurs, par exemple en CMJN, avec des d\u00e9cimales et de les \u00e9crire dans le PDF lors de l'exportation, mais seules les valeurs enti\u00e8res \u00e9taient affich\u00e9es.<\/p>\n\n\n\n<p class=\"wp-block-paragraph\">Dans Adobe InDesign 2019, il est d\u00e9sormais possible de saisir et de lire trois chiffres apr\u00e8s la virgule pour LAB et CMYK. Toutefois, ces valeurs ne sont pas prises en compte dans l'\u00e9tiquetage automatique des champs de couleur, qui peut toujours \u00eatre ajust\u00e9 manuellement.<\/p>\n\n\n<div class=\"wp-block-image\">\n<figure class=\"alignleft is-resized\"><a href=\"https:\/\/blog1.proofen.de\/wp-content\/uploads\/2018\/11\/Adobe_InDesign_2019_Farbw%C3%A4hler_CMYK_LAB_Eingabe_mit_Nachkommastellen.png\"><img loading=\"lazy\" decoding=\"async\" src=\"https:\/\/blog1.proofen.de\/wp-content\/uploads\/2018\/11\/Adobe_InDesign_2019_Farbw%C3%A4hler_CMYK_LAB_Eingabe_mit_Nachkommastellen-1024x557.png\" alt=\"Dans Adobe InDesign 2019, il est d\u00e9sormais possible de saisir des valeurs avec jusqu&#039;\u00e0 3 chiffres apr\u00e8s la virgule pour CMYK et LAB.\" class=\"wp-image-2221\" width=\"512\" height=\"279\" srcset=\"https:\/\/blog.proofs.de\/wp-content\/uploads\/2018\/11\/Adobe_InDesign_2019_Farbw&auml;hler_CMYK_LAB_Eingabe_mit_Nachkommastellen-1024x557.png 1024w, https:\/\/blog.proofs.de\/wp-content\/uploads\/2018\/11\/Adobe_InDesign_2019_Farbw&auml;hler_CMYK_LAB_Eingabe_mit_Nachkommastellen-300x163.png 300w, https:\/\/blog.proofs.de\/wp-content\/uploads\/2018\/11\/Adobe_InDesign_2019_Farbw&auml;hler_CMYK_LAB_Eingabe_mit_Nachkommastellen-768x417.png 768w, https:\/\/blog.proofs.de\/wp-content\/uploads\/2018\/11\/Adobe_InDesign_2019_Farbw&auml;hler_CMYK_LAB_Eingabe_mit_Nachkommastellen-500x272.png 500w, https:\/\/blog.proofs.de\/wp-content\/uploads\/2018\/11\/Adobe_InDesign_2019_Farbw&auml;hler_CMYK_LAB_Eingabe_mit_Nachkommastellen.png 1560w\" sizes=\"auto, (max-width: 512px) 100vw, 512px\"><\/a><figcaption class=\"wp-element-caption\">Dans Adobe InDesign 2019, il est d\u00e9sormais possible de saisir des valeurs avec jusqu'\u00e0 3 chiffres apr\u00e8s la virgule pour CMYK et LAB.<\/figcaption><\/figure>\n<\/div>\n\n\n<p class=\"wp-block-paragraph\">Adobe Illustrator 2019 permet d\u00e9sormais de saisir des donn\u00e9es CMJN avec des d\u00e9cimales, mais seulement deux d\u00e9cimales sont possibles. Pour le LAB, il n'est toujours possible de saisir qu'un nombre entier.<\/p>\n\n\n<div class=\"wp-block-image\">\n<figure class=\"alignleft is-resized\"><a href=\"https:\/\/blog1.proofen.de\/wp-content\/uploads\/2018\/11\/Adobe_Illustrator_2019_Farbw%C3%A4hler_CMYK_Eingabe_mit_Nachkommastellen.png\"><img loading=\"lazy\" decoding=\"async\" src=\"https:\/\/blog1.proofen.de\/wp-content\/uploads\/2018\/11\/Adobe_Illustrator_2019_Farbw%C3%A4hler_CMYK_Eingabe_mit_Nachkommastellen-1024x614.png\" alt=\"Adobe Illustrator 2019 S\u00e9lecteur de couleurs CMJN Entr\u00e9e avec deux d\u00e9cimales\" class=\"wp-image-2223\" width=\"512\" height=\"307\" srcset=\"https:\/\/blog.proofs.de\/wp-content\/uploads\/2018\/11\/Adobe_Illustrator_2019_Farbw&auml;hler_CMYK_Eingabe_mit_Nachkommastellen-1024x614.png 1024w, https:\/\/blog.proofs.de\/wp-content\/uploads\/2018\/11\/Adobe_Illustrator_2019_Farbw&auml;hler_CMYK_Eingabe_mit_Nachkommastellen-300x180.png 300w, https:\/\/blog.proofs.de\/wp-content\/uploads\/2018\/11\/Adobe_Illustrator_2019_Farbw&auml;hler_CMYK_Eingabe_mit_Nachkommastellen-768x460.png 768w, https:\/\/blog.proofs.de\/wp-content\/uploads\/2018\/11\/Adobe_Illustrator_2019_Farbw&auml;hler_CMYK_Eingabe_mit_Nachkommastellen-500x300.png 500w, https:\/\/blog.proofs.de\/wp-content\/uploads\/2018\/11\/Adobe_Illustrator_2019_Farbw&auml;hler_CMYK_Eingabe_mit_Nachkommastellen.png 1468w\" sizes=\"auto, (max-width: 512px) 100vw, 512px\"><\/a><figcaption class=\"wp-element-caption\">Adobe Illustrator 2019 S\u00e9lecteur de couleurs CMJN Entr\u00e9e avec deux d\u00e9cimales<\/figcaption><\/figure>\n<\/div>\n\n<div class=\"wp-block-image\">\n<figure class=\"alignleft is-resized\"><a href=\"https:\/\/blog1.proofen.de\/wp-content\/uploads\/2018\/11\/Adobe_Illustrator_2019_Farbw%C3%A4hler_LAB_Eingabe_ohne_Nachkommastellen.png\"><img loading=\"lazy\" decoding=\"async\" src=\"https:\/\/blog1.proofen.de\/wp-content\/uploads\/2018\/11\/Adobe_Illustrator_2019_Farbw%C3%A4hler_LAB_Eingabe_ohne_Nachkommastellen-1024x612.png\" alt=\"Adobe Illustrator 2019 S\u00e9lecteur de couleurs LAB Saisie possible uniquement sans d\u00e9cimales\" class=\"wp-image-2222\" width=\"512\" height=\"306\" srcset=\"https:\/\/blog.proofs.de\/wp-content\/uploads\/2018\/11\/Adobe_Illustrator_2019_Farbw&auml;hler_LAB_Eingabe_ohne_Nachkommastellen-1024x612.png 1024w, https:\/\/blog.proofs.de\/wp-content\/uploads\/2018\/11\/Adobe_Illustrator_2019_Farbw&auml;hler_LAB_Eingabe_ohne_Nachkommastellen-300x179.png 300w, https:\/\/blog.proofs.de\/wp-content\/uploads\/2018\/11\/Adobe_Illustrator_2019_Farbw&auml;hler_LAB_Eingabe_ohne_Nachkommastellen-768x459.png 768w, https:\/\/blog.proofs.de\/wp-content\/uploads\/2018\/11\/Adobe_Illustrator_2019_Farbw&auml;hler_LAB_Eingabe_ohne_Nachkommastellen-500x300.png 500w, https:\/\/blog.proofs.de\/wp-content\/uploads\/2018\/11\/Adobe_Illustrator_2019_Farbw&auml;hler_LAB_Eingabe_ohne_Nachkommastellen.png 1460w\" sizes=\"auto, (max-width: 512px) 100vw, 512px\"><\/a><figcaption class=\"wp-element-caption\">Adobe Illustrator 2019 S\u00e9lecteur de couleurs LAB Saisie possible uniquement sans d\u00e9cimales<\/figcaption><\/figure>\n<\/div>\n\n\n<p class=\"wp-block-paragraph\"><a href=\"https:\/\/blog.proofs.de\/fr\/lexikon\/led\/\" target=\"_self\" title='Une LED est une &quot;diode \u00e9lectroluminescente&quot; et repr\u00e9sente, dans l&#039;industrie graphique, la nouvelle lumi\u00e8re &quot;LED&quot; qui a remplac\u00e9 les anciennes sources lumineuses telles que les tubes n\u00e9on et les lampes tungst\u00e8ne. Les tubes n\u00e9on sont surtout connus dans le domaine de la lumi\u00e8re standard D50 ou D65, les sources de lumi\u00e8re tungst\u00e8ne ont surtout \u00e9t\u00e9 utilis\u00e9es dans les appareils de mesure des couleurs comme les spectrophotom\u00e8tres et les colorim\u00e8tres....' class=\"encyclopedia\">Led<\/a>Adobe Photoshop est le seul \u00e0 ne pas autoriser les d\u00e9cimales, mais uniquement les nombres entiers, que le fichier soit en 8 bits ou en 16 bits. Cela s'applique \u00e0 LAB, <a href=\"https:\/\/blog.proofs.de\/fr\/lexikon\/rgb\/\" target=\"_self\" title=\"RVB repr\u00e9sente les couleurs rouge, vert et bleu. La vision humaine des couleurs s&#039;appuie sur ces couleurs.\" class=\"encyclopedia\">RGB<\/a>CMJN et niveaux de gris de la m\u00eame mani\u00e8re : Dans aucun <a href=\"https:\/\/blog.proofs.de\/fr\/lexikon\/farbsystem\/\" target=\"_self\" title=\"Un syst\u00e8me de couleurs (ou mod\u00e8le de couleurs) est une m\u00e9thode math\u00e9matique abstraite permettant de d\u00e9terminer et de sp\u00e9cifier les couleurs, ainsi que les relations entre elles. Il est souvent assimil\u00e9 \u00e0 l&#039;espace colorim\u00e9trique, qui est pourtant l&#039;application concr\u00e8te d&#039;un syst\u00e8me de couleurs \u00e0 une m\u00e9thode colorim\u00e9trique (imprimante, \u00e9cran, etc.).\" class=\"encyclopedia\">Syst\u00e8me de couleurs<\/a> une indication avec des d\u00e9cimales est autoris\u00e9e.<\/p>\n\n\n\n<p class=\"wp-block-paragraph\">Pourquoi Adobe n'utilise-t-il les d\u00e9cimales des couleurs que dans certains logiciels ?<a href=\"https:\/\/blog.proofs.de\/fr\/lexikon\/efi\/\" target=\"_self\" title=\"Electronics For Imaging Inc., en abr\u00e9g\u00e9 EFI, est une soci\u00e9t\u00e9 am\u00e9ricaine et le fabricant de l&#039;un des principaux syst\u00e8mes d&#039;\u00e9preuvage au monde : EFI Colorproof XF, devenu Fiery XF en 2013. EFI est un fournisseur de solutions pour les syst\u00e8mes d&#039;impression grand format, les RIP et les solutions de gestion de la couleur telles que l&#039;\u00e9preuvage.\" class=\"encyclopedia\">efi<\/a>Il n'est pas vraiment \u00e9vident de comprendre pourquoi. InDesign est cependant clairement plus exigeant que Photoshop et Illustrator, peut-\u00eatre parce qu'il est le dernier logiciel de la cha\u00eene de production \u00e0 devoir assembler des donn\u00e9es provenant de diff\u00e9rentes sources et qu'il est donc soumis aux exigences les plus \u00e9lev\u00e9es.<\/p>\n\n\n\n<p class=\"wp-block-paragraph\">L'importation des donn\u00e9es des champs de couleurs ASE n'a pas \u00e9t\u00e9 acc\u00e9l\u00e9r\u00e9e les 2040 champs de couleurs de freieFarbe e.V. <a href=\"https:\/\/blog.proofs.de\/fr\/lexikon\/cielab\/\" target=\"_self\" title=\"Le mod\u00e8le de couleurs CIELAB a \u00e9t\u00e9 d\u00e9fini en 1976 par la Commission Internationale de l&#039;Eclairage et d\u00e9crit toutes les couleurs perceptibles. Il s&#039;agit d&#039;une \u00e9volution de l&#039;\u00e9chelle de couleurs Hunter-LAB de 1966 et d&#039;un mod\u00e8le math\u00e9matique de couleurs qui combine les propri\u00e9t\u00e9s spectrales d&#039;un objet et les propri\u00e9t\u00e9s de perception de notre syst\u00e8me visuel. CIELAB ou LAB en abr\u00e9g\u00e9 s&#039;est impos\u00e9 partout jusqu&#039;\u00e0 aujourd&#039;hui...\" class=\"encyclopedia\">CIELAB<\/a> <a href=\"https:\/\/blog.proofs.de\/fr\/lexikon\/hlc\/\" target=\"_self\" title=\"HLC est un mode de repr\u00e9sentation de l&#039;espace colorim\u00e9trique CIELAB facile \u00e0 comprendre. L&#039;axe vertical L est identique. La position horizontale d&#039;un lieu de couleur est d\u00e9termin\u00e9e par l&#039;angle H par rapport \u00e0 l&#039;axe a positif (dans le sens inverse des aiguilles d&#039;une montre et dans l&#039;unit\u00e9 degr\u00e9) et le rayon C, la distance par rapport \u00e0 l&#039;axe L. Le rayon C est la distance entre le lieu de couleur et l&#039;axe a positif.\" class=\"encyclopedia\">HLC<\/a> Les atlas de couleurs prennent presque 2 minutes, m\u00eame sur un Macbook Pro r\u00e9cent. Cependant, les champs de couleur sont maintenant affich\u00e9s avec des valeurs d\u00e9cimales compl\u00e8tes ; une v\u00e9ritable am\u00e9lioration pour l'utilisateur qui d\u00e9pend \u00e9galement de donn\u00e9es de couleur tr\u00e8s pr\u00e9cises.<\/p>\n\n\n<div class=\"wp-block-image\">\n<figure class=\"alignleft\"><a href=\"https:\/\/blog1.proofen.de\/wp-content\/uploads\/2018\/11\/Adobe_Photoshop_2019_Farbw%C3%A4hler_CMYK_LAB_Eingabe_ohne_Nachkommastellen.png\"><img loading=\"lazy\" decoding=\"async\" width=\"1024\" height=\"788\" src=\"https:\/\/blog1.proofen.de\/wp-content\/uploads\/2018\/11\/Adobe_Photoshop_2019_Farbw%C3%A4hler_CMYK_LAB_Eingabe_ohne_Nachkommastellen-1024x788.png\" alt=\"Adobe Photoshop 2019 S\u00e9lecteur de couleurs CMYK LAB Saisie sans d\u00e9cimale\" class=\"wp-image-2224\" srcset=\"https:\/\/blog.proofs.de\/wp-content\/uploads\/2018\/11\/Adobe_Photoshop_2019_Farbw&auml;hler_CMYK_LAB_Eingabe_ohne_Nachkommastellen-1024x788.png 1024w, https:\/\/blog.proofs.de\/wp-content\/uploads\/2018\/11\/Adobe_Photoshop_2019_Farbw&auml;hler_CMYK_LAB_Eingabe_ohne_Nachkommastellen-300x231.png 300w, https:\/\/blog.proofs.de\/wp-content\/uploads\/2018\/11\/Adobe_Photoshop_2019_Farbw&auml;hler_CMYK_LAB_Eingabe_ohne_Nachkommastellen-768x591.png 768w, https:\/\/blog.proofs.de\/wp-content\/uploads\/2018\/11\/Adobe_Photoshop_2019_Farbw&auml;hler_CMYK_LAB_Eingabe_ohne_Nachkommastellen-390x300.png 390w, https:\/\/blog.proofs.de\/wp-content\/uploads\/2018\/11\/Adobe_Photoshop_2019_Farbw&auml;hler_CMYK_LAB_Eingabe_ohne_Nachkommastellen.png 1258w\" sizes=\"auto, (max-width: 1024px) 100vw, 1024px\"><\/a><figcaption class=\"wp-element-caption\">Adobe Photoshop 2019 S\u00e9lecteur de couleurs CMYK LAB Saisie sans d\u00e9cimale<\/figcaption><\/figure>\n<\/div>\n\n<div class=\"wp-block-image\">\n<figure class=\"alignleft\"><a href=\"https:\/\/blog1.proofen.de\/wp-content\/uploads\/2018\/11\/Adobe_InDesign_2019_Import_von_freieFarbe_CIELAB_HLC_Farbatlas_ASE_Farbwerten_in_LAB.png\"><img loading=\"lazy\" decoding=\"async\" width=\"1024\" height=\"589\" src=\"https:\/\/blog1.proofen.de\/wp-content\/uploads\/2018\/11\/Adobe_InDesign_2019_Import_von_freieFarbe_CIELAB_HLC_Farbatlas_ASE_Farbwerten_in_LAB-1024x589.png\" alt=\"Adobe InDesign 2019 Importation de valeurs de couleurs libreCouleur CIELAB HLC Atlas des couleurs ASE dans LAB\" class=\"wp-image-2226\" srcset=\"https:\/\/blog.proofs.de\/wp-content\/uploads\/2018\/11\/Adobe_InDesign_2019_Import_von_freieFarbe_CIELAB_HLC_Farbatlas_ASE_Farbwerten_in_LAB-1024x589.png 1024w, https:\/\/blog.proofs.de\/wp-content\/uploads\/2018\/11\/Adobe_InDesign_2019_Import_von_freieFarbe_CIELAB_HLC_Farbatlas_ASE_Farbwerten_in_LAB-300x173.png 300w, https:\/\/blog.proofs.de\/wp-content\/uploads\/2018\/11\/Adobe_InDesign_2019_Import_von_freieFarbe_CIELAB_HLC_Farbatlas_ASE_Farbwerten_in_LAB-768x442.png 768w, https:\/\/blog.proofs.de\/wp-content\/uploads\/2018\/11\/Adobe_InDesign_2019_Import_von_freieFarbe_CIELAB_HLC_Farbatlas_ASE_Farbwerten_in_LAB-500x288.png 500w, https:\/\/blog.proofs.de\/wp-content\/uploads\/2018\/11\/Adobe_InDesign_2019_Import_von_freieFarbe_CIELAB_HLC_Farbatlas_ASE_Farbwerten_in_LAB.png 1546w\" sizes=\"auto, (max-width: 1024px) 100vw, 1024px\"><\/a><figcaption class=\"wp-element-caption\">Adobe InDesign 2019 Importation de valeurs de couleurs libreCouleur CIELAB HLC Atlas des couleurs ASE dans LAB<\/figcaption><\/figure>\n<\/div>","protected":false},"excerpt":{"rendered":"<p>Adobe a mis \u00e0 jour son s\u00e9lecteur de couleurs dans la version 2019. En particulier, Adobe InDesign 2019 permet d\u00e9sormais de saisir des d\u00e9cimales pour les couleurs LAB et CMYK, ce qui est une fonctionnalit\u00e9 souhait\u00e9e depuis longtemps, en particulier dans le domaine des couleurs haut de gamme. Jusqu'\u00e0 pr\u00e9sent, Adobe InDesign permettait d\u00e9j\u00e0 de saisir des valeurs de couleurs, par exemple en CMJN, avec des d\u00e9cimales et de les \u00e9crire dans le PDF lors de l'exportation, mais seules les valeurs enti\u00e8res \u00e9taient affich\u00e9es. Dans Adobe InDesign 2019, il est d\u00e9sormais possible de saisir et d'extraire trois d\u00e9cimales pour les couleurs LAB et CMYK. Lors de l'utilisation ... <\/p>\n<p class=\"read-more-container\"><a title=\"S\u00e9lecteur de couleurs Adobe 2019 : possibilit\u00e9 de d\u00e9cimales dans InDesign et Illustrator\" class=\"read-more button\" href=\"https:\/\/blog.proofs.de\/fr\/adobe-farbwaehler-2019-nachkommastellen-in-indesign-und-illustrator-moeglich\/#more-2220\" aria-label=\"En savoir plus sur Adobe Color Picker 2019 : d\u00e9cimales possibles dans InDesign et Illustrator\">Lire la suite<\/a><\/p>","protected":false},"author":2,"featured_media":2223,"comment_status":"open","ping_status":"open","sticky":false,"template":"","format":"standard","meta":{"om_disable_all_campaigns":false,"inline_featured_image":false,"_monsterinsights_skip_tracking":false,"footnotes":""},"categories":[1,441],"tags":[553,706,529,825,824,709,708,820,823,819,822,230,826,821],"class_list":["post-2220","post","type-post","status-publish","format-standard","has-post-thumbnail","hentry","category-allgemein","category-layout-tipps-und-tricks","tag-adobe","tag-cielab","tag-cmyk","tag-dezimalstellen","tag-farbwaehler","tag-hlc-colour-atlas","tag-hlc-farbatlas","tag-illustator","tag-illustrator-2019","tag-indesign","tag-indesign-2019","tag-lab","tag-nachkommastellen","tag-photoshop","generate-columns","tablet-grid-50","mobile-grid-100","grid-parent","grid-50","no-featured-image-padding","resize-featured-image"],"aioseo_notices":[],"aioseo_head":"\n\t\t<!-- All in One SEO 5.0.1.1 - aioseo.com -->\n\t<meta name=\"description\" content=\"Adobe aktualisiert in der 2019er Version den Farbw\u00e4hler. In InDesign sind jetzt f\u00fcr LAB und CMYK Nachkommastellen m\u00f6glich, wichtig f\u00fcr den HighEnd Farbbereich.\" \/>\n\t<meta name=\"robots\" content=\"max-image-preview:large\" \/>\n\t<meta name=\"author\" content=\"Matthias Betz\"\/>\n\t<meta name=\"google-site-verification\" content=\"TuXxyRwxcEg2-WfOaQ8vScWQh3-uBAnxXmY7g3GT90A\" \/>\n\t<meta name=\"keywords\" content=\"adobe,indesign,illustator,photoshop,indesign 2019,illustrator 2019,indesign 2019,farbw\u00e4hler,lab,cmyk,dezimalstellen,nachkommastellen,cielab,hlc farbatlas,hlc colour atlas,adobe,cielab,cmyk,dezimalstellen,farbw\u00e4hler,hlc colour atlas,hlc farbatlas,illustator,illustrator 2019,indesign,indesign 2019,lab,nachkommastellen,photoshop\" \/>\n\t<link rel=\"canonical\" href=\"https:\/\/blog.proofs.de\/fr\/adobe-farbwaehler-2019-nachkommastellen-in-indesign-und-illustrator-moeglich\/\" \/>\n\t<meta name=\"generator\" content=\"All in One SEO (AIOSEO) 5.0.1.1\" \/>\n\n\t\t<meta name=\"seobility\" content=\"593a8578143db71543f014978c690d47\">\n\t\t<meta property=\"og:locale\" content=\"fr_FR\" \/>\n\t\t<meta property=\"og:site_name\" content=\"Proof.de | Alles zu Proof, Farbmanagement, Grafik, Messtechnik &amp; Co.\" \/>\n\t\t<meta property=\"og:type\" content=\"article\" \/>\n\t\t<meta property=\"og:title\" content=\"Adobe Farbw\u00e4hler: Komma in InDesign\/Illustrator | proof.de\" \/>\n\t\t<meta property=\"og:description\" content=\"Adobe aktualisiert in der 2019er Version den Farbw\u00e4hler. In InDesign sind jetzt f\u00fcr LAB und CMYK Nachkommastellen m\u00f6glich, wichtig f\u00fcr den HighEnd Farbbereich.\" \/>\n\t\t<meta property=\"og:url\" content=\"https:\/\/blog.proofs.de\/fr\/adobe-farbwaehler-2019-nachkommastellen-in-indesign-und-illustrator-moeglich\/\" \/>\n\t\t<meta property=\"og:image\" content=\"https:\/\/blog.proofs.de\/wp-content\/uploads\/2018\/11\/Adobe_Illustrator_2019_Farbw\u00e4hler_CMYK_Eingabe_mit_Nachkommastellen.png\" \/>\n\t\t<meta property=\"og:image:secure_url\" content=\"https:\/\/blog.proofs.de\/wp-content\/uploads\/2018\/11\/Adobe_Illustrator_2019_Farbw\u00e4hler_CMYK_Eingabe_mit_Nachkommastellen.png\" \/>\n\t\t<meta property=\"og:image:width\" content=\"1468\" \/>\n\t\t<meta property=\"og:image:height\" content=\"880\" \/>\n\t\t<meta property=\"article:published_time\" content=\"2018-11-12T00:15:25+00:00\" \/>\n\t\t<meta property=\"article:modified_time\" content=\"2023-07-20T07:24:31+00:00\" \/>\n\t\t<meta property=\"article:publisher\" content=\"https:\/\/www.facebook.com\/Proof.de\/\" \/>\n\t\t<meta name=\"twitter:card\" content=\"summary\" \/>\n\t\t<meta name=\"twitter:title\" content=\"Adobe Farbw\u00e4hler: Komma in InDesign\/Illustrator | proof.de\" \/>\n\t\t<meta name=\"twitter:description\" content=\"Adobe aktualisiert in der 2019er Version den Farbw\u00e4hler. In InDesign sind jetzt f\u00fcr LAB und CMYK Nachkommastellen m\u00f6glich, wichtig f\u00fcr den HighEnd Farbbereich.\" \/>\n\t\t<meta name=\"twitter:image\" content=\"https:\/\/blog1.proofen.de\/wp-content\/uploads\/2020\/04\/proof_background.jpg\" \/>\n\t\t<script type=\"application\/ld+json\" class=\"aioseo-schema\">\n\t\t\t{\"@context\":\"https:\\\/\\\/schema.org\",\"@graph\":[{\"@type\":\"Article\",\"@id\":\"https:\\\/\\\/blog.proofs.de\\\/fr\\\/adobe-farbwaehler-2019-nachkommastellen-in-indesign-und-illustrator-moeglich\\\/#article\",\"name\":\"Adobe Farbw\\u00e4hler: Komma in InDesign\\\/Illustrator | proof.de\",\"headline\":\"Adobe Farbw\\u00e4hler 2019: Nachkommastellen in InDesign und Illustrator m\\u00f6glich\",\"author\":{\"@id\":\"https:\\\/\\\/blog.proofs.de\\\/fr\\\/author\\\/mbetz\\\/#author\"},\"publisher\":{\"@id\":\"https:\\\/\\\/blog.proofs.de\\\/fr\\\/#organization\"},\"image\":{\"@type\":\"ImageObject\",\"url\":\"https:\\\/\\\/blog.proofs.de\\\/wp-content\\\/uploads\\\/2018\\\/11\\\/Adobe_Illustrator_2019_Farbw\\u00e4hler_CMYK_Eingabe_mit_Nachkommastellen.png\",\"width\":1468,\"height\":880,\"caption\":\"Adobe Illustrator 2019 Farbw\\u00e4hler CMYK Eingabe mit zwei Nachkommastellen\"},\"datePublished\":\"2018-11-12T01:15:25+01:00\",\"dateModified\":\"2023-07-20T09:24:31+02:00\",\"inLanguage\":\"fr-FR\",\"mainEntityOfPage\":{\"@id\":\"https:\\\/\\\/blog.proofs.de\\\/fr\\\/adobe-farbwaehler-2019-nachkommastellen-in-indesign-und-illustrator-moeglich\\\/#webpage\"},\"isPartOf\":{\"@id\":\"https:\\\/\\\/blog.proofs.de\\\/fr\\\/adobe-farbwaehler-2019-nachkommastellen-in-indesign-und-illustrator-moeglich\\\/#webpage\"},\"articleSection\":\"Allgemein, Layout Tipps, Adobe, CIELAB, CMYK, Dezimalstellen, Farbw\\u00e4hler, HLC Colour Atlas, HLC Farbatlas, Illustator, Illustrator 2019, InDesign, InDesign 2019, LAB, Nachkommastellen, Photoshop\"},{\"@type\":\"BreadcrumbList\",\"@id\":\"https:\\\/\\\/blog.proofs.de\\\/fr\\\/adobe-farbwaehler-2019-nachkommastellen-in-indesign-und-illustrator-moeglich\\\/#breadcrumblist\",\"itemListElement\":[{\"@type\":\"ListItem\",\"@id\":\"https:\\\/\\\/blog.proofs.de\\\/fr#listItem\",\"position\":1,\"name\":\"Home\",\"item\":\"https:\\\/\\\/blog.proofs.de\\\/fr\",\"nextItem\":{\"@type\":\"ListItem\",\"@id\":\"https:\\\/\\\/blog.proofs.de\\\/fr\\\/thema\\\/proof-wissen\\\/#listItem\",\"name\":\"Proof Wissen\"}},{\"@type\":\"ListItem\",\"@id\":\"https:\\\/\\\/blog.proofs.de\\\/fr\\\/thema\\\/proof-wissen\\\/#listItem\",\"position\":2,\"name\":\"Proof Wissen\",\"item\":\"https:\\\/\\\/blog.proofs.de\\\/fr\\\/thema\\\/proof-wissen\\\/\",\"nextItem\":{\"@type\":\"ListItem\",\"@id\":\"https:\\\/\\\/blog.proofs.de\\\/fr\\\/thema\\\/proof-wissen\\\/layout-tipps-und-tricks\\\/#listItem\",\"name\":\"Layout Tipps\"},\"previousItem\":{\"@type\":\"ListItem\",\"@id\":\"https:\\\/\\\/blog.proofs.de\\\/fr#listItem\",\"name\":\"Home\"}},{\"@type\":\"ListItem\",\"@id\":\"https:\\\/\\\/blog.proofs.de\\\/fr\\\/thema\\\/proof-wissen\\\/layout-tipps-und-tricks\\\/#listItem\",\"position\":3,\"name\":\"Layout Tipps\",\"item\":\"https:\\\/\\\/blog.proofs.de\\\/fr\\\/thema\\\/proof-wissen\\\/layout-tipps-und-tricks\\\/\",\"nextItem\":{\"@type\":\"ListItem\",\"@id\":\"https:\\\/\\\/blog.proofs.de\\\/fr\\\/adobe-farbwaehler-2019-nachkommastellen-in-indesign-und-illustrator-moeglich\\\/#listItem\",\"name\":\"Adobe Farbw\\u00e4hler 2019: Nachkommastellen in InDesign und Illustrator m\\u00f6glich\"},\"previousItem\":{\"@type\":\"ListItem\",\"@id\":\"https:\\\/\\\/blog.proofs.de\\\/fr\\\/thema\\\/proof-wissen\\\/#listItem\",\"name\":\"Proof Wissen\"}},{\"@type\":\"ListItem\",\"@id\":\"https:\\\/\\\/blog.proofs.de\\\/fr\\\/adobe-farbwaehler-2019-nachkommastellen-in-indesign-und-illustrator-moeglich\\\/#listItem\",\"position\":4,\"name\":\"Adobe Farbw\\u00e4hler 2019: Nachkommastellen in InDesign und Illustrator m\\u00f6glich\",\"previousItem\":{\"@type\":\"ListItem\",\"@id\":\"https:\\\/\\\/blog.proofs.de\\\/fr\\\/thema\\\/proof-wissen\\\/layout-tipps-und-tricks\\\/#listItem\",\"name\":\"Layout Tipps\"}}]},{\"@type\":\"Organization\",\"@id\":\"https:\\\/\\\/blog.proofs.de\\\/fr\\\/#organization\",\"name\":\"Proof GmbH\",\"description\":\"Farbverbindlicher Proof, Farbproof, Digitalproof und Online-Proof.\",\"url\":\"https:\\\/\\\/blog.proofs.de\\\/fr\\\/\",\"telephone\":\"+4970717952740\",\"logo\":{\"@type\":\"ImageObject\",\"url\":\"https:\\\/\\\/blog1.proofen.de\\\/wp-content\\\/uploads\\\/2019\\\/09\\\/logo_proof_rgb_mit_balken_250px.png\",\"@id\":\"https:\\\/\\\/blog.proofs.de\\\/fr\\\/adobe-farbwaehler-2019-nachkommastellen-in-indesign-und-illustrator-moeglich\\\/#organizationLogo\"},\"image\":{\"@id\":\"https:\\\/\\\/blog.proofs.de\\\/fr\\\/adobe-farbwaehler-2019-nachkommastellen-in-indesign-und-illustrator-moeglich\\\/#organizationLogo\"},\"sameAs\":[\"https:\\\/\\\/www.facebook.com\\\/Proof.de\\\/\",\"https:\\\/\\\/www.instagram.com\\\/proof.de\\\/\",\"https:\\\/\\\/www.tiktok.com\\\/@proof_de\",\"https:\\\/\\\/www.youtube.com\\\/channel\\\/UCk80fQVQ25wC9wu3SywB-Nw\",\"https:\\\/\\\/www.linkedin.com\\\/company\\\/proof-de\"]},{\"@type\":\"Person\",\"@id\":\"https:\\\/\\\/blog.proofs.de\\\/fr\\\/author\\\/mbetz\\\/#author\",\"url\":\"https:\\\/\\\/blog.proofs.de\\\/fr\\\/author\\\/mbetz\\\/\",\"name\":\"Matthias Betz\",\"image\":{\"@type\":\"ImageObject\",\"@id\":\"https:\\\/\\\/blog.proofs.de\\\/fr\\\/adobe-farbwaehler-2019-nachkommastellen-in-indesign-und-illustrator-moeglich\\\/#authorImage\",\"url\":\"https:\\\/\\\/blog.proofs.de\\\/wp-content\\\/uploads\\\/2020\\\/10\\\/matthias-betz-e1603934518350-150x150.png\",\"width\":96,\"height\":96,\"caption\":\"Matthias Betz\"}},{\"@type\":\"WebPage\",\"@id\":\"https:\\\/\\\/blog.proofs.de\\\/fr\\\/adobe-farbwaehler-2019-nachkommastellen-in-indesign-und-illustrator-moeglich\\\/#webpage\",\"url\":\"https:\\\/\\\/blog.proofs.de\\\/fr\\\/adobe-farbwaehler-2019-nachkommastellen-in-indesign-und-illustrator-moeglich\\\/\",\"name\":\"Adobe Farbw\\u00e4hler: Komma in InDesign\\\/Illustrator | proof.de\",\"description\":\"Adobe aktualisiert in der 2019er Version den Farbw\\u00e4hler. In InDesign sind jetzt f\\u00fcr LAB und CMYK Nachkommastellen m\\u00f6glich, wichtig f\\u00fcr den HighEnd Farbbereich.\",\"inLanguage\":\"fr-FR\",\"isPartOf\":{\"@id\":\"https:\\\/\\\/blog.proofs.de\\\/fr\\\/#website\"},\"breadcrumb\":{\"@id\":\"https:\\\/\\\/blog.proofs.de\\\/fr\\\/adobe-farbwaehler-2019-nachkommastellen-in-indesign-und-illustrator-moeglich\\\/#breadcrumblist\"},\"author\":{\"@id\":\"https:\\\/\\\/blog.proofs.de\\\/fr\\\/author\\\/mbetz\\\/#author\"},\"creator\":{\"@id\":\"https:\\\/\\\/blog.proofs.de\\\/fr\\\/author\\\/mbetz\\\/#author\"},\"image\":{\"@type\":\"ImageObject\",\"url\":\"https:\\\/\\\/blog.proofs.de\\\/wp-content\\\/uploads\\\/2018\\\/11\\\/Adobe_Illustrator_2019_Farbw\\u00e4hler_CMYK_Eingabe_mit_Nachkommastellen.png\",\"@id\":\"https:\\\/\\\/blog.proofs.de\\\/fr\\\/adobe-farbwaehler-2019-nachkommastellen-in-indesign-und-illustrator-moeglich\\\/#mainImage\",\"width\":1468,\"height\":880,\"caption\":\"Adobe Illustrator 2019 Farbw\\u00e4hler CMYK Eingabe mit zwei Nachkommastellen\"},\"primaryImageOfPage\":{\"@id\":\"https:\\\/\\\/blog.proofs.de\\\/fr\\\/adobe-farbwaehler-2019-nachkommastellen-in-indesign-und-illustrator-moeglich\\\/#mainImage\"},\"datePublished\":\"2018-11-12T01:15:25+01:00\",\"dateModified\":\"2023-07-20T09:24:31+02:00\"},{\"@type\":\"WebSite\",\"@id\":\"https:\\\/\\\/blog.proofs.de\\\/fr\\\/#website\",\"url\":\"https:\\\/\\\/blog.proofs.de\\\/fr\\\/\",\"name\":\"Proof.de\",\"description\":\"Farbverbindlicher Proof, Farbproof, Digitalproof und Online-Proof.\",\"inLanguage\":\"fr-FR\",\"publisher\":{\"@id\":\"https:\\\/\\\/blog.proofs.de\\\/fr\\\/#organization\"}}]}\n\t\t<\/script>\n\t\t<!-- All in One SEO -->\n\n","aioseo_head_json":{"title":"S\u00e9lecteur de couleurs Adobe : virgule dans InDesign\/Illustrator | proof.de","description":"Adobe met \u00e0 jour le s\u00e9lecteur de couleurs dans la version 2019. Dans InDesign, les d\u00e9cimales sont d\u00e9sormais possibles pour LAB et CMYK, ce qui est important pour la gamme de couleurs haut de gamme.","canonical_url":"https:\/\/blog.proofs.de\/fr\/adobe-farbwaehler-2019-nachkommastellen-in-indesign-und-illustrator-moeglich\/","robots":"max-image-preview:large","keywords":"adobe,indesign,illustator,photoshop,indesign 2019,illustrator 2019,indesign 2019,farbw\u00e4hler,lab,cmyk,dezimalstellen,nachkommastellen,cielab,hlc farbatlas,hlc colour atlas,adobe,cielab,cmyk,dezimalstellen,farbw\u00e4hler,hlc colour atlas,hlc farbatlas,illustator,illustrator 2019,indesign,indesign 2019,lab,nachkommastellen,photoshop","webmasterTools":{"google-site-verification":"TuXxyRwxcEg2-WfOaQ8vScWQh3-uBAnxXmY7g3GT90A","miscellaneous":"&lt;meta name=\"seobility\" content=\"593a8578143db71543f014978c690d47\"&gt;"},"schema":{"@context":"https:\/\/schema.org","@graph":[{"@type":"Article","@id":"https:\/\/blog.proofs.de\/fr\/adobe-farbwaehler-2019-nachkommastellen-in-indesign-und-illustrator-moeglich\/#article","name":"Adobe Farbw\u00e4hler: Komma in InDesign\/Illustrator | proof.de","headline":"Adobe Farbw\u00e4hler 2019: Nachkommastellen in InDesign und Illustrator m\u00f6glich","author":{"@id":"https:\/\/blog.proofs.de\/fr\/author\/mbetz\/#author"},"publisher":{"@id":"https:\/\/blog.proofs.de\/fr\/#organization"},"image":{"@type":"ImageObject","url":"https:\/\/blog.proofs.de\/wp-content\/uploads\/2018\/11\/Adobe_Illustrator_2019_Farbw\u00e4hler_CMYK_Eingabe_mit_Nachkommastellen.png","width":1468,"height":880,"caption":"Adobe Illustrator 2019 Farbw\u00e4hler CMYK Eingabe mit zwei Nachkommastellen"},"datePublished":"2018-11-12T01:15:25+01:00","dateModified":"2023-07-20T09:24:31+02:00","inLanguage":"fr-FR","mainEntityOfPage":{"@id":"https:\/\/blog.proofs.de\/fr\/adobe-farbwaehler-2019-nachkommastellen-in-indesign-und-illustrator-moeglich\/#webpage"},"isPartOf":{"@id":"https:\/\/blog.proofs.de\/fr\/adobe-farbwaehler-2019-nachkommastellen-in-indesign-und-illustrator-moeglich\/#webpage"},"articleSection":"Allgemein, Layout Tipps, Adobe, CIELAB, CMYK, Dezimalstellen, Farbw\u00e4hler, HLC Colour Atlas, HLC Farbatlas, Illustator, Illustrator 2019, InDesign, InDesign 2019, LAB, Nachkommastellen, Photoshop"},{"@type":"BreadcrumbList","@id":"https:\/\/blog.proofs.de\/fr\/adobe-farbwaehler-2019-nachkommastellen-in-indesign-und-illustrator-moeglich\/#breadcrumblist","itemListElement":[{"@type":"ListItem","@id":"https:\/\/blog.proofs.de\/fr#listItem","position":1,"name":"Home","item":"https:\/\/blog.proofs.de\/fr","nextItem":{"@type":"ListItem","@id":"https:\/\/blog.proofs.de\/fr\/thema\/proof-wissen\/#listItem","name":"Proof Wissen"}},{"@type":"ListItem","@id":"https:\/\/blog.proofs.de\/fr\/thema\/proof-wissen\/#listItem","position":2,"name":"Proof Wissen","item":"https:\/\/blog.proofs.de\/fr\/thema\/proof-wissen\/","nextItem":{"@type":"ListItem","@id":"https:\/\/blog.proofs.de\/fr\/thema\/proof-wissen\/layout-tipps-und-tricks\/#listItem","name":"Layout Tipps"},"previousItem":{"@type":"ListItem","@id":"https:\/\/blog.proofs.de\/fr#listItem","name":"Home"}},{"@type":"ListItem","@id":"https:\/\/blog.proofs.de\/fr\/thema\/proof-wissen\/layout-tipps-und-tricks\/#listItem","position":3,"name":"Layout Tipps","item":"https:\/\/blog.proofs.de\/fr\/thema\/proof-wissen\/layout-tipps-und-tricks\/","nextItem":{"@type":"ListItem","@id":"https:\/\/blog.proofs.de\/fr\/adobe-farbwaehler-2019-nachkommastellen-in-indesign-und-illustrator-moeglich\/#listItem","name":"Adobe Farbw\u00e4hler 2019: Nachkommastellen in InDesign und Illustrator m\u00f6glich"},"previousItem":{"@type":"ListItem","@id":"https:\/\/blog.proofs.de\/fr\/thema\/proof-wissen\/#listItem","name":"Proof Wissen"}},{"@type":"ListItem","@id":"https:\/\/blog.proofs.de\/fr\/adobe-farbwaehler-2019-nachkommastellen-in-indesign-und-illustrator-moeglich\/#listItem","position":4,"name":"Adobe Farbw\u00e4hler 2019: Nachkommastellen in InDesign und Illustrator m\u00f6glich","previousItem":{"@type":"ListItem","@id":"https:\/\/blog.proofs.de\/fr\/thema\/proof-wissen\/layout-tipps-und-tricks\/#listItem","name":"Layout Tipps"}}]},{"@type":"Organization","@id":"https:\/\/blog.proofs.de\/fr\/#organization","name":"Proof GmbH","description":"Farbverbindlicher Proof, Farbproof, Digitalproof und Online-Proof.","url":"https:\/\/blog.proofs.de\/fr\/","telephone":"+4970717952740","logo":{"@type":"ImageObject","url":"https:\/\/blog1.proofen.de\/wp-content\/uploads\/2019\/09\/logo_proof_rgb_mit_balken_250px.png","@id":"https:\/\/blog.proofs.de\/fr\/adobe-farbwaehler-2019-nachkommastellen-in-indesign-und-illustrator-moeglich\/#organizationLogo"},"image":{"@id":"https:\/\/blog.proofs.de\/fr\/adobe-farbwaehler-2019-nachkommastellen-in-indesign-und-illustrator-moeglich\/#organizationLogo"},"sameAs":["https:\/\/www.facebook.com\/Proof.de\/","https:\/\/www.instagram.com\/proof.de\/","https:\/\/www.tiktok.com\/@proof_de","https:\/\/www.youtube.com\/channel\/UCk80fQVQ25wC9wu3SywB-Nw","https:\/\/www.linkedin.com\/company\/proof-de"]},{"@type":"Person","@id":"https:\/\/blog.proofs.de\/fr\/author\/mbetz\/#author","url":"https:\/\/blog.proofs.de\/fr\/author\/mbetz\/","name":"Matthias Betz","image":{"@type":"ImageObject","@id":"https:\/\/blog.proofs.de\/fr\/adobe-farbwaehler-2019-nachkommastellen-in-indesign-und-illustrator-moeglich\/#authorImage","url":"https:\/\/blog.proofs.de\/wp-content\/uploads\/2020\/10\/matthias-betz-e1603934518350-150x150.png","width":96,"height":96,"caption":"Matthias Betz"}},{"@type":"WebPage","@id":"https:\/\/blog.proofs.de\/fr\/adobe-farbwaehler-2019-nachkommastellen-in-indesign-und-illustrator-moeglich\/#webpage","url":"https:\/\/blog.proofs.de\/fr\/adobe-farbwaehler-2019-nachkommastellen-in-indesign-und-illustrator-moeglich\/","name":"Adobe Farbw\u00e4hler: Komma in InDesign\/Illustrator | proof.de","description":"Adobe aktualisiert in der 2019er Version den Farbw\u00e4hler. In InDesign sind jetzt f\u00fcr LAB und CMYK Nachkommastellen m\u00f6glich, wichtig f\u00fcr den HighEnd Farbbereich.","inLanguage":"fr-FR","isPartOf":{"@id":"https:\/\/blog.proofs.de\/fr\/#website"},"breadcrumb":{"@id":"https:\/\/blog.proofs.de\/fr\/adobe-farbwaehler-2019-nachkommastellen-in-indesign-und-illustrator-moeglich\/#breadcrumblist"},"author":{"@id":"https:\/\/blog.proofs.de\/fr\/author\/mbetz\/#author"},"creator":{"@id":"https:\/\/blog.proofs.de\/fr\/author\/mbetz\/#author"},"image":{"@type":"ImageObject","url":"https:\/\/blog.proofs.de\/wp-content\/uploads\/2018\/11\/Adobe_Illustrator_2019_Farbw\u00e4hler_CMYK_Eingabe_mit_Nachkommastellen.png","@id":"https:\/\/blog.proofs.de\/fr\/adobe-farbwaehler-2019-nachkommastellen-in-indesign-und-illustrator-moeglich\/#mainImage","width":1468,"height":880,"caption":"Adobe Illustrator 2019 Farbw\u00e4hler CMYK Eingabe mit zwei Nachkommastellen"},"primaryImageOfPage":{"@id":"https:\/\/blog.proofs.de\/fr\/adobe-farbwaehler-2019-nachkommastellen-in-indesign-und-illustrator-moeglich\/#mainImage"},"datePublished":"2018-11-12T01:15:25+01:00","dateModified":"2023-07-20T09:24:31+02:00"},{"@type":"WebSite","@id":"https:\/\/blog.proofs.de\/fr\/#website","url":"https:\/\/blog.proofs.de\/fr\/","name":"Proof.de","description":"Farbverbindlicher Proof, Farbproof, Digitalproof und Online-Proof.","inLanguage":"fr-FR","publisher":{"@id":"https:\/\/blog.proofs.de\/fr\/#organization"}}]},"og:locale":"fr_FR","og:site_name":"Proof.de | Alles zu Proof, Farbmanagement, Grafik, Messtechnik &amp; Co.","og:type":"article","og:title":"Adobe Farbw\u00e4hler: Komma in InDesign\/Illustrator | proof.de","og:description":"Adobe aktualisiert in der 2019er Version den Farbw\u00e4hler. In InDesign sind jetzt f\u00fcr LAB und CMYK Nachkommastellen m\u00f6glich, wichtig f\u00fcr den HighEnd Farbbereich.","og:url":"https:\/\/blog.proofs.de\/fr\/adobe-farbwaehler-2019-nachkommastellen-in-indesign-und-illustrator-moeglich\/","og:image":"https:\/\/blog.proofs.de\/wp-content\/uploads\/2018\/11\/Adobe_Illustrator_2019_Farbw\u00e4hler_CMYK_Eingabe_mit_Nachkommastellen.png","og:image:secure_url":"https:\/\/blog.proofs.de\/wp-content\/uploads\/2018\/11\/Adobe_Illustrator_2019_Farbw\u00e4hler_CMYK_Eingabe_mit_Nachkommastellen.png","og:image:width":1468,"og:image:height":880,"article:published_time":"2018-11-12T00:15:25+00:00","article:modified_time":"2023-07-20T07:24:31+00:00","article:publisher":"https:\/\/www.facebook.com\/Proof.de\/","twitter:card":"summary","twitter:title":"Adobe Farbw\u00e4hler: Komma in InDesign\/Illustrator | proof.de","twitter:description":"Adobe aktualisiert in der 2019er Version den Farbw\u00e4hler. In InDesign sind jetzt f\u00fcr LAB und CMYK Nachkommastellen m\u00f6glich, wichtig f\u00fcr den HighEnd Farbbereich.","twitter:image":"https:\/\/blog1.proofen.de\/wp-content\/uploads\/2020\/04\/proof_background.jpg"},"aioseo_meta_data":{"post_id":"2220","title":"S\u00e9lecteur de couleurs Adobe : virgule dans InDesign\/Illustrator | proof.de","description":"Adobe met \u00e0 jour le s\u00e9lecteur de couleurs dans la version 2019. Dans InDesign, les d\u00e9cimales sont d\u00e9sormais possibles pour LAB et CMYK, ce qui est important pour la gamme de couleurs haut de gamme.","keywords":[{"label":"Adobe,InDesign,Illustator,Photoshop,InDesign 2019,Illustrator 2019,InDesign 2019,Farbw\u00e4hler,LAB,CMYK,Dezimalstellen,Nachkommastellen,CIELAB,HLC Farbatlas,HLC Colour Atlas","value":"Adobe,InDesign,Illustator,Photoshop,InDesign 2019,Illustrator 2019,InDesign 2019,Farbw\u00e4hler,LAB,CMYK,Dezimalstellen,Nachkommastellen,CIELAB,HLC Farbatlas,HLC Colour Atlas"}],"keyphrases":{"focus":{"keyphrase":"","score":0,"analysis":{"keyphraseInTitle":{"score":0,"maxScore":9,"error":1}}},"additional":[]},"primary_term":null,"canonical_url":null,"og_title":null,"og_description":null,"og_object_type":"default","og_image_type":"default","og_image_url":null,"og_image_width":null,"og_image_height":null,"og_image_custom_url":null,"og_image_custom_fields":null,"og_video":"","og_custom_url":null,"og_article_section":null,"og_article_tags":[],"twitter_use_og":false,"twitter_card":"default","twitter_image_type":"default","twitter_image_url":null,"twitter_image_custom_url":null,"twitter_image_custom_fields":null,"twitter_title":null,"twitter_description":null,"schema":{"blockGraphs":[],"customGraphs":[],"default":{"data":{"Article":[],"Course":[],"Dataset":[],"FAQPage":[],"Movie":[],"Person":[],"Product":[],"ProductReview":[],"Car":[],"Recipe":[],"Service":[],"SoftwareApplication":[],"WebPage":[]},"graphName":"Article","isEnabled":true},"graphs":[],"defaultGraph":"","defaultPostTypeGraph":""},"schema_type":null,"schema_type_options":null,"pillar_content":false,"robots_default":true,"robots_noindex":false,"robots_noarchive":false,"robots_nosnippet":false,"robots_nofollow":false,"robots_noimageindex":false,"robots_noodp":false,"robots_notranslate":false,"robots_max_snippet":"-1","robots_max_videopreview":"-1","robots_max_imagepreview":"large","priority":null,"frequency":"default","local_seo":null,"breadcrumb_settings":null,"limit_modified_date":false,"ai":null,"created":"2020-12-21 00:33:58","updated":"2025-06-04 14:23:05","seo_analyzer_scan_date":null,"focus_keyword":null,"additional_keywords":null,"truseo_locale":null},"_links":{"self":[{"href":"https:\/\/blog.proofs.de\/fr\/wp-json\/wp\/v2\/posts\/2220","targetHints":{"allow":["GET"]}}],"collection":[{"href":"https:\/\/blog.proofs.de\/fr\/wp-json\/wp\/v2\/posts"}],"about":[{"href":"https:\/\/blog.proofs.de\/fr\/wp-json\/wp\/v2\/types\/post"}],"author":[{"embeddable":true,"href":"https:\/\/blog.proofs.de\/fr\/wp-json\/wp\/v2\/users\/2"}],"replies":[{"embeddable":true,"href":"https:\/\/blog.proofs.de\/fr\/wp-json\/wp\/v2\/comments?post=2220"}],"version-history":[{"count":7,"href":"https:\/\/blog.proofs.de\/fr\/wp-json\/wp\/v2\/posts\/2220\/revisions"}],"predecessor-version":[{"id":5455,"href":"https:\/\/blog.proofs.de\/fr\/wp-json\/wp\/v2\/posts\/2220\/revisions\/5455"}],"wp:featuredmedia":[{"embeddable":true,"href":"https:\/\/blog.proofs.de\/fr\/wp-json\/wp\/v2\/media\/2223"}],"wp:attachment":[{"href":"https:\/\/blog.proofs.de\/fr\/wp-json\/wp\/v2\/media?parent=2220"}],"wp:term":[{"taxonomy":"category","embeddable":true,"href":"https:\/\/blog.proofs.de\/fr\/wp-json\/wp\/v2\/categories?post=2220"},{"taxonomy":"post_tag","embeddable":true,"href":"https:\/\/blog.proofs.de\/fr\/wp-json\/wp\/v2\/tags?post=2220"}],"curies":[{"name":"wp","href":"https:\/\/api.w.org\/{rel}","templated":true}]}}