{"id":1002,"date":"2014-07-21T10:59:20","date_gmt":"2014-07-21T08:59:20","guid":{"rendered":"http:\/\/www.proof.de\/?p=1002"},"modified":"2020-04-16T01:21:21","modified_gmt":"2020-04-15T23:21:21","slug":"uj-proof-profil-a-csomagoloanyagok-melynyomasahoz-pac-space","status":"publish","type":"post","link":"https:\/\/blog.proofs.de\/hu\/neues-proof-profil-fuer-den-verpackungstiefdruck-pac-space\/","title":{"rendered":"PaC.Space Proofok a boltban: \u00daj proofprofil a csomagol\u00f3anyag-t\u00fck\u00f6rnyom\u00e1shoz"},"content":{"rendered":"<div class=\"kk-star-ratings kksr-auto kksr-align-right kksr-valign-top\" data-payload='{\"align\":\"right\",\"id\":\"1002\",\"slug\":\"default\",\"valign\":\"top\",\"ignore\":\"\",\"reference\":\"auto\",\"class\":\"\",\"count\":\"0\",\"legendonly\":\"\",\"readonly\":\"\",\"score\":\"0\",\"starsonly\":\"\",\"best\":\"5\",\"gap\":\"5\",\"greet\":\"Jetzt bewerten\",\"legend\":\"0\\\/5 - (0 votes)\",\"size\":\"24\",\"title\":\"PaC.Space Proofs im Shop: Neues Proof Profil f&uuml;r den Verpackungstiefdruck\",\"width\":\"0\",\"_legend\":\"{score}\\\/{best} - ({count} {votes})\",\"font_factor\":\"1.25\"}'>\n            \n<div class=\"kksr-stars\">\n    \n<div class=\"kksr-stars-inactive\">\n            <div class=\"kksr-star\" data-star=\"1\" style=\"padding-right: 5px\">\n            \n\n<div class=\"kksr-icon\" style=\"width: 24px; height: 24px;\"><\/div>\n        <\/div>\n            <div class=\"kksr-star\" data-star=\"2\" style=\"padding-right: 5px\">\n            \n\n<div class=\"kksr-icon\" style=\"width: 24px; height: 24px;\"><\/div>\n        <\/div>\n            <div class=\"kksr-star\" data-star=\"3\" style=\"padding-right: 5px\">\n            \n\n<div class=\"kksr-icon\" style=\"width: 24px; height: 24px;\"><\/div>\n        <\/div>\n            <div class=\"kksr-star\" data-star=\"4\" style=\"padding-right: 5px\">\n            \n\n<div class=\"kksr-icon\" style=\"width: 24px; height: 24px;\"><\/div>\n        <\/div>\n            <div class=\"kksr-star\" data-star=\"5\" style=\"padding-right: 5px\">\n            \n\n<div class=\"kksr-icon\" style=\"width: 24px; height: 24px;\"><\/div>\n        <\/div>\n    <\/div>\n    \n<div class=\"kksr-stars-active\" style=\"width: 0px;\">\n            <div class=\"kksr-star\" style=\"padding-right: 5px\">\n            \n\n<div class=\"kksr-icon\" style=\"width: 24px; height: 24px;\"><\/div>\n        <\/div>\n            <div class=\"kksr-star\" style=\"padding-right: 5px\">\n            \n\n<div class=\"kksr-icon\" style=\"width: 24px; height: 24px;\"><\/div>\n        <\/div>\n            <div class=\"kksr-star\" style=\"padding-right: 5px\">\n            \n\n<div class=\"kksr-icon\" style=\"width: 24px; height: 24px;\"><\/div>\n        <\/div>\n            <div class=\"kksr-star\" style=\"padding-right: 5px\">\n            \n\n<div class=\"kksr-icon\" style=\"width: 24px; height: 24px;\"><\/div>\n        <\/div>\n            <div class=\"kksr-star\" style=\"padding-right: 5px\">\n            \n\n<div class=\"kksr-icon\" style=\"width: 24px; height: 24px;\"><\/div>\n        <\/div>\n    <\/div>\n<\/div>\n                \n\n<div class=\"kksr-legend\" style=\"font-size: 19.2px;\">\n            <span class=\"kksr-muted\">Szavazz most<\/span>\n    <\/div>\n    <\/div>\n<p>A PaC.Space az els\u0151 alkalom, hogy egys\u00e9ges sz\u00ednszabv\u00e1ny \u00e9s <a href=\"https:\/\/blog.proofs.de\/hu\/lexikon\/proofs\/\" target=\"_self\" title=\"A nyomdaiparban a pr\u00f3banyomatok (vagy pr\u00f3banyomatok) a nyomdai eredm\u00e9ny sz\u00ednhelyes \u00e9s jogilag k\u00f6telez\u0151 erej\u0171 szimul\u00e1ci\u00f3j\u00e1t jelentik ellen\u0151rz\u00e9si c\u00e9llal. A pr\u00f3banyomatok\u00e9rt felel\u0151s szabv\u00e1ny az ISO 12647-7:2016, azaz a 2016-os, aktu\u00e1lis fel\u00fclvizsg\u00e1lat.\" class=\"encyclopedia\">Bizony\u00edt\u00e9kok<\/a>a csomagol\u00e1sra vonatkoz\u00f3 szabv\u00e1ny<a href=\"https:\/\/blog.proofs.de\/hu\/lexikon\/tiefdruck\/\" target=\"_self\" title=\"A m\u00e9lynyom\u00e1s az egyik legr\u00e9gebbi, ma is haszn\u00e1lt nyomtat\u00e1si elj\u00e1r\u00e1s. A m\u00e9lynyom\u00e1s sor\u00e1n a nyomtatott k\u00e9pet a nyom\u00f3hengerbe (vagy nyom\u00f3lemezbe) grav\u00edrozz\u00e1k. Ezt k\u00f6vet\u0151en a nyomdafest\u00e9kbe m\u00e1rtj\u00e1k, majd a felesleges fest\u00e9ket lekaparj\u00e1k, \u00edgy csak a m\u00e9lyed\u00e9sekben (cell\u00e1kban) l\u00e9v\u0151 fest\u00e9k marad. V\u00e9g\u00fcl ezt a fest\u00e9ket nagy nyom\u00e1s \u00e9s a pap\u00edr nedvsz\u00edv\u00f3 k\u00e9pess\u00e9ge seg\u00edts\u00e9g\u00e9vel \u00e1tviszik a nyom\u00f3anyagra.\" class=\"encyclopedia\">alacsony nyom\u00e1s<\/a> bevonatos hordoz\u00f3kon \u00e9s filmeken. <a href=\"https:\/\/blog.proofs.de\/hu\/lexikon\/proof\/\" target=\"_self\" title=\"A contract proof egy ISO 12647-7 tan\u00fas\u00edtv\u00e1nnyal rendelkez\u0151, a grafikai ipar sz\u00e1m\u00e1ra k\u00e9sz\u00fclt vizsg\u00e1l\u00f3eszk\u00f6z. A pr\u00f3banyomat az ISO-szabv\u00e1ny sz\u0171k t\u0171r\u00e9shat\u00e1rain bel\u00fcl sz\u00edn- \u00e9s jogilag k\u00f6telez\u0151 m\u00f3don szimul\u00e1lja az ofszet- vagy m\u00e9lynyom\u00f3g\u00e9pek sz\u00edness\u00e9g\u00e9t.\" class=\"encyclopedia\">Bizony\u00edt\u00e9k<\/a>a <a href=\"https:\/\/blog.proofs.de\/hu\/lexikon\/farbraum\/\" target=\"_self\" title=\"A sz\u00ednt\u00e9r egy sz\u00ednmodellre \u00e9p\u00fcl, \u00e9s annak konkr\u00e9t alkalmaz\u00e1sa egy sz\u00ednel\u0151\u00e1ll\u00edt\u00e1si m\u00f3dszerre (nyomtat\u00f3, k\u00e9perny\u0151 stb.). Ez\u00e9rt tartalmazza az \u00f6sszes olyan sz\u00ednt, amely t\u00e9nylegesen megjelen\u00edthet\u0151 az adott m\u00f3dszerrel \u00e9s a megfelel\u0151 anyagokkal.\" class=\"encyclopedia\">Sz\u00ednt\u00e9r<\/a> A PaC.Space mostant\u00f3l k\u00e9nyelmesen megrendelhet\u0151 az shop.proof.de oldalon.<\/p>\n<p>Eddig nem l\u00e9teztek sz\u00ednszabv\u00e1nyok a csomagol\u00e1st\u00fckr\u00f6z\u00e9sre, mivel az sokkal \u00f6sszetettebb, mint p\u00e9ld\u00e1ul a magazinok m\u00e9lynyom\u00e1sa, \u00e9s a csomagol\u00e1st\u00fckr\u00f6z\u00e9sben sokkal nagyobb sz\u00ednterek \u00e9rhet\u0151k el. Eddig a sz\u00ednt\u00e9r <a href=\"https:\/\/blog.proofs.de\/hu\/lexikon\/isocoatedv2\/\" target=\"_self\" title=\"Az ISOCoatedV2 a legelterjedtebb profil az eur\u00f3pai nyomdaiparban. A legelterjedtebb nyomdai elj\u00e1r\u00e1snak felel meg: Offszetnyomtat\u00e1s matt vagy f\u00e9nyes k\u00e9pnyom\u00f3pap\u00edrra.\" class=\"encyclopedia\">ISOCoatedV2<\/a> amely azonban j\u00f3val kevesebb sz\u00ednt tartalmaz, mint a PaC.Space. Vagy a csomagol\u00f3anyag-nyomd\u00e1k h\u00e1zon bel\u00fcli szabv\u00e1nyait haszn\u00e1lt\u00e1k, de ezeket mindig \u00e1t kellett dolgozni a v\u00e9gs\u0151 nyomtat\u00e1shoz a nyomtat\u00e1si folyamat el\u0151tt.<\/p>\n<p>A PaC.Space seg\u00edts\u00e9g\u00e9vel mostant\u00f3l sz\u00e1mos csomagol\u00e1st\u00fck\u00f6rnyomathoz megfelel\u0151 sz\u00ednt\u00e9r \u00e1ll rendelkez\u00e9sre, amely a tervez\u00e9si folyamat korai szakasz\u00e1ban olyan proofot k\u00e9sz\u00edthet, amely nagyon k\u00f6zel \u00e1ll a k\u00e9s\u0151bbi gy\u00e1rt\u00e1si eredm\u00e9nyhez. Az adatokat k\u00f6zvetlen\u00fcl a PaC.Space-ben lehet \u00e9s kell feldolgozni, ami seg\u00edt cs\u00f6kkenteni a k\u00f6lts\u00e9geket \u00e9s az id\u0151t.<\/p>\n<p><span style=\"color: #3d3e40;\">A szabv\u00e1nyos\u00edtott sz\u00ednt\u00e9r \u00f6tlete az Eur\u00f3pai Bizotts\u00e1g Pro Gravure munkacsoportj\u00e1nak projektj\u00e9nek eredm\u00e9nye.<a href=\"https:\/\/blog.proofs.de\/hu\/lexikon\/ean\/\" target=\"_self\" title=\"EAN = Eur\u00f3pai cikksz\u00e1m. Az EAN-t 2009-ben felv\u00e1ltotta a GTIN = glob\u00e1lis kereskedelmi azonos\u00edt\u00f3 sz\u00e1m.\" class=\"encyclopedia\">ean<\/a> <a href=\"https:\/\/blog.proofs.de\/hu\/lexikon\/rotogravure\/\" target=\"_self\" title='A &quot;ProcessStandard Rotogravure&quot; (PSR) a Fogra, az ECI \u00e9s a N\u00e9met Nyomdaipari \u00e9s M\u00e9diaipari Sz\u00f6vets\u00e9g \u00e1ltal kidolgozott m\u00e9lynyom\u00e1si szabv\u00e1ny. A ProcessStandard Rotogravure kiz\u00e1r\u00f3lag a m\u00e9lynyom\u00e1sra kifejlesztett szabv\u00e1ny.' class=\"encyclopedia\">Rot\u00e1ci\u00f3s m\u00e9lynyom\u00e1s<\/a> Egyes\u00fclet (ERA) vezet\u00e9s\u00e9vel <a href=\"https:\/\/blog.proofs.de\/hu\/lexikon\/gmg\/\" target=\"_self\" title=\"A GMG Color egy t\u00fcbingeni sz\u00e9khely\u0171 v\u00e1llalat, amely sz\u00ednkezel\u0151 szoftverek fejleszt\u00e9s\u00e9vel szerzett mag\u00e1nak nevet. A GMG Color t\u00f6bb mint 25 \u00e9ve sz\u00e1mos term\u00e9ket fejleszt kereskedelmi felhaszn\u00e1l\u00f3k sz\u00e1m\u00e1ra, a nyomtat\u00f3illeszt\u0151programokt\u00f3l kezdve a komplex proofing szoftverekig.\" class=\"encyclopedia\">GMG<\/a> \u00e9s Eur\u00f3pa legnagyobb palackoz\u00f3h\u00e1za, a Janoschka. Az Proof.de-n\u00e9l a PaC.Space proofok a k\u00f6vetkez\u0151 felt\u00e9telek szerint k\u00e9sz\u00fclnek:<\/span><!--more--><\/p>\n<p><strong>PaC.Space<\/strong><br style=\"color: #373737;\"><em>A PaC.Space az els\u0151 olyan egys\u00e9ges sz\u00ednszabv\u00e1ny a csomagol\u00f3anyag-t\u00fck\u00f6rnyomd\u00e1ban, amely lehet\u0151v\u00e9 teszi a szolg\u00e1ltatott nyomdai el\u0151k\u00e9sz\u00edt\u00e9si adatok \u00e9s a folyamat- vagy nyomtat\u00e1s-specifikus be\u00e1ll\u00edt\u00e1sok k\u00f6z\u00f6tti kapcsolatot.<\/em><br style=\"color: #373737;\"><span style=\"color: #373737;\">Profil: PaC.Space_<a href=\"https:\/\/blog.proofs.de\/hu\/lexikon\/cmyk\/\" target=\"_self\" title='A CMYK a n\u00e9gy nyomdai sz\u00edn, a ci\u00e1n, a magenta, a s\u00e1rga \u00e9s a &quot;kulcs&quot; (fekete vagy fekete komponens) r\u00f6vid\u00edt\u00e9se.' class=\"encyclopedia\">CMYK<\/a>_gravure_V1a.<a href=\"https:\/\/blog.proofs.de\/hu\/lexikon\/icc\/\" target=\"_self\" title=\"A Nemzetk\u00f6zi Sz\u00ednkonzorcium, r\u00f6viden ICC, a sz\u00ednprofilok szabv\u00e1nyos\u00edt\u00e1s\u00e1\u00e9rt felel\u0151s nemzetk\u00f6zi bizotts\u00e1g.&nbsp;\" class=\"encyclopedia\">icc<\/a><\/span><br style=\"color: #373737;\"><span style=\"color: #373737;\">Pap\u00edr: Bevont hordoz\u00f3k \u00e9s f\u00f3li\u00e1k a csomagol\u00e1si m\u00e9lynyom\u00e1sban<br>\nTesztprofil: <a href=\"https:\/\/blog.proofs.de\/hu\/lexikon\/fogra\/\" target=\"_self\" title=\"Fogra Forschungsgesellschaft Druck e.V., sz\u00e9khelye M\u00fcnchen.\" class=\"encyclopedia\">FOGRA<\/a>_PaCSpace_MKCheck11.<a href=\"https:\/\/blog.proofs.de\/hu\/lexikon\/it8-kontrollchart\/\" target=\"_self\" title=\"Az IT8 diagram egy meghat\u00e1rozott m\u00e9r\u00e9si mez\u0151t\u00e1bl\u00e1zat, amelyet ICC-profilok l\u00e9trehoz\u00e1s\u00e1ra haszn\u00e1lnak. Ez a t\u00e1bl\u00e1zat az ISO 12642 szabv\u00e1nyban van deklar\u00e1lva.&nbsp;\" class=\"encyclopedia\">it8<\/a><\/span><\/p>\n<p>&nbsp;<\/p>\n<p>&nbsp;<\/p>","protected":false},"excerpt":{"rendered":"<p>A PaC.Space az els\u0151 egys\u00e9ges sz\u00ednszabv\u00e1ny \u00e9s proofszabv\u00e1ny a bevonatos hordoz\u00f3kra \u00e9s f\u00f3li\u00e1kra t\u00f6rt\u00e9n\u0151 csomagol\u00f3anyag-t\u00fckr\u00f6z\u00e9shez. A PaC.Space sz\u00ednt\u00e9rben k\u00e9sz\u00fclt proofok mostant\u00f3l k\u00e9nyelmesen megrendelhet\u0151k az shop.proof.de-n. Eddig nem l\u00e9teztek sz\u00ednszabv\u00e1nyok a csomagol\u00e1st\u00fckr\u00f6z\u00e9shez, mivel ez sokkal \u00f6sszetettebb, mint p\u00e9ld\u00e1ul a magazinok m\u00e9lynyom\u00e1sa, \u00e9s a csomagol\u00e1st\u00fckr\u00f6z\u00e9sn\u00e9l sokkal nagyobb sz\u00ednterek \u00e9rhet\u0151k el. Eddig p\u00e9ld\u00e1ul gyakran haszn\u00e1lt\u00e1k az ISOCoatedV2 sz\u00ednteret, de ez sokkal kevesebb sz\u00ednt fed le, mint a PaC.Space. Vagy a csomagol\u00f3anyag-nyomd\u00e1k h\u00e1zon bel\u00fcli szabv\u00e1nyait haszn\u00e1lt\u00e1k, de ezeket a nyomtat\u00e1si folyamat el\u0151tt mindig \u00fajra ellen\u0151rizt\u00e9k a v\u00e9gs\u0151 nyomtat\u00e1shoz. <\/p>\n<p class=\"read-more-container\"><a title=\"PaC.Space Proofok a boltban: \u00daj proofprofil a csomagol\u00f3anyag-t\u00fck\u00f6rnyom\u00e1shoz\" class=\"read-more button\" href=\"https:\/\/blog.proofs.de\/hu\/neues-proof-profil-fuer-den-verpackungstiefdruck-pac-space\/#more-1002\" aria-label=\"Tov\u00e1bbi inform\u00e1ci\u00f3 err\u0151l: PaC.Space Proofs im Shop: Neues Proof Profil f\u00fcr den Verpackungstiefdruck\">B\u0151vebben<\/a><\/p>","protected":false},"author":2,"featured_media":0,"comment_status":"open","ping_status":"open","sticky":false,"template":"","format":"standard","meta":{"om_disable_all_campaigns":false,"inline_featured_image":false,"_monsterinsights_skip_tracking":false,"footnotes":""},"categories":[1,435,120],"tags":[32,344,347,345,346],"class_list":["post-1002","post","type-post","status-publish","format-standard","hentry","category-allgemein","category-farbraeume-und-farbprofile","category-kategorie-proof-gmbh","tag-farbraum","tag-pac-space","tag-proofprofil","tag-tiefdruck","tag-verpackungstiefdruck","generate-columns","tablet-grid-50","mobile-grid-100","grid-parent","grid-50","no-featured-image-padding"],"aioseo_notices":[],"aioseo_head":"\n\t\t<!-- All in One SEO 5.0.1.1 - aioseo.com -->\n\t<meta name=\"description\" content=\"Mit PaC.Space gibt es jetzt einen Farbstandard f\u00fcr Proofs f\u00fcr den Verpackungstiefdruck auf gestrichenen Substraten und Folien.\" \/>\n\t<meta name=\"robots\" content=\"max-image-preview:large\" \/>\n\t<meta name=\"author\" content=\"Matthias Betz\"\/>\n\t<meta name=\"google-site-verification\" content=\"TuXxyRwxcEg2-WfOaQ8vScWQh3-uBAnxXmY7g3GT90A\" \/>\n\t<meta name=\"keywords\" content=\"pac.space,tiefdruck,verpackungstiefdruck,farbraum,proofprofil\" \/>\n\t<link rel=\"canonical\" href=\"https:\/\/blog.proofs.de\/hu\/neues-proof-profil-fuer-den-verpackungstiefdruck-pac-space\/\" \/>\n\t<meta name=\"generator\" content=\"All in One SEO (AIOSEO) 5.0.1.1\" \/>\n\n\t\t<meta name=\"seobility\" content=\"593a8578143db71543f014978c690d47\">\n\t\t<meta property=\"og:locale\" content=\"hu_HU\" \/>\n\t\t<meta property=\"og:site_name\" content=\"Proof.de | Alles zu Proof, Farbmanagement, Grafik, Messtechnik &amp; Co.\" \/>\n\t\t<meta property=\"og:type\" content=\"article\" \/>\n\t\t<meta property=\"og:title\" content=\"PaC.Space Proofs im Shop: Neues Proof Profil | proof.de\" \/>\n\t\t<meta property=\"og:description\" content=\"Mit PaC.Space gibt es jetzt einen Farbstandard f\u00fcr Proofs f\u00fcr den Verpackungstiefdruck auf gestrichenen Substraten und Folien.\" \/>\n\t\t<meta property=\"og:url\" content=\"https:\/\/blog.proofs.de\/hu\/neues-proof-profil-fuer-den-verpackungstiefdruck-pac-space\/\" \/>\n\t\t<meta property=\"og:image\" content=\"https:\/\/blog1.proofen.de\/wp-content\/uploads\/2020\/04\/proof_background.jpg\" \/>\n\t\t<meta property=\"og:image:secure_url\" content=\"https:\/\/blog1.proofen.de\/wp-content\/uploads\/2020\/04\/proof_background.jpg\" \/>\n\t\t<meta property=\"article:published_time\" content=\"2014-07-21T08:59:20+00:00\" \/>\n\t\t<meta property=\"article:modified_time\" content=\"2020-04-15T23:21:21+00:00\" \/>\n\t\t<meta property=\"article:publisher\" content=\"https:\/\/www.facebook.com\/Proof.de\/\" \/>\n\t\t<meta name=\"twitter:card\" content=\"summary\" \/>\n\t\t<meta name=\"twitter:title\" content=\"PaC.Space Proofs im Shop: Neues Proof Profil | proof.de\" \/>\n\t\t<meta name=\"twitter:description\" content=\"Mit PaC.Space gibt es jetzt einen Farbstandard f\u00fcr Proofs f\u00fcr den Verpackungstiefdruck auf gestrichenen Substraten und Folien.\" \/>\n\t\t<meta name=\"twitter:image\" content=\"https:\/\/blog1.proofen.de\/wp-content\/uploads\/2020\/04\/proof_background.jpg\" \/>\n\t\t<script type=\"application\/ld+json\" class=\"aioseo-schema\">\n\t\t\t{\"@context\":\"https:\\\/\\\/schema.org\",\"@graph\":[{\"@type\":\"Article\",\"@id\":\"https:\\\/\\\/blog.proofs.de\\\/hu\\\/neues-proof-profil-fuer-den-verpackungstiefdruck-pac-space\\\/#article\",\"name\":\"PaC.Space Proofs im Shop: Neues Proof Profil | proof.de\",\"headline\":\"PaC.Space Proofs im Shop: Neues Proof Profil f\\u00fcr den Verpackungstiefdruck\",\"author\":{\"@id\":\"https:\\\/\\\/blog.proofs.de\\\/hu\\\/author\\\/mbetz\\\/#author\"},\"publisher\":{\"@id\":\"https:\\\/\\\/blog.proofs.de\\\/hu\\\/#organization\"},\"image\":{\"@type\":\"ImageObject\",\"url\":\"https:\\\/\\\/blog1.proofen.de\\\/wp-content\\\/uploads\\\/2019\\\/09\\\/logo_proof_rgb_mit_balken_250px.png\",\"@id\":\"https:\\\/\\\/blog.proofs.de\\\/hu\\\/#articleImage\"},\"datePublished\":\"2014-07-21T10:59:20+02:00\",\"dateModified\":\"2020-04-16T01:21:21+02:00\",\"inLanguage\":\"hu-HU\",\"mainEntityOfPage\":{\"@id\":\"https:\\\/\\\/blog.proofs.de\\\/hu\\\/neues-proof-profil-fuer-den-verpackungstiefdruck-pac-space\\\/#webpage\"},\"isPartOf\":{\"@id\":\"https:\\\/\\\/blog.proofs.de\\\/hu\\\/neues-proof-profil-fuer-den-verpackungstiefdruck-pac-space\\\/#webpage\"},\"articleSection\":\"Allgemein, Farbr\\u00e4ume und Farbprofile, Proof GmbH, Farbraum, PaC.Space, Proofprofil, Tiefdruck, Verpackungstiefdruck\"},{\"@type\":\"BreadcrumbList\",\"@id\":\"https:\\\/\\\/blog.proofs.de\\\/hu\\\/neues-proof-profil-fuer-den-verpackungstiefdruck-pac-space\\\/#breadcrumblist\",\"itemListElement\":[{\"@type\":\"ListItem\",\"@id\":\"https:\\\/\\\/blog.proofs.de\\\/hu#listItem\",\"position\":1,\"name\":\"Home\",\"item\":\"https:\\\/\\\/blog.proofs.de\\\/hu\",\"nextItem\":{\"@type\":\"ListItem\",\"@id\":\"https:\\\/\\\/blog.proofs.de\\\/hu\\\/thema\\\/proof-wissen\\\/#listItem\",\"name\":\"Proof Wissen\"}},{\"@type\":\"ListItem\",\"@id\":\"https:\\\/\\\/blog.proofs.de\\\/hu\\\/thema\\\/proof-wissen\\\/#listItem\",\"position\":2,\"name\":\"Proof Wissen\",\"item\":\"https:\\\/\\\/blog.proofs.de\\\/hu\\\/thema\\\/proof-wissen\\\/\",\"nextItem\":{\"@type\":\"ListItem\",\"@id\":\"https:\\\/\\\/blog.proofs.de\\\/hu\\\/thema\\\/proof-wissen\\\/kategorie-proof-gmbh\\\/#listItem\",\"name\":\"Proof GmbH\"},\"previousItem\":{\"@type\":\"ListItem\",\"@id\":\"https:\\\/\\\/blog.proofs.de\\\/hu#listItem\",\"name\":\"Home\"}},{\"@type\":\"ListItem\",\"@id\":\"https:\\\/\\\/blog.proofs.de\\\/hu\\\/thema\\\/proof-wissen\\\/kategorie-proof-gmbh\\\/#listItem\",\"position\":3,\"name\":\"Proof GmbH\",\"item\":\"https:\\\/\\\/blog.proofs.de\\\/hu\\\/thema\\\/proof-wissen\\\/kategorie-proof-gmbh\\\/\",\"nextItem\":{\"@type\":\"ListItem\",\"@id\":\"https:\\\/\\\/blog.proofs.de\\\/hu\\\/neues-proof-profil-fuer-den-verpackungstiefdruck-pac-space\\\/#listItem\",\"name\":\"PaC.Space Proofs im Shop: Neues Proof Profil f\\u00fcr den Verpackungstiefdruck\"},\"previousItem\":{\"@type\":\"ListItem\",\"@id\":\"https:\\\/\\\/blog.proofs.de\\\/hu\\\/thema\\\/proof-wissen\\\/#listItem\",\"name\":\"Proof Wissen\"}},{\"@type\":\"ListItem\",\"@id\":\"https:\\\/\\\/blog.proofs.de\\\/hu\\\/neues-proof-profil-fuer-den-verpackungstiefdruck-pac-space\\\/#listItem\",\"position\":4,\"name\":\"PaC.Space Proofs im Shop: Neues Proof Profil f\\u00fcr den Verpackungstiefdruck\",\"previousItem\":{\"@type\":\"ListItem\",\"@id\":\"https:\\\/\\\/blog.proofs.de\\\/hu\\\/thema\\\/proof-wissen\\\/kategorie-proof-gmbh\\\/#listItem\",\"name\":\"Proof GmbH\"}}]},{\"@type\":\"Organization\",\"@id\":\"https:\\\/\\\/blog.proofs.de\\\/hu\\\/#organization\",\"name\":\"Proof GmbH\",\"description\":\"Farbverbindlicher Proof, Farbproof, Digitalproof und Online-Proof.\",\"url\":\"https:\\\/\\\/blog.proofs.de\\\/hu\\\/\",\"telephone\":\"+4970717952740\",\"logo\":{\"@type\":\"ImageObject\",\"url\":\"https:\\\/\\\/blog1.proofen.de\\\/wp-content\\\/uploads\\\/2019\\\/09\\\/logo_proof_rgb_mit_balken_250px.png\",\"@id\":\"https:\\\/\\\/blog.proofs.de\\\/hu\\\/neues-proof-profil-fuer-den-verpackungstiefdruck-pac-space\\\/#organizationLogo\"},\"image\":{\"@id\":\"https:\\\/\\\/blog.proofs.de\\\/hu\\\/neues-proof-profil-fuer-den-verpackungstiefdruck-pac-space\\\/#organizationLogo\"},\"sameAs\":[\"https:\\\/\\\/www.facebook.com\\\/Proof.de\\\/\",\"https:\\\/\\\/www.instagram.com\\\/proof.de\\\/\",\"https:\\\/\\\/www.tiktok.com\\\/@proof_de\",\"https:\\\/\\\/www.youtube.com\\\/channel\\\/UCk80fQVQ25wC9wu3SywB-Nw\",\"https:\\\/\\\/www.linkedin.com\\\/company\\\/proof-de\"]},{\"@type\":\"Person\",\"@id\":\"https:\\\/\\\/blog.proofs.de\\\/hu\\\/author\\\/mbetz\\\/#author\",\"url\":\"https:\\\/\\\/blog.proofs.de\\\/hu\\\/author\\\/mbetz\\\/\",\"name\":\"Matthias Betz\",\"image\":{\"@type\":\"ImageObject\",\"@id\":\"https:\\\/\\\/blog.proofs.de\\\/hu\\\/neues-proof-profil-fuer-den-verpackungstiefdruck-pac-space\\\/#authorImage\",\"url\":\"https:\\\/\\\/blog.proofs.de\\\/wp-content\\\/uploads\\\/2020\\\/10\\\/matthias-betz-e1603934518350-150x150.png\",\"width\":96,\"height\":96,\"caption\":\"Matthias Betz\"}},{\"@type\":\"WebPage\",\"@id\":\"https:\\\/\\\/blog.proofs.de\\\/hu\\\/neues-proof-profil-fuer-den-verpackungstiefdruck-pac-space\\\/#webpage\",\"url\":\"https:\\\/\\\/blog.proofs.de\\\/hu\\\/neues-proof-profil-fuer-den-verpackungstiefdruck-pac-space\\\/\",\"name\":\"PaC.Space Proofs im Shop: Neues Proof Profil | proof.de\",\"description\":\"Mit PaC.Space gibt es jetzt einen Farbstandard f\\u00fcr Proofs f\\u00fcr den Verpackungstiefdruck auf gestrichenen Substraten und Folien.\",\"inLanguage\":\"hu-HU\",\"isPartOf\":{\"@id\":\"https:\\\/\\\/blog.proofs.de\\\/hu\\\/#website\"},\"breadcrumb\":{\"@id\":\"https:\\\/\\\/blog.proofs.de\\\/hu\\\/neues-proof-profil-fuer-den-verpackungstiefdruck-pac-space\\\/#breadcrumblist\"},\"author\":{\"@id\":\"https:\\\/\\\/blog.proofs.de\\\/hu\\\/author\\\/mbetz\\\/#author\"},\"creator\":{\"@id\":\"https:\\\/\\\/blog.proofs.de\\\/hu\\\/author\\\/mbetz\\\/#author\"},\"datePublished\":\"2014-07-21T10:59:20+02:00\",\"dateModified\":\"2020-04-16T01:21:21+02:00\"},{\"@type\":\"WebSite\",\"@id\":\"https:\\\/\\\/blog.proofs.de\\\/hu\\\/#website\",\"url\":\"https:\\\/\\\/blog.proofs.de\\\/hu\\\/\",\"name\":\"Proof.de\",\"description\":\"Farbverbindlicher Proof, Farbproof, Digitalproof und Online-Proof.\",\"inLanguage\":\"hu-HU\",\"publisher\":{\"@id\":\"https:\\\/\\\/blog.proofs.de\\\/hu\\\/#organization\"}}]}\n\t\t<\/script>\n\t\t<!-- All in One SEO -->\n\n","aioseo_head_json":{"title":"PaC.Space Proofok a boltban: \u00daj Proof profil | proof.de","description":"A PaC.Space seg\u00edts\u00e9g\u00e9vel mostant\u00f3l l\u00e9tezik egy sz\u00ednszabv\u00e1ny a bevonatos hordoz\u00f3kra \u00e9s f\u00f3li\u00e1kra t\u00f6rt\u00e9n\u0151 csomagol\u00e1st\u00fckr\u00f6z\u00e9shez haszn\u00e1lt proofok sz\u00e1m\u00e1ra.","canonical_url":"https:\/\/blog.proofs.de\/hu\/neues-proof-profil-fuer-den-verpackungstiefdruck-pac-space\/","robots":"max-image-preview:large","keywords":"pac.space,tiefdruck,verpackungstiefdruck,farbraum,proofprofil","webmasterTools":{"google-site-verification":"TuXxyRwxcEg2-WfOaQ8vScWQh3-uBAnxXmY7g3GT90A","miscellaneous":"&lt;meta name=\"seobility\" content=\"593a8578143db71543f014978c690d47\"&gt;"},"schema":{"@context":"https:\/\/schema.org","@graph":[{"@type":"Article","@id":"https:\/\/blog.proofs.de\/hu\/neues-proof-profil-fuer-den-verpackungstiefdruck-pac-space\/#article","name":"PaC.Space Proofs im Shop: Neues Proof Profil | proof.de","headline":"PaC.Space Proofs im Shop: Neues Proof Profil f\u00fcr den Verpackungstiefdruck","author":{"@id":"https:\/\/blog.proofs.de\/hu\/author\/mbetz\/#author"},"publisher":{"@id":"https:\/\/blog.proofs.de\/hu\/#organization"},"image":{"@type":"ImageObject","url":"https:\/\/blog1.proofen.de\/wp-content\/uploads\/2019\/09\/logo_proof_rgb_mit_balken_250px.png","@id":"https:\/\/blog.proofs.de\/hu\/#articleImage"},"datePublished":"2014-07-21T10:59:20+02:00","dateModified":"2020-04-16T01:21:21+02:00","inLanguage":"hu-HU","mainEntityOfPage":{"@id":"https:\/\/blog.proofs.de\/hu\/neues-proof-profil-fuer-den-verpackungstiefdruck-pac-space\/#webpage"},"isPartOf":{"@id":"https:\/\/blog.proofs.de\/hu\/neues-proof-profil-fuer-den-verpackungstiefdruck-pac-space\/#webpage"},"articleSection":"Allgemein, Farbr\u00e4ume und Farbprofile, Proof GmbH, Farbraum, PaC.Space, Proofprofil, Tiefdruck, Verpackungstiefdruck"},{"@type":"BreadcrumbList","@id":"https:\/\/blog.proofs.de\/hu\/neues-proof-profil-fuer-den-verpackungstiefdruck-pac-space\/#breadcrumblist","itemListElement":[{"@type":"ListItem","@id":"https:\/\/blog.proofs.de\/hu#listItem","position":1,"name":"Home","item":"https:\/\/blog.proofs.de\/hu","nextItem":{"@type":"ListItem","@id":"https:\/\/blog.proofs.de\/hu\/thema\/proof-wissen\/#listItem","name":"Proof Wissen"}},{"@type":"ListItem","@id":"https:\/\/blog.proofs.de\/hu\/thema\/proof-wissen\/#listItem","position":2,"name":"Proof Wissen","item":"https:\/\/blog.proofs.de\/hu\/thema\/proof-wissen\/","nextItem":{"@type":"ListItem","@id":"https:\/\/blog.proofs.de\/hu\/thema\/proof-wissen\/kategorie-proof-gmbh\/#listItem","name":"Proof GmbH"},"previousItem":{"@type":"ListItem","@id":"https:\/\/blog.proofs.de\/hu#listItem","name":"Home"}},{"@type":"ListItem","@id":"https:\/\/blog.proofs.de\/hu\/thema\/proof-wissen\/kategorie-proof-gmbh\/#listItem","position":3,"name":"Proof GmbH","item":"https:\/\/blog.proofs.de\/hu\/thema\/proof-wissen\/kategorie-proof-gmbh\/","nextItem":{"@type":"ListItem","@id":"https:\/\/blog.proofs.de\/hu\/neues-proof-profil-fuer-den-verpackungstiefdruck-pac-space\/#listItem","name":"PaC.Space Proofs im Shop: Neues Proof Profil f\u00fcr den Verpackungstiefdruck"},"previousItem":{"@type":"ListItem","@id":"https:\/\/blog.proofs.de\/hu\/thema\/proof-wissen\/#listItem","name":"Proof Wissen"}},{"@type":"ListItem","@id":"https:\/\/blog.proofs.de\/hu\/neues-proof-profil-fuer-den-verpackungstiefdruck-pac-space\/#listItem","position":4,"name":"PaC.Space Proofs im Shop: Neues Proof Profil f\u00fcr den Verpackungstiefdruck","previousItem":{"@type":"ListItem","@id":"https:\/\/blog.proofs.de\/hu\/thema\/proof-wissen\/kategorie-proof-gmbh\/#listItem","name":"Proof GmbH"}}]},{"@type":"Organization","@id":"https:\/\/blog.proofs.de\/hu\/#organization","name":"Proof GmbH","description":"Farbverbindlicher Proof, Farbproof, Digitalproof und Online-Proof.","url":"https:\/\/blog.proofs.de\/hu\/","telephone":"+4970717952740","logo":{"@type":"ImageObject","url":"https:\/\/blog1.proofen.de\/wp-content\/uploads\/2019\/09\/logo_proof_rgb_mit_balken_250px.png","@id":"https:\/\/blog.proofs.de\/hu\/neues-proof-profil-fuer-den-verpackungstiefdruck-pac-space\/#organizationLogo"},"image":{"@id":"https:\/\/blog.proofs.de\/hu\/neues-proof-profil-fuer-den-verpackungstiefdruck-pac-space\/#organizationLogo"},"sameAs":["https:\/\/www.facebook.com\/Proof.de\/","https:\/\/www.instagram.com\/proof.de\/","https:\/\/www.tiktok.com\/@proof_de","https:\/\/www.youtube.com\/channel\/UCk80fQVQ25wC9wu3SywB-Nw","https:\/\/www.linkedin.com\/company\/proof-de"]},{"@type":"Person","@id":"https:\/\/blog.proofs.de\/hu\/author\/mbetz\/#author","url":"https:\/\/blog.proofs.de\/hu\/author\/mbetz\/","name":"Matthias Betz","image":{"@type":"ImageObject","@id":"https:\/\/blog.proofs.de\/hu\/neues-proof-profil-fuer-den-verpackungstiefdruck-pac-space\/#authorImage","url":"https:\/\/blog.proofs.de\/wp-content\/uploads\/2020\/10\/matthias-betz-e1603934518350-150x150.png","width":96,"height":96,"caption":"Matthias Betz"}},{"@type":"WebPage","@id":"https:\/\/blog.proofs.de\/hu\/neues-proof-profil-fuer-den-verpackungstiefdruck-pac-space\/#webpage","url":"https:\/\/blog.proofs.de\/hu\/neues-proof-profil-fuer-den-verpackungstiefdruck-pac-space\/","name":"PaC.Space Proofs im Shop: Neues Proof Profil | proof.de","description":"Mit PaC.Space gibt es jetzt einen Farbstandard f\u00fcr Proofs f\u00fcr den Verpackungstiefdruck auf gestrichenen Substraten und Folien.","inLanguage":"hu-HU","isPartOf":{"@id":"https:\/\/blog.proofs.de\/hu\/#website"},"breadcrumb":{"@id":"https:\/\/blog.proofs.de\/hu\/neues-proof-profil-fuer-den-verpackungstiefdruck-pac-space\/#breadcrumblist"},"author":{"@id":"https:\/\/blog.proofs.de\/hu\/author\/mbetz\/#author"},"creator":{"@id":"https:\/\/blog.proofs.de\/hu\/author\/mbetz\/#author"},"datePublished":"2014-07-21T10:59:20+02:00","dateModified":"2020-04-16T01:21:21+02:00"},{"@type":"WebSite","@id":"https:\/\/blog.proofs.de\/hu\/#website","url":"https:\/\/blog.proofs.de\/hu\/","name":"Proof.de","description":"Farbverbindlicher Proof, Farbproof, Digitalproof und Online-Proof.","inLanguage":"hu-HU","publisher":{"@id":"https:\/\/blog.proofs.de\/hu\/#organization"}}]},"og:locale":"hu_HU","og:site_name":"Proof.de | Alles zu Proof, Farbmanagement, Grafik, Messtechnik &amp; Co.","og:type":"article","og:title":"PaC.Space Proofs im Shop: Neues Proof Profil | proof.de","og:description":"Mit PaC.Space gibt es jetzt einen Farbstandard f\u00fcr Proofs f\u00fcr den Verpackungstiefdruck auf gestrichenen Substraten und Folien.","og:url":"https:\/\/blog.proofs.de\/hu\/neues-proof-profil-fuer-den-verpackungstiefdruck-pac-space\/","og:image":"https:\/\/blog1.proofen.de\/wp-content\/uploads\/2020\/04\/proof_background.jpg","og:image:secure_url":"https:\/\/blog1.proofen.de\/wp-content\/uploads\/2020\/04\/proof_background.jpg","article:published_time":"2014-07-21T08:59:20+00:00","article:modified_time":"2020-04-15T23:21:21+00:00","article:publisher":"https:\/\/www.facebook.com\/Proof.de\/","twitter:card":"summary","twitter:title":"PaC.Space Proofs im Shop: Neues Proof Profil | proof.de","twitter:description":"Mit PaC.Space gibt es jetzt einen Farbstandard f\u00fcr Proofs f\u00fcr den Verpackungstiefdruck auf gestrichenen Substraten und Folien.","twitter:image":"https:\/\/blog1.proofen.de\/wp-content\/uploads\/2020\/04\/proof_background.jpg"},"aioseo_meta_data":{"post_id":"1002","title":"PaC.Space Proofs im Shop: Neues Proof Profil  |\u00a0proof.de","description":"A PaC.Space seg\u00edts\u00e9g\u00e9vel mostant\u00f3l l\u00e9tezik egy sz\u00ednszabv\u00e1ny a bevonatos hordoz\u00f3kra \u00e9s f\u00f3li\u00e1kra t\u00f6rt\u00e9n\u0151 csomagol\u00e1st\u00fckr\u00f6z\u00e9shez haszn\u00e1lt proofok sz\u00e1m\u00e1ra.","keywords":[{"label":"PaC.Space","value":"PaC.Space"},{"label":"Tiefdruck","value":"Tiefdruck"},{"label":"Verpackungstiefdruck","value":"Verpackungstiefdruck"},{"label":"Farbraum","value":"Farbraum"},{"label":"Proofprofil","value":"Proofprofil"}],"keyphrases":null,"primary_term":null,"canonical_url":null,"og_title":null,"og_description":null,"og_object_type":"default","og_image_type":"default","og_image_url":null,"og_image_width":null,"og_image_height":null,"og_image_custom_url":null,"og_image_custom_fields":null,"og_video":null,"og_custom_url":null,"og_article_section":null,"og_article_tags":null,"twitter_use_og":false,"twitter_card":"default","twitter_image_type":"default","twitter_image_url":null,"twitter_image_custom_url":null,"twitter_image_custom_fields":null,"twitter_title":null,"twitter_description":null,"schema":{"blockGraphs":[],"customGraphs":[],"default":{"data":{"Article":[],"Course":[],"Dataset":[],"FAQPage":[],"Movie":[],"Person":[],"Product":[],"ProductReview":[],"Car":[],"Recipe":[],"Service":[],"SoftwareApplication":[],"WebPage":[]},"graphName":"","isEnabled":true},"graphs":[],"defaultGraph":"","defaultPostTypeGraph":""},"schema_type":null,"schema_type_options":null,"pillar_content":false,"robots_default":true,"robots_noindex":false,"robots_noarchive":false,"robots_nosnippet":false,"robots_nofollow":false,"robots_noimageindex":false,"robots_noodp":false,"robots_notranslate":false,"robots_max_snippet":null,"robots_max_videopreview":null,"robots_max_imagepreview":"large","priority":null,"frequency":null,"local_seo":null,"breadcrumb_settings":null,"limit_modified_date":false,"ai":null,"created":"2020-12-21 00:36:00","updated":"2025-06-04 14:16:01","seo_analyzer_scan_date":null,"focus_keyword":null,"additional_keywords":null,"truseo_locale":null},"_links":{"self":[{"href":"https:\/\/blog.proofs.de\/hu\/wp-json\/wp\/v2\/posts\/1002","targetHints":{"allow":["GET"]}}],"collection":[{"href":"https:\/\/blog.proofs.de\/hu\/wp-json\/wp\/v2\/posts"}],"about":[{"href":"https:\/\/blog.proofs.de\/hu\/wp-json\/wp\/v2\/types\/post"}],"author":[{"embeddable":true,"href":"https:\/\/blog.proofs.de\/hu\/wp-json\/wp\/v2\/users\/2"}],"replies":[{"embeddable":true,"href":"https:\/\/blog.proofs.de\/hu\/wp-json\/wp\/v2\/comments?post=1002"}],"version-history":[{"count":6,"href":"https:\/\/blog.proofs.de\/hu\/wp-json\/wp\/v2\/posts\/1002\/revisions"}],"predecessor-version":[{"id":3400,"href":"https:\/\/blog.proofs.de\/hu\/wp-json\/wp\/v2\/posts\/1002\/revisions\/3400"}],"wp:attachment":[{"href":"https:\/\/blog.proofs.de\/hu\/wp-json\/wp\/v2\/media?parent=1002"}],"wp:term":[{"taxonomy":"category","embeddable":true,"href":"https:\/\/blog.proofs.de\/hu\/wp-json\/wp\/v2\/categories?post=1002"},{"taxonomy":"post_tag","embeddable":true,"href":"https:\/\/blog.proofs.de\/hu\/wp-json\/wp\/v2\/tags?post=1002"}],"curies":[{"name":"wp","href":"https:\/\/api.w.org\/{rel}","templated":true}]}}