{"id":1962,"date":"2017-12-01T15:38:42","date_gmt":"2017-12-01T14:38:42","guid":{"rendered":"http:\/\/www.proof.de\/?p=1962"},"modified":"2020-05-08T12:01:10","modified_gmt":"2020-05-08T10:01:10","slug":"ket-evvel-a-megjelenes-utan-a-nagy-nyomdaipari-vallalatok-egyre-inkabb-a-fogra-51-es-52-re-valtanak-at","status":"publish","type":"post","link":"https:\/\/blog.proofs.de\/hu\/zwei-jahre-nach-dem-erscheinen-grosse-druckereien-stellen-zunehmen-auf-fogra-51-und-52-um\/","title":{"rendered":"K\u00e9t \u00e9vvel a megjelen\u00e9s ut\u00e1n: A nagyobb nyomd\u00e1k \u00e1tt\u00e9rnek a Fogra 51 \u00e9s 52 nyomtat\u00e1s\u00e1ra."},"content":{"rendered":"<div class=\"kk-star-ratings kksr-auto kksr-align-right kksr-valign-top\" data-payload='{\"align\":\"right\",\"id\":\"1962\",\"slug\":\"default\",\"valign\":\"top\",\"ignore\":\"\",\"reference\":\"auto\",\"class\":\"\",\"count\":\"0\",\"legendonly\":\"\",\"readonly\":\"\",\"score\":\"0\",\"starsonly\":\"\",\"best\":\"5\",\"gap\":\"5\",\"greet\":\"Jetzt bewerten\",\"legend\":\"0\\\/5 - (0 votes)\",\"size\":\"24\",\"title\":\"Zwei Jahre nach Erscheinen: Gro&szlig;e Druckereien stellen auf Fogra 51 und 52 um\",\"width\":\"0\",\"_legend\":\"{score}\\\/{best} - ({count} {votes})\",\"font_factor\":\"1.25\"}'>\n            \n<div class=\"kksr-stars\">\n    \n<div class=\"kksr-stars-inactive\">\n            <div class=\"kksr-star\" data-star=\"1\" style=\"padding-right: 5px\">\n            \n\n<div class=\"kksr-icon\" style=\"width: 24px; height: 24px;\"><\/div>\n        <\/div>\n            <div class=\"kksr-star\" data-star=\"2\" style=\"padding-right: 5px\">\n            \n\n<div class=\"kksr-icon\" style=\"width: 24px; height: 24px;\"><\/div>\n        <\/div>\n            <div class=\"kksr-star\" data-star=\"3\" style=\"padding-right: 5px\">\n            \n\n<div class=\"kksr-icon\" style=\"width: 24px; height: 24px;\"><\/div>\n        <\/div>\n            <div class=\"kksr-star\" data-star=\"4\" style=\"padding-right: 5px\">\n            \n\n<div class=\"kksr-icon\" style=\"width: 24px; height: 24px;\"><\/div>\n        <\/div>\n            <div class=\"kksr-star\" data-star=\"5\" style=\"padding-right: 5px\">\n            \n\n<div class=\"kksr-icon\" style=\"width: 24px; height: 24px;\"><\/div>\n        <\/div>\n    <\/div>\n    \n<div class=\"kksr-stars-active\" style=\"width: 0px;\">\n            <div class=\"kksr-star\" style=\"padding-right: 5px\">\n            \n\n<div class=\"kksr-icon\" style=\"width: 24px; height: 24px;\"><\/div>\n        <\/div>\n            <div class=\"kksr-star\" style=\"padding-right: 5px\">\n            \n\n<div class=\"kksr-icon\" style=\"width: 24px; height: 24px;\"><\/div>\n        <\/div>\n            <div class=\"kksr-star\" style=\"padding-right: 5px\">\n            \n\n<div class=\"kksr-icon\" style=\"width: 24px; height: 24px;\"><\/div>\n        <\/div>\n            <div class=\"kksr-star\" style=\"padding-right: 5px\">\n            \n\n<div class=\"kksr-icon\" style=\"width: 24px; height: 24px;\"><\/div>\n        <\/div>\n            <div class=\"kksr-star\" style=\"padding-right: 5px\">\n            \n\n<div class=\"kksr-icon\" style=\"width: 24px; height: 24px;\"><\/div>\n        <\/div>\n    <\/div>\n<\/div>\n                \n\n<div class=\"kksr-legend\" style=\"font-size: 19.2px;\">\n            <span class=\"kksr-muted\">Szavazz most<\/span>\n    <\/div>\n    <\/div>\n<p>2017 v\u00e9g\u00e9n az \u00faj szabv\u00e1nyok <a href=\"https:\/\/blog.proofs.de\/hu\/lexikon\/pso\/\" target=\"_self\" title='A PSO a &quot;ProzessStandard Offsetdruck&quot; r\u00f6vid\u00edt\u00e9se, a Fogra \u00e9s a N\u00e9met Nyomdaipari \u00e9s M\u00e9diaipari Sz\u00f6vets\u00e9g \u00e1ltal k\u00f6z\u00f6sen kidolgozott szabv\u00e1ny. A ProcessStandard Offset az ofszetnyomtat\u00e1sra vonatkoz\u00f3 norm\u00e1k \u00e9s szabv\u00e1nyos\u00edt\u00e1sok gy\u0171jtem\u00e9nye.' class=\"encyclopedia\">PSO<\/a>CoatedV3 \u00e9s PSOUncoatedV3 v\u00e9gre meg\u00e9rkezett a sz\u00e9lesebb nyomtat\u00e1si piacra. Legal\u00e1bbis a <a href=\"http:\/\/www.druckereithieme.de\" target=\"_blank\" rel=\"noopener noreferrer\">Nyomda Thieme<\/a> \u00e9s - a mai napt\u00f3l kezdve <a href=\"https:\/\/schleunung.com\/\" target=\"_blank\" rel=\"noopener noreferrer\">Schleunung nyomtat\u00e1s<\/a> a piac k\u00e9t jelent\u0151s szerepl\u0151je \u00e9s <a href=\"https:\/\/www.flyeralarm.com\/de\/content\/index\/open\/id\/12\/partner.html\" target=\"_blank\" rel=\"noopener noreferrer\">Flyeralarm partner<\/a> \u00e1t\u00e1lltak az \u00faj szabv\u00e1nyokra.<\/p>\n<p>Miut\u00e1n szak\u00e9rt\u0151k, mint p\u00e9ld\u00e1ul Christian Piskulla a Cleverprintingt\u0151l, m\u00e1r provokat\u00edvan felvetett\u00e9k, hogy az \u00faj szabv\u00e1nyok nem fognak siker\u00fclni. <a href=\"https:\/\/www.cleverprinting.de\/Cleverprinting-Newsletter_2016_22.html\" target=\"_blank\" rel=\"noopener noreferrer\">(Failure PSOcoated_v3 \u00e9s az ISO 12647-2:2013)<\/a>&nbsp;az \u00faj nyomdai szabv\u00e1nyok a gyakorlatban is terjedni l\u00e1tszanak. A Flyeralarm n\u00e9gy partnernyomd\u00e1ja k\u00f6z\u00fcl kett\u0151 m\u00e1r kifejezetten az \u00faj profilt k\u00e9ri, maga a Flyeralarm m\u00e9g mindig az \u00faj profilra hivatkozik. <a href=\"https:\/\/blog.proofs.de\/hu\/lexikon\/isocoatedv2\/\" target=\"_self\" title=\"Az ISOCoatedV2 a legelterjedtebb profil az eur\u00f3pai nyomdaiparban. A legelterjedtebb nyomdai elj\u00e1r\u00e1snak felel meg: Offszetnyomtat\u00e1s matt vagy f\u00e9nyes k\u00e9pnyom\u00f3pap\u00edrra.\" class=\"encyclopedia\">ISOCoatedV2<\/a>. Val\u00f3sz\u00edn\u0171leg azonban csak id\u0151 k\u00e9rd\u00e9se, hogy a nagyobb online nyomd\u00e1k \u00e1t\u00e1lljanak az \u00faj szabv\u00e1nyokra. El\u0151rejelz\u00e9s: Ha az els\u0151 elkezdi, a t\u00f6bbiek is k\u00f6vetni fogj\u00e1k.<\/p>\n<p>Ez azt jelenti, hogy alig k\u00e9t \u00e9vvel az \u00faj profilok bevezet\u00e9se ut\u00e1n a szabv\u00e1nyok <a href=\"https:\/\/blog.proofs.de\/hu\/lexikon\/fogra\/\" target=\"_self\" title=\"Fogra Forschungsgesellschaft Druck e.V., sz\u00e9khelye M\u00fcnchen.\" class=\"encyclopedia\">Fogra<\/a>51 \u00e9s a Fogra52 el\u0151sz\u00f6r jelent meg a nagyobb piacon, \u00e9s a nyomd\u00e1k is akt\u00edvan keresik \u0151ket.<\/p>\n<p>A <a href=\"https:\/\/blog.proofs.de\/hu\/lexikon\/proof\/\" target=\"_self\" title=\"A contract proof egy ISO 12647-7 tan\u00fas\u00edtv\u00e1nnyal rendelkez\u0151, a grafikai ipar sz\u00e1m\u00e1ra k\u00e9sz\u00fclt vizsg\u00e1l\u00f3eszk\u00f6z. A pr\u00f3banyomat az ISO-szabv\u00e1ny sz\u0171k t\u0171r\u00e9shat\u00e1rain bel\u00fcl sz\u00edn- \u00e9s jogilag k\u00f6telez\u0151 m\u00f3don szimul\u00e1lja az ofszet- vagy m\u00e9lynyom\u00f3g\u00e9pek sz\u00edness\u00e9g\u00e9t.\" class=\"encyclopedia\">Bizony\u00edt\u00e9k<\/a>A Fogra51 tov\u00e1bbra is al\u00e1rendelt szerepet j\u00e1tszik ezen a ter\u00fcleten, m\u00edg a Fogra39 tov\u00e1bbra is az abszol\u00fat els\u0151 sz\u00e1m\u00fa szerepl\u0151. A k\u00f6vetkez\u0151 ter\u00fcleten <a href=\"https:\/\/blog.proofs.de\/hu\/lexikon\/proofs\/\" target=\"_self\" title=\"A nyomdaiparban a pr\u00f3banyomatok (vagy pr\u00f3banyomatok) a nyomdai eredm\u00e9ny sz\u00ednhelyes \u00e9s jogilag k\u00f6telez\u0151 erej\u0171 szimul\u00e1ci\u00f3j\u00e1t jelentik ellen\u0151rz\u00e9si c\u00e9llal. A pr\u00f3banyomatok\u00e9rt felel\u0151s szabv\u00e1ny az ISO 12647-7:2016, azaz a 2016-os, aktu\u00e1lis fel\u00fclvizsg\u00e1lat.\" class=\"encyclopedia\">Bizony\u00edt\u00e9kok<\/a> a <a href=\"https:\/\/blog.proofs.de\/hu\/lexikon\/naturpapier\/\" target=\"_self\" title=\"Minden olyan pap\u00edrra vonatkozik, amely nincs bevonattal kik\u00e9sz\u00edtve. A bevonat n\u00e9lk\u00fcli pap\u00edrt bevonat n\u00e9lk\u00fcli pap\u00edrnak is nevezik.\" class=\"encyclopedia\">Term\u00e9szetes pap\u00edr<\/a>e Fogra52 egy \u00faj optikai sz\u00e1ltechnol\u00f3gi\u00e1t fejlesztett ki, mivel sz\u00e1mos, nagy ar\u00e1nyban optikai <a href=\"https:\/\/blog.proofs.de\/hu\/lexikon\/aufheller\/\" target=\"_self\" title=\"A f\u00e9nyes\u00edt\u0151k (m\u00e1s n\u00e9ven optikai f\u00e9nyes\u00edt\u0151k vagy OBA-k) a nyomdaiparban a pap\u00edr f\u00e9nyess\u00e9g\u00e9nek \u00e9s feh\u00e9rs\u00e9g\u00e9nek jav\u00edt\u00e1s\u00e1ra haszn\u00e1lt k\u00e9miai vegy\u00fcletek. Elnyelik az UV-f\u00e9nyt, \u00e9s l\u00e1that\u00f3 k\u00e9k f\u00e9ny form\u00e1j\u00e1ban bocs\u00e1tj\u00e1k ki, \u00edgy a pap\u00edr &quot;f\u00e9nyesebb&quot; \u00e9s &quot;frissebb&quot; feh\u00e9r t\u00f3nust kap. Ez a hat\u00e1s n\u00f6veli a...\" class=\"encyclopedia\">Vil\u00e1gos\u00edt\u00f3<\/a>n m\u00e1r szil\u00e1rd hely\u00fck van. Sok pap\u00edron a Fogra47\/PSOUncoated sz\u00ednei egyszer\u0171en m\u00e1r nem \u00e9rhet\u0151k el.<\/p>\n<p>A dobol\u00e1s k\u00fcl\u00f6n\u00f6sen a <a href=\"https:\/\/blog.proofs.de\/hu\/lexikon\/bvdm\/\" target=\"_self\" title=\"A Bundesverband Druck und Medien e.V. (bvdm) a n\u00e9met nyomdaipar erny\u0151szervezete.\" class=\"encyclopedia\">BVDM<\/a> \u00dagy t\u0171nik, hogy az \u00faj nyomdai felt\u00e9telek hossz\u00fa t\u00e1von kifizet\u0151d\u0151nek bizonyultak. Ha a nagy piaci szerepl\u0151k v\u00e1ltanak, a kicsik hamarosan k\u00f6vetni fogj\u00e1k, vagy k\u00f6vetni\u00fck kell.<\/p>","protected":false},"excerpt":{"rendered":"<p>2017 v\u00e9g\u00e9n \u00fagy t\u0171nik, hogy az \u00faj PSOCoatedV3 \u00e9s PSOUncoatedV3 szabv\u00e1nyok v\u00e9gre meg\u00e9rkeztek a sz\u00e9lesebb nyomtat\u00e1si piacra. Legal\u00e1bb k\u00e9t nagy piaci szerepl\u0151 \u00e9s Flyeralarm-partner - a Druckerei Thieme \u00e9s a mai napt\u00f3l a Schleunungdruck - \u00e1tt\u00e9rt az \u00faj szabv\u00e1nyokra. Miut\u00e1n szak\u00e9rt\u0151k, mint p\u00e9ld\u00e1ul Christian Piskulla a Cleverprintingt\u0151l provokat\u00edvan az \u00faj szabv\u00e1nyok kudarc\u00e1t sugallt\u00e1k (a PSOcoated_v3 \u00e9s az ISO 12647-2:2013 kudarca), \u00fagy t\u0171nik, hogy az \u00faj nyomdai szabv\u00e1nyok a gyakorlatban is terjednek. A Flyeralarm n\u00e9gy partnernyomd\u00e1ja k\u00f6z\u00fcl kett\u0151 m\u00e1r kifejezetten az \u00faj profilt k\u00e9ri, m\u00edg maga a Flyeralarm ... <\/p>\n<p class=\"read-more-container\"><a title=\"K\u00e9t \u00e9vvel a megjelen\u00e9s ut\u00e1n: A nagyobb nyomd\u00e1k \u00e1tt\u00e9rnek a Fogra 51 \u00e9s 52 nyomtat\u00e1s\u00e1ra.\" class=\"read-more button\" href=\"https:\/\/blog.proofs.de\/hu\/zwei-jahre-nach-dem-erscheinen-grosse-druckereien-stellen-zunehmen-auf-fogra-51-und-52-um\/#more-1962\" aria-label=\"Tov\u00e1bbi inform\u00e1ci\u00f3 err\u0151l: K\u00e9t \u00e9vvel a megjelen\u00e9s ut\u00e1n: A nagyobb nyomd\u00e1k \u00e1t\u00e1llnak a Fogra 51 \u00e9s 52-re\">B\u0151vebben<\/a><\/p>","protected":false},"author":2,"featured_media":0,"comment_status":"open","ping_status":"open","sticky":false,"template":"","format":"standard","meta":{"om_disable_all_campaigns":false,"inline_featured_image":false,"_monsterinsights_skip_tracking":false,"footnotes":""},"categories":[1,435,442],"tags":[182,181,183,484,485],"class_list":["post-1962","post","type-post","status-publish","format-standard","hentry","category-allgemein","category-farbraeume-und-farbprofile","category-prozessstandard-offsetdruck-proof-wissen","tag-fogra-51","tag-fogra51","tag-fogra52","tag-psocoatedv3","tag-psouncoatedv3","generate-columns","tablet-grid-50","mobile-grid-100","grid-parent","grid-50","no-featured-image-padding"],"aioseo_notices":[],"aioseo_head":"\n\t\t<!-- All in One SEO 5.0.1.1 - aioseo.com -->\n\t<meta name=\"description\" content=\"Zwei Jahre nach Erscheinen der neuen Druckbedingungen Fogra51 und Fogra 52 (PSOCoatedV3 und PSOUncoatedV3 setzen Druckereien zunehmen auf die neuen Standards.\" \/>\n\t<meta name=\"robots\" content=\"max-image-preview:large\" \/>\n\t<meta name=\"author\" content=\"Matthias Betz\"\/>\n\t<meta name=\"google-site-verification\" content=\"TuXxyRwxcEg2-WfOaQ8vScWQh3-uBAnxXmY7g3GT90A\" \/>\n\t<meta name=\"keywords\" content=\"fogra51,fogra52,psocoatedv3,psouncoatedv3,fogra 51,fogra52,fogra 51,fogra51,fogra52,psocoatedv3,psouncoatedv3\" \/>\n\t<link rel=\"canonical\" href=\"https:\/\/blog.proofs.de\/hu\/zwei-jahre-nach-dem-erscheinen-grosse-druckereien-stellen-zunehmen-auf-fogra-51-und-52-um\/\" \/>\n\t<meta name=\"generator\" content=\"All in One SEO (AIOSEO) 5.0.1.1\" \/>\n\n\t\t<meta name=\"seobility\" content=\"593a8578143db71543f014978c690d47\">\n\t\t<meta property=\"og:locale\" content=\"hu_HU\" \/>\n\t\t<meta property=\"og:site_name\" content=\"Proof.de | Alles zu Proof, Farbmanagement, Grafik, Messtechnik &amp; Co.\" \/>\n\t\t<meta property=\"og:type\" content=\"article\" \/>\n\t\t<meta property=\"og:title\" content=\"Gro\u00dfe Druckereien stellen auf Fogra 51 und 52 um | proof.de\" \/>\n\t\t<meta property=\"og:description\" content=\"Zwei Jahre nach Erscheinen der neuen Druckbedingungen Fogra51 und Fogra 52 (PSOCoatedV3 und PSOUncoatedV3 setzen Druckereien zunehmen auf die neuen Standards.\" \/>\n\t\t<meta property=\"og:url\" content=\"https:\/\/blog.proofs.de\/hu\/zwei-jahre-nach-dem-erscheinen-grosse-druckereien-stellen-zunehmen-auf-fogra-51-und-52-um\/\" \/>\n\t\t<meta property=\"og:image\" content=\"https:\/\/blog1.proofen.de\/wp-content\/uploads\/2020\/04\/proof_background.jpg\" \/>\n\t\t<meta property=\"og:image:secure_url\" content=\"https:\/\/blog1.proofen.de\/wp-content\/uploads\/2020\/04\/proof_background.jpg\" \/>\n\t\t<meta property=\"article:published_time\" content=\"2017-12-01T14:38:42+00:00\" \/>\n\t\t<meta property=\"article:modified_time\" content=\"2020-05-08T10:01:10+00:00\" \/>\n\t\t<meta property=\"article:publisher\" content=\"https:\/\/www.facebook.com\/Proof.de\/\" \/>\n\t\t<meta name=\"twitter:card\" content=\"summary\" \/>\n\t\t<meta name=\"twitter:title\" content=\"Gro\u00dfe Druckereien stellen auf Fogra 51 und 52 um | proof.de\" \/>\n\t\t<meta name=\"twitter:description\" content=\"Zwei Jahre nach Erscheinen der neuen Druckbedingungen Fogra51 und Fogra 52 (PSOCoatedV3 und PSOUncoatedV3 setzen Druckereien zunehmen auf die neuen Standards.\" \/>\n\t\t<meta name=\"twitter:image\" content=\"https:\/\/blog1.proofen.de\/wp-content\/uploads\/2020\/04\/proof_background.jpg\" \/>\n\t\t<script type=\"application\/ld+json\" class=\"aioseo-schema\">\n\t\t\t{\"@context\":\"https:\\\/\\\/schema.org\",\"@graph\":[{\"@type\":\"Article\",\"@id\":\"https:\\\/\\\/blog.proofs.de\\\/hu\\\/zwei-jahre-nach-dem-erscheinen-grosse-druckereien-stellen-zunehmen-auf-fogra-51-und-52-um\\\/#article\",\"name\":\"Gro\\u00dfe Druckereien stellen auf Fogra 51 und 52 um | proof.de\",\"headline\":\"Zwei Jahre nach Erscheinen: Gro\\u00dfe Druckereien stellen auf Fogra 51 und 52 um\",\"author\":{\"@id\":\"https:\\\/\\\/blog.proofs.de\\\/hu\\\/author\\\/mbetz\\\/#author\"},\"publisher\":{\"@id\":\"https:\\\/\\\/blog.proofs.de\\\/hu\\\/#organization\"},\"image\":{\"@type\":\"ImageObject\",\"url\":\"https:\\\/\\\/blog1.proofen.de\\\/wp-content\\\/uploads\\\/2019\\\/09\\\/logo_proof_rgb_mit_balken_250px.png\",\"@id\":\"https:\\\/\\\/blog.proofs.de\\\/hu\\\/#articleImage\"},\"datePublished\":\"2017-12-01T15:38:42+01:00\",\"dateModified\":\"2020-05-08T12:01:10+02:00\",\"inLanguage\":\"hu-HU\",\"commentCount\":1,\"mainEntityOfPage\":{\"@id\":\"https:\\\/\\\/blog.proofs.de\\\/hu\\\/zwei-jahre-nach-dem-erscheinen-grosse-druckereien-stellen-zunehmen-auf-fogra-51-und-52-um\\\/#webpage\"},\"isPartOf\":{\"@id\":\"https:\\\/\\\/blog.proofs.de\\\/hu\\\/zwei-jahre-nach-dem-erscheinen-grosse-druckereien-stellen-zunehmen-auf-fogra-51-und-52-um\\\/#webpage\"},\"articleSection\":\"Allgemein, Farbr\\u00e4ume und Farbprofile, Prozessstandard Offsetdruck, Fogra 51, Fogra51, Fogra52, PSOcoatedV3, PSOUncoatedV3\"},{\"@type\":\"BreadcrumbList\",\"@id\":\"https:\\\/\\\/blog.proofs.de\\\/hu\\\/zwei-jahre-nach-dem-erscheinen-grosse-druckereien-stellen-zunehmen-auf-fogra-51-und-52-um\\\/#breadcrumblist\",\"itemListElement\":[{\"@type\":\"ListItem\",\"@id\":\"https:\\\/\\\/blog.proofs.de\\\/hu#listItem\",\"position\":1,\"name\":\"Home\",\"item\":\"https:\\\/\\\/blog.proofs.de\\\/hu\",\"nextItem\":{\"@type\":\"ListItem\",\"@id\":\"https:\\\/\\\/blog.proofs.de\\\/hu\\\/thema\\\/proof-wissen\\\/#listItem\",\"name\":\"Proof Wissen\"}},{\"@type\":\"ListItem\",\"@id\":\"https:\\\/\\\/blog.proofs.de\\\/hu\\\/thema\\\/proof-wissen\\\/#listItem\",\"position\":2,\"name\":\"Proof Wissen\",\"item\":\"https:\\\/\\\/blog.proofs.de\\\/hu\\\/thema\\\/proof-wissen\\\/\",\"nextItem\":{\"@type\":\"ListItem\",\"@id\":\"https:\\\/\\\/blog.proofs.de\\\/hu\\\/thema\\\/proof-wissen\\\/farbraeume-und-farbprofile\\\/#listItem\",\"name\":\"Farbr\\u00e4ume und Farbprofile\"},\"previousItem\":{\"@type\":\"ListItem\",\"@id\":\"https:\\\/\\\/blog.proofs.de\\\/hu#listItem\",\"name\":\"Home\"}},{\"@type\":\"ListItem\",\"@id\":\"https:\\\/\\\/blog.proofs.de\\\/hu\\\/thema\\\/proof-wissen\\\/farbraeume-und-farbprofile\\\/#listItem\",\"position\":3,\"name\":\"Farbr\\u00e4ume und Farbprofile\",\"item\":\"https:\\\/\\\/blog.proofs.de\\\/hu\\\/thema\\\/proof-wissen\\\/farbraeume-und-farbprofile\\\/\",\"nextItem\":{\"@type\":\"ListItem\",\"@id\":\"https:\\\/\\\/blog.proofs.de\\\/hu\\\/zwei-jahre-nach-dem-erscheinen-grosse-druckereien-stellen-zunehmen-auf-fogra-51-und-52-um\\\/#listItem\",\"name\":\"Zwei Jahre nach Erscheinen: Gro\\u00dfe Druckereien stellen auf Fogra 51 und 52 um\"},\"previousItem\":{\"@type\":\"ListItem\",\"@id\":\"https:\\\/\\\/blog.proofs.de\\\/hu\\\/thema\\\/proof-wissen\\\/#listItem\",\"name\":\"Proof Wissen\"}},{\"@type\":\"ListItem\",\"@id\":\"https:\\\/\\\/blog.proofs.de\\\/hu\\\/zwei-jahre-nach-dem-erscheinen-grosse-druckereien-stellen-zunehmen-auf-fogra-51-und-52-um\\\/#listItem\",\"position\":4,\"name\":\"Zwei Jahre nach Erscheinen: Gro\\u00dfe Druckereien stellen auf Fogra 51 und 52 um\",\"previousItem\":{\"@type\":\"ListItem\",\"@id\":\"https:\\\/\\\/blog.proofs.de\\\/hu\\\/thema\\\/proof-wissen\\\/farbraeume-und-farbprofile\\\/#listItem\",\"name\":\"Farbr\\u00e4ume und Farbprofile\"}}]},{\"@type\":\"Organization\",\"@id\":\"https:\\\/\\\/blog.proofs.de\\\/hu\\\/#organization\",\"name\":\"Proof GmbH\",\"description\":\"Farbverbindlicher Proof, Farbproof, Digitalproof und Online-Proof.\",\"url\":\"https:\\\/\\\/blog.proofs.de\\\/hu\\\/\",\"telephone\":\"+4970717952740\",\"logo\":{\"@type\":\"ImageObject\",\"url\":\"https:\\\/\\\/blog1.proofen.de\\\/wp-content\\\/uploads\\\/2019\\\/09\\\/logo_proof_rgb_mit_balken_250px.png\",\"@id\":\"https:\\\/\\\/blog.proofs.de\\\/hu\\\/zwei-jahre-nach-dem-erscheinen-grosse-druckereien-stellen-zunehmen-auf-fogra-51-und-52-um\\\/#organizationLogo\"},\"image\":{\"@id\":\"https:\\\/\\\/blog.proofs.de\\\/hu\\\/zwei-jahre-nach-dem-erscheinen-grosse-druckereien-stellen-zunehmen-auf-fogra-51-und-52-um\\\/#organizationLogo\"},\"sameAs\":[\"https:\\\/\\\/www.facebook.com\\\/Proof.de\\\/\",\"https:\\\/\\\/www.instagram.com\\\/proof.de\\\/\",\"https:\\\/\\\/www.tiktok.com\\\/@proof_de\",\"https:\\\/\\\/www.youtube.com\\\/channel\\\/UCk80fQVQ25wC9wu3SywB-Nw\",\"https:\\\/\\\/www.linkedin.com\\\/company\\\/proof-de\"]},{\"@type\":\"Person\",\"@id\":\"https:\\\/\\\/blog.proofs.de\\\/hu\\\/author\\\/mbetz\\\/#author\",\"url\":\"https:\\\/\\\/blog.proofs.de\\\/hu\\\/author\\\/mbetz\\\/\",\"name\":\"Matthias Betz\",\"image\":{\"@type\":\"ImageObject\",\"@id\":\"https:\\\/\\\/blog.proofs.de\\\/hu\\\/zwei-jahre-nach-dem-erscheinen-grosse-druckereien-stellen-zunehmen-auf-fogra-51-und-52-um\\\/#authorImage\",\"url\":\"https:\\\/\\\/blog.proofs.de\\\/wp-content\\\/uploads\\\/2020\\\/10\\\/matthias-betz-e1603934518350-150x150.png\",\"width\":96,\"height\":96,\"caption\":\"Matthias Betz\"}},{\"@type\":\"WebPage\",\"@id\":\"https:\\\/\\\/blog.proofs.de\\\/hu\\\/zwei-jahre-nach-dem-erscheinen-grosse-druckereien-stellen-zunehmen-auf-fogra-51-und-52-um\\\/#webpage\",\"url\":\"https:\\\/\\\/blog.proofs.de\\\/hu\\\/zwei-jahre-nach-dem-erscheinen-grosse-druckereien-stellen-zunehmen-auf-fogra-51-und-52-um\\\/\",\"name\":\"Gro\\u00dfe Druckereien stellen auf Fogra 51 und 52 um | proof.de\",\"description\":\"Zwei Jahre nach Erscheinen der neuen Druckbedingungen Fogra51 und Fogra 52 (PSOCoatedV3 und PSOUncoatedV3 setzen Druckereien zunehmen auf die neuen Standards.\",\"inLanguage\":\"hu-HU\",\"isPartOf\":{\"@id\":\"https:\\\/\\\/blog.proofs.de\\\/hu\\\/#website\"},\"breadcrumb\":{\"@id\":\"https:\\\/\\\/blog.proofs.de\\\/hu\\\/zwei-jahre-nach-dem-erscheinen-grosse-druckereien-stellen-zunehmen-auf-fogra-51-und-52-um\\\/#breadcrumblist\"},\"author\":{\"@id\":\"https:\\\/\\\/blog.proofs.de\\\/hu\\\/author\\\/mbetz\\\/#author\"},\"creator\":{\"@id\":\"https:\\\/\\\/blog.proofs.de\\\/hu\\\/author\\\/mbetz\\\/#author\"},\"datePublished\":\"2017-12-01T15:38:42+01:00\",\"dateModified\":\"2020-05-08T12:01:10+02:00\"},{\"@type\":\"WebSite\",\"@id\":\"https:\\\/\\\/blog.proofs.de\\\/hu\\\/#website\",\"url\":\"https:\\\/\\\/blog.proofs.de\\\/hu\\\/\",\"name\":\"Proof.de\",\"description\":\"Farbverbindlicher Proof, Farbproof, Digitalproof und Online-Proof.\",\"inLanguage\":\"hu-HU\",\"publisher\":{\"@id\":\"https:\\\/\\\/blog.proofs.de\\\/hu\\\/#organization\"}}]}\n\t\t<\/script>\n\t\t<!-- All in One SEO -->\n\n","aioseo_head_json":{"title":"A nagy nyomd\u00e1k \u00e1t\u00e1llnak a Fogra 51-re \u00e9s 52-re | proof.de","description":"K\u00e9t \u00e9vvel az \u00faj Fogra51 \u00e9s Fogra 52 (PSOCoatedV3 \u00e9s PSOUncoatedV3) nyomtat\u00e1si felt\u00e9telek megjelen\u00e9se ut\u00e1n a nyomd\u00e1k egyre ink\u00e1bb az \u00faj szabv\u00e1nyokra \u00f6sszpontos\u00edtanak.","canonical_url":"https:\/\/blog.proofs.de\/hu\/zwei-jahre-nach-dem-erscheinen-grosse-druckereien-stellen-zunehmen-auf-fogra-51-und-52-um\/","robots":"max-image-preview:large","keywords":"fogra51,fogra52,psocoatedv3,psouncoatedv3,fogra 51,fogra52,fogra 51,fogra51,fogra52,psocoatedv3,psouncoatedv3","webmasterTools":{"google-site-verification":"TuXxyRwxcEg2-WfOaQ8vScWQh3-uBAnxXmY7g3GT90A","miscellaneous":"&lt;meta name=\"seobility\" content=\"593a8578143db71543f014978c690d47\"&gt;"},"schema":{"@context":"https:\/\/schema.org","@graph":[{"@type":"Article","@id":"https:\/\/blog.proofs.de\/hu\/zwei-jahre-nach-dem-erscheinen-grosse-druckereien-stellen-zunehmen-auf-fogra-51-und-52-um\/#article","name":"Gro\u00dfe Druckereien stellen auf Fogra 51 und 52 um | proof.de","headline":"Zwei Jahre nach Erscheinen: Gro\u00dfe Druckereien stellen auf Fogra 51 und 52 um","author":{"@id":"https:\/\/blog.proofs.de\/hu\/author\/mbetz\/#author"},"publisher":{"@id":"https:\/\/blog.proofs.de\/hu\/#organization"},"image":{"@type":"ImageObject","url":"https:\/\/blog1.proofen.de\/wp-content\/uploads\/2019\/09\/logo_proof_rgb_mit_balken_250px.png","@id":"https:\/\/blog.proofs.de\/hu\/#articleImage"},"datePublished":"2017-12-01T15:38:42+01:00","dateModified":"2020-05-08T12:01:10+02:00","inLanguage":"hu-HU","commentCount":1,"mainEntityOfPage":{"@id":"https:\/\/blog.proofs.de\/hu\/zwei-jahre-nach-dem-erscheinen-grosse-druckereien-stellen-zunehmen-auf-fogra-51-und-52-um\/#webpage"},"isPartOf":{"@id":"https:\/\/blog.proofs.de\/hu\/zwei-jahre-nach-dem-erscheinen-grosse-druckereien-stellen-zunehmen-auf-fogra-51-und-52-um\/#webpage"},"articleSection":"Allgemein, Farbr\u00e4ume und Farbprofile, Prozessstandard Offsetdruck, Fogra 51, Fogra51, Fogra52, PSOcoatedV3, PSOUncoatedV3"},{"@type":"BreadcrumbList","@id":"https:\/\/blog.proofs.de\/hu\/zwei-jahre-nach-dem-erscheinen-grosse-druckereien-stellen-zunehmen-auf-fogra-51-und-52-um\/#breadcrumblist","itemListElement":[{"@type":"ListItem","@id":"https:\/\/blog.proofs.de\/hu#listItem","position":1,"name":"Home","item":"https:\/\/blog.proofs.de\/hu","nextItem":{"@type":"ListItem","@id":"https:\/\/blog.proofs.de\/hu\/thema\/proof-wissen\/#listItem","name":"Proof Wissen"}},{"@type":"ListItem","@id":"https:\/\/blog.proofs.de\/hu\/thema\/proof-wissen\/#listItem","position":2,"name":"Proof Wissen","item":"https:\/\/blog.proofs.de\/hu\/thema\/proof-wissen\/","nextItem":{"@type":"ListItem","@id":"https:\/\/blog.proofs.de\/hu\/thema\/proof-wissen\/farbraeume-und-farbprofile\/#listItem","name":"Farbr\u00e4ume und Farbprofile"},"previousItem":{"@type":"ListItem","@id":"https:\/\/blog.proofs.de\/hu#listItem","name":"Home"}},{"@type":"ListItem","@id":"https:\/\/blog.proofs.de\/hu\/thema\/proof-wissen\/farbraeume-und-farbprofile\/#listItem","position":3,"name":"Farbr\u00e4ume und Farbprofile","item":"https:\/\/blog.proofs.de\/hu\/thema\/proof-wissen\/farbraeume-und-farbprofile\/","nextItem":{"@type":"ListItem","@id":"https:\/\/blog.proofs.de\/hu\/zwei-jahre-nach-dem-erscheinen-grosse-druckereien-stellen-zunehmen-auf-fogra-51-und-52-um\/#listItem","name":"Zwei Jahre nach Erscheinen: Gro\u00dfe Druckereien stellen auf Fogra 51 und 52 um"},"previousItem":{"@type":"ListItem","@id":"https:\/\/blog.proofs.de\/hu\/thema\/proof-wissen\/#listItem","name":"Proof Wissen"}},{"@type":"ListItem","@id":"https:\/\/blog.proofs.de\/hu\/zwei-jahre-nach-dem-erscheinen-grosse-druckereien-stellen-zunehmen-auf-fogra-51-und-52-um\/#listItem","position":4,"name":"Zwei Jahre nach Erscheinen: Gro\u00dfe Druckereien stellen auf Fogra 51 und 52 um","previousItem":{"@type":"ListItem","@id":"https:\/\/blog.proofs.de\/hu\/thema\/proof-wissen\/farbraeume-und-farbprofile\/#listItem","name":"Farbr\u00e4ume und Farbprofile"}}]},{"@type":"Organization","@id":"https:\/\/blog.proofs.de\/hu\/#organization","name":"Proof GmbH","description":"Farbverbindlicher Proof, Farbproof, Digitalproof und Online-Proof.","url":"https:\/\/blog.proofs.de\/hu\/","telephone":"+4970717952740","logo":{"@type":"ImageObject","url":"https:\/\/blog1.proofen.de\/wp-content\/uploads\/2019\/09\/logo_proof_rgb_mit_balken_250px.png","@id":"https:\/\/blog.proofs.de\/hu\/zwei-jahre-nach-dem-erscheinen-grosse-druckereien-stellen-zunehmen-auf-fogra-51-und-52-um\/#organizationLogo"},"image":{"@id":"https:\/\/blog.proofs.de\/hu\/zwei-jahre-nach-dem-erscheinen-grosse-druckereien-stellen-zunehmen-auf-fogra-51-und-52-um\/#organizationLogo"},"sameAs":["https:\/\/www.facebook.com\/Proof.de\/","https:\/\/www.instagram.com\/proof.de\/","https:\/\/www.tiktok.com\/@proof_de","https:\/\/www.youtube.com\/channel\/UCk80fQVQ25wC9wu3SywB-Nw","https:\/\/www.linkedin.com\/company\/proof-de"]},{"@type":"Person","@id":"https:\/\/blog.proofs.de\/hu\/author\/mbetz\/#author","url":"https:\/\/blog.proofs.de\/hu\/author\/mbetz\/","name":"Matthias Betz","image":{"@type":"ImageObject","@id":"https:\/\/blog.proofs.de\/hu\/zwei-jahre-nach-dem-erscheinen-grosse-druckereien-stellen-zunehmen-auf-fogra-51-und-52-um\/#authorImage","url":"https:\/\/blog.proofs.de\/wp-content\/uploads\/2020\/10\/matthias-betz-e1603934518350-150x150.png","width":96,"height":96,"caption":"Matthias Betz"}},{"@type":"WebPage","@id":"https:\/\/blog.proofs.de\/hu\/zwei-jahre-nach-dem-erscheinen-grosse-druckereien-stellen-zunehmen-auf-fogra-51-und-52-um\/#webpage","url":"https:\/\/blog.proofs.de\/hu\/zwei-jahre-nach-dem-erscheinen-grosse-druckereien-stellen-zunehmen-auf-fogra-51-und-52-um\/","name":"Gro\u00dfe Druckereien stellen auf Fogra 51 und 52 um | proof.de","description":"Zwei Jahre nach Erscheinen der neuen Druckbedingungen Fogra51 und Fogra 52 (PSOCoatedV3 und PSOUncoatedV3 setzen Druckereien zunehmen auf die neuen Standards.","inLanguage":"hu-HU","isPartOf":{"@id":"https:\/\/blog.proofs.de\/hu\/#website"},"breadcrumb":{"@id":"https:\/\/blog.proofs.de\/hu\/zwei-jahre-nach-dem-erscheinen-grosse-druckereien-stellen-zunehmen-auf-fogra-51-und-52-um\/#breadcrumblist"},"author":{"@id":"https:\/\/blog.proofs.de\/hu\/author\/mbetz\/#author"},"creator":{"@id":"https:\/\/blog.proofs.de\/hu\/author\/mbetz\/#author"},"datePublished":"2017-12-01T15:38:42+01:00","dateModified":"2020-05-08T12:01:10+02:00"},{"@type":"WebSite","@id":"https:\/\/blog.proofs.de\/hu\/#website","url":"https:\/\/blog.proofs.de\/hu\/","name":"Proof.de","description":"Farbverbindlicher Proof, Farbproof, Digitalproof und Online-Proof.","inLanguage":"hu-HU","publisher":{"@id":"https:\/\/blog.proofs.de\/hu\/#organization"}}]},"og:locale":"hu_HU","og:site_name":"Proof.de | Alles zu Proof, Farbmanagement, Grafik, Messtechnik &amp; Co.","og:type":"article","og:title":"Gro\u00dfe Druckereien stellen auf Fogra 51 und 52 um | proof.de","og:description":"Zwei Jahre nach Erscheinen der neuen Druckbedingungen Fogra51 und Fogra 52 (PSOCoatedV3 und PSOUncoatedV3 setzen Druckereien zunehmen auf die neuen Standards.","og:url":"https:\/\/blog.proofs.de\/hu\/zwei-jahre-nach-dem-erscheinen-grosse-druckereien-stellen-zunehmen-auf-fogra-51-und-52-um\/","og:image":"https:\/\/blog1.proofen.de\/wp-content\/uploads\/2020\/04\/proof_background.jpg","og:image:secure_url":"https:\/\/blog1.proofen.de\/wp-content\/uploads\/2020\/04\/proof_background.jpg","article:published_time":"2017-12-01T14:38:42+00:00","article:modified_time":"2020-05-08T10:01:10+00:00","article:publisher":"https:\/\/www.facebook.com\/Proof.de\/","twitter:card":"summary","twitter:title":"Gro\u00dfe Druckereien stellen auf Fogra 51 und 52 um | proof.de","twitter:description":"Zwei Jahre nach Erscheinen der neuen Druckbedingungen Fogra51 und Fogra 52 (PSOCoatedV3 und PSOUncoatedV3 setzen Druckereien zunehmen auf die neuen Standards.","twitter:image":"https:\/\/blog1.proofen.de\/wp-content\/uploads\/2020\/04\/proof_background.jpg"},"aioseo_meta_data":{"post_id":"1962","title":"Gro\u00dfe Druckereien stellen auf Fogra 51 und 52 um |\u00a0proof.de","description":"K\u00e9t \u00e9vvel az \u00faj Fogra51 \u00e9s Fogra 52 (PSOCoatedV3 \u00e9s PSOUncoatedV3) nyomtat\u00e1si felt\u00e9telek megjelen\u00e9se ut\u00e1n a nyomd\u00e1k egyre ink\u00e1bb az \u00faj szabv\u00e1nyokra \u00f6sszpontos\u00edtanak.","keywords":[{"label":"Fogra51,Fogra52,PSOCoatedV3,PSOUncoatedV3,Fogra 51,Fogra52","value":"Fogra51,Fogra52,PSOCoatedV3,PSOUncoatedV3,Fogra 51,Fogra52"}],"keyphrases":null,"primary_term":null,"canonical_url":null,"og_title":null,"og_description":null,"og_object_type":"default","og_image_type":"default","og_image_url":null,"og_image_width":null,"og_image_height":null,"og_image_custom_url":null,"og_image_custom_fields":null,"og_video":null,"og_custom_url":null,"og_article_section":null,"og_article_tags":null,"twitter_use_og":false,"twitter_card":"default","twitter_image_type":"default","twitter_image_url":null,"twitter_image_custom_url":null,"twitter_image_custom_fields":null,"twitter_title":null,"twitter_description":null,"schema":{"blockGraphs":[],"customGraphs":[],"default":{"data":{"Article":[],"Course":[],"Dataset":[],"FAQPage":[],"Movie":[],"Person":[],"Product":[],"ProductReview":[],"Car":[],"Recipe":[],"Service":[],"SoftwareApplication":[],"WebPage":[]},"graphName":"","isEnabled":true},"graphs":[],"defaultGraph":"","defaultPostTypeGraph":""},"schema_type":null,"schema_type_options":null,"pillar_content":false,"robots_default":true,"robots_noindex":false,"robots_noarchive":false,"robots_nosnippet":false,"robots_nofollow":false,"robots_noimageindex":false,"robots_noodp":false,"robots_notranslate":false,"robots_max_snippet":null,"robots_max_videopreview":null,"robots_max_imagepreview":"large","priority":null,"frequency":null,"local_seo":null,"breadcrumb_settings":null,"limit_modified_date":false,"ai":null,"created":"2020-12-21 00:35:00","updated":"2025-06-04 14:21:06","seo_analyzer_scan_date":null,"focus_keyword":null,"additional_keywords":null,"truseo_locale":null},"_links":{"self":[{"href":"https:\/\/blog.proofs.de\/hu\/wp-json\/wp\/v2\/posts\/1962","targetHints":{"allow":["GET"]}}],"collection":[{"href":"https:\/\/blog.proofs.de\/hu\/wp-json\/wp\/v2\/posts"}],"about":[{"href":"https:\/\/blog.proofs.de\/hu\/wp-json\/wp\/v2\/types\/post"}],"author":[{"embeddable":true,"href":"https:\/\/blog.proofs.de\/hu\/wp-json\/wp\/v2\/users\/2"}],"replies":[{"embeddable":true,"href":"https:\/\/blog.proofs.de\/hu\/wp-json\/wp\/v2\/comments?post=1962"}],"version-history":[{"count":5,"href":"https:\/\/blog.proofs.de\/hu\/wp-json\/wp\/v2\/posts\/1962\/revisions"}],"predecessor-version":[{"id":3304,"href":"https:\/\/blog.proofs.de\/hu\/wp-json\/wp\/v2\/posts\/1962\/revisions\/3304"}],"wp:attachment":[{"href":"https:\/\/blog.proofs.de\/hu\/wp-json\/wp\/v2\/media?parent=1962"}],"wp:term":[{"taxonomy":"category","embeddable":true,"href":"https:\/\/blog.proofs.de\/hu\/wp-json\/wp\/v2\/categories?post=1962"},{"taxonomy":"post_tag","embeddable":true,"href":"https:\/\/blog.proofs.de\/hu\/wp-json\/wp\/v2\/tags?post=1962"}],"curies":[{"name":"wp","href":"https:\/\/api.w.org\/{rel}","templated":true}]}}