{"id":2230,"date":"2018-11-03T02:10:40","date_gmt":"2018-11-03T01:10:40","guid":{"rendered":"http:\/\/www.proof.de\/?p=2230"},"modified":"2024-05-06T01:15:31","modified_gmt":"2024-05-05T23:15:31","slug":"miert-fontos-az-rgb-profilok-beagyazasa","status":"publish","type":"post","link":"https:\/\/blog.proofs.de\/hu\/warum-ist-das-einbetten-von-rgb-profilen-eigentlich-wichtig\/","title":{"rendered":"Mi\u00e9rt fontos az RGB-profilok be\u00e1gyaz\u00e1sa a nyomtat\u00e1si adatokba?"},"content":{"rendered":"<div class=\"kk-star-ratings kksr-auto kksr-align-right kksr-valign-top\" data-payload='{\"align\":\"right\",\"id\":\"2230\",\"slug\":\"default\",\"valign\":\"top\",\"ignore\":\"\",\"reference\":\"auto\",\"class\":\"\",\"count\":\"1\",\"legendonly\":\"\",\"readonly\":\"\",\"score\":\"5\",\"starsonly\":\"\",\"best\":\"5\",\"gap\":\"5\",\"greet\":\"Jetzt bewerten\",\"legend\":\"5\\\/5 - (1 vote)\",\"size\":\"24\",\"title\":\"Warum ist das Einbetten von RGB Profilen in Druckdaten eigentlich wichtig?\",\"width\":\"142.5\",\"_legend\":\"{score}\\\/{best} - ({count} {votes})\",\"font_factor\":\"1.25\"}'>\n            \n<div class=\"kksr-stars\">\n    \n<div class=\"kksr-stars-inactive\">\n            <div class=\"kksr-star\" data-star=\"1\" style=\"padding-right: 5px\">\n            \n\n<div class=\"kksr-icon\" style=\"width: 24px; height: 24px;\"><\/div>\n        <\/div>\n            <div class=\"kksr-star\" data-star=\"2\" style=\"padding-right: 5px\">\n            \n\n<div class=\"kksr-icon\" style=\"width: 24px; height: 24px;\"><\/div>\n        <\/div>\n            <div class=\"kksr-star\" data-star=\"3\" style=\"padding-right: 5px\">\n            \n\n<div class=\"kksr-icon\" style=\"width: 24px; height: 24px;\"><\/div>\n        <\/div>\n            <div class=\"kksr-star\" data-star=\"4\" style=\"padding-right: 5px\">\n            \n\n<div class=\"kksr-icon\" style=\"width: 24px; height: 24px;\"><\/div>\n        <\/div>\n            <div class=\"kksr-star\" data-star=\"5\" style=\"padding-right: 5px\">\n            \n\n<div class=\"kksr-icon\" style=\"width: 24px; height: 24px;\"><\/div>\n        <\/div>\n    <\/div>\n    \n<div class=\"kksr-stars-active\" style=\"width: 142.5px;\">\n            <div class=\"kksr-star\" style=\"padding-right: 5px\">\n            \n\n<div class=\"kksr-icon\" style=\"width: 24px; height: 24px;\"><\/div>\n        <\/div>\n            <div class=\"kksr-star\" style=\"padding-right: 5px\">\n            \n\n<div class=\"kksr-icon\" style=\"width: 24px; height: 24px;\"><\/div>\n        <\/div>\n            <div class=\"kksr-star\" style=\"padding-right: 5px\">\n            \n\n<div class=\"kksr-icon\" style=\"width: 24px; height: 24px;\"><\/div>\n        <\/div>\n            <div class=\"kksr-star\" style=\"padding-right: 5px\">\n            \n\n<div class=\"kksr-icon\" style=\"width: 24px; height: 24px;\"><\/div>\n        <\/div>\n            <div class=\"kksr-star\" style=\"padding-right: 5px\">\n            \n\n<div class=\"kksr-icon\" style=\"width: 24px; height: 24px;\"><\/div>\n        <\/div>\n    <\/div>\n<\/div>\n                \n\n<div class=\"kksr-legend\" style=\"font-size: 19.2px;\">\n            5\/5 - (1 szavazat)    <\/div>\n    <\/div>\n\n<p class=\"wp-block-paragraph\"><strong>&nbsp;<\/strong>N\u00e9h\u00e1ny nappal ezel\u0151tt felh\u00edvott minket egy tervez\u0151ipari \u00fcgyf\u00e9l, aki a gy\u00e1rt\u00f3 c\u00e9g tan\u00e1cs\u00e1ra (\"A nyomd\u00e1nak m\u00e9g mindig van egy nyomdai el\u0151k\u00e9sz\u00edt\u0151 r\u00e9szlege, amely azt\u00e1n optim\u00e1lisan el\u0151 tudja k\u00e9sz\u00edteni az adatait...\") ny\u00edlt Adobe InDesign adatokat akart CD-re konvert\u00e1lni. <a href=\"https:\/\/blog.proofs.de\/hu\/lexikon\/isocoatedv2\/\" target=\"_self\" title=\"Az ISOCoatedV2 a legelterjedtebb profil az eur\u00f3pai nyomdaiparban. A legelterjedtebb nyomdai elj\u00e1r\u00e1snak felel meg: Offszetnyomtat\u00e1s matt vagy f\u00e9nyes k\u00e9pnyom\u00f3pap\u00edrra.\" class=\"encyclopedia\">ISOCoatedV2<\/a> 300% a mell\u00e9kelt <a href=\"https:\/\/blog.proofs.de\/hu\/lexikon\/rgb\/\" target=\"_self\" title=\"Az RGB a piros, z\u00f6ld \u00e9s k\u00e9k sz\u00edneket jelenti. Az emberi sz\u00ednl\u00e1t\u00e1s ezeken a sz\u00edneken alapul.\" class=\"encyclopedia\">RGB<\/a> k\u00e9pek a gy\u00e1rt\u00f3 c\u00e9gnek. Az elk\u00e9sz\u00fclt nyomtatott CD-f\u00fczetek \u00e9s bet\u00e9tek eredm\u00e9nye egy\u00e1ltal\u00e1n nem egyezett az \u00fcgyfel\u00fcnk kalibr\u00e1lt monitork\u00e9p\u00e9vel. Az \u00fcgyf\u00e9l szint\u00e9n el\u00e9gedetlen volt, \u00e9s a hiba megtal\u00e1l\u00e1sa \u00e9rdek\u00e9ben a gy\u00e1rt\u00f3 c\u00e9gen kereszt\u00fcl bek\u00e9rte a nyomtat\u00e1s\u00e9rt felel\u0151s nyomd\u00e1t\u00f3l a nyomtat\u00e1si adatokat. Az adatokat megkaptuk <a href=\"https:\/\/blog.proofs.de\/hu\/lexikon\/farbraum\/\" target=\"_self\" title=\"A sz\u00ednt\u00e9r egy sz\u00ednmodellre \u00e9p\u00fcl, \u00e9s annak konkr\u00e9t alkalmaz\u00e1sa egy sz\u00ednel\u0151\u00e1ll\u00edt\u00e1si m\u00f3dszerre (nyomtat\u00f3, k\u00e9perny\u0151 stb.). Ez\u00e9rt tartalmazza az \u00f6sszes olyan sz\u00ednt, amely t\u00e9nylegesen megjelen\u00edthet\u0151 az adott m\u00f3dszerrel \u00e9s a megfelel\u0151 anyagokkal.\" class=\"encyclopedia\">Sz\u00ednt\u00e9r<\/a> \"US Web Coated\" 350% sz\u00ednlefedetts\u00e9ggel k\u00fcldte vissza a nyomtat\u00f3. A probl\u00e9ma elh\u00e1r\u00edt\u00e1sa \u00e9rdek\u00e9ben az \u00fcgyf\u00e9l ezut\u00e1n egy <a href=\"https:\/\/blog.proofs.de\/hu\/lexikon\/proof\/\" target=\"_self\" title=\"A contract proof egy ISO 12647-7 tan\u00fas\u00edtv\u00e1nnyal rendelkez\u0151, a grafikai ipar sz\u00e1m\u00e1ra k\u00e9sz\u00fclt vizsg\u00e1l\u00f3eszk\u00f6z. A pr\u00f3banyomat az ISO-szabv\u00e1ny sz\u0171k t\u0171r\u00e9shat\u00e1rain bel\u00fcl sz\u00edn- \u00e9s jogilag k\u00f6telez\u0151 m\u00f3don szimul\u00e1lja az ofszet- vagy m\u00e9lynyom\u00f3g\u00e9pek sz\u00edness\u00e9g\u00e9t.\" class=\"encyclopedia\">Bizony\u00edt\u00e9k<\/a> adataib\u00f3l vel\u00fcnk, de a \"C\u00e9lprofilba konvert\u00e1l\u00e1s (\u00e9rt\u00e9kek megtart\u00e1sa)\" be\u00e1ll\u00edt\u00e1sokat a szok\u00e1sos m\u00f3don v\u00e1lasztotta ki a proof PDF meg\u00edr\u00e1sakor; \u00edgy egy teljes PDF-et kaptunk a <a href=\"https:\/\/blog.proofs.de\/hu\/lexikon\/cmyk\/\" target=\"_self\" title='A CMYK a n\u00e9gy nyomdai sz\u00edn, a ci\u00e1n, a magenta, a s\u00e1rga \u00e9s a &quot;kulcs&quot; (fekete vagy fekete komponens) r\u00f6vid\u00edt\u00e9se.' class=\"encyclopedia\">CMYK<\/a> Az ISOCoatedV2 300% szerint k\u00e9sz\u00edtett\u00fcnk egy pr\u00f3b\u00e1t, amely teljes m\u00e9rt\u00e9kben megfelelt megrendel\u0151nk elv\u00e1r\u00e1sainak. \u00dagy t\u0171nik teh\u00e1t, hogy a tervez\u0151 helyesen hozta l\u00e9tre az adatokat, a nyomtat\u00f3 pedig helytelen\u00fcl nyomtatta ki azokat.<\/p>\n\n\n\n<p class=\"wp-block-paragraph\"><strong>A t\u00e9nyek alaposabb vizsg\u00e1lata sor\u00e1n hibaelemz\u00e9s\u00fcnk k\u00e9t s\u00falyos hi\u00e1nyoss\u00e1got t\u00e1rt fel: <\/strong><\/p>\n\n\n\n<ul class=\"wp-block-list\">\n<li>El\u0151sz\u00f6r is, a nyomda nyilv\u00e1nval\u00f3an hib\u00e1s profilkonverzi\u00f3ja az InDesign CS2-vel az \"US Web Coated\" profilra, egy teljesen elavult profilra, amelyet Eur\u00f3p\u00e1ban soha nem haszn\u00e1ltak, amelyet a Creative Suite korai verzi\u00f3ival sz\u00e1ll\u00edtottak, \u00e9s amelyet val\u00f3sz\u00edn\u0171leg a nyomda szak\u00e9rtelme hi\u00e1ny\u00e1ban soha nem adapt\u00e1ltak.<\/li>\n\n\n\n<li>M\u00e1sr\u00e9szt a nyitott InDesign f\u00e1jl, amelyet \u00fcgyfel\u00fcnk k\u00fcld\u00f6tt a gy\u00e1rt\u00f3 c\u00e9gnek, olyan RGB k\u00e9peket tartalmazott profil n\u00e9lk\u00fcl (azaz DeviceRGB), amelyeket nem lehetett megb\u00edzhat\u00f3an \u00e9rtelmezni.<\/li>\n<\/ul>\n\n\n\n<p class=\"wp-block-paragraph\">Ebben az esetben a tervez\u0151 term\u00e9szetesen nehezen tud reklam\u00e1lni a nyomd\u00e1n\u00e1l, mivel egyr\u00e9szt nem profil\u00e1lt RGB-adatokat k\u00fcldtek a gy\u00e1rt\u00f3 c\u00e9gnek, m\u00e1sr\u00e9szt pedig az adatel\u0151\u00e1ll\u00edt\u00f3 \u00e1ltal gener\u00e1lt, a helyes ISOCoatedV2 300% kimeneti sz\u00ednt\u00e9rben k\u00e9sz\u00fclt nyomtat\u00e1si PDF-et nem adt\u00e1k \u00e1t.<\/p>\n\n\n\n<p class=\"wp-block-paragraph\">Ha ez megt\u00f6rt\u00e9nt volna, akkor legal\u00e1bb azt lehetett volna \u00e1ll\u00edtani, hogy a gy\u00e1rt\u00e1si nyomat v\u00e1rhat\u00f3 sz\u00edne teljes m\u00e9rt\u00e9kben ismert lett volna. Teh\u00e1t lehet <a href=\"https:\/\/blog.proofs.de\/hu\/lexikon\/led\/\" target=\"_self\" title='A LED &quot;f\u00e9nykibocs\u00e1t\u00f3 di\u00f3da&quot;, \u00e9s a grafikai iparban az \u00faj &quot;LED&quot; f\u00e9nyt jelenti, amely felv\u00e1ltotta a r\u00e9gebbi f\u00e9nyforr\u00e1sokat, p\u00e9ld\u00e1ul a neoncs\u00f6veket \u00e9s a volfr\u00e1ml\u00e1mp\u00e1kat. A neoncs\u00f6vek els\u0151sorban a D50 vagy D65 szabv\u00e1nyos f\u00e9nytartom\u00e1nyb\u00f3l ismertek, m\u00edg a volfr\u00e1m f\u00e9nyforr\u00e1sokat els\u0151sorban sz\u00ednm\u00e9r\u0151kben, p\u00e9ld\u00e1ul spektrofotom\u00e9terekben \u00e9s kolorim\u00e9terekben haszn\u00e1lt\u00e1k.....' class=\"encyclopedia\">led<\/a>Az egyetlen dolog, amit meg kell jegyezn\u00fcnk, hogy a nyomda csak RGB adatokat tud nyomtatni be\u00e1gyazott <a href=\"https:\/\/blog.proofs.de\/hu\/lexikon\/farbprofil\/\" target=\"_self\" title=\"A sz\u00ednfeldolgoz\u00f3 eszk\u00f6z jellemz\u0151i egy sz\u00ednprofilban vannak t\u00e1rolva.  Ilyen eszk\u00f6z\u00f6k lehetnek a szkennerek, nyomtat\u00f3k \u00e9s monitorok.  A sz\u00ednprofilok seg\u00edts\u00e9g\u00e9vel l\u00e1that\u00f3, hogy egy eszk\u00f6z milyen sz\u00edntartom\u00e1nyt k\u00e9pes megjelen\u00edteni.&nbsp;\" class=\"encyclopedia\">Sz\u00ednprofil<\/a> meg kellett volna k\u00e9rdezni a tervez\u0151t, \u00e9s nem \"vakon\" hozz\u00e1rendelni az adatokat egy profilhoz. Lehet vitatkozni azzal, hogy a nyomda a kezdetleges US Web Coated munkafolyamat\u00e1val biztosan nem a megfelel\u0151 nyomtat\u00e1si f\u00e1jlt hozta l\u00e9tre, hanem a kimenethez nem megfelel\u0151t, de a nyomda mindig kifog\u00e1sokat hozhat fel a \"h\u00e1zon bel\u00fcli szabv\u00e1nyokkal rendelkez\u0151 rendszerekre\".<\/p>\n\n\n\n<h2 class=\"wp-block-heading\">Hogyan kezelj\u00fck az RGB-adatokat az Proof.de-n\u00e9l?<\/h2>\n\n\n\n<p class=\"wp-block-paragraph\">Ha olyan PDF-f\u00e1jlt kapunk, amely RGB k\u00e9peket tartalmaz, a k\u00f6vetkez\u0151 l\u00e9p\u00e9s az, hogy ellen\u0151rizz\u00fck, hogy a f\u00e1jl \u00e9rv\u00e9nyes PDF\/X-3 vagy PDF\/X-4. Ha ez a helyzet, akkor ellen\u0151rizz\u00fck, hogy az \u00f6sszes bemeneti RGB-profilhoz helyesen rendelt\u00fck-e hozz\u00e1 a sz\u00ednteret (<a href=\"https:\/\/blog.proofs.de\/hu\/lexikon\/srgb\/\" target=\"_self\" title=\"Az sRGB a legsz\u00e9lesebb k\u00f6rben haszn\u00e1lt RGB sz\u00ednt\u00e9r. Az sRGB az \u00f6sszes olcs\u00f3 digit\u00e1lis f\u00e9nyk\u00e9pez\u0151g\u00e9p \u00e9s szkenner szabv\u00e1nyos sz\u00edntere. Szinte minden 8 bites RGB-f\u00e1jl profiljel\u00f6l\u00e9s n\u00e9lk\u00fcl megfelel az sRGB-nek.\" class=\"encyclopedia\">sRGB<\/a> \/ AdobeRGB \/ <a href=\"https:\/\/blog.proofs.de\/hu\/lexikon\/eci\/\" target=\"_self\" title=\"Az ECI - az Eur\u00f3pai Sz\u00ednkezel\u00e9si Kezdem\u00e9nyez\u00e9s egy olyan szak\u00e9rt\u0151i csoport, amely a sz\u00ednes adatoknak a kiadv\u00e1nyrendszerekben t\u00f6rt\u00e9n\u0151 feldolgoz\u00e1s\u00e1val foglalkozik.\" class=\"encyclopedia\">ECI<\/a>-RGB-V2 stb.) \u00e9s <a href=\"https:\/\/blog.proofs.de\/hu\/lexikon\/rendering-intent\/\" target=\"_self\" title=\"A sz\u00ednt\u00e9r lek\u00e9pez\u00e9sben a renderel\u00e9si sz\u00e1nd\u00e9k (renderel\u00e9si priorit\u00e1s, konverzi\u00f3s priorit\u00e1s) az az elj\u00e1r\u00e1s, amely szerint a sz\u00edneket az egyik sz\u00ednt\u00e9rb\u0151l a m\u00e1sikba konvert\u00e1lj\u00e1k. Az ICC \u00e1ltal meghat\u00e1rozott n\u00e9gyf\u00e9le renderel\u00e9si sz\u00e1nd\u00e9k l\u00e9tezik: \u00e9rz\u00e9kel\u00e9sorient\u00e1lt, tel\u00edtetts\u00e9gorient\u00e1lt, abszol\u00fat sz\u00ednm\u00e9r\u00e9s \u00e9s relat\u00edv sz\u00ednm\u00e9r\u00e9s.\" class=\"encyclopedia\">Renderel\u00e9si sz\u00e1nd\u00e9k<\/a> ellen\u0151rizz\u00fck, hogy a megfelel\u0151 kimeneti sz\u00ednteret haszn\u00e1ltuk-e kimeneti sz\u00e1nd\u00e9kk\u00e9nt, \u00e9s hogy a CMYK-adatok is a megfelel\u0151 bemeneti profilokkal rendelkeznek-e. Ha igen, akkor <a href=\"https:\/\/blog.proofs.de\/hu\/lexikon\/proofen\/\" target=\"_self\" title='A &quot;bizony\u00edt\u00e1s&quot; azt jelenti, hogy bizonylatot \u00e1ll\u00edtanak el\u0151 vagy k\u00e9sz\u00edttetnek. &quot;A bros\u00far\u00e1t m\u00e9g le kell igaz\u00edttatnom&quot; - ez a &quot;proof&quot; sz\u00f3 tipikus megfogalmaz\u00e1sa. A proofol\u00e1s teh\u00e1t azt jelenti, hogy a hat\u00e1lyos ISO 12647-7 szabv\u00e1nynak megfelel\u0151en sz\u00ednes \u00e9s jogilag k\u00f6telez\u0151 erej\u0171 proofot k\u00e9sz\u00edttet\u00fcnk.' class=\"encyclopedia\">bizony\u00edt\u00e9k<\/a> megnyitjuk a f\u00e1jlt a k\u00f6vetkez\u0151 be\u00e1ll\u00edt\u00e1sokkal: \"Consider all input and output colour spaces\".<\/p>\n\n\n\n<p class=\"wp-block-paragraph\">Ebben az esetben az 100% f\u00e1jlt pontosan \u00fagy reproduk\u00e1ljuk, ahogyan \u00fcgyfel\u00fcnk l\u00e9trehozta a sz\u00ednprofilokat \u00e9s a d<a href=\"https:\/\/blog.proofs.de\/hu\/lexikon\/efi\/\" target=\"_self\" title=\"Az Electronics For Imaging Inc. vagy r\u00f6viden EFI egy amerikai v\u00e1llalat, a vil\u00e1g egyik vezet\u0151 proofing rendszer\u00e9nek, az EFI Colorproof XF-nek, 2013 \u00f3ta Fiery XF-nek a gy\u00e1rt\u00f3ja. Az EFI a nagym\u00e9ret\u0171 nyomtat\u00e1si rendszerek, RIP-ek \u00e9s sz\u00ednkezel\u00e9si megold\u00e1sok, p\u00e9ld\u00e1ul proofing megold\u00e1sok sz\u00e1ll\u00edt\u00f3ja.\" class=\"encyclopedia\">efi<\/a>programozott. Ha hib\u00e1zott, \u00e9s p\u00e9ld\u00e1ul rossz RGB-profillal jel\u00f6lt meg egy k\u00e9pet, akkor az ugyan\u00edgy \"hib\u00e1san proofolt\" lesz.<\/p>\n\n\n\n<p class=\"wp-block-paragraph\">Ha az RGB-adatok nem tartalmaznak profilt, pl. ha Device-RGB-ben k\u00e9sz\u00fcltek, akkor egy \"Data incorrect\" e-mailt gener\u00e1lunk, amelyben az al\u00e1bbiak szerint magyar\u00e1zzuk el az elj\u00e1r\u00e1sunkat:<\/p>\n\n\n\n<p class=\"wp-block-paragraph\">\"<em>Az adatellen\u0151rz\u00e9s kimutatta, hogy az adatai RGB elemeket tartalmaznak. Az RGB-elemek csak akkor \u00e9rtelmezhet\u0151k megb\u00edzhat\u00f3an a proofban, ha sz\u00ednprofillal \u00e9s renderel\u00e9si sz\u00e1nd\u00e9kkal vannak jel\u00f6lve. Ez a helyzet p\u00e9ld\u00e1ul a helyes PDF\/X-3 \u00e9s PDF\/X-4 adatok eset\u00e9ben. A helyes kimeneti sz\u00e1nd\u00e9kot is meg kell adni. <\/em><\/p>\n\n\n\n<p class=\"wp-block-paragraph\"><em>\u00dagy t\u0171nik, hogy legal\u00e1bb az egyik krit\u00e9rium nem teljes\u00fcl az \u00d6n akt\u00e1j\u00e1ban. A legbiztosabb megold\u00e1s ez\u00e9rt az lenne, ha a benne l\u00e9v\u0151 RGB-adatokat CMYK-ba konvert\u00e1ln\u00e1. Ennek az az el\u0151nye, hogy a konvert\u00e1l\u00e1s felett \u00d6n rendelkezik, \u00e9s a CMYK eredm\u00e9nyt ism\u00e9t elmentheti az Acr<a href=\"https:\/\/blog.proofs.de\/hu\/lexikon\/oba\/\" target=\"_self\" title='Az OBA az &quot;Optical Brightning Agents&quot; vagy &quot;Optical Brightners&quot; r\u00f6vid\u00edt\u00e9se.' class=\"encyclopedia\">oba<\/a>t, miel\u0151tt \u00fajra felt\u00f6lten\u00e9 a f\u00e1jlt ellen\u0151rz\u00e9sre. Ezut\u00e1n megb\u00edzhat\u00f3an tudjuk haszn\u00e1lni a CMYK-\u00e9rt\u00e9keit a proofhoz. <\/em><em>Ehhez h\u00edvja fel az aktu\u00e1lis megrendel\u00e9st az \u00fcgyf\u00e9lfi\u00f3kj\u00e1ban, t\u00f6r\u00f6lje a hib\u00e1s adatokat, \u00e9s t\u00f6ltse fel a jav\u00edtott adatokat. <\/em><\/p>\n\n\n\n<p class=\"wp-block-paragraph\"><em>Ha p\u00e9ld\u00e1ul az RGB elemnek csak egy kis k\u00e9pnek kellene lennie, amely fontos a teljes benyom\u00e1s szempontj\u00e1b\u00f3l, akkor a <a href=\"https:\/\/blog.proofs.de\/hu\/lexikon\/proofs\/\" target=\"_self\" title=\"A nyomdaiparban a pr\u00f3banyomatok (vagy pr\u00f3banyomatok) a nyomdai eredm\u00e9ny sz\u00ednhelyes \u00e9s jogilag k\u00f6telez\u0151 erej\u0171 szimul\u00e1ci\u00f3j\u00e1t jelentik ellen\u0151rz\u00e9si c\u00e9llal. A pr\u00f3banyomatok\u00e9rt felel\u0151s szabv\u00e1ny az ISO 12647-7:2016, azaz a 2016-os, aktu\u00e1lis fel\u00fclvizsg\u00e1lat.\" class=\"encyclopedia\">Bizony\u00edt\u00e9kok<\/a> nem relev\u00e1ns, vagy ha nem \u00e1ll rendelkez\u00e9sre m\u00e1s f\u00e1jl a proofhoz, akkor term\u00e9szetesen az \u00d6n RGB-adatait is haszn\u00e1lhatjuk a proofhoz. Ha rendelkez\u00e9sre \u00e1ll, akkor az \u00d6n RGB forr\u00e1sprofiljait \u00e9s renderel\u00e9si sz\u00e1nd\u00e9k\u00e1t fogjuk haszn\u00e1lni, ellenkez\u0151 esetben az sRGB szabv\u00e1nyt \u00e9s a renderel\u00e9si sz\u00e1nd\u00e9kot \"<a href=\"https:\/\/blog.proofs.de\/hu\/lexikon\/relativ-farbmetrisch\/\" target=\"_self\" title='A &quot;relat\u00edv sz\u00ednm\u00e9r\u00e9s&quot; a gamut mapping n\u00e9gy renderel\u00e9si sz\u00e1nd\u00e9k\u00e1nak egyike.' class=\"encyclopedia\">Viszonylag kolorimetrikus<\/a> a  c\u00edmen <a href=\"https:\/\/blog.proofs.de\/hu\/lexikon\/tiefenkompensierung\/\" target=\"_self\" title='A m\u00e9lys\u00e9gkompenz\u00e1ci\u00f3 a videotechnol\u00f3gi\u00e1ban \u00e9s a k\u00e9pfeldolgoz\u00e1sban alkalmazott elj\u00e1r\u00e1s, amely a k\u00e9pek vagy vide\u00f3k kontrasztj\u00e1nak \u00e9s l\u00e1that\u00f3s\u00e1g\u00e1nak jav\u00edt\u00e1s\u00e1ra szolg\u00e1l a s\u00f6t\u00e9t ter\u00fcleteken. M\u00e1s n\u00e9ven &quot;gammakorrekci\u00f3&quot;. Az emberi szem nem line\u00e1risan \u00e9rz\u00e9keli a f\u00e9nyer\u0151t. Ez azt jelenti, hogy a k\u00e9p s\u00f6t\u00e9t ter\u00fcletein a v\u00e1ltoz\u00e1sok kev\u00e9sb\u00e9 \u00e9szrevehet\u0151ek, mint a vil\u00e1gos ter\u00fcleteken. A m\u00e9lys\u00e9gkompenz\u00e1ci\u00f3...' class=\"encyclopedia\">M\u00e9lys\u00e9gkompenz\u00e1ci\u00f3<\/a>\", ami az esetek t\u00falnyom\u00f3 t\u00f6bbs\u00e9g\u00e9ben helyes bizony\u00edt\u00e1si eredm\u00e9nyekhez vezet. Ha szeretn\u00e9, hogy a mell\u00e9kelt RGB-adatokat ilyen m\u00f3don proofoljuk, k\u00e9rj\u00fck, csak sz\u00f3ljon nek\u00fcnk. Sz\u00edvesen v\u00e1laszolunk minden k\u00e9rd\u00e9s\u00e9re. \u00dcdv\u00f6zlettel, az \u00d6n proof csapata\"<\/em><\/p>\n\n\n\n<p class=\"wp-block-paragraph\">A mi eset\u00fcnkben a CD-gy\u00e1rt\u00e1s esete sem fordult volna el\u0151 a bizony\u00edt\u00e1sban, mivel nem dolgoztunk egy <a href=\"https:\/\/blog.proofs.de\/hu\/lexikon\/icc\/\" target=\"_self\" title=\"A Nemzetk\u00f6zi Sz\u00ednkonzorcium, r\u00f6viden ICC, a sz\u00ednprofilok szabv\u00e1nyos\u00edt\u00e1s\u00e1\u00e9rt felel\u0151s nemzetk\u00f6zi bizotts\u00e1g.&nbsp;\" class=\"encyclopedia\">ICC<\/a> profil RGB-adatokat a fenti hiba\u00fczenettel, \u00e9s ne konvert\u00e1ljuk, mivel nem tudjuk pontosan megj\u00f3solni, hogy az \u00fcgyfel\u00fcnk hogyan szeretn\u00e9 az adatokat konvert\u00e1lni.<\/p>\n\n\n<div class=\"wp-block-image\">\n<figure class=\"alignright\"><a href=\"https:\/\/shop.proof.de\/know-how\/farbmanagement-beratung.html\"><img loading=\"lazy\" decoding=\"async\" width=\"155\" height=\"300\" src=\"https:\/\/blog1.proofen.de\/wp-content\/uploads\/2018\/11\/farbmanagement_beratung_und_expertise-155x300.png\" alt=\"Sz\u00ednkezel\u00e9si tan\u00e1csad\u00e1s \u00e9s szak\u00e9rtelem\" class=\"wp-image-2234\" srcset=\"https:\/\/blog.proofs.de\/wp-content\/uploads\/2018\/11\/farbmanagement_beratung_und_expertise-155x300.png 155w, https:\/\/blog.proofs.de\/wp-content\/uploads\/2018\/11\/farbmanagement_beratung_und_expertise.png 344w\" sizes=\"auto, (max-width: 155px) 100vw, 155px\"><\/a><figcaption class=\"wp-element-caption\"><a href=\"https:\/\/blog.proofs.de\/hu\/lexikon\/farbmanagement\/\" target=\"_self\" title=\"A sz\u00ednkezel\u00e9s c\u00e9lja annak biztos\u00edt\u00e1sa, hogy a sz\u00ednek a lehet\u0151 leghasonl\u00f3bb m\u00f3don jelenjenek meg a k\u00fcl\u00f6nb\u00f6z\u0151 eszk\u00f6z\u00f6k\u00f6n, p\u00e9ld\u00e1ul kamer\u00e1kon, szkennereken, monitorokon, l\u00e9zer-, tintasugaras \u00e9s ofszetnyomtat\u00f3kon \u00e9s m\u00e9g sok m\u00e1s eszk\u00f6z\u00f6n.\" class=\"encyclopedia\">Sz\u00ednkezel\u00e9s<\/a> Tan\u00e1csad\u00e1s \u00e9s szak\u00e9rtelem<\/figcaption><\/figure>\n<\/div>\n\n\n<p class=\"wp-block-paragraph\">Tiszt\u00e1ban vagyunk azzal, hogy megk\u00f6zel\u00edt\u00e9s\u00fcnk nem minden esetben a legjobb gyakorlat az 100%, de legjobb tud\u00e1sunk \u00e9s meggy\u0151z\u0151d\u00e9s\u00fcnk szerint ez felel meg legink\u00e1bb a szok\u00e1sos piaci gyakorlatnak \u00e9s \u00fcgyfeleink elv\u00e1r\u00e1sainak.<\/p>\n\n\n\n<p class=\"wp-block-paragraph\">Ugyanakkor sz\u00edvesen alak\u00edtjuk szolg\u00e1ltat\u00e1sainkat az \u00d6n egy\u00e9ni ig\u00e9nyeihez \u00e9s k\u00f6r\u00fclm\u00e9nyeihez. H\u00edvjon fel minket, vagy k\u00fcldj\u00f6n nek\u00fcnk egy e-mailt, \u00e9s t\u00e1j\u00e9koztasson minket a feldolgoz\u00e1si ig\u00e9nyeir\u0151l.<\/p>\n\n\n\n<p class=\"wp-block-paragraph\">Egy\u00e9bk\u00e9nt: Sz\u00edvesen \u00e1llunk az \u00d6n rendelkez\u00e9s\u00e9re tud\u00e1sunkkal \u00e9s adatismeret\u00fcnkkel: Ha \u00d6nnek is probl\u00e9m\u00e1ja, k\u00e9rd\u00e9se van a nyomtat\u00e1si adatokkal vagy az adatel\u0151k\u00e9sz\u00edt\u00e9ssel kapcsolatban, vagy - mint a fenti p\u00e9ld\u00e1ban - m\u00e1r t\u00f6rt\u00e9nt egy nyomdahiba, \u00e9s a reklam\u00e1ci\u00f3hoz k\u00fcls\u0151 szak\u00e9rtelemre \u00e9s seg\u00edts\u00e9gre van sz\u00fcks\u00e9ge: H\u00edvjon minket. Sz\u00edvesen adunk tan\u00e1csot \u00e9s seg\u00edt\u00fcnk, ahol tudunk. Konzult\u00e1ci\u00f3nk \u00e9s elemz\u00e9s\u00fcnk \u00f3rad\u00edja 90 eur\u00f3 plusz \u00e1fa, 15 percenk\u00e9nt sz\u00e1ml\u00e1zva. A kezdeti konzult\u00e1ci\u00f3 \u00e9s \u00e9rt\u00e9kel\u00e9s term\u00e9szetesen ingyenes.<\/p>","protected":false},"excerpt":{"rendered":"<p>&nbsp;N\u00e9h\u00e1ny nappal ezel\u0151tt felh\u00edvott minket egy tervez\u0151i \u00e1gazatban dolgoz\u00f3 \u00fcgyf\u00e9l, aki a gy\u00e1rt\u00f3 c\u00e9g tan\u00e1cs\u00e1ra (\"A nyomd\u00e1nak m\u00e9g mindig van egy el\u0151nyomdai r\u00e9szlege, amely optim\u00e1lisan fel tudja k\u00e9sz\u00edteni az adatait...\") nyitott Adobe InDesign adatokat k\u00fcld\u00f6tt ISOCoatedV2 300% form\u00e1tumban, RGB k\u00e9pekkel egy\u00fctt a gy\u00e1rt\u00f3 c\u00e9gnek egy komplex CD-gy\u00e1rt\u00e1shoz. Az elk\u00e9sz\u00fclt nyomtatott CD f\u00fczetek \u00e9s bet\u00e9tek eredm\u00e9nye egy\u00e1ltal\u00e1n nem felelt meg a megrendel\u0151nk kalibr\u00e1lt monitork\u00e9p\u00e9nek, a megrendel\u0151 is el\u00e9gedetlen volt, \u00e9s a probl\u00e9ma elh\u00e1r\u00edt\u00e1sa \u00e9rdek\u00e9ben a gy\u00e1rt\u00f3 c\u00e9gen kereszt\u00fcl bek\u00e9rte a nyomdai adatokat a nyomd\u00e1t\u00f3l. <\/p>\n<p class=\"read-more-container\"><a title=\"Mi\u00e9rt fontos az RGB-profilok be\u00e1gyaz\u00e1sa a nyomtat\u00e1si adatokba?\" class=\"read-more button\" href=\"https:\/\/blog.proofs.de\/hu\/warum-ist-das-einbetten-von-rgb-profilen-eigentlich-wichtig\/#more-2230\" aria-label=\"Tov\u00e1bbi inform\u00e1ci\u00f3 err\u0151l: Mi\u00e9rt fontos az RGB profilok be\u00e1gyaz\u00e1sa a nyomtat\u00e1si adatokba?\">B\u0151vebben<\/a><\/p>","protected":false},"author":2,"featured_media":179,"comment_status":"open","ping_status":"open","sticky":false,"template":"","format":"standard","meta":{"om_disable_all_campaigns":false,"inline_featured_image":false,"_monsterinsights_skip_tracking":false,"footnotes":""},"categories":[1,435,18,443,441,7],"tags":[828,529,831,829,534,40,239,827,830,549],"class_list":["post-2230","post","type-post","status-publish","format-standard","has-post-thumbnail","hentry","category-allgemein","category-farbraeume-und-farbprofile","category-haufige-fragen","category-haeufige-fragen-zu-proofs","category-layout-tipps-und-tricks","category-proof-wissen","tag-adobergb","tag-cmyk","tag-druckdaten","tag-eci-rgb","tag-pdf","tag-profil","tag-proof-profil","tag-rgb-profile","tag-rgb-profile-einbetten","tag-srgb","generate-columns","tablet-grid-50","mobile-grid-100","grid-parent","grid-50","no-featured-image-padding","resize-featured-image"],"aioseo_notices":[],"aioseo_head":"\n\t\t<!-- All in One SEO 5.0.1.1 - aioseo.com -->\n\t<meta name=\"description\" content=\"Anhand eines Praxisbeispieles zeigen wir, warum das Einbetten von RGB-Profilen in InDesign und PDF Druckdaten wichtig ist, damit Farben korrekt gedruckt werden. Druck nicht zu gef\u00e4hrden.\" \/>\n\t<meta name=\"robots\" content=\"max-image-preview:large\" \/>\n\t<meta name=\"author\" content=\"Matthias Betz\"\/>\n\t<meta name=\"google-site-verification\" content=\"TuXxyRwxcEg2-WfOaQ8vScWQh3-uBAnxXmY7g3GT90A\" \/>\n\t<meta name=\"keywords\" content=\"rgb profile,profil,proof-profil,srgb,adobergb,eci-rgb,rgb profile einbetten,druckdaten,cmyk,pdf,adobergb,cmyk,druckdaten,eci-rgb,pdf,profil,proof profil,rgb profile,rgb profile einbetten,srgb\" \/>\n\t<link rel=\"canonical\" href=\"https:\/\/blog.proofs.de\/hu\/warum-ist-das-einbetten-von-rgb-profilen-eigentlich-wichtig\/\" \/>\n\t<meta name=\"generator\" content=\"All in One SEO (AIOSEO) 5.0.1.1\" \/>\n\n\t\t<meta name=\"seobility\" content=\"593a8578143db71543f014978c690d47\">\n\t\t<meta property=\"og:locale\" content=\"hu_HU\" \/>\n\t\t<meta property=\"og:site_name\" content=\"Proof.de | Alles zu Proof, Farbmanagement, Grafik, Messtechnik &amp; Co.\" \/>\n\t\t<meta property=\"og:type\" content=\"article\" \/>\n\t\t<meta property=\"og:title\" content=\"RGB Profile in Druckdaten einbetten ist wichtig | proof.de\" \/>\n\t\t<meta property=\"og:description\" content=\"Anhand eines Praxisbeispieles zeigen wir, warum das Einbetten von RGB-Profilen in InDesign und PDF Druckdaten wichtig ist, damit Farben korrekt gedruckt werden. Druck nicht zu gef\u00e4hrden.\" \/>\n\t\t<meta property=\"og:url\" content=\"https:\/\/blog.proofs.de\/hu\/warum-ist-das-einbetten-von-rgb-profilen-eigentlich-wichtig\/\" \/>\n\t\t<meta property=\"og:image\" content=\"https:\/\/blog.proofs.de\/wp-content\/uploads\/2012\/03\/Bildschirmfoto-2012-03-20-um-00.29.04.jpg\" \/>\n\t\t<meta property=\"og:image:secure_url\" content=\"https:\/\/blog.proofs.de\/wp-content\/uploads\/2012\/03\/Bildschirmfoto-2012-03-20-um-00.29.04.jpg\" \/>\n\t\t<meta property=\"og:image:width\" content=\"601\" \/>\n\t\t<meta property=\"og:image:height\" content=\"576\" \/>\n\t\t<meta property=\"article:published_time\" content=\"2018-11-03T01:10:40+00:00\" \/>\n\t\t<meta property=\"article:modified_time\" content=\"2024-05-05T23:15:31+00:00\" \/>\n\t\t<meta property=\"article:publisher\" content=\"https:\/\/www.facebook.com\/Proof.de\/\" \/>\n\t\t<meta name=\"twitter:card\" content=\"summary\" \/>\n\t\t<meta name=\"twitter:title\" content=\"RGB Profile in Druckdaten einbetten ist wichtig | proof.de\" \/>\n\t\t<meta name=\"twitter:description\" content=\"Anhand eines Praxisbeispieles zeigen wir, warum das Einbetten von RGB-Profilen in InDesign und PDF Druckdaten wichtig ist, damit Farben korrekt gedruckt werden. Druck nicht zu gef\u00e4hrden.\" \/>\n\t\t<meta name=\"twitter:image\" content=\"https:\/\/blog1.proofen.de\/wp-content\/uploads\/2020\/04\/proof_background.jpg\" \/>\n\t\t<script type=\"application\/ld+json\" class=\"aioseo-schema\">\n\t\t\t{\"@context\":\"https:\\\/\\\/schema.org\",\"@graph\":[{\"@type\":\"Article\",\"@id\":\"https:\\\/\\\/blog.proofs.de\\\/hu\\\/warum-ist-das-einbetten-von-rgb-profilen-eigentlich-wichtig\\\/#article\",\"name\":\"RGB Profile in Druckdaten einbetten ist wichtig | proof.de\",\"headline\":\"Warum ist das Einbetten von RGB Profilen in Druckdaten eigentlich wichtig?\",\"author\":{\"@id\":\"https:\\\/\\\/blog.proofs.de\\\/hu\\\/author\\\/mbetz\\\/#author\"},\"publisher\":{\"@id\":\"https:\\\/\\\/blog.proofs.de\\\/hu\\\/#organization\"},\"image\":{\"@type\":\"ImageObject\",\"url\":\"https:\\\/\\\/blog.proofs.de\\\/wp-content\\\/uploads\\\/2012\\\/03\\\/Bildschirmfoto-2012-03-20-um-00.29.04.jpg\",\"width\":601,\"height\":576,\"caption\":\"Vergleich eciRGB_V2 (wei\\u00df) und sRGB\"},\"datePublished\":\"2018-11-03T02:10:40+01:00\",\"dateModified\":\"2024-05-06T01:15:31+02:00\",\"inLanguage\":\"hu-HU\",\"mainEntityOfPage\":{\"@id\":\"https:\\\/\\\/blog.proofs.de\\\/hu\\\/warum-ist-das-einbetten-von-rgb-profilen-eigentlich-wichtig\\\/#webpage\"},\"isPartOf\":{\"@id\":\"https:\\\/\\\/blog.proofs.de\\\/hu\\\/warum-ist-das-einbetten-von-rgb-profilen-eigentlich-wichtig\\\/#webpage\"},\"articleSection\":\"Allgemein, Farbr\\u00e4ume und Farbprofile, H\\u00e4ufige Fragen, H\\u00e4ufige Fragen zu Proofs, Layout Tipps, Proof Wissen, AdobeRGB, CMYK, Druckdaten, ECI-RGB, PDF, Profil, Proof Profil, RGB Profile, RGB Profile Einbetten, sRGB\"},{\"@type\":\"BreadcrumbList\",\"@id\":\"https:\\\/\\\/blog.proofs.de\\\/hu\\\/warum-ist-das-einbetten-von-rgb-profilen-eigentlich-wichtig\\\/#breadcrumblist\",\"itemListElement\":[{\"@type\":\"ListItem\",\"@id\":\"https:\\\/\\\/blog.proofs.de\\\/hu#listItem\",\"position\":1,\"name\":\"Home\",\"item\":\"https:\\\/\\\/blog.proofs.de\\\/hu\",\"nextItem\":{\"@type\":\"ListItem\",\"@id\":\"https:\\\/\\\/blog.proofs.de\\\/hu\\\/thema\\\/proof-wissen\\\/#listItem\",\"name\":\"Proof Wissen\"}},{\"@type\":\"ListItem\",\"@id\":\"https:\\\/\\\/blog.proofs.de\\\/hu\\\/thema\\\/proof-wissen\\\/#listItem\",\"position\":2,\"name\":\"Proof Wissen\",\"item\":\"https:\\\/\\\/blog.proofs.de\\\/hu\\\/thema\\\/proof-wissen\\\/\",\"nextItem\":{\"@type\":\"ListItem\",\"@id\":\"https:\\\/\\\/blog.proofs.de\\\/hu\\\/thema\\\/proof-wissen\\\/farbraeume-und-farbprofile\\\/#listItem\",\"name\":\"Farbr\\u00e4ume und Farbprofile\"},\"previousItem\":{\"@type\":\"ListItem\",\"@id\":\"https:\\\/\\\/blog.proofs.de\\\/hu#listItem\",\"name\":\"Home\"}},{\"@type\":\"ListItem\",\"@id\":\"https:\\\/\\\/blog.proofs.de\\\/hu\\\/thema\\\/proof-wissen\\\/farbraeume-und-farbprofile\\\/#listItem\",\"position\":3,\"name\":\"Farbr\\u00e4ume und Farbprofile\",\"item\":\"https:\\\/\\\/blog.proofs.de\\\/hu\\\/thema\\\/proof-wissen\\\/farbraeume-und-farbprofile\\\/\",\"nextItem\":{\"@type\":\"ListItem\",\"@id\":\"https:\\\/\\\/blog.proofs.de\\\/hu\\\/warum-ist-das-einbetten-von-rgb-profilen-eigentlich-wichtig\\\/#listItem\",\"name\":\"Warum ist das Einbetten von RGB Profilen in Druckdaten eigentlich wichtig?\"},\"previousItem\":{\"@type\":\"ListItem\",\"@id\":\"https:\\\/\\\/blog.proofs.de\\\/hu\\\/thema\\\/proof-wissen\\\/#listItem\",\"name\":\"Proof Wissen\"}},{\"@type\":\"ListItem\",\"@id\":\"https:\\\/\\\/blog.proofs.de\\\/hu\\\/warum-ist-das-einbetten-von-rgb-profilen-eigentlich-wichtig\\\/#listItem\",\"position\":4,\"name\":\"Warum ist das Einbetten von RGB Profilen in Druckdaten eigentlich wichtig?\",\"previousItem\":{\"@type\":\"ListItem\",\"@id\":\"https:\\\/\\\/blog.proofs.de\\\/hu\\\/thema\\\/proof-wissen\\\/farbraeume-und-farbprofile\\\/#listItem\",\"name\":\"Farbr\\u00e4ume und Farbprofile\"}}]},{\"@type\":\"Organization\",\"@id\":\"https:\\\/\\\/blog.proofs.de\\\/hu\\\/#organization\",\"name\":\"Proof GmbH\",\"description\":\"Farbverbindlicher Proof, Farbproof, Digitalproof und Online-Proof.\",\"url\":\"https:\\\/\\\/blog.proofs.de\\\/hu\\\/\",\"telephone\":\"+4970717952740\",\"logo\":{\"@type\":\"ImageObject\",\"url\":\"https:\\\/\\\/blog1.proofen.de\\\/wp-content\\\/uploads\\\/2019\\\/09\\\/logo_proof_rgb_mit_balken_250px.png\",\"@id\":\"https:\\\/\\\/blog.proofs.de\\\/hu\\\/warum-ist-das-einbetten-von-rgb-profilen-eigentlich-wichtig\\\/#organizationLogo\"},\"image\":{\"@id\":\"https:\\\/\\\/blog.proofs.de\\\/hu\\\/warum-ist-das-einbetten-von-rgb-profilen-eigentlich-wichtig\\\/#organizationLogo\"},\"sameAs\":[\"https:\\\/\\\/www.facebook.com\\\/Proof.de\\\/\",\"https:\\\/\\\/www.instagram.com\\\/proof.de\\\/\",\"https:\\\/\\\/www.tiktok.com\\\/@proof_de\",\"https:\\\/\\\/www.youtube.com\\\/channel\\\/UCk80fQVQ25wC9wu3SywB-Nw\",\"https:\\\/\\\/www.linkedin.com\\\/company\\\/proof-de\"]},{\"@type\":\"Person\",\"@id\":\"https:\\\/\\\/blog.proofs.de\\\/hu\\\/author\\\/mbetz\\\/#author\",\"url\":\"https:\\\/\\\/blog.proofs.de\\\/hu\\\/author\\\/mbetz\\\/\",\"name\":\"Matthias Betz\",\"image\":{\"@type\":\"ImageObject\",\"@id\":\"https:\\\/\\\/blog.proofs.de\\\/hu\\\/warum-ist-das-einbetten-von-rgb-profilen-eigentlich-wichtig\\\/#authorImage\",\"url\":\"https:\\\/\\\/blog.proofs.de\\\/wp-content\\\/uploads\\\/2020\\\/10\\\/matthias-betz-e1603934518350-150x150.png\",\"width\":96,\"height\":96,\"caption\":\"Matthias Betz\"}},{\"@type\":\"WebPage\",\"@id\":\"https:\\\/\\\/blog.proofs.de\\\/hu\\\/warum-ist-das-einbetten-von-rgb-profilen-eigentlich-wichtig\\\/#webpage\",\"url\":\"https:\\\/\\\/blog.proofs.de\\\/hu\\\/warum-ist-das-einbetten-von-rgb-profilen-eigentlich-wichtig\\\/\",\"name\":\"RGB Profile in Druckdaten einbetten ist wichtig | proof.de\",\"description\":\"Anhand eines Praxisbeispieles zeigen wir, warum das Einbetten von RGB-Profilen in InDesign und PDF Druckdaten wichtig ist, damit Farben korrekt gedruckt werden. Druck nicht zu gef\\u00e4hrden.\",\"inLanguage\":\"hu-HU\",\"isPartOf\":{\"@id\":\"https:\\\/\\\/blog.proofs.de\\\/hu\\\/#website\"},\"breadcrumb\":{\"@id\":\"https:\\\/\\\/blog.proofs.de\\\/hu\\\/warum-ist-das-einbetten-von-rgb-profilen-eigentlich-wichtig\\\/#breadcrumblist\"},\"author\":{\"@id\":\"https:\\\/\\\/blog.proofs.de\\\/hu\\\/author\\\/mbetz\\\/#author\"},\"creator\":{\"@id\":\"https:\\\/\\\/blog.proofs.de\\\/hu\\\/author\\\/mbetz\\\/#author\"},\"image\":{\"@type\":\"ImageObject\",\"url\":\"https:\\\/\\\/blog.proofs.de\\\/wp-content\\\/uploads\\\/2012\\\/03\\\/Bildschirmfoto-2012-03-20-um-00.29.04.jpg\",\"@id\":\"https:\\\/\\\/blog.proofs.de\\\/hu\\\/warum-ist-das-einbetten-von-rgb-profilen-eigentlich-wichtig\\\/#mainImage\",\"width\":601,\"height\":576,\"caption\":\"Vergleich eciRGB_V2 (wei\\u00df) und sRGB\"},\"primaryImageOfPage\":{\"@id\":\"https:\\\/\\\/blog.proofs.de\\\/hu\\\/warum-ist-das-einbetten-von-rgb-profilen-eigentlich-wichtig\\\/#mainImage\"},\"datePublished\":\"2018-11-03T02:10:40+01:00\",\"dateModified\":\"2024-05-06T01:15:31+02:00\"},{\"@type\":\"WebSite\",\"@id\":\"https:\\\/\\\/blog.proofs.de\\\/hu\\\/#website\",\"url\":\"https:\\\/\\\/blog.proofs.de\\\/hu\\\/\",\"name\":\"Proof.de\",\"description\":\"Farbverbindlicher Proof, Farbproof, Digitalproof und Online-Proof.\",\"inLanguage\":\"hu-HU\",\"publisher\":{\"@id\":\"https:\\\/\\\/blog.proofs.de\\\/hu\\\/#organization\"}}]}\n\t\t<\/script>\n\t\t<!-- All in One SEO -->\n\n","aioseo_head_json":{"title":"Fontos az RGB-profilok be\u00e1gyaz\u00e1sa a nyomtat\u00e1si adatokba | proof.de","description":"Egy gyakorlati p\u00e9ld\u00e1n kereszt\u00fcl bemutatjuk, hogy mi\u00e9rt fontos az RGB-profilok be\u00e1gyaz\u00e1sa az InDesign \u00e9s PDF nyomtat\u00e1si adatokba, hogy a sz\u00edneket helyesen nyomtass\u00e1k ki. Ez nem vesz\u00e9lyezteti a nyomtat\u00e1st.","canonical_url":"https:\/\/blog.proofs.de\/hu\/warum-ist-das-einbetten-von-rgb-profilen-eigentlich-wichtig\/","robots":"max-image-preview:large","keywords":"rgb profile,profil,proof-profil,srgb,adobergb,eci-rgb,rgb profile einbetten,druckdaten,cmyk,pdf,adobergb,cmyk,druckdaten,eci-rgb,pdf,profil,proof profil,rgb profile,rgb profile einbetten,srgb","webmasterTools":{"google-site-verification":"TuXxyRwxcEg2-WfOaQ8vScWQh3-uBAnxXmY7g3GT90A","miscellaneous":"&lt;meta name=\"seobility\" content=\"593a8578143db71543f014978c690d47\"&gt;"},"schema":{"@context":"https:\/\/schema.org","@graph":[{"@type":"Article","@id":"https:\/\/blog.proofs.de\/hu\/warum-ist-das-einbetten-von-rgb-profilen-eigentlich-wichtig\/#article","name":"RGB Profile in Druckdaten einbetten ist wichtig | proof.de","headline":"Warum ist das Einbetten von RGB Profilen in Druckdaten eigentlich wichtig?","author":{"@id":"https:\/\/blog.proofs.de\/hu\/author\/mbetz\/#author"},"publisher":{"@id":"https:\/\/blog.proofs.de\/hu\/#organization"},"image":{"@type":"ImageObject","url":"https:\/\/blog.proofs.de\/wp-content\/uploads\/2012\/03\/Bildschirmfoto-2012-03-20-um-00.29.04.jpg","width":601,"height":576,"caption":"Vergleich eciRGB_V2 (wei\u00df) und sRGB"},"datePublished":"2018-11-03T02:10:40+01:00","dateModified":"2024-05-06T01:15:31+02:00","inLanguage":"hu-HU","mainEntityOfPage":{"@id":"https:\/\/blog.proofs.de\/hu\/warum-ist-das-einbetten-von-rgb-profilen-eigentlich-wichtig\/#webpage"},"isPartOf":{"@id":"https:\/\/blog.proofs.de\/hu\/warum-ist-das-einbetten-von-rgb-profilen-eigentlich-wichtig\/#webpage"},"articleSection":"Allgemein, Farbr\u00e4ume und Farbprofile, H\u00e4ufige Fragen, H\u00e4ufige Fragen zu Proofs, Layout Tipps, Proof Wissen, AdobeRGB, CMYK, Druckdaten, ECI-RGB, PDF, Profil, Proof Profil, RGB Profile, RGB Profile Einbetten, sRGB"},{"@type":"BreadcrumbList","@id":"https:\/\/blog.proofs.de\/hu\/warum-ist-das-einbetten-von-rgb-profilen-eigentlich-wichtig\/#breadcrumblist","itemListElement":[{"@type":"ListItem","@id":"https:\/\/blog.proofs.de\/hu#listItem","position":1,"name":"Home","item":"https:\/\/blog.proofs.de\/hu","nextItem":{"@type":"ListItem","@id":"https:\/\/blog.proofs.de\/hu\/thema\/proof-wissen\/#listItem","name":"Proof Wissen"}},{"@type":"ListItem","@id":"https:\/\/blog.proofs.de\/hu\/thema\/proof-wissen\/#listItem","position":2,"name":"Proof Wissen","item":"https:\/\/blog.proofs.de\/hu\/thema\/proof-wissen\/","nextItem":{"@type":"ListItem","@id":"https:\/\/blog.proofs.de\/hu\/thema\/proof-wissen\/farbraeume-und-farbprofile\/#listItem","name":"Farbr\u00e4ume und Farbprofile"},"previousItem":{"@type":"ListItem","@id":"https:\/\/blog.proofs.de\/hu#listItem","name":"Home"}},{"@type":"ListItem","@id":"https:\/\/blog.proofs.de\/hu\/thema\/proof-wissen\/farbraeume-und-farbprofile\/#listItem","position":3,"name":"Farbr\u00e4ume und Farbprofile","item":"https:\/\/blog.proofs.de\/hu\/thema\/proof-wissen\/farbraeume-und-farbprofile\/","nextItem":{"@type":"ListItem","@id":"https:\/\/blog.proofs.de\/hu\/warum-ist-das-einbetten-von-rgb-profilen-eigentlich-wichtig\/#listItem","name":"Warum ist das Einbetten von RGB Profilen in Druckdaten eigentlich wichtig?"},"previousItem":{"@type":"ListItem","@id":"https:\/\/blog.proofs.de\/hu\/thema\/proof-wissen\/#listItem","name":"Proof Wissen"}},{"@type":"ListItem","@id":"https:\/\/blog.proofs.de\/hu\/warum-ist-das-einbetten-von-rgb-profilen-eigentlich-wichtig\/#listItem","position":4,"name":"Warum ist das Einbetten von RGB Profilen in Druckdaten eigentlich wichtig?","previousItem":{"@type":"ListItem","@id":"https:\/\/blog.proofs.de\/hu\/thema\/proof-wissen\/farbraeume-und-farbprofile\/#listItem","name":"Farbr\u00e4ume und Farbprofile"}}]},{"@type":"Organization","@id":"https:\/\/blog.proofs.de\/hu\/#organization","name":"Proof GmbH","description":"Farbverbindlicher Proof, Farbproof, Digitalproof und Online-Proof.","url":"https:\/\/blog.proofs.de\/hu\/","telephone":"+4970717952740","logo":{"@type":"ImageObject","url":"https:\/\/blog1.proofen.de\/wp-content\/uploads\/2019\/09\/logo_proof_rgb_mit_balken_250px.png","@id":"https:\/\/blog.proofs.de\/hu\/warum-ist-das-einbetten-von-rgb-profilen-eigentlich-wichtig\/#organizationLogo"},"image":{"@id":"https:\/\/blog.proofs.de\/hu\/warum-ist-das-einbetten-von-rgb-profilen-eigentlich-wichtig\/#organizationLogo"},"sameAs":["https:\/\/www.facebook.com\/Proof.de\/","https:\/\/www.instagram.com\/proof.de\/","https:\/\/www.tiktok.com\/@proof_de","https:\/\/www.youtube.com\/channel\/UCk80fQVQ25wC9wu3SywB-Nw","https:\/\/www.linkedin.com\/company\/proof-de"]},{"@type":"Person","@id":"https:\/\/blog.proofs.de\/hu\/author\/mbetz\/#author","url":"https:\/\/blog.proofs.de\/hu\/author\/mbetz\/","name":"Matthias Betz","image":{"@type":"ImageObject","@id":"https:\/\/blog.proofs.de\/hu\/warum-ist-das-einbetten-von-rgb-profilen-eigentlich-wichtig\/#authorImage","url":"https:\/\/blog.proofs.de\/wp-content\/uploads\/2020\/10\/matthias-betz-e1603934518350-150x150.png","width":96,"height":96,"caption":"Matthias Betz"}},{"@type":"WebPage","@id":"https:\/\/blog.proofs.de\/hu\/warum-ist-das-einbetten-von-rgb-profilen-eigentlich-wichtig\/#webpage","url":"https:\/\/blog.proofs.de\/hu\/warum-ist-das-einbetten-von-rgb-profilen-eigentlich-wichtig\/","name":"RGB Profile in Druckdaten einbetten ist wichtig | proof.de","description":"Anhand eines Praxisbeispieles zeigen wir, warum das Einbetten von RGB-Profilen in InDesign und PDF Druckdaten wichtig ist, damit Farben korrekt gedruckt werden. Druck nicht zu gef\u00e4hrden.","inLanguage":"hu-HU","isPartOf":{"@id":"https:\/\/blog.proofs.de\/hu\/#website"},"breadcrumb":{"@id":"https:\/\/blog.proofs.de\/hu\/warum-ist-das-einbetten-von-rgb-profilen-eigentlich-wichtig\/#breadcrumblist"},"author":{"@id":"https:\/\/blog.proofs.de\/hu\/author\/mbetz\/#author"},"creator":{"@id":"https:\/\/blog.proofs.de\/hu\/author\/mbetz\/#author"},"image":{"@type":"ImageObject","url":"https:\/\/blog.proofs.de\/wp-content\/uploads\/2012\/03\/Bildschirmfoto-2012-03-20-um-00.29.04.jpg","@id":"https:\/\/blog.proofs.de\/hu\/warum-ist-das-einbetten-von-rgb-profilen-eigentlich-wichtig\/#mainImage","width":601,"height":576,"caption":"Vergleich eciRGB_V2 (wei\u00df) und sRGB"},"primaryImageOfPage":{"@id":"https:\/\/blog.proofs.de\/hu\/warum-ist-das-einbetten-von-rgb-profilen-eigentlich-wichtig\/#mainImage"},"datePublished":"2018-11-03T02:10:40+01:00","dateModified":"2024-05-06T01:15:31+02:00"},{"@type":"WebSite","@id":"https:\/\/blog.proofs.de\/hu\/#website","url":"https:\/\/blog.proofs.de\/hu\/","name":"Proof.de","description":"Farbverbindlicher Proof, Farbproof, Digitalproof und Online-Proof.","inLanguage":"hu-HU","publisher":{"@id":"https:\/\/blog.proofs.de\/hu\/#organization"}}]},"og:locale":"hu_HU","og:site_name":"Proof.de | Alles zu Proof, Farbmanagement, Grafik, Messtechnik &amp; Co.","og:type":"article","og:title":"RGB Profile in Druckdaten einbetten ist wichtig | proof.de","og:description":"Anhand eines Praxisbeispieles zeigen wir, warum das Einbetten von RGB-Profilen in InDesign und PDF Druckdaten wichtig ist, damit Farben korrekt gedruckt werden. Druck nicht zu gef\u00e4hrden.","og:url":"https:\/\/blog.proofs.de\/hu\/warum-ist-das-einbetten-von-rgb-profilen-eigentlich-wichtig\/","og:image":"https:\/\/blog.proofs.de\/wp-content\/uploads\/2012\/03\/Bildschirmfoto-2012-03-20-um-00.29.04.jpg","og:image:secure_url":"https:\/\/blog.proofs.de\/wp-content\/uploads\/2012\/03\/Bildschirmfoto-2012-03-20-um-00.29.04.jpg","og:image:width":601,"og:image:height":576,"article:published_time":"2018-11-03T01:10:40+00:00","article:modified_time":"2024-05-05T23:15:31+00:00","article:publisher":"https:\/\/www.facebook.com\/Proof.de\/","twitter:card":"summary","twitter:title":"RGB Profile in Druckdaten einbetten ist wichtig | proof.de","twitter:description":"Anhand eines Praxisbeispieles zeigen wir, warum das Einbetten von RGB-Profilen in InDesign und PDF Druckdaten wichtig ist, damit Farben korrekt gedruckt werden. Druck nicht zu gef\u00e4hrden.","twitter:image":"https:\/\/blog1.proofen.de\/wp-content\/uploads\/2020\/04\/proof_background.jpg"},"aioseo_meta_data":{"post_id":"2230","title":"Fontos az RGB-profilok be\u00e1gyaz\u00e1sa a nyomtat\u00e1si adatokba | proof.de","description":"Egy gyakorlati p\u00e9ld\u00e1n kereszt\u00fcl bemutatjuk, hogy mi\u00e9rt fontos az RGB-profilok be\u00e1gyaz\u00e1sa az InDesign \u00e9s PDF nyomtat\u00e1si adatokba, hogy a sz\u00edneket helyesen nyomtass\u00e1k ki. Ez nem vesz\u00e9lyezteti a nyomtat\u00e1st.","keywords":[{"label":"RGB Profile,Profil,Proof-Profil,sRGB,AdobeRGB,ECI-RGB,RGB Profile Einbetten,Druckdaten,CMYK,PDF","value":"RGB Profile,Profil,Proof-Profil,sRGB,AdobeRGB,ECI-RGB,RGB Profile Einbetten,Druckdaten,CMYK,PDF"}],"keyphrases":{"focus":{"keyphrase":"","score":0,"analysis":{"keyphraseInTitle":{"score":0,"maxScore":9,"error":1}}},"additional":[]},"primary_term":null,"canonical_url":null,"og_title":null,"og_description":null,"og_object_type":"default","og_image_type":"default","og_image_url":null,"og_image_width":null,"og_image_height":null,"og_image_custom_url":null,"og_image_custom_fields":null,"og_video":"","og_custom_url":null,"og_article_section":null,"og_article_tags":null,"twitter_use_og":false,"twitter_card":"default","twitter_image_type":"default","twitter_image_url":null,"twitter_image_custom_url":null,"twitter_image_custom_fields":null,"twitter_title":null,"twitter_description":null,"schema":{"blockGraphs":[],"customGraphs":[],"default":{"data":{"Article":[],"Course":[],"Dataset":[],"FAQPage":[],"Movie":[],"Person":[],"Product":[],"ProductReview":[],"Car":[],"Recipe":[],"Service":[],"SoftwareApplication":[],"WebPage":[]},"graphName":"Article","isEnabled":true},"graphs":[],"defaultGraph":"","defaultPostTypeGraph":""},"schema_type":null,"schema_type_options":null,"pillar_content":false,"robots_default":true,"robots_noindex":false,"robots_noarchive":false,"robots_nosnippet":false,"robots_nofollow":false,"robots_noimageindex":false,"robots_noodp":false,"robots_notranslate":false,"robots_max_snippet":"-1","robots_max_videopreview":"-1","robots_max_imagepreview":"large","priority":null,"frequency":"default","local_seo":null,"breadcrumb_settings":null,"limit_modified_date":false,"ai":null,"created":"2020-12-21 00:33:58","updated":"2025-06-04 14:23:05","seo_analyzer_scan_date":null,"focus_keyword":null,"additional_keywords":null,"truseo_locale":null},"_links":{"self":[{"href":"https:\/\/blog.proofs.de\/hu\/wp-json\/wp\/v2\/posts\/2230","targetHints":{"allow":["GET"]}}],"collection":[{"href":"https:\/\/blog.proofs.de\/hu\/wp-json\/wp\/v2\/posts"}],"about":[{"href":"https:\/\/blog.proofs.de\/hu\/wp-json\/wp\/v2\/types\/post"}],"author":[{"embeddable":true,"href":"https:\/\/blog.proofs.de\/hu\/wp-json\/wp\/v2\/users\/2"}],"replies":[{"embeddable":true,"href":"https:\/\/blog.proofs.de\/hu\/wp-json\/wp\/v2\/comments?post=2230"}],"version-history":[{"count":7,"href":"https:\/\/blog.proofs.de\/hu\/wp-json\/wp\/v2\/posts\/2230\/revisions"}],"predecessor-version":[{"id":5736,"href":"https:\/\/blog.proofs.de\/hu\/wp-json\/wp\/v2\/posts\/2230\/revisions\/5736"}],"wp:featuredmedia":[{"embeddable":true,"href":"https:\/\/blog.proofs.de\/hu\/wp-json\/wp\/v2\/media\/179"}],"wp:attachment":[{"href":"https:\/\/blog.proofs.de\/hu\/wp-json\/wp\/v2\/media?parent=2230"}],"wp:term":[{"taxonomy":"category","embeddable":true,"href":"https:\/\/blog.proofs.de\/hu\/wp-json\/wp\/v2\/categories?post=2230"},{"taxonomy":"post_tag","embeddable":true,"href":"https:\/\/blog.proofs.de\/hu\/wp-json\/wp\/v2\/tags?post=2230"}],"curies":[{"name":"wp","href":"https:\/\/api.w.org\/{rel}","templated":true}]}}