{"id":2251,"date":"2019-01-01T02:00:55","date_gmt":"2019-01-01T01:00:55","guid":{"rendered":"http:\/\/www.proof.de\/?p=2251"},"modified":"2020-05-08T02:20:45","modified_gmt":"2020-05-08T00:20:45","slug":"proof-gmbh-nyilvantartasba-vetel-a-9-%c2%a7-szerint-verpackg","status":"publish","type":"post","link":"https:\/\/blog.proofs.de\/hu\/proof-gmbh-registrierung-nach-%c2%a7-9-verpackg\/","title":{"rendered":"Proof GmbH: Regisztr\u00e1ci\u00f3 a VerpackG 9. \u00a7-a szerint"},"content":{"rendered":"<div class=\"kk-star-ratings kksr-auto kksr-align-right kksr-valign-top\" data-payload='{\"align\":\"right\",\"id\":\"2251\",\"slug\":\"default\",\"valign\":\"top\",\"ignore\":\"\",\"reference\":\"auto\",\"class\":\"\",\"count\":\"0\",\"legendonly\":\"\",\"readonly\":\"\",\"score\":\"0\",\"starsonly\":\"\",\"best\":\"5\",\"gap\":\"5\",\"greet\":\"Jetzt bewerten\",\"legend\":\"0\\\/5 - (0 votes)\",\"size\":\"24\",\"title\":\"Proof GmbH: Registrierung nach &sect; 9 VerpackG\",\"width\":\"0\",\"_legend\":\"{score}\\\/{best} - ({count} {votes})\",\"font_factor\":\"1.25\"}'>\n            \n<div class=\"kksr-stars\">\n    \n<div class=\"kksr-stars-inactive\">\n            <div class=\"kksr-star\" data-star=\"1\" style=\"padding-right: 5px\">\n            \n\n<div class=\"kksr-icon\" style=\"width: 24px; height: 24px;\"><\/div>\n        <\/div>\n            <div class=\"kksr-star\" data-star=\"2\" style=\"padding-right: 5px\">\n            \n\n<div class=\"kksr-icon\" style=\"width: 24px; height: 24px;\"><\/div>\n        <\/div>\n            <div class=\"kksr-star\" data-star=\"3\" style=\"padding-right: 5px\">\n            \n\n<div class=\"kksr-icon\" style=\"width: 24px; height: 24px;\"><\/div>\n        <\/div>\n            <div class=\"kksr-star\" data-star=\"4\" style=\"padding-right: 5px\">\n            \n\n<div class=\"kksr-icon\" style=\"width: 24px; height: 24px;\"><\/div>\n        <\/div>\n            <div class=\"kksr-star\" data-star=\"5\" style=\"padding-right: 5px\">\n            \n\n<div class=\"kksr-icon\" style=\"width: 24px; height: 24px;\"><\/div>\n        <\/div>\n    <\/div>\n    \n<div class=\"kksr-stars-active\" style=\"width: 0px;\">\n            <div class=\"kksr-star\" style=\"padding-right: 5px\">\n            \n\n<div class=\"kksr-icon\" style=\"width: 24px; height: 24px;\"><\/div>\n        <\/div>\n            <div class=\"kksr-star\" style=\"padding-right: 5px\">\n            \n\n<div class=\"kksr-icon\" style=\"width: 24px; height: 24px;\"><\/div>\n        <\/div>\n            <div class=\"kksr-star\" style=\"padding-right: 5px\">\n            \n\n<div class=\"kksr-icon\" style=\"width: 24px; height: 24px;\"><\/div>\n        <\/div>\n            <div class=\"kksr-star\" style=\"padding-right: 5px\">\n            \n\n<div class=\"kksr-icon\" style=\"width: 24px; height: 24px;\"><\/div>\n        <\/div>\n            <div class=\"kksr-star\" style=\"padding-right: 5px\">\n            \n\n<div class=\"kksr-icon\" style=\"width: 24px; height: 24px;\"><\/div>\n        <\/div>\n    <\/div>\n<\/div>\n                \n\n<div class=\"kksr-legend\" style=\"font-size: 19.2px;\">\n            <span class=\"kksr-muted\">Szavazz most<\/span>\n    <\/div>\n    <\/div>\n\r\n<p class=\"wp-block-paragraph\">A <a href=\"https:\/\/blog.proofs.de\/hu\/lexikon\/proof\/\" target=\"_self\" title=\"A contract proof egy ISO 12647-7 tan\u00fas\u00edtv\u00e1nnyal rendelkez\u0151, a grafikai ipar sz\u00e1m\u00e1ra k\u00e9sz\u00fclt vizsg\u00e1l\u00f3eszk\u00f6z. A pr\u00f3banyomat az ISO-szabv\u00e1ny sz\u0171k t\u0171r\u00e9shat\u00e1rain bel\u00fcl sz\u00edn- \u00e9s jogilag k\u00f6telez\u0151 m\u00f3don szimul\u00e1lja az ofszet- vagy m\u00e9lynyom\u00f3g\u00e9pek sz\u00edness\u00e9g\u00e9t.\" class=\"encyclopedia\">Bizony\u00edt\u00e9k<\/a> GmbH a DE2623803272440 nyilv\u00e1ntart\u00e1si sz\u00e1mon regisztr\u00e1ltatta mag\u00e1t, mint rendszerben val\u00f3 r\u00e9szv\u00e9telre k\u00f6telezett csomagol\u00f3anyag-gy\u00e1rt\u00f3.<\/p>\r\n\r\n\r\n\r\n<p class=\"wp-block-paragraph\">Mit jelent ez az \u00d6n sz\u00e1m\u00e1ra? 2019. janu\u00e1r 1. \u00f3ta hat\u00e1lyos az \u00faj n\u00e9met csomagol\u00e1si t\u00f6rv\u00e9ny (VerpackG), amelynek \u00e9rtelm\u00e9ben a v\u00e9gfelhaszn\u00e1l\u00f3k sz\u00e1m\u00e1ra csomagol\u00e1st forgalomba hoz\u00f3 v\u00e1llalatoknak r\u00e9szt kell venni\u00fck a visszav\u00e9teli \u00e9s \u00fajrahasznos\u00edt\u00e1si rendszerben. Ez nem vonatkozik a B2B csomagol\u00e1sokra, de mivel mi is sz\u00e1ll\u00edtunk szabad\u00fasz\u00f3knak, akik az Proof GmbH sz\u00e1ll\u00edt\u00e1si csomagol\u00e1st (kartondobozok \u00e9s polietil\u00e9n v\u00e9d\u0151h\u00fcvelyek a <a href=\"https:\/\/blog.proofs.de\/hu\/lexikon\/proofs\/\" target=\"_self\" title=\"A nyomdaiparban a pr\u00f3banyomatok (vagy pr\u00f3banyomatok) a nyomdai eredm\u00e9ny sz\u00ednhelyes \u00e9s jogilag k\u00f6telez\u0151 erej\u0171 szimul\u00e1ci\u00f3j\u00e1t jelentik ellen\u0151rz\u00e9si c\u00e9llal. A pr\u00f3banyomatok\u00e9rt felel\u0151s szabv\u00e1ny az ISO 12647-7:2016, azaz a 2016-os, aktu\u00e1lis fel\u00fclvizsg\u00e1lat.\" class=\"encyclopedia\">Bizony\u00edt\u00e9kok<\/a>) a h\u00e1ztart\u00e1si hullad\u00e9kkal egy\u00fctt \u00e1rtalmatlan\u00edthat\u00f3, a sz\u00e1ll\u00edt\u00e1si mennyis\u00e9geket regisztr\u00e1ltuk \u00e9s a Veolia du\u00e1lis rendszer\u00e9n kereszt\u00fcl enged\u00e9lyezt\u00fck.<\/p>\r\n\r\n\r\n\r\n<p class=\"wp-block-paragraph\">Ez biztos\u00edtja, hogy k\u00f6rnyezetbar\u00e1t \u00e9s er\u0151forr\u00e1s-takar\u00e9kos csomagol\u00e1saink megfelel\u0151en \u00e1rtalmatlan\u00edthat\u00f3k \u00e9s \u00fajrahasznos\u00edthat\u00f3k legyenek.<\/p>\r\n\r\n\r\n\r\n<figure class=\"wp-block-image\"><img loading=\"lazy\" decoding=\"async\" width=\"1024\" height=\"533\" class=\"wp-image-2252\" src=\"https:\/\/blog1.proofen.de\/wp-content\/uploads\/2019\/01\/proof_GmbH_VerpackG-1024x533.png\" alt=\"\" srcset=\"https:\/\/blog.proofs.de\/wp-content\/uploads\/2019\/01\/proof_GmbH_VerpackG-1024x533.png 1024w, https:\/\/blog.proofs.de\/wp-content\/uploads\/2019\/01\/proof_GmbH_VerpackG-300x156.png 300w, https:\/\/blog.proofs.de\/wp-content\/uploads\/2019\/01\/proof_GmbH_VerpackG-768x400.png 768w, https:\/\/blog.proofs.de\/wp-content\/uploads\/2019\/01\/proof_GmbH_VerpackG-500x260.png 500w, https:\/\/blog.proofs.de\/wp-content\/uploads\/2019\/01\/proof_GmbH_VerpackG.png 1872w\" sizes=\"auto, (max-width: 1024px) 100vw, 1024px\"><\/figure>\r\n\r\n\r\n\r\n<p class=\"wp-block-paragraph\">&nbsp;<\/p>","protected":false},"excerpt":{"rendered":"<p>Az Proof GmbH a DE2623803272440 regisztr\u00e1ci\u00f3s sz\u00e1mon regisztr\u00e1lt, a rendszerben val\u00f3 r\u00e9szv\u00e9telre k\u00f6telezett csomagol\u00f3anyag-gy\u00e1rt\u00f3. Mit jelent ez az \u00d6n sz\u00e1m\u00e1ra? 2019. janu\u00e1r 1. \u00f3ta hat\u00e1lyos az \u00faj n\u00e9met csomagol\u00e1si t\u00f6rv\u00e9ny (VerpackG), amely szerint a v\u00e9gfogyaszt\u00f3k sz\u00e1m\u00e1ra csomagol\u00e1st forgalomba hoz\u00f3 v\u00e1llalatoknak r\u00e9szt kell venni\u00fck egy visszav\u00e9teli \u00e9s hasznos\u00edt\u00e1si rendszerben. Ez nem vonatkozik a B2B csomagol\u00e1sokra, de mivel mi szabad\u00fasz\u00f3knak is sz\u00e1ll\u00edtunk, akik az Proof GmbH sz\u00e1ll\u00edt\u00e1si csomagol\u00e1st (kartondobozok \u00e9s polietil\u00e9n v\u00e9d\u0151h\u00fcvelyek a bizonylatokhoz) a h\u00e1ztart\u00e1si hullad\u00e9kban \u00e1rtalmatlan\u00edthatj\u00e1k, regisztr\u00e1ltuk a sz\u00e1ll\u00edt\u00e1si mennyis\u00e9geket, \u00e9s a Veolia du\u00e1lis rendszer\u00e9n kereszt\u00fcl enged\u00e9lyezt\u00fck azokat. \u00cdgy a ... <\/p>\n<p class=\"read-more-container\"><a title=\"Proof GmbH: Regisztr\u00e1ci\u00f3 a VerpackG 9. \u00a7-a szerint\" class=\"read-more button\" href=\"https:\/\/blog.proofs.de\/hu\/proof-gmbh-registrierung-nach-%c2%a7-9-verpackg\/#more-2251\" aria-label=\"Tov\u00e1bbi inform\u00e1ci\u00f3 err\u0151l: Proof GmbH: Regisztr\u00e1ci\u00f3 a VerpackG 9. \u00a7-a alapj\u00e1n\">B\u0151vebben<\/a><\/p>","protected":false},"author":2,"featured_media":2252,"comment_status":"open","ping_status":"open","sticky":false,"template":"","format":"standard","meta":{"om_disable_all_campaigns":false,"inline_featured_image":false,"_monsterinsights_skip_tracking":false,"footnotes":""},"categories":[1,120],"tags":[539,121,835],"class_list":["post-2251","post","type-post","status-publish","format-standard","has-post-thumbnail","hentry","category-allgemein","category-kategorie-proof-gmbh","tag-proof-gmbh","tag-proof-de","tag-verpackg","generate-columns","tablet-grid-50","mobile-grid-100","grid-parent","grid-50","no-featured-image-padding","resize-featured-image"],"aioseo_notices":[],"aioseo_head":"\n\t\t<!-- All in One SEO 5.0.1.1 - aioseo.com -->\n\t<meta name=\"description\" content=\"Die Proof GmbH hat sich unter der Registernummer DE2623803272440 Hersteller von systembeteiligungspflichtigen Verpackungen angemeldet.\" \/>\n\t<meta name=\"robots\" content=\"max-image-preview:large\" \/>\n\t<meta name=\"author\" content=\"Matthias Betz\"\/>\n\t<meta name=\"google-site-verification\" content=\"TuXxyRwxcEg2-WfOaQ8vScWQh3-uBAnxXmY7g3GT90A\" \/>\n\t<meta name=\"keywords\" content=\"proof gmbh,proof.de,verpackg,versandverpackungen,proof gmbh,proof.de,verpackg\" \/>\n\t<link rel=\"canonical\" href=\"https:\/\/blog.proofs.de\/hu\/proof-gmbh-registrierung-nach-%c2%a7-9-verpackg\/\" \/>\n\t<meta name=\"generator\" content=\"All in One SEO (AIOSEO) 5.0.1.1\" \/>\n\n\t\t<meta name=\"seobility\" content=\"593a8578143db71543f014978c690d47\">\n\t\t<meta property=\"og:locale\" content=\"hu_HU\" \/>\n\t\t<meta property=\"og:site_name\" content=\"Proof.de | Alles zu Proof, Farbmanagement, Grafik, Messtechnik &amp; Co.\" \/>\n\t\t<meta property=\"og:type\" content=\"article\" \/>\n\t\t<meta property=\"og:title\" content=\"Proof GmbH: Registrierung nach \u00a7 9 VerpackG | proof.de\" \/>\n\t\t<meta property=\"og:description\" content=\"Die Proof GmbH hat sich unter der Registernummer DE2623803272440 Hersteller von systembeteiligungspflichtigen Verpackungen angemeldet.\" \/>\n\t\t<meta property=\"og:url\" content=\"https:\/\/blog.proofs.de\/hu\/proof-gmbh-registrierung-nach-%c2%a7-9-verpackg\/\" \/>\n\t\t<meta property=\"og:image\" content=\"https:\/\/blog.proofs.de\/wp-content\/uploads\/2019\/01\/proof_GmbH_VerpackG.png\" \/>\n\t\t<meta property=\"og:image:secure_url\" content=\"https:\/\/blog.proofs.de\/wp-content\/uploads\/2019\/01\/proof_GmbH_VerpackG.png\" \/>\n\t\t<meta property=\"og:image:width\" content=\"1872\" \/>\n\t\t<meta property=\"og:image:height\" content=\"974\" \/>\n\t\t<meta property=\"article:published_time\" content=\"2019-01-01T01:00:55+00:00\" \/>\n\t\t<meta property=\"article:modified_time\" content=\"2020-05-08T00:20:45+00:00\" \/>\n\t\t<meta property=\"article:publisher\" content=\"https:\/\/www.facebook.com\/Proof.de\/\" \/>\n\t\t<meta name=\"twitter:card\" content=\"summary\" \/>\n\t\t<meta name=\"twitter:title\" content=\"Proof GmbH: Registrierung nach \u00a7 9 VerpackG | proof.de\" \/>\n\t\t<meta name=\"twitter:description\" content=\"Die Proof GmbH hat sich unter der Registernummer DE2623803272440 Hersteller von systembeteiligungspflichtigen Verpackungen angemeldet.\" \/>\n\t\t<meta name=\"twitter:image\" content=\"https:\/\/blog1.proofen.de\/wp-content\/uploads\/2020\/04\/proof_background.jpg\" \/>\n\t\t<script type=\"application\/ld+json\" class=\"aioseo-schema\">\n\t\t\t{\"@context\":\"https:\\\/\\\/schema.org\",\"@graph\":[{\"@type\":\"Article\",\"@id\":\"https:\\\/\\\/blog.proofs.de\\\/hu\\\/proof-gmbh-registrierung-nach-%c2%a7-9-verpackg\\\/#article\",\"name\":\"Proof GmbH: Registrierung nach \\u00a7 9 VerpackG | proof.de\",\"headline\":\"Proof GmbH: Registrierung nach \\u00a7 9 VerpackG\",\"author\":{\"@id\":\"https:\\\/\\\/blog.proofs.de\\\/hu\\\/author\\\/mbetz\\\/#author\"},\"publisher\":{\"@id\":\"https:\\\/\\\/blog.proofs.de\\\/hu\\\/#organization\"},\"image\":{\"@type\":\"ImageObject\",\"url\":\"https:\\\/\\\/blog.proofs.de\\\/wp-content\\\/uploads\\\/2019\\\/01\\\/proof_GmbH_VerpackG.png\",\"width\":1872,\"height\":974,\"caption\":\"Proof GmbH Registrierung bei VerpackG\"},\"datePublished\":\"2019-01-01T02:00:55+01:00\",\"dateModified\":\"2020-05-08T02:20:45+02:00\",\"inLanguage\":\"hu-HU\",\"mainEntityOfPage\":{\"@id\":\"https:\\\/\\\/blog.proofs.de\\\/hu\\\/proof-gmbh-registrierung-nach-%c2%a7-9-verpackg\\\/#webpage\"},\"isPartOf\":{\"@id\":\"https:\\\/\\\/blog.proofs.de\\\/hu\\\/proof-gmbh-registrierung-nach-%c2%a7-9-verpackg\\\/#webpage\"},\"articleSection\":\"Allgemein, Proof GmbH, Proof GmbH, Proof.de, VerpackG\"},{\"@type\":\"BreadcrumbList\",\"@id\":\"https:\\\/\\\/blog.proofs.de\\\/hu\\\/proof-gmbh-registrierung-nach-%c2%a7-9-verpackg\\\/#breadcrumblist\",\"itemListElement\":[{\"@type\":\"ListItem\",\"@id\":\"https:\\\/\\\/blog.proofs.de\\\/hu#listItem\",\"position\":1,\"name\":\"Home\",\"item\":\"https:\\\/\\\/blog.proofs.de\\\/hu\",\"nextItem\":{\"@type\":\"ListItem\",\"@id\":\"https:\\\/\\\/blog.proofs.de\\\/hu\\\/thema\\\/proof-wissen\\\/#listItem\",\"name\":\"Proof Wissen\"}},{\"@type\":\"ListItem\",\"@id\":\"https:\\\/\\\/blog.proofs.de\\\/hu\\\/thema\\\/proof-wissen\\\/#listItem\",\"position\":2,\"name\":\"Proof Wissen\",\"item\":\"https:\\\/\\\/blog.proofs.de\\\/hu\\\/thema\\\/proof-wissen\\\/\",\"nextItem\":{\"@type\":\"ListItem\",\"@id\":\"https:\\\/\\\/blog.proofs.de\\\/hu\\\/thema\\\/proof-wissen\\\/kategorie-proof-gmbh\\\/#listItem\",\"name\":\"Proof GmbH\"},\"previousItem\":{\"@type\":\"ListItem\",\"@id\":\"https:\\\/\\\/blog.proofs.de\\\/hu#listItem\",\"name\":\"Home\"}},{\"@type\":\"ListItem\",\"@id\":\"https:\\\/\\\/blog.proofs.de\\\/hu\\\/thema\\\/proof-wissen\\\/kategorie-proof-gmbh\\\/#listItem\",\"position\":3,\"name\":\"Proof GmbH\",\"item\":\"https:\\\/\\\/blog.proofs.de\\\/hu\\\/thema\\\/proof-wissen\\\/kategorie-proof-gmbh\\\/\",\"nextItem\":{\"@type\":\"ListItem\",\"@id\":\"https:\\\/\\\/blog.proofs.de\\\/hu\\\/proof-gmbh-registrierung-nach-%c2%a7-9-verpackg\\\/#listItem\",\"name\":\"Proof GmbH: Registrierung nach \\u00a7 9 VerpackG\"},\"previousItem\":{\"@type\":\"ListItem\",\"@id\":\"https:\\\/\\\/blog.proofs.de\\\/hu\\\/thema\\\/proof-wissen\\\/#listItem\",\"name\":\"Proof Wissen\"}},{\"@type\":\"ListItem\",\"@id\":\"https:\\\/\\\/blog.proofs.de\\\/hu\\\/proof-gmbh-registrierung-nach-%c2%a7-9-verpackg\\\/#listItem\",\"position\":4,\"name\":\"Proof GmbH: Registrierung nach \\u00a7 9 VerpackG\",\"previousItem\":{\"@type\":\"ListItem\",\"@id\":\"https:\\\/\\\/blog.proofs.de\\\/hu\\\/thema\\\/proof-wissen\\\/kategorie-proof-gmbh\\\/#listItem\",\"name\":\"Proof GmbH\"}}]},{\"@type\":\"Organization\",\"@id\":\"https:\\\/\\\/blog.proofs.de\\\/hu\\\/#organization\",\"name\":\"Proof GmbH\",\"description\":\"Farbverbindlicher Proof, Farbproof, Digitalproof und Online-Proof.\",\"url\":\"https:\\\/\\\/blog.proofs.de\\\/hu\\\/\",\"telephone\":\"+4970717952740\",\"logo\":{\"@type\":\"ImageObject\",\"url\":\"https:\\\/\\\/blog1.proofen.de\\\/wp-content\\\/uploads\\\/2019\\\/09\\\/logo_proof_rgb_mit_balken_250px.png\",\"@id\":\"https:\\\/\\\/blog.proofs.de\\\/hu\\\/proof-gmbh-registrierung-nach-%c2%a7-9-verpackg\\\/#organizationLogo\"},\"image\":{\"@id\":\"https:\\\/\\\/blog.proofs.de\\\/hu\\\/proof-gmbh-registrierung-nach-%c2%a7-9-verpackg\\\/#organizationLogo\"},\"sameAs\":[\"https:\\\/\\\/www.facebook.com\\\/Proof.de\\\/\",\"https:\\\/\\\/www.instagram.com\\\/proof.de\\\/\",\"https:\\\/\\\/www.tiktok.com\\\/@proof_de\",\"https:\\\/\\\/www.youtube.com\\\/channel\\\/UCk80fQVQ25wC9wu3SywB-Nw\",\"https:\\\/\\\/www.linkedin.com\\\/company\\\/proof-de\"]},{\"@type\":\"Person\",\"@id\":\"https:\\\/\\\/blog.proofs.de\\\/hu\\\/author\\\/mbetz\\\/#author\",\"url\":\"https:\\\/\\\/blog.proofs.de\\\/hu\\\/author\\\/mbetz\\\/\",\"name\":\"Matthias Betz\",\"image\":{\"@type\":\"ImageObject\",\"@id\":\"https:\\\/\\\/blog.proofs.de\\\/hu\\\/proof-gmbh-registrierung-nach-%c2%a7-9-verpackg\\\/#authorImage\",\"url\":\"https:\\\/\\\/blog.proofs.de\\\/wp-content\\\/uploads\\\/2020\\\/10\\\/matthias-betz-e1603934518350-150x150.png\",\"width\":96,\"height\":96,\"caption\":\"Matthias Betz\"}},{\"@type\":\"WebPage\",\"@id\":\"https:\\\/\\\/blog.proofs.de\\\/hu\\\/proof-gmbh-registrierung-nach-%c2%a7-9-verpackg\\\/#webpage\",\"url\":\"https:\\\/\\\/blog.proofs.de\\\/hu\\\/proof-gmbh-registrierung-nach-%c2%a7-9-verpackg\\\/\",\"name\":\"Proof GmbH: Registrierung nach \\u00a7 9 VerpackG | proof.de\",\"description\":\"Die Proof GmbH hat sich unter der Registernummer DE2623803272440 Hersteller von systembeteiligungspflichtigen Verpackungen angemeldet.\",\"inLanguage\":\"hu-HU\",\"isPartOf\":{\"@id\":\"https:\\\/\\\/blog.proofs.de\\\/hu\\\/#website\"},\"breadcrumb\":{\"@id\":\"https:\\\/\\\/blog.proofs.de\\\/hu\\\/proof-gmbh-registrierung-nach-%c2%a7-9-verpackg\\\/#breadcrumblist\"},\"author\":{\"@id\":\"https:\\\/\\\/blog.proofs.de\\\/hu\\\/author\\\/mbetz\\\/#author\"},\"creator\":{\"@id\":\"https:\\\/\\\/blog.proofs.de\\\/hu\\\/author\\\/mbetz\\\/#author\"},\"image\":{\"@type\":\"ImageObject\",\"url\":\"https:\\\/\\\/blog.proofs.de\\\/wp-content\\\/uploads\\\/2019\\\/01\\\/proof_GmbH_VerpackG.png\",\"@id\":\"https:\\\/\\\/blog.proofs.de\\\/hu\\\/proof-gmbh-registrierung-nach-%c2%a7-9-verpackg\\\/#mainImage\",\"width\":1872,\"height\":974,\"caption\":\"Proof GmbH Registrierung bei VerpackG\"},\"primaryImageOfPage\":{\"@id\":\"https:\\\/\\\/blog.proofs.de\\\/hu\\\/proof-gmbh-registrierung-nach-%c2%a7-9-verpackg\\\/#mainImage\"},\"datePublished\":\"2019-01-01T02:00:55+01:00\",\"dateModified\":\"2020-05-08T02:20:45+02:00\"},{\"@type\":\"WebSite\",\"@id\":\"https:\\\/\\\/blog.proofs.de\\\/hu\\\/#website\",\"url\":\"https:\\\/\\\/blog.proofs.de\\\/hu\\\/\",\"name\":\"Proof.de\",\"description\":\"Farbverbindlicher Proof, Farbproof, Digitalproof und Online-Proof.\",\"inLanguage\":\"hu-HU\",\"publisher\":{\"@id\":\"https:\\\/\\\/blog.proofs.de\\\/hu\\\/#organization\"}}]}\n\t\t<\/script>\n\t\t<!-- All in One SEO -->\n\n","aioseo_head_json":{"title":"Proof GmbH: Regisztr\u00e1ci\u00f3 a VerpackG 9. \u00a7 szerint | proof.de","description":"Az Proof GmbH a DE2623803272440 regisztr\u00e1ci\u00f3s sz\u00e1mon regisztr\u00e1lt, mint rendszerhaszn\u00e1lati k\u00f6telezetts\u00e9g al\u00e1 tartoz\u00f3 csomagol\u00f3anyag-gy\u00e1rt\u00f3.","canonical_url":"https:\/\/blog.proofs.de\/hu\/proof-gmbh-registrierung-nach-%c2%a7-9-verpackg\/","robots":"max-image-preview:large","keywords":"proof gmbh,proof.de,verpackg,versandverpackungen,proof gmbh,proof.de,verpackg","webmasterTools":{"google-site-verification":"TuXxyRwxcEg2-WfOaQ8vScWQh3-uBAnxXmY7g3GT90A","miscellaneous":"&lt;meta name=\"seobility\" content=\"593a8578143db71543f014978c690d47\"&gt;"},"schema":{"@context":"https:\/\/schema.org","@graph":[{"@type":"Article","@id":"https:\/\/blog.proofs.de\/hu\/proof-gmbh-registrierung-nach-%c2%a7-9-verpackg\/#article","name":"Proof GmbH: Registrierung nach \u00a7 9 VerpackG | proof.de","headline":"Proof GmbH: Registrierung nach \u00a7 9 VerpackG","author":{"@id":"https:\/\/blog.proofs.de\/hu\/author\/mbetz\/#author"},"publisher":{"@id":"https:\/\/blog.proofs.de\/hu\/#organization"},"image":{"@type":"ImageObject","url":"https:\/\/blog.proofs.de\/wp-content\/uploads\/2019\/01\/proof_GmbH_VerpackG.png","width":1872,"height":974,"caption":"Proof GmbH Registrierung bei VerpackG"},"datePublished":"2019-01-01T02:00:55+01:00","dateModified":"2020-05-08T02:20:45+02:00","inLanguage":"hu-HU","mainEntityOfPage":{"@id":"https:\/\/blog.proofs.de\/hu\/proof-gmbh-registrierung-nach-%c2%a7-9-verpackg\/#webpage"},"isPartOf":{"@id":"https:\/\/blog.proofs.de\/hu\/proof-gmbh-registrierung-nach-%c2%a7-9-verpackg\/#webpage"},"articleSection":"Allgemein, Proof GmbH, Proof GmbH, Proof.de, VerpackG"},{"@type":"BreadcrumbList","@id":"https:\/\/blog.proofs.de\/hu\/proof-gmbh-registrierung-nach-%c2%a7-9-verpackg\/#breadcrumblist","itemListElement":[{"@type":"ListItem","@id":"https:\/\/blog.proofs.de\/hu#listItem","position":1,"name":"Home","item":"https:\/\/blog.proofs.de\/hu","nextItem":{"@type":"ListItem","@id":"https:\/\/blog.proofs.de\/hu\/thema\/proof-wissen\/#listItem","name":"Proof Wissen"}},{"@type":"ListItem","@id":"https:\/\/blog.proofs.de\/hu\/thema\/proof-wissen\/#listItem","position":2,"name":"Proof Wissen","item":"https:\/\/blog.proofs.de\/hu\/thema\/proof-wissen\/","nextItem":{"@type":"ListItem","@id":"https:\/\/blog.proofs.de\/hu\/thema\/proof-wissen\/kategorie-proof-gmbh\/#listItem","name":"Proof GmbH"},"previousItem":{"@type":"ListItem","@id":"https:\/\/blog.proofs.de\/hu#listItem","name":"Home"}},{"@type":"ListItem","@id":"https:\/\/blog.proofs.de\/hu\/thema\/proof-wissen\/kategorie-proof-gmbh\/#listItem","position":3,"name":"Proof GmbH","item":"https:\/\/blog.proofs.de\/hu\/thema\/proof-wissen\/kategorie-proof-gmbh\/","nextItem":{"@type":"ListItem","@id":"https:\/\/blog.proofs.de\/hu\/proof-gmbh-registrierung-nach-%c2%a7-9-verpackg\/#listItem","name":"Proof GmbH: Registrierung nach \u00a7 9 VerpackG"},"previousItem":{"@type":"ListItem","@id":"https:\/\/blog.proofs.de\/hu\/thema\/proof-wissen\/#listItem","name":"Proof Wissen"}},{"@type":"ListItem","@id":"https:\/\/blog.proofs.de\/hu\/proof-gmbh-registrierung-nach-%c2%a7-9-verpackg\/#listItem","position":4,"name":"Proof GmbH: Registrierung nach \u00a7 9 VerpackG","previousItem":{"@type":"ListItem","@id":"https:\/\/blog.proofs.de\/hu\/thema\/proof-wissen\/kategorie-proof-gmbh\/#listItem","name":"Proof GmbH"}}]},{"@type":"Organization","@id":"https:\/\/blog.proofs.de\/hu\/#organization","name":"Proof GmbH","description":"Farbverbindlicher Proof, Farbproof, Digitalproof und Online-Proof.","url":"https:\/\/blog.proofs.de\/hu\/","telephone":"+4970717952740","logo":{"@type":"ImageObject","url":"https:\/\/blog1.proofen.de\/wp-content\/uploads\/2019\/09\/logo_proof_rgb_mit_balken_250px.png","@id":"https:\/\/blog.proofs.de\/hu\/proof-gmbh-registrierung-nach-%c2%a7-9-verpackg\/#organizationLogo"},"image":{"@id":"https:\/\/blog.proofs.de\/hu\/proof-gmbh-registrierung-nach-%c2%a7-9-verpackg\/#organizationLogo"},"sameAs":["https:\/\/www.facebook.com\/Proof.de\/","https:\/\/www.instagram.com\/proof.de\/","https:\/\/www.tiktok.com\/@proof_de","https:\/\/www.youtube.com\/channel\/UCk80fQVQ25wC9wu3SywB-Nw","https:\/\/www.linkedin.com\/company\/proof-de"]},{"@type":"Person","@id":"https:\/\/blog.proofs.de\/hu\/author\/mbetz\/#author","url":"https:\/\/blog.proofs.de\/hu\/author\/mbetz\/","name":"Matthias Betz","image":{"@type":"ImageObject","@id":"https:\/\/blog.proofs.de\/hu\/proof-gmbh-registrierung-nach-%c2%a7-9-verpackg\/#authorImage","url":"https:\/\/blog.proofs.de\/wp-content\/uploads\/2020\/10\/matthias-betz-e1603934518350-150x150.png","width":96,"height":96,"caption":"Matthias Betz"}},{"@type":"WebPage","@id":"https:\/\/blog.proofs.de\/hu\/proof-gmbh-registrierung-nach-%c2%a7-9-verpackg\/#webpage","url":"https:\/\/blog.proofs.de\/hu\/proof-gmbh-registrierung-nach-%c2%a7-9-verpackg\/","name":"Proof GmbH: Registrierung nach \u00a7 9 VerpackG | proof.de","description":"Die Proof GmbH hat sich unter der Registernummer DE2623803272440 Hersteller von systembeteiligungspflichtigen Verpackungen angemeldet.","inLanguage":"hu-HU","isPartOf":{"@id":"https:\/\/blog.proofs.de\/hu\/#website"},"breadcrumb":{"@id":"https:\/\/blog.proofs.de\/hu\/proof-gmbh-registrierung-nach-%c2%a7-9-verpackg\/#breadcrumblist"},"author":{"@id":"https:\/\/blog.proofs.de\/hu\/author\/mbetz\/#author"},"creator":{"@id":"https:\/\/blog.proofs.de\/hu\/author\/mbetz\/#author"},"image":{"@type":"ImageObject","url":"https:\/\/blog.proofs.de\/wp-content\/uploads\/2019\/01\/proof_GmbH_VerpackG.png","@id":"https:\/\/blog.proofs.de\/hu\/proof-gmbh-registrierung-nach-%c2%a7-9-verpackg\/#mainImage","width":1872,"height":974,"caption":"Proof GmbH Registrierung bei VerpackG"},"primaryImageOfPage":{"@id":"https:\/\/blog.proofs.de\/hu\/proof-gmbh-registrierung-nach-%c2%a7-9-verpackg\/#mainImage"},"datePublished":"2019-01-01T02:00:55+01:00","dateModified":"2020-05-08T02:20:45+02:00"},{"@type":"WebSite","@id":"https:\/\/blog.proofs.de\/hu\/#website","url":"https:\/\/blog.proofs.de\/hu\/","name":"Proof.de","description":"Farbverbindlicher Proof, Farbproof, Digitalproof und Online-Proof.","inLanguage":"hu-HU","publisher":{"@id":"https:\/\/blog.proofs.de\/hu\/#organization"}}]},"og:locale":"hu_HU","og:site_name":"Proof.de | Alles zu Proof, Farbmanagement, Grafik, Messtechnik &amp; Co.","og:type":"article","og:title":"Proof GmbH: Registrierung nach \u00a7 9 VerpackG | proof.de","og:description":"Die Proof GmbH hat sich unter der Registernummer DE2623803272440 Hersteller von systembeteiligungspflichtigen Verpackungen angemeldet.","og:url":"https:\/\/blog.proofs.de\/hu\/proof-gmbh-registrierung-nach-%c2%a7-9-verpackg\/","og:image":"https:\/\/blog.proofs.de\/wp-content\/uploads\/2019\/01\/proof_GmbH_VerpackG.png","og:image:secure_url":"https:\/\/blog.proofs.de\/wp-content\/uploads\/2019\/01\/proof_GmbH_VerpackG.png","og:image:width":1872,"og:image:height":974,"article:published_time":"2019-01-01T01:00:55+00:00","article:modified_time":"2020-05-08T00:20:45+00:00","article:publisher":"https:\/\/www.facebook.com\/Proof.de\/","twitter:card":"summary","twitter:title":"Proof GmbH: Registrierung nach \u00a7 9 VerpackG | proof.de","twitter:description":"Die Proof GmbH hat sich unter der Registernummer DE2623803272440 Hersteller von systembeteiligungspflichtigen Verpackungen angemeldet.","twitter:image":"https:\/\/blog1.proofen.de\/wp-content\/uploads\/2020\/04\/proof_background.jpg"},"aioseo_meta_data":{"post_id":"2251","title":"Proof GmbH: Registrierung nach \u00a7 9 VerpackG |\u00a0proof.de","description":"Az Proof GmbH a DE2623803272440 regisztr\u00e1ci\u00f3s sz\u00e1mon regisztr\u00e1lt, mint rendszerhaszn\u00e1lati k\u00f6telezetts\u00e9g al\u00e1 tartoz\u00f3 csomagol\u00f3anyag-gy\u00e1rt\u00f3.","keywords":[{"label":"Proof GmbH,Proof.de,VerpackG,Versandverpackungen","value":"Proof GmbH,Proof.de,VerpackG,Versandverpackungen"}],"keyphrases":null,"primary_term":null,"canonical_url":null,"og_title":null,"og_description":null,"og_object_type":"default","og_image_type":"default","og_image_url":null,"og_image_width":null,"og_image_height":null,"og_image_custom_url":null,"og_image_custom_fields":null,"og_video":null,"og_custom_url":null,"og_article_section":null,"og_article_tags":null,"twitter_use_og":false,"twitter_card":"default","twitter_image_type":"default","twitter_image_url":null,"twitter_image_custom_url":null,"twitter_image_custom_fields":null,"twitter_title":null,"twitter_description":null,"schema":{"blockGraphs":[],"customGraphs":[],"default":{"data":{"Article":[],"Course":[],"Dataset":[],"FAQPage":[],"Movie":[],"Person":[],"Product":[],"ProductReview":[],"Car":[],"Recipe":[],"Service":[],"SoftwareApplication":[],"WebPage":[]},"graphName":"","isEnabled":true},"graphs":[],"defaultGraph":"","defaultPostTypeGraph":""},"schema_type":null,"schema_type_options":null,"pillar_content":false,"robots_default":true,"robots_noindex":false,"robots_noarchive":false,"robots_nosnippet":false,"robots_nofollow":false,"robots_noimageindex":false,"robots_noodp":false,"robots_notranslate":false,"robots_max_snippet":null,"robots_max_videopreview":null,"robots_max_imagepreview":"large","priority":null,"frequency":null,"local_seo":null,"breadcrumb_settings":null,"limit_modified_date":false,"ai":null,"created":"2020-12-21 00:33:58","updated":"2025-06-04 14:24:05","seo_analyzer_scan_date":null,"focus_keyword":null,"additional_keywords":null,"truseo_locale":null},"_links":{"self":[{"href":"https:\/\/blog.proofs.de\/hu\/wp-json\/wp\/v2\/posts\/2251","targetHints":{"allow":["GET"]}}],"collection":[{"href":"https:\/\/blog.proofs.de\/hu\/wp-json\/wp\/v2\/posts"}],"about":[{"href":"https:\/\/blog.proofs.de\/hu\/wp-json\/wp\/v2\/types\/post"}],"author":[{"embeddable":true,"href":"https:\/\/blog.proofs.de\/hu\/wp-json\/wp\/v2\/users\/2"}],"replies":[{"embeddable":true,"href":"https:\/\/blog.proofs.de\/hu\/wp-json\/wp\/v2\/comments?post=2251"}],"version-history":[{"count":4,"href":"https:\/\/blog.proofs.de\/hu\/wp-json\/wp\/v2\/posts\/2251\/revisions"}],"predecessor-version":[{"id":3694,"href":"https:\/\/blog.proofs.de\/hu\/wp-json\/wp\/v2\/posts\/2251\/revisions\/3694"}],"wp:featuredmedia":[{"embeddable":true,"href":"https:\/\/blog.proofs.de\/hu\/wp-json\/wp\/v2\/media\/2252"}],"wp:attachment":[{"href":"https:\/\/blog.proofs.de\/hu\/wp-json\/wp\/v2\/media?parent=2251"}],"wp:term":[{"taxonomy":"category","embeddable":true,"href":"https:\/\/blog.proofs.de\/hu\/wp-json\/wp\/v2\/categories?post=2251"},{"taxonomy":"post_tag","embeddable":true,"href":"https:\/\/blog.proofs.de\/hu\/wp-json\/wp\/v2\/tags?post=2251"}],"curies":[{"name":"wp","href":"https:\/\/api.w.org\/{rel}","templated":true}]}}