{"id":2496,"date":"2019-10-11T01:48:02","date_gmt":"2019-10-10T23:48:02","guid":{"rendered":"https:\/\/www.proof.de\/?p=2496"},"modified":"2023-07-20T09:26:34","modified_gmt":"2023-07-20T07:26:34","slug":"gyoenyoeru-volt-a-2019-es-koezgyules-a-freiefarbe-e-v-svajcban","status":"publish","type":"post","link":"https:\/\/blog.proofs.de\/hu\/schoen-wars-die-mitgliederversammlung-2019-von-freiefarbe-e-v-in-der-schweiz\/","title":{"rendered":"Nagyszer\u0171 volt: A freieFarbe e.V. 2019-es k\u00f6zgy\u0171l\u00e9se Sv\u00e1jcban"},"content":{"rendered":"<div class=\"kk-star-ratings kksr-auto kksr-align-right kksr-valign-top\" data-payload='{\"align\":\"right\",\"id\":\"2496\",\"slug\":\"default\",\"valign\":\"top\",\"ignore\":\"\",\"reference\":\"auto\",\"class\":\"\",\"count\":\"0\",\"legendonly\":\"\",\"readonly\":\"\",\"score\":\"0\",\"starsonly\":\"\",\"best\":\"5\",\"gap\":\"5\",\"greet\":\"Jetzt bewerten\",\"legend\":\"0\\\/5 - (0 votes)\",\"size\":\"24\",\"title\":\"Sch&ouml;n war\\u0026#039;s: Die Mitgliederversammlung 2019 von freieFarbe e.V. in der Schweiz\",\"width\":\"0\",\"_legend\":\"{score}\\\/{best} - ({count} {votes})\",\"font_factor\":\"1.25\"}'>\n            \n<div class=\"kksr-stars\">\n    \n<div class=\"kksr-stars-inactive\">\n            <div class=\"kksr-star\" data-star=\"1\" style=\"padding-right: 5px\">\n            \n\n<div class=\"kksr-icon\" style=\"width: 24px; height: 24px;\"><\/div>\n        <\/div>\n            <div class=\"kksr-star\" data-star=\"2\" style=\"padding-right: 5px\">\n            \n\n<div class=\"kksr-icon\" style=\"width: 24px; height: 24px;\"><\/div>\n        <\/div>\n            <div class=\"kksr-star\" data-star=\"3\" style=\"padding-right: 5px\">\n            \n\n<div class=\"kksr-icon\" style=\"width: 24px; height: 24px;\"><\/div>\n        <\/div>\n            <div class=\"kksr-star\" data-star=\"4\" style=\"padding-right: 5px\">\n            \n\n<div class=\"kksr-icon\" style=\"width: 24px; height: 24px;\"><\/div>\n        <\/div>\n            <div class=\"kksr-star\" data-star=\"5\" style=\"padding-right: 5px\">\n            \n\n<div class=\"kksr-icon\" style=\"width: 24px; height: 24px;\"><\/div>\n        <\/div>\n    <\/div>\n    \n<div class=\"kksr-stars-active\" style=\"width: 0px;\">\n            <div class=\"kksr-star\" style=\"padding-right: 5px\">\n            \n\n<div class=\"kksr-icon\" style=\"width: 24px; height: 24px;\"><\/div>\n        <\/div>\n            <div class=\"kksr-star\" style=\"padding-right: 5px\">\n            \n\n<div class=\"kksr-icon\" style=\"width: 24px; height: 24px;\"><\/div>\n        <\/div>\n            <div class=\"kksr-star\" style=\"padding-right: 5px\">\n            \n\n<div class=\"kksr-icon\" style=\"width: 24px; height: 24px;\"><\/div>\n        <\/div>\n            <div class=\"kksr-star\" style=\"padding-right: 5px\">\n            \n\n<div class=\"kksr-icon\" style=\"width: 24px; height: 24px;\"><\/div>\n        <\/div>\n            <div class=\"kksr-star\" style=\"padding-right: 5px\">\n            \n\n<div class=\"kksr-icon\" style=\"width: 24px; height: 24px;\"><\/div>\n        <\/div>\n    <\/div>\n<\/div>\n                \n\n<div class=\"kksr-legend\" style=\"font-size: 19.2px;\">\n            <span class=\"kksr-muted\">Szavazz most<\/span>\n    <\/div>\n    <\/div>\n\n<p class=\"wp-block-paragraph\">Miut\u00e1n a freieFarbe e.V. egyes\u00fclet tavaly T\u00fcbingenben tartotta \u00e9ves k\u00f6zgy\u0171l\u00e9s\u00e9t, id\u00e9n az Appenzell r\u00e9gi\u00f3ban egy rusztikus kunyh\u00f3ban tal\u00e1lkoztunk, amelyet Peter J\u00e4ger a pre2media-t\u00f3l \u00e9s Eric A. Soder a pixsource.com-t\u00f3l t\u00f6k\u00e9letesen kiv\u00e1lasztott, ak\u00e1rcsak a naps\u00fct\u00e9ses id\u0151j\u00e1r\u00e1st, amely p\u00e9ntekt\u0151l vas\u00e1rnapig k\u00eds\u00e9rte a tal\u00e1lkoz\u00f3t.<\/p>\n\n\n<div class=\"wp-block-image\">\n<figure class=\"alignright is-resized\"><a href=\"https:\/\/blog1.proofen.de\/wp-content\/uploads\/2019\/10\/gv02.jpg\" target=\"_blank\" rel=\"noreferrer noopener\"><img loading=\"lazy\" decoding=\"async\" src=\"https:\/\/blog1.proofen.de\/wp-content\/uploads\/2019\/10\/gv02-1024x768.jpg\" alt=\"freieFarbe e.V. K\u00f6zgy\u0171l\u00e9s 2019: Sz\u00e1ll\u00e1sunk a sv\u00e1jci hegyekben\" class=\"wp-image-2503\" width=\"512\" height=\"384\" srcset=\"https:\/\/blog.proofs.de\/wp-content\/uploads\/2019\/10\/gv02-1024x768.jpg 1024w, https:\/\/blog.proofs.de\/wp-content\/uploads\/2019\/10\/gv02-300x225.jpg 300w, https:\/\/blog.proofs.de\/wp-content\/uploads\/2019\/10\/gv02-768x576.jpg 768w, https:\/\/blog.proofs.de\/wp-content\/uploads\/2019\/10\/gv02-400x300.jpg 400w\" sizes=\"auto, (max-width: 512px) 100vw, 512px\"><\/a><figcaption class=\"wp-element-caption\">freieFarbe e.V. K\u00f6zgy\u0171l\u00e9s 2019: Sz\u00e1ll\u00e1sunk a sv\u00e1jci hegyekben<\/figcaption><\/figure>\n<\/div>\n\n\n<p class=\"wp-block-paragraph\">Holger Everding a DTP Studio Oldenburgt\u00f3l \u00e9s Jan-Peter Homann a berlini Homann Colormanagementt\u0151l cs\u00fct\u00f6rt\u00f6k\u00f6n T\u00fcbingenbe utazott, \u00e9s egy hossz\u00fa \u00e9jszakai megbesz\u00e9l\u00e9st \u00e9s egy tal\u00e1lkoz\u00f3t k\u00f6vet\u0151en a berlini <a href=\"https:\/\/blog.proofs.de\/hu\/lexikon\/proof\/\" target=\"_self\" title=\"A contract proof egy ISO 12647-7 tan\u00fas\u00edtv\u00e1nnyal rendelkez\u0151, a grafikai ipar sz\u00e1m\u00e1ra k\u00e9sz\u00fclt vizsg\u00e1l\u00f3eszk\u00f6z. A pr\u00f3banyomat az ISO-szabv\u00e1ny sz\u0171k t\u0171r\u00e9shat\u00e1rain bel\u00fcl sz\u00edn- \u00e9s jogilag k\u00f6telez\u0151 m\u00f3don szimul\u00e1lja az ofszet- vagy m\u00e9lynyom\u00f3g\u00e9pek sz\u00edness\u00e9g\u00e9t.\" class=\"encyclopedia\">Bizony\u00edt\u00e9k<\/a>.de irod\u00e1ban, p\u00e9ntek d\u00e9l k\u00f6r\u00fcl h\u00e1rmasban folytattuk utunkat Sv\u00e1jcba. A Peter J\u00e4gerrel \u00e9s Eric A. Soderrel k\u00f6z\u00f6s vacsora ut\u00e1n (el\u0151z\u0151 este sv\u00e1b burgonyasal\u00e1t\u00e1t \u00e9s az \u00e9n k\u00e9zzel k\u00e9sz\u00edtett t\u00fcbingeni Maultaschenemet hoztuk magunkkal) egy tervez\u00e9ssel teli este \u00e9s egy strat\u00e9giai workshop vette kezdet\u00e9t a k\u00f6vetkez\u0151 egyes\u00fcleti \u00e9v feladataival \u00e9s c\u00e9ljaival kapcsolatban. Nem volt k\u00e9ts\u00e9ges, hogy ez az este is tele volt megbesz\u00e9l\u00e9ssel, fejl\u0151d\u00e9ssel, nevet\u00e9ssel \u00e9s j\u00f3 sz\u00f3rakoz\u00e1ssal a Flensburger Pils, a sv\u00e1jci Be<a href=\"https:\/\/blog.proofs.de\/hu\/lexikon\/rgb\/\" target=\"_self\" title=\"Az RGB a piros, z\u00f6ld \u00e9s k\u00e9k sz\u00edneket jelenti. Az emberi sz\u00ednl\u00e1t\u00e1s ezeken a sz\u00edneken alapul.\" class=\"encyclopedia\">rgb<\/a>ier \u00e9s bor vonz\u00f3 v\u00f6r\u00f6s \u00e9s vil\u00e1goss\u00e1rga sz\u00edn\u00e1rnyalatokban.<\/p>\n\n\n\n<figure class=\"wp-block-image\"><a href=\"https:\/\/blog1.proofen.de\/wp-content\/uploads\/2019\/10\/gv07.jpg\" target=\"_blank\" rel=\"noreferrer noopener\"><img loading=\"lazy\" decoding=\"async\" width=\"1024\" height=\"768\" src=\"https:\/\/blog1.proofen.de\/wp-content\/uploads\/2019\/10\/gv07-1024x768.jpg\" alt=\"A p\u00e9ntek esti ingyenes sz\u00ednes kreat\u00edv m\u0171hely eredm\u00e9nyeinek r\u00e9szlete a s\u00falyoz\u00e1ssal (k\u00e9k matric\u00e1k) \u00e9s a felel\u0151ss\u00e9ggel (n\u00e9v r\u00f6vid\u00edt\u00e9sek).\" class=\"wp-image-2501\" srcset=\"https:\/\/blog.proofs.de\/wp-content\/uploads\/2019\/10\/gv07-1024x768.jpg 1024w, https:\/\/blog.proofs.de\/wp-content\/uploads\/2019\/10\/gv07-300x225.jpg 300w, https:\/\/blog.proofs.de\/wp-content\/uploads\/2019\/10\/gv07-768x576.jpg 768w, https:\/\/blog.proofs.de\/wp-content\/uploads\/2019\/10\/gv07-400x300.jpg 400w\" sizes=\"auto, (max-width: 1024px) 100vw, 1024px\"><\/a><figcaption class=\"wp-element-caption\">A p\u00e9ntek esti ingyenes sz\u00ednes kreat\u00edv m\u0171hely eredm\u00e9nyeinek r\u00e9szlete a s\u00falyoz\u00e1ssal (k\u00e9k matric\u00e1k) \u00e9s a felel\u0151ss\u00e9ggel (n\u00e9v r\u00f6vid\u00edt\u00e9sekkel).<\/figcaption><\/figure>\n\n\n\n<p class=\"wp-block-paragraph\">A reggeli ut\u00e1n szombaton a swissQprinthez utaztunk, ahol Guy Fl\u00fceli sz\u00f6vets\u00e9gi tagt\u00f3l r\u00e9szletesen megismerhett\u00fck a nagyform\u00e1tum\u00fa digit\u00e1lis nyomtat\u00e1s leg\u00fajabb v\u00edvm\u00e1nyait, megtekinthett\u00fck a gy\u00e1rt\u00f3\u00fczemet, \u00e9s nyomtat\u00e1si teszteket v\u00e9gezhett\u00fcnk a Karibu \u00e9s m\u00e1s SwissQPrint nyomdag\u00e9peken.<\/p>\n\n\n\n<figure class=\"wp-block-image\"><a href=\"https:\/\/blog1.proofen.de\/wp-content\/uploads\/2019\/10\/jhv2019-1140x550.jpg\" target=\"_blank\" rel=\"noreferrer noopener\"><img loading=\"lazy\" decoding=\"async\" width=\"1024\" height=\"494\" src=\"https:\/\/blog1.proofen.de\/wp-content\/uploads\/2019\/10\/jhv2019-1140x550-1024x494.jpg\" alt=\"A freieFarbe e.V. 2019-es \u00e9ves k\u00f6zgy\u0171l\u00e9se Sv\u00e1jcban\" class=\"wp-image-2500\" srcset=\"https:\/\/blog.proofs.de\/wp-content\/uploads\/2019\/10\/jhv2019-1140x550-1024x494.jpg 1024w, https:\/\/blog.proofs.de\/wp-content\/uploads\/2019\/10\/jhv2019-1140x550-300x145.jpg 300w, https:\/\/blog.proofs.de\/wp-content\/uploads\/2019\/10\/jhv2019-1140x550-768x371.jpg 768w, https:\/\/blog.proofs.de\/wp-content\/uploads\/2019\/10\/jhv2019-1140x550-500x241.jpg 500w, https:\/\/blog.proofs.de\/wp-content\/uploads\/2019\/10\/jhv2019-1140x550.jpg 1140w\" sizes=\"auto, (max-width: 1024px) 100vw, 1024px\"><\/a><figcaption class=\"wp-element-caption\">Balr\u00f3l jobbra: Matteo Baschera, Jan-Peter Homann, Matthias Betz, Holger Everding, Eric A. Soder, Martin Spaar, Peter J\u00e4ger, Michael Jakobi. Hi\u00e1nyzik: Kai-Uwe Behrmann, Jan Seguda, Guy Fl\u00fceli (fot\u00f3).<br><\/figcaption><\/figure>\n\n\n\n<figure class=\"wp-block-gallery has-nested-images columns-default is-cropped wp-block-gallery-2 is-layout-flex wp-block-gallery-is-layout-flex\">\n<figure class=\"wp-block-image\"><a href=\"https:\/\/blog1.proofen.de\/wp-content\/uploads\/2019\/10\/gv06.jpg\"><img loading=\"lazy\" decoding=\"async\" width=\"1024\" height=\"768\" data-id=\"2502\" src=\"https:\/\/blog1.proofen.de\/wp-content\/uploads\/2019\/10\/gv06-1024x768.jpg\" alt=\"K\u00f6zgy\u0171l\u00e9s freecolour e.V. 2019 a swissQprintn\u00e9l\" class=\"wp-image-2502\" srcset=\"https:\/\/blog.proofs.de\/wp-content\/uploads\/2019\/10\/gv06-1024x768.jpg 1024w, https:\/\/blog.proofs.de\/wp-content\/uploads\/2019\/10\/gv06-300x225.jpg 300w, https:\/\/blog.proofs.de\/wp-content\/uploads\/2019\/10\/gv06-768x576.jpg 768w, https:\/\/blog.proofs.de\/wp-content\/uploads\/2019\/10\/gv06-400x300.jpg 400w\" sizes=\"auto, (max-width: 1024px) 100vw, 1024px\"><\/a><figcaption class=\"wp-element-caption\">Holger Everding, Guy Fl\u00fceli, Jan-Peter Homann<\/figcaption><\/figure>\n\n\n\n<figure class=\"wp-block-image\"><a href=\"https:\/\/blog1.proofen.de\/wp-content\/uploads\/2019\/10\/gv04.jpg\"><img loading=\"lazy\" decoding=\"async\" width=\"1024\" height=\"768\" data-id=\"2504\" src=\"https:\/\/blog1.proofen.de\/wp-content\/uploads\/2019\/10\/gv04-1024x768.jpg\" alt=\"Bemutat\u00f3terem a swissQprint-t\u0151l\" class=\"wp-image-2504\" srcset=\"https:\/\/blog.proofs.de\/wp-content\/uploads\/2019\/10\/gv04-1024x768.jpg 1024w, https:\/\/blog.proofs.de\/wp-content\/uploads\/2019\/10\/gv04-300x225.jpg 300w, https:\/\/blog.proofs.de\/wp-content\/uploads\/2019\/10\/gv04-768x576.jpg 768w, https:\/\/blog.proofs.de\/wp-content\/uploads\/2019\/10\/gv04-400x300.jpg 400w\" sizes=\"auto, (max-width: 1024px) 100vw, 1024px\"><\/a><figcaption class=\"wp-element-caption\">Bemutat\u00f3terem swissQprint<\/figcaption><\/figure>\n\n\n\n<figure class=\"wp-block-image\"><a href=\"https:\/\/blog1.proofen.de\/wp-content\/uploads\/2019\/10\/gv08.jpg\"><img loading=\"lazy\" decoding=\"async\" width=\"1024\" height=\"768\" data-id=\"2505\" src=\"https:\/\/blog1.proofen.de\/wp-content\/uploads\/2019\/10\/gv08-1024x768.jpg\" alt=\"freieFarbe e.V. a swissQprintn\u00e9l\" class=\"wp-image-2505\" srcset=\"https:\/\/blog.proofs.de\/wp-content\/uploads\/2019\/10\/gv08-1024x768.jpg 1024w, https:\/\/blog.proofs.de\/wp-content\/uploads\/2019\/10\/gv08-300x225.jpg 300w, https:\/\/blog.proofs.de\/wp-content\/uploads\/2019\/10\/gv08-768x576.jpg 768w, https:\/\/blog.proofs.de\/wp-content\/uploads\/2019\/10\/gv08-400x300.jpg 400w\" sizes=\"auto, (max-width: 1024px) 100vw, 1024px\"><\/a><figcaption class=\"wp-element-caption\">Michael Jakobi, Matteo Baschera, Martin Spaar, Matthias Betz, Guy Fl\u00fceli, Jan-Peter Homann, Jan-Peter Homann.<\/figcaption><\/figure>\n<\/figure>\n\n\n\n<p class=\"wp-block-paragraph\">Szombaton csatlakoztak hozz\u00e1nk az egyes\u00fclet m\u00e1s tagjai is: Michael Jakobi a MatchMyColor-t\u00f3l, Martin Spaar a Schweizer Publisher-t\u0151l, Matteo Baschera a Gal<a href=\"https:\/\/blog.proofs.de\/hu\/lexikon\/led\/\" target=\"_self\" title='A LED &quot;f\u00e9nykibocs\u00e1t\u00f3 di\u00f3da&quot;, \u00e9s a grafikai iparban az \u00faj &quot;LED&quot; f\u00e9nyt jelenti, amely felv\u00e1ltotta a r\u00e9gebbi f\u00e9nyforr\u00e1sokat, p\u00e9ld\u00e1ul a neoncs\u00f6veket \u00e9s a volfr\u00e1ml\u00e1mp\u00e1kat. A neoncs\u00f6vek els\u0151sorban a D50 vagy D65 szabv\u00e1nyos f\u00e9nytartom\u00e1nyb\u00f3l ismertek, m\u00edg a volfr\u00e1m f\u00e9nyforr\u00e1sokat els\u0151sorban sz\u00ednm\u00e9r\u0151kben, p\u00e9ld\u00e1ul spektrofotom\u00e9terekben \u00e9s kolorim\u00e9terekben haszn\u00e1lt\u00e1k.....' class=\"encyclopedia\">led<\/a>ia, Jan Seguda a ColorGATE-t\u00f3l \u00e9s Kai-Uwe Behrmann szoftverfejleszt\u0151 Chemnitzb\u0151l. A k\u00f6z\u00f6s eb\u00e9d ut\u00e1n a tagok tal\u00e1lkoz\u00f3ja a SwissQPrint t\u00e1rgyal\u00f3term\u00e9ben kezd\u0151d\u00f6tt, amelyet sz\u00edvesen ig\u00e9nybe vehett\u00fcnk. <a href=\"https:\/\/blog.proofs.de\/hu\/lexikon\/nutzen\/\" target=\"_self\" title=\"A panelek sz\u00e1ma azt jelzi, hogy h\u00e1ny oldal helyezhet\u0151 el (\u00e9s \u00edgy nyomtathat\u00f3 ki) egy nyomtat\u00e1si lapon.\" class=\"encyclopedia\">haszn\u00e1lja a  c\u00edmet.<\/a> k\u00e9pesek voltak.<\/p>\n\n\n\n<p class=\"wp-block-paragraph\">A 2018\/19-es p\u00e9nz\u00fcgyi \u00e9v \u00e1ttekint\u00e9se ut\u00e1n a 2018\/19-es p\u00e9nz\u00fcgyi \u00e9v s\u0171r\u0171, a fejleszt\u00e9s <a href=\"https:\/\/blog.proofs.de\/hu\/lexikon\/cielab\/\" target=\"_self\" title=\"A CIELAB sz\u00ednmodellt 1976-ban hat\u00e1rozta meg a Commission Internationale de l&#039;Eclairage, \u00e9s minden \u00e9rz\u00e9kelhet\u0151 sz\u00ednt le\u00edr. Ez az 1966-os Hunter-LAB sz\u00ednsk\u00e1la tov\u00e1bbfejleszt\u00e9se, \u00e9s egy olyan matematikai sz\u00ednmodell, amelyben egy t\u00e1rgy spektr\u00e1lis tulajdons\u00e1gai \u00e9s a l\u00e1t\u00f3rendszer\u00fcnk \u00e9rz\u00e9kel\u00e9si tulajdons\u00e1gai egym\u00e1shoz k\u00e9pest vannak eltolva. A CIELAB, vagy r\u00f6viden LAB, ma is sz\u00e9les k\u00f6rben haszn\u00e1latos....\" class=\"encyclopedia\">CIELAB<\/a> <a href=\"https:\/\/blog.proofs.de\/hu\/lexikon\/hlc\/\" target=\"_self\" title=\"A HLC a CIELAB sz\u00ednt\u00e9r k\u00f6nnyen \u00e9rthet\u0151 \u00e1br\u00e1zol\u00e1sa. A f\u00fcgg\u0151leges L-tengely itt azonos. Egy sz\u00ednhely v\u00edzszintes helyzet\u00e9t itt a pozit\u00edv a-tengellyel bez\u00e1rt H sz\u00f6g (az \u00f3ramutat\u00f3 j\u00e1r\u00e1s\u00e1val ellent\u00e9tes ir\u00e1nyban \u00e9s fokban) \u00e9s a C sug\u00e1r, az L-tengelyt\u0151l val\u00f3 t\u00e1vols\u00e1g hat\u00e1rozza meg.\" class=\"encyclopedia\">HLC<\/a> Sz\u00ednatlasz XL, DIN SPEC 16699 Ny\u00edlt sz\u00ednkommunik\u00e1ci\u00f3, sz\u00e1mos el\u0151ad\u00e1s \u00e9s v\u00e1s\u00e1rl\u00e1togat\u00e1s, k\u00fcl\u00f6n\u00f6s figyelmet ford\u00edtottak a k\u00f6vetkez\u0151 \u00e9v lehets\u00e9ges munkatev\u00e9kenys\u00e9geire, ahol a feladatokat m\u00e1r ki lehetett osztani egyes szem\u00e9lyek vagy munkacsoportok k\u00f6z\u00f6tt.<\/p>\n\n\n\n<p class=\"wp-block-paragraph\">Szeretn\u00e9m megragadni ezt az alkalmat, hogy ism\u00e9t melegen aj\u00e1nljam egy <a href=\"https:\/\/www.freiefarbe.de\/mitglied-werden\/\" target=\"_blank\" rel=\"noreferrer noopener\" aria-label=\"Tags\u00e1g \u00e9s egy\u00fcttm\u0171k\u00f6d\u00e9s a freieFarbe e.V. egyes\u00fcletben (\u00faj f\u00fcl\u00f6n ny\u00edlik meg)\">Tags\u00e1g \u00e9s egy\u00fcttm\u0171k\u00f6d\u00e9s a freieFarbe e.V. egyes\u00fcletben.<\/a> hirdesse: Aki megtapasztalja, hogy a szabad sz\u00edn t\u00e9m\u00e1j\u00e1ban a legk\u00fcl\u00f6nb\u00f6z\u0151bb ipar\u00e1gakb\u00f3l \u00e9s szakter\u00fcletekr\u0151l \u00e9rkez\u0151 koll\u00e9g\u00e1k hogyan eg\u00e9sz\u00edtik ki \u00e9s inspir\u00e1lj\u00e1k egym\u00e1st, hogyan szikr\u00e1znak ki az \u00f6tletek \u00e9s alakulnak ki a koncepci\u00f3k a k\u00f6z\u00f6s p\u00e1rbesz\u00e9dben, az tudja, hogy a szabad sz\u00edn impulzusai, \u00f6tletei \u00e9s kapcsolatai nemcsak \u00f6nk\u00e9ntes munk\u00e1t jelentenek egy j\u00f3 \u00fcgy\u00e9rt \u00e9s egy j\u00f3 \u00f6tlet\u00e9rt, hanem tud\u00e1st, horizontb\u0151v\u00fcl\u00e9st, egy\u00fcttm\u0171k\u00f6d\u00e9st \u00e9s gazdagod\u00e1st is. Vegyen r\u00e9szt, t\u00e1mogasson, vegyen r\u00e9szt, r\u00e9szes\u00fclj\u00f6n a k\u00f6z\u00f6s szak\u00e9rtelem \u00e9s \u00f6tletek el\u0151nyeib\u0151l. A szervezet \u00f6r\u00f6mmel fogad minden t\u00e1mogat\u00e1st.<\/p>\n\n\n\n<p class=\"wp-block-paragraph\">A klubtal\u00e1lkoz\u00f3 ut\u00e1n Martin Spaar \u00e9s Kai-Uwe Behrmann visszavitt minket a Rajna-v\u00f6lgyb\u0151l a hegyekbe, ahol egy r\u00f6vid esti t\u00fara ut\u00e1n Eric Soder \u00e9s Peter J\u00e4ger \u00e1ltal k\u00e9sz\u00edtett kit\u0171n\u0151 rizott\u00f3 porcini gomb\u00e1val \u00e9s sal\u00e1t\u00e1val vacsor\u00e1ztunk. Peter nem sokkal kor\u00e1bban maga gy\u0171jt\u00f6tte \u00e9s sz\u00e1r\u00edtotta a porcsinigomb\u00e1t a hegyekben, ami felejthetetlen \u00edz\u00e9lm\u00e9nyt ny\u00fajtott!<\/p>\n\n\n<div class=\"wp-block-image\">\n<figure class=\"alignright is-resized\"><a href=\"https:\/\/blog1.proofen.de\/wp-content\/uploads\/2019\/10\/gv03.jpg\" target=\"_blank\" rel=\"noreferrer noopener\"><img loading=\"lazy\" decoding=\"async\" src=\"https:\/\/blog1.proofen.de\/wp-content\/uploads\/2019\/10\/gv03-1024x768.jpg\" alt=\"\u00c9l\u00e9nk vit\u00e1k szombat este a hegyi kunyh\u00f3ban a freieFarbe e.V. \u00e9ves tal\u00e1lkoz\u00f3j\u00e1n.\" class=\"wp-image-2506\" width=\"512\" height=\"384\" srcset=\"https:\/\/blog.proofs.de\/wp-content\/uploads\/2019\/10\/gv03-1024x768.jpg 1024w, https:\/\/blog.proofs.de\/wp-content\/uploads\/2019\/10\/gv03-300x225.jpg 300w, https:\/\/blog.proofs.de\/wp-content\/uploads\/2019\/10\/gv03-768x576.jpg 768w, https:\/\/blog.proofs.de\/wp-content\/uploads\/2019\/10\/gv03-400x300.jpg 400w\" sizes=\"auto, (max-width: 512px) 100vw, 512px\"><\/a><figcaption class=\"wp-element-caption\">\u00c9l\u00e9nk vit\u00e1k szombat este a hegyi kunyh\u00f3ban a freieFarbe e.V. \u00e9ves tal\u00e1lkoz\u00f3j\u00e1n.<\/figcaption><\/figure>\n<\/div>\n\n\n<p class=\"wp-block-paragraph\">Miut\u00e1n egy m\u00e1sik \u00e9jszaka tele van \u00f6tletekkel Flens, bor, Opensource, <a href=\"https:\/\/blog.proofs.de\/hu\/lexikon\/kugelkopfmessgeraet\/\" target=\"_self\" title=\"A g\u00f6mbfejes spektrofotom\u00e9terek, mint p\u00e9ld\u00e1ul a KonicaMinolta CM-26d, a sz\u00ednm\u00e9r\u0151k egy olyan oszt\u00e1ly\u00e1ba tartoznak, amelyek d:8\u00b0-os g\u00f6mbfejgeometri\u00e1val k\u00e9pesek m\u00e9rni SCI - &quot;Specular Component Included&quot; (t\u00fckr\u00f6s komponens bevonva) \u00e9s SCE - &quot;Specular Component Excluded&quot; (t\u00fckr\u00f6s komponens kiz\u00e1rva) m\u00e9r\u00e9si m\u00f3dban.\" class=\"encyclopedia\">G\u00f6mbfejes m\u00e9r\u0151eszk\u00f6z<\/a>sz\u00ednes szavaz\u00f3k, <a href=\"https:\/\/blog.proofs.de\/hu\/lexikon\/cxf\/\" target=\"_self\" title='A CxF a &quot;Color Exchange Format&quot; r\u00f6vid\u00edt\u00e9se, egy ny\u00edlt XML form\u00e1tum a sz\u00edninform\u00e1ci\u00f3k cser\u00e9j\u00e9re.' class=\"encyclopedia\">CxF<\/a> \u00e9s m\u00e9g sok minden m\u00e1st, lefek\u00fcdt\u00fcnk aludni. M\u00e1snap reggel egy kiad\u00f3s reggeli \u00e9s a h\u00e1z kitakar\u00edt\u00e1sa ut\u00e1n elindultunk egy r\u00f6vid hegyi t\u00far\u00e1ra. M\u00edg Matthias Betz a hegynyereg egyik oldal\u00e1n a S\u00e4ntisre n\u00e9z\u0151 gigapixeles panor\u00e1m\u00e1t fot\u00f3zott, addig a csoport t\u00f6bbi tagja a m\u00e1sik oldalon n\u00e9h\u00e1ny m\u00e9ter magasra m\u00e1szott, miel\u0151tt \u00fajra \u00f6sszej\u00f6tt\u00fcnk egy spont\u00e1n r\u00f6vid vide\u00f3z\u00e1sra. \"I am with freecolour...\" volt a t\u00e9ma, amit kit\u0171zt\u00fcnk magunk el\u00e9. Bevalljuk: A hangmin\u0151s\u00e9g lehetne jobb, a vide\u00f3 min\u0151s\u00e9ge is, de nem a kijelent\u00e9sek: itt nagyon j\u00f3l eltal\u00e1ltuk a l\u00e9nyeget: a freieFarbe fontos, sokf\u00e9le okb\u00f3l. \u00c9s a sok munka mellett a freeColour is nagyon egyszer\u0171: \"Egyszer\u0171en kir\u00e1ly\" - mondja Kai-Uwe Behrmann.<\/p>\n\n\n\n<p class=\"wp-block-paragraph\">D\u00e9l k\u00f6r\u00fcl indultunk vissza a hegyr\u0151l: h\u00e1romszor a k\u00f6zeli Sv\u00e1jcba, egyszer Z\u00fcrichb\u0151l rep\u00fcl\u0151vel Berlinbe, egyszer pedig aut\u00f3val T\u00fcbingenbe ... ahonnan Holger Everding \u00e9s Kai-Uwe Behrmann vonattal \u00e9s aut\u00f3val utazott tov\u00e1bb Oldenburgba \u00e9s Chemnitzbe ...<\/p>","protected":false},"excerpt":{"rendered":"<p>Miut\u00e1n a freieFarbe e.V. egyes\u00fclet tavaly T\u00fcbingenben tartotta \u00e9ves k\u00f6zgy\u0171l\u00e9s\u00e9t, id\u00e9n egy rusztikus kunyh\u00f3ban gy\u0171lt\u00fcnk \u00f6ssze Appenzeller Landban, amelyet Peter J\u00e4ger a pre2medi\u00e1t\u00f3l \u00e9s Eric A. Soder a pixsource.com-t\u00f3l t\u00f6k\u00e9letesen kiv\u00e1lasztott, ak\u00e1rcsak a naps\u00fct\u00e9ses id\u0151j\u00e1r\u00e1st, amely p\u00e9ntekt\u0151l vas\u00e1rnapig elk\u00eds\u00e9rt minket. Az egyes\u00fclet eln\u00f6ke, Holger Everding a DTP Studio Oldenburgt\u00f3l \u00e9s Jan-Peter Homann a berlini Homann Colormanagementt\u0151l cs\u00fct\u00f6rt\u00f6k\u00f6n utazott T\u00fcbingenbe, \u00e9s az els\u0151 hossz\u00fa, megbesz\u00e9l\u00e9sekkel teli \u00e9jszaka ut\u00e1n folytattuk ... <\/p>\n<p class=\"read-more-container\"><a title=\"Nagyszer\u0171 volt: A freieFarbe e.V. 2019-es k\u00f6zgy\u0171l\u00e9se Sv\u00e1jcban\" class=\"read-more button\" href=\"https:\/\/blog.proofs.de\/hu\/schoen-wars-die-mitgliederversammlung-2019-von-freiefarbe-e-v-in-der-schweiz\/#more-2496\" aria-label=\"Tov\u00e1bbi inform\u00e1ci\u00f3 err\u0151l: Nagyszer\u0171 volt: A freieFarbe e.V. 2019-es k\u00f6zgy\u0171l\u00e9se Sv\u00e1jcban\">B\u0151vebben<\/a><\/p>","protected":false},"author":2,"featured_media":2500,"comment_status":"open","ping_status":"open","sticky":false,"template":"","format":"standard","meta":{"om_disable_all_campaigns":false,"inline_featured_image":false,"_monsterinsights_skip_tracking":false,"footnotes":""},"categories":[1,435,120],"tags":[901,679,905,908,903,906,910,907,732,909,803,904,539,902],"class_list":["post-2496","post","type-post","status-publish","format-standard","has-post-thumbnail","hentry","category-allgemein","category-farbraeume-und-farbprofile","category-kategorie-proof-gmbh","tag-freie-farbe","tag-freiefarbe","tag-holger-everding","tag-jan-seguda","tag-jan-peter-homann","tag-kai-uwe-behrmann","tag-martin-spaar","tag-matteo-baschera","tag-matthias-betz","tag-michael-jakobi","tag-mitgliederversammlung","tag-peter-jaeger","tag-proof-gmbh","tag-schweiz","generate-columns","tablet-grid-50","mobile-grid-100","grid-parent","grid-50","no-featured-image-padding","resize-featured-image"],"aioseo_notices":[],"aioseo_head":"\n\t\t<!-- All in One SEO 5.0.1.1 - aioseo.com -->\n\t<meta name=\"description\" content=\"Nachdem sich freieFarbe im letzten Jahr in T\u00fcbingen bei bei proof.de zur Mitgliederversammlung getroffen hatte, waren wir 2019 in St. Gallen zusammen\" \/>\n\t<meta name=\"robots\" content=\"max-image-preview:large\" \/>\n\t<meta name=\"author\" content=\"Matthias Betz\"\/>\n\t<meta name=\"google-site-verification\" content=\"TuXxyRwxcEg2-WfOaQ8vScWQh3-uBAnxXmY7g3GT90A\" \/>\n\t<meta name=\"keywords\" content=\"freie farbe,freiefarbe,proof gmbh,mitgliederversammlung,schweiz,peter j\u00e4ger,jan-peter homann,holger everding,matthias betz,kai-uwe behrmann,matteo baschera,martin spaar,jan seguda,michael jakobi,guy fl\u00fceli,freie farbe,freiefarbe,holger everding,jan seguda,jan-peter homann,kai-uwe behrmann,martin spaar,matteo baschera,matthias betz,michael jakobi,mitgliederversammlung,peter j\u00e4ger,proof gmbh,schweiz\" \/>\n\t<link rel=\"canonical\" href=\"https:\/\/blog.proofs.de\/hu\/schoen-wars-die-mitgliederversammlung-2019-von-freiefarbe-e-v-in-der-schweiz\/\" \/>\n\t<meta name=\"generator\" content=\"All in One SEO (AIOSEO) 5.0.1.1\" \/>\n\n\t\t<meta name=\"seobility\" content=\"593a8578143db71543f014978c690d47\">\n\t\t<meta property=\"og:locale\" content=\"hu_HU\" \/>\n\t\t<meta property=\"og:site_name\" content=\"Proof.de | Alles zu Proof, Farbmanagement, Grafik, Messtechnik &amp; Co.\" \/>\n\t\t<meta property=\"og:type\" content=\"article\" \/>\n\t\t<meta property=\"og:title\" content=\"Mitgliederversammlung 2019 freieFarbe e.V. | proof.de\" \/>\n\t\t<meta property=\"og:description\" content=\"Nachdem sich freieFarbe im letzten Jahr in T\u00fcbingen bei bei proof.de zur Mitgliederversammlung getroffen hatte, waren wir 2019 in St. Gallen zusammen\" \/>\n\t\t<meta property=\"og:url\" content=\"https:\/\/blog.proofs.de\/hu\/schoen-wars-die-mitgliederversammlung-2019-von-freiefarbe-e-v-in-der-schweiz\/\" \/>\n\t\t<meta property=\"og:image\" content=\"https:\/\/blog.proofs.de\/wp-content\/uploads\/2019\/10\/jhv2019-1140x550.jpg\" \/>\n\t\t<meta property=\"og:image:secure_url\" content=\"https:\/\/blog.proofs.de\/wp-content\/uploads\/2019\/10\/jhv2019-1140x550.jpg\" \/>\n\t\t<meta property=\"og:image:width\" content=\"1140\" \/>\n\t\t<meta property=\"og:image:height\" content=\"550\" \/>\n\t\t<meta property=\"article:published_time\" content=\"2019-10-10T23:48:02+00:00\" \/>\n\t\t<meta property=\"article:modified_time\" content=\"2023-07-20T07:26:34+00:00\" \/>\n\t\t<meta property=\"article:publisher\" content=\"https:\/\/www.facebook.com\/Proof.de\/\" \/>\n\t\t<meta name=\"twitter:card\" content=\"summary\" \/>\n\t\t<meta name=\"twitter:title\" content=\"Mitgliederversammlung 2019 freieFarbe e.V. | proof.de\" \/>\n\t\t<meta name=\"twitter:description\" content=\"Nachdem sich freieFarbe im letzten Jahr in T\u00fcbingen bei bei proof.de zur Mitgliederversammlung getroffen hatte, waren wir 2019 in St. Gallen zusammen\" \/>\n\t\t<meta name=\"twitter:image\" content=\"https:\/\/blog1.proofen.de\/wp-content\/uploads\/2020\/04\/proof_background.jpg\" \/>\n\t\t<script type=\"application\/ld+json\" class=\"aioseo-schema\">\n\t\t\t{\"@context\":\"https:\\\/\\\/schema.org\",\"@graph\":[{\"@type\":\"Article\",\"@id\":\"https:\\\/\\\/blog.proofs.de\\\/hu\\\/schoen-wars-die-mitgliederversammlung-2019-von-freiefarbe-e-v-in-der-schweiz\\\/#article\",\"name\":\"Mitgliederversammlung 2019 freieFarbe e.V. | proof.de\",\"headline\":\"Sch\\u00f6n war&#8217;s: Die Mitgliederversammlung 2019 von freieFarbe e.V. in der Schweiz\",\"author\":{\"@id\":\"https:\\\/\\\/blog.proofs.de\\\/hu\\\/author\\\/mbetz\\\/#author\"},\"publisher\":{\"@id\":\"https:\\\/\\\/blog.proofs.de\\\/hu\\\/#organization\"},\"image\":{\"@type\":\"ImageObject\",\"url\":\"https:\\\/\\\/blog.proofs.de\\\/wp-content\\\/uploads\\\/2019\\\/10\\\/jhv2019-1140x550.jpg\",\"width\":1140,\"height\":550,\"caption\":\"von links nach rechts: Matteo Baschera, Jan-Peter Homann, Matthias Betz, Holger Everding, Eric A. Soder, Martin Spaar, Peter J\\u00e4ger, Michael Jakobi. Es fehlen: Kai-Uwe Behrmann, Jan Seguda, Guy Fl\\u00fceli (Foto)\"},\"datePublished\":\"2019-10-11T01:48:02+02:00\",\"dateModified\":\"2023-07-20T09:26:34+02:00\",\"inLanguage\":\"hu-HU\",\"mainEntityOfPage\":{\"@id\":\"https:\\\/\\\/blog.proofs.de\\\/hu\\\/schoen-wars-die-mitgliederversammlung-2019-von-freiefarbe-e-v-in-der-schweiz\\\/#webpage\"},\"isPartOf\":{\"@id\":\"https:\\\/\\\/blog.proofs.de\\\/hu\\\/schoen-wars-die-mitgliederversammlung-2019-von-freiefarbe-e-v-in-der-schweiz\\\/#webpage\"},\"articleSection\":\"Allgemein, Farbr\\u00e4ume und Farbprofile, Proof GmbH, freie Farbe, freieFarbe, Holger Everding, Jan Seguda, Jan-Peter Homann, Kai-Uwe Behrmann, Martin Spaar, Matteo Baschera, Matthias Betz, Michael Jakobi, Mitgliederversammlung, Peter J\\u00e4ger, Proof GmbH, Schweiz\"},{\"@type\":\"BreadcrumbList\",\"@id\":\"https:\\\/\\\/blog.proofs.de\\\/hu\\\/schoen-wars-die-mitgliederversammlung-2019-von-freiefarbe-e-v-in-der-schweiz\\\/#breadcrumblist\",\"itemListElement\":[{\"@type\":\"ListItem\",\"@id\":\"https:\\\/\\\/blog.proofs.de\\\/hu#listItem\",\"position\":1,\"name\":\"Home\",\"item\":\"https:\\\/\\\/blog.proofs.de\\\/hu\",\"nextItem\":{\"@type\":\"ListItem\",\"@id\":\"https:\\\/\\\/blog.proofs.de\\\/hu\\\/thema\\\/proof-wissen\\\/#listItem\",\"name\":\"Proof Wissen\"}},{\"@type\":\"ListItem\",\"@id\":\"https:\\\/\\\/blog.proofs.de\\\/hu\\\/thema\\\/proof-wissen\\\/#listItem\",\"position\":2,\"name\":\"Proof Wissen\",\"item\":\"https:\\\/\\\/blog.proofs.de\\\/hu\\\/thema\\\/proof-wissen\\\/\",\"nextItem\":{\"@type\":\"ListItem\",\"@id\":\"https:\\\/\\\/blog.proofs.de\\\/hu\\\/thema\\\/proof-wissen\\\/kategorie-proof-gmbh\\\/#listItem\",\"name\":\"Proof GmbH\"},\"previousItem\":{\"@type\":\"ListItem\",\"@id\":\"https:\\\/\\\/blog.proofs.de\\\/hu#listItem\",\"name\":\"Home\"}},{\"@type\":\"ListItem\",\"@id\":\"https:\\\/\\\/blog.proofs.de\\\/hu\\\/thema\\\/proof-wissen\\\/kategorie-proof-gmbh\\\/#listItem\",\"position\":3,\"name\":\"Proof GmbH\",\"item\":\"https:\\\/\\\/blog.proofs.de\\\/hu\\\/thema\\\/proof-wissen\\\/kategorie-proof-gmbh\\\/\",\"nextItem\":{\"@type\":\"ListItem\",\"@id\":\"https:\\\/\\\/blog.proofs.de\\\/hu\\\/schoen-wars-die-mitgliederversammlung-2019-von-freiefarbe-e-v-in-der-schweiz\\\/#listItem\",\"name\":\"Sch\\u00f6n war&#8217;s: Die Mitgliederversammlung 2019 von freieFarbe e.V. in der Schweiz\"},\"previousItem\":{\"@type\":\"ListItem\",\"@id\":\"https:\\\/\\\/blog.proofs.de\\\/hu\\\/thema\\\/proof-wissen\\\/#listItem\",\"name\":\"Proof Wissen\"}},{\"@type\":\"ListItem\",\"@id\":\"https:\\\/\\\/blog.proofs.de\\\/hu\\\/schoen-wars-die-mitgliederversammlung-2019-von-freiefarbe-e-v-in-der-schweiz\\\/#listItem\",\"position\":4,\"name\":\"Sch\\u00f6n war&#8217;s: Die Mitgliederversammlung 2019 von freieFarbe e.V. in der Schweiz\",\"previousItem\":{\"@type\":\"ListItem\",\"@id\":\"https:\\\/\\\/blog.proofs.de\\\/hu\\\/thema\\\/proof-wissen\\\/kategorie-proof-gmbh\\\/#listItem\",\"name\":\"Proof GmbH\"}}]},{\"@type\":\"Organization\",\"@id\":\"https:\\\/\\\/blog.proofs.de\\\/hu\\\/#organization\",\"name\":\"Proof GmbH\",\"description\":\"Farbverbindlicher Proof, Farbproof, Digitalproof und Online-Proof.\",\"url\":\"https:\\\/\\\/blog.proofs.de\\\/hu\\\/\",\"telephone\":\"+4970717952740\",\"logo\":{\"@type\":\"ImageObject\",\"url\":\"https:\\\/\\\/blog1.proofen.de\\\/wp-content\\\/uploads\\\/2019\\\/09\\\/logo_proof_rgb_mit_balken_250px.png\",\"@id\":\"https:\\\/\\\/blog.proofs.de\\\/hu\\\/schoen-wars-die-mitgliederversammlung-2019-von-freiefarbe-e-v-in-der-schweiz\\\/#organizationLogo\"},\"image\":{\"@id\":\"https:\\\/\\\/blog.proofs.de\\\/hu\\\/schoen-wars-die-mitgliederversammlung-2019-von-freiefarbe-e-v-in-der-schweiz\\\/#organizationLogo\"},\"sameAs\":[\"https:\\\/\\\/www.facebook.com\\\/Proof.de\\\/\",\"https:\\\/\\\/www.instagram.com\\\/proof.de\\\/\",\"https:\\\/\\\/www.tiktok.com\\\/@proof_de\",\"https:\\\/\\\/www.youtube.com\\\/channel\\\/UCk80fQVQ25wC9wu3SywB-Nw\",\"https:\\\/\\\/www.linkedin.com\\\/company\\\/proof-de\"]},{\"@type\":\"Person\",\"@id\":\"https:\\\/\\\/blog.proofs.de\\\/hu\\\/author\\\/mbetz\\\/#author\",\"url\":\"https:\\\/\\\/blog.proofs.de\\\/hu\\\/author\\\/mbetz\\\/\",\"name\":\"Matthias Betz\",\"image\":{\"@type\":\"ImageObject\",\"@id\":\"https:\\\/\\\/blog.proofs.de\\\/hu\\\/schoen-wars-die-mitgliederversammlung-2019-von-freiefarbe-e-v-in-der-schweiz\\\/#authorImage\",\"url\":\"https:\\\/\\\/blog.proofs.de\\\/wp-content\\\/uploads\\\/2020\\\/10\\\/matthias-betz-e1603934518350-150x150.png\",\"width\":96,\"height\":96,\"caption\":\"Matthias Betz\"}},{\"@type\":\"WebPage\",\"@id\":\"https:\\\/\\\/blog.proofs.de\\\/hu\\\/schoen-wars-die-mitgliederversammlung-2019-von-freiefarbe-e-v-in-der-schweiz\\\/#webpage\",\"url\":\"https:\\\/\\\/blog.proofs.de\\\/hu\\\/schoen-wars-die-mitgliederversammlung-2019-von-freiefarbe-e-v-in-der-schweiz\\\/\",\"name\":\"Mitgliederversammlung 2019 freieFarbe e.V. | proof.de\",\"description\":\"Nachdem sich freieFarbe im letzten Jahr in T\\u00fcbingen bei bei proof.de zur Mitgliederversammlung getroffen hatte, waren wir 2019 in St. Gallen zusammen\",\"inLanguage\":\"hu-HU\",\"isPartOf\":{\"@id\":\"https:\\\/\\\/blog.proofs.de\\\/hu\\\/#website\"},\"breadcrumb\":{\"@id\":\"https:\\\/\\\/blog.proofs.de\\\/hu\\\/schoen-wars-die-mitgliederversammlung-2019-von-freiefarbe-e-v-in-der-schweiz\\\/#breadcrumblist\"},\"author\":{\"@id\":\"https:\\\/\\\/blog.proofs.de\\\/hu\\\/author\\\/mbetz\\\/#author\"},\"creator\":{\"@id\":\"https:\\\/\\\/blog.proofs.de\\\/hu\\\/author\\\/mbetz\\\/#author\"},\"image\":{\"@type\":\"ImageObject\",\"url\":\"https:\\\/\\\/blog.proofs.de\\\/wp-content\\\/uploads\\\/2019\\\/10\\\/jhv2019-1140x550.jpg\",\"@id\":\"https:\\\/\\\/blog.proofs.de\\\/hu\\\/schoen-wars-die-mitgliederversammlung-2019-von-freiefarbe-e-v-in-der-schweiz\\\/#mainImage\",\"width\":1140,\"height\":550,\"caption\":\"von links nach rechts: Matteo Baschera, Jan-Peter Homann, Matthias Betz, Holger Everding, Eric A. Soder, Martin Spaar, Peter J\\u00e4ger, Michael Jakobi. Es fehlen: Kai-Uwe Behrmann, Jan Seguda, Guy Fl\\u00fceli (Foto)\"},\"primaryImageOfPage\":{\"@id\":\"https:\\\/\\\/blog.proofs.de\\\/hu\\\/schoen-wars-die-mitgliederversammlung-2019-von-freiefarbe-e-v-in-der-schweiz\\\/#mainImage\"},\"datePublished\":\"2019-10-11T01:48:02+02:00\",\"dateModified\":\"2023-07-20T09:26:34+02:00\"},{\"@type\":\"WebSite\",\"@id\":\"https:\\\/\\\/blog.proofs.de\\\/hu\\\/#website\",\"url\":\"https:\\\/\\\/blog.proofs.de\\\/hu\\\/\",\"name\":\"Proof.de\",\"description\":\"Farbverbindlicher Proof, Farbproof, Digitalproof und Online-Proof.\",\"inLanguage\":\"hu-HU\",\"publisher\":{\"@id\":\"https:\\\/\\\/blog.proofs.de\\\/hu\\\/#organization\"}}]}\n\t\t<\/script>\n\t\t<!-- All in One SEO -->\n\n","aioseo_head_json":{"title":"K\u00f6zgy\u0171l\u00e9s 2019 freieFarbe e.V. | proof.de","description":"Miut\u00e1n a freieFarbe tavaly T\u00fcbingenben tal\u00e1lkozott az proof.de-ben a tagok tal\u00e1lkoz\u00f3j\u00e1n, 2019-ben St. Gallenben tal\u00e1lkoztunk.","canonical_url":"https:\/\/blog.proofs.de\/hu\/schoen-wars-die-mitgliederversammlung-2019-von-freiefarbe-e-v-in-der-schweiz\/","robots":"max-image-preview:large","keywords":"freie farbe,freiefarbe,proof gmbh,mitgliederversammlung,schweiz,peter j\u00e4ger,jan-peter homann,holger everding,matthias betz,kai-uwe behrmann,matteo baschera,martin spaar,jan seguda,michael jakobi,guy fl\u00fceli,freie farbe,freiefarbe,holger everding,jan seguda,jan-peter homann,kai-uwe behrmann,martin spaar,matteo baschera,matthias betz,michael jakobi,mitgliederversammlung,peter j\u00e4ger,proof gmbh,schweiz","webmasterTools":{"google-site-verification":"TuXxyRwxcEg2-WfOaQ8vScWQh3-uBAnxXmY7g3GT90A","miscellaneous":"&lt;meta name=\"seobility\" content=\"593a8578143db71543f014978c690d47\"&gt;"},"schema":{"@context":"https:\/\/schema.org","@graph":[{"@type":"Article","@id":"https:\/\/blog.proofs.de\/hu\/schoen-wars-die-mitgliederversammlung-2019-von-freiefarbe-e-v-in-der-schweiz\/#article","name":"Mitgliederversammlung 2019 freieFarbe e.V. | proof.de","headline":"Sch\u00f6n war&#8217;s: Die Mitgliederversammlung 2019 von freieFarbe e.V. in der Schweiz","author":{"@id":"https:\/\/blog.proofs.de\/hu\/author\/mbetz\/#author"},"publisher":{"@id":"https:\/\/blog.proofs.de\/hu\/#organization"},"image":{"@type":"ImageObject","url":"https:\/\/blog.proofs.de\/wp-content\/uploads\/2019\/10\/jhv2019-1140x550.jpg","width":1140,"height":550,"caption":"von links nach rechts: Matteo Baschera, Jan-Peter Homann, Matthias Betz, Holger Everding, Eric A. Soder, Martin Spaar, Peter J\u00e4ger, Michael Jakobi. Es fehlen: Kai-Uwe Behrmann, Jan Seguda, Guy Fl\u00fceli (Foto)"},"datePublished":"2019-10-11T01:48:02+02:00","dateModified":"2023-07-20T09:26:34+02:00","inLanguage":"hu-HU","mainEntityOfPage":{"@id":"https:\/\/blog.proofs.de\/hu\/schoen-wars-die-mitgliederversammlung-2019-von-freiefarbe-e-v-in-der-schweiz\/#webpage"},"isPartOf":{"@id":"https:\/\/blog.proofs.de\/hu\/schoen-wars-die-mitgliederversammlung-2019-von-freiefarbe-e-v-in-der-schweiz\/#webpage"},"articleSection":"Allgemein, Farbr\u00e4ume und Farbprofile, Proof GmbH, freie Farbe, freieFarbe, Holger Everding, Jan Seguda, Jan-Peter Homann, Kai-Uwe Behrmann, Martin Spaar, Matteo Baschera, Matthias Betz, Michael Jakobi, Mitgliederversammlung, Peter J\u00e4ger, Proof GmbH, Schweiz"},{"@type":"BreadcrumbList","@id":"https:\/\/blog.proofs.de\/hu\/schoen-wars-die-mitgliederversammlung-2019-von-freiefarbe-e-v-in-der-schweiz\/#breadcrumblist","itemListElement":[{"@type":"ListItem","@id":"https:\/\/blog.proofs.de\/hu#listItem","position":1,"name":"Home","item":"https:\/\/blog.proofs.de\/hu","nextItem":{"@type":"ListItem","@id":"https:\/\/blog.proofs.de\/hu\/thema\/proof-wissen\/#listItem","name":"Proof Wissen"}},{"@type":"ListItem","@id":"https:\/\/blog.proofs.de\/hu\/thema\/proof-wissen\/#listItem","position":2,"name":"Proof Wissen","item":"https:\/\/blog.proofs.de\/hu\/thema\/proof-wissen\/","nextItem":{"@type":"ListItem","@id":"https:\/\/blog.proofs.de\/hu\/thema\/proof-wissen\/kategorie-proof-gmbh\/#listItem","name":"Proof GmbH"},"previousItem":{"@type":"ListItem","@id":"https:\/\/blog.proofs.de\/hu#listItem","name":"Home"}},{"@type":"ListItem","@id":"https:\/\/blog.proofs.de\/hu\/thema\/proof-wissen\/kategorie-proof-gmbh\/#listItem","position":3,"name":"Proof GmbH","item":"https:\/\/blog.proofs.de\/hu\/thema\/proof-wissen\/kategorie-proof-gmbh\/","nextItem":{"@type":"ListItem","@id":"https:\/\/blog.proofs.de\/hu\/schoen-wars-die-mitgliederversammlung-2019-von-freiefarbe-e-v-in-der-schweiz\/#listItem","name":"Sch\u00f6n war&#8217;s: Die Mitgliederversammlung 2019 von freieFarbe e.V. in der Schweiz"},"previousItem":{"@type":"ListItem","@id":"https:\/\/blog.proofs.de\/hu\/thema\/proof-wissen\/#listItem","name":"Proof Wissen"}},{"@type":"ListItem","@id":"https:\/\/blog.proofs.de\/hu\/schoen-wars-die-mitgliederversammlung-2019-von-freiefarbe-e-v-in-der-schweiz\/#listItem","position":4,"name":"Sch\u00f6n war&#8217;s: Die Mitgliederversammlung 2019 von freieFarbe e.V. in der Schweiz","previousItem":{"@type":"ListItem","@id":"https:\/\/blog.proofs.de\/hu\/thema\/proof-wissen\/kategorie-proof-gmbh\/#listItem","name":"Proof GmbH"}}]},{"@type":"Organization","@id":"https:\/\/blog.proofs.de\/hu\/#organization","name":"Proof GmbH","description":"Farbverbindlicher Proof, Farbproof, Digitalproof und Online-Proof.","url":"https:\/\/blog.proofs.de\/hu\/","telephone":"+4970717952740","logo":{"@type":"ImageObject","url":"https:\/\/blog1.proofen.de\/wp-content\/uploads\/2019\/09\/logo_proof_rgb_mit_balken_250px.png","@id":"https:\/\/blog.proofs.de\/hu\/schoen-wars-die-mitgliederversammlung-2019-von-freiefarbe-e-v-in-der-schweiz\/#organizationLogo"},"image":{"@id":"https:\/\/blog.proofs.de\/hu\/schoen-wars-die-mitgliederversammlung-2019-von-freiefarbe-e-v-in-der-schweiz\/#organizationLogo"},"sameAs":["https:\/\/www.facebook.com\/Proof.de\/","https:\/\/www.instagram.com\/proof.de\/","https:\/\/www.tiktok.com\/@proof_de","https:\/\/www.youtube.com\/channel\/UCk80fQVQ25wC9wu3SywB-Nw","https:\/\/www.linkedin.com\/company\/proof-de"]},{"@type":"Person","@id":"https:\/\/blog.proofs.de\/hu\/author\/mbetz\/#author","url":"https:\/\/blog.proofs.de\/hu\/author\/mbetz\/","name":"Matthias Betz","image":{"@type":"ImageObject","@id":"https:\/\/blog.proofs.de\/hu\/schoen-wars-die-mitgliederversammlung-2019-von-freiefarbe-e-v-in-der-schweiz\/#authorImage","url":"https:\/\/blog.proofs.de\/wp-content\/uploads\/2020\/10\/matthias-betz-e1603934518350-150x150.png","width":96,"height":96,"caption":"Matthias Betz"}},{"@type":"WebPage","@id":"https:\/\/blog.proofs.de\/hu\/schoen-wars-die-mitgliederversammlung-2019-von-freiefarbe-e-v-in-der-schweiz\/#webpage","url":"https:\/\/blog.proofs.de\/hu\/schoen-wars-die-mitgliederversammlung-2019-von-freiefarbe-e-v-in-der-schweiz\/","name":"Mitgliederversammlung 2019 freieFarbe e.V. | proof.de","description":"Nachdem sich freieFarbe im letzten Jahr in T\u00fcbingen bei bei proof.de zur Mitgliederversammlung getroffen hatte, waren wir 2019 in St. Gallen zusammen","inLanguage":"hu-HU","isPartOf":{"@id":"https:\/\/blog.proofs.de\/hu\/#website"},"breadcrumb":{"@id":"https:\/\/blog.proofs.de\/hu\/schoen-wars-die-mitgliederversammlung-2019-von-freiefarbe-e-v-in-der-schweiz\/#breadcrumblist"},"author":{"@id":"https:\/\/blog.proofs.de\/hu\/author\/mbetz\/#author"},"creator":{"@id":"https:\/\/blog.proofs.de\/hu\/author\/mbetz\/#author"},"image":{"@type":"ImageObject","url":"https:\/\/blog.proofs.de\/wp-content\/uploads\/2019\/10\/jhv2019-1140x550.jpg","@id":"https:\/\/blog.proofs.de\/hu\/schoen-wars-die-mitgliederversammlung-2019-von-freiefarbe-e-v-in-der-schweiz\/#mainImage","width":1140,"height":550,"caption":"von links nach rechts: Matteo Baschera, Jan-Peter Homann, Matthias Betz, Holger Everding, Eric A. Soder, Martin Spaar, Peter J\u00e4ger, Michael Jakobi. Es fehlen: Kai-Uwe Behrmann, Jan Seguda, Guy Fl\u00fceli (Foto)"},"primaryImageOfPage":{"@id":"https:\/\/blog.proofs.de\/hu\/schoen-wars-die-mitgliederversammlung-2019-von-freiefarbe-e-v-in-der-schweiz\/#mainImage"},"datePublished":"2019-10-11T01:48:02+02:00","dateModified":"2023-07-20T09:26:34+02:00"},{"@type":"WebSite","@id":"https:\/\/blog.proofs.de\/hu\/#website","url":"https:\/\/blog.proofs.de\/hu\/","name":"Proof.de","description":"Farbverbindlicher Proof, Farbproof, Digitalproof und Online-Proof.","inLanguage":"hu-HU","publisher":{"@id":"https:\/\/blog.proofs.de\/hu\/#organization"}}]},"og:locale":"hu_HU","og:site_name":"Proof.de | Alles zu Proof, Farbmanagement, Grafik, Messtechnik &amp; Co.","og:type":"article","og:title":"Mitgliederversammlung 2019 freieFarbe e.V. | proof.de","og:description":"Nachdem sich freieFarbe im letzten Jahr in T\u00fcbingen bei bei proof.de zur Mitgliederversammlung getroffen hatte, waren wir 2019 in St. Gallen zusammen","og:url":"https:\/\/blog.proofs.de\/hu\/schoen-wars-die-mitgliederversammlung-2019-von-freiefarbe-e-v-in-der-schweiz\/","og:image":"https:\/\/blog.proofs.de\/wp-content\/uploads\/2019\/10\/jhv2019-1140x550.jpg","og:image:secure_url":"https:\/\/blog.proofs.de\/wp-content\/uploads\/2019\/10\/jhv2019-1140x550.jpg","og:image:width":1140,"og:image:height":550,"article:published_time":"2019-10-10T23:48:02+00:00","article:modified_time":"2023-07-20T07:26:34+00:00","article:publisher":"https:\/\/www.facebook.com\/Proof.de\/","twitter:card":"summary","twitter:title":"Mitgliederversammlung 2019 freieFarbe e.V. | proof.de","twitter:description":"Nachdem sich freieFarbe im letzten Jahr in T\u00fcbingen bei bei proof.de zur Mitgliederversammlung getroffen hatte, waren wir 2019 in St. Gallen zusammen","twitter:image":"https:\/\/blog1.proofen.de\/wp-content\/uploads\/2020\/04\/proof_background.jpg"},"aioseo_meta_data":{"post_id":"2496","title":"Mitgliederversammlung 2019 freieFarbe e.V. |\u00a0proof.de","description":"Miut\u00e1n a freieFarbe tavaly T\u00fcbingenben tal\u00e1lkozott az proof.de-ben a tagok tal\u00e1lkoz\u00f3j\u00e1n, 2019-ben St. Gallenben tal\u00e1lkoztunk.","keywords":[{"label":"freie Farbe,freieFarbe,Proof GmbH,Mitgliederversammlung,Schweiz,Peter J\u00e4ger,Jan-Peter Homann,Holger Everding,Matthias Betz,Kai-Uwe Behrmann,Matteo Baschera,Martin Spaar,Jan Seguda,Michael Jakobi,Guy Fl\u00fceli","value":"freie Farbe,freieFarbe,Proof GmbH,Mitgliederversammlung,Schweiz,Peter J\u00e4ger,Jan-Peter Homann,Holger Everding,Matthias Betz,Kai-Uwe Behrmann,Matteo Baschera,Martin Spaar,Jan Seguda,Michael Jakobi,Guy Fl\u00fceli"}],"keyphrases":{"focus":{"keyphrase":"freieFarbe","score":100,"analysis":{"keyphraseInTitle":{"score":9,"maxScore":9,"error":0},"keyphraseInDescription":{"score":9,"maxScore":9,"error":0},"keyphraseLength":{"score":9,"maxScore":9,"error":0,"length":1},"keyphraseInURL":{"score":5,"maxScore":5,"error":0},"keyphraseInIntroduction":{"score":9,"maxScore":9,"error":0},"keyphraseInSubHeadings":[],"keyphraseInImageAlt":{"score":9,"maxScore":9,"error":0}}},"additional":[]},"primary_term":null,"canonical_url":null,"og_title":null,"og_description":null,"og_object_type":"default","og_image_type":"default","og_image_url":null,"og_image_width":null,"og_image_height":null,"og_image_custom_url":null,"og_image_custom_fields":null,"og_video":"","og_custom_url":null,"og_article_section":null,"og_article_tags":[],"twitter_use_og":false,"twitter_card":"default","twitter_image_type":"default","twitter_image_url":null,"twitter_image_custom_url":null,"twitter_image_custom_fields":null,"twitter_title":null,"twitter_description":null,"schema":{"blockGraphs":[],"customGraphs":[],"default":{"data":{"Article":[],"Course":[],"Dataset":[],"FAQPage":[],"Movie":[],"Person":[],"Product":[],"ProductReview":[],"Car":[],"Recipe":[],"Service":[],"SoftwareApplication":[],"WebPage":[]},"graphName":"Article","isEnabled":true},"graphs":[],"defaultGraph":"","defaultPostTypeGraph":""},"schema_type":null,"schema_type_options":null,"pillar_content":false,"robots_default":true,"robots_noindex":false,"robots_noarchive":false,"robots_nosnippet":false,"robots_nofollow":false,"robots_noimageindex":false,"robots_noodp":false,"robots_notranslate":false,"robots_max_snippet":"-1","robots_max_videopreview":"-1","robots_max_imagepreview":"large","priority":null,"frequency":"default","local_seo":null,"breadcrumb_settings":null,"limit_modified_date":false,"ai":null,"created":"2020-12-21 00:33:58","updated":"2025-06-04 14:25:05","seo_analyzer_scan_date":null,"focus_keyword":"freieFarbe","additional_keywords":null,"truseo_locale":null},"_links":{"self":[{"href":"https:\/\/blog.proofs.de\/hu\/wp-json\/wp\/v2\/posts\/2496","targetHints":{"allow":["GET"]}}],"collection":[{"href":"https:\/\/blog.proofs.de\/hu\/wp-json\/wp\/v2\/posts"}],"about":[{"href":"https:\/\/blog.proofs.de\/hu\/wp-json\/wp\/v2\/types\/post"}],"author":[{"embeddable":true,"href":"https:\/\/blog.proofs.de\/hu\/wp-json\/wp\/v2\/users\/2"}],"replies":[{"embeddable":true,"href":"https:\/\/blog.proofs.de\/hu\/wp-json\/wp\/v2\/comments?post=2496"}],"version-history":[{"count":11,"href":"https:\/\/blog.proofs.de\/hu\/wp-json\/wp\/v2\/posts\/2496\/revisions"}],"predecessor-version":[{"id":5458,"href":"https:\/\/blog.proofs.de\/hu\/wp-json\/wp\/v2\/posts\/2496\/revisions\/5458"}],"wp:featuredmedia":[{"embeddable":true,"href":"https:\/\/blog.proofs.de\/hu\/wp-json\/wp\/v2\/media\/2500"}],"wp:attachment":[{"href":"https:\/\/blog.proofs.de\/hu\/wp-json\/wp\/v2\/media?parent=2496"}],"wp:term":[{"taxonomy":"category","embeddable":true,"href":"https:\/\/blog.proofs.de\/hu\/wp-json\/wp\/v2\/categories?post=2496"},{"taxonomy":"post_tag","embeddable":true,"href":"https:\/\/blog.proofs.de\/hu\/wp-json\/wp\/v2\/tags?post=2496"}],"curies":[{"name":"wp","href":"https:\/\/api.w.org\/{rel}","templated":true}]}}