{"id":69,"date":"2012-01-25T10:21:52","date_gmt":"2012-01-25T09:21:52","guid":{"rendered":"http:\/\/www.proof.de\/?p=69"},"modified":"2020-05-08T11:50:00","modified_gmt":"2020-05-08T09:50:00","slug":"mennyire-szinpontosak-a-proofok","status":"publish","type":"post","link":"https:\/\/blog.proofs.de\/hu\/wie-farbverbindlich-sind-proofs\/","title":{"rendered":"Mennyire sz\u00ednpontosak a proofok?"},"content":{"rendered":"<div class=\"kk-star-ratings kksr-auto kksr-align-right kksr-valign-top\" data-payload='{\"align\":\"right\",\"id\":\"69\",\"slug\":\"default\",\"valign\":\"top\",\"ignore\":\"\",\"reference\":\"auto\",\"class\":\"\",\"count\":\"0\",\"legendonly\":\"\",\"readonly\":\"\",\"score\":\"0\",\"starsonly\":\"\",\"best\":\"5\",\"gap\":\"5\",\"greet\":\"Jetzt bewerten\",\"legend\":\"0\\\/5 - (0 votes)\",\"size\":\"24\",\"title\":\"Wie farbverbindlich sind Proofs?\",\"width\":\"0\",\"_legend\":\"{score}\\\/{best} - ({count} {votes})\",\"font_factor\":\"1.25\"}'>\n            \n<div class=\"kksr-stars\">\n    \n<div class=\"kksr-stars-inactive\">\n            <div class=\"kksr-star\" data-star=\"1\" style=\"padding-right: 5px\">\n            \n\n<div class=\"kksr-icon\" style=\"width: 24px; height: 24px;\"><\/div>\n        <\/div>\n            <div class=\"kksr-star\" data-star=\"2\" style=\"padding-right: 5px\">\n            \n\n<div class=\"kksr-icon\" style=\"width: 24px; height: 24px;\"><\/div>\n        <\/div>\n            <div class=\"kksr-star\" data-star=\"3\" style=\"padding-right: 5px\">\n            \n\n<div class=\"kksr-icon\" style=\"width: 24px; height: 24px;\"><\/div>\n        <\/div>\n            <div class=\"kksr-star\" data-star=\"4\" style=\"padding-right: 5px\">\n            \n\n<div class=\"kksr-icon\" style=\"width: 24px; height: 24px;\"><\/div>\n        <\/div>\n            <div class=\"kksr-star\" data-star=\"5\" style=\"padding-right: 5px\">\n            \n\n<div class=\"kksr-icon\" style=\"width: 24px; height: 24px;\"><\/div>\n        <\/div>\n    <\/div>\n    \n<div class=\"kksr-stars-active\" style=\"width: 0px;\">\n            <div class=\"kksr-star\" style=\"padding-right: 5px\">\n            \n\n<div class=\"kksr-icon\" style=\"width: 24px; height: 24px;\"><\/div>\n        <\/div>\n            <div class=\"kksr-star\" style=\"padding-right: 5px\">\n            \n\n<div class=\"kksr-icon\" style=\"width: 24px; height: 24px;\"><\/div>\n        <\/div>\n            <div class=\"kksr-star\" style=\"padding-right: 5px\">\n            \n\n<div class=\"kksr-icon\" style=\"width: 24px; height: 24px;\"><\/div>\n        <\/div>\n            <div class=\"kksr-star\" style=\"padding-right: 5px\">\n            \n\n<div class=\"kksr-icon\" style=\"width: 24px; height: 24px;\"><\/div>\n        <\/div>\n            <div class=\"kksr-star\" style=\"padding-right: 5px\">\n            \n\n<div class=\"kksr-icon\" style=\"width: 24px; height: 24px;\"><\/div>\n        <\/div>\n    <\/div>\n<\/div>\n                \n\n<div class=\"kksr-legend\" style=\"font-size: 19.2px;\">\n            <span class=\"kksr-muted\">Szavazz most<\/span>\n    <\/div>\n    <\/div>\n<p><strong>A <a href=\"https:\/\/blog.proofs.de\/hu\/lexikon\/proof\/\" target=\"_self\" title=\"A contract proof egy ISO 12647-7 tan\u00fas\u00edtv\u00e1nnyal rendelkez\u0151, a grafikai ipar sz\u00e1m\u00e1ra k\u00e9sz\u00fclt vizsg\u00e1l\u00f3eszk\u00f6z. A pr\u00f3banyomat az ISO-szabv\u00e1ny sz\u0171k t\u0171r\u00e9shat\u00e1rain bel\u00fcl sz\u00edn- \u00e9s jogilag k\u00f6telez\u0151 m\u00f3don szimul\u00e1lja az ofszet- vagy m\u00e9lynyom\u00f3g\u00e9pek sz\u00edness\u00e9g\u00e9t.\" class=\"encyclopedia\">Bizony\u00edt\u00e9k<\/a> a jelenleg \u00e9rv\u00e9nyes ISO 12647-7 szabv\u00e1ny szerint k\u00e9sz\u00fcl, \u00e9s a c\u00edmk\u00e9n egy <a href=\"https:\/\/blog.proofs.de\/hu\/lexikon\/ugra\/\" target=\"_self\" title=\"Az UGRA a m\u00e9dia- \u00e9s nyomdatechnika kompetenciak\u00f6zpontja.\" class=\"encyclopedia\">UGRA<\/a>-<a href=\"https:\/\/blog.proofs.de\/hu\/lexikon\/fogra\/\" target=\"_self\" title=\"Fogra Forschungsgesellschaft Druck e.V., sz\u00e9khelye M\u00fcnchen.\" class=\"encyclopedia\">Fogra<\/a> <a href=\"https:\/\/blog.proofs.de\/hu\/lexikon\/medienkeil\/\" target=\"_self\" title=\"A m\u00e9dia \u00e9k egy szabv\u00e1nyos\u00edtott tesztminta, amelyet a nyomdaiparban \u00e9s a sz\u00ednkezel\u00e9sben haszn\u00e1lnak. A m\u00e9dia \u00e9k ismert sz\u00edn\u00e9rt\u00e9kekkel \u00e9s sz\u00ednintenzit\u00e1sokkal rendelkez\u0151 sz\u00ednfoltok sorozat\u00e1b\u00f3l \u00e1ll. A nyomtatv\u00e1nyok sz\u00ednpontoss\u00e1g\u00e1nak \u00e9s sz\u00ednvisszaad\u00e1s\u00e1nak ellen\u0151rz\u00e9s\u00e9re szolg\u00e1l, k\u00fcl\u00f6n\u00f6sen a sz\u00ednkezel\u0151 rendszerek kalibr\u00e1l\u00e1sakor. A m\u00e9dia \u00e9k k\u00fcl\u00f6nb\u00f6z\u0151 sz\u00edn\u0171 sz\u00ednfoltok sorozat\u00e1t tartalmazza, bele\u00e9rtve a...\" class=\"encyclopedia\">M\u00e9dia \u00e9k<\/a> \u00e9s a vizsg\u00e1lati jelent\u00e9s sz\u00ednk\u00f3dolt \u00e9s jogilag k\u00f6telez\u0151 \u00e9rv\u00e9ny\u0171.<\/strong><\/p>\n<p><strong>Hogyan m\u0171k\u00f6dik ez az ellen\u0151rz\u00e9s?<\/strong><\/p>\n<p>UGRA\/Fogra m\u00e9dia \u00e9kkel rendelkez\u0151 bizony\u00edt\u00e9kra van sz\u00fcks\u00e9ge? <a href=\"https:\/\/blog.proofs.de\/hu\/lexikon\/cmyk\/\" target=\"_self\" title='A CMYK a n\u00e9gy nyomdai sz\u00edn, a ci\u00e1n, a magenta, a s\u00e1rga \u00e9s a &quot;kulcs&quot; (fekete vagy fekete komponens) r\u00f6vid\u00edt\u00e9se.' class=\"encyclopedia\">CMYK<\/a> V3.0, a tesztjelent\u00e9s k\u00e9tf\u00e9lek\u00e9ppen adhat\u00f3 hozz\u00e1 az adatokhoz.<\/p>\n<ol>\n<li>A be\u00e9p\u00edtett m\u00e9r\u0151berendez\u00e9ssel rendelkez\u0151 proof-berendez\u00e9sekn\u00e9l a 3\u00d724 szabv\u00e1nyos\u00edtott sz\u00ednfoltot tartalmaz\u00f3 m\u00e9dia \u00e9k k\u00f6zvetlen\u00fcl a proof-adatok al\u00e1 ker\u00fcl nyomtat\u00e1sra. Ez a m\u00e9dia \u00e9k k\u00f6zvetlen\u00fcl a proofing k\u00e9sz\u00fcl\u00e9kben a m\u00e9r\u0151berendez\u00e9sben l\u00e9v\u0151 egyfajta \"hajsz\u00e1r\u00edt\u00f3hoz\" ker\u00fcl, \u00e9s ott sz\u00e1rad meg. N\u00e9h\u00e1ny perces sz\u00e1rad\u00e1s ut\u00e1n a m\u00e9dia \u00e9k tov\u00e1bb mozog, \u00e9s k\u00f6zvetlen\u00fcl a proofk\u00e9sz\u00fcl\u00e9kben ker\u00fcl m\u00e9r\u00e9sre. Ez n\u00e9h\u00e1ny percet vesz ig\u00e9nybe. Az \u00edgy meghat\u00e1rozott m\u00e9r\u00e9si \u00e9rt\u00e9keket elk\u00fcldik a <a href=\"https:\/\/blog.proofs.de\/hu\/lexikon\/proofs\/\" target=\"_self\" title=\"A nyomdaiparban a pr\u00f3banyomatok (vagy pr\u00f3banyomatok) a nyomdai eredm\u00e9ny sz\u00ednhelyes \u00e9s jogilag k\u00f6telez\u0151 erej\u0171 szimul\u00e1ci\u00f3j\u00e1t jelentik ellen\u0151rz\u00e9si c\u00e9llal. A pr\u00f3banyomatok\u00e9rt felel\u0151s szabv\u00e1ny az ISO 12647-7:2016, azaz a 2016-os, aktu\u00e1lis fel\u00fclvizsg\u00e1lat.\" class=\"encyclopedia\">Bizony\u00edt\u00e9kok<\/a>erver \u00e9s ott elemzik. Ha a sz\u00edn\u00e9rt\u00e9kek helyesek \u00e9s a szigor\u00fa ISO-szabv\u00e1ny t\u0171r\u00e9shat\u00e1rain bel\u00fcl vannak, akkor a m\u00e9r\u00e9sr\u0151l k\u00f6zvetlen\u00fcl a hordoz\u00f3 \u00e9k al\u00e1 nyomtatunk egy vizsg\u00e1lati jelent\u00e9st, amely a ProcessStandard szerinti sz\u00ednpontoss\u00e1got mutatja. <a href=\"https:\/\/blog.proofs.de\/hu\/lexikon\/offsetdruck\/\" target=\"_self\" title=\"Az ofszetnyomtat\u00e1s egy k\u00f6zvetett nyomtat\u00e1si elj\u00e1r\u00e1s. Az indirekt azt jelenti, hogy a nyom\u00f3forma \u00e9s a hordoz\u00f3 nem \u00e9rintkezik k\u00f6zvetlen\u00fcl egym\u00e1ssal, hanem egy hordoz\u00f3t haszn\u00e1lnak k\u00f6zte, mint \u00e1tviteli eszk\u00f6zt. Ez a legelterjedtebb nyomtat\u00e1si elj\u00e1r\u00e1s. L\u00e9teznek: - \u00edves ofszetnyom\u00f3g\u00e9pek \u00e9s - rot\u00e1ci\u00f3s ofszetnyom\u00f3g\u00e9pek.\" class=\"encyclopedia\">Offset nyomtat\u00e1s<\/a> garant\u00e1lt.<\/li>\n<li>A be\u00e9p\u00edtett m\u00e9r\u0151berendez\u00e9ssel nem rendelkez\u0151 pr\u00f3batestek eset\u00e9ben a <a href=\"https:\/\/blog.proofs.de\/hu\/lexikon\/led\/\" target=\"_self\" title='A LED &quot;f\u00e9nykibocs\u00e1t\u00f3 di\u00f3da&quot;, \u00e9s a grafikai iparban az \u00faj &quot;LED&quot; f\u00e9nyt jelenti, amely felv\u00e1ltotta a r\u00e9gebbi f\u00e9nyforr\u00e1sokat, p\u00e9ld\u00e1ul a neoncs\u00f6veket \u00e9s a volfr\u00e1ml\u00e1mp\u00e1kat. A neoncs\u00f6vek els\u0151sorban a D50 vagy D65 szabv\u00e1nyos f\u00e9nytartom\u00e1nyb\u00f3l ismertek, m\u00edg a volfr\u00e1m f\u00e9nyforr\u00e1sokat els\u0151sorban sz\u00ednm\u00e9r\u0151kben, p\u00e9ld\u00e1ul spektrofotom\u00e9terekben \u00e9s kolorim\u00e9terekben haszn\u00e1lt\u00e1k.....' class=\"encyclopedia\">led<\/a>Csak a szabv\u00e1nyos\u00edtott hordoz\u00f3 \u00e9k ker\u00fcl kinyomtat\u00e1sra a proof adatok al\u00e1. Az ellen\u0151rz\u00e9sre ezt k\u00f6vet\u0151en \u00e9s a pr\u00f3banyomtat\u00f3n k\u00edv\u00fcl ker\u00fcl sor. A hordoz\u00f3 \u00e9ket ezut\u00e1n egy k\u00fcls\u0151 m\u00e9r\u0151eszk\u00f6zzel m\u00e9rik meg, \u00e9s a c\u00e9l- \u00e9s t\u0171r\u00e9s\u00e9rt\u00e9keket a k\u00f6vetkez\u0151 m\u00f3don ellen\u0151rzik <a href=\"https:\/\/blog.proofs.de\/hu\/lexikon\/lab\/\" target=\"_self\" title=\"A CIELAB vagy LAB egy matematikai sz\u00ednmodell, amely minden\u00fctt meghonosodott, ahol pontos sz\u00ednsz\u00e1m\u00edt\u00e1sra van sz\u00fcks\u00e9g. A sz\u00e1m\u00edt\u00f3g\u00e9pes sz\u00ednkezel\u00e9s \u00e1ltal\u00e1ban a CIELAB seg\u00edts\u00e9g\u00e9vel m\u0171k\u00f6dik.\" class=\"encyclopedia\">Laborat\u00f3rium<\/a>eld nyomtat\u00f3. Ezt a c\u00edmk\u00e9t ezut\u00e1n k\u00f6zvetlen\u00fcl a hordoz\u00f3 \u00e9k al\u00e1 ragasztja.<\/li>\n<\/ol>\n<p><strong>Mi az el\u0151nye annak, hogy a hordoz\u00f3 \u00e9k automatiz\u00e1ltan, k\u00f6zvetlen\u00fcl a korrekt\u00far\u00e1z\u00f3 k\u00e9sz\u00fcl\u00e9kben k\u00e9sz\u00fcl \u00e9s ellen\u0151rzi a hordoz\u00f3 \u00e9ket?<br>\n<\/strong><\/p>\n<ul>\n<li>- A m\u00e9r\u00e9s k\u00f6zvetlen\u00fcl a pr\u00f3banyomtat\u00e1s ut\u00e1n automatikusan t\u00f6rt\u00e9nik, kik\u00fcsz\u00f6b\u00f6lve a k\u00e9zi kezel\u00e9si hib\u00e1k okozta m\u00e9r\u00e9si hib\u00e1kat. Mivel a vizsg\u00e1lati jegyz\u0151k\u00f6nyv nem \"ragad\" ut\u00f3lag, mint ahogy az gyakran el\u0151fordul, a manipul\u00e1ci\u00f3 is kiz\u00e1rt.<\/li>\n<\/ul>\n<p>A vizsg\u00e1lati protokollr\u00f3l, a m\u00e9dia \u00e9kr\u0151l, valamint az UGRA\/Fogra munk\u00e1j\u00e1r\u00f3l \u00e9s feladatair\u00f3l tov\u00e1bbi inform\u00e1ci\u00f3k a k\u00f6vetkez\u0151 c\u00edmen tal\u00e1lhat\u00f3k <a href=\"http:\/\/www.ugra.ch\/\" target=\"_blank\" rel=\"noopener noreferrer\">www.ugra.ch<\/a> \u00e9s <a href=\"http:\/\/www.fogra.org\/\" target=\"_blank\" rel=\"noopener noreferrer\">www.fogra.org<\/a>.<\/p>","protected":false},"excerpt":{"rendered":"<p>A proof a jelenleg \u00e9rv\u00e9nyes ISO 12647-7 szabv\u00e1nynak megfelel\u0151en k\u00e9sz\u00fcl, sz\u00edn- \u00e9s jogilag k\u00f6telez\u0151 \u00e9rv\u00e9ny\u0171, UGRA-Fogra hordoz\u00f3 \u00e9kkel \u00e9s vizsg\u00e1lati jegyz\u0151k\u00f6nyvvel. Hogyan m\u0171k\u00f6dik ez az ellen\u0151rz\u00e9s? Ha UGRA\/Fogra m\u00e9dia \u00e9kkel CMYK V3.0 proofra van sz\u00fcks\u00e9ge, akkor a tesztjelent\u00e9s k\u00e9tf\u00e9lek\u00e9ppen adhat\u00f3 hozz\u00e1 az adataihoz. A be\u00e9p\u00edtett m\u00e9r\u0151eszk\u00f6zzel rendelkez\u0151 proofk\u00e9sz\u00fcl\u00e9kek eset\u00e9ben a 3\u00d724 szabv\u00e1nyos\u00edtott sz\u00ednfoltot tartalmaz\u00f3 m\u00e9dia \u00e9k k\u00f6zvetlen\u00fcl a proofadatok al\u00e1 ker\u00fcl nyomtat\u00e1sra. Ez a m\u00e9dia \u00e9k k\u00f6zvetlen\u00fcl a proofk\u00e9sz\u00fcl\u00e9kben a m\u00e9r\u0151eszk\u00f6zben l\u00e9v\u0151 egyfajta \"hajsz\u00e1r\u00edt\u00f3ba\" ker\u00fcl, \u00e9s ott sz\u00e1rad meg. N\u00e9h\u00e1ny perces sz\u00e1rad\u00e1s ut\u00e1n a m\u00e9dia \u00e9k tov\u00e1bb mozog, \u00e9s ... <\/p>\n<p class=\"read-more-container\"><a title=\"Mennyire sz\u00ednpontosak a proofok?\" class=\"read-more button\" href=\"https:\/\/blog.proofs.de\/hu\/wie-farbverbindlich-sind-proofs\/#more-69\" aria-label=\"Tov\u00e1bbi inform\u00e1ci\u00f3 err\u0151l: Mennyire sz\u00ednhelyesek a bizony\u00edt\u00e9kok?\">B\u0151vebben<\/a><\/p>","protected":false},"author":2,"featured_media":881,"comment_status":"open","ping_status":"open","sticky":false,"template":"","format":"standard","meta":{"om_disable_all_campaigns":false,"inline_featured_image":false,"_monsterinsights_skip_tracking":false,"footnotes":""},"categories":[18,443,120,438,437,7,442],"tags":[520,521,21,67,522,19,519,525],"class_list":["post-69","post","type-post","status-publish","format-standard","has-post-thumbnail","hentry","category-haufige-fragen","category-haeufige-fragen-zu-proofs","category-kategorie-proof-gmbh","category-proof-papiere","category-proof-software-und-technik","category-proof-wissen","category-prozessstandard-offsetdruck-proof-wissen","tag-digitalproof","tag-farbproof","tag-farbverbindlich","tag-farbverbindlichkeit","tag-fogra","tag-medienkeil","tag-proof","tag-ugra","generate-columns","tablet-grid-50","mobile-grid-100","grid-parent","grid-50","no-featured-image-padding","resize-featured-image"],"aioseo_notices":[],"aioseo_head":"\n\t\t<!-- All in One SEO 5.0.1.1 - aioseo.com -->\n\t<meta name=\"description\" content=\"In dem Artikel wird erkl\u00e4rt, wie ein Proof farbverbindlich und rechtsverbindlich wird: Mit Medienkeil und Pr\u00fcfprotokoll nach ISO 12647-7 kein Thema!\" \/>\n\t<meta name=\"robots\" content=\"max-image-preview:large\" \/>\n\t<meta name=\"author\" content=\"Matthias Betz\"\/>\n\t<meta name=\"google-site-verification\" content=\"TuXxyRwxcEg2-WfOaQ8vScWQh3-uBAnxXmY7g3GT90A\" \/>\n\t<meta name=\"keywords\" content=\"proof,farbverbindlich,rechtsverbindlich,pr\u00fcfprotokoll,iso12647-7,digitalproof,farbproof,farbverbindlich,farbverbindlichkeit,fogra,medienkeil,proof,ugra\" \/>\n\t<link rel=\"canonical\" href=\"https:\/\/blog.proofs.de\/hu\/wie-farbverbindlich-sind-proofs\/\" \/>\n\t<meta name=\"generator\" content=\"All in One SEO (AIOSEO) 5.0.1.1\" \/>\n\n\t\t<meta name=\"seobility\" content=\"593a8578143db71543f014978c690d47\">\n\t\t<meta property=\"og:locale\" content=\"hu_HU\" \/>\n\t\t<meta property=\"og:site_name\" content=\"Proof.de | Alles zu Proof, Farbmanagement, Grafik, Messtechnik &amp; Co.\" \/>\n\t\t<meta property=\"og:type\" content=\"article\" \/>\n\t\t<meta property=\"og:title\" content=\"Wie farbverbindlich sind Proofs? | proof.de\" \/>\n\t\t<meta property=\"og:description\" content=\"In dem Artikel wird erkl\u00e4rt, wie ein Proof farbverbindlich und rechtsverbindlich wird: Mit Medienkeil und Pr\u00fcfprotokoll nach ISO 12647-7 kein Thema!\" \/>\n\t\t<meta property=\"og:url\" content=\"https:\/\/blog.proofs.de\/hu\/wie-farbverbindlich-sind-proofs\/\" \/>\n\t\t<meta property=\"og:image\" content=\"https:\/\/blog.proofs.de\/wp-content\/uploads\/2014\/02\/medienkeil_mit_pruefprotokoll.jpg\" \/>\n\t\t<meta property=\"og:image:secure_url\" content=\"https:\/\/blog.proofs.de\/wp-content\/uploads\/2014\/02\/medienkeil_mit_pruefprotokoll.jpg\" \/>\n\t\t<meta property=\"og:image:width\" content=\"540\" \/>\n\t\t<meta property=\"og:image:height\" content=\"315\" \/>\n\t\t<meta property=\"article:published_time\" content=\"2012-01-25T09:21:52+00:00\" \/>\n\t\t<meta property=\"article:modified_time\" content=\"2020-05-08T09:50:00+00:00\" \/>\n\t\t<meta property=\"article:publisher\" content=\"https:\/\/www.facebook.com\/Proof.de\/\" \/>\n\t\t<meta name=\"twitter:card\" content=\"summary\" \/>\n\t\t<meta name=\"twitter:title\" content=\"Wie farbverbindlich sind Proofs? | proof.de\" \/>\n\t\t<meta name=\"twitter:description\" content=\"In dem Artikel wird erkl\u00e4rt, wie ein Proof farbverbindlich und rechtsverbindlich wird: Mit Medienkeil und Pr\u00fcfprotokoll nach ISO 12647-7 kein Thema!\" \/>\n\t\t<meta name=\"twitter:image\" content=\"https:\/\/blog1.proofen.de\/wp-content\/uploads\/2020\/04\/proof_background.jpg\" \/>\n\t\t<script type=\"application\/ld+json\" class=\"aioseo-schema\">\n\t\t\t{\"@context\":\"https:\\\/\\\/schema.org\",\"@graph\":[{\"@type\":\"Article\",\"@id\":\"https:\\\/\\\/blog.proofs.de\\\/hu\\\/wie-farbverbindlich-sind-proofs\\\/#article\",\"name\":\"Wie farbverbindlich sind Proofs? | proof.de\",\"headline\":\"Wie farbverbindlich sind Proofs?\",\"author\":{\"@id\":\"https:\\\/\\\/blog.proofs.de\\\/hu\\\/author\\\/mbetz\\\/#author\"},\"publisher\":{\"@id\":\"https:\\\/\\\/blog.proofs.de\\\/hu\\\/#organization\"},\"image\":{\"@type\":\"ImageObject\",\"url\":\"https:\\\/\\\/blog.proofs.de\\\/wp-content\\\/uploads\\\/2014\\\/02\\\/medienkeil_mit_pruefprotokoll.jpg\",\"width\":540,\"height\":315,\"caption\":\"Ugra\\\/Fogra-Medienkeil V3.0 mit Pr\\u00fcfprotokoll\"},\"datePublished\":\"2012-01-25T10:21:52+01:00\",\"dateModified\":\"2020-05-08T11:50:00+02:00\",\"inLanguage\":\"hu-HU\",\"mainEntityOfPage\":{\"@id\":\"https:\\\/\\\/blog.proofs.de\\\/hu\\\/wie-farbverbindlich-sind-proofs\\\/#webpage\"},\"isPartOf\":{\"@id\":\"https:\\\/\\\/blog.proofs.de\\\/hu\\\/wie-farbverbindlich-sind-proofs\\\/#webpage\"},\"articleSection\":\"H\\u00e4ufige Fragen, H\\u00e4ufige Fragen zu Proofs, Proof GmbH, Proof Papiere, Proof Software &amp; Technik, Proof Wissen, Prozessstandard Offsetdruck, Digitalproof, Farbproof, farbverbindlich, Farbverbindlichkeit, Fogra, Medienkeil, Proof, UGRA\"},{\"@type\":\"BreadcrumbList\",\"@id\":\"https:\\\/\\\/blog.proofs.de\\\/hu\\\/wie-farbverbindlich-sind-proofs\\\/#breadcrumblist\",\"itemListElement\":[{\"@type\":\"ListItem\",\"@id\":\"https:\\\/\\\/blog.proofs.de\\\/hu#listItem\",\"position\":1,\"name\":\"Home\",\"item\":\"https:\\\/\\\/blog.proofs.de\\\/hu\",\"nextItem\":{\"@type\":\"ListItem\",\"@id\":\"https:\\\/\\\/blog.proofs.de\\\/hu\\\/thema\\\/proof-wissen\\\/#listItem\",\"name\":\"Proof Wissen\"}},{\"@type\":\"ListItem\",\"@id\":\"https:\\\/\\\/blog.proofs.de\\\/hu\\\/thema\\\/proof-wissen\\\/#listItem\",\"position\":2,\"name\":\"Proof Wissen\",\"item\":\"https:\\\/\\\/blog.proofs.de\\\/hu\\\/thema\\\/proof-wissen\\\/\",\"nextItem\":{\"@type\":\"ListItem\",\"@id\":\"https:\\\/\\\/blog.proofs.de\\\/hu\\\/thema\\\/proof-wissen\\\/kategorie-proof-gmbh\\\/#listItem\",\"name\":\"Proof GmbH\"},\"previousItem\":{\"@type\":\"ListItem\",\"@id\":\"https:\\\/\\\/blog.proofs.de\\\/hu#listItem\",\"name\":\"Home\"}},{\"@type\":\"ListItem\",\"@id\":\"https:\\\/\\\/blog.proofs.de\\\/hu\\\/thema\\\/proof-wissen\\\/kategorie-proof-gmbh\\\/#listItem\",\"position\":3,\"name\":\"Proof GmbH\",\"item\":\"https:\\\/\\\/blog.proofs.de\\\/hu\\\/thema\\\/proof-wissen\\\/kategorie-proof-gmbh\\\/\",\"nextItem\":{\"@type\":\"ListItem\",\"@id\":\"https:\\\/\\\/blog.proofs.de\\\/hu\\\/wie-farbverbindlich-sind-proofs\\\/#listItem\",\"name\":\"Wie farbverbindlich sind Proofs?\"},\"previousItem\":{\"@type\":\"ListItem\",\"@id\":\"https:\\\/\\\/blog.proofs.de\\\/hu\\\/thema\\\/proof-wissen\\\/#listItem\",\"name\":\"Proof Wissen\"}},{\"@type\":\"ListItem\",\"@id\":\"https:\\\/\\\/blog.proofs.de\\\/hu\\\/wie-farbverbindlich-sind-proofs\\\/#listItem\",\"position\":4,\"name\":\"Wie farbverbindlich sind Proofs?\",\"previousItem\":{\"@type\":\"ListItem\",\"@id\":\"https:\\\/\\\/blog.proofs.de\\\/hu\\\/thema\\\/proof-wissen\\\/kategorie-proof-gmbh\\\/#listItem\",\"name\":\"Proof GmbH\"}}]},{\"@type\":\"Organization\",\"@id\":\"https:\\\/\\\/blog.proofs.de\\\/hu\\\/#organization\",\"name\":\"Proof GmbH\",\"description\":\"Farbverbindlicher Proof, Farbproof, Digitalproof und Online-Proof.\",\"url\":\"https:\\\/\\\/blog.proofs.de\\\/hu\\\/\",\"telephone\":\"+4970717952740\",\"logo\":{\"@type\":\"ImageObject\",\"url\":\"https:\\\/\\\/blog1.proofen.de\\\/wp-content\\\/uploads\\\/2019\\\/09\\\/logo_proof_rgb_mit_balken_250px.png\",\"@id\":\"https:\\\/\\\/blog.proofs.de\\\/hu\\\/wie-farbverbindlich-sind-proofs\\\/#organizationLogo\"},\"image\":{\"@id\":\"https:\\\/\\\/blog.proofs.de\\\/hu\\\/wie-farbverbindlich-sind-proofs\\\/#organizationLogo\"},\"sameAs\":[\"https:\\\/\\\/www.facebook.com\\\/Proof.de\\\/\",\"https:\\\/\\\/www.instagram.com\\\/proof.de\\\/\",\"https:\\\/\\\/www.tiktok.com\\\/@proof_de\",\"https:\\\/\\\/www.youtube.com\\\/channel\\\/UCk80fQVQ25wC9wu3SywB-Nw\",\"https:\\\/\\\/www.linkedin.com\\\/company\\\/proof-de\"]},{\"@type\":\"Person\",\"@id\":\"https:\\\/\\\/blog.proofs.de\\\/hu\\\/author\\\/mbetz\\\/#author\",\"url\":\"https:\\\/\\\/blog.proofs.de\\\/hu\\\/author\\\/mbetz\\\/\",\"name\":\"Matthias Betz\",\"image\":{\"@type\":\"ImageObject\",\"@id\":\"https:\\\/\\\/blog.proofs.de\\\/hu\\\/wie-farbverbindlich-sind-proofs\\\/#authorImage\",\"url\":\"https:\\\/\\\/blog.proofs.de\\\/wp-content\\\/uploads\\\/2020\\\/10\\\/matthias-betz-e1603934518350-150x150.png\",\"width\":96,\"height\":96,\"caption\":\"Matthias Betz\"}},{\"@type\":\"WebPage\",\"@id\":\"https:\\\/\\\/blog.proofs.de\\\/hu\\\/wie-farbverbindlich-sind-proofs\\\/#webpage\",\"url\":\"https:\\\/\\\/blog.proofs.de\\\/hu\\\/wie-farbverbindlich-sind-proofs\\\/\",\"name\":\"Wie farbverbindlich sind Proofs? | proof.de\",\"description\":\"In dem Artikel wird erkl\\u00e4rt, wie ein Proof farbverbindlich und rechtsverbindlich wird: Mit Medienkeil und Pr\\u00fcfprotokoll nach ISO 12647-7 kein Thema!\",\"inLanguage\":\"hu-HU\",\"isPartOf\":{\"@id\":\"https:\\\/\\\/blog.proofs.de\\\/hu\\\/#website\"},\"breadcrumb\":{\"@id\":\"https:\\\/\\\/blog.proofs.de\\\/hu\\\/wie-farbverbindlich-sind-proofs\\\/#breadcrumblist\"},\"author\":{\"@id\":\"https:\\\/\\\/blog.proofs.de\\\/hu\\\/author\\\/mbetz\\\/#author\"},\"creator\":{\"@id\":\"https:\\\/\\\/blog.proofs.de\\\/hu\\\/author\\\/mbetz\\\/#author\"},\"image\":{\"@type\":\"ImageObject\",\"url\":\"https:\\\/\\\/blog.proofs.de\\\/wp-content\\\/uploads\\\/2014\\\/02\\\/medienkeil_mit_pruefprotokoll.jpg\",\"@id\":\"https:\\\/\\\/blog.proofs.de\\\/hu\\\/wie-farbverbindlich-sind-proofs\\\/#mainImage\",\"width\":540,\"height\":315,\"caption\":\"Ugra\\\/Fogra-Medienkeil V3.0 mit Pr\\u00fcfprotokoll\"},\"primaryImageOfPage\":{\"@id\":\"https:\\\/\\\/blog.proofs.de\\\/hu\\\/wie-farbverbindlich-sind-proofs\\\/#mainImage\"},\"datePublished\":\"2012-01-25T10:21:52+01:00\",\"dateModified\":\"2020-05-08T11:50:00+02:00\"},{\"@type\":\"WebSite\",\"@id\":\"https:\\\/\\\/blog.proofs.de\\\/hu\\\/#website\",\"url\":\"https:\\\/\\\/blog.proofs.de\\\/hu\\\/\",\"name\":\"Proof.de\",\"description\":\"Farbverbindlicher Proof, Farbproof, Digitalproof und Online-Proof.\",\"inLanguage\":\"hu-HU\",\"publisher\":{\"@id\":\"https:\\\/\\\/blog.proofs.de\\\/hu\\\/#organization\"}}]}\n\t\t<\/script>\n\t\t<!-- All in One SEO -->\n\n","aioseo_head_json":{"title":"Mennyire sz\u00ednpontosak a proofok? | proof.de","description":"A cikk elmagyar\u00e1zza, hogyan lehet sz\u00ednhelyes \u00e9s jogilag k\u00f6telez\u0151 \u00e9rv\u00e9ny\u0171 a proof: Az ISO 12647-7 szabv\u00e1ny szerinti m\u00e9dia \u00e9kkel \u00e9s vizsg\u00e1lati jegyz\u0151k\u00f6nyvvel nincs gond!","canonical_url":"https:\/\/blog.proofs.de\/hu\/wie-farbverbindlich-sind-proofs\/","robots":"max-image-preview:large","keywords":"proof,farbverbindlich,rechtsverbindlich,pr\u00fcfprotokoll,iso12647-7,digitalproof,farbproof,farbverbindlich,farbverbindlichkeit,fogra,medienkeil,proof,ugra","webmasterTools":{"google-site-verification":"TuXxyRwxcEg2-WfOaQ8vScWQh3-uBAnxXmY7g3GT90A","miscellaneous":"&lt;meta name=\"seobility\" content=\"593a8578143db71543f014978c690d47\"&gt;"},"schema":{"@context":"https:\/\/schema.org","@graph":[{"@type":"Article","@id":"https:\/\/blog.proofs.de\/hu\/wie-farbverbindlich-sind-proofs\/#article","name":"Wie farbverbindlich sind Proofs? | proof.de","headline":"Wie farbverbindlich sind Proofs?","author":{"@id":"https:\/\/blog.proofs.de\/hu\/author\/mbetz\/#author"},"publisher":{"@id":"https:\/\/blog.proofs.de\/hu\/#organization"},"image":{"@type":"ImageObject","url":"https:\/\/blog.proofs.de\/wp-content\/uploads\/2014\/02\/medienkeil_mit_pruefprotokoll.jpg","width":540,"height":315,"caption":"Ugra\/Fogra-Medienkeil V3.0 mit Pr\u00fcfprotokoll"},"datePublished":"2012-01-25T10:21:52+01:00","dateModified":"2020-05-08T11:50:00+02:00","inLanguage":"hu-HU","mainEntityOfPage":{"@id":"https:\/\/blog.proofs.de\/hu\/wie-farbverbindlich-sind-proofs\/#webpage"},"isPartOf":{"@id":"https:\/\/blog.proofs.de\/hu\/wie-farbverbindlich-sind-proofs\/#webpage"},"articleSection":"H\u00e4ufige Fragen, H\u00e4ufige Fragen zu Proofs, Proof GmbH, Proof Papiere, Proof Software &amp; Technik, Proof Wissen, Prozessstandard Offsetdruck, Digitalproof, Farbproof, farbverbindlich, Farbverbindlichkeit, Fogra, Medienkeil, Proof, UGRA"},{"@type":"BreadcrumbList","@id":"https:\/\/blog.proofs.de\/hu\/wie-farbverbindlich-sind-proofs\/#breadcrumblist","itemListElement":[{"@type":"ListItem","@id":"https:\/\/blog.proofs.de\/hu#listItem","position":1,"name":"Home","item":"https:\/\/blog.proofs.de\/hu","nextItem":{"@type":"ListItem","@id":"https:\/\/blog.proofs.de\/hu\/thema\/proof-wissen\/#listItem","name":"Proof Wissen"}},{"@type":"ListItem","@id":"https:\/\/blog.proofs.de\/hu\/thema\/proof-wissen\/#listItem","position":2,"name":"Proof Wissen","item":"https:\/\/blog.proofs.de\/hu\/thema\/proof-wissen\/","nextItem":{"@type":"ListItem","@id":"https:\/\/blog.proofs.de\/hu\/thema\/proof-wissen\/kategorie-proof-gmbh\/#listItem","name":"Proof GmbH"},"previousItem":{"@type":"ListItem","@id":"https:\/\/blog.proofs.de\/hu#listItem","name":"Home"}},{"@type":"ListItem","@id":"https:\/\/blog.proofs.de\/hu\/thema\/proof-wissen\/kategorie-proof-gmbh\/#listItem","position":3,"name":"Proof GmbH","item":"https:\/\/blog.proofs.de\/hu\/thema\/proof-wissen\/kategorie-proof-gmbh\/","nextItem":{"@type":"ListItem","@id":"https:\/\/blog.proofs.de\/hu\/wie-farbverbindlich-sind-proofs\/#listItem","name":"Wie farbverbindlich sind Proofs?"},"previousItem":{"@type":"ListItem","@id":"https:\/\/blog.proofs.de\/hu\/thema\/proof-wissen\/#listItem","name":"Proof Wissen"}},{"@type":"ListItem","@id":"https:\/\/blog.proofs.de\/hu\/wie-farbverbindlich-sind-proofs\/#listItem","position":4,"name":"Wie farbverbindlich sind Proofs?","previousItem":{"@type":"ListItem","@id":"https:\/\/blog.proofs.de\/hu\/thema\/proof-wissen\/kategorie-proof-gmbh\/#listItem","name":"Proof GmbH"}}]},{"@type":"Organization","@id":"https:\/\/blog.proofs.de\/hu\/#organization","name":"Proof GmbH","description":"Farbverbindlicher Proof, Farbproof, Digitalproof und Online-Proof.","url":"https:\/\/blog.proofs.de\/hu\/","telephone":"+4970717952740","logo":{"@type":"ImageObject","url":"https:\/\/blog1.proofen.de\/wp-content\/uploads\/2019\/09\/logo_proof_rgb_mit_balken_250px.png","@id":"https:\/\/blog.proofs.de\/hu\/wie-farbverbindlich-sind-proofs\/#organizationLogo"},"image":{"@id":"https:\/\/blog.proofs.de\/hu\/wie-farbverbindlich-sind-proofs\/#organizationLogo"},"sameAs":["https:\/\/www.facebook.com\/Proof.de\/","https:\/\/www.instagram.com\/proof.de\/","https:\/\/www.tiktok.com\/@proof_de","https:\/\/www.youtube.com\/channel\/UCk80fQVQ25wC9wu3SywB-Nw","https:\/\/www.linkedin.com\/company\/proof-de"]},{"@type":"Person","@id":"https:\/\/blog.proofs.de\/hu\/author\/mbetz\/#author","url":"https:\/\/blog.proofs.de\/hu\/author\/mbetz\/","name":"Matthias Betz","image":{"@type":"ImageObject","@id":"https:\/\/blog.proofs.de\/hu\/wie-farbverbindlich-sind-proofs\/#authorImage","url":"https:\/\/blog.proofs.de\/wp-content\/uploads\/2020\/10\/matthias-betz-e1603934518350-150x150.png","width":96,"height":96,"caption":"Matthias Betz"}},{"@type":"WebPage","@id":"https:\/\/blog.proofs.de\/hu\/wie-farbverbindlich-sind-proofs\/#webpage","url":"https:\/\/blog.proofs.de\/hu\/wie-farbverbindlich-sind-proofs\/","name":"Wie farbverbindlich sind Proofs? | proof.de","description":"In dem Artikel wird erkl\u00e4rt, wie ein Proof farbverbindlich und rechtsverbindlich wird: Mit Medienkeil und Pr\u00fcfprotokoll nach ISO 12647-7 kein Thema!","inLanguage":"hu-HU","isPartOf":{"@id":"https:\/\/blog.proofs.de\/hu\/#website"},"breadcrumb":{"@id":"https:\/\/blog.proofs.de\/hu\/wie-farbverbindlich-sind-proofs\/#breadcrumblist"},"author":{"@id":"https:\/\/blog.proofs.de\/hu\/author\/mbetz\/#author"},"creator":{"@id":"https:\/\/blog.proofs.de\/hu\/author\/mbetz\/#author"},"image":{"@type":"ImageObject","url":"https:\/\/blog.proofs.de\/wp-content\/uploads\/2014\/02\/medienkeil_mit_pruefprotokoll.jpg","@id":"https:\/\/blog.proofs.de\/hu\/wie-farbverbindlich-sind-proofs\/#mainImage","width":540,"height":315,"caption":"Ugra\/Fogra-Medienkeil V3.0 mit Pr\u00fcfprotokoll"},"primaryImageOfPage":{"@id":"https:\/\/blog.proofs.de\/hu\/wie-farbverbindlich-sind-proofs\/#mainImage"},"datePublished":"2012-01-25T10:21:52+01:00","dateModified":"2020-05-08T11:50:00+02:00"},{"@type":"WebSite","@id":"https:\/\/blog.proofs.de\/hu\/#website","url":"https:\/\/blog.proofs.de\/hu\/","name":"Proof.de","description":"Farbverbindlicher Proof, Farbproof, Digitalproof und Online-Proof.","inLanguage":"hu-HU","publisher":{"@id":"https:\/\/blog.proofs.de\/hu\/#organization"}}]},"og:locale":"hu_HU","og:site_name":"Proof.de | Alles zu Proof, Farbmanagement, Grafik, Messtechnik &amp; Co.","og:type":"article","og:title":"Wie farbverbindlich sind Proofs? | proof.de","og:description":"In dem Artikel wird erkl\u00e4rt, wie ein Proof farbverbindlich und rechtsverbindlich wird: Mit Medienkeil und Pr\u00fcfprotokoll nach ISO 12647-7 kein Thema!","og:url":"https:\/\/blog.proofs.de\/hu\/wie-farbverbindlich-sind-proofs\/","og:image":"https:\/\/blog.proofs.de\/wp-content\/uploads\/2014\/02\/medienkeil_mit_pruefprotokoll.jpg","og:image:secure_url":"https:\/\/blog.proofs.de\/wp-content\/uploads\/2014\/02\/medienkeil_mit_pruefprotokoll.jpg","og:image:width":540,"og:image:height":315,"article:published_time":"2012-01-25T09:21:52+00:00","article:modified_time":"2020-05-08T09:50:00+00:00","article:publisher":"https:\/\/www.facebook.com\/Proof.de\/","twitter:card":"summary","twitter:title":"Wie farbverbindlich sind Proofs? | proof.de","twitter:description":"In dem Artikel wird erkl\u00e4rt, wie ein Proof farbverbindlich und rechtsverbindlich wird: Mit Medienkeil und Pr\u00fcfprotokoll nach ISO 12647-7 kein Thema!","twitter:image":"https:\/\/blog1.proofen.de\/wp-content\/uploads\/2020\/04\/proof_background.jpg"},"aioseo_meta_data":{"post_id":"69","title":"Wie farbverbindlich sind Proofs? |\u00a0proof.de","description":"A cikk elmagyar\u00e1zza, hogyan lehet sz\u00ednhelyes \u00e9s jogilag k\u00f6telez\u0151 \u00e9rv\u00e9ny\u0171 a proof: Az ISO 12647-7 szabv\u00e1ny szerinti m\u00e9dia \u00e9kkel \u00e9s vizsg\u00e1lati jegyz\u0151k\u00f6nyvvel nincs gond!","keywords":[{"label":"Proof,Farbverbindlich,rechtsverbindlich,Pr\u00fcfprotokoll,ISO12647-7","value":"Proof,Farbverbindlich,rechtsverbindlich,Pr\u00fcfprotokoll,ISO12647-7"}],"keyphrases":null,"primary_term":null,"canonical_url":null,"og_title":null,"og_description":null,"og_object_type":"default","og_image_type":"default","og_image_url":null,"og_image_width":null,"og_image_height":null,"og_image_custom_url":null,"og_image_custom_fields":null,"og_video":null,"og_custom_url":null,"og_article_section":null,"og_article_tags":null,"twitter_use_og":false,"twitter_card":"default","twitter_image_type":"default","twitter_image_url":null,"twitter_image_custom_url":null,"twitter_image_custom_fields":null,"twitter_title":null,"twitter_description":null,"schema":{"blockGraphs":[],"customGraphs":[],"default":{"data":{"Article":[],"Course":[],"Dataset":[],"FAQPage":[],"Movie":[],"Person":[],"Product":[],"ProductReview":[],"Car":[],"Recipe":[],"Service":[],"SoftwareApplication":[],"WebPage":[]},"graphName":"","isEnabled":true},"graphs":[]},"schema_type":null,"schema_type_options":null,"pillar_content":false,"robots_default":true,"robots_noindex":false,"robots_noarchive":false,"robots_nosnippet":false,"robots_nofollow":false,"robots_noimageindex":false,"robots_noodp":false,"robots_notranslate":false,"robots_max_snippet":null,"robots_max_videopreview":null,"robots_max_imagepreview":"large","priority":null,"frequency":null,"local_seo":null,"breadcrumb_settings":null,"limit_modified_date":false,"ai":null,"created":"2020-12-21 00:35:00","updated":"2025-06-04 14:10:54","seo_analyzer_scan_date":null,"focus_keyword":null,"additional_keywords":null,"truseo_locale":null},"_links":{"self":[{"href":"https:\/\/blog.proofs.de\/hu\/wp-json\/wp\/v2\/posts\/69","targetHints":{"allow":["GET"]}}],"collection":[{"href":"https:\/\/blog.proofs.de\/hu\/wp-json\/wp\/v2\/posts"}],"about":[{"href":"https:\/\/blog.proofs.de\/hu\/wp-json\/wp\/v2\/types\/post"}],"author":[{"embeddable":true,"href":"https:\/\/blog.proofs.de\/hu\/wp-json\/wp\/v2\/users\/2"}],"replies":[{"embeddable":true,"href":"https:\/\/blog.proofs.de\/hu\/wp-json\/wp\/v2\/comments?post=69"}],"version-history":[{"count":11,"href":"https:\/\/blog.proofs.de\/hu\/wp-json\/wp\/v2\/posts\/69\/revisions"}],"predecessor-version":[{"id":3417,"href":"https:\/\/blog.proofs.de\/hu\/wp-json\/wp\/v2\/posts\/69\/revisions\/3417"}],"wp:featuredmedia":[{"embeddable":true,"href":"https:\/\/blog.proofs.de\/hu\/wp-json\/wp\/v2\/media\/881"}],"wp:attachment":[{"href":"https:\/\/blog.proofs.de\/hu\/wp-json\/wp\/v2\/media?parent=69"}],"wp:term":[{"taxonomy":"category","embeddable":true,"href":"https:\/\/blog.proofs.de\/hu\/wp-json\/wp\/v2\/categories?post=69"},{"taxonomy":"post_tag","embeddable":true,"href":"https:\/\/blog.proofs.de\/hu\/wp-json\/wp\/v2\/tags?post=69"}],"curies":[{"name":"wp","href":"https:\/\/api.w.org\/{rel}","templated":true}]}}