{"id":1386,"date":"2015-09-17T00:59:25","date_gmt":"2015-09-16T22:59:25","guid":{"rendered":"http:\/\/www.proof.de\/?p=1386"},"modified":"2020-04-16T01:10:38","modified_gmt":"2020-04-15T23:10:38","slug":"kick-off-psocoatedv3-und-psouncoatedv3-am-30-09-2015-in-stuttgart","status":"publish","type":"post","link":"https:\/\/blog.proofs.de\/it\/kick-off-psocoatedv3-und-psouncoatedv3-am-30-09-2015-in-stuttgart\/","title":{"rendered":"Calcio d'inizio: PSOCoatedV3 e PSOUncoatedV3 a Stoccarda il 30.09.2015"},"content":{"rendered":"<div class=\"kk-star-ratings kksr-auto kksr-align-right kksr-valign-top\" data-payload='{\"align\":\"right\",\"id\":\"1386\",\"slug\":\"default\",\"valign\":\"top\",\"ignore\":\"\",\"reference\":\"auto\",\"class\":\"\",\"count\":\"0\",\"legendonly\":\"\",\"readonly\":\"\",\"score\":\"0\",\"starsonly\":\"\",\"best\":\"5\",\"gap\":\"5\",\"greet\":\"Jetzt bewerten\",\"legend\":\"0\\\/5 - (0 votes)\",\"size\":\"24\",\"title\":\"Kick-off: PSOCoatedV3 und PSOUncoatedV3 am 30.09.2015 in Stuttgart\",\"width\":\"0\",\"_legend\":\"{score}\\\/{best} - ({count} {votes})\",\"font_factor\":\"1.25\"}'>\n            \n<div class=\"kksr-stars\">\n    \n<div class=\"kksr-stars-inactive\">\n            <div class=\"kksr-star\" data-star=\"1\" style=\"padding-right: 5px\">\n            \n\n<div class=\"kksr-icon\" style=\"width: 24px; height: 24px;\"><\/div>\n        <\/div>\n            <div class=\"kksr-star\" data-star=\"2\" style=\"padding-right: 5px\">\n            \n\n<div class=\"kksr-icon\" style=\"width: 24px; height: 24px;\"><\/div>\n        <\/div>\n            <div class=\"kksr-star\" data-star=\"3\" style=\"padding-right: 5px\">\n            \n\n<div class=\"kksr-icon\" style=\"width: 24px; height: 24px;\"><\/div>\n        <\/div>\n            <div class=\"kksr-star\" data-star=\"4\" style=\"padding-right: 5px\">\n            \n\n<div class=\"kksr-icon\" style=\"width: 24px; height: 24px;\"><\/div>\n        <\/div>\n            <div class=\"kksr-star\" data-star=\"5\" style=\"padding-right: 5px\">\n            \n\n<div class=\"kksr-icon\" style=\"width: 24px; height: 24px;\"><\/div>\n        <\/div>\n    <\/div>\n    \n<div class=\"kksr-stars-active\" style=\"width: 0px;\">\n            <div class=\"kksr-star\" style=\"padding-right: 5px\">\n            \n\n<div class=\"kksr-icon\" style=\"width: 24px; height: 24px;\"><\/div>\n        <\/div>\n            <div class=\"kksr-star\" style=\"padding-right: 5px\">\n            \n\n<div class=\"kksr-icon\" style=\"width: 24px; height: 24px;\"><\/div>\n        <\/div>\n            <div class=\"kksr-star\" style=\"padding-right: 5px\">\n            \n\n<div class=\"kksr-icon\" style=\"width: 24px; height: 24px;\"><\/div>\n        <\/div>\n            <div class=\"kksr-star\" style=\"padding-right: 5px\">\n            \n\n<div class=\"kksr-icon\" style=\"width: 24px; height: 24px;\"><\/div>\n        <\/div>\n            <div class=\"kksr-star\" style=\"padding-right: 5px\">\n            \n\n<div class=\"kksr-icon\" style=\"width: 24px; height: 24px;\"><\/div>\n        <\/div>\n    <\/div>\n<\/div>\n                \n\n<div class=\"kksr-legend\" style=\"font-size: 19.2px;\">\n            <span class=\"kksr-muted\">Valuta ora<\/span>\n    <\/div>\n    <\/div>\n<p>Il <a href=\"https:\/\/blog.proofs.de\/it\/lexikon\/bvdm\/\" target=\"_self\" title=\"Il Bundesverband Druck und Medien e.V. (bvdm) \u00e8 l&#039;organizzazione ombrello dell&#039;industria grafica tedesca.\" class=\"encyclopedia\">bvdm<\/a> invita insieme a <a href=\"https:\/\/blog.proofs.de\/it\/lexikon\/fogra\/\" target=\"_self\" title=\"Fogra Forschungsgesellschaft Druck e.V., con sede a Monaco.\" class=\"encyclopedia\">Fogra<\/a> e <a href=\"https:\/\/blog.proofs.de\/it\/lexikon\/eci\/\" target=\"_self\" title=\"L&#039;ECI - European Color Initiative \u00e8 un gruppo di esperti che si occupa dell&#039;elaborazione dei dati sul colore nei sistemi editoriali.\" class=\"encyclopedia\">ECI<\/a> a un \"kick-off\" congiunto delle nuove condizioni di stampa il 30.09.2015 presso la Media University di Stoccarda.<\/p>\n<p>Come unica associazione coinvolta, il bvdm ha pubblicato l'evento sul suo sito web. Questo \u00e8 probabilmente uno dei motivi per cui molte persone interessate e coinvolte non hanno nemmeno sentito parlare dell'evento.<\/p>\n<p>Vorrei quindi cogliere l'occasione per fare ancora una volta riferimento esplicito all'evento, che \u00e8 aperto a un pubblico specializzato:<\/p>\n<p>La seguente nota \u00e8 disponibile sul sito web di bvdm:<\/p>\n<p>\"Il Bundesverband Druck und Medien e.V. (bvdm), l'Europ<a href=\"https:\/\/blog.proofs.de\/it\/lexikon\/ean\/\" target=\"_self\" title=\"EAN = Numero di articolo europeo. L&#039;EAN \u00e8 stato sostituito dal GTIN = Global Trade Identification Number nel 2009.\" class=\"encyclopedia\">ean<\/a> Color Initiative (ECI) e la Forschungsgesellschaft Druck e.V. (Fogra) presenteranno i loro strumenti di lavoro, sviluppati e testati congiuntamente, per l'implementazione dell'Iniziativa Colore. <a href=\"https:\/\/blog.proofs.de\/it\/lexikon\/iso-12647\/\" target=\"_self\" title=\"ISO 12647 \u00e8 lo standard ISO responsabile della stampa. Definisce i punti chiave pi\u00f9 importanti per una stampa standardizzata e conforme ai colori.\" class=\"encyclopedia\">ISO 12647<\/a>-2:2013.<\/p>\n<p>La nuova ISO 12647-2 tiene conto dei pi\u00f9 recenti sviluppi della tecnologia di misurazione e <a href=\"https:\/\/blog.proofs.de\/it\/lexikon\/normlicht\/\" target=\"_self\" title=\"La luce standard si riferisce a condizioni di illuminazione definite in cui gli spettatori possono osservare e valutare in modo uniforme le stampe o gli oggetti. L&#039;illuminante standard pi\u00f9 importante \u00e8 il D50 per gli stampatori (temperatura di colore: 5.000 Kelvin).\" class=\"encyclopedia\">Luce standard<\/a> - Parola chiave <a href=\"https:\/\/blog.proofs.de\/it\/lexikon\/optische-aufheller\/\" target=\"_self\" title=\"Gli sbiancanti ottici sono additivi utilizzati dai produttori di carta per rendere la carta pi\u00f9 bianca e luminosa.\" class=\"encyclopedia\">sbiancanti ottici<\/a> - e quindi offre vantaggi significativi nella gestione della qualit\u00e0 nella stampa standardizzata. I miglioramenti apportati allo standard, le condizioni di stampa di nuova concezione per le carte premium patinate e non patinate nella stampa a fogli<a href=\"https:\/\/blog.proofs.de\/it\/lexikon\/offsetdruck\/\" target=\"_self\" title=\"La stampa offset \u00e8 un processo di stampa indiretta. Indiretto significa che la forma di stampa e il substrato non entrano in contatto diretto tra loro, ma viene utilizzato un supporto intermedio come mezzo di trasferimento. \u00c8 il processo di stampa pi\u00f9 diffuso. Esistono: - macchine da stampa offset a foglio e - macchine da stampa offset a bobina.\" class=\"encyclopedia\">stampa offset<\/a> e la loro implementazione di successo nella pratica sono presentati chiaramente da coloro che hanno partecipato al progetto. Con la fornitura delle nuove condizioni di stampa, compreso il successore del riferimento internazionalmente riconosciuto \"ISO Coated V2\" (Fogra39), \u00e8 stata creata la base per un'applicazione continua e migliorata del ProcessStandard Offset.<\/p>\n<p class=\"bodytext\"><strong>Mercoled\u00ec 30 settembre 2015 - dalle 10.00 alle 12.30.<\/strong><br>\n<strong>Universit\u00e0 dei media di Stoccarda (HdM)&nbsp;<\/strong><\/p>\n<p class=\"bodytext\"><strong>Nuovo edificio della Facolt\u00e0 3, piano terra, aula magna i003&nbsp;<\/strong><br>\n<strong>Nobelstra\u00dfe 10, D-70569 Stoccarda (Vaihingen)<\/strong>\"<\/p>\n<p class=\"bodytext\">La registrazione \u00e8 possibile tramite l'indirizzo e-mail&nbsp;<a href=\"mailto:ks@bvdm-online.de\">ks(at)bvdm-online(dot)de<\/a>&nbsp;richiesto. I documenti possono essere richiesti anche qui, se \u00e8 impossibilitato a partecipare.<\/p>\n<p class=\"bodytext\">Tramite la mailing list dell'ECI, \u00e8 stato chiesto se l'evento sar\u00e0 trasmesso anche in streaming su Internet, dato che - anche a causa del breve preavviso sulla data - molti non potranno certamente partecipare. Ad oggi, non si sa nulla di pi\u00f9 al riguardo.<\/p>\n<p class=\"bodytext\"><strong>Addendum 19.09.2015:<\/strong><\/p>\n<p class=\"bodytext\">Oggi Fogra ha anche invitato al kick-off a Stoccarda tramite la sua mailing list. Sul loro sito web non c'\u00e8 ancora un'indicazione precisa della data, ma c'\u00e8 un PDF di Andreas Krau\u00dfhaar in cui descrive sia le caratteristiche che le esperienze con il prossimo E<a href=\"https:\/\/blog.proofs.de\/it\/lexikon\/pso\/\" target=\"_self\" title='PSO \u00e8 l&#039;acronimo di &quot;ProcessStandard Offset&quot;, uno standard sviluppato congiuntamente da Fogra e dalla Federazione tedesca delle industrie della stampa e dei media. Il ProcessStandard Offset \u00e8 una raccolta di norme e standardizzazioni per la stampa offset.' class=\"encyclopedia\">pso<\/a>n Sure Color P 7000 e P 9000 di Epson, oltre a presentare i dettagli dei prossimi standard. Pu\u00f2 scaricare il PDF dal sito web di Fogra qui:<\/p>\n<p class=\"bodytext\"><a href=\"http:\/\/www.fogra.de\/index.php?menuid=239&amp;downloadid=956&amp;reporeid=184\">Presentazione di Epson SureColor SP-7000 a Meerbusch il 16.9.215<\/a><br>\n<a href=\"http:\/\/www.fogra.de\/index.php?menuid=239&amp;downloadid=956&amp;reporeid=184\">Esperienze con \"violet\" e sullo stato dello standard FOGRA51\/52<\/a><\/p>","protected":false},"excerpt":{"rendered":"<p>Insieme a Fogra ed ECI, il bvdm la invita a un \"kick-off\" congiunto delle nuove condizioni di stampa il 30 settembre 2015 presso la Stuttgart Media University. Come unica associazione coinvolta, il bvdm ha pubblicizzato l'evento sul suo sito web. Questo \u00e8 probabilmente uno dei motivi per cui molte parti interessate e coinvolte non hanno ancora sentito parlare dell'evento. Vorrei quindi cogliere l'occasione per richiamare ancora una volta esplicitamente l'attenzione sull'evento, che \u00e8 aperto ai visitatori professionali: Le seguenti informazioni si trovano sul sito web di bvdm: \"Il Bundesverband Druck und Medien e.V. (bvdm), la European Colour Initiative (ECI) e ... <\/p>\n<p class=\"read-more-container\"><a title=\"Calcio d&#039;inizio: PSOCoatedV3 e PSOUncoatedV3 a Stoccarda il 30.09.2015\" class=\"read-more button\" href=\"https:\/\/blog.proofs.de\/it\/kick-off-psocoatedv3-und-psouncoatedv3-am-30-09-2015-in-stuttgart\/#more-1386\" aria-label=\"Per saperne di pi\u00f9 su Calcio d&#039;inizio: PSOCoatedV3 e PSOUncoatedV3 il 30 settembre 2015 a Stoccarda\">Leggi di pi\u00f9<\/a><\/p>","protected":false},"author":2,"featured_media":0,"comment_status":"open","ping_status":"open","sticky":false,"template":"","format":"standard","meta":{"om_disable_all_campaigns":false,"inline_featured_image":false,"_monsterinsights_skip_tracking":false,"footnotes":""},"categories":[1,7,442],"tags":[575,530,577,576,522,181,183,568,484,485],"class_list":["post-1386","post","type-post","status-publish","format-standard","hentry","category-allgemein","category-proof-wissen","category-prozessstandard-offsetdruck-proof-wissen","tag-bvdm","tag-eci","tag-epson-sure-color-p-9000","tag-epson-sure-color-p7000","tag-fogra","tag-fogra51","tag-fogra52","tag-oba","tag-psocoatedv3","tag-psouncoatedv3","generate-columns","tablet-grid-50","mobile-grid-100","grid-parent","grid-50","no-featured-image-padding"],"aioseo_notices":[],"aioseo_head":"\n\t\t<!-- All in One SEO 5.0.1.1 - aioseo.com -->\n\t<meta name=\"description\" content=\"Der bvdm l\u00e4dt zusammen mit Fogra und ECI zu einem gemeinsamen &quot;Kick-Off&quot; der neuen Druckbedingungen am 30.09.2015 in die Hochschule der Medien nach Stuttgart.\" \/>\n\t<meta name=\"robots\" content=\"max-image-preview:large\" \/>\n\t<meta name=\"author\" content=\"Matthias Betz\"\/>\n\t<meta name=\"google-site-verification\" content=\"TuXxyRwxcEg2-WfOaQ8vScWQh3-uBAnxXmY7g3GT90A\" \/>\n\t<meta name=\"keywords\" content=\"psocoatedv3,psouncoatedv3,fogra51,fogra52,oba,bvdm,fogra,eci,,bvdm,eci,epson sure color p 9000,epson sure color p7000,fogra,fogra51,fogra52,oba,psocoatedv3,psouncoatedv3\" \/>\n\t<link rel=\"canonical\" href=\"https:\/\/blog.proofs.de\/it\/kick-off-psocoatedv3-und-psouncoatedv3-am-30-09-2015-in-stuttgart\/\" \/>\n\t<meta name=\"generator\" content=\"All in One SEO (AIOSEO) 5.0.1.1\" \/>\n\n\t\t<meta name=\"seobility\" content=\"593a8578143db71543f014978c690d47\">\n\t\t<meta property=\"og:locale\" content=\"it_IT\" \/>\n\t\t<meta property=\"og:site_name\" content=\"Proof.de | Alles zu Proof, Farbmanagement, Grafik, Messtechnik &amp; Co.\" \/>\n\t\t<meta property=\"og:type\" content=\"article\" \/>\n\t\t<meta property=\"og:title\" content=\"Kick-off: PSOCoatedV3 und PSOUncoatedV3 am 30.9. | proof.de\" \/>\n\t\t<meta property=\"og:description\" content=\"Der bvdm l\u00e4dt zusammen mit Fogra und ECI zu einem gemeinsamen &quot;Kick-Off&quot; der neuen Druckbedingungen am 30.09.2015 in die Hochschule der Medien nach Stuttgart.\" \/>\n\t\t<meta property=\"og:url\" content=\"https:\/\/blog.proofs.de\/it\/kick-off-psocoatedv3-und-psouncoatedv3-am-30-09-2015-in-stuttgart\/\" \/>\n\t\t<meta property=\"og:image\" content=\"https:\/\/blog1.proofen.de\/wp-content\/uploads\/2020\/04\/proof_background.jpg\" \/>\n\t\t<meta property=\"og:image:secure_url\" content=\"https:\/\/blog1.proofen.de\/wp-content\/uploads\/2020\/04\/proof_background.jpg\" \/>\n\t\t<meta property=\"article:published_time\" content=\"2015-09-16T22:59:25+00:00\" \/>\n\t\t<meta property=\"article:modified_time\" content=\"2020-04-15T23:10:38+00:00\" \/>\n\t\t<meta property=\"article:publisher\" content=\"https:\/\/www.facebook.com\/Proof.de\/\" \/>\n\t\t<meta name=\"twitter:card\" content=\"summary\" \/>\n\t\t<meta name=\"twitter:title\" content=\"Kick-off: PSOCoatedV3 und PSOUncoatedV3 am 30.9. | proof.de\" \/>\n\t\t<meta name=\"twitter:description\" content=\"Der bvdm l\u00e4dt zusammen mit Fogra und ECI zu einem gemeinsamen &quot;Kick-Off&quot; der neuen Druckbedingungen am 30.09.2015 in die Hochschule der Medien nach Stuttgart.\" \/>\n\t\t<meta name=\"twitter:image\" content=\"https:\/\/blog1.proofen.de\/wp-content\/uploads\/2020\/04\/proof_background.jpg\" \/>\n\t\t<script type=\"application\/ld+json\" class=\"aioseo-schema\">\n\t\t\t{\"@context\":\"https:\\\/\\\/schema.org\",\"@graph\":[{\"@type\":\"Article\",\"@id\":\"https:\\\/\\\/blog.proofs.de\\\/it\\\/kick-off-psocoatedv3-und-psouncoatedv3-am-30-09-2015-in-stuttgart\\\/#article\",\"name\":\"Kick-off: PSOCoatedV3 und PSOUncoatedV3 am 30.9. | proof.de\",\"headline\":\"Kick-off: PSOCoatedV3 und PSOUncoatedV3 am 30.09.2015 in Stuttgart\",\"author\":{\"@id\":\"https:\\\/\\\/blog.proofs.de\\\/it\\\/author\\\/mbetz\\\/#author\"},\"publisher\":{\"@id\":\"https:\\\/\\\/blog.proofs.de\\\/it\\\/#organization\"},\"image\":{\"@type\":\"ImageObject\",\"url\":\"https:\\\/\\\/blog1.proofen.de\\\/wp-content\\\/uploads\\\/2019\\\/09\\\/logo_proof_rgb_mit_balken_250px.png\",\"@id\":\"https:\\\/\\\/blog.proofs.de\\\/it\\\/#articleImage\"},\"datePublished\":\"2015-09-17T00:59:25+02:00\",\"dateModified\":\"2020-04-16T01:10:38+02:00\",\"inLanguage\":\"it-IT\",\"commentCount\":5,\"mainEntityOfPage\":{\"@id\":\"https:\\\/\\\/blog.proofs.de\\\/it\\\/kick-off-psocoatedv3-und-psouncoatedv3-am-30-09-2015-in-stuttgart\\\/#webpage\"},\"isPartOf\":{\"@id\":\"https:\\\/\\\/blog.proofs.de\\\/it\\\/kick-off-psocoatedv3-und-psouncoatedv3-am-30-09-2015-in-stuttgart\\\/#webpage\"},\"articleSection\":\"Allgemein, Proof Wissen, Prozessstandard Offsetdruck, bvdm, ECI, Epson Sure Color P 9000, Epson Sure Color P7000, Fogra, Fogra51, Fogra52, OBA, PSOcoatedV3, PSOUncoatedV3\"},{\"@type\":\"BreadcrumbList\",\"@id\":\"https:\\\/\\\/blog.proofs.de\\\/it\\\/kick-off-psocoatedv3-und-psouncoatedv3-am-30-09-2015-in-stuttgart\\\/#breadcrumblist\",\"itemListElement\":[{\"@type\":\"ListItem\",\"@id\":\"https:\\\/\\\/blog.proofs.de\\\/it#listItem\",\"position\":1,\"name\":\"Home\",\"item\":\"https:\\\/\\\/blog.proofs.de\\\/it\",\"nextItem\":{\"@type\":\"ListItem\",\"@id\":\"https:\\\/\\\/blog.proofs.de\\\/it\\\/thema\\\/proof-wissen\\\/#listItem\",\"name\":\"Proof Wissen\"}},{\"@type\":\"ListItem\",\"@id\":\"https:\\\/\\\/blog.proofs.de\\\/it\\\/thema\\\/proof-wissen\\\/#listItem\",\"position\":2,\"name\":\"Proof Wissen\",\"item\":\"https:\\\/\\\/blog.proofs.de\\\/it\\\/thema\\\/proof-wissen\\\/\",\"nextItem\":{\"@type\":\"ListItem\",\"@id\":\"https:\\\/\\\/blog.proofs.de\\\/it\\\/thema\\\/proof-wissen\\\/prozessstandard-offsetdruck-proof-wissen\\\/#listItem\",\"name\":\"Prozessstandard Offsetdruck\"},\"previousItem\":{\"@type\":\"ListItem\",\"@id\":\"https:\\\/\\\/blog.proofs.de\\\/it#listItem\",\"name\":\"Home\"}},{\"@type\":\"ListItem\",\"@id\":\"https:\\\/\\\/blog.proofs.de\\\/it\\\/thema\\\/proof-wissen\\\/prozessstandard-offsetdruck-proof-wissen\\\/#listItem\",\"position\":3,\"name\":\"Prozessstandard Offsetdruck\",\"item\":\"https:\\\/\\\/blog.proofs.de\\\/it\\\/thema\\\/proof-wissen\\\/prozessstandard-offsetdruck-proof-wissen\\\/\",\"nextItem\":{\"@type\":\"ListItem\",\"@id\":\"https:\\\/\\\/blog.proofs.de\\\/it\\\/kick-off-psocoatedv3-und-psouncoatedv3-am-30-09-2015-in-stuttgart\\\/#listItem\",\"name\":\"Kick-off: PSOCoatedV3 und PSOUncoatedV3 am 30.09.2015 in Stuttgart\"},\"previousItem\":{\"@type\":\"ListItem\",\"@id\":\"https:\\\/\\\/blog.proofs.de\\\/it\\\/thema\\\/proof-wissen\\\/#listItem\",\"name\":\"Proof Wissen\"}},{\"@type\":\"ListItem\",\"@id\":\"https:\\\/\\\/blog.proofs.de\\\/it\\\/kick-off-psocoatedv3-und-psouncoatedv3-am-30-09-2015-in-stuttgart\\\/#listItem\",\"position\":4,\"name\":\"Kick-off: PSOCoatedV3 und PSOUncoatedV3 am 30.09.2015 in Stuttgart\",\"previousItem\":{\"@type\":\"ListItem\",\"@id\":\"https:\\\/\\\/blog.proofs.de\\\/it\\\/thema\\\/proof-wissen\\\/prozessstandard-offsetdruck-proof-wissen\\\/#listItem\",\"name\":\"Prozessstandard Offsetdruck\"}}]},{\"@type\":\"Organization\",\"@id\":\"https:\\\/\\\/blog.proofs.de\\\/it\\\/#organization\",\"name\":\"Proof GmbH\",\"description\":\"Farbverbindlicher Proof, Farbproof, Digitalproof und Online-Proof.\",\"url\":\"https:\\\/\\\/blog.proofs.de\\\/it\\\/\",\"telephone\":\"+4970717952740\",\"logo\":{\"@type\":\"ImageObject\",\"url\":\"https:\\\/\\\/blog1.proofen.de\\\/wp-content\\\/uploads\\\/2019\\\/09\\\/logo_proof_rgb_mit_balken_250px.png\",\"@id\":\"https:\\\/\\\/blog.proofs.de\\\/it\\\/kick-off-psocoatedv3-und-psouncoatedv3-am-30-09-2015-in-stuttgart\\\/#organizationLogo\"},\"image\":{\"@id\":\"https:\\\/\\\/blog.proofs.de\\\/it\\\/kick-off-psocoatedv3-und-psouncoatedv3-am-30-09-2015-in-stuttgart\\\/#organizationLogo\"},\"sameAs\":[\"https:\\\/\\\/www.facebook.com\\\/Proof.de\\\/\",\"https:\\\/\\\/www.instagram.com\\\/proof.de\\\/\",\"https:\\\/\\\/www.tiktok.com\\\/@proof_de\",\"https:\\\/\\\/www.youtube.com\\\/channel\\\/UCk80fQVQ25wC9wu3SywB-Nw\",\"https:\\\/\\\/www.linkedin.com\\\/company\\\/proof-de\"]},{\"@type\":\"Person\",\"@id\":\"https:\\\/\\\/blog.proofs.de\\\/it\\\/author\\\/mbetz\\\/#author\",\"url\":\"https:\\\/\\\/blog.proofs.de\\\/it\\\/author\\\/mbetz\\\/\",\"name\":\"Matthias Betz\",\"image\":{\"@type\":\"ImageObject\",\"@id\":\"https:\\\/\\\/blog.proofs.de\\\/it\\\/kick-off-psocoatedv3-und-psouncoatedv3-am-30-09-2015-in-stuttgart\\\/#authorImage\",\"url\":\"https:\\\/\\\/blog.proofs.de\\\/wp-content\\\/uploads\\\/2020\\\/10\\\/matthias-betz-e1603934518350-150x150.png\",\"width\":96,\"height\":96,\"caption\":\"Matthias Betz\"}},{\"@type\":\"WebPage\",\"@id\":\"https:\\\/\\\/blog.proofs.de\\\/it\\\/kick-off-psocoatedv3-und-psouncoatedv3-am-30-09-2015-in-stuttgart\\\/#webpage\",\"url\":\"https:\\\/\\\/blog.proofs.de\\\/it\\\/kick-off-psocoatedv3-und-psouncoatedv3-am-30-09-2015-in-stuttgart\\\/\",\"name\":\"Kick-off: PSOCoatedV3 und PSOUncoatedV3 am 30.9. | proof.de\",\"description\":\"Der bvdm l\\u00e4dt zusammen mit Fogra und ECI zu einem gemeinsamen \\\"Kick-Off\\\" der neuen Druckbedingungen am 30.09.2015 in die Hochschule der Medien nach Stuttgart.\",\"inLanguage\":\"it-IT\",\"isPartOf\":{\"@id\":\"https:\\\/\\\/blog.proofs.de\\\/it\\\/#website\"},\"breadcrumb\":{\"@id\":\"https:\\\/\\\/blog.proofs.de\\\/it\\\/kick-off-psocoatedv3-und-psouncoatedv3-am-30-09-2015-in-stuttgart\\\/#breadcrumblist\"},\"author\":{\"@id\":\"https:\\\/\\\/blog.proofs.de\\\/it\\\/author\\\/mbetz\\\/#author\"},\"creator\":{\"@id\":\"https:\\\/\\\/blog.proofs.de\\\/it\\\/author\\\/mbetz\\\/#author\"},\"datePublished\":\"2015-09-17T00:59:25+02:00\",\"dateModified\":\"2020-04-16T01:10:38+02:00\"},{\"@type\":\"WebSite\",\"@id\":\"https:\\\/\\\/blog.proofs.de\\\/it\\\/#website\",\"url\":\"https:\\\/\\\/blog.proofs.de\\\/it\\\/\",\"name\":\"Proof.de\",\"description\":\"Farbverbindlicher Proof, Farbproof, Digitalproof und Online-Proof.\",\"inLanguage\":\"it-IT\",\"publisher\":{\"@id\":\"https:\\\/\\\/blog.proofs.de\\\/it\\\/#organization\"}}]}\n\t\t<\/script>\n\t\t<!-- All in One SEO -->\n\n","aioseo_head_json":{"title":"Calcio d'inizio: PSOCoatedV3 e PSOUncoatedV3 il 30.9. | proof.de","description":"Insieme a Fogra ed ECI, il bvdm la invita a un \"kick-off\" congiunto delle nuove condizioni di stampa il 30 settembre 2015 presso la Media University di Stoccarda.","canonical_url":"https:\/\/blog.proofs.de\/it\/kick-off-psocoatedv3-und-psouncoatedv3-am-30-09-2015-in-stuttgart\/","robots":"max-image-preview:large","keywords":"psocoatedv3,psouncoatedv3,fogra51,fogra52,oba,bvdm,fogra,eci,,bvdm,eci,epson sure color p 9000,epson sure color p7000,fogra,fogra51,fogra52,oba,psocoatedv3,psouncoatedv3","webmasterTools":{"google-site-verification":"TuXxyRwxcEg2-WfOaQ8vScWQh3-uBAnxXmY7g3GT90A","miscellaneous":"&lt;meta name=\"seobility\" content=\"593a8578143db71543f014978c690d47\"&gt;"},"schema":{"@context":"https:\/\/schema.org","@graph":[{"@type":"Article","@id":"https:\/\/blog.proofs.de\/it\/kick-off-psocoatedv3-und-psouncoatedv3-am-30-09-2015-in-stuttgart\/#article","name":"Kick-off: PSOCoatedV3 und PSOUncoatedV3 am 30.9. | proof.de","headline":"Kick-off: PSOCoatedV3 und PSOUncoatedV3 am 30.09.2015 in Stuttgart","author":{"@id":"https:\/\/blog.proofs.de\/it\/author\/mbetz\/#author"},"publisher":{"@id":"https:\/\/blog.proofs.de\/it\/#organization"},"image":{"@type":"ImageObject","url":"https:\/\/blog1.proofen.de\/wp-content\/uploads\/2019\/09\/logo_proof_rgb_mit_balken_250px.png","@id":"https:\/\/blog.proofs.de\/it\/#articleImage"},"datePublished":"2015-09-17T00:59:25+02:00","dateModified":"2020-04-16T01:10:38+02:00","inLanguage":"it-IT","commentCount":5,"mainEntityOfPage":{"@id":"https:\/\/blog.proofs.de\/it\/kick-off-psocoatedv3-und-psouncoatedv3-am-30-09-2015-in-stuttgart\/#webpage"},"isPartOf":{"@id":"https:\/\/blog.proofs.de\/it\/kick-off-psocoatedv3-und-psouncoatedv3-am-30-09-2015-in-stuttgart\/#webpage"},"articleSection":"Allgemein, Proof Wissen, Prozessstandard Offsetdruck, bvdm, ECI, Epson Sure Color P 9000, Epson Sure Color P7000, Fogra, Fogra51, Fogra52, OBA, PSOcoatedV3, PSOUncoatedV3"},{"@type":"BreadcrumbList","@id":"https:\/\/blog.proofs.de\/it\/kick-off-psocoatedv3-und-psouncoatedv3-am-30-09-2015-in-stuttgart\/#breadcrumblist","itemListElement":[{"@type":"ListItem","@id":"https:\/\/blog.proofs.de\/it#listItem","position":1,"name":"Home","item":"https:\/\/blog.proofs.de\/it","nextItem":{"@type":"ListItem","@id":"https:\/\/blog.proofs.de\/it\/thema\/proof-wissen\/#listItem","name":"Proof Wissen"}},{"@type":"ListItem","@id":"https:\/\/blog.proofs.de\/it\/thema\/proof-wissen\/#listItem","position":2,"name":"Proof Wissen","item":"https:\/\/blog.proofs.de\/it\/thema\/proof-wissen\/","nextItem":{"@type":"ListItem","@id":"https:\/\/blog.proofs.de\/it\/thema\/proof-wissen\/prozessstandard-offsetdruck-proof-wissen\/#listItem","name":"Prozessstandard Offsetdruck"},"previousItem":{"@type":"ListItem","@id":"https:\/\/blog.proofs.de\/it#listItem","name":"Home"}},{"@type":"ListItem","@id":"https:\/\/blog.proofs.de\/it\/thema\/proof-wissen\/prozessstandard-offsetdruck-proof-wissen\/#listItem","position":3,"name":"Prozessstandard Offsetdruck","item":"https:\/\/blog.proofs.de\/it\/thema\/proof-wissen\/prozessstandard-offsetdruck-proof-wissen\/","nextItem":{"@type":"ListItem","@id":"https:\/\/blog.proofs.de\/it\/kick-off-psocoatedv3-und-psouncoatedv3-am-30-09-2015-in-stuttgart\/#listItem","name":"Kick-off: PSOCoatedV3 und PSOUncoatedV3 am 30.09.2015 in Stuttgart"},"previousItem":{"@type":"ListItem","@id":"https:\/\/blog.proofs.de\/it\/thema\/proof-wissen\/#listItem","name":"Proof Wissen"}},{"@type":"ListItem","@id":"https:\/\/blog.proofs.de\/it\/kick-off-psocoatedv3-und-psouncoatedv3-am-30-09-2015-in-stuttgart\/#listItem","position":4,"name":"Kick-off: PSOCoatedV3 und PSOUncoatedV3 am 30.09.2015 in Stuttgart","previousItem":{"@type":"ListItem","@id":"https:\/\/blog.proofs.de\/it\/thema\/proof-wissen\/prozessstandard-offsetdruck-proof-wissen\/#listItem","name":"Prozessstandard Offsetdruck"}}]},{"@type":"Organization","@id":"https:\/\/blog.proofs.de\/it\/#organization","name":"Proof GmbH","description":"Farbverbindlicher Proof, Farbproof, Digitalproof und Online-Proof.","url":"https:\/\/blog.proofs.de\/it\/","telephone":"+4970717952740","logo":{"@type":"ImageObject","url":"https:\/\/blog1.proofen.de\/wp-content\/uploads\/2019\/09\/logo_proof_rgb_mit_balken_250px.png","@id":"https:\/\/blog.proofs.de\/it\/kick-off-psocoatedv3-und-psouncoatedv3-am-30-09-2015-in-stuttgart\/#organizationLogo"},"image":{"@id":"https:\/\/blog.proofs.de\/it\/kick-off-psocoatedv3-und-psouncoatedv3-am-30-09-2015-in-stuttgart\/#organizationLogo"},"sameAs":["https:\/\/www.facebook.com\/Proof.de\/","https:\/\/www.instagram.com\/proof.de\/","https:\/\/www.tiktok.com\/@proof_de","https:\/\/www.youtube.com\/channel\/UCk80fQVQ25wC9wu3SywB-Nw","https:\/\/www.linkedin.com\/company\/proof-de"]},{"@type":"Person","@id":"https:\/\/blog.proofs.de\/it\/author\/mbetz\/#author","url":"https:\/\/blog.proofs.de\/it\/author\/mbetz\/","name":"Matthias Betz","image":{"@type":"ImageObject","@id":"https:\/\/blog.proofs.de\/it\/kick-off-psocoatedv3-und-psouncoatedv3-am-30-09-2015-in-stuttgart\/#authorImage","url":"https:\/\/blog.proofs.de\/wp-content\/uploads\/2020\/10\/matthias-betz-e1603934518350-150x150.png","width":96,"height":96,"caption":"Matthias Betz"}},{"@type":"WebPage","@id":"https:\/\/blog.proofs.de\/it\/kick-off-psocoatedv3-und-psouncoatedv3-am-30-09-2015-in-stuttgart\/#webpage","url":"https:\/\/blog.proofs.de\/it\/kick-off-psocoatedv3-und-psouncoatedv3-am-30-09-2015-in-stuttgart\/","name":"Kick-off: PSOCoatedV3 und PSOUncoatedV3 am 30.9. | proof.de","description":"Der bvdm l\u00e4dt zusammen mit Fogra und ECI zu einem gemeinsamen \"Kick-Off\" der neuen Druckbedingungen am 30.09.2015 in die Hochschule der Medien nach Stuttgart.","inLanguage":"it-IT","isPartOf":{"@id":"https:\/\/blog.proofs.de\/it\/#website"},"breadcrumb":{"@id":"https:\/\/blog.proofs.de\/it\/kick-off-psocoatedv3-und-psouncoatedv3-am-30-09-2015-in-stuttgart\/#breadcrumblist"},"author":{"@id":"https:\/\/blog.proofs.de\/it\/author\/mbetz\/#author"},"creator":{"@id":"https:\/\/blog.proofs.de\/it\/author\/mbetz\/#author"},"datePublished":"2015-09-17T00:59:25+02:00","dateModified":"2020-04-16T01:10:38+02:00"},{"@type":"WebSite","@id":"https:\/\/blog.proofs.de\/it\/#website","url":"https:\/\/blog.proofs.de\/it\/","name":"Proof.de","description":"Farbverbindlicher Proof, Farbproof, Digitalproof und Online-Proof.","inLanguage":"it-IT","publisher":{"@id":"https:\/\/blog.proofs.de\/it\/#organization"}}]},"og:locale":"it_IT","og:site_name":"Proof.de | Alles zu Proof, Farbmanagement, Grafik, Messtechnik &amp; Co.","og:type":"article","og:title":"Kick-off: PSOCoatedV3 und PSOUncoatedV3 am 30.9. | proof.de","og:description":"Der bvdm l\u00e4dt zusammen mit Fogra und ECI zu einem gemeinsamen &quot;Kick-Off&quot; der neuen Druckbedingungen am 30.09.2015 in die Hochschule der Medien nach Stuttgart.","og:url":"https:\/\/blog.proofs.de\/it\/kick-off-psocoatedv3-und-psouncoatedv3-am-30-09-2015-in-stuttgart\/","og:image":"https:\/\/blog1.proofen.de\/wp-content\/uploads\/2020\/04\/proof_background.jpg","og:image:secure_url":"https:\/\/blog1.proofen.de\/wp-content\/uploads\/2020\/04\/proof_background.jpg","article:published_time":"2015-09-16T22:59:25+00:00","article:modified_time":"2020-04-15T23:10:38+00:00","article:publisher":"https:\/\/www.facebook.com\/Proof.de\/","twitter:card":"summary","twitter:title":"Kick-off: PSOCoatedV3 und PSOUncoatedV3 am 30.9. | proof.de","twitter:description":"Der bvdm l\u00e4dt zusammen mit Fogra und ECI zu einem gemeinsamen &quot;Kick-Off&quot; der neuen Druckbedingungen am 30.09.2015 in die Hochschule der Medien nach Stuttgart.","twitter:image":"https:\/\/blog1.proofen.de\/wp-content\/uploads\/2020\/04\/proof_background.jpg"},"aioseo_meta_data":{"post_id":"1386","title":"Kick-off: PSOCoatedV3 und PSOUncoatedV3 am 30.9. |\u00a0proof.de","description":"Der bvdm l\u00e4dt zusammen mit Fogra und ECI zu einem gemeinsamen &quot;Kick-Off&quot; der neuen Druckbedingungen am 30.09.2015 in die Hochschule der Medien nach Stuttgart.","keywords":[{"label":"PSOCoatedV3,PSOUncoatedV3,Fogra51,Fogra52,OBA,bvdm,Fogra,ECI,","value":"PSOCoatedV3,PSOUncoatedV3,Fogra51,Fogra52,OBA,bvdm,Fogra,ECI,"}],"keyphrases":null,"primary_term":null,"canonical_url":null,"og_title":null,"og_description":null,"og_object_type":"default","og_image_type":"default","og_image_url":null,"og_image_width":null,"og_image_height":null,"og_image_custom_url":null,"og_image_custom_fields":null,"og_video":null,"og_custom_url":null,"og_article_section":null,"og_article_tags":null,"twitter_use_og":false,"twitter_card":"default","twitter_image_type":"default","twitter_image_url":null,"twitter_image_custom_url":null,"twitter_image_custom_fields":null,"twitter_title":null,"twitter_description":null,"schema":{"blockGraphs":[],"customGraphs":[],"default":{"data":{"Article":[],"Course":[],"Dataset":[],"FAQPage":[],"Movie":[],"Person":[],"Product":[],"ProductReview":[],"Car":[],"Recipe":[],"Service":[],"SoftwareApplication":[],"WebPage":[]},"graphName":"","isEnabled":true},"graphs":[],"defaultGraph":"","defaultPostTypeGraph":""},"schema_type":null,"schema_type_options":null,"pillar_content":false,"robots_default":true,"robots_noindex":false,"robots_noarchive":false,"robots_nosnippet":false,"robots_nofollow":false,"robots_noimageindex":false,"robots_noodp":false,"robots_notranslate":false,"robots_max_snippet":null,"robots_max_videopreview":null,"robots_max_imagepreview":"large","priority":null,"frequency":null,"local_seo":null,"breadcrumb_settings":null,"limit_modified_date":false,"ai":null,"created":"2020-12-21 00:36:00","updated":"2025-06-04 14:19:03","seo_analyzer_scan_date":null,"focus_keyword":null,"additional_keywords":null,"truseo_locale":null},"_links":{"self":[{"href":"https:\/\/blog.proofs.de\/it\/wp-json\/wp\/v2\/posts\/1386","targetHints":{"allow":["GET"]}}],"collection":[{"href":"https:\/\/blog.proofs.de\/it\/wp-json\/wp\/v2\/posts"}],"about":[{"href":"https:\/\/blog.proofs.de\/it\/wp-json\/wp\/v2\/types\/post"}],"author":[{"embeddable":true,"href":"https:\/\/blog.proofs.de\/it\/wp-json\/wp\/v2\/users\/2"}],"replies":[{"embeddable":true,"href":"https:\/\/blog.proofs.de\/it\/wp-json\/wp\/v2\/comments?post=1386"}],"version-history":[{"count":5,"href":"https:\/\/blog.proofs.de\/it\/wp-json\/wp\/v2\/posts\/1386\/revisions"}],"predecessor-version":[{"id":3371,"href":"https:\/\/blog.proofs.de\/it\/wp-json\/wp\/v2\/posts\/1386\/revisions\/3371"}],"wp:attachment":[{"href":"https:\/\/blog.proofs.de\/it\/wp-json\/wp\/v2\/media?parent=1386"}],"wp:term":[{"taxonomy":"category","embeddable":true,"href":"https:\/\/blog.proofs.de\/it\/wp-json\/wp\/v2\/categories?post=1386"},{"taxonomy":"post_tag","embeddable":true,"href":"https:\/\/blog.proofs.de\/it\/wp-json\/wp\/v2\/tags?post=1386"}],"curies":[{"name":"wp","href":"https:\/\/api.w.org\/{rel}","templated":true}]}}