{"id":177,"date":"2012-03-20T00:38:47","date_gmt":"2012-03-19T23:38:47","guid":{"rendered":"http:\/\/www.proof.de\/?p=177"},"modified":"2020-05-08T12:42:11","modified_gmt":"2020-05-08T10:42:11","slug":"quale-spazio-colore-di-lavoro-rgb-e-adatto-per-un-lavoro-coerente-con-il-colore","status":"publish","type":"post","link":"https:\/\/blog.proofs.de\/it\/welcher-rgb-arbeitsfarbraum-ist-fur-farbverbindliches-arbeiten-geeignet\/","title":{"rendered":"Quale spazio colore di lavoro RGB \u00e8 adatto per un lavoro coerente con il colore?"},"content":{"rendered":"<div class=\"kk-star-ratings kksr-auto kksr-align-right kksr-valign-top\" data-payload='{\"align\":\"right\",\"id\":\"177\",\"slug\":\"default\",\"valign\":\"top\",\"ignore\":\"\",\"reference\":\"auto\",\"class\":\"\",\"count\":\"0\",\"legendonly\":\"\",\"readonly\":\"\",\"score\":\"0\",\"starsonly\":\"\",\"best\":\"5\",\"gap\":\"5\",\"greet\":\"Jetzt bewerten\",\"legend\":\"0\\\/5 - (0 votes)\",\"size\":\"24\",\"title\":\"Welcher RGB Arbeitsfarbraum ist f&uuml;r farbverbindliches Arbeiten geeignet?\",\"width\":\"0\",\"_legend\":\"{score}\\\/{best} - ({count} {votes})\",\"font_factor\":\"1.25\"}'>\n            \n<div class=\"kksr-stars\">\n    \n<div class=\"kksr-stars-inactive\">\n            <div class=\"kksr-star\" data-star=\"1\" style=\"padding-right: 5px\">\n            \n\n<div class=\"kksr-icon\" style=\"width: 24px; height: 24px;\"><\/div>\n        <\/div>\n            <div class=\"kksr-star\" data-star=\"2\" style=\"padding-right: 5px\">\n            \n\n<div class=\"kksr-icon\" style=\"width: 24px; height: 24px;\"><\/div>\n        <\/div>\n            <div class=\"kksr-star\" data-star=\"3\" style=\"padding-right: 5px\">\n            \n\n<div class=\"kksr-icon\" style=\"width: 24px; height: 24px;\"><\/div>\n        <\/div>\n            <div class=\"kksr-star\" data-star=\"4\" style=\"padding-right: 5px\">\n            \n\n<div class=\"kksr-icon\" style=\"width: 24px; height: 24px;\"><\/div>\n        <\/div>\n            <div class=\"kksr-star\" data-star=\"5\" style=\"padding-right: 5px\">\n            \n\n<div class=\"kksr-icon\" style=\"width: 24px; height: 24px;\"><\/div>\n        <\/div>\n    <\/div>\n    \n<div class=\"kksr-stars-active\" style=\"width: 0px;\">\n            <div class=\"kksr-star\" style=\"padding-right: 5px\">\n            \n\n<div class=\"kksr-icon\" style=\"width: 24px; height: 24px;\"><\/div>\n        <\/div>\n            <div class=\"kksr-star\" style=\"padding-right: 5px\">\n            \n\n<div class=\"kksr-icon\" style=\"width: 24px; height: 24px;\"><\/div>\n        <\/div>\n            <div class=\"kksr-star\" style=\"padding-right: 5px\">\n            \n\n<div class=\"kksr-icon\" style=\"width: 24px; height: 24px;\"><\/div>\n        <\/div>\n            <div class=\"kksr-star\" style=\"padding-right: 5px\">\n            \n\n<div class=\"kksr-icon\" style=\"width: 24px; height: 24px;\"><\/div>\n        <\/div>\n            <div class=\"kksr-star\" style=\"padding-right: 5px\">\n            \n\n<div class=\"kksr-icon\" style=\"width: 24px; height: 24px;\"><\/div>\n        <\/div>\n    <\/div>\n<\/div>\n                \n\n<div class=\"kksr-legend\" style=\"font-size: 19.2px;\">\n            <span class=\"kksr-muted\">Valuta ora<\/span>\n    <\/div>\n    <\/div>\n<p>Agli albori degli spazi cromatici, Apple e, ad esempio, Photoshop fino alla versione 5.5 utilizzavano il monitor per impostazione predefinita.<a href=\"https:\/\/blog.proofs.de\/it\/lexikon\/farbraum\/\" target=\"_self\" title=\"Lo spazio cromatico si basa su un modello di colore ed \u00e8 la sua applicazione concreta a un metodo di colorazione (stampante, schermo, ecc.). Pertanto, contiene tutti i colori che possono essere effettivamente rappresentati con questo metodo e i materiali corrispondenti.\" class=\"encyclopedia\">spazio colore<\/a> come spazio colore di lavoro. Ma \u00e8 diventato subito chiaro che in un'agenzia con 10 Mac, il lavoro viene svolto in 10 spazi colore diversi. Quindi era necessario un concetto neutro.<\/p>\n<p><a href=\"https:\/\/blog.proofs.de\/it\/lexikon\/rgb\/\" target=\"_self\" title=\"RGB sta per i colori rosso, verde e blu. La visione umana dei colori si basa su questi colori.\" class=\"encyclopedia\">RGB<\/a> Gli spazi colore sono una dozzina. Nell'ambito della stampa, attualmente esistono ancora principalmente tre varianti diverse: <a href=\"https:\/\/blog.proofs.de\/it\/lexikon\/srgb\/\" target=\"_self\" title=\"sRGB \u00e8 lo spazio colore RGB pi\u00f9 diffuso. sRGB \u00e8 lo spazio colore standard di tutte le fotocamere digitali e gli scanner economici. Quasi tutti i file RGB a 8 bit senza etichetta di profilo corrispondono a sRGB.\" class=\"encyclopedia\">sRGB<\/a>AdobeRGB(1998) e <a href=\"https:\/\/blog.proofs.de\/it\/lexikon\/eci\/\" target=\"_self\" title=\"L&#039;ECI - European Color Initiative \u00e8 un gruppo di esperti che si occupa dell&#039;elaborazione dei dati sul colore nei sistemi editoriali.\" class=\"encyclopedia\">eci<\/a>RGB_V2.<\/p>\n<p>Lo spazio cromatico sRGB \u00e8 ampiamente utilizzato nelle fotocamere digitali ed \u00e8 il leader del settore nel segmento consumer. Problema per la stampa: sRGB \u00e8 uno spazio colore relativamente piccolo e non copre le possibilit\u00e0 cromatiche delle stampanti moderne. <a href=\"https:\/\/blog.proofs.de\/it\/lexikon\/offsetdruck\/\" target=\"_self\" title=\"La stampa offset \u00e8 un processo di stampa indiretta. Indiretto significa che la forma di stampa e il substrato non entrano in contatto diretto tra loro, ma viene utilizzato un supporto intermedio come mezzo di trasferimento. \u00c8 il processo di stampa pi\u00f9 diffuso. Esistono: - macchine da stampa offset a foglio e - macchine da stampa offset a bobina.\" class=\"encyclopedia\">Stampa offset<\/a>e stampanti digitali. Poich\u00e9 i profili offset come ISOCoated_v2 hanno uno spazio colore molto pi\u00f9 ampio, non ha molto senso ritoccare in sRGB.<\/p>\n<p>Ottimale dal nostro punto di vista \u00e8 eciRGB_V2, un ulteriore sviluppo di eciRGB. Questo spazio colore \u00e8 stato creato appositamente per l'uso nella stampa e offre diversi punti di forza:<\/p>\n<ul>\n<li>Copre i colori di tutti gli spazi colore di stampa attuali (offset, <a href=\"https:\/\/blog.proofs.de\/it\/lexikon\/tiefdruck\/\" target=\"_self\" title=\"La rotocalco \u00e8 uno dei processi di stampa pi\u00f9 antichi, utilizzato ancora oggi. Nella stampa calcografica, l&#039;immagine stampata viene incisa nel cilindro di stampa (o lastra di stampa). Poi viene immerso nell&#039;inchiostro e l&#039;inchiostro in eccesso viene raschiato via, in modo che rimanga solo l&#039;inchiostro nelle depressioni (celle). Infine, l&#039;inchiostro viene trasferito sul substrato di stampa con un&#039;elevata pressione di contatto e grazie all&#039;assorbenza della carta.\" class=\"encyclopedia\">Stampa a rotocalco<\/a>, offset web, giornale), ma non \u00e8 molto pi\u00f9 grande e quindi non rivela alcuna risoluzione.<\/li>\n<li>Sfumature uguali di rosso, verde e blu producono sfumature neutre di grigio.<\/li>\n<li>La distanza tra 0\/0\/0 e 50\/50\/50 \u00e8 all'incirca la stessa di quella tra 50\/50\/50 e 100\/100\/100. L'aumento del nero \u00e8 visto in modo simile.<\/li>\n<li>Il bianco \u00e8 5000 <a href=\"https:\/\/blog.proofs.de\/it\/lexikon\/kelvin\/\" target=\"_self\" title=\"Il Kelvin \u00e8 un&#039;unit\u00e0 di temperatura assoluta utilizzata in ambito scientifico. La luce del giorno \u00e8 definita come 6500 Kelvin, mentre per la stampa si applica una temperatura di colore di 5000 Kelvin in Europa con la luce standard D50.\" class=\"encyclopedia\">Kelvin<\/a> e il <a href=\"https:\/\/blog.proofs.de\/it\/lexikon\/gamma\/\" target=\"_self\" title=\"Gamma \u00e8 l&#039;abbreviazione di correzione gamma, un metodo non standardizzato di misurazione del contrasto per scanner, monitor e materiali fotografici.\" class=\"encyclopedia\">Gamma<\/a> a 1,8<\/li>\n<\/ul>\n<p><a href=\"http:\/\/www.eci.org\/de\/downloads\">Lo spazio colore eciRGB_v2 pu\u00f2 essere scaricato gratuitamente dalle pagine della European Color Initiative (ECI).<\/a><\/p>\n<p>Lo spazio cromatico AdobeRGB 1998, ampiamente utilizzato da Adobe a partire da Photoshop 5.5 e oggi in tutte le parti della gamma di prodotti Adobe, \u00e8 adatto anche per la stampa, ma funziona con una gamma di 2,2 ed \u00e8 limitato a livelli di bianco di <a href=\"https:\/\/blog.proofs.de\/it\/lexikon\/d50\/\" target=\"_self\" title=\"D50 \u00e8 la luce standard del settore della stampa. Le bozze possono essere abbinate ai colori solo con luce standard D50,\" class=\"encyclopedia\">D50<\/a> a <a href=\"https:\/\/blog.proofs.de\/it\/lexikon\/d65\/\" target=\"_self\" title=\"D65 \u00e8 una luce standard con temperatura di colore di 6.500 Kelvin. Corrisponde all&#039;impostazione standard della maggior parte dei monitor e viene utilizzata principalmente per la corrispondenza dei colori delle pagine internet, eccetera, cio\u00e8 per i media che vengono visualizzati principalmente sul monitor.\" class=\"encyclopedia\">D65<\/a> progettato. Tutti i comuni spazi colore di stampa possono essere riprodotti bene anche in AdobeRGB 1998. <a href=\"http:\/\/www.adobe.com\/digitalimag\/pdfs\/AdobeRGB1998.pdf\">La documentazione di Adobe su questo spazio colore \u00e8 disponibile qui.<\/a><\/p>\n<div id=\"gallery-1\" class=\"gallery galleryid-177 gallery-columns-3 gallery-size-thumbnail\"><figure class=\"gallery-item\">\n\t\t\t<div class=\"gallery-icon landscape\">\n\t\t\t\t<a href=\"https:\/\/blog.proofs.de\/wp-content\/uploads\/2012\/03\/Bildschirmfoto-2012-03-20-um-00.28.50.jpg\"><img loading=\"lazy\" decoding=\"async\" width=\"150\" height=\"150\" src=\"https:\/\/blog.proofs.de\/wp-content\/uploads\/2012\/03\/Bildschirmfoto-2012-03-20-um-00.28.50-150x150-1.jpg\" class=\"attachment-thumbnail size-thumbnail\" alt=\"Confronto eciRGB_V2 (bianco) e AdobeRGB 1998\" aria-describedby=\"gallery-1-180\"><\/a>\n\t\t\t<\/div>\n\t\t\t\t<figcaption class=\"wp-caption-text gallery-caption\" id=\"gallery-1-180\">\n\t\t\t\tConfronto eciRGB_V2 (bianco) e AdobeRGB 1998\n\t\t\t\t<\/figcaption><\/figure><figure class=\"gallery-item\">\n\t\t\t<div class=\"gallery-icon landscape\">\n\t\t\t\t<a href=\"https:\/\/blog.proofs.de\/wp-content\/uploads\/2012\/03\/Bildschirmfoto-2012-03-20-um-00.29.04.jpg\"><img loading=\"lazy\" decoding=\"async\" width=\"150\" height=\"150\" src=\"https:\/\/blog.proofs.de\/wp-content\/uploads\/2012\/03\/Bildschirmfoto-2012-03-20-um-00.29.04-150x150-1.jpg\" class=\"attachment-thumbnail size-thumbnail\" alt=\"Confronto eciRGB_V2 (bianco) e sRGB\" aria-describedby=\"gallery-1-179\"><\/a>\n\t\t\t<\/div>\n\t\t\t\t<figcaption class=\"wp-caption-text gallery-caption\" id=\"gallery-1-179\">\n\t\t\t\tConfronto eciRGB_V2 (bianco) e sRGB\n\t\t\t\t<\/figcaption><\/figure><figure class=\"gallery-item\">\n\t\t\t<div class=\"gallery-icon landscape\">\n\t\t\t\t<a href=\"https:\/\/blog.proofs.de\/wp-content\/uploads\/2012\/03\/Bildschirmfoto-2012-03-20-um-00.29.41.jpg\"><img loading=\"lazy\" decoding=\"async\" width=\"150\" height=\"150\" src=\"https:\/\/blog.proofs.de\/wp-content\/uploads\/2012\/03\/Bildschirmfoto-2012-03-20-um-00.29.41-150x150-1.jpg\" class=\"attachment-thumbnail size-thumbnail\" alt=\"Confronto eciRGB_V2 (bianco) e ISOCoatedV2\" aria-describedby=\"gallery-1-178\"><\/a>\n\t\t\t<\/div>\n\t\t\t\t<figcaption class=\"wp-caption-text gallery-caption\" id=\"gallery-1-178\">\n\t\t\t\tConfronto eciRGB_V2 (bianco) e <a href=\"https:\/\/blog.proofs.de\/it\/lexikon\/isocoatedv2\/\" target=\"_self\" title=\"ISOCoatedV2 \u00e8 il profilo pi\u00f9 utilizzato nell&#039;industria della stampa in Europa. Si riferisce al processo di stampa pi\u00f9 comune: Stampa offset su carta da stampa opaca o lucida.\" class=\"encyclopedia\">ISOCoatedV2<\/a>\n\t\t\t\t<\/figcaption><\/figure>\n\t\t<\/div>","protected":false},"excerpt":{"rendered":"<p>Agli albori degli spazi cromatici, Apple e, ad esempio, Photoshop fino alla versione 5.5 impostavano lo spazio colore del monitor come spazio colore di lavoro predefinito. Tuttavia, \u00e8 diventato presto chiaro che un'agenzia con 10 Mac avrebbe lavorato in 10 spazi colore diversi. Era quindi necessario un concetto neutro. Gli spazi colore RGB sono una dozzina. Nell'ambito della stampa, attualmente esistono tre varianti principali: sRGB, AdobeRGB(1998) ed eciRGB_V2. Lo spazio colore sRGB \u00e8 ampiamente utilizzato nelle fotocamere digitali ed \u00e8 il leader del settore nel segmento consumer. Problema per la stampa: ... <\/p>\n<p class=\"read-more-container\"><a title=\"Quale spazio colore di lavoro RGB \u00e8 adatto per un lavoro coerente con il colore?\" class=\"read-more button\" href=\"https:\/\/blog.proofs.de\/it\/welcher-rgb-arbeitsfarbraum-ist-fur-farbverbindliches-arbeiten-geeignet\/#more-177\" aria-label=\"Per ulteriori informazioni su quale spazio colore RGB \u00e8 adatto per lavori che richiedono una riproduzione fedele dei colori,\">Leggi di pi\u00f9<\/a><\/p>","protected":false},"author":2,"featured_media":180,"comment_status":"open","ping_status":"open","sticky":false,"template":"","format":"standard","meta":{"om_disable_all_campaigns":false,"inline_featured_image":false,"_monsterinsights_skip_tracking":false,"footnotes":""},"categories":[1,435,18,443,441,25,7],"tags":[259,256,257,258,541,549],"class_list":["post-177","post","type-post","status-publish","format-standard","has-post-thumbnail","hentry","category-allgemein","category-farbraeume-und-farbprofile","category-haufige-fragen","category-haeufige-fragen-zu-proofs","category-layout-tipps-und-tricks","category-licht-und-normlicht","category-proof-wissen","tag-adobergb-1998","tag-arbeitsfarbraum","tag-arbeitsfarbraeume","tag-ecirgb_v2","tag-rgb","tag-srgb","generate-columns","tablet-grid-50","mobile-grid-100","grid-parent","grid-50","no-featured-image-padding","resize-featured-image"],"aioseo_notices":[],"aioseo_head":"\n\t\t<!-- All in One SEO 5.0.1.1 - aioseo.com -->\n\t<meta name=\"description\" content=\"eciRGB_V2, sRGB und AdobeRGB 1998: Unterschiede, Eignungen und Vorteile. F\u00fcr Proofs und farbverbindliches Arbeiten sollte eciRGB_V2 verwendet werden.\" \/>\n\t<meta name=\"robots\" content=\"max-image-preview:large\" \/>\n\t<meta name=\"author\" content=\"Matthias Betz\"\/>\n\t<meta name=\"google-site-verification\" content=\"TuXxyRwxcEg2-WfOaQ8vScWQh3-uBAnxXmY7g3GT90A\" \/>\n\t<meta name=\"keywords\" content=\"rgb,arbeitsfarbraum,arbeitsfarbr\u00e4ume,ecirgb_v2,adobergb 1998,srgb\" \/>\n\t<link rel=\"canonical\" href=\"https:\/\/blog.proofs.de\/it\/welcher-rgb-arbeitsfarbraum-ist-fur-farbverbindliches-arbeiten-geeignet\/\" \/>\n\t<meta name=\"generator\" content=\"All in One SEO (AIOSEO) 5.0.1.1\" \/>\n\n\t\t<meta name=\"seobility\" content=\"593a8578143db71543f014978c690d47\">\n\t\t<meta property=\"og:locale\" content=\"it_IT\" \/>\n\t\t<meta property=\"og:site_name\" content=\"Proof.de | Alles zu Proof, Farbmanagement, Grafik, Messtechnik &amp; Co.\" \/>\n\t\t<meta property=\"og:type\" content=\"article\" \/>\n\t\t<meta property=\"og:title\" content=\"RGB Farbr\u00e4ume: Das Beste f\u00fcr Farbretuschen | proof.de\" \/>\n\t\t<meta property=\"og:description\" content=\"eciRGB_V2, sRGB und AdobeRGB 1998: Unterschiede, Eignungen und Vorteile. F\u00fcr Proofs und farbverbindliches Arbeiten sollte eciRGB_V2 verwendet werden.\" \/>\n\t\t<meta property=\"og:url\" content=\"https:\/\/blog.proofs.de\/it\/welcher-rgb-arbeitsfarbraum-ist-fur-farbverbindliches-arbeiten-geeignet\/\" \/>\n\t\t<meta property=\"og:image\" content=\"https:\/\/blog.proofs.de\/wp-content\/uploads\/2012\/03\/Bildschirmfoto-2012-03-20-um-00.28.50.jpg\" \/>\n\t\t<meta property=\"og:image:secure_url\" content=\"https:\/\/blog.proofs.de\/wp-content\/uploads\/2012\/03\/Bildschirmfoto-2012-03-20-um-00.28.50.jpg\" \/>\n\t\t<meta property=\"og:image:width\" content=\"616\" \/>\n\t\t<meta property=\"og:image:height\" content=\"538\" \/>\n\t\t<meta property=\"article:published_time\" content=\"2012-03-19T23:38:47+00:00\" \/>\n\t\t<meta property=\"article:modified_time\" content=\"2020-05-08T10:42:11+00:00\" \/>\n\t\t<meta property=\"article:publisher\" content=\"https:\/\/www.facebook.com\/Proof.de\/\" \/>\n\t\t<meta name=\"twitter:card\" content=\"summary\" \/>\n\t\t<meta name=\"twitter:title\" content=\"RGB Farbr\u00e4ume: Das Beste f\u00fcr Farbretuschen | proof.de\" \/>\n\t\t<meta name=\"twitter:description\" content=\"eciRGB_V2, sRGB und AdobeRGB 1998: Unterschiede, Eignungen und Vorteile. F\u00fcr Proofs und farbverbindliches Arbeiten sollte eciRGB_V2 verwendet werden.\" \/>\n\t\t<meta name=\"twitter:image\" content=\"https:\/\/blog1.proofen.de\/wp-content\/uploads\/2020\/04\/proof_background.jpg\" \/>\n\t\t<script type=\"application\/ld+json\" class=\"aioseo-schema\">\n\t\t\t{\"@context\":\"https:\\\/\\\/schema.org\",\"@graph\":[{\"@type\":\"Article\",\"@id\":\"https:\\\/\\\/blog.proofs.de\\\/it\\\/welcher-rgb-arbeitsfarbraum-ist-fur-farbverbindliches-arbeiten-geeignet\\\/#article\",\"name\":\"RGB Farbr\\u00e4ume: Das Beste f\\u00fcr Farbretuschen | proof.de\",\"headline\":\"Welcher RGB Arbeitsfarbraum ist f\\u00fcr farbverbindliches Arbeiten geeignet?\",\"author\":{\"@id\":\"https:\\\/\\\/blog.proofs.de\\\/it\\\/author\\\/mbetz\\\/#author\"},\"publisher\":{\"@id\":\"https:\\\/\\\/blog.proofs.de\\\/it\\\/#organization\"},\"image\":{\"@type\":\"ImageObject\",\"url\":\"https:\\\/\\\/blog.proofs.de\\\/wp-content\\\/uploads\\\/2012\\\/03\\\/Bildschirmfoto-2012-03-20-um-00.28.50.jpg\",\"width\":616,\"height\":538,\"caption\":\"Vergleich eciRGB_V2 (wei\\u00df) und AdobeRGB 1998\"},\"datePublished\":\"2012-03-20T00:38:47+01:00\",\"dateModified\":\"2020-05-08T12:42:11+02:00\",\"inLanguage\":\"it-IT\",\"commentCount\":3,\"mainEntityOfPage\":{\"@id\":\"https:\\\/\\\/blog.proofs.de\\\/it\\\/welcher-rgb-arbeitsfarbraum-ist-fur-farbverbindliches-arbeiten-geeignet\\\/#webpage\"},\"isPartOf\":{\"@id\":\"https:\\\/\\\/blog.proofs.de\\\/it\\\/welcher-rgb-arbeitsfarbraum-ist-fur-farbverbindliches-arbeiten-geeignet\\\/#webpage\"},\"articleSection\":\"Allgemein, Farbr\\u00e4ume und Farbprofile, H\\u00e4ufige Fragen, H\\u00e4ufige Fragen zu Proofs, Layout Tipps, Licht und Normlicht, Proof Wissen, AdobeRGB 1998, Arbeitsfarbraum, Arbeitsfarbr\\u00e4ume, eciRGB_v2, RGB, sRGB\"},{\"@type\":\"BreadcrumbList\",\"@id\":\"https:\\\/\\\/blog.proofs.de\\\/it\\\/welcher-rgb-arbeitsfarbraum-ist-fur-farbverbindliches-arbeiten-geeignet\\\/#breadcrumblist\",\"itemListElement\":[{\"@type\":\"ListItem\",\"@id\":\"https:\\\/\\\/blog.proofs.de\\\/it#listItem\",\"position\":1,\"name\":\"Home\",\"item\":\"https:\\\/\\\/blog.proofs.de\\\/it\",\"nextItem\":{\"@type\":\"ListItem\",\"@id\":\"https:\\\/\\\/blog.proofs.de\\\/it\\\/thema\\\/proof-wissen\\\/#listItem\",\"name\":\"Proof Wissen\"}},{\"@type\":\"ListItem\",\"@id\":\"https:\\\/\\\/blog.proofs.de\\\/it\\\/thema\\\/proof-wissen\\\/#listItem\",\"position\":2,\"name\":\"Proof Wissen\",\"item\":\"https:\\\/\\\/blog.proofs.de\\\/it\\\/thema\\\/proof-wissen\\\/\",\"nextItem\":{\"@type\":\"ListItem\",\"@id\":\"https:\\\/\\\/blog.proofs.de\\\/it\\\/thema\\\/proof-wissen\\\/licht-und-normlicht\\\/#listItem\",\"name\":\"Licht und Normlicht\"},\"previousItem\":{\"@type\":\"ListItem\",\"@id\":\"https:\\\/\\\/blog.proofs.de\\\/it#listItem\",\"name\":\"Home\"}},{\"@type\":\"ListItem\",\"@id\":\"https:\\\/\\\/blog.proofs.de\\\/it\\\/thema\\\/proof-wissen\\\/licht-und-normlicht\\\/#listItem\",\"position\":3,\"name\":\"Licht und Normlicht\",\"item\":\"https:\\\/\\\/blog.proofs.de\\\/it\\\/thema\\\/proof-wissen\\\/licht-und-normlicht\\\/\",\"nextItem\":{\"@type\":\"ListItem\",\"@id\":\"https:\\\/\\\/blog.proofs.de\\\/it\\\/welcher-rgb-arbeitsfarbraum-ist-fur-farbverbindliches-arbeiten-geeignet\\\/#listItem\",\"name\":\"Welcher RGB Arbeitsfarbraum ist f\\u00fcr farbverbindliches Arbeiten geeignet?\"},\"previousItem\":{\"@type\":\"ListItem\",\"@id\":\"https:\\\/\\\/blog.proofs.de\\\/it\\\/thema\\\/proof-wissen\\\/#listItem\",\"name\":\"Proof Wissen\"}},{\"@type\":\"ListItem\",\"@id\":\"https:\\\/\\\/blog.proofs.de\\\/it\\\/welcher-rgb-arbeitsfarbraum-ist-fur-farbverbindliches-arbeiten-geeignet\\\/#listItem\",\"position\":4,\"name\":\"Welcher RGB Arbeitsfarbraum ist f\\u00fcr farbverbindliches Arbeiten geeignet?\",\"previousItem\":{\"@type\":\"ListItem\",\"@id\":\"https:\\\/\\\/blog.proofs.de\\\/it\\\/thema\\\/proof-wissen\\\/licht-und-normlicht\\\/#listItem\",\"name\":\"Licht und Normlicht\"}}]},{\"@type\":\"Organization\",\"@id\":\"https:\\\/\\\/blog.proofs.de\\\/it\\\/#organization\",\"name\":\"Proof GmbH\",\"description\":\"Farbverbindlicher Proof, Farbproof, Digitalproof und Online-Proof.\",\"url\":\"https:\\\/\\\/blog.proofs.de\\\/it\\\/\",\"telephone\":\"+4970717952740\",\"logo\":{\"@type\":\"ImageObject\",\"url\":\"https:\\\/\\\/blog1.proofen.de\\\/wp-content\\\/uploads\\\/2019\\\/09\\\/logo_proof_rgb_mit_balken_250px.png\",\"@id\":\"https:\\\/\\\/blog.proofs.de\\\/it\\\/welcher-rgb-arbeitsfarbraum-ist-fur-farbverbindliches-arbeiten-geeignet\\\/#organizationLogo\"},\"image\":{\"@id\":\"https:\\\/\\\/blog.proofs.de\\\/it\\\/welcher-rgb-arbeitsfarbraum-ist-fur-farbverbindliches-arbeiten-geeignet\\\/#organizationLogo\"},\"sameAs\":[\"https:\\\/\\\/www.facebook.com\\\/Proof.de\\\/\",\"https:\\\/\\\/www.instagram.com\\\/proof.de\\\/\",\"https:\\\/\\\/www.tiktok.com\\\/@proof_de\",\"https:\\\/\\\/www.youtube.com\\\/channel\\\/UCk80fQVQ25wC9wu3SywB-Nw\",\"https:\\\/\\\/www.linkedin.com\\\/company\\\/proof-de\"]},{\"@type\":\"Person\",\"@id\":\"https:\\\/\\\/blog.proofs.de\\\/it\\\/author\\\/mbetz\\\/#author\",\"url\":\"https:\\\/\\\/blog.proofs.de\\\/it\\\/author\\\/mbetz\\\/\",\"name\":\"Matthias Betz\",\"image\":{\"@type\":\"ImageObject\",\"@id\":\"https:\\\/\\\/blog.proofs.de\\\/it\\\/welcher-rgb-arbeitsfarbraum-ist-fur-farbverbindliches-arbeiten-geeignet\\\/#authorImage\",\"url\":\"https:\\\/\\\/blog.proofs.de\\\/wp-content\\\/uploads\\\/2020\\\/10\\\/matthias-betz-e1603934518350-150x150.png\",\"width\":96,\"height\":96,\"caption\":\"Matthias Betz\"}},{\"@type\":\"WebPage\",\"@id\":\"https:\\\/\\\/blog.proofs.de\\\/it\\\/welcher-rgb-arbeitsfarbraum-ist-fur-farbverbindliches-arbeiten-geeignet\\\/#webpage\",\"url\":\"https:\\\/\\\/blog.proofs.de\\\/it\\\/welcher-rgb-arbeitsfarbraum-ist-fur-farbverbindliches-arbeiten-geeignet\\\/\",\"name\":\"RGB Farbr\\u00e4ume: Das Beste f\\u00fcr Farbretuschen | proof.de\",\"description\":\"eciRGB_V2, sRGB und AdobeRGB 1998: Unterschiede, Eignungen und Vorteile. F\\u00fcr Proofs und farbverbindliches Arbeiten sollte eciRGB_V2 verwendet werden.\",\"inLanguage\":\"it-IT\",\"isPartOf\":{\"@id\":\"https:\\\/\\\/blog.proofs.de\\\/it\\\/#website\"},\"breadcrumb\":{\"@id\":\"https:\\\/\\\/blog.proofs.de\\\/it\\\/welcher-rgb-arbeitsfarbraum-ist-fur-farbverbindliches-arbeiten-geeignet\\\/#breadcrumblist\"},\"author\":{\"@id\":\"https:\\\/\\\/blog.proofs.de\\\/it\\\/author\\\/mbetz\\\/#author\"},\"creator\":{\"@id\":\"https:\\\/\\\/blog.proofs.de\\\/it\\\/author\\\/mbetz\\\/#author\"},\"image\":{\"@type\":\"ImageObject\",\"url\":\"https:\\\/\\\/blog.proofs.de\\\/wp-content\\\/uploads\\\/2012\\\/03\\\/Bildschirmfoto-2012-03-20-um-00.28.50.jpg\",\"@id\":\"https:\\\/\\\/blog.proofs.de\\\/it\\\/welcher-rgb-arbeitsfarbraum-ist-fur-farbverbindliches-arbeiten-geeignet\\\/#mainImage\",\"width\":616,\"height\":538,\"caption\":\"Vergleich eciRGB_V2 (wei\\u00df) und AdobeRGB 1998\"},\"primaryImageOfPage\":{\"@id\":\"https:\\\/\\\/blog.proofs.de\\\/it\\\/welcher-rgb-arbeitsfarbraum-ist-fur-farbverbindliches-arbeiten-geeignet\\\/#mainImage\"},\"datePublished\":\"2012-03-20T00:38:47+01:00\",\"dateModified\":\"2020-05-08T12:42:11+02:00\"},{\"@type\":\"WebSite\",\"@id\":\"https:\\\/\\\/blog.proofs.de\\\/it\\\/#website\",\"url\":\"https:\\\/\\\/blog.proofs.de\\\/it\\\/\",\"name\":\"Proof.de\",\"description\":\"Farbverbindlicher Proof, Farbproof, Digitalproof und Online-Proof.\",\"inLanguage\":\"it-IT\",\"publisher\":{\"@id\":\"https:\\\/\\\/blog.proofs.de\\\/it\\\/#organization\"}}]}\n\t\t<\/script>\n\t\t<!-- All in One SEO -->\n\n","aioseo_head_json":{"title":"Spazi colore RGB: i migliori per il ritocco del colore | proof.de","description":"eciRGB_V2, sRGB e AdobeRGB 1998: differenze, idoneit\u00e0 e vantaggi. Per le prove di stampa e i lavori di rilegatura a colori, si dovrebbe utilizzare eciRGB_V2.","canonical_url":"https:\/\/blog.proofs.de\/it\/welcher-rgb-arbeitsfarbraum-ist-fur-farbverbindliches-arbeiten-geeignet\/","robots":"max-image-preview:large","keywords":"rgb,arbeitsfarbraum,arbeitsfarbr\u00e4ume,ecirgb_v2,adobergb 1998,srgb","webmasterTools":{"google-site-verification":"TuXxyRwxcEg2-WfOaQ8vScWQh3-uBAnxXmY7g3GT90A","miscellaneous":"&lt;meta name=\"seobility\" content=\"593a8578143db71543f014978c690d47\"&gt;"},"schema":{"@context":"https:\/\/schema.org","@graph":[{"@type":"Article","@id":"https:\/\/blog.proofs.de\/it\/welcher-rgb-arbeitsfarbraum-ist-fur-farbverbindliches-arbeiten-geeignet\/#article","name":"RGB Farbr\u00e4ume: Das Beste f\u00fcr Farbretuschen | proof.de","headline":"Welcher RGB Arbeitsfarbraum ist f\u00fcr farbverbindliches Arbeiten geeignet?","author":{"@id":"https:\/\/blog.proofs.de\/it\/author\/mbetz\/#author"},"publisher":{"@id":"https:\/\/blog.proofs.de\/it\/#organization"},"image":{"@type":"ImageObject","url":"https:\/\/blog.proofs.de\/wp-content\/uploads\/2012\/03\/Bildschirmfoto-2012-03-20-um-00.28.50.jpg","width":616,"height":538,"caption":"Vergleich eciRGB_V2 (wei\u00df) und AdobeRGB 1998"},"datePublished":"2012-03-20T00:38:47+01:00","dateModified":"2020-05-08T12:42:11+02:00","inLanguage":"it-IT","commentCount":3,"mainEntityOfPage":{"@id":"https:\/\/blog.proofs.de\/it\/welcher-rgb-arbeitsfarbraum-ist-fur-farbverbindliches-arbeiten-geeignet\/#webpage"},"isPartOf":{"@id":"https:\/\/blog.proofs.de\/it\/welcher-rgb-arbeitsfarbraum-ist-fur-farbverbindliches-arbeiten-geeignet\/#webpage"},"articleSection":"Allgemein, Farbr\u00e4ume und Farbprofile, H\u00e4ufige Fragen, H\u00e4ufige Fragen zu Proofs, Layout Tipps, Licht und Normlicht, Proof Wissen, AdobeRGB 1998, Arbeitsfarbraum, Arbeitsfarbr\u00e4ume, eciRGB_v2, RGB, sRGB"},{"@type":"BreadcrumbList","@id":"https:\/\/blog.proofs.de\/it\/welcher-rgb-arbeitsfarbraum-ist-fur-farbverbindliches-arbeiten-geeignet\/#breadcrumblist","itemListElement":[{"@type":"ListItem","@id":"https:\/\/blog.proofs.de\/it#listItem","position":1,"name":"Home","item":"https:\/\/blog.proofs.de\/it","nextItem":{"@type":"ListItem","@id":"https:\/\/blog.proofs.de\/it\/thema\/proof-wissen\/#listItem","name":"Proof Wissen"}},{"@type":"ListItem","@id":"https:\/\/blog.proofs.de\/it\/thema\/proof-wissen\/#listItem","position":2,"name":"Proof Wissen","item":"https:\/\/blog.proofs.de\/it\/thema\/proof-wissen\/","nextItem":{"@type":"ListItem","@id":"https:\/\/blog.proofs.de\/it\/thema\/proof-wissen\/licht-und-normlicht\/#listItem","name":"Licht und Normlicht"},"previousItem":{"@type":"ListItem","@id":"https:\/\/blog.proofs.de\/it#listItem","name":"Home"}},{"@type":"ListItem","@id":"https:\/\/blog.proofs.de\/it\/thema\/proof-wissen\/licht-und-normlicht\/#listItem","position":3,"name":"Licht und Normlicht","item":"https:\/\/blog.proofs.de\/it\/thema\/proof-wissen\/licht-und-normlicht\/","nextItem":{"@type":"ListItem","@id":"https:\/\/blog.proofs.de\/it\/welcher-rgb-arbeitsfarbraum-ist-fur-farbverbindliches-arbeiten-geeignet\/#listItem","name":"Welcher RGB Arbeitsfarbraum ist f\u00fcr farbverbindliches Arbeiten geeignet?"},"previousItem":{"@type":"ListItem","@id":"https:\/\/blog.proofs.de\/it\/thema\/proof-wissen\/#listItem","name":"Proof Wissen"}},{"@type":"ListItem","@id":"https:\/\/blog.proofs.de\/it\/welcher-rgb-arbeitsfarbraum-ist-fur-farbverbindliches-arbeiten-geeignet\/#listItem","position":4,"name":"Welcher RGB Arbeitsfarbraum ist f\u00fcr farbverbindliches Arbeiten geeignet?","previousItem":{"@type":"ListItem","@id":"https:\/\/blog.proofs.de\/it\/thema\/proof-wissen\/licht-und-normlicht\/#listItem","name":"Licht und Normlicht"}}]},{"@type":"Organization","@id":"https:\/\/blog.proofs.de\/it\/#organization","name":"Proof GmbH","description":"Farbverbindlicher Proof, Farbproof, Digitalproof und Online-Proof.","url":"https:\/\/blog.proofs.de\/it\/","telephone":"+4970717952740","logo":{"@type":"ImageObject","url":"https:\/\/blog1.proofen.de\/wp-content\/uploads\/2019\/09\/logo_proof_rgb_mit_balken_250px.png","@id":"https:\/\/blog.proofs.de\/it\/welcher-rgb-arbeitsfarbraum-ist-fur-farbverbindliches-arbeiten-geeignet\/#organizationLogo"},"image":{"@id":"https:\/\/blog.proofs.de\/it\/welcher-rgb-arbeitsfarbraum-ist-fur-farbverbindliches-arbeiten-geeignet\/#organizationLogo"},"sameAs":["https:\/\/www.facebook.com\/Proof.de\/","https:\/\/www.instagram.com\/proof.de\/","https:\/\/www.tiktok.com\/@proof_de","https:\/\/www.youtube.com\/channel\/UCk80fQVQ25wC9wu3SywB-Nw","https:\/\/www.linkedin.com\/company\/proof-de"]},{"@type":"Person","@id":"https:\/\/blog.proofs.de\/it\/author\/mbetz\/#author","url":"https:\/\/blog.proofs.de\/it\/author\/mbetz\/","name":"Matthias Betz","image":{"@type":"ImageObject","@id":"https:\/\/blog.proofs.de\/it\/welcher-rgb-arbeitsfarbraum-ist-fur-farbverbindliches-arbeiten-geeignet\/#authorImage","url":"https:\/\/blog.proofs.de\/wp-content\/uploads\/2020\/10\/matthias-betz-e1603934518350-150x150.png","width":96,"height":96,"caption":"Matthias Betz"}},{"@type":"WebPage","@id":"https:\/\/blog.proofs.de\/it\/welcher-rgb-arbeitsfarbraum-ist-fur-farbverbindliches-arbeiten-geeignet\/#webpage","url":"https:\/\/blog.proofs.de\/it\/welcher-rgb-arbeitsfarbraum-ist-fur-farbverbindliches-arbeiten-geeignet\/","name":"RGB Farbr\u00e4ume: Das Beste f\u00fcr Farbretuschen | proof.de","description":"eciRGB_V2, sRGB und AdobeRGB 1998: Unterschiede, Eignungen und Vorteile. F\u00fcr Proofs und farbverbindliches Arbeiten sollte eciRGB_V2 verwendet werden.","inLanguage":"it-IT","isPartOf":{"@id":"https:\/\/blog.proofs.de\/it\/#website"},"breadcrumb":{"@id":"https:\/\/blog.proofs.de\/it\/welcher-rgb-arbeitsfarbraum-ist-fur-farbverbindliches-arbeiten-geeignet\/#breadcrumblist"},"author":{"@id":"https:\/\/blog.proofs.de\/it\/author\/mbetz\/#author"},"creator":{"@id":"https:\/\/blog.proofs.de\/it\/author\/mbetz\/#author"},"image":{"@type":"ImageObject","url":"https:\/\/blog.proofs.de\/wp-content\/uploads\/2012\/03\/Bildschirmfoto-2012-03-20-um-00.28.50.jpg","@id":"https:\/\/blog.proofs.de\/it\/welcher-rgb-arbeitsfarbraum-ist-fur-farbverbindliches-arbeiten-geeignet\/#mainImage","width":616,"height":538,"caption":"Vergleich eciRGB_V2 (wei\u00df) und AdobeRGB 1998"},"primaryImageOfPage":{"@id":"https:\/\/blog.proofs.de\/it\/welcher-rgb-arbeitsfarbraum-ist-fur-farbverbindliches-arbeiten-geeignet\/#mainImage"},"datePublished":"2012-03-20T00:38:47+01:00","dateModified":"2020-05-08T12:42:11+02:00"},{"@type":"WebSite","@id":"https:\/\/blog.proofs.de\/it\/#website","url":"https:\/\/blog.proofs.de\/it\/","name":"Proof.de","description":"Farbverbindlicher Proof, Farbproof, Digitalproof und Online-Proof.","inLanguage":"it-IT","publisher":{"@id":"https:\/\/blog.proofs.de\/it\/#organization"}}]},"og:locale":"it_IT","og:site_name":"Proof.de | Alles zu Proof, Farbmanagement, Grafik, Messtechnik &amp; Co.","og:type":"article","og:title":"RGB Farbr\u00e4ume: Das Beste f\u00fcr Farbretuschen | proof.de","og:description":"eciRGB_V2, sRGB und AdobeRGB 1998: Unterschiede, Eignungen und Vorteile. F\u00fcr Proofs und farbverbindliches Arbeiten sollte eciRGB_V2 verwendet werden.","og:url":"https:\/\/blog.proofs.de\/it\/welcher-rgb-arbeitsfarbraum-ist-fur-farbverbindliches-arbeiten-geeignet\/","og:image":"https:\/\/blog.proofs.de\/wp-content\/uploads\/2012\/03\/Bildschirmfoto-2012-03-20-um-00.28.50.jpg","og:image:secure_url":"https:\/\/blog.proofs.de\/wp-content\/uploads\/2012\/03\/Bildschirmfoto-2012-03-20-um-00.28.50.jpg","og:image:width":616,"og:image:height":538,"article:published_time":"2012-03-19T23:38:47+00:00","article:modified_time":"2020-05-08T10:42:11+00:00","article:publisher":"https:\/\/www.facebook.com\/Proof.de\/","twitter:card":"summary","twitter:title":"RGB Farbr\u00e4ume: Das Beste f\u00fcr Farbretuschen | proof.de","twitter:description":"eciRGB_V2, sRGB und AdobeRGB 1998: Unterschiede, Eignungen und Vorteile. F\u00fcr Proofs und farbverbindliches Arbeiten sollte eciRGB_V2 verwendet werden.","twitter:image":"https:\/\/blog1.proofen.de\/wp-content\/uploads\/2020\/04\/proof_background.jpg"},"aioseo_meta_data":{"post_id":"177","title":"RGB Farbr\u00e4ume: Das Beste f\u00fcr Farbretuschen |\u00a0proof.de","description":"eciRGB_V2, sRGB e AdobeRGB 1998: differenze, idoneit\u00e0 e vantaggi. Per le prove di stampa e i lavori di rilegatura a colori, si dovrebbe utilizzare eciRGB_V2.","keywords":[{"label":"RGB","value":"RGB"},{"label":"Arbeitsfarbraum","value":"Arbeitsfarbraum"},{"label":"Arbeitsfarbr\u00e4ume","value":"Arbeitsfarbr\u00e4ume"},{"label":"eciRGB_v2","value":"eciRGB_v2"},{"label":"AdobeRGB 1998","value":"AdobeRGB 1998"},{"label":"sRGB","value":"sRGB"}],"keyphrases":null,"primary_term":null,"canonical_url":null,"og_title":null,"og_description":null,"og_object_type":"default","og_image_type":"default","og_image_url":null,"og_image_width":null,"og_image_height":null,"og_image_custom_url":null,"og_image_custom_fields":null,"og_video":null,"og_custom_url":null,"og_article_section":null,"og_article_tags":null,"twitter_use_og":false,"twitter_card":"default","twitter_image_type":"default","twitter_image_url":null,"twitter_image_custom_url":null,"twitter_image_custom_fields":null,"twitter_title":null,"twitter_description":null,"schema":{"blockGraphs":[],"customGraphs":[],"default":{"data":{"Article":[],"Course":[],"Dataset":[],"FAQPage":[],"Movie":[],"Person":[],"Product":[],"ProductReview":[],"Car":[],"Recipe":[],"Service":[],"SoftwareApplication":[],"WebPage":[]},"graphName":"","isEnabled":true},"graphs":[],"defaultGraph":"","defaultPostTypeGraph":""},"schema_type":null,"schema_type_options":null,"pillar_content":false,"robots_default":true,"robots_noindex":false,"robots_noarchive":false,"robots_nosnippet":false,"robots_nofollow":false,"robots_noimageindex":false,"robots_noodp":false,"robots_notranslate":false,"robots_max_snippet":null,"robots_max_videopreview":null,"robots_max_imagepreview":"large","priority":null,"frequency":null,"local_seo":null,"breadcrumb_settings":null,"limit_modified_date":false,"ai":null,"created":"2020-12-21 00:36:00","updated":"2025-06-04 14:11:56","seo_analyzer_scan_date":null,"focus_keyword":null,"additional_keywords":null,"truseo_locale":null},"_links":{"self":[{"href":"https:\/\/blog.proofs.de\/it\/wp-json\/wp\/v2\/posts\/177","targetHints":{"allow":["GET"]}}],"collection":[{"href":"https:\/\/blog.proofs.de\/it\/wp-json\/wp\/v2\/posts"}],"about":[{"href":"https:\/\/blog.proofs.de\/it\/wp-json\/wp\/v2\/types\/post"}],"author":[{"embeddable":true,"href":"https:\/\/blog.proofs.de\/it\/wp-json\/wp\/v2\/users\/2"}],"replies":[{"embeddable":true,"href":"https:\/\/blog.proofs.de\/it\/wp-json\/wp\/v2\/comments?post=177"}],"version-history":[{"count":10,"href":"https:\/\/blog.proofs.de\/it\/wp-json\/wp\/v2\/posts\/177\/revisions"}],"predecessor-version":[{"id":3714,"href":"https:\/\/blog.proofs.de\/it\/wp-json\/wp\/v2\/posts\/177\/revisions\/3714"}],"wp:featuredmedia":[{"embeddable":true,"href":"https:\/\/blog.proofs.de\/it\/wp-json\/wp\/v2\/media\/180"}],"wp:attachment":[{"href":"https:\/\/blog.proofs.de\/it\/wp-json\/wp\/v2\/media?parent=177"}],"wp:term":[{"taxonomy":"category","embeddable":true,"href":"https:\/\/blog.proofs.de\/it\/wp-json\/wp\/v2\/categories?post=177"},{"taxonomy":"post_tag","embeddable":true,"href":"https:\/\/blog.proofs.de\/it\/wp-json\/wp\/v2\/tags?post=177"}],"curies":[{"name":"wp","href":"https:\/\/api.w.org\/{rel}","templated":true}]}}