{"id":4236,"date":"2021-04-19T12:29:06","date_gmt":"2021-04-19T10:29:06","guid":{"rendered":"https:\/\/www.proof.de\/?p=4236"},"modified":"2023-07-20T14:01:31","modified_gmt":"2023-07-20T12:01:31","slug":"misurazioni-spettrali-con-geometria-a-testa-sferica-per-il-colore-libero-terminato","status":"publish","type":"post","link":"https:\/\/blog.proofs.de\/it\/spektralmessungen-mit-kugelkopfgeometrie-fuer-freiefarbe-abgeschlossen\/","title":{"rendered":"Misurazioni spettrali con geometria della testa sferica per il colore libero completato"},"content":{"rendered":"<div class=\"kk-star-ratings kksr-auto kksr-align-right kksr-valign-top\" data-payload='{\"align\":\"right\",\"id\":\"4236\",\"slug\":\"default\",\"valign\":\"top\",\"ignore\":\"\",\"reference\":\"auto\",\"class\":\"\",\"count\":\"0\",\"legendonly\":\"\",\"readonly\":\"\",\"score\":\"0\",\"starsonly\":\"\",\"best\":\"5\",\"gap\":\"5\",\"greet\":\"Jetzt bewerten\",\"legend\":\"0\\\/5 - (0 votes)\",\"size\":\"24\",\"title\":\"Spektralmessungen mit Kugelkopfgeometrie f&uuml;r freieFarbe abgeschlossen\",\"width\":\"0\",\"_legend\":\"{score}\\\/{best} - ({count} {votes})\",\"font_factor\":\"1.25\"}'>\n            \n<div class=\"kksr-stars\">\n    \n<div class=\"kksr-stars-inactive\">\n            <div class=\"kksr-star\" data-star=\"1\" style=\"padding-right: 5px\">\n            \n\n<div class=\"kksr-icon\" style=\"width: 24px; height: 24px;\"><\/div>\n        <\/div>\n            <div class=\"kksr-star\" data-star=\"2\" style=\"padding-right: 5px\">\n            \n\n<div class=\"kksr-icon\" style=\"width: 24px; height: 24px;\"><\/div>\n        <\/div>\n            <div class=\"kksr-star\" data-star=\"3\" style=\"padding-right: 5px\">\n            \n\n<div class=\"kksr-icon\" style=\"width: 24px; height: 24px;\"><\/div>\n        <\/div>\n            <div class=\"kksr-star\" data-star=\"4\" style=\"padding-right: 5px\">\n            \n\n<div class=\"kksr-icon\" style=\"width: 24px; height: 24px;\"><\/div>\n        <\/div>\n            <div class=\"kksr-star\" data-star=\"5\" style=\"padding-right: 5px\">\n            \n\n<div class=\"kksr-icon\" style=\"width: 24px; height: 24px;\"><\/div>\n        <\/div>\n    <\/div>\n    \n<div class=\"kksr-stars-active\" style=\"width: 0px;\">\n            <div class=\"kksr-star\" style=\"padding-right: 5px\">\n            \n\n<div class=\"kksr-icon\" style=\"width: 24px; height: 24px;\"><\/div>\n        <\/div>\n            <div class=\"kksr-star\" style=\"padding-right: 5px\">\n            \n\n<div class=\"kksr-icon\" style=\"width: 24px; height: 24px;\"><\/div>\n        <\/div>\n            <div class=\"kksr-star\" style=\"padding-right: 5px\">\n            \n\n<div class=\"kksr-icon\" style=\"width: 24px; height: 24px;\"><\/div>\n        <\/div>\n            <div class=\"kksr-star\" style=\"padding-right: 5px\">\n            \n\n<div class=\"kksr-icon\" style=\"width: 24px; height: 24px;\"><\/div>\n        <\/div>\n            <div class=\"kksr-star\" style=\"padding-right: 5px\">\n            \n\n<div class=\"kksr-icon\" style=\"width: 24px; height: 24px;\"><\/div>\n        <\/div>\n    <\/div>\n<\/div>\n                \n\n<div class=\"kksr-legend\" style=\"font-size: 19.2px;\">\n            <span class=\"kksr-muted\">Valuta ora<\/span>\n    <\/div>\n    <\/div>\n\n<p class=\"wp-block-paragraph translation-block\">Alla fine dello scorso anno, abbiamo effettuato oltre 46.000 misurazioni spettrali a Tubinga, utilizzando una KonicaMinolta CM-26d per analizzare i due colori liberi <a href=\"https:\/\/blog1.proofen.de\/es\/lexico-2\/cielab\/\" target=\"_self\" class=\"enciclopedia tooltipstered\">CIELAB<\/a> <a href=\"https:\/\/blog1.proofen.de\/es\/lexico-2\/hlc\/\" target=\"_self\" class=\"encyclopedia tooltipstered\">HLC<\/a> per rendere gli atlanti di colore XL in semi-opaco e opaco pi\u00f9 utilizzabili per settori diversi dalla stampa.<\/p>\n\n\n\n<p class=\"wp-block-paragraph translation-block\">Dopo che Holger Everding e Matthias Betz di MatchMyColor a Basilea avevano gi\u00e0 completato la prima serie di misurazioni con un classico atlante di colori HLC a colori liberi con poco pi\u00f9 di 2.000 macchie di colore l'anno scorso, ora sono state misurate circa 23.000 macchie di colore a Tubinga, una volta <a href=\"https:\/\/blog1.proofen.de\/es\/lexico-2\/opp\/\" target=\"_self\" class=\"enciclopedia tooltipstered\">opp<\/a>elt, una volta <a href=\"https:\/\/blog1.proofen.de\/es\/lexico-2\/sci\/\" target=\"_self\" class=\"encyclopedia tooltipstered\">SCI<\/a> e una volta <a href=\"https:\/\/blog1.proofen.de\/es\/lexico-2\/sce\/\" target=\"_self\" class=\"encyclopedia tooltipstered\">SCE<\/a>, cio\u00e8 con e senza \"Componente Speculare\" o con e senza <a href=\"https:\/\/blog1.proofen.de\/es\/lexico-2\/lustre\/\" target=\"_self\" class=\"encyclopedia tooltipstered\">inclusione del lucido<\/a>. I 46.000 set di dati spettrali sono stati distribuiti e controllati all'interno di freieFarbe nel mese di febbraio e saranno presto disponibili a tutti gli utenti per il download gratuito tramite freieFarbe o in MatchMyColor Colibri.<\/p>\n\n\n\n<figure class=\"wp-block-embed is-type-video is-provider-youtube wp-block-embed-youtube wp-embed-aspect-16-9 wp-has-aspect-ratio\"><div class=\"wp-block-embed__wrapper\">\n<iframe loading=\"lazy\" hcb-fetch-image-from=\"https:\/\/youtu.be\/htkl-Z8JfcQ\" title=\"Spettrofotometro Konica Minolta Serie CM-26dG\" width=\"1200\" height=\"675\" src=\"https:\/\/www.youtube.com\/embed\/htkl-Z8JfcQ?feature=oembed\" frameborder=\"0\" allow=\"accelerometer; autoplay; clipboard-write; encrypted-media; gyroscope; picture-in-picture; web-share\" allowfullscreen><\/iframe>\n<\/div><\/figure>\n\n\n\n<p class=\"wp-block-paragraph translation-block\">Le misurazioni con la geometria di misurazione a 45\/2\u00b0 comunemente utilizzata nel settore della stampa sono gi\u00e0 state completate e pubblicate da oltre 2 anni, ma per <a href=\"https:\/\/blog1.proofen.de\/es\/lexico-2\/dispositivo-de-medicion-de-cabeza-esferica\/\" target=\"_self\" class=\"encyclopedia tooltipstered\">il dispositivo di misurazione con testa a sfera<\/a>e in de:8\u00b0 secondo DIN5033-7, JIS Z 8722c, ISO7724\/1, CIE No.15 non erano disponibili dati spettrali fino ad ora. Tali dispositivi di misurazione sono ampiamente utilizzati nell'industria delle pitture e delle vernici, nella standardizzazione e in molti altri settori, e finora mancava il collegamento tra l'Atlante dei colori CIE gratuito<a href=\"https:\/\/blog1.proofen.de\/es\/lexico-2\/laboratorio\/\" target=\"_self\" class=\"encyclopedia tooltipstered\">LAB<\/a> HLC Colour Atlas XL dell'industria della stampa e le applicazioni cromatiche di questi settori orientati alle teste sferiche. Ora questa lacuna \u00e8 stata colmata.<\/p>\n\n\n\n<p class=\"wp-block-paragraph translation-block\">Gli spettrofotometri<a href=\"https:\/\/blog1.proofen.de\/es\/lexico-2\/espectrofotometro\/\" target=\"_self\" class=\"enciclopedia tooltipstered\">spettrofotometri<\/a> sono utilizzati soprattutto per <a href=\"https:\/\/blog1.proofen.de\/es\/lexico-2\/medicion-del-color\/\" target=\"_self\" class=\"enciclopedia tooltipstered\">la misurazione del colore<\/a> su superfici lucide e riflettenti. Il campione viene illuminato in modo diffuso da tutte le angolazioni utilizzando lampade speciali. La misurazione non viene effettuata in verticale come con un i1 Pro2, ad esempio, ma con un angolo di 8 gradi. Nelle nostre misurazioni, abbiamo utilizzato due modalit\u00e0 di misurazione in parallelo: <a href=\"https:\/\/blog1.proofen.de\/es\/lexico-2\/gire\/\" target=\"_self\" class=\"encyclopedia tooltipstered\">SPIN<\/a> o SCI e <a href=\"https:\/\/blog1.proofen.de\/es\/lexico-2\/spex\/\" target=\"_self\" class=\"encyclopedia tooltipstered\">SPEX<\/a> o SCE. Queste due abbreviazioni stanno per \"Speculare incluso\" e \"Speculare escluso\". Nella modalit\u00e0 di misurazione SPIN, la cosiddetta \"gloss<a href=\"https:\/\/blog1.proofen.de\/es\/lexico-2\/zfa\/\" target=\"_self\" class=\"encyclopedia tooltipstered\">zfa<\/a>lle\" del CM 26d \u00e8 chiusa; con SPEX, la trappola gloss \u00e8 aperta in modo che il componente gloss possa fuoriuscire dalla sfera e quindi non viene misurato.<\/p>\n\n\n\n<p class=\"wp-block-paragraph translation-block\">Ci\u00f2 significa che l'intera luce riflessa - cio\u00e8 colore e lucentezza - o solo il colore senza lucentezza \u00e8 sempre disponibile per gli utenti dei dati spettrali per l'atlante dei colori HLC. Nel caso del semi-opaco, su un <a href=\"https:\/\/blog1.proofen.de\/es\/lexico-2\/gmg\/\" target=\"_self\" class=\"enciclopedia tooltipstered\">GMG<\/a> <a href=\"https:\/\/blog1.proofen.de\/es\/lexico-2\/prueba\/\" target=\"_self\" class=\"encyclopedia tooltipstered\">Proof<\/a> Media premium semiMatte 250 ha prodotto un Atlante HLC a colori libero, la componente lucida \u00e8 naturalmente pi\u00f9 forte nell'effetto rispetto all'Atlante opaco prodotto su una GMG ProofPaper Matte 140.<\/p>\n\n\n\n<p class=\"wp-block-paragraph\">I dati spettrali saranno pubblicati come download su freieFarbe.de nel prossimo futuro.<\/p>\n\n\n\n<h2 class=\"wp-block-heading\">Ecco alcune immagini della calibrazione delle pagine dell'atlante freieFarbe CIELAB HLC.<\/h2>\n\n\n\n<figure class=\"wp-block-gallery has-nested-images columns-default is-cropped wp-block-gallery-2 is-layout-flex wp-block-gallery-is-layout-flex\">\n<figure class=\"wp-block-image size-large\"><a href=\"https:\/\/blog1.proofen.de\/wp-content\/uploads\/2021\/11\/proof-de_freieFarbe-CIELAB-HLC-ColourAtlas-scaled.jpeg\"><img loading=\"lazy\" decoding=\"async\" width=\"1024\" height=\"683\" data-id=\"4384\" src=\"https:\/\/blog1.proofen.de\/wp-content\/uploads\/2021\/11\/proof-de_freieFarbe-CIELAB-HLC-ColourAtlas-1024x683.jpeg\" alt=\"Proof.de: verso la fine dell&#039;anno, la Proof GmbH ha calibrato il CIELAB HLC ColourAtlas a colori liberi semi-opachi e opachi con un totale di circa 46 mila misurazioni, utilizzando un dispositivo di misurazione a testa sferica.\" class=\"wp-image-4384\" srcset=\"https:\/\/blog.proofs.de\/wp-content\/uploads\/2021\/11\/proof-de_freieFarbe-CIELAB-HLC-ColourAtlas-1024x683.jpeg 1024w, https:\/\/blog.proofs.de\/wp-content\/uploads\/2021\/11\/proof-de_freieFarbe-CIELAB-HLC-ColourAtlas-300x200.jpeg 300w, https:\/\/blog.proofs.de\/wp-content\/uploads\/2021\/11\/proof-de_freieFarbe-CIELAB-HLC-ColourAtlas-768x512.jpeg 768w, https:\/\/blog.proofs.de\/wp-content\/uploads\/2021\/11\/proof-de_freieFarbe-CIELAB-HLC-ColourAtlas-1536x1024.jpeg 1536w, https:\/\/blog.proofs.de\/wp-content\/uploads\/2021\/11\/proof-de_freieFarbe-CIELAB-HLC-ColourAtlas-2048x1365.jpeg 2048w\" sizes=\"auto, (max-width: 1024px) 100vw, 1024px\"><\/a><\/figure>\n\n\n\n<figure class=\"wp-block-image size-large\"><a href=\"https:\/\/blog1.proofen.de\/wp-content\/uploads\/2021\/11\/proof-de_Matthias-Betz-testet-Einmessen-freieFarbe-CIELAB-HLC-ColourAtlas-mit-KonicaMinolta-CM26d-scaled.jpeg\"><img loading=\"lazy\" decoding=\"async\" width=\"1024\" height=\"683\" data-id=\"4386\" src=\"https:\/\/blog1.proofen.de\/wp-content\/uploads\/2021\/11\/proof-de_Matthias-Betz-testet-Einmessen-freieFarbe-CIELAB-HLC-ColourAtlas-mit-KonicaMinolta-CM26d-1024x683.jpeg\" alt=\"Proof.de: Matthias Betz controlla le misurazioni con il dispositivo di misurazione spettrale a testa sferica KonicaMinolta CM26d con misurazione SCI e SCE con un membro dello staff del Proof GmbH: con il CK-26d, \u00e8 possibile guardare direttamente nella sfera integrante attraverso un&#039;aletta che pu\u00f2 essere spinta indietro, e quindi controllare visivamente la sezione di misurazione attraverso la sfera ancora una volta.\" class=\"wp-image-4386\" srcset=\"https:\/\/blog.proofs.de\/wp-content\/uploads\/2021\/11\/proof-de_Matthias-Betz-testet-Einmessen-freieFarbe-CIELAB-HLC-ColourAtlas-mit-KonicaMinolta-CM26d-1024x683.jpeg 1024w, https:\/\/blog.proofs.de\/wp-content\/uploads\/2021\/11\/proof-de_Matthias-Betz-testet-Einmessen-freieFarbe-CIELAB-HLC-ColourAtlas-mit-KonicaMinolta-CM26d-300x200.jpeg 300w, https:\/\/blog.proofs.de\/wp-content\/uploads\/2021\/11\/proof-de_Matthias-Betz-testet-Einmessen-freieFarbe-CIELAB-HLC-ColourAtlas-mit-KonicaMinolta-CM26d-768x512.jpeg 768w, https:\/\/blog.proofs.de\/wp-content\/uploads\/2021\/11\/proof-de_Matthias-Betz-testet-Einmessen-freieFarbe-CIELAB-HLC-ColourAtlas-mit-KonicaMinolta-CM26d-1536x1024.jpeg 1536w, https:\/\/blog.proofs.de\/wp-content\/uploads\/2021\/11\/proof-de_Matthias-Betz-testet-Einmessen-freieFarbe-CIELAB-HLC-ColourAtlas-mit-KonicaMinolta-CM26d-2048x1365.jpeg 2048w\" sizes=\"auto, (max-width: 1024px) 100vw, 1024px\"><\/a><\/figure>\n\n\n\n<figure class=\"wp-block-image size-large\"><a href=\"https:\/\/blog1.proofen.de\/wp-content\/uploads\/2021\/11\/proof-de_freieFarbe-CIELAB-HLC-ColourAtlas-wird-mit-KonicaMinolta-CM26d-von-Mitarbeiter-eingemessen-scaled.jpeg\"><img loading=\"lazy\" decoding=\"async\" width=\"1024\" height=\"683\" data-id=\"4383\" src=\"https:\/\/blog1.proofen.de\/wp-content\/uploads\/2021\/11\/proof-de_freieFarbe-CIELAB-HLC-ColourAtlas-wird-mit-KonicaMinolta-CM26d-von-Mitarbeiter-eingemessen-1024x683.jpeg\" alt=\"Proof.de: un collaboratore dell&#039;Proof GmbH esegue le misurazioni con lo spettrometro a testa sferica KonicaMinolta CM26d con SCI e SCE per la versione opaca e semi-opaca dell&#039;atlante gratuito dei colori.\" class=\"wp-image-4383\" srcset=\"https:\/\/blog.proofs.de\/wp-content\/uploads\/2021\/11\/proof-de_freieFarbe-CIELAB-HLC-ColourAtlas-wird-mit-KonicaMinolta-CM26d-von-Mitarbeiter-eingemessen-1024x683.jpeg 1024w, https:\/\/blog.proofs.de\/wp-content\/uploads\/2021\/11\/proof-de_freieFarbe-CIELAB-HLC-ColourAtlas-wird-mit-KonicaMinolta-CM26d-von-Mitarbeiter-eingemessen-300x200.jpeg 300w, https:\/\/blog.proofs.de\/wp-content\/uploads\/2021\/11\/proof-de_freieFarbe-CIELAB-HLC-ColourAtlas-wird-mit-KonicaMinolta-CM26d-von-Mitarbeiter-eingemessen-768x512.jpeg 768w, https:\/\/blog.proofs.de\/wp-content\/uploads\/2021\/11\/proof-de_freieFarbe-CIELAB-HLC-ColourAtlas-wird-mit-KonicaMinolta-CM26d-von-Mitarbeiter-eingemessen-1536x1024.jpeg 1536w, https:\/\/blog.proofs.de\/wp-content\/uploads\/2021\/11\/proof-de_freieFarbe-CIELAB-HLC-ColourAtlas-wird-mit-KonicaMinolta-CM26d-von-Mitarbeiter-eingemessen-2048x1365.jpeg 2048w\" sizes=\"auto, (max-width: 1024px) 100vw, 1024px\"><\/a><\/figure>\n\n\n\n<figure class=\"wp-block-image size-large\"><a href=\"https:\/\/blog1.proofen.de\/wp-content\/uploads\/2021\/11\/proof-de_freieFarbe-CIELAB-HLC-ColourAtlas-wird-mit-KonicaMinolta-CM26d-eingemessen-scaled.jpeg\"><img loading=\"lazy\" decoding=\"async\" width=\"1024\" height=\"683\" data-id=\"4381\" src=\"https:\/\/blog1.proofen.de\/wp-content\/uploads\/2021\/11\/proof-de_freieFarbe-CIELAB-HLC-ColourAtlas-wird-mit-KonicaMinolta-CM26d-eingemessen-1024x683.jpeg\" alt=\"Proof.de: L&#039;Proof GmbH ha calibrato l&#039;Atlante del Colore CIELAB HLC semi-opaco e opaco a colori liberi con un totale di circa 46 mila misurazioni con un misuratore a testa sferica.\" class=\"wp-image-4381\" srcset=\"https:\/\/blog.proofs.de\/wp-content\/uploads\/2021\/11\/proof-de_freieFarbe-CIELAB-HLC-ColourAtlas-wird-mit-KonicaMinolta-CM26d-eingemessen-1024x683.jpeg 1024w, https:\/\/blog.proofs.de\/wp-content\/uploads\/2021\/11\/proof-de_freieFarbe-CIELAB-HLC-ColourAtlas-wird-mit-KonicaMinolta-CM26d-eingemessen-300x200.jpeg 300w, https:\/\/blog.proofs.de\/wp-content\/uploads\/2021\/11\/proof-de_freieFarbe-CIELAB-HLC-ColourAtlas-wird-mit-KonicaMinolta-CM26d-eingemessen-768x512.jpeg 768w, https:\/\/blog.proofs.de\/wp-content\/uploads\/2021\/11\/proof-de_freieFarbe-CIELAB-HLC-ColourAtlas-wird-mit-KonicaMinolta-CM26d-eingemessen-1536x1024.jpeg 1536w, https:\/\/blog.proofs.de\/wp-content\/uploads\/2021\/11\/proof-de_freieFarbe-CIELAB-HLC-ColourAtlas-wird-mit-KonicaMinolta-CM26d-eingemessen-2048x1365.jpeg 2048w\" sizes=\"auto, (max-width: 1024px) 100vw, 1024px\"><\/a><\/figure>\n\n\n\n<figure class=\"wp-block-image size-large\"><a href=\"https:\/\/blog1.proofen.de\/wp-content\/uploads\/2021\/11\/proof-de_freieFarbe-CIELAB-HLC-ColourAtlas-wird-mit-KonicaMinolta-CM26d-eingemessen_3-scaled.jpeg\"><img loading=\"lazy\" decoding=\"async\" width=\"1024\" height=\"683\" data-id=\"4380\" src=\"https:\/\/blog1.proofen.de\/wp-content\/uploads\/2021\/11\/proof-de_freieFarbe-CIELAB-HLC-ColourAtlas-wird-mit-KonicaMinolta-CM26d-eingemessen_3-1024x683.jpeg\" alt=\"Proof.de: L&#039;Proof GmbH misura il colore semi-opaco libero CIELAB HLC ColourAtlas con un misuratore a testa sferica KonicaMinolta.\" class=\"wp-image-4380\" srcset=\"https:\/\/blog.proofs.de\/wp-content\/uploads\/2021\/11\/proof-de_freieFarbe-CIELAB-HLC-ColourAtlas-wird-mit-KonicaMinolta-CM26d-eingemessen_3-1024x683.jpeg 1024w, https:\/\/blog.proofs.de\/wp-content\/uploads\/2021\/11\/proof-de_freieFarbe-CIELAB-HLC-ColourAtlas-wird-mit-KonicaMinolta-CM26d-eingemessen_3-300x200.jpeg 300w, https:\/\/blog.proofs.de\/wp-content\/uploads\/2021\/11\/proof-de_freieFarbe-CIELAB-HLC-ColourAtlas-wird-mit-KonicaMinolta-CM26d-eingemessen_3-768x512.jpeg 768w, https:\/\/blog.proofs.de\/wp-content\/uploads\/2021\/11\/proof-de_freieFarbe-CIELAB-HLC-ColourAtlas-wird-mit-KonicaMinolta-CM26d-eingemessen_3-1536x1024.jpeg 1536w, https:\/\/blog.proofs.de\/wp-content\/uploads\/2021\/11\/proof-de_freieFarbe-CIELAB-HLC-ColourAtlas-wird-mit-KonicaMinolta-CM26d-eingemessen_3-2048x1365.jpeg 2048w\" sizes=\"auto, (max-width: 1024px) 100vw, 1024px\"><\/a><\/figure>\n<\/figure>","protected":false},"excerpt":{"rendered":"<p>Alla fine dello scorso anno, abbiamo effettuato oltre 46.000 misurazioni spettrali con una KonicaMinolta CM-26d a Tubinga, al fine di rendere i due atlanti di colore freecolour CIELAB HLC XL in semi-opaco e opaco meglio utilizzabili per industrie diverse dal settore della stampa. Dopo che Holger Everding e Matthias Betz hanno completato la prima serie di misurazioni l'anno scorso presso MatchMyColor a Basilea, utilizzando un atlante di colori freecolour HLC classico con poco pi\u00f9 di 2.000 macchie di colore, circa 23.000 macchie di colore sono state misurate due volte a Tubinga, una volta SCI e una volta SCE, cio\u00e8 con e senza \"Componente Speculare\" ... <\/p>\n<p class=\"read-more-container\"><a title=\"Misurazioni spettrali con geometria della testa sferica per il colore libero completato\" class=\"read-more button\" href=\"https:\/\/blog.proofs.de\/it\/spektralmessungen-mit-kugelkopfgeometrie-fuer-freiefarbe-abgeschlossen\/#more-4236\" aria-label=\"Per ulteriori informazioni sulle misurazioni spettrali con geometria a testa sferica per Farben, si prega di consultare il seguente link.\">Leggi di pi\u00f9<\/a><\/p>","protected":false},"author":2,"featured_media":4383,"comment_status":"open","ping_status":"open","sticky":false,"template":"","format":"standard","meta":{"om_disable_all_campaigns":false,"inline_featured_image":false,"_monsterinsights_skip_tracking":false,"footnotes":""},"categories":[1],"tags":[1224,1223,1221,1222,679,950,680,1229,1220,1228,1227,1225,1226],"class_list":["post-4236","post","type-post","status-publish","format-standard","has-post-thumbnail","hentry","category-allgemein","tag-45-0","tag-45-2","tag-1221","tag-d8","tag-freiefarbe","tag-freiefarbe-cielab-hlc-colour-atlas","tag-freiefarbe-e-v","tag-konicaminolta","tag-kugelkopfmessgeraet","tag-sce","tag-sci","tag-spex","tag-spin","generate-columns","tablet-grid-50","mobile-grid-100","grid-parent","grid-50","no-featured-image-padding","resize-featured-image"],"aioseo_notices":[],"aioseo_head":"\n\t\t<!-- All in One SEO 5.0.1.1 - aioseo.com -->\n\t<meta name=\"description\" content=\"Wir haben \u00fcber 46.000 spektrale Messungen mit einem Kugelkopfmessger\u00e4t vorgenommen, um den freieFarbe CIELAB HLC Farbatlas XL in D 8\u00b0 Messgeometrie zu erfassen.\" \/>\n\t<meta name=\"robots\" content=\"max-image-preview:large\" \/>\n\t<meta name=\"author\" content=\"Matthias Betz\"\/>\n\t<meta name=\"google-site-verification\" content=\"TuXxyRwxcEg2-WfOaQ8vScWQh3-uBAnxXmY7g3GT90A\" \/>\n\t<meta name=\"keywords\" content=\"45\/0,45\/2\u00b0,8\u00b0,d8,freiefarbe,freiefarbe cielab hlc colour atlas,freiefarbe e.v.,konicaminolta,kugelkopfmessger\u00e4t,sce,sci,spex,spin\" \/>\n\t<link rel=\"canonical\" href=\"https:\/\/blog.proofs.de\/it\/spektralmessungen-mit-kugelkopfgeometrie-fuer-freiefarbe-abgeschlossen\/\" \/>\n\t<meta name=\"generator\" content=\"All in One SEO (AIOSEO) 5.0.1.1\" \/>\n\n\t\t<meta name=\"seobility\" content=\"593a8578143db71543f014978c690d47\">\n\t\t<meta property=\"og:locale\" content=\"it_IT\" \/>\n\t\t<meta property=\"og:site_name\" content=\"Proof.de | Alles zu Proof, Farbmanagement, Grafik, Messtechnik &amp; Co.\" \/>\n\t\t<meta property=\"og:type\" content=\"article\" \/>\n\t\t<meta property=\"og:title\" content=\"Spektralmessungen mit Kugelkopfgeometrie | proof.de\" \/>\n\t\t<meta property=\"og:description\" content=\"Wir haben \u00fcber 46.000 spektrale Messungen mit einem Kugelkopfmessger\u00e4t vorgenommen, um den freieFarbe CIELAB HLC Farbatlas XL in D 8\u00b0 Messgeometrie zu erfassen.\" \/>\n\t\t<meta property=\"og:url\" content=\"https:\/\/blog.proofs.de\/it\/spektralmessungen-mit-kugelkopfgeometrie-fuer-freiefarbe-abgeschlossen\/\" \/>\n\t\t<meta property=\"og:image\" content=\"https:\/\/blog.proofs.de\/wp-content\/uploads\/2021\/11\/proof-de_freieFarbe-CIELAB-HLC-ColourAtlas-wird-mit-KonicaMinolta-CM26d-von-Mitarbeiter-eingemessen-scaled.jpeg\" \/>\n\t\t<meta property=\"og:image:secure_url\" content=\"https:\/\/blog.proofs.de\/wp-content\/uploads\/2021\/11\/proof-de_freieFarbe-CIELAB-HLC-ColourAtlas-wird-mit-KonicaMinolta-CM26d-von-Mitarbeiter-eingemessen-scaled.jpeg\" \/>\n\t\t<meta property=\"og:image:width\" content=\"2560\" \/>\n\t\t<meta property=\"og:image:height\" content=\"1707\" \/>\n\t\t<meta property=\"article:published_time\" content=\"2021-04-19T10:29:06+00:00\" \/>\n\t\t<meta property=\"article:modified_time\" content=\"2023-07-20T12:01:31+00:00\" \/>\n\t\t<meta property=\"article:publisher\" content=\"https:\/\/www.facebook.com\/Proof.de\/\" \/>\n\t\t<meta name=\"twitter:card\" content=\"summary\" \/>\n\t\t<meta name=\"twitter:title\" content=\"Spektralmessungen mit Kugelkopfgeometrie | proof.de\" \/>\n\t\t<meta name=\"twitter:description\" content=\"Wir haben \u00fcber 46.000 spektrale Messungen mit einem Kugelkopfmessger\u00e4t vorgenommen, um den freieFarbe CIELAB HLC Farbatlas XL in D 8\u00b0 Messgeometrie zu erfassen.\" \/>\n\t\t<meta name=\"twitter:image\" content=\"https:\/\/blog1.proofen.de\/wp-content\/uploads\/2020\/04\/proof_background.jpg\" \/>\n\t\t<script type=\"application\/ld+json\" class=\"aioseo-schema\">\n\t\t\t{\"@context\":\"https:\\\/\\\/schema.org\",\"@graph\":[{\"@type\":\"Article\",\"@id\":\"https:\\\/\\\/blog.proofs.de\\\/it\\\/spektralmessungen-mit-kugelkopfgeometrie-fuer-freiefarbe-abgeschlossen\\\/#article\",\"name\":\"Spektralmessungen mit Kugelkopfgeometrie | proof.de\",\"headline\":\"Spektralmessungen mit Kugelkopfgeometrie f\\u00fcr freieFarbe abgeschlossen\",\"author\":{\"@id\":\"https:\\\/\\\/blog.proofs.de\\\/it\\\/author\\\/mbetz\\\/#author\"},\"publisher\":{\"@id\":\"https:\\\/\\\/blog.proofs.de\\\/it\\\/#organization\"},\"image\":{\"@type\":\"ImageObject\",\"url\":\"https:\\\/\\\/blog.proofs.de\\\/wp-content\\\/uploads\\\/2021\\\/11\\\/proof-de_freieFarbe-CIELAB-HLC-ColourAtlas-wird-mit-KonicaMinolta-CM26d-von-Mitarbeiter-eingemessen-scaled.jpeg\",\"width\":2560,\"height\":1707,\"caption\":\"Proof.de: Ein Mitarbeiter der Proof GmbH f\\u00fchrt die Messungen mit dem KonicaMinolta CM26d Kugelkopf Spektralmessgeraet mit SCI und SCE f\\u00fcr die matte und semimatte Version des freieFarbe Farbatlasses durch\"},\"datePublished\":\"2021-04-19T12:29:06+02:00\",\"dateModified\":\"2023-07-20T14:01:31+02:00\",\"inLanguage\":\"it-IT\",\"mainEntityOfPage\":{\"@id\":\"https:\\\/\\\/blog.proofs.de\\\/it\\\/spektralmessungen-mit-kugelkopfgeometrie-fuer-freiefarbe-abgeschlossen\\\/#webpage\"},\"isPartOf\":{\"@id\":\"https:\\\/\\\/blog.proofs.de\\\/it\\\/spektralmessungen-mit-kugelkopfgeometrie-fuer-freiefarbe-abgeschlossen\\\/#webpage\"},\"articleSection\":\"Allgemein, 45\\\/0, 45\\\/2\\u00b0, 8\\u00b0, D8, freieFarbe, freiefarbe CIELAB HLC Colour Atlas, freieFarbe e.V., KonicaMinolta, Kugelkopfmessger\\u00e4t, SCE, SCI, SPEX, SPIN\"},{\"@type\":\"BreadcrumbList\",\"@id\":\"https:\\\/\\\/blog.proofs.de\\\/it\\\/spektralmessungen-mit-kugelkopfgeometrie-fuer-freiefarbe-abgeschlossen\\\/#breadcrumblist\",\"itemListElement\":[{\"@type\":\"ListItem\",\"@id\":\"https:\\\/\\\/blog.proofs.de\\\/it#listItem\",\"position\":1,\"name\":\"Home\",\"item\":\"https:\\\/\\\/blog.proofs.de\\\/it\",\"nextItem\":{\"@type\":\"ListItem\",\"@id\":\"https:\\\/\\\/blog.proofs.de\\\/it\\\/thema\\\/allgemein\\\/#listItem\",\"name\":\"Allgemein\"}},{\"@type\":\"ListItem\",\"@id\":\"https:\\\/\\\/blog.proofs.de\\\/it\\\/thema\\\/allgemein\\\/#listItem\",\"position\":2,\"name\":\"Allgemein\",\"item\":\"https:\\\/\\\/blog.proofs.de\\\/it\\\/thema\\\/allgemein\\\/\",\"nextItem\":{\"@type\":\"ListItem\",\"@id\":\"https:\\\/\\\/blog.proofs.de\\\/it\\\/spektralmessungen-mit-kugelkopfgeometrie-fuer-freiefarbe-abgeschlossen\\\/#listItem\",\"name\":\"Spektralmessungen mit Kugelkopfgeometrie f\\u00fcr freieFarbe abgeschlossen\"},\"previousItem\":{\"@type\":\"ListItem\",\"@id\":\"https:\\\/\\\/blog.proofs.de\\\/it#listItem\",\"name\":\"Home\"}},{\"@type\":\"ListItem\",\"@id\":\"https:\\\/\\\/blog.proofs.de\\\/it\\\/spektralmessungen-mit-kugelkopfgeometrie-fuer-freiefarbe-abgeschlossen\\\/#listItem\",\"position\":3,\"name\":\"Spektralmessungen mit Kugelkopfgeometrie f\\u00fcr freieFarbe abgeschlossen\",\"previousItem\":{\"@type\":\"ListItem\",\"@id\":\"https:\\\/\\\/blog.proofs.de\\\/it\\\/thema\\\/allgemein\\\/#listItem\",\"name\":\"Allgemein\"}}]},{\"@type\":\"Organization\",\"@id\":\"https:\\\/\\\/blog.proofs.de\\\/it\\\/#organization\",\"name\":\"Proof GmbH\",\"description\":\"Farbverbindlicher Proof, Farbproof, Digitalproof und Online-Proof.\",\"url\":\"https:\\\/\\\/blog.proofs.de\\\/it\\\/\",\"telephone\":\"+4970717952740\",\"logo\":{\"@type\":\"ImageObject\",\"url\":\"https:\\\/\\\/blog1.proofen.de\\\/wp-content\\\/uploads\\\/2019\\\/09\\\/logo_proof_rgb_mit_balken_250px.png\",\"@id\":\"https:\\\/\\\/blog.proofs.de\\\/it\\\/spektralmessungen-mit-kugelkopfgeometrie-fuer-freiefarbe-abgeschlossen\\\/#organizationLogo\"},\"image\":{\"@id\":\"https:\\\/\\\/blog.proofs.de\\\/it\\\/spektralmessungen-mit-kugelkopfgeometrie-fuer-freiefarbe-abgeschlossen\\\/#organizationLogo\"},\"sameAs\":[\"https:\\\/\\\/www.facebook.com\\\/Proof.de\\\/\",\"https:\\\/\\\/www.instagram.com\\\/proof.de\\\/\",\"https:\\\/\\\/www.tiktok.com\\\/@proof_de\",\"https:\\\/\\\/www.youtube.com\\\/channel\\\/UCk80fQVQ25wC9wu3SywB-Nw\",\"https:\\\/\\\/www.linkedin.com\\\/company\\\/proof-de\"]},{\"@type\":\"Person\",\"@id\":\"https:\\\/\\\/blog.proofs.de\\\/it\\\/author\\\/mbetz\\\/#author\",\"url\":\"https:\\\/\\\/blog.proofs.de\\\/it\\\/author\\\/mbetz\\\/\",\"name\":\"Matthias Betz\",\"image\":{\"@type\":\"ImageObject\",\"@id\":\"https:\\\/\\\/blog.proofs.de\\\/it\\\/spektralmessungen-mit-kugelkopfgeometrie-fuer-freiefarbe-abgeschlossen\\\/#authorImage\",\"url\":\"https:\\\/\\\/blog.proofs.de\\\/wp-content\\\/uploads\\\/2020\\\/10\\\/matthias-betz-e1603934518350-150x150.png\",\"width\":96,\"height\":96,\"caption\":\"Matthias Betz\"}},{\"@type\":\"WebPage\",\"@id\":\"https:\\\/\\\/blog.proofs.de\\\/it\\\/spektralmessungen-mit-kugelkopfgeometrie-fuer-freiefarbe-abgeschlossen\\\/#webpage\",\"url\":\"https:\\\/\\\/blog.proofs.de\\\/it\\\/spektralmessungen-mit-kugelkopfgeometrie-fuer-freiefarbe-abgeschlossen\\\/\",\"name\":\"Spektralmessungen mit Kugelkopfgeometrie | proof.de\",\"description\":\"Wir haben \\u00fcber 46.000 spektrale Messungen mit einem Kugelkopfmessger\\u00e4t vorgenommen, um den freieFarbe CIELAB HLC Farbatlas XL in D 8\\u00b0 Messgeometrie zu erfassen.\",\"inLanguage\":\"it-IT\",\"isPartOf\":{\"@id\":\"https:\\\/\\\/blog.proofs.de\\\/it\\\/#website\"},\"breadcrumb\":{\"@id\":\"https:\\\/\\\/blog.proofs.de\\\/it\\\/spektralmessungen-mit-kugelkopfgeometrie-fuer-freiefarbe-abgeschlossen\\\/#breadcrumblist\"},\"author\":{\"@id\":\"https:\\\/\\\/blog.proofs.de\\\/it\\\/author\\\/mbetz\\\/#author\"},\"creator\":{\"@id\":\"https:\\\/\\\/blog.proofs.de\\\/it\\\/author\\\/mbetz\\\/#author\"},\"image\":{\"@type\":\"ImageObject\",\"url\":\"https:\\\/\\\/blog.proofs.de\\\/wp-content\\\/uploads\\\/2021\\\/11\\\/proof-de_freieFarbe-CIELAB-HLC-ColourAtlas-wird-mit-KonicaMinolta-CM26d-von-Mitarbeiter-eingemessen-scaled.jpeg\",\"@id\":\"https:\\\/\\\/blog.proofs.de\\\/it\\\/spektralmessungen-mit-kugelkopfgeometrie-fuer-freiefarbe-abgeschlossen\\\/#mainImage\",\"width\":2560,\"height\":1707,\"caption\":\"Proof.de: Ein Mitarbeiter der Proof GmbH f\\u00fchrt die Messungen mit dem KonicaMinolta CM26d Kugelkopf Spektralmessgeraet mit SCI und SCE f\\u00fcr die matte und semimatte Version des freieFarbe Farbatlasses durch\"},\"primaryImageOfPage\":{\"@id\":\"https:\\\/\\\/blog.proofs.de\\\/it\\\/spektralmessungen-mit-kugelkopfgeometrie-fuer-freiefarbe-abgeschlossen\\\/#mainImage\"},\"datePublished\":\"2021-04-19T12:29:06+02:00\",\"dateModified\":\"2023-07-20T14:01:31+02:00\"},{\"@type\":\"WebSite\",\"@id\":\"https:\\\/\\\/blog.proofs.de\\\/it\\\/#website\",\"url\":\"https:\\\/\\\/blog.proofs.de\\\/it\\\/\",\"name\":\"Proof.de\",\"description\":\"Farbverbindlicher Proof, Farbproof, Digitalproof und Online-Proof.\",\"inLanguage\":\"it-IT\",\"publisher\":{\"@id\":\"https:\\\/\\\/blog.proofs.de\\\/it\\\/#organization\"}}]}\n\t\t<\/script>\n\t\t<!-- All in One SEO -->\n\n","aioseo_head_json":{"title":"Misurazioni spettrali con geometria della testa sferica | proof.de","description":"Abbiamo effettuato oltre 46.000 misurazioni spettrali con un misuratore a testa sferica per acquisire l'Atlante dei colori freieFarbe CIELAB HLC XL nella geometria di misurazione D 8\u00b0.","canonical_url":"https:\/\/blog.proofs.de\/it\/spektralmessungen-mit-kugelkopfgeometrie-fuer-freiefarbe-abgeschlossen\/","robots":"max-image-preview:large","keywords":"45\/0,45\/2\u00b0,8\u00b0,d8,freiefarbe,freiefarbe cielab hlc colour atlas,freiefarbe e.v.,konicaminolta,kugelkopfmessger\u00e4t,sce,sci,spex,spin","webmasterTools":{"google-site-verification":"TuXxyRwxcEg2-WfOaQ8vScWQh3-uBAnxXmY7g3GT90A","miscellaneous":"&lt;meta name=\"seobility\" content=\"593a8578143db71543f014978c690d47\"&gt;"},"schema":{"@context":"https:\/\/schema.org","@graph":[{"@type":"Article","@id":"https:\/\/blog.proofs.de\/it\/spektralmessungen-mit-kugelkopfgeometrie-fuer-freiefarbe-abgeschlossen\/#article","name":"Spektralmessungen mit Kugelkopfgeometrie | proof.de","headline":"Spektralmessungen mit Kugelkopfgeometrie f\u00fcr freieFarbe abgeschlossen","author":{"@id":"https:\/\/blog.proofs.de\/it\/author\/mbetz\/#author"},"publisher":{"@id":"https:\/\/blog.proofs.de\/it\/#organization"},"image":{"@type":"ImageObject","url":"https:\/\/blog.proofs.de\/wp-content\/uploads\/2021\/11\/proof-de_freieFarbe-CIELAB-HLC-ColourAtlas-wird-mit-KonicaMinolta-CM26d-von-Mitarbeiter-eingemessen-scaled.jpeg","width":2560,"height":1707,"caption":"Proof.de: Ein Mitarbeiter der Proof GmbH f\u00fchrt die Messungen mit dem KonicaMinolta CM26d Kugelkopf Spektralmessgeraet mit SCI und SCE f\u00fcr die matte und semimatte Version des freieFarbe Farbatlasses durch"},"datePublished":"2021-04-19T12:29:06+02:00","dateModified":"2023-07-20T14:01:31+02:00","inLanguage":"it-IT","mainEntityOfPage":{"@id":"https:\/\/blog.proofs.de\/it\/spektralmessungen-mit-kugelkopfgeometrie-fuer-freiefarbe-abgeschlossen\/#webpage"},"isPartOf":{"@id":"https:\/\/blog.proofs.de\/it\/spektralmessungen-mit-kugelkopfgeometrie-fuer-freiefarbe-abgeschlossen\/#webpage"},"articleSection":"Allgemein, 45\/0, 45\/2\u00b0, 8\u00b0, D8, freieFarbe, freiefarbe CIELAB HLC Colour Atlas, freieFarbe e.V., KonicaMinolta, Kugelkopfmessger\u00e4t, SCE, SCI, SPEX, SPIN"},{"@type":"BreadcrumbList","@id":"https:\/\/blog.proofs.de\/it\/spektralmessungen-mit-kugelkopfgeometrie-fuer-freiefarbe-abgeschlossen\/#breadcrumblist","itemListElement":[{"@type":"ListItem","@id":"https:\/\/blog.proofs.de\/it#listItem","position":1,"name":"Home","item":"https:\/\/blog.proofs.de\/it","nextItem":{"@type":"ListItem","@id":"https:\/\/blog.proofs.de\/it\/thema\/allgemein\/#listItem","name":"Allgemein"}},{"@type":"ListItem","@id":"https:\/\/blog.proofs.de\/it\/thema\/allgemein\/#listItem","position":2,"name":"Allgemein","item":"https:\/\/blog.proofs.de\/it\/thema\/allgemein\/","nextItem":{"@type":"ListItem","@id":"https:\/\/blog.proofs.de\/it\/spektralmessungen-mit-kugelkopfgeometrie-fuer-freiefarbe-abgeschlossen\/#listItem","name":"Spektralmessungen mit Kugelkopfgeometrie f\u00fcr freieFarbe abgeschlossen"},"previousItem":{"@type":"ListItem","@id":"https:\/\/blog.proofs.de\/it#listItem","name":"Home"}},{"@type":"ListItem","@id":"https:\/\/blog.proofs.de\/it\/spektralmessungen-mit-kugelkopfgeometrie-fuer-freiefarbe-abgeschlossen\/#listItem","position":3,"name":"Spektralmessungen mit Kugelkopfgeometrie f\u00fcr freieFarbe abgeschlossen","previousItem":{"@type":"ListItem","@id":"https:\/\/blog.proofs.de\/it\/thema\/allgemein\/#listItem","name":"Allgemein"}}]},{"@type":"Organization","@id":"https:\/\/blog.proofs.de\/it\/#organization","name":"Proof GmbH","description":"Farbverbindlicher Proof, Farbproof, Digitalproof und Online-Proof.","url":"https:\/\/blog.proofs.de\/it\/","telephone":"+4970717952740","logo":{"@type":"ImageObject","url":"https:\/\/blog1.proofen.de\/wp-content\/uploads\/2019\/09\/logo_proof_rgb_mit_balken_250px.png","@id":"https:\/\/blog.proofs.de\/it\/spektralmessungen-mit-kugelkopfgeometrie-fuer-freiefarbe-abgeschlossen\/#organizationLogo"},"image":{"@id":"https:\/\/blog.proofs.de\/it\/spektralmessungen-mit-kugelkopfgeometrie-fuer-freiefarbe-abgeschlossen\/#organizationLogo"},"sameAs":["https:\/\/www.facebook.com\/Proof.de\/","https:\/\/www.instagram.com\/proof.de\/","https:\/\/www.tiktok.com\/@proof_de","https:\/\/www.youtube.com\/channel\/UCk80fQVQ25wC9wu3SywB-Nw","https:\/\/www.linkedin.com\/company\/proof-de"]},{"@type":"Person","@id":"https:\/\/blog.proofs.de\/it\/author\/mbetz\/#author","url":"https:\/\/blog.proofs.de\/it\/author\/mbetz\/","name":"Matthias Betz","image":{"@type":"ImageObject","@id":"https:\/\/blog.proofs.de\/it\/spektralmessungen-mit-kugelkopfgeometrie-fuer-freiefarbe-abgeschlossen\/#authorImage","url":"https:\/\/blog.proofs.de\/wp-content\/uploads\/2020\/10\/matthias-betz-e1603934518350-150x150.png","width":96,"height":96,"caption":"Matthias Betz"}},{"@type":"WebPage","@id":"https:\/\/blog.proofs.de\/it\/spektralmessungen-mit-kugelkopfgeometrie-fuer-freiefarbe-abgeschlossen\/#webpage","url":"https:\/\/blog.proofs.de\/it\/spektralmessungen-mit-kugelkopfgeometrie-fuer-freiefarbe-abgeschlossen\/","name":"Spektralmessungen mit Kugelkopfgeometrie | proof.de","description":"Wir haben \u00fcber 46.000 spektrale Messungen mit einem Kugelkopfmessger\u00e4t vorgenommen, um den freieFarbe CIELAB HLC Farbatlas XL in D 8\u00b0 Messgeometrie zu erfassen.","inLanguage":"it-IT","isPartOf":{"@id":"https:\/\/blog.proofs.de\/it\/#website"},"breadcrumb":{"@id":"https:\/\/blog.proofs.de\/it\/spektralmessungen-mit-kugelkopfgeometrie-fuer-freiefarbe-abgeschlossen\/#breadcrumblist"},"author":{"@id":"https:\/\/blog.proofs.de\/it\/author\/mbetz\/#author"},"creator":{"@id":"https:\/\/blog.proofs.de\/it\/author\/mbetz\/#author"},"image":{"@type":"ImageObject","url":"https:\/\/blog.proofs.de\/wp-content\/uploads\/2021\/11\/proof-de_freieFarbe-CIELAB-HLC-ColourAtlas-wird-mit-KonicaMinolta-CM26d-von-Mitarbeiter-eingemessen-scaled.jpeg","@id":"https:\/\/blog.proofs.de\/it\/spektralmessungen-mit-kugelkopfgeometrie-fuer-freiefarbe-abgeschlossen\/#mainImage","width":2560,"height":1707,"caption":"Proof.de: Ein Mitarbeiter der Proof GmbH f\u00fchrt die Messungen mit dem KonicaMinolta CM26d Kugelkopf Spektralmessgeraet mit SCI und SCE f\u00fcr die matte und semimatte Version des freieFarbe Farbatlasses durch"},"primaryImageOfPage":{"@id":"https:\/\/blog.proofs.de\/it\/spektralmessungen-mit-kugelkopfgeometrie-fuer-freiefarbe-abgeschlossen\/#mainImage"},"datePublished":"2021-04-19T12:29:06+02:00","dateModified":"2023-07-20T14:01:31+02:00"},{"@type":"WebSite","@id":"https:\/\/blog.proofs.de\/it\/#website","url":"https:\/\/blog.proofs.de\/it\/","name":"Proof.de","description":"Farbverbindlicher Proof, Farbproof, Digitalproof und Online-Proof.","inLanguage":"it-IT","publisher":{"@id":"https:\/\/blog.proofs.de\/it\/#organization"}}]},"og:locale":"it_IT","og:site_name":"Proof.de | Alles zu Proof, Farbmanagement, Grafik, Messtechnik &amp; Co.","og:type":"article","og:title":"Spektralmessungen mit Kugelkopfgeometrie | proof.de","og:description":"Wir haben \u00fcber 46.000 spektrale Messungen mit einem Kugelkopfmessger\u00e4t vorgenommen, um den freieFarbe CIELAB HLC Farbatlas XL in D 8\u00b0 Messgeometrie zu erfassen.","og:url":"https:\/\/blog.proofs.de\/it\/spektralmessungen-mit-kugelkopfgeometrie-fuer-freiefarbe-abgeschlossen\/","og:image":"https:\/\/blog.proofs.de\/wp-content\/uploads\/2021\/11\/proof-de_freieFarbe-CIELAB-HLC-ColourAtlas-wird-mit-KonicaMinolta-CM26d-von-Mitarbeiter-eingemessen-scaled.jpeg","og:image:secure_url":"https:\/\/blog.proofs.de\/wp-content\/uploads\/2021\/11\/proof-de_freieFarbe-CIELAB-HLC-ColourAtlas-wird-mit-KonicaMinolta-CM26d-von-Mitarbeiter-eingemessen-scaled.jpeg","og:image:width":2560,"og:image:height":1707,"article:published_time":"2021-04-19T10:29:06+00:00","article:modified_time":"2023-07-20T12:01:31+00:00","article:publisher":"https:\/\/www.facebook.com\/Proof.de\/","twitter:card":"summary","twitter:title":"Spektralmessungen mit Kugelkopfgeometrie | proof.de","twitter:description":"Wir haben \u00fcber 46.000 spektrale Messungen mit einem Kugelkopfmessger\u00e4t vorgenommen, um den freieFarbe CIELAB HLC Farbatlas XL in D 8\u00b0 Messgeometrie zu erfassen.","twitter:image":"https:\/\/blog1.proofen.de\/wp-content\/uploads\/2020\/04\/proof_background.jpg"},"aioseo_meta_data":{"post_id":"4236","title":"Misurazioni spettrali con geometria della testa sferica | proof.de&nbsp;","description":"Abbiamo effettuato oltre 46.000 misurazioni spettrali con un misuratore a testa sferica per acquisire l'Atlante dei colori freieFarbe CIELAB HLC XL nella geometria di misurazione D 8\u00b0.","keywords":[],"keyphrases":{"focus":{"keyphrase":"","score":0,"analysis":{"keyphraseInTitle":{"score":0,"maxScore":9,"error":1}}},"additional":[]},"primary_term":null,"canonical_url":null,"og_title":null,"og_description":null,"og_object_type":"default","og_image_type":"default","og_image_url":null,"og_image_width":null,"og_image_height":null,"og_image_custom_url":null,"og_image_custom_fields":null,"og_video":"","og_custom_url":null,"og_article_section":null,"og_article_tags":[],"twitter_use_og":false,"twitter_card":"default","twitter_image_type":"default","twitter_image_url":null,"twitter_image_custom_url":null,"twitter_image_custom_fields":null,"twitter_title":null,"twitter_description":null,"schema":{"blockGraphs":[],"customGraphs":[],"default":{"data":{"Article":[],"Course":[],"Dataset":[],"FAQPage":[],"Movie":[],"Person":[],"Product":[],"ProductReview":[],"Car":[],"Recipe":[],"Service":[],"SoftwareApplication":[],"WebPage":[]},"graphName":"Article","isEnabled":true},"graphs":[],"defaultGraph":"Article","defaultPostTypeGraph":""},"schema_type":"default","schema_type_options":"{\"article\":{\"articleType\":\"BlogPosting\"},\"course\":{\"name\":\"\",\"description\":\"\",\"provider\":\"\"},\"faq\":{\"pages\":[]},\"product\":{\"reviews\":[]},\"recipe\":{\"ingredients\":[],\"instructions\":[],\"keywords\":[]},\"software\":{\"reviews\":[],\"operatingSystems\":[]},\"webPage\":{\"webPageType\":\"WebPage\"}}","pillar_content":false,"robots_default":true,"robots_noindex":false,"robots_noarchive":false,"robots_nosnippet":false,"robots_nofollow":false,"robots_noimageindex":false,"robots_noodp":false,"robots_notranslate":false,"robots_max_snippet":"-1","robots_max_videopreview":"-1","robots_max_imagepreview":"large","priority":null,"frequency":"default","local_seo":null,"breadcrumb_settings":null,"limit_modified_date":false,"ai":null,"created":"2021-04-21 07:09:19","updated":"2025-06-04 14:27:05","seo_analyzer_scan_date":null,"focus_keyword":null,"additional_keywords":null,"truseo_locale":null},"_links":{"self":[{"href":"https:\/\/blog.proofs.de\/it\/wp-json\/wp\/v2\/posts\/4236","targetHints":{"allow":["GET"]}}],"collection":[{"href":"https:\/\/blog.proofs.de\/it\/wp-json\/wp\/v2\/posts"}],"about":[{"href":"https:\/\/blog.proofs.de\/it\/wp-json\/wp\/v2\/types\/post"}],"author":[{"embeddable":true,"href":"https:\/\/blog.proofs.de\/it\/wp-json\/wp\/v2\/users\/2"}],"replies":[{"embeddable":true,"href":"https:\/\/blog.proofs.de\/it\/wp-json\/wp\/v2\/comments?post=4236"}],"version-history":[{"count":9,"href":"https:\/\/blog.proofs.de\/it\/wp-json\/wp\/v2\/posts\/4236\/revisions"}],"predecessor-version":[{"id":5508,"href":"https:\/\/blog.proofs.de\/it\/wp-json\/wp\/v2\/posts\/4236\/revisions\/5508"}],"wp:featuredmedia":[{"embeddable":true,"href":"https:\/\/blog.proofs.de\/it\/wp-json\/wp\/v2\/media\/4383"}],"wp:attachment":[{"href":"https:\/\/blog.proofs.de\/it\/wp-json\/wp\/v2\/media?parent=4236"}],"wp:term":[{"taxonomy":"category","embeddable":true,"href":"https:\/\/blog.proofs.de\/it\/wp-json\/wp\/v2\/categories?post=4236"},{"taxonomy":"post_tag","embeddable":true,"href":"https:\/\/blog.proofs.de\/it\/wp-json\/wp\/v2\/tags?post=4236"}],"curies":[{"name":"wp","href":"https:\/\/api.w.org\/{rel}","templated":true}]}}