{"id":5604,"date":"2024-02-19T01:13:56","date_gmt":"2024-02-19T00:13:56","guid":{"rendered":"https:\/\/www.proof.de\/?p=5604"},"modified":"2024-02-19T01:13:59","modified_gmt":"2024-02-19T00:13:59","slug":"inizia-il-simposio-fogra-sulla-gestione-del-colore-2024-a-monaco-di-baviera","status":"publish","type":"post","link":"https:\/\/blog.proofs.de\/it\/das-fogra-colormanagement-symposium-2024-in-muenchen-startet\/","title":{"rendered":"Il Simposio Fogra sulla gestione del colore 2024 inizia a Monaco di Baviera"},"content":{"rendered":"<div class=\"kk-star-ratings kksr-auto kksr-align-right kksr-valign-top\" data-payload='{\"align\":\"right\",\"id\":\"5604\",\"slug\":\"default\",\"valign\":\"top\",\"ignore\":\"\",\"reference\":\"auto\",\"class\":\"\",\"count\":\"0\",\"legendonly\":\"\",\"readonly\":\"\",\"score\":\"0\",\"starsonly\":\"\",\"best\":\"5\",\"gap\":\"5\",\"greet\":\"Jetzt bewerten\",\"legend\":\"0\\\/5 - (0 votes)\",\"size\":\"24\",\"title\":\"Das Fogra Colormanagement Symposium 2024 in M&uuml;nchen startet\",\"width\":\"0\",\"_legend\":\"{score}\\\/{best} - ({count} {votes})\",\"font_factor\":\"1.25\"}'>\n            \n<div class=\"kksr-stars\">\n    \n<div class=\"kksr-stars-inactive\">\n            <div class=\"kksr-star\" data-star=\"1\" style=\"padding-right: 5px\">\n            \n\n<div class=\"kksr-icon\" style=\"width: 24px; height: 24px;\"><\/div>\n        <\/div>\n            <div class=\"kksr-star\" data-star=\"2\" style=\"padding-right: 5px\">\n            \n\n<div class=\"kksr-icon\" style=\"width: 24px; height: 24px;\"><\/div>\n        <\/div>\n            <div class=\"kksr-star\" data-star=\"3\" style=\"padding-right: 5px\">\n            \n\n<div class=\"kksr-icon\" style=\"width: 24px; height: 24px;\"><\/div>\n        <\/div>\n            <div class=\"kksr-star\" data-star=\"4\" style=\"padding-right: 5px\">\n            \n\n<div class=\"kksr-icon\" style=\"width: 24px; height: 24px;\"><\/div>\n        <\/div>\n            <div class=\"kksr-star\" data-star=\"5\" style=\"padding-right: 5px\">\n            \n\n<div class=\"kksr-icon\" style=\"width: 24px; height: 24px;\"><\/div>\n        <\/div>\n    <\/div>\n    \n<div class=\"kksr-stars-active\" style=\"width: 0px;\">\n            <div class=\"kksr-star\" style=\"padding-right: 5px\">\n            \n\n<div class=\"kksr-icon\" style=\"width: 24px; height: 24px;\"><\/div>\n        <\/div>\n            <div class=\"kksr-star\" style=\"padding-right: 5px\">\n            \n\n<div class=\"kksr-icon\" style=\"width: 24px; height: 24px;\"><\/div>\n        <\/div>\n            <div class=\"kksr-star\" style=\"padding-right: 5px\">\n            \n\n<div class=\"kksr-icon\" style=\"width: 24px; height: 24px;\"><\/div>\n        <\/div>\n            <div class=\"kksr-star\" style=\"padding-right: 5px\">\n            \n\n<div class=\"kksr-icon\" style=\"width: 24px; height: 24px;\"><\/div>\n        <\/div>\n            <div class=\"kksr-star\" style=\"padding-right: 5px\">\n            \n\n<div class=\"kksr-icon\" style=\"width: 24px; height: 24px;\"><\/div>\n        <\/div>\n    <\/div>\n<\/div>\n                \n\n<div class=\"kksr-legend\" style=\"font-size: 19.2px;\">\n            <span class=\"kksr-muted\">Valuta ora<\/span>\n    <\/div>\n    <\/div>\n<div class=\"wp-block-image\">\n<figure class=\"alignright size-medium\"><a href=\"https:\/\/blog1.proofen.de\/wp-content\/uploads\/2024\/02\/Fogra_Colormanagement_Symposium_2024.png\"><img loading=\"lazy\" decoding=\"async\" width=\"263\" height=\"300\" src=\"https:\/\/blog1.proofen.de\/wp-content\/uploads\/2024\/02\/Fogra_Colormanagement_Symposium_2024-263x300.png\" alt=\"Logo del Simposio Fogra sulla gestione del colore 2024 a Monaco di Baviera\" class=\"wp-image-5605\" srcset=\"https:\/\/blog.proofs.de\/wp-content\/uploads\/2024\/02\/Fogra_Colormanagement_Symposium_2024-263x300.png 263w, https:\/\/blog.proofs.de\/wp-content\/uploads\/2024\/02\/Fogra_Colormanagement_Symposium_2024-899x1024.png 899w, https:\/\/blog.proofs.de\/wp-content\/uploads\/2024\/02\/Fogra_Colormanagement_Symposium_2024-768x875.png 768w, https:\/\/blog.proofs.de\/wp-content\/uploads\/2024\/02\/Fogra_Colormanagement_Symposium_2024-1348x1536.png 1348w, https:\/\/blog.proofs.de\/wp-content\/uploads\/2024\/02\/Fogra_Colormanagement_Symposium_2024-11x12.png 11w, https:\/\/blog.proofs.de\/wp-content\/uploads\/2024\/02\/Fogra_Colormanagement_Symposium_2024.png 1678w\" sizes=\"auto, (max-width: 263px) 100vw, 263px\"><\/a><\/figure>\n<\/div>\n\n\n<p class=\"wp-block-paragraph\">Da mercoled\u00ec 21.2.2024, l'evento di due giorni si svolger\u00e0 nuovamente. <a href=\"https:\/\/fogra.org\/fileadmin\/files\/4_veranstaltungen\/symposien\/Fogra_CMS_Programm_2024_DE.pdf\" target=\"_blank\" rel=\"noopener\" title=\"\">Simposio Fogra sulla gestione del colore<\/a> a Monaco. Da un lato <a href=\"https:\/\/blog.proofs.de\/it\/lexikon\/farbmanagement\/\" target=\"_self\" title=\"L&#039;obiettivo della gestione del colore \u00e8 garantire che i colori siano riprodotti nel modo pi\u00f9 simile possibile tra i vari dispositivi, come fotocamere, scanner, monitor, stampanti laser, a getto d&#039;inchiostro, offset e molti altri.\" class=\"encyclopedia\">Gestione del colore<\/a>esperti dell'industria di produzione e delle PMI riferiranno sul loro attuale stato di implementazione e realizzazione della gestione del colore, che quest'anno comprende Proctor &amp; Gamble, L'Or\u00e9al e K\u00e4rcher, oltre agli attuali sviluppi in aree come l'ECG, <a href=\"https:\/\/blog.proofs.de\/it\/lexikon\/softproof\/\" target=\"_self\" title='In contrasto con la classica &quot;prova su carta&quot;, una prova morbida \u00e8 una prova che viene visualizzata su un monitor in modo accurato dal punto di vista cromatico.' class=\"encyclopedia\">A prova di bomba<\/a> e cartaceo <a href=\"https:\/\/blog.proofs.de\/it\/lexikon\/proof\/\" target=\"_self\" title=\"Una prova di stampa (correttamente: prova contrattuale) \u00e8 un dispositivo di prova certificato ISO 12647-7 per l&#039;industria delle arti grafiche. Una prova di stampa simula la colorazione della stampa offset o della stampa rotocalco in modo vincolante dal punto di vista cromatico e legale, entro le strette tolleranze dello standard ISO.\" class=\"encyclopedia\">Prova<\/a> sono presentati e discussi. <\/p>\n\n\n\n<p class=\"wp-block-paragraph\">Il tema della Prova di Decorazione ha ricevuto un'attenzione particolare, mostrando come sia possibile catturare superfici decorative sofisticate, visualizzarle correttamente nella prova di stampa e quindi stamparle correttamente.<\/p>\n\n\n\n<p class=\"wp-block-paragraph translation-block\">Per noi, in quanto membri di <a href=\"https:\/\/blog1.proofen.de\/es\/lexico-2\/fogra\/\" target=\"_self\" class=\"encyclopedia tooltipstered\">Fogra<\/a>, \u00e8 ovviamente interessante vedere come gli sviluppi attuali, come la stampa a sette colori e la prova a sette<a href=\"https:\/\/blog1.proofen.de\/es\/lexico-2\/a-prueba-de-colores\/\" target=\"_self\" class=\"encyclopedia tooltipstered\">colori<\/a>, si sviluppino ad ogni CMS2024. Siamo stati la prima azienda a essere certificata per la prova ECG per <a href=\"https:\/\/blog1.proofen.de\/es\/lexico-2\/cmyk\/\" target=\"_self\" class=\"encyclopedia tooltipstered\">CMYK<\/a>OGV secondo Fogra55 pi\u00f9 di un anno fa, ma solo ora stanno arrivando i primi lavori e stiamo vedendo quali sono le richieste dei nostri clienti in termini di prova CMYKOGV e come possiamo affrontare queste sfide con l'attuale <a href=\"https:\/\/blog1.proofen.de\/es\/lexico-2\/ardiente\/\" target=\"_self\" class=\"enciclopedia tooltipstered\">Fiery<\/a> e <a href=\"https:\/\/blog1.proofen.de\/es\/lexico-2\/gmg\/\" target=\"_self\" class=\"enciclopedia tooltipstered\">GMG<\/a> software di proofing. Naturalmente, \u00e8 sempre emozionante vedere come l'industria del packaging e i grandi fornitori di servizi di stampa stanno affrontando questi problemi. Attualmente sto lavorando molto con nuove tecnologie e software come il <a href=\"https:\/\/softproof.com\" target=\"_blank\" rel=\"noopener\" title=\"\">softproof software Spectraproof<\/a> e sono molto lieto di incontrare nuovamente il capo del produttore <a href=\"https:\/\/blog1.proofen.de\/es\/lexico-2\/lacunasolutions\/\" target=\"_self\" class=\"encyclopedia tooltipstered\">Lacunasolutions<\/a> Alexander Demmler al Simposio Fogra di Monaco. \u00c8 sempre pi\u00f9 bello sul posto che online, e brindare insieme alla \"Serata bavarese\" \u00e8 semplicemente pi\u00f9 bello che brindare virtualmente con una tazza di caff\u00e8 in Zoom o Signal. Tra l'altro, l'oratore principale di questa sera \u00e8 Hanno Hoffstadt di GMG, che parler\u00e0 della fluorescenza nella nostra vita... vediamo se riesce a spostare i colori del mio ufficio quotidiano un po' verso il blu <a href=\"https:\/\/blog1.proofen.de\/es\/lexico-2\/oba\/\" target=\"_self\" class=\"enciclopedia tooltipstered\">OBA<\/a>.<\/p>\n\n\n\n<p class=\"wp-block-paragraph\">Non vedo l'ora che arrivi il CMS2024 a Monaco, preparo le valigie, carico il mio portatile e cerco un nuovo blocco note per le mie nuove intuizioni da un lato e le mie nuove idee di test dall'altro.<\/p>","protected":false},"excerpt":{"rendered":"<p>Da mercoled\u00ec 21.2.2024, il simposio di due giorni sulla gestione del colore di Fogra si terr\u00e0 nuovamente a Monaco. Da un lato, gli esperti di gestione del colore dell'industria di produzione e delle PMI riferiranno sul loro stato di implementazione e realizzazione della gestione del colore, tra cui Proctor &amp; Gamble, L'Or\u00e9al e K\u00e4rcher quest'anno, ma saranno presentati e discussi anche gli sviluppi attuali in aree come l'ECG, la prova morbida e la prova cartacea. Il tema del Decoration Proofing ha ricevuto un'attenzione particolare, mostrando come sia possibile catturare superfici decorative sofisticate, visualizzarle correttamente nella soft proof e quindi stamparle correttamente. Per noi, in quanto membri di Fogra... <\/p>\n<p class=\"read-more-container\"><a title=\"Il Simposio Fogra sulla gestione del colore 2024 inizia a Monaco di Baviera\" class=\"read-more button\" href=\"https:\/\/blog.proofs.de\/it\/das-fogra-colormanagement-symposium-2024-in-muenchen-startet\/#more-5604\" aria-label=\"Per saperne di pi\u00f9 su Il Simposio Fogra Colormanagement 2024 a Monaco di Baviera inizia\">Leggi di pi\u00f9<\/a><\/p>","protected":false},"author":2,"featured_media":5605,"comment_status":"open","ping_status":"open","sticky":false,"template":"","format":"standard","meta":{"om_disable_all_campaigns":false,"inline_featured_image":false,"_monsterinsights_skip_tracking":false,"footnotes":""},"categories":[1],"tags":[1374,1371,1376,522,1210,561,1373,1375,568,543,1372],"class_list":["post-5604","post","type-post","status-publish","format-standard","has-post-thumbnail","hentry","category-allgemein","tag-alexander-demmler","tag-cms2024","tag-fluoreszenz","tag-fogra","tag-fogra-mitglied","tag-gmg","tag-hanno-hoffstadt","tag-lacunasolutions","tag-oba","tag-softproof","tag-spectraproof","generate-columns","tablet-grid-50","mobile-grid-100","grid-parent","grid-50","no-featured-image-padding","resize-featured-image"],"aioseo_notices":[],"aioseo_head":"\n\t\t<!-- All in One SEO 5.0.1.1 - aioseo.com -->\n\t<meta name=\"description\" content=\"Ab Mittwoch, dem 21.2.2024 findet wieder das zweit\u00e4tige Farbmanagement-Symposium der Fogra in M\u00fcnchen statt.\" \/>\n\t<meta name=\"robots\" content=\"max-image-preview:large\" \/>\n\t<meta name=\"author\" content=\"Matthias Betz\"\/>\n\t<meta name=\"google-site-verification\" content=\"TuXxyRwxcEg2-WfOaQ8vScWQh3-uBAnxXmY7g3GT90A\" \/>\n\t<meta name=\"keywords\" content=\"alexander demmler,cms2024,fluoreszenz,fogra,fogra mitglied,gmg,hanno hoffstadt,lacunasolutions,oba,softproof,spectraproof\" \/>\n\t<link rel=\"canonical\" href=\"https:\/\/blog.proofs.de\/it\/das-fogra-colormanagement-symposium-2024-in-muenchen-startet\/\" \/>\n\t<meta name=\"generator\" content=\"All in One SEO (AIOSEO) 5.0.1.1\" \/>\n\n\t\t<meta name=\"seobility\" content=\"593a8578143db71543f014978c690d47\">\n\t\t<meta property=\"og:locale\" content=\"it_IT\" \/>\n\t\t<meta property=\"og:site_name\" content=\"Proof.de | Alles zu Proof, Farbmanagement, Grafik, Messtechnik &amp; Co.\" \/>\n\t\t<meta property=\"og:type\" content=\"article\" \/>\n\t\t<meta property=\"og:title\" content=\"Das Colormanagement Symposium 2024 startet | proof.de\" \/>\n\t\t<meta property=\"og:description\" content=\"Ab Mittwoch, dem 21.2.2024 findet wieder das zweit\u00e4tige Farbmanagement-Symposium der Fogra in M\u00fcnchen statt.\" \/>\n\t\t<meta property=\"og:url\" content=\"https:\/\/blog.proofs.de\/it\/das-fogra-colormanagement-symposium-2024-in-muenchen-startet\/\" \/>\n\t\t<meta property=\"og:image\" content=\"https:\/\/blog.proofs.de\/wp-content\/uploads\/2024\/02\/Fogra_Colormanagement_Symposium_2024.png\" \/>\n\t\t<meta property=\"og:image:secure_url\" content=\"https:\/\/blog.proofs.de\/wp-content\/uploads\/2024\/02\/Fogra_Colormanagement_Symposium_2024.png\" \/>\n\t\t<meta property=\"og:image:width\" content=\"1678\" \/>\n\t\t<meta property=\"og:image:height\" content=\"1912\" \/>\n\t\t<meta property=\"article:published_time\" content=\"2024-02-19T00:13:56+00:00\" \/>\n\t\t<meta property=\"article:modified_time\" content=\"2024-02-19T00:13:59+00:00\" \/>\n\t\t<meta property=\"article:publisher\" content=\"https:\/\/www.facebook.com\/Proof.de\/\" \/>\n\t\t<meta name=\"twitter:card\" content=\"summary\" \/>\n\t\t<meta name=\"twitter:title\" content=\"Das Colormanagement Symposium 2024 startet | proof.de\" \/>\n\t\t<meta name=\"twitter:description\" content=\"Ab Mittwoch, dem 21.2.2024 findet wieder das zweit\u00e4tige Farbmanagement-Symposium der Fogra in M\u00fcnchen statt.\" \/>\n\t\t<meta name=\"twitter:image\" content=\"https:\/\/blog.proofs.de\/wp-content\/uploads\/2024\/02\/Fogra_Colormanagement_Symposium_2024.png\" \/>\n\t\t<script type=\"application\/ld+json\" class=\"aioseo-schema\">\n\t\t\t{\"@context\":\"https:\\\/\\\/schema.org\",\"@graph\":[{\"@type\":\"Article\",\"@id\":\"https:\\\/\\\/blog.proofs.de\\\/it\\\/das-fogra-colormanagement-symposium-2024-in-muenchen-startet\\\/#article\",\"name\":\"Das Colormanagement Symposium 2024 startet | proof.de\",\"headline\":\"Das Fogra Colormanagement Symposium 2024 in M\\u00fcnchen startet\",\"author\":{\"@id\":\"https:\\\/\\\/blog.proofs.de\\\/it\\\/author\\\/mbetz\\\/#author\"},\"publisher\":{\"@id\":\"https:\\\/\\\/blog.proofs.de\\\/it\\\/#organization\"},\"image\":{\"@type\":\"ImageObject\",\"url\":\"https:\\\/\\\/blog.proofs.de\\\/wp-content\\\/uploads\\\/2024\\\/02\\\/Fogra_Colormanagement_Symposium_2024.png\",\"width\":1678,\"height\":1912,\"caption\":\"Logo des Fogra Colour Management Symposium 2024 M\\u00fcnchen\"},\"datePublished\":\"2024-02-19T01:13:56+01:00\",\"dateModified\":\"2024-02-19T01:13:59+01:00\",\"inLanguage\":\"it-IT\",\"mainEntityOfPage\":{\"@id\":\"https:\\\/\\\/blog.proofs.de\\\/it\\\/das-fogra-colormanagement-symposium-2024-in-muenchen-startet\\\/#webpage\"},\"isPartOf\":{\"@id\":\"https:\\\/\\\/blog.proofs.de\\\/it\\\/das-fogra-colormanagement-symposium-2024-in-muenchen-startet\\\/#webpage\"},\"articleSection\":\"Allgemein, Alexander Demmler, CMS2024, Fluoreszenz, Fogra, Fogra Mitglied, GMG, Hanno Hoffstadt, Lacunasolutions, OBA, Softproof, Spectraproof\"},{\"@type\":\"BreadcrumbList\",\"@id\":\"https:\\\/\\\/blog.proofs.de\\\/it\\\/das-fogra-colormanagement-symposium-2024-in-muenchen-startet\\\/#breadcrumblist\",\"itemListElement\":[{\"@type\":\"ListItem\",\"@id\":\"https:\\\/\\\/blog.proofs.de\\\/it#listItem\",\"position\":1,\"name\":\"Home\",\"item\":\"https:\\\/\\\/blog.proofs.de\\\/it\",\"nextItem\":{\"@type\":\"ListItem\",\"@id\":\"https:\\\/\\\/blog.proofs.de\\\/it\\\/thema\\\/allgemein\\\/#listItem\",\"name\":\"Allgemein\"}},{\"@type\":\"ListItem\",\"@id\":\"https:\\\/\\\/blog.proofs.de\\\/it\\\/thema\\\/allgemein\\\/#listItem\",\"position\":2,\"name\":\"Allgemein\",\"item\":\"https:\\\/\\\/blog.proofs.de\\\/it\\\/thema\\\/allgemein\\\/\",\"nextItem\":{\"@type\":\"ListItem\",\"@id\":\"https:\\\/\\\/blog.proofs.de\\\/it\\\/das-fogra-colormanagement-symposium-2024-in-muenchen-startet\\\/#listItem\",\"name\":\"Das Fogra Colormanagement Symposium 2024 in M\\u00fcnchen startet\"},\"previousItem\":{\"@type\":\"ListItem\",\"@id\":\"https:\\\/\\\/blog.proofs.de\\\/it#listItem\",\"name\":\"Home\"}},{\"@type\":\"ListItem\",\"@id\":\"https:\\\/\\\/blog.proofs.de\\\/it\\\/das-fogra-colormanagement-symposium-2024-in-muenchen-startet\\\/#listItem\",\"position\":3,\"name\":\"Das Fogra Colormanagement Symposium 2024 in M\\u00fcnchen startet\",\"previousItem\":{\"@type\":\"ListItem\",\"@id\":\"https:\\\/\\\/blog.proofs.de\\\/it\\\/thema\\\/allgemein\\\/#listItem\",\"name\":\"Allgemein\"}}]},{\"@type\":\"Organization\",\"@id\":\"https:\\\/\\\/blog.proofs.de\\\/it\\\/#organization\",\"name\":\"Proof GmbH\",\"description\":\"Farbverbindlicher Proof, Farbproof, Digitalproof und Online-Proof.\",\"url\":\"https:\\\/\\\/blog.proofs.de\\\/it\\\/\",\"telephone\":\"+4970717952740\",\"logo\":{\"@type\":\"ImageObject\",\"url\":\"https:\\\/\\\/blog1.proofen.de\\\/wp-content\\\/uploads\\\/2019\\\/09\\\/logo_proof_rgb_mit_balken_250px.png\",\"@id\":\"https:\\\/\\\/blog.proofs.de\\\/it\\\/das-fogra-colormanagement-symposium-2024-in-muenchen-startet\\\/#organizationLogo\"},\"image\":{\"@id\":\"https:\\\/\\\/blog.proofs.de\\\/it\\\/das-fogra-colormanagement-symposium-2024-in-muenchen-startet\\\/#organizationLogo\"},\"sameAs\":[\"https:\\\/\\\/www.facebook.com\\\/Proof.de\\\/\",\"https:\\\/\\\/www.instagram.com\\\/proof.de\\\/\",\"https:\\\/\\\/www.tiktok.com\\\/@proof_de\",\"https:\\\/\\\/www.youtube.com\\\/channel\\\/UCk80fQVQ25wC9wu3SywB-Nw\",\"https:\\\/\\\/www.linkedin.com\\\/company\\\/proof-de\"]},{\"@type\":\"Person\",\"@id\":\"https:\\\/\\\/blog.proofs.de\\\/it\\\/author\\\/mbetz\\\/#author\",\"url\":\"https:\\\/\\\/blog.proofs.de\\\/it\\\/author\\\/mbetz\\\/\",\"name\":\"Matthias Betz\",\"image\":{\"@type\":\"ImageObject\",\"@id\":\"https:\\\/\\\/blog.proofs.de\\\/it\\\/das-fogra-colormanagement-symposium-2024-in-muenchen-startet\\\/#authorImage\",\"url\":\"https:\\\/\\\/blog.proofs.de\\\/wp-content\\\/uploads\\\/2020\\\/10\\\/matthias-betz-e1603934518350-150x150.png\",\"width\":96,\"height\":96,\"caption\":\"Matthias Betz\"}},{\"@type\":\"WebPage\",\"@id\":\"https:\\\/\\\/blog.proofs.de\\\/it\\\/das-fogra-colormanagement-symposium-2024-in-muenchen-startet\\\/#webpage\",\"url\":\"https:\\\/\\\/blog.proofs.de\\\/it\\\/das-fogra-colormanagement-symposium-2024-in-muenchen-startet\\\/\",\"name\":\"Das Colormanagement Symposium 2024 startet | proof.de\",\"description\":\"Ab Mittwoch, dem 21.2.2024 findet wieder das zweit\\u00e4tige Farbmanagement-Symposium der Fogra in M\\u00fcnchen statt.\",\"inLanguage\":\"it-IT\",\"isPartOf\":{\"@id\":\"https:\\\/\\\/blog.proofs.de\\\/it\\\/#website\"},\"breadcrumb\":{\"@id\":\"https:\\\/\\\/blog.proofs.de\\\/it\\\/das-fogra-colormanagement-symposium-2024-in-muenchen-startet\\\/#breadcrumblist\"},\"author\":{\"@id\":\"https:\\\/\\\/blog.proofs.de\\\/it\\\/author\\\/mbetz\\\/#author\"},\"creator\":{\"@id\":\"https:\\\/\\\/blog.proofs.de\\\/it\\\/author\\\/mbetz\\\/#author\"},\"image\":{\"@type\":\"ImageObject\",\"url\":\"https:\\\/\\\/blog.proofs.de\\\/wp-content\\\/uploads\\\/2024\\\/02\\\/Fogra_Colormanagement_Symposium_2024.png\",\"@id\":\"https:\\\/\\\/blog.proofs.de\\\/it\\\/das-fogra-colormanagement-symposium-2024-in-muenchen-startet\\\/#mainImage\",\"width\":1678,\"height\":1912,\"caption\":\"Logo des Fogra Colour Management Symposium 2024 M\\u00fcnchen\"},\"primaryImageOfPage\":{\"@id\":\"https:\\\/\\\/blog.proofs.de\\\/it\\\/das-fogra-colormanagement-symposium-2024-in-muenchen-startet\\\/#mainImage\"},\"datePublished\":\"2024-02-19T01:13:56+01:00\",\"dateModified\":\"2024-02-19T01:13:59+01:00\"},{\"@type\":\"WebSite\",\"@id\":\"https:\\\/\\\/blog.proofs.de\\\/it\\\/#website\",\"url\":\"https:\\\/\\\/blog.proofs.de\\\/it\\\/\",\"name\":\"Proof.de\",\"description\":\"Farbverbindlicher Proof, Farbproof, Digitalproof und Online-Proof.\",\"inLanguage\":\"it-IT\",\"publisher\":{\"@id\":\"https:\\\/\\\/blog.proofs.de\\\/it\\\/#organization\"}}]}\n\t\t<\/script>\n\t\t<!-- All in One SEO -->\n\n","aioseo_head_json":{"title":"Il Simposio sulla gestione del colore 2024 inizia | proof.de","description":"Il simposio di due giorni sulla gestione del colore di Fogra si terr\u00e0 nuovamente a Monaco di Baviera da mercoled\u00ec 21.2.2024.","canonical_url":"https:\/\/blog.proofs.de\/it\/das-fogra-colormanagement-symposium-2024-in-muenchen-startet\/","robots":"max-image-preview:large","keywords":"alexander demmler,cms2024,fluoreszenz,fogra,fogra mitglied,gmg,hanno hoffstadt,lacunasolutions,oba,softproof,spectraproof","webmasterTools":{"google-site-verification":"TuXxyRwxcEg2-WfOaQ8vScWQh3-uBAnxXmY7g3GT90A","miscellaneous":"&lt;meta name=\"seobility\" content=\"593a8578143db71543f014978c690d47\"&gt;"},"schema":{"@context":"https:\/\/schema.org","@graph":[{"@type":"Article","@id":"https:\/\/blog.proofs.de\/it\/das-fogra-colormanagement-symposium-2024-in-muenchen-startet\/#article","name":"Das Colormanagement Symposium 2024 startet | proof.de","headline":"Das Fogra Colormanagement Symposium 2024 in M\u00fcnchen startet","author":{"@id":"https:\/\/blog.proofs.de\/it\/author\/mbetz\/#author"},"publisher":{"@id":"https:\/\/blog.proofs.de\/it\/#organization"},"image":{"@type":"ImageObject","url":"https:\/\/blog.proofs.de\/wp-content\/uploads\/2024\/02\/Fogra_Colormanagement_Symposium_2024.png","width":1678,"height":1912,"caption":"Logo des Fogra Colour Management Symposium 2024 M\u00fcnchen"},"datePublished":"2024-02-19T01:13:56+01:00","dateModified":"2024-02-19T01:13:59+01:00","inLanguage":"it-IT","mainEntityOfPage":{"@id":"https:\/\/blog.proofs.de\/it\/das-fogra-colormanagement-symposium-2024-in-muenchen-startet\/#webpage"},"isPartOf":{"@id":"https:\/\/blog.proofs.de\/it\/das-fogra-colormanagement-symposium-2024-in-muenchen-startet\/#webpage"},"articleSection":"Allgemein, Alexander Demmler, CMS2024, Fluoreszenz, Fogra, Fogra Mitglied, GMG, Hanno Hoffstadt, Lacunasolutions, OBA, Softproof, Spectraproof"},{"@type":"BreadcrumbList","@id":"https:\/\/blog.proofs.de\/it\/das-fogra-colormanagement-symposium-2024-in-muenchen-startet\/#breadcrumblist","itemListElement":[{"@type":"ListItem","@id":"https:\/\/blog.proofs.de\/it#listItem","position":1,"name":"Home","item":"https:\/\/blog.proofs.de\/it","nextItem":{"@type":"ListItem","@id":"https:\/\/blog.proofs.de\/it\/thema\/allgemein\/#listItem","name":"Allgemein"}},{"@type":"ListItem","@id":"https:\/\/blog.proofs.de\/it\/thema\/allgemein\/#listItem","position":2,"name":"Allgemein","item":"https:\/\/blog.proofs.de\/it\/thema\/allgemein\/","nextItem":{"@type":"ListItem","@id":"https:\/\/blog.proofs.de\/it\/das-fogra-colormanagement-symposium-2024-in-muenchen-startet\/#listItem","name":"Das Fogra Colormanagement Symposium 2024 in M\u00fcnchen startet"},"previousItem":{"@type":"ListItem","@id":"https:\/\/blog.proofs.de\/it#listItem","name":"Home"}},{"@type":"ListItem","@id":"https:\/\/blog.proofs.de\/it\/das-fogra-colormanagement-symposium-2024-in-muenchen-startet\/#listItem","position":3,"name":"Das Fogra Colormanagement Symposium 2024 in M\u00fcnchen startet","previousItem":{"@type":"ListItem","@id":"https:\/\/blog.proofs.de\/it\/thema\/allgemein\/#listItem","name":"Allgemein"}}]},{"@type":"Organization","@id":"https:\/\/blog.proofs.de\/it\/#organization","name":"Proof GmbH","description":"Farbverbindlicher Proof, Farbproof, Digitalproof und Online-Proof.","url":"https:\/\/blog.proofs.de\/it\/","telephone":"+4970717952740","logo":{"@type":"ImageObject","url":"https:\/\/blog1.proofen.de\/wp-content\/uploads\/2019\/09\/logo_proof_rgb_mit_balken_250px.png","@id":"https:\/\/blog.proofs.de\/it\/das-fogra-colormanagement-symposium-2024-in-muenchen-startet\/#organizationLogo"},"image":{"@id":"https:\/\/blog.proofs.de\/it\/das-fogra-colormanagement-symposium-2024-in-muenchen-startet\/#organizationLogo"},"sameAs":["https:\/\/www.facebook.com\/Proof.de\/","https:\/\/www.instagram.com\/proof.de\/","https:\/\/www.tiktok.com\/@proof_de","https:\/\/www.youtube.com\/channel\/UCk80fQVQ25wC9wu3SywB-Nw","https:\/\/www.linkedin.com\/company\/proof-de"]},{"@type":"Person","@id":"https:\/\/blog.proofs.de\/it\/author\/mbetz\/#author","url":"https:\/\/blog.proofs.de\/it\/author\/mbetz\/","name":"Matthias Betz","image":{"@type":"ImageObject","@id":"https:\/\/blog.proofs.de\/it\/das-fogra-colormanagement-symposium-2024-in-muenchen-startet\/#authorImage","url":"https:\/\/blog.proofs.de\/wp-content\/uploads\/2020\/10\/matthias-betz-e1603934518350-150x150.png","width":96,"height":96,"caption":"Matthias Betz"}},{"@type":"WebPage","@id":"https:\/\/blog.proofs.de\/it\/das-fogra-colormanagement-symposium-2024-in-muenchen-startet\/#webpage","url":"https:\/\/blog.proofs.de\/it\/das-fogra-colormanagement-symposium-2024-in-muenchen-startet\/","name":"Das Colormanagement Symposium 2024 startet | proof.de","description":"Ab Mittwoch, dem 21.2.2024 findet wieder das zweit\u00e4tige Farbmanagement-Symposium der Fogra in M\u00fcnchen statt.","inLanguage":"it-IT","isPartOf":{"@id":"https:\/\/blog.proofs.de\/it\/#website"},"breadcrumb":{"@id":"https:\/\/blog.proofs.de\/it\/das-fogra-colormanagement-symposium-2024-in-muenchen-startet\/#breadcrumblist"},"author":{"@id":"https:\/\/blog.proofs.de\/it\/author\/mbetz\/#author"},"creator":{"@id":"https:\/\/blog.proofs.de\/it\/author\/mbetz\/#author"},"image":{"@type":"ImageObject","url":"https:\/\/blog.proofs.de\/wp-content\/uploads\/2024\/02\/Fogra_Colormanagement_Symposium_2024.png","@id":"https:\/\/blog.proofs.de\/it\/das-fogra-colormanagement-symposium-2024-in-muenchen-startet\/#mainImage","width":1678,"height":1912,"caption":"Logo des Fogra Colour Management Symposium 2024 M\u00fcnchen"},"primaryImageOfPage":{"@id":"https:\/\/blog.proofs.de\/it\/das-fogra-colormanagement-symposium-2024-in-muenchen-startet\/#mainImage"},"datePublished":"2024-02-19T01:13:56+01:00","dateModified":"2024-02-19T01:13:59+01:00"},{"@type":"WebSite","@id":"https:\/\/blog.proofs.de\/it\/#website","url":"https:\/\/blog.proofs.de\/it\/","name":"Proof.de","description":"Farbverbindlicher Proof, Farbproof, Digitalproof und Online-Proof.","inLanguage":"it-IT","publisher":{"@id":"https:\/\/blog.proofs.de\/it\/#organization"}}]},"og:locale":"it_IT","og:site_name":"Proof.de | Alles zu Proof, Farbmanagement, Grafik, Messtechnik &amp; Co.","og:type":"article","og:title":"Das Colormanagement Symposium 2024 startet | proof.de","og:description":"Ab Mittwoch, dem 21.2.2024 findet wieder das zweit\u00e4tige Farbmanagement-Symposium der Fogra in M\u00fcnchen statt.","og:url":"https:\/\/blog.proofs.de\/it\/das-fogra-colormanagement-symposium-2024-in-muenchen-startet\/","og:image":"https:\/\/blog.proofs.de\/wp-content\/uploads\/2024\/02\/Fogra_Colormanagement_Symposium_2024.png","og:image:secure_url":"https:\/\/blog.proofs.de\/wp-content\/uploads\/2024\/02\/Fogra_Colormanagement_Symposium_2024.png","og:image:width":1678,"og:image:height":1912,"article:published_time":"2024-02-19T00:13:56+00:00","article:modified_time":"2024-02-19T00:13:59+00:00","article:publisher":"https:\/\/www.facebook.com\/Proof.de\/","twitter:card":"summary","twitter:title":"Das Colormanagement Symposium 2024 startet | proof.de","twitter:description":"Ab Mittwoch, dem 21.2.2024 findet wieder das zweit\u00e4tige Farbmanagement-Symposium der Fogra in M\u00fcnchen statt.","twitter:image":"https:\/\/blog.proofs.de\/wp-content\/uploads\/2024\/02\/Fogra_Colormanagement_Symposium_2024.png"},"aioseo_meta_data":{"post_id":"5604","title":"Il Simposio sulla gestione del colore 2024 inizia | proof.de","description":"Il simposio di due giorni sulla gestione del colore di Fogra si terr\u00e0 nuovamente a Monaco di Baviera da mercoled\u00ec 21.2.2024.","keywords":[],"keyphrases":{"focus":{"keyphrase":"","score":0,"analysis":{"keyphraseInTitle":{"score":0,"maxScore":9,"error":1}}},"additional":[]},"primary_term":null,"canonical_url":null,"og_title":null,"og_description":null,"og_object_type":"default","og_image_type":"default","og_image_url":null,"og_image_width":null,"og_image_height":null,"og_image_custom_url":null,"og_image_custom_fields":null,"og_video":"","og_custom_url":null,"og_article_section":null,"og_article_tags":[],"twitter_use_og":true,"twitter_card":"default","twitter_image_type":"default","twitter_image_url":null,"twitter_image_custom_url":null,"twitter_image_custom_fields":null,"twitter_title":null,"twitter_description":null,"schema":{"blockGraphs":[],"customGraphs":[],"default":{"data":{"Article":[],"Course":[],"Dataset":[],"FAQPage":[],"Movie":[],"Person":[],"Product":[],"ProductReview":[],"Car":[],"Recipe":[],"Service":[],"SoftwareApplication":[],"WebPage":[]},"graphName":"Article","isEnabled":true},"graphs":[]},"schema_type":"default","schema_type_options":null,"pillar_content":false,"robots_default":true,"robots_noindex":false,"robots_noarchive":false,"robots_nosnippet":false,"robots_nofollow":false,"robots_noimageindex":false,"robots_noodp":false,"robots_notranslate":false,"robots_max_snippet":"-1","robots_max_videopreview":"-1","robots_max_imagepreview":"large","priority":null,"frequency":"default","local_seo":null,"breadcrumb_settings":null,"limit_modified_date":false,"ai":null,"created":"2024-02-18 23:38:52","updated":"2025-06-04 14:29:05","seo_analyzer_scan_date":null,"focus_keyword":null,"additional_keywords":null,"truseo_locale":null},"_links":{"self":[{"href":"https:\/\/blog.proofs.de\/it\/wp-json\/wp\/v2\/posts\/5604","targetHints":{"allow":["GET"]}}],"collection":[{"href":"https:\/\/blog.proofs.de\/it\/wp-json\/wp\/v2\/posts"}],"about":[{"href":"https:\/\/blog.proofs.de\/it\/wp-json\/wp\/v2\/types\/post"}],"author":[{"embeddable":true,"href":"https:\/\/blog.proofs.de\/it\/wp-json\/wp\/v2\/users\/2"}],"replies":[{"embeddable":true,"href":"https:\/\/blog.proofs.de\/it\/wp-json\/wp\/v2\/comments?post=5604"}],"version-history":[{"count":1,"href":"https:\/\/blog.proofs.de\/it\/wp-json\/wp\/v2\/posts\/5604\/revisions"}],"predecessor-version":[{"id":5606,"href":"https:\/\/blog.proofs.de\/it\/wp-json\/wp\/v2\/posts\/5604\/revisions\/5606"}],"wp:featuredmedia":[{"embeddable":true,"href":"https:\/\/blog.proofs.de\/it\/wp-json\/wp\/v2\/media\/5605"}],"wp:attachment":[{"href":"https:\/\/blog.proofs.de\/it\/wp-json\/wp\/v2\/media?parent=5604"}],"wp:term":[{"taxonomy":"category","embeddable":true,"href":"https:\/\/blog.proofs.de\/it\/wp-json\/wp\/v2\/categories?post=5604"},{"taxonomy":"post_tag","embeddable":true,"href":"https:\/\/blog.proofs.de\/it\/wp-json\/wp\/v2\/tags?post=5604"}],"curies":[{"name":"wp","href":"https:\/\/api.w.org\/{rel}","templated":true}]}}