{"id":2496,"date":"2019-10-11T01:48:02","date_gmt":"2019-10-10T23:48:02","guid":{"rendered":"https:\/\/www.proof.de\/?p=2496"},"modified":"2023-07-20T09:26:34","modified_gmt":"2023-07-20T07:26:34","slug":"schoen-was-the-members-meeting-2019-of-free-colour-e-v-in-switzerland","status":"publish","type":"post","link":"https:\/\/blog.proofs.de\/lt\/schoen-wars-die-mitgliederversammlung-2019-von-freiefarbe-e-v-in-der-schweiz\/","title":{"rendered":"Buvo gra\u017eu: 2019 m. visuotinis \"freieFarbe e.V.\" susirinkimas \u0160veicarijoje"},"content":{"rendered":"<div class=\"kk-star-ratings kksr-auto kksr-align-right kksr-valign-top\" data-payload='{\"align\":\"right\",\"id\":\"2496\",\"slug\":\"default\",\"valign\":\"top\",\"ignore\":\"\",\"reference\":\"auto\",\"class\":\"\",\"count\":\"0\",\"legendonly\":\"\",\"readonly\":\"\",\"score\":\"0\",\"starsonly\":\"\",\"best\":\"5\",\"gap\":\"5\",\"greet\":\"Jetzt bewerten\",\"legend\":\"0\\\/5 - (0 votes)\",\"size\":\"24\",\"title\":\"Sch&ouml;n war\\u0026#039;s: Die Mitgliederversammlung 2019 von freieFarbe e.V. in der Schweiz\",\"width\":\"0\",\"_legend\":\"{score}\\\/{best} - ({count} {votes})\",\"font_factor\":\"1.25\"}'>\n            \n<div class=\"kksr-stars\">\n    \n<div class=\"kksr-stars-inactive\">\n            <div class=\"kksr-star\" data-star=\"1\" style=\"padding-right: 5px\">\n            \n\n<div class=\"kksr-icon\" style=\"width: 24px; height: 24px;\"><\/div>\n        <\/div>\n            <div class=\"kksr-star\" data-star=\"2\" style=\"padding-right: 5px\">\n            \n\n<div class=\"kksr-icon\" style=\"width: 24px; height: 24px;\"><\/div>\n        <\/div>\n            <div class=\"kksr-star\" data-star=\"3\" style=\"padding-right: 5px\">\n            \n\n<div class=\"kksr-icon\" style=\"width: 24px; height: 24px;\"><\/div>\n        <\/div>\n            <div class=\"kksr-star\" data-star=\"4\" style=\"padding-right: 5px\">\n            \n\n<div class=\"kksr-icon\" style=\"width: 24px; height: 24px;\"><\/div>\n        <\/div>\n            <div class=\"kksr-star\" data-star=\"5\" style=\"padding-right: 5px\">\n            \n\n<div class=\"kksr-icon\" style=\"width: 24px; height: 24px;\"><\/div>\n        <\/div>\n    <\/div>\n    \n<div class=\"kksr-stars-active\" style=\"width: 0px;\">\n            <div class=\"kksr-star\" style=\"padding-right: 5px\">\n            \n\n<div class=\"kksr-icon\" style=\"width: 24px; height: 24px;\"><\/div>\n        <\/div>\n            <div class=\"kksr-star\" style=\"padding-right: 5px\">\n            \n\n<div class=\"kksr-icon\" style=\"width: 24px; height: 24px;\"><\/div>\n        <\/div>\n            <div class=\"kksr-star\" style=\"padding-right: 5px\">\n            \n\n<div class=\"kksr-icon\" style=\"width: 24px; height: 24px;\"><\/div>\n        <\/div>\n            <div class=\"kksr-star\" style=\"padding-right: 5px\">\n            \n\n<div class=\"kksr-icon\" style=\"width: 24px; height: 24px;\"><\/div>\n        <\/div>\n            <div class=\"kksr-star\" style=\"padding-right: 5px\">\n            \n\n<div class=\"kksr-icon\" style=\"width: 24px; height: 24px;\"><\/div>\n        <\/div>\n    <\/div>\n<\/div>\n                \n\n<div class=\"kksr-legend\" style=\"font-size: 19.2px;\">\n            <span class=\"kksr-muted\">\u012evertinkite dabar<\/span>\n    <\/div>\n    <\/div>\n\n<p class=\"wp-block-paragraph\">Po to, kai pra\u0117jusiais metais asociacija \"FreieFarbe e.V.\" susirinko \u012f metin\u012f visuotin\u012f susirinkim\u0105 Tiubingene, \u0161iemet susitikome kaimi\u0161koje trobel\u0117je Apencellerio \u017eem\u0117je, kuri\u0105 Peteris J\u00e4geris i\u0161 \"pre2media\" ir Ericas A. Soderis i\u0161 \"pixsource.com\" puikiai parinko, kaip ir saul\u0117t\u0105 or\u0105, kuris mus lyd\u0117jo nuo penktadienio iki sekmadienio.<\/p>\n\n\n<div class=\"wp-block-image\">\n<figure class=\"alignright is-resized\"><a href=\"https:\/\/blog1.proofen.de\/wp-content\/uploads\/2019\/10\/gv02.jpg\" target=\"_blank\" rel=\"noreferrer noopener\"><img loading=\"lazy\" decoding=\"async\" src=\"https:\/\/blog1.proofen.de\/wp-content\/uploads\/2019\/10\/gv02-1024x768.jpg\" alt=\"&quot;freieFarbe e.V.&quot; visuotinis susirinkimas 2019: m\u016bs\u0173 apgyvendinimas \u0160veicarijos kalnuose\" class=\"wp-image-2503\" width=\"512\" height=\"384\" srcset=\"https:\/\/blog.proofs.de\/wp-content\/uploads\/2019\/10\/gv02-1024x768.jpg 1024w, https:\/\/blog.proofs.de\/wp-content\/uploads\/2019\/10\/gv02-300x225.jpg 300w, https:\/\/blog.proofs.de\/wp-content\/uploads\/2019\/10\/gv02-768x576.jpg 768w, https:\/\/blog.proofs.de\/wp-content\/uploads\/2019\/10\/gv02-400x300.jpg 400w\" sizes=\"auto, (max-width: 512px) 100vw, 512px\"><\/a><figcaption class=\"wp-element-caption\">\"freieFarbe e.V.\" visuotinis susirinkimas 2019: m\u016bs\u0173 apgyvendinimas \u0160veicarijos kalnuose<\/figcaption><\/figure>\n<\/div>\n\n\n<p class=\"wp-block-paragraph\">Asociacijos pirmininkas Holgeris Everdingas i\u0161 \"DTP Studio Oldenburg\" ir Janas-Peteris Homannas i\u0161 \"Homann Colormanagement\" Berlyne jau ketvirtadien\u012f atvyko \u012f Tiubingen\u0105, o po pirmosios ilgos deryb\u0173 nakties ir susitikimo <a href=\"https:\/\/blog.proofs.de\/lt\/lexikon\/proof\/\" target=\"_self\" title=\"Bandomasis atspaudas (teisingai: sutartinis atspaudas) - tai ISO 12647-7 sertifikuotas bandomasis \u012ftaisas grafikos pramon\u0117je. Bandomasis atspaudas imituoja ofsetin\u0117s arba giliaspaud\u0117s spaudos spalvingum\u0105 spalvi\u0161kai ir teisi\u0161kai privalomai, laikantis siaur\u0173 ISO standarto leistin\u0173 nuokrypi\u0173.\" class=\"encyclopedia\">\u012erodymas<\/a>.de biure, penktadienio ryt\u0105, apie vidurdien\u012f, visi trys t\u0119s\u0117me kelion\u0119 \u012f \u0160veicarij\u0105. Po bendros vakarien\u0117s su Peteriu J\u00e4geriu ir Eriku A. Soderiu (i\u0161 Tiubingeno atsive\u017e\u0117me i\u0161vakar\u0117se bendrai paruo\u0161t\u0173 \u0161vedi\u0161k\u0173 bulvi\u0173 salot\u0173 ir mano rank\u0173 darbo \"Maultaschen\") prasid\u0117jo planavimo kupinas vakaras ir strateginis seminaras, skirtas kit\u0173 asociacijos met\u0173 u\u017eduotims ir tikslams. Be jokios abejon\u0117s, \u0161is vakaras taip pat buvo kupinas diskusij\u0173, tobul\u0117jimo, juoko ir linksmybi\u0173 iki v\u0117lyvos nakties.<a href=\"https:\/\/blog.proofs.de\/lt\/lexikon\/rgb\/\" target=\"_self\" title=\"RGB rei\u0161kia raudon\u0105, \u017eali\u0105 ir m\u0117lyn\u0105 spalvas. \u017dmogaus spalvinis matymas pagr\u012fstas \u0161iomis spalvomis.\" class=\"encyclopedia\">rgb<\/a>ier ir vynas, k\u016brybi\u0161kai sukurtas patraukli\u0173 raudon\u0173 ir \u0161viesiai gelton\u0173 atspalvi\u0173.<\/p>\n\n\n\n<figure class=\"wp-block-image\"><a href=\"https:\/\/blog1.proofen.de\/wp-content\/uploads\/2019\/10\/gv07.jpg\" target=\"_blank\" rel=\"noreferrer noopener\"><img loading=\"lazy\" decoding=\"async\" width=\"1024\" height=\"768\" src=\"https:\/\/blog1.proofen.de\/wp-content\/uploads\/2019\/10\/gv07-1024x768.jpg\" alt=\"Penktadienio vakaro k\u016brybini\u0173 dirbtuvi\u0173 &quot;FreieFarbe&quot; rezultat\u0173 i\u0161trauka su svoriais (m\u0117lyni lipdukai) ir atsakomyb\u0117mis (pavadinim\u0173 santrumpos)\" class=\"wp-image-2501\" srcset=\"https:\/\/blog.proofs.de\/wp-content\/uploads\/2019\/10\/gv07-1024x768.jpg 1024w, https:\/\/blog.proofs.de\/wp-content\/uploads\/2019\/10\/gv07-300x225.jpg 300w, https:\/\/blog.proofs.de\/wp-content\/uploads\/2019\/10\/gv07-768x576.jpg 768w, https:\/\/blog.proofs.de\/wp-content\/uploads\/2019\/10\/gv07-400x300.jpg 400w\" sizes=\"auto, (max-width: 1024px) 100vw, 1024px\"><\/a><figcaption class=\"wp-element-caption\">Penktadienio vakaro k\u016brybini\u0173 dirbtuvi\u0173 \"FreieFarbe\" rezultat\u0173 i\u0161trauka su svoriais (m\u0117lyni lipdukai) ir atsakomyb\u0117mis (pavadinim\u0173 santrumpos)<\/figcaption><\/figure>\n\n\n\n<p class=\"wp-block-paragraph\">Po pusry\u010di\u0173 \u0161e\u0161tadien\u012f vykome \u012f \"swissQprint\", kur klubo narys Guy Fl\u00fceli mus i\u0161samiai supa\u017eindino su didelio formato skaitmenin\u0117s spaudos naujov\u0117mis, ap\u017ei\u016br\u0117jome gamyb\u0105 ir atlikome spaudos bandymus \"Karibu\" ir kitomis \"SwissQPrint\" spausdinimo ma\u0161inomis.<\/p>\n\n\n\n<figure class=\"wp-block-image\"><a href=\"https:\/\/blog1.proofen.de\/wp-content\/uploads\/2019\/10\/jhv2019-1140x550.jpg\" target=\"_blank\" rel=\"noreferrer noopener\"><img loading=\"lazy\" decoding=\"async\" width=\"1024\" height=\"494\" src=\"https:\/\/blog1.proofen.de\/wp-content\/uploads\/2019\/10\/jhv2019-1140x550-1024x494.jpg\" alt=\"Metinis visuotinis susirinkimas freieFarbe e.V. 2019 \u0160veicarijoje\" class=\"wp-image-2500\" srcset=\"https:\/\/blog.proofs.de\/wp-content\/uploads\/2019\/10\/jhv2019-1140x550-1024x494.jpg 1024w, https:\/\/blog.proofs.de\/wp-content\/uploads\/2019\/10\/jhv2019-1140x550-300x145.jpg 300w, https:\/\/blog.proofs.de\/wp-content\/uploads\/2019\/10\/jhv2019-1140x550-768x371.jpg 768w, https:\/\/blog.proofs.de\/wp-content\/uploads\/2019\/10\/jhv2019-1140x550-500x241.jpg 500w, https:\/\/blog.proofs.de\/wp-content\/uploads\/2019\/10\/jhv2019-1140x550.jpg 1140w\" sizes=\"auto, (max-width: 1024px) 100vw, 1024px\"><\/a><figcaption class=\"wp-element-caption\">I\u0161 kair\u0117s \u012f de\u0161in\u0119: Matteo Baschera, Jan-Peter Homann, Matthias Betz, Holger Everding, Eric A. Soder, Martin Spaar, Peter J\u00e4ger, Michael Jakobi. N\u0117ra: Kai-Uwe Behrmann, Jan Seguda, Guy Fl\u00fceli (nuotr.)<br><\/figcaption><\/figure>\n\n\n\n<figure class=\"wp-block-gallery has-nested-images columns-default is-cropped wp-block-gallery-2 is-layout-flex wp-block-gallery-is-layout-flex\">\n<figure class=\"wp-block-image\"><a href=\"https:\/\/blog1.proofen.de\/wp-content\/uploads\/2019\/10\/gv06.jpg\"><img loading=\"lazy\" decoding=\"async\" width=\"1024\" height=\"768\" data-id=\"2502\" src=\"https:\/\/blog1.proofen.de\/wp-content\/uploads\/2019\/10\/gv06-1024x768.jpg\" alt=\"Visuotinis susirinkimas freieFarbe e.V. 2019 m. swissQprint\" class=\"wp-image-2502\" srcset=\"https:\/\/blog.proofs.de\/wp-content\/uploads\/2019\/10\/gv06-1024x768.jpg 1024w, https:\/\/blog.proofs.de\/wp-content\/uploads\/2019\/10\/gv06-300x225.jpg 300w, https:\/\/blog.proofs.de\/wp-content\/uploads\/2019\/10\/gv06-768x576.jpg 768w, https:\/\/blog.proofs.de\/wp-content\/uploads\/2019\/10\/gv06-400x300.jpg 400w\" sizes=\"auto, (max-width: 1024px) 100vw, 1024px\"><\/a><figcaption class=\"wp-element-caption\">Holger Everding, Guy Fl\u00fceli, Jan-Peter Homann<\/figcaption><\/figure>\n\n\n\n<figure class=\"wp-block-image\"><a href=\"https:\/\/blog1.proofen.de\/wp-content\/uploads\/2019\/10\/gv04.jpg\"><img loading=\"lazy\" decoding=\"async\" width=\"1024\" height=\"768\" data-id=\"2504\" src=\"https:\/\/blog1.proofen.de\/wp-content\/uploads\/2019\/10\/gv04-1024x768.jpg\" alt=\"&quot;swissQprint&quot; salonas\" class=\"wp-image-2504\" srcset=\"https:\/\/blog.proofs.de\/wp-content\/uploads\/2019\/10\/gv04-1024x768.jpg 1024w, https:\/\/blog.proofs.de\/wp-content\/uploads\/2019\/10\/gv04-300x225.jpg 300w, https:\/\/blog.proofs.de\/wp-content\/uploads\/2019\/10\/gv04-768x576.jpg 768w, https:\/\/blog.proofs.de\/wp-content\/uploads\/2019\/10\/gv04-400x300.jpg 400w\" sizes=\"auto, (max-width: 1024px) 100vw, 1024px\"><\/a><figcaption class=\"wp-element-caption\">Parod\u0173 sal\u0117 swissQprint<\/figcaption><\/figure>\n\n\n\n<figure class=\"wp-block-image\"><a href=\"https:\/\/blog1.proofen.de\/wp-content\/uploads\/2019\/10\/gv08.jpg\"><img loading=\"lazy\" decoding=\"async\" width=\"1024\" height=\"768\" data-id=\"2505\" src=\"https:\/\/blog1.proofen.de\/wp-content\/uploads\/2019\/10\/gv08-1024x768.jpg\" alt=\"freieFarbe e.V. at swissQprint\" class=\"wp-image-2505\" srcset=\"https:\/\/blog.proofs.de\/wp-content\/uploads\/2019\/10\/gv08-1024x768.jpg 1024w, https:\/\/blog.proofs.de\/wp-content\/uploads\/2019\/10\/gv08-300x225.jpg 300w, https:\/\/blog.proofs.de\/wp-content\/uploads\/2019\/10\/gv08-768x576.jpg 768w, https:\/\/blog.proofs.de\/wp-content\/uploads\/2019\/10\/gv08-400x300.jpg 400w\" sizes=\"auto, (max-width: 1024px) 100vw, 1024px\"><\/a><figcaption class=\"wp-element-caption\">Michael Jakobi, Matteo Baschera, Martin Spaar, Matthias Betz, Guy Fl\u00fceli, Jan-Peter Homann<\/figcaption><\/figure>\n<\/figure>\n\n\n\n<p class=\"wp-block-paragraph\">\u0160e\u0161tadien\u012f prie m\u016bs\u0173 prisijung\u0117 ir kiti asociacijos nariai: Michael Jakobi i\u0161 \"MatchMyColor\", Martin Spaar i\u0161 \"Schweizer Publisher\", Matteo Baschera i\u0161 \"Gal<a href=\"https:\/\/blog.proofs.de\/lt\/lexikon\/led\/\" target=\"_self\" title='\u0160viesos diodas - tai \u0161viesos diodas, grafikos pramon\u0117je rei\u0161kiantis nauj\u0105j\u0105 &quot;LED&quot; \u0161vies\u0105, kuri pakeit\u0117 senesnius \u0161viesos \u0161altinius, pavyzd\u017eiui, neono vamzd\u017eius ir volframo lempas. Neonin\u0117s lempos daugiausia \u017einomos i\u0161 D50 arba D65 standartin\u0117s \u0161viesos diapazono, o volframo \u0161viesos \u0161altiniai daugiausia buvo naudojami spalv\u0173 matavimo prietaisuose, pavyzd\u017eiui, spektrofotometruose ir kolorimetruose.....' class=\"encyclopedia\">vadovaujama<\/a>ia, Janas Seguda i\u0161 \"ColorGATE\" ir programin\u0117s \u012frangos k\u016br\u0117jas Kai-Uwe Behrmannas i\u0161 Chemnico. Po bendr\u0173 piet\u0173 nari\u0173 susirinkimas prasid\u0117jo \"SwissQPrint\" pos\u0117d\u017ei\u0173 sal\u0117je, kuria maloniai gal\u0117jome naudotis. <a href=\"https:\/\/blog.proofs.de\/lt\/lexikon\/nutzen\/\" target=\"_self\" title=\"Skydeli\u0173 skai\u010dius rodo, kiek puslapi\u0173 galima sutalpinti (taigi ir atspausdinti) ant spausdinto lapo.\" class=\"encyclopedia\">naudoti<\/a> gal\u0117t\u0173.<\/p>\n\n\n\n<p class=\"wp-block-paragraph\">Ap\u017evelgus \u012ftemptus 2018\/19 metus, kai buvo kuriamas <a href=\"https:\/\/blog.proofs.de\/lt\/lexikon\/cielab\/\" target=\"_self\" title=\"CIELAB spalv\u0173 model\u012f 1976 m. apibr\u0117\u017e\u0117 Tarptautin\u0117 ap\u0161vietimo komisija (Commission Internationale de l&#039;Eclairage) ir juo apib\u016bdinamos visos suvokiamos spalvos. Tai yra 1966 m. Hunter-LAB spalv\u0173 skal\u0117s t\u0119sinys ir matematinis spalv\u0173 modelis, kuriame objekto spektrin\u0117s savyb\u0117s ir m\u016bs\u0173 regos sistemos suvokimo savyb\u0117s yra kompensuojamos. CIELAB, sutrumpintai LAB, vis dar pla\u010diai naudojama ir \u0161iandien...\" class=\"encyclopedia\">CIELAB<\/a> <a href=\"https:\/\/blog.proofs.de\/lt\/lexikon\/hlc\/\" target=\"_self\" title=\"HLC yra gerai suprantamas CIELAB spalv\u0173 erdv\u0117s atvaizdavimas. Vertikalioji L a\u0161is \u010dia yra identi\u0161ka. Spalvos vietos horizontali\u0105 pad\u0117t\u012f lemia kampas H su teigiama a a\u0161imi (prie\u0161 laikrod\u017eio rodykl\u0119 ir laipsniais) ir spindulys C - atstumas iki L a\u0161ies.\" class=\"encyclopedia\">HLC<\/a> Farbatlas XL\", \"DIN SPEC 16699 Open Colour Communication\", daugyb\u0117 paskait\u0173 ir apsilankym\u0173 mug\u0117se, ypatingas d\u0117mesys buvo skiriamas galimai ateinan\u010di\u0173 met\u0173 darbo veiklai, u\u017e kuri\u0105 jau dabar galima paskirti atsakomyb\u0119 atskiriems asmenims arba darbo grup\u0117ms.<\/p>\n\n\n\n<p class=\"wp-block-paragraph\">\u0160ioje vietoje nor\u0117\u010diau dar kart\u0105 nuo\u0161ird\u017eiai rekomenduoti <a href=\"https:\/\/www.freiefarbe.de\/mitglied-werden\/\" target=\"_blank\" rel=\"noreferrer noopener\" aria-label=\"Naryst\u0117 ir bendradarbiavimas asociacijoje &quot;freieFarbe e.V.&quot; (atsidaro naujame skirtuke)\">Naryst\u0117 ir bendradarbiavimas asociacijoje \"freieFarbe e.V.<\/a> reklamuoti: Kiekvienas, kuris gali patirti, kaip kolegos i\u0161 visi\u0161kai skirting\u0173 sektori\u0173 ir disciplin\u0173 gali papildyti ir \u012fkv\u0117pti vienas kit\u0105 laisvosios spalvos tema, kaip bendrame dialoge gimsta id\u0117jos ir formuojasi koncepcijos, \u017eino, kad freieFarbe impulsai, id\u0117jos ir kontaktai rei\u0161kia ne tik savanori\u0161k\u0105 darb\u0105 d\u0117l gero tikslo ir geros id\u0117jos, bet ir \u017einias, akirat\u012f, bendradarbiavim\u0105, praturt\u0117jim\u0105. Dalyvaukite, remkite, dalyvaukite, naudokit\u0117s bendromis \u017einiomis ir id\u0117jomis. Asociacija d\u017eiaugiasi bet kokia parama.<\/p>\n\n\n\n<p class=\"wp-block-paragraph\">Po asociacijos susirinkimo kartu su Martinu Spaaru ir Kai-Uwe Behrmannu i\u0161 Reino sl\u0117nio gr\u012f\u017eome \u012f kalnus, kur po trumpo vakarinio \u017eygio vakarienei m\u0117gavom\u0117s puikiu Erico Soderio ir Peterio J\u00e4gerio paruo\u0161tu porcini rizotu su salotomis. Peteris prie\u0161 pat kelion\u0119 kalnuose pats surinko ir i\u0161d\u017eiovino pievagrybius - nepamir\u0161tama skonio patirtis!<\/p>\n\n\n<div class=\"wp-block-image\">\n<figure class=\"alignright is-resized\"><a href=\"https:\/\/blog1.proofen.de\/wp-content\/uploads\/2019\/10\/gv03.jpg\" target=\"_blank\" rel=\"noreferrer noopener\"><img loading=\"lazy\" decoding=\"async\" src=\"https:\/\/blog1.proofen.de\/wp-content\/uploads\/2019\/10\/gv03-1024x768.jpg\" alt=\"Gyvos diskusijos \u0161e\u0161tadienio vakar\u0105 kaln\u0173 namelyje per metin\u012f &quot;FreieFarbe e.V.&quot; susitikim\u0105.\" class=\"wp-image-2506\" width=\"512\" height=\"384\" srcset=\"https:\/\/blog.proofs.de\/wp-content\/uploads\/2019\/10\/gv03-1024x768.jpg 1024w, https:\/\/blog.proofs.de\/wp-content\/uploads\/2019\/10\/gv03-300x225.jpg 300w, https:\/\/blog.proofs.de\/wp-content\/uploads\/2019\/10\/gv03-768x576.jpg 768w, https:\/\/blog.proofs.de\/wp-content\/uploads\/2019\/10\/gv03-400x300.jpg 400w\" sizes=\"auto, (max-width: 512px) 100vw, 512px\"><\/a><figcaption class=\"wp-element-caption\">Gyvos diskusijos \u0161e\u0161tadienio vakar\u0105 kaln\u0173 namelyje per metin\u012f \"FreieFarbe e.V.\" susitikim\u0105.<\/figcaption><\/figure>\n<\/div>\n\n\n<p class=\"wp-block-paragraph\">Po dar vienos id\u0117j\u0173 kupinos nakties tarp \"Flens\", vyno, \"Opensource\", <a href=\"https:\/\/blog.proofs.de\/lt\/lexikon\/kugelkopfmessgeraet\/\" target=\"_self\" title=\"Sferin\u0117s galvut\u0117s spektrofotometrai, tokie kaip &quot;KonicaMinolta CM-26d&quot;, yra spalv\u0173 matavimo prietais\u0173 klas\u0117, galinti matuoti naudojant d:8\u00b0 sferin\u0117s galvut\u0117s geometrij\u0105 matavimo re\u017eimu SCI - &quot;Specular Component Included&quot; ir SCE - &quot;Specular Component Excluded&quot;.\" class=\"encyclopedia\">Matuoklis su sferine galvute<\/a>lt, spalv\u0173 rink\u0117jai, <a href=\"https:\/\/blog.proofs.de\/lt\/lexikon\/cxf\/\" target=\"_self\" title='CxF rei\u0161kia &quot;Color Exchange Format&quot; (spalv\u0173 main\u0173 formatas) - atviras XML formatas, skirtas keistis spalv\u0173 informacija.' class=\"encyclopedia\">CxF<\/a> ir dar daugiau, nu\u0117jome miegoti. Kit\u0105 ryt\u0105, po so\u010di\u0173 pusry\u010di\u0173 ir nam\u0173 tvarkymo, i\u0161siruo\u0161\u0117me \u012f trump\u0105 kelion\u0119 po kalnus. Kol Matthias Betzas fotografavo gigapikseli\u0173 panoram\u0105 vienoje kaln\u0173 balno pus\u0117je su vaizdu \u012f S\u00e4ntis, likusi grup\u0117s dalis \u012fveik\u0117 dar kelis auk\u0161\u010dio metrus kitoje pus\u0117je, kol v\u0117l susib\u016br\u0117me spontani\u0161kam trumpam vaizdo klipo filmavimui. \"A\u0161 esu su freieFarbe...\" - toki\u0105 tem\u0105 buvome sau i\u0161sik\u0117l\u0119. Reikia pripa\u017einti: Garso kokyb\u0117 gal\u0117jo b\u016bti geresn\u0117, vaizdo kokyb\u0117 - taip pat, ta\u010diau teiginiai nebuvo tokie: \u010dia mes labai gerai pataik\u0117me \u012f de\u0161imtuk\u0105: \"FreieFarbe\" yra svarbi d\u0117l pa\u010di\u0173 \u012fvairiausi\u0173 prie\u017eas\u010di\u0173. O be viso darbo, freieFarbe yra ir visai paprasta: \"Tiesiog \u0161aunu\", - sako Kai-Uwe Behrmannas.<\/p>\n\n\n\n<p class=\"wp-block-paragraph\">Apie vidurdien\u012f prad\u0117jome gr\u012f\u017eim\u0105 i\u0161 kaln\u0173: 3x \u012f netolim\u0105 \u0160veicarij\u0105, 1x i\u0161 Ciuricho l\u0117ktuvu \u012f Berlyn\u0105 ir automobiliu \u012f Tiubingen\u0105, i\u0161 kur Holgeris Everdingas ir Kai-Uwe Behrmannas traukiniu ir automobiliu t\u0119s\u0117 kelion\u0119 \u012f Oldenburg\u0105 ir Chemnic\u0105...<\/p>","protected":false},"excerpt":{"rendered":"<p>Po to, kai pra\u0117jusiais metais asociacija \"FreieFarbe e.V.\" \u012f metin\u012f visuotin\u012f susirinkim\u0105 susirinko Tiubingene, \u0161iemet susirinkome kaimi\u0161koje trobel\u0117je Apencellerio \u017eem\u0117je, kuri\u0105 Peteris J\u00e4geris i\u0161 \"pre2media\" ir Ericas A. Soderis i\u0161 \"pixsource.com\" pasirinko puikiai, kaip ir saul\u0117t\u0105 or\u0105, kuris mus lyd\u0117jo nuo penktadienio iki sekmadienio. Asociacijos pirmininkas Holgeris Everdingas i\u0161 \"DTP Studio Oldenburg\" ir Janas-Peteris Homannas i\u0161 \"Homann Colormanagement\" Berlyne \u012f Tiubingen\u0105 atvyko ketvirtadien\u012f, o po pirmosios ilgos nakties, kupinos diskusij\u0173, t\u0119s\u0117me ... <\/p>\n<p class=\"read-more-container\"><a title=\"Buvo gra\u017eu: 2019 m. visuotinis &quot;freieFarbe e.V.&quot; susirinkimas \u0160veicarijoje\" class=\"read-more button\" href=\"https:\/\/blog.proofs.de\/lt\/schoen-wars-die-mitgliederversammlung-2019-von-freiefarbe-e-v-in-der-schweiz\/#more-2496\" aria-label=\"Skaityti daugiau apie Buvo puiku: 2019 m. &quot;freieFarbe e.V.&quot; visuotinis susirinkimas \u0160veicarijoje\">Skaityti daugiau<\/a><\/p>","protected":false},"author":2,"featured_media":2500,"comment_status":"open","ping_status":"open","sticky":false,"template":"","format":"standard","meta":{"om_disable_all_campaigns":false,"inline_featured_image":false,"_monsterinsights_skip_tracking":false,"footnotes":""},"categories":[1,435,120],"tags":[901,679,905,908,903,906,910,907,732,909,803,904,539,902],"class_list":["post-2496","post","type-post","status-publish","format-standard","has-post-thumbnail","hentry","category-allgemein","category-farbraeume-und-farbprofile","category-kategorie-proof-gmbh","tag-freie-farbe","tag-freiefarbe","tag-holger-everding","tag-jan-seguda","tag-jan-peter-homann","tag-kai-uwe-behrmann","tag-martin-spaar","tag-matteo-baschera","tag-matthias-betz","tag-michael-jakobi","tag-mitgliederversammlung","tag-peter-jaeger","tag-proof-gmbh","tag-schweiz","generate-columns","tablet-grid-50","mobile-grid-100","grid-parent","grid-50","no-featured-image-padding","resize-featured-image"],"aioseo_notices":[],"aioseo_head":"\n\t\t<!-- All in One SEO 5.0.1.1 - aioseo.com -->\n\t<meta name=\"description\" content=\"Nachdem sich freieFarbe im letzten Jahr in T\u00fcbingen bei bei proof.de zur Mitgliederversammlung getroffen hatte, waren wir 2019 in St. Gallen zusammen\" \/>\n\t<meta name=\"robots\" content=\"max-image-preview:large\" \/>\n\t<meta name=\"author\" content=\"Matthias Betz\"\/>\n\t<meta name=\"google-site-verification\" content=\"TuXxyRwxcEg2-WfOaQ8vScWQh3-uBAnxXmY7g3GT90A\" \/>\n\t<meta name=\"keywords\" content=\"freie farbe,freiefarbe,proof gmbh,mitgliederversammlung,schweiz,peter j\u00e4ger,jan-peter homann,holger everding,matthias betz,kai-uwe behrmann,matteo baschera,martin spaar,jan seguda,michael jakobi,guy fl\u00fceli,freie farbe,freiefarbe,holger everding,jan seguda,jan-peter homann,kai-uwe behrmann,martin spaar,matteo baschera,matthias betz,michael jakobi,mitgliederversammlung,peter j\u00e4ger,proof gmbh,schweiz\" \/>\n\t<link rel=\"canonical\" href=\"https:\/\/blog.proofs.de\/lt\/schoen-wars-die-mitgliederversammlung-2019-von-freiefarbe-e-v-in-der-schweiz\/\" \/>\n\t<meta name=\"generator\" content=\"All in One SEO (AIOSEO) 5.0.1.1\" \/>\n\n\t\t<meta name=\"seobility\" content=\"593a8578143db71543f014978c690d47\">\n\t\t<meta property=\"og:locale\" content=\"lt_LT\" \/>\n\t\t<meta property=\"og:site_name\" content=\"Proof.de | Alles zu Proof, Farbmanagement, Grafik, Messtechnik &amp; Co.\" \/>\n\t\t<meta property=\"og:type\" content=\"article\" \/>\n\t\t<meta property=\"og:title\" content=\"Mitgliederversammlung 2019 freieFarbe e.V. | proof.de\" \/>\n\t\t<meta property=\"og:description\" content=\"Nachdem sich freieFarbe im letzten Jahr in T\u00fcbingen bei bei proof.de zur Mitgliederversammlung getroffen hatte, waren wir 2019 in St. Gallen zusammen\" \/>\n\t\t<meta property=\"og:url\" content=\"https:\/\/blog.proofs.de\/lt\/schoen-wars-die-mitgliederversammlung-2019-von-freiefarbe-e-v-in-der-schweiz\/\" \/>\n\t\t<meta property=\"og:image\" content=\"https:\/\/blog.proofs.de\/wp-content\/uploads\/2019\/10\/jhv2019-1140x550.jpg\" \/>\n\t\t<meta property=\"og:image:secure_url\" content=\"https:\/\/blog.proofs.de\/wp-content\/uploads\/2019\/10\/jhv2019-1140x550.jpg\" \/>\n\t\t<meta property=\"og:image:width\" content=\"1140\" \/>\n\t\t<meta property=\"og:image:height\" content=\"550\" \/>\n\t\t<meta property=\"article:published_time\" content=\"2019-10-10T23:48:02+00:00\" \/>\n\t\t<meta property=\"article:modified_time\" content=\"2023-07-20T07:26:34+00:00\" \/>\n\t\t<meta property=\"article:publisher\" content=\"https:\/\/www.facebook.com\/Proof.de\/\" \/>\n\t\t<meta name=\"twitter:card\" content=\"summary\" \/>\n\t\t<meta name=\"twitter:title\" content=\"Mitgliederversammlung 2019 freieFarbe e.V. | proof.de\" \/>\n\t\t<meta name=\"twitter:description\" content=\"Nachdem sich freieFarbe im letzten Jahr in T\u00fcbingen bei bei proof.de zur Mitgliederversammlung getroffen hatte, waren wir 2019 in St. Gallen zusammen\" \/>\n\t\t<meta name=\"twitter:image\" content=\"https:\/\/blog1.proofen.de\/wp-content\/uploads\/2020\/04\/proof_background.jpg\" \/>\n\t\t<script type=\"application\/ld+json\" class=\"aioseo-schema\">\n\t\t\t{\"@context\":\"https:\\\/\\\/schema.org\",\"@graph\":[{\"@type\":\"Article\",\"@id\":\"https:\\\/\\\/blog.proofs.de\\\/lt\\\/schoen-wars-die-mitgliederversammlung-2019-von-freiefarbe-e-v-in-der-schweiz\\\/#article\",\"name\":\"Mitgliederversammlung 2019 freieFarbe e.V. | proof.de\",\"headline\":\"Sch\\u00f6n war&#8217;s: Die Mitgliederversammlung 2019 von freieFarbe e.V. in der Schweiz\",\"author\":{\"@id\":\"https:\\\/\\\/blog.proofs.de\\\/lt\\\/author\\\/mbetz\\\/#author\"},\"publisher\":{\"@id\":\"https:\\\/\\\/blog.proofs.de\\\/lt\\\/#organization\"},\"image\":{\"@type\":\"ImageObject\",\"url\":\"https:\\\/\\\/blog.proofs.de\\\/wp-content\\\/uploads\\\/2019\\\/10\\\/jhv2019-1140x550.jpg\",\"width\":1140,\"height\":550,\"caption\":\"von links nach rechts: Matteo Baschera, Jan-Peter Homann, Matthias Betz, Holger Everding, Eric A. Soder, Martin Spaar, Peter J\\u00e4ger, Michael Jakobi. Es fehlen: Kai-Uwe Behrmann, Jan Seguda, Guy Fl\\u00fceli (Foto)\"},\"datePublished\":\"2019-10-11T01:48:02+02:00\",\"dateModified\":\"2023-07-20T09:26:34+02:00\",\"inLanguage\":\"lt-LT\",\"mainEntityOfPage\":{\"@id\":\"https:\\\/\\\/blog.proofs.de\\\/lt\\\/schoen-wars-die-mitgliederversammlung-2019-von-freiefarbe-e-v-in-der-schweiz\\\/#webpage\"},\"isPartOf\":{\"@id\":\"https:\\\/\\\/blog.proofs.de\\\/lt\\\/schoen-wars-die-mitgliederversammlung-2019-von-freiefarbe-e-v-in-der-schweiz\\\/#webpage\"},\"articleSection\":\"Allgemein, Farbr\\u00e4ume und Farbprofile, Proof GmbH, freie Farbe, freieFarbe, Holger Everding, Jan Seguda, Jan-Peter Homann, Kai-Uwe Behrmann, Martin Spaar, Matteo Baschera, Matthias Betz, Michael Jakobi, Mitgliederversammlung, Peter J\\u00e4ger, Proof GmbH, Schweiz\"},{\"@type\":\"BreadcrumbList\",\"@id\":\"https:\\\/\\\/blog.proofs.de\\\/lt\\\/schoen-wars-die-mitgliederversammlung-2019-von-freiefarbe-e-v-in-der-schweiz\\\/#breadcrumblist\",\"itemListElement\":[{\"@type\":\"ListItem\",\"@id\":\"https:\\\/\\\/blog.proofs.de\\\/lt#listItem\",\"position\":1,\"name\":\"Home\",\"item\":\"https:\\\/\\\/blog.proofs.de\\\/lt\",\"nextItem\":{\"@type\":\"ListItem\",\"@id\":\"https:\\\/\\\/blog.proofs.de\\\/lt\\\/thema\\\/proof-wissen\\\/#listItem\",\"name\":\"Proof Wissen\"}},{\"@type\":\"ListItem\",\"@id\":\"https:\\\/\\\/blog.proofs.de\\\/lt\\\/thema\\\/proof-wissen\\\/#listItem\",\"position\":2,\"name\":\"Proof Wissen\",\"item\":\"https:\\\/\\\/blog.proofs.de\\\/lt\\\/thema\\\/proof-wissen\\\/\",\"nextItem\":{\"@type\":\"ListItem\",\"@id\":\"https:\\\/\\\/blog.proofs.de\\\/lt\\\/thema\\\/proof-wissen\\\/kategorie-proof-gmbh\\\/#listItem\",\"name\":\"Proof GmbH\"},\"previousItem\":{\"@type\":\"ListItem\",\"@id\":\"https:\\\/\\\/blog.proofs.de\\\/lt#listItem\",\"name\":\"Home\"}},{\"@type\":\"ListItem\",\"@id\":\"https:\\\/\\\/blog.proofs.de\\\/lt\\\/thema\\\/proof-wissen\\\/kategorie-proof-gmbh\\\/#listItem\",\"position\":3,\"name\":\"Proof GmbH\",\"item\":\"https:\\\/\\\/blog.proofs.de\\\/lt\\\/thema\\\/proof-wissen\\\/kategorie-proof-gmbh\\\/\",\"nextItem\":{\"@type\":\"ListItem\",\"@id\":\"https:\\\/\\\/blog.proofs.de\\\/lt\\\/schoen-wars-die-mitgliederversammlung-2019-von-freiefarbe-e-v-in-der-schweiz\\\/#listItem\",\"name\":\"Sch\\u00f6n war&#8217;s: Die Mitgliederversammlung 2019 von freieFarbe e.V. in der Schweiz\"},\"previousItem\":{\"@type\":\"ListItem\",\"@id\":\"https:\\\/\\\/blog.proofs.de\\\/lt\\\/thema\\\/proof-wissen\\\/#listItem\",\"name\":\"Proof Wissen\"}},{\"@type\":\"ListItem\",\"@id\":\"https:\\\/\\\/blog.proofs.de\\\/lt\\\/schoen-wars-die-mitgliederversammlung-2019-von-freiefarbe-e-v-in-der-schweiz\\\/#listItem\",\"position\":4,\"name\":\"Sch\\u00f6n war&#8217;s: Die Mitgliederversammlung 2019 von freieFarbe e.V. in der Schweiz\",\"previousItem\":{\"@type\":\"ListItem\",\"@id\":\"https:\\\/\\\/blog.proofs.de\\\/lt\\\/thema\\\/proof-wissen\\\/kategorie-proof-gmbh\\\/#listItem\",\"name\":\"Proof GmbH\"}}]},{\"@type\":\"Organization\",\"@id\":\"https:\\\/\\\/blog.proofs.de\\\/lt\\\/#organization\",\"name\":\"Proof GmbH\",\"description\":\"Farbverbindlicher Proof, Farbproof, Digitalproof und Online-Proof.\",\"url\":\"https:\\\/\\\/blog.proofs.de\\\/lt\\\/\",\"telephone\":\"+4970717952740\",\"logo\":{\"@type\":\"ImageObject\",\"url\":\"https:\\\/\\\/blog1.proofen.de\\\/wp-content\\\/uploads\\\/2019\\\/09\\\/logo_proof_rgb_mit_balken_250px.png\",\"@id\":\"https:\\\/\\\/blog.proofs.de\\\/lt\\\/schoen-wars-die-mitgliederversammlung-2019-von-freiefarbe-e-v-in-der-schweiz\\\/#organizationLogo\"},\"image\":{\"@id\":\"https:\\\/\\\/blog.proofs.de\\\/lt\\\/schoen-wars-die-mitgliederversammlung-2019-von-freiefarbe-e-v-in-der-schweiz\\\/#organizationLogo\"},\"sameAs\":[\"https:\\\/\\\/www.facebook.com\\\/Proof.de\\\/\",\"https:\\\/\\\/www.instagram.com\\\/proof.de\\\/\",\"https:\\\/\\\/www.tiktok.com\\\/@proof_de\",\"https:\\\/\\\/www.youtube.com\\\/channel\\\/UCk80fQVQ25wC9wu3SywB-Nw\",\"https:\\\/\\\/www.linkedin.com\\\/company\\\/proof-de\"]},{\"@type\":\"Person\",\"@id\":\"https:\\\/\\\/blog.proofs.de\\\/lt\\\/author\\\/mbetz\\\/#author\",\"url\":\"https:\\\/\\\/blog.proofs.de\\\/lt\\\/author\\\/mbetz\\\/\",\"name\":\"Matthias Betz\",\"image\":{\"@type\":\"ImageObject\",\"@id\":\"https:\\\/\\\/blog.proofs.de\\\/lt\\\/schoen-wars-die-mitgliederversammlung-2019-von-freiefarbe-e-v-in-der-schweiz\\\/#authorImage\",\"url\":\"https:\\\/\\\/blog.proofs.de\\\/wp-content\\\/uploads\\\/2020\\\/10\\\/matthias-betz-e1603934518350-150x150.png\",\"width\":96,\"height\":96,\"caption\":\"Matthias Betz\"}},{\"@type\":\"WebPage\",\"@id\":\"https:\\\/\\\/blog.proofs.de\\\/lt\\\/schoen-wars-die-mitgliederversammlung-2019-von-freiefarbe-e-v-in-der-schweiz\\\/#webpage\",\"url\":\"https:\\\/\\\/blog.proofs.de\\\/lt\\\/schoen-wars-die-mitgliederversammlung-2019-von-freiefarbe-e-v-in-der-schweiz\\\/\",\"name\":\"Mitgliederversammlung 2019 freieFarbe e.V. | proof.de\",\"description\":\"Nachdem sich freieFarbe im letzten Jahr in T\\u00fcbingen bei bei proof.de zur Mitgliederversammlung getroffen hatte, waren wir 2019 in St. Gallen zusammen\",\"inLanguage\":\"lt-LT\",\"isPartOf\":{\"@id\":\"https:\\\/\\\/blog.proofs.de\\\/lt\\\/#website\"},\"breadcrumb\":{\"@id\":\"https:\\\/\\\/blog.proofs.de\\\/lt\\\/schoen-wars-die-mitgliederversammlung-2019-von-freiefarbe-e-v-in-der-schweiz\\\/#breadcrumblist\"},\"author\":{\"@id\":\"https:\\\/\\\/blog.proofs.de\\\/lt\\\/author\\\/mbetz\\\/#author\"},\"creator\":{\"@id\":\"https:\\\/\\\/blog.proofs.de\\\/lt\\\/author\\\/mbetz\\\/#author\"},\"image\":{\"@type\":\"ImageObject\",\"url\":\"https:\\\/\\\/blog.proofs.de\\\/wp-content\\\/uploads\\\/2019\\\/10\\\/jhv2019-1140x550.jpg\",\"@id\":\"https:\\\/\\\/blog.proofs.de\\\/lt\\\/schoen-wars-die-mitgliederversammlung-2019-von-freiefarbe-e-v-in-der-schweiz\\\/#mainImage\",\"width\":1140,\"height\":550,\"caption\":\"von links nach rechts: Matteo Baschera, Jan-Peter Homann, Matthias Betz, Holger Everding, Eric A. Soder, Martin Spaar, Peter J\\u00e4ger, Michael Jakobi. Es fehlen: Kai-Uwe Behrmann, Jan Seguda, Guy Fl\\u00fceli (Foto)\"},\"primaryImageOfPage\":{\"@id\":\"https:\\\/\\\/blog.proofs.de\\\/lt\\\/schoen-wars-die-mitgliederversammlung-2019-von-freiefarbe-e-v-in-der-schweiz\\\/#mainImage\"},\"datePublished\":\"2019-10-11T01:48:02+02:00\",\"dateModified\":\"2023-07-20T09:26:34+02:00\"},{\"@type\":\"WebSite\",\"@id\":\"https:\\\/\\\/blog.proofs.de\\\/lt\\\/#website\",\"url\":\"https:\\\/\\\/blog.proofs.de\\\/lt\\\/\",\"name\":\"Proof.de\",\"description\":\"Farbverbindlicher Proof, Farbproof, Digitalproof und Online-Proof.\",\"inLanguage\":\"lt-LT\",\"publisher\":{\"@id\":\"https:\\\/\\\/blog.proofs.de\\\/lt\\\/#organization\"}}]}\n\t\t<\/script>\n\t\t<!-- All in One SEO -->\n\n","aioseo_head_json":{"title":"Visuotinis susirinkimas 2019 freieFarbe e.V. | proof.de","description":"Po to, kai pra\u0117jusiais metais \"FreieFarbe\" susitiko Tiubingene proof.de visuotiniame susirinkime, 2019 m. buvome kartu Sankt Galene.","canonical_url":"https:\/\/blog.proofs.de\/lt\/schoen-wars-die-mitgliederversammlung-2019-von-freiefarbe-e-v-in-der-schweiz\/","robots":"max-image-preview:large","keywords":"freie farbe,freiefarbe,proof gmbh,mitgliederversammlung,schweiz,peter j\u00e4ger,jan-peter homann,holger everding,matthias betz,kai-uwe behrmann,matteo baschera,martin spaar,jan seguda,michael jakobi,guy fl\u00fceli,freie farbe,freiefarbe,holger everding,jan seguda,jan-peter homann,kai-uwe behrmann,martin spaar,matteo baschera,matthias betz,michael jakobi,mitgliederversammlung,peter j\u00e4ger,proof gmbh,schweiz","webmasterTools":{"google-site-verification":"TuXxyRwxcEg2-WfOaQ8vScWQh3-uBAnxXmY7g3GT90A","miscellaneous":"&lt;meta name=\"seobility\" content=\"593a8578143db71543f014978c690d47\"&gt;"},"schema":{"@context":"https:\/\/schema.org","@graph":[{"@type":"Article","@id":"https:\/\/blog.proofs.de\/lt\/schoen-wars-die-mitgliederversammlung-2019-von-freiefarbe-e-v-in-der-schweiz\/#article","name":"Mitgliederversammlung 2019 freieFarbe e.V. | proof.de","headline":"Sch\u00f6n war&#8217;s: Die Mitgliederversammlung 2019 von freieFarbe e.V. in der Schweiz","author":{"@id":"https:\/\/blog.proofs.de\/lt\/author\/mbetz\/#author"},"publisher":{"@id":"https:\/\/blog.proofs.de\/lt\/#organization"},"image":{"@type":"ImageObject","url":"https:\/\/blog.proofs.de\/wp-content\/uploads\/2019\/10\/jhv2019-1140x550.jpg","width":1140,"height":550,"caption":"von links nach rechts: Matteo Baschera, Jan-Peter Homann, Matthias Betz, Holger Everding, Eric A. Soder, Martin Spaar, Peter J\u00e4ger, Michael Jakobi. Es fehlen: Kai-Uwe Behrmann, Jan Seguda, Guy Fl\u00fceli (Foto)"},"datePublished":"2019-10-11T01:48:02+02:00","dateModified":"2023-07-20T09:26:34+02:00","inLanguage":"lt-LT","mainEntityOfPage":{"@id":"https:\/\/blog.proofs.de\/lt\/schoen-wars-die-mitgliederversammlung-2019-von-freiefarbe-e-v-in-der-schweiz\/#webpage"},"isPartOf":{"@id":"https:\/\/blog.proofs.de\/lt\/schoen-wars-die-mitgliederversammlung-2019-von-freiefarbe-e-v-in-der-schweiz\/#webpage"},"articleSection":"Allgemein, Farbr\u00e4ume und Farbprofile, Proof GmbH, freie Farbe, freieFarbe, Holger Everding, Jan Seguda, Jan-Peter Homann, Kai-Uwe Behrmann, Martin Spaar, Matteo Baschera, Matthias Betz, Michael Jakobi, Mitgliederversammlung, Peter J\u00e4ger, Proof GmbH, Schweiz"},{"@type":"BreadcrumbList","@id":"https:\/\/blog.proofs.de\/lt\/schoen-wars-die-mitgliederversammlung-2019-von-freiefarbe-e-v-in-der-schweiz\/#breadcrumblist","itemListElement":[{"@type":"ListItem","@id":"https:\/\/blog.proofs.de\/lt#listItem","position":1,"name":"Home","item":"https:\/\/blog.proofs.de\/lt","nextItem":{"@type":"ListItem","@id":"https:\/\/blog.proofs.de\/lt\/thema\/proof-wissen\/#listItem","name":"Proof Wissen"}},{"@type":"ListItem","@id":"https:\/\/blog.proofs.de\/lt\/thema\/proof-wissen\/#listItem","position":2,"name":"Proof Wissen","item":"https:\/\/blog.proofs.de\/lt\/thema\/proof-wissen\/","nextItem":{"@type":"ListItem","@id":"https:\/\/blog.proofs.de\/lt\/thema\/proof-wissen\/kategorie-proof-gmbh\/#listItem","name":"Proof GmbH"},"previousItem":{"@type":"ListItem","@id":"https:\/\/blog.proofs.de\/lt#listItem","name":"Home"}},{"@type":"ListItem","@id":"https:\/\/blog.proofs.de\/lt\/thema\/proof-wissen\/kategorie-proof-gmbh\/#listItem","position":3,"name":"Proof GmbH","item":"https:\/\/blog.proofs.de\/lt\/thema\/proof-wissen\/kategorie-proof-gmbh\/","nextItem":{"@type":"ListItem","@id":"https:\/\/blog.proofs.de\/lt\/schoen-wars-die-mitgliederversammlung-2019-von-freiefarbe-e-v-in-der-schweiz\/#listItem","name":"Sch\u00f6n war&#8217;s: Die Mitgliederversammlung 2019 von freieFarbe e.V. in der Schweiz"},"previousItem":{"@type":"ListItem","@id":"https:\/\/blog.proofs.de\/lt\/thema\/proof-wissen\/#listItem","name":"Proof Wissen"}},{"@type":"ListItem","@id":"https:\/\/blog.proofs.de\/lt\/schoen-wars-die-mitgliederversammlung-2019-von-freiefarbe-e-v-in-der-schweiz\/#listItem","position":4,"name":"Sch\u00f6n war&#8217;s: Die Mitgliederversammlung 2019 von freieFarbe e.V. in der Schweiz","previousItem":{"@type":"ListItem","@id":"https:\/\/blog.proofs.de\/lt\/thema\/proof-wissen\/kategorie-proof-gmbh\/#listItem","name":"Proof GmbH"}}]},{"@type":"Organization","@id":"https:\/\/blog.proofs.de\/lt\/#organization","name":"Proof GmbH","description":"Farbverbindlicher Proof, Farbproof, Digitalproof und Online-Proof.","url":"https:\/\/blog.proofs.de\/lt\/","telephone":"+4970717952740","logo":{"@type":"ImageObject","url":"https:\/\/blog1.proofen.de\/wp-content\/uploads\/2019\/09\/logo_proof_rgb_mit_balken_250px.png","@id":"https:\/\/blog.proofs.de\/lt\/schoen-wars-die-mitgliederversammlung-2019-von-freiefarbe-e-v-in-der-schweiz\/#organizationLogo"},"image":{"@id":"https:\/\/blog.proofs.de\/lt\/schoen-wars-die-mitgliederversammlung-2019-von-freiefarbe-e-v-in-der-schweiz\/#organizationLogo"},"sameAs":["https:\/\/www.facebook.com\/Proof.de\/","https:\/\/www.instagram.com\/proof.de\/","https:\/\/www.tiktok.com\/@proof_de","https:\/\/www.youtube.com\/channel\/UCk80fQVQ25wC9wu3SywB-Nw","https:\/\/www.linkedin.com\/company\/proof-de"]},{"@type":"Person","@id":"https:\/\/blog.proofs.de\/lt\/author\/mbetz\/#author","url":"https:\/\/blog.proofs.de\/lt\/author\/mbetz\/","name":"Matthias Betz","image":{"@type":"ImageObject","@id":"https:\/\/blog.proofs.de\/lt\/schoen-wars-die-mitgliederversammlung-2019-von-freiefarbe-e-v-in-der-schweiz\/#authorImage","url":"https:\/\/blog.proofs.de\/wp-content\/uploads\/2020\/10\/matthias-betz-e1603934518350-150x150.png","width":96,"height":96,"caption":"Matthias Betz"}},{"@type":"WebPage","@id":"https:\/\/blog.proofs.de\/lt\/schoen-wars-die-mitgliederversammlung-2019-von-freiefarbe-e-v-in-der-schweiz\/#webpage","url":"https:\/\/blog.proofs.de\/lt\/schoen-wars-die-mitgliederversammlung-2019-von-freiefarbe-e-v-in-der-schweiz\/","name":"Mitgliederversammlung 2019 freieFarbe e.V. | proof.de","description":"Nachdem sich freieFarbe im letzten Jahr in T\u00fcbingen bei bei proof.de zur Mitgliederversammlung getroffen hatte, waren wir 2019 in St. Gallen zusammen","inLanguage":"lt-LT","isPartOf":{"@id":"https:\/\/blog.proofs.de\/lt\/#website"},"breadcrumb":{"@id":"https:\/\/blog.proofs.de\/lt\/schoen-wars-die-mitgliederversammlung-2019-von-freiefarbe-e-v-in-der-schweiz\/#breadcrumblist"},"author":{"@id":"https:\/\/blog.proofs.de\/lt\/author\/mbetz\/#author"},"creator":{"@id":"https:\/\/blog.proofs.de\/lt\/author\/mbetz\/#author"},"image":{"@type":"ImageObject","url":"https:\/\/blog.proofs.de\/wp-content\/uploads\/2019\/10\/jhv2019-1140x550.jpg","@id":"https:\/\/blog.proofs.de\/lt\/schoen-wars-die-mitgliederversammlung-2019-von-freiefarbe-e-v-in-der-schweiz\/#mainImage","width":1140,"height":550,"caption":"von links nach rechts: Matteo Baschera, Jan-Peter Homann, Matthias Betz, Holger Everding, Eric A. Soder, Martin Spaar, Peter J\u00e4ger, Michael Jakobi. Es fehlen: Kai-Uwe Behrmann, Jan Seguda, Guy Fl\u00fceli (Foto)"},"primaryImageOfPage":{"@id":"https:\/\/blog.proofs.de\/lt\/schoen-wars-die-mitgliederversammlung-2019-von-freiefarbe-e-v-in-der-schweiz\/#mainImage"},"datePublished":"2019-10-11T01:48:02+02:00","dateModified":"2023-07-20T09:26:34+02:00"},{"@type":"WebSite","@id":"https:\/\/blog.proofs.de\/lt\/#website","url":"https:\/\/blog.proofs.de\/lt\/","name":"Proof.de","description":"Farbverbindlicher Proof, Farbproof, Digitalproof und Online-Proof.","inLanguage":"lt-LT","publisher":{"@id":"https:\/\/blog.proofs.de\/lt\/#organization"}}]},"og:locale":"lt_LT","og:site_name":"Proof.de | Alles zu Proof, Farbmanagement, Grafik, Messtechnik &amp; Co.","og:type":"article","og:title":"Mitgliederversammlung 2019 freieFarbe e.V. | proof.de","og:description":"Nachdem sich freieFarbe im letzten Jahr in T\u00fcbingen bei bei proof.de zur Mitgliederversammlung getroffen hatte, waren wir 2019 in St. Gallen zusammen","og:url":"https:\/\/blog.proofs.de\/lt\/schoen-wars-die-mitgliederversammlung-2019-von-freiefarbe-e-v-in-der-schweiz\/","og:image":"https:\/\/blog.proofs.de\/wp-content\/uploads\/2019\/10\/jhv2019-1140x550.jpg","og:image:secure_url":"https:\/\/blog.proofs.de\/wp-content\/uploads\/2019\/10\/jhv2019-1140x550.jpg","og:image:width":1140,"og:image:height":550,"article:published_time":"2019-10-10T23:48:02+00:00","article:modified_time":"2023-07-20T07:26:34+00:00","article:publisher":"https:\/\/www.facebook.com\/Proof.de\/","twitter:card":"summary","twitter:title":"Mitgliederversammlung 2019 freieFarbe e.V. | proof.de","twitter:description":"Nachdem sich freieFarbe im letzten Jahr in T\u00fcbingen bei bei proof.de zur Mitgliederversammlung getroffen hatte, waren wir 2019 in St. Gallen zusammen","twitter:image":"https:\/\/blog1.proofen.de\/wp-content\/uploads\/2020\/04\/proof_background.jpg"},"aioseo_meta_data":{"post_id":"2496","title":"Mitgliederversammlung 2019 freieFarbe e.V. |\u00a0proof.de","description":"Po to, kai pra\u0117jusiais metais \"FreieFarbe\" susitiko Tiubingene proof.de visuotiniame susirinkime, 2019 m. buvome kartu Sankt Galene.","keywords":[{"label":"freie Farbe,freieFarbe,Proof GmbH,Mitgliederversammlung,Schweiz,Peter J\u00e4ger,Jan-Peter Homann,Holger Everding,Matthias Betz,Kai-Uwe Behrmann,Matteo Baschera,Martin Spaar,Jan Seguda,Michael Jakobi,Guy Fl\u00fceli","value":"freie Farbe,freieFarbe,Proof GmbH,Mitgliederversammlung,Schweiz,Peter J\u00e4ger,Jan-Peter Homann,Holger Everding,Matthias Betz,Kai-Uwe Behrmann,Matteo Baschera,Martin Spaar,Jan Seguda,Michael Jakobi,Guy Fl\u00fceli"}],"keyphrases":{"focus":{"keyphrase":"freieFarbe","score":100,"analysis":{"keyphraseInTitle":{"score":9,"maxScore":9,"error":0},"keyphraseInDescription":{"score":9,"maxScore":9,"error":0},"keyphraseLength":{"score":9,"maxScore":9,"error":0,"length":1},"keyphraseInURL":{"score":5,"maxScore":5,"error":0},"keyphraseInIntroduction":{"score":9,"maxScore":9,"error":0},"keyphraseInSubHeadings":[],"keyphraseInImageAlt":{"score":9,"maxScore":9,"error":0}}},"additional":[]},"primary_term":null,"canonical_url":null,"og_title":null,"og_description":null,"og_object_type":"default","og_image_type":"default","og_image_url":null,"og_image_width":null,"og_image_height":null,"og_image_custom_url":null,"og_image_custom_fields":null,"og_video":"","og_custom_url":null,"og_article_section":null,"og_article_tags":[],"twitter_use_og":false,"twitter_card":"default","twitter_image_type":"default","twitter_image_url":null,"twitter_image_custom_url":null,"twitter_image_custom_fields":null,"twitter_title":null,"twitter_description":null,"schema":{"blockGraphs":[],"customGraphs":[],"default":{"data":{"Article":[],"Course":[],"Dataset":[],"FAQPage":[],"Movie":[],"Person":[],"Product":[],"ProductReview":[],"Car":[],"Recipe":[],"Service":[],"SoftwareApplication":[],"WebPage":[]},"graphName":"Article","isEnabled":true},"graphs":[],"defaultGraph":"","defaultPostTypeGraph":""},"schema_type":null,"schema_type_options":null,"pillar_content":false,"robots_default":true,"robots_noindex":false,"robots_noarchive":false,"robots_nosnippet":false,"robots_nofollow":false,"robots_noimageindex":false,"robots_noodp":false,"robots_notranslate":false,"robots_max_snippet":"-1","robots_max_videopreview":"-1","robots_max_imagepreview":"large","priority":null,"frequency":"default","local_seo":null,"breadcrumb_settings":null,"limit_modified_date":false,"ai":null,"created":"2020-12-21 00:33:58","updated":"2025-06-04 14:25:05","seo_analyzer_scan_date":null,"focus_keyword":"freieFarbe","additional_keywords":null,"truseo_locale":null},"_links":{"self":[{"href":"https:\/\/blog.proofs.de\/lt\/wp-json\/wp\/v2\/posts\/2496","targetHints":{"allow":["GET"]}}],"collection":[{"href":"https:\/\/blog.proofs.de\/lt\/wp-json\/wp\/v2\/posts"}],"about":[{"href":"https:\/\/blog.proofs.de\/lt\/wp-json\/wp\/v2\/types\/post"}],"author":[{"embeddable":true,"href":"https:\/\/blog.proofs.de\/lt\/wp-json\/wp\/v2\/users\/2"}],"replies":[{"embeddable":true,"href":"https:\/\/blog.proofs.de\/lt\/wp-json\/wp\/v2\/comments?post=2496"}],"version-history":[{"count":11,"href":"https:\/\/blog.proofs.de\/lt\/wp-json\/wp\/v2\/posts\/2496\/revisions"}],"predecessor-version":[{"id":5458,"href":"https:\/\/blog.proofs.de\/lt\/wp-json\/wp\/v2\/posts\/2496\/revisions\/5458"}],"wp:featuredmedia":[{"embeddable":true,"href":"https:\/\/blog.proofs.de\/lt\/wp-json\/wp\/v2\/media\/2500"}],"wp:attachment":[{"href":"https:\/\/blog.proofs.de\/lt\/wp-json\/wp\/v2\/media?parent=2496"}],"wp:term":[{"taxonomy":"category","embeddable":true,"href":"https:\/\/blog.proofs.de\/lt\/wp-json\/wp\/v2\/categories?post=2496"},{"taxonomy":"post_tag","embeddable":true,"href":"https:\/\/blog.proofs.de\/lt\/wp-json\/wp\/v2\/tags?post=2496"}],"curies":[{"name":"wp","href":"https:\/\/api.w.org\/{rel}","templated":true}]}}