{"id":2549,"date":"2020-02-17T01:59:27","date_gmt":"2020-02-17T00:59:27","guid":{"rendered":"https:\/\/www.proof.de\/?p=2549"},"modified":"2020-05-08T02:02:04","modified_gmt":"2020-05-08T00:02:04","slug":"retrospektyvinis-fogra-color-management-simpoziumas-2020","status":"publish","type":"post","link":"https:\/\/blog.proofs.de\/lt\/rueckblick-fogra-color-management-symposium-2020\/","title":{"rendered":"Ap\u017evalga: Fogra spalv\u0173 valdymo simpoziumas 2020"},"content":{"rendered":"<div class=\"kk-star-ratings kksr-auto kksr-align-right kksr-valign-top\" data-payload='{\"align\":\"right\",\"id\":\"2549\",\"slug\":\"default\",\"valign\":\"top\",\"ignore\":\"\",\"reference\":\"auto\",\"class\":\"\",\"count\":\"0\",\"legendonly\":\"\",\"readonly\":\"\",\"score\":\"0\",\"starsonly\":\"\",\"best\":\"5\",\"gap\":\"5\",\"greet\":\"Jetzt bewerten\",\"legend\":\"0\\\/5 - (0 votes)\",\"size\":\"24\",\"title\":\"R&uuml;ckblick: Fogra Color Management Symposium 2020\",\"width\":\"0\",\"_legend\":\"{score}\\\/{best} - ({count} {votes})\",\"font_factor\":\"1.25\"}'>\n            \n<div class=\"kksr-stars\">\n    \n<div class=\"kksr-stars-inactive\">\n            <div class=\"kksr-star\" data-star=\"1\" style=\"padding-right: 5px\">\n            \n\n<div class=\"kksr-icon\" style=\"width: 24px; height: 24px;\"><\/div>\n        <\/div>\n            <div class=\"kksr-star\" data-star=\"2\" style=\"padding-right: 5px\">\n            \n\n<div class=\"kksr-icon\" style=\"width: 24px; height: 24px;\"><\/div>\n        <\/div>\n            <div class=\"kksr-star\" data-star=\"3\" style=\"padding-right: 5px\">\n            \n\n<div class=\"kksr-icon\" style=\"width: 24px; height: 24px;\"><\/div>\n        <\/div>\n            <div class=\"kksr-star\" data-star=\"4\" style=\"padding-right: 5px\">\n            \n\n<div class=\"kksr-icon\" style=\"width: 24px; height: 24px;\"><\/div>\n        <\/div>\n            <div class=\"kksr-star\" data-star=\"5\" style=\"padding-right: 5px\">\n            \n\n<div class=\"kksr-icon\" style=\"width: 24px; height: 24px;\"><\/div>\n        <\/div>\n    <\/div>\n    \n<div class=\"kksr-stars-active\" style=\"width: 0px;\">\n            <div class=\"kksr-star\" style=\"padding-right: 5px\">\n            \n\n<div class=\"kksr-icon\" style=\"width: 24px; height: 24px;\"><\/div>\n        <\/div>\n            <div class=\"kksr-star\" style=\"padding-right: 5px\">\n            \n\n<div class=\"kksr-icon\" style=\"width: 24px; height: 24px;\"><\/div>\n        <\/div>\n            <div class=\"kksr-star\" style=\"padding-right: 5px\">\n            \n\n<div class=\"kksr-icon\" style=\"width: 24px; height: 24px;\"><\/div>\n        <\/div>\n            <div class=\"kksr-star\" style=\"padding-right: 5px\">\n            \n\n<div class=\"kksr-icon\" style=\"width: 24px; height: 24px;\"><\/div>\n        <\/div>\n            <div class=\"kksr-star\" style=\"padding-right: 5px\">\n            \n\n<div class=\"kksr-icon\" style=\"width: 24px; height: 24px;\"><\/div>\n        <\/div>\n    <\/div>\n<\/div>\n                \n\n<div class=\"kksr-legend\" style=\"font-size: 19.2px;\">\n            <span class=\"kksr-muted\">\u012evertinkite dabar<\/span>\n    <\/div>\n    <\/div>\n\r\n<p class=\"wp-block-paragraph translation-block\">2020 m. vasario 12-13 d. Miunchene vyko 7-asis <a href=\"https:\/\/blog1.proofen.de\/es\/lexico-2\/fogra\/\" target=\"_self\" class=\"encyclopedia tooltipstered\">Fogra<\/a> spalv\u0173 valdymo simpoziumas, \u012f kur\u012f buvau pakviestas kaip prane\u0161\u0117jas <a href=\"https:\/\/blog1.proofen.de\/es\/lexico-2\/prueba\/\" target=\"_self\" class=\"encyclopedia tooltipstered\">\u012erodym\u0173<\/a> sekcijos 6 sesijoje. Prane\u0161iau apie m\u016bs\u0173 atliktus \"Fogra58-Beta-Textile-<a href=\"https:\/\/blog1.proofen.de\/es\/lexico-2\/rgb\/\" target=\"_self\" class=\"encyclopedia tooltipstered\">RGB<\/a> standarto, skirto skaitmeninei tekstil\u0117s spaudai, korekt\u016bros bandymus.<\/p>\r\n\r\n\r\n\r\n<p class=\"wp-block-paragraph translation-block\">\"Fogra\" spalv\u0173 valdymo simpoziumas yra vienas i\u0161 rengini\u0173 <a href=\"https:\/\/blog1.proofen.de\/es\/lexico-2\/gestion-del-color\/\" target=\"_self\" class=\"encyclopedia tooltipstered\">spalv\u0173 valdymo srityje<\/a> ir suburia mokslininkus bei naudotojus i\u0161 viso pasaulio dviej\u0173 dien\u0173 id\u0117j\u0173 mainams Miunchene. I\u0161 viso 21 prane\u0161\u0117jas ir 7 moderatoriai skait\u0117 prane\u0161imus \u012fvairiaspalv\u0117s spaudos, bandomosios spaudos, spaudos u\u017esakym\u0173, klient\u0173 l\u016bkes\u010di\u0173, 3D spausdinimui skirt\u0173 spalv\u0173 valdymo ir tekstil\u0117s skaitmeninei spaudai skirt\u0173 spalv\u0173 valdymo temomis, t. y. tema, kuri buvo priskirta ir man.<\/p>\r\n\r\n\r\n\r\n<p class=\"wp-block-paragraph translation-block\">Atvykau ten diena anks\u010diau, nes i\u0161vakar\u0117se vyko prane\u0161\u0117j\u0173 vakarien\u0117, be to, tur\u0117jau aptarti m\u016bs\u0173 tekstil\u0117s RGB pavyzd\u017ei\u0173 nustatymus ir pasirinkim\u0105 su Jan-Peter Homann ir Joe Tschudi. Miuncheno vietoje pastat\u0117me standartin\u0119 \u0161viesos kabin\u0105 <a href=\"https:\/\/blog1.proofen.de\/es\/lexico-2\/solo\/\" target=\"_self\" class=\"encyclopedia tooltipstered\">Just<\/a>-<a href=\"https:\/\/blog1.proofen.de\/es\/lexico-2\/luz-normal\/\" target=\"_self\" class=\"encyclopedia tooltipstered\">Normlicht<\/a>, kuri\u0105 mums suteik\u0117 bendrov\u0117 <a href=\"https:\/\/blog1.proofen.de\/es\/lexico-2\/led\/\" target=\"_self\" class=\"encyclopedia tooltipstered\">LED<\/a> spalv\u0173 per\u017ei\u016bros \u0161viesa XL HYBRID 2.0 ir dar kart\u0105 sutar\u0117me, kuriuos pavyzd\u017eius b\u016bt\u0173 geriausia parodyti per spalv\u0173 valdymo simpozium\u0105.<\/p>\r\n\r\n\r\n\r\n<figure class=\"wp-block-image size-large\"><img loading=\"lazy\" decoding=\"async\" width=\"1024\" height=\"768\" class=\"wp-image-2559\" src=\"https:\/\/blog1.proofen.de\/wp-content\/uploads\/2020\/02\/Fogra-Colormanagament-Symposium-2020_proof-de_3-1024x768.jpg\" alt=\"Joe Tschudi ir Janas-Peteris Homannas aptaria, kokius pavyzd\u017eius norime parodyti 2020 m. &quot;Fogra Colormanagement Symposium 2020&quot; simpoziume, kad b\u016bt\u0173 galima palyginti &quot;Fogra58beta-TextileRGB&quot; \u012frodymus.\" srcset=\"https:\/\/blog.proofs.de\/wp-content\/uploads\/2020\/02\/Fogra-Colormanagament-Symposium-2020_proof-de_3-1024x768.jpg 1024w, https:\/\/blog.proofs.de\/wp-content\/uploads\/2020\/02\/Fogra-Colormanagament-Symposium-2020_proof-de_3-300x225.jpg 300w, https:\/\/blog.proofs.de\/wp-content\/uploads\/2020\/02\/Fogra-Colormanagament-Symposium-2020_proof-de_3-768x576.jpg 768w, https:\/\/blog.proofs.de\/wp-content\/uploads\/2020\/02\/Fogra-Colormanagament-Symposium-2020_proof-de_3-1536x1152.jpg 1536w, https:\/\/blog.proofs.de\/wp-content\/uploads\/2020\/02\/Fogra-Colormanagament-Symposium-2020_proof-de_3-2048x1536.jpg 2048w, https:\/\/blog.proofs.de\/wp-content\/uploads\/2020\/02\/Fogra-Colormanagament-Symposium-2020_proof-de_3-400x300.jpg 400w\" sizes=\"auto, (max-width: 1024px) 100vw, 1024px\">\r\n<figcaption>Kartu su Joe Tschudi ir Jan-Peter Homann aptariame, kokius pavyzd\u017eius norime parodyti 2020 m. \"Fogra Colormanagement Symposium 2020\" simpoziume, kad gal\u0117tume palyginti \"Fogra58beta-TextileRGB\" \u012frodymus.<\/figcaption>\r\n<\/figure>\r\n\r\n\r\n\r\n<figure class=\"wp-block-image size-large\"><img loading=\"lazy\" decoding=\"async\" width=\"1024\" height=\"768\" class=\"wp-image-2558\" src=\"https:\/\/blog1.proofen.de\/wp-content\/uploads\/2020\/02\/Fogra-Colormanagament-Symposium-2020_proof-de_4-1024x768.jpg\" alt=\"Pavyzdys, kur\u012f rod\u0117me &quot;Fogra Colormanagement Symposium 2020&quot; simpoziume, skirtas &quot;Fogra58beta-TextileRGB&quot; \u012frodym\u0173 palyginimui. \u017demiau - m\u016bs\u0173 \u012frodymas, vir\u0161 jo - Joe Tschudi sublimacine spauda atspausdintas audinys, abu ap\u0161viesti &quot;Fogra58-beta-TextileRGB&quot; standartin\u0117je D50 \u0161viesoje.\" srcset=\"https:\/\/blog.proofs.de\/wp-content\/uploads\/2020\/02\/Fogra-Colormanagament-Symposium-2020_proof-de_4-1024x768.jpg 1024w, https:\/\/blog.proofs.de\/wp-content\/uploads\/2020\/02\/Fogra-Colormanagament-Symposium-2020_proof-de_4-300x225.jpg 300w, https:\/\/blog.proofs.de\/wp-content\/uploads\/2020\/02\/Fogra-Colormanagament-Symposium-2020_proof-de_4-768x576.jpg 768w, https:\/\/blog.proofs.de\/wp-content\/uploads\/2020\/02\/Fogra-Colormanagament-Symposium-2020_proof-de_4-1536x1152.jpg 1536w, https:\/\/blog.proofs.de\/wp-content\/uploads\/2020\/02\/Fogra-Colormanagament-Symposium-2020_proof-de_4-2048x1536.jpg 2048w, https:\/\/blog.proofs.de\/wp-content\/uploads\/2020\/02\/Fogra-Colormanagament-Symposium-2020_proof-de_4-400x300.jpg 400w\" sizes=\"auto, (max-width: 1024px) 100vw, 1024px\">\r\n<figcaption class=\"translation-block\">Pavyzdys, kur\u012f rod\u0117me 2020 m. \"Fogra Colour Management Symposium 2020\" simpoziume, skirtas \"Fogra58beta-TextileRGB proof\" palyginimui. \u017demiau yra m\u016bs\u0173 bandomasis pavyzdys, vir\u0161uje - Joe Tschudi sublimacin\u0117s spaudos b\u016bdu pagamintas audinys, abu ap\u0161viesti \"Fogra58-beta-TextileRGB\" pagal <a href=\"https:\/\/blog1.proofen.de\/es\/lexico-2\/d50\/\" target=\"_self\" class=\"encyclopedia tooltipstered\">D50<\/a> standartin\u0119 \u0161vies\u0105.<\/figcaption>\r\n<\/figure>\r\n\r\n\r\n\r\n<p class=\"wp-block-paragraph translation-block\">Per prane\u0161\u0117j\u0173 vakarien\u0119 gal\u0117jau pasikalb\u0117ti su J\u00fcrgenu Seitzu i\u0161 <a href=\"https:\/\/blog1.proofen.de\/es\/lexico-2\/gmg\/\" target=\"_self\" class=\"encyclopedia tooltipstered\">GMG<\/a>, mano sesijos moderatoriumi, ir Jeffrey Staufferiu i\u0161 \"oneflexo GmbH\", kad gal\u0117tume organizuoti m\u016bs\u0173 sesij\u0105 antr\u0105j\u0105 dien\u0105. Tre\u010diasis m\u016bs\u0173 sesijos prane\u0161\u0117jas Gerardo Cerros i\u0161 \"CMA Imaging Belgium SPRL\" atvyko tiesiai \u012f savo prane\u0161im\u0105. Taip pat gal\u0117jome i\u0161bandyti savo prezentacijas \"Fogra\" kompiuteriuose ir susipa\u017einti su prezentacij\u0173 sale bei scena. Trys kiekvienos sesijos prane\u0161\u0117jai ir sesijos moderatorius s\u0117d\u0117jo ant scenos. Visi prane\u0161imai, moderavimas, klausimai ir kt. buvo tiesiogiai ver\u010diami i\u0161 angl\u0173 \u012f vokie\u010di\u0173 arba i\u0161 vokie\u010di\u0173 \u012f angl\u0173 kalb\u0105. A\u0161 savo prane\u0161im\u0105 skai\u010diau voki\u0161kai, bet skaidres buvau i\u0161saugoj\u0119s \"denangli\u0161kai\", kad jos b\u016bt\u0173 suprantamos ne tik vokie\u010diams, bet ir visiems kitiems.<\/p>\r\n\r\n\r\n\r\n<figure class=\"wp-block-image size-large\"><img loading=\"lazy\" decoding=\"async\" width=\"1024\" height=\"768\" class=\"wp-image-2560\" src=\"https:\/\/blog1.proofen.de\/wp-content\/uploads\/2020\/02\/Fogra-Colormanagament-Symposium-2020_proof-de_2-1024x768.jpg\" alt=\"Kalb\u0117toj\u0173 ir prane\u0161\u0117j\u0173 apsilankymas scenoje ir scenos technika \" srcset=\"https:\/\/blog.proofs.de\/wp-content\/uploads\/2020\/02\/Fogra-Colormanagament-Symposium-2020_proof-de_2-1024x768.jpg 1024w, https:\/\/blog.proofs.de\/wp-content\/uploads\/2020\/02\/Fogra-Colormanagament-Symposium-2020_proof-de_2-300x225.jpg 300w, https:\/\/blog.proofs.de\/wp-content\/uploads\/2020\/02\/Fogra-Colormanagament-Symposium-2020_proof-de_2-768x576.jpg 768w, https:\/\/blog.proofs.de\/wp-content\/uploads\/2020\/02\/Fogra-Colormanagament-Symposium-2020_proof-de_2-1536x1152.jpg 1536w, https:\/\/blog.proofs.de\/wp-content\/uploads\/2020\/02\/Fogra-Colormanagament-Symposium-2020_proof-de_2-2048x1536.jpg 2048w, https:\/\/blog.proofs.de\/wp-content\/uploads\/2020\/02\/Fogra-Colormanagament-Symposium-2020_proof-de_2-400x300.jpg 400w\" sizes=\"auto, (max-width: 1024px) 100vw, 1024px\">\r\n<figcaption>Kalb\u0117tojai ir prane\u0161\u0117jai ap\u017ei\u016bri scen\u0105 ir scenos \u012frang\u0105. Pilka d\u0117\u017e\u0117 gale kair\u0117je - vert\u0117jo kabina, kurioje buvo \u012fsik\u016br\u0119 du sinchroninio vertimo vert\u0117jai.<\/figcaption>\r\n<\/figure>\r\n\r\n\r\n\r\n<p class=\"wp-block-paragraph translation-block\">Vis\u0105 simpoziumo program\u0105 galima rasti <a href=\"https:\/\/fogra.org\/\" target=\"_blank\" rel=\"noopener\">Fogra<\/a> svetain\u0117je. Septyni\u0173 sesij\u0173 temos buvo \u0161ios<\/p>\r\n\r\n\r\n\r\n<p class=\"wp-block-paragraph\">1 Klient\u0173 l\u016bkes\u010di\u0173 valdymas - spalv\u0173 valdymas visoje maisto grandin\u0117je<br>2. sukurti spalv\u0173 patikimum\u0105 <a href=\"https:\/\/blog.proofs.de\/lt\/lexikon\/cmyk\/\" target=\"_self\" title='CMYK rei\u0161kia keturias spausdinimo spalvas - \u017eydr\u0105, purpurin\u0119, gelton\u0105 (gelton\u0105) ir &quot;rakt\u0105&quot; (juod\u0105 arba juod\u0105 dal\u012f).' class=\"encyclopedia\">CMYK<\/a> ir i\u0161pl\u0117stas <a href=\"https:\/\/blog.proofs.de\/lt\/lexikon\/gamut\/\" target=\"_self\" title=\"Spalv\u0173 gam\u0105 (taip pat spalv\u0173 diapazon\u0105) sudaro vis\u0173 spalv\u0173 erdv\u0117s spalv\u0173, kurias gali atpa\u017einti (fotoaparatas, skeneris) arba atkurti (spausdintuvas, monitorius) \u012frenginys, rinkinys. Ji pavaizduota kaip spalv\u0173 k\u016bnas.\" class=\"encyclopedia\">gama<\/a> spausdinimas<br>3. realios daugiaspalvi\u0173 pakuo\u010di\u0173 \u012fgyvendinimo galimyb\u0117s (ECG)<br>4. pramonin\u0117s spausdinimo programos<a href=\"https:\/\/blog.proofs.de\/lt\/lexikon\/cat\/\" target=\"_self\" title=\"CAT rei\u0161kia &quot;Cromatic Adaption Transform&quot; (chromatin\u0117 adaptacijos transformacija). Chromatin\u0117 adaptacija rei\u0161kia, kad \u017emogaus akis atlieka automatin\u012f baltos spalvos balans\u0105. Tod\u0117l spalva suvokiama visi\u0161kai nepriklausomai nuo spalvos temperat\u016bros.\" class=\"encyclopedia\">cat<\/a>jonas: greitaeigis ra\u0161alinis spausdinimas ne tik komerciniam ir pakuo\u010di\u0173 spausdinimui<br>KEYNOTE: Spalv\u0173 darbo eiga kino film\u0173 pasaulyje - kaip HDR ir plati gama kei\u010dia \u017eaidim\u0105 (Haraldas Brendlas, ARRI)<br>5 Spalv\u0173 komunikacija mados tekstil\u0117s reikm\u0117ms<br>6 Spalv\u0173 tikrinimas pakuo\u010di\u0173 ir tekstil\u0117s reikm\u0117ms<br>7. 3D spalvos (3D) <a href=\"https:\/\/blog.proofs.de\/lt\/lexikon\/softproof\/\" target=\"_self\" title='Skirtingai nuo klasikinio &quot;kietojo kontrolinio egzemplioriaus&quot; ant popieriaus, &quot;mink\u0161tasis kontrolinis egzempliorius&quot; - tai kontrolinis egzempliorius, kuris rodomas monitoriuje ir tiksliai atspindi spalvas.' class=\"encyclopedia\">Mink\u0161ta apsauga<\/a> &amp; <a href=\"https:\/\/blog.proofs.de\/lt\/lexikon\/appearance\/\" target=\"_self\" title='Dabartiniuose spalv\u0173 tyrimuose s\u0105voka &quot;i\u0161vaizda&quot; rei\u0161kia objekto ar pavir\u0161iaus spalvos suvokim\u0105 esant skirtingam ap\u0161vietimui ir skirtingoje aplinkoje. I\u0161vaizda yra susijusi su tuo, kaip \u017emon\u0117s vizualiai suvokia spalvas ir kaip jas veikia \u0161viesos, pavir\u0161iaus tekst\u016bros ir kit\u0173 aplinkos veiksni\u0173 savyb\u0117s. 1....' class=\"encyclopedia\">I\u0161vaizda<\/a> matavimas)<\/p>\r\n\r\n\r\n\r\n<figure class=\"wp-block-image size-large\"><img loading=\"lazy\" decoding=\"async\" width=\"1024\" height=\"768\" class=\"wp-image-2556\" src=\"https:\/\/blog1.proofen.de\/wp-content\/uploads\/2020\/02\/Fogra-Colormanagament-Symposium-2020_proof-de_6-1024x768.jpg\" alt=\"\" srcset=\"https:\/\/blog.proofs.de\/wp-content\/uploads\/2020\/02\/Fogra-Colormanagament-Symposium-2020_proof-de_6-1024x768.jpg 1024w, https:\/\/blog.proofs.de\/wp-content\/uploads\/2020\/02\/Fogra-Colormanagament-Symposium-2020_proof-de_6-300x225.jpg 300w, https:\/\/blog.proofs.de\/wp-content\/uploads\/2020\/02\/Fogra-Colormanagament-Symposium-2020_proof-de_6-768x576.jpg 768w, https:\/\/blog.proofs.de\/wp-content\/uploads\/2020\/02\/Fogra-Colormanagament-Symposium-2020_proof-de_6-1536x1152.jpg 1536w, https:\/\/blog.proofs.de\/wp-content\/uploads\/2020\/02\/Fogra-Colormanagament-Symposium-2020_proof-de_6-2048x1536.jpg 2048w, https:\/\/blog.proofs.de\/wp-content\/uploads\/2020\/02\/Fogra-Colormanagament-Symposium-2020_proof-de_6-400x300.jpg 400w\" sizes=\"auto, (max-width: 1024px) 100vw, 1024px\"><\/figure>\r\n\r\n\r\n\r\n<figure class=\"wp-block-image size-large\"><img loading=\"lazy\" decoding=\"async\" width=\"1024\" height=\"768\" class=\"wp-image-2555\" src=\"https:\/\/blog1.proofen.de\/wp-content\/uploads\/2020\/02\/Fogra-Colormanagament-Symposium-2020_proof-de_7-1024x768.jpg\" alt=\"\" srcset=\"https:\/\/blog.proofs.de\/wp-content\/uploads\/2020\/02\/Fogra-Colormanagament-Symposium-2020_proof-de_7-1024x768.jpg 1024w, https:\/\/blog.proofs.de\/wp-content\/uploads\/2020\/02\/Fogra-Colormanagament-Symposium-2020_proof-de_7-300x225.jpg 300w, https:\/\/blog.proofs.de\/wp-content\/uploads\/2020\/02\/Fogra-Colormanagament-Symposium-2020_proof-de_7-768x576.jpg 768w, https:\/\/blog.proofs.de\/wp-content\/uploads\/2020\/02\/Fogra-Colormanagament-Symposium-2020_proof-de_7-1536x1152.jpg 1536w, https:\/\/blog.proofs.de\/wp-content\/uploads\/2020\/02\/Fogra-Colormanagament-Symposium-2020_proof-de_7-2048x1536.jpg 2048w, https:\/\/blog.proofs.de\/wp-content\/uploads\/2020\/02\/Fogra-Colormanagament-Symposium-2020_proof-de_7-400x300.jpg 400w\" sizes=\"auto, (max-width: 1024px) 100vw, 1024px\"><\/figure>\r\n\r\n\r\n\r\n<figure class=\"wp-block-image size-large\"><img loading=\"lazy\" decoding=\"async\" width=\"640\" height=\"1024\" class=\"wp-image-2572\" src=\"https:\/\/blog1.proofen.de\/wp-content\/uploads\/2020\/03\/foga_colormanagement_symposium_2020_matthias_betz_proof_de_4-640x1024.jpg\" alt=\"\" srcset=\"https:\/\/blog.proofs.de\/wp-content\/uploads\/2020\/03\/foga_colormanagement_symposium_2020_matthias_betz_proof_de_4-640x1024.jpg 640w, https:\/\/blog.proofs.de\/wp-content\/uploads\/2020\/03\/foga_colormanagement_symposium_2020_matthias_betz_proof_de_4-188x300.jpg 188w, https:\/\/blog.proofs.de\/wp-content\/uploads\/2020\/03\/foga_colormanagement_symposium_2020_matthias_betz_proof_de_4-768x1229.jpg 768w, https:\/\/blog.proofs.de\/wp-content\/uploads\/2020\/03\/foga_colormanagement_symposium_2020_matthias_betz_proof_de_4-960x1536.jpg 960w, https:\/\/blog.proofs.de\/wp-content\/uploads\/2020\/03\/foga_colormanagement_symposium_2020_matthias_betz_proof_de_4-1280x2048.jpg 1280w, https:\/\/blog.proofs.de\/wp-content\/uploads\/2020\/03\/foga_colormanagement_symposium_2020_matthias_betz_proof_de_4-scaled.jpg 1600w\" sizes=\"auto, (max-width: 640px) 100vw, 640px\"><\/figure>\r\n\r\n\r\n\r\n<figure class=\"wp-block-image size-large\"><img loading=\"lazy\" decoding=\"async\" width=\"1024\" height=\"632\" class=\"wp-image-2573\" src=\"https:\/\/blog1.proofen.de\/wp-content\/uploads\/2020\/03\/foga_colormanagement_symposium_2020_matthias_betz_proof_de_2-1024x632.jpg\" alt=\"\" srcset=\"https:\/\/blog.proofs.de\/wp-content\/uploads\/2020\/03\/foga_colormanagement_symposium_2020_matthias_betz_proof_de_2-1024x632.jpg 1024w, https:\/\/blog.proofs.de\/wp-content\/uploads\/2020\/03\/foga_colormanagement_symposium_2020_matthias_betz_proof_de_2-300x185.jpg 300w, https:\/\/blog.proofs.de\/wp-content\/uploads\/2020\/03\/foga_colormanagement_symposium_2020_matthias_betz_proof_de_2-768x474.jpg 768w, https:\/\/blog.proofs.de\/wp-content\/uploads\/2020\/03\/foga_colormanagement_symposium_2020_matthias_betz_proof_de_2-1536x948.jpg 1536w, https:\/\/blog.proofs.de\/wp-content\/uploads\/2020\/03\/foga_colormanagement_symposium_2020_matthias_betz_proof_de_2-2048x1264.jpg 2048w, https:\/\/blog.proofs.de\/wp-content\/uploads\/2020\/03\/foga_colormanagement_symposium_2020_matthias_betz_proof_de_2-486x300.jpg 486w\" sizes=\"auto, (max-width: 1024px) 100vw, 1024px\"><\/figure>\r\n\r\n\r\n\r\n<p class=\"wp-block-paragraph translation-block\">\u010cia galite atsisi\u0173sti mano prane\u0161imo \"Tekstil\u0117s spaudos bandomoji med\u017eiaga: <a href=\"https:\/\/blog1.proofen.de\/es\/lexico-2\/a-prueba-de-contratos\/\" target=\"_self\" class=\"encyclopedia tooltipstered\">Sutartin\u0117 bandomoji med\u017eiaga<\/a>, skirta RGB (FOGRA58) tekstil\u0117s darbo eigai\" pristatym\u0105:<\/p>\r\n\r\n\r\n\r\n<figure class=\"wp-block-image size-large\"><a href=\"https:\/\/blog1.proofen.de\/wp-content\/uploads\/2020\/02\/1_Matthias-Betz_proof-de_FOGRA58beta_TextileRGB_v13.pdf\"><img loading=\"lazy\" decoding=\"async\" width=\"1024\" height=\"573\" class=\"wp-image-2566\" src=\"https:\/\/blog1.proofen.de\/wp-content\/uploads\/2020\/02\/Matthias-Betz_Proof-de_Proofing-im-Textildruck_Contract-Proofs-f%C3%BCr-RGB-Fogra58beta_TextileRGB_basierte_Textil-Workflows-1024x573.png\" alt=\"Bandomieji tekstil\u0117s spaudos darbai: sutartiniai bandomieji spaudos darbai, skirti RGB (FOGRA58) tekstil\u0117s darbo eigai\" srcset=\"https:\/\/blog.proofs.de\/wp-content\/uploads\/2020\/02\/Matthias-Betz_Proof-de_Proofing-im-Textildruck_Contract-Proofs-f&uuml;r-RGB-Fogra58beta_TextileRGB_basierte_Textil-Workflows-1024x573.png 1024w, https:\/\/blog.proofs.de\/wp-content\/uploads\/2020\/02\/Matthias-Betz_Proof-de_Proofing-im-Textildruck_Contract-Proofs-f&uuml;r-RGB-Fogra58beta_TextileRGB_basierte_Textil-Workflows-300x168.png 300w, https:\/\/blog.proofs.de\/wp-content\/uploads\/2020\/02\/Matthias-Betz_Proof-de_Proofing-im-Textildruck_Contract-Proofs-f&uuml;r-RGB-Fogra58beta_TextileRGB_basierte_Textil-Workflows-768x430.png 768w, https:\/\/blog.proofs.de\/wp-content\/uploads\/2020\/02\/Matthias-Betz_Proof-de_Proofing-im-Textildruck_Contract-Proofs-f&uuml;r-RGB-Fogra58beta_TextileRGB_basierte_Textil-Workflows-1536x860.png 1536w, https:\/\/blog.proofs.de\/wp-content\/uploads\/2020\/02\/Matthias-Betz_Proof-de_Proofing-im-Textildruck_Contract-Proofs-f&uuml;r-RGB-Fogra58beta_TextileRGB_basierte_Textil-Workflows-2048x1147.png 2048w, https:\/\/blog.proofs.de\/wp-content\/uploads\/2020\/02\/Matthias-Betz_Proof-de_Proofing-im-Textildruck_Contract-Proofs-f&uuml;r-RGB-Fogra58beta_TextileRGB_basierte_Textil-Workflows-500x280.png 500w\" sizes=\"auto, (max-width: 1024px) 100vw, 1024px\"><\/a><\/figure>\r\n\r\n\r\n\r\n<p class=\"wp-block-paragraph translation-block\">Po sesijos prie m\u016bs\u0173 \"Fogra58\" stendo vyko aktyvi diskusija ir buvo aptarti demonstruojam\u0173 audini\u0173 ir apsaugos priemoni\u0173 palyginimai. Ypatingo d\u0117mesio sulauk\u0117 Joe Tschudi sukurtas skirting\u0173 pilkos spalvos atspalvi\u0173 pavyzdys. \u017dmogaus akiai \u012frodymas buvo gana neutralios pilkos spalvos, ta\u010diau audinys tur\u0117jo ai\u0161kiai matom\u0105 \u017eali\u0105 atspalv\u012f. Ta\u010diau kalbant apie matavimo technologij\u0105, abu bandinius skyr\u0117 tik DeltaE00 0,3 i1Pro2, o <a href=\"https:\/\/blog1.proofen.de\/es\/lexico-2\/dispositivo-de-medicion-de-cabeza-esferica\/\" target=\"_self\" class=\"encyclopedia tooltipstered\">kamuolio galvut\u0117s matavimo prietaisas<\/a> taip pat parod\u0117 pana\u0161\u0173 atstum\u0105. Gra\u017eus pavyzdys, parodantis sunkumus tarp tekstil\u0117s spausdinimo ir \u012frodym\u0173, tarp matavimo prietais\u0173 ir \u017emogaus suvokimo.<\/p>\r\n\r\n\r\n\r\n<figure class=\"wp-block-image size-large\"><img loading=\"lazy\" decoding=\"async\" width=\"1024\" height=\"768\" class=\"wp-image-2552\" src=\"https:\/\/blog1.proofen.de\/wp-content\/uploads\/2020\/02\/Fogra-Colormanagament-Symposium-2020_proof-de_10-1024x768.jpg\" alt=\"\" srcset=\"https:\/\/blog.proofs.de\/wp-content\/uploads\/2020\/02\/Fogra-Colormanagament-Symposium-2020_proof-de_10-1024x768.jpg 1024w, https:\/\/blog.proofs.de\/wp-content\/uploads\/2020\/02\/Fogra-Colormanagament-Symposium-2020_proof-de_10-300x225.jpg 300w, https:\/\/blog.proofs.de\/wp-content\/uploads\/2020\/02\/Fogra-Colormanagament-Symposium-2020_proof-de_10-768x576.jpg 768w, https:\/\/blog.proofs.de\/wp-content\/uploads\/2020\/02\/Fogra-Colormanagament-Symposium-2020_proof-de_10-1536x1152.jpg 1536w, https:\/\/blog.proofs.de\/wp-content\/uploads\/2020\/02\/Fogra-Colormanagament-Symposium-2020_proof-de_10-2048x1536.jpg 2048w, https:\/\/blog.proofs.de\/wp-content\/uploads\/2020\/02\/Fogra-Colormanagament-Symposium-2020_proof-de_10-400x300.jpg 400w\" sizes=\"auto, (max-width: 1024px) 100vw, 1024px\"><\/figure>\r\n\r\n\r\n\r\n<figure class=\"wp-block-image size-large\"><img loading=\"lazy\" decoding=\"async\" width=\"1024\" height=\"768\" class=\"wp-image-2551\" src=\"https:\/\/blog1.proofen.de\/wp-content\/uploads\/2020\/02\/Fogra-Colormanagament-Symposium-2020_proof-de_11-1024x768.jpg\" alt=\"\" srcset=\"https:\/\/blog.proofs.de\/wp-content\/uploads\/2020\/02\/Fogra-Colormanagament-Symposium-2020_proof-de_11-1024x768.jpg 1024w, https:\/\/blog.proofs.de\/wp-content\/uploads\/2020\/02\/Fogra-Colormanagament-Symposium-2020_proof-de_11-300x225.jpg 300w, https:\/\/blog.proofs.de\/wp-content\/uploads\/2020\/02\/Fogra-Colormanagament-Symposium-2020_proof-de_11-768x576.jpg 768w, https:\/\/blog.proofs.de\/wp-content\/uploads\/2020\/02\/Fogra-Colormanagament-Symposium-2020_proof-de_11-1536x1152.jpg 1536w, https:\/\/blog.proofs.de\/wp-content\/uploads\/2020\/02\/Fogra-Colormanagament-Symposium-2020_proof-de_11-2048x1536.jpg 2048w, https:\/\/blog.proofs.de\/wp-content\/uploads\/2020\/02\/Fogra-Colormanagament-Symposium-2020_proof-de_11-400x300.jpg 400w\" sizes=\"auto, (max-width: 1024px) 100vw, 1024px\"><\/figure>\r\n\r\n\r\n\r\n<p class=\"wp-block-paragraph\">D\u0117kojame Andreasui Kraushaarui ir visai \"Fogra\" komandai u\u017e puik\u0173 organizavim\u0105 ir param\u0105 viso spalv\u0173 valdymo simpoziumo metu. Puikus renginys, parodantis dabartinius spalv\u0173 valdymo poky\u010dius ir praple\u010diantis \u017evilgsn\u012f \u012f naujas rinkas ir segmentus.<\/p>","protected":false},"excerpt":{"rendered":"<p>2020 m. vasario 12-13 d. Miunchene vyko 7-asis \"Fogra\" spalv\u0173 valdymo simpoziumas, kuriame buvau pakviestas 6 sesijoje kalb\u0117ti apie tikrinim\u0105. Prane\u0161iau apie m\u016bs\u0173 atliktus \"Fogra58-Beta-Textile-RGB\" standarto, skirto skaitmeninei tekstil\u0117s spaudai, korekt\u016bros bandymus. Fogra spalv\u0173 valdymo simpoziumas yra vienas i\u0161 spalv\u0173 valdymo srities rengini\u0173, \u012f kur\u012f susirenka mokslininkai ir naudotojai i\u0161 viso pasaulio ir dvi dienas Miunchene kei\u010diasi id\u0117jomis. I\u0161 viso 21 prane\u0161\u0117jas ir 7 moderatoriai skait\u0117 prane\u0161imus \u012fvairiaspalv\u0117s spaudos, bandomosios spaudos, spaudos u\u017esakym\u0173, klient\u0173 l\u016bkes\u010di\u0173, spalv\u0173 valdymo temomis, ... <\/p>\n<p class=\"read-more-container\"><a title=\"Ap\u017evalga: Fogra spalv\u0173 valdymo simpoziumas 2020\" class=\"read-more button\" href=\"https:\/\/blog.proofs.de\/lt\/rueckblick-fogra-color-management-symposium-2020\/#more-2549\" aria-label=\"Skaityti daugiau apie Ap\u017evalga: Fogra spalv\u0173 valdymo simpoziumas 2020\">Skaityti daugiau<\/a><\/p>","protected":false},"author":2,"featured_media":2572,"comment_status":"open","ping_status":"open","sticky":false,"template":"","format":"standard","meta":{"om_disable_all_campaigns":false,"inline_featured_image":false,"_monsterinsights_skip_tracking":false,"footnotes":""},"categories":[1,435,120],"tags":[939,933,932,940,522,936,937,903,934,732,941,539,942,943,935,938],"class_list":["post-2549","post","type-post","status-publish","format-standard","has-post-thumbnail","hentry","category-allgemein","category-farbraeume-und-farbprofile","category-kategorie-proof-gmbh","tag-939","tag-andreas-kraushaar","tag-cms","tag-color-management-symposium","tag-fogra","tag-fogra58","tag-fogra58beta","tag-jan-peter-homann","tag-joe-tschudi","tag-matthias-betz","tag-muenchen","tag-proof-gmbh","tag-rgb-proof","tag-rgb-proofing","tag-textile-rgb","tag-textilergb","generate-columns","tablet-grid-50","mobile-grid-100","grid-parent","grid-50","no-featured-image-padding","resize-featured-image"],"aioseo_notices":[],"aioseo_head":"\n\t\t<!-- All in One SEO 5.0.1.1 - aioseo.com -->\n\t<meta name=\"description\" content=\"Matthias Betz von der Proof GmbH war als Referent beim Fogra Color Management Symposium 2020 der Fogra in M\u00fcnchen dabei. Ein R\u00fcckblick auf die Veranstaltung.\" \/>\n\t<meta name=\"robots\" content=\"max-image-preview:large\" \/>\n\t<meta name=\"author\" content=\"Matthias Betz\"\/>\n\t<meta name=\"google-site-verification\" content=\"TuXxyRwxcEg2-WfOaQ8vScWQh3-uBAnxXmY7g3GT90A\" \/>\n\t<meta name=\"keywords\" content=\"fogra,cms,color management symposium,2020,proof gmbh,matthias betz,andreas kraushaar,joe tschudi,jan-peter homann,textile-rgb,fogra58,fogra58beta,textilergb,rgb-proof,rgb-proofing,m\u00fcnchen,,2020,cms,color management symposium,fogra,fogra58,fogra58beta,jan-peter homann,joe tschudi,matthias betz,m\u00fcnchen,proof gmbh,rgb-proof,rgb-proofing,textile-rgb,textilergb\" \/>\n\t<link rel=\"canonical\" href=\"https:\/\/blog.proofs.de\/lt\/rueckblick-fogra-color-management-symposium-2020\/\" \/>\n\t<meta name=\"generator\" content=\"All in One SEO (AIOSEO) 5.0.1.1\" \/>\n\n\t\t<meta name=\"seobility\" content=\"593a8578143db71543f014978c690d47\">\n\t\t<meta property=\"og:locale\" content=\"lt_LT\" \/>\n\t\t<meta property=\"og:site_name\" content=\"Proof.de | Alles zu Proof, Farbmanagement, Grafik, Messtechnik &amp; Co.\" \/>\n\t\t<meta property=\"og:type\" content=\"article\" \/>\n\t\t<meta property=\"og:title\" content=\"R\u00fcckblick: Fogra Color Management Symposium 2020 | proof.de\" \/>\n\t\t<meta property=\"og:description\" content=\"Matthias Betz von der Proof GmbH war als Referent beim Fogra Color Management Symposium 2020 der Fogra in M\u00fcnchen dabei. Ein R\u00fcckblick auf die Veranstaltung.\" \/>\n\t\t<meta property=\"og:url\" content=\"https:\/\/blog.proofs.de\/lt\/rueckblick-fogra-color-management-symposium-2020\/\" \/>\n\t\t<meta property=\"og:image\" content=\"https:\/\/blog.proofs.de\/wp-content\/uploads\/2020\/03\/foga_colormanagement_symposium_2020_matthias_betz_proof_de_4-scaled.jpg\" \/>\n\t\t<meta property=\"og:image:secure_url\" content=\"https:\/\/blog.proofs.de\/wp-content\/uploads\/2020\/03\/foga_colormanagement_symposium_2020_matthias_betz_proof_de_4-scaled.jpg\" \/>\n\t\t<meta property=\"og:image:width\" content=\"1600\" \/>\n\t\t<meta property=\"og:image:height\" content=\"2560\" \/>\n\t\t<meta property=\"article:published_time\" content=\"2020-02-17T00:59:27+00:00\" \/>\n\t\t<meta property=\"article:modified_time\" content=\"2020-05-08T00:02:04+00:00\" \/>\n\t\t<meta property=\"article:publisher\" content=\"https:\/\/www.facebook.com\/Proof.de\/\" \/>\n\t\t<meta name=\"twitter:card\" content=\"summary\" \/>\n\t\t<meta name=\"twitter:title\" content=\"R\u00fcckblick: Fogra Color Management Symposium 2020 | proof.de\" \/>\n\t\t<meta name=\"twitter:description\" content=\"Matthias Betz von der Proof GmbH war als Referent beim Fogra Color Management Symposium 2020 der Fogra in M\u00fcnchen dabei. Ein R\u00fcckblick auf die Veranstaltung.\" \/>\n\t\t<meta name=\"twitter:image\" content=\"https:\/\/blog1.proofen.de\/wp-content\/uploads\/2020\/04\/proof_background.jpg\" \/>\n\t\t<script type=\"application\/ld+json\" class=\"aioseo-schema\">\n\t\t\t{\"@context\":\"https:\\\/\\\/schema.org\",\"@graph\":[{\"@type\":\"Article\",\"@id\":\"https:\\\/\\\/blog.proofs.de\\\/lt\\\/rueckblick-fogra-color-management-symposium-2020\\\/#article\",\"name\":\"R\\u00fcckblick: Fogra Color Management Symposium 2020 | proof.de\",\"headline\":\"R\\u00fcckblick: Fogra Color Management Symposium 2020\",\"author\":{\"@id\":\"https:\\\/\\\/blog.proofs.de\\\/lt\\\/author\\\/mbetz\\\/#author\"},\"publisher\":{\"@id\":\"https:\\\/\\\/blog.proofs.de\\\/lt\\\/#organization\"},\"image\":{\"@type\":\"ImageObject\",\"url\":\"https:\\\/\\\/blog.proofs.de\\\/wp-content\\\/uploads\\\/2020\\\/03\\\/foga_colormanagement_symposium_2020_matthias_betz_proof_de_4-scaled.jpg\",\"width\":1600,\"height\":2560,\"caption\":\"Matthias Betz beim Vortrag auf dem Fogra Colormanagement Symposium 2020\"},\"datePublished\":\"2020-02-17T01:59:27+01:00\",\"dateModified\":\"2020-05-08T02:02:04+02:00\",\"inLanguage\":\"lt-LT\",\"mainEntityOfPage\":{\"@id\":\"https:\\\/\\\/blog.proofs.de\\\/lt\\\/rueckblick-fogra-color-management-symposium-2020\\\/#webpage\"},\"isPartOf\":{\"@id\":\"https:\\\/\\\/blog.proofs.de\\\/lt\\\/rueckblick-fogra-color-management-symposium-2020\\\/#webpage\"},\"articleSection\":\"Allgemein, Farbr\\u00e4ume und Farbprofile, Proof GmbH, 2020, Andreas Kraushaar, CMS, Color Management Symposium, Fogra, Fogra58, Fogra58beta, Jan-Peter Homann, Joe Tschudi, Matthias Betz, M\\u00fcnchen, Proof GmbH, RGB-Proof, RGB-Proofing, Textile-RGB, TextileRGB\"},{\"@type\":\"BreadcrumbList\",\"@id\":\"https:\\\/\\\/blog.proofs.de\\\/lt\\\/rueckblick-fogra-color-management-symposium-2020\\\/#breadcrumblist\",\"itemListElement\":[{\"@type\":\"ListItem\",\"@id\":\"https:\\\/\\\/blog.proofs.de\\\/lt#listItem\",\"position\":1,\"name\":\"Home\",\"item\":\"https:\\\/\\\/blog.proofs.de\\\/lt\",\"nextItem\":{\"@type\":\"ListItem\",\"@id\":\"https:\\\/\\\/blog.proofs.de\\\/lt\\\/thema\\\/proof-wissen\\\/#listItem\",\"name\":\"Proof Wissen\"}},{\"@type\":\"ListItem\",\"@id\":\"https:\\\/\\\/blog.proofs.de\\\/lt\\\/thema\\\/proof-wissen\\\/#listItem\",\"position\":2,\"name\":\"Proof Wissen\",\"item\":\"https:\\\/\\\/blog.proofs.de\\\/lt\\\/thema\\\/proof-wissen\\\/\",\"nextItem\":{\"@type\":\"ListItem\",\"@id\":\"https:\\\/\\\/blog.proofs.de\\\/lt\\\/thema\\\/proof-wissen\\\/kategorie-proof-gmbh\\\/#listItem\",\"name\":\"Proof GmbH\"},\"previousItem\":{\"@type\":\"ListItem\",\"@id\":\"https:\\\/\\\/blog.proofs.de\\\/lt#listItem\",\"name\":\"Home\"}},{\"@type\":\"ListItem\",\"@id\":\"https:\\\/\\\/blog.proofs.de\\\/lt\\\/thema\\\/proof-wissen\\\/kategorie-proof-gmbh\\\/#listItem\",\"position\":3,\"name\":\"Proof GmbH\",\"item\":\"https:\\\/\\\/blog.proofs.de\\\/lt\\\/thema\\\/proof-wissen\\\/kategorie-proof-gmbh\\\/\",\"nextItem\":{\"@type\":\"ListItem\",\"@id\":\"https:\\\/\\\/blog.proofs.de\\\/lt\\\/rueckblick-fogra-color-management-symposium-2020\\\/#listItem\",\"name\":\"R\\u00fcckblick: Fogra Color Management Symposium 2020\"},\"previousItem\":{\"@type\":\"ListItem\",\"@id\":\"https:\\\/\\\/blog.proofs.de\\\/lt\\\/thema\\\/proof-wissen\\\/#listItem\",\"name\":\"Proof Wissen\"}},{\"@type\":\"ListItem\",\"@id\":\"https:\\\/\\\/blog.proofs.de\\\/lt\\\/rueckblick-fogra-color-management-symposium-2020\\\/#listItem\",\"position\":4,\"name\":\"R\\u00fcckblick: Fogra Color Management Symposium 2020\",\"previousItem\":{\"@type\":\"ListItem\",\"@id\":\"https:\\\/\\\/blog.proofs.de\\\/lt\\\/thema\\\/proof-wissen\\\/kategorie-proof-gmbh\\\/#listItem\",\"name\":\"Proof GmbH\"}}]},{\"@type\":\"Organization\",\"@id\":\"https:\\\/\\\/blog.proofs.de\\\/lt\\\/#organization\",\"name\":\"Proof GmbH\",\"description\":\"Farbverbindlicher Proof, Farbproof, Digitalproof und Online-Proof.\",\"url\":\"https:\\\/\\\/blog.proofs.de\\\/lt\\\/\",\"telephone\":\"+4970717952740\",\"logo\":{\"@type\":\"ImageObject\",\"url\":\"https:\\\/\\\/blog1.proofen.de\\\/wp-content\\\/uploads\\\/2019\\\/09\\\/logo_proof_rgb_mit_balken_250px.png\",\"@id\":\"https:\\\/\\\/blog.proofs.de\\\/lt\\\/rueckblick-fogra-color-management-symposium-2020\\\/#organizationLogo\"},\"image\":{\"@id\":\"https:\\\/\\\/blog.proofs.de\\\/lt\\\/rueckblick-fogra-color-management-symposium-2020\\\/#organizationLogo\"},\"sameAs\":[\"https:\\\/\\\/www.facebook.com\\\/Proof.de\\\/\",\"https:\\\/\\\/www.instagram.com\\\/proof.de\\\/\",\"https:\\\/\\\/www.tiktok.com\\\/@proof_de\",\"https:\\\/\\\/www.youtube.com\\\/channel\\\/UCk80fQVQ25wC9wu3SywB-Nw\",\"https:\\\/\\\/www.linkedin.com\\\/company\\\/proof-de\"]},{\"@type\":\"Person\",\"@id\":\"https:\\\/\\\/blog.proofs.de\\\/lt\\\/author\\\/mbetz\\\/#author\",\"url\":\"https:\\\/\\\/blog.proofs.de\\\/lt\\\/author\\\/mbetz\\\/\",\"name\":\"Matthias Betz\",\"image\":{\"@type\":\"ImageObject\",\"@id\":\"https:\\\/\\\/blog.proofs.de\\\/lt\\\/rueckblick-fogra-color-management-symposium-2020\\\/#authorImage\",\"url\":\"https:\\\/\\\/blog.proofs.de\\\/wp-content\\\/uploads\\\/2020\\\/10\\\/matthias-betz-e1603934518350-150x150.png\",\"width\":96,\"height\":96,\"caption\":\"Matthias Betz\"}},{\"@type\":\"WebPage\",\"@id\":\"https:\\\/\\\/blog.proofs.de\\\/lt\\\/rueckblick-fogra-color-management-symposium-2020\\\/#webpage\",\"url\":\"https:\\\/\\\/blog.proofs.de\\\/lt\\\/rueckblick-fogra-color-management-symposium-2020\\\/\",\"name\":\"R\\u00fcckblick: Fogra Color Management Symposium 2020 | proof.de\",\"description\":\"Matthias Betz von der Proof GmbH war als Referent beim Fogra Color Management Symposium 2020 der Fogra in M\\u00fcnchen dabei. Ein R\\u00fcckblick auf die Veranstaltung.\",\"inLanguage\":\"lt-LT\",\"isPartOf\":{\"@id\":\"https:\\\/\\\/blog.proofs.de\\\/lt\\\/#website\"},\"breadcrumb\":{\"@id\":\"https:\\\/\\\/blog.proofs.de\\\/lt\\\/rueckblick-fogra-color-management-symposium-2020\\\/#breadcrumblist\"},\"author\":{\"@id\":\"https:\\\/\\\/blog.proofs.de\\\/lt\\\/author\\\/mbetz\\\/#author\"},\"creator\":{\"@id\":\"https:\\\/\\\/blog.proofs.de\\\/lt\\\/author\\\/mbetz\\\/#author\"},\"image\":{\"@type\":\"ImageObject\",\"url\":\"https:\\\/\\\/blog.proofs.de\\\/wp-content\\\/uploads\\\/2020\\\/03\\\/foga_colormanagement_symposium_2020_matthias_betz_proof_de_4-scaled.jpg\",\"@id\":\"https:\\\/\\\/blog.proofs.de\\\/lt\\\/rueckblick-fogra-color-management-symposium-2020\\\/#mainImage\",\"width\":1600,\"height\":2560,\"caption\":\"Matthias Betz beim Vortrag auf dem Fogra Colormanagement Symposium 2020\"},\"primaryImageOfPage\":{\"@id\":\"https:\\\/\\\/blog.proofs.de\\\/lt\\\/rueckblick-fogra-color-management-symposium-2020\\\/#mainImage\"},\"datePublished\":\"2020-02-17T01:59:27+01:00\",\"dateModified\":\"2020-05-08T02:02:04+02:00\"},{\"@type\":\"WebSite\",\"@id\":\"https:\\\/\\\/blog.proofs.de\\\/lt\\\/#website\",\"url\":\"https:\\\/\\\/blog.proofs.de\\\/lt\\\/\",\"name\":\"Proof.de\",\"description\":\"Farbverbindlicher Proof, Farbproof, Digitalproof und Online-Proof.\",\"inLanguage\":\"lt-LT\",\"publisher\":{\"@id\":\"https:\\\/\\\/blog.proofs.de\\\/lt\\\/#organization\"}}]}\n\t\t<\/script>\n\t\t<!-- All in One SEO -->\n\n","aioseo_head_json":{"title":"Ap\u017evalga: \"Fogra Color Management Symposium 2020\" | proof.de","description":"Miunchene vykusiame \"Fogra Color Management Symposium 2020\" simpoziume kalb\u0117jo \"Proof GmbH\" atstovas Matthias Betzas. Renginio ap\u017evalga.","canonical_url":"https:\/\/blog.proofs.de\/lt\/rueckblick-fogra-color-management-symposium-2020\/","robots":"max-image-preview:large","keywords":"fogra,cms,color management symposium,2020,proof gmbh,matthias betz,andreas kraushaar,joe tschudi,jan-peter homann,textile-rgb,fogra58,fogra58beta,textilergb,rgb-proof,rgb-proofing,m\u00fcnchen,,2020,cms,color management symposium,fogra,fogra58,fogra58beta,jan-peter homann,joe tschudi,matthias betz,m\u00fcnchen,proof gmbh,rgb-proof,rgb-proofing,textile-rgb,textilergb","webmasterTools":{"google-site-verification":"TuXxyRwxcEg2-WfOaQ8vScWQh3-uBAnxXmY7g3GT90A","miscellaneous":"&lt;meta name=\"seobility\" content=\"593a8578143db71543f014978c690d47\"&gt;"},"schema":{"@context":"https:\/\/schema.org","@graph":[{"@type":"Article","@id":"https:\/\/blog.proofs.de\/lt\/rueckblick-fogra-color-management-symposium-2020\/#article","name":"R\u00fcckblick: Fogra Color Management Symposium 2020 | proof.de","headline":"R\u00fcckblick: Fogra Color Management Symposium 2020","author":{"@id":"https:\/\/blog.proofs.de\/lt\/author\/mbetz\/#author"},"publisher":{"@id":"https:\/\/blog.proofs.de\/lt\/#organization"},"image":{"@type":"ImageObject","url":"https:\/\/blog.proofs.de\/wp-content\/uploads\/2020\/03\/foga_colormanagement_symposium_2020_matthias_betz_proof_de_4-scaled.jpg","width":1600,"height":2560,"caption":"Matthias Betz beim Vortrag auf dem Fogra Colormanagement Symposium 2020"},"datePublished":"2020-02-17T01:59:27+01:00","dateModified":"2020-05-08T02:02:04+02:00","inLanguage":"lt-LT","mainEntityOfPage":{"@id":"https:\/\/blog.proofs.de\/lt\/rueckblick-fogra-color-management-symposium-2020\/#webpage"},"isPartOf":{"@id":"https:\/\/blog.proofs.de\/lt\/rueckblick-fogra-color-management-symposium-2020\/#webpage"},"articleSection":"Allgemein, Farbr\u00e4ume und Farbprofile, Proof GmbH, 2020, Andreas Kraushaar, CMS, Color Management Symposium, Fogra, Fogra58, Fogra58beta, Jan-Peter Homann, Joe Tschudi, Matthias Betz, M\u00fcnchen, Proof GmbH, RGB-Proof, RGB-Proofing, Textile-RGB, TextileRGB"},{"@type":"BreadcrumbList","@id":"https:\/\/blog.proofs.de\/lt\/rueckblick-fogra-color-management-symposium-2020\/#breadcrumblist","itemListElement":[{"@type":"ListItem","@id":"https:\/\/blog.proofs.de\/lt#listItem","position":1,"name":"Home","item":"https:\/\/blog.proofs.de\/lt","nextItem":{"@type":"ListItem","@id":"https:\/\/blog.proofs.de\/lt\/thema\/proof-wissen\/#listItem","name":"Proof Wissen"}},{"@type":"ListItem","@id":"https:\/\/blog.proofs.de\/lt\/thema\/proof-wissen\/#listItem","position":2,"name":"Proof Wissen","item":"https:\/\/blog.proofs.de\/lt\/thema\/proof-wissen\/","nextItem":{"@type":"ListItem","@id":"https:\/\/blog.proofs.de\/lt\/thema\/proof-wissen\/kategorie-proof-gmbh\/#listItem","name":"Proof GmbH"},"previousItem":{"@type":"ListItem","@id":"https:\/\/blog.proofs.de\/lt#listItem","name":"Home"}},{"@type":"ListItem","@id":"https:\/\/blog.proofs.de\/lt\/thema\/proof-wissen\/kategorie-proof-gmbh\/#listItem","position":3,"name":"Proof GmbH","item":"https:\/\/blog.proofs.de\/lt\/thema\/proof-wissen\/kategorie-proof-gmbh\/","nextItem":{"@type":"ListItem","@id":"https:\/\/blog.proofs.de\/lt\/rueckblick-fogra-color-management-symposium-2020\/#listItem","name":"R\u00fcckblick: Fogra Color Management Symposium 2020"},"previousItem":{"@type":"ListItem","@id":"https:\/\/blog.proofs.de\/lt\/thema\/proof-wissen\/#listItem","name":"Proof Wissen"}},{"@type":"ListItem","@id":"https:\/\/blog.proofs.de\/lt\/rueckblick-fogra-color-management-symposium-2020\/#listItem","position":4,"name":"R\u00fcckblick: Fogra Color Management Symposium 2020","previousItem":{"@type":"ListItem","@id":"https:\/\/blog.proofs.de\/lt\/thema\/proof-wissen\/kategorie-proof-gmbh\/#listItem","name":"Proof GmbH"}}]},{"@type":"Organization","@id":"https:\/\/blog.proofs.de\/lt\/#organization","name":"Proof GmbH","description":"Farbverbindlicher Proof, Farbproof, Digitalproof und Online-Proof.","url":"https:\/\/blog.proofs.de\/lt\/","telephone":"+4970717952740","logo":{"@type":"ImageObject","url":"https:\/\/blog1.proofen.de\/wp-content\/uploads\/2019\/09\/logo_proof_rgb_mit_balken_250px.png","@id":"https:\/\/blog.proofs.de\/lt\/rueckblick-fogra-color-management-symposium-2020\/#organizationLogo"},"image":{"@id":"https:\/\/blog.proofs.de\/lt\/rueckblick-fogra-color-management-symposium-2020\/#organizationLogo"},"sameAs":["https:\/\/www.facebook.com\/Proof.de\/","https:\/\/www.instagram.com\/proof.de\/","https:\/\/www.tiktok.com\/@proof_de","https:\/\/www.youtube.com\/channel\/UCk80fQVQ25wC9wu3SywB-Nw","https:\/\/www.linkedin.com\/company\/proof-de"]},{"@type":"Person","@id":"https:\/\/blog.proofs.de\/lt\/author\/mbetz\/#author","url":"https:\/\/blog.proofs.de\/lt\/author\/mbetz\/","name":"Matthias Betz","image":{"@type":"ImageObject","@id":"https:\/\/blog.proofs.de\/lt\/rueckblick-fogra-color-management-symposium-2020\/#authorImage","url":"https:\/\/blog.proofs.de\/wp-content\/uploads\/2020\/10\/matthias-betz-e1603934518350-150x150.png","width":96,"height":96,"caption":"Matthias Betz"}},{"@type":"WebPage","@id":"https:\/\/blog.proofs.de\/lt\/rueckblick-fogra-color-management-symposium-2020\/#webpage","url":"https:\/\/blog.proofs.de\/lt\/rueckblick-fogra-color-management-symposium-2020\/","name":"R\u00fcckblick: Fogra Color Management Symposium 2020 | proof.de","description":"Matthias Betz von der Proof GmbH war als Referent beim Fogra Color Management Symposium 2020 der Fogra in M\u00fcnchen dabei. Ein R\u00fcckblick auf die Veranstaltung.","inLanguage":"lt-LT","isPartOf":{"@id":"https:\/\/blog.proofs.de\/lt\/#website"},"breadcrumb":{"@id":"https:\/\/blog.proofs.de\/lt\/rueckblick-fogra-color-management-symposium-2020\/#breadcrumblist"},"author":{"@id":"https:\/\/blog.proofs.de\/lt\/author\/mbetz\/#author"},"creator":{"@id":"https:\/\/blog.proofs.de\/lt\/author\/mbetz\/#author"},"image":{"@type":"ImageObject","url":"https:\/\/blog.proofs.de\/wp-content\/uploads\/2020\/03\/foga_colormanagement_symposium_2020_matthias_betz_proof_de_4-scaled.jpg","@id":"https:\/\/blog.proofs.de\/lt\/rueckblick-fogra-color-management-symposium-2020\/#mainImage","width":1600,"height":2560,"caption":"Matthias Betz beim Vortrag auf dem Fogra Colormanagement Symposium 2020"},"primaryImageOfPage":{"@id":"https:\/\/blog.proofs.de\/lt\/rueckblick-fogra-color-management-symposium-2020\/#mainImage"},"datePublished":"2020-02-17T01:59:27+01:00","dateModified":"2020-05-08T02:02:04+02:00"},{"@type":"WebSite","@id":"https:\/\/blog.proofs.de\/lt\/#website","url":"https:\/\/blog.proofs.de\/lt\/","name":"Proof.de","description":"Farbverbindlicher Proof, Farbproof, Digitalproof und Online-Proof.","inLanguage":"lt-LT","publisher":{"@id":"https:\/\/blog.proofs.de\/lt\/#organization"}}]},"og:locale":"lt_LT","og:site_name":"Proof.de | Alles zu Proof, Farbmanagement, Grafik, Messtechnik &amp; Co.","og:type":"article","og:title":"R\u00fcckblick: Fogra Color Management Symposium 2020 | proof.de","og:description":"Matthias Betz von der Proof GmbH war als Referent beim Fogra Color Management Symposium 2020 der Fogra in M\u00fcnchen dabei. Ein R\u00fcckblick auf die Veranstaltung.","og:url":"https:\/\/blog.proofs.de\/lt\/rueckblick-fogra-color-management-symposium-2020\/","og:image":"https:\/\/blog.proofs.de\/wp-content\/uploads\/2020\/03\/foga_colormanagement_symposium_2020_matthias_betz_proof_de_4-scaled.jpg","og:image:secure_url":"https:\/\/blog.proofs.de\/wp-content\/uploads\/2020\/03\/foga_colormanagement_symposium_2020_matthias_betz_proof_de_4-scaled.jpg","og:image:width":1600,"og:image:height":2560,"article:published_time":"2020-02-17T00:59:27+00:00","article:modified_time":"2020-05-08T00:02:04+00:00","article:publisher":"https:\/\/www.facebook.com\/Proof.de\/","twitter:card":"summary","twitter:title":"R\u00fcckblick: Fogra Color Management Symposium 2020 | proof.de","twitter:description":"Matthias Betz von der Proof GmbH war als Referent beim Fogra Color Management Symposium 2020 der Fogra in M\u00fcnchen dabei. Ein R\u00fcckblick auf die Veranstaltung.","twitter:image":"https:\/\/blog1.proofen.de\/wp-content\/uploads\/2020\/04\/proof_background.jpg"},"aioseo_meta_data":{"post_id":"2549","title":null,"description":"Miunchene vykusiame \"Fogra Color Management Symposium 2020\" simpoziume kalb\u0117jo \"Proof GmbH\" atstovas Matthias Betzas. Renginio ap\u017evalga.","keywords":[{"label":"Fogra,CMS,Color Management Symposium,2020,Proof GmbH,Matthias Betz","value":"Fogra,CMS,Color Management Symposium,2020,Proof GmbH,Matthias Betz"},{"label":"Andreas Kraushaar","value":"Andreas Kraushaar"},{"label":"Joe Tschudi,Jan-Peter Homann,Textile-RGB,Fogra58,Fogra58beta,TextileRGB,RGB-Proof,RGB-Proofing,M\u00fcnchen,","value":"Joe Tschudi,Jan-Peter Homann,Textile-RGB,Fogra58,Fogra58beta,TextileRGB,RGB-Proof,RGB-Proofing,M\u00fcnchen,"}],"keyphrases":{"focus":{"keyphrase":"Fogra Color Management Symposium","score":100,"analysis":{"keyphraseInTitle":{"title":"Focus keyphrase in SEO title","description":"Focus keyphrase found in SEO title.","score":9,"maxScore":9,"error":0},"keyphraseInDescription":{"title":"Focus keyphrase in meta description","description":"Focus keyphrase found in meta description.","score":9,"maxScore":9,"error":0},"keyphraseLength":{"title":"Focus keyphrase length","description":"Good job!","score":9,"maxScore":9,"error":0,"length":4},"keyphraseInURL":[],"keyphraseInIntroduction":{"title":"Focus keyphrase in introduction","description":"Your Focus keyphrase appears in the first paragraph. Well done!","score":9,"maxScore":9,"error":0},"keyphraseInSubHeadings":[],"keyphraseInImageAlt":{"title":"Focus keyphrase in image alt attributes","description":"Focus keyphrase found in image alt attribute(s).","score":9,"maxScore":9,"error":0}}},"additional":[]},"primary_term":null,"canonical_url":null,"og_title":null,"og_description":null,"og_object_type":"default","og_image_type":"default","og_image_url":null,"og_image_width":null,"og_image_height":null,"og_image_custom_url":null,"og_image_custom_fields":null,"og_video":"","og_custom_url":null,"og_article_section":null,"og_article_tags":[],"twitter_use_og":false,"twitter_card":"default","twitter_image_type":"default","twitter_image_url":null,"twitter_image_custom_url":null,"twitter_image_custom_fields":null,"twitter_title":null,"twitter_description":null,"schema":{"blockGraphs":[],"customGraphs":[],"default":{"data":{"Article":[],"Course":[],"Dataset":[],"FAQPage":[],"Movie":[],"Person":[],"Product":[],"ProductReview":[],"Car":[],"Recipe":[],"Service":[],"SoftwareApplication":[],"WebPage":[]},"graphName":"","isEnabled":true},"graphs":[],"defaultGraph":"Article","defaultPostTypeGraph":""},"schema_type":"default","schema_type_options":"{\"article\":{\"articleType\":\"BlogPosting\"},\"course\":{\"name\":\"\",\"description\":\"\",\"provider\":\"\"},\"faq\":{\"pages\":[]},\"product\":{\"reviews\":[]},\"recipe\":{\"ingredients\":[],\"instructions\":[],\"keywords\":[]},\"software\":{\"reviews\":[],\"operatingSystems\":[]},\"webPage\":{\"webPageType\":\"WebPage\"}}","pillar_content":false,"robots_default":true,"robots_noindex":false,"robots_noarchive":false,"robots_nosnippet":false,"robots_nofollow":false,"robots_noimageindex":false,"robots_noodp":false,"robots_notranslate":false,"robots_max_snippet":"-1","robots_max_videopreview":"-1","robots_max_imagepreview":"large","priority":null,"frequency":"default","local_seo":null,"breadcrumb_settings":null,"limit_modified_date":true,"ai":null,"created":"2020-12-21 00:32:57","updated":"2025-06-04 14:25:05","seo_analyzer_scan_date":null,"focus_keyword":"Fogra Color Management Symposium","additional_keywords":null,"truseo_locale":null},"_links":{"self":[{"href":"https:\/\/blog.proofs.de\/lt\/wp-json\/wp\/v2\/posts\/2549","targetHints":{"allow":["GET"]}}],"collection":[{"href":"https:\/\/blog.proofs.de\/lt\/wp-json\/wp\/v2\/posts"}],"about":[{"href":"https:\/\/blog.proofs.de\/lt\/wp-json\/wp\/v2\/types\/post"}],"author":[{"embeddable":true,"href":"https:\/\/blog.proofs.de\/lt\/wp-json\/wp\/v2\/users\/2"}],"replies":[{"embeddable":true,"href":"https:\/\/blog.proofs.de\/lt\/wp-json\/wp\/v2\/comments?post=2549"}],"version-history":[{"count":7,"href":"https:\/\/blog.proofs.de\/lt\/wp-json\/wp\/v2\/posts\/2549\/revisions"}],"predecessor-version":[{"id":3354,"href":"https:\/\/blog.proofs.de\/lt\/wp-json\/wp\/v2\/posts\/2549\/revisions\/3354"}],"wp:featuredmedia":[{"embeddable":true,"href":"https:\/\/blog.proofs.de\/lt\/wp-json\/wp\/v2\/media\/2572"}],"wp:attachment":[{"href":"https:\/\/blog.proofs.de\/lt\/wp-json\/wp\/v2\/media?parent=2549"}],"wp:term":[{"taxonomy":"category","embeddable":true,"href":"https:\/\/blog.proofs.de\/lt\/wp-json\/wp\/v2\/categories?post=2549"},{"taxonomy":"post_tag","embeddable":true,"href":"https:\/\/blog.proofs.de\/lt\/wp-json\/wp\/v2\/tags?post=2549"}],"curies":[{"name":"wp","href":"https:\/\/api.w.org\/{rel}","templated":true}]}}