{"id":4139,"date":"2020-12-01T01:33:07","date_gmt":"2020-12-01T00:33:07","guid":{"rendered":"https:\/\/www.proof.de\/?p=4139"},"modified":"2022-04-21T14:05:06","modified_gmt":"2022-04-21T12:05:06","slug":"cross-media-corporate-design-with-free-colour-and-gamutmap-free-webinar-with-peter-jaeger-pro2media-ch","status":"publish","type":"post","link":"https:\/\/blog.proofs.de\/lt\/crossmediales-corporate-design-mit-freiefarbe-und-gamutmap-gratis-webinar-mit-peter-jaeger-pro2media-ch\/","title":{"rendered":"\u012evairi\u0173 medij\u0173 \u012fmoni\u0173 dizainas naudojant \"FreieFarbe\" ir \"Gamutmap\": Nemokamas internetinis seminaras su Peteriu J\u00e4geriu (pro2media.ch)"},"content":{"rendered":"<div class=\"kk-star-ratings kksr-auto kksr-align-right kksr-valign-top\" data-payload='{\"align\":\"right\",\"id\":\"4139\",\"slug\":\"default\",\"valign\":\"top\",\"ignore\":\"\",\"reference\":\"auto\",\"class\":\"\",\"count\":\"0\",\"legendonly\":\"\",\"readonly\":\"\",\"score\":\"0\",\"starsonly\":\"\",\"best\":\"5\",\"gap\":\"5\",\"greet\":\"Jetzt bewerten\",\"legend\":\"0\\\/5 - (0 votes)\",\"size\":\"24\",\"title\":\"Crossmediales Corporate Design mit freieFarbe und Gamutmap: Gratis Webinar mit Peter J&auml;ger (pro2media.ch)\",\"width\":\"0\",\"_legend\":\"{score}\\\/{best} - ({count} {votes})\",\"font_factor\":\"1.25\"}'>\n            \n<div class=\"kksr-stars\">\n    \n<div class=\"kksr-stars-inactive\">\n            <div class=\"kksr-star\" data-star=\"1\" style=\"padding-right: 5px\">\n            \n\n<div class=\"kksr-icon\" style=\"width: 24px; height: 24px;\"><\/div>\n        <\/div>\n            <div class=\"kksr-star\" data-star=\"2\" style=\"padding-right: 5px\">\n            \n\n<div class=\"kksr-icon\" style=\"width: 24px; height: 24px;\"><\/div>\n        <\/div>\n            <div class=\"kksr-star\" data-star=\"3\" style=\"padding-right: 5px\">\n            \n\n<div class=\"kksr-icon\" style=\"width: 24px; height: 24px;\"><\/div>\n        <\/div>\n            <div class=\"kksr-star\" data-star=\"4\" style=\"padding-right: 5px\">\n            \n\n<div class=\"kksr-icon\" style=\"width: 24px; height: 24px;\"><\/div>\n        <\/div>\n            <div class=\"kksr-star\" data-star=\"5\" style=\"padding-right: 5px\">\n            \n\n<div class=\"kksr-icon\" style=\"width: 24px; height: 24px;\"><\/div>\n        <\/div>\n    <\/div>\n    \n<div class=\"kksr-stars-active\" style=\"width: 0px;\">\n            <div class=\"kksr-star\" style=\"padding-right: 5px\">\n            \n\n<div class=\"kksr-icon\" style=\"width: 24px; height: 24px;\"><\/div>\n        <\/div>\n            <div class=\"kksr-star\" style=\"padding-right: 5px\">\n            \n\n<div class=\"kksr-icon\" style=\"width: 24px; height: 24px;\"><\/div>\n        <\/div>\n            <div class=\"kksr-star\" style=\"padding-right: 5px\">\n            \n\n<div class=\"kksr-icon\" style=\"width: 24px; height: 24px;\"><\/div>\n        <\/div>\n            <div class=\"kksr-star\" style=\"padding-right: 5px\">\n            \n\n<div class=\"kksr-icon\" style=\"width: 24px; height: 24px;\"><\/div>\n        <\/div>\n            <div class=\"kksr-star\" style=\"padding-right: 5px\">\n            \n\n<div class=\"kksr-icon\" style=\"width: 24px; height: 24px;\"><\/div>\n        <\/div>\n    <\/div>\n<\/div>\n                \n\n<div class=\"kksr-legend\" style=\"font-size: 19.2px;\">\n            <span class=\"kksr-muted\">\u012evertinkite dabar<\/span>\n    <\/div>\n    <\/div>\n<p class=\"translation-block\">Paskutiniame virtualiame susitikime \"InDesign\" naudotoj\u0173 grup\u0117 \u0160tutgarte IDUG pakviet\u0117 <a title=\"Peter J\u00e4ger \/ Pro2Media\" href=\"https:\/\/pro2media.ch\" target=\"_blank\" rel=\"noopener noreferrer\">Peter J\u00e4ger i\u0161 \"pro2media<\/a> \u0160veicarijoje, \"freieFarbe\" nar\u012f, pristatyti \u0161iuolaikin\u012f, <a href=\"https:\/\/blog1.proofen.de\/es\/lexico-2\/cross-media\/\" target=\"_self\" class=\"encyclopedia tooltipstered\">cross-media<\/a>es <a href=\"https:\/\/blog1.proofen.de\/es\/lexico-2\/diseno-corporativo\/\" target=\"_self\" class=\"encyclopedia tooltipstered\">korporatyvinis dizainas<\/a> su atviraisiais standartais, pagr\u012fstais tokiomis priemon\u0117mis kaip <a title=\"freecolour.com\" href=\"https:\/\/www.freiefarbe.de\" target=\"_blank\" rel=\"noopener noreferrer\">freieFarbe e.V<\/a> <a href=\"https:\/\/blog1.proofen.de\/es\/lexico-2\/cielab\/\" target=\"_self\" class=\"encyclopedia tooltipstered\">CIELAB<\/a> <a href=\"https:\/\/blog1.proofen.de\/es\/lexico-2\/hlc\/\" target=\"_self\" class=\"encyclopedia tooltipstered\">HLC<\/a> \"Colour Atlas XL\" arba i\u0161 jo i\u0161vestas internetinis sprendimas <a title=\"Con Gamutmap puede igualar los colores en todos los espacios de color HLC \/ LAB \/ RGB y CMYK.\" href=\"https:\/\/www.gamutmap.de\" target=\"_blank\" rel=\"noopener noreferrer\">gamutmap.de<\/a> i\u0161 <a href=\"https:\/\/blog1.proofen.de\/es\/lexico-2\/prueba\/\" target=\"_self\" class=\"encyclopedia tooltipstered\">Proof<\/a> GmbH.<\/p>\n<p>Internetin\u012f seminar\u0105, \u012fskaitant po jo vykusius klausimus ir atsakymus, galima nemokamai per\u017ei\u016br\u0117ti \u010dia.<\/p>\n<div id=\"kgvid_kgvid_0_wrapper\" class=\"kgvid_wrapper\">\n\t\t\t<div id=\"video_kgvid_0_div\" class=\"fitvidsignore kgvid_videodiv\" data-id=\"kgvid_0\" data-kgvid_video_vars='{\"id\":\"kgvid_0\",\"attachment_id\":0,\"player_type\":\"Video.js v8\",\"width\":\"640\",\"height\":\"360\",\"fullwidth\":\"false\",\"fixed_aspect\":\"false\",\"countable\":false,\"count_views\":\"quarters\",\"start\":\"\",\"autoplay\":\"false\",\"pauseothervideos\":\"false\",\"set_volume\":1,\"muted\":\"false\",\"meta\":false,\"endofvideooverlay\":false,\"resize\":\"true\",\"auto_res\":\"automatic\",\"pixel_ratio\":\"true\",\"right_click\":\"on\",\"playback_rate\":\"false\",\"title\":\"IDUG66_longversion.mp4\",\"skip_buttons\":[],\"nativecontrolsfortouch\":\"true\",\"locale\":\"lt\",\"enable_resolutions_plugin\":false}' itemprop=\"video\" itemscope itemtype=\"https:\/\/schema.org\/VideoObject\"><meta itemprop=\"embedUrl\" content=\"https:\/\/blog1.proofen.de\/wp-content\/uploads\/2020\/12\/IDUG66_longversion.mp4\"><meta itemprop=\"contentUrl\" content=\"https:\/\/blog1.proofen.de\/wp-content\/uploads\/2020\/12\/IDUG66_longversion.mp4\"><meta itemprop=\"name\" content=\"IDUG66_longversion.mp4\"><meta itemprop=\"description\" content=\"Video\"><meta itemprop=\"uploadDate\" content=\"2020-12-01T01:33:07+01:00\">\n\t\t\t\t<video id=\"video_kgvid_0\" playsinline controls preload=\"metadata\" width=\"640\" height=\"360\" class=\"fitvidsignore video-js kg-video-js-skin\">\n\t\t\t\t\t<source src=\"https:\/\/blog1.proofen.de\/wp-content\/uploads\/2020\/12\/IDUG66_longversion.mp4\" type=\"video\/mp4\" data-res=\"Full\">\n\t\t\t\t<\/source><\/video>\n\t\t\t<\/div>\n\t\t<\/div>\n<p class=\"translation-block\">Peteris J\u00e4geris savo <a class=\"\" href=\"http:\/\/com2publish.ch\/\" target=\"_self\">com2publish.ch<\/a> kanale paskelb\u0117 versij\u0105 be klausim\u0173 ir atsakym\u0173.<\/p>\n<div class=\"\"><a class=\"\" href=\"https:\/\/youtu.be\/3OnCapNwhVc\" target=\"_blank\" rel=\"noopener noreferrer\">https:\/\/youtu.be\/3OnCapNwhVc<\/a><\/div>","protected":false},"excerpt":{"rendered":"<p>Paskutiniame virtualiame susitikime \"InDesign\" naudotoj\u0173 grup\u0117 \u0160tutgarte IDUG pakviet\u0117 \"freieFarbe\" nar\u012f Peter\u012f J\u00e4ger\u012f i\u0161 \"pro2media\" \u0160veicarijoje, kad jis pristatyt\u0173 prane\u0161im\u0105 apie \u0161iuolaikin\u012f daugialyp\u0117s terp\u0117s \u012fmoni\u0173 dizain\u0105 naudojant atviruosius standartus, pagr\u012fstus tokiomis priemon\u0117mis, kaip \"freieFarbe e.V CIELAB HLC Colour Atlas XL\" arba i\u0161 jo i\u0161vestas gamutmap.de \u017einiatinklio sprendimas Proof GmbH. Internetin\u012f seminar\u0105, \u012fskaitant po jo sekusius klausimus ir atsakymus, nemokamai galite per\u017ei\u016br\u0117ti \u010dia. Peteris J\u00e4geris savo kanale com2publish.ch paskelb\u0117 versij\u0105 be klausim\u0173 ir atsakym\u0173. https:\/\/youtu.be\/3OnCapNwhVc<\/p>","protected":false},"author":2,"featured_media":4154,"comment_status":"open","ping_status":"open","sticky":false,"template":"","format":"standard","meta":{"om_disable_all_campaigns":false,"inline_featured_image":false,"_monsterinsights_skip_tracking":false,"footnotes":""},"categories":[1],"tags":[706,832,529,1200,833,684,679,680,705,944,682,709,708,1198,1199,230,904,121,549,1201],"class_list":["post-4139","post","type-post","status-publish","format-standard","has-post-thumbnail","hentry","category-allgemein","tag-cielab","tag-cielab-hlc-farbatlas","tag-cmyk","tag-corporate-design","tag-crossmedia","tag-farbatlas","tag-freiefarbe","tag-freiefarbe-e-v","tag-freiefarbe-de","tag-gamutmap","tag-hlc","tag-hlc-colour-atlas","tag-hlc-farbatlas","tag-idug","tag-indesign-user-group-stuttgart","tag-lab","tag-peter-jaeger","tag-proof-de","tag-srgb","tag-webinar","generate-columns","tablet-grid-50","mobile-grid-100","grid-parent","grid-50","no-featured-image-padding","resize-featured-image"],"aioseo_notices":[],"aioseo_head":"\n\t\t<!-- All in One SEO 5.0.1.1 - aioseo.com -->\n\t<meta name=\"description\" content=\"Die IDUG hatte mit Peter J\u00e4ger (Pro2Media\/Schweiz) einen Referenten zu Gast, der \u00fcber crossmediales Corporate Design mit HLC Farbatlas und Gamutmap berichtete.\" \/>\n\t<meta name=\"robots\" content=\"max-image-preview:large\" \/>\n\t<meta name=\"author\" content=\"Matthias Betz\"\/>\n\t<meta name=\"google-site-verification\" content=\"TuXxyRwxcEg2-WfOaQ8vScWQh3-uBAnxXmY7g3GT90A\" \/>\n\t<meta name=\"keywords\" content=\"freiefarbe.de,peter j\u00e4ger,idug,indesign user group stuttgart,crossmedia,corporate design,cielab,lab,hlc,farbatlas,gamutmap,proof.de,freiefarbe e.v.,srgb,cmyk,webinar,freiefarbe,hlc colour atlas,cielab hlc farbatlas,hlc farbatlas,,cielab,cielab hlc farbatlas,cmyk,corporate design,crossmedia,farbatlas,freiefarbe,freiefarbe e.v.,freiefarbe.de,gamutmap,hlc,hlc colour atlas,hlc farbatlas,idug,indesign user group stuttgart,lab,peter j\u00e4ger,proof.de,srgb,webinar\" \/>\n\t<link rel=\"canonical\" href=\"https:\/\/blog.proofs.de\/lt\/crossmediales-corporate-design-mit-freiefarbe-und-gamutmap-gratis-webinar-mit-peter-jaeger-pro2media-ch\/\" \/>\n\t<meta name=\"generator\" content=\"All in One SEO (AIOSEO) 5.0.1.1\" \/>\n\n\t\t<meta name=\"seobility\" content=\"593a8578143db71543f014978c690d47\">\n\t\t<meta property=\"og:locale\" content=\"lt_LT\" \/>\n\t\t<meta property=\"og:site_name\" content=\"Proof.de | Alles zu Proof, Farbmanagement, Grafik, Messtechnik &amp; Co.\" \/>\n\t\t<meta property=\"og:type\" content=\"article\" \/>\n\t\t<meta property=\"og:title\" content=\"Crossmediales Design: Webinar mit Peter J\u00e4ger | proof.de\" \/>\n\t\t<meta property=\"og:description\" content=\"Die IDUG hatte mit Peter J\u00e4ger (Pro2Media\/Schweiz) einen Referenten zu Gast, der \u00fcber crossmediales Corporate Design mit HLC Farbatlas und Gamutmap berichtete.\" \/>\n\t\t<meta property=\"og:url\" content=\"https:\/\/blog.proofs.de\/lt\/crossmediales-corporate-design-mit-freiefarbe-und-gamutmap-gratis-webinar-mit-peter-jaeger-pro2media-ch\/\" \/>\n\t\t<meta property=\"og:image\" content=\"https:\/\/blog.proofs.de\/wp-content\/uploads\/2020\/12\/IDUG66_longversion_thumb1.jpg\" \/>\n\t\t<meta property=\"og:image:secure_url\" content=\"https:\/\/blog.proofs.de\/wp-content\/uploads\/2020\/12\/IDUG66_longversion_thumb1.jpg\" \/>\n\t\t<meta property=\"og:image:width\" content=\"1920\" \/>\n\t\t<meta property=\"og:image:height\" content=\"1080\" \/>\n\t\t<meta property=\"article:published_time\" content=\"2020-12-01T00:33:07+00:00\" \/>\n\t\t<meta property=\"article:modified_time\" content=\"2022-04-21T12:05:06+00:00\" \/>\n\t\t<meta property=\"article:publisher\" content=\"https:\/\/www.facebook.com\/Proof.de\/\" \/>\n\t\t<meta name=\"twitter:card\" content=\"summary\" \/>\n\t\t<meta name=\"twitter:title\" content=\"Crossmediales Design: Webinar mit Peter J\u00e4ger | proof.de\" \/>\n\t\t<meta name=\"twitter:description\" content=\"Die IDUG hatte mit Peter J\u00e4ger (Pro2Media\/Schweiz) einen Referenten zu Gast, der \u00fcber crossmediales Corporate Design mit HLC Farbatlas und Gamutmap berichtete.\" \/>\n\t\t<meta name=\"twitter:image\" content=\"https:\/\/blog1.proofen.de\/wp-content\/uploads\/2020\/04\/proof_background.jpg\" \/>\n\t\t<script type=\"application\/ld+json\" class=\"aioseo-schema\">\n\t\t\t{\"@context\":\"https:\\\/\\\/schema.org\",\"@graph\":[{\"@type\":\"Article\",\"@id\":\"https:\\\/\\\/blog.proofs.de\\\/lt\\\/crossmediales-corporate-design-mit-freiefarbe-und-gamutmap-gratis-webinar-mit-peter-jaeger-pro2media-ch\\\/#article\",\"name\":\"Crossmediales Design: Webinar mit Peter J\\u00e4ger | proof.de\",\"headline\":\"Crossmediales Corporate Design mit freieFarbe und Gamutmap: Gratis Webinar mit Peter J\\u00e4ger (pro2media.ch)\",\"author\":{\"@id\":\"https:\\\/\\\/blog.proofs.de\\\/lt\\\/author\\\/mbetz\\\/#author\"},\"publisher\":{\"@id\":\"https:\\\/\\\/blog.proofs.de\\\/lt\\\/#organization\"},\"image\":{\"@type\":\"ImageObject\",\"url\":\"https:\\\/\\\/blog.proofs.de\\\/wp-content\\\/uploads\\\/2020\\\/12\\\/IDUG66_longversion_thumb1.jpg\",\"width\":1920,\"height\":1080,\"caption\":\"InDesign User Group Stuttgart: Crossmediales Corporate Design mit freieFarbe und Gamutmap: Vorschaubild\"},\"datePublished\":\"2020-12-01T01:33:07+01:00\",\"dateModified\":\"2022-04-21T14:05:06+02:00\",\"inLanguage\":\"lt-LT\",\"mainEntityOfPage\":{\"@id\":\"https:\\\/\\\/blog.proofs.de\\\/lt\\\/crossmediales-corporate-design-mit-freiefarbe-und-gamutmap-gratis-webinar-mit-peter-jaeger-pro2media-ch\\\/#webpage\"},\"isPartOf\":{\"@id\":\"https:\\\/\\\/blog.proofs.de\\\/lt\\\/crossmediales-corporate-design-mit-freiefarbe-und-gamutmap-gratis-webinar-mit-peter-jaeger-pro2media-ch\\\/#webpage\"},\"articleSection\":\"Allgemein, CIELAB, CIELAB HLC Farbatlas, CMYK, Corporate Design, Crossmedia, Farbatlas, freieFarbe, freieFarbe e.V., freiefarbe.de, Gamutmap, HLC, HLC Colour Atlas, HLC Farbatlas, IDUG, InDesign User Group Stuttgart, LAB, Peter J\\u00e4ger, Proof.de, sRGB, Webinar\"},{\"@type\":\"BreadcrumbList\",\"@id\":\"https:\\\/\\\/blog.proofs.de\\\/lt\\\/crossmediales-corporate-design-mit-freiefarbe-und-gamutmap-gratis-webinar-mit-peter-jaeger-pro2media-ch\\\/#breadcrumblist\",\"itemListElement\":[{\"@type\":\"ListItem\",\"@id\":\"https:\\\/\\\/blog.proofs.de\\\/lt#listItem\",\"position\":1,\"name\":\"Home\",\"item\":\"https:\\\/\\\/blog.proofs.de\\\/lt\",\"nextItem\":{\"@type\":\"ListItem\",\"@id\":\"https:\\\/\\\/blog.proofs.de\\\/lt\\\/thema\\\/allgemein\\\/#listItem\",\"name\":\"Allgemein\"}},{\"@type\":\"ListItem\",\"@id\":\"https:\\\/\\\/blog.proofs.de\\\/lt\\\/thema\\\/allgemein\\\/#listItem\",\"position\":2,\"name\":\"Allgemein\",\"item\":\"https:\\\/\\\/blog.proofs.de\\\/lt\\\/thema\\\/allgemein\\\/\",\"nextItem\":{\"@type\":\"ListItem\",\"@id\":\"https:\\\/\\\/blog.proofs.de\\\/lt\\\/crossmediales-corporate-design-mit-freiefarbe-und-gamutmap-gratis-webinar-mit-peter-jaeger-pro2media-ch\\\/#listItem\",\"name\":\"Crossmediales Corporate Design mit freieFarbe und Gamutmap: Gratis Webinar mit Peter J\\u00e4ger (pro2media.ch)\"},\"previousItem\":{\"@type\":\"ListItem\",\"@id\":\"https:\\\/\\\/blog.proofs.de\\\/lt#listItem\",\"name\":\"Home\"}},{\"@type\":\"ListItem\",\"@id\":\"https:\\\/\\\/blog.proofs.de\\\/lt\\\/crossmediales-corporate-design-mit-freiefarbe-und-gamutmap-gratis-webinar-mit-peter-jaeger-pro2media-ch\\\/#listItem\",\"position\":3,\"name\":\"Crossmediales Corporate Design mit freieFarbe und Gamutmap: Gratis Webinar mit Peter J\\u00e4ger (pro2media.ch)\",\"previousItem\":{\"@type\":\"ListItem\",\"@id\":\"https:\\\/\\\/blog.proofs.de\\\/lt\\\/thema\\\/allgemein\\\/#listItem\",\"name\":\"Allgemein\"}}]},{\"@type\":\"Organization\",\"@id\":\"https:\\\/\\\/blog.proofs.de\\\/lt\\\/#organization\",\"name\":\"Proof GmbH\",\"description\":\"Farbverbindlicher Proof, Farbproof, Digitalproof und Online-Proof.\",\"url\":\"https:\\\/\\\/blog.proofs.de\\\/lt\\\/\",\"telephone\":\"+4970717952740\",\"logo\":{\"@type\":\"ImageObject\",\"url\":\"https:\\\/\\\/blog1.proofen.de\\\/wp-content\\\/uploads\\\/2019\\\/09\\\/logo_proof_rgb_mit_balken_250px.png\",\"@id\":\"https:\\\/\\\/blog.proofs.de\\\/lt\\\/crossmediales-corporate-design-mit-freiefarbe-und-gamutmap-gratis-webinar-mit-peter-jaeger-pro2media-ch\\\/#organizationLogo\"},\"image\":{\"@id\":\"https:\\\/\\\/blog.proofs.de\\\/lt\\\/crossmediales-corporate-design-mit-freiefarbe-und-gamutmap-gratis-webinar-mit-peter-jaeger-pro2media-ch\\\/#organizationLogo\"},\"sameAs\":[\"https:\\\/\\\/www.facebook.com\\\/Proof.de\\\/\",\"https:\\\/\\\/www.instagram.com\\\/proof.de\\\/\",\"https:\\\/\\\/www.tiktok.com\\\/@proof_de\",\"https:\\\/\\\/www.youtube.com\\\/channel\\\/UCk80fQVQ25wC9wu3SywB-Nw\",\"https:\\\/\\\/www.linkedin.com\\\/company\\\/proof-de\"]},{\"@type\":\"Person\",\"@id\":\"https:\\\/\\\/blog.proofs.de\\\/lt\\\/author\\\/mbetz\\\/#author\",\"url\":\"https:\\\/\\\/blog.proofs.de\\\/lt\\\/author\\\/mbetz\\\/\",\"name\":\"Matthias Betz\",\"image\":{\"@type\":\"ImageObject\",\"@id\":\"https:\\\/\\\/blog.proofs.de\\\/lt\\\/crossmediales-corporate-design-mit-freiefarbe-und-gamutmap-gratis-webinar-mit-peter-jaeger-pro2media-ch\\\/#authorImage\",\"url\":\"https:\\\/\\\/blog.proofs.de\\\/wp-content\\\/uploads\\\/2020\\\/10\\\/matthias-betz-e1603934518350-150x150.png\",\"width\":96,\"height\":96,\"caption\":\"Matthias Betz\"}},{\"@type\":\"WebPage\",\"@id\":\"https:\\\/\\\/blog.proofs.de\\\/lt\\\/crossmediales-corporate-design-mit-freiefarbe-und-gamutmap-gratis-webinar-mit-peter-jaeger-pro2media-ch\\\/#webpage\",\"url\":\"https:\\\/\\\/blog.proofs.de\\\/lt\\\/crossmediales-corporate-design-mit-freiefarbe-und-gamutmap-gratis-webinar-mit-peter-jaeger-pro2media-ch\\\/\",\"name\":\"Crossmediales Design: Webinar mit Peter J\\u00e4ger | proof.de\",\"description\":\"Die IDUG hatte mit Peter J\\u00e4ger (Pro2Media\\\/Schweiz) einen Referenten zu Gast, der \\u00fcber crossmediales Corporate Design mit HLC Farbatlas und Gamutmap berichtete.\",\"inLanguage\":\"lt-LT\",\"isPartOf\":{\"@id\":\"https:\\\/\\\/blog.proofs.de\\\/lt\\\/#website\"},\"breadcrumb\":{\"@id\":\"https:\\\/\\\/blog.proofs.de\\\/lt\\\/crossmediales-corporate-design-mit-freiefarbe-und-gamutmap-gratis-webinar-mit-peter-jaeger-pro2media-ch\\\/#breadcrumblist\"},\"author\":{\"@id\":\"https:\\\/\\\/blog.proofs.de\\\/lt\\\/author\\\/mbetz\\\/#author\"},\"creator\":{\"@id\":\"https:\\\/\\\/blog.proofs.de\\\/lt\\\/author\\\/mbetz\\\/#author\"},\"image\":{\"@type\":\"ImageObject\",\"url\":\"https:\\\/\\\/blog.proofs.de\\\/wp-content\\\/uploads\\\/2020\\\/12\\\/IDUG66_longversion_thumb1.jpg\",\"@id\":\"https:\\\/\\\/blog.proofs.de\\\/lt\\\/crossmediales-corporate-design-mit-freiefarbe-und-gamutmap-gratis-webinar-mit-peter-jaeger-pro2media-ch\\\/#mainImage\",\"width\":1920,\"height\":1080,\"caption\":\"InDesign User Group Stuttgart: Crossmediales Corporate Design mit freieFarbe und Gamutmap: Vorschaubild\"},\"primaryImageOfPage\":{\"@id\":\"https:\\\/\\\/blog.proofs.de\\\/lt\\\/crossmediales-corporate-design-mit-freiefarbe-und-gamutmap-gratis-webinar-mit-peter-jaeger-pro2media-ch\\\/#mainImage\"},\"datePublished\":\"2020-12-01T01:33:07+01:00\",\"dateModified\":\"2022-04-21T14:05:06+02:00\"},{\"@type\":\"WebSite\",\"@id\":\"https:\\\/\\\/blog.proofs.de\\\/lt\\\/#website\",\"url\":\"https:\\\/\\\/blog.proofs.de\\\/lt\\\/\",\"name\":\"Proof.de\",\"description\":\"Farbverbindlicher Proof, Farbproof, Digitalproof und Online-Proof.\",\"inLanguage\":\"lt-LT\",\"publisher\":{\"@id\":\"https:\\\/\\\/blog.proofs.de\\\/lt\\\/#organization\"}}]}\n\t\t<\/script>\n\t\t<!-- All in One SEO -->\n\n","aioseo_head_json":{"title":"Kry\u017emini\u0173 medij\u0173 dizainas: internetinis seminaras su Peteriu J\u00e4geriu | proof.de","description":"IDUG kviestinis prane\u0161\u0117jas Peteris J\u00e4geris (\"Pro2Media\", \u0160veicarija) papasakojo apie \u012fvairi\u0173 medij\u0173 \u012fmoni\u0173 dizain\u0105 naudojant HLC spalv\u0173 atlas\u0105 ir \"Gamutmap\".","canonical_url":"https:\/\/blog.proofs.de\/lt\/crossmediales-corporate-design-mit-freiefarbe-und-gamutmap-gratis-webinar-mit-peter-jaeger-pro2media-ch\/","robots":"max-image-preview:large","keywords":"freiefarbe.de,peter j\u00e4ger,idug,indesign user group stuttgart,crossmedia,corporate design,cielab,lab,hlc,farbatlas,gamutmap,proof.de,freiefarbe e.v.,srgb,cmyk,webinar,freiefarbe,hlc colour atlas,cielab hlc farbatlas,hlc farbatlas,,cielab,cielab hlc farbatlas,cmyk,corporate design,crossmedia,farbatlas,freiefarbe,freiefarbe e.v.,freiefarbe.de,gamutmap,hlc,hlc colour atlas,hlc farbatlas,idug,indesign user group stuttgart,lab,peter j\u00e4ger,proof.de,srgb,webinar","webmasterTools":{"google-site-verification":"TuXxyRwxcEg2-WfOaQ8vScWQh3-uBAnxXmY7g3GT90A","miscellaneous":"&lt;meta name=\"seobility\" content=\"593a8578143db71543f014978c690d47\"&gt;"},"schema":{"@context":"https:\/\/schema.org","@graph":[{"@type":"Article","@id":"https:\/\/blog.proofs.de\/lt\/crossmediales-corporate-design-mit-freiefarbe-und-gamutmap-gratis-webinar-mit-peter-jaeger-pro2media-ch\/#article","name":"Crossmediales Design: Webinar mit Peter J\u00e4ger | proof.de","headline":"Crossmediales Corporate Design mit freieFarbe und Gamutmap: Gratis Webinar mit Peter J\u00e4ger (pro2media.ch)","author":{"@id":"https:\/\/blog.proofs.de\/lt\/author\/mbetz\/#author"},"publisher":{"@id":"https:\/\/blog.proofs.de\/lt\/#organization"},"image":{"@type":"ImageObject","url":"https:\/\/blog.proofs.de\/wp-content\/uploads\/2020\/12\/IDUG66_longversion_thumb1.jpg","width":1920,"height":1080,"caption":"InDesign User Group Stuttgart: Crossmediales Corporate Design mit freieFarbe und Gamutmap: Vorschaubild"},"datePublished":"2020-12-01T01:33:07+01:00","dateModified":"2022-04-21T14:05:06+02:00","inLanguage":"lt-LT","mainEntityOfPage":{"@id":"https:\/\/blog.proofs.de\/lt\/crossmediales-corporate-design-mit-freiefarbe-und-gamutmap-gratis-webinar-mit-peter-jaeger-pro2media-ch\/#webpage"},"isPartOf":{"@id":"https:\/\/blog.proofs.de\/lt\/crossmediales-corporate-design-mit-freiefarbe-und-gamutmap-gratis-webinar-mit-peter-jaeger-pro2media-ch\/#webpage"},"articleSection":"Allgemein, CIELAB, CIELAB HLC Farbatlas, CMYK, Corporate Design, Crossmedia, Farbatlas, freieFarbe, freieFarbe e.V., freiefarbe.de, Gamutmap, HLC, HLC Colour Atlas, HLC Farbatlas, IDUG, InDesign User Group Stuttgart, LAB, Peter J\u00e4ger, Proof.de, sRGB, Webinar"},{"@type":"BreadcrumbList","@id":"https:\/\/blog.proofs.de\/lt\/crossmediales-corporate-design-mit-freiefarbe-und-gamutmap-gratis-webinar-mit-peter-jaeger-pro2media-ch\/#breadcrumblist","itemListElement":[{"@type":"ListItem","@id":"https:\/\/blog.proofs.de\/lt#listItem","position":1,"name":"Home","item":"https:\/\/blog.proofs.de\/lt","nextItem":{"@type":"ListItem","@id":"https:\/\/blog.proofs.de\/lt\/thema\/allgemein\/#listItem","name":"Allgemein"}},{"@type":"ListItem","@id":"https:\/\/blog.proofs.de\/lt\/thema\/allgemein\/#listItem","position":2,"name":"Allgemein","item":"https:\/\/blog.proofs.de\/lt\/thema\/allgemein\/","nextItem":{"@type":"ListItem","@id":"https:\/\/blog.proofs.de\/lt\/crossmediales-corporate-design-mit-freiefarbe-und-gamutmap-gratis-webinar-mit-peter-jaeger-pro2media-ch\/#listItem","name":"Crossmediales Corporate Design mit freieFarbe und Gamutmap: Gratis Webinar mit Peter J\u00e4ger (pro2media.ch)"},"previousItem":{"@type":"ListItem","@id":"https:\/\/blog.proofs.de\/lt#listItem","name":"Home"}},{"@type":"ListItem","@id":"https:\/\/blog.proofs.de\/lt\/crossmediales-corporate-design-mit-freiefarbe-und-gamutmap-gratis-webinar-mit-peter-jaeger-pro2media-ch\/#listItem","position":3,"name":"Crossmediales Corporate Design mit freieFarbe und Gamutmap: Gratis Webinar mit Peter J\u00e4ger (pro2media.ch)","previousItem":{"@type":"ListItem","@id":"https:\/\/blog.proofs.de\/lt\/thema\/allgemein\/#listItem","name":"Allgemein"}}]},{"@type":"Organization","@id":"https:\/\/blog.proofs.de\/lt\/#organization","name":"Proof GmbH","description":"Farbverbindlicher Proof, Farbproof, Digitalproof und Online-Proof.","url":"https:\/\/blog.proofs.de\/lt\/","telephone":"+4970717952740","logo":{"@type":"ImageObject","url":"https:\/\/blog1.proofen.de\/wp-content\/uploads\/2019\/09\/logo_proof_rgb_mit_balken_250px.png","@id":"https:\/\/blog.proofs.de\/lt\/crossmediales-corporate-design-mit-freiefarbe-und-gamutmap-gratis-webinar-mit-peter-jaeger-pro2media-ch\/#organizationLogo"},"image":{"@id":"https:\/\/blog.proofs.de\/lt\/crossmediales-corporate-design-mit-freiefarbe-und-gamutmap-gratis-webinar-mit-peter-jaeger-pro2media-ch\/#organizationLogo"},"sameAs":["https:\/\/www.facebook.com\/Proof.de\/","https:\/\/www.instagram.com\/proof.de\/","https:\/\/www.tiktok.com\/@proof_de","https:\/\/www.youtube.com\/channel\/UCk80fQVQ25wC9wu3SywB-Nw","https:\/\/www.linkedin.com\/company\/proof-de"]},{"@type":"Person","@id":"https:\/\/blog.proofs.de\/lt\/author\/mbetz\/#author","url":"https:\/\/blog.proofs.de\/lt\/author\/mbetz\/","name":"Matthias Betz","image":{"@type":"ImageObject","@id":"https:\/\/blog.proofs.de\/lt\/crossmediales-corporate-design-mit-freiefarbe-und-gamutmap-gratis-webinar-mit-peter-jaeger-pro2media-ch\/#authorImage","url":"https:\/\/blog.proofs.de\/wp-content\/uploads\/2020\/10\/matthias-betz-e1603934518350-150x150.png","width":96,"height":96,"caption":"Matthias Betz"}},{"@type":"WebPage","@id":"https:\/\/blog.proofs.de\/lt\/crossmediales-corporate-design-mit-freiefarbe-und-gamutmap-gratis-webinar-mit-peter-jaeger-pro2media-ch\/#webpage","url":"https:\/\/blog.proofs.de\/lt\/crossmediales-corporate-design-mit-freiefarbe-und-gamutmap-gratis-webinar-mit-peter-jaeger-pro2media-ch\/","name":"Crossmediales Design: Webinar mit Peter J\u00e4ger | proof.de","description":"Die IDUG hatte mit Peter J\u00e4ger (Pro2Media\/Schweiz) einen Referenten zu Gast, der \u00fcber crossmediales Corporate Design mit HLC Farbatlas und Gamutmap berichtete.","inLanguage":"lt-LT","isPartOf":{"@id":"https:\/\/blog.proofs.de\/lt\/#website"},"breadcrumb":{"@id":"https:\/\/blog.proofs.de\/lt\/crossmediales-corporate-design-mit-freiefarbe-und-gamutmap-gratis-webinar-mit-peter-jaeger-pro2media-ch\/#breadcrumblist"},"author":{"@id":"https:\/\/blog.proofs.de\/lt\/author\/mbetz\/#author"},"creator":{"@id":"https:\/\/blog.proofs.de\/lt\/author\/mbetz\/#author"},"image":{"@type":"ImageObject","url":"https:\/\/blog.proofs.de\/wp-content\/uploads\/2020\/12\/IDUG66_longversion_thumb1.jpg","@id":"https:\/\/blog.proofs.de\/lt\/crossmediales-corporate-design-mit-freiefarbe-und-gamutmap-gratis-webinar-mit-peter-jaeger-pro2media-ch\/#mainImage","width":1920,"height":1080,"caption":"InDesign User Group Stuttgart: Crossmediales Corporate Design mit freieFarbe und Gamutmap: Vorschaubild"},"primaryImageOfPage":{"@id":"https:\/\/blog.proofs.de\/lt\/crossmediales-corporate-design-mit-freiefarbe-und-gamutmap-gratis-webinar-mit-peter-jaeger-pro2media-ch\/#mainImage"},"datePublished":"2020-12-01T01:33:07+01:00","dateModified":"2022-04-21T14:05:06+02:00"},{"@type":"WebSite","@id":"https:\/\/blog.proofs.de\/lt\/#website","url":"https:\/\/blog.proofs.de\/lt\/","name":"Proof.de","description":"Farbverbindlicher Proof, Farbproof, Digitalproof und Online-Proof.","inLanguage":"lt-LT","publisher":{"@id":"https:\/\/blog.proofs.de\/lt\/#organization"}}]},"og:locale":"lt_LT","og:site_name":"Proof.de | Alles zu Proof, Farbmanagement, Grafik, Messtechnik &amp; Co.","og:type":"article","og:title":"Crossmediales Design: Webinar mit Peter J\u00e4ger | proof.de","og:description":"Die IDUG hatte mit Peter J\u00e4ger (Pro2Media\/Schweiz) einen Referenten zu Gast, der \u00fcber crossmediales Corporate Design mit HLC Farbatlas und Gamutmap berichtete.","og:url":"https:\/\/blog.proofs.de\/lt\/crossmediales-corporate-design-mit-freiefarbe-und-gamutmap-gratis-webinar-mit-peter-jaeger-pro2media-ch\/","og:image":"https:\/\/blog.proofs.de\/wp-content\/uploads\/2020\/12\/IDUG66_longversion_thumb1.jpg","og:image:secure_url":"https:\/\/blog.proofs.de\/wp-content\/uploads\/2020\/12\/IDUG66_longversion_thumb1.jpg","og:image:width":1920,"og:image:height":1080,"article:published_time":"2020-12-01T00:33:07+00:00","article:modified_time":"2022-04-21T12:05:06+00:00","article:publisher":"https:\/\/www.facebook.com\/Proof.de\/","twitter:card":"summary","twitter:title":"Crossmediales Design: Webinar mit Peter J\u00e4ger | proof.de","twitter:description":"Die IDUG hatte mit Peter J\u00e4ger (Pro2Media\/Schweiz) einen Referenten zu Gast, der \u00fcber crossmediales Corporate Design mit HLC Farbatlas und Gamutmap berichtete.","twitter:image":"https:\/\/blog1.proofen.de\/wp-content\/uploads\/2020\/04\/proof_background.jpg"},"aioseo_meta_data":{"post_id":"4139","title":"Kry\u017emini\u0173 medij\u0173 dizainas: internetinis seminaras su Peteriu J\u00e4geriu | proof.de","description":"IDUG kviestinis prane\u0161\u0117jas Peteris J\u00e4geris (\"Pro2Media\", \u0160veicarija) papasakojo apie \u012fvairi\u0173 medij\u0173 \u012fmoni\u0173 dizain\u0105 naudojant HLC spalv\u0173 atlas\u0105 ir \"Gamutmap\".","keywords":[{"label":"freieFarbe.de,Peter J\u00e4ger,IDUG,InDesign User Group Stuttgart,Crossmedia,Corporate Design,CIELAB,LAB,HLC,Farbatlas,gamutmap,Proof.de,freieFarbe e.V.,sRGB,CMYK,Webinar,freieFarbe,HLC Colour Atlas,CIELAB HLC Farbatlas,HLC Farbatlas,","value":"freieFarbe.de,Peter J\u00e4ger,IDUG,InDesign User Group Stuttgart,Crossmedia,Corporate Design,CIELAB,LAB,HLC,Farbatlas,gamutmap,Proof.de,freieFarbe e.V.,sRGB,CMYK,Webinar,freieFarbe,HLC Colour Atlas,CIELAB HLC Farbatlas,HLC Farbatlas,"}],"keyphrases":{"focus":{"keyphrase":"Crossmediales","score":100,"analysis":{"keyphraseInTitle":{"title":"Focus keyphrase in SEO title","description":"Focus keyphrase found in SEO title.","score":9,"maxScore":9,"error":0},"keyphraseInDescription":{"title":"Focus keyphrase in meta description","description":"Focus keyphrase found in meta description.","score":9,"maxScore":9,"error":0},"keyphraseLength":{"title":"Focus keyphrase length","description":"Good job!","score":9,"maxScore":9,"error":0,"length":1},"keyphraseInURL":[],"keyphraseInIntroduction":{"title":"Focus keyphrase in introduction","description":"Your Focus keyphrase appears in the first paragraph. Well done!","score":9,"maxScore":9,"error":0},"keyphraseInSubHeadings":[],"keyphraseInImageAlt":[]}},"additional":[]},"primary_term":null,"canonical_url":null,"og_title":null,"og_description":null,"og_object_type":"default","og_image_type":"default","og_image_url":null,"og_image_width":null,"og_image_height":null,"og_image_custom_url":null,"og_image_custom_fields":null,"og_video":"","og_custom_url":null,"og_article_section":null,"og_article_tags":[],"twitter_use_og":false,"twitter_card":"default","twitter_image_type":"default","twitter_image_url":null,"twitter_image_custom_url":null,"twitter_image_custom_fields":null,"twitter_title":null,"twitter_description":null,"schema":{"blockGraphs":[],"customGraphs":[],"default":{"data":{"Article":[],"Course":[],"Dataset":[],"FAQPage":[],"Movie":[],"Person":[],"Product":[],"ProductReview":[],"Car":[],"Recipe":[],"Service":[],"SoftwareApplication":[],"WebPage":[]},"graphName":"","isEnabled":true},"graphs":[],"defaultGraph":"Article","defaultPostTypeGraph":""},"schema_type":"default","schema_type_options":"{\"article\":{\"articleType\":\"BlogPosting\"},\"course\":{\"name\":\"\",\"description\":\"\",\"provider\":\"\"},\"faq\":{\"pages\":[]},\"product\":{\"reviews\":[]},\"recipe\":{\"ingredients\":[],\"instructions\":[],\"keywords\":[]},\"software\":{\"reviews\":[],\"operatingSystems\":[]},\"webPage\":{\"webPageType\":\"WebPage\"}}","pillar_content":false,"robots_default":true,"robots_noindex":false,"robots_noarchive":false,"robots_nosnippet":false,"robots_nofollow":false,"robots_noimageindex":false,"robots_noodp":false,"robots_notranslate":false,"robots_max_snippet":"-1","robots_max_videopreview":"-1","robots_max_imagepreview":"large","priority":null,"frequency":"default","local_seo":null,"breadcrumb_settings":null,"limit_modified_date":false,"ai":null,"created":"2020-12-21 00:31:56","updated":"2025-06-04 14:27:05","seo_analyzer_scan_date":null,"focus_keyword":"Crossmediales","additional_keywords":null,"truseo_locale":null},"_links":{"self":[{"href":"https:\/\/blog.proofs.de\/lt\/wp-json\/wp\/v2\/posts\/4139","targetHints":{"allow":["GET"]}}],"collection":[{"href":"https:\/\/blog.proofs.de\/lt\/wp-json\/wp\/v2\/posts"}],"about":[{"href":"https:\/\/blog.proofs.de\/lt\/wp-json\/wp\/v2\/types\/post"}],"author":[{"embeddable":true,"href":"https:\/\/blog.proofs.de\/lt\/wp-json\/wp\/v2\/users\/2"}],"replies":[{"embeddable":true,"href":"https:\/\/blog.proofs.de\/lt\/wp-json\/wp\/v2\/comments?post=4139"}],"version-history":[{"count":7,"href":"https:\/\/blog.proofs.de\/lt\/wp-json\/wp\/v2\/posts\/4139\/revisions"}],"predecessor-version":[{"id":4151,"href":"https:\/\/blog.proofs.de\/lt\/wp-json\/wp\/v2\/posts\/4139\/revisions\/4151"}],"wp:featuredmedia":[{"embeddable":true,"href":"https:\/\/blog.proofs.de\/lt\/wp-json\/wp\/v2\/media\/4154"}],"wp:attachment":[{"href":"https:\/\/blog.proofs.de\/lt\/wp-json\/wp\/v2\/media?parent=4139"}],"wp:term":[{"taxonomy":"category","embeddable":true,"href":"https:\/\/blog.proofs.de\/lt\/wp-json\/wp\/v2\/categories?post=4139"},{"taxonomy":"post_tag","embeddable":true,"href":"https:\/\/blog.proofs.de\/lt\/wp-json\/wp\/v2\/tags?post=4139"}],"curies":[{"name":"wp","href":"https:\/\/api.w.org\/{rel}","templated":true}]}}