{"id":1386,"date":"2015-09-17T00:59:25","date_gmt":"2015-09-16T22:59:25","guid":{"rendered":"http:\/\/www.proof.de\/?p=1386"},"modified":"2020-04-16T01:10:38","modified_gmt":"2020-04-15T23:10:38","slug":"kick-off-psocoatedv3-und-psouncoatedv3-am-30-09-2015-in-stuttgart","status":"publish","type":"post","link":"https:\/\/blog.proofs.de\/lv\/kick-off-psocoatedv3-und-psouncoatedv3-am-30-09-2015-in-stuttgart\/","title":{"rendered":"S\u0101kums: PSOCoatedV3 un PSOUncoatedV3 \u0160tutgart\u0113 30.09.2015."},"content":{"rendered":"<div class=\"kk-star-ratings kksr-auto kksr-align-right kksr-valign-top\" data-payload='{\"align\":\"right\",\"id\":\"1386\",\"slug\":\"default\",\"valign\":\"top\",\"ignore\":\"\",\"reference\":\"auto\",\"class\":\"\",\"count\":\"0\",\"legendonly\":\"\",\"readonly\":\"\",\"score\":\"0\",\"starsonly\":\"\",\"best\":\"5\",\"gap\":\"5\",\"greet\":\"Jetzt bewerten\",\"legend\":\"0\\\/5 - (0 votes)\",\"size\":\"24\",\"title\":\"Kick-off: PSOCoatedV3 und PSOUncoatedV3 am 30.09.2015 in Stuttgart\",\"width\":\"0\",\"_legend\":\"{score}\\\/{best} - ({count} {votes})\",\"font_factor\":\"1.25\"}'>\n            \n<div class=\"kksr-stars\">\n    \n<div class=\"kksr-stars-inactive\">\n            <div class=\"kksr-star\" data-star=\"1\" style=\"padding-right: 5px\">\n            \n\n<div class=\"kksr-icon\" style=\"width: 24px; height: 24px;\"><\/div>\n        <\/div>\n            <div class=\"kksr-star\" data-star=\"2\" style=\"padding-right: 5px\">\n            \n\n<div class=\"kksr-icon\" style=\"width: 24px; height: 24px;\"><\/div>\n        <\/div>\n            <div class=\"kksr-star\" data-star=\"3\" style=\"padding-right: 5px\">\n            \n\n<div class=\"kksr-icon\" style=\"width: 24px; height: 24px;\"><\/div>\n        <\/div>\n            <div class=\"kksr-star\" data-star=\"4\" style=\"padding-right: 5px\">\n            \n\n<div class=\"kksr-icon\" style=\"width: 24px; height: 24px;\"><\/div>\n        <\/div>\n            <div class=\"kksr-star\" data-star=\"5\" style=\"padding-right: 5px\">\n            \n\n<div class=\"kksr-icon\" style=\"width: 24px; height: 24px;\"><\/div>\n        <\/div>\n    <\/div>\n    \n<div class=\"kksr-stars-active\" style=\"width: 0px;\">\n            <div class=\"kksr-star\" style=\"padding-right: 5px\">\n            \n\n<div class=\"kksr-icon\" style=\"width: 24px; height: 24px;\"><\/div>\n        <\/div>\n            <div class=\"kksr-star\" style=\"padding-right: 5px\">\n            \n\n<div class=\"kksr-icon\" style=\"width: 24px; height: 24px;\"><\/div>\n        <\/div>\n            <div class=\"kksr-star\" style=\"padding-right: 5px\">\n            \n\n<div class=\"kksr-icon\" style=\"width: 24px; height: 24px;\"><\/div>\n        <\/div>\n            <div class=\"kksr-star\" style=\"padding-right: 5px\">\n            \n\n<div class=\"kksr-icon\" style=\"width: 24px; height: 24px;\"><\/div>\n        <\/div>\n            <div class=\"kksr-star\" style=\"padding-right: 5px\">\n            \n\n<div class=\"kksr-icon\" style=\"width: 24px; height: 24px;\"><\/div>\n        <\/div>\n    <\/div>\n<\/div>\n                \n\n<div class=\"kksr-legend\" style=\"font-size: 19.2px;\">\n            <span class=\"kksr-muted\">Nov\u0113rt\u0113jiet tagad<\/span>\n    <\/div>\n    <\/div>\n<p>Port\u0101ls <a href=\"https:\/\/blog.proofs.de\/lv\/lexikon\/bvdm\/\" target=\"_self\" title=\"Bundesverband Druck und Medien e.V. (bvdm) ir V\u0101cijas poligr\u0101fijas nozares jumta organiz\u0101cija.\" class=\"encyclopedia\">bvdm<\/a> aicina kop\u0101 ar <a href=\"https:\/\/blog.proofs.de\/lv\/lexikon\/fogra\/\" target=\"_self\" title=\"Fogra Forschungsgesellschaft Druck e.V., kas atrodas Minhen\u0113.\" class=\"encyclopedia\">Fogra<\/a> un <a href=\"https:\/\/blog.proofs.de\/lv\/lexikon\/eci\/\" target=\"_self\" title=\"ECI - Eiropas kr\u0101su iniciat\u012bva ir ekspertu grupa, kas nodarbojas ar kr\u0101su datu apstr\u0101di izdev\u0113jdarb\u012bbas sist\u0113m\u0101s.\" class=\"encyclopedia\">ECI<\/a> uz kop\u012bgu jauno druk\u0101\u0161anas nosac\u012bjumu \"atkl\u0101\u0161anu\" 30.09.2015. \u0160tutgartes Mediju universit\u0101t\u0113.<\/p>\n<p>bvdm k\u0101 vien\u012bg\u0101 iesaist\u012bt\u0101 asoci\u0101cija public\u0113ja \u0161o pas\u0101kumu sav\u0101 t\u012bmek\u013ca vietn\u0113. Iesp\u0113jams, tas ir viens no iemesliem, k\u0101p\u0113c daudzi ieinteres\u0113tie un skartie cilv\u0113ki par \u0161o pas\u0101kumu pat nebija dzird\u0113ju\u0161i.<\/p>\n<p>T\u0101p\u0113c es v\u0113los izmantot \u0161o iesp\u0113ju un v\u0113lreiz skaidri nor\u0101d\u012bt uz \u0161o pas\u0101kumu, kas ir atv\u0113rts speci\u0101listu auditorijai:<\/p>\n<p>\u0160\u0101du pazi\u0146ojumu var atrast bvdm t\u012bmek\u013ca vietn\u0113:<\/p>\n<p>\"Bundesverband Druck und Medien e.V. (bvdm), Eiropas Druck und Medien e.V. (bvdm), Eiropas<a href=\"https:\/\/blog.proofs.de\/lv\/lexikon\/ean\/\" target=\"_self\" title=\"EAN = Eiropas pre\u010du numurs. EAN 2009. gad\u0101 aizst\u0101ts ar GTIN = glob\u0101lo tirdzniec\u012bbas identifik\u0101cijas numuru.\" class=\"encyclopedia\">ean<\/a> Color Initiative (ECI) un Forschungsgesellschaft Druck e.V. (Fogra) iepaz\u012bstin\u0101s ar kop\u012bgi izstr\u0101d\u0101tajiem un p\u0101rbaud\u012btajiem darba r\u012bkiem, kas paredz\u0113ti, lai \u012bstenotu iniciat\u012bvu \"Kr\u0101su iniciat\u012bva\" (ECI). <a href=\"https:\/\/blog.proofs.de\/lv\/lexikon\/iso-12647\/\" target=\"_self\" title=\"ISO 12647 ir ISO standarts, kas attiecas uz druk\u0101\u0161anu. Tas nosaka svar\u012bg\u0101kos galvenos punktus standartiz\u0113tai, kr\u0101su pras\u012bb\u0101m atbilsto\u0161ai druk\u0101\u0161anai.\" class=\"encyclopedia\">ISO 12647<\/a>-2:2013.<\/p>\n<p>Jaunaj\u0101 ISO 12647-2 \u0146emti v\u0113r\u0101 jaun\u0101kie sasniegumi m\u0113r\u012b\u0161anas tehnolo\u0123iju jom\u0101 un <a href=\"https:\/\/blog.proofs.de\/lv\/lexikon\/normlicht\/\" target=\"_self\" title=\"Standarta apgaismojums ir defin\u0113ti apgaismojuma apst\u0101k\u013ci, kuros skat\u012bt\u0101ji var vienm\u0113r\u012bgi nov\u0113rot un nov\u0113rt\u0113t izdrukas vai objektus. Svar\u012bg\u0101kais standarta apgaismojums iespied\u0113jiem ir D50 (kr\u0101su temperat\u016bra: 5000 Kelv\u012bnu).\" class=\"encyclopedia\">Standarta gaisma<\/a> - Atsl\u0113gv\u0101rds <a href=\"https:\/\/blog.proofs.de\/lv\/lexikon\/optische-aufheller\/\" target=\"_self\" title=\"Optiskie balin\u0101t\u0101ji ir piedevas, ko pap\u012bra ra\u017eot\u0101ji izmanto, lai padar\u012btu pap\u012bru balt\u0101ku un gai\u0161\u0101ku.\" class=\"encyclopedia\">optiskie balin\u0101t\u0101ji<\/a> - un t\u0101d\u0113j\u0101di pied\u0101v\u0101 b\u016btiskas priek\u0161roc\u012bbas kvalit\u0101tes p\u0101rvald\u012bb\u0101 standartiz\u0113tas drukas jom\u0101. Standarta uzlabojumi, nesen izstr\u0101d\u0101tie druk\u0101\u0161anas nosac\u012bjumi p\u0101rkl\u0101tam un nep\u0101rkl\u0101tam augst\u0101k\u0101s kvalit\u0101tes pap\u012bram lok\u0161\u0146u iespie\u0161anas iek\u0101rt\u0101s<a href=\"https:\/\/blog.proofs.de\/lv\/lexikon\/offsetdruck\/\" target=\"_self\" title=\"Ofseta druka ir netie\u0161\u0101s drukas process. Netie\u0161\u0101 noz\u012bm\u0113, ka drukas forma un substr\u0101ts nenon\u0101k tie\u0161\u0101 saskar\u0113, bet k\u0101 p\u0101rneses l\u012bdzeklis tiek izmantots starpposms. Tas ir visizplat\u012bt\u0101kais drukas process. Past\u0101v: - lok\u0161\u0146u ofseta iespiedma\u0161\u012bnas un - ru\u013c\u013cu ofseta iespiedma\u0161\u012bnas.\" class=\"encyclopedia\">ofseta druka<\/a> un to veiksm\u012bgu ievie\u0161anu praks\u0113 ir skaidri izkl\u0101st\u012bju\u0161i projekt\u0101 iesaist\u012btie dal\u012bbnieki. Nodro\u0161inot jaunos drukas nosac\u012bjumus, tostarp starptautiski p\u0101rbaud\u012bt\u0101 standarta \"ISO Coated V2\" (Fogra39) p\u0113cteci, tika rad\u012bts pamats nep\u0101rtrauktai un uzlabotai procesu standarta \"ProcessStandard Offset\" piem\u0113ro\u0161anai.<\/p>\n<p class=\"bodytext\"><strong>Tre\u0161diena, 2015. gada 30. septembris - no plkst. 10:00 l\u012bdz 12:30.<\/strong><br>\n<strong>\u0160tutgartes Mediju universit\u0101te (HdM)&nbsp;<\/strong><\/p>\n<p class=\"bodytext\"><strong>3. fakult\u0101tes jaun\u0101 \u0113ka, pirmais st\u0101vs, auditorija i003&nbsp;<\/strong><br>\n<strong>Nobelstra\u00dfe 10, D-70569 Stuttgart (Vaihingen)<\/strong>\"<\/p>\n<p class=\"bodytext\">Re\u0123istr\u0101cija iesp\u0113jama, izmantojot e-pasta adresi&nbsp;<a href=\"mailto:ks@bvdm-online.de\">ks(at)bvdm-online(dot)de<\/a>&nbsp;nepiecie\u0161ams. Dokumentus var piepras\u012bt ar\u012b \u0161eit, ja nevarat ierasties.<\/p>\n<p class=\"bodytext\">ECI adres\u0101tu sarakst\u0101 tika izteiktas v\u0113lmes, vai pas\u0101kums tiks transl\u0113ts ar\u012b internet\u0101, jo, \u0146emot v\u0113r\u0101 ar\u012b \u012bso pazi\u0146ojuma termi\u0146u, daudzi noteikti nevar\u0113s to apmekl\u0113t. Pagaid\u0101m nekas vair\u0101k par to nav zin\u0101ms.<\/p>\n<p class=\"bodytext\"><strong>Papildin\u0101jums 19.09.2015:<\/strong><\/p>\n<p class=\"bodytext\">\u0160odien Fogra ar\u012b aicin\u0101ja uz atkl\u0101\u0161anas pas\u0101kumu \u0160tutgart\u0113, izmantojot savu adres\u0101tu sarakstu. Vi\u0146u t\u012bmek\u013ca vietn\u0113 v\u0113l nav prec\u012bzas nor\u0101des par datumu, bet ir pieejams Andreasa Krau\u00dfhaara PDF dokuments, kur\u0101 vi\u0146\u0161 apraksta gan funkcijas, gan pieredzi, kas g\u016bta, str\u0101d\u0101jot ar gaid\u0101mo E<a href=\"https:\/\/blog.proofs.de\/lv\/lexikon\/pso\/\" target=\"_self\" title='PSO noz\u012bm\u0113 &quot;ProcessStandard Offset&quot;, kas ir Fogra un V\u0101cijas Poligr\u0101fijas un mediju nozares feder\u0101cijas kop\u012bgi izstr\u0101d\u0101ts standarts. ProcessStandard Offset ir normu un standartiz\u0101cijas kopums ofseta drukai.' class=\"encyclopedia\">pso<\/a>n Epson Sure Color P 7000 un P 9000, k\u0101 ar\u012b iepaz\u012bstina ar gaid\u0101majiem standartiem. PDF dokumentu var lejupiel\u0101d\u0113t no Fogra t\u012bmek\u013ca vietnes \u0161eit:<\/p>\n<p class=\"bodytext\"><a href=\"http:\/\/www.fogra.de\/index.php?menuid=239&amp;downloadid=956&amp;reporeid=184\">Epson SureColor SP-7000 prezent\u0101cija Meerbusch 16.9.215. gad\u0101<\/a><br>\n<a href=\"http:\/\/www.fogra.de\/index.php?menuid=239&amp;downloadid=956&amp;reporeid=184\">Pieredze ar \"violeto\" kr\u0101su un FOGRA51\/52 standarta statusu<\/a><\/p>","protected":false},"excerpt":{"rendered":"<p>Kop\u0101 ar Fogra un ECI bvdm aicina j\u016bs uz kop\u012bgu jauno druk\u0101\u0161anas nosac\u012bjumu \"atkl\u0101\u0161anas pas\u0101kumu\", kas notiks 2015. gada 30. septembr\u012b \u0160tutgartes Mediju universit\u0101t\u0113. K\u0101 vien\u012bg\u0101 iesaist\u012bt\u0101 asoci\u0101cija bvdm ir public\u0113jusi \u0161o pas\u0101kumu sav\u0101 t\u012bmek\u013ca vietn\u0113. Iesp\u0113jams, tas ir viens no iemesliem, k\u0101p\u0113c daudzas ieinteres\u0113t\u0101s un skart\u0101s puses v\u0113l nav dzird\u0113ju\u0161as par \u0161o pas\u0101kumu. T\u0101p\u0113c es v\u0113l\u0113tos izmantot \u0161o iesp\u0113ju, lai v\u0113lreiz nep\u0101rprotami piev\u0113rstu uzman\u012bbu \u0161im pas\u0101kumam, kas ir atv\u0113rts nozares apmekl\u0113t\u0101jiem: bvdm t\u012bmek\u013ca vietn\u0113 ir atrodama \u0161\u0101da inform\u0101cija: \"Bundesverband Druck und Medien e.V. (bvdm), Eiropas Kr\u0101su iniciat\u012bva (ECI) un .... <\/p>\n<p class=\"read-more-container\"><a title=\"S\u0101kums: PSOCoatedV3 un PSOUncoatedV3 \u0160tutgart\u0113 30.09.2015.\" class=\"read-more button\" href=\"https:\/\/blog.proofs.de\/lv\/kick-off-psocoatedv3-und-psouncoatedv3-am-30-09-2015-in-stuttgart\/#more-1386\" aria-label=\"Lasiet vair\u0101k par atkl\u0101\u0161anas pas\u0101kumu: PSOCoatedV3 un PSOUncoatedV3 2015. gada 30. septembr\u012b \u0160tutgart\u0113.\">Las\u012bt vair\u0101k<\/a><\/p>","protected":false},"author":2,"featured_media":0,"comment_status":"open","ping_status":"open","sticky":false,"template":"","format":"standard","meta":{"om_disable_all_campaigns":false,"inline_featured_image":false,"_monsterinsights_skip_tracking":false,"footnotes":""},"categories":[1,7,442],"tags":[575,530,577,576,522,181,183,568,484,485],"class_list":["post-1386","post","type-post","status-publish","format-standard","hentry","category-allgemein","category-proof-wissen","category-prozessstandard-offsetdruck-proof-wissen","tag-bvdm","tag-eci","tag-epson-sure-color-p-9000","tag-epson-sure-color-p7000","tag-fogra","tag-fogra51","tag-fogra52","tag-oba","tag-psocoatedv3","tag-psouncoatedv3","generate-columns","tablet-grid-50","mobile-grid-100","grid-parent","grid-50","no-featured-image-padding"],"aioseo_notices":[],"aioseo_head":"\n\t\t<!-- All in One SEO 5.0.1.1 - aioseo.com -->\n\t<meta name=\"description\" content=\"Der bvdm l\u00e4dt zusammen mit Fogra und ECI zu einem gemeinsamen &quot;Kick-Off&quot; der neuen Druckbedingungen am 30.09.2015 in die Hochschule der Medien nach Stuttgart.\" \/>\n\t<meta name=\"robots\" content=\"max-image-preview:large\" \/>\n\t<meta name=\"author\" content=\"Matthias Betz\"\/>\n\t<meta name=\"google-site-verification\" content=\"TuXxyRwxcEg2-WfOaQ8vScWQh3-uBAnxXmY7g3GT90A\" \/>\n\t<meta name=\"keywords\" content=\"psocoatedv3,psouncoatedv3,fogra51,fogra52,oba,bvdm,fogra,eci,,bvdm,eci,epson sure color p 9000,epson sure color p7000,fogra,fogra51,fogra52,oba,psocoatedv3,psouncoatedv3\" \/>\n\t<link rel=\"canonical\" href=\"https:\/\/blog.proofs.de\/lv\/kick-off-psocoatedv3-und-psouncoatedv3-am-30-09-2015-in-stuttgart\/\" \/>\n\t<meta name=\"generator\" content=\"All in One SEO (AIOSEO) 5.0.1.1\" \/>\n\n\t\t<meta name=\"seobility\" content=\"593a8578143db71543f014978c690d47\">\n\t\t<meta property=\"og:locale\" content=\"lv_LV\" \/>\n\t\t<meta property=\"og:site_name\" content=\"Proof.de | Alles zu Proof, Farbmanagement, Grafik, Messtechnik &amp; Co.\" \/>\n\t\t<meta property=\"og:type\" content=\"article\" \/>\n\t\t<meta property=\"og:title\" content=\"Kick-off: PSOCoatedV3 und PSOUncoatedV3 am 30.9. | proof.de\" \/>\n\t\t<meta property=\"og:description\" content=\"Der bvdm l\u00e4dt zusammen mit Fogra und ECI zu einem gemeinsamen &quot;Kick-Off&quot; der neuen Druckbedingungen am 30.09.2015 in die Hochschule der Medien nach Stuttgart.\" \/>\n\t\t<meta property=\"og:url\" content=\"https:\/\/blog.proofs.de\/lv\/kick-off-psocoatedv3-und-psouncoatedv3-am-30-09-2015-in-stuttgart\/\" \/>\n\t\t<meta property=\"og:image\" content=\"https:\/\/blog1.proofen.de\/wp-content\/uploads\/2020\/04\/proof_background.jpg\" \/>\n\t\t<meta property=\"og:image:secure_url\" content=\"https:\/\/blog1.proofen.de\/wp-content\/uploads\/2020\/04\/proof_background.jpg\" \/>\n\t\t<meta property=\"article:published_time\" content=\"2015-09-16T22:59:25+00:00\" \/>\n\t\t<meta property=\"article:modified_time\" content=\"2020-04-15T23:10:38+00:00\" \/>\n\t\t<meta property=\"article:publisher\" content=\"https:\/\/www.facebook.com\/Proof.de\/\" \/>\n\t\t<meta name=\"twitter:card\" content=\"summary\" \/>\n\t\t<meta name=\"twitter:title\" content=\"Kick-off: PSOCoatedV3 und PSOUncoatedV3 am 30.9. | proof.de\" \/>\n\t\t<meta name=\"twitter:description\" content=\"Der bvdm l\u00e4dt zusammen mit Fogra und ECI zu einem gemeinsamen &quot;Kick-Off&quot; der neuen Druckbedingungen am 30.09.2015 in die Hochschule der Medien nach Stuttgart.\" \/>\n\t\t<meta name=\"twitter:image\" content=\"https:\/\/blog1.proofen.de\/wp-content\/uploads\/2020\/04\/proof_background.jpg\" \/>\n\t\t<script type=\"application\/ld+json\" class=\"aioseo-schema\">\n\t\t\t{\"@context\":\"https:\\\/\\\/schema.org\",\"@graph\":[{\"@type\":\"Article\",\"@id\":\"https:\\\/\\\/blog.proofs.de\\\/lv\\\/kick-off-psocoatedv3-und-psouncoatedv3-am-30-09-2015-in-stuttgart\\\/#article\",\"name\":\"Kick-off: PSOCoatedV3 und PSOUncoatedV3 am 30.9. | proof.de\",\"headline\":\"Kick-off: PSOCoatedV3 und PSOUncoatedV3 am 30.09.2015 in Stuttgart\",\"author\":{\"@id\":\"https:\\\/\\\/blog.proofs.de\\\/lv\\\/author\\\/mbetz\\\/#author\"},\"publisher\":{\"@id\":\"https:\\\/\\\/blog.proofs.de\\\/lv\\\/#organization\"},\"image\":{\"@type\":\"ImageObject\",\"url\":\"https:\\\/\\\/blog1.proofen.de\\\/wp-content\\\/uploads\\\/2019\\\/09\\\/logo_proof_rgb_mit_balken_250px.png\",\"@id\":\"https:\\\/\\\/blog.proofs.de\\\/lv\\\/#articleImage\"},\"datePublished\":\"2015-09-17T00:59:25+02:00\",\"dateModified\":\"2020-04-16T01:10:38+02:00\",\"inLanguage\":\"lv\",\"commentCount\":5,\"mainEntityOfPage\":{\"@id\":\"https:\\\/\\\/blog.proofs.de\\\/lv\\\/kick-off-psocoatedv3-und-psouncoatedv3-am-30-09-2015-in-stuttgart\\\/#webpage\"},\"isPartOf\":{\"@id\":\"https:\\\/\\\/blog.proofs.de\\\/lv\\\/kick-off-psocoatedv3-und-psouncoatedv3-am-30-09-2015-in-stuttgart\\\/#webpage\"},\"articleSection\":\"Allgemein, Proof Wissen, Prozessstandard Offsetdruck, bvdm, ECI, Epson Sure Color P 9000, Epson Sure Color P7000, Fogra, Fogra51, Fogra52, OBA, PSOcoatedV3, PSOUncoatedV3\"},{\"@type\":\"BreadcrumbList\",\"@id\":\"https:\\\/\\\/blog.proofs.de\\\/lv\\\/kick-off-psocoatedv3-und-psouncoatedv3-am-30-09-2015-in-stuttgart\\\/#breadcrumblist\",\"itemListElement\":[{\"@type\":\"ListItem\",\"@id\":\"https:\\\/\\\/blog.proofs.de\\\/lv#listItem\",\"position\":1,\"name\":\"Home\",\"item\":\"https:\\\/\\\/blog.proofs.de\\\/lv\",\"nextItem\":{\"@type\":\"ListItem\",\"@id\":\"https:\\\/\\\/blog.proofs.de\\\/lv\\\/thema\\\/proof-wissen\\\/#listItem\",\"name\":\"Proof Wissen\"}},{\"@type\":\"ListItem\",\"@id\":\"https:\\\/\\\/blog.proofs.de\\\/lv\\\/thema\\\/proof-wissen\\\/#listItem\",\"position\":2,\"name\":\"Proof Wissen\",\"item\":\"https:\\\/\\\/blog.proofs.de\\\/lv\\\/thema\\\/proof-wissen\\\/\",\"nextItem\":{\"@type\":\"ListItem\",\"@id\":\"https:\\\/\\\/blog.proofs.de\\\/lv\\\/thema\\\/proof-wissen\\\/prozessstandard-offsetdruck-proof-wissen\\\/#listItem\",\"name\":\"Prozessstandard Offsetdruck\"},\"previousItem\":{\"@type\":\"ListItem\",\"@id\":\"https:\\\/\\\/blog.proofs.de\\\/lv#listItem\",\"name\":\"Home\"}},{\"@type\":\"ListItem\",\"@id\":\"https:\\\/\\\/blog.proofs.de\\\/lv\\\/thema\\\/proof-wissen\\\/prozessstandard-offsetdruck-proof-wissen\\\/#listItem\",\"position\":3,\"name\":\"Prozessstandard Offsetdruck\",\"item\":\"https:\\\/\\\/blog.proofs.de\\\/lv\\\/thema\\\/proof-wissen\\\/prozessstandard-offsetdruck-proof-wissen\\\/\",\"nextItem\":{\"@type\":\"ListItem\",\"@id\":\"https:\\\/\\\/blog.proofs.de\\\/lv\\\/kick-off-psocoatedv3-und-psouncoatedv3-am-30-09-2015-in-stuttgart\\\/#listItem\",\"name\":\"Kick-off: PSOCoatedV3 und PSOUncoatedV3 am 30.09.2015 in Stuttgart\"},\"previousItem\":{\"@type\":\"ListItem\",\"@id\":\"https:\\\/\\\/blog.proofs.de\\\/lv\\\/thema\\\/proof-wissen\\\/#listItem\",\"name\":\"Proof Wissen\"}},{\"@type\":\"ListItem\",\"@id\":\"https:\\\/\\\/blog.proofs.de\\\/lv\\\/kick-off-psocoatedv3-und-psouncoatedv3-am-30-09-2015-in-stuttgart\\\/#listItem\",\"position\":4,\"name\":\"Kick-off: PSOCoatedV3 und PSOUncoatedV3 am 30.09.2015 in Stuttgart\",\"previousItem\":{\"@type\":\"ListItem\",\"@id\":\"https:\\\/\\\/blog.proofs.de\\\/lv\\\/thema\\\/proof-wissen\\\/prozessstandard-offsetdruck-proof-wissen\\\/#listItem\",\"name\":\"Prozessstandard Offsetdruck\"}}]},{\"@type\":\"Organization\",\"@id\":\"https:\\\/\\\/blog.proofs.de\\\/lv\\\/#organization\",\"name\":\"Proof GmbH\",\"description\":\"Farbverbindlicher Proof, Farbproof, Digitalproof und Online-Proof.\",\"url\":\"https:\\\/\\\/blog.proofs.de\\\/lv\\\/\",\"telephone\":\"+4970717952740\",\"logo\":{\"@type\":\"ImageObject\",\"url\":\"https:\\\/\\\/blog1.proofen.de\\\/wp-content\\\/uploads\\\/2019\\\/09\\\/logo_proof_rgb_mit_balken_250px.png\",\"@id\":\"https:\\\/\\\/blog.proofs.de\\\/lv\\\/kick-off-psocoatedv3-und-psouncoatedv3-am-30-09-2015-in-stuttgart\\\/#organizationLogo\"},\"image\":{\"@id\":\"https:\\\/\\\/blog.proofs.de\\\/lv\\\/kick-off-psocoatedv3-und-psouncoatedv3-am-30-09-2015-in-stuttgart\\\/#organizationLogo\"},\"sameAs\":[\"https:\\\/\\\/www.facebook.com\\\/Proof.de\\\/\",\"https:\\\/\\\/www.instagram.com\\\/proof.de\\\/\",\"https:\\\/\\\/www.tiktok.com\\\/@proof_de\",\"https:\\\/\\\/www.youtube.com\\\/channel\\\/UCk80fQVQ25wC9wu3SywB-Nw\",\"https:\\\/\\\/www.linkedin.com\\\/company\\\/proof-de\"]},{\"@type\":\"Person\",\"@id\":\"https:\\\/\\\/blog.proofs.de\\\/lv\\\/author\\\/mbetz\\\/#author\",\"url\":\"https:\\\/\\\/blog.proofs.de\\\/lv\\\/author\\\/mbetz\\\/\",\"name\":\"Matthias Betz\",\"image\":{\"@type\":\"ImageObject\",\"@id\":\"https:\\\/\\\/blog.proofs.de\\\/lv\\\/kick-off-psocoatedv3-und-psouncoatedv3-am-30-09-2015-in-stuttgart\\\/#authorImage\",\"url\":\"https:\\\/\\\/blog.proofs.de\\\/wp-content\\\/uploads\\\/2020\\\/10\\\/matthias-betz-e1603934518350-150x150.png\",\"width\":96,\"height\":96,\"caption\":\"Matthias Betz\"}},{\"@type\":\"WebPage\",\"@id\":\"https:\\\/\\\/blog.proofs.de\\\/lv\\\/kick-off-psocoatedv3-und-psouncoatedv3-am-30-09-2015-in-stuttgart\\\/#webpage\",\"url\":\"https:\\\/\\\/blog.proofs.de\\\/lv\\\/kick-off-psocoatedv3-und-psouncoatedv3-am-30-09-2015-in-stuttgart\\\/\",\"name\":\"Kick-off: PSOCoatedV3 und PSOUncoatedV3 am 30.9. | proof.de\",\"description\":\"Der bvdm l\\u00e4dt zusammen mit Fogra und ECI zu einem gemeinsamen \\\"Kick-Off\\\" der neuen Druckbedingungen am 30.09.2015 in die Hochschule der Medien nach Stuttgart.\",\"inLanguage\":\"lv\",\"isPartOf\":{\"@id\":\"https:\\\/\\\/blog.proofs.de\\\/lv\\\/#website\"},\"breadcrumb\":{\"@id\":\"https:\\\/\\\/blog.proofs.de\\\/lv\\\/kick-off-psocoatedv3-und-psouncoatedv3-am-30-09-2015-in-stuttgart\\\/#breadcrumblist\"},\"author\":{\"@id\":\"https:\\\/\\\/blog.proofs.de\\\/lv\\\/author\\\/mbetz\\\/#author\"},\"creator\":{\"@id\":\"https:\\\/\\\/blog.proofs.de\\\/lv\\\/author\\\/mbetz\\\/#author\"},\"datePublished\":\"2015-09-17T00:59:25+02:00\",\"dateModified\":\"2020-04-16T01:10:38+02:00\"},{\"@type\":\"WebSite\",\"@id\":\"https:\\\/\\\/blog.proofs.de\\\/lv\\\/#website\",\"url\":\"https:\\\/\\\/blog.proofs.de\\\/lv\\\/\",\"name\":\"Proof.de\",\"description\":\"Farbverbindlicher Proof, Farbproof, Digitalproof und Online-Proof.\",\"inLanguage\":\"lv\",\"publisher\":{\"@id\":\"https:\\\/\\\/blog.proofs.de\\\/lv\\\/#organization\"}}]}\n\t\t<\/script>\n\t\t<!-- All in One SEO -->\n\n","aioseo_head_json":{"title":"S\u0101kums: PSOCoatedV3 un PSOUncoatedV3 30.9. | proof.de","description":"Kop\u0101 ar Fogra un ECI bvdm aicina j\u016bs uz kop\u012bgu jauno druk\u0101\u0161anas nosac\u012bjumu \"atkl\u0101\u0161anas pas\u0101kumu\" 2015. gada 30. septembr\u012b \u0160tutgartes Mediju universit\u0101t\u0113.","canonical_url":"https:\/\/blog.proofs.de\/lv\/kick-off-psocoatedv3-und-psouncoatedv3-am-30-09-2015-in-stuttgart\/","robots":"max-image-preview:large","keywords":"psocoatedv3,psouncoatedv3,fogra51,fogra52,oba,bvdm,fogra,eci,,bvdm,eci,epson sure color p 9000,epson sure color p7000,fogra,fogra51,fogra52,oba,psocoatedv3,psouncoatedv3","webmasterTools":{"google-site-verification":"TuXxyRwxcEg2-WfOaQ8vScWQh3-uBAnxXmY7g3GT90A","miscellaneous":"&lt;meta name=\"seobility\" content=\"593a8578143db71543f014978c690d47\"&gt;"},"schema":{"@context":"https:\/\/schema.org","@graph":[{"@type":"Article","@id":"https:\/\/blog.proofs.de\/lv\/kick-off-psocoatedv3-und-psouncoatedv3-am-30-09-2015-in-stuttgart\/#article","name":"Kick-off: PSOCoatedV3 und PSOUncoatedV3 am 30.9. | proof.de","headline":"Kick-off: PSOCoatedV3 und PSOUncoatedV3 am 30.09.2015 in Stuttgart","author":{"@id":"https:\/\/blog.proofs.de\/lv\/author\/mbetz\/#author"},"publisher":{"@id":"https:\/\/blog.proofs.de\/lv\/#organization"},"image":{"@type":"ImageObject","url":"https:\/\/blog1.proofen.de\/wp-content\/uploads\/2019\/09\/logo_proof_rgb_mit_balken_250px.png","@id":"https:\/\/blog.proofs.de\/lv\/#articleImage"},"datePublished":"2015-09-17T00:59:25+02:00","dateModified":"2020-04-16T01:10:38+02:00","inLanguage":"lv","commentCount":5,"mainEntityOfPage":{"@id":"https:\/\/blog.proofs.de\/lv\/kick-off-psocoatedv3-und-psouncoatedv3-am-30-09-2015-in-stuttgart\/#webpage"},"isPartOf":{"@id":"https:\/\/blog.proofs.de\/lv\/kick-off-psocoatedv3-und-psouncoatedv3-am-30-09-2015-in-stuttgart\/#webpage"},"articleSection":"Allgemein, Proof Wissen, Prozessstandard Offsetdruck, bvdm, ECI, Epson Sure Color P 9000, Epson Sure Color P7000, Fogra, Fogra51, Fogra52, OBA, PSOcoatedV3, PSOUncoatedV3"},{"@type":"BreadcrumbList","@id":"https:\/\/blog.proofs.de\/lv\/kick-off-psocoatedv3-und-psouncoatedv3-am-30-09-2015-in-stuttgart\/#breadcrumblist","itemListElement":[{"@type":"ListItem","@id":"https:\/\/blog.proofs.de\/lv#listItem","position":1,"name":"Home","item":"https:\/\/blog.proofs.de\/lv","nextItem":{"@type":"ListItem","@id":"https:\/\/blog.proofs.de\/lv\/thema\/proof-wissen\/#listItem","name":"Proof Wissen"}},{"@type":"ListItem","@id":"https:\/\/blog.proofs.de\/lv\/thema\/proof-wissen\/#listItem","position":2,"name":"Proof Wissen","item":"https:\/\/blog.proofs.de\/lv\/thema\/proof-wissen\/","nextItem":{"@type":"ListItem","@id":"https:\/\/blog.proofs.de\/lv\/thema\/proof-wissen\/prozessstandard-offsetdruck-proof-wissen\/#listItem","name":"Prozessstandard Offsetdruck"},"previousItem":{"@type":"ListItem","@id":"https:\/\/blog.proofs.de\/lv#listItem","name":"Home"}},{"@type":"ListItem","@id":"https:\/\/blog.proofs.de\/lv\/thema\/proof-wissen\/prozessstandard-offsetdruck-proof-wissen\/#listItem","position":3,"name":"Prozessstandard Offsetdruck","item":"https:\/\/blog.proofs.de\/lv\/thema\/proof-wissen\/prozessstandard-offsetdruck-proof-wissen\/","nextItem":{"@type":"ListItem","@id":"https:\/\/blog.proofs.de\/lv\/kick-off-psocoatedv3-und-psouncoatedv3-am-30-09-2015-in-stuttgart\/#listItem","name":"Kick-off: PSOCoatedV3 und PSOUncoatedV3 am 30.09.2015 in Stuttgart"},"previousItem":{"@type":"ListItem","@id":"https:\/\/blog.proofs.de\/lv\/thema\/proof-wissen\/#listItem","name":"Proof Wissen"}},{"@type":"ListItem","@id":"https:\/\/blog.proofs.de\/lv\/kick-off-psocoatedv3-und-psouncoatedv3-am-30-09-2015-in-stuttgart\/#listItem","position":4,"name":"Kick-off: PSOCoatedV3 und PSOUncoatedV3 am 30.09.2015 in Stuttgart","previousItem":{"@type":"ListItem","@id":"https:\/\/blog.proofs.de\/lv\/thema\/proof-wissen\/prozessstandard-offsetdruck-proof-wissen\/#listItem","name":"Prozessstandard Offsetdruck"}}]},{"@type":"Organization","@id":"https:\/\/blog.proofs.de\/lv\/#organization","name":"Proof GmbH","description":"Farbverbindlicher Proof, Farbproof, Digitalproof und Online-Proof.","url":"https:\/\/blog.proofs.de\/lv\/","telephone":"+4970717952740","logo":{"@type":"ImageObject","url":"https:\/\/blog1.proofen.de\/wp-content\/uploads\/2019\/09\/logo_proof_rgb_mit_balken_250px.png","@id":"https:\/\/blog.proofs.de\/lv\/kick-off-psocoatedv3-und-psouncoatedv3-am-30-09-2015-in-stuttgart\/#organizationLogo"},"image":{"@id":"https:\/\/blog.proofs.de\/lv\/kick-off-psocoatedv3-und-psouncoatedv3-am-30-09-2015-in-stuttgart\/#organizationLogo"},"sameAs":["https:\/\/www.facebook.com\/Proof.de\/","https:\/\/www.instagram.com\/proof.de\/","https:\/\/www.tiktok.com\/@proof_de","https:\/\/www.youtube.com\/channel\/UCk80fQVQ25wC9wu3SywB-Nw","https:\/\/www.linkedin.com\/company\/proof-de"]},{"@type":"Person","@id":"https:\/\/blog.proofs.de\/lv\/author\/mbetz\/#author","url":"https:\/\/blog.proofs.de\/lv\/author\/mbetz\/","name":"Matthias Betz","image":{"@type":"ImageObject","@id":"https:\/\/blog.proofs.de\/lv\/kick-off-psocoatedv3-und-psouncoatedv3-am-30-09-2015-in-stuttgart\/#authorImage","url":"https:\/\/blog.proofs.de\/wp-content\/uploads\/2020\/10\/matthias-betz-e1603934518350-150x150.png","width":96,"height":96,"caption":"Matthias Betz"}},{"@type":"WebPage","@id":"https:\/\/blog.proofs.de\/lv\/kick-off-psocoatedv3-und-psouncoatedv3-am-30-09-2015-in-stuttgart\/#webpage","url":"https:\/\/blog.proofs.de\/lv\/kick-off-psocoatedv3-und-psouncoatedv3-am-30-09-2015-in-stuttgart\/","name":"Kick-off: PSOCoatedV3 und PSOUncoatedV3 am 30.9. | proof.de","description":"Der bvdm l\u00e4dt zusammen mit Fogra und ECI zu einem gemeinsamen \"Kick-Off\" der neuen Druckbedingungen am 30.09.2015 in die Hochschule der Medien nach Stuttgart.","inLanguage":"lv","isPartOf":{"@id":"https:\/\/blog.proofs.de\/lv\/#website"},"breadcrumb":{"@id":"https:\/\/blog.proofs.de\/lv\/kick-off-psocoatedv3-und-psouncoatedv3-am-30-09-2015-in-stuttgart\/#breadcrumblist"},"author":{"@id":"https:\/\/blog.proofs.de\/lv\/author\/mbetz\/#author"},"creator":{"@id":"https:\/\/blog.proofs.de\/lv\/author\/mbetz\/#author"},"datePublished":"2015-09-17T00:59:25+02:00","dateModified":"2020-04-16T01:10:38+02:00"},{"@type":"WebSite","@id":"https:\/\/blog.proofs.de\/lv\/#website","url":"https:\/\/blog.proofs.de\/lv\/","name":"Proof.de","description":"Farbverbindlicher Proof, Farbproof, Digitalproof und Online-Proof.","inLanguage":"lv","publisher":{"@id":"https:\/\/blog.proofs.de\/lv\/#organization"}}]},"og:locale":"lv_LV","og:site_name":"Proof.de | Alles zu Proof, Farbmanagement, Grafik, Messtechnik &amp; Co.","og:type":"article","og:title":"Kick-off: PSOCoatedV3 und PSOUncoatedV3 am 30.9. | proof.de","og:description":"Der bvdm l\u00e4dt zusammen mit Fogra und ECI zu einem gemeinsamen &quot;Kick-Off&quot; der neuen Druckbedingungen am 30.09.2015 in die Hochschule der Medien nach Stuttgart.","og:url":"https:\/\/blog.proofs.de\/lv\/kick-off-psocoatedv3-und-psouncoatedv3-am-30-09-2015-in-stuttgart\/","og:image":"https:\/\/blog1.proofen.de\/wp-content\/uploads\/2020\/04\/proof_background.jpg","og:image:secure_url":"https:\/\/blog1.proofen.de\/wp-content\/uploads\/2020\/04\/proof_background.jpg","article:published_time":"2015-09-16T22:59:25+00:00","article:modified_time":"2020-04-15T23:10:38+00:00","article:publisher":"https:\/\/www.facebook.com\/Proof.de\/","twitter:card":"summary","twitter:title":"Kick-off: PSOCoatedV3 und PSOUncoatedV3 am 30.9. | proof.de","twitter:description":"Der bvdm l\u00e4dt zusammen mit Fogra und ECI zu einem gemeinsamen &quot;Kick-Off&quot; der neuen Druckbedingungen am 30.09.2015 in die Hochschule der Medien nach Stuttgart.","twitter:image":"https:\/\/blog1.proofen.de\/wp-content\/uploads\/2020\/04\/proof_background.jpg"},"aioseo_meta_data":{"post_id":"1386","title":"Kick-off: PSOCoatedV3 und PSOUncoatedV3 am 30.9. |\u00a0proof.de","description":"Der bvdm l\u00e4dt zusammen mit Fogra und ECI zu einem gemeinsamen &quot;Kick-Off&quot; der neuen Druckbedingungen am 30.09.2015 in die Hochschule der Medien nach Stuttgart.","keywords":[{"label":"PSOCoatedV3,PSOUncoatedV3,Fogra51,Fogra52,OBA,bvdm,Fogra,ECI,","value":"PSOCoatedV3,PSOUncoatedV3,Fogra51,Fogra52,OBA,bvdm,Fogra,ECI,"}],"keyphrases":null,"primary_term":null,"canonical_url":null,"og_title":null,"og_description":null,"og_object_type":"default","og_image_type":"default","og_image_url":null,"og_image_width":null,"og_image_height":null,"og_image_custom_url":null,"og_image_custom_fields":null,"og_video":null,"og_custom_url":null,"og_article_section":null,"og_article_tags":null,"twitter_use_og":false,"twitter_card":"default","twitter_image_type":"default","twitter_image_url":null,"twitter_image_custom_url":null,"twitter_image_custom_fields":null,"twitter_title":null,"twitter_description":null,"schema":{"blockGraphs":[],"customGraphs":[],"default":{"data":{"Article":[],"Course":[],"Dataset":[],"FAQPage":[],"Movie":[],"Person":[],"Product":[],"ProductReview":[],"Car":[],"Recipe":[],"Service":[],"SoftwareApplication":[],"WebPage":[]},"graphName":"","isEnabled":true},"graphs":[],"defaultGraph":"","defaultPostTypeGraph":""},"schema_type":null,"schema_type_options":null,"pillar_content":false,"robots_default":true,"robots_noindex":false,"robots_noarchive":false,"robots_nosnippet":false,"robots_nofollow":false,"robots_noimageindex":false,"robots_noodp":false,"robots_notranslate":false,"robots_max_snippet":null,"robots_max_videopreview":null,"robots_max_imagepreview":"large","priority":null,"frequency":null,"local_seo":null,"breadcrumb_settings":null,"limit_modified_date":false,"ai":null,"created":"2020-12-21 00:36:00","updated":"2025-06-04 14:19:03","seo_analyzer_scan_date":null,"focus_keyword":null,"additional_keywords":null,"truseo_locale":null},"_links":{"self":[{"href":"https:\/\/blog.proofs.de\/lv\/wp-json\/wp\/v2\/posts\/1386","targetHints":{"allow":["GET"]}}],"collection":[{"href":"https:\/\/blog.proofs.de\/lv\/wp-json\/wp\/v2\/posts"}],"about":[{"href":"https:\/\/blog.proofs.de\/lv\/wp-json\/wp\/v2\/types\/post"}],"author":[{"embeddable":true,"href":"https:\/\/blog.proofs.de\/lv\/wp-json\/wp\/v2\/users\/2"}],"replies":[{"embeddable":true,"href":"https:\/\/blog.proofs.de\/lv\/wp-json\/wp\/v2\/comments?post=1386"}],"version-history":[{"count":5,"href":"https:\/\/blog.proofs.de\/lv\/wp-json\/wp\/v2\/posts\/1386\/revisions"}],"predecessor-version":[{"id":3371,"href":"https:\/\/blog.proofs.de\/lv\/wp-json\/wp\/v2\/posts\/1386\/revisions\/3371"}],"wp:attachment":[{"href":"https:\/\/blog.proofs.de\/lv\/wp-json\/wp\/v2\/media?parent=1386"}],"wp:term":[{"taxonomy":"category","embeddable":true,"href":"https:\/\/blog.proofs.de\/lv\/wp-json\/wp\/v2\/categories?post=1386"},{"taxonomy":"post_tag","embeddable":true,"href":"https:\/\/blog.proofs.de\/lv\/wp-json\/wp\/v2\/tags?post=1386"}],"curies":[{"name":"wp","href":"https:\/\/api.w.org\/{rel}","templated":true}]}}