{"id":2031,"date":"2018-02-27T00:36:23","date_gmt":"2018-02-26T23:36:23","guid":{"rendered":"http:\/\/www.proof.de\/?p=2031"},"modified":"2020-05-08T11:38:39","modified_gmt":"2020-05-08T09:38:39","slug":"publicets-din-spec-biznesa-plans-atverta-krasa","status":"publish","type":"post","link":"https:\/\/blog.proofs.de\/lv\/din-spec-geschaeftsplan-offene-farbkommunikation-veroeffentlicht\/","title":{"rendered":"Public\u0113ts DIN SPEC biznesa pl\u0101ns \"Open Colour Communication\""},"content":{"rendered":"<div class=\"kk-star-ratings kksr-auto kksr-align-right kksr-valign-top\" data-payload='{\"align\":\"right\",\"id\":\"2031\",\"slug\":\"default\",\"valign\":\"top\",\"ignore\":\"\",\"reference\":\"auto\",\"class\":\"\",\"count\":\"0\",\"legendonly\":\"\",\"readonly\":\"\",\"score\":\"0\",\"starsonly\":\"\",\"best\":\"5\",\"gap\":\"5\",\"greet\":\"Jetzt bewerten\",\"legend\":\"0\\\/5 - (0 votes)\",\"size\":\"24\",\"title\":\"DIN SPEC Gesch&auml;ftsplan \\u0026quot;Offene Farbkommunikation\\u0026quot; ver&ouml;ffentlicht\",\"width\":\"0\",\"_legend\":\"{score}\\\/{best} - ({count} {votes})\",\"font_factor\":\"1.25\"}'>\n            \n<div class=\"kksr-stars\">\n    \n<div class=\"kksr-stars-inactive\">\n            <div class=\"kksr-star\" data-star=\"1\" style=\"padding-right: 5px\">\n            \n\n<div class=\"kksr-icon\" style=\"width: 24px; height: 24px;\"><\/div>\n        <\/div>\n            <div class=\"kksr-star\" data-star=\"2\" style=\"padding-right: 5px\">\n            \n\n<div class=\"kksr-icon\" style=\"width: 24px; height: 24px;\"><\/div>\n        <\/div>\n            <div class=\"kksr-star\" data-star=\"3\" style=\"padding-right: 5px\">\n            \n\n<div class=\"kksr-icon\" style=\"width: 24px; height: 24px;\"><\/div>\n        <\/div>\n            <div class=\"kksr-star\" data-star=\"4\" style=\"padding-right: 5px\">\n            \n\n<div class=\"kksr-icon\" style=\"width: 24px; height: 24px;\"><\/div>\n        <\/div>\n            <div class=\"kksr-star\" data-star=\"5\" style=\"padding-right: 5px\">\n            \n\n<div class=\"kksr-icon\" style=\"width: 24px; height: 24px;\"><\/div>\n        <\/div>\n    <\/div>\n    \n<div class=\"kksr-stars-active\" style=\"width: 0px;\">\n            <div class=\"kksr-star\" style=\"padding-right: 5px\">\n            \n\n<div class=\"kksr-icon\" style=\"width: 24px; height: 24px;\"><\/div>\n        <\/div>\n            <div class=\"kksr-star\" style=\"padding-right: 5px\">\n            \n\n<div class=\"kksr-icon\" style=\"width: 24px; height: 24px;\"><\/div>\n        <\/div>\n            <div class=\"kksr-star\" style=\"padding-right: 5px\">\n            \n\n<div class=\"kksr-icon\" style=\"width: 24px; height: 24px;\"><\/div>\n        <\/div>\n            <div class=\"kksr-star\" style=\"padding-right: 5px\">\n            \n\n<div class=\"kksr-icon\" style=\"width: 24px; height: 24px;\"><\/div>\n        <\/div>\n            <div class=\"kksr-star\" style=\"padding-right: 5px\">\n            \n\n<div class=\"kksr-icon\" style=\"width: 24px; height: 24px;\"><\/div>\n        <\/div>\n    <\/div>\n<\/div>\n                \n\n<div class=\"kksr-legend\" style=\"font-size: 19.2px;\">\n            <span class=\"kksr-muted\">Nov\u0113rt\u0113jiet tagad<\/span>\n    <\/div>\n    <\/div>\n<p>M\u016bsu FreieFarbe e.V. DIN SPEC biznesa pl\u0101ns \u0161obr\u012bd tika public\u0113ts DIN t\u012bmek\u013ca vietn\u0113, lai 4 ned\u0113\u013cas no 2018. gada 19. febru\u0101ra l\u012bdz 2018. gada 19. martam var\u0113tu iesniegt koment\u0101rus.<\/p>\n<p><a href=\"https:\/\/www.din.de\/de\/forschung-und-innovation\/din-spec\/alle-geschaeftsplaene\"><img loading=\"lazy\" decoding=\"async\" class=\"alignright wp-image-2032 size-medium\" title=\"DIN SPEC 16699 Atv\u0113rt\u0101 kr\u0101su komunik\u0101cija\" src=\"https:\/\/blog1.proofen.de\/wp-content\/uploads\/2018\/02\/Bildschirmfoto-2018-02-25-um-01.01.13-300x75.png\" alt=\"DIN SPEC 16699 Atv\u0113rt\u0101 kr\u0101su komunik\u0101cija\" width=\"300\" height=\"75\" srcset=\"https:\/\/blog.proofs.de\/wp-content\/uploads\/2018\/02\/Bildschirmfoto-2018-02-25-um-01.01.13-300x75.png 300w, https:\/\/blog.proofs.de\/wp-content\/uploads\/2018\/02\/Bildschirmfoto-2018-02-25-um-01.01.13-768x193.png 768w, https:\/\/blog.proofs.de\/wp-content\/uploads\/2018\/02\/Bildschirmfoto-2018-02-25-um-01.01.13-500x126.png 500w, https:\/\/blog.proofs.de\/wp-content\/uploads\/2018\/02\/Bildschirmfoto-2018-02-25-um-01.01.13.png 946w\" sizes=\"auto, (max-width: 300px) 100vw, 300px\"><\/a>\u0160aj\u0101 DIN SPEC m\u0113s iepaz\u012bstin\u0101sim ar r\u012bkiem un proced\u016br\u0101m atkl\u0101tai un skaidrai kr\u0101su komunik\u0101cijai no dizaina l\u012bdz gatavajam produktam, pamatojoties uz \u0161\u0101diem aspektiem. <a href=\"https:\/\/blog.proofs.de\/lv\/lexikon\/cielab\/\" target=\"_self\" title=\"CIELAB kr\u0101su modeli 1976. gad\u0101 defin\u0113ja Starptautisk\u0101 apgaismojuma komisija (Commission Internationale de l&#039;Eclairage), un tas apraksta visas uztveram\u0101s kr\u0101sas. Tas ir 1966. gad\u0101 izstr\u0101d\u0101t\u0101s Hunter-LAB kr\u0101su skalas turpin\u0101jums un matem\u0101tisks kr\u0101su modelis, kur\u0101 objekta spektr\u0101l\u0101s \u012bpa\u0161\u012bbas un m\u016bsu redzes sist\u0113mas uztveres \u012bpa\u0161\u012bbas tiek savstarp\u0113ji kompens\u0113tas. CIELAB jeb sa\u012bsin\u0101jum\u0101 LAB joproj\u0101m tiek pla\u0161i izmantots...\" class=\"encyclopedia\">CIELAB<\/a> kr\u0101su v\u0113rt\u012bbas, fiziskie paraugi saska\u0146\u0101 ar ISO12647-7 un spektr\u0101lie dati, kas nor\u0101d\u012bti ISO12647-7. <a href=\"https:\/\/blog.proofs.de\/lv\/lexikon\/cxf\/\" target=\"_self\" title='CxF ir &quot;Color Exchange Format&quot; (kr\u0101su apmai\u0146as form\u0101ts) - atv\u0113rts XML form\u0101ts kr\u0101su inform\u0101cijas apmai\u0146ai.' class=\"encyclopedia\">CxF<\/a>3 Form\u0101ts saska\u0146\u0101 ar ISO 17972 d<a href=\"https:\/\/blog.proofs.de\/lv\/lexikon\/efi\/\" target=\"_self\" title=\"Electronics For Imaging Inc., sa\u012bsin\u0101jum\u0101 EFI, ir amerik\u0101\u0146u uz\u0146\u0113mums un vienas no pasaul\u0113 vado\u0161aj\u0101m kop\u0113\u0161anas sist\u0113m\u0101m: EFI Colorproof XF, kop\u0161 2013. gada - Fiery XF. EFI ir risin\u0101jumu pieg\u0101d\u0101t\u0101js lielaj\u0101m drukas sist\u0113m\u0101m, RIP un kr\u0101su p\u0101rvald\u012bbas risin\u0101jumiem, piem\u0113ram, proofing.\" class=\"encyclopedia\">efi<\/a>nate.<\/p>\n<p>DIN SPEC ir aprakst\u012bts gan fizik\u0101lo rakstu, gan CxF spektr\u0101lo datu izveides veids jebkuram CIE.<a href=\"https:\/\/blog.proofs.de\/lv\/lexikon\/lab\/\" target=\"_self\" title=\"CIELAB jeb LAB ir matem\u0101tisks kr\u0101su modelis, kas ir izveidots visur, kur nepiecie\u0161ams prec\u012bzs kr\u0101su apr\u0113\u0137ins. Datoru kr\u0101su p\u0101rvald\u012bba parasti darbojas, izmantojot CIELAB.\" class=\"encyclopedia\">LAB<\/a>-kr\u0101sas v\u0113rt\u012bbas, ko nosaka lietot\u0101js, k\u0101 ar\u012b atv\u0113rtas atsauces kr\u0101sas pamatv\u0113rt\u012bbas.<a href=\"https:\/\/blog.proofs.de\/lv\/lexikon\/farbsystem\/\" target=\"_self\" title=\"Kr\u0101su sist\u0113ma (vai kr\u0101su modelis) ir abstrakta matem\u0101tiska metode kr\u0101su noteik\u0161anai un preciz\u0113\u0161anai, k\u0101 ar\u012b to savstarp\u0113j\u0101m attiec\u012bb\u0101m. To bie\u017ei vien piel\u012bdzina kr\u0101su telpai, kas tom\u0113r ir konkr\u0113ts kr\u0101su sist\u0113mas pielietojums kr\u0101su nodro\u0161in\u0101\u0161anas metodei (printerim, ekr\u0101nam utt.).\" class=\"encyclopedia\">kr\u0101su sist\u0113ma<\/a>s, kas visiem lietot\u0101jiem ir pieejams bez maksas saska\u0146\u0101 ar Creative Commons licenci. DIN SPEC aprakst\u012btie r\u012bki ir \u012bpa\u0161i piem\u0113roti uzdevumiem, kuros kr\u0101sas tiek defin\u0113tas projekt\u0101 da\u017e\u0101diem ra\u017eo\u0161anas procesiem un pazi\u0146otas ra\u017eo\u0161anas uz\u0146\u0113mumiem, izmantojot fiziskus paraugus un spektr\u0101los datus; DIN SPEC aprakst\u012bt\u0101 proced\u016bra ir paredz\u0113ta, lai var\u0113tu izveidot mat\u0113tu, pusglanc\u0113tu un sp\u012bd\u012bgu kr\u0101su paraugus uz sl\u0113gt\u0101m, nestruktur\u0113t\u0101m virsm\u0101m.<\/p>\n<p>DIN Building un DIN Place \u00a9 DINDIN SPEC sav\u0101 zi\u0146\u0101 ir DIN standarta maz\u0101kais br\u0101lis. DIN raksta: \"DIN SPEC ir \u013coti efekt\u012bvs m\u0101rketinga r\u012bks, kas, pateicoties atz\u012btajam DIN z\u012bmolam, nodro\u0161ina augstu klientu un partneru atzin\u012bbas l\u012bmeni. DIN nodro\u0161ina, ka DIN SPEC nav pretrun\u0101 ar sp\u0113k\u0101 eso\u0161ajiem standartiem, un public\u0113 standartus, tostarp starptautisk\u0101 m\u0113rog\u0101. DIN SPEC var k\u013c\u016bt par pamatu DIN standartam.\"<\/p>\n<p>Ar DIN SPEC 16699 \"Atv\u0113rt\u0101 kr\u0101su komunik\u0101cija\" m\u0113s, FreieFarbe e.V., v\u0113lamies par\u0101d\u012bt, ka atv\u0113rtie r\u012bki un procesi, k\u0101 ar\u012b Creative Commons licences, jo \u012bpa\u0161i CIELAB standarts, var pal\u012bdz\u0113t. <a href=\"https:\/\/blog.proofs.de\/lv\/lexikon\/icc\/\" target=\"_self\" title=\"Starptautiskais kr\u0101su konsorcijs (International Color Consortium, sa\u012bsin\u0101jum\u0101 ICC) ir starptautiska komiteja, kas atbild par kr\u0101su profilu standartiz\u0101ciju.&nbsp;\" class=\"encyclopedia\">ICC<\/a>-. <a href=\"https:\/\/blog.proofs.de\/lv\/lexikon\/farbmanagement\/\" target=\"_self\" title=\"Kr\u0101su p\u0101rvald\u012bbas m\u0113r\u0137is ir nodro\u0161in\u0101t, lai da\u017e\u0101d\u0101s ier\u012bc\u0113s, piem\u0113ram, kamer\u0101s, skeneros, monitoros, l\u0101zerprinteros, tintes, ofseta printeros un daudz\u0101s cit\u0101s, kr\u0101sas tiktu atveidotas p\u0113c iesp\u0113jas l\u012bdz\u012bgi.\" class=\"encyclopedia\">Kr\u0101su p\u0101rvald\u012bba<\/a> un ISO standartiem spektr\u0101liem datiem, ir iesp\u0113jama profesion\u0101la l\u012bme\u0146a kr\u0101su komunik\u0101cija.<\/p>\n<p><a href=\"http:\/\/www.freiefarbe.de\" target=\"_blank\" rel=\"noopener noreferrer\">Papildu inform\u0101ciju var atrast ar\u012b vietn\u0113 freieFarbe.de.<\/a><\/p>","protected":false},"excerpt":{"rendered":"<p>M\u016bsu FreieFarbe e.V. DIN SPEC biznesa pl\u0101ns \u0161obr\u012bd ir public\u0113ts DIN t\u012bmek\u013ca vietn\u0113, lai 4 ned\u0113\u013cas no 2018. gada 19. febru\u0101ra l\u012bdz 2018. gada 19. martam var\u0113tu iesniegt koment\u0101rus. \u0160aj\u0101 DIN SPEC m\u0113s defin\u0113sim r\u012bkus un proced\u016bras atkl\u0101tai un nep\u0101rprotamai kr\u0101su komunik\u0101cijai no dizaina l\u012bdz gatavajam produktam, pamatojoties uz CIELAB kr\u0101su v\u0113rt\u012bb\u0101m, fiziskajiem paraugiem saska\u0146\u0101 ar ISO12647-7 un spektr\u0101liem datiem CxF3 form\u0101t\u0101 saska\u0146\u0101 ar ISO 17972. DIN SPEC apraksta gan veidu, k\u0101 lietot\u0101js var izveidot fiziskos paraugus un CxF spektr\u0101los datus jebkur\u0101m CIELAB kr\u0101su v\u0113rt\u012bb\u0101m, gan ar\u012b atv\u0113rtas atsauces kr\u0101su sist\u0113mas pamatv\u0113rt\u012bbas, ko var izmantot visi lietot\u0101ji bez ... <\/p>\n<p class=\"read-more-container\"><a title=\"Public\u0113ts DIN SPEC biznesa pl\u0101ns &quot;Open Colour Communication&quot;\" class=\"read-more button\" href=\"https:\/\/blog.proofs.de\/lv\/din-spec-geschaeftsplan-offene-farbkommunikation-veroeffentlicht\/#more-2031\" aria-label=\"Las\u012bt vair\u0101k par DIN SPEC biznesa pl\u0101na \u201eAtv\u0113rt\u0101 kr\u0101su komunik\u0101cija\u201c public\u0113\u0161ana\">Las\u012bt vair\u0101k<\/a><\/p>","protected":false},"author":2,"featured_media":2039,"comment_status":"open","ping_status":"open","sticky":false,"template":"","format":"standard","meta":{"om_disable_all_campaigns":false,"inline_featured_image":false,"_monsterinsights_skip_tracking":false,"footnotes":""},"categories":[1],"tags":[714,715,712,713,680],"class_list":["post-2031","post","type-post","status-publish","format-standard","has-post-thumbnail","hentry","category-allgemein","tag-714","tag-din","tag-din-spec","tag-din-spec-16699","tag-freiefarbe-e-v","generate-columns","tablet-grid-50","mobile-grid-100","grid-parent","grid-50","no-featured-image-padding","resize-featured-image"],"aioseo_notices":[],"aioseo_head":"\n\t\t<!-- All in One SEO 5.0.1.1 - aioseo.com -->\n\t<meta name=\"description\" content=\"Aktuell wurde unser freieFarbe e.V. DIN SPEC Gesch\u00e4ftsplan f\u00fcr 4 Wochen vom 19.02.2018 bis zum 19.03.2018 auf der DIN-Webseite zur Kommentierung ver\u00f6ffentlicht.\" \/>\n\t<meta name=\"robots\" content=\"max-image-preview:large\" \/>\n\t<meta name=\"author\" content=\"Matthias Betz\"\/>\n\t<meta name=\"google-site-verification\" content=\"TuXxyRwxcEg2-WfOaQ8vScWQh3-uBAnxXmY7g3GT90A\" \/>\n\t<meta name=\"keywords\" content=\"freiefarbe e.v.,din spec,din spec 16699,16699,din,16699,din,din spec,din spec 16699,freiefarbe e.v.\" \/>\n\t<link rel=\"canonical\" href=\"https:\/\/blog.proofs.de\/lv\/din-spec-geschaeftsplan-offene-farbkommunikation-veroeffentlicht\/\" \/>\n\t<meta name=\"generator\" content=\"All in One SEO (AIOSEO) 5.0.1.1\" \/>\n\n\t\t<meta name=\"seobility\" content=\"593a8578143db71543f014978c690d47\">\n\t\t<meta property=\"og:locale\" content=\"lv_LV\" \/>\n\t\t<meta property=\"og:site_name\" content=\"Proof.de | Alles zu Proof, Farbmanagement, Grafik, Messtechnik &amp; Co.\" \/>\n\t\t<meta property=\"og:type\" content=\"article\" \/>\n\t\t<meta property=\"og:title\" content=\"DIN SPEC &quot;Offene Farbkommunikation&quot; erschienen | proof.de\" \/>\n\t\t<meta property=\"og:description\" content=\"Aktuell wurde unser freieFarbe e.V. DIN SPEC Gesch\u00e4ftsplan f\u00fcr 4 Wochen vom 19.02.2018 bis zum 19.03.2018 auf der DIN-Webseite zur Kommentierung ver\u00f6ffentlicht.\" \/>\n\t\t<meta property=\"og:url\" content=\"https:\/\/blog.proofs.de\/lv\/din-spec-geschaeftsplan-offene-farbkommunikation-veroeffentlicht\/\" \/>\n\t\t<meta property=\"og:image\" content=\"https:\/\/blog.proofs.de\/wp-content\/uploads\/2018\/02\/DIN_Geb\u00d1ude_DIN-Platz-e1541466353442.jpg\" \/>\n\t\t<meta property=\"og:image:secure_url\" content=\"https:\/\/blog.proofs.de\/wp-content\/uploads\/2018\/02\/DIN_Geb\u00d1ude_DIN-Platz-e1541466353442.jpg\" \/>\n\t\t<meta property=\"og:image:width\" content=\"1000\" \/>\n\t\t<meta property=\"og:image:height\" content=\"667\" \/>\n\t\t<meta property=\"article:published_time\" content=\"2018-02-26T23:36:23+00:00\" \/>\n\t\t<meta property=\"article:modified_time\" content=\"2020-05-08T09:38:39+00:00\" \/>\n\t\t<meta property=\"article:publisher\" content=\"https:\/\/www.facebook.com\/Proof.de\/\" \/>\n\t\t<meta name=\"twitter:card\" content=\"summary\" \/>\n\t\t<meta name=\"twitter:title\" content=\"DIN SPEC &quot;Offene Farbkommunikation&quot; erschienen | proof.de\" \/>\n\t\t<meta name=\"twitter:description\" content=\"Aktuell wurde unser freieFarbe e.V. DIN SPEC Gesch\u00e4ftsplan f\u00fcr 4 Wochen vom 19.02.2018 bis zum 19.03.2018 auf der DIN-Webseite zur Kommentierung ver\u00f6ffentlicht.\" \/>\n\t\t<meta name=\"twitter:image\" content=\"https:\/\/blog1.proofen.de\/wp-content\/uploads\/2020\/04\/proof_background.jpg\" \/>\n\t\t<script type=\"application\/ld+json\" class=\"aioseo-schema\">\n\t\t\t{\"@context\":\"https:\\\/\\\/schema.org\",\"@graph\":[{\"@type\":\"Article\",\"@id\":\"https:\\\/\\\/blog.proofs.de\\\/lv\\\/din-spec-geschaeftsplan-offene-farbkommunikation-veroeffentlicht\\\/#article\",\"name\":\"DIN SPEC \\\"Offene Farbkommunikation\\\" erschienen | proof.de\",\"headline\":\"DIN SPEC Gesch\\u00e4ftsplan &#8222;Offene Farbkommunikation&#8220; ver\\u00f6ffentlicht\",\"author\":{\"@id\":\"https:\\\/\\\/blog.proofs.de\\\/lv\\\/author\\\/mbetz\\\/#author\"},\"publisher\":{\"@id\":\"https:\\\/\\\/blog.proofs.de\\\/lv\\\/#organization\"},\"image\":{\"@type\":\"ImageObject\",\"url\":\"https:\\\/\\\/blog.proofs.de\\\/wp-content\\\/uploads\\\/2018\\\/02\\\/DIN_Geb\\u00d1ude_DIN-Platz-e1541466353442.jpg\",\"width\":1000,\"height\":667,\"caption\":\"Haus der Normung am DIN-Platz in Berlin\"},\"datePublished\":\"2018-02-27T00:36:23+01:00\",\"dateModified\":\"2020-05-08T11:38:39+02:00\",\"inLanguage\":\"lv\",\"mainEntityOfPage\":{\"@id\":\"https:\\\/\\\/blog.proofs.de\\\/lv\\\/din-spec-geschaeftsplan-offene-farbkommunikation-veroeffentlicht\\\/#webpage\"},\"isPartOf\":{\"@id\":\"https:\\\/\\\/blog.proofs.de\\\/lv\\\/din-spec-geschaeftsplan-offene-farbkommunikation-veroeffentlicht\\\/#webpage\"},\"articleSection\":\"Allgemein, 16699, DIN, DIN SPEC, DIN SPEC 16699, freieFarbe e.V.\"},{\"@type\":\"BreadcrumbList\",\"@id\":\"https:\\\/\\\/blog.proofs.de\\\/lv\\\/din-spec-geschaeftsplan-offene-farbkommunikation-veroeffentlicht\\\/#breadcrumblist\",\"itemListElement\":[{\"@type\":\"ListItem\",\"@id\":\"https:\\\/\\\/blog.proofs.de\\\/lv#listItem\",\"position\":1,\"name\":\"Home\",\"item\":\"https:\\\/\\\/blog.proofs.de\\\/lv\",\"nextItem\":{\"@type\":\"ListItem\",\"@id\":\"https:\\\/\\\/blog.proofs.de\\\/lv\\\/thema\\\/allgemein\\\/#listItem\",\"name\":\"Allgemein\"}},{\"@type\":\"ListItem\",\"@id\":\"https:\\\/\\\/blog.proofs.de\\\/lv\\\/thema\\\/allgemein\\\/#listItem\",\"position\":2,\"name\":\"Allgemein\",\"item\":\"https:\\\/\\\/blog.proofs.de\\\/lv\\\/thema\\\/allgemein\\\/\",\"nextItem\":{\"@type\":\"ListItem\",\"@id\":\"https:\\\/\\\/blog.proofs.de\\\/lv\\\/din-spec-geschaeftsplan-offene-farbkommunikation-veroeffentlicht\\\/#listItem\",\"name\":\"DIN SPEC Gesch\\u00e4ftsplan &#8222;Offene Farbkommunikation&#8220; ver\\u00f6ffentlicht\"},\"previousItem\":{\"@type\":\"ListItem\",\"@id\":\"https:\\\/\\\/blog.proofs.de\\\/lv#listItem\",\"name\":\"Home\"}},{\"@type\":\"ListItem\",\"@id\":\"https:\\\/\\\/blog.proofs.de\\\/lv\\\/din-spec-geschaeftsplan-offene-farbkommunikation-veroeffentlicht\\\/#listItem\",\"position\":3,\"name\":\"DIN SPEC Gesch\\u00e4ftsplan &#8222;Offene Farbkommunikation&#8220; ver\\u00f6ffentlicht\",\"previousItem\":{\"@type\":\"ListItem\",\"@id\":\"https:\\\/\\\/blog.proofs.de\\\/lv\\\/thema\\\/allgemein\\\/#listItem\",\"name\":\"Allgemein\"}}]},{\"@type\":\"Organization\",\"@id\":\"https:\\\/\\\/blog.proofs.de\\\/lv\\\/#organization\",\"name\":\"Proof GmbH\",\"description\":\"Farbverbindlicher Proof, Farbproof, Digitalproof und Online-Proof.\",\"url\":\"https:\\\/\\\/blog.proofs.de\\\/lv\\\/\",\"telephone\":\"+4970717952740\",\"logo\":{\"@type\":\"ImageObject\",\"url\":\"https:\\\/\\\/blog1.proofen.de\\\/wp-content\\\/uploads\\\/2019\\\/09\\\/logo_proof_rgb_mit_balken_250px.png\",\"@id\":\"https:\\\/\\\/blog.proofs.de\\\/lv\\\/din-spec-geschaeftsplan-offene-farbkommunikation-veroeffentlicht\\\/#organizationLogo\"},\"image\":{\"@id\":\"https:\\\/\\\/blog.proofs.de\\\/lv\\\/din-spec-geschaeftsplan-offene-farbkommunikation-veroeffentlicht\\\/#organizationLogo\"},\"sameAs\":[\"https:\\\/\\\/www.facebook.com\\\/Proof.de\\\/\",\"https:\\\/\\\/www.instagram.com\\\/proof.de\\\/\",\"https:\\\/\\\/www.tiktok.com\\\/@proof_de\",\"https:\\\/\\\/www.youtube.com\\\/channel\\\/UCk80fQVQ25wC9wu3SywB-Nw\",\"https:\\\/\\\/www.linkedin.com\\\/company\\\/proof-de\"]},{\"@type\":\"Person\",\"@id\":\"https:\\\/\\\/blog.proofs.de\\\/lv\\\/author\\\/mbetz\\\/#author\",\"url\":\"https:\\\/\\\/blog.proofs.de\\\/lv\\\/author\\\/mbetz\\\/\",\"name\":\"Matthias Betz\",\"image\":{\"@type\":\"ImageObject\",\"@id\":\"https:\\\/\\\/blog.proofs.de\\\/lv\\\/din-spec-geschaeftsplan-offene-farbkommunikation-veroeffentlicht\\\/#authorImage\",\"url\":\"https:\\\/\\\/blog.proofs.de\\\/wp-content\\\/uploads\\\/2020\\\/10\\\/matthias-betz-e1603934518350-150x150.png\",\"width\":96,\"height\":96,\"caption\":\"Matthias Betz\"}},{\"@type\":\"WebPage\",\"@id\":\"https:\\\/\\\/blog.proofs.de\\\/lv\\\/din-spec-geschaeftsplan-offene-farbkommunikation-veroeffentlicht\\\/#webpage\",\"url\":\"https:\\\/\\\/blog.proofs.de\\\/lv\\\/din-spec-geschaeftsplan-offene-farbkommunikation-veroeffentlicht\\\/\",\"name\":\"DIN SPEC \\\"Offene Farbkommunikation\\\" erschienen | proof.de\",\"description\":\"Aktuell wurde unser freieFarbe e.V. DIN SPEC Gesch\\u00e4ftsplan f\\u00fcr 4 Wochen vom 19.02.2018 bis zum 19.03.2018 auf der DIN-Webseite zur Kommentierung ver\\u00f6ffentlicht.\",\"inLanguage\":\"lv\",\"isPartOf\":{\"@id\":\"https:\\\/\\\/blog.proofs.de\\\/lv\\\/#website\"},\"breadcrumb\":{\"@id\":\"https:\\\/\\\/blog.proofs.de\\\/lv\\\/din-spec-geschaeftsplan-offene-farbkommunikation-veroeffentlicht\\\/#breadcrumblist\"},\"author\":{\"@id\":\"https:\\\/\\\/blog.proofs.de\\\/lv\\\/author\\\/mbetz\\\/#author\"},\"creator\":{\"@id\":\"https:\\\/\\\/blog.proofs.de\\\/lv\\\/author\\\/mbetz\\\/#author\"},\"image\":{\"@type\":\"ImageObject\",\"url\":\"https:\\\/\\\/blog.proofs.de\\\/wp-content\\\/uploads\\\/2018\\\/02\\\/DIN_Geb\\u00d1ude_DIN-Platz-e1541466353442.jpg\",\"@id\":\"https:\\\/\\\/blog.proofs.de\\\/lv\\\/din-spec-geschaeftsplan-offene-farbkommunikation-veroeffentlicht\\\/#mainImage\",\"width\":1000,\"height\":667,\"caption\":\"Haus der Normung am DIN-Platz in Berlin\"},\"primaryImageOfPage\":{\"@id\":\"https:\\\/\\\/blog.proofs.de\\\/lv\\\/din-spec-geschaeftsplan-offene-farbkommunikation-veroeffentlicht\\\/#mainImage\"},\"datePublished\":\"2018-02-27T00:36:23+01:00\",\"dateModified\":\"2020-05-08T11:38:39+02:00\"},{\"@type\":\"WebSite\",\"@id\":\"https:\\\/\\\/blog.proofs.de\\\/lv\\\/#website\",\"url\":\"https:\\\/\\\/blog.proofs.de\\\/lv\\\/\",\"name\":\"Proof.de\",\"description\":\"Farbverbindlicher Proof, Farbproof, Digitalproof und Online-Proof.\",\"inLanguage\":\"lv\",\"publisher\":{\"@id\":\"https:\\\/\\\/blog.proofs.de\\\/lv\\\/#organization\"}}]}\n\t\t<\/script>\n\t\t<!-- All in One SEO -->\n\n","aioseo_head_json":{"title":"Public\u0113ts DIN SPEC \"Atv\u0113rt\u0101 kr\u0101su komunik\u0101cija\" | proof.de","description":"M\u016bsu FreieFarbe e.V. DIN SPEC biznesa pl\u0101ns \u0161obr\u012bd tika public\u0113ts DIN t\u012bmek\u013ca vietn\u0113, lai 4 ned\u0113\u013cas no 2018. gada 19. febru\u0101ra l\u012bdz 2018. gada 19. martam var\u0113tu iesniegt koment\u0101rus.","canonical_url":"https:\/\/blog.proofs.de\/lv\/din-spec-geschaeftsplan-offene-farbkommunikation-veroeffentlicht\/","robots":"max-image-preview:large","keywords":"freiefarbe e.v.,din spec,din spec 16699,16699,din,16699,din,din spec,din spec 16699,freiefarbe e.v.","webmasterTools":{"google-site-verification":"TuXxyRwxcEg2-WfOaQ8vScWQh3-uBAnxXmY7g3GT90A","miscellaneous":"&lt;meta name=\"seobility\" content=\"593a8578143db71543f014978c690d47\"&gt;"},"schema":{"@context":"https:\/\/schema.org","@graph":[{"@type":"Article","@id":"https:\/\/blog.proofs.de\/lv\/din-spec-geschaeftsplan-offene-farbkommunikation-veroeffentlicht\/#article","name":"DIN SPEC \"Offene Farbkommunikation\" erschienen | proof.de","headline":"DIN SPEC Gesch\u00e4ftsplan &#8222;Offene Farbkommunikation&#8220; ver\u00f6ffentlicht","author":{"@id":"https:\/\/blog.proofs.de\/lv\/author\/mbetz\/#author"},"publisher":{"@id":"https:\/\/blog.proofs.de\/lv\/#organization"},"image":{"@type":"ImageObject","url":"https:\/\/blog.proofs.de\/wp-content\/uploads\/2018\/02\/DIN_Geb\u00d1ude_DIN-Platz-e1541466353442.jpg","width":1000,"height":667,"caption":"Haus der Normung am DIN-Platz in Berlin"},"datePublished":"2018-02-27T00:36:23+01:00","dateModified":"2020-05-08T11:38:39+02:00","inLanguage":"lv","mainEntityOfPage":{"@id":"https:\/\/blog.proofs.de\/lv\/din-spec-geschaeftsplan-offene-farbkommunikation-veroeffentlicht\/#webpage"},"isPartOf":{"@id":"https:\/\/blog.proofs.de\/lv\/din-spec-geschaeftsplan-offene-farbkommunikation-veroeffentlicht\/#webpage"},"articleSection":"Allgemein, 16699, DIN, DIN SPEC, DIN SPEC 16699, freieFarbe e.V."},{"@type":"BreadcrumbList","@id":"https:\/\/blog.proofs.de\/lv\/din-spec-geschaeftsplan-offene-farbkommunikation-veroeffentlicht\/#breadcrumblist","itemListElement":[{"@type":"ListItem","@id":"https:\/\/blog.proofs.de\/lv#listItem","position":1,"name":"Home","item":"https:\/\/blog.proofs.de\/lv","nextItem":{"@type":"ListItem","@id":"https:\/\/blog.proofs.de\/lv\/thema\/allgemein\/#listItem","name":"Allgemein"}},{"@type":"ListItem","@id":"https:\/\/blog.proofs.de\/lv\/thema\/allgemein\/#listItem","position":2,"name":"Allgemein","item":"https:\/\/blog.proofs.de\/lv\/thema\/allgemein\/","nextItem":{"@type":"ListItem","@id":"https:\/\/blog.proofs.de\/lv\/din-spec-geschaeftsplan-offene-farbkommunikation-veroeffentlicht\/#listItem","name":"DIN SPEC Gesch\u00e4ftsplan &#8222;Offene Farbkommunikation&#8220; ver\u00f6ffentlicht"},"previousItem":{"@type":"ListItem","@id":"https:\/\/blog.proofs.de\/lv#listItem","name":"Home"}},{"@type":"ListItem","@id":"https:\/\/blog.proofs.de\/lv\/din-spec-geschaeftsplan-offene-farbkommunikation-veroeffentlicht\/#listItem","position":3,"name":"DIN SPEC Gesch\u00e4ftsplan &#8222;Offene Farbkommunikation&#8220; ver\u00f6ffentlicht","previousItem":{"@type":"ListItem","@id":"https:\/\/blog.proofs.de\/lv\/thema\/allgemein\/#listItem","name":"Allgemein"}}]},{"@type":"Organization","@id":"https:\/\/blog.proofs.de\/lv\/#organization","name":"Proof GmbH","description":"Farbverbindlicher Proof, Farbproof, Digitalproof und Online-Proof.","url":"https:\/\/blog.proofs.de\/lv\/","telephone":"+4970717952740","logo":{"@type":"ImageObject","url":"https:\/\/blog1.proofen.de\/wp-content\/uploads\/2019\/09\/logo_proof_rgb_mit_balken_250px.png","@id":"https:\/\/blog.proofs.de\/lv\/din-spec-geschaeftsplan-offene-farbkommunikation-veroeffentlicht\/#organizationLogo"},"image":{"@id":"https:\/\/blog.proofs.de\/lv\/din-spec-geschaeftsplan-offene-farbkommunikation-veroeffentlicht\/#organizationLogo"},"sameAs":["https:\/\/www.facebook.com\/Proof.de\/","https:\/\/www.instagram.com\/proof.de\/","https:\/\/www.tiktok.com\/@proof_de","https:\/\/www.youtube.com\/channel\/UCk80fQVQ25wC9wu3SywB-Nw","https:\/\/www.linkedin.com\/company\/proof-de"]},{"@type":"Person","@id":"https:\/\/blog.proofs.de\/lv\/author\/mbetz\/#author","url":"https:\/\/blog.proofs.de\/lv\/author\/mbetz\/","name":"Matthias Betz","image":{"@type":"ImageObject","@id":"https:\/\/blog.proofs.de\/lv\/din-spec-geschaeftsplan-offene-farbkommunikation-veroeffentlicht\/#authorImage","url":"https:\/\/blog.proofs.de\/wp-content\/uploads\/2020\/10\/matthias-betz-e1603934518350-150x150.png","width":96,"height":96,"caption":"Matthias Betz"}},{"@type":"WebPage","@id":"https:\/\/blog.proofs.de\/lv\/din-spec-geschaeftsplan-offene-farbkommunikation-veroeffentlicht\/#webpage","url":"https:\/\/blog.proofs.de\/lv\/din-spec-geschaeftsplan-offene-farbkommunikation-veroeffentlicht\/","name":"DIN SPEC \"Offene Farbkommunikation\" erschienen | proof.de","description":"Aktuell wurde unser freieFarbe e.V. DIN SPEC Gesch\u00e4ftsplan f\u00fcr 4 Wochen vom 19.02.2018 bis zum 19.03.2018 auf der DIN-Webseite zur Kommentierung ver\u00f6ffentlicht.","inLanguage":"lv","isPartOf":{"@id":"https:\/\/blog.proofs.de\/lv\/#website"},"breadcrumb":{"@id":"https:\/\/blog.proofs.de\/lv\/din-spec-geschaeftsplan-offene-farbkommunikation-veroeffentlicht\/#breadcrumblist"},"author":{"@id":"https:\/\/blog.proofs.de\/lv\/author\/mbetz\/#author"},"creator":{"@id":"https:\/\/blog.proofs.de\/lv\/author\/mbetz\/#author"},"image":{"@type":"ImageObject","url":"https:\/\/blog.proofs.de\/wp-content\/uploads\/2018\/02\/DIN_Geb\u00d1ude_DIN-Platz-e1541466353442.jpg","@id":"https:\/\/blog.proofs.de\/lv\/din-spec-geschaeftsplan-offene-farbkommunikation-veroeffentlicht\/#mainImage","width":1000,"height":667,"caption":"Haus der Normung am DIN-Platz in Berlin"},"primaryImageOfPage":{"@id":"https:\/\/blog.proofs.de\/lv\/din-spec-geschaeftsplan-offene-farbkommunikation-veroeffentlicht\/#mainImage"},"datePublished":"2018-02-27T00:36:23+01:00","dateModified":"2020-05-08T11:38:39+02:00"},{"@type":"WebSite","@id":"https:\/\/blog.proofs.de\/lv\/#website","url":"https:\/\/blog.proofs.de\/lv\/","name":"Proof.de","description":"Farbverbindlicher Proof, Farbproof, Digitalproof und Online-Proof.","inLanguage":"lv","publisher":{"@id":"https:\/\/blog.proofs.de\/lv\/#organization"}}]},"og:locale":"lv_LV","og:site_name":"Proof.de | Alles zu Proof, Farbmanagement, Grafik, Messtechnik &amp; Co.","og:type":"article","og:title":"DIN SPEC &quot;Offene Farbkommunikation&quot; erschienen | proof.de","og:description":"Aktuell wurde unser freieFarbe e.V. DIN SPEC Gesch\u00e4ftsplan f\u00fcr 4 Wochen vom 19.02.2018 bis zum 19.03.2018 auf der DIN-Webseite zur Kommentierung ver\u00f6ffentlicht.","og:url":"https:\/\/blog.proofs.de\/lv\/din-spec-geschaeftsplan-offene-farbkommunikation-veroeffentlicht\/","og:image":"https:\/\/blog.proofs.de\/wp-content\/uploads\/2018\/02\/DIN_Geb\u00d1ude_DIN-Platz-e1541466353442.jpg","og:image:secure_url":"https:\/\/blog.proofs.de\/wp-content\/uploads\/2018\/02\/DIN_Geb\u00d1ude_DIN-Platz-e1541466353442.jpg","og:image:width":1000,"og:image:height":667,"article:published_time":"2018-02-26T23:36:23+00:00","article:modified_time":"2020-05-08T09:38:39+00:00","article:publisher":"https:\/\/www.facebook.com\/Proof.de\/","twitter:card":"summary","twitter:title":"DIN SPEC &quot;Offene Farbkommunikation&quot; erschienen | proof.de","twitter:description":"Aktuell wurde unser freieFarbe e.V. DIN SPEC Gesch\u00e4ftsplan f\u00fcr 4 Wochen vom 19.02.2018 bis zum 19.03.2018 auf der DIN-Webseite zur Kommentierung ver\u00f6ffentlicht.","twitter:image":"https:\/\/blog1.proofen.de\/wp-content\/uploads\/2020\/04\/proof_background.jpg"},"aioseo_meta_data":{"post_id":"2031","title":"DIN SPEC &quot;Offene Farbkommunikation&quot; erschienen |\u00a0proof.de","description":"Aktuell wurde unser freieFarbe e.V. DIN SPEC Gesch\u00e4ftsplan f\u00fcr\u00a04 Wochen vom 19.02.2018 bis zum 19.03.2018 auf der DIN-Webseite zur Kommentierung ver\u00f6ffentlicht.","keywords":[{"label":"freieFarbe e.V.,DIN SPEC,DIN SPEC 16699,16699,DIN","value":"freieFarbe e.V.,DIN SPEC,DIN SPEC 16699,16699,DIN"}],"keyphrases":null,"primary_term":null,"canonical_url":null,"og_title":null,"og_description":null,"og_object_type":"default","og_image_type":"default","og_image_url":null,"og_image_width":null,"og_image_height":null,"og_image_custom_url":null,"og_image_custom_fields":null,"og_video":null,"og_custom_url":null,"og_article_section":null,"og_article_tags":null,"twitter_use_og":false,"twitter_card":"default","twitter_image_type":"default","twitter_image_url":null,"twitter_image_custom_url":null,"twitter_image_custom_fields":null,"twitter_title":null,"twitter_description":null,"schema":{"blockGraphs":[],"customGraphs":[],"default":{"data":{"Article":[],"Course":[],"Dataset":[],"FAQPage":[],"Movie":[],"Person":[],"Product":[],"ProductReview":[],"Car":[],"Recipe":[],"Service":[],"SoftwareApplication":[],"WebPage":[]},"graphName":"","isEnabled":true},"graphs":[],"defaultGraph":"","defaultPostTypeGraph":""},"schema_type":null,"schema_type_options":null,"pillar_content":false,"robots_default":true,"robots_noindex":false,"robots_noarchive":false,"robots_nosnippet":false,"robots_nofollow":false,"robots_noimageindex":false,"robots_noodp":false,"robots_notranslate":false,"robots_max_snippet":null,"robots_max_videopreview":null,"robots_max_imagepreview":"large","priority":null,"frequency":null,"local_seo":null,"breadcrumb_settings":null,"limit_modified_date":false,"ai":null,"created":"2020-12-21 00:35:00","updated":"2025-06-04 14:22:05","seo_analyzer_scan_date":null,"focus_keyword":null,"additional_keywords":null,"truseo_locale":null},"_links":{"self":[{"href":"https:\/\/blog.proofs.de\/lv\/wp-json\/wp\/v2\/posts\/2031","targetHints":{"allow":["GET"]}}],"collection":[{"href":"https:\/\/blog.proofs.de\/lv\/wp-json\/wp\/v2\/posts"}],"about":[{"href":"https:\/\/blog.proofs.de\/lv\/wp-json\/wp\/v2\/types\/post"}],"author":[{"embeddable":true,"href":"https:\/\/blog.proofs.de\/lv\/wp-json\/wp\/v2\/users\/2"}],"replies":[{"embeddable":true,"href":"https:\/\/blog.proofs.de\/lv\/wp-json\/wp\/v2\/comments?post=2031"}],"version-history":[{"count":9,"href":"https:\/\/blog.proofs.de\/lv\/wp-json\/wp\/v2\/posts\/2031\/revisions"}],"predecessor-version":[{"id":6018,"href":"https:\/\/blog.proofs.de\/lv\/wp-json\/wp\/v2\/posts\/2031\/revisions\/6018"}],"wp:featuredmedia":[{"embeddable":true,"href":"https:\/\/blog.proofs.de\/lv\/wp-json\/wp\/v2\/media\/2039"}],"wp:attachment":[{"href":"https:\/\/blog.proofs.de\/lv\/wp-json\/wp\/v2\/media?parent=2031"}],"wp:term":[{"taxonomy":"category","embeddable":true,"href":"https:\/\/blog.proofs.de\/lv\/wp-json\/wp\/v2\/categories?post=2031"},{"taxonomy":"post_tag","embeddable":true,"href":"https:\/\/blog.proofs.de\/lv\/wp-json\/wp\/v2\/tags?post=2031"}],"curies":[{"name":"wp","href":"https:\/\/api.w.org\/{rel}","templated":true}]}}