{"id":2110,"date":"2019-04-16T00:17:32","date_gmt":"2019-04-15T22:17:32","guid":{"rendered":"http:\/\/www.proof.de\/?p=2110"},"modified":"2020-05-08T02:26:06","modified_gmt":"2020-05-08T00:26:06","slug":"musu-proofs-divkarsi-izmerits-par-vairak-krasu-precizitati","status":"publish","type":"post","link":"https:\/\/blog.proofs.de\/lv\/unsere-proofs-doppelt-gemessen-fuer-mehr-farbpraezision\/","title":{"rendered":"M\u016bsu p\u0101rbaudes: m\u0113r\u012bts divreiz, lai nodro\u0161in\u0101tu liel\u0101ku kr\u0101su precizit\u0101ti"},"content":{"rendered":"<div class=\"kk-star-ratings kksr-auto kksr-align-right kksr-valign-top\" data-payload='{\"align\":\"right\",\"id\":\"2110\",\"slug\":\"default\",\"valign\":\"top\",\"ignore\":\"\",\"reference\":\"auto\",\"class\":\"\",\"count\":\"0\",\"legendonly\":\"\",\"readonly\":\"\",\"score\":\"0\",\"starsonly\":\"\",\"best\":\"5\",\"gap\":\"5\",\"greet\":\"Jetzt bewerten\",\"legend\":\"0\\\/5 - (0 votes)\",\"size\":\"24\",\"title\":\"Unsere Proofs: Doppelt gemessen f&uuml;r mehr Farbpr&auml;zision\",\"width\":\"0\",\"_legend\":\"{score}\\\/{best} - ({count} {votes})\",\"font_factor\":\"1.25\"}'>\n            \n<div class=\"kksr-stars\">\n    \n<div class=\"kksr-stars-inactive\">\n            <div class=\"kksr-star\" data-star=\"1\" style=\"padding-right: 5px\">\n            \n\n<div class=\"kksr-icon\" style=\"width: 24px; height: 24px;\"><\/div>\n        <\/div>\n            <div class=\"kksr-star\" data-star=\"2\" style=\"padding-right: 5px\">\n            \n\n<div class=\"kksr-icon\" style=\"width: 24px; height: 24px;\"><\/div>\n        <\/div>\n            <div class=\"kksr-star\" data-star=\"3\" style=\"padding-right: 5px\">\n            \n\n<div class=\"kksr-icon\" style=\"width: 24px; height: 24px;\"><\/div>\n        <\/div>\n            <div class=\"kksr-star\" data-star=\"4\" style=\"padding-right: 5px\">\n            \n\n<div class=\"kksr-icon\" style=\"width: 24px; height: 24px;\"><\/div>\n        <\/div>\n            <div class=\"kksr-star\" data-star=\"5\" style=\"padding-right: 5px\">\n            \n\n<div class=\"kksr-icon\" style=\"width: 24px; height: 24px;\"><\/div>\n        <\/div>\n    <\/div>\n    \n<div class=\"kksr-stars-active\" style=\"width: 0px;\">\n            <div class=\"kksr-star\" style=\"padding-right: 5px\">\n            \n\n<div class=\"kksr-icon\" style=\"width: 24px; height: 24px;\"><\/div>\n        <\/div>\n            <div class=\"kksr-star\" style=\"padding-right: 5px\">\n            \n\n<div class=\"kksr-icon\" style=\"width: 24px; height: 24px;\"><\/div>\n        <\/div>\n            <div class=\"kksr-star\" style=\"padding-right: 5px\">\n            \n\n<div class=\"kksr-icon\" style=\"width: 24px; height: 24px;\"><\/div>\n        <\/div>\n            <div class=\"kksr-star\" style=\"padding-right: 5px\">\n            \n\n<div class=\"kksr-icon\" style=\"width: 24px; height: 24px;\"><\/div>\n        <\/div>\n            <div class=\"kksr-star\" style=\"padding-right: 5px\">\n            \n\n<div class=\"kksr-icon\" style=\"width: 24px; height: 24px;\"><\/div>\n        <\/div>\n    <\/div>\n<\/div>\n                \n\n<div class=\"kksr-legend\" style=\"font-size: 19.2px;\">\n            <span class=\"kksr-muted\">Nov\u0113rt\u0113jiet tagad<\/span>\n    <\/div>\n    <\/div>\n<p>A <a href=\"https:\/\/blog.proofs.de\/lv\/lexikon\/proof\/\" target=\"_self\" title=\"Korekt\u016bra (pareizi: l\u012bgumkorekt\u016bra) ir ISO 12647-7 sertific\u0113ta korekt\u016bras ier\u012bce grafikas m\u0101kslas nozar\u0113. Proba imit\u0113 ofseta drukas vai dobspiedes kr\u0101sain\u012bbu kr\u0101su un juridiski saisto\u0161\u0101 veid\u0101, iev\u0113rojot ISO standart\u0101 noteikt\u0101s \u0161aur\u0101s pielaides.\" class=\"encyclopedia\">Pier\u0101d\u012bjums<\/a> Mums tas noz\u012bm\u0113 izgatavot \u013coti prec\u012bzu klienta mot\u012bva kr\u0101su reprodukciju, iev\u0113rojot pa\u0161reiz\u0113j\u0101s pielaides. <a href=\"https:\/\/blog.proofs.de\/lv\/lexikon\/iso-12647\/\" target=\"_self\" title=\"ISO 12647 ir ISO standarts, kas attiecas uz druk\u0101\u0161anu. Tas nosaka svar\u012bg\u0101kos galvenos punktus standartiz\u0113tai, kr\u0101su pras\u012bb\u0101m atbilsto\u0161ai druk\u0101\u0161anai.\" class=\"encyclopedia\">ISO 12647<\/a>-7:2016.<\/p>\n<p>M\u016bsu standarts vienm\u0113r ir bijis augst\u0101ks, nek\u0101 at\u013cauts standart\u0101. M\u0113s v\u0113lamies b\u016bt puse no pie\u013caujamaj\u0101m pielaid\u0113m. Un vairum\u0101 gad\u012bjumu mums tas izdodas dro\u0161i.<\/p>\n<p>Bet, ja vienu un to pa\u0161u mot\u012bvu izmantojat divas reizes ar ned\u0113\u013cas interv\u0101lu. <a href=\"https:\/\/blog.proofs.de\/lv\/lexikon\/proofen\/\" target=\"_self\" title='&quot;Pier\u0101d\u012b\u0161ana&quot; ir pier\u0101d\u012bjuma veik\u0161ana vai pier\u0101d\u012bjuma sagatavo\u0161ana. &quot;Man v\u0113l ir j\u0101veic bro\u0161\u016bras p\u0101rbaude&quot; ir tipisks v\u0101rda &quot;p\u0101rbaude&quot; formul\u0113jums. T\u0101tad korekt\u016bra noz\u012bm\u0113, ka saska\u0146\u0101 ar sp\u0113k\u0101 eso\u0161o ISO 12647-7 standartu tiek izgatavota kr\u0101saina un juridiski saisto\u0161a korekt\u016bra.' class=\"encyclopedia\">proofen<\/a> . <a href=\"https:\/\/blog.proofs.de\/lv\/lexikon\/proofs\/\" target=\"_self\" title=\"Poligr\u0101fijas nozar\u0113 p\u0101rbaudes izdrukas (vai p\u0101rbaudes izdrukas) attiecas uz drukas rezult\u0101ta kr\u0101su iesie\u0161anu un juridiski saisto\u0161u simul\u0101ciju kontroles nol\u016bkos. Standarts, kas attiecas uz p\u0101rbaudes izdruk\u0101m, ir ISO 12647-7:2016, t. i., 2016. gada pa\u0161reiz\u0113j\u0101 redakcija.\" class=\"encyclopedia\">Pier\u0101d\u012bjumi<\/a> vienm\u0113r nedaudz at\u0161\u0137iras viens no otra:<\/p>\n<ul>\n<li>Lai gan kr\u0101sa ir \u013coti stabila, neviens drukas printeris vienm\u0113r izdruk\u0101 identiski.<\/li>\n<li>Starp abiem pier\u0101d\u012bjumiem var b\u016bt uzrakst\u012bta jauna kalibr\u0113\u0161ana vai jauns optimiz\u0101cijas profils, kas vairs nav prec\u012bzi identisks iepriek\u0161\u0113jam, vecajam optimiz\u0101cijas profilam.<\/li>\n<li>Ar\u012b temperat\u016bras un mitruma sv\u0101rst\u012bbas var nedaudz ietekm\u0113t kr\u0101su atveidi - \u012bpa\u0161i vasar\u0101.<\/li>\n<li>M\u0113rinstrumentiem vienm\u0113r ir zin\u0101mas at\u0161\u0137ir\u012bbas starp da\u017e\u0101diem instrumentiem un m\u0113r\u012bjumiem, kas var izpausties da\u017e\u0101dos test\u0113\u0161anas protokolos un da\u017e\u0101d\u0101s instrumentu kalibr\u0101cij\u0101s.<\/li>\n<\/ul>\n<p>M\u0113s sniedzam ar\u012b pier\u0101d\u012bjumus par trim da\u017e\u0101diem E<a href=\"https:\/\/blog.proofs.de\/lv\/lexikon\/pso\/\" target=\"_self\" title='PSO noz\u012bm\u0113 &quot;ProcessStandard Offset&quot;, kas ir Fogra un V\u0101cijas Poligr\u0101fijas un mediju nozares feder\u0101cijas kop\u012bgi izstr\u0101d\u0101ts standarts. ProcessStandard Offset ir normu un standartiz\u0101cijas kopums ofseta drukai.' class=\"encyclopedia\">pso<\/a>n p\u0101rbaudes printeru mode\u013ci, kuros visos ir ieb\u016bv\u0113ts spektrofotogr\u0101fs ar X-Rite ILS30 m\u0113r\u012b\u0161anas meh\u0101niku. Tas mums nodro\u0161ina augstu caurlaides sp\u0113ju un \u013cauj \u0101tri apstr\u0101d\u0101t un nos\u016bt\u012bt pat lielus darbus. Ta\u010du tas noz\u012bm\u0113 ar\u012b to, ka korekt\u016bras tiek izgatavotas uz da\u017e\u0101diem korekt\u016bras printeriem un p\u0101rbaud\u012btas ar da\u017e\u0101diem m\u0113r\u012b\u0161anas meh\u0101nismiem. Tas, protams, noved pie liel\u0101k\u0101m novirz\u0113m starp div\u0101m korekt\u016br\u0101m nek\u0101 pakalpojumu sniedz\u0113jiem, kuriem ir tikai viens korekt\u016bras printeris un viens m\u0113rmeh\u0101nisms.<\/p>\n<h2>M\u016bsu pier\u0101d\u012bjumi: divreiz m\u0113r\u012bts ir prec\u012bz\u0101k<\/h2>\n<p>Lai joproj\u0101m sp\u0113tu garant\u0113t optim\u0101lu kr\u0101su precizit\u0101ti un homogenit\u0101ti, m\u0113s izmantojam da\u017e\u0101das m\u0113rier\u012bces lineariz\u0101cijai, profil\u0113\u0161anai, profila optimiz\u0101cijai un testa protokola verifik\u0101cijai.<\/p>\n<ul>\n<li>Lineariz\u0101ciju un turpm\u0101ko profil\u0113\u0161anu m\u016bsu korektor\u0101 piln\u012bb\u0101 autom\u0101tiski veic ier\u012bc\u0113 ieb\u016bv\u0113tais X-Rite Spectroproofer ar ILS30.<\/li>\n<li>V\u0113l prec\u012bz\u0101ka profila optimiz\u0101cija, pamatojoties uz profil\u0113\u0161anu, tiek m\u0113r\u012bta ar \u0101r\u0113jo i1 Pro 2 uz iO galda. M\u0113s izm\u0113r\u0101m un optimiz\u0113jam tr\u012bs l\u012bdz \u010detras iter\u0101cijas katru un p\u0113c tam izv\u0113lamies vislab\u0101ko optimiz\u0101cijas profilu attiec\u012bgajam korektoram.<\/li>\n<li>Ja jums ir <a href=\"https:\/\/blog.proofs.de\/lv\/lexikon\/medienkeil\/\" target=\"_self\" title=\"Multivides \u0137\u012blis ir standartiz\u0113ts testa modelis, ko izmanto poligr\u0101fijas nozar\u0113 un kr\u0101su p\u0101rvald\u012bb\u0101. Multivides \u0137\u012blis sast\u0101v no virknes kr\u0101su pl\u0101ksteru ar zin\u0101m\u0101m kr\u0101su v\u0113rt\u012bb\u0101m un kr\u0101su intensit\u0101ti. To izmanto, lai p\u0101rbaud\u012btu izdruku kr\u0101su precizit\u0101ti un kr\u0101su atveidi, jo \u012bpa\u0161i kalibr\u0113jot kr\u0101su p\u0101rvald\u012bbas sist\u0113mas. Multivides \u0137\u012blis satur virkni kr\u0101su pl\u0101ksteru ar da\u017e\u0101d\u0101m kr\u0101s\u0101m, tostarp...\" class=\"encyclopedia\">Mediju \u0137\u012blis<\/a> ar testa zi\u0146ojumu, to piln\u012bb\u0101 autom\u0101tiski izveido ieb\u016bv\u0113tais spektroproferis.<\/li>\n<\/ul>\n<h2>\u0160ai proced\u016brai ir iz\u0161\u0137iro\u0161as priek\u0161roc\u012bbas kr\u0101su precizit\u0101tes zi\u0146\u0101:<\/h2>\n<ul>\n<li>Visus p\u0101rbaudes printerus optimiz\u0113, izmantojot vienu un to pa\u0161u \u0101r\u0113jo m\u0113rier\u012bci. Tas \u013cauj kompens\u0113t at\u0161\u0137ir\u012bbas un sv\u0101rst\u012bbas starp atsevi\u0161\u0137iem proof printeriem un m\u0113r\u012b\u0161anas meh\u0101nismiem. T\u0101 rezult\u0101t\u0101 tiek ieg\u016btas gandr\u012bz identiskas kr\u0101su izdrukas neatkar\u012bgi no t\u0101, ar kuru korektoru t\u0101s ir izgatavotas.<\/li>\n<li>Katram mediju \u0137\u012blim ar testa protokolu pier\u0101d\u012bjums tiek m\u0113r\u012bts un p\u0101rbaud\u012bts atsevi\u0161\u0137i. T\u0101tad, ja ir k\u0101das neatbilst\u012bbas starp \u0101r\u0113jiem un iek\u0161\u0113jiem pier\u0101d\u012bjumiem. <a href=\"https:\/\/blog.proofs.de\/lv\/lexikon\/spektralfotometer\/\" target=\"_self\" title=\"Spektrofotometri ir augstas kvalit\u0101tes kr\u0101su m\u0113rier\u012bces, ar kur\u0101m var izm\u0113r\u012bt un prec\u012bzi aprakst\u012bt jebkuru kr\u0101su. M\u0113rier\u012bce to pan\u0101k, izgaismojot m\u0113r\u012b\u0161anas virsmu ar visu redzam\u0101s gaismas spektru. Atsp\u012bduma v\u0113rt\u012bbas no noteiktiem vi\u013c\u0146u garumiem kop\u0101 veido izm\u0113r\u012bto v\u0113rt\u012bbu, kas bie\u017ei tiek izvad\u012bta Lab (m\u0113r\u012b\u0161anas re\u017e\u012bms, br\u012bvi izv\u0113loties no M0 l\u012bdz M2). Tom\u0113r spektra m\u0113r\u012bjumu v\u0113rt\u012bbas var ar\u012b saglab\u0101t tie\u0161i. Augstas kvalit\u0101tes p\u0101rbaudes printeriem ir savs spektr\u0101lais fotometrs, ar kuru var tie\u0161i p\u0101rbaud\u012bt izdruku.\" class=\"encyclopedia\">Spektrofotometrs<\/a> &nbsp;notiktu, testa protokols nekav\u0113joties neizdotos.<\/li>\n<li>Tas izsl\u0113dz iesp\u0113ju, ka, piem\u0113ram, m\u0113rier\u012bce \"aizmirst uz za\u013co aci\", bet past\u0101v\u012bgi sevi p\u0101rbauda un t\u0101p\u0113c nekad to nepamana.<\/li>\n<\/ul>\n<p>Stingri run\u0101jot, tas noz\u012bm\u0113, ka katrs pier\u0101d\u012bjums ir ne tikai d<a href=\"https:\/\/blog.proofs.de\/lv\/lexikon\/opp\/\" target=\"_self\" title='&quot;OPP&quot; noz\u012bm\u0113 &quot;orient\u0113ts polipropil\u0113ns&quot;, kas ir plastmasas pl\u0113ves veids. OPP pl\u0113ve ir izgatavota no polipropil\u0113na, un to raksturo orient\u0101cija. Materi\u0101la orient\u0101ciju pan\u0101k \u012bpa\u0161\u0101 ra\u017eo\u0161anas proces\u0101, kur\u0101 pl\u0113vi izstiepj, lai uzlabotu t\u0101s fizik\u0101l\u0101s \u012bpa\u0161\u012bbas. OPP pl\u0113ves ir caursp\u012bd\u012bgas, sp\u012bd\u012bgas un ar gludu virsmu. T\u0101s ir \u013coti caursp\u012bd\u012bgas, iztur\u012bgas pret pl\u012bsumiem, \u016bdensnecaurlaid\u012bgas un ar labu barjeras efektu pret mitrumu, e\u013c\u013c\u0101m un g\u0101z\u0113m. \u0160\u012bs \u012bpa\u0161\u012bbas padara OPP pl\u0113ves univers\u0101las, un t\u0101s var izmantot da\u017e\u0101d\u0101s jom\u0101s, jo \u012bpa\u0161i iepakojuma r\u016bpniec\u012bb\u0101. Pl\u0113ves lamin\u0113\u0161anai ar OPP mat\u0113t\u0101m pl\u0113v\u0113m un OPP glanc\u0113t\u0101m pl\u0113v\u0113m ir \u010detri t\u0101 sauktie Fogra &quot;apdares apliecin\u0101juma&quot; standarti: Fogra49 un Fogra50 ar OPP pl\u0113v\u0113m saist\u012btiem pap\u012briem klasiskajos standartos ISOCoatedV2 300% un Fogra56 un Fogra57 OPP apdruku PSOCoatedV3 apdrukai.' class=\"encyclopedia\">opp<\/a>Profila optimiz\u0101cija tiek p\u0101rbaud\u012bta ne tikai vienreiz, bet \u010detras reizes, jo to p\u0101rbauda uz trim p\u0101rbaudes printeriem, izmantojot tr\u012bs m\u0113r\u012b\u0161anas meh\u0101nismus. Ja profila optimiz\u0101cijas centr\u0101lais m\u0113r\u012b\u0161anas meh\u0101nisms darbotos nepareizi, visu p\u0101rbaudes ier\u012b\u010du p\u0101rbaudes zi\u0146ojumi b\u016btu k\u013c\u016bdaini. Ja nedarbotos viena korekt\u016bras ier\u012bce un viens m\u0113rmeh\u0101nisms, p\u0101rbaudes protokoli nedarbotos vien\u0101 ier\u012bc\u0113, bet ne vis\u0101s.<\/p>\n<p>\u0160\u012b proced\u016bra ir mazliet laikietilp\u012bg\u0101ka, ta\u010du t\u0101 sniedz tikai priek\u0161roc\u012bbas mums un m\u016bsu klientiem. T\u0101d\u0113j\u0101di m\u016bsu izdrukas ir tikpat viendab\u012bgas, it k\u0101 t\u0101s b\u016btu izgatavotas tikai no vienas izdrukas iespiedma\u0161\u012bnas, bet taj\u0101 pa\u0161\u0101 laik\u0101 p\u0113c mediju \u0137\u012b\u013ca p\u0101rbaudes t\u0101s ir apstr\u0101d\u0101tas ar diviem m\u0113rmeh\u0101ni\u0137iem un atz\u012btas par lab\u0101m. Tas jums un mums nodro\u0161ina j\u016btamu procesa kvalit\u0101tes pieaugumu proof produkcijas ra\u017eo\u0161an\u0101.<\/p>","protected":false},"excerpt":{"rendered":"<p>Mums p\u0101rbaude noz\u012bm\u0113 \u013coti prec\u012bzu klienta mot\u012bva kr\u0101su reprodukciju, kas atbilst sp\u0113k\u0101 eso\u0161\u0101 standarta ISO 12647-7:2016 pielaid\u0113m. M\u016bsu standarti vienm\u0113r ir biju\u0161i augst\u0101ki par standart\u0101 at\u013cautajiem. M\u0113s v\u0113lamies b\u016bt puse no at\u013cautaj\u0101m pielaid\u0113m. Un vairum\u0101 gad\u012bjumu m\u0113s to dro\u0161i sasniedzam. Ta\u010du, ja vienu un to pa\u0161u mot\u012bvu p\u0101rbauda divas reizes ar ned\u0113\u013cas interv\u0101lu, p\u0101rbaudes vienm\u0113r nedaudz at\u0161\u0137irsies viena no otras: Starp ab\u0101m korekt\u016br\u0101m var uzrakst\u012bt jaunu kalibr\u0113\u0161anu vai jaunu optimiz\u0101cijas profilu, lai gan kr\u0101sa ir \u013coti stabila, neviens korekt\u016bras printeris vienm\u0113r druk\u0101 identiski. <\/p>\n<p class=\"read-more-container\"><a title=\"M\u016bsu p\u0101rbaudes: m\u0113r\u012bts divreiz, lai nodro\u0161in\u0101tu liel\u0101ku kr\u0101su precizit\u0101ti\" class=\"read-more button\" href=\"https:\/\/blog.proofs.de\/lv\/unsere-proofs-doppelt-gemessen-fuer-mehr-farbpraezision\/#more-2110\" aria-label=\"Uzzin\u0101t vair\u0101k par M\u016bsu p\u0101rbaudes: divreiz m\u0113r\u012bts, lai pan\u0101ktu liel\u0101ku kr\u0101su precizit\u0101ti\">Las\u012bt vair\u0101k<\/a><\/p>","protected":false},"author":2,"featured_media":1888,"comment_status":"open","ping_status":"open","sticky":false,"template":"","format":"standard","meta":{"om_disable_all_campaigns":false,"inline_featured_image":false,"_monsterinsights_skip_tracking":false,"footnotes":""},"categories":[1],"tags":[1033,806,686,1035,1032,1036,519,1034,988,1031,479],"class_list":["post-2110","post","type-post","status-publish","format-standard","has-post-thumbnail","hentry","category-allgemein","tag-i1","tag-i1pro2","tag-iso12647-7","tag-kalibrierung","tag-messtechnik","tag-profilierung","tag-proof","tag-pruefprotokoll","tag-spektralfotometer","tag-toleranzen","tag-x-rite","generate-columns","tablet-grid-50","mobile-grid-100","grid-parent","grid-50","no-featured-image-padding","resize-featured-image"],"aioseo_notices":[],"aioseo_head":"\n\t\t<!-- All in One SEO 5.0.1.1 - aioseo.com -->\n\t<meta name=\"description\" content=\"Unser Anspruch bei Proofs ist schon immer hoch. Wir m\u00f6chten innerhalb der H\u00e4lfte der zul\u00e4ssigen Toleranzen liegen. Und meistens schaffen wir das auch.\" \/>\n\t<meta name=\"robots\" content=\"max-image-preview:large\" \/>\n\t<meta name=\"author\" content=\"Matthias Betz\"\/>\n\t<meta name=\"google-site-verification\" content=\"TuXxyRwxcEg2-WfOaQ8vScWQh3-uBAnxXmY7g3GT90A\" \/>\n\t<meta name=\"keywords\" content=\"proof,iso12647-7,toleranzen,messtechnik,spektralfotometer,x-rite,i1,i1pro2,pr\u00fcfprotokoll,kalibrierung,profilierung,i1,i1pro2,iso12647-7,kalibrierung,messtechnik,profilierung,proof,pr\u00fcfprotokoll,spektralfotometer,toleranzen,x-rite\" \/>\n\t<link rel=\"canonical\" href=\"https:\/\/blog.proofs.de\/lv\/unsere-proofs-doppelt-gemessen-fuer-mehr-farbpraezision\/\" \/>\n\t<meta name=\"generator\" content=\"All in One SEO (AIOSEO) 5.0.1.1\" \/>\n\n\t\t<meta name=\"seobility\" content=\"593a8578143db71543f014978c690d47\">\n\t\t<meta property=\"og:locale\" content=\"lv_LV\" \/>\n\t\t<meta property=\"og:site_name\" content=\"Proof.de | Alles zu Proof, Farbmanagement, Grafik, Messtechnik &amp; Co.\" \/>\n\t\t<meta property=\"og:type\" content=\"article\" \/>\n\t\t<meta property=\"og:title\" content=\"Unser Proof: Doppelt gemessen f\u00fcr mehr Pr\u00e4zision | proof.de\" \/>\n\t\t<meta property=\"og:description\" content=\"Unser Anspruch bei Proofs ist schon immer hoch. Wir m\u00f6chten innerhalb der H\u00e4lfte der zul\u00e4ssigen Toleranzen liegen. Und meistens schaffen wir das auch.\" \/>\n\t\t<meta property=\"og:url\" content=\"https:\/\/blog.proofs.de\/lv\/unsere-proofs-doppelt-gemessen-fuer-mehr-farbpraezision\/\" \/>\n\t\t<meta property=\"og:image\" content=\"https:\/\/blog.proofs.de\/wp-content\/uploads\/2017\/04\/proof_de_medienkeil_mediawedge_ISO-12647-7_vs_ISO-DIS_12647-7_2016.jpg\" \/>\n\t\t<meta property=\"og:image:secure_url\" content=\"https:\/\/blog.proofs.de\/wp-content\/uploads\/2017\/04\/proof_de_medienkeil_mediawedge_ISO-12647-7_vs_ISO-DIS_12647-7_2016.jpg\" \/>\n\t\t<meta property=\"og:image:width\" content=\"2400\" \/>\n\t\t<meta property=\"og:image:height\" content=\"1100\" \/>\n\t\t<meta property=\"article:published_time\" content=\"2019-04-15T22:17:32+00:00\" \/>\n\t\t<meta property=\"article:modified_time\" content=\"2020-05-08T00:26:06+00:00\" \/>\n\t\t<meta property=\"article:publisher\" content=\"https:\/\/www.facebook.com\/Proof.de\/\" \/>\n\t\t<meta name=\"twitter:card\" content=\"summary\" \/>\n\t\t<meta name=\"twitter:title\" content=\"Unser Proof: Doppelt gemessen f\u00fcr mehr Pr\u00e4zision | proof.de\" \/>\n\t\t<meta name=\"twitter:description\" content=\"Unser Anspruch bei Proofs ist schon immer hoch. Wir m\u00f6chten innerhalb der H\u00e4lfte der zul\u00e4ssigen Toleranzen liegen. Und meistens schaffen wir das auch.\" \/>\n\t\t<meta name=\"twitter:image\" content=\"https:\/\/blog1.proofen.de\/wp-content\/uploads\/2020\/04\/proof_background.jpg\" \/>\n\t\t<script type=\"application\/ld+json\" class=\"aioseo-schema\">\n\t\t\t{\"@context\":\"https:\\\/\\\/schema.org\",\"@graph\":[{\"@type\":\"Article\",\"@id\":\"https:\\\/\\\/blog.proofs.de\\\/lv\\\/unsere-proofs-doppelt-gemessen-fuer-mehr-farbpraezision\\\/#article\",\"name\":\"Unser Proof: Doppelt gemessen f\\u00fcr mehr Pr\\u00e4zision | proof.de\",\"headline\":\"Unsere Proofs: Doppelt gemessen f\\u00fcr mehr Farbpr\\u00e4zision\",\"author\":{\"@id\":\"https:\\\/\\\/blog.proofs.de\\\/lv\\\/author\\\/mbetz\\\/#author\"},\"publisher\":{\"@id\":\"https:\\\/\\\/blog.proofs.de\\\/lv\\\/#organization\"},\"image\":{\"@type\":\"ImageObject\",\"url\":\"https:\\\/\\\/blog.proofs.de\\\/wp-content\\\/uploads\\\/2017\\\/04\\\/proof_de_medienkeil_mediawedge_ISO-12647-7_vs_ISO-DIS_12647-7_2016.jpg\",\"width\":2400,\"height\":1100,\"caption\":\"proof.de Medienkeil Mediawedge ISO 12647-7 vs. ISO\\\/DIS 12647-7:2016\"},\"datePublished\":\"2019-04-16T00:17:32+02:00\",\"dateModified\":\"2020-05-08T02:26:06+02:00\",\"inLanguage\":\"lv\",\"mainEntityOfPage\":{\"@id\":\"https:\\\/\\\/blog.proofs.de\\\/lv\\\/unsere-proofs-doppelt-gemessen-fuer-mehr-farbpraezision\\\/#webpage\"},\"isPartOf\":{\"@id\":\"https:\\\/\\\/blog.proofs.de\\\/lv\\\/unsere-proofs-doppelt-gemessen-fuer-mehr-farbpraezision\\\/#webpage\"},\"articleSection\":\"Allgemein, i1, I1Pro2, ISO12647-7, Kalibrierung, Messtechnik, Profilierung, Proof, Pr\\u00fcfprotokoll, Spektralfotometer, Toleranzen, X-Rite\"},{\"@type\":\"BreadcrumbList\",\"@id\":\"https:\\\/\\\/blog.proofs.de\\\/lv\\\/unsere-proofs-doppelt-gemessen-fuer-mehr-farbpraezision\\\/#breadcrumblist\",\"itemListElement\":[{\"@type\":\"ListItem\",\"@id\":\"https:\\\/\\\/blog.proofs.de\\\/lv#listItem\",\"position\":1,\"name\":\"Home\",\"item\":\"https:\\\/\\\/blog.proofs.de\\\/lv\",\"nextItem\":{\"@type\":\"ListItem\",\"@id\":\"https:\\\/\\\/blog.proofs.de\\\/lv\\\/thema\\\/allgemein\\\/#listItem\",\"name\":\"Allgemein\"}},{\"@type\":\"ListItem\",\"@id\":\"https:\\\/\\\/blog.proofs.de\\\/lv\\\/thema\\\/allgemein\\\/#listItem\",\"position\":2,\"name\":\"Allgemein\",\"item\":\"https:\\\/\\\/blog.proofs.de\\\/lv\\\/thema\\\/allgemein\\\/\",\"nextItem\":{\"@type\":\"ListItem\",\"@id\":\"https:\\\/\\\/blog.proofs.de\\\/lv\\\/unsere-proofs-doppelt-gemessen-fuer-mehr-farbpraezision\\\/#listItem\",\"name\":\"Unsere Proofs: Doppelt gemessen f\\u00fcr mehr Farbpr\\u00e4zision\"},\"previousItem\":{\"@type\":\"ListItem\",\"@id\":\"https:\\\/\\\/blog.proofs.de\\\/lv#listItem\",\"name\":\"Home\"}},{\"@type\":\"ListItem\",\"@id\":\"https:\\\/\\\/blog.proofs.de\\\/lv\\\/unsere-proofs-doppelt-gemessen-fuer-mehr-farbpraezision\\\/#listItem\",\"position\":3,\"name\":\"Unsere Proofs: Doppelt gemessen f\\u00fcr mehr Farbpr\\u00e4zision\",\"previousItem\":{\"@type\":\"ListItem\",\"@id\":\"https:\\\/\\\/blog.proofs.de\\\/lv\\\/thema\\\/allgemein\\\/#listItem\",\"name\":\"Allgemein\"}}]},{\"@type\":\"Organization\",\"@id\":\"https:\\\/\\\/blog.proofs.de\\\/lv\\\/#organization\",\"name\":\"Proof GmbH\",\"description\":\"Farbverbindlicher Proof, Farbproof, Digitalproof und Online-Proof.\",\"url\":\"https:\\\/\\\/blog.proofs.de\\\/lv\\\/\",\"telephone\":\"+4970717952740\",\"logo\":{\"@type\":\"ImageObject\",\"url\":\"https:\\\/\\\/blog1.proofen.de\\\/wp-content\\\/uploads\\\/2019\\\/09\\\/logo_proof_rgb_mit_balken_250px.png\",\"@id\":\"https:\\\/\\\/blog.proofs.de\\\/lv\\\/unsere-proofs-doppelt-gemessen-fuer-mehr-farbpraezision\\\/#organizationLogo\"},\"image\":{\"@id\":\"https:\\\/\\\/blog.proofs.de\\\/lv\\\/unsere-proofs-doppelt-gemessen-fuer-mehr-farbpraezision\\\/#organizationLogo\"},\"sameAs\":[\"https:\\\/\\\/www.facebook.com\\\/Proof.de\\\/\",\"https:\\\/\\\/www.instagram.com\\\/proof.de\\\/\",\"https:\\\/\\\/www.tiktok.com\\\/@proof_de\",\"https:\\\/\\\/www.youtube.com\\\/channel\\\/UCk80fQVQ25wC9wu3SywB-Nw\",\"https:\\\/\\\/www.linkedin.com\\\/company\\\/proof-de\"]},{\"@type\":\"Person\",\"@id\":\"https:\\\/\\\/blog.proofs.de\\\/lv\\\/author\\\/mbetz\\\/#author\",\"url\":\"https:\\\/\\\/blog.proofs.de\\\/lv\\\/author\\\/mbetz\\\/\",\"name\":\"Matthias Betz\",\"image\":{\"@type\":\"ImageObject\",\"@id\":\"https:\\\/\\\/blog.proofs.de\\\/lv\\\/unsere-proofs-doppelt-gemessen-fuer-mehr-farbpraezision\\\/#authorImage\",\"url\":\"https:\\\/\\\/blog.proofs.de\\\/wp-content\\\/uploads\\\/2020\\\/10\\\/matthias-betz-e1603934518350-150x150.png\",\"width\":96,\"height\":96,\"caption\":\"Matthias Betz\"}},{\"@type\":\"WebPage\",\"@id\":\"https:\\\/\\\/blog.proofs.de\\\/lv\\\/unsere-proofs-doppelt-gemessen-fuer-mehr-farbpraezision\\\/#webpage\",\"url\":\"https:\\\/\\\/blog.proofs.de\\\/lv\\\/unsere-proofs-doppelt-gemessen-fuer-mehr-farbpraezision\\\/\",\"name\":\"Unser Proof: Doppelt gemessen f\\u00fcr mehr Pr\\u00e4zision | proof.de\",\"description\":\"Unser Anspruch bei Proofs ist schon immer hoch. Wir m\\u00f6chten innerhalb der H\\u00e4lfte der zul\\u00e4ssigen Toleranzen liegen. Und meistens schaffen wir das auch.\",\"inLanguage\":\"lv\",\"isPartOf\":{\"@id\":\"https:\\\/\\\/blog.proofs.de\\\/lv\\\/#website\"},\"breadcrumb\":{\"@id\":\"https:\\\/\\\/blog.proofs.de\\\/lv\\\/unsere-proofs-doppelt-gemessen-fuer-mehr-farbpraezision\\\/#breadcrumblist\"},\"author\":{\"@id\":\"https:\\\/\\\/blog.proofs.de\\\/lv\\\/author\\\/mbetz\\\/#author\"},\"creator\":{\"@id\":\"https:\\\/\\\/blog.proofs.de\\\/lv\\\/author\\\/mbetz\\\/#author\"},\"image\":{\"@type\":\"ImageObject\",\"url\":\"https:\\\/\\\/blog.proofs.de\\\/wp-content\\\/uploads\\\/2017\\\/04\\\/proof_de_medienkeil_mediawedge_ISO-12647-7_vs_ISO-DIS_12647-7_2016.jpg\",\"@id\":\"https:\\\/\\\/blog.proofs.de\\\/lv\\\/unsere-proofs-doppelt-gemessen-fuer-mehr-farbpraezision\\\/#mainImage\",\"width\":2400,\"height\":1100,\"caption\":\"proof.de Medienkeil Mediawedge ISO 12647-7 vs. ISO\\\/DIS 12647-7:2016\"},\"primaryImageOfPage\":{\"@id\":\"https:\\\/\\\/blog.proofs.de\\\/lv\\\/unsere-proofs-doppelt-gemessen-fuer-mehr-farbpraezision\\\/#mainImage\"},\"datePublished\":\"2019-04-16T00:17:32+02:00\",\"dateModified\":\"2020-05-08T02:26:06+02:00\"},{\"@type\":\"WebSite\",\"@id\":\"https:\\\/\\\/blog.proofs.de\\\/lv\\\/#website\",\"url\":\"https:\\\/\\\/blog.proofs.de\\\/lv\\\/\",\"name\":\"Proof.de\",\"description\":\"Farbverbindlicher Proof, Farbproof, Digitalproof und Online-Proof.\",\"inLanguage\":\"lv\",\"publisher\":{\"@id\":\"https:\\\/\\\/blog.proofs.de\\\/lv\\\/#organization\"}}]}\n\t\t<\/script>\n\t\t<!-- All in One SEO -->\n\n","aioseo_head_json":{"title":"M\u016bsu pier\u0101d\u012bjums: M\u0113r\u012bts divreiz, lai nodro\u0161in\u0101tu liel\u0101ku precizit\u0101ti | proof.de","description":"M\u016bsu pier\u0101d\u012bjumu standarti vienm\u0113r ir biju\u0161i augsti. M\u0113s v\u0113lamies b\u016bt puse no pie\u013caujamaj\u0101m pielaid\u0113m. Un liel\u0101koties mums tas izdodas.","canonical_url":"https:\/\/blog.proofs.de\/lv\/unsere-proofs-doppelt-gemessen-fuer-mehr-farbpraezision\/","robots":"max-image-preview:large","keywords":"proof,iso12647-7,toleranzen,messtechnik,spektralfotometer,x-rite,i1,i1pro2,pr\u00fcfprotokoll,kalibrierung,profilierung,i1,i1pro2,iso12647-7,kalibrierung,messtechnik,profilierung,proof,pr\u00fcfprotokoll,spektralfotometer,toleranzen,x-rite","webmasterTools":{"google-site-verification":"TuXxyRwxcEg2-WfOaQ8vScWQh3-uBAnxXmY7g3GT90A","miscellaneous":"&lt;meta name=\"seobility\" content=\"593a8578143db71543f014978c690d47\"&gt;"},"schema":{"@context":"https:\/\/schema.org","@graph":[{"@type":"Article","@id":"https:\/\/blog.proofs.de\/lv\/unsere-proofs-doppelt-gemessen-fuer-mehr-farbpraezision\/#article","name":"Unser Proof: Doppelt gemessen f\u00fcr mehr Pr\u00e4zision | proof.de","headline":"Unsere Proofs: Doppelt gemessen f\u00fcr mehr Farbpr\u00e4zision","author":{"@id":"https:\/\/blog.proofs.de\/lv\/author\/mbetz\/#author"},"publisher":{"@id":"https:\/\/blog.proofs.de\/lv\/#organization"},"image":{"@type":"ImageObject","url":"https:\/\/blog.proofs.de\/wp-content\/uploads\/2017\/04\/proof_de_medienkeil_mediawedge_ISO-12647-7_vs_ISO-DIS_12647-7_2016.jpg","width":2400,"height":1100,"caption":"proof.de Medienkeil Mediawedge ISO 12647-7 vs. ISO\/DIS 12647-7:2016"},"datePublished":"2019-04-16T00:17:32+02:00","dateModified":"2020-05-08T02:26:06+02:00","inLanguage":"lv","mainEntityOfPage":{"@id":"https:\/\/blog.proofs.de\/lv\/unsere-proofs-doppelt-gemessen-fuer-mehr-farbpraezision\/#webpage"},"isPartOf":{"@id":"https:\/\/blog.proofs.de\/lv\/unsere-proofs-doppelt-gemessen-fuer-mehr-farbpraezision\/#webpage"},"articleSection":"Allgemein, i1, I1Pro2, ISO12647-7, Kalibrierung, Messtechnik, Profilierung, Proof, Pr\u00fcfprotokoll, Spektralfotometer, Toleranzen, X-Rite"},{"@type":"BreadcrumbList","@id":"https:\/\/blog.proofs.de\/lv\/unsere-proofs-doppelt-gemessen-fuer-mehr-farbpraezision\/#breadcrumblist","itemListElement":[{"@type":"ListItem","@id":"https:\/\/blog.proofs.de\/lv#listItem","position":1,"name":"Home","item":"https:\/\/blog.proofs.de\/lv","nextItem":{"@type":"ListItem","@id":"https:\/\/blog.proofs.de\/lv\/thema\/allgemein\/#listItem","name":"Allgemein"}},{"@type":"ListItem","@id":"https:\/\/blog.proofs.de\/lv\/thema\/allgemein\/#listItem","position":2,"name":"Allgemein","item":"https:\/\/blog.proofs.de\/lv\/thema\/allgemein\/","nextItem":{"@type":"ListItem","@id":"https:\/\/blog.proofs.de\/lv\/unsere-proofs-doppelt-gemessen-fuer-mehr-farbpraezision\/#listItem","name":"Unsere Proofs: Doppelt gemessen f\u00fcr mehr Farbpr\u00e4zision"},"previousItem":{"@type":"ListItem","@id":"https:\/\/blog.proofs.de\/lv#listItem","name":"Home"}},{"@type":"ListItem","@id":"https:\/\/blog.proofs.de\/lv\/unsere-proofs-doppelt-gemessen-fuer-mehr-farbpraezision\/#listItem","position":3,"name":"Unsere Proofs: Doppelt gemessen f\u00fcr mehr Farbpr\u00e4zision","previousItem":{"@type":"ListItem","@id":"https:\/\/blog.proofs.de\/lv\/thema\/allgemein\/#listItem","name":"Allgemein"}}]},{"@type":"Organization","@id":"https:\/\/blog.proofs.de\/lv\/#organization","name":"Proof GmbH","description":"Farbverbindlicher Proof, Farbproof, Digitalproof und Online-Proof.","url":"https:\/\/blog.proofs.de\/lv\/","telephone":"+4970717952740","logo":{"@type":"ImageObject","url":"https:\/\/blog1.proofen.de\/wp-content\/uploads\/2019\/09\/logo_proof_rgb_mit_balken_250px.png","@id":"https:\/\/blog.proofs.de\/lv\/unsere-proofs-doppelt-gemessen-fuer-mehr-farbpraezision\/#organizationLogo"},"image":{"@id":"https:\/\/blog.proofs.de\/lv\/unsere-proofs-doppelt-gemessen-fuer-mehr-farbpraezision\/#organizationLogo"},"sameAs":["https:\/\/www.facebook.com\/Proof.de\/","https:\/\/www.instagram.com\/proof.de\/","https:\/\/www.tiktok.com\/@proof_de","https:\/\/www.youtube.com\/channel\/UCk80fQVQ25wC9wu3SywB-Nw","https:\/\/www.linkedin.com\/company\/proof-de"]},{"@type":"Person","@id":"https:\/\/blog.proofs.de\/lv\/author\/mbetz\/#author","url":"https:\/\/blog.proofs.de\/lv\/author\/mbetz\/","name":"Matthias Betz","image":{"@type":"ImageObject","@id":"https:\/\/blog.proofs.de\/lv\/unsere-proofs-doppelt-gemessen-fuer-mehr-farbpraezision\/#authorImage","url":"https:\/\/blog.proofs.de\/wp-content\/uploads\/2020\/10\/matthias-betz-e1603934518350-150x150.png","width":96,"height":96,"caption":"Matthias Betz"}},{"@type":"WebPage","@id":"https:\/\/blog.proofs.de\/lv\/unsere-proofs-doppelt-gemessen-fuer-mehr-farbpraezision\/#webpage","url":"https:\/\/blog.proofs.de\/lv\/unsere-proofs-doppelt-gemessen-fuer-mehr-farbpraezision\/","name":"Unser Proof: Doppelt gemessen f\u00fcr mehr Pr\u00e4zision | proof.de","description":"Unser Anspruch bei Proofs ist schon immer hoch. Wir m\u00f6chten innerhalb der H\u00e4lfte der zul\u00e4ssigen Toleranzen liegen. Und meistens schaffen wir das auch.","inLanguage":"lv","isPartOf":{"@id":"https:\/\/blog.proofs.de\/lv\/#website"},"breadcrumb":{"@id":"https:\/\/blog.proofs.de\/lv\/unsere-proofs-doppelt-gemessen-fuer-mehr-farbpraezision\/#breadcrumblist"},"author":{"@id":"https:\/\/blog.proofs.de\/lv\/author\/mbetz\/#author"},"creator":{"@id":"https:\/\/blog.proofs.de\/lv\/author\/mbetz\/#author"},"image":{"@type":"ImageObject","url":"https:\/\/blog.proofs.de\/wp-content\/uploads\/2017\/04\/proof_de_medienkeil_mediawedge_ISO-12647-7_vs_ISO-DIS_12647-7_2016.jpg","@id":"https:\/\/blog.proofs.de\/lv\/unsere-proofs-doppelt-gemessen-fuer-mehr-farbpraezision\/#mainImage","width":2400,"height":1100,"caption":"proof.de Medienkeil Mediawedge ISO 12647-7 vs. ISO\/DIS 12647-7:2016"},"primaryImageOfPage":{"@id":"https:\/\/blog.proofs.de\/lv\/unsere-proofs-doppelt-gemessen-fuer-mehr-farbpraezision\/#mainImage"},"datePublished":"2019-04-16T00:17:32+02:00","dateModified":"2020-05-08T02:26:06+02:00"},{"@type":"WebSite","@id":"https:\/\/blog.proofs.de\/lv\/#website","url":"https:\/\/blog.proofs.de\/lv\/","name":"Proof.de","description":"Farbverbindlicher Proof, Farbproof, Digitalproof und Online-Proof.","inLanguage":"lv","publisher":{"@id":"https:\/\/blog.proofs.de\/lv\/#organization"}}]},"og:locale":"lv_LV","og:site_name":"Proof.de | Alles zu Proof, Farbmanagement, Grafik, Messtechnik &amp; Co.","og:type":"article","og:title":"Unser Proof: Doppelt gemessen f\u00fcr mehr Pr\u00e4zision | proof.de","og:description":"Unser Anspruch bei Proofs ist schon immer hoch. Wir m\u00f6chten innerhalb der H\u00e4lfte der zul\u00e4ssigen Toleranzen liegen. Und meistens schaffen wir das auch.","og:url":"https:\/\/blog.proofs.de\/lv\/unsere-proofs-doppelt-gemessen-fuer-mehr-farbpraezision\/","og:image":"https:\/\/blog.proofs.de\/wp-content\/uploads\/2017\/04\/proof_de_medienkeil_mediawedge_ISO-12647-7_vs_ISO-DIS_12647-7_2016.jpg","og:image:secure_url":"https:\/\/blog.proofs.de\/wp-content\/uploads\/2017\/04\/proof_de_medienkeil_mediawedge_ISO-12647-7_vs_ISO-DIS_12647-7_2016.jpg","og:image:width":2400,"og:image:height":1100,"article:published_time":"2019-04-15T22:17:32+00:00","article:modified_time":"2020-05-08T00:26:06+00:00","article:publisher":"https:\/\/www.facebook.com\/Proof.de\/","twitter:card":"summary","twitter:title":"Unser Proof: Doppelt gemessen f\u00fcr mehr Pr\u00e4zision | proof.de","twitter:description":"Unser Anspruch bei Proofs ist schon immer hoch. Wir m\u00f6chten innerhalb der H\u00e4lfte der zul\u00e4ssigen Toleranzen liegen. Und meistens schaffen wir das auch.","twitter:image":"https:\/\/blog1.proofen.de\/wp-content\/uploads\/2020\/04\/proof_background.jpg"},"aioseo_meta_data":{"post_id":"2110","title":"M\u016bsu p\u0101rbaude: divk\u0101r\u0161a m\u0113r\u012b\u0161ana liel\u0101kai precizit\u0101tei | proof.de","description":"M\u016bsu pier\u0101d\u012bjumu standarti vienm\u0113r ir biju\u0161i augsti. M\u0113s v\u0113lamies b\u016bt puse no pie\u013caujamaj\u0101m pielaid\u0113m. Un liel\u0101koties mums tas izdodas.","keywords":[{"label":"Proof,ISO12647-7,Toleranzen,Messtechnik,Spektralfotometer,X-Rite,i1,i1Pro2,Pr\u00fcfprotokoll,Kalibrierung,Profilierung","value":"Proof,ISO12647-7,Toleranzen,Messtechnik,Spektralfotometer,X-Rite,i1,i1Pro2,Pr\u00fcfprotokoll,Kalibrierung,Profilierung"}],"keyphrases":null,"primary_term":null,"canonical_url":null,"og_title":null,"og_description":null,"og_object_type":"default","og_image_type":"default","og_image_url":null,"og_image_width":null,"og_image_height":null,"og_image_custom_url":null,"og_image_custom_fields":null,"og_video":null,"og_custom_url":null,"og_article_section":null,"og_article_tags":null,"twitter_use_og":false,"twitter_card":"default","twitter_image_type":"default","twitter_image_url":null,"twitter_image_custom_url":null,"twitter_image_custom_fields":null,"twitter_title":null,"twitter_description":null,"schema":{"blockGraphs":[],"customGraphs":[],"default":{"data":{"Article":[],"Course":[],"Dataset":[],"FAQPage":[],"Movie":[],"Person":[],"Product":[],"ProductReview":[],"Car":[],"Recipe":[],"Service":[],"SoftwareApplication":[],"WebPage":[]},"graphName":"","isEnabled":true},"graphs":[],"defaultGraph":"","defaultPostTypeGraph":""},"schema_type":null,"schema_type_options":null,"pillar_content":false,"robots_default":true,"robots_noindex":false,"robots_noarchive":false,"robots_nosnippet":false,"robots_nofollow":false,"robots_noimageindex":false,"robots_noodp":false,"robots_notranslate":false,"robots_max_snippet":null,"robots_max_videopreview":null,"robots_max_imagepreview":"large","priority":null,"frequency":null,"local_seo":null,"breadcrumb_settings":null,"limit_modified_date":false,"ai":null,"created":"2020-12-21 00:35:00","updated":"2025-06-04 14:24:05","seo_analyzer_scan_date":null,"focus_keyword":null,"additional_keywords":null,"truseo_locale":null},"_links":{"self":[{"href":"https:\/\/blog.proofs.de\/lv\/wp-json\/wp\/v2\/posts\/2110","targetHints":{"allow":["GET"]}}],"collection":[{"href":"https:\/\/blog.proofs.de\/lv\/wp-json\/wp\/v2\/posts"}],"about":[{"href":"https:\/\/blog.proofs.de\/lv\/wp-json\/wp\/v2\/types\/post"}],"author":[{"embeddable":true,"href":"https:\/\/blog.proofs.de\/lv\/wp-json\/wp\/v2\/users\/2"}],"replies":[{"embeddable":true,"href":"https:\/\/blog.proofs.de\/lv\/wp-json\/wp\/v2\/comments?post=2110"}],"version-history":[{"count":3,"href":"https:\/\/blog.proofs.de\/lv\/wp-json\/wp\/v2\/posts\/2110\/revisions"}],"predecessor-version":[{"id":2113,"href":"https:\/\/blog.proofs.de\/lv\/wp-json\/wp\/v2\/posts\/2110\/revisions\/2113"}],"wp:featuredmedia":[{"embeddable":true,"href":"https:\/\/blog.proofs.de\/lv\/wp-json\/wp\/v2\/media\/1888"}],"wp:attachment":[{"href":"https:\/\/blog.proofs.de\/lv\/wp-json\/wp\/v2\/media?parent=2110"}],"wp:term":[{"taxonomy":"category","embeddable":true,"href":"https:\/\/blog.proofs.de\/lv\/wp-json\/wp\/v2\/categories?post=2110"},{"taxonomy":"post_tag","embeddable":true,"href":"https:\/\/blog.proofs.de\/lv\/wp-json\/wp\/v2\/tags?post=2110"}],"curies":[{"name":"wp","href":"https:\/\/api.w.org\/{rel}","templated":true}]}}