{"id":2230,"date":"2018-11-03T02:10:40","date_gmt":"2018-11-03T01:10:40","guid":{"rendered":"http:\/\/www.proof.de\/?p=2230"},"modified":"2024-05-06T01:15:31","modified_gmt":"2024-05-05T23:15:31","slug":"kapec-ir-svarigi-iestradat-rgb-profilus","status":"publish","type":"post","link":"https:\/\/blog.proofs.de\/lv\/warum-ist-das-einbetten-von-rgb-profilen-eigentlich-wichtig\/","title":{"rendered":"K\u0101p\u0113c RGB profilu iestr\u0101d\u0101\u0161ana drukas datos paties\u012bb\u0101 ir svar\u012bga?"},"content":{"rendered":"<div class=\"kk-star-ratings kksr-auto kksr-align-right kksr-valign-top\" data-payload='{\"align\":\"right\",\"id\":\"2230\",\"slug\":\"default\",\"valign\":\"top\",\"ignore\":\"\",\"reference\":\"auto\",\"class\":\"\",\"count\":\"1\",\"legendonly\":\"\",\"readonly\":\"\",\"score\":\"5\",\"starsonly\":\"\",\"best\":\"5\",\"gap\":\"5\",\"greet\":\"Jetzt bewerten\",\"legend\":\"5\\\/5 - (1 vote)\",\"size\":\"24\",\"title\":\"Warum ist das Einbetten von RGB Profilen in Druckdaten eigentlich wichtig?\",\"width\":\"142.5\",\"_legend\":\"{score}\\\/{best} - ({count} {votes})\",\"font_factor\":\"1.25\"}'>\n            \n<div class=\"kksr-stars\">\n    \n<div class=\"kksr-stars-inactive\">\n            <div class=\"kksr-star\" data-star=\"1\" style=\"padding-right: 5px\">\n            \n\n<div class=\"kksr-icon\" style=\"width: 24px; height: 24px;\"><\/div>\n        <\/div>\n            <div class=\"kksr-star\" data-star=\"2\" style=\"padding-right: 5px\">\n            \n\n<div class=\"kksr-icon\" style=\"width: 24px; height: 24px;\"><\/div>\n        <\/div>\n            <div class=\"kksr-star\" data-star=\"3\" style=\"padding-right: 5px\">\n            \n\n<div class=\"kksr-icon\" style=\"width: 24px; height: 24px;\"><\/div>\n        <\/div>\n            <div class=\"kksr-star\" data-star=\"4\" style=\"padding-right: 5px\">\n            \n\n<div class=\"kksr-icon\" style=\"width: 24px; height: 24px;\"><\/div>\n        <\/div>\n            <div class=\"kksr-star\" data-star=\"5\" style=\"padding-right: 5px\">\n            \n\n<div class=\"kksr-icon\" style=\"width: 24px; height: 24px;\"><\/div>\n        <\/div>\n    <\/div>\n    \n<div class=\"kksr-stars-active\" style=\"width: 142.5px;\">\n            <div class=\"kksr-star\" style=\"padding-right: 5px\">\n            \n\n<div class=\"kksr-icon\" style=\"width: 24px; height: 24px;\"><\/div>\n        <\/div>\n            <div class=\"kksr-star\" style=\"padding-right: 5px\">\n            \n\n<div class=\"kksr-icon\" style=\"width: 24px; height: 24px;\"><\/div>\n        <\/div>\n            <div class=\"kksr-star\" style=\"padding-right: 5px\">\n            \n\n<div class=\"kksr-icon\" style=\"width: 24px; height: 24px;\"><\/div>\n        <\/div>\n            <div class=\"kksr-star\" style=\"padding-right: 5px\">\n            \n\n<div class=\"kksr-icon\" style=\"width: 24px; height: 24px;\"><\/div>\n        <\/div>\n            <div class=\"kksr-star\" style=\"padding-right: 5px\">\n            \n\n<div class=\"kksr-icon\" style=\"width: 24px; height: 24px;\"><\/div>\n        <\/div>\n    <\/div>\n<\/div>\n                \n\n<div class=\"kksr-legend\" style=\"font-size: 19.2px;\">\n            5\/5 - (1 balss)    <\/div>\n    <\/div>\n\n<p class=\"wp-block-paragraph\"><strong>&nbsp;<\/strong>Pirms da\u017e\u0101m dien\u0101m m\u0113s sa\u0146\u0113m\u0101m zvanu no klienta no dizaina nozares, kur\u0161 p\u0113c ra\u017eojo\u0161\u0101 uz\u0146\u0113muma ieteikuma (\"Tipogr\u0101fij\u0101 joproj\u0101m ir pirmsdrukas sagatavo\u0161anas iek\u0101rta, kas p\u0113c tam var optim\u0101li sagatavot j\u016bsu datus...\") sare\u017e\u0123\u012btai CD ra\u017eo\u0161anai v\u0113l\u0113j\u0101s konvert\u0113t atv\u0113rtus Adobe InDesign datus programm\u0101. <a href=\"https:\/\/blog.proofs.de\/lv\/lexikon\/isocoatedv2\/\" target=\"_self\" title=\"ISOCoatedV2 ir vispla\u0161\u0101k izmantotais profils poligr\u0101fijas nozar\u0113 Eirop\u0101. Tas apz\u012bm\u0113 visizplat\u012bt\u0101ko drukas procesu: Ofseta druka uz mat\u0113ta vai glanc\u0113ta att\u0113lu drukas pap\u012bra.\" class=\"encyclopedia\">ISOCoatedV2<\/a> 300% ar iek\u013cauto <a href=\"https:\/\/blog.proofs.de\/lv\/lexikon\/rgb\/\" target=\"_self\" title=\"RGB apz\u012bm\u0113 sarkano, za\u013co un zilo kr\u0101su. Cilv\u0113ka kr\u0101su redzes pamat\u0101 ir \u0161\u012bs kr\u0101sas.\" class=\"encyclopedia\">RGB<\/a> att\u0113lus ra\u017eo\u0161anas uz\u0146\u0113mumam. Rezult\u0101ts, kas tika ieg\u016bts no iespiestajiem CD bukletiem un ielikt\u0146iem, nek\u0101di neatbilda m\u016bsu klienta kalibr\u0113tajam monitora att\u0113lam, klients ar\u012b bija neapmierin\u0101ts un ar ra\u017eo\u0161anas uz\u0146\u0113muma starpniec\u012bbu piepras\u012bja drukas datus no drukas uz\u0146\u0113muma, kas bija atbild\u012bgs par druk\u0101\u0161anu, lai atrisin\u0101tu probl\u0113mu. Dati tika sa\u0146emti <a href=\"https:\/\/blog.proofs.de\/lv\/lexikon\/farbraum\/\" target=\"_self\" title=\"Kr\u0101su telpa ir balst\u012bta uz kr\u0101su modeli un ir t\u0101 konkr\u0113ts pielietojums kr\u0101so\u0161anas metodei (printerim, ekr\u0101nam utt.). T\u0101p\u0113c taj\u0101 ir iek\u013cautas visas kr\u0101sas, ko faktiski var att\u0113lot ar \u0161o metodi, un attiec\u012bgie materi\u0101li.\" class=\"encyclopedia\">Kr\u0101su telpa<\/a> \"US Web Coated\" ar tintes p\u0101rkl\u0101jumu 350%, kas sa\u0146emts no printera. Lai nov\u0113rstu probl\u0113mu, klients p\u0113c tam pas\u016bt\u012bja <a href=\"https:\/\/blog.proofs.de\/lv\/lexikon\/proof\/\" target=\"_self\" title=\"Korekt\u016bra (pareizi: l\u012bgumkorekt\u016bra) ir ISO 12647-7 sertific\u0113ta korekt\u016bras ier\u012bce grafikas m\u0101kslas nozar\u0113. Proba imit\u0113 ofseta drukas vai dobspiedes kr\u0101sain\u012bbu kr\u0101su un juridiski saisto\u0161\u0101 veid\u0101, iev\u0113rojot ISO standart\u0101 noteikt\u0101s \u0161aur\u0101s pielaides.\" class=\"encyclopedia\">Pier\u0101d\u012bjums<\/a> no t\u0101s datiem pie mums, bet bija izv\u0113l\u0113jies iestat\u012bjumus \"Konvert\u0113t uz m\u0113r\u0137a profilu (saglab\u0101t v\u0113rt\u012bbas)\", k\u0101 parasti, rakstot p\u0101rbaudes PDF; t\u0101d\u0113j\u0101di m\u0113s sa\u0146\u0113m\u0101m piln\u012bgi in <a href=\"https:\/\/blog.proofs.de\/lv\/lexikon\/cmyk\/\" target=\"_self\" title='CMYK apz\u012bm\u0113 \u010detras drukas kr\u0101sas - ci\u0101na, purpura, dzelteno (dzelteno) un &quot;atsl\u0113gu&quot; (melno vai melno da\u013cu).' class=\"encyclopedia\">CMYK<\/a> uzb\u016bv\u0113ti dati, no kuriem m\u0113s izveidoj\u0101m pier\u0101d\u012bjumu saska\u0146\u0101 ar ISOCoatedV2 300%, kas piln\u012bb\u0101 atbilda m\u016bsu klienta v\u0113lm\u0113m. T\u0101tad \u0161\u0137iet, ka dizainers datus izveidoja pareizi, bet printeris druk\u0101ja nepareizi.<\/p>\n\n\n\n<p class=\"wp-block-paragraph\"><strong>R\u016bp\u012bg\u0101k p\u0101rbaudot faktus, m\u016bsu k\u013c\u016bdu anal\u012bze atkl\u0101ja divus nopietnus tr\u016bkumus: <\/strong><\/p>\n\n\n\n<ul class=\"wp-block-list\">\n<li>No vienas puses, ac\u012bmredzami nepareiza printera profila konvert\u0113\u0161ana ar InDesign CS2 uz \"US Web Coated\", kas ir piln\u012bgi novecojis profils, kur\u0161 Eirop\u0101 nekad netika izmantots, tika pieg\u0101d\u0101ts kop\u0101 ar agr\u012bnaj\u0101m Creative Suite versij\u0101m un, iesp\u0113jams, netika piel\u0101gots printera kompetences tr\u016bkuma d\u0113\u013c.<\/li>\n\n\n\n<li>Tom\u0113r, no otras puses, atv\u0113rtaj\u0101 InDesign fail\u0101, ko m\u016bsu klients nos\u016bt\u012bja ra\u017eo\u0161anas uz\u0146\u0113mumam, bija RGB att\u0113li bez profila (t. i., DeviceRGB), ko nevar dro\u0161i interpret\u0113t.<\/li>\n<\/ul>\n\n\n\n<p class=\"wp-block-paragraph\">\u0160aj\u0101 gad\u012bjum\u0101, protams, b\u016bs sare\u017e\u0123\u012bti iesniegt s\u016bdz\u012bbu iespied\u0113jam, jo, no vienas puses, ra\u017eo\u0161anas uz\u0146\u0113mumam tika nos\u016bt\u012bti neprofil\u0113ti RGB dati un, no otras puses, netika iesniegts datu veidot\u0101ja \u0123ener\u0113ts drukas PDF pareizaj\u0101 izejas kr\u0101su telp\u0101 ISOCoatedV2 300%.<\/p>\n\n\n\n<p class=\"wp-block-paragraph\">Ja tas b\u016btu izdar\u012bts, var\u0113tu vismaz apgalvot, ka b\u016btu piln\u012bb\u0101 zin\u0101ma paredzam\u0101 produkcijas izdrukas kr\u0101sa. T\u0101tad var <a href=\"https:\/\/blog.proofs.de\/lv\/lexikon\/led\/\" target=\"_self\" title='LED ir &quot;gaismu izstarojo\u0161a diode&quot;, un grafikas nozar\u0113 t\u0101 apz\u012bm\u0113 jauno &quot;LED&quot; gaismu, kas ir aizst\u0101jusi vec\u0101kos gaismas avotus, piem\u0113ram, neona lampas un volframa lampas. Neona lampas galvenok\u0101rt paz\u012bstamas no D50 vai D65 standarta gaismas diapazona, savuk\u0101rt volframa gaismas avoti galvenok\u0101rt tika izmantoti kr\u0101su m\u0113r\u012b\u0161anas ier\u012bc\u0113s, piem\u0113ram, spektrofotometros un kolorimetros.....' class=\"encyclopedia\">rezult\u0101t\u0101<\/a>Vien\u012bgais, kas j\u0101\u0146em v\u0113r\u0101, ir tas, ka tipogr\u0101fija var druk\u0101t tikai RGB datus bez iegult\u0101 <a href=\"https:\/\/blog.proofs.de\/lv\/lexikon\/farbprofil\/\" target=\"_self\" title=\"Kr\u0101su apstr\u0101des ier\u012bces rakstur\u012bg\u0101s iez\u012bmes tiek saglab\u0101tas kr\u0101su profil\u0101.  \u0160\u0101das ier\u012bces var b\u016bt skeneri, printeri un monitori.  Izmantojot kr\u0101su profilus, ir iesp\u0113jams redz\u0113t, k\u0101du kr\u0101su diapazonu ier\u012bce var att\u0113lot.&nbsp;\" class=\"encyclopedia\">Kr\u0101su profils<\/a> vajadz\u0113ja jaut\u0101t dizainerim, nevis \"akli\" pie\u0161\u0137irt datus profilam. To, ka tipogr\u0101fijas uz\u0146\u0113mums ar savu primit\u012bvo ASV Web Coated darba pl\u016bsmu noteikti nav izveidojis pareizu drukas failu, bet dr\u012bz\u0101k nepareizu izvades failu, var min\u0113t, bet tipogr\u0101fijas uz\u0146\u0113mums vienm\u0113r var atsaukties uz \"sist\u0113m\u0101m ar iek\u0161\u0113jiem standartiem\".<\/p>\n\n\n\n<h2 class=\"wp-block-heading\">K\u0101 m\u0113s apstr\u0101d\u0101jam RGB datus Proof.de?<\/h2>\n\n\n\n<p class=\"wp-block-paragraph\">Ja m\u0113s sa\u0146emam PDF failu, kas satur RGB att\u0113lus, n\u0101kamaj\u0101 sol\u012b ir j\u0101p\u0101rbauda, vai fails ir der\u012bgs PDF\/X-3 vai PDF\/X-4. Ja tas t\u0101 ir, m\u0113s p\u0101rbaud\u0101m, vai visi ievades RGB profili ir pareizi saska\u0146oti ar kr\u0101su telpu (<a href=\"https:\/\/blog.proofs.de\/lv\/lexikon\/srgb\/\" target=\"_self\" title=\"sRGB ir vispla\u0161\u0101k izmantot\u0101 RGB kr\u0101su telpa. sRGB ir visu l\u0113to digit\u0101lo kameru un skeneru standarta kr\u0101su telpa. Gandr\u012bz katrs 8 bitu RGB fails bez profila birkas atbilst sRGB.\" class=\"encyclopedia\">sRGB<\/a> \/ AdobeRGB \/ <a href=\"https:\/\/blog.proofs.de\/lv\/lexikon\/eci\/\" target=\"_self\" title=\"ECI - Eiropas kr\u0101su iniciat\u012bva ir ekspertu grupa, kas nodarbojas ar kr\u0101su datu apstr\u0101di izdev\u0113jdarb\u012bbas sist\u0113m\u0101s.\" class=\"encyclopedia\">ECI<\/a>-RGB-V2 utt.) un <a href=\"https:\/\/blog.proofs.de\/lv\/lexikon\/rendering-intent\/\" target=\"_self\" title=\"Gammas kart\u0113\u0161an\u0101 atveido\u0161anas nodoms ir proced\u016bra, ar kuru kr\u0101sas tiek p\u0101rveidotas no vienas kr\u0101su telpas cit\u0101. ICC ir defin\u0113ti \u010detri att\u0113lo\u0161anas nodomu veidi: uztveres, uz pies\u0101tin\u0101jumu orient\u0113ts, absol\u016bts kolorimetriskais un relat\u012bvs kolorimetriskais.\" class=\"encyclopedia\">Rendering Intent<\/a> tad m\u0113s p\u0101rbaud\u0101m, vai k\u0101 izejas nodoms ir izmantota pareiz\u0101 izejas kr\u0101su telpa un vai ar\u012b CMYK datiem ir pareizi ievades profili. Ja j\u0101, tad <a href=\"https:\/\/blog.proofs.de\/lv\/lexikon\/proofen\/\" target=\"_self\" title='&quot;Pier\u0101d\u012b\u0161ana&quot; ir pier\u0101d\u012bjuma veik\u0161ana vai pier\u0101d\u012bjuma sagatavo\u0161ana. &quot;Man v\u0113l ir j\u0101veic bro\u0161\u016bras p\u0101rbaude&quot; ir tipisks v\u0101rda &quot;p\u0101rbaude&quot; formul\u0113jums. T\u0101tad korekt\u016bra noz\u012bm\u0113, ka saska\u0146\u0101 ar sp\u0113k\u0101 eso\u0161o ISO 12647-7 standartu tiek izgatavota kr\u0101saina un juridiski saisto\u0161a korekt\u016bra.' class=\"encyclopedia\">proofen<\/a> atveram failu ar iestat\u012bjumiem: \"\u0145emt v\u0113r\u0101 visas ieejas un izejas kr\u0101su telpas\".<\/p>\n\n\n\n<p class=\"wp-block-paragraph\">\u0160aj\u0101 gad\u012bjum\u0101 fails 100% tiek atveidots tie\u0161i t\u0101, k\u0101 m\u016bsu klients izveidoja kr\u0101su profilus un d<a href=\"https:\/\/blog.proofs.de\/lv\/lexikon\/efi\/\" target=\"_self\" title=\"Electronics For Imaging Inc., sa\u012bsin\u0101jum\u0101 EFI, ir amerik\u0101\u0146u uz\u0146\u0113mums un vienas no pasaul\u0113 vado\u0161aj\u0101m kop\u0113\u0161anas sist\u0113m\u0101m: EFI Colorproof XF, kop\u0161 2013. gada - Fiery XF. EFI ir risin\u0101jumu pieg\u0101d\u0101t\u0101js lielaj\u0101m drukas sist\u0113m\u0101m, RIP un kr\u0101su p\u0101rvald\u012bbas risin\u0101jumiem, piem\u0113ram, proofing.\" class=\"encyclopedia\">efi<\/a>nised. Ja vi\u0146\u0161 ir k\u013c\u016bd\u012bjies un, piem\u0113ram, atz\u012bm\u0113jis att\u0113lu ar nepareizu RGB profilu, tas ar\u012b tiks \"nepareizi kori\u0123\u0113ts\" tie\u0161i t\u0101d\u0101 pa\u0161\u0101 veid\u0101.<\/p>\n\n\n\n<p class=\"wp-block-paragraph\">Ja RGB dati nesatur profilu, piem\u0113ram, ja tie ir izveidoti ar Device-RGB, m\u0113s \u0123ener\u0113jam e-pasta v\u0113stuli \"Nepareizi dati\", kur\u0101 izskaidrojam savu proced\u016bru \u0161\u0101di:<\/p>\n\n\n\n<p class=\"wp-block-paragraph\">\"<em>Cien\u012bjamais klient, datu p\u0101rbaude par\u0101d\u012bja, ka j\u016bsu dati satur RGB elementus. RGB elementus var ticami interpret\u0113t tikai tad, ja tie ir atz\u012bm\u0113ti ar kr\u0101su profilu un atveido\u0161anas nol\u016bku. Tas attiecas, piem\u0113ram, uz pareiziem PDF\/X-3 un PDF\/X-4 datiem. Turkl\u0101t ir j\u0101nor\u0101da pareizais izvades nol\u016bks. <\/em><\/p>\n\n\n\n<p class=\"wp-block-paragraph\"><em>Vismaz viens no \u0161iem krit\u0113rijiem, \u0161\u0137iet, neatbilst j\u016bsu datnei. Visdro\u0161\u0101kais veids b\u016btu konvert\u0113t RGB datus uz CMYK. T\u0101 priek\u0161roc\u012bba ir t\u0101, ka jums ir kontrole p\u0101r konvert\u0113\u0161anu, un CMYK rezult\u0101tu var atk\u0101rtoti reproduc\u0113t Acr.<a href=\"https:\/\/blog.proofs.de\/lv\/lexikon\/oba\/\" target=\"_self\" title='OBA ir sa\u012bsin\u0101jums no &quot;Optical Brightning Agents&quot; vai &quot;Optical Brightners&quot;.' class=\"encyclopedia\">abi<\/a>t, pirms v\u0113lreiz aug\u0161upiel\u0101d\u0113jat failu p\u0101rbaudei. Tad m\u0113s varam dro\u0161i izmantot j\u016bsu CMYK v\u0113rt\u012bbas korekt\u016brai. <\/em><em>Lai to izdar\u012btu, klienta kont\u0101 izsauciet pa\u0161reiz\u0113jo pas\u016bt\u012bjumu, dz\u0113siet nepareizos datus un aug\u0161upiel\u0101d\u0113jiet labotos datus. <\/em><\/p>\n\n\n\n<p class=\"wp-block-paragraph\"><em>Ja, piem\u0113ram, RGB elements ir tikai neliels att\u0113ls, kas ir svar\u012bgs kop\u0113jam iespaidam par rekl\u0101mu. <a href=\"https:\/\/blog.proofs.de\/lv\/lexikon\/proofs\/\" target=\"_self\" title=\"Poligr\u0101fijas nozar\u0113 p\u0101rbaudes izdrukas (vai p\u0101rbaudes izdrukas) attiecas uz drukas rezult\u0101ta kr\u0101su iesie\u0161anu un juridiski saisto\u0161u simul\u0101ciju kontroles nol\u016bkos. Standarts, kas attiecas uz p\u0101rbaudes izdruk\u0101m, ir ISO 12647-7:2016, t. i., 2016. gada pa\u0161reiz\u0113j\u0101 redakcija.\" class=\"encyclopedia\">Pier\u0101d\u012bjumi<\/a> nav b\u016btiski vai ja jums nav pieejams neviens cits fails, lai veiktu p\u0101rbaudi, tad m\u0113s, protams, varam izmantot ar\u012b j\u016bsu RGB datus p\u0101rbaudei. Ja t\u0101di ir pieejami, tad m\u0113s izmantosim j\u016bsu RGB avota profilus un render\u0113\u0161anas nol\u016bkus, pret\u0113j\u0101 gad\u012bjum\u0101 m\u0113s izmantosim sRGB standartu un render\u0113\u0161anas nol\u016bku \"<a href=\"https:\/\/blog.proofs.de\/lv\/lexikon\/relativ-farbmetrisch\/\" target=\"_self\" title='&quot;Relat\u012bvais kolorimetriskais&quot; ir viens no \u010detriem atveido\u0161anas nol\u016bkiem gammas kart\u0113\u0161an\u0101.' class=\"encyclopedia\">Relat\u012bvi kolorimetrisks<\/a> ar <a href=\"https:\/\/blog.proofs.de\/lv\/lexikon\/tiefenkompensierung\/\" target=\"_self\" title='Dzi\u013cuma kompens\u0101cija ir metode, ko izmanto video tehnolo\u0123ij\u0101s un att\u0113lu apstr\u0101d\u0113, lai uzlabotu att\u0113lu vai videoklipu kontrastu un redzam\u012bbu tum\u0161\u0101s zon\u0101s. To sauc ar\u012b par gamma korekciju. Cilv\u0113ka acs spilgtumu neuztver line\u0101ri. Tas noz\u012bm\u0113, ka izmai\u0146as att\u0113la tum\u0161ajos apgabalos ir maz\u0101k paman\u0101mas nek\u0101 gai\u0161ajos apgabalos. Dzi\u013cuma kompens\u0101cija izmanto...' class=\"encyclopedia\">Dzi\u013cuma kompens\u0101cija<\/a>\"Tas \u013caus ieg\u016bt pareizus pier\u0101d\u012bjumu rezult\u0101tus liel\u0101kaj\u0101 da\u013c\u0101 gad\u012bjumu. Ja v\u0113laties, lai m\u0113s p\u0101rbaud\u012btu pieg\u0101d\u0101tos RGB datus \u0161\u0101d\u0101 veid\u0101, vienk\u0101r\u0161i pazi\u0146ojiet mums par to. M\u0113s labpr\u0101t atbild\u0113sim uz visiem j\u016bsu jaut\u0101jumiem. Ar sveicieniem, j\u016bsu p\u0101rbaudes komanda.\"<\/em><\/p>\n\n\n\n<p class=\"wp-block-paragraph\">M\u016bsu gad\u012bjum\u0101 CD ra\u017eo\u0161anas gad\u012bjums ar\u012b neb\u016btu bijis pier\u0101d\u012bjum\u0101, jo m\u0113s nestr\u0101d\u0101j\u0101m ar. <a href=\"https:\/\/blog.proofs.de\/lv\/lexikon\/icc\/\" target=\"_self\" title=\"Starptautiskais kr\u0101su konsorcijs (International Color Consortium, sa\u012bsin\u0101jum\u0101 ICC) ir starptautiska komiteja, kas atbild par kr\u0101su profilu standartiz\u0101ciju.&nbsp;\" class=\"encyclopedia\">ICC<\/a> RGB profil\u0113tos datus noraidiet ar iepriek\u0161 min\u0113to k\u013c\u016bdas zi\u0146ojumu un neveiciet konvert\u0113\u0161anu, jo m\u0113s nevaram prec\u012bzi paredz\u0113t, k\u0101 klients v\u0113las, lai dati tiktu konvert\u0113ti.<\/p>\n\n\n<div class=\"wp-block-image\">\n<figure class=\"alignright\"><a href=\"https:\/\/shop.proof.de\/know-how\/farbmanagement-beratung.html\"><img loading=\"lazy\" decoding=\"async\" width=\"155\" height=\"300\" src=\"https:\/\/blog1.proofen.de\/wp-content\/uploads\/2018\/11\/farbmanagement_beratung_und_expertise-155x300.png\" alt=\"Kr\u0101su p\u0101rvald\u012bbas konsult\u0101cijas un ekspert\u012bze\" class=\"wp-image-2234\" srcset=\"https:\/\/blog.proofs.de\/wp-content\/uploads\/2018\/11\/farbmanagement_beratung_und_expertise-155x300.png 155w, https:\/\/blog.proofs.de\/wp-content\/uploads\/2018\/11\/farbmanagement_beratung_und_expertise.png 344w\" sizes=\"auto, (max-width: 155px) 100vw, 155px\"><\/a><figcaption class=\"wp-element-caption\"><a href=\"https:\/\/blog.proofs.de\/lv\/lexikon\/farbmanagement\/\" target=\"_self\" title=\"Kr\u0101su p\u0101rvald\u012bbas m\u0113r\u0137is ir nodro\u0161in\u0101t, lai da\u017e\u0101d\u0101s ier\u012bc\u0113s, piem\u0113ram, kamer\u0101s, skeneros, monitoros, l\u0101zerprinteros, tintes, ofseta printeros un daudz\u0101s cit\u0101s, kr\u0101sas tiktu atveidotas p\u0113c iesp\u0113jas l\u012bdz\u012bgi.\" class=\"encyclopedia\">Kr\u0101su p\u0101rvald\u012bba<\/a> Konsult\u0101cijas un zin\u0101\u0161anas<\/figcaption><\/figure>\n<\/div>\n\n\n<p class=\"wp-block-paragraph\">M\u0113s apzin\u0101mies, ka m\u016bsu pieeja nav vispiem\u0113rot\u0101k\u0101 lab\u0101k\u0101 prakse visos gad\u012bjumos, ta\u010du, cik mums zin\u0101ms un cik m\u0113s ticam, t\u0101 ir lab\u0101k\u0101 prakse tirg\u016b un tas, ko sagaida m\u016bsu klienti.<\/p>\n\n\n\n<p class=\"wp-block-paragraph\">Tom\u0113r m\u0113s labpr\u0101t no t\u0101 atk\u0101psimies un rea\u0123\u0113sim uz j\u016bsu individu\u0101laj\u0101m pras\u012bb\u0101m un apst\u0101k\u013ciem. Zvaniet mums vai s\u016btiet e-pastu un past\u0101stiet par sav\u0101m apstr\u0101des pras\u012bb\u0101m.<\/p>\n\n\n\n<p class=\"wp-block-paragraph\">Starp citu, m\u0113s labpr\u0101t izmantosim savas zin\u0101\u0161anas un datu kompetenci j\u016bsu vajadz\u012bb\u0101m: Ja ar\u012b jums ir probl\u0113ma, jaut\u0101jums par drukas datiem vai datu sagatavo\u0161anu vai - k\u0101 iepriek\u0161 min\u0113taj\u0101 piem\u0113r\u0101 - jau ir notikusi drukas k\u013c\u016bda, un jums ir nepiecie\u0161ama \u0101r\u0113ja ekspert\u012bze un pal\u012bdz\u012bba s\u016bdz\u012bbas risin\u0101\u0161an\u0101: Zvaniet mums. M\u0113s labpr\u0101t sniegsim jums padomu un pal\u012bdz\u0113sim, kur vien var\u0113sim. M\u016bsu konsult\u0101cijas un anal\u012bze tiek apmaks\u0101ta p\u0113c stundas tarifa EUR 90 plus PVN, r\u0113\u0137ins tiek izrakst\u012bts par 15 min\u016bt\u0113m. S\u0101kotn\u0113j\u0101 konsult\u0101cija un nov\u0113rt\u0113jums, protams, ir bez maksas.<\/p>","protected":false},"excerpt":{"rendered":"<p>&nbsp;Pirms da\u017e\u0101m dien\u0101m mums piezvan\u012bja klients no dizaina nozares, kur\u0161 p\u0113c ra\u017eo\u0161anas uz\u0146\u0113muma ieteikuma (\"Poligr\u0101fij\u0101 joproj\u0101m ir pirmsdrukas noda\u013ca, kas var optim\u0101li sagatavot j\u016bsu datus...\") nos\u016bt\u012bja atv\u0113rtus Adobe InDesign datus ISOCoatedV2 300% form\u0101t\u0101 ar iek\u013cautiem RGB att\u0113liem ra\u017eo\u0161anas uz\u0146\u0113mumam sare\u017e\u0123\u012btai CD ra\u017eo\u0161anai. Gatavo iespiesto CD bukletu un ielikt\u0146u rezult\u0101ts visp\u0101r neatbilda m\u016bsu klienta kalibr\u0113tajam monitora att\u0113lam, klients ar\u012b bija neapmierin\u0101ts un ar ra\u017eo\u0161anas uz\u0146\u0113muma starpniec\u012bbu piepras\u012bja drukas datus no tipogr\u0101fijas, lai nov\u0113rstu \u0161o probl\u0113mu. <\/p>\n<p class=\"read-more-container\"><a title=\"K\u0101p\u0113c RGB profilu iestr\u0101d\u0101\u0161ana drukas datos paties\u012bb\u0101 ir svar\u012bga?\" class=\"read-more button\" href=\"https:\/\/blog.proofs.de\/lv\/warum-ist-das-einbetten-von-rgb-profilen-eigentlich-wichtig\/#more-2230\" aria-label=\"Las\u012bt vair\u0101k par K\u0101p\u0113c RGB profilu iestr\u0101d\u0101\u0161ana drukas datos paties\u012bb\u0101 ir svar\u012bga?\">Las\u012bt vair\u0101k<\/a><\/p>","protected":false},"author":2,"featured_media":179,"comment_status":"open","ping_status":"open","sticky":false,"template":"","format":"standard","meta":{"om_disable_all_campaigns":false,"inline_featured_image":false,"_monsterinsights_skip_tracking":false,"footnotes":""},"categories":[1,435,18,443,441,7],"tags":[828,529,831,829,534,40,239,827,830,549],"class_list":["post-2230","post","type-post","status-publish","format-standard","has-post-thumbnail","hentry","category-allgemein","category-farbraeume-und-farbprofile","category-haufige-fragen","category-haeufige-fragen-zu-proofs","category-layout-tipps-und-tricks","category-proof-wissen","tag-adobergb","tag-cmyk","tag-druckdaten","tag-eci-rgb","tag-pdf","tag-profil","tag-proof-profil","tag-rgb-profile","tag-rgb-profile-einbetten","tag-srgb","generate-columns","tablet-grid-50","mobile-grid-100","grid-parent","grid-50","no-featured-image-padding","resize-featured-image"],"aioseo_notices":[],"aioseo_head":"\n\t\t<!-- All in One SEO 5.0.1.1 - aioseo.com -->\n\t<meta name=\"description\" content=\"Anhand eines Praxisbeispieles zeigen wir, warum das Einbetten von RGB-Profilen in InDesign und PDF Druckdaten wichtig ist, damit Farben korrekt gedruckt werden. Druck nicht zu gef\u00e4hrden.\" \/>\n\t<meta name=\"robots\" content=\"max-image-preview:large\" \/>\n\t<meta name=\"author\" content=\"Matthias Betz\"\/>\n\t<meta name=\"google-site-verification\" content=\"TuXxyRwxcEg2-WfOaQ8vScWQh3-uBAnxXmY7g3GT90A\" \/>\n\t<meta name=\"keywords\" content=\"rgb profile,profil,proof-profil,srgb,adobergb,eci-rgb,rgb profile einbetten,druckdaten,cmyk,pdf,adobergb,cmyk,druckdaten,eci-rgb,pdf,profil,proof profil,rgb profile,rgb profile einbetten,srgb\" \/>\n\t<link rel=\"canonical\" href=\"https:\/\/blog.proofs.de\/lv\/warum-ist-das-einbetten-von-rgb-profilen-eigentlich-wichtig\/\" \/>\n\t<meta name=\"generator\" content=\"All in One SEO (AIOSEO) 5.0.1.1\" \/>\n\n\t\t<meta name=\"seobility\" content=\"593a8578143db71543f014978c690d47\">\n\t\t<meta property=\"og:locale\" content=\"lv_LV\" \/>\n\t\t<meta property=\"og:site_name\" content=\"Proof.de | Alles zu Proof, Farbmanagement, Grafik, Messtechnik &amp; Co.\" \/>\n\t\t<meta property=\"og:type\" content=\"article\" \/>\n\t\t<meta property=\"og:title\" content=\"RGB Profile in Druckdaten einbetten ist wichtig | proof.de\" \/>\n\t\t<meta property=\"og:description\" content=\"Anhand eines Praxisbeispieles zeigen wir, warum das Einbetten von RGB-Profilen in InDesign und PDF Druckdaten wichtig ist, damit Farben korrekt gedruckt werden. Druck nicht zu gef\u00e4hrden.\" \/>\n\t\t<meta property=\"og:url\" content=\"https:\/\/blog.proofs.de\/lv\/warum-ist-das-einbetten-von-rgb-profilen-eigentlich-wichtig\/\" \/>\n\t\t<meta property=\"og:image\" content=\"https:\/\/blog.proofs.de\/wp-content\/uploads\/2012\/03\/Bildschirmfoto-2012-03-20-um-00.29.04.jpg\" \/>\n\t\t<meta property=\"og:image:secure_url\" content=\"https:\/\/blog.proofs.de\/wp-content\/uploads\/2012\/03\/Bildschirmfoto-2012-03-20-um-00.29.04.jpg\" \/>\n\t\t<meta property=\"og:image:width\" content=\"601\" \/>\n\t\t<meta property=\"og:image:height\" content=\"576\" \/>\n\t\t<meta property=\"article:published_time\" content=\"2018-11-03T01:10:40+00:00\" \/>\n\t\t<meta property=\"article:modified_time\" content=\"2024-05-05T23:15:31+00:00\" \/>\n\t\t<meta property=\"article:publisher\" content=\"https:\/\/www.facebook.com\/Proof.de\/\" \/>\n\t\t<meta name=\"twitter:card\" content=\"summary\" \/>\n\t\t<meta name=\"twitter:title\" content=\"RGB Profile in Druckdaten einbetten ist wichtig | proof.de\" \/>\n\t\t<meta name=\"twitter:description\" content=\"Anhand eines Praxisbeispieles zeigen wir, warum das Einbetten von RGB-Profilen in InDesign und PDF Druckdaten wichtig ist, damit Farben korrekt gedruckt werden. Druck nicht zu gef\u00e4hrden.\" \/>\n\t\t<meta name=\"twitter:image\" content=\"https:\/\/blog1.proofen.de\/wp-content\/uploads\/2020\/04\/proof_background.jpg\" \/>\n\t\t<script type=\"application\/ld+json\" class=\"aioseo-schema\">\n\t\t\t{\"@context\":\"https:\\\/\\\/schema.org\",\"@graph\":[{\"@type\":\"Article\",\"@id\":\"https:\\\/\\\/blog.proofs.de\\\/lv\\\/warum-ist-das-einbetten-von-rgb-profilen-eigentlich-wichtig\\\/#article\",\"name\":\"RGB Profile in Druckdaten einbetten ist wichtig | proof.de\",\"headline\":\"Warum ist das Einbetten von RGB Profilen in Druckdaten eigentlich wichtig?\",\"author\":{\"@id\":\"https:\\\/\\\/blog.proofs.de\\\/lv\\\/author\\\/mbetz\\\/#author\"},\"publisher\":{\"@id\":\"https:\\\/\\\/blog.proofs.de\\\/lv\\\/#organization\"},\"image\":{\"@type\":\"ImageObject\",\"url\":\"https:\\\/\\\/blog.proofs.de\\\/wp-content\\\/uploads\\\/2012\\\/03\\\/Bildschirmfoto-2012-03-20-um-00.29.04.jpg\",\"width\":601,\"height\":576,\"caption\":\"Vergleich eciRGB_V2 (wei\\u00df) und sRGB\"},\"datePublished\":\"2018-11-03T02:10:40+01:00\",\"dateModified\":\"2024-05-06T01:15:31+02:00\",\"inLanguage\":\"lv\",\"mainEntityOfPage\":{\"@id\":\"https:\\\/\\\/blog.proofs.de\\\/lv\\\/warum-ist-das-einbetten-von-rgb-profilen-eigentlich-wichtig\\\/#webpage\"},\"isPartOf\":{\"@id\":\"https:\\\/\\\/blog.proofs.de\\\/lv\\\/warum-ist-das-einbetten-von-rgb-profilen-eigentlich-wichtig\\\/#webpage\"},\"articleSection\":\"Allgemein, Farbr\\u00e4ume und Farbprofile, H\\u00e4ufige Fragen, H\\u00e4ufige Fragen zu Proofs, Layout Tipps, Proof Wissen, AdobeRGB, CMYK, Druckdaten, ECI-RGB, PDF, Profil, Proof Profil, RGB Profile, RGB Profile Einbetten, sRGB\"},{\"@type\":\"BreadcrumbList\",\"@id\":\"https:\\\/\\\/blog.proofs.de\\\/lv\\\/warum-ist-das-einbetten-von-rgb-profilen-eigentlich-wichtig\\\/#breadcrumblist\",\"itemListElement\":[{\"@type\":\"ListItem\",\"@id\":\"https:\\\/\\\/blog.proofs.de\\\/lv#listItem\",\"position\":1,\"name\":\"Home\",\"item\":\"https:\\\/\\\/blog.proofs.de\\\/lv\",\"nextItem\":{\"@type\":\"ListItem\",\"@id\":\"https:\\\/\\\/blog.proofs.de\\\/lv\\\/thema\\\/proof-wissen\\\/#listItem\",\"name\":\"Proof Wissen\"}},{\"@type\":\"ListItem\",\"@id\":\"https:\\\/\\\/blog.proofs.de\\\/lv\\\/thema\\\/proof-wissen\\\/#listItem\",\"position\":2,\"name\":\"Proof Wissen\",\"item\":\"https:\\\/\\\/blog.proofs.de\\\/lv\\\/thema\\\/proof-wissen\\\/\",\"nextItem\":{\"@type\":\"ListItem\",\"@id\":\"https:\\\/\\\/blog.proofs.de\\\/lv\\\/thema\\\/proof-wissen\\\/farbraeume-und-farbprofile\\\/#listItem\",\"name\":\"Farbr\\u00e4ume und Farbprofile\"},\"previousItem\":{\"@type\":\"ListItem\",\"@id\":\"https:\\\/\\\/blog.proofs.de\\\/lv#listItem\",\"name\":\"Home\"}},{\"@type\":\"ListItem\",\"@id\":\"https:\\\/\\\/blog.proofs.de\\\/lv\\\/thema\\\/proof-wissen\\\/farbraeume-und-farbprofile\\\/#listItem\",\"position\":3,\"name\":\"Farbr\\u00e4ume und Farbprofile\",\"item\":\"https:\\\/\\\/blog.proofs.de\\\/lv\\\/thema\\\/proof-wissen\\\/farbraeume-und-farbprofile\\\/\",\"nextItem\":{\"@type\":\"ListItem\",\"@id\":\"https:\\\/\\\/blog.proofs.de\\\/lv\\\/warum-ist-das-einbetten-von-rgb-profilen-eigentlich-wichtig\\\/#listItem\",\"name\":\"Warum ist das Einbetten von RGB Profilen in Druckdaten eigentlich wichtig?\"},\"previousItem\":{\"@type\":\"ListItem\",\"@id\":\"https:\\\/\\\/blog.proofs.de\\\/lv\\\/thema\\\/proof-wissen\\\/#listItem\",\"name\":\"Proof Wissen\"}},{\"@type\":\"ListItem\",\"@id\":\"https:\\\/\\\/blog.proofs.de\\\/lv\\\/warum-ist-das-einbetten-von-rgb-profilen-eigentlich-wichtig\\\/#listItem\",\"position\":4,\"name\":\"Warum ist das Einbetten von RGB Profilen in Druckdaten eigentlich wichtig?\",\"previousItem\":{\"@type\":\"ListItem\",\"@id\":\"https:\\\/\\\/blog.proofs.de\\\/lv\\\/thema\\\/proof-wissen\\\/farbraeume-und-farbprofile\\\/#listItem\",\"name\":\"Farbr\\u00e4ume und Farbprofile\"}}]},{\"@type\":\"Organization\",\"@id\":\"https:\\\/\\\/blog.proofs.de\\\/lv\\\/#organization\",\"name\":\"Proof GmbH\",\"description\":\"Farbverbindlicher Proof, Farbproof, Digitalproof und Online-Proof.\",\"url\":\"https:\\\/\\\/blog.proofs.de\\\/lv\\\/\",\"telephone\":\"+4970717952740\",\"logo\":{\"@type\":\"ImageObject\",\"url\":\"https:\\\/\\\/blog1.proofen.de\\\/wp-content\\\/uploads\\\/2019\\\/09\\\/logo_proof_rgb_mit_balken_250px.png\",\"@id\":\"https:\\\/\\\/blog.proofs.de\\\/lv\\\/warum-ist-das-einbetten-von-rgb-profilen-eigentlich-wichtig\\\/#organizationLogo\"},\"image\":{\"@id\":\"https:\\\/\\\/blog.proofs.de\\\/lv\\\/warum-ist-das-einbetten-von-rgb-profilen-eigentlich-wichtig\\\/#organizationLogo\"},\"sameAs\":[\"https:\\\/\\\/www.facebook.com\\\/Proof.de\\\/\",\"https:\\\/\\\/www.instagram.com\\\/proof.de\\\/\",\"https:\\\/\\\/www.tiktok.com\\\/@proof_de\",\"https:\\\/\\\/www.youtube.com\\\/channel\\\/UCk80fQVQ25wC9wu3SywB-Nw\",\"https:\\\/\\\/www.linkedin.com\\\/company\\\/proof-de\"]},{\"@type\":\"Person\",\"@id\":\"https:\\\/\\\/blog.proofs.de\\\/lv\\\/author\\\/mbetz\\\/#author\",\"url\":\"https:\\\/\\\/blog.proofs.de\\\/lv\\\/author\\\/mbetz\\\/\",\"name\":\"Matthias Betz\",\"image\":{\"@type\":\"ImageObject\",\"@id\":\"https:\\\/\\\/blog.proofs.de\\\/lv\\\/warum-ist-das-einbetten-von-rgb-profilen-eigentlich-wichtig\\\/#authorImage\",\"url\":\"https:\\\/\\\/blog.proofs.de\\\/wp-content\\\/uploads\\\/2020\\\/10\\\/matthias-betz-e1603934518350-150x150.png\",\"width\":96,\"height\":96,\"caption\":\"Matthias Betz\"}},{\"@type\":\"WebPage\",\"@id\":\"https:\\\/\\\/blog.proofs.de\\\/lv\\\/warum-ist-das-einbetten-von-rgb-profilen-eigentlich-wichtig\\\/#webpage\",\"url\":\"https:\\\/\\\/blog.proofs.de\\\/lv\\\/warum-ist-das-einbetten-von-rgb-profilen-eigentlich-wichtig\\\/\",\"name\":\"RGB Profile in Druckdaten einbetten ist wichtig | proof.de\",\"description\":\"Anhand eines Praxisbeispieles zeigen wir, warum das Einbetten von RGB-Profilen in InDesign und PDF Druckdaten wichtig ist, damit Farben korrekt gedruckt werden. Druck nicht zu gef\\u00e4hrden.\",\"inLanguage\":\"lv\",\"isPartOf\":{\"@id\":\"https:\\\/\\\/blog.proofs.de\\\/lv\\\/#website\"},\"breadcrumb\":{\"@id\":\"https:\\\/\\\/blog.proofs.de\\\/lv\\\/warum-ist-das-einbetten-von-rgb-profilen-eigentlich-wichtig\\\/#breadcrumblist\"},\"author\":{\"@id\":\"https:\\\/\\\/blog.proofs.de\\\/lv\\\/author\\\/mbetz\\\/#author\"},\"creator\":{\"@id\":\"https:\\\/\\\/blog.proofs.de\\\/lv\\\/author\\\/mbetz\\\/#author\"},\"image\":{\"@type\":\"ImageObject\",\"url\":\"https:\\\/\\\/blog.proofs.de\\\/wp-content\\\/uploads\\\/2012\\\/03\\\/Bildschirmfoto-2012-03-20-um-00.29.04.jpg\",\"@id\":\"https:\\\/\\\/blog.proofs.de\\\/lv\\\/warum-ist-das-einbetten-von-rgb-profilen-eigentlich-wichtig\\\/#mainImage\",\"width\":601,\"height\":576,\"caption\":\"Vergleich eciRGB_V2 (wei\\u00df) und sRGB\"},\"primaryImageOfPage\":{\"@id\":\"https:\\\/\\\/blog.proofs.de\\\/lv\\\/warum-ist-das-einbetten-von-rgb-profilen-eigentlich-wichtig\\\/#mainImage\"},\"datePublished\":\"2018-11-03T02:10:40+01:00\",\"dateModified\":\"2024-05-06T01:15:31+02:00\"},{\"@type\":\"WebSite\",\"@id\":\"https:\\\/\\\/blog.proofs.de\\\/lv\\\/#website\",\"url\":\"https:\\\/\\\/blog.proofs.de\\\/lv\\\/\",\"name\":\"Proof.de\",\"description\":\"Farbverbindlicher Proof, Farbproof, Digitalproof und Online-Proof.\",\"inLanguage\":\"lv\",\"publisher\":{\"@id\":\"https:\\\/\\\/blog.proofs.de\\\/lv\\\/#organization\"}}]}\n\t\t<\/script>\n\t\t<!-- All in One SEO -->\n\n","aioseo_head_json":{"title":"RGB profilu iestr\u0101d\u0101\u0161ana drukas datos ir svar\u012bga | proof.de","description":"Izmantojot praktisku piem\u0113ru, m\u0113s par\u0101d\u012bsim, k\u0101p\u0113c ir svar\u012bgi iestr\u0101d\u0101t RGB profilus InDesign un PDF drukas datos, lai kr\u0101sas tiktu izdruk\u0101tas pareizi. Tas neapdraud\u0113s druk\u0101\u0161anu.","canonical_url":"https:\/\/blog.proofs.de\/lv\/warum-ist-das-einbetten-von-rgb-profilen-eigentlich-wichtig\/","robots":"max-image-preview:large","keywords":"rgb profile,profil,proof-profil,srgb,adobergb,eci-rgb,rgb profile einbetten,druckdaten,cmyk,pdf,adobergb,cmyk,druckdaten,eci-rgb,pdf,profil,proof profil,rgb profile,rgb profile einbetten,srgb","webmasterTools":{"google-site-verification":"TuXxyRwxcEg2-WfOaQ8vScWQh3-uBAnxXmY7g3GT90A","miscellaneous":"&lt;meta name=\"seobility\" content=\"593a8578143db71543f014978c690d47\"&gt;"},"schema":{"@context":"https:\/\/schema.org","@graph":[{"@type":"Article","@id":"https:\/\/blog.proofs.de\/lv\/warum-ist-das-einbetten-von-rgb-profilen-eigentlich-wichtig\/#article","name":"RGB Profile in Druckdaten einbetten ist wichtig | proof.de","headline":"Warum ist das Einbetten von RGB Profilen in Druckdaten eigentlich wichtig?","author":{"@id":"https:\/\/blog.proofs.de\/lv\/author\/mbetz\/#author"},"publisher":{"@id":"https:\/\/blog.proofs.de\/lv\/#organization"},"image":{"@type":"ImageObject","url":"https:\/\/blog.proofs.de\/wp-content\/uploads\/2012\/03\/Bildschirmfoto-2012-03-20-um-00.29.04.jpg","width":601,"height":576,"caption":"Vergleich eciRGB_V2 (wei\u00df) und sRGB"},"datePublished":"2018-11-03T02:10:40+01:00","dateModified":"2024-05-06T01:15:31+02:00","inLanguage":"lv","mainEntityOfPage":{"@id":"https:\/\/blog.proofs.de\/lv\/warum-ist-das-einbetten-von-rgb-profilen-eigentlich-wichtig\/#webpage"},"isPartOf":{"@id":"https:\/\/blog.proofs.de\/lv\/warum-ist-das-einbetten-von-rgb-profilen-eigentlich-wichtig\/#webpage"},"articleSection":"Allgemein, Farbr\u00e4ume und Farbprofile, H\u00e4ufige Fragen, H\u00e4ufige Fragen zu Proofs, Layout Tipps, Proof Wissen, AdobeRGB, CMYK, Druckdaten, ECI-RGB, PDF, Profil, Proof Profil, RGB Profile, RGB Profile Einbetten, sRGB"},{"@type":"BreadcrumbList","@id":"https:\/\/blog.proofs.de\/lv\/warum-ist-das-einbetten-von-rgb-profilen-eigentlich-wichtig\/#breadcrumblist","itemListElement":[{"@type":"ListItem","@id":"https:\/\/blog.proofs.de\/lv#listItem","position":1,"name":"Home","item":"https:\/\/blog.proofs.de\/lv","nextItem":{"@type":"ListItem","@id":"https:\/\/blog.proofs.de\/lv\/thema\/proof-wissen\/#listItem","name":"Proof Wissen"}},{"@type":"ListItem","@id":"https:\/\/blog.proofs.de\/lv\/thema\/proof-wissen\/#listItem","position":2,"name":"Proof Wissen","item":"https:\/\/blog.proofs.de\/lv\/thema\/proof-wissen\/","nextItem":{"@type":"ListItem","@id":"https:\/\/blog.proofs.de\/lv\/thema\/proof-wissen\/farbraeume-und-farbprofile\/#listItem","name":"Farbr\u00e4ume und Farbprofile"},"previousItem":{"@type":"ListItem","@id":"https:\/\/blog.proofs.de\/lv#listItem","name":"Home"}},{"@type":"ListItem","@id":"https:\/\/blog.proofs.de\/lv\/thema\/proof-wissen\/farbraeume-und-farbprofile\/#listItem","position":3,"name":"Farbr\u00e4ume und Farbprofile","item":"https:\/\/blog.proofs.de\/lv\/thema\/proof-wissen\/farbraeume-und-farbprofile\/","nextItem":{"@type":"ListItem","@id":"https:\/\/blog.proofs.de\/lv\/warum-ist-das-einbetten-von-rgb-profilen-eigentlich-wichtig\/#listItem","name":"Warum ist das Einbetten von RGB Profilen in Druckdaten eigentlich wichtig?"},"previousItem":{"@type":"ListItem","@id":"https:\/\/blog.proofs.de\/lv\/thema\/proof-wissen\/#listItem","name":"Proof Wissen"}},{"@type":"ListItem","@id":"https:\/\/blog.proofs.de\/lv\/warum-ist-das-einbetten-von-rgb-profilen-eigentlich-wichtig\/#listItem","position":4,"name":"Warum ist das Einbetten von RGB Profilen in Druckdaten eigentlich wichtig?","previousItem":{"@type":"ListItem","@id":"https:\/\/blog.proofs.de\/lv\/thema\/proof-wissen\/farbraeume-und-farbprofile\/#listItem","name":"Farbr\u00e4ume und Farbprofile"}}]},{"@type":"Organization","@id":"https:\/\/blog.proofs.de\/lv\/#organization","name":"Proof GmbH","description":"Farbverbindlicher Proof, Farbproof, Digitalproof und Online-Proof.","url":"https:\/\/blog.proofs.de\/lv\/","telephone":"+4970717952740","logo":{"@type":"ImageObject","url":"https:\/\/blog1.proofen.de\/wp-content\/uploads\/2019\/09\/logo_proof_rgb_mit_balken_250px.png","@id":"https:\/\/blog.proofs.de\/lv\/warum-ist-das-einbetten-von-rgb-profilen-eigentlich-wichtig\/#organizationLogo"},"image":{"@id":"https:\/\/blog.proofs.de\/lv\/warum-ist-das-einbetten-von-rgb-profilen-eigentlich-wichtig\/#organizationLogo"},"sameAs":["https:\/\/www.facebook.com\/Proof.de\/","https:\/\/www.instagram.com\/proof.de\/","https:\/\/www.tiktok.com\/@proof_de","https:\/\/www.youtube.com\/channel\/UCk80fQVQ25wC9wu3SywB-Nw","https:\/\/www.linkedin.com\/company\/proof-de"]},{"@type":"Person","@id":"https:\/\/blog.proofs.de\/lv\/author\/mbetz\/#author","url":"https:\/\/blog.proofs.de\/lv\/author\/mbetz\/","name":"Matthias Betz","image":{"@type":"ImageObject","@id":"https:\/\/blog.proofs.de\/lv\/warum-ist-das-einbetten-von-rgb-profilen-eigentlich-wichtig\/#authorImage","url":"https:\/\/blog.proofs.de\/wp-content\/uploads\/2020\/10\/matthias-betz-e1603934518350-150x150.png","width":96,"height":96,"caption":"Matthias Betz"}},{"@type":"WebPage","@id":"https:\/\/blog.proofs.de\/lv\/warum-ist-das-einbetten-von-rgb-profilen-eigentlich-wichtig\/#webpage","url":"https:\/\/blog.proofs.de\/lv\/warum-ist-das-einbetten-von-rgb-profilen-eigentlich-wichtig\/","name":"RGB Profile in Druckdaten einbetten ist wichtig | proof.de","description":"Anhand eines Praxisbeispieles zeigen wir, warum das Einbetten von RGB-Profilen in InDesign und PDF Druckdaten wichtig ist, damit Farben korrekt gedruckt werden. Druck nicht zu gef\u00e4hrden.","inLanguage":"lv","isPartOf":{"@id":"https:\/\/blog.proofs.de\/lv\/#website"},"breadcrumb":{"@id":"https:\/\/blog.proofs.de\/lv\/warum-ist-das-einbetten-von-rgb-profilen-eigentlich-wichtig\/#breadcrumblist"},"author":{"@id":"https:\/\/blog.proofs.de\/lv\/author\/mbetz\/#author"},"creator":{"@id":"https:\/\/blog.proofs.de\/lv\/author\/mbetz\/#author"},"image":{"@type":"ImageObject","url":"https:\/\/blog.proofs.de\/wp-content\/uploads\/2012\/03\/Bildschirmfoto-2012-03-20-um-00.29.04.jpg","@id":"https:\/\/blog.proofs.de\/lv\/warum-ist-das-einbetten-von-rgb-profilen-eigentlich-wichtig\/#mainImage","width":601,"height":576,"caption":"Vergleich eciRGB_V2 (wei\u00df) und sRGB"},"primaryImageOfPage":{"@id":"https:\/\/blog.proofs.de\/lv\/warum-ist-das-einbetten-von-rgb-profilen-eigentlich-wichtig\/#mainImage"},"datePublished":"2018-11-03T02:10:40+01:00","dateModified":"2024-05-06T01:15:31+02:00"},{"@type":"WebSite","@id":"https:\/\/blog.proofs.de\/lv\/#website","url":"https:\/\/blog.proofs.de\/lv\/","name":"Proof.de","description":"Farbverbindlicher Proof, Farbproof, Digitalproof und Online-Proof.","inLanguage":"lv","publisher":{"@id":"https:\/\/blog.proofs.de\/lv\/#organization"}}]},"og:locale":"lv_LV","og:site_name":"Proof.de | Alles zu Proof, Farbmanagement, Grafik, Messtechnik &amp; Co.","og:type":"article","og:title":"RGB Profile in Druckdaten einbetten ist wichtig | proof.de","og:description":"Anhand eines Praxisbeispieles zeigen wir, warum das Einbetten von RGB-Profilen in InDesign und PDF Druckdaten wichtig ist, damit Farben korrekt gedruckt werden. Druck nicht zu gef\u00e4hrden.","og:url":"https:\/\/blog.proofs.de\/lv\/warum-ist-das-einbetten-von-rgb-profilen-eigentlich-wichtig\/","og:image":"https:\/\/blog.proofs.de\/wp-content\/uploads\/2012\/03\/Bildschirmfoto-2012-03-20-um-00.29.04.jpg","og:image:secure_url":"https:\/\/blog.proofs.de\/wp-content\/uploads\/2012\/03\/Bildschirmfoto-2012-03-20-um-00.29.04.jpg","og:image:width":601,"og:image:height":576,"article:published_time":"2018-11-03T01:10:40+00:00","article:modified_time":"2024-05-05T23:15:31+00:00","article:publisher":"https:\/\/www.facebook.com\/Proof.de\/","twitter:card":"summary","twitter:title":"RGB Profile in Druckdaten einbetten ist wichtig | proof.de","twitter:description":"Anhand eines Praxisbeispieles zeigen wir, warum das Einbetten von RGB-Profilen in InDesign und PDF Druckdaten wichtig ist, damit Farben korrekt gedruckt werden. Druck nicht zu gef\u00e4hrden.","twitter:image":"https:\/\/blog1.proofen.de\/wp-content\/uploads\/2020\/04\/proof_background.jpg"},"aioseo_meta_data":{"post_id":"2230","title":"RGB profilu iestr\u0101d\u0101\u0161ana drukas datos ir svar\u012bga | proof.de","description":"Izmantojot praktisku piem\u0113ru, m\u0113s par\u0101d\u012bsim, k\u0101p\u0113c ir svar\u012bgi iestr\u0101d\u0101t RGB profilus InDesign un PDF drukas datos, lai kr\u0101sas tiktu izdruk\u0101tas pareizi. Tas neapdraud\u0113s druk\u0101\u0161anu.","keywords":[{"label":"RGB Profile,Profil,Proof-Profil,sRGB,AdobeRGB,ECI-RGB,RGB Profile Einbetten,Druckdaten,CMYK,PDF","value":"RGB Profile,Profil,Proof-Profil,sRGB,AdobeRGB,ECI-RGB,RGB Profile Einbetten,Druckdaten,CMYK,PDF"}],"keyphrases":{"focus":{"keyphrase":"","score":0,"analysis":{"keyphraseInTitle":{"score":0,"maxScore":9,"error":1}}},"additional":[]},"primary_term":null,"canonical_url":null,"og_title":null,"og_description":null,"og_object_type":"default","og_image_type":"default","og_image_url":null,"og_image_width":null,"og_image_height":null,"og_image_custom_url":null,"og_image_custom_fields":null,"og_video":"","og_custom_url":null,"og_article_section":null,"og_article_tags":null,"twitter_use_og":false,"twitter_card":"default","twitter_image_type":"default","twitter_image_url":null,"twitter_image_custom_url":null,"twitter_image_custom_fields":null,"twitter_title":null,"twitter_description":null,"schema":{"blockGraphs":[],"customGraphs":[],"default":{"data":{"Article":[],"Course":[],"Dataset":[],"FAQPage":[],"Movie":[],"Person":[],"Product":[],"ProductReview":[],"Car":[],"Recipe":[],"Service":[],"SoftwareApplication":[],"WebPage":[]},"graphName":"Article","isEnabled":true},"graphs":[],"defaultGraph":"","defaultPostTypeGraph":""},"schema_type":null,"schema_type_options":null,"pillar_content":false,"robots_default":true,"robots_noindex":false,"robots_noarchive":false,"robots_nosnippet":false,"robots_nofollow":false,"robots_noimageindex":false,"robots_noodp":false,"robots_notranslate":false,"robots_max_snippet":"-1","robots_max_videopreview":"-1","robots_max_imagepreview":"large","priority":null,"frequency":"default","local_seo":null,"breadcrumb_settings":null,"limit_modified_date":false,"ai":null,"created":"2020-12-21 00:33:58","updated":"2025-06-04 14:23:05","seo_analyzer_scan_date":null,"focus_keyword":null,"additional_keywords":null,"truseo_locale":null},"_links":{"self":[{"href":"https:\/\/blog.proofs.de\/lv\/wp-json\/wp\/v2\/posts\/2230","targetHints":{"allow":["GET"]}}],"collection":[{"href":"https:\/\/blog.proofs.de\/lv\/wp-json\/wp\/v2\/posts"}],"about":[{"href":"https:\/\/blog.proofs.de\/lv\/wp-json\/wp\/v2\/types\/post"}],"author":[{"embeddable":true,"href":"https:\/\/blog.proofs.de\/lv\/wp-json\/wp\/v2\/users\/2"}],"replies":[{"embeddable":true,"href":"https:\/\/blog.proofs.de\/lv\/wp-json\/wp\/v2\/comments?post=2230"}],"version-history":[{"count":7,"href":"https:\/\/blog.proofs.de\/lv\/wp-json\/wp\/v2\/posts\/2230\/revisions"}],"predecessor-version":[{"id":5736,"href":"https:\/\/blog.proofs.de\/lv\/wp-json\/wp\/v2\/posts\/2230\/revisions\/5736"}],"wp:featuredmedia":[{"embeddable":true,"href":"https:\/\/blog.proofs.de\/lv\/wp-json\/wp\/v2\/media\/179"}],"wp:attachment":[{"href":"https:\/\/blog.proofs.de\/lv\/wp-json\/wp\/v2\/media?parent=2230"}],"wp:term":[{"taxonomy":"category","embeddable":true,"href":"https:\/\/blog.proofs.de\/lv\/wp-json\/wp\/v2\/categories?post=2230"},{"taxonomy":"post_tag","embeddable":true,"href":"https:\/\/blog.proofs.de\/lv\/wp-json\/wp\/v2\/tags?post=2230"}],"curies":[{"name":"wp","href":"https:\/\/api.w.org\/{rel}","templated":true}]}}