{"id":2549,"date":"2020-02-17T01:59:27","date_gmt":"2020-02-17T00:59:27","guid":{"rendered":"https:\/\/www.proof.de\/?p=2549"},"modified":"2020-05-08T02:02:04","modified_gmt":"2020-05-08T00:02:04","slug":"retrospektivs-fogra-color-management-symposium-2020","status":"publish","type":"post","link":"https:\/\/blog.proofs.de\/lv\/rueckblick-fogra-color-management-symposium-2020\/","title":{"rendered":"P\u0101rskats: Fogra kr\u0101su vad\u012bbas simpozijs 2020"},"content":{"rendered":"<div class=\"kk-star-ratings kksr-auto kksr-align-right kksr-valign-top\" data-payload='{\"align\":\"right\",\"id\":\"2549\",\"slug\":\"default\",\"valign\":\"top\",\"ignore\":\"\",\"reference\":\"auto\",\"class\":\"\",\"count\":\"0\",\"legendonly\":\"\",\"readonly\":\"\",\"score\":\"0\",\"starsonly\":\"\",\"best\":\"5\",\"gap\":\"5\",\"greet\":\"Jetzt bewerten\",\"legend\":\"0\\\/5 - (0 votes)\",\"size\":\"24\",\"title\":\"R&uuml;ckblick: Fogra Color Management Symposium 2020\",\"width\":\"0\",\"_legend\":\"{score}\\\/{best} - ({count} {votes})\",\"font_factor\":\"1.25\"}'>\n            \n<div class=\"kksr-stars\">\n    \n<div class=\"kksr-stars-inactive\">\n            <div class=\"kksr-star\" data-star=\"1\" style=\"padding-right: 5px\">\n            \n\n<div class=\"kksr-icon\" style=\"width: 24px; height: 24px;\"><\/div>\n        <\/div>\n            <div class=\"kksr-star\" data-star=\"2\" style=\"padding-right: 5px\">\n            \n\n<div class=\"kksr-icon\" style=\"width: 24px; height: 24px;\"><\/div>\n        <\/div>\n            <div class=\"kksr-star\" data-star=\"3\" style=\"padding-right: 5px\">\n            \n\n<div class=\"kksr-icon\" style=\"width: 24px; height: 24px;\"><\/div>\n        <\/div>\n            <div class=\"kksr-star\" data-star=\"4\" style=\"padding-right: 5px\">\n            \n\n<div class=\"kksr-icon\" style=\"width: 24px; height: 24px;\"><\/div>\n        <\/div>\n            <div class=\"kksr-star\" data-star=\"5\" style=\"padding-right: 5px\">\n            \n\n<div class=\"kksr-icon\" style=\"width: 24px; height: 24px;\"><\/div>\n        <\/div>\n    <\/div>\n    \n<div class=\"kksr-stars-active\" style=\"width: 0px;\">\n            <div class=\"kksr-star\" style=\"padding-right: 5px\">\n            \n\n<div class=\"kksr-icon\" style=\"width: 24px; height: 24px;\"><\/div>\n        <\/div>\n            <div class=\"kksr-star\" style=\"padding-right: 5px\">\n            \n\n<div class=\"kksr-icon\" style=\"width: 24px; height: 24px;\"><\/div>\n        <\/div>\n            <div class=\"kksr-star\" style=\"padding-right: 5px\">\n            \n\n<div class=\"kksr-icon\" style=\"width: 24px; height: 24px;\"><\/div>\n        <\/div>\n            <div class=\"kksr-star\" style=\"padding-right: 5px\">\n            \n\n<div class=\"kksr-icon\" style=\"width: 24px; height: 24px;\"><\/div>\n        <\/div>\n            <div class=\"kksr-star\" style=\"padding-right: 5px\">\n            \n\n<div class=\"kksr-icon\" style=\"width: 24px; height: 24px;\"><\/div>\n        <\/div>\n    <\/div>\n<\/div>\n                \n\n<div class=\"kksr-legend\" style=\"font-size: 19.2px;\">\n            <span class=\"kksr-muted\">Nov\u0113rt\u0113jiet tagad<\/span>\n    <\/div>\n    <\/div>\n\r\n<p class=\"wp-block-paragraph translation-block\">No 2020. gada 12. l\u012bdz 13. febru\u0101rim Minhen\u0113 notika 7. <a href=\"https:\/\/blog1.proofen.de\/es\/lexico-2\/fogra\/\" target=\"_self\" class=\"encyclopedia tooltipstered\">Fogra<\/a> kr\u0101su vad\u012bbas simpozijs, uz kuru es biju uzaicin\u0101ts k\u0101 run\u0101t\u0101js 6. sesijas <a href=\"https:\/\/blog1.proofen.de\/es\/lexico-2\/prueba\/\" target=\"_self\" class=\"encyclopedia tooltipstered\">proof\u0113\u0161anas<\/a> sada\u013c\u0101. Es zi\u0146oju par m\u016bsu veiktajiem p\u0101rbaudes testiem Fogra58-Beta-Textile-<a href=\"https:\/\/blog1.proofen.de\/es\/lexico-2\/rgb\/\" target=\"_self\" class=\"encyclopedia tooltipstered\">RGB<\/a> standartam digit\u0101lai tekstilizstr\u0101d\u0101jumu drukai.<\/p>\r\n\r\n\r\n\r\n<p class=\"wp-block-paragraph translation-block\">Fogra kr\u0101su p\u0101rvald\u012bbas simpozijs ir viens no pas\u0101kumiem <a href=\"https:\/\/blog1.proofen.de\/es\/lexico-2\/gestion-del-color\/\" target=\"_self\" class=\"encyclopedia tooltipstered\">kr\u0101su p\u0101rvald\u012bbas jom\u0101<\/a> un pulc\u0113 zin\u0101tniekus un lietot\u0101jus no visas pasaules uz divu dienu ideju apmai\u0146u Minhen\u0113. Kopum\u0101 21 run\u0101t\u0101js un 7 moderatori zi\u0146oja par t\u0113m\u0101m par daudzkr\u0101su druk\u0101\u0161anu, p\u0101rbaudi, drukas iepirkumiem, klientu v\u0113lm\u0113m, kr\u0101su p\u0101rvald\u012bbu 3D druk\u0101\u0161anai un kr\u0101su p\u0101rvald\u012bbu tekstilizstr\u0101d\u0101jumu digit\u0101lajai druk\u0101\u0161anai, t\u0113m\u0101m, kas bija ar\u012b man uztic\u0113ta.<\/p>\r\n\r\n\r\n\r\n<p class=\"wp-block-paragraph translation-block\">Es tur ierados dienu agr\u0101k, jo iepriek\u0161\u0113j\u0101 vakar\u0101 notika run\u0101t\u0101ju vakari\u0146as un man bija ar\u012b j\u0101apsprie\u017e m\u016bsu tekstila RGB paraugu uzst\u0101d\u012b\u0161ana un izv\u0113le ar Janu-P\u0113teru Homannu un D\u017eo \u010cudi. Uz vietas Minhen\u0113 m\u0113s uzb\u016bv\u0113j\u0101m standarta gaismas stendu <a href=\"https:\/\/blog1.proofen.de\/es\/lexico-2\/solo\/\" target=\"_self\" class=\"encyclopedia tooltipstered\">Just<\/a>-<a href=\"https:\/\/blog1.proofen.de\/es\/lexico-2\/luz-normal\/\" target=\"_self\" class=\"encyclopedia tooltipstered\">Normlicht<\/a>, ko mums nodro\u0161in\u0101ja uz\u0146\u0113mums <a href=\"https:\/\/blog1.proofen.de\/es\/lexico-2\/led\/\" target=\"_self\" class=\"encyclopedia tooltipstered\">LED<\/a> Color Viewing Light XL HYBRID 2.0 un v\u0113lreiz vienoj\u0101mies, kurus paraugus vislab\u0101k b\u016btu par\u0101d\u012bt kr\u0101su vad\u012bbas simpozija laik\u0101.<\/p>\r\n\r\n\r\n\r\n<figure class=\"wp-block-image size-large\"><img loading=\"lazy\" decoding=\"async\" width=\"1024\" height=\"768\" class=\"wp-image-2559\" src=\"https:\/\/blog1.proofen.de\/wp-content\/uploads\/2020\/02\/Fogra-Colormanagament-Symposium-2020_proof-de_3-1024x768.jpg\" alt=\"Joe Tschudi un Jan-Peter Homann apsprie\u017e, kurus paraugus m\u0113s v\u0113lamies par\u0101d\u012bt Fogra Colormanagement Symposium 2020, lai veiktu Fogra58beta-TextileRGB pier\u0101d\u012bjumu sal\u012bdzin\u0101jumu.\" srcset=\"https:\/\/blog.proofs.de\/wp-content\/uploads\/2020\/02\/Fogra-Colormanagament-Symposium-2020_proof-de_3-1024x768.jpg 1024w, https:\/\/blog.proofs.de\/wp-content\/uploads\/2020\/02\/Fogra-Colormanagament-Symposium-2020_proof-de_3-300x225.jpg 300w, https:\/\/blog.proofs.de\/wp-content\/uploads\/2020\/02\/Fogra-Colormanagament-Symposium-2020_proof-de_3-768x576.jpg 768w, https:\/\/blog.proofs.de\/wp-content\/uploads\/2020\/02\/Fogra-Colormanagament-Symposium-2020_proof-de_3-1536x1152.jpg 1536w, https:\/\/blog.proofs.de\/wp-content\/uploads\/2020\/02\/Fogra-Colormanagament-Symposium-2020_proof-de_3-2048x1536.jpg 2048w, https:\/\/blog.proofs.de\/wp-content\/uploads\/2020\/02\/Fogra-Colormanagament-Symposium-2020_proof-de_3-400x300.jpg 400w\" sizes=\"auto, (max-width: 1024px) 100vw, 1024px\">\r\n<figcaption>Kop\u0101 ar D\u017eo \u010cudi un Janu-P\u0113teru Homannu apsprie\u017eam, kurus paraugus v\u0113lamies par\u0101d\u012bt Fogra Colormanagement simpozij\u0101 2020, lai veiktu Fogra58beta-TextileRGB proof sal\u012bdzin\u0101jumu.<\/figcaption>\r\n<\/figure>\r\n\r\n\r\n\r\n<figure class=\"wp-block-image size-large\"><img loading=\"lazy\" decoding=\"async\" width=\"1024\" height=\"768\" class=\"wp-image-2558\" src=\"https:\/\/blog1.proofen.de\/wp-content\/uploads\/2020\/02\/Fogra-Colormanagament-Symposium-2020_proof-de_4-1024x768.jpg\" alt=\"Paraugs, ko m\u0113s par\u0101d\u012bj\u0101m Fogra Colormanagement Symposium 2020, lai sal\u012bdzin\u0101tu Fogra58beta-TextileRGB. Zem\u0101k ir m\u016bsu pier\u0101d\u012bjums, virs - D\u017eo Tschudi sublim\u0101cijas apdruk\u0101ts audums, abi izgaismoti ar Fogra58-beta-TextileRGB standarta apgaismojum\u0101 D50.\" srcset=\"https:\/\/blog.proofs.de\/wp-content\/uploads\/2020\/02\/Fogra-Colormanagament-Symposium-2020_proof-de_4-1024x768.jpg 1024w, https:\/\/blog.proofs.de\/wp-content\/uploads\/2020\/02\/Fogra-Colormanagament-Symposium-2020_proof-de_4-300x225.jpg 300w, https:\/\/blog.proofs.de\/wp-content\/uploads\/2020\/02\/Fogra-Colormanagament-Symposium-2020_proof-de_4-768x576.jpg 768w, https:\/\/blog.proofs.de\/wp-content\/uploads\/2020\/02\/Fogra-Colormanagament-Symposium-2020_proof-de_4-1536x1152.jpg 1536w, https:\/\/blog.proofs.de\/wp-content\/uploads\/2020\/02\/Fogra-Colormanagament-Symposium-2020_proof-de_4-2048x1536.jpg 2048w, https:\/\/blog.proofs.de\/wp-content\/uploads\/2020\/02\/Fogra-Colormanagament-Symposium-2020_proof-de_4-400x300.jpg 400w\" sizes=\"auto, (max-width: 1024px) 100vw, 1024px\">\r\n<figcaption class=\"translation-block\">Paraugs, ko m\u0113s par\u0101d\u012bj\u0101m Fogra Colour Management Symposium 2020, lai sal\u012bdzin\u0101tu Fogra58beta-TextileRGB proof. Zem\u0101k ir m\u016bsu p\u0101rbaude, aug\u0161\u0101 ir Joe Tschudi audums, kas izgatavots ar sublim\u0101cijas apdruku, abi izgaismoti ar Fogra58-beta-TextileRGB zem <a href=\"https:\/\/blog1.proofen.de\/es\/lexico-2\/d50\/\" target=\"_self\" class=\"encyclopedia tooltipstered\">D50<\/a> standarta gaismas.<\/figcaption>\r\n<\/figure>\r\n\r\n\r\n\r\n<p class=\"wp-block-paragraph translation-block\">Run\u0101t\u0101ju vakari\u0146u laik\u0101 man bija iesp\u0113ja aprun\u0101ties ar Jirgenu Seitu no <a href=\"https:\/\/blog1.proofen.de\/es\/lexico-2\/gmg\/\" target=\"_self\" class=\"encyclopedia tooltipstered\">GMG<\/a>, manas sesijas moderatoru, un D\u017eefriju Stauferu no oneflexo GmbH, lai organiz\u0113tu m\u016bsu sesiju 2. dien\u0101. Gerardo Cerros no CMA Imaging Belgium SPRL, m\u016bsu sesijas tre\u0161ais run\u0101t\u0101js, ierad\u0101s tie\u0161i uz savu prezent\u0101ciju. M\u0113s var\u0113j\u0101m ar\u012b izm\u0113\u0123in\u0101t savas prezent\u0101cijas Fogra datoros un iepaz\u012bties ar prezent\u0101ciju telpu un skatuvi. Uz skatuves s\u0113d\u0113ja tr\u012bs katras sesijas run\u0101t\u0101ji un sesijas moderators. Visas prezent\u0101cijas, moder\u0113\u0161ana, jaut\u0101jumi u. c. tika tie\u0161raid\u0113 tulkoti no ang\u013cu uz v\u0101cu vai v\u0101cu uz ang\u013cu valodu. Es savu prezent\u0101ciju sniedza v\u0101cu valod\u0101, bet slaidus biju saglab\u0101jis \"denang\u013cu valod\u0101\", lai tie b\u016btu saprotami gan v\u0101cie\u0161iem, gan visiem p\u0101r\u0113jiem.<\/p>\r\n\r\n\r\n\r\n<figure class=\"wp-block-image size-large\"><img loading=\"lazy\" decoding=\"async\" width=\"1024\" height=\"768\" class=\"wp-image-2560\" src=\"https:\/\/blog1.proofen.de\/wp-content\/uploads\/2020\/02\/Fogra-Colormanagament-Symposium-2020_proof-de_2-1024x768.jpg\" alt=\"Uz skatuves un skatuves tehniku apmekl\u0113 run\u0101t\u0101ji un prezent\u0113t\u0101ji \" srcset=\"https:\/\/blog.proofs.de\/wp-content\/uploads\/2020\/02\/Fogra-Colormanagament-Symposium-2020_proof-de_2-1024x768.jpg 1024w, https:\/\/blog.proofs.de\/wp-content\/uploads\/2020\/02\/Fogra-Colormanagament-Symposium-2020_proof-de_2-300x225.jpg 300w, https:\/\/blog.proofs.de\/wp-content\/uploads\/2020\/02\/Fogra-Colormanagament-Symposium-2020_proof-de_2-768x576.jpg 768w, https:\/\/blog.proofs.de\/wp-content\/uploads\/2020\/02\/Fogra-Colormanagament-Symposium-2020_proof-de_2-1536x1152.jpg 1536w, https:\/\/blog.proofs.de\/wp-content\/uploads\/2020\/02\/Fogra-Colormanagament-Symposium-2020_proof-de_2-2048x1536.jpg 2048w, https:\/\/blog.proofs.de\/wp-content\/uploads\/2020\/02\/Fogra-Colormanagament-Symposium-2020_proof-de_2-400x300.jpg 400w\" sizes=\"auto, (max-width: 1024px) 100vw, 1024px\">\r\n<figcaption>Run\u0101t\u0101ji un lektori p\u0101rbauda skatuvi un skatuves apr\u012bkojumu. Pel\u0113k\u0101 kaste aizmugur\u0113 pa kreisi ir tulkot\u0101ja kab\u012bne, kur\u0101 atrad\u0101s divi sinhronie tulkot\u0101ji.<\/figcaption>\r\n<\/figure>\r\n\r\n\r\n\r\n<p class=\"wp-block-paragraph translation-block\">Ar visu simpozija programmu var iepaz\u012bties <a href=\"https:\/\/fogra.org\/\" target=\"_blank\" rel=\"noopener\">Fogra<\/a> t\u012bmek\u013ca vietn\u0113. Septi\u0146u sesiju t\u0113mas bija \u0161\u0101das<\/p>\r\n\r\n\r\n\r\n<p class=\"wp-block-paragraph\">1 Klientu v\u0113lmju p\u0101rvald\u012bba - kr\u0101su p\u0101rvald\u012bba vis\u0101 p\u0101rtikas \u0137\u0113d\u0113<br>2. kr\u0101su ticam\u012bbas rad\u012b\u0161ana <a href=\"https:\/\/blog.proofs.de\/lv\/lexikon\/cmyk\/\" target=\"_self\" title='CMYK apz\u012bm\u0113 \u010detras drukas kr\u0101sas - ci\u0101na, purpura, dzelteno (dzelteno) un &quot;atsl\u0113gu&quot; (melno vai melno da\u013cu).' class=\"encyclopedia\">CMYK<\/a> un papla\u0161in\u0101ts <a href=\"https:\/\/blog.proofs.de\/lv\/lexikon\/gamut\/\" target=\"_self\" title=\"Gamma (ar\u012b: kr\u0101su diapazons) ietver visu kr\u0101su telpas kr\u0101su kopumu, ko ier\u012bce var atpaz\u012bt (kamera, skeneris) vai atveidot (printeris, monitors). To ilustr\u0113 k\u0101 kr\u0101su \u0137ermeni.\" class=\"encyclopedia\">Gamut<\/a> druk\u0101\u0161ana<br>3. re\u0101l\u0101s daudzkr\u0101su iepakojuma implement\u0101cijas (ECG)<br>4. r\u016bpniecisk\u0101s drukas lietojumprogrammas<a href=\"https:\/\/blog.proofs.de\/lv\/lexikon\/cat\/\" target=\"_self\" title=\"CAT noz\u012bm\u0113 &quot;Cromatic Adaption Transform&quot;. Hromatisk\u0101 adapt\u0101cija noz\u012bm\u0113, ka cilv\u0113ka acs veic autom\u0101tisku balt\u0101s kr\u0101sas balans\u0113\u0161anu. T\u0101d\u0113j\u0101di kr\u0101sa tiek uztverta piln\u012bgi neatkar\u012bgi no kr\u0101su temperat\u016bras.\" class=\"encyclopedia\">cat<\/a>jons: \u0101trdarb\u012bga tintes druka ne tikai komerci\u0101lai un iepakojuma drukai<br>PAS\u0100KUMS: Kr\u0101su darbpl\u016bsmas kinofilmu pasaul\u0113 - k\u0101 HDR un pla\u0161a gamma maina sp\u0113les noteikumus (Haralds Brendls, ARRI)<br>5 Kr\u0101su komunik\u0101cija modes tekstila lietojumiem<br>6 Kr\u0101su p\u0101rbaude iesai\u0146o\u0161anai un tekstila lietojumiem<br>7. 3D kr\u0101sas (3D <a href=\"https:\/\/blog.proofs.de\/lv\/lexikon\/softproof\/\" target=\"_self\" title='Pretstat\u0101 klasiskajai &quot;cietai p\u0101rbaudei&quot; uz pap\u012bra &quot;soft proof&quot; ir p\u0101rbaude, kas tiek att\u0113lota monitor\u0101 ar kr\u0101su precizit\u0101ti.' class=\"encyclopedia\">Softproof<\/a> &amp; <a href=\"https:\/\/blog.proofs.de\/lv\/lexikon\/appearance\/\" target=\"_self\" title='Pa\u0161reiz\u0113jos kr\u0101su p\u0113t\u012bjumos termins &quot;izskats&quot; attiecas uz objekta vai virsmas kr\u0101sas uztveri da\u017e\u0101dos apgaismojuma apst\u0101k\u013cos un da\u017e\u0101d\u0101s vid\u0113s. Izskats attiecas uz to, k\u0101 cilv\u0113ki vizu\u0101li uztver kr\u0101sas un k\u0101 t\u0101s ietekm\u0113 gaismas \u012bpa\u0161\u012bbas, virsmas tekst\u016bra un citi vides faktori. 1....' class=\"encyclopedia\">Izskats<\/a> m\u0113r\u012bjumi)<\/p>\r\n\r\n\r\n\r\n<figure class=\"wp-block-image size-large\"><img loading=\"lazy\" decoding=\"async\" width=\"1024\" height=\"768\" class=\"wp-image-2556\" src=\"https:\/\/blog1.proofen.de\/wp-content\/uploads\/2020\/02\/Fogra-Colormanagament-Symposium-2020_proof-de_6-1024x768.jpg\" alt=\"\" srcset=\"https:\/\/blog.proofs.de\/wp-content\/uploads\/2020\/02\/Fogra-Colormanagament-Symposium-2020_proof-de_6-1024x768.jpg 1024w, https:\/\/blog.proofs.de\/wp-content\/uploads\/2020\/02\/Fogra-Colormanagament-Symposium-2020_proof-de_6-300x225.jpg 300w, https:\/\/blog.proofs.de\/wp-content\/uploads\/2020\/02\/Fogra-Colormanagament-Symposium-2020_proof-de_6-768x576.jpg 768w, https:\/\/blog.proofs.de\/wp-content\/uploads\/2020\/02\/Fogra-Colormanagament-Symposium-2020_proof-de_6-1536x1152.jpg 1536w, https:\/\/blog.proofs.de\/wp-content\/uploads\/2020\/02\/Fogra-Colormanagament-Symposium-2020_proof-de_6-2048x1536.jpg 2048w, https:\/\/blog.proofs.de\/wp-content\/uploads\/2020\/02\/Fogra-Colormanagament-Symposium-2020_proof-de_6-400x300.jpg 400w\" sizes=\"auto, (max-width: 1024px) 100vw, 1024px\"><\/figure>\r\n\r\n\r\n\r\n<figure class=\"wp-block-image size-large\"><img loading=\"lazy\" decoding=\"async\" width=\"1024\" height=\"768\" class=\"wp-image-2555\" src=\"https:\/\/blog1.proofen.de\/wp-content\/uploads\/2020\/02\/Fogra-Colormanagament-Symposium-2020_proof-de_7-1024x768.jpg\" alt=\"\" srcset=\"https:\/\/blog.proofs.de\/wp-content\/uploads\/2020\/02\/Fogra-Colormanagament-Symposium-2020_proof-de_7-1024x768.jpg 1024w, https:\/\/blog.proofs.de\/wp-content\/uploads\/2020\/02\/Fogra-Colormanagament-Symposium-2020_proof-de_7-300x225.jpg 300w, https:\/\/blog.proofs.de\/wp-content\/uploads\/2020\/02\/Fogra-Colormanagament-Symposium-2020_proof-de_7-768x576.jpg 768w, https:\/\/blog.proofs.de\/wp-content\/uploads\/2020\/02\/Fogra-Colormanagament-Symposium-2020_proof-de_7-1536x1152.jpg 1536w, https:\/\/blog.proofs.de\/wp-content\/uploads\/2020\/02\/Fogra-Colormanagament-Symposium-2020_proof-de_7-2048x1536.jpg 2048w, https:\/\/blog.proofs.de\/wp-content\/uploads\/2020\/02\/Fogra-Colormanagament-Symposium-2020_proof-de_7-400x300.jpg 400w\" sizes=\"auto, (max-width: 1024px) 100vw, 1024px\"><\/figure>\r\n\r\n\r\n\r\n<figure class=\"wp-block-image size-large\"><img loading=\"lazy\" decoding=\"async\" width=\"640\" height=\"1024\" class=\"wp-image-2572\" src=\"https:\/\/blog1.proofen.de\/wp-content\/uploads\/2020\/03\/foga_colormanagement_symposium_2020_matthias_betz_proof_de_4-640x1024.jpg\" alt=\"\" srcset=\"https:\/\/blog.proofs.de\/wp-content\/uploads\/2020\/03\/foga_colormanagement_symposium_2020_matthias_betz_proof_de_4-640x1024.jpg 640w, https:\/\/blog.proofs.de\/wp-content\/uploads\/2020\/03\/foga_colormanagement_symposium_2020_matthias_betz_proof_de_4-188x300.jpg 188w, https:\/\/blog.proofs.de\/wp-content\/uploads\/2020\/03\/foga_colormanagement_symposium_2020_matthias_betz_proof_de_4-768x1229.jpg 768w, https:\/\/blog.proofs.de\/wp-content\/uploads\/2020\/03\/foga_colormanagement_symposium_2020_matthias_betz_proof_de_4-960x1536.jpg 960w, https:\/\/blog.proofs.de\/wp-content\/uploads\/2020\/03\/foga_colormanagement_symposium_2020_matthias_betz_proof_de_4-1280x2048.jpg 1280w, https:\/\/blog.proofs.de\/wp-content\/uploads\/2020\/03\/foga_colormanagement_symposium_2020_matthias_betz_proof_de_4-scaled.jpg 1600w\" sizes=\"auto, (max-width: 640px) 100vw, 640px\"><\/figure>\r\n\r\n\r\n\r\n<figure class=\"wp-block-image size-large\"><img loading=\"lazy\" decoding=\"async\" width=\"1024\" height=\"632\" class=\"wp-image-2573\" src=\"https:\/\/blog1.proofen.de\/wp-content\/uploads\/2020\/03\/foga_colormanagement_symposium_2020_matthias_betz_proof_de_2-1024x632.jpg\" alt=\"\" srcset=\"https:\/\/blog.proofs.de\/wp-content\/uploads\/2020\/03\/foga_colormanagement_symposium_2020_matthias_betz_proof_de_2-1024x632.jpg 1024w, https:\/\/blog.proofs.de\/wp-content\/uploads\/2020\/03\/foga_colormanagement_symposium_2020_matthias_betz_proof_de_2-300x185.jpg 300w, https:\/\/blog.proofs.de\/wp-content\/uploads\/2020\/03\/foga_colormanagement_symposium_2020_matthias_betz_proof_de_2-768x474.jpg 768w, https:\/\/blog.proofs.de\/wp-content\/uploads\/2020\/03\/foga_colormanagement_symposium_2020_matthias_betz_proof_de_2-1536x948.jpg 1536w, https:\/\/blog.proofs.de\/wp-content\/uploads\/2020\/03\/foga_colormanagement_symposium_2020_matthias_betz_proof_de_2-2048x1264.jpg 2048w, https:\/\/blog.proofs.de\/wp-content\/uploads\/2020\/03\/foga_colormanagement_symposium_2020_matthias_betz_proof_de_2-486x300.jpg 486w\" sizes=\"auto, (max-width: 1024px) 100vw, 1024px\"><\/figure>\r\n\r\n\r\n\r\n<p class=\"wp-block-paragraph translation-block\">J\u016bs varat lejupiel\u0101d\u0113t manas lekcijas \"Proofing in textile printing: <a href=\"https:\/\/blog1.proofen.de\/es\/lexico-2\/a-prueba-de-contratos\/\" target=\"_self\" class=\"encyclopedia tooltipstered\">Contract proof<\/a>s for RGB (FOGRA58) based textile workflows\" prezent\u0101ciju \u0161eit:<\/p>\r\n\r\n\r\n\r\n<figure class=\"wp-block-image size-large\"><a href=\"https:\/\/blog1.proofen.de\/wp-content\/uploads\/2020\/02\/1_Matthias-Betz_proof-de_FOGRA58beta_TextileRGB_v13.pdf\"><img loading=\"lazy\" decoding=\"async\" width=\"1024\" height=\"573\" class=\"wp-image-2566\" src=\"https:\/\/blog1.proofen.de\/wp-content\/uploads\/2020\/02\/Matthias-Betz_Proof-de_Proofing-im-Textildruck_Contract-Proofs-f%C3%BCr-RGB-Fogra58beta_TextileRGB_basierte_Textil-Workflows-1024x573.png\" alt=\"Izm\u0113\u0123in\u0101jumu sagatavo\u0161ana tekstilizstr\u0101d\u0101jumu iespie\u0161an\u0101: l\u012bguma p\u0101rbaudes uz RGB (FOGRA58) balst\u012bt\u0101m tekstilizstr\u0101d\u0101jumu darbpl\u016bsm\u0101m\" srcset=\"https:\/\/blog.proofs.de\/wp-content\/uploads\/2020\/02\/Matthias-Betz_Proof-de_Proofing-im-Textildruck_Contract-Proofs-f&uuml;r-RGB-Fogra58beta_TextileRGB_basierte_Textil-Workflows-1024x573.png 1024w, https:\/\/blog.proofs.de\/wp-content\/uploads\/2020\/02\/Matthias-Betz_Proof-de_Proofing-im-Textildruck_Contract-Proofs-f&uuml;r-RGB-Fogra58beta_TextileRGB_basierte_Textil-Workflows-300x168.png 300w, https:\/\/blog.proofs.de\/wp-content\/uploads\/2020\/02\/Matthias-Betz_Proof-de_Proofing-im-Textildruck_Contract-Proofs-f&uuml;r-RGB-Fogra58beta_TextileRGB_basierte_Textil-Workflows-768x430.png 768w, https:\/\/blog.proofs.de\/wp-content\/uploads\/2020\/02\/Matthias-Betz_Proof-de_Proofing-im-Textildruck_Contract-Proofs-f&uuml;r-RGB-Fogra58beta_TextileRGB_basierte_Textil-Workflows-1536x860.png 1536w, https:\/\/blog.proofs.de\/wp-content\/uploads\/2020\/02\/Matthias-Betz_Proof-de_Proofing-im-Textildruck_Contract-Proofs-f&uuml;r-RGB-Fogra58beta_TextileRGB_basierte_Textil-Workflows-2048x1147.png 2048w, https:\/\/blog.proofs.de\/wp-content\/uploads\/2020\/02\/Matthias-Betz_Proof-de_Proofing-im-Textildruck_Contract-Proofs-f&uuml;r-RGB-Fogra58beta_TextileRGB_basierte_Textil-Workflows-500x280.png 500w\" sizes=\"auto, (max-width: 1024px) 100vw, 1024px\"><\/a><\/figure>\r\n\r\n\r\n\r\n<p class=\"wp-block-paragraph translation-block\">P\u0113c sesijas m\u016bsu Fogra58 stend\u0101 notika spraiga diskusija, un tika apspriesti izst\u0101d\u012bto audumu\/iztur\u012bbas sal\u012bdzin\u0101jumi. \u012apa\u0161u uzman\u012bbu piesaist\u012bja D\u017eo \u010cudi (Joe Tschudi) paraugs ar da\u017e\u0101diem pel\u0113k\u0101s kr\u0101sas to\u0146iem. Cilv\u0113ka ac\u012bm pier\u0101d\u012bjums bija diezgan neitr\u0101li pel\u0113ks, bet audumam bija skaidri redzams za\u013c\u0161 tonis. Tom\u0113r, run\u0101jot par m\u0113r\u012b\u0161anas tehnolo\u0123iju, abus paraugus \u0161\u0137\u012bra tikai DeltaE00 0,3 i1Pro2, un ar\u012b <a href=\"https:\/\/blog1.proofen.de\/es\/lexico-2\/dispositivo-de-medicion-de-cabeza-esferica\/\" target=\"_self\" class=\"encyclopedia tooltipstered\">gaum\u012btes galvas m\u0113rier\u012bce<\/a> par\u0101d\u012bja l\u012bdz\u012bgu att\u0101lumu. Lielisks piem\u0113rs, lai demonstr\u0113tu gr\u016bt\u012bbas starp tekstila druk\u0101\u0161anu un pier\u0101d\u012bjumu, starp m\u0113rier\u012bc\u0113m un cilv\u0113ka uztveri.<\/p>\r\n\r\n\r\n\r\n<figure class=\"wp-block-image size-large\"><img loading=\"lazy\" decoding=\"async\" width=\"1024\" height=\"768\" class=\"wp-image-2552\" src=\"https:\/\/blog1.proofen.de\/wp-content\/uploads\/2020\/02\/Fogra-Colormanagament-Symposium-2020_proof-de_10-1024x768.jpg\" alt=\"\" srcset=\"https:\/\/blog.proofs.de\/wp-content\/uploads\/2020\/02\/Fogra-Colormanagament-Symposium-2020_proof-de_10-1024x768.jpg 1024w, https:\/\/blog.proofs.de\/wp-content\/uploads\/2020\/02\/Fogra-Colormanagament-Symposium-2020_proof-de_10-300x225.jpg 300w, https:\/\/blog.proofs.de\/wp-content\/uploads\/2020\/02\/Fogra-Colormanagament-Symposium-2020_proof-de_10-768x576.jpg 768w, https:\/\/blog.proofs.de\/wp-content\/uploads\/2020\/02\/Fogra-Colormanagament-Symposium-2020_proof-de_10-1536x1152.jpg 1536w, https:\/\/blog.proofs.de\/wp-content\/uploads\/2020\/02\/Fogra-Colormanagament-Symposium-2020_proof-de_10-2048x1536.jpg 2048w, https:\/\/blog.proofs.de\/wp-content\/uploads\/2020\/02\/Fogra-Colormanagament-Symposium-2020_proof-de_10-400x300.jpg 400w\" sizes=\"auto, (max-width: 1024px) 100vw, 1024px\"><\/figure>\r\n\r\n\r\n\r\n<figure class=\"wp-block-image size-large\"><img loading=\"lazy\" decoding=\"async\" width=\"1024\" height=\"768\" class=\"wp-image-2551\" src=\"https:\/\/blog1.proofen.de\/wp-content\/uploads\/2020\/02\/Fogra-Colormanagament-Symposium-2020_proof-de_11-1024x768.jpg\" alt=\"\" srcset=\"https:\/\/blog.proofs.de\/wp-content\/uploads\/2020\/02\/Fogra-Colormanagament-Symposium-2020_proof-de_11-1024x768.jpg 1024w, https:\/\/blog.proofs.de\/wp-content\/uploads\/2020\/02\/Fogra-Colormanagament-Symposium-2020_proof-de_11-300x225.jpg 300w, https:\/\/blog.proofs.de\/wp-content\/uploads\/2020\/02\/Fogra-Colormanagament-Symposium-2020_proof-de_11-768x576.jpg 768w, https:\/\/blog.proofs.de\/wp-content\/uploads\/2020\/02\/Fogra-Colormanagament-Symposium-2020_proof-de_11-1536x1152.jpg 1536w, https:\/\/blog.proofs.de\/wp-content\/uploads\/2020\/02\/Fogra-Colormanagament-Symposium-2020_proof-de_11-2048x1536.jpg 2048w, https:\/\/blog.proofs.de\/wp-content\/uploads\/2020\/02\/Fogra-Colormanagament-Symposium-2020_proof-de_11-400x300.jpg 400w\" sizes=\"auto, (max-width: 1024px) 100vw, 1024px\"><\/figure>\r\n\r\n\r\n\r\n<p class=\"wp-block-paragraph\">Liels paldies Andreasam Krau\u0161\u0101ram un visai Fogra komandai par lielisko organiz\u0101ciju un atbalstu visa kr\u0101su vad\u012bbas simpozija laik\u0101. Lielisks pas\u0101kums, kas par\u0101da aktu\u0101los sasniegumus kr\u0101su p\u0101rvald\u012bbas jom\u0101 un papla\u0161ina skat\u012bjumu uz jauniem tirgiem un segmentiem.<\/p>","protected":false},"excerpt":{"rendered":"<p>No 2020. gada 12. l\u012bdz 13. febru\u0101rim Minhen\u0113 notika 7. Fogra kr\u0101su p\u0101rvald\u012bbas simpozijs, kur es biju uzaicin\u0101ts uzst\u0101ties 6. sesij\u0101 ar refer\u0101tu par korekt\u016bru. Es zi\u0146oju par m\u016bsu veiktajiem p\u0101rbaudes testiem Fogra58-Beta-Textile-RGB standartam digit\u0101lajai tekstila drukai. Fogra Color Management Symposium ir viens no notikumiem kr\u0101su p\u0101rvald\u012bbas jom\u0101, kas pulc\u0113 zin\u0101tniekus un lietot\u0101jus no visas pasaules uz divu dienu ideju apmai\u0146u Minhen\u0113. Kopum\u0101 21 run\u0101t\u0101js un 7 moderatori zi\u0146oja par t\u0101d\u0101m t\u0113m\u0101m k\u0101 daudzkr\u0101su druka, p\u0101rbaude, drukas iepirkumi, klientu v\u0113lmes, kr\u0101su p\u0101rvald\u012bba ... <\/p>\n<p class=\"read-more-container\"><a title=\"P\u0101rskats: Fogra kr\u0101su vad\u012bbas simpozijs 2020\" class=\"read-more button\" href=\"https:\/\/blog.proofs.de\/lv\/rueckblick-fogra-color-management-symposium-2020\/#more-2549\" aria-label=\"Lasiet vair\u0101k par atgriezenisko p\u0101rskatu: Fogra kr\u0101su p\u0101rvald\u012bbas simpozijs 2020\">Las\u012bt vair\u0101k<\/a><\/p>","protected":false},"author":2,"featured_media":2572,"comment_status":"open","ping_status":"open","sticky":false,"template":"","format":"standard","meta":{"om_disable_all_campaigns":false,"inline_featured_image":false,"_monsterinsights_skip_tracking":false,"footnotes":""},"categories":[1,435,120],"tags":[939,933,932,940,522,936,937,903,934,732,941,539,942,943,935,938],"class_list":["post-2549","post","type-post","status-publish","format-standard","has-post-thumbnail","hentry","category-allgemein","category-farbraeume-und-farbprofile","category-kategorie-proof-gmbh","tag-939","tag-andreas-kraushaar","tag-cms","tag-color-management-symposium","tag-fogra","tag-fogra58","tag-fogra58beta","tag-jan-peter-homann","tag-joe-tschudi","tag-matthias-betz","tag-muenchen","tag-proof-gmbh","tag-rgb-proof","tag-rgb-proofing","tag-textile-rgb","tag-textilergb","generate-columns","tablet-grid-50","mobile-grid-100","grid-parent","grid-50","no-featured-image-padding","resize-featured-image"],"aioseo_notices":[],"aioseo_head":"\n\t\t<!-- All in One SEO 5.0.1.1 - aioseo.com -->\n\t<meta name=\"description\" content=\"Matthias Betz von der Proof GmbH war als Referent beim Fogra Color Management Symposium 2020 der Fogra in M\u00fcnchen dabei. Ein R\u00fcckblick auf die Veranstaltung.\" \/>\n\t<meta name=\"robots\" content=\"max-image-preview:large\" \/>\n\t<meta name=\"author\" content=\"Matthias Betz\"\/>\n\t<meta name=\"google-site-verification\" content=\"TuXxyRwxcEg2-WfOaQ8vScWQh3-uBAnxXmY7g3GT90A\" \/>\n\t<meta name=\"keywords\" content=\"fogra,cms,color management symposium,2020,proof gmbh,matthias betz,andreas kraushaar,joe tschudi,jan-peter homann,textile-rgb,fogra58,fogra58beta,textilergb,rgb-proof,rgb-proofing,m\u00fcnchen,,2020,cms,color management symposium,fogra,fogra58,fogra58beta,jan-peter homann,joe tschudi,matthias betz,m\u00fcnchen,proof gmbh,rgb-proof,rgb-proofing,textile-rgb,textilergb\" \/>\n\t<link rel=\"canonical\" href=\"https:\/\/blog.proofs.de\/lv\/rueckblick-fogra-color-management-symposium-2020\/\" \/>\n\t<meta name=\"generator\" content=\"All in One SEO (AIOSEO) 5.0.1.1\" \/>\n\n\t\t<meta name=\"seobility\" content=\"593a8578143db71543f014978c690d47\">\n\t\t<meta property=\"og:locale\" content=\"lv_LV\" \/>\n\t\t<meta property=\"og:site_name\" content=\"Proof.de | Alles zu Proof, Farbmanagement, Grafik, Messtechnik &amp; Co.\" \/>\n\t\t<meta property=\"og:type\" content=\"article\" \/>\n\t\t<meta property=\"og:title\" content=\"R\u00fcckblick: Fogra Color Management Symposium 2020 | proof.de\" \/>\n\t\t<meta property=\"og:description\" content=\"Matthias Betz von der Proof GmbH war als Referent beim Fogra Color Management Symposium 2020 der Fogra in M\u00fcnchen dabei. Ein R\u00fcckblick auf die Veranstaltung.\" \/>\n\t\t<meta property=\"og:url\" content=\"https:\/\/blog.proofs.de\/lv\/rueckblick-fogra-color-management-symposium-2020\/\" \/>\n\t\t<meta property=\"og:image\" content=\"https:\/\/blog.proofs.de\/wp-content\/uploads\/2020\/03\/foga_colormanagement_symposium_2020_matthias_betz_proof_de_4-scaled.jpg\" \/>\n\t\t<meta property=\"og:image:secure_url\" content=\"https:\/\/blog.proofs.de\/wp-content\/uploads\/2020\/03\/foga_colormanagement_symposium_2020_matthias_betz_proof_de_4-scaled.jpg\" \/>\n\t\t<meta property=\"og:image:width\" content=\"1600\" \/>\n\t\t<meta property=\"og:image:height\" content=\"2560\" \/>\n\t\t<meta property=\"article:published_time\" content=\"2020-02-17T00:59:27+00:00\" \/>\n\t\t<meta property=\"article:modified_time\" content=\"2020-05-08T00:02:04+00:00\" \/>\n\t\t<meta property=\"article:publisher\" content=\"https:\/\/www.facebook.com\/Proof.de\/\" \/>\n\t\t<meta name=\"twitter:card\" content=\"summary\" \/>\n\t\t<meta name=\"twitter:title\" content=\"R\u00fcckblick: Fogra Color Management Symposium 2020 | proof.de\" \/>\n\t\t<meta name=\"twitter:description\" content=\"Matthias Betz von der Proof GmbH war als Referent beim Fogra Color Management Symposium 2020 der Fogra in M\u00fcnchen dabei. Ein R\u00fcckblick auf die Veranstaltung.\" \/>\n\t\t<meta name=\"twitter:image\" content=\"https:\/\/blog1.proofen.de\/wp-content\/uploads\/2020\/04\/proof_background.jpg\" \/>\n\t\t<script type=\"application\/ld+json\" class=\"aioseo-schema\">\n\t\t\t{\"@context\":\"https:\\\/\\\/schema.org\",\"@graph\":[{\"@type\":\"Article\",\"@id\":\"https:\\\/\\\/blog.proofs.de\\\/lv\\\/rueckblick-fogra-color-management-symposium-2020\\\/#article\",\"name\":\"R\\u00fcckblick: Fogra Color Management Symposium 2020 | proof.de\",\"headline\":\"R\\u00fcckblick: Fogra Color Management Symposium 2020\",\"author\":{\"@id\":\"https:\\\/\\\/blog.proofs.de\\\/lv\\\/author\\\/mbetz\\\/#author\"},\"publisher\":{\"@id\":\"https:\\\/\\\/blog.proofs.de\\\/lv\\\/#organization\"},\"image\":{\"@type\":\"ImageObject\",\"url\":\"https:\\\/\\\/blog.proofs.de\\\/wp-content\\\/uploads\\\/2020\\\/03\\\/foga_colormanagement_symposium_2020_matthias_betz_proof_de_4-scaled.jpg\",\"width\":1600,\"height\":2560,\"caption\":\"Matthias Betz beim Vortrag auf dem Fogra Colormanagement Symposium 2020\"},\"datePublished\":\"2020-02-17T01:59:27+01:00\",\"dateModified\":\"2020-05-08T02:02:04+02:00\",\"inLanguage\":\"lv\",\"mainEntityOfPage\":{\"@id\":\"https:\\\/\\\/blog.proofs.de\\\/lv\\\/rueckblick-fogra-color-management-symposium-2020\\\/#webpage\"},\"isPartOf\":{\"@id\":\"https:\\\/\\\/blog.proofs.de\\\/lv\\\/rueckblick-fogra-color-management-symposium-2020\\\/#webpage\"},\"articleSection\":\"Allgemein, Farbr\\u00e4ume und Farbprofile, Proof GmbH, 2020, Andreas Kraushaar, CMS, Color Management Symposium, Fogra, Fogra58, Fogra58beta, Jan-Peter Homann, Joe Tschudi, Matthias Betz, M\\u00fcnchen, Proof GmbH, RGB-Proof, RGB-Proofing, Textile-RGB, TextileRGB\"},{\"@type\":\"BreadcrumbList\",\"@id\":\"https:\\\/\\\/blog.proofs.de\\\/lv\\\/rueckblick-fogra-color-management-symposium-2020\\\/#breadcrumblist\",\"itemListElement\":[{\"@type\":\"ListItem\",\"@id\":\"https:\\\/\\\/blog.proofs.de\\\/lv#listItem\",\"position\":1,\"name\":\"Home\",\"item\":\"https:\\\/\\\/blog.proofs.de\\\/lv\",\"nextItem\":{\"@type\":\"ListItem\",\"@id\":\"https:\\\/\\\/blog.proofs.de\\\/lv\\\/thema\\\/proof-wissen\\\/#listItem\",\"name\":\"Proof Wissen\"}},{\"@type\":\"ListItem\",\"@id\":\"https:\\\/\\\/blog.proofs.de\\\/lv\\\/thema\\\/proof-wissen\\\/#listItem\",\"position\":2,\"name\":\"Proof Wissen\",\"item\":\"https:\\\/\\\/blog.proofs.de\\\/lv\\\/thema\\\/proof-wissen\\\/\",\"nextItem\":{\"@type\":\"ListItem\",\"@id\":\"https:\\\/\\\/blog.proofs.de\\\/lv\\\/thema\\\/proof-wissen\\\/kategorie-proof-gmbh\\\/#listItem\",\"name\":\"Proof GmbH\"},\"previousItem\":{\"@type\":\"ListItem\",\"@id\":\"https:\\\/\\\/blog.proofs.de\\\/lv#listItem\",\"name\":\"Home\"}},{\"@type\":\"ListItem\",\"@id\":\"https:\\\/\\\/blog.proofs.de\\\/lv\\\/thema\\\/proof-wissen\\\/kategorie-proof-gmbh\\\/#listItem\",\"position\":3,\"name\":\"Proof GmbH\",\"item\":\"https:\\\/\\\/blog.proofs.de\\\/lv\\\/thema\\\/proof-wissen\\\/kategorie-proof-gmbh\\\/\",\"nextItem\":{\"@type\":\"ListItem\",\"@id\":\"https:\\\/\\\/blog.proofs.de\\\/lv\\\/rueckblick-fogra-color-management-symposium-2020\\\/#listItem\",\"name\":\"R\\u00fcckblick: Fogra Color Management Symposium 2020\"},\"previousItem\":{\"@type\":\"ListItem\",\"@id\":\"https:\\\/\\\/blog.proofs.de\\\/lv\\\/thema\\\/proof-wissen\\\/#listItem\",\"name\":\"Proof Wissen\"}},{\"@type\":\"ListItem\",\"@id\":\"https:\\\/\\\/blog.proofs.de\\\/lv\\\/rueckblick-fogra-color-management-symposium-2020\\\/#listItem\",\"position\":4,\"name\":\"R\\u00fcckblick: Fogra Color Management Symposium 2020\",\"previousItem\":{\"@type\":\"ListItem\",\"@id\":\"https:\\\/\\\/blog.proofs.de\\\/lv\\\/thema\\\/proof-wissen\\\/kategorie-proof-gmbh\\\/#listItem\",\"name\":\"Proof GmbH\"}}]},{\"@type\":\"Organization\",\"@id\":\"https:\\\/\\\/blog.proofs.de\\\/lv\\\/#organization\",\"name\":\"Proof GmbH\",\"description\":\"Farbverbindlicher Proof, Farbproof, Digitalproof und Online-Proof.\",\"url\":\"https:\\\/\\\/blog.proofs.de\\\/lv\\\/\",\"telephone\":\"+4970717952740\",\"logo\":{\"@type\":\"ImageObject\",\"url\":\"https:\\\/\\\/blog1.proofen.de\\\/wp-content\\\/uploads\\\/2019\\\/09\\\/logo_proof_rgb_mit_balken_250px.png\",\"@id\":\"https:\\\/\\\/blog.proofs.de\\\/lv\\\/rueckblick-fogra-color-management-symposium-2020\\\/#organizationLogo\"},\"image\":{\"@id\":\"https:\\\/\\\/blog.proofs.de\\\/lv\\\/rueckblick-fogra-color-management-symposium-2020\\\/#organizationLogo\"},\"sameAs\":[\"https:\\\/\\\/www.facebook.com\\\/Proof.de\\\/\",\"https:\\\/\\\/www.instagram.com\\\/proof.de\\\/\",\"https:\\\/\\\/www.tiktok.com\\\/@proof_de\",\"https:\\\/\\\/www.youtube.com\\\/channel\\\/UCk80fQVQ25wC9wu3SywB-Nw\",\"https:\\\/\\\/www.linkedin.com\\\/company\\\/proof-de\"]},{\"@type\":\"Person\",\"@id\":\"https:\\\/\\\/blog.proofs.de\\\/lv\\\/author\\\/mbetz\\\/#author\",\"url\":\"https:\\\/\\\/blog.proofs.de\\\/lv\\\/author\\\/mbetz\\\/\",\"name\":\"Matthias Betz\",\"image\":{\"@type\":\"ImageObject\",\"@id\":\"https:\\\/\\\/blog.proofs.de\\\/lv\\\/rueckblick-fogra-color-management-symposium-2020\\\/#authorImage\",\"url\":\"https:\\\/\\\/blog.proofs.de\\\/wp-content\\\/uploads\\\/2020\\\/10\\\/matthias-betz-e1603934518350-150x150.png\",\"width\":96,\"height\":96,\"caption\":\"Matthias Betz\"}},{\"@type\":\"WebPage\",\"@id\":\"https:\\\/\\\/blog.proofs.de\\\/lv\\\/rueckblick-fogra-color-management-symposium-2020\\\/#webpage\",\"url\":\"https:\\\/\\\/blog.proofs.de\\\/lv\\\/rueckblick-fogra-color-management-symposium-2020\\\/\",\"name\":\"R\\u00fcckblick: Fogra Color Management Symposium 2020 | proof.de\",\"description\":\"Matthias Betz von der Proof GmbH war als Referent beim Fogra Color Management Symposium 2020 der Fogra in M\\u00fcnchen dabei. Ein R\\u00fcckblick auf die Veranstaltung.\",\"inLanguage\":\"lv\",\"isPartOf\":{\"@id\":\"https:\\\/\\\/blog.proofs.de\\\/lv\\\/#website\"},\"breadcrumb\":{\"@id\":\"https:\\\/\\\/blog.proofs.de\\\/lv\\\/rueckblick-fogra-color-management-symposium-2020\\\/#breadcrumblist\"},\"author\":{\"@id\":\"https:\\\/\\\/blog.proofs.de\\\/lv\\\/author\\\/mbetz\\\/#author\"},\"creator\":{\"@id\":\"https:\\\/\\\/blog.proofs.de\\\/lv\\\/author\\\/mbetz\\\/#author\"},\"image\":{\"@type\":\"ImageObject\",\"url\":\"https:\\\/\\\/blog.proofs.de\\\/wp-content\\\/uploads\\\/2020\\\/03\\\/foga_colormanagement_symposium_2020_matthias_betz_proof_de_4-scaled.jpg\",\"@id\":\"https:\\\/\\\/blog.proofs.de\\\/lv\\\/rueckblick-fogra-color-management-symposium-2020\\\/#mainImage\",\"width\":1600,\"height\":2560,\"caption\":\"Matthias Betz beim Vortrag auf dem Fogra Colormanagement Symposium 2020\"},\"primaryImageOfPage\":{\"@id\":\"https:\\\/\\\/blog.proofs.de\\\/lv\\\/rueckblick-fogra-color-management-symposium-2020\\\/#mainImage\"},\"datePublished\":\"2020-02-17T01:59:27+01:00\",\"dateModified\":\"2020-05-08T02:02:04+02:00\"},{\"@type\":\"WebSite\",\"@id\":\"https:\\\/\\\/blog.proofs.de\\\/lv\\\/#website\",\"url\":\"https:\\\/\\\/blog.proofs.de\\\/lv\\\/\",\"name\":\"Proof.de\",\"description\":\"Farbverbindlicher Proof, Farbproof, Digitalproof und Online-Proof.\",\"inLanguage\":\"lv\",\"publisher\":{\"@id\":\"https:\\\/\\\/blog.proofs.de\\\/lv\\\/#organization\"}}]}\n\t\t<\/script>\n\t\t<!-- All in One SEO -->\n\n","aioseo_head_json":{"title":"P\u0101rskats: Fogra Color Management Symposium 2020 | proof.de","description":"Matiass Betcs (Matthias Betz) no Proof GmbH bija run\u0101t\u0101js Fogra Color Management Symposium 2020 Minhen\u0113. P\u0101rskats par pas\u0101kumu.","canonical_url":"https:\/\/blog.proofs.de\/lv\/rueckblick-fogra-color-management-symposium-2020\/","robots":"max-image-preview:large","keywords":"fogra,cms,color management symposium,2020,proof gmbh,matthias betz,andreas kraushaar,joe tschudi,jan-peter homann,textile-rgb,fogra58,fogra58beta,textilergb,rgb-proof,rgb-proofing,m\u00fcnchen,,2020,cms,color management symposium,fogra,fogra58,fogra58beta,jan-peter homann,joe tschudi,matthias betz,m\u00fcnchen,proof gmbh,rgb-proof,rgb-proofing,textile-rgb,textilergb","webmasterTools":{"google-site-verification":"TuXxyRwxcEg2-WfOaQ8vScWQh3-uBAnxXmY7g3GT90A","miscellaneous":"&lt;meta name=\"seobility\" content=\"593a8578143db71543f014978c690d47\"&gt;"},"schema":{"@context":"https:\/\/schema.org","@graph":[{"@type":"Article","@id":"https:\/\/blog.proofs.de\/lv\/rueckblick-fogra-color-management-symposium-2020\/#article","name":"R\u00fcckblick: Fogra Color Management Symposium 2020 | proof.de","headline":"R\u00fcckblick: Fogra Color Management Symposium 2020","author":{"@id":"https:\/\/blog.proofs.de\/lv\/author\/mbetz\/#author"},"publisher":{"@id":"https:\/\/blog.proofs.de\/lv\/#organization"},"image":{"@type":"ImageObject","url":"https:\/\/blog.proofs.de\/wp-content\/uploads\/2020\/03\/foga_colormanagement_symposium_2020_matthias_betz_proof_de_4-scaled.jpg","width":1600,"height":2560,"caption":"Matthias Betz beim Vortrag auf dem Fogra Colormanagement Symposium 2020"},"datePublished":"2020-02-17T01:59:27+01:00","dateModified":"2020-05-08T02:02:04+02:00","inLanguage":"lv","mainEntityOfPage":{"@id":"https:\/\/blog.proofs.de\/lv\/rueckblick-fogra-color-management-symposium-2020\/#webpage"},"isPartOf":{"@id":"https:\/\/blog.proofs.de\/lv\/rueckblick-fogra-color-management-symposium-2020\/#webpage"},"articleSection":"Allgemein, Farbr\u00e4ume und Farbprofile, Proof GmbH, 2020, Andreas Kraushaar, CMS, Color Management Symposium, Fogra, Fogra58, Fogra58beta, Jan-Peter Homann, Joe Tschudi, Matthias Betz, M\u00fcnchen, Proof GmbH, RGB-Proof, RGB-Proofing, Textile-RGB, TextileRGB"},{"@type":"BreadcrumbList","@id":"https:\/\/blog.proofs.de\/lv\/rueckblick-fogra-color-management-symposium-2020\/#breadcrumblist","itemListElement":[{"@type":"ListItem","@id":"https:\/\/blog.proofs.de\/lv#listItem","position":1,"name":"Home","item":"https:\/\/blog.proofs.de\/lv","nextItem":{"@type":"ListItem","@id":"https:\/\/blog.proofs.de\/lv\/thema\/proof-wissen\/#listItem","name":"Proof Wissen"}},{"@type":"ListItem","@id":"https:\/\/blog.proofs.de\/lv\/thema\/proof-wissen\/#listItem","position":2,"name":"Proof Wissen","item":"https:\/\/blog.proofs.de\/lv\/thema\/proof-wissen\/","nextItem":{"@type":"ListItem","@id":"https:\/\/blog.proofs.de\/lv\/thema\/proof-wissen\/kategorie-proof-gmbh\/#listItem","name":"Proof GmbH"},"previousItem":{"@type":"ListItem","@id":"https:\/\/blog.proofs.de\/lv#listItem","name":"Home"}},{"@type":"ListItem","@id":"https:\/\/blog.proofs.de\/lv\/thema\/proof-wissen\/kategorie-proof-gmbh\/#listItem","position":3,"name":"Proof GmbH","item":"https:\/\/blog.proofs.de\/lv\/thema\/proof-wissen\/kategorie-proof-gmbh\/","nextItem":{"@type":"ListItem","@id":"https:\/\/blog.proofs.de\/lv\/rueckblick-fogra-color-management-symposium-2020\/#listItem","name":"R\u00fcckblick: Fogra Color Management Symposium 2020"},"previousItem":{"@type":"ListItem","@id":"https:\/\/blog.proofs.de\/lv\/thema\/proof-wissen\/#listItem","name":"Proof Wissen"}},{"@type":"ListItem","@id":"https:\/\/blog.proofs.de\/lv\/rueckblick-fogra-color-management-symposium-2020\/#listItem","position":4,"name":"R\u00fcckblick: Fogra Color Management Symposium 2020","previousItem":{"@type":"ListItem","@id":"https:\/\/blog.proofs.de\/lv\/thema\/proof-wissen\/kategorie-proof-gmbh\/#listItem","name":"Proof GmbH"}}]},{"@type":"Organization","@id":"https:\/\/blog.proofs.de\/lv\/#organization","name":"Proof GmbH","description":"Farbverbindlicher Proof, Farbproof, Digitalproof und Online-Proof.","url":"https:\/\/blog.proofs.de\/lv\/","telephone":"+4970717952740","logo":{"@type":"ImageObject","url":"https:\/\/blog1.proofen.de\/wp-content\/uploads\/2019\/09\/logo_proof_rgb_mit_balken_250px.png","@id":"https:\/\/blog.proofs.de\/lv\/rueckblick-fogra-color-management-symposium-2020\/#organizationLogo"},"image":{"@id":"https:\/\/blog.proofs.de\/lv\/rueckblick-fogra-color-management-symposium-2020\/#organizationLogo"},"sameAs":["https:\/\/www.facebook.com\/Proof.de\/","https:\/\/www.instagram.com\/proof.de\/","https:\/\/www.tiktok.com\/@proof_de","https:\/\/www.youtube.com\/channel\/UCk80fQVQ25wC9wu3SywB-Nw","https:\/\/www.linkedin.com\/company\/proof-de"]},{"@type":"Person","@id":"https:\/\/blog.proofs.de\/lv\/author\/mbetz\/#author","url":"https:\/\/blog.proofs.de\/lv\/author\/mbetz\/","name":"Matthias Betz","image":{"@type":"ImageObject","@id":"https:\/\/blog.proofs.de\/lv\/rueckblick-fogra-color-management-symposium-2020\/#authorImage","url":"https:\/\/blog.proofs.de\/wp-content\/uploads\/2020\/10\/matthias-betz-e1603934518350-150x150.png","width":96,"height":96,"caption":"Matthias Betz"}},{"@type":"WebPage","@id":"https:\/\/blog.proofs.de\/lv\/rueckblick-fogra-color-management-symposium-2020\/#webpage","url":"https:\/\/blog.proofs.de\/lv\/rueckblick-fogra-color-management-symposium-2020\/","name":"R\u00fcckblick: Fogra Color Management Symposium 2020 | proof.de","description":"Matthias Betz von der Proof GmbH war als Referent beim Fogra Color Management Symposium 2020 der Fogra in M\u00fcnchen dabei. Ein R\u00fcckblick auf die Veranstaltung.","inLanguage":"lv","isPartOf":{"@id":"https:\/\/blog.proofs.de\/lv\/#website"},"breadcrumb":{"@id":"https:\/\/blog.proofs.de\/lv\/rueckblick-fogra-color-management-symposium-2020\/#breadcrumblist"},"author":{"@id":"https:\/\/blog.proofs.de\/lv\/author\/mbetz\/#author"},"creator":{"@id":"https:\/\/blog.proofs.de\/lv\/author\/mbetz\/#author"},"image":{"@type":"ImageObject","url":"https:\/\/blog.proofs.de\/wp-content\/uploads\/2020\/03\/foga_colormanagement_symposium_2020_matthias_betz_proof_de_4-scaled.jpg","@id":"https:\/\/blog.proofs.de\/lv\/rueckblick-fogra-color-management-symposium-2020\/#mainImage","width":1600,"height":2560,"caption":"Matthias Betz beim Vortrag auf dem Fogra Colormanagement Symposium 2020"},"primaryImageOfPage":{"@id":"https:\/\/blog.proofs.de\/lv\/rueckblick-fogra-color-management-symposium-2020\/#mainImage"},"datePublished":"2020-02-17T01:59:27+01:00","dateModified":"2020-05-08T02:02:04+02:00"},{"@type":"WebSite","@id":"https:\/\/blog.proofs.de\/lv\/#website","url":"https:\/\/blog.proofs.de\/lv\/","name":"Proof.de","description":"Farbverbindlicher Proof, Farbproof, Digitalproof und Online-Proof.","inLanguage":"lv","publisher":{"@id":"https:\/\/blog.proofs.de\/lv\/#organization"}}]},"og:locale":"lv_LV","og:site_name":"Proof.de | Alles zu Proof, Farbmanagement, Grafik, Messtechnik &amp; Co.","og:type":"article","og:title":"R\u00fcckblick: Fogra Color Management Symposium 2020 | proof.de","og:description":"Matthias Betz von der Proof GmbH war als Referent beim Fogra Color Management Symposium 2020 der Fogra in M\u00fcnchen dabei. Ein R\u00fcckblick auf die Veranstaltung.","og:url":"https:\/\/blog.proofs.de\/lv\/rueckblick-fogra-color-management-symposium-2020\/","og:image":"https:\/\/blog.proofs.de\/wp-content\/uploads\/2020\/03\/foga_colormanagement_symposium_2020_matthias_betz_proof_de_4-scaled.jpg","og:image:secure_url":"https:\/\/blog.proofs.de\/wp-content\/uploads\/2020\/03\/foga_colormanagement_symposium_2020_matthias_betz_proof_de_4-scaled.jpg","og:image:width":1600,"og:image:height":2560,"article:published_time":"2020-02-17T00:59:27+00:00","article:modified_time":"2020-05-08T00:02:04+00:00","article:publisher":"https:\/\/www.facebook.com\/Proof.de\/","twitter:card":"summary","twitter:title":"R\u00fcckblick: Fogra Color Management Symposium 2020 | proof.de","twitter:description":"Matthias Betz von der Proof GmbH war als Referent beim Fogra Color Management Symposium 2020 der Fogra in M\u00fcnchen dabei. Ein R\u00fcckblick auf die Veranstaltung.","twitter:image":"https:\/\/blog1.proofen.de\/wp-content\/uploads\/2020\/04\/proof_background.jpg"},"aioseo_meta_data":{"post_id":"2549","title":null,"description":"Matiass Betcs (Matthias Betz) no Proof GmbH bija run\u0101t\u0101js Fogra Color Management Symposium 2020 Minhen\u0113. P\u0101rskats par pas\u0101kumu.","keywords":[{"label":"Fogra,CMS,Color Management Symposium,2020,Proof GmbH,Matthias Betz","value":"Fogra,CMS,Color Management Symposium,2020,Proof GmbH,Matthias Betz"},{"label":"Andreas Kraushaar","value":"Andreas Kraushaar"},{"label":"Joe Tschudi,Jan-Peter Homann,Textile-RGB,Fogra58,Fogra58beta,TextileRGB,RGB-Proof,RGB-Proofing,M\u00fcnchen,","value":"Joe Tschudi,Jan-Peter Homann,Textile-RGB,Fogra58,Fogra58beta,TextileRGB,RGB-Proof,RGB-Proofing,M\u00fcnchen,"}],"keyphrases":{"focus":{"keyphrase":"Fogra Color Management Symposium","score":100,"analysis":{"keyphraseInTitle":{"title":"Focus keyphrase in SEO title","description":"Focus keyphrase found in SEO title.","score":9,"maxScore":9,"error":0},"keyphraseInDescription":{"title":"Focus keyphrase in meta description","description":"Focus keyphrase found in meta description.","score":9,"maxScore":9,"error":0},"keyphraseLength":{"title":"Focus keyphrase length","description":"Good job!","score":9,"maxScore":9,"error":0,"length":4},"keyphraseInURL":[],"keyphraseInIntroduction":{"title":"Focus keyphrase in introduction","description":"Your Focus keyphrase appears in the first paragraph. Well done!","score":9,"maxScore":9,"error":0},"keyphraseInSubHeadings":[],"keyphraseInImageAlt":{"title":"Focus keyphrase in image alt attributes","description":"Focus keyphrase found in image alt attribute(s).","score":9,"maxScore":9,"error":0}}},"additional":[]},"primary_term":null,"canonical_url":null,"og_title":null,"og_description":null,"og_object_type":"default","og_image_type":"default","og_image_url":null,"og_image_width":null,"og_image_height":null,"og_image_custom_url":null,"og_image_custom_fields":null,"og_video":"","og_custom_url":null,"og_article_section":null,"og_article_tags":[],"twitter_use_og":false,"twitter_card":"default","twitter_image_type":"default","twitter_image_url":null,"twitter_image_custom_url":null,"twitter_image_custom_fields":null,"twitter_title":null,"twitter_description":null,"schema":{"blockGraphs":[],"customGraphs":[],"default":{"data":{"Article":[],"Course":[],"Dataset":[],"FAQPage":[],"Movie":[],"Person":[],"Product":[],"ProductReview":[],"Car":[],"Recipe":[],"Service":[],"SoftwareApplication":[],"WebPage":[]},"graphName":"","isEnabled":true},"graphs":[],"defaultGraph":"Article","defaultPostTypeGraph":""},"schema_type":"default","schema_type_options":"{\"article\":{\"articleType\":\"BlogPosting\"},\"course\":{\"name\":\"\",\"description\":\"\",\"provider\":\"\"},\"faq\":{\"pages\":[]},\"product\":{\"reviews\":[]},\"recipe\":{\"ingredients\":[],\"instructions\":[],\"keywords\":[]},\"software\":{\"reviews\":[],\"operatingSystems\":[]},\"webPage\":{\"webPageType\":\"WebPage\"}}","pillar_content":false,"robots_default":true,"robots_noindex":false,"robots_noarchive":false,"robots_nosnippet":false,"robots_nofollow":false,"robots_noimageindex":false,"robots_noodp":false,"robots_notranslate":false,"robots_max_snippet":"-1","robots_max_videopreview":"-1","robots_max_imagepreview":"large","priority":null,"frequency":"default","local_seo":null,"breadcrumb_settings":null,"limit_modified_date":true,"ai":null,"created":"2020-12-21 00:32:57","updated":"2025-06-04 14:25:05","seo_analyzer_scan_date":null,"focus_keyword":"Fogra Color Management Symposium","additional_keywords":null,"truseo_locale":null},"_links":{"self":[{"href":"https:\/\/blog.proofs.de\/lv\/wp-json\/wp\/v2\/posts\/2549","targetHints":{"allow":["GET"]}}],"collection":[{"href":"https:\/\/blog.proofs.de\/lv\/wp-json\/wp\/v2\/posts"}],"about":[{"href":"https:\/\/blog.proofs.de\/lv\/wp-json\/wp\/v2\/types\/post"}],"author":[{"embeddable":true,"href":"https:\/\/blog.proofs.de\/lv\/wp-json\/wp\/v2\/users\/2"}],"replies":[{"embeddable":true,"href":"https:\/\/blog.proofs.de\/lv\/wp-json\/wp\/v2\/comments?post=2549"}],"version-history":[{"count":7,"href":"https:\/\/blog.proofs.de\/lv\/wp-json\/wp\/v2\/posts\/2549\/revisions"}],"predecessor-version":[{"id":3354,"href":"https:\/\/blog.proofs.de\/lv\/wp-json\/wp\/v2\/posts\/2549\/revisions\/3354"}],"wp:featuredmedia":[{"embeddable":true,"href":"https:\/\/blog.proofs.de\/lv\/wp-json\/wp\/v2\/media\/2572"}],"wp:attachment":[{"href":"https:\/\/blog.proofs.de\/lv\/wp-json\/wp\/v2\/media?parent=2549"}],"wp:term":[{"taxonomy":"category","embeddable":true,"href":"https:\/\/blog.proofs.de\/lv\/wp-json\/wp\/v2\/categories?post=2549"},{"taxonomy":"post_tag","embeddable":true,"href":"https:\/\/blog.proofs.de\/lv\/wp-json\/wp\/v2\/tags?post=2549"}],"curies":[{"name":"wp","href":"https:\/\/api.w.org\/{rel}","templated":true}]}}