{"id":354,"date":"2012-12-08T02:55:53","date_gmt":"2012-12-08T01:55:53","guid":{"rendered":"http:\/\/www.proof.de\/?p=354"},"modified":"2025-04-08T16:19:36","modified_gmt":"2025-04-08T14:19:36","slug":"the-proof-is-much-mucherner-than-the-picture-on-my-monitor-why","status":"publish","type":"post","link":"https:\/\/blog.proofs.de\/lv\/der-proof-ist-viel-dunkler-als-das-bild-auf-meinem-monitor-warum\/","title":{"rendered":"Pier\u0101d\u012bjums ir daudz tum\u0161\u0101ks nek\u0101 att\u0113ls man\u0101 monitor\u0101. K\u0101p\u0113c?"},"content":{"rendered":"<div class=\"kk-star-ratings kksr-auto kksr-align-right kksr-valign-top\" data-payload='{\"align\":\"right\",\"id\":\"354\",\"slug\":\"default\",\"valign\":\"top\",\"ignore\":\"\",\"reference\":\"auto\",\"class\":\"\",\"count\":\"0\",\"legendonly\":\"\",\"readonly\":\"\",\"score\":\"0\",\"starsonly\":\"\",\"best\":\"5\",\"gap\":\"5\",\"greet\":\"Jetzt bewerten\",\"legend\":\"0\\\/5 - (0 votes)\",\"size\":\"24\",\"title\":\"Der Proof ist viel dunkler als das Bild auf meinem Monitor. Warum?\",\"width\":\"0\",\"_legend\":\"{score}\\\/{best} - ({count} {votes})\",\"font_factor\":\"1.25\"}'>\n            \n<div class=\"kksr-stars\">\n    \n<div class=\"kksr-stars-inactive\">\n            <div class=\"kksr-star\" data-star=\"1\" style=\"padding-right: 5px\">\n            \n\n<div class=\"kksr-icon\" style=\"width: 24px; height: 24px;\"><\/div>\n        <\/div>\n            <div class=\"kksr-star\" data-star=\"2\" style=\"padding-right: 5px\">\n            \n\n<div class=\"kksr-icon\" style=\"width: 24px; height: 24px;\"><\/div>\n        <\/div>\n            <div class=\"kksr-star\" data-star=\"3\" style=\"padding-right: 5px\">\n            \n\n<div class=\"kksr-icon\" style=\"width: 24px; height: 24px;\"><\/div>\n        <\/div>\n            <div class=\"kksr-star\" data-star=\"4\" style=\"padding-right: 5px\">\n            \n\n<div class=\"kksr-icon\" style=\"width: 24px; height: 24px;\"><\/div>\n        <\/div>\n            <div class=\"kksr-star\" data-star=\"5\" style=\"padding-right: 5px\">\n            \n\n<div class=\"kksr-icon\" style=\"width: 24px; height: 24px;\"><\/div>\n        <\/div>\n    <\/div>\n    \n<div class=\"kksr-stars-active\" style=\"width: 0px;\">\n            <div class=\"kksr-star\" style=\"padding-right: 5px\">\n            \n\n<div class=\"kksr-icon\" style=\"width: 24px; height: 24px;\"><\/div>\n        <\/div>\n            <div class=\"kksr-star\" style=\"padding-right: 5px\">\n            \n\n<div class=\"kksr-icon\" style=\"width: 24px; height: 24px;\"><\/div>\n        <\/div>\n            <div class=\"kksr-star\" style=\"padding-right: 5px\">\n            \n\n<div class=\"kksr-icon\" style=\"width: 24px; height: 24px;\"><\/div>\n        <\/div>\n            <div class=\"kksr-star\" style=\"padding-right: 5px\">\n            \n\n<div class=\"kksr-icon\" style=\"width: 24px; height: 24px;\"><\/div>\n        <\/div>\n            <div class=\"kksr-star\" style=\"padding-right: 5px\">\n            \n\n<div class=\"kksr-icon\" style=\"width: 24px; height: 24px;\"><\/div>\n        <\/div>\n    <\/div>\n<\/div>\n                \n\n<div class=\"kksr-legend\" style=\"font-size: 19.2px;\">\n            <span class=\"kksr-muted\">Nov\u0113rt\u0113jiet tagad<\/span>\n    <\/div>\n    <\/div>\n<p>Klienti bie\u017ei vien ir satraukti, kad redz <a href=\"https:\/\/blog.proofs.de\/lv\/lexikon\/proof\/\" target=\"_self\" title=\"Korekt\u016bra (pareizi: l\u012bgumkorekt\u016bra) ir ISO 12647-7 sertific\u0113ta korekt\u016bras ier\u012bce grafikas m\u0101kslas nozar\u0113. Proba imit\u0113 ofseta drukas vai dobspiedes kr\u0101sain\u012bbu kr\u0101su un juridiski saisto\u0161\u0101 veid\u0101, iev\u0113rojot ISO standart\u0101 noteikt\u0101s \u0161aur\u0101s pielaides.\" class=\"encyclopedia\">Pier\u0101d\u012bjums<\/a> j\u016bsu rok\u0101s. \"Att\u0113la pier\u0101d\u012bjums ir daudz tum\u0161\u0101ks, nek\u0101 att\u0113ls izskat\u0101s man\u0101 monitor\u0101. K\u0101p\u0113c tas t\u0101 ir? Ko man tagad dar\u012bt?\"<\/p>\n<p>Past\u0101v daudzi iesp\u0113jamie iemesli, k\u0101d\u0113\u013c var rasties novirze starp pier\u0101d\u012bjumu un, piem\u0113ram, monitora displeju:<\/p>\n<ul>\n<li><strong>Monitors nav kalibr\u0113ts<\/strong><br>\nTikai kalibr\u0113ti monitori var prec\u012bzi att\u0113lot ar\u012b kr\u0101sas. Ja es nop\u0113rku l\u0113tu monitoru un piesl\u0113dzu to datoram, es varu d<a href=\"https:\/\/blog.proofs.de\/lv\/lexikon\/efi\/\" target=\"_self\" title=\"Electronics For Imaging Inc., sa\u012bsin\u0101jum\u0101 EFI, ir amerik\u0101\u0146u uz\u0146\u0113mums un vienas no pasaul\u0113 vado\u0161aj\u0101m kop\u0113\u0161anas sist\u0113m\u0101m: EFI Colorproof XF, kop\u0161 2013. gada - Fiery XF. EFI ir risin\u0101jumu pieg\u0101d\u0101t\u0101js lielaj\u0101m drukas sist\u0113m\u0101m, RIP un kr\u0101su p\u0101rvald\u012bbas risin\u0101jumiem, piem\u0113ram, proofing.\" class=\"encyclopedia\">efi<\/a>noteikti neredz nek\u0101du re\u0101lu kr\u0101su. Pamatnoteikums: tikai aparat\u016bras kalibr\u0113tam monitoram ir iesp\u0113ja redz\u0113t pareizas kr\u0101sas.<\/li>\n<li><strong>Monitors ir kalibr\u0113ts, bet kr\u0101sas joproj\u0101m izskat\u0101s at\u0161\u0137ir\u012bgas.<\/strong><br>\nMonitoram, kas ir zem\u0101ks par 1000 eiro, parasti nevar pa\u013cauties uz labu kr\u0101su atveidi standarta pras\u012bb\u0101m.<a href=\"https:\/\/blog.proofs.de\/lv\/lexikon\/farbraum\/\" target=\"_self\" title=\"Kr\u0101su telpa ir balst\u012bta uz kr\u0101su modeli un ir t\u0101 konkr\u0113ts pielietojums kr\u0101so\u0161anas metodei (printerim, ekr\u0101nam utt.). T\u0101p\u0113c taj\u0101 ir iek\u013cautas visas kr\u0101sas, ko faktiski var att\u0113lot ar \u0161o metodi, un attiec\u012bgie materi\u0101li.\" class=\"encyclopedia\">kr\u0101su telpa<\/a> ISOCoated V2 j\u0101kalibr\u0113, jo tam ir p\u0101r\u0101k zems <a href=\"https:\/\/blog.proofs.de\/lv\/lexikon\/farbumfang\/\" target=\"_self\" title=\"Kr\u0101su gamma (ar\u012b: gamma) ietver visu kr\u0101su telpas kr\u0101su kopumu, ko ier\u012bce var atpaz\u012bt (kamera, skeneris) vai atveidot (printeris, monitors). To att\u0113lo k\u0101 kr\u0101su \u0137ermeni.\" class=\"encyclopedia\">Kr\u0101su kl\u0101sts<\/a> ir. Tikai \u012bsti test\u0113\u0161anas monitori ir paredz\u0113ti ar\u012b test\u0113jamu kr\u0101su att\u0113lo\u0161anai un ir piem\u0113roti \u0161im nol\u016bkam. Monitori, kas ir patie\u0161\u0101m piem\u0113roti grafikas vajadz\u012bb\u0101m, parasti ir t\u0101di, kas atbalsta kr\u0101su telpu Adobe-.<a href=\"https:\/\/blog.proofs.de\/lv\/lexikon\/rgb\/\" target=\"_self\" title=\"RGB apz\u012bm\u0113 sarkano, za\u013co un zilo kr\u0101su. Cilv\u0113ka kr\u0101su redzes pamat\u0101 ir \u0161\u012bs kr\u0101sas.\" class=\"encyclopedia\">RGB<\/a> lai segtu gandr\u012bz 100%, maz\u0101k piem\u0113roti ir monitori, kas vismaz aptver maz\u0101ku <a href=\"https:\/\/blog.proofs.de\/lv\/lexikon\/srgb\/\" target=\"_self\" title=\"sRGB ir vispla\u0161\u0101k izmantot\u0101 RGB kr\u0101su telpa. sRGB ir visu l\u0113to digit\u0101lo kameru un skeneru standarta kr\u0101su telpa. Gandr\u012bz katrs 8 bitu RGB fails bez profila birkas atbilst sRGB.\" class=\"encyclopedia\">sRGB<\/a> joproj\u0101m var att\u0113lot kr\u0101su telpu. Ta\u010du da\u017eviet sRGB kr\u0101su telpa ir maz\u0101ka par sRGB kr\u0101su telpu. <a href=\"https:\/\/blog.proofs.de\/lv\/lexikon\/isocoatedv2\/\" target=\"_self\" title=\"ISOCoatedV2 ir vispla\u0161\u0101k izmantotais profils poligr\u0101fijas nozar\u0113 Eirop\u0101. Tas apz\u012bm\u0113 visizplat\u012bt\u0101ko drukas procesu: Ofseta druka uz mat\u0113ta vai glanc\u0113ta att\u0113lu drukas pap\u012bra.\" class=\"encyclopedia\">ISOCoatedV2<\/a>T\u0101p\u0113c ir da\u017ei maz\u0101ki kr\u0101su apgabali, kurus var att\u0113lot uz parauga, bet ne uz monitora.<\/li>\n<li><strong>Monitors ir kalibr\u0113ts r\u016bpn\u012bc\u0101, bet ir iestat\u012bts uz <a href=\"https:\/\/blog.proofs.de\/lv\/lexikon\/d65\/\" target=\"_self\" title=\"D65 ir standarta gaisma ar 6500 Kelv\u012bnu kr\u0101su temperat\u016bru. T\u0101 atbilst vairuma monitoru standarta iestat\u012bjumiem un galvenok\u0101rt tiek izmantota interneta lapu u. c. kr\u0101su saska\u0146o\u0161anai, t. i., medijiem, kas galvenok\u0101rt tiek skat\u012bti monitor\u0101.\" class=\"encyclopedia\">D65<\/a><br>\n<\/strong>Daudziem monitoriem k\u0101 kr\u0101su telpa ir iestat\u012bta sRGB, t\u0101p\u0113c tie tiek kalibr\u0113ti D65 dienas gaismai, jo monitoram ir iestat\u012bta sRGB kr\u0101su telpa un tas tiek r\u0101d\u012bts internet\u0101. Tom\u0113r, lai veiktu saska\u0146o\u0161anu ar p\u0101rbaudi, monitors j\u0101kalibr\u0113 atbilsto\u0161i \u0161\u0101d\u0101m v\u0113rt\u012bb\u0101m. <a href=\"https:\/\/blog.proofs.de\/lv\/lexikon\/d50\/\" target=\"_self\" title=\"D50 ir tipogr\u0101fijas nozares standarta gaisma. Proofus var sal\u012bdzin\u0101t tikai ar D50 standarta gaismu,\" class=\"encyclopedia\">D50<\/a> <a href=\"https:\/\/blog.proofs.de\/lv\/lexikon\/normlicht\/\" target=\"_self\" title=\"Standarta apgaismojums ir defin\u0113ti apgaismojuma apst\u0101k\u013ci, kuros skat\u012bt\u0101ji var vienm\u0113r\u012bgi nov\u0113rot un nov\u0113rt\u0113t izdrukas vai objektus. Svar\u012bg\u0101kais standarta apgaismojums iespied\u0113jiem ir D50 (kr\u0101su temperat\u016bra: 5000 Kelv\u012bnu).\" class=\"encyclopedia\">Standarta gaisma<\/a> kalibr\u0113ts. Tas var izrais\u012bt ar\u012b novirzes starp p\u0101rbaudes izdruku un monitora displeju.<\/li>\n<li><strong>Pier\u0101d\u012bjums nav apskat\u0101ms D50 standarta apgaismojum\u0101<\/strong><\/li>\n<li>\u012apa\u0161i ziem\u0101 apgaismojuma apst\u0101k\u013ci bie\u017ei vien ir slikti. Turkl\u0101t kv\u0113lspuldzes, energotaup\u012bg\u0101s spuldzes un parast\u0101s neona lampas nodro\u0161ina tikai \u013coti v\u0101ju kr\u0101su atveidi. Bez D50 gaismas avota pier\u0101d\u012bjumu ne vienm\u0113r var pareizi nov\u0113rt\u0113t. M\u016bs pa\u0161us bie\u017ei p\u0101rsteidz \u0161\u012bs kr\u0101su izmai\u0146as: M\u0113s samazin\u0101m savu <a href=\"https:\/\/blog.proofs.de\/lv\/lexikon\/proofs\/\" target=\"_self\" title=\"Poligr\u0101fijas nozar\u0113 p\u0101rbaudes izdrukas (vai p\u0101rbaudes izdrukas) attiecas uz drukas rezult\u0101ta kr\u0101su iesie\u0161anu un juridiski saisto\u0161u simul\u0101ciju kontroles nol\u016bkos. Standarts, kas attiecas uz p\u0101rbaudes izdruk\u0101m, ir ISO 12647-7:2016, t. i., 2016. gada pa\u0161reiz\u0113j\u0101 redakcija.\" class=\"encyclopedia\">Pier\u0101d\u012bjumi<\/a> telp\u0101 ar D50 griestu apgaismojumu saska\u0146\u0101 ar pa\u0161reiz\u0113jo <a href=\"https:\/\/blog.proofs.de\/lv\/lexikon\/iso-36642009\/\" target=\"_self\" title=\"ISO 3664:2009 ir ISO standarts, kas nosaka apgaismojuma nosac\u012bjumus kr\u0101su un iespieddarbu vizu\u0101lai nov\u0113rt\u0113\u0161anai pirmsdrukas sagatavo\u0161anas un cit\u0101s jom\u0101s. Lai nodro\u0161in\u0101tu, ka kr\u0101su uztvere notiek standartiz\u0113tos apst\u0101k\u013cos, standart\u0101 defin\u0113ti daudzi apgaismojuma aspekti un aprakst\u012bti \u0161\u0101di aspekti: Apgaismojuma apst\u0101k\u013ci: Standart\u0101 noteiktas \u012bpa\u0161as pras\u012bbas apgaismojumam. Tas ietver...\" class=\"encyclopedia\">ISO 3664:2009<\/a> Standarta, bet pie grie\u0161anas iek\u0101rt\u0101m mums v\u0113l ir galda lampas ar pilnu<a href=\"https:\/\/blog.proofs.de\/lv\/lexikon\/spektrum\/\" target=\"_self\" title='Kolorimetrij\u0101 termins &quot;spektrs&quot; attiecas uz kr\u0101su kopumu redzam\u0101s gaismas diapazon\u0101. Redzam\u0101s gaismas spektrs ir no aptuveni 380 nanometriem (nm) l\u012bdz 750 nm. Tas ietver da\u017e\u0101das nokr\u0101sas, ko m\u0113s varam uztvert, kad gaisma tiek lauzta caur prizmu vai atstarota no optisk\u0101s vides, piem\u0113ram, ekr\u0101na.....' class=\"encyclopedia\">spektrs<\/a>-<a href=\"https:\/\/blog.proofs.de\/lv\/lexikon\/led\/\" target=\"_self\" title='LED ir &quot;gaismu izstarojo\u0161a diode&quot;, un grafikas nozar\u0113 t\u0101 apz\u012bm\u0113 jauno &quot;LED&quot; gaismu, kas ir aizst\u0101jusi vec\u0101kos gaismas avotus, piem\u0113ram, neona lampas un volframa lampas. Neona lampas galvenok\u0101rt paz\u012bstamas no D50 vai D65 standarta gaismas diapazona, savuk\u0101rt volframa gaismas avoti galvenok\u0101rt tika izmantoti kr\u0101su m\u0113r\u012b\u0161anas ier\u012bc\u0113s, piem\u0113ram, spektrofotometros un kolorimetros.....' class=\"encyclopedia\">LED<\/a>-spuldzes, jo \u0161im nol\u016bkam nav standarta apgaismojuma spuld\u017eu, bet mums ir nepiecie\u0161ama \u013coti labi apgaismota darba virsma pie grie\u0161anas ier\u012bces. Ta\u010du, ja v\u0113lamies vizu\u0101li p\u0101rbaud\u012bt izdruku, mums vienm\u0113r j\u0101izmanto m\u016bsu <a href=\"https:\/\/blog.proofs.de\/lv\/lexikon\/just\/\" target=\"_self\" title=\"Just Normlicht GmbH ir paz\u012bstam\u0101kais standarta apgaismojuma risin\u0101jumu ra\u017eot\u0101js poligr\u0101fijas nozar\u0113.\" class=\"encyclopedia\">Tikai<\/a> Normlicht D50 p\u0101rbaudes stacija, kas ir apr\u012bkota ar spilgt\u0101m standarta gaismas caurul\u0113m un aizsarg\u0101 pret dienas gaismu un citiem gaismas avotiem. M\u0113s pa\u0161i bie\u017ei esam p\u0101rsteigti par to, cik at\u0161\u0137ir\u012bga ir kr\u0101su reprodukcija starp mont\u0101\u017eas komplektu un standarta gaismas galdu.<\/li>\n<li><strong>Programmat\u016bras kr\u0101su iestat\u012bjumi ir nepareizi<\/strong><br>\nBie\u017ei vien att\u0113lu redi\u0123\u0113\u0161anas programmat\u016bra, piem\u0113ram, Photoshop, tiek vienk\u0101r\u0161i instal\u0113ta un lietota bez jebk\u0101diem piel\u0101gojumiem. \u0160aj\u0101 proces\u0101 izv\u0113l\u0113t\u0101 <a href=\"https:\/\/blog.proofs.de\/lv\/lexikon\/farbprofil\/\" target=\"_self\" title=\"Kr\u0101su apstr\u0101des ier\u012bces rakstur\u012bg\u0101s iez\u012bmes tiek saglab\u0101tas kr\u0101su profil\u0101.  \u0160\u0101das ier\u012bces var b\u016bt skeneri, printeri un monitori.  Izmantojot kr\u0101su profilus, ir iesp\u0113jams redz\u0113t, k\u0101du kr\u0101su diapazonu ier\u012bce var att\u0113lot.&nbsp;\" class=\"encyclopedia\">Kr\u0101su profils<\/a>e bie\u017ei neatbilst profiliem, kas tiek izmantoti p\u0101rbaudei. Apple-Shift-K Macintosh oper\u0113t\u0101jsist\u0113m\u0101 vai Control-Shift-K Windows oper\u0113t\u0101jsist\u0113m\u0101 par\u0101da profila iestat\u012bjumus Photoshop programm\u0101, kurus bie\u017e\u0101k vajadz\u0113tu p\u0101rbaud\u012bt un piel\u0101got. \u012apa\u0161i korekt\u016br\u0101m, kas tiek veiktas <a href=\"https:\/\/blog.proofs.de\/lv\/lexikon\/naturpapier\/\" target=\"_self\" title=\"Attiecas uz visiem pap\u012briem, kas nav p\u0101rkl\u0101ti ar p\u0101rkl\u0101jumu. Pap\u012bru bez p\u0101rkl\u0101juma sauc ar\u012b par pap\u012bru bez p\u0101rkl\u0101juma.\" class=\"encyclopedia\">Dab\u012bgais pap\u012brs<\/a>Izmantojot att\u0113lu druk\u0101\u0161anas profilu k\u0101 kr\u0101su iestat\u012bjumu, j\u016bsu programmat\u016bra par\u0101d\u012bs pavisam citu rezult\u0101tu, jo dab\u012bgajam pap\u012bram nav tik pies\u0101tin\u0101tu un tum\u0161u kr\u0101su to\u0146u k\u0101 dab\u012bgajam pap\u012bram. <a href=\"https:\/\/blog.proofs.de\/lv\/lexikon\/bilderdruckpapier\/\" target=\"_self\" title=\"Att\u0113lu druk\u0101\u0161anas pap\u012brs (vai ar\u012b m\u0101kslas druk\u0101\u0161anas pap\u012brs) ir abpus\u0113ji p\u0101rkl\u0101ts pap\u012bra veids, kas ir \u013coti izplat\u012bts. Tas ir pieejams da\u017e\u0101d\u0101s gramat\u016br\u0101s, ar mat\u0113tu, sat\u012bna vai sp\u012bd\u012bgu p\u0101rkl\u0101jumu, un ir piem\u0113rots visiem drukas procesiem.\" class=\"encyclopedia\">Att\u0113lu druk\u0101\u0161anas pap\u012brs<\/a> var sasniegt.<\/li>\n<\/ul>\n<p>Visp\u0101r\u012bgi run\u0101jot, par pareizu pier\u0101d\u012bjumu iesnieg\u0161anu uzraudz\u012bt\u0101jam nevar pie\u0161\u0137irt patenta tiesisk\u0101s aizsardz\u012bbas l\u012bdzekli. Tom\u0113r, ja pier\u0101d\u012bjums ar <a href=\"https:\/\/blog.proofs.de\/lv\/lexikon\/ugra\/\" target=\"_self\" title=\"UGRA ir mediju un drukas tehnolo\u0123iju izcil\u012bbas centrs.\" class=\"encyclopedia\">UGRA<\/a>\/<a href=\"https:\/\/blog.proofs.de\/lv\/lexikon\/fogra\/\" target=\"_self\" title=\"Fogra Forschungsgesellschaft Druck e.V., kas atrodas Minhen\u0113.\" class=\"encyclopedia\">Fogra<\/a> <a href=\"https:\/\/blog.proofs.de\/lv\/lexikon\/medienkeil\/\" target=\"_self\" title=\"Multivides \u0137\u012blis ir standartiz\u0113ts testa modelis, ko izmanto poligr\u0101fijas nozar\u0113 un kr\u0101su p\u0101rvald\u012bb\u0101. Multivides \u0137\u012blis sast\u0101v no virknes kr\u0101su pl\u0101ksteru ar zin\u0101m\u0101m kr\u0101su v\u0113rt\u012bb\u0101m un kr\u0101su intensit\u0101ti. To izmanto, lai p\u0101rbaud\u012btu izdruku kr\u0101su precizit\u0101ti un kr\u0101su atveidi, jo \u012bpa\u0161i kalibr\u0113jot kr\u0101su p\u0101rvald\u012bbas sist\u0113mas. Multivides \u0137\u012blis satur virkni kr\u0101su pl\u0101ksteru ar da\u017e\u0101d\u0101m kr\u0101s\u0101m, tostarp...\" class=\"encyclopedia\">Mediju \u0137\u012blis<\/a> <a href=\"https:\/\/blog.proofs.de\/lv\/lexikon\/cmyk\/\" target=\"_self\" title='CMYK apz\u012bm\u0113 \u010detras drukas kr\u0101sas - ci\u0101na, purpura, dzelteno (dzelteno) un &quot;atsl\u0113gu&quot; (melno vai melno da\u013cu).' class=\"encyclopedia\">CMYK<\/a> V3.0 un testa protokolu, ir liela iesp\u0113ja, ka tas \u013coti prec\u012bzi atveidos faila kr\u0101sas. Ja monitora att\u0113ls nesakr\u012bt ar parauga att\u0113lu, k\u013c\u016bda parasti ir saist\u012bta ar k\u0101du no iepriek\u0161 min\u0113tajiem iemesliem. Iepriek\u0161 min\u0113tais c\u0113lo\u0146u saraksts var pal\u012bdz\u0113t jums atrast k\u013c\u016bdu. M\u0113s ar\u012b v\u0113lamies ieteikt <a title=\"Cleverprinting rokasgr\u0101mata PDF\/X un kr\u0101su p\u0101rvald\u012bba\" href=\"https:\/\/web.archive.org\/web\/20250907113830\/https:\/\/www.cleverprinting.de\/pdfx-und-colormanagement-2016\/\">Cleverprinting rokasgr\u0101mata PDF\/X un kr\u0101su p\u0101rvald\u012bba<\/a>ko varat lejupiel\u0101d\u0113t <a href=\"https:\/\/cleverprinting.de\" target=\"_blank\" rel=\"noopener\">Cleverprinting<\/a> bez maksas lejupiel\u0101d\u0113t zemas iz\u0161\u0137irtsp\u0113jas PDF versiju. Taj\u0101 daudzos piem\u0113ros ir skaidri par\u0101d\u012bti pareizas <a href=\"https:\/\/blog.proofs.de\/lv\/lexikon\/farbmanagement\/\" target=\"_self\" title=\"Kr\u0101su p\u0101rvald\u012bbas m\u0113r\u0137is ir nodro\u0161in\u0101t, lai da\u017e\u0101d\u0101s ier\u012bc\u0113s, piem\u0113ram, kamer\u0101s, skeneros, monitoros, l\u0101zerprinteros, tintes, ofseta printeros un daudz\u0101s cit\u0101s, kr\u0101sas tiktu atveidotas p\u0113c iesp\u0113jas l\u012bdz\u012bgi.\" class=\"encyclopedia\">Kr\u0101su p\u0101rvald\u012bba<\/a>.<\/p>","protected":false},"excerpt":{"rendered":"<p>Klienti bie\u017ei vien nav p\u0101rliecin\u0101ti, kad vi\u0146i tur rok\u0101s p\u0101rbaudes dokumentu. \"Att\u0113la p\u0101rbaude ir daudz tum\u0161\u0101ka, nek\u0101 att\u0113ls izskat\u0101s man\u0101 monitor\u0101. K\u0101p\u0113c tas t\u0101 ir? Ko man tagad dar\u012bt?\" Past\u0101v daudzi iesp\u0113jamie iemesli, piem\u0113ram, k\u0101d\u0113\u013c past\u0101v neatbilst\u012bba starp proof un monitora att\u0113lojumu: Monitors nav kalibr\u0113ts Tikai kalibr\u0113ti monitori var prec\u012bzi att\u0113lot kr\u0101sas. Ja es nopirk\u0161u l\u0113tu monitoru un piesl\u0113g\u0161u to savam datoram, noteikti nevar\u0113\u0161u redz\u0113t patiesas kr\u0101sas. Visp\u0101r\u0113js noteikums: tikai aparat\u016bras kalibr\u0113tam monitoram ir iesp\u0113ja ... <\/p>\n<p class=\"read-more-container\"><a title=\"Pier\u0101d\u012bjums ir daudz tum\u0161\u0101ks nek\u0101 att\u0113ls man\u0101 monitor\u0101. K\u0101p\u0113c?\" class=\"read-more button\" href=\"https:\/\/blog.proofs.de\/lv\/der-proof-ist-viel-dunkler-als-das-bild-auf-meinem-monitor-warum\/#more-354\" aria-label=\"Las\u012bt vair\u0101k par Apliecin\u0101jums ir daudz tum\u0161\u0101ks nek\u0101 att\u0113ls man\u0101 monitor\u0101. K\u0101p\u0113c tas t\u0101 ir?\">Las\u012bt vair\u0101k<\/a><\/p>","protected":false},"author":2,"featured_media":0,"comment_status":"open","ping_status":"open","sticky":false,"template":"","format":"standard","meta":{"om_disable_all_campaigns":false,"inline_featured_image":false,"_monsterinsights_skip_tracking":false,"footnotes":""},"categories":[1,435,18,443,441,25,7],"tags":[828,634,533,1218,65,32,21,67,64,655,562,1219,532,47,519,549],"class_list":["post-354","post","type-post","status-publish","format-standard","hentry","category-allgemein","category-farbraeume-und-farbprofile","category-haufige-fragen","category-haeufige-fragen-zu-proofs","category-layout-tipps-und-tricks","category-licht-und-normlicht","category-proof-wissen","tag-adobergb","tag-cleverprinting","tag-d50","tag-d65","tag-darstellung","tag-farbraum","tag-farbverbindlich","tag-farbverbindlichkeit","tag-fehler","tag-gamut","tag-isocoatedv2","tag-kalibration","tag-monitor","tag-normlicht-2","tag-proof","tag-srgb","generate-columns","tablet-grid-50","mobile-grid-100","grid-parent","grid-50","no-featured-image-padding"],"aioseo_notices":[],"aioseo_head":"\n\t\t<!-- All in One SEO 5.0.1.1 - aioseo.com -->\n\t<meta name=\"description\" content=\"Was tun, wenn die Farben auf Monitor und Proof nicht zueinander passen? Dieser Artikel hilft bei der Suche nach Fehlern und Gr\u00fcnden f\u00fcr Farbabweichungen.\" \/>\n\t<meta name=\"robots\" content=\"max-image-preview:large\" \/>\n\t<meta name=\"author\" content=\"Matthias Betz\"\/>\n\t<meta name=\"google-site-verification\" content=\"TuXxyRwxcEg2-WfOaQ8vScWQh3-uBAnxXmY7g3GT90A\" \/>\n\t<meta name=\"keywords\" content=\"proof,monitor,fehler,darstellung,d50,normlicht,farbverbindlich,farbverbindlichkeit,adobergb,cleverprinting,d65,farbraum,gamut,isocoatedv2,kalibration,srgb\" \/>\n\t<link rel=\"canonical\" href=\"https:\/\/blog.proofs.de\/lv\/der-proof-ist-viel-dunkler-als-das-bild-auf-meinem-monitor-warum\/\" \/>\n\t<meta name=\"generator\" content=\"All in One SEO (AIOSEO) 5.0.1.1\" \/>\n\n\t\t<meta name=\"seobility\" content=\"593a8578143db71543f014978c690d47\">\n\t\t<meta property=\"og:locale\" content=\"lv_LV\" \/>\n\t\t<meta property=\"og:site_name\" content=\"Proof.de | Alles zu Proof, Farbmanagement, Grafik, Messtechnik &amp; Co.\" \/>\n\t\t<meta property=\"og:type\" content=\"article\" \/>\n\t\t<meta property=\"og:title\" content=\"Mein Monitor zeigt andere Farben wie der Proof | proof.de\" \/>\n\t\t<meta property=\"og:description\" content=\"Was tun, wenn die Farben auf Monitor und Proof nicht zueinander passen? Dieser Artikel hilft bei der Suche nach Fehlern und Gr\u00fcnden f\u00fcr Farbabweichungen.\" \/>\n\t\t<meta property=\"og:url\" content=\"https:\/\/blog.proofs.de\/lv\/der-proof-ist-viel-dunkler-als-das-bild-auf-meinem-monitor-warum\/\" \/>\n\t\t<meta property=\"og:image\" content=\"https:\/\/blog1.proofen.de\/wp-content\/uploads\/2020\/04\/proof_background.jpg\" \/>\n\t\t<meta property=\"og:image:secure_url\" content=\"https:\/\/blog1.proofen.de\/wp-content\/uploads\/2020\/04\/proof_background.jpg\" \/>\n\t\t<meta property=\"article:published_time\" content=\"2012-12-08T01:55:53+00:00\" \/>\n\t\t<meta property=\"article:modified_time\" content=\"2025-04-08T14:19:36+00:00\" \/>\n\t\t<meta property=\"article:publisher\" content=\"https:\/\/www.facebook.com\/Proof.de\/\" \/>\n\t\t<meta name=\"twitter:card\" content=\"summary\" \/>\n\t\t<meta name=\"twitter:title\" content=\"Mein Monitor zeigt andere Farben wie der Proof | proof.de\" \/>\n\t\t<meta name=\"twitter:description\" content=\"Was tun, wenn die Farben auf Monitor und Proof nicht zueinander passen? Dieser Artikel hilft bei der Suche nach Fehlern und Gr\u00fcnden f\u00fcr Farbabweichungen.\" \/>\n\t\t<meta name=\"twitter:image\" content=\"https:\/\/blog1.proofen.de\/wp-content\/uploads\/2020\/04\/proof_background.jpg\" \/>\n\t\t<script type=\"application\/ld+json\" class=\"aioseo-schema\">\n\t\t\t{\"@context\":\"https:\\\/\\\/schema.org\",\"@graph\":[{\"@type\":\"Article\",\"@id\":\"https:\\\/\\\/blog.proofs.de\\\/lv\\\/der-proof-ist-viel-dunkler-als-das-bild-auf-meinem-monitor-warum\\\/#article\",\"name\":\"Mein Monitor zeigt andere Farben wie der Proof | proof.de\",\"headline\":\"Der Proof ist viel dunkler als das Bild auf meinem Monitor. Warum?\",\"author\":{\"@id\":\"https:\\\/\\\/blog.proofs.de\\\/lv\\\/author\\\/mbetz\\\/#author\"},\"publisher\":{\"@id\":\"https:\\\/\\\/blog.proofs.de\\\/lv\\\/#organization\"},\"image\":{\"@type\":\"ImageObject\",\"url\":\"https:\\\/\\\/blog1.proofen.de\\\/wp-content\\\/uploads\\\/2019\\\/09\\\/logo_proof_rgb_mit_balken_250px.png\",\"@id\":\"https:\\\/\\\/blog.proofs.de\\\/lv\\\/#articleImage\"},\"datePublished\":\"2012-12-08T02:55:53+01:00\",\"dateModified\":\"2025-04-08T16:19:36+02:00\",\"inLanguage\":\"lv\",\"mainEntityOfPage\":{\"@id\":\"https:\\\/\\\/blog.proofs.de\\\/lv\\\/der-proof-ist-viel-dunkler-als-das-bild-auf-meinem-monitor-warum\\\/#webpage\"},\"isPartOf\":{\"@id\":\"https:\\\/\\\/blog.proofs.de\\\/lv\\\/der-proof-ist-viel-dunkler-als-das-bild-auf-meinem-monitor-warum\\\/#webpage\"},\"articleSection\":\"Allgemein, Farbr\\u00e4ume und Farbprofile, H\\u00e4ufige Fragen, H\\u00e4ufige Fragen zu Proofs, Layout Tipps, Licht und Normlicht, Proof Wissen, AdobeRGB, cleverprinting, D50, D65, Darstellung, Farbraum, farbverbindlich, Farbverbindlichkeit, Fehler, GAMUT, ISOCoatedV2, Kalibration, Monitor, Normlicht, Proof, sRGB\"},{\"@type\":\"BreadcrumbList\",\"@id\":\"https:\\\/\\\/blog.proofs.de\\\/lv\\\/der-proof-ist-viel-dunkler-als-das-bild-auf-meinem-monitor-warum\\\/#breadcrumblist\",\"itemListElement\":[{\"@type\":\"ListItem\",\"@id\":\"https:\\\/\\\/blog.proofs.de\\\/lv#listItem\",\"position\":1,\"name\":\"Home\",\"item\":\"https:\\\/\\\/blog.proofs.de\\\/lv\",\"nextItem\":{\"@type\":\"ListItem\",\"@id\":\"https:\\\/\\\/blog.proofs.de\\\/lv\\\/thema\\\/proof-wissen\\\/#listItem\",\"name\":\"Proof Wissen\"}},{\"@type\":\"ListItem\",\"@id\":\"https:\\\/\\\/blog.proofs.de\\\/lv\\\/thema\\\/proof-wissen\\\/#listItem\",\"position\":2,\"name\":\"Proof Wissen\",\"item\":\"https:\\\/\\\/blog.proofs.de\\\/lv\\\/thema\\\/proof-wissen\\\/\",\"nextItem\":{\"@type\":\"ListItem\",\"@id\":\"https:\\\/\\\/blog.proofs.de\\\/lv\\\/thema\\\/proof-wissen\\\/licht-und-normlicht\\\/#listItem\",\"name\":\"Licht und Normlicht\"},\"previousItem\":{\"@type\":\"ListItem\",\"@id\":\"https:\\\/\\\/blog.proofs.de\\\/lv#listItem\",\"name\":\"Home\"}},{\"@type\":\"ListItem\",\"@id\":\"https:\\\/\\\/blog.proofs.de\\\/lv\\\/thema\\\/proof-wissen\\\/licht-und-normlicht\\\/#listItem\",\"position\":3,\"name\":\"Licht und Normlicht\",\"item\":\"https:\\\/\\\/blog.proofs.de\\\/lv\\\/thema\\\/proof-wissen\\\/licht-und-normlicht\\\/\",\"nextItem\":{\"@type\":\"ListItem\",\"@id\":\"https:\\\/\\\/blog.proofs.de\\\/lv\\\/der-proof-ist-viel-dunkler-als-das-bild-auf-meinem-monitor-warum\\\/#listItem\",\"name\":\"Der Proof ist viel dunkler als das Bild auf meinem Monitor. Warum?\"},\"previousItem\":{\"@type\":\"ListItem\",\"@id\":\"https:\\\/\\\/blog.proofs.de\\\/lv\\\/thema\\\/proof-wissen\\\/#listItem\",\"name\":\"Proof Wissen\"}},{\"@type\":\"ListItem\",\"@id\":\"https:\\\/\\\/blog.proofs.de\\\/lv\\\/der-proof-ist-viel-dunkler-als-das-bild-auf-meinem-monitor-warum\\\/#listItem\",\"position\":4,\"name\":\"Der Proof ist viel dunkler als das Bild auf meinem Monitor. Warum?\",\"previousItem\":{\"@type\":\"ListItem\",\"@id\":\"https:\\\/\\\/blog.proofs.de\\\/lv\\\/thema\\\/proof-wissen\\\/licht-und-normlicht\\\/#listItem\",\"name\":\"Licht und Normlicht\"}}]},{\"@type\":\"Organization\",\"@id\":\"https:\\\/\\\/blog.proofs.de\\\/lv\\\/#organization\",\"name\":\"Proof GmbH\",\"description\":\"Farbverbindlicher Proof, Farbproof, Digitalproof und Online-Proof.\",\"url\":\"https:\\\/\\\/blog.proofs.de\\\/lv\\\/\",\"telephone\":\"+4970717952740\",\"logo\":{\"@type\":\"ImageObject\",\"url\":\"https:\\\/\\\/blog1.proofen.de\\\/wp-content\\\/uploads\\\/2019\\\/09\\\/logo_proof_rgb_mit_balken_250px.png\",\"@id\":\"https:\\\/\\\/blog.proofs.de\\\/lv\\\/der-proof-ist-viel-dunkler-als-das-bild-auf-meinem-monitor-warum\\\/#organizationLogo\"},\"image\":{\"@id\":\"https:\\\/\\\/blog.proofs.de\\\/lv\\\/der-proof-ist-viel-dunkler-als-das-bild-auf-meinem-monitor-warum\\\/#organizationLogo\"},\"sameAs\":[\"https:\\\/\\\/www.facebook.com\\\/Proof.de\\\/\",\"https:\\\/\\\/www.instagram.com\\\/proof.de\\\/\",\"https:\\\/\\\/www.tiktok.com\\\/@proof_de\",\"https:\\\/\\\/www.youtube.com\\\/channel\\\/UCk80fQVQ25wC9wu3SywB-Nw\",\"https:\\\/\\\/www.linkedin.com\\\/company\\\/proof-de\"]},{\"@type\":\"Person\",\"@id\":\"https:\\\/\\\/blog.proofs.de\\\/lv\\\/author\\\/mbetz\\\/#author\",\"url\":\"https:\\\/\\\/blog.proofs.de\\\/lv\\\/author\\\/mbetz\\\/\",\"name\":\"Matthias Betz\",\"image\":{\"@type\":\"ImageObject\",\"@id\":\"https:\\\/\\\/blog.proofs.de\\\/lv\\\/der-proof-ist-viel-dunkler-als-das-bild-auf-meinem-monitor-warum\\\/#authorImage\",\"url\":\"https:\\\/\\\/blog.proofs.de\\\/wp-content\\\/uploads\\\/2020\\\/10\\\/matthias-betz-e1603934518350-150x150.png\",\"width\":96,\"height\":96,\"caption\":\"Matthias Betz\"}},{\"@type\":\"WebPage\",\"@id\":\"https:\\\/\\\/blog.proofs.de\\\/lv\\\/der-proof-ist-viel-dunkler-als-das-bild-auf-meinem-monitor-warum\\\/#webpage\",\"url\":\"https:\\\/\\\/blog.proofs.de\\\/lv\\\/der-proof-ist-viel-dunkler-als-das-bild-auf-meinem-monitor-warum\\\/\",\"name\":\"Mein Monitor zeigt andere Farben wie der Proof | proof.de\",\"description\":\"Was tun, wenn die Farben auf Monitor und Proof nicht zueinander passen? Dieser Artikel hilft bei der Suche nach Fehlern und Gr\\u00fcnden f\\u00fcr Farbabweichungen.\",\"inLanguage\":\"lv\",\"isPartOf\":{\"@id\":\"https:\\\/\\\/blog.proofs.de\\\/lv\\\/#website\"},\"breadcrumb\":{\"@id\":\"https:\\\/\\\/blog.proofs.de\\\/lv\\\/der-proof-ist-viel-dunkler-als-das-bild-auf-meinem-monitor-warum\\\/#breadcrumblist\"},\"author\":{\"@id\":\"https:\\\/\\\/blog.proofs.de\\\/lv\\\/author\\\/mbetz\\\/#author\"},\"creator\":{\"@id\":\"https:\\\/\\\/blog.proofs.de\\\/lv\\\/author\\\/mbetz\\\/#author\"},\"datePublished\":\"2012-12-08T02:55:53+01:00\",\"dateModified\":\"2025-04-08T16:19:36+02:00\"},{\"@type\":\"WebSite\",\"@id\":\"https:\\\/\\\/blog.proofs.de\\\/lv\\\/#website\",\"url\":\"https:\\\/\\\/blog.proofs.de\\\/lv\\\/\",\"name\":\"Proof.de\",\"description\":\"Farbverbindlicher Proof, Farbproof, Digitalproof und Online-Proof.\",\"inLanguage\":\"lv\",\"publisher\":{\"@id\":\"https:\\\/\\\/blog.proofs.de\\\/lv\\\/#organization\"}}]}\n\t\t<\/script>\n\t\t<!-- All in One SEO -->\n\n","aioseo_head_json":{"title":"Mans monitors r\u0101da citas kr\u0101sas nek\u0101 pier\u0101d\u012bjums | proof.de","description":"Ko dar\u012bt, ja kr\u0101sas monitor\u0101 un uz ekr\u0101na nesakr\u012bt? \u0160is raksts pal\u012bdz atrast k\u013c\u016bdas un kr\u0101su novir\u017eu iemeslus.","canonical_url":"https:\/\/blog.proofs.de\/lv\/der-proof-ist-viel-dunkler-als-das-bild-auf-meinem-monitor-warum\/","robots":"max-image-preview:large","keywords":"proof,monitor,fehler,darstellung,d50,normlicht,farbverbindlich,farbverbindlichkeit,adobergb,cleverprinting,d65,farbraum,gamut,isocoatedv2,kalibration,srgb","webmasterTools":{"google-site-verification":"TuXxyRwxcEg2-WfOaQ8vScWQh3-uBAnxXmY7g3GT90A","miscellaneous":"&lt;meta name=\"seobility\" content=\"593a8578143db71543f014978c690d47\"&gt;"},"schema":{"@context":"https:\/\/schema.org","@graph":[{"@type":"Article","@id":"https:\/\/blog.proofs.de\/lv\/der-proof-ist-viel-dunkler-als-das-bild-auf-meinem-monitor-warum\/#article","name":"Mein Monitor zeigt andere Farben wie der Proof | proof.de","headline":"Der Proof ist viel dunkler als das Bild auf meinem Monitor. Warum?","author":{"@id":"https:\/\/blog.proofs.de\/lv\/author\/mbetz\/#author"},"publisher":{"@id":"https:\/\/blog.proofs.de\/lv\/#organization"},"image":{"@type":"ImageObject","url":"https:\/\/blog1.proofen.de\/wp-content\/uploads\/2019\/09\/logo_proof_rgb_mit_balken_250px.png","@id":"https:\/\/blog.proofs.de\/lv\/#articleImage"},"datePublished":"2012-12-08T02:55:53+01:00","dateModified":"2025-04-08T16:19:36+02:00","inLanguage":"lv","mainEntityOfPage":{"@id":"https:\/\/blog.proofs.de\/lv\/der-proof-ist-viel-dunkler-als-das-bild-auf-meinem-monitor-warum\/#webpage"},"isPartOf":{"@id":"https:\/\/blog.proofs.de\/lv\/der-proof-ist-viel-dunkler-als-das-bild-auf-meinem-monitor-warum\/#webpage"},"articleSection":"Allgemein, Farbr\u00e4ume und Farbprofile, H\u00e4ufige Fragen, H\u00e4ufige Fragen zu Proofs, Layout Tipps, Licht und Normlicht, Proof Wissen, AdobeRGB, cleverprinting, D50, D65, Darstellung, Farbraum, farbverbindlich, Farbverbindlichkeit, Fehler, GAMUT, ISOCoatedV2, Kalibration, Monitor, Normlicht, Proof, sRGB"},{"@type":"BreadcrumbList","@id":"https:\/\/blog.proofs.de\/lv\/der-proof-ist-viel-dunkler-als-das-bild-auf-meinem-monitor-warum\/#breadcrumblist","itemListElement":[{"@type":"ListItem","@id":"https:\/\/blog.proofs.de\/lv#listItem","position":1,"name":"Home","item":"https:\/\/blog.proofs.de\/lv","nextItem":{"@type":"ListItem","@id":"https:\/\/blog.proofs.de\/lv\/thema\/proof-wissen\/#listItem","name":"Proof Wissen"}},{"@type":"ListItem","@id":"https:\/\/blog.proofs.de\/lv\/thema\/proof-wissen\/#listItem","position":2,"name":"Proof Wissen","item":"https:\/\/blog.proofs.de\/lv\/thema\/proof-wissen\/","nextItem":{"@type":"ListItem","@id":"https:\/\/blog.proofs.de\/lv\/thema\/proof-wissen\/licht-und-normlicht\/#listItem","name":"Licht und Normlicht"},"previousItem":{"@type":"ListItem","@id":"https:\/\/blog.proofs.de\/lv#listItem","name":"Home"}},{"@type":"ListItem","@id":"https:\/\/blog.proofs.de\/lv\/thema\/proof-wissen\/licht-und-normlicht\/#listItem","position":3,"name":"Licht und Normlicht","item":"https:\/\/blog.proofs.de\/lv\/thema\/proof-wissen\/licht-und-normlicht\/","nextItem":{"@type":"ListItem","@id":"https:\/\/blog.proofs.de\/lv\/der-proof-ist-viel-dunkler-als-das-bild-auf-meinem-monitor-warum\/#listItem","name":"Der Proof ist viel dunkler als das Bild auf meinem Monitor. Warum?"},"previousItem":{"@type":"ListItem","@id":"https:\/\/blog.proofs.de\/lv\/thema\/proof-wissen\/#listItem","name":"Proof Wissen"}},{"@type":"ListItem","@id":"https:\/\/blog.proofs.de\/lv\/der-proof-ist-viel-dunkler-als-das-bild-auf-meinem-monitor-warum\/#listItem","position":4,"name":"Der Proof ist viel dunkler als das Bild auf meinem Monitor. Warum?","previousItem":{"@type":"ListItem","@id":"https:\/\/blog.proofs.de\/lv\/thema\/proof-wissen\/licht-und-normlicht\/#listItem","name":"Licht und Normlicht"}}]},{"@type":"Organization","@id":"https:\/\/blog.proofs.de\/lv\/#organization","name":"Proof GmbH","description":"Farbverbindlicher Proof, Farbproof, Digitalproof und Online-Proof.","url":"https:\/\/blog.proofs.de\/lv\/","telephone":"+4970717952740","logo":{"@type":"ImageObject","url":"https:\/\/blog1.proofen.de\/wp-content\/uploads\/2019\/09\/logo_proof_rgb_mit_balken_250px.png","@id":"https:\/\/blog.proofs.de\/lv\/der-proof-ist-viel-dunkler-als-das-bild-auf-meinem-monitor-warum\/#organizationLogo"},"image":{"@id":"https:\/\/blog.proofs.de\/lv\/der-proof-ist-viel-dunkler-als-das-bild-auf-meinem-monitor-warum\/#organizationLogo"},"sameAs":["https:\/\/www.facebook.com\/Proof.de\/","https:\/\/www.instagram.com\/proof.de\/","https:\/\/www.tiktok.com\/@proof_de","https:\/\/www.youtube.com\/channel\/UCk80fQVQ25wC9wu3SywB-Nw","https:\/\/www.linkedin.com\/company\/proof-de"]},{"@type":"Person","@id":"https:\/\/blog.proofs.de\/lv\/author\/mbetz\/#author","url":"https:\/\/blog.proofs.de\/lv\/author\/mbetz\/","name":"Matthias Betz","image":{"@type":"ImageObject","@id":"https:\/\/blog.proofs.de\/lv\/der-proof-ist-viel-dunkler-als-das-bild-auf-meinem-monitor-warum\/#authorImage","url":"https:\/\/blog.proofs.de\/wp-content\/uploads\/2020\/10\/matthias-betz-e1603934518350-150x150.png","width":96,"height":96,"caption":"Matthias Betz"}},{"@type":"WebPage","@id":"https:\/\/blog.proofs.de\/lv\/der-proof-ist-viel-dunkler-als-das-bild-auf-meinem-monitor-warum\/#webpage","url":"https:\/\/blog.proofs.de\/lv\/der-proof-ist-viel-dunkler-als-das-bild-auf-meinem-monitor-warum\/","name":"Mein Monitor zeigt andere Farben wie der Proof | proof.de","description":"Was tun, wenn die Farben auf Monitor und Proof nicht zueinander passen? Dieser Artikel hilft bei der Suche nach Fehlern und Gr\u00fcnden f\u00fcr Farbabweichungen.","inLanguage":"lv","isPartOf":{"@id":"https:\/\/blog.proofs.de\/lv\/#website"},"breadcrumb":{"@id":"https:\/\/blog.proofs.de\/lv\/der-proof-ist-viel-dunkler-als-das-bild-auf-meinem-monitor-warum\/#breadcrumblist"},"author":{"@id":"https:\/\/blog.proofs.de\/lv\/author\/mbetz\/#author"},"creator":{"@id":"https:\/\/blog.proofs.de\/lv\/author\/mbetz\/#author"},"datePublished":"2012-12-08T02:55:53+01:00","dateModified":"2025-04-08T16:19:36+02:00"},{"@type":"WebSite","@id":"https:\/\/blog.proofs.de\/lv\/#website","url":"https:\/\/blog.proofs.de\/lv\/","name":"Proof.de","description":"Farbverbindlicher Proof, Farbproof, Digitalproof und Online-Proof.","inLanguage":"lv","publisher":{"@id":"https:\/\/blog.proofs.de\/lv\/#organization"}}]},"og:locale":"lv_LV","og:site_name":"Proof.de | Alles zu Proof, Farbmanagement, Grafik, Messtechnik &amp; Co.","og:type":"article","og:title":"Mein Monitor zeigt andere Farben wie der Proof | proof.de","og:description":"Was tun, wenn die Farben auf Monitor und Proof nicht zueinander passen? Dieser Artikel hilft bei der Suche nach Fehlern und Gr\u00fcnden f\u00fcr Farbabweichungen.","og:url":"https:\/\/blog.proofs.de\/lv\/der-proof-ist-viel-dunkler-als-das-bild-auf-meinem-monitor-warum\/","og:image":"https:\/\/blog1.proofen.de\/wp-content\/uploads\/2020\/04\/proof_background.jpg","og:image:secure_url":"https:\/\/blog1.proofen.de\/wp-content\/uploads\/2020\/04\/proof_background.jpg","article:published_time":"2012-12-08T01:55:53+00:00","article:modified_time":"2025-04-08T14:19:36+00:00","article:publisher":"https:\/\/www.facebook.com\/Proof.de\/","twitter:card":"summary","twitter:title":"Mein Monitor zeigt andere Farben wie der Proof | proof.de","twitter:description":"Was tun, wenn die Farben auf Monitor und Proof nicht zueinander passen? Dieser Artikel hilft bei der Suche nach Fehlern und Gr\u00fcnden f\u00fcr Farbabweichungen.","twitter:image":"https:\/\/blog1.proofen.de\/wp-content\/uploads\/2020\/04\/proof_background.jpg"},"aioseo_meta_data":{"post_id":"354","title":"Mein Monitor zeigt andere Farben wie der Proof |&nbsp;proof.de&nbsp;&nbsp;","description":"Ko dar\u012bt, ja kr\u0101sas monitor\u0101 un uz ekr\u0101na nesakr\u012bt? \u0160is raksts pal\u012bdz atrast k\u013c\u016bdas un kr\u0101su novir\u017eu iemeslus.","keywords":[{"label":"Proof","value":"Proof"},{"label":"Monitor","value":"Monitor"},{"label":"Fehler","value":"Fehler"},{"label":"Darstellung","value":"Darstellung"},{"label":"D50","value":"D50"},{"label":"Normlicht","value":"Normlicht"},{"label":"Farbverbindlich","value":"Farbverbindlich"},{"label":"Farbverbindlichkeit","value":"Farbverbindlichkeit"}],"keyphrases":{"focus":{"keyphrase":"","score":0,"analysis":{"keyphraseInTitle":{"score":0,"maxScore":9,"error":1}}},"additional":[]},"primary_term":null,"canonical_url":null,"og_title":null,"og_description":null,"og_object_type":"default","og_image_type":"default","og_image_url":null,"og_image_width":null,"og_image_height":null,"og_image_custom_url":null,"og_image_custom_fields":null,"og_video":"","og_custom_url":null,"og_article_section":null,"og_article_tags":null,"twitter_use_og":false,"twitter_card":"default","twitter_image_type":"default","twitter_image_url":null,"twitter_image_custom_url":null,"twitter_image_custom_fields":null,"twitter_title":null,"twitter_description":null,"schema":{"blockGraphs":[],"customGraphs":[],"default":{"data":{"Article":[],"Course":[],"Dataset":[],"FAQPage":[],"Movie":[],"Person":[],"Product":[],"ProductReview":[],"Car":[],"Recipe":[],"Service":[],"SoftwareApplication":[],"WebPage":[]},"graphName":"Article","isEnabled":true},"graphs":[],"defaultGraph":"Article","defaultPostTypeGraph":""},"schema_type":"default","schema_type_options":"{\"article\":{\"articleType\":\"BlogPosting\"},\"course\":{\"name\":\"\",\"description\":\"\",\"provider\":\"\"},\"faq\":{\"pages\":[]},\"product\":{\"reviews\":[]},\"recipe\":{\"ingredients\":[],\"instructions\":[],\"keywords\":[]},\"software\":{\"reviews\":[],\"operatingSystems\":[]},\"webPage\":{\"webPageType\":\"WebPage\"}}","pillar_content":false,"robots_default":true,"robots_noindex":false,"robots_noarchive":false,"robots_nosnippet":false,"robots_nofollow":false,"robots_noimageindex":false,"robots_noodp":false,"robots_notranslate":false,"robots_max_snippet":"-1","robots_max_videopreview":"-1","robots_max_imagepreview":"large","priority":null,"frequency":"default","local_seo":null,"breadcrumb_settings":null,"limit_modified_date":false,"ai":null,"created":"2020-12-21 00:36:00","updated":"2025-06-04 14:12:57","seo_analyzer_scan_date":null,"focus_keyword":null,"additional_keywords":null,"truseo_locale":null},"_links":{"self":[{"href":"https:\/\/blog.proofs.de\/lv\/wp-json\/wp\/v2\/posts\/354","targetHints":{"allow":["GET"]}}],"collection":[{"href":"https:\/\/blog.proofs.de\/lv\/wp-json\/wp\/v2\/posts"}],"about":[{"href":"https:\/\/blog.proofs.de\/lv\/wp-json\/wp\/v2\/types\/post"}],"author":[{"embeddable":true,"href":"https:\/\/blog.proofs.de\/lv\/wp-json\/wp\/v2\/users\/2"}],"replies":[{"embeddable":true,"href":"https:\/\/blog.proofs.de\/lv\/wp-json\/wp\/v2\/comments?post=354"}],"version-history":[{"count":9,"href":"https:\/\/blog.proofs.de\/lv\/wp-json\/wp\/v2\/posts\/354\/revisions"}],"predecessor-version":[{"id":6313,"href":"https:\/\/blog.proofs.de\/lv\/wp-json\/wp\/v2\/posts\/354\/revisions\/6313"}],"wp:attachment":[{"href":"https:\/\/blog.proofs.de\/lv\/wp-json\/wp\/v2\/media?parent=354"}],"wp:term":[{"taxonomy":"category","embeddable":true,"href":"https:\/\/blog.proofs.de\/lv\/wp-json\/wp\/v2\/categories?post=354"},{"taxonomy":"post_tag","embeddable":true,"href":"https:\/\/blog.proofs.de\/lv\/wp-json\/wp\/v2\/tags?post=354"}],"curies":[{"name":"wp","href":"https:\/\/api.w.org\/{rel}","templated":true}]}}