{"id":4236,"date":"2021-04-19T12:29:06","date_gmt":"2021-04-19T10:29:06","guid":{"rendered":"https:\/\/www.proof.de\/?p=4236"},"modified":"2023-07-20T14:01:31","modified_gmt":"2023-07-20T12:01:31","slug":"spektralie-merijumi-ar-lodes-galvas-geometriju-bez-krasu-terminala","status":"publish","type":"post","link":"https:\/\/blog.proofs.de\/lv\/spektralmessungen-mit-kugelkopfgeometrie-fuer-freiefarbe-abgeschlossen\/","title":{"rendered":"Spektr\u0101lie m\u0113r\u012bjumi ar sf\u0113risko galvas \u0123eometriju, lai pabeigtu kr\u0101su br\u012bvas kr\u0101sas m\u0113r\u012bjumus"},"content":{"rendered":"<div class=\"kk-star-ratings kksr-auto kksr-align-right kksr-valign-top\" data-payload='{\"align\":\"right\",\"id\":\"4236\",\"slug\":\"default\",\"valign\":\"top\",\"ignore\":\"\",\"reference\":\"auto\",\"class\":\"\",\"count\":\"0\",\"legendonly\":\"\",\"readonly\":\"\",\"score\":\"0\",\"starsonly\":\"\",\"best\":\"5\",\"gap\":\"5\",\"greet\":\"Jetzt bewerten\",\"legend\":\"0\\\/5 - (0 votes)\",\"size\":\"24\",\"title\":\"Spektralmessungen mit Kugelkopfgeometrie f&uuml;r freieFarbe abgeschlossen\",\"width\":\"0\",\"_legend\":\"{score}\\\/{best} - ({count} {votes})\",\"font_factor\":\"1.25\"}'>\n            \n<div class=\"kksr-stars\">\n    \n<div class=\"kksr-stars-inactive\">\n            <div class=\"kksr-star\" data-star=\"1\" style=\"padding-right: 5px\">\n            \n\n<div class=\"kksr-icon\" style=\"width: 24px; height: 24px;\"><\/div>\n        <\/div>\n            <div class=\"kksr-star\" data-star=\"2\" style=\"padding-right: 5px\">\n            \n\n<div class=\"kksr-icon\" style=\"width: 24px; height: 24px;\"><\/div>\n        <\/div>\n            <div class=\"kksr-star\" data-star=\"3\" style=\"padding-right: 5px\">\n            \n\n<div class=\"kksr-icon\" style=\"width: 24px; height: 24px;\"><\/div>\n        <\/div>\n            <div class=\"kksr-star\" data-star=\"4\" style=\"padding-right: 5px\">\n            \n\n<div class=\"kksr-icon\" style=\"width: 24px; height: 24px;\"><\/div>\n        <\/div>\n            <div class=\"kksr-star\" data-star=\"5\" style=\"padding-right: 5px\">\n            \n\n<div class=\"kksr-icon\" style=\"width: 24px; height: 24px;\"><\/div>\n        <\/div>\n    <\/div>\n    \n<div class=\"kksr-stars-active\" style=\"width: 0px;\">\n            <div class=\"kksr-star\" style=\"padding-right: 5px\">\n            \n\n<div class=\"kksr-icon\" style=\"width: 24px; height: 24px;\"><\/div>\n        <\/div>\n            <div class=\"kksr-star\" style=\"padding-right: 5px\">\n            \n\n<div class=\"kksr-icon\" style=\"width: 24px; height: 24px;\"><\/div>\n        <\/div>\n            <div class=\"kksr-star\" style=\"padding-right: 5px\">\n            \n\n<div class=\"kksr-icon\" style=\"width: 24px; height: 24px;\"><\/div>\n        <\/div>\n            <div class=\"kksr-star\" style=\"padding-right: 5px\">\n            \n\n<div class=\"kksr-icon\" style=\"width: 24px; height: 24px;\"><\/div>\n        <\/div>\n            <div class=\"kksr-star\" style=\"padding-right: 5px\">\n            \n\n<div class=\"kksr-icon\" style=\"width: 24px; height: 24px;\"><\/div>\n        <\/div>\n    <\/div>\n<\/div>\n                \n\n<div class=\"kksr-legend\" style=\"font-size: 19.2px;\">\n            <span class=\"kksr-muted\">Nov\u0113rt\u0113jiet tagad<\/span>\n    <\/div>\n    <\/div>\n\n<p class=\"wp-block-paragraph translation-block\">Pag\u0101ju\u0161\u0101 gada beig\u0101s T\u012bbingen\u0101 m\u0113s veic\u0101m vair\u0101k nek\u0101 46 000 spektr\u0101lo m\u0113r\u012bjumu, izmantojot KonicaMinolta CM-26d, lai analiz\u0113tu divus br\u012bvo kr\u0101su <a href=\"https:\/\/blog1.proofen.de\/es\/lexico-2\/cielab\/\" target=\"_self\" class=\"encyclopedia tooltipstered\">CIELAB<\/a> <a href=\"https:\/\/blog1.proofen.de\/es\/lexico-2\/hlc\/\" target=\"_self\" class=\"encyclopedia tooltipstered\">HLC<\/a>, lai kr\u0101su atlantus XL pusmat\u0101 un mat\u0113t\u0101 kr\u0101s\u0101 padar\u012btu lab\u0101k izmantojamus cit\u0101s nozar\u0113s, kas nav poligr\u0101fija.<\/p>\n\n\n\n<p class=\"wp-block-paragraph translation-block\">P\u0113c tam, kad Holgers Everdings un Matiass Betcs (Matthias Betz) no MatchMyColor B\u0101zel\u0113 jau pag\u0101ju\u0161aj\u0101 gad\u0101 bija pabeigu\u0161i pirmo m\u0113r\u012bjumu s\u0113riju ar klasisko br\u012bvkr\u0101su HLC kr\u0101su atlantu ar nedaudz vair\u0101k nek\u0101 2000 kr\u0101su plankumiem, tagad T\u012bbingen\u0101 ir izm\u0113r\u012bti aptuveni 23 000 kr\u0101su plankumi, reiz <a href=\"https:\/\/blog1.proofen.de\/es\/lexico-2\/opp\/\" target=\"_self\" class=\"encyclopedia tooltipstered\">opp<\/a>elt, kad <a href=\"https:\/\/blog1.proofen.de\/es\/lexico-2\/sci\/\" target=\"_self\" class=\"encyclopedia tooltipstered\">SCI<\/a> un vienreiz <a href=\"https:\/\/blog1.proofen.de\/es\/lexico-2\/sce\/\" target=\"_self\" class=\"encyclopedia tooltipstered\">SCE<\/a>, t. i., ar un bez \"Spekularo komponenta\" vai ar un bez <a href=\"https:\/\/blog1.proofen.de\/es\/lexico-2\/lustre\/\" target=\"_self\" class=\"encyclopedia tooltipstered\">gloss<\/a> iek\u013cau\u0161anas. Febru\u0101r\u012b freieFarbe ietvaros tika izplat\u012btas un p\u0101rbaud\u012btas 46 000 spektrisko datu kopas, un dr\u012bzum\u0101 t\u0101s b\u016bs pieejamas visiem lietot\u0101jiem, lai bez maksas lejupiel\u0101d\u0113tu caur freieFarbe vai MatchMyColor Colibri.<\/p>\n\n\n\n<figure class=\"wp-block-embed is-type-video is-provider-youtube wp-block-embed-youtube wp-embed-aspect-16-9 wp-has-aspect-ratio\"><div class=\"wp-block-embed__wrapper\">\n<iframe loading=\"lazy\" hcb-fetch-image-from=\"https:\/\/youtu.be\/htkl-Z8JfcQ\" title=\"Konica Minolta spektrofotometrs CM-26dG s\u0113rija\" width=\"1200\" height=\"675\" src=\"https:\/\/www.youtube.com\/embed\/htkl-Z8JfcQ?feature=oembed\" frameborder=\"0\" allow=\"accelerometer; autoplay; clipboard-write; encrypted-media; gyroscope; picture-in-picture; web-share\" allowfullscreen><\/iframe>\n<\/div><\/figure>\n\n\n\n<p class=\"wp-block-paragraph translation-block\">M\u0113r\u012bjumi ar 45\/2\u00b0 m\u0113r\u012b\u0161anas \u0123eometriju, ko parasti izmanto poligr\u0101fijas nozar\u0113, jau ir pabeigti un public\u0113ti vair\u0101k nek\u0101 2 gadus, bet par <a href=\"https:\/\/blog1.proofen.de\/es\/lexico-2\/dispositivo-de-medicion-de-cabeza-esferica\/\" target=\"_self\" class=\"encyclopedia tooltipstered\">pap\u012bra galvas m\u0113r\u012b\u0161anas ier\u012bci<\/a>e de:8\u00b0 le\u0146\u0137\u012b saska\u0146\u0101 ar DIN5033-7, JIS Z 8722c, ISO7724\/1, CIE Nr. 15 l\u012bdz \u0161im nebija pieejami nek\u0101di spektr\u0101lie dati. \u0160\u0101das m\u0113rier\u012bces pla\u0161i izmanto kr\u0101su un laku r\u016bpniec\u012bb\u0101, standartiz\u0101cij\u0101 un daudz\u0101s cit\u0101s nozar\u0113s, un l\u012bdz \u0161im tr\u016bka saiknes starp bezmaksas kr\u0101su CIE<a href=\"https:\/\/blog1.proofen.de\/es\/lexico-2\/laboratorio\/\" target=\"_self\" class=\"encyclopedia tooltipstered\">LAB<\/a> HLC kr\u0101su atlantu XL no poligr\u0101fijas nozares un kr\u0101su lietojumiem \u0161aj\u0101s uz lodveida galv\u0101m orient\u0113taj\u0101s nozar\u0113s. Tagad \u0161\u012b plaisa ir nov\u0113rsta.<\/p>\n\n\n\n<p class=\"wp-block-paragraph translation-block\">Sf\u0113riskos<a href=\"https:\/\/blog1.proofen.de\/es\/lexico-2\/espectrofotometro\/\" target=\"_self\" class=\"encyclopedia tooltipstered\">spektrofotometrus<\/a> galvenok\u0101rt izmanto <a href=\"https:\/\/blog1.proofen.de\/es\/lexico-2\/medicion-del-color\/\" target=\"_self\" class=\"encyclopedia tooltipstered\">kr\u0101su m\u0113r\u012bjumiem<\/a> uz sp\u012bd\u012bg\u0101m un atstarojo\u0161\u0101m virsm\u0101m. Paraugu izklied\u0113ti apgaismo no visiem le\u0146\u0137iem, izmantojot speci\u0101las lampas. M\u0113r\u012bjumus veic nevis vertik\u0101li k\u0101, piem\u0113ram, ar i1 Pro2, bet gan 8 gr\u0101du le\u0146\u0137\u012b. M\u016bsu m\u0113r\u012bjumos m\u0113s paral\u0113li izmantoj\u0101m divus m\u0113r\u012bjumu re\u017e\u012bmus: <a href=\"https:\/\/blog1.proofen.de\/es\/lexico-2\/gire\/\" target=\"_self\" class=\"encyclopedia tooltipstered\">SPIN<\/a> vai SCI un <a href=\"https:\/\/blog1.proofen.de\/es\/lexico-2\/spex\/\" target=\"_self\" class=\"encyclopedia tooltipstered\">SPEX<\/a> vai SCE. \u0160ie divi sa\u012bsin\u0101jumi apz\u012bm\u0113 \"Specular included\" un \"Specular excluded\". SPIN m\u0113r\u012b\u0161anas re\u017e\u012bm\u0101 t\u0101 saukt\u0101 \"sp\u012bduma<a href=\"https:\/\/blog1.proofen.de\/es\/lexico-2\/zfa\/\" target=\"_self\" class=\"encyclopedia tooltipstered\">zfa<\/a>lle\" CM 26d ir sl\u0113gta; SPEX re\u017e\u012bm\u0101 sp\u012bduma slazds ir atv\u0113rts, t\u0101p\u0113c sp\u012bduma komponente var izk\u013c\u016bt no sf\u0113ras un t\u0101p\u0113c netiek m\u0113r\u012bta.<\/p>\n\n\n\n<p class=\"wp-block-paragraph translation-block\">Tas noz\u012bm\u0113, ka HLC kr\u0101su atlanta spektr\u0101lo datu lietot\u0101jiem vienm\u0113r ir pieejama visa atstarot\u0101 gaisma, t. i., kr\u0101sa un sp\u012bdums, vai tikai kr\u0101sa bez sp\u012bduma. Attiec\u012bb\u0101 uz pusmat\u0113jumu, uz <a href=\"https:\/\/blog1.proofen.de\/es\/lexico-2\/gmg\/\" target=\"_self\" class=\"encyclopedia tooltipstered\">GMG<\/a> <a href=\"https:\/\/blog1.proofen.de\/es\/lexico-2\/prueba\/\" target=\"_self\" class=\"encyclopedia tooltipstered\">Proof<\/a> Media premium semiMatte 250, kas ra\u017eots uz br\u012bvkr\u0101sas HLC atlanta, sp\u012bduma komponente, protams, ir ar sp\u0113c\u012bg\u0101ku efektu nek\u0101 mat\u0113ta atlanta gad\u012bjum\u0101, kas ra\u017eots uz GMG ProofPaper Matte 140.<\/p>\n\n\n\n<p class=\"wp-block-paragraph\">Spektr\u0101lie dati tuv\u0101kaj\u0101 laik\u0101 tiks public\u0113ti lejupl\u0101d\u0113\u0161anai vietn\u0113 freieFarbe.de.<\/p>\n\n\n\n<h2 class=\"wp-block-heading\">\u0160eit ir da\u017ei att\u0113li no freieFarbe CIELAB HLC atlanta lapu kalibr\u0113\u0161anas.<\/h2>\n\n\n\n<figure class=\"wp-block-gallery has-nested-images columns-default is-cropped wp-block-gallery-2 is-layout-flex wp-block-gallery-is-layout-flex\">\n<figure class=\"wp-block-image size-large\"><a href=\"https:\/\/blog1.proofen.de\/wp-content\/uploads\/2021\/11\/proof-de_freieFarbe-CIELAB-HLC-ColourAtlas-scaled.jpeg\"><img loading=\"lazy\" decoding=\"async\" width=\"1024\" height=\"683\" data-id=\"4384\" src=\"https:\/\/blog1.proofen.de\/wp-content\/uploads\/2021\/11\/proof-de_freieFarbe-CIELAB-HLC-ColourAtlas-1024x683.jpeg\" alt=\"Proof.de: Gadu mij\u0101 Proof GmbH kalibr\u0113ja pusmat\u0113tu un mat\u0113tu br\u012bvo kr\u0101su CIELAB HLC ColourAtlas, izmantojot sf\u0113risk\u0101s galvas m\u0113r\u012b\u0161anas ier\u012bci, kopum\u0101 veicot aptuveni 46 t\u016bksto\u0161us m\u0113r\u012bjumu.\" class=\"wp-image-4384\" srcset=\"https:\/\/blog.proofs.de\/wp-content\/uploads\/2021\/11\/proof-de_freieFarbe-CIELAB-HLC-ColourAtlas-1024x683.jpeg 1024w, https:\/\/blog.proofs.de\/wp-content\/uploads\/2021\/11\/proof-de_freieFarbe-CIELAB-HLC-ColourAtlas-300x200.jpeg 300w, https:\/\/blog.proofs.de\/wp-content\/uploads\/2021\/11\/proof-de_freieFarbe-CIELAB-HLC-ColourAtlas-768x512.jpeg 768w, https:\/\/blog.proofs.de\/wp-content\/uploads\/2021\/11\/proof-de_freieFarbe-CIELAB-HLC-ColourAtlas-1536x1024.jpeg 1536w, https:\/\/blog.proofs.de\/wp-content\/uploads\/2021\/11\/proof-de_freieFarbe-CIELAB-HLC-ColourAtlas-2048x1365.jpeg 2048w\" sizes=\"auto, (max-width: 1024px) 100vw, 1024px\"><\/a><\/figure>\n\n\n\n<figure class=\"wp-block-image size-large\"><a href=\"https:\/\/blog1.proofen.de\/wp-content\/uploads\/2021\/11\/proof-de_Matthias-Betz-testet-Einmessen-freieFarbe-CIELAB-HLC-ColourAtlas-mit-KonicaMinolta-CM26d-scaled.jpeg\"><img loading=\"lazy\" decoding=\"async\" width=\"1024\" height=\"683\" data-id=\"4386\" src=\"https:\/\/blog1.proofen.de\/wp-content\/uploads\/2021\/11\/proof-de_Matthias-Betz-testet-Einmessen-freieFarbe-CIELAB-HLC-ColourAtlas-mit-KonicaMinolta-CM26d-1024x683.jpeg\" alt=\"Proof.de: Matiass Betcs (Matthias Betz) p\u0101rbauda m\u0113r\u012bjumus ar KonicaMinolta CM26d sf\u0113risk\u0101s galvas spektr\u0101l\u0101s m\u0113r\u012b\u0161anas ier\u012bci ar SCI un SCE m\u0113r\u012bjumiem kop\u0101 ar Proof GmbH: Ar CK-26d ir iesp\u0113jams caur atlok\u0101mu atloku, ko var atb\u012bd\u012bt atpaka\u013c, skat\u012bties tie\u0161i integr\u0101cijas sf\u0113r\u0101 un t\u0101d\u0113j\u0101di v\u0113lreiz vizu\u0101li p\u0101rbaud\u012bt m\u0113r\u012bjumu sekciju caur sf\u0113ru.\" class=\"wp-image-4386\" srcset=\"https:\/\/blog.proofs.de\/wp-content\/uploads\/2021\/11\/proof-de_Matthias-Betz-testet-Einmessen-freieFarbe-CIELAB-HLC-ColourAtlas-mit-KonicaMinolta-CM26d-1024x683.jpeg 1024w, https:\/\/blog.proofs.de\/wp-content\/uploads\/2021\/11\/proof-de_Matthias-Betz-testet-Einmessen-freieFarbe-CIELAB-HLC-ColourAtlas-mit-KonicaMinolta-CM26d-300x200.jpeg 300w, https:\/\/blog.proofs.de\/wp-content\/uploads\/2021\/11\/proof-de_Matthias-Betz-testet-Einmessen-freieFarbe-CIELAB-HLC-ColourAtlas-mit-KonicaMinolta-CM26d-768x512.jpeg 768w, https:\/\/blog.proofs.de\/wp-content\/uploads\/2021\/11\/proof-de_Matthias-Betz-testet-Einmessen-freieFarbe-CIELAB-HLC-ColourAtlas-mit-KonicaMinolta-CM26d-1536x1024.jpeg 1536w, https:\/\/blog.proofs.de\/wp-content\/uploads\/2021\/11\/proof-de_Matthias-Betz-testet-Einmessen-freieFarbe-CIELAB-HLC-ColourAtlas-mit-KonicaMinolta-CM26d-2048x1365.jpeg 2048w\" sizes=\"auto, (max-width: 1024px) 100vw, 1024px\"><\/a><\/figure>\n\n\n\n<figure class=\"wp-block-image size-large\"><a href=\"https:\/\/blog1.proofen.de\/wp-content\/uploads\/2021\/11\/proof-de_freieFarbe-CIELAB-HLC-ColourAtlas-wird-mit-KonicaMinolta-CM26d-von-Mitarbeiter-eingemessen-scaled.jpeg\"><img loading=\"lazy\" decoding=\"async\" width=\"1024\" height=\"683\" data-id=\"4383\" src=\"https:\/\/blog1.proofen.de\/wp-content\/uploads\/2021\/11\/proof-de_freieFarbe-CIELAB-HLC-ColourAtlas-wird-mit-KonicaMinolta-CM26d-von-Mitarbeiter-eingemessen-1024x683.jpeg\" alt=\"Proof.de: Proof GmbH darbinieks veic m\u0113r\u012bjumus ar KonicaMinolta CM26d sf\u0113risko galvas spektrometru ar SCI un SCE bezmaksas kr\u0101su atlanta mat\u0113tajai un da\u013c\u0113ji mat\u0113tajai versijai.\" class=\"wp-image-4383\" srcset=\"https:\/\/blog.proofs.de\/wp-content\/uploads\/2021\/11\/proof-de_freieFarbe-CIELAB-HLC-ColourAtlas-wird-mit-KonicaMinolta-CM26d-von-Mitarbeiter-eingemessen-1024x683.jpeg 1024w, https:\/\/blog.proofs.de\/wp-content\/uploads\/2021\/11\/proof-de_freieFarbe-CIELAB-HLC-ColourAtlas-wird-mit-KonicaMinolta-CM26d-von-Mitarbeiter-eingemessen-300x200.jpeg 300w, https:\/\/blog.proofs.de\/wp-content\/uploads\/2021\/11\/proof-de_freieFarbe-CIELAB-HLC-ColourAtlas-wird-mit-KonicaMinolta-CM26d-von-Mitarbeiter-eingemessen-768x512.jpeg 768w, https:\/\/blog.proofs.de\/wp-content\/uploads\/2021\/11\/proof-de_freieFarbe-CIELAB-HLC-ColourAtlas-wird-mit-KonicaMinolta-CM26d-von-Mitarbeiter-eingemessen-1536x1024.jpeg 1536w, https:\/\/blog.proofs.de\/wp-content\/uploads\/2021\/11\/proof-de_freieFarbe-CIELAB-HLC-ColourAtlas-wird-mit-KonicaMinolta-CM26d-von-Mitarbeiter-eingemessen-2048x1365.jpeg 2048w\" sizes=\"auto, (max-width: 1024px) 100vw, 1024px\"><\/a><\/figure>\n\n\n\n<figure class=\"wp-block-image size-large\"><a href=\"https:\/\/blog1.proofen.de\/wp-content\/uploads\/2021\/11\/proof-de_freieFarbe-CIELAB-HLC-ColourAtlas-wird-mit-KonicaMinolta-CM26d-eingemessen-scaled.jpeg\"><img loading=\"lazy\" decoding=\"async\" width=\"1024\" height=\"683\" data-id=\"4381\" src=\"https:\/\/blog1.proofen.de\/wp-content\/uploads\/2021\/11\/proof-de_freieFarbe-CIELAB-HLC-ColourAtlas-wird-mit-KonicaMinolta-CM26d-eingemessen-1024x683.jpeg\" alt=\"Proof.de: Proof GmbH kalibr\u0113ja da\u013c\u0113ji mat\u0113tu un mat\u0113tu br\u012bvo kr\u0101su CIELAB HLC ColourAtlas ar sf\u0113risko galvas m\u0113r\u012bt\u0101ju, kopum\u0101 veicot aptuveni 46 t\u016bksto\u0161us m\u0113r\u012bjumu.\" class=\"wp-image-4381\" srcset=\"https:\/\/blog.proofs.de\/wp-content\/uploads\/2021\/11\/proof-de_freieFarbe-CIELAB-HLC-ColourAtlas-wird-mit-KonicaMinolta-CM26d-eingemessen-1024x683.jpeg 1024w, https:\/\/blog.proofs.de\/wp-content\/uploads\/2021\/11\/proof-de_freieFarbe-CIELAB-HLC-ColourAtlas-wird-mit-KonicaMinolta-CM26d-eingemessen-300x200.jpeg 300w, https:\/\/blog.proofs.de\/wp-content\/uploads\/2021\/11\/proof-de_freieFarbe-CIELAB-HLC-ColourAtlas-wird-mit-KonicaMinolta-CM26d-eingemessen-768x512.jpeg 768w, https:\/\/blog.proofs.de\/wp-content\/uploads\/2021\/11\/proof-de_freieFarbe-CIELAB-HLC-ColourAtlas-wird-mit-KonicaMinolta-CM26d-eingemessen-1536x1024.jpeg 1536w, https:\/\/blog.proofs.de\/wp-content\/uploads\/2021\/11\/proof-de_freieFarbe-CIELAB-HLC-ColourAtlas-wird-mit-KonicaMinolta-CM26d-eingemessen-2048x1365.jpeg 2048w\" sizes=\"auto, (max-width: 1024px) 100vw, 1024px\"><\/a><\/figure>\n\n\n\n<figure class=\"wp-block-image size-large\"><a href=\"https:\/\/blog1.proofen.de\/wp-content\/uploads\/2021\/11\/proof-de_freieFarbe-CIELAB-HLC-ColourAtlas-wird-mit-KonicaMinolta-CM26d-eingemessen_3-scaled.jpeg\"><img loading=\"lazy\" decoding=\"async\" width=\"1024\" height=\"683\" data-id=\"4380\" src=\"https:\/\/blog1.proofen.de\/wp-content\/uploads\/2021\/11\/proof-de_freieFarbe-CIELAB-HLC-ColourAtlas-wird-mit-KonicaMinolta-CM26d-eingemessen_3-1024x683.jpeg\" alt=\"Proof.de: Proof GmbH m\u0113ra da\u013c\u0113ji mat\u0113tu kr\u0101su CIELAB HLC ColourAtlas ar KonicaMinolta lodveida galvas m\u0113r\u012bt\u0101ju.\" class=\"wp-image-4380\" srcset=\"https:\/\/blog.proofs.de\/wp-content\/uploads\/2021\/11\/proof-de_freieFarbe-CIELAB-HLC-ColourAtlas-wird-mit-KonicaMinolta-CM26d-eingemessen_3-1024x683.jpeg 1024w, https:\/\/blog.proofs.de\/wp-content\/uploads\/2021\/11\/proof-de_freieFarbe-CIELAB-HLC-ColourAtlas-wird-mit-KonicaMinolta-CM26d-eingemessen_3-300x200.jpeg 300w, https:\/\/blog.proofs.de\/wp-content\/uploads\/2021\/11\/proof-de_freieFarbe-CIELAB-HLC-ColourAtlas-wird-mit-KonicaMinolta-CM26d-eingemessen_3-768x512.jpeg 768w, https:\/\/blog.proofs.de\/wp-content\/uploads\/2021\/11\/proof-de_freieFarbe-CIELAB-HLC-ColourAtlas-wird-mit-KonicaMinolta-CM26d-eingemessen_3-1536x1024.jpeg 1536w, https:\/\/blog.proofs.de\/wp-content\/uploads\/2021\/11\/proof-de_freieFarbe-CIELAB-HLC-ColourAtlas-wird-mit-KonicaMinolta-CM26d-eingemessen_3-2048x1365.jpeg 2048w\" sizes=\"auto, (max-width: 1024px) 100vw, 1024px\"><\/a><\/figure>\n<\/figure>","protected":false},"excerpt":{"rendered":"<p>Pag\u0101ju\u0161\u0101 gada beig\u0101s T\u012bbingen\u0101 m\u0113s veic\u0101m vair\u0101k nek\u0101 46 000 spektr\u0101lo m\u0113r\u012bjumu ar KonicaMinolta CM-26d, lai abus br\u012bvkr\u0101su kr\u0101su atlantus CIELAB HLC XL pusmat\u0113t\u0101 un mat\u0113t\u0101 kr\u0101s\u0101 lab\u0101k izmantotu ar\u012b cit\u0101s nozar\u0113s, ne tikai poligr\u0101fijas nozar\u0113. P\u0113c tam, kad Holgers Everdings (Holger Everding) un Matiass Betcs (Matthias Betz) pag\u0101ju\u0161aj\u0101 gad\u0101 pabeidza pirmo m\u0113r\u012bjumu s\u0113riju MatchMyColor centr\u0101 B\u0101zel\u0113, izmantojot klasisko br\u012bvkr\u0101su HLC kr\u0101su atlantu ar nedaudz vair\u0101k nek\u0101 2000 kr\u0101su plankumiem, tagad T\u012bbingen\u0101 divreiz ir veikti aptuveni 23 000 kr\u0101su plankumu m\u0113r\u012bjumi - vienu reizi SCI un vienu reizi SCE, t. i., ar un bez \"spogu\u013ckomponenta\"... <\/p>\n<p class=\"read-more-container\"><a title=\"Spektr\u0101lie m\u0113r\u012bjumi ar sf\u0113risko galvas \u0123eometriju, lai pabeigtu kr\u0101su br\u012bvas kr\u0101sas m\u0113r\u012bjumus\" class=\"read-more button\" href=\"https:\/\/blog.proofs.de\/lv\/spektralmessungen-mit-kugelkopfgeometrie-fuer-freiefarbe-abgeschlossen\/#more-4236\" aria-label=\"Uzzin\u0101t vair\u0101k par Spektr\u0101lie m\u0113r\u012bjumi ar sf\u0113risko galvas \u0123eometriju br\u012bvas kr\u0101sas papildin\u0101\u0161anai\">Las\u012bt vair\u0101k<\/a><\/p>","protected":false},"author":2,"featured_media":4383,"comment_status":"open","ping_status":"open","sticky":false,"template":"","format":"standard","meta":{"om_disable_all_campaigns":false,"inline_featured_image":false,"_monsterinsights_skip_tracking":false,"footnotes":""},"categories":[1],"tags":[1224,1223,1221,1222,679,950,680,1229,1220,1228,1227,1225,1226],"class_list":["post-4236","post","type-post","status-publish","format-standard","has-post-thumbnail","hentry","category-allgemein","tag-45-0","tag-45-2","tag-1221","tag-d8","tag-freiefarbe","tag-freiefarbe-cielab-hlc-colour-atlas","tag-freiefarbe-e-v","tag-konicaminolta","tag-kugelkopfmessgeraet","tag-sce","tag-sci","tag-spex","tag-spin","generate-columns","tablet-grid-50","mobile-grid-100","grid-parent","grid-50","no-featured-image-padding","resize-featured-image"],"aioseo_notices":[],"aioseo_head":"\n\t\t<!-- All in One SEO 5.0.1.1 - aioseo.com -->\n\t<meta name=\"description\" content=\"Wir haben \u00fcber 46.000 spektrale Messungen mit einem Kugelkopfmessger\u00e4t vorgenommen, um den freieFarbe CIELAB HLC Farbatlas XL in D 8\u00b0 Messgeometrie zu erfassen.\" \/>\n\t<meta name=\"robots\" content=\"max-image-preview:large\" \/>\n\t<meta name=\"author\" content=\"Matthias Betz\"\/>\n\t<meta name=\"google-site-verification\" content=\"TuXxyRwxcEg2-WfOaQ8vScWQh3-uBAnxXmY7g3GT90A\" \/>\n\t<meta name=\"keywords\" content=\"45\/0,45\/2\u00b0,8\u00b0,d8,freiefarbe,freiefarbe cielab hlc colour atlas,freiefarbe e.v.,konicaminolta,kugelkopfmessger\u00e4t,sce,sci,spex,spin\" \/>\n\t<link rel=\"canonical\" href=\"https:\/\/blog.proofs.de\/lv\/spektralmessungen-mit-kugelkopfgeometrie-fuer-freiefarbe-abgeschlossen\/\" \/>\n\t<meta name=\"generator\" content=\"All in One SEO (AIOSEO) 5.0.1.1\" \/>\n\n\t\t<meta name=\"seobility\" content=\"593a8578143db71543f014978c690d47\">\n\t\t<meta property=\"og:locale\" content=\"lv_LV\" \/>\n\t\t<meta property=\"og:site_name\" content=\"Proof.de | Alles zu Proof, Farbmanagement, Grafik, Messtechnik &amp; Co.\" \/>\n\t\t<meta property=\"og:type\" content=\"article\" \/>\n\t\t<meta property=\"og:title\" content=\"Spektralmessungen mit Kugelkopfgeometrie | proof.de\" \/>\n\t\t<meta property=\"og:description\" content=\"Wir haben \u00fcber 46.000 spektrale Messungen mit einem Kugelkopfmessger\u00e4t vorgenommen, um den freieFarbe CIELAB HLC Farbatlas XL in D 8\u00b0 Messgeometrie zu erfassen.\" \/>\n\t\t<meta property=\"og:url\" content=\"https:\/\/blog.proofs.de\/lv\/spektralmessungen-mit-kugelkopfgeometrie-fuer-freiefarbe-abgeschlossen\/\" \/>\n\t\t<meta property=\"og:image\" content=\"https:\/\/blog.proofs.de\/wp-content\/uploads\/2021\/11\/proof-de_freieFarbe-CIELAB-HLC-ColourAtlas-wird-mit-KonicaMinolta-CM26d-von-Mitarbeiter-eingemessen-scaled.jpeg\" \/>\n\t\t<meta property=\"og:image:secure_url\" content=\"https:\/\/blog.proofs.de\/wp-content\/uploads\/2021\/11\/proof-de_freieFarbe-CIELAB-HLC-ColourAtlas-wird-mit-KonicaMinolta-CM26d-von-Mitarbeiter-eingemessen-scaled.jpeg\" \/>\n\t\t<meta property=\"og:image:width\" content=\"2560\" \/>\n\t\t<meta property=\"og:image:height\" content=\"1707\" \/>\n\t\t<meta property=\"article:published_time\" content=\"2021-04-19T10:29:06+00:00\" \/>\n\t\t<meta property=\"article:modified_time\" content=\"2023-07-20T12:01:31+00:00\" \/>\n\t\t<meta property=\"article:publisher\" content=\"https:\/\/www.facebook.com\/Proof.de\/\" \/>\n\t\t<meta name=\"twitter:card\" content=\"summary\" \/>\n\t\t<meta name=\"twitter:title\" content=\"Spektralmessungen mit Kugelkopfgeometrie | proof.de\" \/>\n\t\t<meta name=\"twitter:description\" content=\"Wir haben \u00fcber 46.000 spektrale Messungen mit einem Kugelkopfmessger\u00e4t vorgenommen, um den freieFarbe CIELAB HLC Farbatlas XL in D 8\u00b0 Messgeometrie zu erfassen.\" \/>\n\t\t<meta name=\"twitter:image\" content=\"https:\/\/blog1.proofen.de\/wp-content\/uploads\/2020\/04\/proof_background.jpg\" \/>\n\t\t<script type=\"application\/ld+json\" class=\"aioseo-schema\">\n\t\t\t{\"@context\":\"https:\\\/\\\/schema.org\",\"@graph\":[{\"@type\":\"Article\",\"@id\":\"https:\\\/\\\/blog.proofs.de\\\/lv\\\/spektralmessungen-mit-kugelkopfgeometrie-fuer-freiefarbe-abgeschlossen\\\/#article\",\"name\":\"Spektralmessungen mit Kugelkopfgeometrie | proof.de\",\"headline\":\"Spektralmessungen mit Kugelkopfgeometrie f\\u00fcr freieFarbe abgeschlossen\",\"author\":{\"@id\":\"https:\\\/\\\/blog.proofs.de\\\/lv\\\/author\\\/mbetz\\\/#author\"},\"publisher\":{\"@id\":\"https:\\\/\\\/blog.proofs.de\\\/lv\\\/#organization\"},\"image\":{\"@type\":\"ImageObject\",\"url\":\"https:\\\/\\\/blog.proofs.de\\\/wp-content\\\/uploads\\\/2021\\\/11\\\/proof-de_freieFarbe-CIELAB-HLC-ColourAtlas-wird-mit-KonicaMinolta-CM26d-von-Mitarbeiter-eingemessen-scaled.jpeg\",\"width\":2560,\"height\":1707,\"caption\":\"Proof.de: Ein Mitarbeiter der Proof GmbH f\\u00fchrt die Messungen mit dem KonicaMinolta CM26d Kugelkopf Spektralmessgeraet mit SCI und SCE f\\u00fcr die matte und semimatte Version des freieFarbe Farbatlasses durch\"},\"datePublished\":\"2021-04-19T12:29:06+02:00\",\"dateModified\":\"2023-07-20T14:01:31+02:00\",\"inLanguage\":\"lv\",\"mainEntityOfPage\":{\"@id\":\"https:\\\/\\\/blog.proofs.de\\\/lv\\\/spektralmessungen-mit-kugelkopfgeometrie-fuer-freiefarbe-abgeschlossen\\\/#webpage\"},\"isPartOf\":{\"@id\":\"https:\\\/\\\/blog.proofs.de\\\/lv\\\/spektralmessungen-mit-kugelkopfgeometrie-fuer-freiefarbe-abgeschlossen\\\/#webpage\"},\"articleSection\":\"Allgemein, 45\\\/0, 45\\\/2\\u00b0, 8\\u00b0, D8, freieFarbe, freiefarbe CIELAB HLC Colour Atlas, freieFarbe e.V., KonicaMinolta, Kugelkopfmessger\\u00e4t, SCE, SCI, SPEX, SPIN\"},{\"@type\":\"BreadcrumbList\",\"@id\":\"https:\\\/\\\/blog.proofs.de\\\/lv\\\/spektralmessungen-mit-kugelkopfgeometrie-fuer-freiefarbe-abgeschlossen\\\/#breadcrumblist\",\"itemListElement\":[{\"@type\":\"ListItem\",\"@id\":\"https:\\\/\\\/blog.proofs.de\\\/lv#listItem\",\"position\":1,\"name\":\"Home\",\"item\":\"https:\\\/\\\/blog.proofs.de\\\/lv\",\"nextItem\":{\"@type\":\"ListItem\",\"@id\":\"https:\\\/\\\/blog.proofs.de\\\/lv\\\/thema\\\/allgemein\\\/#listItem\",\"name\":\"Allgemein\"}},{\"@type\":\"ListItem\",\"@id\":\"https:\\\/\\\/blog.proofs.de\\\/lv\\\/thema\\\/allgemein\\\/#listItem\",\"position\":2,\"name\":\"Allgemein\",\"item\":\"https:\\\/\\\/blog.proofs.de\\\/lv\\\/thema\\\/allgemein\\\/\",\"nextItem\":{\"@type\":\"ListItem\",\"@id\":\"https:\\\/\\\/blog.proofs.de\\\/lv\\\/spektralmessungen-mit-kugelkopfgeometrie-fuer-freiefarbe-abgeschlossen\\\/#listItem\",\"name\":\"Spektralmessungen mit Kugelkopfgeometrie f\\u00fcr freieFarbe abgeschlossen\"},\"previousItem\":{\"@type\":\"ListItem\",\"@id\":\"https:\\\/\\\/blog.proofs.de\\\/lv#listItem\",\"name\":\"Home\"}},{\"@type\":\"ListItem\",\"@id\":\"https:\\\/\\\/blog.proofs.de\\\/lv\\\/spektralmessungen-mit-kugelkopfgeometrie-fuer-freiefarbe-abgeschlossen\\\/#listItem\",\"position\":3,\"name\":\"Spektralmessungen mit Kugelkopfgeometrie f\\u00fcr freieFarbe abgeschlossen\",\"previousItem\":{\"@type\":\"ListItem\",\"@id\":\"https:\\\/\\\/blog.proofs.de\\\/lv\\\/thema\\\/allgemein\\\/#listItem\",\"name\":\"Allgemein\"}}]},{\"@type\":\"Organization\",\"@id\":\"https:\\\/\\\/blog.proofs.de\\\/lv\\\/#organization\",\"name\":\"Proof GmbH\",\"description\":\"Farbverbindlicher Proof, Farbproof, Digitalproof und Online-Proof.\",\"url\":\"https:\\\/\\\/blog.proofs.de\\\/lv\\\/\",\"telephone\":\"+4970717952740\",\"logo\":{\"@type\":\"ImageObject\",\"url\":\"https:\\\/\\\/blog1.proofen.de\\\/wp-content\\\/uploads\\\/2019\\\/09\\\/logo_proof_rgb_mit_balken_250px.png\",\"@id\":\"https:\\\/\\\/blog.proofs.de\\\/lv\\\/spektralmessungen-mit-kugelkopfgeometrie-fuer-freiefarbe-abgeschlossen\\\/#organizationLogo\"},\"image\":{\"@id\":\"https:\\\/\\\/blog.proofs.de\\\/lv\\\/spektralmessungen-mit-kugelkopfgeometrie-fuer-freiefarbe-abgeschlossen\\\/#organizationLogo\"},\"sameAs\":[\"https:\\\/\\\/www.facebook.com\\\/Proof.de\\\/\",\"https:\\\/\\\/www.instagram.com\\\/proof.de\\\/\",\"https:\\\/\\\/www.tiktok.com\\\/@proof_de\",\"https:\\\/\\\/www.youtube.com\\\/channel\\\/UCk80fQVQ25wC9wu3SywB-Nw\",\"https:\\\/\\\/www.linkedin.com\\\/company\\\/proof-de\"]},{\"@type\":\"Person\",\"@id\":\"https:\\\/\\\/blog.proofs.de\\\/lv\\\/author\\\/mbetz\\\/#author\",\"url\":\"https:\\\/\\\/blog.proofs.de\\\/lv\\\/author\\\/mbetz\\\/\",\"name\":\"Matthias Betz\",\"image\":{\"@type\":\"ImageObject\",\"@id\":\"https:\\\/\\\/blog.proofs.de\\\/lv\\\/spektralmessungen-mit-kugelkopfgeometrie-fuer-freiefarbe-abgeschlossen\\\/#authorImage\",\"url\":\"https:\\\/\\\/blog.proofs.de\\\/wp-content\\\/uploads\\\/2020\\\/10\\\/matthias-betz-e1603934518350-150x150.png\",\"width\":96,\"height\":96,\"caption\":\"Matthias Betz\"}},{\"@type\":\"WebPage\",\"@id\":\"https:\\\/\\\/blog.proofs.de\\\/lv\\\/spektralmessungen-mit-kugelkopfgeometrie-fuer-freiefarbe-abgeschlossen\\\/#webpage\",\"url\":\"https:\\\/\\\/blog.proofs.de\\\/lv\\\/spektralmessungen-mit-kugelkopfgeometrie-fuer-freiefarbe-abgeschlossen\\\/\",\"name\":\"Spektralmessungen mit Kugelkopfgeometrie | proof.de\",\"description\":\"Wir haben \\u00fcber 46.000 spektrale Messungen mit einem Kugelkopfmessger\\u00e4t vorgenommen, um den freieFarbe CIELAB HLC Farbatlas XL in D 8\\u00b0 Messgeometrie zu erfassen.\",\"inLanguage\":\"lv\",\"isPartOf\":{\"@id\":\"https:\\\/\\\/blog.proofs.de\\\/lv\\\/#website\"},\"breadcrumb\":{\"@id\":\"https:\\\/\\\/blog.proofs.de\\\/lv\\\/spektralmessungen-mit-kugelkopfgeometrie-fuer-freiefarbe-abgeschlossen\\\/#breadcrumblist\"},\"author\":{\"@id\":\"https:\\\/\\\/blog.proofs.de\\\/lv\\\/author\\\/mbetz\\\/#author\"},\"creator\":{\"@id\":\"https:\\\/\\\/blog.proofs.de\\\/lv\\\/author\\\/mbetz\\\/#author\"},\"image\":{\"@type\":\"ImageObject\",\"url\":\"https:\\\/\\\/blog.proofs.de\\\/wp-content\\\/uploads\\\/2021\\\/11\\\/proof-de_freieFarbe-CIELAB-HLC-ColourAtlas-wird-mit-KonicaMinolta-CM26d-von-Mitarbeiter-eingemessen-scaled.jpeg\",\"@id\":\"https:\\\/\\\/blog.proofs.de\\\/lv\\\/spektralmessungen-mit-kugelkopfgeometrie-fuer-freiefarbe-abgeschlossen\\\/#mainImage\",\"width\":2560,\"height\":1707,\"caption\":\"Proof.de: Ein Mitarbeiter der Proof GmbH f\\u00fchrt die Messungen mit dem KonicaMinolta CM26d Kugelkopf Spektralmessgeraet mit SCI und SCE f\\u00fcr die matte und semimatte Version des freieFarbe Farbatlasses durch\"},\"primaryImageOfPage\":{\"@id\":\"https:\\\/\\\/blog.proofs.de\\\/lv\\\/spektralmessungen-mit-kugelkopfgeometrie-fuer-freiefarbe-abgeschlossen\\\/#mainImage\"},\"datePublished\":\"2021-04-19T12:29:06+02:00\",\"dateModified\":\"2023-07-20T14:01:31+02:00\"},{\"@type\":\"WebSite\",\"@id\":\"https:\\\/\\\/blog.proofs.de\\\/lv\\\/#website\",\"url\":\"https:\\\/\\\/blog.proofs.de\\\/lv\\\/\",\"name\":\"Proof.de\",\"description\":\"Farbverbindlicher Proof, Farbproof, Digitalproof und Online-Proof.\",\"inLanguage\":\"lv\",\"publisher\":{\"@id\":\"https:\\\/\\\/blog.proofs.de\\\/lv\\\/#organization\"}}]}\n\t\t<\/script>\n\t\t<!-- All in One SEO -->\n\n","aioseo_head_json":{"title":"Spektr\u0101lie m\u0113r\u012bjumi ar sf\u0113risko galvas \u0123eometriju | proof.de","description":"M\u0113s veic\u0101m vair\u0101k nek\u0101 46 000 spektr\u0101los m\u0113r\u012bjumus ar sf\u0113risko galvas m\u0113r\u012bt\u0101ju, lai ieg\u016btu freieFarbe CIELAB HLC kr\u0101su atlantu XL D 8\u00b0 m\u0113r\u012bjumu \u0123eometrij\u0101.","canonical_url":"https:\/\/blog.proofs.de\/lv\/spektralmessungen-mit-kugelkopfgeometrie-fuer-freiefarbe-abgeschlossen\/","robots":"max-image-preview:large","keywords":"45\/0,45\/2\u00b0,8\u00b0,d8,freiefarbe,freiefarbe cielab hlc colour atlas,freiefarbe e.v.,konicaminolta,kugelkopfmessger\u00e4t,sce,sci,spex,spin","webmasterTools":{"google-site-verification":"TuXxyRwxcEg2-WfOaQ8vScWQh3-uBAnxXmY7g3GT90A","miscellaneous":"&lt;meta name=\"seobility\" content=\"593a8578143db71543f014978c690d47\"&gt;"},"schema":{"@context":"https:\/\/schema.org","@graph":[{"@type":"Article","@id":"https:\/\/blog.proofs.de\/lv\/spektralmessungen-mit-kugelkopfgeometrie-fuer-freiefarbe-abgeschlossen\/#article","name":"Spektralmessungen mit Kugelkopfgeometrie | proof.de","headline":"Spektralmessungen mit Kugelkopfgeometrie f\u00fcr freieFarbe abgeschlossen","author":{"@id":"https:\/\/blog.proofs.de\/lv\/author\/mbetz\/#author"},"publisher":{"@id":"https:\/\/blog.proofs.de\/lv\/#organization"},"image":{"@type":"ImageObject","url":"https:\/\/blog.proofs.de\/wp-content\/uploads\/2021\/11\/proof-de_freieFarbe-CIELAB-HLC-ColourAtlas-wird-mit-KonicaMinolta-CM26d-von-Mitarbeiter-eingemessen-scaled.jpeg","width":2560,"height":1707,"caption":"Proof.de: Ein Mitarbeiter der Proof GmbH f\u00fchrt die Messungen mit dem KonicaMinolta CM26d Kugelkopf Spektralmessgeraet mit SCI und SCE f\u00fcr die matte und semimatte Version des freieFarbe Farbatlasses durch"},"datePublished":"2021-04-19T12:29:06+02:00","dateModified":"2023-07-20T14:01:31+02:00","inLanguage":"lv","mainEntityOfPage":{"@id":"https:\/\/blog.proofs.de\/lv\/spektralmessungen-mit-kugelkopfgeometrie-fuer-freiefarbe-abgeschlossen\/#webpage"},"isPartOf":{"@id":"https:\/\/blog.proofs.de\/lv\/spektralmessungen-mit-kugelkopfgeometrie-fuer-freiefarbe-abgeschlossen\/#webpage"},"articleSection":"Allgemein, 45\/0, 45\/2\u00b0, 8\u00b0, D8, freieFarbe, freiefarbe CIELAB HLC Colour Atlas, freieFarbe e.V., KonicaMinolta, Kugelkopfmessger\u00e4t, SCE, SCI, SPEX, SPIN"},{"@type":"BreadcrumbList","@id":"https:\/\/blog.proofs.de\/lv\/spektralmessungen-mit-kugelkopfgeometrie-fuer-freiefarbe-abgeschlossen\/#breadcrumblist","itemListElement":[{"@type":"ListItem","@id":"https:\/\/blog.proofs.de\/lv#listItem","position":1,"name":"Home","item":"https:\/\/blog.proofs.de\/lv","nextItem":{"@type":"ListItem","@id":"https:\/\/blog.proofs.de\/lv\/thema\/allgemein\/#listItem","name":"Allgemein"}},{"@type":"ListItem","@id":"https:\/\/blog.proofs.de\/lv\/thema\/allgemein\/#listItem","position":2,"name":"Allgemein","item":"https:\/\/blog.proofs.de\/lv\/thema\/allgemein\/","nextItem":{"@type":"ListItem","@id":"https:\/\/blog.proofs.de\/lv\/spektralmessungen-mit-kugelkopfgeometrie-fuer-freiefarbe-abgeschlossen\/#listItem","name":"Spektralmessungen mit Kugelkopfgeometrie f\u00fcr freieFarbe abgeschlossen"},"previousItem":{"@type":"ListItem","@id":"https:\/\/blog.proofs.de\/lv#listItem","name":"Home"}},{"@type":"ListItem","@id":"https:\/\/blog.proofs.de\/lv\/spektralmessungen-mit-kugelkopfgeometrie-fuer-freiefarbe-abgeschlossen\/#listItem","position":3,"name":"Spektralmessungen mit Kugelkopfgeometrie f\u00fcr freieFarbe abgeschlossen","previousItem":{"@type":"ListItem","@id":"https:\/\/blog.proofs.de\/lv\/thema\/allgemein\/#listItem","name":"Allgemein"}}]},{"@type":"Organization","@id":"https:\/\/blog.proofs.de\/lv\/#organization","name":"Proof GmbH","description":"Farbverbindlicher Proof, Farbproof, Digitalproof und Online-Proof.","url":"https:\/\/blog.proofs.de\/lv\/","telephone":"+4970717952740","logo":{"@type":"ImageObject","url":"https:\/\/blog1.proofen.de\/wp-content\/uploads\/2019\/09\/logo_proof_rgb_mit_balken_250px.png","@id":"https:\/\/blog.proofs.de\/lv\/spektralmessungen-mit-kugelkopfgeometrie-fuer-freiefarbe-abgeschlossen\/#organizationLogo"},"image":{"@id":"https:\/\/blog.proofs.de\/lv\/spektralmessungen-mit-kugelkopfgeometrie-fuer-freiefarbe-abgeschlossen\/#organizationLogo"},"sameAs":["https:\/\/www.facebook.com\/Proof.de\/","https:\/\/www.instagram.com\/proof.de\/","https:\/\/www.tiktok.com\/@proof_de","https:\/\/www.youtube.com\/channel\/UCk80fQVQ25wC9wu3SywB-Nw","https:\/\/www.linkedin.com\/company\/proof-de"]},{"@type":"Person","@id":"https:\/\/blog.proofs.de\/lv\/author\/mbetz\/#author","url":"https:\/\/blog.proofs.de\/lv\/author\/mbetz\/","name":"Matthias Betz","image":{"@type":"ImageObject","@id":"https:\/\/blog.proofs.de\/lv\/spektralmessungen-mit-kugelkopfgeometrie-fuer-freiefarbe-abgeschlossen\/#authorImage","url":"https:\/\/blog.proofs.de\/wp-content\/uploads\/2020\/10\/matthias-betz-e1603934518350-150x150.png","width":96,"height":96,"caption":"Matthias Betz"}},{"@type":"WebPage","@id":"https:\/\/blog.proofs.de\/lv\/spektralmessungen-mit-kugelkopfgeometrie-fuer-freiefarbe-abgeschlossen\/#webpage","url":"https:\/\/blog.proofs.de\/lv\/spektralmessungen-mit-kugelkopfgeometrie-fuer-freiefarbe-abgeschlossen\/","name":"Spektralmessungen mit Kugelkopfgeometrie | proof.de","description":"Wir haben \u00fcber 46.000 spektrale Messungen mit einem Kugelkopfmessger\u00e4t vorgenommen, um den freieFarbe CIELAB HLC Farbatlas XL in D 8\u00b0 Messgeometrie zu erfassen.","inLanguage":"lv","isPartOf":{"@id":"https:\/\/blog.proofs.de\/lv\/#website"},"breadcrumb":{"@id":"https:\/\/blog.proofs.de\/lv\/spektralmessungen-mit-kugelkopfgeometrie-fuer-freiefarbe-abgeschlossen\/#breadcrumblist"},"author":{"@id":"https:\/\/blog.proofs.de\/lv\/author\/mbetz\/#author"},"creator":{"@id":"https:\/\/blog.proofs.de\/lv\/author\/mbetz\/#author"},"image":{"@type":"ImageObject","url":"https:\/\/blog.proofs.de\/wp-content\/uploads\/2021\/11\/proof-de_freieFarbe-CIELAB-HLC-ColourAtlas-wird-mit-KonicaMinolta-CM26d-von-Mitarbeiter-eingemessen-scaled.jpeg","@id":"https:\/\/blog.proofs.de\/lv\/spektralmessungen-mit-kugelkopfgeometrie-fuer-freiefarbe-abgeschlossen\/#mainImage","width":2560,"height":1707,"caption":"Proof.de: Ein Mitarbeiter der Proof GmbH f\u00fchrt die Messungen mit dem KonicaMinolta CM26d Kugelkopf Spektralmessgeraet mit SCI und SCE f\u00fcr die matte und semimatte Version des freieFarbe Farbatlasses durch"},"primaryImageOfPage":{"@id":"https:\/\/blog.proofs.de\/lv\/spektralmessungen-mit-kugelkopfgeometrie-fuer-freiefarbe-abgeschlossen\/#mainImage"},"datePublished":"2021-04-19T12:29:06+02:00","dateModified":"2023-07-20T14:01:31+02:00"},{"@type":"WebSite","@id":"https:\/\/blog.proofs.de\/lv\/#website","url":"https:\/\/blog.proofs.de\/lv\/","name":"Proof.de","description":"Farbverbindlicher Proof, Farbproof, Digitalproof und Online-Proof.","inLanguage":"lv","publisher":{"@id":"https:\/\/blog.proofs.de\/lv\/#organization"}}]},"og:locale":"lv_LV","og:site_name":"Proof.de | Alles zu Proof, Farbmanagement, Grafik, Messtechnik &amp; Co.","og:type":"article","og:title":"Spektralmessungen mit Kugelkopfgeometrie | proof.de","og:description":"Wir haben \u00fcber 46.000 spektrale Messungen mit einem Kugelkopfmessger\u00e4t vorgenommen, um den freieFarbe CIELAB HLC Farbatlas XL in D 8\u00b0 Messgeometrie zu erfassen.","og:url":"https:\/\/blog.proofs.de\/lv\/spektralmessungen-mit-kugelkopfgeometrie-fuer-freiefarbe-abgeschlossen\/","og:image":"https:\/\/blog.proofs.de\/wp-content\/uploads\/2021\/11\/proof-de_freieFarbe-CIELAB-HLC-ColourAtlas-wird-mit-KonicaMinolta-CM26d-von-Mitarbeiter-eingemessen-scaled.jpeg","og:image:secure_url":"https:\/\/blog.proofs.de\/wp-content\/uploads\/2021\/11\/proof-de_freieFarbe-CIELAB-HLC-ColourAtlas-wird-mit-KonicaMinolta-CM26d-von-Mitarbeiter-eingemessen-scaled.jpeg","og:image:width":2560,"og:image:height":1707,"article:published_time":"2021-04-19T10:29:06+00:00","article:modified_time":"2023-07-20T12:01:31+00:00","article:publisher":"https:\/\/www.facebook.com\/Proof.de\/","twitter:card":"summary","twitter:title":"Spektralmessungen mit Kugelkopfgeometrie | proof.de","twitter:description":"Wir haben \u00fcber 46.000 spektrale Messungen mit einem Kugelkopfmessger\u00e4t vorgenommen, um den freieFarbe CIELAB HLC Farbatlas XL in D 8\u00b0 Messgeometrie zu erfassen.","twitter:image":"https:\/\/blog1.proofen.de\/wp-content\/uploads\/2020\/04\/proof_background.jpg"},"aioseo_meta_data":{"post_id":"4236","title":"Spektr\u0101lie m\u0113r\u012bjumi ar sf\u0113risko galvas \u0123eometriju | proof.de&nbsp;","description":"M\u0113s veic\u0101m vair\u0101k nek\u0101 46 000 spektr\u0101los m\u0113r\u012bjumus ar sf\u0113risko galvas m\u0113r\u012bt\u0101ju, lai ieg\u016btu freieFarbe CIELAB HLC kr\u0101su atlantu XL D 8\u00b0 m\u0113r\u012bjumu \u0123eometrij\u0101.","keywords":[],"keyphrases":{"focus":{"keyphrase":"","score":0,"analysis":{"keyphraseInTitle":{"score":0,"maxScore":9,"error":1}}},"additional":[]},"primary_term":null,"canonical_url":null,"og_title":null,"og_description":null,"og_object_type":"default","og_image_type":"default","og_image_url":null,"og_image_width":null,"og_image_height":null,"og_image_custom_url":null,"og_image_custom_fields":null,"og_video":"","og_custom_url":null,"og_article_section":null,"og_article_tags":[],"twitter_use_og":false,"twitter_card":"default","twitter_image_type":"default","twitter_image_url":null,"twitter_image_custom_url":null,"twitter_image_custom_fields":null,"twitter_title":null,"twitter_description":null,"schema":{"blockGraphs":[],"customGraphs":[],"default":{"data":{"Article":[],"Course":[],"Dataset":[],"FAQPage":[],"Movie":[],"Person":[],"Product":[],"ProductReview":[],"Car":[],"Recipe":[],"Service":[],"SoftwareApplication":[],"WebPage":[]},"graphName":"Article","isEnabled":true},"graphs":[],"defaultGraph":"Article","defaultPostTypeGraph":""},"schema_type":"default","schema_type_options":"{\"article\":{\"articleType\":\"BlogPosting\"},\"course\":{\"name\":\"\",\"description\":\"\",\"provider\":\"\"},\"faq\":{\"pages\":[]},\"product\":{\"reviews\":[]},\"recipe\":{\"ingredients\":[],\"instructions\":[],\"keywords\":[]},\"software\":{\"reviews\":[],\"operatingSystems\":[]},\"webPage\":{\"webPageType\":\"WebPage\"}}","pillar_content":false,"robots_default":true,"robots_noindex":false,"robots_noarchive":false,"robots_nosnippet":false,"robots_nofollow":false,"robots_noimageindex":false,"robots_noodp":false,"robots_notranslate":false,"robots_max_snippet":"-1","robots_max_videopreview":"-1","robots_max_imagepreview":"large","priority":null,"frequency":"default","local_seo":null,"breadcrumb_settings":null,"limit_modified_date":false,"ai":null,"created":"2021-04-21 07:09:19","updated":"2025-06-04 14:27:05","seo_analyzer_scan_date":null,"focus_keyword":null,"additional_keywords":null,"truseo_locale":null},"_links":{"self":[{"href":"https:\/\/blog.proofs.de\/lv\/wp-json\/wp\/v2\/posts\/4236","targetHints":{"allow":["GET"]}}],"collection":[{"href":"https:\/\/blog.proofs.de\/lv\/wp-json\/wp\/v2\/posts"}],"about":[{"href":"https:\/\/blog.proofs.de\/lv\/wp-json\/wp\/v2\/types\/post"}],"author":[{"embeddable":true,"href":"https:\/\/blog.proofs.de\/lv\/wp-json\/wp\/v2\/users\/2"}],"replies":[{"embeddable":true,"href":"https:\/\/blog.proofs.de\/lv\/wp-json\/wp\/v2\/comments?post=4236"}],"version-history":[{"count":9,"href":"https:\/\/blog.proofs.de\/lv\/wp-json\/wp\/v2\/posts\/4236\/revisions"}],"predecessor-version":[{"id":5508,"href":"https:\/\/blog.proofs.de\/lv\/wp-json\/wp\/v2\/posts\/4236\/revisions\/5508"}],"wp:featuredmedia":[{"embeddable":true,"href":"https:\/\/blog.proofs.de\/lv\/wp-json\/wp\/v2\/media\/4383"}],"wp:attachment":[{"href":"https:\/\/blog.proofs.de\/lv\/wp-json\/wp\/v2\/media?parent=4236"}],"wp:term":[{"taxonomy":"category","embeddable":true,"href":"https:\/\/blog.proofs.de\/lv\/wp-json\/wp\/v2\/categories?post=4236"},{"taxonomy":"post_tag","embeddable":true,"href":"https:\/\/blog.proofs.de\/lv\/wp-json\/wp\/v2\/tags?post=4236"}],"curies":[{"name":"wp","href":"https:\/\/api.w.org\/{rel}","templated":true}]}}