{"id":2068,"date":"2018-05-12T02:16:40","date_gmt":"2018-05-12T00:16:40","guid":{"rendered":"http:\/\/www.proof.de\/?p=2068"},"modified":"2020-05-08T02:09:42","modified_gmt":"2020-05-08T00:09:42","slug":"matthias-betz-is-een-specialist-in-gegevensbescherming-bij-dekra","status":"publish","type":"post","link":"https:\/\/blog.proofs.de\/nl\/matthias-betz-ist-fachkraft-fuer-datenschutz-dekra\/","title":{"rendered":"Matthias Betz is een specialist in gegevensbescherming ( DEKRA)"},"content":{"rendered":"<div class=\"kk-star-ratings kksr-auto kksr-align-right kksr-valign-top\" data-payload='{\"align\":\"right\",\"id\":\"2068\",\"slug\":\"default\",\"valign\":\"top\",\"ignore\":\"\",\"reference\":\"auto\",\"class\":\"\",\"count\":\"0\",\"legendonly\":\"\",\"readonly\":\"\",\"score\":\"0\",\"starsonly\":\"\",\"best\":\"5\",\"gap\":\"5\",\"greet\":\"Jetzt bewerten\",\"legend\":\"0\\\/5 - (0 stemmen)\",\"size\":\"24\",\"title\":\"Matthias Betz ist Fachkraft f&uuml;r Datenschutz ( DEKRA)\",\"width\":\"0\",\"_legend\":\"{score}\\\/{best} - ({count} {votes})\",\"font_factor\":\"1.25\"}'>\n            \n<div class=\"kksr-stars\">\n    \n<div class=\"kksr-stars-inactive\">\n            <div class=\"kksr-star\" data-star=\"1\" style=\"padding-right: 5px\">\n            \n\n<div class=\"kksr-icon\" style=\"width: 24px; height: 24px;\"><\/div>\n        <\/div>\n            <div class=\"kksr-star\" data-star=\"2\" style=\"padding-right: 5px\">\n            \n\n<div class=\"kksr-icon\" style=\"width: 24px; height: 24px;\"><\/div>\n        <\/div>\n            <div class=\"kksr-star\" data-star=\"3\" style=\"padding-right: 5px\">\n            \n\n<div class=\"kksr-icon\" style=\"width: 24px; height: 24px;\"><\/div>\n        <\/div>\n            <div class=\"kksr-star\" data-star=\"4\" style=\"padding-right: 5px\">\n            \n\n<div class=\"kksr-icon\" style=\"width: 24px; height: 24px;\"><\/div>\n        <\/div>\n            <div class=\"kksr-star\" data-star=\"5\" style=\"padding-right: 5px\">\n            \n\n<div class=\"kksr-icon\" style=\"width: 24px; height: 24px;\"><\/div>\n        <\/div>\n    <\/div>\n    \n<div class=\"kksr-stars-active\" style=\"width: 0px;\">\n            <div class=\"kksr-star\" style=\"padding-right: 5px\">\n            \n\n<div class=\"kksr-icon\" style=\"width: 24px; height: 24px;\"><\/div>\n        <\/div>\n            <div class=\"kksr-star\" style=\"padding-right: 5px\">\n            \n\n<div class=\"kksr-icon\" style=\"width: 24px; height: 24px;\"><\/div>\n        <\/div>\n            <div class=\"kksr-star\" style=\"padding-right: 5px\">\n            \n\n<div class=\"kksr-icon\" style=\"width: 24px; height: 24px;\"><\/div>\n        <\/div>\n            <div class=\"kksr-star\" style=\"padding-right: 5px\">\n            \n\n<div class=\"kksr-icon\" style=\"width: 24px; height: 24px;\"><\/div>\n        <\/div>\n            <div class=\"kksr-star\" style=\"padding-right: 5px\">\n            \n\n<div class=\"kksr-icon\" style=\"width: 24px; height: 24px;\"><\/div>\n        <\/div>\n    <\/div>\n<\/div>\n                \n\n<div class=\"kksr-legend\" style=\"font-size: 19.2px;\">\n            <span class=\"kksr-muted\">Nu beoordelen<\/span>\n    <\/div>\n    <\/div>\n<p>Op 12.04.2018 <a href=\"https:\/\/blog.proofs.de\/nl\/lexikon\/proof\/\" target=\"_self\" title=\"Een contractproef is een ISO 12647-7-gecertificeerd testapparaat voor de grafische industrie. Een proefdruk simuleert de kleurkracht van offset- of diepdruk op een kleur- en wettelijk bindende manier binnen de nauwe toleranties van de ISO-norm.\" class=\"encyclopedia\">Bewijs<\/a> GmbH Managing Director Matthias Betz is geslaagd voor het examen voor gegevensbeschermingsspecialisten bij DEKRA in Berlijn.<\/p>\n<h2>Het certificeringsproces omvatte de volgende onderwerpen:<\/h2>\n<p><a href=\"https:\/\/blog1.proofen.de\/wp-content\/uploads\/2018\/05\/fachkraft_datenschutz_zertifikat_matthias_betz.jpeg\"><img loading=\"lazy\" decoding=\"async\" class=\"alignright wp-image-2066 size-medium\" src=\"https:\/\/blog1.proofen.de\/wp-content\/uploads\/2018\/05\/fachkraft_datenschutz_zertifikat_matthias_betz-213x300.jpeg\" alt=\"Matthias Betz is specialist gegevensbescherming (DEKRA)\" width=\"213\" height=\"300\" srcset=\"https:\/\/blog.proofs.de\/wp-content\/uploads\/2018\/05\/fachkraft_datenschutz_zertifikat_matthias_betz-213x300.jpeg 213w, https:\/\/blog.proofs.de\/wp-content\/uploads\/2018\/05\/fachkraft_datenschutz_zertifikat_matthias_betz-768x1081.jpeg 768w, https:\/\/blog.proofs.de\/wp-content\/uploads\/2018\/05\/fachkraft_datenschutz_zertifikat_matthias_betz-727x1024.jpeg 727w\" sizes=\"auto, (max-width: 213px) 100vw, 213px\"><\/a><\/p>\n<ul>\n<li>Inhoud en implementatie van de Europese Algemene Verordening Gegevensbescherming (EU GDPR) en de nieuwe Federale Wet Gegevensbescherming (BDSG-nieuw)<\/li>\n<li>Principes voor gegevensbescherming<\/li>\n<li>Functionaris voor gegevensbescherming in de praktijk<\/li>\n<li>Gegevensbeveiliging en IT-beveiliging: technische en organisatorische maatregelen (TOM's)<\/li>\n<li>Omgaan met de toezichthoudende autoriteiten<\/li>\n<li>Aansprakelijkheid en sancties<\/li>\n<li>Organisatie van gegevensbescherming in het bedrijf<\/li>\n<li>Orderverwerking en gegevensoverdracht<\/li>\n<\/ul>","protected":false},"excerpt":{"rendered":"<p>Op 12 april 2018 heeft Proof GmbH Managing Director Matthias Betz met succes het examen afgelegd om een specialist in gegevensbescherming te worden bij DEKRA in Berlijn. Het certificeringsproces omvatte de volgende onderwerpen Inhoud en implementatie van de Europese Algemene Verordening Gegevensbescherming (EU GDPR) en de nieuwe Duitse Federale Wet Gegevensbescherming (BDSG-nieuw) Beginselen voor gegevensbescherming Functionaris voor gegevensbescherming in de praktijk Gegevensbeveiliging en IT-beveiliging: technische en organisatorische maatregelen (TOM's) Omgang met de toezichthoudende autoriteiten Aansprakelijkheid en sancties Organisatie van gegevensbescherming in het bedrijf Orderverwerking en gegevensoverdracht<\/p>","protected":false},"author":2,"featured_media":2066,"comment_status":"open","ping_status":"open","sticky":false,"template":"","format":"standard","meta":{"om_disable_all_campaigns":false,"inline_featured_image":false,"_monsterinsights_skip_tracking":false,"footnotes":""},"categories":[1,120],"tags":[731,734,733,729,730,732,539],"class_list":["post-2068","post","type-post","status-publish","format-standard","has-post-thumbnail","hentry","category-allgemein","category-kategorie-proof-gmbh","tag-dekra","tag-dsgvo","tag-eu-dsgvo","tag-fachkraft-datenschutz","tag-fachkraft-fuer-datenschutz","tag-matthias-betz","tag-proof-gmbh","generate-columns","tablet-grid-50","mobile-grid-100","grid-parent","grid-50","no-featured-image-padding","resize-featured-image"],"aioseo_notices":[],"aioseo_head":"\n\t\t<!-- All in One SEO 5.0.1.1 - aioseo.com -->\n\t<meta name=\"description\" content=\"Am 12.04.2018 hat Proof GmbH Gesch\u00e4ftsf\u00fchrer Matthias Betz erfolgreich die Pr\u00fcfung zur Fachkraft f\u00fcr Datenschutz bei der DEKRA in Berlin abgelegt.\" \/>\n\t<meta name=\"robots\" content=\"max-image-preview:large\" \/>\n\t<meta name=\"author\" content=\"Matthias Betz\"\/>\n\t<meta name=\"google-site-verification\" content=\"TuXxyRwxcEg2-WfOaQ8vScWQh3-uBAnxXmY7g3GT90A\" \/>\n\t<meta name=\"keywords\" content=\"proof gmbh,fachkraft datenschutz,fachkraft f\u00fcr datenschutz,dekra,matthias betz,eu-dsgvo,dsgvo,dekra,dsgvo,eu-dsgvo,fachkraft datenschutz,fachkraft f\u00fcr datenschutz,matthias betz,proof gmbh\" \/>\n\t<link rel=\"canonical\" href=\"https:\/\/blog.proofs.de\/nl\/matthias-betz-ist-fachkraft-fuer-datenschutz-dekra\/\" \/>\n\t<meta name=\"generator\" content=\"All in One SEO (AIOSEO) 5.0.1.1\" \/>\n\n\t\t<meta name=\"seobility\" content=\"593a8578143db71543f014978c690d47\">\n\t\t<meta property=\"og:locale\" content=\"nl_NL\" \/>\n\t\t<meta property=\"og:site_name\" content=\"Proof.de | Alles zu Proof, Farbmanagement, Grafik, Messtechnik &amp; Co.\" \/>\n\t\t<meta property=\"og:type\" content=\"article\" \/>\n\t\t<meta property=\"og:title\" content=\"Matthias Betz ist Fachkraft Datenschutz ( DEKRA) | proof.de\" \/>\n\t\t<meta property=\"og:description\" content=\"Am 12.04.2018 hat Proof GmbH Gesch\u00e4ftsf\u00fchrer Matthias Betz erfolgreich die Pr\u00fcfung zur Fachkraft f\u00fcr Datenschutz bei der DEKRA in Berlin abgelegt.\" \/>\n\t\t<meta property=\"og:url\" content=\"https:\/\/blog.proofs.de\/nl\/matthias-betz-ist-fachkraft-fuer-datenschutz-dekra\/\" \/>\n\t\t<meta property=\"og:image\" content=\"https:\/\/blog.proofs.de\/wp-content\/uploads\/2018\/05\/fachkraft_datenschutz_zertifikat_matthias_betz.jpeg\" \/>\n\t\t<meta property=\"og:image:secure_url\" content=\"https:\/\/blog.proofs.de\/wp-content\/uploads\/2018\/05\/fachkraft_datenschutz_zertifikat_matthias_betz.jpeg\" \/>\n\t\t<meta property=\"og:image:width\" content=\"2550\" \/>\n\t\t<meta property=\"og:image:height\" content=\"3590\" \/>\n\t\t<meta property=\"article:published_time\" content=\"2018-05-12T00:16:40+00:00\" \/>\n\t\t<meta property=\"article:modified_time\" content=\"2020-05-08T00:09:42+00:00\" \/>\n\t\t<meta property=\"article:publisher\" content=\"https:\/\/www.facebook.com\/Proof.de\/\" \/>\n\t\t<meta name=\"twitter:card\" content=\"summary\" \/>\n\t\t<meta name=\"twitter:title\" content=\"Matthias Betz ist Fachkraft Datenschutz ( DEKRA) | proof.de\" \/>\n\t\t<meta name=\"twitter:description\" content=\"Am 12.04.2018 hat Proof GmbH Gesch\u00e4ftsf\u00fchrer Matthias Betz erfolgreich die Pr\u00fcfung zur Fachkraft f\u00fcr Datenschutz bei der DEKRA in Berlin abgelegt.\" \/>\n\t\t<meta name=\"twitter:image\" content=\"https:\/\/blog1.proofen.de\/wp-content\/uploads\/2020\/04\/proof_background.jpg\" \/>\n\t\t<script type=\"application\/ld+json\" class=\"aioseo-schema\">\n\t\t\t{\"@context\":\"https:\\\/\\\/schema.org\",\"@graph\":[{\"@type\":\"Article\",\"@id\":\"https:\\\/\\\/blog.proofs.de\\\/nl\\\/matthias-betz-ist-fachkraft-fuer-datenschutz-dekra\\\/#article\",\"name\":\"Matthias Betz ist Fachkraft Datenschutz ( DEKRA) | proof.de\",\"headline\":\"Matthias Betz ist Fachkraft f\\u00fcr Datenschutz ( DEKRA)\",\"author\":{\"@id\":\"https:\\\/\\\/blog.proofs.de\\\/nl\\\/author\\\/mbetz\\\/#author\"},\"publisher\":{\"@id\":\"https:\\\/\\\/blog.proofs.de\\\/nl\\\/#organization\"},\"image\":{\"@type\":\"ImageObject\",\"url\":\"https:\\\/\\\/blog.proofs.de\\\/wp-content\\\/uploads\\\/2018\\\/05\\\/fachkraft_datenschutz_zertifikat_matthias_betz.jpeg\",\"width\":2550,\"height\":3590,\"caption\":\"Matthias Betz ist Fachkraft f\\u00fcr Datenschutz (DEKRA)\"},\"datePublished\":\"2018-05-12T02:16:40+02:00\",\"dateModified\":\"2020-05-08T02:09:42+02:00\",\"inLanguage\":\"nl-NL-formal\",\"mainEntityOfPage\":{\"@id\":\"https:\\\/\\\/blog.proofs.de\\\/nl\\\/matthias-betz-ist-fachkraft-fuer-datenschutz-dekra\\\/#webpage\"},\"isPartOf\":{\"@id\":\"https:\\\/\\\/blog.proofs.de\\\/nl\\\/matthias-betz-ist-fachkraft-fuer-datenschutz-dekra\\\/#webpage\"},\"articleSection\":\"Allgemein, Proof GmbH, DEKRA, DSGVO, EU-DSGVO, Fachkraft Datenschutz, Fachkraft f\\u00fcr Datenschutz, Matthias Betz, Proof GmbH\"},{\"@type\":\"BreadcrumbList\",\"@id\":\"https:\\\/\\\/blog.proofs.de\\\/nl\\\/matthias-betz-ist-fachkraft-fuer-datenschutz-dekra\\\/#breadcrumblist\",\"itemListElement\":[{\"@type\":\"ListItem\",\"@id\":\"https:\\\/\\\/blog.proofs.de\\\/nl#listItem\",\"position\":1,\"name\":\"Home\",\"item\":\"https:\\\/\\\/blog.proofs.de\\\/nl\",\"nextItem\":{\"@type\":\"ListItem\",\"@id\":\"https:\\\/\\\/blog.proofs.de\\\/nl\\\/thema\\\/proof-wissen\\\/#listItem\",\"name\":\"Proof Wissen\"}},{\"@type\":\"ListItem\",\"@id\":\"https:\\\/\\\/blog.proofs.de\\\/nl\\\/thema\\\/proof-wissen\\\/#listItem\",\"position\":2,\"name\":\"Proof Wissen\",\"item\":\"https:\\\/\\\/blog.proofs.de\\\/nl\\\/thema\\\/proof-wissen\\\/\",\"nextItem\":{\"@type\":\"ListItem\",\"@id\":\"https:\\\/\\\/blog.proofs.de\\\/nl\\\/thema\\\/proof-wissen\\\/kategorie-proof-gmbh\\\/#listItem\",\"name\":\"Proof GmbH\"},\"previousItem\":{\"@type\":\"ListItem\",\"@id\":\"https:\\\/\\\/blog.proofs.de\\\/nl#listItem\",\"name\":\"Home\"}},{\"@type\":\"ListItem\",\"@id\":\"https:\\\/\\\/blog.proofs.de\\\/nl\\\/thema\\\/proof-wissen\\\/kategorie-proof-gmbh\\\/#listItem\",\"position\":3,\"name\":\"Proof GmbH\",\"item\":\"https:\\\/\\\/blog.proofs.de\\\/nl\\\/thema\\\/proof-wissen\\\/kategorie-proof-gmbh\\\/\",\"nextItem\":{\"@type\":\"ListItem\",\"@id\":\"https:\\\/\\\/blog.proofs.de\\\/nl\\\/matthias-betz-ist-fachkraft-fuer-datenschutz-dekra\\\/#listItem\",\"name\":\"Matthias Betz ist Fachkraft f\\u00fcr Datenschutz ( DEKRA)\"},\"previousItem\":{\"@type\":\"ListItem\",\"@id\":\"https:\\\/\\\/blog.proofs.de\\\/nl\\\/thema\\\/proof-wissen\\\/#listItem\",\"name\":\"Proof Wissen\"}},{\"@type\":\"ListItem\",\"@id\":\"https:\\\/\\\/blog.proofs.de\\\/nl\\\/matthias-betz-ist-fachkraft-fuer-datenschutz-dekra\\\/#listItem\",\"position\":4,\"name\":\"Matthias Betz ist Fachkraft f\\u00fcr Datenschutz ( DEKRA)\",\"previousItem\":{\"@type\":\"ListItem\",\"@id\":\"https:\\\/\\\/blog.proofs.de\\\/nl\\\/thema\\\/proof-wissen\\\/kategorie-proof-gmbh\\\/#listItem\",\"name\":\"Proof GmbH\"}}]},{\"@type\":\"Organization\",\"@id\":\"https:\\\/\\\/blog.proofs.de\\\/nl\\\/#organization\",\"name\":\"Proof GmbH\",\"description\":\"Farbverbindlicher Proof, Farbproof, Digitalproof und Online-Proof.\",\"url\":\"https:\\\/\\\/blog.proofs.de\\\/nl\\\/\",\"telephone\":\"+4970717952740\",\"logo\":{\"@type\":\"ImageObject\",\"url\":\"https:\\\/\\\/blog1.proofen.de\\\/wp-content\\\/uploads\\\/2019\\\/09\\\/logo_proof_rgb_mit_balken_250px.png\",\"@id\":\"https:\\\/\\\/blog.proofs.de\\\/nl\\\/matthias-betz-ist-fachkraft-fuer-datenschutz-dekra\\\/#organizationLogo\"},\"image\":{\"@id\":\"https:\\\/\\\/blog.proofs.de\\\/nl\\\/matthias-betz-ist-fachkraft-fuer-datenschutz-dekra\\\/#organizationLogo\"},\"sameAs\":[\"https:\\\/\\\/www.facebook.com\\\/Proof.de\\\/\",\"https:\\\/\\\/www.instagram.com\\\/proof.de\\\/\",\"https:\\\/\\\/www.tiktok.com\\\/@proof_de\",\"https:\\\/\\\/www.youtube.com\\\/channel\\\/UCk80fQVQ25wC9wu3SywB-Nw\",\"https:\\\/\\\/www.linkedin.com\\\/company\\\/proof-de\"]},{\"@type\":\"Person\",\"@id\":\"https:\\\/\\\/blog.proofs.de\\\/nl\\\/author\\\/mbetz\\\/#author\",\"url\":\"https:\\\/\\\/blog.proofs.de\\\/nl\\\/author\\\/mbetz\\\/\",\"name\":\"Matthias Betz\",\"image\":{\"@type\":\"ImageObject\",\"@id\":\"https:\\\/\\\/blog.proofs.de\\\/nl\\\/matthias-betz-ist-fachkraft-fuer-datenschutz-dekra\\\/#authorImage\",\"url\":\"https:\\\/\\\/blog.proofs.de\\\/wp-content\\\/uploads\\\/2020\\\/10\\\/matthias-betz-e1603934518350-150x150.png\",\"width\":96,\"height\":96,\"caption\":\"Matthias Betz\"}},{\"@type\":\"WebPage\",\"@id\":\"https:\\\/\\\/blog.proofs.de\\\/nl\\\/matthias-betz-ist-fachkraft-fuer-datenschutz-dekra\\\/#webpage\",\"url\":\"https:\\\/\\\/blog.proofs.de\\\/nl\\\/matthias-betz-ist-fachkraft-fuer-datenschutz-dekra\\\/\",\"name\":\"Matthias Betz ist Fachkraft Datenschutz ( DEKRA) | proof.de\",\"description\":\"Am 12.04.2018 hat Proof GmbH Gesch\\u00e4ftsf\\u00fchrer Matthias Betz erfolgreich die Pr\\u00fcfung zur Fachkraft f\\u00fcr Datenschutz bei der DEKRA in Berlin abgelegt.\",\"inLanguage\":\"nl-NL-formal\",\"isPartOf\":{\"@id\":\"https:\\\/\\\/blog.proofs.de\\\/nl\\\/#website\"},\"breadcrumb\":{\"@id\":\"https:\\\/\\\/blog.proofs.de\\\/nl\\\/matthias-betz-ist-fachkraft-fuer-datenschutz-dekra\\\/#breadcrumblist\"},\"author\":{\"@id\":\"https:\\\/\\\/blog.proofs.de\\\/nl\\\/author\\\/mbetz\\\/#author\"},\"creator\":{\"@id\":\"https:\\\/\\\/blog.proofs.de\\\/nl\\\/author\\\/mbetz\\\/#author\"},\"image\":{\"@type\":\"ImageObject\",\"url\":\"https:\\\/\\\/blog.proofs.de\\\/wp-content\\\/uploads\\\/2018\\\/05\\\/fachkraft_datenschutz_zertifikat_matthias_betz.jpeg\",\"@id\":\"https:\\\/\\\/blog.proofs.de\\\/nl\\\/matthias-betz-ist-fachkraft-fuer-datenschutz-dekra\\\/#mainImage\",\"width\":2550,\"height\":3590,\"caption\":\"Matthias Betz ist Fachkraft f\\u00fcr Datenschutz (DEKRA)\"},\"primaryImageOfPage\":{\"@id\":\"https:\\\/\\\/blog.proofs.de\\\/nl\\\/matthias-betz-ist-fachkraft-fuer-datenschutz-dekra\\\/#mainImage\"},\"datePublished\":\"2018-05-12T02:16:40+02:00\",\"dateModified\":\"2020-05-08T02:09:42+02:00\"},{\"@type\":\"WebSite\",\"@id\":\"https:\\\/\\\/blog.proofs.de\\\/nl\\\/#website\",\"url\":\"https:\\\/\\\/blog.proofs.de\\\/nl\\\/\",\"name\":\"Proof.de\",\"description\":\"Farbverbindlicher Proof, Farbproof, Digitalproof und Online-Proof.\",\"inLanguage\":\"nl-NL-formal\",\"publisher\":{\"@id\":\"https:\\\/\\\/blog.proofs.de\\\/nl\\\/#organization\"}}]}\n\t\t<\/script>\n\t\t<!-- All in One SEO -->\n\n","aioseo_head_json":{"title":"Matthias Betz is gespecialiseerd in gegevensbescherming (DEKRA) | proof.de","description":"Op 12 april 2018 heeft Proof GmbH Managing Director Matthias Betz met succes het examen afgelegd om specialist gegevensbescherming te worden bij DEKRA in Berlijn.","canonical_url":"https:\/\/blog.proofs.de\/nl\/matthias-betz-ist-fachkraft-fuer-datenschutz-dekra\/","robots":"max-image-preview:large","keywords":"proof gmbh,fachkraft datenschutz,fachkraft f\u00fcr datenschutz,dekra,matthias betz,eu-dsgvo,dsgvo,dekra,dsgvo,eu-dsgvo,fachkraft datenschutz,fachkraft f\u00fcr datenschutz,matthias betz,proof gmbh","webmasterTools":{"google-site-verification":"TuXxyRwxcEg2-WfOaQ8vScWQh3-uBAnxXmY7g3GT90A","miscellaneous":"&lt;meta name=\"seobility\" content=\"593a8578143db71543f014978c690d47\"&gt;"},"schema":{"@context":"https:\/\/schema.org","@graph":[{"@type":"Article","@id":"https:\/\/blog.proofs.de\/nl\/matthias-betz-ist-fachkraft-fuer-datenschutz-dekra\/#article","name":"Matthias Betz ist Fachkraft Datenschutz ( DEKRA) | proof.de","headline":"Matthias Betz ist Fachkraft f\u00fcr Datenschutz ( DEKRA)","author":{"@id":"https:\/\/blog.proofs.de\/nl\/author\/mbetz\/#author"},"publisher":{"@id":"https:\/\/blog.proofs.de\/nl\/#organization"},"image":{"@type":"ImageObject","url":"https:\/\/blog.proofs.de\/wp-content\/uploads\/2018\/05\/fachkraft_datenschutz_zertifikat_matthias_betz.jpeg","width":2550,"height":3590,"caption":"Matthias Betz ist Fachkraft f\u00fcr Datenschutz (DEKRA)"},"datePublished":"2018-05-12T02:16:40+02:00","dateModified":"2020-05-08T02:09:42+02:00","inLanguage":"nl-NL-formal","mainEntityOfPage":{"@id":"https:\/\/blog.proofs.de\/nl\/matthias-betz-ist-fachkraft-fuer-datenschutz-dekra\/#webpage"},"isPartOf":{"@id":"https:\/\/blog.proofs.de\/nl\/matthias-betz-ist-fachkraft-fuer-datenschutz-dekra\/#webpage"},"articleSection":"Allgemein, Proof GmbH, DEKRA, DSGVO, EU-DSGVO, Fachkraft Datenschutz, Fachkraft f\u00fcr Datenschutz, Matthias Betz, Proof GmbH"},{"@type":"BreadcrumbList","@id":"https:\/\/blog.proofs.de\/nl\/matthias-betz-ist-fachkraft-fuer-datenschutz-dekra\/#breadcrumblist","itemListElement":[{"@type":"ListItem","@id":"https:\/\/blog.proofs.de\/nl#listItem","position":1,"name":"Home","item":"https:\/\/blog.proofs.de\/nl","nextItem":{"@type":"ListItem","@id":"https:\/\/blog.proofs.de\/nl\/thema\/proof-wissen\/#listItem","name":"Proof Wissen"}},{"@type":"ListItem","@id":"https:\/\/blog.proofs.de\/nl\/thema\/proof-wissen\/#listItem","position":2,"name":"Proof Wissen","item":"https:\/\/blog.proofs.de\/nl\/thema\/proof-wissen\/","nextItem":{"@type":"ListItem","@id":"https:\/\/blog.proofs.de\/nl\/thema\/proof-wissen\/kategorie-proof-gmbh\/#listItem","name":"Proof GmbH"},"previousItem":{"@type":"ListItem","@id":"https:\/\/blog.proofs.de\/nl#listItem","name":"Home"}},{"@type":"ListItem","@id":"https:\/\/blog.proofs.de\/nl\/thema\/proof-wissen\/kategorie-proof-gmbh\/#listItem","position":3,"name":"Proof GmbH","item":"https:\/\/blog.proofs.de\/nl\/thema\/proof-wissen\/kategorie-proof-gmbh\/","nextItem":{"@type":"ListItem","@id":"https:\/\/blog.proofs.de\/nl\/matthias-betz-ist-fachkraft-fuer-datenschutz-dekra\/#listItem","name":"Matthias Betz ist Fachkraft f\u00fcr Datenschutz ( DEKRA)"},"previousItem":{"@type":"ListItem","@id":"https:\/\/blog.proofs.de\/nl\/thema\/proof-wissen\/#listItem","name":"Proof Wissen"}},{"@type":"ListItem","@id":"https:\/\/blog.proofs.de\/nl\/matthias-betz-ist-fachkraft-fuer-datenschutz-dekra\/#listItem","position":4,"name":"Matthias Betz ist Fachkraft f\u00fcr Datenschutz ( DEKRA)","previousItem":{"@type":"ListItem","@id":"https:\/\/blog.proofs.de\/nl\/thema\/proof-wissen\/kategorie-proof-gmbh\/#listItem","name":"Proof GmbH"}}]},{"@type":"Organization","@id":"https:\/\/blog.proofs.de\/nl\/#organization","name":"Proof GmbH","description":"Farbverbindlicher Proof, Farbproof, Digitalproof und Online-Proof.","url":"https:\/\/blog.proofs.de\/nl\/","telephone":"+4970717952740","logo":{"@type":"ImageObject","url":"https:\/\/blog1.proofen.de\/wp-content\/uploads\/2019\/09\/logo_proof_rgb_mit_balken_250px.png","@id":"https:\/\/blog.proofs.de\/nl\/matthias-betz-ist-fachkraft-fuer-datenschutz-dekra\/#organizationLogo"},"image":{"@id":"https:\/\/blog.proofs.de\/nl\/matthias-betz-ist-fachkraft-fuer-datenschutz-dekra\/#organizationLogo"},"sameAs":["https:\/\/www.facebook.com\/Proof.de\/","https:\/\/www.instagram.com\/proof.de\/","https:\/\/www.tiktok.com\/@proof_de","https:\/\/www.youtube.com\/channel\/UCk80fQVQ25wC9wu3SywB-Nw","https:\/\/www.linkedin.com\/company\/proof-de"]},{"@type":"Person","@id":"https:\/\/blog.proofs.de\/nl\/author\/mbetz\/#author","url":"https:\/\/blog.proofs.de\/nl\/author\/mbetz\/","name":"Matthias Betz","image":{"@type":"ImageObject","@id":"https:\/\/blog.proofs.de\/nl\/matthias-betz-ist-fachkraft-fuer-datenschutz-dekra\/#authorImage","url":"https:\/\/blog.proofs.de\/wp-content\/uploads\/2020\/10\/matthias-betz-e1603934518350-150x150.png","width":96,"height":96,"caption":"Matthias Betz"}},{"@type":"WebPage","@id":"https:\/\/blog.proofs.de\/nl\/matthias-betz-ist-fachkraft-fuer-datenschutz-dekra\/#webpage","url":"https:\/\/blog.proofs.de\/nl\/matthias-betz-ist-fachkraft-fuer-datenschutz-dekra\/","name":"Matthias Betz ist Fachkraft Datenschutz ( DEKRA) | proof.de","description":"Am 12.04.2018 hat Proof GmbH Gesch\u00e4ftsf\u00fchrer Matthias Betz erfolgreich die Pr\u00fcfung zur Fachkraft f\u00fcr Datenschutz bei der DEKRA in Berlin abgelegt.","inLanguage":"nl-NL-formal","isPartOf":{"@id":"https:\/\/blog.proofs.de\/nl\/#website"},"breadcrumb":{"@id":"https:\/\/blog.proofs.de\/nl\/matthias-betz-ist-fachkraft-fuer-datenschutz-dekra\/#breadcrumblist"},"author":{"@id":"https:\/\/blog.proofs.de\/nl\/author\/mbetz\/#author"},"creator":{"@id":"https:\/\/blog.proofs.de\/nl\/author\/mbetz\/#author"},"image":{"@type":"ImageObject","url":"https:\/\/blog.proofs.de\/wp-content\/uploads\/2018\/05\/fachkraft_datenschutz_zertifikat_matthias_betz.jpeg","@id":"https:\/\/blog.proofs.de\/nl\/matthias-betz-ist-fachkraft-fuer-datenschutz-dekra\/#mainImage","width":2550,"height":3590,"caption":"Matthias Betz ist Fachkraft f\u00fcr Datenschutz (DEKRA)"},"primaryImageOfPage":{"@id":"https:\/\/blog.proofs.de\/nl\/matthias-betz-ist-fachkraft-fuer-datenschutz-dekra\/#mainImage"},"datePublished":"2018-05-12T02:16:40+02:00","dateModified":"2020-05-08T02:09:42+02:00"},{"@type":"WebSite","@id":"https:\/\/blog.proofs.de\/nl\/#website","url":"https:\/\/blog.proofs.de\/nl\/","name":"Proof.de","description":"Farbverbindlicher Proof, Farbproof, Digitalproof und Online-Proof.","inLanguage":"nl-NL-formal","publisher":{"@id":"https:\/\/blog.proofs.de\/nl\/#organization"}}]},"og:locale":"nl_NL","og:site_name":"Proof.de | Alles zu Proof, Farbmanagement, Grafik, Messtechnik &amp; Co.","og:type":"article","og:title":"Matthias Betz ist Fachkraft Datenschutz ( DEKRA) | proof.de","og:description":"Am 12.04.2018 hat Proof GmbH Gesch\u00e4ftsf\u00fchrer Matthias Betz erfolgreich die Pr\u00fcfung zur Fachkraft f\u00fcr Datenschutz bei der DEKRA in Berlin abgelegt.","og:url":"https:\/\/blog.proofs.de\/nl\/matthias-betz-ist-fachkraft-fuer-datenschutz-dekra\/","og:image":"https:\/\/blog.proofs.de\/wp-content\/uploads\/2018\/05\/fachkraft_datenschutz_zertifikat_matthias_betz.jpeg","og:image:secure_url":"https:\/\/blog.proofs.de\/wp-content\/uploads\/2018\/05\/fachkraft_datenschutz_zertifikat_matthias_betz.jpeg","og:image:width":2550,"og:image:height":3590,"article:published_time":"2018-05-12T00:16:40+00:00","article:modified_time":"2020-05-08T00:09:42+00:00","article:publisher":"https:\/\/www.facebook.com\/Proof.de\/","twitter:card":"summary","twitter:title":"Matthias Betz ist Fachkraft Datenschutz ( DEKRA) | proof.de","twitter:description":"Am 12.04.2018 hat Proof GmbH Gesch\u00e4ftsf\u00fchrer Matthias Betz erfolgreich die Pr\u00fcfung zur Fachkraft f\u00fcr Datenschutz bei der DEKRA in Berlin abgelegt.","twitter:image":"https:\/\/blog1.proofen.de\/wp-content\/uploads\/2020\/04\/proof_background.jpg"},"aioseo_meta_data":{"post_id":"2068","title":"Matthias Betz is specialist op het gebied van gegevensbescherming (DEKRA) | proof.de","description":"Op 12 april 2018 heeft Proof GmbH Managing Director Matthias Betz met succes het examen afgelegd om specialist gegevensbescherming te worden bij DEKRA in Berlijn.","keywords":[{"label":"Proof GmbH,Fachkraft Datenschutz,Fachkraft f\u00fcr Datenschutz,DEKRA,Matthias Betz,EU-DSGVO,DSGVO","value":"Proof GmbH,Fachkraft Datenschutz,Fachkraft f\u00fcr Datenschutz,DEKRA,Matthias Betz,EU-DSGVO,DSGVO"}],"keyphrases":null,"primary_term":null,"canonical_url":null,"og_title":null,"og_description":null,"og_object_type":"default","og_image_type":"default","og_image_url":null,"og_image_width":null,"og_image_height":null,"og_image_custom_url":null,"og_image_custom_fields":null,"og_video":null,"og_custom_url":null,"og_article_section":null,"og_article_tags":null,"twitter_use_og":false,"twitter_card":"default","twitter_image_type":"default","twitter_image_url":null,"twitter_image_custom_url":null,"twitter_image_custom_fields":null,"twitter_title":null,"twitter_description":null,"schema":{"blockGraphs":[],"customGraphs":[],"default":{"data":{"Article":[],"Course":[],"Dataset":[],"FAQPage":[],"Movie":[],"Person":[],"Product":[],"ProductReview":[],"Car":[],"Recipe":[],"Service":[],"SoftwareApplication":[],"WebPage":[]},"graphName":"","isEnabled":true},"graphs":[],"defaultGraph":"","defaultPostTypeGraph":""},"schema_type":null,"schema_type_options":null,"pillar_content":false,"robots_default":true,"robots_noindex":false,"robots_noarchive":false,"robots_nosnippet":false,"robots_nofollow":false,"robots_noimageindex":false,"robots_noodp":false,"robots_notranslate":false,"robots_max_snippet":null,"robots_max_videopreview":null,"robots_max_imagepreview":"large","priority":null,"frequency":null,"local_seo":null,"breadcrumb_settings":null,"limit_modified_date":false,"ai":null,"created":"2020-12-21 00:35:00","updated":"2025-06-04 14:22:05","seo_analyzer_scan_date":null,"focus_keyword":null,"additional_keywords":null,"truseo_locale":null},"_links":{"self":[{"href":"https:\/\/blog.proofs.de\/nl\/wp-json\/wp\/v2\/posts\/2068","targetHints":{"allow":["GET"]}}],"collection":[{"href":"https:\/\/blog.proofs.de\/nl\/wp-json\/wp\/v2\/posts"}],"about":[{"href":"https:\/\/blog.proofs.de\/nl\/wp-json\/wp\/v2\/types\/post"}],"author":[{"embeddable":true,"href":"https:\/\/blog.proofs.de\/nl\/wp-json\/wp\/v2\/users\/2"}],"replies":[{"embeddable":true,"href":"https:\/\/blog.proofs.de\/nl\/wp-json\/wp\/v2\/comments?post=2068"}],"version-history":[{"count":1,"href":"https:\/\/blog.proofs.de\/nl\/wp-json\/wp\/v2\/posts\/2068\/revisions"}],"predecessor-version":[{"id":2069,"href":"https:\/\/blog.proofs.de\/nl\/wp-json\/wp\/v2\/posts\/2068\/revisions\/2069"}],"wp:featuredmedia":[{"embeddable":true,"href":"https:\/\/blog.proofs.de\/nl\/wp-json\/wp\/v2\/media\/2066"}],"wp:attachment":[{"href":"https:\/\/blog.proofs.de\/nl\/wp-json\/wp\/v2\/media?parent=2068"}],"wp:term":[{"taxonomy":"category","embeddable":true,"href":"https:\/\/blog.proofs.de\/nl\/wp-json\/wp\/v2\/categories?post=2068"},{"taxonomy":"post_tag","embeddable":true,"href":"https:\/\/blog.proofs.de\/nl\/wp-json\/wp\/v2\/tags?post=2068"}],"curies":[{"name":"wp","href":"https:\/\/api.w.org\/{rel}","templated":true}]}}