{"id":1386,"date":"2015-09-17T00:59:25","date_gmt":"2015-09-16T22:59:25","guid":{"rendered":"http:\/\/www.proof.de\/?p=1386"},"modified":"2020-04-16T01:10:38","modified_gmt":"2020-04-15T23:10:38","slug":"inauguracja-psocoatedv3-i-psouncoatedv3-30-09-2015-w-stuttgarcie","status":"publish","type":"post","link":"https:\/\/blog.proofs.de\/pl\/kick-off-psocoatedv3-und-psouncoatedv3-am-30-09-2015-in-stuttgart\/","title":{"rendered":"Start: PSOCoatedV3 i PSOUncoatedV3 30 wrze\u015bnia 2015 r. w Stuttgarcie"},"content":{"rendered":"<div class=\"kk-star-ratings kksr-auto kksr-align-right kksr-valign-top\" data-payload='{\"align\":\"right\",\"id\":\"1386\",\"slug\":\"default\",\"valign\":\"top\",\"ignore\":\"\",\"reference\":\"auto\",\"class\":\"\",\"count\":\"0\",\"legendonly\":\"\",\"readonly\":\"\",\"score\":\"0\",\"starsonly\":\"\",\"best\":\"5\",\"gap\":\"5\",\"greet\":\"Jetzt bewerten\",\"legend\":\"0\\\/5 - (0 votes)\",\"size\":\"24\",\"title\":\"Kick-off: PSOCoatedV3 und PSOUncoatedV3 am 30.09.2015 in Stuttgart\",\"width\":\"0\",\"_legend\":\"{score}\\\/{best} - ({count} {votes})\",\"font_factor\":\"1.25\"}'>\n            \n<div class=\"kksr-stars\">\n    \n<div class=\"kksr-stars-inactive\">\n            <div class=\"kksr-star\" data-star=\"1\" style=\"padding-right: 5px\">\n            \n\n<div class=\"kksr-icon\" style=\"width: 24px; height: 24px;\"><\/div>\n        <\/div>\n            <div class=\"kksr-star\" data-star=\"2\" style=\"padding-right: 5px\">\n            \n\n<div class=\"kksr-icon\" style=\"width: 24px; height: 24px;\"><\/div>\n        <\/div>\n            <div class=\"kksr-star\" data-star=\"3\" style=\"padding-right: 5px\">\n            \n\n<div class=\"kksr-icon\" style=\"width: 24px; height: 24px;\"><\/div>\n        <\/div>\n            <div class=\"kksr-star\" data-star=\"4\" style=\"padding-right: 5px\">\n            \n\n<div class=\"kksr-icon\" style=\"width: 24px; height: 24px;\"><\/div>\n        <\/div>\n            <div class=\"kksr-star\" data-star=\"5\" style=\"padding-right: 5px\">\n            \n\n<div class=\"kksr-icon\" style=\"width: 24px; height: 24px;\"><\/div>\n        <\/div>\n    <\/div>\n    \n<div class=\"kksr-stars-active\" style=\"width: 0px;\">\n            <div class=\"kksr-star\" style=\"padding-right: 5px\">\n            \n\n<div class=\"kksr-icon\" style=\"width: 24px; height: 24px;\"><\/div>\n        <\/div>\n            <div class=\"kksr-star\" style=\"padding-right: 5px\">\n            \n\n<div class=\"kksr-icon\" style=\"width: 24px; height: 24px;\"><\/div>\n        <\/div>\n            <div class=\"kksr-star\" style=\"padding-right: 5px\">\n            \n\n<div class=\"kksr-icon\" style=\"width: 24px; height: 24px;\"><\/div>\n        <\/div>\n            <div class=\"kksr-star\" style=\"padding-right: 5px\">\n            \n\n<div class=\"kksr-icon\" style=\"width: 24px; height: 24px;\"><\/div>\n        <\/div>\n            <div class=\"kksr-star\" style=\"padding-right: 5px\">\n            \n\n<div class=\"kksr-icon\" style=\"width: 24px; height: 24px;\"><\/div>\n        <\/div>\n    <\/div>\n<\/div>\n                \n\n<div class=\"kksr-legend\" style=\"font-size: 19.2px;\">\n            <span class=\"kksr-muted\">Prosz\u0119 oceni\u0107 teraz<\/span>\n    <\/div>\n    <\/div>\n<p>The <a href=\"https:\/\/blog.proofs.de\/pl\/lexikon\/bvdm\/\" target=\"_self\" title=\"Bundesverband Druck und Medien e.V. (bvdm) jest organizacj\u0105 parasolow\u0105 niemieckiego przemys\u0142u poligraficznego.\" class=\"encyclopedia\">bvdm<\/a> zaprasza wraz z <a href=\"https:\/\/blog.proofs.de\/pl\/lexikon\/fogra\/\" target=\"_self\" title=\"Fogra Forschungsgesellschaft Druck e.V. z siedzib\u0105 w Monachium.\" class=\"encyclopedia\">Fogra<\/a> i <a href=\"https:\/\/blog.proofs.de\/pl\/lexikon\/eci\/\" target=\"_self\" title=\"ECI - European Color Initiative to grupa ekspert\u00f3w zajmuj\u0105cych si\u0119 przetwarzaniem danych kolorystycznych w systemach publikacji.\" class=\"encyclopedia\">ECI<\/a> na wsp\u00f3ln\u0105 inauguracj\u0119 nowych warunk\u00f3w druku w dniu 30 wrze\u015bnia 2015 r. w Stuttgart Media University.<\/p>\n<p>bvdm by\u0142o jedynym uczestnicz\u0105cym stowarzyszeniem, kt\u00f3re opublikowa\u0142o informacj\u0119 o wydarzeniu na swojej stronie internetowej. Jest to prawdopodobnie jeden z powod\u00f3w, dla kt\u00f3rych wiele zainteresowanych i dotkni\u0119tych stron nie s\u0142ysza\u0142o jeszcze o tym wydarzeniu.<\/p>\n<p>Dlatego chcia\u0142bym skorzysta\u0107 z tej okazji, aby jeszcze raz wyra\u017anie zwr\u00f3ci\u0107 Pa\u0144stwa uwag\u0119 na to wydarzenie, kt\u00f3re jest otwarte dla go\u015bci bran\u017cowych:<\/p>\n<p>Poni\u017csze informacje mo\u017cna znale\u017a\u0107 na stronie internetowej bvdm:<\/p>\n<p>\"Bundesverband Druck und Medien e.V. (bvdm), europejska organizacja zrzeszaj\u0105ca producent\u00f3w<a href=\"https:\/\/blog.proofs.de\/pl\/lexikon\/ean\/\" target=\"_self\" title=\"EAN = Europejski Numer Artyku\u0142u. EAN zosta\u0142 zast\u0105piony przez GTIN = Globalny Numer Identyfikacji Handlowej w 2009 roku.\" class=\"encyclopedia\">ean<\/a> Color Initiative (ECI) i Forschungsgesellschaft Druck e.V. (Fogra) zaprezentuj\u0105 wsp\u00f3lnie opracowane i przetestowane narz\u0119dzia do wdra\u017cania <a href=\"https:\/\/blog.proofs.de\/pl\/lexikon\/iso-12647\/\" target=\"_self\" title=\"ISO 12647 to norma ISO odpowiedzialna za drukowanie. Okre\u015bla ona najwa\u017cniejsze kluczowe punkty dla znormalizowanych, dok\u0142adnych kolorystycznie wydruk\u00f3w.\" class=\"encyclopedia\">ISO 12647<\/a>-2:2013.<\/p>\n<p>Nowa norma ISO 12647-2 uwzgl\u0119dnia najnowsze osi\u0105gni\u0119cia w zakresie technologii pomiarowej oraz <a href=\"https:\/\/blog.proofs.de\/pl\/lexikon\/normlicht\/\" target=\"_self\" title=\"Znormalizowane \u015bwiat\u0142o odnosi si\u0119 do okre\u015blonych warunk\u00f3w o\u015bwietleniowych, w kt\u00f3rych widzowie mog\u0105 ogl\u0105da\u0107 i ocenia\u0107 wydruki lub obiekty w jednolity spos\u00f3b. Najwa\u017cniejszym standardowym o\u015bwietleniem dla drukarzy jest D50 (temperatura barwowa: 5000 kelwin\u00f3w).\" class=\"encyclopedia\">\u015awiat\u0142o standardowe<\/a> - S\u0142owo kluczowe <a href=\"https:\/\/blog.proofs.de\/pl\/lexikon\/optische-aufheller\/\" target=\"_self\" title=\"Rozja\u015bniacze optyczne s\u0105 dodatkami stosowanymi przez producent\u00f3w papieru, aby papier wygl\u0105da\u0142 na bielszy i ja\u015bniejszy.\" class=\"encyclopedia\">rozja\u015bniacze optyczne<\/a> - i dlatego oferuje znacz\u0105ce korzy\u015bci w zarz\u0105dzaniu jako\u015bci\u0105 w druku znormalizowanym. Udoskonalenia standardu, nowo opracowane warunki drukowania dla powlekanych i niepowlekanych papier\u00f3w premium w arkuszach<a href=\"https:\/\/blog.proofs.de\/pl\/lexikon\/offsetdruck\/\" target=\"_self\" title=\"Druk offsetowy to po\u015bredni proces drukowania. Po\u015bredni oznacza, \u017ce p\u0142yta drukarska i pod\u0142o\u017ce nie stykaj\u0105 si\u0119 ze sob\u0105 bezpo\u015brednio, ale medium jest u\u017cywane pomi\u0119dzy nimi jako \u015brodek transferu. Jest to najcz\u0119\u015bciej stosowany proces drukowania. Istniej\u0105: - arkuszowe prasy offsetowe i - zwojowe prasy offsetowe.\" class=\"encyclopedia\">druk offsetowy<\/a> i ich pomy\u015blne wdro\u017cenie w praktyce zosta\u0142y jasno przedstawione przez osoby zaanga\u017cowane w projekt. Zapewnienie nowych warunk\u00f3w drukowania, w tym nast\u0119pcy sprawdzonego na ca\u0142ym \u015bwiecie odniesienia \"ISO Coated V2\" (Fogra39), stworzy\u0142o podstaw\u0119 do ci\u0105g\u0142ego i ulepszonego stosowania standardu procesu druku offsetowego.<\/p>\n<p class=\"bodytext\"><strong>\u015aroda, 30 wrze\u015bnia 2015 r. - od 10:00 do 12:30<\/strong><br>\n<strong>Uniwersytet Medi\u00f3w w Stuttgarcie (HdM)&nbsp;<\/strong><\/p>\n<p class=\"bodytext\"><strong>Nowy budynek Wydzia\u0142u 3, parter, sala wyk\u0142adowa i003&nbsp;<\/strong><br>\n<strong>Nobelstra\u00dfe 10, D-70569 Stuttgart (Vaihingen)<\/strong>\"<\/p>\n<p class=\"bodytext\">Rejestracja jest mo\u017cliwa za po\u015brednictwem adresu e-mail&nbsp;<a href=\"mailto:ks@bvdm-online.de\">ks(at)bvdm-online(dot)de<\/a>&nbsp;wymagane. Dokumenty mo\u017cna r\u00f3wnie\u017c zam\u00f3wi\u0107 tutaj, je\u015bli nie mog\u0105 Pa\u0144stwo um\u00f3wi\u0107 si\u0119 na spotkanie.<\/p>\n<p class=\"bodytext\">Za po\u015brednictwem listy mailingowej ECI z\u0142o\u017cono zapytania, czy wydarzenie b\u0119dzie r\u00f3wnie\u017c transmitowane w Internecie, poniewa\u017c - r\u00f3wnie\u017c ze wzgl\u0119du na kr\u00f3tkie powiadomienie o dacie - wiele os\u00f3b prawdopodobnie nie b\u0119dzie mog\u0142o w nim uczestniczy\u0107. Jak dot\u0105d nie s\u0105 znane dalsze szczeg\u00f3\u0142y.<\/p>\n<p class=\"bodytext\"><strong>Uzupe\u0142nienie 19\/09\/2015:<\/strong><\/p>\n<p class=\"bodytext\">Dzi\u015b Fogra wystosowa\u0142a r\u00f3wnie\u017c zaproszenie na inauguracj\u0119 w Stuttgarcie za po\u015brednictwem swojej listy mailingowej. Na ich stronie internetowej nie ma jeszcze dok\u0142adnej daty, ale jest plik PDF od Andreasa Krau\u00dfhaara, w kt\u00f3rym opisuje on funkcje i do\u015bwiadczenia z nadchodz\u0105cym E<a href=\"https:\/\/blog.proofs.de\/pl\/lexikon\/pso\/\" target=\"_self\" title='PSO to skr\u00f3t od &quot;ProzessStandard Offsetdruck&quot;, standardu opracowanego wsp\u00f3lnie przez Fogra i Niemieck\u0105 Federacj\u0119 Przemys\u0142u Poligraficznego i Medi\u00f3w. ProcessStandard Offset to zbi\u00f3r norm i standaryzacji dla druku offsetowego.' class=\"encyclopedia\">pso<\/a>n Sure Color P 7000 i P 9000 firmy Epson, a tak\u017ce szczeg\u00f3\u0142y dotycz\u0105ce nadchodz\u0105cych standard\u00f3w. Mog\u0105 Pa\u0144stwo pobra\u0107 plik PDF ze strony internetowej Fogra tutaj:<\/p>\n<p class=\"bodytext\"><a href=\"http:\/\/www.fogra.de\/index.php?menuid=239&amp;downloadid=956&amp;reporeid=184\">Prezentacja Epson SureColor SP-7000 w dniu 16.9.215 w Meerbusch<\/a><br>\n<a href=\"http:\/\/www.fogra.de\/index.php?menuid=239&amp;downloadid=956&amp;reporeid=184\">Do\u015bwiadczenie z \"Violet\" i status standardu FOGRA51\/52<\/a><\/p>","protected":false},"excerpt":{"rendered":"<p>Wraz z Fogra i ECI, bvdm zaprasza Pa\u0144stwa na wsp\u00f3lne \"rozpocz\u0119cie\" nowych warunk\u00f3w druku w dniu 30 wrze\u015bnia 2015 r. na Uniwersytecie Medialnym w Stuttgarcie. Jako jedyne zaanga\u017cowane stowarzyszenie, bvdm nag\u0142o\u015bni\u0142o to wydarzenie na swojej stronie internetowej. Jest to prawdopodobnie jeden z powod\u00f3w, dla kt\u00f3rych wiele zainteresowanych stron nie dowiedzia\u0142o si\u0119 jeszcze o tym wydarzeniu. Dlatego chcia\u0142bym skorzysta\u0107 z okazji, aby jeszcze raz wyra\u017anie zwr\u00f3ci\u0107 uwag\u0119 na wydarzenie, kt\u00f3re jest otwarte dla odwiedzaj\u0105cych z bran\u017cy: Na stronie internetowej bvdm znajd\u0105 Pa\u0144stwo nast\u0119puj\u0105ce informacje: \"Bundesverband Druck und Medien e.V. (bvdm), European Colour Initiative (ECI) i ... <\/p>\n<p class=\"read-more-container\"><a title=\"Start: PSOCoatedV3 i PSOUncoatedV3 30 wrze\u015bnia 2015 r. w Stuttgarcie\" class=\"read-more button\" href=\"https:\/\/blog.proofs.de\/pl\/kick-off-psocoatedv3-und-psouncoatedv3-am-30-09-2015-in-stuttgart\/#more-1386\" aria-label=\"Dowiedz si\u0119 wi\u0119cej o Kick-off: PSOCoatedV3 i PSOUncoatedV3 30 wrze\u015bnia 2015 r. w Stuttgarcie\">Czytaj wi\u0119cej<\/a><\/p>","protected":false},"author":2,"featured_media":0,"comment_status":"open","ping_status":"open","sticky":false,"template":"","format":"standard","meta":{"om_disable_all_campaigns":false,"inline_featured_image":false,"_monsterinsights_skip_tracking":false,"footnotes":""},"categories":[1,7,442],"tags":[575,530,577,576,522,181,183,568,484,485],"class_list":["post-1386","post","type-post","status-publish","format-standard","hentry","category-allgemein","category-proof-wissen","category-prozessstandard-offsetdruck-proof-wissen","tag-bvdm","tag-eci","tag-epson-sure-color-p-9000","tag-epson-sure-color-p7000","tag-fogra","tag-fogra51","tag-fogra52","tag-oba","tag-psocoatedv3","tag-psouncoatedv3","generate-columns","tablet-grid-50","mobile-grid-100","grid-parent","grid-50","no-featured-image-padding"],"aioseo_notices":[],"aioseo_head":"\n\t\t<!-- All in One SEO 5.0.1.1 - aioseo.com -->\n\t<meta name=\"description\" content=\"Der bvdm l\u00e4dt zusammen mit Fogra und ECI zu einem gemeinsamen &quot;Kick-Off&quot; der neuen Druckbedingungen am 30.09.2015 in die Hochschule der Medien nach Stuttgart.\" \/>\n\t<meta name=\"robots\" content=\"max-image-preview:large\" \/>\n\t<meta name=\"author\" content=\"Matthias Betz\"\/>\n\t<meta name=\"google-site-verification\" content=\"TuXxyRwxcEg2-WfOaQ8vScWQh3-uBAnxXmY7g3GT90A\" \/>\n\t<meta name=\"keywords\" content=\"psocoatedv3,psouncoatedv3,fogra51,fogra52,oba,bvdm,fogra,eci,,bvdm,eci,epson sure color p 9000,epson sure color p7000,fogra,fogra51,fogra52,oba,psocoatedv3,psouncoatedv3\" \/>\n\t<link rel=\"canonical\" href=\"https:\/\/blog.proofs.de\/pl\/kick-off-psocoatedv3-und-psouncoatedv3-am-30-09-2015-in-stuttgart\/\" \/>\n\t<meta name=\"generator\" content=\"All in One SEO (AIOSEO) 5.0.1.1\" \/>\n\n\t\t<meta name=\"seobility\" content=\"593a8578143db71543f014978c690d47\">\n\t\t<meta property=\"og:locale\" content=\"pl_PL\" \/>\n\t\t<meta property=\"og:site_name\" content=\"Proof.de | Alles zu Proof, Farbmanagement, Grafik, Messtechnik &amp; Co.\" \/>\n\t\t<meta property=\"og:type\" content=\"article\" \/>\n\t\t<meta property=\"og:title\" content=\"Kick-off: PSOCoatedV3 und PSOUncoatedV3 am 30.9. | proof.de\" \/>\n\t\t<meta property=\"og:description\" content=\"Der bvdm l\u00e4dt zusammen mit Fogra und ECI zu einem gemeinsamen &quot;Kick-Off&quot; der neuen Druckbedingungen am 30.09.2015 in die Hochschule der Medien nach Stuttgart.\" \/>\n\t\t<meta property=\"og:url\" content=\"https:\/\/blog.proofs.de\/pl\/kick-off-psocoatedv3-und-psouncoatedv3-am-30-09-2015-in-stuttgart\/\" \/>\n\t\t<meta property=\"og:image\" content=\"https:\/\/blog1.proofen.de\/wp-content\/uploads\/2020\/04\/proof_background.jpg\" \/>\n\t\t<meta property=\"og:image:secure_url\" content=\"https:\/\/blog1.proofen.de\/wp-content\/uploads\/2020\/04\/proof_background.jpg\" \/>\n\t\t<meta property=\"article:published_time\" content=\"2015-09-16T22:59:25+00:00\" \/>\n\t\t<meta property=\"article:modified_time\" content=\"2020-04-15T23:10:38+00:00\" \/>\n\t\t<meta property=\"article:publisher\" content=\"https:\/\/www.facebook.com\/Proof.de\/\" \/>\n\t\t<meta name=\"twitter:card\" content=\"summary\" \/>\n\t\t<meta name=\"twitter:title\" content=\"Kick-off: PSOCoatedV3 und PSOUncoatedV3 am 30.9. | proof.de\" \/>\n\t\t<meta name=\"twitter:description\" content=\"Der bvdm l\u00e4dt zusammen mit Fogra und ECI zu einem gemeinsamen &quot;Kick-Off&quot; der neuen Druckbedingungen am 30.09.2015 in die Hochschule der Medien nach Stuttgart.\" \/>\n\t\t<meta name=\"twitter:image\" content=\"https:\/\/blog1.proofen.de\/wp-content\/uploads\/2020\/04\/proof_background.jpg\" \/>\n\t\t<script type=\"application\/ld+json\" class=\"aioseo-schema\">\n\t\t\t{\"@context\":\"https:\\\/\\\/schema.org\",\"@graph\":[{\"@type\":\"Article\",\"@id\":\"https:\\\/\\\/blog.proofs.de\\\/pl\\\/kick-off-psocoatedv3-und-psouncoatedv3-am-30-09-2015-in-stuttgart\\\/#article\",\"name\":\"Kick-off: PSOCoatedV3 und PSOUncoatedV3 am 30.9. | proof.de\",\"headline\":\"Kick-off: PSOCoatedV3 und PSOUncoatedV3 am 30.09.2015 in Stuttgart\",\"author\":{\"@id\":\"https:\\\/\\\/blog.proofs.de\\\/pl\\\/author\\\/mbetz\\\/#author\"},\"publisher\":{\"@id\":\"https:\\\/\\\/blog.proofs.de\\\/pl\\\/#organization\"},\"image\":{\"@type\":\"ImageObject\",\"url\":\"https:\\\/\\\/blog1.proofen.de\\\/wp-content\\\/uploads\\\/2019\\\/09\\\/logo_proof_rgb_mit_balken_250px.png\",\"@id\":\"https:\\\/\\\/blog.proofs.de\\\/pl\\\/#articleImage\"},\"datePublished\":\"2015-09-17T00:59:25+02:00\",\"dateModified\":\"2020-04-16T01:10:38+02:00\",\"inLanguage\":\"pl-PL\",\"commentCount\":5,\"mainEntityOfPage\":{\"@id\":\"https:\\\/\\\/blog.proofs.de\\\/pl\\\/kick-off-psocoatedv3-und-psouncoatedv3-am-30-09-2015-in-stuttgart\\\/#webpage\"},\"isPartOf\":{\"@id\":\"https:\\\/\\\/blog.proofs.de\\\/pl\\\/kick-off-psocoatedv3-und-psouncoatedv3-am-30-09-2015-in-stuttgart\\\/#webpage\"},\"articleSection\":\"Allgemein, Proof Wissen, Prozessstandard Offsetdruck, bvdm, ECI, Epson Sure Color P 9000, Epson Sure Color P7000, Fogra, Fogra51, Fogra52, OBA, PSOcoatedV3, PSOUncoatedV3\"},{\"@type\":\"BreadcrumbList\",\"@id\":\"https:\\\/\\\/blog.proofs.de\\\/pl\\\/kick-off-psocoatedv3-und-psouncoatedv3-am-30-09-2015-in-stuttgart\\\/#breadcrumblist\",\"itemListElement\":[{\"@type\":\"ListItem\",\"@id\":\"https:\\\/\\\/blog.proofs.de\\\/pl#listItem\",\"position\":1,\"name\":\"Home\",\"item\":\"https:\\\/\\\/blog.proofs.de\\\/pl\",\"nextItem\":{\"@type\":\"ListItem\",\"@id\":\"https:\\\/\\\/blog.proofs.de\\\/pl\\\/thema\\\/proof-wissen\\\/#listItem\",\"name\":\"Proof Wissen\"}},{\"@type\":\"ListItem\",\"@id\":\"https:\\\/\\\/blog.proofs.de\\\/pl\\\/thema\\\/proof-wissen\\\/#listItem\",\"position\":2,\"name\":\"Proof Wissen\",\"item\":\"https:\\\/\\\/blog.proofs.de\\\/pl\\\/thema\\\/proof-wissen\\\/\",\"nextItem\":{\"@type\":\"ListItem\",\"@id\":\"https:\\\/\\\/blog.proofs.de\\\/pl\\\/thema\\\/proof-wissen\\\/prozessstandard-offsetdruck-proof-wissen\\\/#listItem\",\"name\":\"Prozessstandard Offsetdruck\"},\"previousItem\":{\"@type\":\"ListItem\",\"@id\":\"https:\\\/\\\/blog.proofs.de\\\/pl#listItem\",\"name\":\"Home\"}},{\"@type\":\"ListItem\",\"@id\":\"https:\\\/\\\/blog.proofs.de\\\/pl\\\/thema\\\/proof-wissen\\\/prozessstandard-offsetdruck-proof-wissen\\\/#listItem\",\"position\":3,\"name\":\"Prozessstandard Offsetdruck\",\"item\":\"https:\\\/\\\/blog.proofs.de\\\/pl\\\/thema\\\/proof-wissen\\\/prozessstandard-offsetdruck-proof-wissen\\\/\",\"nextItem\":{\"@type\":\"ListItem\",\"@id\":\"https:\\\/\\\/blog.proofs.de\\\/pl\\\/kick-off-psocoatedv3-und-psouncoatedv3-am-30-09-2015-in-stuttgart\\\/#listItem\",\"name\":\"Kick-off: PSOCoatedV3 und PSOUncoatedV3 am 30.09.2015 in Stuttgart\"},\"previousItem\":{\"@type\":\"ListItem\",\"@id\":\"https:\\\/\\\/blog.proofs.de\\\/pl\\\/thema\\\/proof-wissen\\\/#listItem\",\"name\":\"Proof Wissen\"}},{\"@type\":\"ListItem\",\"@id\":\"https:\\\/\\\/blog.proofs.de\\\/pl\\\/kick-off-psocoatedv3-und-psouncoatedv3-am-30-09-2015-in-stuttgart\\\/#listItem\",\"position\":4,\"name\":\"Kick-off: PSOCoatedV3 und PSOUncoatedV3 am 30.09.2015 in Stuttgart\",\"previousItem\":{\"@type\":\"ListItem\",\"@id\":\"https:\\\/\\\/blog.proofs.de\\\/pl\\\/thema\\\/proof-wissen\\\/prozessstandard-offsetdruck-proof-wissen\\\/#listItem\",\"name\":\"Prozessstandard Offsetdruck\"}}]},{\"@type\":\"Organization\",\"@id\":\"https:\\\/\\\/blog.proofs.de\\\/pl\\\/#organization\",\"name\":\"Proof GmbH\",\"description\":\"Farbverbindlicher Proof, Farbproof, Digitalproof und Online-Proof.\",\"url\":\"https:\\\/\\\/blog.proofs.de\\\/pl\\\/\",\"telephone\":\"+4970717952740\",\"logo\":{\"@type\":\"ImageObject\",\"url\":\"https:\\\/\\\/blog1.proofen.de\\\/wp-content\\\/uploads\\\/2019\\\/09\\\/logo_proof_rgb_mit_balken_250px.png\",\"@id\":\"https:\\\/\\\/blog.proofs.de\\\/pl\\\/kick-off-psocoatedv3-und-psouncoatedv3-am-30-09-2015-in-stuttgart\\\/#organizationLogo\"},\"image\":{\"@id\":\"https:\\\/\\\/blog.proofs.de\\\/pl\\\/kick-off-psocoatedv3-und-psouncoatedv3-am-30-09-2015-in-stuttgart\\\/#organizationLogo\"},\"sameAs\":[\"https:\\\/\\\/www.facebook.com\\\/Proof.de\\\/\",\"https:\\\/\\\/www.instagram.com\\\/proof.de\\\/\",\"https:\\\/\\\/www.tiktok.com\\\/@proof_de\",\"https:\\\/\\\/www.youtube.com\\\/channel\\\/UCk80fQVQ25wC9wu3SywB-Nw\",\"https:\\\/\\\/www.linkedin.com\\\/company\\\/proof-de\"]},{\"@type\":\"Person\",\"@id\":\"https:\\\/\\\/blog.proofs.de\\\/pl\\\/author\\\/mbetz\\\/#author\",\"url\":\"https:\\\/\\\/blog.proofs.de\\\/pl\\\/author\\\/mbetz\\\/\",\"name\":\"Matthias Betz\",\"image\":{\"@type\":\"ImageObject\",\"@id\":\"https:\\\/\\\/blog.proofs.de\\\/pl\\\/kick-off-psocoatedv3-und-psouncoatedv3-am-30-09-2015-in-stuttgart\\\/#authorImage\",\"url\":\"https:\\\/\\\/blog.proofs.de\\\/wp-content\\\/uploads\\\/2020\\\/10\\\/matthias-betz-e1603934518350-150x150.png\",\"width\":96,\"height\":96,\"caption\":\"Matthias Betz\"}},{\"@type\":\"WebPage\",\"@id\":\"https:\\\/\\\/blog.proofs.de\\\/pl\\\/kick-off-psocoatedv3-und-psouncoatedv3-am-30-09-2015-in-stuttgart\\\/#webpage\",\"url\":\"https:\\\/\\\/blog.proofs.de\\\/pl\\\/kick-off-psocoatedv3-und-psouncoatedv3-am-30-09-2015-in-stuttgart\\\/\",\"name\":\"Kick-off: PSOCoatedV3 und PSOUncoatedV3 am 30.9. | proof.de\",\"description\":\"Der bvdm l\\u00e4dt zusammen mit Fogra und ECI zu einem gemeinsamen \\\"Kick-Off\\\" der neuen Druckbedingungen am 30.09.2015 in die Hochschule der Medien nach Stuttgart.\",\"inLanguage\":\"pl-PL\",\"isPartOf\":{\"@id\":\"https:\\\/\\\/blog.proofs.de\\\/pl\\\/#website\"},\"breadcrumb\":{\"@id\":\"https:\\\/\\\/blog.proofs.de\\\/pl\\\/kick-off-psocoatedv3-und-psouncoatedv3-am-30-09-2015-in-stuttgart\\\/#breadcrumblist\"},\"author\":{\"@id\":\"https:\\\/\\\/blog.proofs.de\\\/pl\\\/author\\\/mbetz\\\/#author\"},\"creator\":{\"@id\":\"https:\\\/\\\/blog.proofs.de\\\/pl\\\/author\\\/mbetz\\\/#author\"},\"datePublished\":\"2015-09-17T00:59:25+02:00\",\"dateModified\":\"2020-04-16T01:10:38+02:00\"},{\"@type\":\"WebSite\",\"@id\":\"https:\\\/\\\/blog.proofs.de\\\/pl\\\/#website\",\"url\":\"https:\\\/\\\/blog.proofs.de\\\/pl\\\/\",\"name\":\"Proof.de\",\"description\":\"Farbverbindlicher Proof, Farbproof, Digitalproof und Online-Proof.\",\"inLanguage\":\"pl-PL\",\"publisher\":{\"@id\":\"https:\\\/\\\/blog.proofs.de\\\/pl\\\/#organization\"}}]}\n\t\t<\/script>\n\t\t<!-- All in One SEO -->\n\n","aioseo_head_json":{"title":"Start: PSOCoatedV3 i PSOUncoatedV3 w dniu 30 wrze\u015bnia | proof.de","description":"Wraz z firmami Fogra i ECI, bvdm zaprasza Pa\u0144stwa na wsp\u00f3ln\u0105 inauguracj\u0119 nowych warunk\u00f3w druku, kt\u00f3ra odb\u0119dzie si\u0119 30 wrze\u015bnia 2015 r. na Uniwersytecie Medialnym w Stuttgarcie.","canonical_url":"https:\/\/blog.proofs.de\/pl\/kick-off-psocoatedv3-und-psouncoatedv3-am-30-09-2015-in-stuttgart\/","robots":"max-image-preview:large","keywords":"psocoatedv3,psouncoatedv3,fogra51,fogra52,oba,bvdm,fogra,eci,,bvdm,eci,epson sure color p 9000,epson sure color p7000,fogra,fogra51,fogra52,oba,psocoatedv3,psouncoatedv3","webmasterTools":{"google-site-verification":"TuXxyRwxcEg2-WfOaQ8vScWQh3-uBAnxXmY7g3GT90A","miscellaneous":"&lt;meta name=\"seobility\" content=\"593a8578143db71543f014978c690d47\"&gt;"},"schema":{"@context":"https:\/\/schema.org","@graph":[{"@type":"Article","@id":"https:\/\/blog.proofs.de\/pl\/kick-off-psocoatedv3-und-psouncoatedv3-am-30-09-2015-in-stuttgart\/#article","name":"Kick-off: PSOCoatedV3 und PSOUncoatedV3 am 30.9. | proof.de","headline":"Kick-off: PSOCoatedV3 und PSOUncoatedV3 am 30.09.2015 in Stuttgart","author":{"@id":"https:\/\/blog.proofs.de\/pl\/author\/mbetz\/#author"},"publisher":{"@id":"https:\/\/blog.proofs.de\/pl\/#organization"},"image":{"@type":"ImageObject","url":"https:\/\/blog1.proofen.de\/wp-content\/uploads\/2019\/09\/logo_proof_rgb_mit_balken_250px.png","@id":"https:\/\/blog.proofs.de\/pl\/#articleImage"},"datePublished":"2015-09-17T00:59:25+02:00","dateModified":"2020-04-16T01:10:38+02:00","inLanguage":"pl-PL","commentCount":5,"mainEntityOfPage":{"@id":"https:\/\/blog.proofs.de\/pl\/kick-off-psocoatedv3-und-psouncoatedv3-am-30-09-2015-in-stuttgart\/#webpage"},"isPartOf":{"@id":"https:\/\/blog.proofs.de\/pl\/kick-off-psocoatedv3-und-psouncoatedv3-am-30-09-2015-in-stuttgart\/#webpage"},"articleSection":"Allgemein, Proof Wissen, Prozessstandard Offsetdruck, bvdm, ECI, Epson Sure Color P 9000, Epson Sure Color P7000, Fogra, Fogra51, Fogra52, OBA, PSOcoatedV3, PSOUncoatedV3"},{"@type":"BreadcrumbList","@id":"https:\/\/blog.proofs.de\/pl\/kick-off-psocoatedv3-und-psouncoatedv3-am-30-09-2015-in-stuttgart\/#breadcrumblist","itemListElement":[{"@type":"ListItem","@id":"https:\/\/blog.proofs.de\/pl#listItem","position":1,"name":"Home","item":"https:\/\/blog.proofs.de\/pl","nextItem":{"@type":"ListItem","@id":"https:\/\/blog.proofs.de\/pl\/thema\/proof-wissen\/#listItem","name":"Proof Wissen"}},{"@type":"ListItem","@id":"https:\/\/blog.proofs.de\/pl\/thema\/proof-wissen\/#listItem","position":2,"name":"Proof Wissen","item":"https:\/\/blog.proofs.de\/pl\/thema\/proof-wissen\/","nextItem":{"@type":"ListItem","@id":"https:\/\/blog.proofs.de\/pl\/thema\/proof-wissen\/prozessstandard-offsetdruck-proof-wissen\/#listItem","name":"Prozessstandard Offsetdruck"},"previousItem":{"@type":"ListItem","@id":"https:\/\/blog.proofs.de\/pl#listItem","name":"Home"}},{"@type":"ListItem","@id":"https:\/\/blog.proofs.de\/pl\/thema\/proof-wissen\/prozessstandard-offsetdruck-proof-wissen\/#listItem","position":3,"name":"Prozessstandard Offsetdruck","item":"https:\/\/blog.proofs.de\/pl\/thema\/proof-wissen\/prozessstandard-offsetdruck-proof-wissen\/","nextItem":{"@type":"ListItem","@id":"https:\/\/blog.proofs.de\/pl\/kick-off-psocoatedv3-und-psouncoatedv3-am-30-09-2015-in-stuttgart\/#listItem","name":"Kick-off: PSOCoatedV3 und PSOUncoatedV3 am 30.09.2015 in Stuttgart"},"previousItem":{"@type":"ListItem","@id":"https:\/\/blog.proofs.de\/pl\/thema\/proof-wissen\/#listItem","name":"Proof Wissen"}},{"@type":"ListItem","@id":"https:\/\/blog.proofs.de\/pl\/kick-off-psocoatedv3-und-psouncoatedv3-am-30-09-2015-in-stuttgart\/#listItem","position":4,"name":"Kick-off: PSOCoatedV3 und PSOUncoatedV3 am 30.09.2015 in Stuttgart","previousItem":{"@type":"ListItem","@id":"https:\/\/blog.proofs.de\/pl\/thema\/proof-wissen\/prozessstandard-offsetdruck-proof-wissen\/#listItem","name":"Prozessstandard Offsetdruck"}}]},{"@type":"Organization","@id":"https:\/\/blog.proofs.de\/pl\/#organization","name":"Proof GmbH","description":"Farbverbindlicher Proof, Farbproof, Digitalproof und Online-Proof.","url":"https:\/\/blog.proofs.de\/pl\/","telephone":"+4970717952740","logo":{"@type":"ImageObject","url":"https:\/\/blog1.proofen.de\/wp-content\/uploads\/2019\/09\/logo_proof_rgb_mit_balken_250px.png","@id":"https:\/\/blog.proofs.de\/pl\/kick-off-psocoatedv3-und-psouncoatedv3-am-30-09-2015-in-stuttgart\/#organizationLogo"},"image":{"@id":"https:\/\/blog.proofs.de\/pl\/kick-off-psocoatedv3-und-psouncoatedv3-am-30-09-2015-in-stuttgart\/#organizationLogo"},"sameAs":["https:\/\/www.facebook.com\/Proof.de\/","https:\/\/www.instagram.com\/proof.de\/","https:\/\/www.tiktok.com\/@proof_de","https:\/\/www.youtube.com\/channel\/UCk80fQVQ25wC9wu3SywB-Nw","https:\/\/www.linkedin.com\/company\/proof-de"]},{"@type":"Person","@id":"https:\/\/blog.proofs.de\/pl\/author\/mbetz\/#author","url":"https:\/\/blog.proofs.de\/pl\/author\/mbetz\/","name":"Matthias Betz","image":{"@type":"ImageObject","@id":"https:\/\/blog.proofs.de\/pl\/kick-off-psocoatedv3-und-psouncoatedv3-am-30-09-2015-in-stuttgart\/#authorImage","url":"https:\/\/blog.proofs.de\/wp-content\/uploads\/2020\/10\/matthias-betz-e1603934518350-150x150.png","width":96,"height":96,"caption":"Matthias Betz"}},{"@type":"WebPage","@id":"https:\/\/blog.proofs.de\/pl\/kick-off-psocoatedv3-und-psouncoatedv3-am-30-09-2015-in-stuttgart\/#webpage","url":"https:\/\/blog.proofs.de\/pl\/kick-off-psocoatedv3-und-psouncoatedv3-am-30-09-2015-in-stuttgart\/","name":"Kick-off: PSOCoatedV3 und PSOUncoatedV3 am 30.9. | proof.de","description":"Der bvdm l\u00e4dt zusammen mit Fogra und ECI zu einem gemeinsamen \"Kick-Off\" der neuen Druckbedingungen am 30.09.2015 in die Hochschule der Medien nach Stuttgart.","inLanguage":"pl-PL","isPartOf":{"@id":"https:\/\/blog.proofs.de\/pl\/#website"},"breadcrumb":{"@id":"https:\/\/blog.proofs.de\/pl\/kick-off-psocoatedv3-und-psouncoatedv3-am-30-09-2015-in-stuttgart\/#breadcrumblist"},"author":{"@id":"https:\/\/blog.proofs.de\/pl\/author\/mbetz\/#author"},"creator":{"@id":"https:\/\/blog.proofs.de\/pl\/author\/mbetz\/#author"},"datePublished":"2015-09-17T00:59:25+02:00","dateModified":"2020-04-16T01:10:38+02:00"},{"@type":"WebSite","@id":"https:\/\/blog.proofs.de\/pl\/#website","url":"https:\/\/blog.proofs.de\/pl\/","name":"Proof.de","description":"Farbverbindlicher Proof, Farbproof, Digitalproof und Online-Proof.","inLanguage":"pl-PL","publisher":{"@id":"https:\/\/blog.proofs.de\/pl\/#organization"}}]},"og:locale":"pl_PL","og:site_name":"Proof.de | Alles zu Proof, Farbmanagement, Grafik, Messtechnik &amp; Co.","og:type":"article","og:title":"Kick-off: PSOCoatedV3 und PSOUncoatedV3 am 30.9. | proof.de","og:description":"Der bvdm l\u00e4dt zusammen mit Fogra und ECI zu einem gemeinsamen &quot;Kick-Off&quot; der neuen Druckbedingungen am 30.09.2015 in die Hochschule der Medien nach Stuttgart.","og:url":"https:\/\/blog.proofs.de\/pl\/kick-off-psocoatedv3-und-psouncoatedv3-am-30-09-2015-in-stuttgart\/","og:image":"https:\/\/blog1.proofen.de\/wp-content\/uploads\/2020\/04\/proof_background.jpg","og:image:secure_url":"https:\/\/blog1.proofen.de\/wp-content\/uploads\/2020\/04\/proof_background.jpg","article:published_time":"2015-09-16T22:59:25+00:00","article:modified_time":"2020-04-15T23:10:38+00:00","article:publisher":"https:\/\/www.facebook.com\/Proof.de\/","twitter:card":"summary","twitter:title":"Kick-off: PSOCoatedV3 und PSOUncoatedV3 am 30.9. | proof.de","twitter:description":"Der bvdm l\u00e4dt zusammen mit Fogra und ECI zu einem gemeinsamen &quot;Kick-Off&quot; der neuen Druckbedingungen am 30.09.2015 in die Hochschule der Medien nach Stuttgart.","twitter:image":"https:\/\/blog1.proofen.de\/wp-content\/uploads\/2020\/04\/proof_background.jpg"},"aioseo_meta_data":{"post_id":"1386","title":"Rozpocz\u0119cie: PSOCoatedV3 i PSOUncoatedV3 w dniu 30 wrze\u015bnia | proof.de","description":"Stowarzyszenie bvdm wraz z organizacjami Fogra i ECI zapraszaj\u0105 na wsp\u00f3ln\u0105 inauguracj\u0119 nowych warunk\u00f3w druku, kt\u00f3ra odb\u0119dzie si\u0119 30 wrze\u015bnia 2015 r. w Wy\u017cszej Szkole Medi\u00f3w w Stuttgarcie.","keywords":[{"label":"PSOCoatedV3,PSOUncoatedV3,Fogra51,Fogra52,OBA,bvdm,Fogra,ECI,","value":"PSOCoatedV3,PSOUncoatedV3,Fogra51,Fogra52,OBA,bvdm,Fogra,ECI,"}],"keyphrases":null,"primary_term":null,"canonical_url":null,"og_title":null,"og_description":null,"og_object_type":"default","og_image_type":"default","og_image_url":null,"og_image_width":null,"og_image_height":null,"og_image_custom_url":null,"og_image_custom_fields":null,"og_video":null,"og_custom_url":null,"og_article_section":null,"og_article_tags":null,"twitter_use_og":false,"twitter_card":"default","twitter_image_type":"default","twitter_image_url":null,"twitter_image_custom_url":null,"twitter_image_custom_fields":null,"twitter_title":null,"twitter_description":null,"schema":{"blockGraphs":[],"customGraphs":[],"default":{"data":{"Article":[],"Course":[],"Dataset":[],"FAQPage":[],"Movie":[],"Person":[],"Product":[],"ProductReview":[],"Car":[],"Recipe":[],"Service":[],"SoftwareApplication":[],"WebPage":[]},"graphName":"","isEnabled":true},"graphs":[],"defaultGraph":"","defaultPostTypeGraph":""},"schema_type":null,"schema_type_options":null,"pillar_content":false,"robots_default":true,"robots_noindex":false,"robots_noarchive":false,"robots_nosnippet":false,"robots_nofollow":false,"robots_noimageindex":false,"robots_noodp":false,"robots_notranslate":false,"robots_max_snippet":null,"robots_max_videopreview":null,"robots_max_imagepreview":"large","priority":null,"frequency":null,"local_seo":null,"breadcrumb_settings":null,"limit_modified_date":false,"ai":null,"created":"2020-12-21 00:36:00","updated":"2025-06-04 14:19:03","seo_analyzer_scan_date":null,"focus_keyword":null,"additional_keywords":null,"truseo_locale":null},"_links":{"self":[{"href":"https:\/\/blog.proofs.de\/pl\/wp-json\/wp\/v2\/posts\/1386","targetHints":{"allow":["GET"]}}],"collection":[{"href":"https:\/\/blog.proofs.de\/pl\/wp-json\/wp\/v2\/posts"}],"about":[{"href":"https:\/\/blog.proofs.de\/pl\/wp-json\/wp\/v2\/types\/post"}],"author":[{"embeddable":true,"href":"https:\/\/blog.proofs.de\/pl\/wp-json\/wp\/v2\/users\/2"}],"replies":[{"embeddable":true,"href":"https:\/\/blog.proofs.de\/pl\/wp-json\/wp\/v2\/comments?post=1386"}],"version-history":[{"count":5,"href":"https:\/\/blog.proofs.de\/pl\/wp-json\/wp\/v2\/posts\/1386\/revisions"}],"predecessor-version":[{"id":3371,"href":"https:\/\/blog.proofs.de\/pl\/wp-json\/wp\/v2\/posts\/1386\/revisions\/3371"}],"wp:attachment":[{"href":"https:\/\/blog.proofs.de\/pl\/wp-json\/wp\/v2\/media?parent=1386"}],"wp:term":[{"taxonomy":"category","embeddable":true,"href":"https:\/\/blog.proofs.de\/pl\/wp-json\/wp\/v2\/categories?post=1386"},{"taxonomy":"post_tag","embeddable":true,"href":"https:\/\/blog.proofs.de\/pl\/wp-json\/wp\/v2\/tags?post=1386"}],"curies":[{"name":"wp","href":"https:\/\/api.w.org\/{rel}","templated":true}]}}