{"id":2110,"date":"2019-04-16T00:17:32","date_gmt":"2019-04-15T22:17:32","guid":{"rendered":"http:\/\/www.proof.de\/?p=2110"},"modified":"2020-05-08T02:26:06","modified_gmt":"2020-05-08T00:26:06","slug":"nasze-wydruki-probne-zostaly-zmierzone-dwukrotnie-dla-wiekszej-precyzji-kolorow","status":"publish","type":"post","link":"https:\/\/blog.proofs.de\/pl\/unsere-proofs-doppelt-gemessen-fuer-mehr-farbpraezision\/","title":{"rendered":"Nasze odbitki pr\u00f3bne: zmierzone dwukrotnie dla wi\u0119kszej precyzji kolor\u00f3w"},"content":{"rendered":"<div class=\"kk-star-ratings kksr-auto kksr-align-right kksr-valign-top\" data-payload='{\"align\":\"right\",\"id\":\"2110\",\"slug\":\"default\",\"valign\":\"top\",\"ignore\":\"\",\"reference\":\"auto\",\"class\":\"\",\"count\":\"0\",\"legendonly\":\"\",\"readonly\":\"\",\"score\":\"0\",\"starsonly\":\"\",\"best\":\"5\",\"gap\":\"5\",\"greet\":\"Jetzt bewerten\",\"legend\":\"0\\\/5 - (0 votes)\",\"size\":\"24\",\"title\":\"Unsere Proofs: Doppelt gemessen f&uuml;r mehr Farbpr&auml;zision\",\"width\":\"0\",\"_legend\":\"{score}\\\/{best} - ({count} {votes})\",\"font_factor\":\"1.25\"}'>\n            \n<div class=\"kksr-stars\">\n    \n<div class=\"kksr-stars-inactive\">\n            <div class=\"kksr-star\" data-star=\"1\" style=\"padding-right: 5px\">\n            \n\n<div class=\"kksr-icon\" style=\"width: 24px; height: 24px;\"><\/div>\n        <\/div>\n            <div class=\"kksr-star\" data-star=\"2\" style=\"padding-right: 5px\">\n            \n\n<div class=\"kksr-icon\" style=\"width: 24px; height: 24px;\"><\/div>\n        <\/div>\n            <div class=\"kksr-star\" data-star=\"3\" style=\"padding-right: 5px\">\n            \n\n<div class=\"kksr-icon\" style=\"width: 24px; height: 24px;\"><\/div>\n        <\/div>\n            <div class=\"kksr-star\" data-star=\"4\" style=\"padding-right: 5px\">\n            \n\n<div class=\"kksr-icon\" style=\"width: 24px; height: 24px;\"><\/div>\n        <\/div>\n            <div class=\"kksr-star\" data-star=\"5\" style=\"padding-right: 5px\">\n            \n\n<div class=\"kksr-icon\" style=\"width: 24px; height: 24px;\"><\/div>\n        <\/div>\n    <\/div>\n    \n<div class=\"kksr-stars-active\" style=\"width: 0px;\">\n            <div class=\"kksr-star\" style=\"padding-right: 5px\">\n            \n\n<div class=\"kksr-icon\" style=\"width: 24px; height: 24px;\"><\/div>\n        <\/div>\n            <div class=\"kksr-star\" style=\"padding-right: 5px\">\n            \n\n<div class=\"kksr-icon\" style=\"width: 24px; height: 24px;\"><\/div>\n        <\/div>\n            <div class=\"kksr-star\" style=\"padding-right: 5px\">\n            \n\n<div class=\"kksr-icon\" style=\"width: 24px; height: 24px;\"><\/div>\n        <\/div>\n            <div class=\"kksr-star\" style=\"padding-right: 5px\">\n            \n\n<div class=\"kksr-icon\" style=\"width: 24px; height: 24px;\"><\/div>\n        <\/div>\n            <div class=\"kksr-star\" style=\"padding-right: 5px\">\n            \n\n<div class=\"kksr-icon\" style=\"width: 24px; height: 24px;\"><\/div>\n        <\/div>\n    <\/div>\n<\/div>\n                \n\n<div class=\"kksr-legend\" style=\"font-size: 19.2px;\">\n            <span class=\"kksr-muted\">Prosz\u0119 oceni\u0107 teraz<\/span>\n    <\/div>\n    <\/div>\n<p>A <a href=\"https:\/\/blog.proofs.de\/pl\/lexikon\/proof\/\" target=\"_self\" title=\"Odbitka pr\u00f3bna to certyfikowane zgodnie z norm\u0105 ISO 12647-7 urz\u0105dzenie testuj\u0105ce dla bran\u017cy poligraficznej. Odbitka pr\u00f3bna symuluje kolorystyk\u0119 druku offsetowego lub wkl\u0119s\u0142ego w spos\u00f3b kolorystyczny i prawnie wi\u0105\u017c\u0105cy w ramach w\u0105skich tolerancji normy ISO.\" class=\"encyclopedia\">Dow\u00f3d<\/a> Dla nas oznacza to bardzo dok\u0142adne odwzorowanie kolorystyczne motywu klienta w ramach tolerancji bie\u017c\u0105cego projektu. <a href=\"https:\/\/blog.proofs.de\/pl\/lexikon\/iso-12647\/\" target=\"_self\" title=\"ISO 12647 to norma ISO odpowiedzialna za drukowanie. Okre\u015bla ona najwa\u017cniejsze kluczowe punkty dla znormalizowanych, dok\u0142adnych kolorystycznie wydruk\u00f3w.\" class=\"encyclopedia\">ISO 12647<\/a>-7:2016.<\/p>\n<p>Nasze standardy zawsze by\u0142y wy\u017csze ni\u017c dopuszczalne przez norm\u0119. Chcemy mie\u015bci\u0107 si\u0119 w po\u0142owie dopuszczalnych tolerancji. W wi\u0119kszo\u015bci przypadk\u00f3w udaje nam si\u0119 to osi\u0105gn\u0105\u0107.<\/p>\n<p>Ale je\u015bli u\u017cyje Pan tego samego motywu dwa razy w odst\u0119pie jednego tygodnia <a href=\"https:\/\/blog.proofs.de\/pl\/lexikon\/proofen\/\" target=\"_self\" title='&quot;Proofing&quot; oznacza wykonanie proofa lub zlecenie jego wykonania. &quot;Nadal musz\u0119 mie\u0107 proof broszury&quot; to typowe sformu\u0142owanie dla s\u0142owa &quot;proof&quot;. Proofing oznacza zatem wykonanie kolorowego i prawnie wi\u0105\u017c\u0105cego proofa zgodnie z aktualn\u0105 norm\u0105 ISO 12647-7.' class=\"encyclopedia\">dow\u00f3d<\/a> w <a href=\"https:\/\/blog.proofs.de\/pl\/lexikon\/proofs\/\" target=\"_self\" title=\"W sektorze poligraficznym odbitki pr\u00f3bne (lub wydruki testowe) odnosz\u0105 si\u0119 do dok\u0142adnej kolorystycznie i prawnie wi\u0105\u017c\u0105cej symulacji wyniku drukowania do cel\u00f3w kontrolnych. Norm\u0105 dotycz\u0105c\u0105 wydruk\u00f3w pr\u00f3bnych jest ISO 12647-7:2016, tj. aktualna wersja z 2016 roku.\" class=\"encyclopedia\">Dowody<\/a> zawsze r\u00f3\u017cni\u0105 si\u0119 nieco od siebie:<\/p>\n<ul>\n<li>Mimo bardzo stabilnych kolor\u00f3w, \u017cadna drukarka proof nie drukuje zawsze identycznie<\/li>\n<li>Pomi\u0119dzy tymi dwoma dowodami mog\u0142a zosta\u0107 napisana nowa kalibracja lub nowy profil optymalizacji, kt\u00f3ry nie jest ju\u017c dok\u0142adnie identyczny z poprzednim, starym profilem optymalizacji.<\/li>\n<li>Wahania temperatury i wilgotno\u015bci r\u00f3wnie\u017c mog\u0105 mie\u0107 niewielki wp\u0142yw na odwzorowanie kolor\u00f3w, zw\u0142aszcza latem.<\/li>\n<li>Urz\u0105dzenia pomiarowe zawsze charakteryzuj\u0105 si\u0119 pewn\u0105 zmienno\u015bci\u0105 w zale\u017cno\u015bci od urz\u0105dzenia i pomiaru, co mo\u017ce przejawia\u0107 si\u0119 w r\u00f3\u017cnych protoko\u0142ach testowych i r\u00f3\u017cnych kalibracjach urz\u0105dze\u0144.<\/li>\n<\/ul>\n<p>Przeprowadzili\u015bmy r\u00f3wnie\u017c dow\u00f3d na trzech r\u00f3\u017cnych E<a href=\"https:\/\/blog.proofs.de\/pl\/lexikon\/pso\/\" target=\"_self\" title='PSO to skr\u00f3t od &quot;ProzessStandard Offsetdruck&quot;, standardu opracowanego wsp\u00f3lnie przez Fogra i Niemieck\u0105 Federacj\u0119 Przemys\u0142u Poligraficznego i Medi\u00f3w. ProcessStandard Offset to zbi\u00f3r norm i standaryzacji dla druku offsetowego.' class=\"encyclopedia\">pso<\/a>n modeli drukarek proof, z kt\u00f3rych wszystkie maj\u0105 wbudowany spektroproofer z mechanizmem pomiarowym X-Rite ILS30. Oznacza to, \u017ce mamy wysok\u0105 przepustowo\u015b\u0107 i mo\u017cemy szybko przetwarza\u0107 i wysy\u0142a\u0107 wi\u0119ksze zam\u00f3wienia. Istnieje jednak r\u00f3wnie\u017c mo\u017cliwo\u015b\u0107, \u017ce wydruki pr\u00f3bne s\u0105 tworzone na r\u00f3\u017cnych drukarkach pr\u00f3bnych i sprawdzane przy u\u017cyciu r\u00f3\u017cnych mechanizm\u00f3w pomiarowych. Skutkuje to oczywi\u015bcie wi\u0119kszymi odchyleniami mi\u0119dzy dwoma wydrukami pr\u00f3bnymi ni\u017c w przypadku us\u0142ugodawc\u00f3w, kt\u00f3rzy maj\u0105 tylko jedn\u0105 drukark\u0119 pr\u00f3bn\u0105 i jeden mechanizm pomiarowy.<\/p>\n<h2>Nasze dowody: podw\u00f3jny pomiar jest bardziej precyzyjny<\/h2>\n<p>Aby m\u00f3c zagwarantowa\u0107 Pa\u0144stwu optymaln\u0105 precyzj\u0119 i jednorodno\u015b\u0107 koloru, u\u017cywamy r\u00f3\u017cnych urz\u0105dze\u0144 pomiarowych do linearyzacji, profilowania, optymalizacji profilu i weryfikacji raportu z testu.<\/p>\n<ul>\n<li>Linearyzacja i p\u00f3\u017aniejsze profilowanie naszych korektor\u00f3w jest przeprowadzane w pe\u0142ni automatycznie w urz\u0105dzeniu przez wbudowany spektroproofer X-Rite z ILS30<\/li>\n<li>Jeszcze bardziej precyzyjna optymalizacja profilu w oparciu o profilowanie jest mierzona za pomoc\u0105 zewn\u0119trznego i1 Pro 2 na stole iO. Mierzymy i optymalizujemy od trzech do czterech iteracji na raz, a nast\u0119pnie wybieramy najlepszy profil optymalizacyjny dla danego proofera<\/li>\n<li>Je\u015bli maj\u0105 Pa\u0144stwo <a href=\"https:\/\/blog.proofs.de\/pl\/lexikon\/medienkeil\/\" target=\"_self\" title=\"Klin no\u015bnika to znormalizowany wzorzec testowy stosowany w przemy\u015ble drukarskim i zarz\u0105dzaniu kolorami. Klin no\u015bnika sk\u0142ada si\u0119 z szeregu plam barwnych o znanych warto\u015bciach i nat\u0119\u017ceniach kolor\u00f3w. Jest on u\u017cywany do sprawdzania dok\u0142adno\u015bci kolor\u00f3w i reprodukcji kolor\u00f3w wydruk\u00f3w, zw\u0142aszcza podczas kalibracji system\u00f3w zarz\u0105dzania kolorami. Klin no\u015bnika zawiera seri\u0119 plam barwnych o r\u00f3\u017cnych kolorach, w tym...\" class=\"encyclopedia\">Klin medialny<\/a> z raportem z testu, kt\u00f3ry jest generowany w pe\u0142ni automatycznie przez wbudowany Spectroproofer<\/li>\n<\/ul>\n<h2>Ta procedura ma decyduj\u0105ce zalety pod wzgl\u0119dem precyzji kolor\u00f3w:<\/h2>\n<ul>\n<li>Wszystkie drukarki proof s\u0105 optymalizowane przy u\u017cyciu tego samego zewn\u0119trznego urz\u0105dzenia pomiarowego. Pozwala to na wyr\u00f3wnanie r\u00f3\u017cnic i waha\u0144 pomi\u0119dzy poszczeg\u00f3lnymi drukarkami i mechanizmami pomiarowymi. Skutkuje to niemal identycznymi kolorystycznie wydrukami pr\u00f3bnymi, niezale\u017cnie od tego, na kt\u00f3rej drukarce pr\u00f3bnej zosta\u0142y wyprodukowane<\/li>\n<li>Dow\u00f3d jest mierzony i sprawdzany indywidualnie dla ka\u017cdego klina no\u015bnika wraz z raportem z testu. W zwi\u0105zku z tym, je\u015bli wyst\u0119puj\u0105 rozbie\u017cno\u015bci mi\u0119dzy zewn\u0119trznym i wewn\u0119trznym <a href=\"https:\/\/blog.proofs.de\/pl\/lexikon\/spektralfotometer\/\" target=\"_self\" title=\"Spektrofotometry to wysokiej jako\u015bci urz\u0105dzenia do pomiaru kolor\u00f3w, kt\u00f3re mog\u0105 mierzy\u0107 i precyzyjnie opisywa\u0107 dowolny kolor. Urz\u0105dzenie pomiarowe osi\u0105ga to poprzez o\u015bwietlanie powierzchni pomiarowej ca\u0142ym spektrum \u015bwiat\u0142a widzialnego. Warto\u015bci wsp\u00f3\u0142czynnika odbicia okre\u015blonych d\u0142ugo\u015bci fal razem daj\u0105 warto\u015b\u0107 pomiarow\u0105, kt\u00f3ra jest cz\u0119sto wy\u015bwietlana w trybie Lab (tryb pomiaru mo\u017cna dowolnie wybiera\u0107 od M0 do M2). Zmierzone warto\u015bci spektralne mo\u017cna jednak r\u00f3wnie\u017c zapisa\u0107 bezpo\u015brednio. Wysokiej jako\u015bci drukarki proof posiadaj\u0105 w\u0142asne spektrofotometry, aby m\u00f3c bezpo\u015brednio zweryfikowa\u0107 wydruk.\" class=\"encyclopedia\">Spektrofotometr<\/a> &nbsp;protok\u00f3\u0142 testowy zako\u0144czy\u0142by si\u0119 natychmiast niepowodzeniem<\/li>\n<li>Zapobiega to na przyk\u0142ad sytuacji, w kt\u00f3rej urz\u0105dzenie pomiarowe \u015blepnie na \"zielone oko\", ale stale si\u0119 sprawdza i dlatego nigdy tego nie zauwa\u017ca<\/li>\n<\/ul>\n<p>\u015aci\u015ble m\u00f3wi\u0105c, sprawia to, \u017ce ka\u017cdy dow\u00f3d jest nie tylko d<a href=\"https:\/\/blog.proofs.de\/pl\/lexikon\/opp\/\" target=\"_self\" title='&quot;OPP&quot; oznacza &quot;orientowany polipropylen&quot;, rodzaj folii z tworzywa sztucznego. Folia OPP jest wykonana z polipropylenu i charakteryzuje si\u0119 orientacj\u0105. Orientacj\u0119 materia\u0142u uzyskuje si\u0119 w specjalnym procesie produkcyjnym, w kt\u00f3rym folia jest rozci\u0105gana w celu poprawy jej w\u0142a\u015bciwo\u015bci fizycznych. Folie OPP s\u0105 przezroczyste, b\u0142yszcz\u0105ce i maj\u0105 g\u0142adk\u0105 powierzchni\u0119. Oferuj\u0105 wysok\u0105 przejrzysto\u015b\u0107, s\u0105 odporne na rozdarcia, wodoodporne i maj\u0105 dobry efekt barierowy przed wilgoci\u0105, olejami i gazami. Te w\u0142a\u015bciwo\u015bci sprawiaj\u0105, \u017ce folie OPP s\u0105 wszechstronne i s\u0105 stosowane w r\u00f3\u017cnych obszarach, zw\u0142aszcza w przemy\u015ble opakowaniowym. Istniej\u0105 cztery tak zwane standardy &quot;finishing proof&quot; firmy Fogra dla laminacji foli\u0105 z matowymi foliami OPP i b\u0142yszcz\u0105cymi foliami OPP: Fogra49 i Fogra50 dla papier\u00f3w na bazie folii OPP w klasycznych standardach ISOCoatedV2 300% oraz Fogra56 i Fogra57 dla wyko\u0144czenia OPP wydruk\u00f3w PSOCoatedV3.' class=\"encyclopedia\">opp<\/a>Optymalizacja profilu jest sprawdzana na trzech drukarkach kontrolnych za pomoc\u0105 trzech mechanizm\u00f3w pomiarowych. Je\u015bli centralny mechanizm pomiarowy optymalizacji profilu dzia\u0142a\u0142by nieprawid\u0142owo, raporty z test\u00f3w wszystkich urz\u0105dze\u0144 sprawdzaj\u0105cych by\u0142yby niepoprawne. Je\u015bli jedno urz\u0105dzenie sprawdzaj\u0105ce i jeden mechanizm pomiarowy ulegn\u0105 awarii, raporty z test\u00f3w nie b\u0119d\u0105 dzia\u0142a\u0107 na jednym urz\u0105dzeniu, ale nie na wszystkich.<\/p>\n<p>Cho\u0107 procedura ta jest nieco bardziej z\u0142o\u017cona, przynosi ona nam i naszym klientom same korzy\u015bci. Nasze odbitki pr\u00f3bne s\u0105 tak jednorodne, jakby zosta\u0142y wyprodukowane tylko przez jedn\u0105 drukark\u0119 odbitek pr\u00f3bnych, ale jednocze\u015bnie zosta\u0142y przetworzone i zatwierdzone przez dwa mechanizmy pomiarowe po sprawdzeniu klina no\u015bnika. Daje to Pa\u0144stwu i nam zauwa\u017calny wzrost jako\u015bci procesu produkcji odbitek pr\u00f3bnych.<\/p>","protected":false},"excerpt":{"rendered":"<p>Dla nas proof oznacza bardzo dok\u0142adn\u0105 kolorystycznie reprodukcj\u0119 motywu klienta w granicach tolerancji aktualnej normy ISO 12647-7:2016. Nasze standardy zawsze by\u0142y wy\u017csze ni\u017c te dozwolone przez norm\u0119. Chcemy mie\u015bci\u0107 si\u0119 w po\u0142owie dopuszczalnych tolerancji. W wi\u0119kszo\u015bci przypadk\u00f3w udaje nam si\u0119 to osi\u0105gn\u0105\u0107. Je\u015bli jednak zlecaj\u0105 Pa\u0144stwo odbitki pr\u00f3bne tego samego motywu dwa razy w odst\u0119pie tygodnia, odbitki pr\u00f3bne zawsze b\u0119d\u0105 si\u0119 nieznacznie od siebie r\u00f3\u017cni\u0107: Chocia\u017c drukarka proofowa jest bardzo stabilna kolorystycznie, nie drukuje zawsze identycznie Pomi\u0119dzy dwoma proofami mo\u017cna zapisa\u0107 now\u0105 kalibracj\u0119 lub nowy profil optymalizacji. <\/p>\n<p class=\"read-more-container\"><a title=\"Nasze odbitki pr\u00f3bne: zmierzone dwukrotnie dla wi\u0119kszej precyzji kolor\u00f3w\" class=\"read-more button\" href=\"https:\/\/blog.proofs.de\/pl\/unsere-proofs-doppelt-gemessen-fuer-mehr-farbpraezision\/#more-2110\" aria-label=\"Dowiedz si\u0119 wi\u0119cej o Nasze wydruki pr\u00f3bne: mierzone dwukrotnie dla wi\u0119kszej precyzji kolor\u00f3w\">Czytaj wi\u0119cej<\/a><\/p>","protected":false},"author":2,"featured_media":1888,"comment_status":"open","ping_status":"open","sticky":false,"template":"","format":"standard","meta":{"om_disable_all_campaigns":false,"inline_featured_image":false,"_monsterinsights_skip_tracking":false,"footnotes":""},"categories":[1],"tags":[1033,806,686,1035,1032,1036,519,1034,988,1031,479],"class_list":["post-2110","post","type-post","status-publish","format-standard","has-post-thumbnail","hentry","category-allgemein","tag-i1","tag-i1pro2","tag-iso12647-7","tag-kalibrierung","tag-messtechnik","tag-profilierung","tag-proof","tag-pruefprotokoll","tag-spektralfotometer","tag-toleranzen","tag-x-rite","generate-columns","tablet-grid-50","mobile-grid-100","grid-parent","grid-50","no-featured-image-padding","resize-featured-image"],"aioseo_notices":[],"aioseo_head":"\n\t\t<!-- All in One SEO 5.0.1.1 - aioseo.com -->\n\t<meta name=\"description\" content=\"Unser Anspruch bei Proofs ist schon immer hoch. Wir m\u00f6chten innerhalb der H\u00e4lfte der zul\u00e4ssigen Toleranzen liegen. Und meistens schaffen wir das auch.\" \/>\n\t<meta name=\"robots\" content=\"max-image-preview:large\" \/>\n\t<meta name=\"author\" content=\"Matthias Betz\"\/>\n\t<meta name=\"google-site-verification\" content=\"TuXxyRwxcEg2-WfOaQ8vScWQh3-uBAnxXmY7g3GT90A\" \/>\n\t<meta name=\"keywords\" content=\"proof,iso12647-7,toleranzen,messtechnik,spektralfotometer,x-rite,i1,i1pro2,pr\u00fcfprotokoll,kalibrierung,profilierung,i1,i1pro2,iso12647-7,kalibrierung,messtechnik,profilierung,proof,pr\u00fcfprotokoll,spektralfotometer,toleranzen,x-rite\" \/>\n\t<link rel=\"canonical\" href=\"https:\/\/blog.proofs.de\/pl\/unsere-proofs-doppelt-gemessen-fuer-mehr-farbpraezision\/\" \/>\n\t<meta name=\"generator\" content=\"All in One SEO (AIOSEO) 5.0.1.1\" \/>\n\n\t\t<meta name=\"seobility\" content=\"593a8578143db71543f014978c690d47\">\n\t\t<meta property=\"og:locale\" content=\"pl_PL\" \/>\n\t\t<meta property=\"og:site_name\" content=\"Proof.de | Alles zu Proof, Farbmanagement, Grafik, Messtechnik &amp; Co.\" \/>\n\t\t<meta property=\"og:type\" content=\"article\" \/>\n\t\t<meta property=\"og:title\" content=\"Unser Proof: Doppelt gemessen f\u00fcr mehr Pr\u00e4zision | proof.de\" \/>\n\t\t<meta property=\"og:description\" content=\"Unser Anspruch bei Proofs ist schon immer hoch. Wir m\u00f6chten innerhalb der H\u00e4lfte der zul\u00e4ssigen Toleranzen liegen. Und meistens schaffen wir das auch.\" \/>\n\t\t<meta property=\"og:url\" content=\"https:\/\/blog.proofs.de\/pl\/unsere-proofs-doppelt-gemessen-fuer-mehr-farbpraezision\/\" \/>\n\t\t<meta property=\"og:image\" content=\"https:\/\/blog.proofs.de\/wp-content\/uploads\/2017\/04\/proof_de_medienkeil_mediawedge_ISO-12647-7_vs_ISO-DIS_12647-7_2016.jpg\" \/>\n\t\t<meta property=\"og:image:secure_url\" content=\"https:\/\/blog.proofs.de\/wp-content\/uploads\/2017\/04\/proof_de_medienkeil_mediawedge_ISO-12647-7_vs_ISO-DIS_12647-7_2016.jpg\" \/>\n\t\t<meta property=\"og:image:width\" content=\"2400\" \/>\n\t\t<meta property=\"og:image:height\" content=\"1100\" \/>\n\t\t<meta property=\"article:published_time\" content=\"2019-04-15T22:17:32+00:00\" \/>\n\t\t<meta property=\"article:modified_time\" content=\"2020-05-08T00:26:06+00:00\" \/>\n\t\t<meta property=\"article:publisher\" content=\"https:\/\/www.facebook.com\/Proof.de\/\" \/>\n\t\t<meta name=\"twitter:card\" content=\"summary\" \/>\n\t\t<meta name=\"twitter:title\" content=\"Unser Proof: Doppelt gemessen f\u00fcr mehr Pr\u00e4zision | proof.de\" \/>\n\t\t<meta name=\"twitter:description\" content=\"Unser Anspruch bei Proofs ist schon immer hoch. Wir m\u00f6chten innerhalb der H\u00e4lfte der zul\u00e4ssigen Toleranzen liegen. Und meistens schaffen wir das auch.\" \/>\n\t\t<meta name=\"twitter:image\" content=\"https:\/\/blog1.proofen.de\/wp-content\/uploads\/2020\/04\/proof_background.jpg\" \/>\n\t\t<script type=\"application\/ld+json\" class=\"aioseo-schema\">\n\t\t\t{\"@context\":\"https:\\\/\\\/schema.org\",\"@graph\":[{\"@type\":\"Article\",\"@id\":\"https:\\\/\\\/blog.proofs.de\\\/pl\\\/unsere-proofs-doppelt-gemessen-fuer-mehr-farbpraezision\\\/#article\",\"name\":\"Unser Proof: Doppelt gemessen f\\u00fcr mehr Pr\\u00e4zision | proof.de\",\"headline\":\"Unsere Proofs: Doppelt gemessen f\\u00fcr mehr Farbpr\\u00e4zision\",\"author\":{\"@id\":\"https:\\\/\\\/blog.proofs.de\\\/pl\\\/author\\\/mbetz\\\/#author\"},\"publisher\":{\"@id\":\"https:\\\/\\\/blog.proofs.de\\\/pl\\\/#organization\"},\"image\":{\"@type\":\"ImageObject\",\"url\":\"https:\\\/\\\/blog.proofs.de\\\/wp-content\\\/uploads\\\/2017\\\/04\\\/proof_de_medienkeil_mediawedge_ISO-12647-7_vs_ISO-DIS_12647-7_2016.jpg\",\"width\":2400,\"height\":1100,\"caption\":\"proof.de Medienkeil Mediawedge ISO 12647-7 vs. ISO\\\/DIS 12647-7:2016\"},\"datePublished\":\"2019-04-16T00:17:32+02:00\",\"dateModified\":\"2020-05-08T02:26:06+02:00\",\"inLanguage\":\"pl-PL\",\"mainEntityOfPage\":{\"@id\":\"https:\\\/\\\/blog.proofs.de\\\/pl\\\/unsere-proofs-doppelt-gemessen-fuer-mehr-farbpraezision\\\/#webpage\"},\"isPartOf\":{\"@id\":\"https:\\\/\\\/blog.proofs.de\\\/pl\\\/unsere-proofs-doppelt-gemessen-fuer-mehr-farbpraezision\\\/#webpage\"},\"articleSection\":\"Allgemein, i1, I1Pro2, ISO12647-7, Kalibrierung, Messtechnik, Profilierung, Proof, Pr\\u00fcfprotokoll, Spektralfotometer, Toleranzen, X-Rite\"},{\"@type\":\"BreadcrumbList\",\"@id\":\"https:\\\/\\\/blog.proofs.de\\\/pl\\\/unsere-proofs-doppelt-gemessen-fuer-mehr-farbpraezision\\\/#breadcrumblist\",\"itemListElement\":[{\"@type\":\"ListItem\",\"@id\":\"https:\\\/\\\/blog.proofs.de\\\/pl#listItem\",\"position\":1,\"name\":\"Home\",\"item\":\"https:\\\/\\\/blog.proofs.de\\\/pl\",\"nextItem\":{\"@type\":\"ListItem\",\"@id\":\"https:\\\/\\\/blog.proofs.de\\\/pl\\\/thema\\\/allgemein\\\/#listItem\",\"name\":\"Allgemein\"}},{\"@type\":\"ListItem\",\"@id\":\"https:\\\/\\\/blog.proofs.de\\\/pl\\\/thema\\\/allgemein\\\/#listItem\",\"position\":2,\"name\":\"Allgemein\",\"item\":\"https:\\\/\\\/blog.proofs.de\\\/pl\\\/thema\\\/allgemein\\\/\",\"nextItem\":{\"@type\":\"ListItem\",\"@id\":\"https:\\\/\\\/blog.proofs.de\\\/pl\\\/unsere-proofs-doppelt-gemessen-fuer-mehr-farbpraezision\\\/#listItem\",\"name\":\"Unsere Proofs: Doppelt gemessen f\\u00fcr mehr Farbpr\\u00e4zision\"},\"previousItem\":{\"@type\":\"ListItem\",\"@id\":\"https:\\\/\\\/blog.proofs.de\\\/pl#listItem\",\"name\":\"Home\"}},{\"@type\":\"ListItem\",\"@id\":\"https:\\\/\\\/blog.proofs.de\\\/pl\\\/unsere-proofs-doppelt-gemessen-fuer-mehr-farbpraezision\\\/#listItem\",\"position\":3,\"name\":\"Unsere Proofs: Doppelt gemessen f\\u00fcr mehr Farbpr\\u00e4zision\",\"previousItem\":{\"@type\":\"ListItem\",\"@id\":\"https:\\\/\\\/blog.proofs.de\\\/pl\\\/thema\\\/allgemein\\\/#listItem\",\"name\":\"Allgemein\"}}]},{\"@type\":\"Organization\",\"@id\":\"https:\\\/\\\/blog.proofs.de\\\/pl\\\/#organization\",\"name\":\"Proof GmbH\",\"description\":\"Farbverbindlicher Proof, Farbproof, Digitalproof und Online-Proof.\",\"url\":\"https:\\\/\\\/blog.proofs.de\\\/pl\\\/\",\"telephone\":\"+4970717952740\",\"logo\":{\"@type\":\"ImageObject\",\"url\":\"https:\\\/\\\/blog1.proofen.de\\\/wp-content\\\/uploads\\\/2019\\\/09\\\/logo_proof_rgb_mit_balken_250px.png\",\"@id\":\"https:\\\/\\\/blog.proofs.de\\\/pl\\\/unsere-proofs-doppelt-gemessen-fuer-mehr-farbpraezision\\\/#organizationLogo\"},\"image\":{\"@id\":\"https:\\\/\\\/blog.proofs.de\\\/pl\\\/unsere-proofs-doppelt-gemessen-fuer-mehr-farbpraezision\\\/#organizationLogo\"},\"sameAs\":[\"https:\\\/\\\/www.facebook.com\\\/Proof.de\\\/\",\"https:\\\/\\\/www.instagram.com\\\/proof.de\\\/\",\"https:\\\/\\\/www.tiktok.com\\\/@proof_de\",\"https:\\\/\\\/www.youtube.com\\\/channel\\\/UCk80fQVQ25wC9wu3SywB-Nw\",\"https:\\\/\\\/www.linkedin.com\\\/company\\\/proof-de\"]},{\"@type\":\"Person\",\"@id\":\"https:\\\/\\\/blog.proofs.de\\\/pl\\\/author\\\/mbetz\\\/#author\",\"url\":\"https:\\\/\\\/blog.proofs.de\\\/pl\\\/author\\\/mbetz\\\/\",\"name\":\"Matthias Betz\",\"image\":{\"@type\":\"ImageObject\",\"@id\":\"https:\\\/\\\/blog.proofs.de\\\/pl\\\/unsere-proofs-doppelt-gemessen-fuer-mehr-farbpraezision\\\/#authorImage\",\"url\":\"https:\\\/\\\/blog.proofs.de\\\/wp-content\\\/uploads\\\/2020\\\/10\\\/matthias-betz-e1603934518350-150x150.png\",\"width\":96,\"height\":96,\"caption\":\"Matthias Betz\"}},{\"@type\":\"WebPage\",\"@id\":\"https:\\\/\\\/blog.proofs.de\\\/pl\\\/unsere-proofs-doppelt-gemessen-fuer-mehr-farbpraezision\\\/#webpage\",\"url\":\"https:\\\/\\\/blog.proofs.de\\\/pl\\\/unsere-proofs-doppelt-gemessen-fuer-mehr-farbpraezision\\\/\",\"name\":\"Unser Proof: Doppelt gemessen f\\u00fcr mehr Pr\\u00e4zision | proof.de\",\"description\":\"Unser Anspruch bei Proofs ist schon immer hoch. Wir m\\u00f6chten innerhalb der H\\u00e4lfte der zul\\u00e4ssigen Toleranzen liegen. Und meistens schaffen wir das auch.\",\"inLanguage\":\"pl-PL\",\"isPartOf\":{\"@id\":\"https:\\\/\\\/blog.proofs.de\\\/pl\\\/#website\"},\"breadcrumb\":{\"@id\":\"https:\\\/\\\/blog.proofs.de\\\/pl\\\/unsere-proofs-doppelt-gemessen-fuer-mehr-farbpraezision\\\/#breadcrumblist\"},\"author\":{\"@id\":\"https:\\\/\\\/blog.proofs.de\\\/pl\\\/author\\\/mbetz\\\/#author\"},\"creator\":{\"@id\":\"https:\\\/\\\/blog.proofs.de\\\/pl\\\/author\\\/mbetz\\\/#author\"},\"image\":{\"@type\":\"ImageObject\",\"url\":\"https:\\\/\\\/blog.proofs.de\\\/wp-content\\\/uploads\\\/2017\\\/04\\\/proof_de_medienkeil_mediawedge_ISO-12647-7_vs_ISO-DIS_12647-7_2016.jpg\",\"@id\":\"https:\\\/\\\/blog.proofs.de\\\/pl\\\/unsere-proofs-doppelt-gemessen-fuer-mehr-farbpraezision\\\/#mainImage\",\"width\":2400,\"height\":1100,\"caption\":\"proof.de Medienkeil Mediawedge ISO 12647-7 vs. ISO\\\/DIS 12647-7:2016\"},\"primaryImageOfPage\":{\"@id\":\"https:\\\/\\\/blog.proofs.de\\\/pl\\\/unsere-proofs-doppelt-gemessen-fuer-mehr-farbpraezision\\\/#mainImage\"},\"datePublished\":\"2019-04-16T00:17:32+02:00\",\"dateModified\":\"2020-05-08T02:26:06+02:00\"},{\"@type\":\"WebSite\",\"@id\":\"https:\\\/\\\/blog.proofs.de\\\/pl\\\/#website\",\"url\":\"https:\\\/\\\/blog.proofs.de\\\/pl\\\/\",\"name\":\"Proof.de\",\"description\":\"Farbverbindlicher Proof, Farbproof, Digitalproof und Online-Proof.\",\"inLanguage\":\"pl-PL\",\"publisher\":{\"@id\":\"https:\\\/\\\/blog.proofs.de\\\/pl\\\/#organization\"}}]}\n\t\t<\/script>\n\t\t<!-- All in One SEO -->\n\n","aioseo_head_json":{"title":"Nasz dow\u00f3d: zmierzony dwukrotnie dla wi\u0119kszej precyzji | proof.de","description":"Nasze standardy dotycz\u0105ce wydruk\u00f3w pr\u00f3bnych zawsze by\u0142y wysokie. Chcemy mie\u015bci\u0107 si\u0119 w po\u0142owie dopuszczalnych tolerancji. I zazwyczaj udaje nam si\u0119 to osi\u0105gn\u0105\u0107.","canonical_url":"https:\/\/blog.proofs.de\/pl\/unsere-proofs-doppelt-gemessen-fuer-mehr-farbpraezision\/","robots":"max-image-preview:large","keywords":"proof,iso12647-7,toleranzen,messtechnik,spektralfotometer,x-rite,i1,i1pro2,pr\u00fcfprotokoll,kalibrierung,profilierung,i1,i1pro2,iso12647-7,kalibrierung,messtechnik,profilierung,proof,pr\u00fcfprotokoll,spektralfotometer,toleranzen,x-rite","webmasterTools":{"google-site-verification":"TuXxyRwxcEg2-WfOaQ8vScWQh3-uBAnxXmY7g3GT90A","miscellaneous":"&lt;meta name=\"seobility\" content=\"593a8578143db71543f014978c690d47\"&gt;"},"schema":{"@context":"https:\/\/schema.org","@graph":[{"@type":"Article","@id":"https:\/\/blog.proofs.de\/pl\/unsere-proofs-doppelt-gemessen-fuer-mehr-farbpraezision\/#article","name":"Unser Proof: Doppelt gemessen f\u00fcr mehr Pr\u00e4zision | proof.de","headline":"Unsere Proofs: Doppelt gemessen f\u00fcr mehr Farbpr\u00e4zision","author":{"@id":"https:\/\/blog.proofs.de\/pl\/author\/mbetz\/#author"},"publisher":{"@id":"https:\/\/blog.proofs.de\/pl\/#organization"},"image":{"@type":"ImageObject","url":"https:\/\/blog.proofs.de\/wp-content\/uploads\/2017\/04\/proof_de_medienkeil_mediawedge_ISO-12647-7_vs_ISO-DIS_12647-7_2016.jpg","width":2400,"height":1100,"caption":"proof.de Medienkeil Mediawedge ISO 12647-7 vs. ISO\/DIS 12647-7:2016"},"datePublished":"2019-04-16T00:17:32+02:00","dateModified":"2020-05-08T02:26:06+02:00","inLanguage":"pl-PL","mainEntityOfPage":{"@id":"https:\/\/blog.proofs.de\/pl\/unsere-proofs-doppelt-gemessen-fuer-mehr-farbpraezision\/#webpage"},"isPartOf":{"@id":"https:\/\/blog.proofs.de\/pl\/unsere-proofs-doppelt-gemessen-fuer-mehr-farbpraezision\/#webpage"},"articleSection":"Allgemein, i1, I1Pro2, ISO12647-7, Kalibrierung, Messtechnik, Profilierung, Proof, Pr\u00fcfprotokoll, Spektralfotometer, Toleranzen, X-Rite"},{"@type":"BreadcrumbList","@id":"https:\/\/blog.proofs.de\/pl\/unsere-proofs-doppelt-gemessen-fuer-mehr-farbpraezision\/#breadcrumblist","itemListElement":[{"@type":"ListItem","@id":"https:\/\/blog.proofs.de\/pl#listItem","position":1,"name":"Home","item":"https:\/\/blog.proofs.de\/pl","nextItem":{"@type":"ListItem","@id":"https:\/\/blog.proofs.de\/pl\/thema\/allgemein\/#listItem","name":"Allgemein"}},{"@type":"ListItem","@id":"https:\/\/blog.proofs.de\/pl\/thema\/allgemein\/#listItem","position":2,"name":"Allgemein","item":"https:\/\/blog.proofs.de\/pl\/thema\/allgemein\/","nextItem":{"@type":"ListItem","@id":"https:\/\/blog.proofs.de\/pl\/unsere-proofs-doppelt-gemessen-fuer-mehr-farbpraezision\/#listItem","name":"Unsere Proofs: Doppelt gemessen f\u00fcr mehr Farbpr\u00e4zision"},"previousItem":{"@type":"ListItem","@id":"https:\/\/blog.proofs.de\/pl#listItem","name":"Home"}},{"@type":"ListItem","@id":"https:\/\/blog.proofs.de\/pl\/unsere-proofs-doppelt-gemessen-fuer-mehr-farbpraezision\/#listItem","position":3,"name":"Unsere Proofs: Doppelt gemessen f\u00fcr mehr Farbpr\u00e4zision","previousItem":{"@type":"ListItem","@id":"https:\/\/blog.proofs.de\/pl\/thema\/allgemein\/#listItem","name":"Allgemein"}}]},{"@type":"Organization","@id":"https:\/\/blog.proofs.de\/pl\/#organization","name":"Proof GmbH","description":"Farbverbindlicher Proof, Farbproof, Digitalproof und Online-Proof.","url":"https:\/\/blog.proofs.de\/pl\/","telephone":"+4970717952740","logo":{"@type":"ImageObject","url":"https:\/\/blog1.proofen.de\/wp-content\/uploads\/2019\/09\/logo_proof_rgb_mit_balken_250px.png","@id":"https:\/\/blog.proofs.de\/pl\/unsere-proofs-doppelt-gemessen-fuer-mehr-farbpraezision\/#organizationLogo"},"image":{"@id":"https:\/\/blog.proofs.de\/pl\/unsere-proofs-doppelt-gemessen-fuer-mehr-farbpraezision\/#organizationLogo"},"sameAs":["https:\/\/www.facebook.com\/Proof.de\/","https:\/\/www.instagram.com\/proof.de\/","https:\/\/www.tiktok.com\/@proof_de","https:\/\/www.youtube.com\/channel\/UCk80fQVQ25wC9wu3SywB-Nw","https:\/\/www.linkedin.com\/company\/proof-de"]},{"@type":"Person","@id":"https:\/\/blog.proofs.de\/pl\/author\/mbetz\/#author","url":"https:\/\/blog.proofs.de\/pl\/author\/mbetz\/","name":"Matthias Betz","image":{"@type":"ImageObject","@id":"https:\/\/blog.proofs.de\/pl\/unsere-proofs-doppelt-gemessen-fuer-mehr-farbpraezision\/#authorImage","url":"https:\/\/blog.proofs.de\/wp-content\/uploads\/2020\/10\/matthias-betz-e1603934518350-150x150.png","width":96,"height":96,"caption":"Matthias Betz"}},{"@type":"WebPage","@id":"https:\/\/blog.proofs.de\/pl\/unsere-proofs-doppelt-gemessen-fuer-mehr-farbpraezision\/#webpage","url":"https:\/\/blog.proofs.de\/pl\/unsere-proofs-doppelt-gemessen-fuer-mehr-farbpraezision\/","name":"Unser Proof: Doppelt gemessen f\u00fcr mehr Pr\u00e4zision | proof.de","description":"Unser Anspruch bei Proofs ist schon immer hoch. Wir m\u00f6chten innerhalb der H\u00e4lfte der zul\u00e4ssigen Toleranzen liegen. Und meistens schaffen wir das auch.","inLanguage":"pl-PL","isPartOf":{"@id":"https:\/\/blog.proofs.de\/pl\/#website"},"breadcrumb":{"@id":"https:\/\/blog.proofs.de\/pl\/unsere-proofs-doppelt-gemessen-fuer-mehr-farbpraezision\/#breadcrumblist"},"author":{"@id":"https:\/\/blog.proofs.de\/pl\/author\/mbetz\/#author"},"creator":{"@id":"https:\/\/blog.proofs.de\/pl\/author\/mbetz\/#author"},"image":{"@type":"ImageObject","url":"https:\/\/blog.proofs.de\/wp-content\/uploads\/2017\/04\/proof_de_medienkeil_mediawedge_ISO-12647-7_vs_ISO-DIS_12647-7_2016.jpg","@id":"https:\/\/blog.proofs.de\/pl\/unsere-proofs-doppelt-gemessen-fuer-mehr-farbpraezision\/#mainImage","width":2400,"height":1100,"caption":"proof.de Medienkeil Mediawedge ISO 12647-7 vs. ISO\/DIS 12647-7:2016"},"primaryImageOfPage":{"@id":"https:\/\/blog.proofs.de\/pl\/unsere-proofs-doppelt-gemessen-fuer-mehr-farbpraezision\/#mainImage"},"datePublished":"2019-04-16T00:17:32+02:00","dateModified":"2020-05-08T02:26:06+02:00"},{"@type":"WebSite","@id":"https:\/\/blog.proofs.de\/pl\/#website","url":"https:\/\/blog.proofs.de\/pl\/","name":"Proof.de","description":"Farbverbindlicher Proof, Farbproof, Digitalproof und Online-Proof.","inLanguage":"pl-PL","publisher":{"@id":"https:\/\/blog.proofs.de\/pl\/#organization"}}]},"og:locale":"pl_PL","og:site_name":"Proof.de | Alles zu Proof, Farbmanagement, Grafik, Messtechnik &amp; Co.","og:type":"article","og:title":"Unser Proof: Doppelt gemessen f\u00fcr mehr Pr\u00e4zision | proof.de","og:description":"Unser Anspruch bei Proofs ist schon immer hoch. Wir m\u00f6chten innerhalb der H\u00e4lfte der zul\u00e4ssigen Toleranzen liegen. Und meistens schaffen wir das auch.","og:url":"https:\/\/blog.proofs.de\/pl\/unsere-proofs-doppelt-gemessen-fuer-mehr-farbpraezision\/","og:image":"https:\/\/blog.proofs.de\/wp-content\/uploads\/2017\/04\/proof_de_medienkeil_mediawedge_ISO-12647-7_vs_ISO-DIS_12647-7_2016.jpg","og:image:secure_url":"https:\/\/blog.proofs.de\/wp-content\/uploads\/2017\/04\/proof_de_medienkeil_mediawedge_ISO-12647-7_vs_ISO-DIS_12647-7_2016.jpg","og:image:width":2400,"og:image:height":1100,"article:published_time":"2019-04-15T22:17:32+00:00","article:modified_time":"2020-05-08T00:26:06+00:00","article:publisher":"https:\/\/www.facebook.com\/Proof.de\/","twitter:card":"summary","twitter:title":"Unser Proof: Doppelt gemessen f\u00fcr mehr Pr\u00e4zision | proof.de","twitter:description":"Unser Anspruch bei Proofs ist schon immer hoch. Wir m\u00f6chten innerhalb der H\u00e4lfte der zul\u00e4ssigen Toleranzen liegen. Und meistens schaffen wir das auch.","twitter:image":"https:\/\/blog1.proofen.de\/wp-content\/uploads\/2020\/04\/proof_background.jpg"},"aioseo_meta_data":{"post_id":"2110","title":"Nasza weryfikacja: podw\u00f3jny pomiar dla wi\u0119kszej precyzji | proof.de","description":"Nasze standardy dotycz\u0105ce wydruk\u00f3w pr\u00f3bnych zawsze by\u0142y wysokie. Chcemy mie\u015bci\u0107 si\u0119 w po\u0142owie dopuszczalnych tolerancji. I zazwyczaj udaje nam si\u0119 to osi\u0105gn\u0105\u0107.","keywords":[{"label":"Proof,ISO12647-7,Toleranzen,Messtechnik,Spektralfotometer,X-Rite,i1,i1Pro2,Pr\u00fcfprotokoll,Kalibrierung,Profilierung","value":"Proof,ISO12647-7,Toleranzen,Messtechnik,Spektralfotometer,X-Rite,i1,i1Pro2,Pr\u00fcfprotokoll,Kalibrierung,Profilierung"}],"keyphrases":null,"primary_term":null,"canonical_url":null,"og_title":null,"og_description":null,"og_object_type":"default","og_image_type":"default","og_image_url":null,"og_image_width":null,"og_image_height":null,"og_image_custom_url":null,"og_image_custom_fields":null,"og_video":null,"og_custom_url":null,"og_article_section":null,"og_article_tags":null,"twitter_use_og":false,"twitter_card":"default","twitter_image_type":"default","twitter_image_url":null,"twitter_image_custom_url":null,"twitter_image_custom_fields":null,"twitter_title":null,"twitter_description":null,"schema":{"blockGraphs":[],"customGraphs":[],"default":{"data":{"Article":[],"Course":[],"Dataset":[],"FAQPage":[],"Movie":[],"Person":[],"Product":[],"ProductReview":[],"Car":[],"Recipe":[],"Service":[],"SoftwareApplication":[],"WebPage":[]},"graphName":"","isEnabled":true},"graphs":[],"defaultGraph":"","defaultPostTypeGraph":""},"schema_type":null,"schema_type_options":null,"pillar_content":false,"robots_default":true,"robots_noindex":false,"robots_noarchive":false,"robots_nosnippet":false,"robots_nofollow":false,"robots_noimageindex":false,"robots_noodp":false,"robots_notranslate":false,"robots_max_snippet":null,"robots_max_videopreview":null,"robots_max_imagepreview":"large","priority":null,"frequency":null,"local_seo":null,"breadcrumb_settings":null,"limit_modified_date":false,"ai":null,"created":"2020-12-21 00:35:00","updated":"2025-06-04 14:24:05","seo_analyzer_scan_date":null,"focus_keyword":null,"additional_keywords":null,"truseo_locale":null},"_links":{"self":[{"href":"https:\/\/blog.proofs.de\/pl\/wp-json\/wp\/v2\/posts\/2110","targetHints":{"allow":["GET"]}}],"collection":[{"href":"https:\/\/blog.proofs.de\/pl\/wp-json\/wp\/v2\/posts"}],"about":[{"href":"https:\/\/blog.proofs.de\/pl\/wp-json\/wp\/v2\/types\/post"}],"author":[{"embeddable":true,"href":"https:\/\/blog.proofs.de\/pl\/wp-json\/wp\/v2\/users\/2"}],"replies":[{"embeddable":true,"href":"https:\/\/blog.proofs.de\/pl\/wp-json\/wp\/v2\/comments?post=2110"}],"version-history":[{"count":3,"href":"https:\/\/blog.proofs.de\/pl\/wp-json\/wp\/v2\/posts\/2110\/revisions"}],"predecessor-version":[{"id":2113,"href":"https:\/\/blog.proofs.de\/pl\/wp-json\/wp\/v2\/posts\/2110\/revisions\/2113"}],"wp:featuredmedia":[{"embeddable":true,"href":"https:\/\/blog.proofs.de\/pl\/wp-json\/wp\/v2\/media\/1888"}],"wp:attachment":[{"href":"https:\/\/blog.proofs.de\/pl\/wp-json\/wp\/v2\/media?parent=2110"}],"wp:term":[{"taxonomy":"category","embeddable":true,"href":"https:\/\/blog.proofs.de\/pl\/wp-json\/wp\/v2\/categories?post=2110"},{"taxonomy":"post_tag","embeddable":true,"href":"https:\/\/blog.proofs.de\/pl\/wp-json\/wp\/v2\/tags?post=2110"}],"curies":[{"name":"wp","href":"https:\/\/api.w.org\/{rel}","templated":true}]}}