{"id":659,"date":"2013-12-04T17:57:50","date_gmt":"2013-12-04T16:57:50","guid":{"rendered":"http:\/\/www.proof.de\/?p=659"},"modified":"2022-06-13T10:40:03","modified_gmt":"2022-06-13T08:40:03","slug":"shop-proof-nowe-opakowanie-dla-proofow-w-malym-formacie","status":"publish","type":"post","link":"https:\/\/blog.proofs.de\/pl\/shop-proof-de-neue-verpackung-fuer-kleinformatige-proofs\/","title":{"rendered":"shop.proof.de - Nowe opakowanie dla ma\u0142oformatowych wydruk\u00f3w pr\u00f3bnych"},"content":{"rendered":"<div class=\"kk-star-ratings kksr-auto kksr-align-right kksr-valign-top\" data-payload='{\"align\":\"right\",\"id\":\"659\",\"slug\":\"default\",\"valign\":\"top\",\"ignore\":\"\",\"reference\":\"auto\",\"class\":\"\",\"count\":\"0\",\"legendonly\":\"\",\"readonly\":\"\",\"score\":\"0\",\"starsonly\":\"\",\"best\":\"5\",\"gap\":\"5\",\"greet\":\"Jetzt bewerten\",\"legend\":\"0\\\/5 - (0 votes)\",\"size\":\"24\",\"title\":\"shop.proof.de &ndash; Neue Verpackung f&uuml;r kleinformatige Proofs\",\"width\":\"0\",\"_legend\":\"{score}\\\/{best} - ({count} {votes})\",\"font_factor\":\"1.25\"}'>\n            \n<div class=\"kksr-stars\">\n    \n<div class=\"kksr-stars-inactive\">\n            <div class=\"kksr-star\" data-star=\"1\" style=\"padding-right: 5px\">\n            \n\n<div class=\"kksr-icon\" style=\"width: 24px; height: 24px;\"><\/div>\n        <\/div>\n            <div class=\"kksr-star\" data-star=\"2\" style=\"padding-right: 5px\">\n            \n\n<div class=\"kksr-icon\" style=\"width: 24px; height: 24px;\"><\/div>\n        <\/div>\n            <div class=\"kksr-star\" data-star=\"3\" style=\"padding-right: 5px\">\n            \n\n<div class=\"kksr-icon\" style=\"width: 24px; height: 24px;\"><\/div>\n        <\/div>\n            <div class=\"kksr-star\" data-star=\"4\" style=\"padding-right: 5px\">\n            \n\n<div class=\"kksr-icon\" style=\"width: 24px; height: 24px;\"><\/div>\n        <\/div>\n            <div class=\"kksr-star\" data-star=\"5\" style=\"padding-right: 5px\">\n            \n\n<div class=\"kksr-icon\" style=\"width: 24px; height: 24px;\"><\/div>\n        <\/div>\n    <\/div>\n    \n<div class=\"kksr-stars-active\" style=\"width: 0px;\">\n            <div class=\"kksr-star\" style=\"padding-right: 5px\">\n            \n\n<div class=\"kksr-icon\" style=\"width: 24px; height: 24px;\"><\/div>\n        <\/div>\n            <div class=\"kksr-star\" style=\"padding-right: 5px\">\n            \n\n<div class=\"kksr-icon\" style=\"width: 24px; height: 24px;\"><\/div>\n        <\/div>\n            <div class=\"kksr-star\" style=\"padding-right: 5px\">\n            \n\n<div class=\"kksr-icon\" style=\"width: 24px; height: 24px;\"><\/div>\n        <\/div>\n            <div class=\"kksr-star\" style=\"padding-right: 5px\">\n            \n\n<div class=\"kksr-icon\" style=\"width: 24px; height: 24px;\"><\/div>\n        <\/div>\n            <div class=\"kksr-star\" style=\"padding-right: 5px\">\n            \n\n<div class=\"kksr-icon\" style=\"width: 24px; height: 24px;\"><\/div>\n        <\/div>\n    <\/div>\n<\/div>\n                \n\n<div class=\"kksr-legend\" style=\"font-size: 19.2px;\">\n            <span class=\"kksr-muted\">Prosz\u0119 oceni\u0107 teraz<\/span>\n    <\/div>\n    <\/div>\n\n<p class=\"wp-block-paragraph\">Sklep internetowy <a title=\"Sklep internetowy Proof\" href=\"http:\/\/shop.proof.de\" target=\"_blank\" rel=\"noopener noreferrer\">shop.proof.de<\/a> oferuje od zaraz now\u0105 ok\u0142adk\u0119 ochronn\u0105 dla <a href=\"https:\/\/blog.proofs.de\/pl\/lexikon\/proofs\/\" target=\"_self\" title=\"W sektorze poligraficznym odbitki pr\u00f3bne (lub wydruki testowe) odnosz\u0105 si\u0119 do dok\u0142adnej kolorystycznie i prawnie wi\u0105\u017c\u0105cej symulacji wyniku drukowania do cel\u00f3w kontrolnych. Norm\u0105 dotycz\u0105c\u0105 wydruk\u00f3w pr\u00f3bnych jest ISO 12647-7:2016, tj. aktualna wersja z 2016 roku.\" class=\"encyclopedia\">Dowody<\/a> w formacie do A4+.<\/p>\n\n\n\n<p class=\"wp-block-paragraph\">The <a href=\"https:\/\/blog.proofs.de\/pl\/lexikon\/proof\/\" target=\"_self\" title=\"Odbitka pr\u00f3bna to certyfikowane zgodnie z norm\u0105 ISO 12647-7 urz\u0105dzenie testuj\u0105ce dla bran\u017cy poligraficznej. Odbitka pr\u00f3bna symuluje kolorystyk\u0119 druku offsetowego lub wkl\u0119s\u0142ego w spos\u00f3b kolorystyczny i prawnie wi\u0105\u017c\u0105cy w ramach w\u0105skich tolerancji normy ISO.\" class=\"encyclopedia\">Dow\u00f3d<\/a>S\u0105 one pakowane, tak jak dotychczas, w foli\u0119 ochronn\u0105 z polietylenu, kt\u00f3ra chroni odbitki przede wszystkim przed wilgoci\u0105.<\/p>\n\n\n\n<p class=\"wp-block-paragraph\">Opr\u00f3cz folii ochronnej, proofy s\u0105 teraz chronione wysokiej jako\u015bci ok\u0142adk\u0105 ochronn\u0105 proof.de w dw\u00f3ch r\u00f3\u017cnych rozmiarach, w zale\u017cno\u015bci od formatu.<\/p>\n\n\n\n<p class=\"wp-block-paragraph\">Ok\u0142adka ochronna s\u0142u\u017cy nie tylko jako ochrona przed zagi\u0119ciami, ale mo\u017ce by\u0107 r\u00f3wnie\u017c wykorzystywana przez Pa\u0144stwa jako \u201etorebka na zlecenia\u201c. Na ok\u0142adce mo\u017cna umie\u015bci\u0107 nazw\u0119 klienta i projektu oraz aktualn\u0105 dat\u0119. Jest to szczeg\u00f3lnie praktyczne w przypadku archiwizacji lub dalszej wysy\u0142ki do drukarni.<\/p>\n\n\n\n<p class=\"wp-block-paragraph\">Wszystkie proofy, kt\u00f3re przekraczaj\u0105 format A4+, s\u0105 wysy\u0142ane jak zwykle w opakowaniu zabezpieczaj\u0105cym przed zagi\u0119ciem.<\/p>\n\n\n\n<figure class=\"wp-block-gallery has-nested-images columns-1 is-cropped wp-block-gallery-2 is-layout-flex wp-block-gallery-is-layout-flex\">\n<figure class=\"wp-block-image size-large\"><img loading=\"lazy\" decoding=\"async\" width=\"3390\" height=\"3296\" data-id=\"695\" src=\"https:\/\/blog1.proofen.de\/wp-content\/uploads\/2013\/12\/proof-de_schutzumschlag-e1638179412598.jpg\" alt=\"proof.de Ok\u0142adka ochronna do proof\u00f3w\/proof\u00f3w cyfrowych\" class=\"wp-image-695\" srcset=\"https:\/\/blog.proofs.de\/wp-content\/uploads\/2013\/12\/proof-de_schutzumschlag-e1638179412598.jpg 3390w, https:\/\/blog.proofs.de\/wp-content\/uploads\/2013\/12\/proof-de_schutzumschlag-e1638179412598-300x292.jpg 300w, https:\/\/blog.proofs.de\/wp-content\/uploads\/2013\/12\/proof-de_schutzumschlag-e1638179412598-1024x996.jpg 1024w, https:\/\/blog.proofs.de\/wp-content\/uploads\/2013\/12\/proof-de_schutzumschlag-e1638179412598-768x747.jpg 768w, https:\/\/blog.proofs.de\/wp-content\/uploads\/2013\/12\/proof-de_schutzumschlag-e1638179412598-1536x1493.jpg 1536w, https:\/\/blog.proofs.de\/wp-content\/uploads\/2013\/12\/proof-de_schutzumschlag-e1638179412598-2048x1991.jpg 2048w\" sizes=\"auto, (max-width: 3390px) 100vw, 3390px\"><\/figure>\n\n\n\n<figure class=\"wp-block-image size-large\"><img loading=\"lazy\" decoding=\"async\" width=\"3360\" height=\"3456\" data-id=\"694\" src=\"https:\/\/blog1.proofen.de\/wp-content\/uploads\/2013\/12\/proof-de_schutzumschlag_formate-e1638179348813.jpg\" alt=\"proof.de Ok\u0142adka ochronna dla dw\u00f3ch format\u00f3w do proof\u00f3w\/proof\u00f3w cyfrowych\" class=\"wp-image-694\" srcset=\"https:\/\/blog.proofs.de\/wp-content\/uploads\/2013\/12\/proof-de_schutzumschlag_formate-e1638179348813.jpg 3360w, https:\/\/blog.proofs.de\/wp-content\/uploads\/2013\/12\/proof-de_schutzumschlag_formate-e1638179348813-292x300.jpg 292w, https:\/\/blog.proofs.de\/wp-content\/uploads\/2013\/12\/proof-de_schutzumschlag_formate-e1638179348813-996x1024.jpg 996w, https:\/\/blog.proofs.de\/wp-content\/uploads\/2013\/12\/proof-de_schutzumschlag_formate-e1638179348813-768x790.jpg 768w, https:\/\/blog.proofs.de\/wp-content\/uploads\/2013\/12\/proof-de_schutzumschlag_formate-e1638179348813-1493x1536.jpg 1493w, https:\/\/blog.proofs.de\/wp-content\/uploads\/2013\/12\/proof-de_schutzumschlag_formate-e1638179348813-1991x2048.jpg 1991w\" sizes=\"auto, (max-width: 3360px) 100vw, 3360px\"><\/figure>\n\n\n\n<figure class=\"wp-block-image size-large\"><img loading=\"lazy\" decoding=\"async\" width=\"2911\" height=\"2744\" data-id=\"693\" src=\"https:\/\/blog1.proofen.de\/wp-content\/uploads\/2013\/12\/proof-de_schutzumschlag_fogracert-e1638179367760.jpg\" alt=\"proof.de Ok\u0142adka ochronna z certyfikatem FograCert\" class=\"wp-image-693\" srcset=\"https:\/\/blog.proofs.de\/wp-content\/uploads\/2013\/12\/proof-de_schutzumschlag_fogracert-e1638179367760.jpg 2911w, https:\/\/blog.proofs.de\/wp-content\/uploads\/2013\/12\/proof-de_schutzumschlag_fogracert-e1638179367760-300x283.jpg 300w, https:\/\/blog.proofs.de\/wp-content\/uploads\/2013\/12\/proof-de_schutzumschlag_fogracert-e1638179367760-1024x965.jpg 1024w, https:\/\/blog.proofs.de\/wp-content\/uploads\/2013\/12\/proof-de_schutzumschlag_fogracert-e1638179367760-768x724.jpg 768w, https:\/\/blog.proofs.de\/wp-content\/uploads\/2013\/12\/proof-de_schutzumschlag_fogracert-e1638179367760-1536x1448.jpg 1536w, https:\/\/blog.proofs.de\/wp-content\/uploads\/2013\/12\/proof-de_schutzumschlag_fogracert-e1638179367760-2048x1931.jpg 2048w\" sizes=\"auto, (max-width: 2911px) 100vw, 2911px\"><\/figure>\n\n\n\n<figure class=\"wp-block-image size-large\"><img loading=\"lazy\" decoding=\"async\" width=\"3360\" height=\"3456\" data-id=\"692\" src=\"https:\/\/blog1.proofen.de\/wp-content\/uploads\/2013\/12\/proof-de_kundendaten-e1638179389516.jpg\" alt=\"proof.de Ok\u0142adka ochronna z mo\u017cliwo\u015bci\u0105 umieszczenia adnotacji\" class=\"wp-image-692\" srcset=\"https:\/\/blog.proofs.de\/wp-content\/uploads\/2013\/12\/proof-de_kundendaten-e1638179389516.jpg 3360w, https:\/\/blog.proofs.de\/wp-content\/uploads\/2013\/12\/proof-de_kundendaten-e1638179389516-292x300.jpg 292w, https:\/\/blog.proofs.de\/wp-content\/uploads\/2013\/12\/proof-de_kundendaten-e1638179389516-996x1024.jpg 996w, https:\/\/blog.proofs.de\/wp-content\/uploads\/2013\/12\/proof-de_kundendaten-e1638179389516-768x790.jpg 768w, https:\/\/blog.proofs.de\/wp-content\/uploads\/2013\/12\/proof-de_kundendaten-e1638179389516-1493x1536.jpg 1493w, https:\/\/blog.proofs.de\/wp-content\/uploads\/2013\/12\/proof-de_kundendaten-e1638179389516-1991x2048.jpg 1991w\" sizes=\"auto, (max-width: 3360px) 100vw, 3360px\"><\/figure>\n\n\n\n<figure class=\"wp-block-image size-large\"><img loading=\"lazy\" decoding=\"async\" width=\"3000\" height=\"4398\" data-id=\"691\" src=\"https:\/\/blog1.proofen.de\/wp-content\/uploads\/2013\/12\/proof-de_filmschutzhuelle-e1638179291753.jpg\" alt=\"proof.de Pakowanie proofa\/dowodu cyfrowego\/dowodu cyfrowego w kopert\u0119 polietylenow\u0105\" class=\"wp-image-691\" srcset=\"https:\/\/blog.proofs.de\/wp-content\/uploads\/2013\/12\/proof-de_filmschutzhuelle-e1638179291753.jpg 3000w, https:\/\/blog.proofs.de\/wp-content\/uploads\/2013\/12\/proof-de_filmschutzhuelle-e1638179291753-205x300.jpg 205w, https:\/\/blog.proofs.de\/wp-content\/uploads\/2013\/12\/proof-de_filmschutzhuelle-e1638179291753-698x1024.jpg 698w, https:\/\/blog.proofs.de\/wp-content\/uploads\/2013\/12\/proof-de_filmschutzhuelle-e1638179291753-768x1126.jpg 768w, https:\/\/blog.proofs.de\/wp-content\/uploads\/2013\/12\/proof-de_filmschutzhuelle-e1638179291753-1048x1536.jpg 1048w, https:\/\/blog.proofs.de\/wp-content\/uploads\/2013\/12\/proof-de_filmschutzhuelle-e1638179291753-1397x2048.jpg 1397w\" sizes=\"auto, (max-width: 3000px) 100vw, 3000px\"><\/figure>\n\n\n\n<figure class=\"wp-block-image size-large\"><img loading=\"lazy\" decoding=\"async\" width=\"5054\" height=\"3456\" data-id=\"690\" src=\"https:\/\/blog1.proofen.de\/wp-content\/uploads\/2013\/12\/proof-de_filmschutzhuelle_schutzumschlag-e1638179316250.jpg\" alt=\"proof.de Pakowanie proofa \/ proofa cyfrowego \/ proofa kolorowego w ok\u0142adk\u0119 ochronn\u0105\" class=\"wp-image-690\" srcset=\"https:\/\/blog.proofs.de\/wp-content\/uploads\/2013\/12\/proof-de_filmschutzhuelle_schutzumschlag-e1638179316250.jpg 5054w, https:\/\/blog.proofs.de\/wp-content\/uploads\/2013\/12\/proof-de_filmschutzhuelle_schutzumschlag-e1638179316250-300x205.jpg 300w, https:\/\/blog.proofs.de\/wp-content\/uploads\/2013\/12\/proof-de_filmschutzhuelle_schutzumschlag-e1638179316250-1024x700.jpg 1024w, https:\/\/blog.proofs.de\/wp-content\/uploads\/2013\/12\/proof-de_filmschutzhuelle_schutzumschlag-e1638179316250-768x525.jpg 768w, https:\/\/blog.proofs.de\/wp-content\/uploads\/2013\/12\/proof-de_filmschutzhuelle_schutzumschlag-e1638179316250-1536x1050.jpg 1536w, https:\/\/blog.proofs.de\/wp-content\/uploads\/2013\/12\/proof-de_filmschutzhuelle_schutzumschlag-e1638179316250-2048x1400.jpg 2048w\" sizes=\"auto, (max-width: 5054px) 100vw, 5054px\"><\/figure>\n<\/figure>","protected":false},"excerpt":{"rendered":"<p>Sklep internetowy shop.proof.de oferuje teraz now\u0105 ok\u0142adk\u0119 ochronn\u0105 na wydruki pr\u00f3bne w formatach do A4+. Tak jak dotychczas, odbitki pr\u00f3bne s\u0105 pakowane w ochronny r\u0119kaw foliowy wykonany z polietylenu, kt\u00f3ry chroni odbitki pr\u00f3bne przede wszystkim przed wilgoci\u0105. Opr\u00f3cz r\u0119kawa foliowego, odbitki pr\u00f3bne s\u0105 teraz chronione przez wysokiej jako\u015bci kopert\u0119 ochronn\u0105 proof.de w dw\u00f3ch r\u00f3\u017cnych rozmiarach w zale\u017cno\u015bci od formatu. Koperta ochronna s\u0142u\u017cy jednak nie tylko jako ochrona przed zginaniem, ale mo\u017ce by\u0107 r\u00f3wnie\u017c u\u017cywana przez klienta jako \u201ekoperta zam\u00f3wienia\u201c. Na kopercie mo\u017cna umie\u015bci\u0107 etykiet\u0119 z nazw\u0105 klienta i projektu oraz aktualn\u0105 dat\u0105. Szczeg\u00f3lnie praktyczna do archiwizacji lub ... <\/p>\n<p class=\"read-more-container\"><a title=\"shop.proof.de - Nowe opakowanie dla ma\u0142oformatowych wydruk\u00f3w pr\u00f3bnych\" class=\"read-more button\" href=\"https:\/\/blog.proofs.de\/pl\/shop-proof-de-neue-verpackung-fuer-kleinformatige-proofs\/#more-659\" aria-label=\"Dowiedz si\u0119 wi\u0119cej o shop.proof.de - Nowe opakowanie dla proof\u00f3w ma\u0142oformatowych\">Czytaj wi\u0119cej<\/a><\/p>","protected":false},"author":2,"featured_media":690,"comment_status":"open","ping_status":"open","sticky":false,"template":"","format":"standard","meta":{"om_disable_all_campaigns":false,"inline_featured_image":false,"_monsterinsights_skip_tracking":false,"footnotes":""},"categories":[1,120],"tags":[206,519,205],"class_list":["post-659","post","type-post","status-publish","format-standard","has-post-thumbnail","hentry","category-allgemein","category-kategorie-proof-gmbh","tag-knickschutz","tag-proof","tag-schutzumschlag","generate-columns","tablet-grid-50","mobile-grid-100","grid-parent","grid-50","no-featured-image-padding","resize-featured-image"],"aioseo_notices":[],"aioseo_head":"\n\t\t<!-- All in One SEO 5.0.1.1 - aioseo.com -->\n\t<meta name=\"description\" content=\"shop.proof.de bietet kleinformatige Proofs bis Format A4+ ab sofort in neuem Schutzumschlag.\" \/>\n\t<meta name=\"robots\" content=\"max-image-preview:large\" \/>\n\t<meta name=\"author\" content=\"Matthias Betz\"\/>\n\t<meta name=\"google-site-verification\" content=\"TuXxyRwxcEg2-WfOaQ8vScWQh3-uBAnxXmY7g3GT90A\" \/>\n\t<meta name=\"keywords\" content=\"schutzumschlag,knickschutz,proof,,proof\" \/>\n\t<link rel=\"canonical\" href=\"https:\/\/blog.proofs.de\/pl\/shop-proof-de-neue-verpackung-fuer-kleinformatige-proofs\/\" \/>\n\t<meta name=\"generator\" content=\"All in One SEO (AIOSEO) 5.0.1.1\" \/>\n\n\t\t<meta name=\"seobility\" content=\"593a8578143db71543f014978c690d47\">\n\t\t<meta property=\"og:locale\" content=\"pl_PL\" \/>\n\t\t<meta property=\"og:site_name\" content=\"Proof.de | Alles zu Proof, Farbmanagement, Grafik, Messtechnik &amp; Co.\" \/>\n\t\t<meta property=\"og:type\" content=\"article\" \/>\n\t\t<meta property=\"og:title\" content=\"shop.proof.de \u2013 Neue Verpackung f\u00fcr Proofs | proof.de\" \/>\n\t\t<meta property=\"og:description\" content=\"shop.proof.de bietet kleinformatige Proofs bis Format A4+ ab sofort in neuem Schutzumschlag.\" \/>\n\t\t<meta property=\"og:url\" content=\"https:\/\/blog.proofs.de\/pl\/shop-proof-de-neue-verpackung-fuer-kleinformatige-proofs\/\" \/>\n\t\t<meta property=\"og:image\" content=\"https:\/\/blog.proofs.de\/wp-content\/uploads\/2013\/12\/proof-de_filmschutzhuelle_schutzumschlag-e1638179316250.jpg\" \/>\n\t\t<meta property=\"og:image:secure_url\" content=\"https:\/\/blog.proofs.de\/wp-content\/uploads\/2013\/12\/proof-de_filmschutzhuelle_schutzumschlag-e1638179316250.jpg\" \/>\n\t\t<meta property=\"og:image:width\" content=\"5054\" \/>\n\t\t<meta property=\"og:image:height\" content=\"3456\" \/>\n\t\t<meta property=\"article:published_time\" content=\"2013-12-04T16:57:50+00:00\" \/>\n\t\t<meta property=\"article:modified_time\" content=\"2022-06-13T08:40:03+00:00\" \/>\n\t\t<meta property=\"article:publisher\" content=\"https:\/\/www.facebook.com\/Proof.de\/\" \/>\n\t\t<meta name=\"twitter:card\" content=\"summary\" \/>\n\t\t<meta name=\"twitter:title\" content=\"shop.proof.de \u2013 Neue Verpackung f\u00fcr Proofs | proof.de\" \/>\n\t\t<meta name=\"twitter:description\" content=\"shop.proof.de bietet kleinformatige Proofs bis Format A4+ ab sofort in neuem Schutzumschlag.\" \/>\n\t\t<meta name=\"twitter:image\" content=\"https:\/\/blog1.proofen.de\/wp-content\/uploads\/2020\/04\/proof_background.jpg\" \/>\n\t\t<script type=\"application\/ld+json\" class=\"aioseo-schema\">\n\t\t\t{\"@context\":\"https:\\\/\\\/schema.org\",\"@graph\":[{\"@type\":\"Article\",\"@id\":\"https:\\\/\\\/blog.proofs.de\\\/pl\\\/shop-proof-de-neue-verpackung-fuer-kleinformatige-proofs\\\/#article\",\"name\":\"shop.proof.de \\u2013 Neue Verpackung f\\u00fcr Proofs | proof.de\",\"headline\":\"shop.proof.de \\u2013 Neue Verpackung f\\u00fcr kleinformatige Proofs\",\"author\":{\"@id\":\"https:\\\/\\\/blog.proofs.de\\\/pl\\\/author\\\/mbetz\\\/#author\"},\"publisher\":{\"@id\":\"https:\\\/\\\/blog.proofs.de\\\/pl\\\/#organization\"},\"image\":{\"@type\":\"ImageObject\",\"url\":\"https:\\\/\\\/blog.proofs.de\\\/wp-content\\\/uploads\\\/2013\\\/12\\\/proof-de_filmschutzhuelle_schutzumschlag-e1638179316250.jpg\",\"width\":5054,\"height\":3456,\"caption\":\"proof.de Verpacken eines Proofs \\\/ Digitalproofs \\\/ Farbproofs in einen Schutzumschlag\"},\"datePublished\":\"2013-12-04T17:57:50+01:00\",\"dateModified\":\"2022-06-13T10:40:03+02:00\",\"inLanguage\":\"pl-PL\",\"mainEntityOfPage\":{\"@id\":\"https:\\\/\\\/blog.proofs.de\\\/pl\\\/shop-proof-de-neue-verpackung-fuer-kleinformatige-proofs\\\/#webpage\"},\"isPartOf\":{\"@id\":\"https:\\\/\\\/blog.proofs.de\\\/pl\\\/shop-proof-de-neue-verpackung-fuer-kleinformatige-proofs\\\/#webpage\"},\"articleSection\":\"Allgemein, Proof GmbH, Knickschutz, Proof, Schutzumschlag\"},{\"@type\":\"BreadcrumbList\",\"@id\":\"https:\\\/\\\/blog.proofs.de\\\/pl\\\/shop-proof-de-neue-verpackung-fuer-kleinformatige-proofs\\\/#breadcrumblist\",\"itemListElement\":[{\"@type\":\"ListItem\",\"@id\":\"https:\\\/\\\/blog.proofs.de\\\/pl#listItem\",\"position\":1,\"name\":\"Home\",\"item\":\"https:\\\/\\\/blog.proofs.de\\\/pl\",\"nextItem\":{\"@type\":\"ListItem\",\"@id\":\"https:\\\/\\\/blog.proofs.de\\\/pl\\\/thema\\\/proof-wissen\\\/#listItem\",\"name\":\"Proof Wissen\"}},{\"@type\":\"ListItem\",\"@id\":\"https:\\\/\\\/blog.proofs.de\\\/pl\\\/thema\\\/proof-wissen\\\/#listItem\",\"position\":2,\"name\":\"Proof Wissen\",\"item\":\"https:\\\/\\\/blog.proofs.de\\\/pl\\\/thema\\\/proof-wissen\\\/\",\"nextItem\":{\"@type\":\"ListItem\",\"@id\":\"https:\\\/\\\/blog.proofs.de\\\/pl\\\/thema\\\/proof-wissen\\\/kategorie-proof-gmbh\\\/#listItem\",\"name\":\"Proof GmbH\"},\"previousItem\":{\"@type\":\"ListItem\",\"@id\":\"https:\\\/\\\/blog.proofs.de\\\/pl#listItem\",\"name\":\"Home\"}},{\"@type\":\"ListItem\",\"@id\":\"https:\\\/\\\/blog.proofs.de\\\/pl\\\/thema\\\/proof-wissen\\\/kategorie-proof-gmbh\\\/#listItem\",\"position\":3,\"name\":\"Proof GmbH\",\"item\":\"https:\\\/\\\/blog.proofs.de\\\/pl\\\/thema\\\/proof-wissen\\\/kategorie-proof-gmbh\\\/\",\"nextItem\":{\"@type\":\"ListItem\",\"@id\":\"https:\\\/\\\/blog.proofs.de\\\/pl\\\/shop-proof-de-neue-verpackung-fuer-kleinformatige-proofs\\\/#listItem\",\"name\":\"shop.proof.de \\u2013 Neue Verpackung f\\u00fcr kleinformatige Proofs\"},\"previousItem\":{\"@type\":\"ListItem\",\"@id\":\"https:\\\/\\\/blog.proofs.de\\\/pl\\\/thema\\\/proof-wissen\\\/#listItem\",\"name\":\"Proof Wissen\"}},{\"@type\":\"ListItem\",\"@id\":\"https:\\\/\\\/blog.proofs.de\\\/pl\\\/shop-proof-de-neue-verpackung-fuer-kleinformatige-proofs\\\/#listItem\",\"position\":4,\"name\":\"shop.proof.de \\u2013 Neue Verpackung f\\u00fcr kleinformatige Proofs\",\"previousItem\":{\"@type\":\"ListItem\",\"@id\":\"https:\\\/\\\/blog.proofs.de\\\/pl\\\/thema\\\/proof-wissen\\\/kategorie-proof-gmbh\\\/#listItem\",\"name\":\"Proof GmbH\"}}]},{\"@type\":\"Organization\",\"@id\":\"https:\\\/\\\/blog.proofs.de\\\/pl\\\/#organization\",\"name\":\"Proof GmbH\",\"description\":\"Farbverbindlicher Proof, Farbproof, Digitalproof und Online-Proof.\",\"url\":\"https:\\\/\\\/blog.proofs.de\\\/pl\\\/\",\"telephone\":\"+4970717952740\",\"logo\":{\"@type\":\"ImageObject\",\"url\":\"https:\\\/\\\/blog1.proofen.de\\\/wp-content\\\/uploads\\\/2019\\\/09\\\/logo_proof_rgb_mit_balken_250px.png\",\"@id\":\"https:\\\/\\\/blog.proofs.de\\\/pl\\\/shop-proof-de-neue-verpackung-fuer-kleinformatige-proofs\\\/#organizationLogo\"},\"image\":{\"@id\":\"https:\\\/\\\/blog.proofs.de\\\/pl\\\/shop-proof-de-neue-verpackung-fuer-kleinformatige-proofs\\\/#organizationLogo\"},\"sameAs\":[\"https:\\\/\\\/www.facebook.com\\\/Proof.de\\\/\",\"https:\\\/\\\/www.instagram.com\\\/proof.de\\\/\",\"https:\\\/\\\/www.tiktok.com\\\/@proof_de\",\"https:\\\/\\\/www.youtube.com\\\/channel\\\/UCk80fQVQ25wC9wu3SywB-Nw\",\"https:\\\/\\\/www.linkedin.com\\\/company\\\/proof-de\"]},{\"@type\":\"Person\",\"@id\":\"https:\\\/\\\/blog.proofs.de\\\/pl\\\/author\\\/mbetz\\\/#author\",\"url\":\"https:\\\/\\\/blog.proofs.de\\\/pl\\\/author\\\/mbetz\\\/\",\"name\":\"Matthias Betz\",\"image\":{\"@type\":\"ImageObject\",\"@id\":\"https:\\\/\\\/blog.proofs.de\\\/pl\\\/shop-proof-de-neue-verpackung-fuer-kleinformatige-proofs\\\/#authorImage\",\"url\":\"https:\\\/\\\/blog.proofs.de\\\/wp-content\\\/uploads\\\/2020\\\/10\\\/matthias-betz-e1603934518350-150x150.png\",\"width\":96,\"height\":96,\"caption\":\"Matthias Betz\"}},{\"@type\":\"WebPage\",\"@id\":\"https:\\\/\\\/blog.proofs.de\\\/pl\\\/shop-proof-de-neue-verpackung-fuer-kleinformatige-proofs\\\/#webpage\",\"url\":\"https:\\\/\\\/blog.proofs.de\\\/pl\\\/shop-proof-de-neue-verpackung-fuer-kleinformatige-proofs\\\/\",\"name\":\"shop.proof.de \\u2013 Neue Verpackung f\\u00fcr Proofs | proof.de\",\"description\":\"shop.proof.de bietet kleinformatige Proofs bis Format A4+ ab sofort in neuem Schutzumschlag.\",\"inLanguage\":\"pl-PL\",\"isPartOf\":{\"@id\":\"https:\\\/\\\/blog.proofs.de\\\/pl\\\/#website\"},\"breadcrumb\":{\"@id\":\"https:\\\/\\\/blog.proofs.de\\\/pl\\\/shop-proof-de-neue-verpackung-fuer-kleinformatige-proofs\\\/#breadcrumblist\"},\"author\":{\"@id\":\"https:\\\/\\\/blog.proofs.de\\\/pl\\\/author\\\/mbetz\\\/#author\"},\"creator\":{\"@id\":\"https:\\\/\\\/blog.proofs.de\\\/pl\\\/author\\\/mbetz\\\/#author\"},\"image\":{\"@type\":\"ImageObject\",\"url\":\"https:\\\/\\\/blog.proofs.de\\\/wp-content\\\/uploads\\\/2013\\\/12\\\/proof-de_filmschutzhuelle_schutzumschlag-e1638179316250.jpg\",\"@id\":\"https:\\\/\\\/blog.proofs.de\\\/pl\\\/shop-proof-de-neue-verpackung-fuer-kleinformatige-proofs\\\/#mainImage\",\"width\":5054,\"height\":3456,\"caption\":\"proof.de Verpacken eines Proofs \\\/ Digitalproofs \\\/ Farbproofs in einen Schutzumschlag\"},\"primaryImageOfPage\":{\"@id\":\"https:\\\/\\\/blog.proofs.de\\\/pl\\\/shop-proof-de-neue-verpackung-fuer-kleinformatige-proofs\\\/#mainImage\"},\"datePublished\":\"2013-12-04T17:57:50+01:00\",\"dateModified\":\"2022-06-13T10:40:03+02:00\"},{\"@type\":\"WebSite\",\"@id\":\"https:\\\/\\\/blog.proofs.de\\\/pl\\\/#website\",\"url\":\"https:\\\/\\\/blog.proofs.de\\\/pl\\\/\",\"name\":\"Proof.de\",\"description\":\"Farbverbindlicher Proof, Farbproof, Digitalproof und Online-Proof.\",\"inLanguage\":\"pl-PL\",\"publisher\":{\"@id\":\"https:\\\/\\\/blog.proofs.de\\\/pl\\\/#organization\"}}]}\n\t\t<\/script>\n\t\t<!-- All in One SEO -->\n\n","aioseo_head_json":{"title":"shop.proof.de \u2013 Nowe opakowanie dla proof\u00f3w | proof.de","description":"shop.proof.de oferuje od teraz ma\u0142e wydruki pr\u00f3bne do formatu A4+ w nowej ok\u0142adce ochronnej.","canonical_url":"https:\/\/blog.proofs.de\/pl\/shop-proof-de-neue-verpackung-fuer-kleinformatige-proofs\/","robots":"max-image-preview:large","keywords":"schutzumschlag,knickschutz,proof,,proof","webmasterTools":{"google-site-verification":"TuXxyRwxcEg2-WfOaQ8vScWQh3-uBAnxXmY7g3GT90A","miscellaneous":"&lt;meta name=\"seobility\" content=\"593a8578143db71543f014978c690d47\"&gt;"},"schema":{"@context":"https:\/\/schema.org","@graph":[{"@type":"Article","@id":"https:\/\/blog.proofs.de\/pl\/shop-proof-de-neue-verpackung-fuer-kleinformatige-proofs\/#article","name":"shop.proof.de \u2013 Neue Verpackung f\u00fcr Proofs | proof.de","headline":"shop.proof.de \u2013 Neue Verpackung f\u00fcr kleinformatige Proofs","author":{"@id":"https:\/\/blog.proofs.de\/pl\/author\/mbetz\/#author"},"publisher":{"@id":"https:\/\/blog.proofs.de\/pl\/#organization"},"image":{"@type":"ImageObject","url":"https:\/\/blog.proofs.de\/wp-content\/uploads\/2013\/12\/proof-de_filmschutzhuelle_schutzumschlag-e1638179316250.jpg","width":5054,"height":3456,"caption":"proof.de Verpacken eines Proofs \/ Digitalproofs \/ Farbproofs in einen Schutzumschlag"},"datePublished":"2013-12-04T17:57:50+01:00","dateModified":"2022-06-13T10:40:03+02:00","inLanguage":"pl-PL","mainEntityOfPage":{"@id":"https:\/\/blog.proofs.de\/pl\/shop-proof-de-neue-verpackung-fuer-kleinformatige-proofs\/#webpage"},"isPartOf":{"@id":"https:\/\/blog.proofs.de\/pl\/shop-proof-de-neue-verpackung-fuer-kleinformatige-proofs\/#webpage"},"articleSection":"Allgemein, Proof GmbH, Knickschutz, Proof, Schutzumschlag"},{"@type":"BreadcrumbList","@id":"https:\/\/blog.proofs.de\/pl\/shop-proof-de-neue-verpackung-fuer-kleinformatige-proofs\/#breadcrumblist","itemListElement":[{"@type":"ListItem","@id":"https:\/\/blog.proofs.de\/pl#listItem","position":1,"name":"Home","item":"https:\/\/blog.proofs.de\/pl","nextItem":{"@type":"ListItem","@id":"https:\/\/blog.proofs.de\/pl\/thema\/proof-wissen\/#listItem","name":"Proof Wissen"}},{"@type":"ListItem","@id":"https:\/\/blog.proofs.de\/pl\/thema\/proof-wissen\/#listItem","position":2,"name":"Proof Wissen","item":"https:\/\/blog.proofs.de\/pl\/thema\/proof-wissen\/","nextItem":{"@type":"ListItem","@id":"https:\/\/blog.proofs.de\/pl\/thema\/proof-wissen\/kategorie-proof-gmbh\/#listItem","name":"Proof GmbH"},"previousItem":{"@type":"ListItem","@id":"https:\/\/blog.proofs.de\/pl#listItem","name":"Home"}},{"@type":"ListItem","@id":"https:\/\/blog.proofs.de\/pl\/thema\/proof-wissen\/kategorie-proof-gmbh\/#listItem","position":3,"name":"Proof GmbH","item":"https:\/\/blog.proofs.de\/pl\/thema\/proof-wissen\/kategorie-proof-gmbh\/","nextItem":{"@type":"ListItem","@id":"https:\/\/blog.proofs.de\/pl\/shop-proof-de-neue-verpackung-fuer-kleinformatige-proofs\/#listItem","name":"shop.proof.de \u2013 Neue Verpackung f\u00fcr kleinformatige Proofs"},"previousItem":{"@type":"ListItem","@id":"https:\/\/blog.proofs.de\/pl\/thema\/proof-wissen\/#listItem","name":"Proof Wissen"}},{"@type":"ListItem","@id":"https:\/\/blog.proofs.de\/pl\/shop-proof-de-neue-verpackung-fuer-kleinformatige-proofs\/#listItem","position":4,"name":"shop.proof.de \u2013 Neue Verpackung f\u00fcr kleinformatige Proofs","previousItem":{"@type":"ListItem","@id":"https:\/\/blog.proofs.de\/pl\/thema\/proof-wissen\/kategorie-proof-gmbh\/#listItem","name":"Proof GmbH"}}]},{"@type":"Organization","@id":"https:\/\/blog.proofs.de\/pl\/#organization","name":"Proof GmbH","description":"Farbverbindlicher Proof, Farbproof, Digitalproof und Online-Proof.","url":"https:\/\/blog.proofs.de\/pl\/","telephone":"+4970717952740","logo":{"@type":"ImageObject","url":"https:\/\/blog1.proofen.de\/wp-content\/uploads\/2019\/09\/logo_proof_rgb_mit_balken_250px.png","@id":"https:\/\/blog.proofs.de\/pl\/shop-proof-de-neue-verpackung-fuer-kleinformatige-proofs\/#organizationLogo"},"image":{"@id":"https:\/\/blog.proofs.de\/pl\/shop-proof-de-neue-verpackung-fuer-kleinformatige-proofs\/#organizationLogo"},"sameAs":["https:\/\/www.facebook.com\/Proof.de\/","https:\/\/www.instagram.com\/proof.de\/","https:\/\/www.tiktok.com\/@proof_de","https:\/\/www.youtube.com\/channel\/UCk80fQVQ25wC9wu3SywB-Nw","https:\/\/www.linkedin.com\/company\/proof-de"]},{"@type":"Person","@id":"https:\/\/blog.proofs.de\/pl\/author\/mbetz\/#author","url":"https:\/\/blog.proofs.de\/pl\/author\/mbetz\/","name":"Matthias Betz","image":{"@type":"ImageObject","@id":"https:\/\/blog.proofs.de\/pl\/shop-proof-de-neue-verpackung-fuer-kleinformatige-proofs\/#authorImage","url":"https:\/\/blog.proofs.de\/wp-content\/uploads\/2020\/10\/matthias-betz-e1603934518350-150x150.png","width":96,"height":96,"caption":"Matthias Betz"}},{"@type":"WebPage","@id":"https:\/\/blog.proofs.de\/pl\/shop-proof-de-neue-verpackung-fuer-kleinformatige-proofs\/#webpage","url":"https:\/\/blog.proofs.de\/pl\/shop-proof-de-neue-verpackung-fuer-kleinformatige-proofs\/","name":"shop.proof.de \u2013 Neue Verpackung f\u00fcr Proofs | proof.de","description":"shop.proof.de bietet kleinformatige Proofs bis Format A4+ ab sofort in neuem Schutzumschlag.","inLanguage":"pl-PL","isPartOf":{"@id":"https:\/\/blog.proofs.de\/pl\/#website"},"breadcrumb":{"@id":"https:\/\/blog.proofs.de\/pl\/shop-proof-de-neue-verpackung-fuer-kleinformatige-proofs\/#breadcrumblist"},"author":{"@id":"https:\/\/blog.proofs.de\/pl\/author\/mbetz\/#author"},"creator":{"@id":"https:\/\/blog.proofs.de\/pl\/author\/mbetz\/#author"},"image":{"@type":"ImageObject","url":"https:\/\/blog.proofs.de\/wp-content\/uploads\/2013\/12\/proof-de_filmschutzhuelle_schutzumschlag-e1638179316250.jpg","@id":"https:\/\/blog.proofs.de\/pl\/shop-proof-de-neue-verpackung-fuer-kleinformatige-proofs\/#mainImage","width":5054,"height":3456,"caption":"proof.de Verpacken eines Proofs \/ Digitalproofs \/ Farbproofs in einen Schutzumschlag"},"primaryImageOfPage":{"@id":"https:\/\/blog.proofs.de\/pl\/shop-proof-de-neue-verpackung-fuer-kleinformatige-proofs\/#mainImage"},"datePublished":"2013-12-04T17:57:50+01:00","dateModified":"2022-06-13T10:40:03+02:00"},{"@type":"WebSite","@id":"https:\/\/blog.proofs.de\/pl\/#website","url":"https:\/\/blog.proofs.de\/pl\/","name":"Proof.de","description":"Farbverbindlicher Proof, Farbproof, Digitalproof und Online-Proof.","inLanguage":"pl-PL","publisher":{"@id":"https:\/\/blog.proofs.de\/pl\/#organization"}}]},"og:locale":"pl_PL","og:site_name":"Proof.de | Alles zu Proof, Farbmanagement, Grafik, Messtechnik &amp; Co.","og:type":"article","og:title":"shop.proof.de \u2013 Neue Verpackung f\u00fcr Proofs | proof.de","og:description":"shop.proof.de bietet kleinformatige Proofs bis Format A4+ ab sofort in neuem Schutzumschlag.","og:url":"https:\/\/blog.proofs.de\/pl\/shop-proof-de-neue-verpackung-fuer-kleinformatige-proofs\/","og:image":"https:\/\/blog.proofs.de\/wp-content\/uploads\/2013\/12\/proof-de_filmschutzhuelle_schutzumschlag-e1638179316250.jpg","og:image:secure_url":"https:\/\/blog.proofs.de\/wp-content\/uploads\/2013\/12\/proof-de_filmschutzhuelle_schutzumschlag-e1638179316250.jpg","og:image:width":5054,"og:image:height":3456,"article:published_time":"2013-12-04T16:57:50+00:00","article:modified_time":"2022-06-13T08:40:03+00:00","article:publisher":"https:\/\/www.facebook.com\/Proof.de\/","twitter:card":"summary","twitter:title":"shop.proof.de \u2013 Neue Verpackung f\u00fcr Proofs | proof.de","twitter:description":"shop.proof.de bietet kleinformatige Proofs bis Format A4+ ab sofort in neuem Schutzumschlag.","twitter:image":"https:\/\/blog1.proofen.de\/wp-content\/uploads\/2020\/04\/proof_background.jpg"},"aioseo_meta_data":{"post_id":"659","title":"shop.proof.de \u2013 Neue Verpackung f\u00fcr Proofs |\u00a0proof.de","description":"shop.proof.de oferuje od teraz ma\u0142e wydruki pr\u00f3bne do formatu A4+ w nowej ok\u0142adce ochronnej.","keywords":[{"label":"Schutzumschlag","value":"Schutzumschlag"},{"label":"Knickschutz","value":"Knickschutz"},{"label":"Proof,","value":"Proof,"}],"keyphrases":{"focus":{"keyphrase":"Schutzumschlag","score":80,"analysis":{"keyphraseInTitle":{"title":"Focus keyphrase in SEO title","description":"Focus keyphrase not found in SEO title.","score":3,"maxScore":9,"error":1},"keyphraseInDescription":{"title":"Focus keyphrase in meta description","description":"Focus keyphrase found in meta description.","score":9,"maxScore":9,"error":0},"keyphraseLength":{"title":"Focus keyphrase length","description":"Good job!","score":9,"maxScore":9,"error":0,"length":1},"keyphraseInURL":{"title":"Focus keyphrase in URL","description":"Focus keyphrase not found in the URL.","score":1,"maxScore":5,"error":1},"keyphraseInIntroduction":{"title":"Focus keyphrase in introduction","description":"Your Focus keyphrase appears in the first paragraph. Well done!","score":9,"maxScore":9,"error":0},"keyphraseInSubHeadings":[],"keyphraseInImageAlt":{"title":"Focus keyphrase in image alt attributes","description":"Focus keyphrase found in image alt attribute(s).","score":9,"maxScore":9,"error":0}}},"additional":[]},"primary_term":null,"canonical_url":null,"og_title":null,"og_description":null,"og_object_type":"default","og_image_type":"default","og_image_url":null,"og_image_width":null,"og_image_height":null,"og_image_custom_url":null,"og_image_custom_fields":null,"og_video":"","og_custom_url":null,"og_article_section":null,"og_article_tags":[],"twitter_use_og":false,"twitter_card":"default","twitter_image_type":"default","twitter_image_url":null,"twitter_image_custom_url":null,"twitter_image_custom_fields":null,"twitter_title":null,"twitter_description":null,"schema":{"blockGraphs":[],"customGraphs":[],"default":{"data":{"Article":[],"Course":[],"Dataset":[],"FAQPage":[],"Movie":[],"Person":[],"Product":[],"ProductReview":[],"Car":[],"Recipe":[],"Service":[],"SoftwareApplication":[],"WebPage":[]},"graphName":"","isEnabled":true},"graphs":[],"defaultGraph":"Article","defaultPostTypeGraph":""},"schema_type":"default","schema_type_options":"{\"article\":{\"articleType\":\"BlogPosting\"},\"course\":{\"name\":\"\",\"description\":\"\",\"provider\":\"\"},\"faq\":{\"pages\":[]},\"product\":{\"reviews\":[]},\"recipe\":{\"ingredients\":[],\"instructions\":[],\"keywords\":[]},\"software\":{\"reviews\":[],\"operatingSystems\":[]},\"webPage\":{\"webPageType\":\"WebPage\"}}","pillar_content":false,"robots_default":true,"robots_noindex":false,"robots_noarchive":false,"robots_nosnippet":false,"robots_nofollow":false,"robots_noimageindex":false,"robots_noodp":false,"robots_notranslate":false,"robots_max_snippet":"-1","robots_max_videopreview":"-1","robots_max_imagepreview":"large","priority":null,"frequency":"default","local_seo":null,"breadcrumb_settings":null,"limit_modified_date":false,"ai":null,"created":"2020-12-21 00:36:00","updated":"2025-06-04 14:13:58","seo_analyzer_scan_date":null,"focus_keyword":"Schutzumschlag","additional_keywords":null,"truseo_locale":null},"_links":{"self":[{"href":"https:\/\/blog.proofs.de\/pl\/wp-json\/wp\/v2\/posts\/659","targetHints":{"allow":["GET"]}}],"collection":[{"href":"https:\/\/blog.proofs.de\/pl\/wp-json\/wp\/v2\/posts"}],"about":[{"href":"https:\/\/blog.proofs.de\/pl\/wp-json\/wp\/v2\/types\/post"}],"author":[{"embeddable":true,"href":"https:\/\/blog.proofs.de\/pl\/wp-json\/wp\/v2\/users\/2"}],"replies":[{"embeddable":true,"href":"https:\/\/blog.proofs.de\/pl\/wp-json\/wp\/v2\/comments?post=659"}],"version-history":[{"count":26,"href":"https:\/\/blog.proofs.de\/pl\/wp-json\/wp\/v2\/posts\/659\/revisions"}],"predecessor-version":[{"id":4954,"href":"https:\/\/blog.proofs.de\/pl\/wp-json\/wp\/v2\/posts\/659\/revisions\/4954"}],"wp:featuredmedia":[{"embeddable":true,"href":"https:\/\/blog.proofs.de\/pl\/wp-json\/wp\/v2\/media\/690"}],"wp:attachment":[{"href":"https:\/\/blog.proofs.de\/pl\/wp-json\/wp\/v2\/media?parent=659"}],"wp:term":[{"taxonomy":"category","embeddable":true,"href":"https:\/\/blog.proofs.de\/pl\/wp-json\/wp\/v2\/categories?post=659"},{"taxonomy":"post_tag","embeddable":true,"href":"https:\/\/blog.proofs.de\/pl\/wp-json\/wp\/v2\/tags?post=659"}],"curies":[{"name":"wp","href":"https:\/\/api.w.org\/{rel}","templated":true}]}}